{"id":323,"date":"2025-01-16T10:11:48","date_gmt":"2025-01-16T13:11:48","guid":{"rendered":"https:\/\/modoviajeok.com.ar\/?p=323"},"modified":"2025-01-18T10:02:47","modified_gmt":"2025-01-18T13:02:47","slug":"festival-de-la-algarrobeada-en-cerro-colorado","status":"publish","type":"post","link":"https:\/\/modoviajeok.com.ar\/index.php\/2025\/01\/16\/festival-de-la-algarrobeada-en-cerro-colorado\/","title":{"rendered":"Festival de la Algarrobeada"},"content":{"rendered":"\n<h2 class=\"wp-block-heading\">Cerro Colorado. Viernes 24\/01 \u00a011:00 pm a 5:00 am<\/h2>\n\n\n\n<p>Fiesta en conmemoraci\u00f3n al trabajo de los pueblos originarios de la regi\u00f3n. Folclore, danzas, comidas t\u00edpicas, ferias de artesanos, talleres alusivos, degustaciones.<\/p>\n\n\n\n<p>En el camping comunal de la localidad de Cerro Colorado, C\u00f3rdoba.<\/p>\n\n\n\n<p>Entradas disponibles en la Comuna de Cerro Colorado.<\/p>\n","protected":false},"excerpt":{"rendered":"<p>Cerro Colorado. Viernes 24\/01 \u00a011:00 pm a 5:00 am Fiesta en conmemoraci\u00f3n al trabajo de los pueblos originarios de la regi\u00f3n. Folclore, danzas, comidas t\u00edpicas, ferias de artesanos, talleres alusivos, degustaciones. En el camping comunal de la localidad de Cerro Colorado, C\u00f3rdoba. Entradas disponibles en la Comuna de Cerro Colorado.<\/p>\n","protected":false},"author":2,"featured_media":324,"comment_status":"open","ping_status":"open","sticky":false,"template":"","format":"standard","meta":{"_acf_changed":false,"footnotes":""},"categories":[3,11],"tags":[50,31,47,48,39,49],"class_list":{"0":"post-323","1":"post","2":"type-post","3":"status-publish","4":"format-standard","5":"has-post-thumbnail","7":"category-agenda","8":"category-cordoba","9":"tag-algarrobeada","10":"tag-argentina","11":"tag-cerro-colorado","12":"tag-cordoba","13":"tag-cultura","14":"tag-festival"},"acf":[],"yoast_head":"<!-- This site is optimized with the Yoast SEO plugin v24.8.1 - https:\/\/yoast.com\/wordpress\/plugins\/seo\/ -->\n<title>Festival de la Algarrobeada -<\/title>\n<meta name=\"robots\" content=\"index, follow, max-snippet:-1, max-image-preview:large, max-video-preview:-1\" \/>\n<link rel=\"canonical\" href=\"https:\/\/modoviajeok.com.ar\/index.php\/2025\/01\/16\/festival-de-la-algarrobeada-en-cerro-colorado\/\" \/>\n<meta property=\"og:locale\" content=\"es_ES\" \/>\n<meta property=\"og:type\" content=\"article\" \/>\n<meta property=\"og:title\" content=\"Festival de la Algarrobeada -\" \/>\n<meta property=\"og:description\" content=\"Cerro Colorado. Viernes 24\/01 \u00a011:00 pm a 5:00 am Fiesta en conmemoraci\u00f3n al trabajo de los pueblos originarios de la regi\u00f3n. Folclore, danzas, comidas t\u00edpicas, ferias de artesanos, talleres alusivos, degustaciones. En el camping comunal de la localidad de Cerro Colorado, C\u00f3rdoba. Entradas disponibles en la Comuna de Cerro Colorado.\" \/>\n<meta property=\"og:url\" content=\"https:\/\/modoviajeok.com.ar\/index.php\/2025\/01\/16\/festival-de-la-algarrobeada-en-cerro-colorado\/\" \/>\n<meta property=\"article:publisher\" content=\"https:\/\/www.facebook.com\/mariana.otero1\/\" \/>\n<meta property=\"article:published_time\" content=\"2025-01-16T13:11:48+00:00\" \/>\n<meta property=\"article:modified_time\" content=\"2025-01-18T13:02:47+00:00\" \/>\n<meta property=\"og:image\" content=\"https:\/\/modoviajeok.com.ar\/wp-content\/uploads\/2025\/01\/Cerro-Colorado-60-scaled.jpg\" \/>\n\t<meta property=\"og:image:width\" content=\"2560\" \/>\n\t<meta property=\"og:image:height\" content=\"1709\" \/>\n\t<meta property=\"og:image:type\" content=\"image\/jpeg\" \/>\n<meta name=\"author\" content=\"Mariana Otero\" \/>\n<meta name=\"twitter:card\" content=\"summary_large_image\" \/>\n<meta name=\"twitter:label1\" content=\"Escrito por\" \/>\n\t<meta name=\"twitter:data1\" content=\"Mariana Otero\" \/>\n<script type=\"application\/ld+json\" class=\"yoast-schema-graph\">{\"@context\":\"https:\/\/schema.org\",\"@graph\":[{\"@type\":\"Article\",\"@id\":\"https:\/\/modoviajeok.com.ar\/index.php\/2025\/01\/16\/festival-de-la-algarrobeada-en-cerro-colorado\/#article\",\"isPartOf\":{\"@id\":\"https:\/\/modoviajeok.com.ar\/index.php\/2025\/01\/16\/festival-de-la-algarrobeada-en-cerro-colorado\/\"},\"author\":{\"name\":\"Mariana Otero\",\"@id\":\"https:\/\/modoviajeok.com.ar\/#\/schema\/person\/1187013488537969db5b1320484d24f4\"},\"headline\":\"Festival de la Algarrobeada\",\"datePublished\":\"2025-01-16T13:11:48+00:00\",\"dateModified\":\"2025-01-18T13:02:47+00:00\",\"mainEntityOfPage\":{\"@id\":\"https:\/\/modoviajeok.com.ar\/index.php\/2025\/01\/16\/festival-de-la-algarrobeada-en-cerro-colorado\/\"},\"wordCount\":55,\"commentCount\":0,\"publisher\":{\"@id\":\"https:\/\/modoviajeok.com.ar\/#organization\"},\"image\":{\"@id\":\"https:\/\/modoviajeok.com.ar\/index.php\/2025\/01\/16\/festival-de-la-algarrobeada-en-cerro-colorado\/#primaryimage\"},\"thumbnailUrl\":\"https:\/\/modoviajeok.com.ar\/wp-content\/uploads\/2025\/01\/Cerro-Colorado-60-scaled.jpg\",\"keywords\":[\"algarrobeada\",\"argentina\",\"cerro colorado\",\"c\u00f3rdoba\",\"cultura\",\"festival\"],\"articleSection\":[\"Agenda\",\"C\u00f3rdoba\"],\"inLanguage\":\"es\",\"potentialAction\":[{\"@type\":\"CommentAction\",\"name\":\"Comment\",\"target\":[\"https:\/\/modoviajeok.com.ar\/index.php\/2025\/01\/16\/festival-de-la-algarrobeada-en-cerro-colorado\/#respond\"]}]},{\"@type\":\"WebPage\",\"@id\":\"https:\/\/modoviajeok.com.ar\/index.php\/2025\/01\/16\/festival-de-la-algarrobeada-en-cerro-colorado\/\",\"url\":\"https:\/\/modoviajeok.com.ar\/index.php\/2025\/01\/16\/festival-de-la-algarrobeada-en-cerro-colorado\/\",\"name\":\"Festival de la Algarrobeada -\",\"isPartOf\":{\"@id\":\"https:\/\/modoviajeok.com.ar\/#website\"},\"primaryImageOfPage\":{\"@id\":\"https:\/\/modoviajeok.com.ar\/index.php\/2025\/01\/16\/festival-de-la-algarrobeada-en-cerro-colorado\/#primaryimage\"},\"image\":{\"@id\":\"https:\/\/modoviajeok.com.ar\/index.php\/2025\/01\/16\/festival-de-la-algarrobeada-en-cerro-colorado\/#primaryimage\"},\"thumbnailUrl\":\"https:\/\/modoviajeok.com.ar\/wp-content\/uploads\/2025\/01\/Cerro-Colorado-60-scaled.jpg\",\"datePublished\":\"2025-01-16T13:11:48+00:00\",\"dateModified\":\"2025-01-18T13:02:47+00:00\",\"breadcrumb\":{\"@id\":\"https:\/\/modoviajeok.com.ar\/index.php\/2025\/01\/16\/festival-de-la-algarrobeada-en-cerro-colorado\/#breadcrumb\"},\"inLanguage\":\"es\",\"potentialAction\":[{\"@type\":\"ReadAction\",\"target\":[\"https:\/\/modoviajeok.com.ar\/index.php\/2025\/01\/16\/festival-de-la-algarrobeada-en-cerro-colorado\/\"]}]},{\"@type\":\"ImageObject\",\"inLanguage\":\"es\",\"@id\":\"https:\/\/modoviajeok.com.ar\/index.php\/2025\/01\/16\/festival-de-la-algarrobeada-en-cerro-colorado\/#primaryimage\",\"url\":\"https:\/\/modoviajeok.com.ar\/wp-content\/uploads\/2025\/01\/Cerro-Colorado-60-scaled.jpg\",\"contentUrl\":\"https:\/\/modoviajeok.com.ar\/wp-content\/uploads\/2025\/01\/Cerro-Colorado-60-scaled.jpg\",\"width\":2560,\"height\":1709},{\"@type\":\"BreadcrumbList\",\"@id\":\"https:\/\/modoviajeok.com.ar\/index.php\/2025\/01\/16\/festival-de-la-algarrobeada-en-cerro-colorado\/#breadcrumb\",\"itemListElement\":[{\"@type\":\"ListItem\",\"position\":1,\"name\":\"Portada\",\"item\":\"https:\/\/modoviajeok.com.ar\/\"},{\"@type\":\"ListItem\",\"position\":2,\"name\":\"Festival de la Algarrobeada\"}]},{\"@type\":\"WebSite\",\"@id\":\"https:\/\/modoviajeok.com.ar\/#website\",\"url\":\"https:\/\/modoviajeok.com.ar\/\",\"name\":\"ModoViajeOK\",\"description\":\"\",\"publisher\":{\"@id\":\"https:\/\/modoviajeok.com.ar\/#organization\"},\"potentialAction\":[{\"@type\":\"SearchAction\",\"target\":{\"@type\":\"EntryPoint\",\"urlTemplate\":\"https:\/\/modoviajeok.com.ar\/?s={search_term_string}\"},\"query-input\":{\"@type\":\"PropertyValueSpecification\",\"valueRequired\":true,\"valueName\":\"search_term_string\"}}],\"inLanguage\":\"es\"},{\"@type\":\"Organization\",\"@id\":\"https:\/\/modoviajeok.com.ar\/#organization\",\"name\":\"ModoViajeOK\",\"url\":\"https:\/\/modoviajeok.com.ar\/\",\"logo\":{\"@type\":\"ImageObject\",\"inLanguage\":\"es\",\"@id\":\"https:\/\/modoviajeok.com.ar\/#\/schema\/logo\/image\/\",\"url\":\"https:\/\/modoviajeok.com.ar\/wp-content\/uploads\/2025\/01\/Logo-modoviajeok.png\",\"contentUrl\":\"https:\/\/modoviajeok.com.ar\/wp-content\/uploads\/2025\/01\/Logo-modoviajeok.png\",\"width\":2938,\"height\":2276,\"caption\":\"ModoViajeOK\"},\"image\":{\"@id\":\"https:\/\/modoviajeok.com.ar\/#\/schema\/logo\/image\/\"},\"sameAs\":[\"https:\/\/www.facebook.com\/mariana.otero1\/\",\"https:\/\/www.instagram.com\/modoviaje.ok\/\"]},{\"@type\":\"Person\",\"@id\":\"https:\/\/modoviajeok.com.ar\/#\/schema\/person\/1187013488537969db5b1320484d24f4\",\"name\":\"Mariana Otero\",\"image\":{\"@type\":\"ImageObject\",\"inLanguage\":\"es\",\"@id\":\"https:\/\/modoviajeok.com.ar\/#\/schema\/person\/image\/\",\"url\":\"https:\/\/secure.gravatar.com\/avatar\/8a91a502a9336849a3500b9090c431bc1418f1d1263d893afeddba065f5add82?s=96&d=mm&r=g\",\"contentUrl\":\"https:\/\/secure.gravatar.com\/avatar\/8a91a502a9336849a3500b9090c431bc1418f1d1263d893afeddba065f5add82?s=96&d=mm&r=g\",\"caption\":\"Mariana Otero\"},\"url\":\"https:\/\/modoviajeok.com.ar\/index.php\/author\/mariana2025\/\"}]}<\/script>\n<!-- \/ Yoast SEO plugin. -->","yoast_head_json":{"title":"Festival de la Algarrobeada -","robots":{"index":"index","follow":"follow","max-snippet":"max-snippet:-1","max-image-preview":"max-image-preview:large","max-video-preview":"max-video-preview:-1"},"canonical":"https:\/\/modoviajeok.com.ar\/index.php\/2025\/01\/16\/festival-de-la-algarrobeada-en-cerro-colorado\/","og_locale":"es_ES","og_type":"article","og_title":"Festival de la Algarrobeada -","og_description":"Cerro Colorado. Viernes 24\/01 \u00a011:00 pm a 5:00 am Fiesta en conmemoraci\u00f3n al trabajo de los pueblos originarios de la regi\u00f3n. Folclore, danzas, comidas t\u00edpicas, ferias de artesanos, talleres alusivos, degustaciones. En el camping comunal de la localidad de Cerro Colorado, C\u00f3rdoba. Entradas disponibles en la Comuna de Cerro Colorado.","og_url":"https:\/\/modoviajeok.com.ar\/index.php\/2025\/01\/16\/festival-de-la-algarrobeada-en-cerro-colorado\/","article_publisher":"https:\/\/www.facebook.com\/mariana.otero1\/","article_published_time":"2025-01-16T13:11:48+00:00","article_modified_time":"2025-01-18T13:02:47+00:00","og_image":[{"width":2560,"height":1709,"url":"https:\/\/modoviajeok.com.ar\/wp-content\/uploads\/2025\/01\/Cerro-Colorado-60-scaled.jpg","type":"image\/jpeg"}],"author":"Mariana Otero","twitter_card":"summary_large_image","twitter_misc":{"Escrito por":"Mariana Otero"},"schema":{"@context":"https:\/\/schema.org","@graph":[{"@type":"Article","@id":"https:\/\/modoviajeok.com.ar\/index.php\/2025\/01\/16\/festival-de-la-algarrobeada-en-cerro-colorado\/#article","isPartOf":{"@id":"https:\/\/modoviajeok.com.ar\/index.php\/2025\/01\/16\/festival-de-la-algarrobeada-en-cerro-colorado\/"},"author":{"name":"Mariana Otero","@id":"https:\/\/modoviajeok.com.ar\/#\/schema\/person\/1187013488537969db5b1320484d24f4"},"headline":"Festival de la Algarrobeada","datePublished":"2025-01-16T13:11:48+00:00","dateModified":"2025-01-18T13:02:47+00:00","mainEntityOfPage":{"@id":"https:\/\/modoviajeok.com.ar\/index.php\/2025\/01\/16\/festival-de-la-algarrobeada-en-cerro-colorado\/"},"wordCount":55,"commentCount":0,"publisher":{"@id":"https:\/\/modoviajeok.com.ar\/#organization"},"image":{"@id":"https:\/\/modoviajeok.com.ar\/index.php\/2025\/01\/16\/festival-de-la-algarrobeada-en-cerro-colorado\/#primaryimage"},"thumbnailUrl":"https:\/\/modoviajeok.com.ar\/wp-content\/uploads\/2025\/01\/Cerro-Colorado-60-scaled.jpg","keywords":["algarrobeada","argentina","cerro colorado","c\u00f3rdoba","cultura","festival"],"articleSection":["Agenda","C\u00f3rdoba"],"inLanguage":"es","potentialAction":[{"@type":"CommentAction","name":"Comment","target":["https:\/\/modoviajeok.com.ar\/index.php\/2025\/01\/16\/festival-de-la-algarrobeada-en-cerro-colorado\/#respond"]}]},{"@type":"WebPage","@id":"https:\/\/modoviajeok.com.ar\/index.php\/2025\/01\/16\/festival-de-la-algarrobeada-en-cerro-colorado\/","url":"https:\/\/modoviajeok.com.ar\/index.php\/2025\/01\/16\/festival-de-la-algarrobeada-en-cerro-colorado\/","name":"Festival de la Algarrobeada -","isPartOf":{"@id":"https:\/\/modoviajeok.com.ar\/#website"},"primaryImageOfPage":{"@id":"https:\/\/modoviajeok.com.ar\/index.php\/2025\/01\/16\/festival-de-la-algarrobeada-en-cerro-colorado\/#primaryimage"},"image":{"@id":"https:\/\/modoviajeok.com.ar\/index.php\/2025\/01\/16\/festival-de-la-algarrobeada-en-cerro-colorado\/#primaryimage"},"thumbnailUrl":"https:\/\/modoviajeok.com.ar\/wp-content\/uploads\/2025\/01\/Cerro-Colorado-60-scaled.jpg","datePublished":"2025-01-16T13:11:48+00:00","dateModified":"2025-01-18T13:02:47+00:00","breadcrumb":{"@id":"https:\/\/modoviajeok.com.ar\/index.php\/2025\/01\/16\/festival-de-la-algarrobeada-en-cerro-colorado\/#breadcrumb"},"inLanguage":"es","potentialAction":[{"@type":"ReadAction","target":["https:\/\/modoviajeok.com.ar\/index.php\/2025\/01\/16\/festival-de-la-algarrobeada-en-cerro-colorado\/"]}]},{"@type":"ImageObject","inLanguage":"es","@id":"https:\/\/modoviajeok.com.ar\/index.php\/2025\/01\/16\/festival-de-la-algarrobeada-en-cerro-colorado\/#primaryimage","url":"https:\/\/modoviajeok.com.ar\/wp-content\/uploads\/2025\/01\/Cerro-Colorado-60-scaled.jpg","contentUrl":"https:\/\/modoviajeok.com.ar\/wp-content\/uploads\/2025\/01\/Cerro-Colorado-60-scaled.jpg","width":2560,"height":1709},{"@type":"BreadcrumbList","@id":"https:\/\/modoviajeok.com.ar\/index.php\/2025\/01\/16\/festival-de-la-algarrobeada-en-cerro-colorado\/#breadcrumb","itemListElement":[{"@type":"ListItem","position":1,"name":"Portada","item":"https:\/\/modoviajeok.com.ar\/"},{"@type":"ListItem","position":2,"name":"Festival de la Algarrobeada"}]},{"@type":"WebSite","@id":"https:\/\/modoviajeok.com.ar\/#website","url":"https:\/\/modoviajeok.com.ar\/","name":"ModoViajeOK","description":"","publisher":{"@id":"https:\/\/modoviajeok.com.ar\/#organization"},"potentialAction":[{"@type":"SearchAction","target":{"@type":"EntryPoint","urlTemplate":"https:\/\/modoviajeok.com.ar\/?s={search_term_string}"},"query-input":{"@type":"PropertyValueSpecification","valueRequired":true,"valueName":"search_term_string"}}],"inLanguage":"es"},{"@type":"Organization","@id":"https:\/\/modoviajeok.com.ar\/#organization","name":"ModoViajeOK","url":"https:\/\/modoviajeok.com.ar\/","logo":{"@type":"ImageObject","inLanguage":"es","@id":"https:\/\/modoviajeok.com.ar\/#\/schema\/logo\/image\/","url":"https:\/\/modoviajeok.com.ar\/wp-content\/uploads\/2025\/01\/Logo-modoviajeok.png","contentUrl":"https:\/\/modoviajeok.com.ar\/wp-content\/uploads\/2025\/01\/Logo-modoviajeok.png","width":2938,"height":2276,"caption":"ModoViajeOK"},"image":{"@id":"https:\/\/modoviajeok.com.ar\/#\/schema\/logo\/image\/"},"sameAs":["https:\/\/www.facebook.com\/mariana.otero1\/","https:\/\/www.instagram.com\/modoviaje.ok\/"]},{"@type":"Person","@id":"https:\/\/modoviajeok.com.ar\/#\/schema\/person\/1187013488537969db5b1320484d24f4","name":"Mariana Otero","image":{"@type":"ImageObject","inLanguage":"es","@id":"https:\/\/modoviajeok.com.ar\/#\/schema\/person\/image\/","url":"https:\/\/secure.gravatar.com\/avatar\/8a91a502a9336849a3500b9090c431bc1418f1d1263d893afeddba065f5add82?s=96&d=mm&r=g","contentUrl":"https:\/\/secure.gravatar.com\/avatar\/8a91a502a9336849a3500b9090c431bc1418f1d1263d893afeddba065f5add82?s=96&d=mm&r=g","caption":"Mariana Otero"},"url":"https:\/\/modoviajeok.com.ar\/index.php\/author\/mariana2025\/"}]}},"_links":{"self":[{"href":"https:\/\/modoviajeok.com.ar\/index.php\/wp-json\/wp\/v2\/posts\/323","targetHints":{"allow":["GET"]}}],"collection":[{"href":"https:\/\/modoviajeok.com.ar\/index.php\/wp-json\/wp\/v2\/posts"}],"about":[{"href":"https:\/\/modoviajeok.com.ar\/index.php\/wp-json\/wp\/v2\/types\/post"}],"author":[{"embeddable":true,"href":"https:\/\/modoviajeok.com.ar\/index.php\/wp-json\/wp\/v2\/users\/2"}],"replies":[{"embeddable":true,"href":"https:\/\/modoviajeok.com.ar\/index.php\/wp-json\/wp\/v2\/comments?post=323"}],"version-history":[{"count":2,"href":"https:\/\/modoviajeok.com.ar\/index.php\/wp-json\/wp\/v2\/posts\/323\/revisions"}],"predecessor-version":[{"id":552,"href":"https:\/\/modoviajeok.com.ar\/index.php\/wp-json\/wp\/v2\/posts\/323\/revisions\/552"}],"wp:featuredmedia":[{"embeddable":true,"href":"https:\/\/modoviajeok.com.ar\/index.php\/wp-json\/wp\/v2\/media\/324"}],"wp:attachment":[{"href":"https:\/\/modoviajeok.com.ar\/index.php\/wp-json\/wp\/v2\/media?parent=323"}],"wp:term":[{"taxonomy":"category","embeddable":true,"href":"https:\/\/modoviajeok.com.ar\/index.php\/wp-json\/wp\/v2\/categories?post=323"},{"taxonomy":"post_tag","embeddable":true,"href":"https:\/\/modoviajeok.com.ar\/index.php\/wp-json\/wp\/v2\/tags?post=323"}],"curies":[{"name":"wp","href":"https:\/\/api.w.org\/{rel}","templated":true}]}}