{"id":3231,"date":"2025-04-08T21:07:39","date_gmt":"2025-04-09T00:07:39","guid":{"rendered":"https:\/\/modoviajeok.com.ar\/?p=3231"},"modified":"2025-04-10T11:14:23","modified_gmt":"2025-04-10T14:14:23","slug":"cordoba-propone-una-atractiva-agenda-para-la-semana-santa","status":"publish","type":"post","link":"https:\/\/modoviajeok.com.ar\/index.php\/2025\/04\/08\/cordoba-propone-una-atractiva-agenda-para-la-semana-santa\/","title":{"rendered":"Qu\u00e9 hacer en Semana Santa en C\u00f3rdoba"},"content":{"rendered":"\n<figure class=\"wp-block-pullquote\"><blockquote><p> Ya sea en pueblos serranos, ciudades hist\u00f3ricas o valles encantadores, la provincia abre sus puertas para compartir lo mejor de su esencia en cada rinc\u00f3n.<\/p><\/blockquote><\/figure>\n\n\n\n<p>C\u00f3rdoba se prepara para vivir una Semana Santa 2025 a pleno del&nbsp;17 al 20 de abril, con propuestas que conjugan la espiritualidad, la tradici\u00f3n y los paisajes \u00fanicos de su geograf\u00eda. Esta celebraci\u00f3n invita a reencontrarse con la fe y las ra\u00edces culturales a trav\u00e9s de actividades religiosas, recorridos patrimoniales, festivales gastron\u00f3micos, experiencias al aire libre y eventos para toda la familia.<\/p>\n\n\n\n<p>Desde la profundidad simb\u00f3lica del Camino de Brochero hasta el legado vivo de las estancias jesu\u00edticas, pasando por caminatas guiadas, astroturismo, misas, v\u00eda crucis, festivales musicales y encuentros gastron\u00f3micos, la Semana Santa en C\u00f3rdoba se transforma en un recorrido sensorial y espiritual. Ya sea en pueblos serranos, ciudades hist\u00f3ricas o valles encantadores, la provincia abre sus puertas para compartir lo mejor de su esencia en cada rinc\u00f3n.<\/p>\n\n\n\n<p><strong>Esta es la agenda para vivir la Semana Santa en C\u00f3rdoba<\/strong><\/p>\n\n\n\n<p><strong>13 de abril<\/strong><\/p>\n\n\n\n<figure class=\"wp-block-image size-full\"><img loading=\"lazy\" decoding=\"async\" width=\"2560\" height=\"2058\" src=\"https:\/\/modoviajeok.com.ar\/wp-content\/uploads\/2025\/04\/DSCN0623-scaled.jpg\" alt=\"\" class=\"wp-image-3232\" srcset=\"https:\/\/modoviajeok.com.ar\/wp-content\/uploads\/2025\/04\/DSCN0623-scaled.jpg 2560w, https:\/\/modoviajeok.com.ar\/wp-content\/uploads\/2025\/04\/DSCN0623-768x617.jpg 768w, https:\/\/modoviajeok.com.ar\/wp-content\/uploads\/2025\/04\/DSCN0623-1536x1235.jpg 1536w, https:\/\/modoviajeok.com.ar\/wp-content\/uploads\/2025\/04\/DSCN0623-2048x1646.jpg 2048w, https:\/\/modoviajeok.com.ar\/wp-content\/uploads\/2025\/04\/DSCN0623-522x420.jpg 522w, https:\/\/modoviajeok.com.ar\/wp-content\/uploads\/2025\/04\/DSCN0623-150x121.jpg 150w, https:\/\/modoviajeok.com.ar\/wp-content\/uploads\/2025\/04\/DSCN0623-300x241.jpg 300w, https:\/\/modoviajeok.com.ar\/wp-content\/uploads\/2025\/04\/DSCN0623-696x560.jpg 696w, https:\/\/modoviajeok.com.ar\/wp-content\/uploads\/2025\/04\/DSCN0623-1068x859.jpg 1068w, https:\/\/modoviajeok.com.ar\/wp-content\/uploads\/2025\/04\/DSCN0623-1920x1544.jpg 1920w\" sizes=\"auto, (max-width: 2560px) 100vw, 2560px\" \/><\/figure>\n\n\n\n<ul class=\"wp-block-list\">\n<li>Bendici\u00f3n y misa de Ramos \u2013 Villa Tulumba<\/li>\n<\/ul>\n\n\n\n<p><strong>14 de abril<\/strong><\/p>\n\n\n\n<ul class=\"wp-block-list\">\n<li>Talleres de antorchas, alusivos a Semana Santa \u2013 Villa Tulumba<\/li>\n<\/ul>\n\n\n\n<p><strong>15 de abril<\/strong><\/p>\n\n\n\n<ul class=\"wp-block-list\">\n<li>Taller de pintura y lectura \u2013 Villa Tulumba<\/li>\n\n\n\n<li>Caminata m\u00e1s zumba en plaza central \u2013 Villa Tulumba<\/li>\n<\/ul>\n\n\n\n<p><strong>16 de abril<\/strong><\/p>\n\n\n\n<ul class=\"wp-block-list\">\n<li>Taller de huevos de pascuas \u2013 Villa Tulumba<\/li>\n<\/ul>\n\n\n\n<p><strong>Del 16 al 20 de abril<\/strong><\/p>\n\n\n\n<ul class=\"wp-block-list\">\n<li>Feria del Libro 2025 \u2013 La Granja<\/li>\n<\/ul>\n\n\n\n<p><strong>17 de abril<\/strong><\/p>\n\n\n\n<ul class=\"wp-block-list\">\n<li>Mestiza, obra de teatro \u2013 Embalse<\/li>\n\n\n\n<li>Astroturismo: experiencia atardecer + astrofotograf\u00eda \u2013 Villa Tulumba<\/li>\n\n\n\n<li>Misa de la \u00daltima Cena y lavatorio de pies \u2013 Villa Tulumba<\/li>\n\n\n\n<li>Caminata por las Antiguas Casonas \u2013 Villa del Totoral<\/li>\n\n\n\n<li>Circuito religioso \u2013 Capilla del Monte<\/li>\n\n\n\n<li>La Ruta del Conejo \u2013 Capilla del Monte<\/li>\n\n\n\n<li>Paseo hist\u00f3rico cultural (city tour pedestre) \u2013 Nono<\/li>\n\n\n\n<li>Senderismo religioso \u2013 Villa del Totoral<\/li>\n<\/ul>\n\n\n\n<p><strong>Del 17 al 20 de abril<\/strong><\/p>\n\n\n\n<figure class=\"wp-block-image size-full\"><img loading=\"lazy\" decoding=\"async\" width=\"700\" height=\"490\" src=\"https:\/\/modoviajeok.com.ar\/wp-content\/uploads\/2025\/04\/Masa-Vienesa-villa-general-belgrano-700x490-1.jpg\" alt=\"\" class=\"wp-image-3237\" srcset=\"https:\/\/modoviajeok.com.ar\/wp-content\/uploads\/2025\/04\/Masa-Vienesa-villa-general-belgrano-700x490-1.jpg 700w, https:\/\/modoviajeok.com.ar\/wp-content\/uploads\/2025\/04\/Masa-Vienesa-villa-general-belgrano-700x490-1-600x420.jpg 600w, https:\/\/modoviajeok.com.ar\/wp-content\/uploads\/2025\/04\/Masa-Vienesa-villa-general-belgrano-700x490-1-150x105.jpg 150w, https:\/\/modoviajeok.com.ar\/wp-content\/uploads\/2025\/04\/Masa-Vienesa-villa-general-belgrano-700x490-1-300x210.jpg 300w, https:\/\/modoviajeok.com.ar\/wp-content\/uploads\/2025\/04\/Masa-Vienesa-villa-general-belgrano-700x490-1-696x487.jpg 696w, https:\/\/modoviajeok.com.ar\/wp-content\/uploads\/2025\/04\/Masa-Vienesa-villa-general-belgrano-700x490-1-100x70.jpg 100w\" sizes=\"auto, (max-width: 700px) 100vw, 700px\" \/><\/figure>\n\n\n\n<ul class=\"wp-block-list\">\n<li>9\u00b0 Festival Peperina \u2013 Alta Gracia<\/li>\n\n\n\n<li>55\u00b0 Fiesta Nacional de la Masa Vienesa \u2013 Villa General Belgrano<\/li>\n\n\n\n<li>Feria de Artesanos y emprendedores \u2013 Villa Tulumba<\/li>\n\n\n\n<li>Semana Santa \u2013 Villa de las Rosas<\/li>\n<\/ul>\n\n\n\n<p><strong>18 de abril<\/strong><\/p>\n\n\n\n<ul class=\"wp-block-list\">\n<li>Feria Gastron\u00f3mica \u2013 Embalse<\/li>\n\n\n\n<li>Turismo religioso \u2013 Villa Tulumba<\/li>\n\n\n\n<li>V\u00eda Crucis con antorchas al Cristo de los Granaderos \u2013 Villa Tulumba<\/li>\n\n\n\n<li>Cine bajo las estrellas \u2013 Villa Tulumba<\/li>\n\n\n\n<li>Astroturismo (segunda edici\u00f3n) \u2013 Los Cocos<\/li>\n\n\n\n<li>Estampas B\u00edblicas \u2013 Mina Clavero<\/li>\n\n\n\n<li>Recorrido hist\u00f3rico y espiritual \u2013 Nono<\/li>\n\n\n\n<li>Caminata con plantas aut\u00f3ctonas medicinales \u2013 Nono<\/li>\n\n\n\n<li>Circuito religioso \u2013 Embalse<\/li>\n\n\n\n<li>V\u00eda Crucis en Cerro Las Gemelas \u2013 Capilla del Monte<\/li>\n\n\n\n<li>Noche de las casonas \u2013 Capilla del Monte<\/li>\n\n\n\n<li>Sandro, El Homenaje \u2013 Capilla del Monte<\/li>\n\n\n\n<li>Cicloturismo familiar \u2013 Villa del Totoral<\/li>\n\n\n\n<li>Trekking urbano cultural \u2013 Villa del Totoral<\/li>\n\n\n\n<li>V\u00eda Crucis viviente en la playa central \u2013 Miramar<\/li>\n\n\n\n<li>Peregrinaci\u00f3n por los 7 lugares de la fe \u2013 Miramar<\/li>\n\n\n\n<li>Pe\u00f1a Pre Festival \u2013 Villa Rumipal<\/li>\n\n\n\n<li>V\u00eda Crucis con antorchas al Cristo \u00d1u Por\u00e1 \u2013 R\u00edo Ceballos<\/li>\n\n\n\n<li>Jairo \u2013 Alta Gracia<\/li>\n<\/ul>\n\n\n\n<p><strong>18 y 19 de abril<\/strong><\/p>\n\n\n\n<ul class=\"wp-block-list\">\n<li>Delicias de Pascuas \u2013 Santa Rosa de Calamuchita<\/li>\n<\/ul>\n\n\n\n<p><strong>Del 18 al 20 de abril<\/strong><\/p>\n\n\n\n<ul class=\"wp-block-list\">\n<li>Encuentro de Globos Aerost\u00e1ticos \u2013 R\u00edo Ceballos<\/li>\n<\/ul>\n\n\n\n<p><strong>19 de abril<\/strong><\/p>\n\n\n\n<figure class=\"wp-block-image size-full\"><img loading=\"lazy\" decoding=\"async\" width=\"673\" height=\"1002\" src=\"https:\/\/modoviajeok.com.ar\/wp-content\/uploads\/2025\/04\/Foto-de-Embalse-de-Calamuchita-Embalse-de-Calamuchita.jpg\" alt=\"\" class=\"wp-image-3236\" srcset=\"https:\/\/modoviajeok.com.ar\/wp-content\/uploads\/2025\/04\/Foto-de-Embalse-de-Calamuchita-Embalse-de-Calamuchita.jpg 673w, https:\/\/modoviajeok.com.ar\/wp-content\/uploads\/2025\/04\/Foto-de-Embalse-de-Calamuchita-Embalse-de-Calamuchita-282x420.jpg 282w, https:\/\/modoviajeok.com.ar\/wp-content\/uploads\/2025\/04\/Foto-de-Embalse-de-Calamuchita-Embalse-de-Calamuchita-150x223.jpg 150w, https:\/\/modoviajeok.com.ar\/wp-content\/uploads\/2025\/04\/Foto-de-Embalse-de-Calamuchita-Embalse-de-Calamuchita-300x447.jpg 300w\" sizes=\"auto, (max-width: 673px) 100vw, 673px\" \/><\/figure>\n\n\n\n<ul class=\"wp-block-list\">\n<li>Feria de Semana Santa \u2013 Embalse<\/li>\n\n\n\n<li>Santa Pe\u00f1a \u2013 Embalse<\/li>\n\n\n\n<li>Recorrido religioso \u2013 Los Cocos<\/li>\n\n\n\n<li>Experiencia Tinquima: Philarmonie Ensamble \u2013 Mina Clavero<\/li>\n\n\n\n<li>Experiencia Tinquima: Feria de Vinos \u2013 Mina Clavero<\/li>\n\n\n\n<li>Clase de yoga \u2013 Villa del Totoral<\/li>\n\n\n\n<li>Festival de la Paella Gigante \u2013 Agua de Oro<\/li>\n\n\n\n<li>Misa Criolla \u2013 R\u00edo Ceballos<\/li>\n\n\n\n<li>Misa Criolla con Nahuel Penisi \u2013 Miramar<\/li>\n\n\n\n<li>Festival de M\u00fasica en Escena \u2013 La Falda<\/li>\n\n\n\n<li>Cabalgata por Bajo el Molino \u2013 Nono<\/li>\n\n\n\n<li>Recorrido hist\u00f3rico y espiritual \u2013 Nono<\/li>\n\n\n\n<li>Cabalgata y astroturismo \u2013 Nono<\/li>\n\n\n\n<li>Festival del Lago \u2013 Villa Rumipal<\/li>\n\n\n\n<li>Exhibici\u00f3n de karting \u2013 Capilla del Monte<\/li>\n\n\n\n<li>Do\u00f1a Jovita \u2013 Capilla del Monte<\/li>\n\n\n\n<li>Turismo religioso \u2013 Villa Tulumba<\/li>\n\n\n\n<li>Pe\u00f1a Do\u00f1a Dominga \u2013 Villa Tulumba<\/li>\n\n\n\n<li>Pascuas dulces: b\u00fasqueda del tesoro \u2013 Villa Tulumba<\/li>\n\n\n\n<li>Turismo del bienestar \u2013 Villa Tulumba<\/li>\n\n\n\n<li>Misa de la Vigilia Pascual \u2013 Villa Tulumba<\/li>\n\n\n\n<li>9\u00b0 Festival Caprino y de las Artesan\u00edas \u2013 Serrezuela<\/li>\n\n\n\n<li>1\u00b0 Tanti Cuarteto \u2013 Tanti<\/li>\n\n\n\n<li>7\u00b0 Festival de los Pueblos Unidos \u2013 Tala Ca\u00f1ada<\/li>\n\n\n\n<li>2\u00b0 Cabalango al Disco \u2013 Cabalango<\/li>\n<\/ul>\n\n\n\n<p><strong>19 y 20 de abril<\/strong><\/p>\n\n\n\n<ul class=\"wp-block-list\">\n<li>Exposici\u00f3n Internacional de Perros de Raza \u2013 R\u00edo Cuarto<\/li>\n<\/ul>\n\n\n\n<p><strong>20 de abril<\/strong><\/p>\n\n\n\n<figure class=\"wp-block-image size-full\"><img loading=\"lazy\" decoding=\"async\" width=\"1920\" height=\"2560\" src=\"https:\/\/modoviajeok.com.ar\/wp-content\/uploads\/2025\/04\/IMG_20210717_151242559_HDR-scaled.jpg\" alt=\"\" class=\"wp-image-3233\" srcset=\"https:\/\/modoviajeok.com.ar\/wp-content\/uploads\/2025\/04\/IMG_20210717_151242559_HDR-scaled.jpg 1920w, https:\/\/modoviajeok.com.ar\/wp-content\/uploads\/2025\/04\/IMG_20210717_151242559_HDR-768x1024.jpg 768w, https:\/\/modoviajeok.com.ar\/wp-content\/uploads\/2025\/04\/IMG_20210717_151242559_HDR-1152x1536.jpg 1152w, https:\/\/modoviajeok.com.ar\/wp-content\/uploads\/2025\/04\/IMG_20210717_151242559_HDR-1536x2048.jpg 1536w, https:\/\/modoviajeok.com.ar\/wp-content\/uploads\/2025\/04\/IMG_20210717_151242559_HDR-315x420.jpg 315w, https:\/\/modoviajeok.com.ar\/wp-content\/uploads\/2025\/04\/IMG_20210717_151242559_HDR-150x200.jpg 150w, https:\/\/modoviajeok.com.ar\/wp-content\/uploads\/2025\/04\/IMG_20210717_151242559_HDR-300x400.jpg 300w, https:\/\/modoviajeok.com.ar\/wp-content\/uploads\/2025\/04\/IMG_20210717_151242559_HDR-696x928.jpg 696w, https:\/\/modoviajeok.com.ar\/wp-content\/uploads\/2025\/04\/IMG_20210717_151242559_HDR-1068x1424.jpg 1068w\" sizes=\"auto, (max-width: 1920px) 100vw, 1920px\" \/><\/figure>\n\n\n\n<ul class=\"wp-block-list\">\n<li>B\u00fasqueda del tesoro \u2013 Agua de Oro<\/li>\n\n\n\n<li>Misa comunitaria \u2013 Villa Tulumba<\/li>\n\n\n\n<li>Feria de platos y concurso de huevos de Pascua \u2013 Villa Tulumba<\/li>\n\n\n\n<li>Pe\u00f1a folcl\u00f3rica de Pascua \u2013 Villa Tulumba<\/li>\n\n\n\n<li>Misa de Pascuas en la playa de los atardeceres \u2013 Miramar<\/li>\n\n\n\n<li>Mi Primer Giulio Cesare en Bici \u2013 Mina Clavero<\/li>\n\n\n\n<li>B\u00fasqueda de huevos de Pascuas \u2013 Embalse<\/li>\n<\/ul>\n\n\n      <div class=\"wp_bannerize_container wp_bannerize_layout_vertical\">\n\n        <div class=\"wp_bannerize_banner_box wp_bannerize_category_intertexto-1\" data-title=\"Modo viaje\" data-mime_type=\"image-gif\" data-banner_id=\"1783\" id=\"wpbanner-1783\" data-impressions_enabled=\"true\" data-clicks_enabled=\"true\"><a href=\"https:\/\/www.instagram.com\/modoviaje.ok?igsh=Z3c5emxsZWFtdXN3\"><img decoding=\"async\" border=\"0\" src=\"https:\/\/modoviajeok.com.ar\/wp-content\/uploads\/2025\/02\/modoviaje.ok-300-x-250-px.gif\" alt=\"Modo viaje\" title=\"Modo viaje\" \/><\/a><\/div>      <\/div>\n\n\n","protected":false},"excerpt":{"rendered":"<p>Ya sea en pueblos serranos, ciudades hist\u00f3ricas o valles encantadores, la provincia abre sus puertas para compartir lo mejor de su esencia en cada rinc\u00f3n. C\u00f3rdoba se prepara para vivir una Semana Santa 2025 a pleno del&nbsp;17 al 20 de abril, con propuestas que conjugan la espiritualidad, la tradici\u00f3n y los paisajes \u00fanicos de su [&hellip;]<\/p>\n","protected":false},"author":3,"featured_media":3234,"comment_status":"open","ping_status":"open","sticky":false,"template":"","format":"standard","meta":{"_acf_changed":false,"footnotes":""},"categories":[11,10],"tags":[775,48,773],"class_list":{"0":"post-3231","1":"post","2":"type-post","3":"status-publish","4":"format-standard","5":"has-post-thumbnail","7":"category-cordoba","8":"category-noticias","9":"tag-camino-del-peregrino","10":"tag-cordoba","11":"tag-semana-santa"},"acf":[],"yoast_head":"<!-- This site is optimized with the Yoast SEO plugin v24.8.1 - https:\/\/yoast.com\/wordpress\/plugins\/seo\/ -->\n<title>Qu\u00e9 hacer en Semana Santa en C\u00f3rdoba -<\/title>\n<meta name=\"robots\" content=\"index, follow, max-snippet:-1, max-image-preview:large, max-video-preview:-1\" \/>\n<link rel=\"canonical\" href=\"https:\/\/modoviajeok.com.ar\/index.php\/2025\/04\/08\/cordoba-propone-una-atractiva-agenda-para-la-semana-santa\/\" \/>\n<meta property=\"og:locale\" content=\"es_ES\" \/>\n<meta property=\"og:type\" content=\"article\" \/>\n<meta property=\"og:title\" content=\"Qu\u00e9 hacer en Semana Santa en C\u00f3rdoba -\" \/>\n<meta property=\"og:description\" content=\"Ya sea en pueblos serranos, ciudades hist\u00f3ricas o valles encantadores, la provincia abre sus puertas para compartir lo mejor de su esencia en cada rinc\u00f3n. C\u00f3rdoba se prepara para vivir una Semana Santa 2025 a pleno del&nbsp;17 al 20 de abril, con propuestas que conjugan la espiritualidad, la tradici\u00f3n y los paisajes \u00fanicos de su [&hellip;]\" \/>\n<meta property=\"og:url\" content=\"https:\/\/modoviajeok.com.ar\/index.php\/2025\/04\/08\/cordoba-propone-una-atractiva-agenda-para-la-semana-santa\/\" \/>\n<meta property=\"article:publisher\" content=\"https:\/\/www.facebook.com\/mariana.otero1\/\" \/>\n<meta property=\"article:published_time\" content=\"2025-04-09T00:07:39+00:00\" \/>\n<meta property=\"article:modified_time\" content=\"2025-04-10T14:14:23+00:00\" \/>\n<meta property=\"og:image\" content=\"https:\/\/modoviajeok.com.ar\/wp-content\/uploads\/2025\/04\/camino-del-peregrino-3.jpg\" \/>\n\t<meta property=\"og:image:width\" content=\"1200\" \/>\n\t<meta property=\"og:image:height\" content=\"735\" \/>\n\t<meta property=\"og:image:type\" content=\"image\/jpeg\" \/>\n<meta name=\"author\" content=\"Pepe Segura\" \/>\n<meta name=\"twitter:card\" content=\"summary_large_image\" \/>\n<meta name=\"twitter:label1\" content=\"Escrito por\" \/>\n\t<meta name=\"twitter:data1\" content=\"Pepe Segura\" \/>\n\t<meta name=\"twitter:label2\" content=\"Tiempo de lectura\" \/>\n\t<meta name=\"twitter:data2\" content=\"4 minutos\" \/>\n<script type=\"application\/ld+json\" class=\"yoast-schema-graph\">{\"@context\":\"https:\/\/schema.org\",\"@graph\":[{\"@type\":\"Article\",\"@id\":\"https:\/\/modoviajeok.com.ar\/index.php\/2025\/04\/08\/cordoba-propone-una-atractiva-agenda-para-la-semana-santa\/#article\",\"isPartOf\":{\"@id\":\"https:\/\/modoviajeok.com.ar\/index.php\/2025\/04\/08\/cordoba-propone-una-atractiva-agenda-para-la-semana-santa\/\"},\"author\":{\"name\":\"Pepe Segura\",\"@id\":\"https:\/\/modoviajeok.com.ar\/#\/schema\/person\/2e299ed0d3d412a01d244fe28260d7f5\"},\"headline\":\"Qu\u00e9 hacer en Semana Santa en C\u00f3rdoba\",\"datePublished\":\"2025-04-09T00:07:39+00:00\",\"dateModified\":\"2025-04-10T14:14:23+00:00\",\"mainEntityOfPage\":{\"@id\":\"https:\/\/modoviajeok.com.ar\/index.php\/2025\/04\/08\/cordoba-propone-una-atractiva-agenda-para-la-semana-santa\/\"},\"wordCount\":710,\"commentCount\":0,\"publisher\":{\"@id\":\"https:\/\/modoviajeok.com.ar\/#organization\"},\"image\":{\"@id\":\"https:\/\/modoviajeok.com.ar\/index.php\/2025\/04\/08\/cordoba-propone-una-atractiva-agenda-para-la-semana-santa\/#primaryimage\"},\"thumbnailUrl\":\"https:\/\/modoviajeok.com.ar\/wp-content\/uploads\/2025\/04\/camino-del-peregrino-3.jpg\",\"keywords\":[\"camino del peregrino\",\"c\u00f3rdoba\",\"semana santa\"],\"articleSection\":[\"C\u00f3rdoba\",\"Noticias\"],\"inLanguage\":\"es\",\"potentialAction\":[{\"@type\":\"CommentAction\",\"name\":\"Comment\",\"target\":[\"https:\/\/modoviajeok.com.ar\/index.php\/2025\/04\/08\/cordoba-propone-una-atractiva-agenda-para-la-semana-santa\/#respond\"]}]},{\"@type\":\"WebPage\",\"@id\":\"https:\/\/modoviajeok.com.ar\/index.php\/2025\/04\/08\/cordoba-propone-una-atractiva-agenda-para-la-semana-santa\/\",\"url\":\"https:\/\/modoviajeok.com.ar\/index.php\/2025\/04\/08\/cordoba-propone-una-atractiva-agenda-para-la-semana-santa\/\",\"name\":\"Qu\u00e9 hacer en Semana Santa en C\u00f3rdoba -\",\"isPartOf\":{\"@id\":\"https:\/\/modoviajeok.com.ar\/#website\"},\"primaryImageOfPage\":{\"@id\":\"https:\/\/modoviajeok.com.ar\/index.php\/2025\/04\/08\/cordoba-propone-una-atractiva-agenda-para-la-semana-santa\/#primaryimage\"},\"image\":{\"@id\":\"https:\/\/modoviajeok.com.ar\/index.php\/2025\/04\/08\/cordoba-propone-una-atractiva-agenda-para-la-semana-santa\/#primaryimage\"},\"thumbnailUrl\":\"https:\/\/modoviajeok.com.ar\/wp-content\/uploads\/2025\/04\/camino-del-peregrino-3.jpg\",\"datePublished\":\"2025-04-09T00:07:39+00:00\",\"dateModified\":\"2025-04-10T14:14:23+00:00\",\"breadcrumb\":{\"@id\":\"https:\/\/modoviajeok.com.ar\/index.php\/2025\/04\/08\/cordoba-propone-una-atractiva-agenda-para-la-semana-santa\/#breadcrumb\"},\"inLanguage\":\"es\",\"potentialAction\":[{\"@type\":\"ReadAction\",\"target\":[\"https:\/\/modoviajeok.com.ar\/index.php\/2025\/04\/08\/cordoba-propone-una-atractiva-agenda-para-la-semana-santa\/\"]}]},{\"@type\":\"ImageObject\",\"inLanguage\":\"es\",\"@id\":\"https:\/\/modoviajeok.com.ar\/index.php\/2025\/04\/08\/cordoba-propone-una-atractiva-agenda-para-la-semana-santa\/#primaryimage\",\"url\":\"https:\/\/modoviajeok.com.ar\/wp-content\/uploads\/2025\/04\/camino-del-peregrino-3.jpg\",\"contentUrl\":\"https:\/\/modoviajeok.com.ar\/wp-content\/uploads\/2025\/04\/camino-del-peregrino-3.jpg\",\"width\":1200,\"height\":735},{\"@type\":\"BreadcrumbList\",\"@id\":\"https:\/\/modoviajeok.com.ar\/index.php\/2025\/04\/08\/cordoba-propone-una-atractiva-agenda-para-la-semana-santa\/#breadcrumb\",\"itemListElement\":[{\"@type\":\"ListItem\",\"position\":1,\"name\":\"Portada\",\"item\":\"https:\/\/modoviajeok.com.ar\/\"},{\"@type\":\"ListItem\",\"position\":2,\"name\":\"Qu\u00e9 hacer en Semana Santa en C\u00f3rdoba\"}]},{\"@type\":\"WebSite\",\"@id\":\"https:\/\/modoviajeok.com.ar\/#website\",\"url\":\"https:\/\/modoviajeok.com.ar\/\",\"name\":\"ModoViajeOK\",\"description\":\"\",\"publisher\":{\"@id\":\"https:\/\/modoviajeok.com.ar\/#organization\"},\"potentialAction\":[{\"@type\":\"SearchAction\",\"target\":{\"@type\":\"EntryPoint\",\"urlTemplate\":\"https:\/\/modoviajeok.com.ar\/?s={search_term_string}\"},\"query-input\":{\"@type\":\"PropertyValueSpecification\",\"valueRequired\":true,\"valueName\":\"search_term_string\"}}],\"inLanguage\":\"es\"},{\"@type\":\"Organization\",\"@id\":\"https:\/\/modoviajeok.com.ar\/#organization\",\"name\":\"ModoViajeOK\",\"url\":\"https:\/\/modoviajeok.com.ar\/\",\"logo\":{\"@type\":\"ImageObject\",\"inLanguage\":\"es\",\"@id\":\"https:\/\/modoviajeok.com.ar\/#\/schema\/logo\/image\/\",\"url\":\"https:\/\/modoviajeok.com.ar\/wp-content\/uploads\/2025\/01\/Logo-modoviajeok.png\",\"contentUrl\":\"https:\/\/modoviajeok.com.ar\/wp-content\/uploads\/2025\/01\/Logo-modoviajeok.png\",\"width\":2938,\"height\":2276,\"caption\":\"ModoViajeOK\"},\"image\":{\"@id\":\"https:\/\/modoviajeok.com.ar\/#\/schema\/logo\/image\/\"},\"sameAs\":[\"https:\/\/www.facebook.com\/mariana.otero1\/\",\"https:\/\/www.instagram.com\/modoviaje.ok\/\"]},{\"@type\":\"Person\",\"@id\":\"https:\/\/modoviajeok.com.ar\/#\/schema\/person\/2e299ed0d3d412a01d244fe28260d7f5\",\"name\":\"Pepe Segura\",\"image\":{\"@type\":\"ImageObject\",\"inLanguage\":\"es\",\"@id\":\"https:\/\/modoviajeok.com.ar\/#\/schema\/person\/image\/\",\"url\":\"https:\/\/secure.gravatar.com\/avatar\/65eb4b34deed761327f5b2c5535b987318ae807900ac46426de7258f5de6d345?s=96&d=mm&r=g\",\"contentUrl\":\"https:\/\/secure.gravatar.com\/avatar\/65eb4b34deed761327f5b2c5535b987318ae807900ac46426de7258f5de6d345?s=96&d=mm&r=g\",\"caption\":\"Pepe Segura\"},\"url\":\"https:\/\/modoviajeok.com.ar\/index.php\/author\/pepe2025\/\"}]}<\/script>\n<!-- \/ Yoast SEO plugin. -->","yoast_head_json":{"title":"Qu\u00e9 hacer en Semana Santa en C\u00f3rdoba -","robots":{"index":"index","follow":"follow","max-snippet":"max-snippet:-1","max-image-preview":"max-image-preview:large","max-video-preview":"max-video-preview:-1"},"canonical":"https:\/\/modoviajeok.com.ar\/index.php\/2025\/04\/08\/cordoba-propone-una-atractiva-agenda-para-la-semana-santa\/","og_locale":"es_ES","og_type":"article","og_title":"Qu\u00e9 hacer en Semana Santa en C\u00f3rdoba -","og_description":"Ya sea en pueblos serranos, ciudades hist\u00f3ricas o valles encantadores, la provincia abre sus puertas para compartir lo mejor de su esencia en cada rinc\u00f3n. C\u00f3rdoba se prepara para vivir una Semana Santa 2025 a pleno del&nbsp;17 al 20 de abril, con propuestas que conjugan la espiritualidad, la tradici\u00f3n y los paisajes \u00fanicos de su [&hellip;]","og_url":"https:\/\/modoviajeok.com.ar\/index.php\/2025\/04\/08\/cordoba-propone-una-atractiva-agenda-para-la-semana-santa\/","article_publisher":"https:\/\/www.facebook.com\/mariana.otero1\/","article_published_time":"2025-04-09T00:07:39+00:00","article_modified_time":"2025-04-10T14:14:23+00:00","og_image":[{"width":1200,"height":735,"url":"https:\/\/modoviajeok.com.ar\/wp-content\/uploads\/2025\/04\/camino-del-peregrino-3.jpg","type":"image\/jpeg"}],"author":"Pepe Segura","twitter_card":"summary_large_image","twitter_misc":{"Escrito por":"Pepe Segura","Tiempo de lectura":"4 minutos"},"schema":{"@context":"https:\/\/schema.org","@graph":[{"@type":"Article","@id":"https:\/\/modoviajeok.com.ar\/index.php\/2025\/04\/08\/cordoba-propone-una-atractiva-agenda-para-la-semana-santa\/#article","isPartOf":{"@id":"https:\/\/modoviajeok.com.ar\/index.php\/2025\/04\/08\/cordoba-propone-una-atractiva-agenda-para-la-semana-santa\/"},"author":{"name":"Pepe Segura","@id":"https:\/\/modoviajeok.com.ar\/#\/schema\/person\/2e299ed0d3d412a01d244fe28260d7f5"},"headline":"Qu\u00e9 hacer en Semana Santa en C\u00f3rdoba","datePublished":"2025-04-09T00:07:39+00:00","dateModified":"2025-04-10T14:14:23+00:00","mainEntityOfPage":{"@id":"https:\/\/modoviajeok.com.ar\/index.php\/2025\/04\/08\/cordoba-propone-una-atractiva-agenda-para-la-semana-santa\/"},"wordCount":710,"commentCount":0,"publisher":{"@id":"https:\/\/modoviajeok.com.ar\/#organization"},"image":{"@id":"https:\/\/modoviajeok.com.ar\/index.php\/2025\/04\/08\/cordoba-propone-una-atractiva-agenda-para-la-semana-santa\/#primaryimage"},"thumbnailUrl":"https:\/\/modoviajeok.com.ar\/wp-content\/uploads\/2025\/04\/camino-del-peregrino-3.jpg","keywords":["camino del peregrino","c\u00f3rdoba","semana santa"],"articleSection":["C\u00f3rdoba","Noticias"],"inLanguage":"es","potentialAction":[{"@type":"CommentAction","name":"Comment","target":["https:\/\/modoviajeok.com.ar\/index.php\/2025\/04\/08\/cordoba-propone-una-atractiva-agenda-para-la-semana-santa\/#respond"]}]},{"@type":"WebPage","@id":"https:\/\/modoviajeok.com.ar\/index.php\/2025\/04\/08\/cordoba-propone-una-atractiva-agenda-para-la-semana-santa\/","url":"https:\/\/modoviajeok.com.ar\/index.php\/2025\/04\/08\/cordoba-propone-una-atractiva-agenda-para-la-semana-santa\/","name":"Qu\u00e9 hacer en Semana Santa en C\u00f3rdoba -","isPartOf":{"@id":"https:\/\/modoviajeok.com.ar\/#website"},"primaryImageOfPage":{"@id":"https:\/\/modoviajeok.com.ar\/index.php\/2025\/04\/08\/cordoba-propone-una-atractiva-agenda-para-la-semana-santa\/#primaryimage"},"image":{"@id":"https:\/\/modoviajeok.com.ar\/index.php\/2025\/04\/08\/cordoba-propone-una-atractiva-agenda-para-la-semana-santa\/#primaryimage"},"thumbnailUrl":"https:\/\/modoviajeok.com.ar\/wp-content\/uploads\/2025\/04\/camino-del-peregrino-3.jpg","datePublished":"2025-04-09T00:07:39+00:00","dateModified":"2025-04-10T14:14:23+00:00","breadcrumb":{"@id":"https:\/\/modoviajeok.com.ar\/index.php\/2025\/04\/08\/cordoba-propone-una-atractiva-agenda-para-la-semana-santa\/#breadcrumb"},"inLanguage":"es","potentialAction":[{"@type":"ReadAction","target":["https:\/\/modoviajeok.com.ar\/index.php\/2025\/04\/08\/cordoba-propone-una-atractiva-agenda-para-la-semana-santa\/"]}]},{"@type":"ImageObject","inLanguage":"es","@id":"https:\/\/modoviajeok.com.ar\/index.php\/2025\/04\/08\/cordoba-propone-una-atractiva-agenda-para-la-semana-santa\/#primaryimage","url":"https:\/\/modoviajeok.com.ar\/wp-content\/uploads\/2025\/04\/camino-del-peregrino-3.jpg","contentUrl":"https:\/\/modoviajeok.com.ar\/wp-content\/uploads\/2025\/04\/camino-del-peregrino-3.jpg","width":1200,"height":735},{"@type":"BreadcrumbList","@id":"https:\/\/modoviajeok.com.ar\/index.php\/2025\/04\/08\/cordoba-propone-una-atractiva-agenda-para-la-semana-santa\/#breadcrumb","itemListElement":[{"@type":"ListItem","position":1,"name":"Portada","item":"https:\/\/modoviajeok.com.ar\/"},{"@type":"ListItem","position":2,"name":"Qu\u00e9 hacer en Semana Santa en C\u00f3rdoba"}]},{"@type":"WebSite","@id":"https:\/\/modoviajeok.com.ar\/#website","url":"https:\/\/modoviajeok.com.ar\/","name":"ModoViajeOK","description":"","publisher":{"@id":"https:\/\/modoviajeok.com.ar\/#organization"},"potentialAction":[{"@type":"SearchAction","target":{"@type":"EntryPoint","urlTemplate":"https:\/\/modoviajeok.com.ar\/?s={search_term_string}"},"query-input":{"@type":"PropertyValueSpecification","valueRequired":true,"valueName":"search_term_string"}}],"inLanguage":"es"},{"@type":"Organization","@id":"https:\/\/modoviajeok.com.ar\/#organization","name":"ModoViajeOK","url":"https:\/\/modoviajeok.com.ar\/","logo":{"@type":"ImageObject","inLanguage":"es","@id":"https:\/\/modoviajeok.com.ar\/#\/schema\/logo\/image\/","url":"https:\/\/modoviajeok.com.ar\/wp-content\/uploads\/2025\/01\/Logo-modoviajeok.png","contentUrl":"https:\/\/modoviajeok.com.ar\/wp-content\/uploads\/2025\/01\/Logo-modoviajeok.png","width":2938,"height":2276,"caption":"ModoViajeOK"},"image":{"@id":"https:\/\/modoviajeok.com.ar\/#\/schema\/logo\/image\/"},"sameAs":["https:\/\/www.facebook.com\/mariana.otero1\/","https:\/\/www.instagram.com\/modoviaje.ok\/"]},{"@type":"Person","@id":"https:\/\/modoviajeok.com.ar\/#\/schema\/person\/2e299ed0d3d412a01d244fe28260d7f5","name":"Pepe Segura","image":{"@type":"ImageObject","inLanguage":"es","@id":"https:\/\/modoviajeok.com.ar\/#\/schema\/person\/image\/","url":"https:\/\/secure.gravatar.com\/avatar\/65eb4b34deed761327f5b2c5535b987318ae807900ac46426de7258f5de6d345?s=96&d=mm&r=g","contentUrl":"https:\/\/secure.gravatar.com\/avatar\/65eb4b34deed761327f5b2c5535b987318ae807900ac46426de7258f5de6d345?s=96&d=mm&r=g","caption":"Pepe Segura"},"url":"https:\/\/modoviajeok.com.ar\/index.php\/author\/pepe2025\/"}]}},"_links":{"self":[{"href":"https:\/\/modoviajeok.com.ar\/index.php\/wp-json\/wp\/v2\/posts\/3231","targetHints":{"allow":["GET"]}}],"collection":[{"href":"https:\/\/modoviajeok.com.ar\/index.php\/wp-json\/wp\/v2\/posts"}],"about":[{"href":"https:\/\/modoviajeok.com.ar\/index.php\/wp-json\/wp\/v2\/types\/post"}],"author":[{"embeddable":true,"href":"https:\/\/modoviajeok.com.ar\/index.php\/wp-json\/wp\/v2\/users\/3"}],"replies":[{"embeddable":true,"href":"https:\/\/modoviajeok.com.ar\/index.php\/wp-json\/wp\/v2\/comments?post=3231"}],"version-history":[{"count":2,"href":"https:\/\/modoviajeok.com.ar\/index.php\/wp-json\/wp\/v2\/posts\/3231\/revisions"}],"predecessor-version":[{"id":3254,"href":"https:\/\/modoviajeok.com.ar\/index.php\/wp-json\/wp\/v2\/posts\/3231\/revisions\/3254"}],"wp:featuredmedia":[{"embeddable":true,"href":"https:\/\/modoviajeok.com.ar\/index.php\/wp-json\/wp\/v2\/media\/3234"}],"wp:attachment":[{"href":"https:\/\/modoviajeok.com.ar\/index.php\/wp-json\/wp\/v2\/media?parent=3231"}],"wp:term":[{"taxonomy":"category","embeddable":true,"href":"https:\/\/modoviajeok.com.ar\/index.php\/wp-json\/wp\/v2\/categories?post=3231"},{"taxonomy":"post_tag","embeddable":true,"href":"https:\/\/modoviajeok.com.ar\/index.php\/wp-json\/wp\/v2\/tags?post=3231"}],"curies":[{"name":"wp","href":"https:\/\/api.w.org\/{rel}","templated":true}]}}