{"id":3259,"date":"2025-04-15T12:06:55","date_gmt":"2025-04-15T15:06:55","guid":{"rendered":"https:\/\/modoviajeok.com.ar\/?p=3259"},"modified":"2025-04-10T20:08:36","modified_gmt":"2025-04-10T23:08:36","slug":"la-otra-santa-catalina","status":"publish","type":"post","link":"https:\/\/modoviajeok.com.ar\/index.php\/2025\/04\/15\/la-otra-santa-catalina\/","title":{"rendered":"La otra Santa Catalina"},"content":{"rendered":"\n<p>Las grandes historias a veces apagan a las m\u00e1s peque\u00f1as, al entramado silencioso de voces y pasos de distintos tiempos. Vale escucharlas.<\/p>\n\n\n\n<p>Hace 402 a\u00f1os, en lo que hoy es el paraje rural cordob\u00e9s Santa Catalina del departamento Totoral, los jesuitas levantaron la tercera de las estancias de la Compa\u00f1\u00eda de Jes\u00fas en la provincia de C\u00f3rdoba.&nbsp;<\/p>\n\n\n\n<figure class=\"wp-block-image size-full\"><img loading=\"lazy\" decoding=\"async\" width=\"1600\" height=\"1204\" src=\"https:\/\/modoviajeok.com.ar\/wp-content\/uploads\/2025\/04\/WhatsApp-Image-2025-04-10-at-11.41.26.jpeg\" alt=\"\" class=\"wp-image-3260\" srcset=\"https:\/\/modoviajeok.com.ar\/wp-content\/uploads\/2025\/04\/WhatsApp-Image-2025-04-10-at-11.41.26.jpeg 1600w, https:\/\/modoviajeok.com.ar\/wp-content\/uploads\/2025\/04\/WhatsApp-Image-2025-04-10-at-11.41.26-768x578.jpeg 768w, https:\/\/modoviajeok.com.ar\/wp-content\/uploads\/2025\/04\/WhatsApp-Image-2025-04-10-at-11.41.26-1536x1156.jpeg 1536w, https:\/\/modoviajeok.com.ar\/wp-content\/uploads\/2025\/04\/WhatsApp-Image-2025-04-10-at-11.41.26-558x420.jpeg 558w, https:\/\/modoviajeok.com.ar\/wp-content\/uploads\/2025\/04\/WhatsApp-Image-2025-04-10-at-11.41.26-80x60.jpeg 80w, https:\/\/modoviajeok.com.ar\/wp-content\/uploads\/2025\/04\/WhatsApp-Image-2025-04-10-at-11.41.26-150x113.jpeg 150w, https:\/\/modoviajeok.com.ar\/wp-content\/uploads\/2025\/04\/WhatsApp-Image-2025-04-10-at-11.41.26-300x226.jpeg 300w, https:\/\/modoviajeok.com.ar\/wp-content\/uploads\/2025\/04\/WhatsApp-Image-2025-04-10-at-11.41.26-696x524.jpeg 696w, https:\/\/modoviajeok.com.ar\/wp-content\/uploads\/2025\/04\/WhatsApp-Image-2025-04-10-at-11.41.26-1068x804.jpeg 1068w, https:\/\/modoviajeok.com.ar\/wp-content\/uploads\/2025\/04\/WhatsApp-Image-2025-04-10-at-11.41.26-265x198.jpeg 265w\" sizes=\"auto, (max-width: 1600px) 100vw, 1600px\" \/><\/figure>\n\n\n\n<p>Es una de las joyas arquitect\u00f3nicas del pa\u00eds, declarada Patrimonio Cultural de la Humanidad por la Unesco (2000), que est\u00e1 conformada por la iglesia, los claustros, las galer\u00edas, los patios, los talleres, el tajamar y las rancher\u00edas.&nbsp;<\/p>\n\n\n\n<p>Tras la expulsi\u00f3n de la orden&nbsp; en 1767, la propiedad se remat\u00f3 y la compr\u00f3 Francisco Antonio D\u00edaz. Nunca cambi\u00f3 de due\u00f1o y hoy son m\u00e1s de 140 los herederos de casi medio centenar de familias de un frondoso \u00e1rbol geneal\u00f3gico.<\/p>\n\n\n\n\n\n<figure class=\"wp-block-image size-full\"><img loading=\"lazy\" decoding=\"async\" width=\"1204\" height=\"1600\" src=\"https:\/\/modoviajeok.com.ar\/wp-content\/uploads\/2025\/04\/WhatsApp-Image-2025-04-10-at-11.39.11-3.jpeg\" alt=\"\" class=\"wp-image-3261\" srcset=\"https:\/\/modoviajeok.com.ar\/wp-content\/uploads\/2025\/04\/WhatsApp-Image-2025-04-10-at-11.39.11-3.jpeg 1204w, https:\/\/modoviajeok.com.ar\/wp-content\/uploads\/2025\/04\/WhatsApp-Image-2025-04-10-at-11.39.11-3-768x1021.jpeg 768w, https:\/\/modoviajeok.com.ar\/wp-content\/uploads\/2025\/04\/WhatsApp-Image-2025-04-10-at-11.39.11-3-1156x1536.jpeg 1156w, https:\/\/modoviajeok.com.ar\/wp-content\/uploads\/2025\/04\/WhatsApp-Image-2025-04-10-at-11.39.11-3-316x420.jpeg 316w, https:\/\/modoviajeok.com.ar\/wp-content\/uploads\/2025\/04\/WhatsApp-Image-2025-04-10-at-11.39.11-3-150x199.jpeg 150w, https:\/\/modoviajeok.com.ar\/wp-content\/uploads\/2025\/04\/WhatsApp-Image-2025-04-10-at-11.39.11-3-300x399.jpeg 300w, https:\/\/modoviajeok.com.ar\/wp-content\/uploads\/2025\/04\/WhatsApp-Image-2025-04-10-at-11.39.11-3-696x925.jpeg 696w, https:\/\/modoviajeok.com.ar\/wp-content\/uploads\/2025\/04\/WhatsApp-Image-2025-04-10-at-11.39.11-3-1068x1419.jpeg 1068w\" sizes=\"auto, (max-width: 1204px) 100vw, 1204px\" \/><\/figure>\n\n\n\n<p>Alrededor de aquella gran historia surgi\u00f3 el pueblo, habitado en la actualidad por unas 150 personas, con un v\u00ednculo profundo con la estancia.&nbsp;<\/p>\n\n\n\n<figure class=\"wp-block-image size-full\"><img loading=\"lazy\" decoding=\"async\" width=\"1600\" height=\"1204\" src=\"https:\/\/modoviajeok.com.ar\/wp-content\/uploads\/2025\/04\/WhatsApp-Image-2025-04-10-at-11.39.11-1.jpeg\" alt=\"\" class=\"wp-image-3262\" srcset=\"https:\/\/modoviajeok.com.ar\/wp-content\/uploads\/2025\/04\/WhatsApp-Image-2025-04-10-at-11.39.11-1.jpeg 1600w, https:\/\/modoviajeok.com.ar\/wp-content\/uploads\/2025\/04\/WhatsApp-Image-2025-04-10-at-11.39.11-1-768x578.jpeg 768w, https:\/\/modoviajeok.com.ar\/wp-content\/uploads\/2025\/04\/WhatsApp-Image-2025-04-10-at-11.39.11-1-1536x1156.jpeg 1536w, https:\/\/modoviajeok.com.ar\/wp-content\/uploads\/2025\/04\/WhatsApp-Image-2025-04-10-at-11.39.11-1-558x420.jpeg 558w, https:\/\/modoviajeok.com.ar\/wp-content\/uploads\/2025\/04\/WhatsApp-Image-2025-04-10-at-11.39.11-1-80x60.jpeg 80w, https:\/\/modoviajeok.com.ar\/wp-content\/uploads\/2025\/04\/WhatsApp-Image-2025-04-10-at-11.39.11-1-150x113.jpeg 150w, https:\/\/modoviajeok.com.ar\/wp-content\/uploads\/2025\/04\/WhatsApp-Image-2025-04-10-at-11.39.11-1-300x226.jpeg 300w, https:\/\/modoviajeok.com.ar\/wp-content\/uploads\/2025\/04\/WhatsApp-Image-2025-04-10-at-11.39.11-1-696x524.jpeg 696w, https:\/\/modoviajeok.com.ar\/wp-content\/uploads\/2025\/04\/WhatsApp-Image-2025-04-10-at-11.39.11-1-1068x804.jpeg 1068w, https:\/\/modoviajeok.com.ar\/wp-content\/uploads\/2025\/04\/WhatsApp-Image-2025-04-10-at-11.39.11-1-265x198.jpeg 265w\" sizes=\"auto, (max-width: 1600px) 100vw, 1600px\" \/><\/figure>\n\n\n\n<p>Gran parte de sus pobladores nacieron y se criaron en el lugar y varias generaciones son y han sido trabajadores en la estancia. Son la otra historia de Santa Catalina.<\/p>\n\n\n\n<p>Mar\u00eda del Carmen Cabrera, conocida como Mari\u00edta (72), es la propietaria del bar que funciona en los antiguos obradores de la estancia. Cuenta que casi todas las mujeres de su familia, desde su tatarabuela hasta ella, cocinaron para los herederos. \u201cSanta Catalina es todo; es mi vida\u201d, asegura. Mari\u00edta tambi\u00e9n es sacristana de la iglesia. \u201cEntr\u00e1s y hay una paz terrible. Cuando voy a cambiar flores estoy sola ah\u00ed adentro; eso no se paga con nada\u201d, piensa.<\/p>\n\n\n\n<figure class=\"wp-block-image size-full\"><img loading=\"lazy\" decoding=\"async\" width=\"1600\" height=\"1204\" src=\"https:\/\/modoviajeok.com.ar\/wp-content\/uploads\/2025\/04\/WhatsApp-Image-2025-04-10-at-11.39.11-4.jpeg\" alt=\"\" class=\"wp-image-3263\" srcset=\"https:\/\/modoviajeok.com.ar\/wp-content\/uploads\/2025\/04\/WhatsApp-Image-2025-04-10-at-11.39.11-4.jpeg 1600w, https:\/\/modoviajeok.com.ar\/wp-content\/uploads\/2025\/04\/WhatsApp-Image-2025-04-10-at-11.39.11-4-768x578.jpeg 768w, https:\/\/modoviajeok.com.ar\/wp-content\/uploads\/2025\/04\/WhatsApp-Image-2025-04-10-at-11.39.11-4-1536x1156.jpeg 1536w, https:\/\/modoviajeok.com.ar\/wp-content\/uploads\/2025\/04\/WhatsApp-Image-2025-04-10-at-11.39.11-4-558x420.jpeg 558w, https:\/\/modoviajeok.com.ar\/wp-content\/uploads\/2025\/04\/WhatsApp-Image-2025-04-10-at-11.39.11-4-80x60.jpeg 80w, https:\/\/modoviajeok.com.ar\/wp-content\/uploads\/2025\/04\/WhatsApp-Image-2025-04-10-at-11.39.11-4-150x113.jpeg 150w, https:\/\/modoviajeok.com.ar\/wp-content\/uploads\/2025\/04\/WhatsApp-Image-2025-04-10-at-11.39.11-4-300x226.jpeg 300w, https:\/\/modoviajeok.com.ar\/wp-content\/uploads\/2025\/04\/WhatsApp-Image-2025-04-10-at-11.39.11-4-696x524.jpeg 696w, https:\/\/modoviajeok.com.ar\/wp-content\/uploads\/2025\/04\/WhatsApp-Image-2025-04-10-at-11.39.11-4-1068x804.jpeg 1068w, https:\/\/modoviajeok.com.ar\/wp-content\/uploads\/2025\/04\/WhatsApp-Image-2025-04-10-at-11.39.11-4-265x198.jpeg 265w\" sizes=\"auto, (max-width: 1600px) 100vw, 1600px\" \/><\/figure>\n\n\n\n<p>Oscar Lescano (84) y Graciela Gonz\u00e1lez (78) vivieron casi toda la vida en Santa Catalina. El naci\u00f3 all\u00ed y ella, desde que se cas\u00f3 con Oscar. Explican que es un pueblo sencillo y tranquilo al que le faltan algunos servicios. Oscar era pe\u00f3n de campo; y en la estancia limpiaba estanques y arreglaba alambrados. Igual que su padre.&nbsp;<\/p>\n\n\n\n<figure class=\"wp-block-image size-full\"><img loading=\"lazy\" decoding=\"async\" width=\"1204\" height=\"1600\" src=\"https:\/\/modoviajeok.com.ar\/wp-content\/uploads\/2025\/04\/WhatsApp-Image-2025-04-10-at-11.39.12-6.jpeg\" alt=\"\" class=\"wp-image-3264\" srcset=\"https:\/\/modoviajeok.com.ar\/wp-content\/uploads\/2025\/04\/WhatsApp-Image-2025-04-10-at-11.39.12-6.jpeg 1204w, https:\/\/modoviajeok.com.ar\/wp-content\/uploads\/2025\/04\/WhatsApp-Image-2025-04-10-at-11.39.12-6-768x1021.jpeg 768w, https:\/\/modoviajeok.com.ar\/wp-content\/uploads\/2025\/04\/WhatsApp-Image-2025-04-10-at-11.39.12-6-1156x1536.jpeg 1156w, https:\/\/modoviajeok.com.ar\/wp-content\/uploads\/2025\/04\/WhatsApp-Image-2025-04-10-at-11.39.12-6-316x420.jpeg 316w, https:\/\/modoviajeok.com.ar\/wp-content\/uploads\/2025\/04\/WhatsApp-Image-2025-04-10-at-11.39.12-6-150x199.jpeg 150w, https:\/\/modoviajeok.com.ar\/wp-content\/uploads\/2025\/04\/WhatsApp-Image-2025-04-10-at-11.39.12-6-300x399.jpeg 300w, https:\/\/modoviajeok.com.ar\/wp-content\/uploads\/2025\/04\/WhatsApp-Image-2025-04-10-at-11.39.12-6-696x925.jpeg 696w, https:\/\/modoviajeok.com.ar\/wp-content\/uploads\/2025\/04\/WhatsApp-Image-2025-04-10-at-11.39.12-6-1068x1419.jpeg 1068w\" sizes=\"auto, (max-width: 1204px) 100vw, 1204px\" \/><\/figure>\n\n\n\n<p>Graciela era cocinera de los herederos. Lo disfrutaba. Hoy, su hija Andrea ayuda con la limpieza de los claustros. \u201cCuando empec\u00e9 a trabajar con ellos me prestaron la vivienda. A Dios gracias que todav\u00eda estoy en esta casa\u201d, dice, en el patio que alguna vez fue una pista de baile.&nbsp;<\/p>\n\n\n\n<p>Como siempre sucede, la historia contin\u00faa y se transforma: en Santa Catalina, los turistas se asombran con los relatos del pasado mientras la gente del paraje teje las del presente.<\/p>\n\n\n\n<figure class=\"wp-block-image size-full\"><img loading=\"lazy\" decoding=\"async\" width=\"1600\" height=\"1204\" src=\"https:\/\/modoviajeok.com.ar\/wp-content\/uploads\/2025\/04\/WhatsApp-Image-2025-04-10-at-11.41.26-3.jpeg\" alt=\"\" class=\"wp-image-3265\" srcset=\"https:\/\/modoviajeok.com.ar\/wp-content\/uploads\/2025\/04\/WhatsApp-Image-2025-04-10-at-11.41.26-3.jpeg 1600w, https:\/\/modoviajeok.com.ar\/wp-content\/uploads\/2025\/04\/WhatsApp-Image-2025-04-10-at-11.41.26-3-768x578.jpeg 768w, https:\/\/modoviajeok.com.ar\/wp-content\/uploads\/2025\/04\/WhatsApp-Image-2025-04-10-at-11.41.26-3-1536x1156.jpeg 1536w, https:\/\/modoviajeok.com.ar\/wp-content\/uploads\/2025\/04\/WhatsApp-Image-2025-04-10-at-11.41.26-3-558x420.jpeg 558w, https:\/\/modoviajeok.com.ar\/wp-content\/uploads\/2025\/04\/WhatsApp-Image-2025-04-10-at-11.41.26-3-80x60.jpeg 80w, https:\/\/modoviajeok.com.ar\/wp-content\/uploads\/2025\/04\/WhatsApp-Image-2025-04-10-at-11.41.26-3-150x113.jpeg 150w, https:\/\/modoviajeok.com.ar\/wp-content\/uploads\/2025\/04\/WhatsApp-Image-2025-04-10-at-11.41.26-3-300x226.jpeg 300w, https:\/\/modoviajeok.com.ar\/wp-content\/uploads\/2025\/04\/WhatsApp-Image-2025-04-10-at-11.41.26-3-696x524.jpeg 696w, https:\/\/modoviajeok.com.ar\/wp-content\/uploads\/2025\/04\/WhatsApp-Image-2025-04-10-at-11.41.26-3-1068x804.jpeg 1068w, https:\/\/modoviajeok.com.ar\/wp-content\/uploads\/2025\/04\/WhatsApp-Image-2025-04-10-at-11.41.26-3-265x198.jpeg 265w\" sizes=\"auto, (max-width: 1600px) 100vw, 1600px\" \/><\/figure>\n\n\n\n<figure class=\"wp-block-image size-full\"><img loading=\"lazy\" decoding=\"async\" width=\"1204\" height=\"1600\" src=\"https:\/\/modoviajeok.com.ar\/wp-content\/uploads\/2025\/04\/WhatsApp-Image-2025-04-10-at-11.39.12-4.jpeg\" alt=\"\" class=\"wp-image-3266\" srcset=\"https:\/\/modoviajeok.com.ar\/wp-content\/uploads\/2025\/04\/WhatsApp-Image-2025-04-10-at-11.39.12-4.jpeg 1204w, https:\/\/modoviajeok.com.ar\/wp-content\/uploads\/2025\/04\/WhatsApp-Image-2025-04-10-at-11.39.12-4-768x1021.jpeg 768w, https:\/\/modoviajeok.com.ar\/wp-content\/uploads\/2025\/04\/WhatsApp-Image-2025-04-10-at-11.39.12-4-1156x1536.jpeg 1156w, https:\/\/modoviajeok.com.ar\/wp-content\/uploads\/2025\/04\/WhatsApp-Image-2025-04-10-at-11.39.12-4-316x420.jpeg 316w, https:\/\/modoviajeok.com.ar\/wp-content\/uploads\/2025\/04\/WhatsApp-Image-2025-04-10-at-11.39.12-4-150x199.jpeg 150w, https:\/\/modoviajeok.com.ar\/wp-content\/uploads\/2025\/04\/WhatsApp-Image-2025-04-10-at-11.39.12-4-300x399.jpeg 300w, https:\/\/modoviajeok.com.ar\/wp-content\/uploads\/2025\/04\/WhatsApp-Image-2025-04-10-at-11.39.12-4-696x925.jpeg 696w, https:\/\/modoviajeok.com.ar\/wp-content\/uploads\/2025\/04\/WhatsApp-Image-2025-04-10-at-11.39.12-4-1068x1419.jpeg 1068w\" sizes=\"auto, (max-width: 1204px) 100vw, 1204px\" \/><\/figure>\n\n\n\n<p>Esta nota fue publicada originalmente en <a href=\"https:\/\/convivimos.naranjax.com\/portada\/2024\/la-otra-santa-catalina\/\">Revista Convivimos<\/a>.<\/p>\n","protected":false},"excerpt":{"rendered":"<p>Las grandes historias a veces apagan a las m\u00e1s peque\u00f1as, al entramado silencioso de voces y pasos de distintos tiempos. Vale escucharlas. Hace 402 a\u00f1os, en lo que hoy es el paraje rural cordob\u00e9s Santa Catalina del departamento Totoral, los jesuitas levantaron la tercera de las estancias de la Compa\u00f1\u00eda de Jes\u00fas en la provincia [&hellip;]<\/p>\n","protected":false},"author":2,"featured_media":3262,"comment_status":"open","ping_status":"open","sticky":false,"template":"","format":"standard","meta":{"_acf_changed":false,"footnotes":""},"categories":[11,2],"tags":[48,39,783,454,782,161],"class_list":{"0":"post-3259","1":"post","2":"type-post","3":"status-publish","4":"format-standard","5":"has-post-thumbnail","7":"category-cordoba","8":"category-destacadas","9":"tag-cordoba","10":"tag-cultura","11":"tag-estancia-jesuitica","12":"tag-patrimonio-de-la-humanidad","13":"tag-santa-catalina","14":"tag-unesco"},"acf":[],"yoast_head":"<!-- This site is optimized with the Yoast SEO plugin v24.8.1 - https:\/\/yoast.com\/wordpress\/plugins\/seo\/ -->\n<title>La historia desconocida de la estancia jesu\u00edtica Santa Catalina -<\/title>\n<meta name=\"description\" content=\"La estancia jesu\u00edtica Santa Catalina es una joya patrimonial de la provincia de C\u00f3rdoba. Declarada Patrimonio de la Humanidad por la Unesco.\" \/>\n<meta name=\"robots\" content=\"index, follow, max-snippet:-1, max-image-preview:large, max-video-preview:-1\" \/>\n<link rel=\"canonical\" href=\"https:\/\/modoviajeok.com.ar\/index.php\/2025\/04\/15\/la-otra-santa-catalina\/\" \/>\n<meta property=\"og:locale\" content=\"es_ES\" \/>\n<meta property=\"og:type\" content=\"article\" \/>\n<meta property=\"og:title\" content=\"La historia desconocida de la estancia jesu\u00edtica Santa Catalina -\" \/>\n<meta property=\"og:description\" content=\"La estancia jesu\u00edtica Santa Catalina es una joya patrimonial de la provincia de C\u00f3rdoba. Declarada Patrimonio de la Humanidad por la Unesco.\" \/>\n<meta property=\"og:url\" content=\"https:\/\/modoviajeok.com.ar\/index.php\/2025\/04\/15\/la-otra-santa-catalina\/\" \/>\n<meta property=\"article:publisher\" content=\"https:\/\/www.facebook.com\/mariana.otero1\/\" \/>\n<meta property=\"article:published_time\" content=\"2025-04-15T15:06:55+00:00\" \/>\n<meta property=\"og:image\" content=\"https:\/\/modoviajeok.com.ar\/wp-content\/uploads\/2025\/04\/WhatsApp-Image-2025-04-10-at-11.39.11-1.jpeg\" \/>\n\t<meta property=\"og:image:width\" content=\"1600\" \/>\n\t<meta property=\"og:image:height\" content=\"1204\" \/>\n\t<meta property=\"og:image:type\" content=\"image\/jpeg\" \/>\n<meta name=\"author\" content=\"Mariana Otero\" \/>\n<meta name=\"twitter:card\" content=\"summary_large_image\" \/>\n<meta name=\"twitter:label1\" content=\"Escrito por\" \/>\n\t<meta name=\"twitter:data1\" content=\"Mariana Otero\" \/>\n\t<meta name=\"twitter:label2\" content=\"Tiempo de lectura\" \/>\n\t<meta name=\"twitter:data2\" content=\"4 minutos\" \/>\n<script type=\"application\/ld+json\" class=\"yoast-schema-graph\">{\"@context\":\"https:\/\/schema.org\",\"@graph\":[{\"@type\":\"Article\",\"@id\":\"https:\/\/modoviajeok.com.ar\/index.php\/2025\/04\/15\/la-otra-santa-catalina\/#article\",\"isPartOf\":{\"@id\":\"https:\/\/modoviajeok.com.ar\/index.php\/2025\/04\/15\/la-otra-santa-catalina\/\"},\"author\":{\"name\":\"Mariana Otero\",\"@id\":\"https:\/\/modoviajeok.com.ar\/#\/schema\/person\/1187013488537969db5b1320484d24f4\"},\"headline\":\"La otra Santa Catalina\",\"datePublished\":\"2025-04-15T15:06:55+00:00\",\"mainEntityOfPage\":{\"@id\":\"https:\/\/modoviajeok.com.ar\/index.php\/2025\/04\/15\/la-otra-santa-catalina\/\"},\"wordCount\":439,\"commentCount\":0,\"publisher\":{\"@id\":\"https:\/\/modoviajeok.com.ar\/#organization\"},\"image\":{\"@id\":\"https:\/\/modoviajeok.com.ar\/index.php\/2025\/04\/15\/la-otra-santa-catalina\/#primaryimage\"},\"thumbnailUrl\":\"https:\/\/modoviajeok.com.ar\/wp-content\/uploads\/2025\/04\/WhatsApp-Image-2025-04-10-at-11.39.11-1.jpeg\",\"keywords\":[\"c\u00f3rdoba\",\"cultura\",\"estancia jesu\u00edtica\",\"patrimonio de la humanidad\",\"santa catalina\",\"Unesco\"],\"articleSection\":[\"C\u00f3rdoba\",\"Destacadas\"],\"inLanguage\":\"es\",\"potentialAction\":[{\"@type\":\"CommentAction\",\"name\":\"Comment\",\"target\":[\"https:\/\/modoviajeok.com.ar\/index.php\/2025\/04\/15\/la-otra-santa-catalina\/#respond\"]}]},{\"@type\":\"WebPage\",\"@id\":\"https:\/\/modoviajeok.com.ar\/index.php\/2025\/04\/15\/la-otra-santa-catalina\/\",\"url\":\"https:\/\/modoviajeok.com.ar\/index.php\/2025\/04\/15\/la-otra-santa-catalina\/\",\"name\":\"La historia desconocida de la estancia jesu\u00edtica Santa Catalina -\",\"isPartOf\":{\"@id\":\"https:\/\/modoviajeok.com.ar\/#website\"},\"primaryImageOfPage\":{\"@id\":\"https:\/\/modoviajeok.com.ar\/index.php\/2025\/04\/15\/la-otra-santa-catalina\/#primaryimage\"},\"image\":{\"@id\":\"https:\/\/modoviajeok.com.ar\/index.php\/2025\/04\/15\/la-otra-santa-catalina\/#primaryimage\"},\"thumbnailUrl\":\"https:\/\/modoviajeok.com.ar\/wp-content\/uploads\/2025\/04\/WhatsApp-Image-2025-04-10-at-11.39.11-1.jpeg\",\"datePublished\":\"2025-04-15T15:06:55+00:00\",\"description\":\"La estancia jesu\u00edtica Santa Catalina es una joya patrimonial de la provincia de C\u00f3rdoba. Declarada Patrimonio de la Humanidad por la Unesco.\",\"breadcrumb\":{\"@id\":\"https:\/\/modoviajeok.com.ar\/index.php\/2025\/04\/15\/la-otra-santa-catalina\/#breadcrumb\"},\"inLanguage\":\"es\",\"potentialAction\":[{\"@type\":\"ReadAction\",\"target\":[\"https:\/\/modoviajeok.com.ar\/index.php\/2025\/04\/15\/la-otra-santa-catalina\/\"]}]},{\"@type\":\"ImageObject\",\"inLanguage\":\"es\",\"@id\":\"https:\/\/modoviajeok.com.ar\/index.php\/2025\/04\/15\/la-otra-santa-catalina\/#primaryimage\",\"url\":\"https:\/\/modoviajeok.com.ar\/wp-content\/uploads\/2025\/04\/WhatsApp-Image-2025-04-10-at-11.39.11-1.jpeg\",\"contentUrl\":\"https:\/\/modoviajeok.com.ar\/wp-content\/uploads\/2025\/04\/WhatsApp-Image-2025-04-10-at-11.39.11-1.jpeg\",\"width\":1600,\"height\":1204},{\"@type\":\"BreadcrumbList\",\"@id\":\"https:\/\/modoviajeok.com.ar\/index.php\/2025\/04\/15\/la-otra-santa-catalina\/#breadcrumb\",\"itemListElement\":[{\"@type\":\"ListItem\",\"position\":1,\"name\":\"Portada\",\"item\":\"https:\/\/modoviajeok.com.ar\/\"},{\"@type\":\"ListItem\",\"position\":2,\"name\":\"La otra Santa Catalina\"}]},{\"@type\":\"WebSite\",\"@id\":\"https:\/\/modoviajeok.com.ar\/#website\",\"url\":\"https:\/\/modoviajeok.com.ar\/\",\"name\":\"ModoViajeOK\",\"description\":\"\",\"publisher\":{\"@id\":\"https:\/\/modoviajeok.com.ar\/#organization\"},\"potentialAction\":[{\"@type\":\"SearchAction\",\"target\":{\"@type\":\"EntryPoint\",\"urlTemplate\":\"https:\/\/modoviajeok.com.ar\/?s={search_term_string}\"},\"query-input\":{\"@type\":\"PropertyValueSpecification\",\"valueRequired\":true,\"valueName\":\"search_term_string\"}}],\"inLanguage\":\"es\"},{\"@type\":\"Organization\",\"@id\":\"https:\/\/modoviajeok.com.ar\/#organization\",\"name\":\"ModoViajeOK\",\"url\":\"https:\/\/modoviajeok.com.ar\/\",\"logo\":{\"@type\":\"ImageObject\",\"inLanguage\":\"es\",\"@id\":\"https:\/\/modoviajeok.com.ar\/#\/schema\/logo\/image\/\",\"url\":\"https:\/\/modoviajeok.com.ar\/wp-content\/uploads\/2025\/01\/Logo-modoviajeok.png\",\"contentUrl\":\"https:\/\/modoviajeok.com.ar\/wp-content\/uploads\/2025\/01\/Logo-modoviajeok.png\",\"width\":2938,\"height\":2276,\"caption\":\"ModoViajeOK\"},\"image\":{\"@id\":\"https:\/\/modoviajeok.com.ar\/#\/schema\/logo\/image\/\"},\"sameAs\":[\"https:\/\/www.facebook.com\/mariana.otero1\/\",\"https:\/\/www.instagram.com\/modoviaje.ok\/\"]},{\"@type\":\"Person\",\"@id\":\"https:\/\/modoviajeok.com.ar\/#\/schema\/person\/1187013488537969db5b1320484d24f4\",\"name\":\"Mariana Otero\",\"image\":{\"@type\":\"ImageObject\",\"inLanguage\":\"es\",\"@id\":\"https:\/\/modoviajeok.com.ar\/#\/schema\/person\/image\/\",\"url\":\"https:\/\/secure.gravatar.com\/avatar\/8a91a502a9336849a3500b9090c431bc1418f1d1263d893afeddba065f5add82?s=96&d=mm&r=g\",\"contentUrl\":\"https:\/\/secure.gravatar.com\/avatar\/8a91a502a9336849a3500b9090c431bc1418f1d1263d893afeddba065f5add82?s=96&d=mm&r=g\",\"caption\":\"Mariana Otero\"},\"url\":\"https:\/\/modoviajeok.com.ar\/index.php\/author\/mariana2025\/\"}]}<\/script>\n<!-- \/ Yoast SEO plugin. -->","yoast_head_json":{"title":"La historia desconocida de la estancia jesu\u00edtica Santa Catalina -","description":"La estancia jesu\u00edtica Santa Catalina es una joya patrimonial de la provincia de C\u00f3rdoba. Declarada Patrimonio de la Humanidad por la Unesco.","robots":{"index":"index","follow":"follow","max-snippet":"max-snippet:-1","max-image-preview":"max-image-preview:large","max-video-preview":"max-video-preview:-1"},"canonical":"https:\/\/modoviajeok.com.ar\/index.php\/2025\/04\/15\/la-otra-santa-catalina\/","og_locale":"es_ES","og_type":"article","og_title":"La historia desconocida de la estancia jesu\u00edtica Santa Catalina -","og_description":"La estancia jesu\u00edtica Santa Catalina es una joya patrimonial de la provincia de C\u00f3rdoba. Declarada Patrimonio de la Humanidad por la Unesco.","og_url":"https:\/\/modoviajeok.com.ar\/index.php\/2025\/04\/15\/la-otra-santa-catalina\/","article_publisher":"https:\/\/www.facebook.com\/mariana.otero1\/","article_published_time":"2025-04-15T15:06:55+00:00","og_image":[{"width":1600,"height":1204,"url":"https:\/\/modoviajeok.com.ar\/wp-content\/uploads\/2025\/04\/WhatsApp-Image-2025-04-10-at-11.39.11-1.jpeg","type":"image\/jpeg"}],"author":"Mariana Otero","twitter_card":"summary_large_image","twitter_misc":{"Escrito por":"Mariana Otero","Tiempo de lectura":"4 minutos"},"schema":{"@context":"https:\/\/schema.org","@graph":[{"@type":"Article","@id":"https:\/\/modoviajeok.com.ar\/index.php\/2025\/04\/15\/la-otra-santa-catalina\/#article","isPartOf":{"@id":"https:\/\/modoviajeok.com.ar\/index.php\/2025\/04\/15\/la-otra-santa-catalina\/"},"author":{"name":"Mariana Otero","@id":"https:\/\/modoviajeok.com.ar\/#\/schema\/person\/1187013488537969db5b1320484d24f4"},"headline":"La otra Santa Catalina","datePublished":"2025-04-15T15:06:55+00:00","mainEntityOfPage":{"@id":"https:\/\/modoviajeok.com.ar\/index.php\/2025\/04\/15\/la-otra-santa-catalina\/"},"wordCount":439,"commentCount":0,"publisher":{"@id":"https:\/\/modoviajeok.com.ar\/#organization"},"image":{"@id":"https:\/\/modoviajeok.com.ar\/index.php\/2025\/04\/15\/la-otra-santa-catalina\/#primaryimage"},"thumbnailUrl":"https:\/\/modoviajeok.com.ar\/wp-content\/uploads\/2025\/04\/WhatsApp-Image-2025-04-10-at-11.39.11-1.jpeg","keywords":["c\u00f3rdoba","cultura","estancia jesu\u00edtica","patrimonio de la humanidad","santa catalina","Unesco"],"articleSection":["C\u00f3rdoba","Destacadas"],"inLanguage":"es","potentialAction":[{"@type":"CommentAction","name":"Comment","target":["https:\/\/modoviajeok.com.ar\/index.php\/2025\/04\/15\/la-otra-santa-catalina\/#respond"]}]},{"@type":"WebPage","@id":"https:\/\/modoviajeok.com.ar\/index.php\/2025\/04\/15\/la-otra-santa-catalina\/","url":"https:\/\/modoviajeok.com.ar\/index.php\/2025\/04\/15\/la-otra-santa-catalina\/","name":"La historia desconocida de la estancia jesu\u00edtica Santa Catalina -","isPartOf":{"@id":"https:\/\/modoviajeok.com.ar\/#website"},"primaryImageOfPage":{"@id":"https:\/\/modoviajeok.com.ar\/index.php\/2025\/04\/15\/la-otra-santa-catalina\/#primaryimage"},"image":{"@id":"https:\/\/modoviajeok.com.ar\/index.php\/2025\/04\/15\/la-otra-santa-catalina\/#primaryimage"},"thumbnailUrl":"https:\/\/modoviajeok.com.ar\/wp-content\/uploads\/2025\/04\/WhatsApp-Image-2025-04-10-at-11.39.11-1.jpeg","datePublished":"2025-04-15T15:06:55+00:00","description":"La estancia jesu\u00edtica Santa Catalina es una joya patrimonial de la provincia de C\u00f3rdoba. Declarada Patrimonio de la Humanidad por la Unesco.","breadcrumb":{"@id":"https:\/\/modoviajeok.com.ar\/index.php\/2025\/04\/15\/la-otra-santa-catalina\/#breadcrumb"},"inLanguage":"es","potentialAction":[{"@type":"ReadAction","target":["https:\/\/modoviajeok.com.ar\/index.php\/2025\/04\/15\/la-otra-santa-catalina\/"]}]},{"@type":"ImageObject","inLanguage":"es","@id":"https:\/\/modoviajeok.com.ar\/index.php\/2025\/04\/15\/la-otra-santa-catalina\/#primaryimage","url":"https:\/\/modoviajeok.com.ar\/wp-content\/uploads\/2025\/04\/WhatsApp-Image-2025-04-10-at-11.39.11-1.jpeg","contentUrl":"https:\/\/modoviajeok.com.ar\/wp-content\/uploads\/2025\/04\/WhatsApp-Image-2025-04-10-at-11.39.11-1.jpeg","width":1600,"height":1204},{"@type":"BreadcrumbList","@id":"https:\/\/modoviajeok.com.ar\/index.php\/2025\/04\/15\/la-otra-santa-catalina\/#breadcrumb","itemListElement":[{"@type":"ListItem","position":1,"name":"Portada","item":"https:\/\/modoviajeok.com.ar\/"},{"@type":"ListItem","position":2,"name":"La otra Santa Catalina"}]},{"@type":"WebSite","@id":"https:\/\/modoviajeok.com.ar\/#website","url":"https:\/\/modoviajeok.com.ar\/","name":"ModoViajeOK","description":"","publisher":{"@id":"https:\/\/modoviajeok.com.ar\/#organization"},"potentialAction":[{"@type":"SearchAction","target":{"@type":"EntryPoint","urlTemplate":"https:\/\/modoviajeok.com.ar\/?s={search_term_string}"},"query-input":{"@type":"PropertyValueSpecification","valueRequired":true,"valueName":"search_term_string"}}],"inLanguage":"es"},{"@type":"Organization","@id":"https:\/\/modoviajeok.com.ar\/#organization","name":"ModoViajeOK","url":"https:\/\/modoviajeok.com.ar\/","logo":{"@type":"ImageObject","inLanguage":"es","@id":"https:\/\/modoviajeok.com.ar\/#\/schema\/logo\/image\/","url":"https:\/\/modoviajeok.com.ar\/wp-content\/uploads\/2025\/01\/Logo-modoviajeok.png","contentUrl":"https:\/\/modoviajeok.com.ar\/wp-content\/uploads\/2025\/01\/Logo-modoviajeok.png","width":2938,"height":2276,"caption":"ModoViajeOK"},"image":{"@id":"https:\/\/modoviajeok.com.ar\/#\/schema\/logo\/image\/"},"sameAs":["https:\/\/www.facebook.com\/mariana.otero1\/","https:\/\/www.instagram.com\/modoviaje.ok\/"]},{"@type":"Person","@id":"https:\/\/modoviajeok.com.ar\/#\/schema\/person\/1187013488537969db5b1320484d24f4","name":"Mariana Otero","image":{"@type":"ImageObject","inLanguage":"es","@id":"https:\/\/modoviajeok.com.ar\/#\/schema\/person\/image\/","url":"https:\/\/secure.gravatar.com\/avatar\/8a91a502a9336849a3500b9090c431bc1418f1d1263d893afeddba065f5add82?s=96&d=mm&r=g","contentUrl":"https:\/\/secure.gravatar.com\/avatar\/8a91a502a9336849a3500b9090c431bc1418f1d1263d893afeddba065f5add82?s=96&d=mm&r=g","caption":"Mariana Otero"},"url":"https:\/\/modoviajeok.com.ar\/index.php\/author\/mariana2025\/"}]}},"_links":{"self":[{"href":"https:\/\/modoviajeok.com.ar\/index.php\/wp-json\/wp\/v2\/posts\/3259","targetHints":{"allow":["GET"]}}],"collection":[{"href":"https:\/\/modoviajeok.com.ar\/index.php\/wp-json\/wp\/v2\/posts"}],"about":[{"href":"https:\/\/modoviajeok.com.ar\/index.php\/wp-json\/wp\/v2\/types\/post"}],"author":[{"embeddable":true,"href":"https:\/\/modoviajeok.com.ar\/index.php\/wp-json\/wp\/v2\/users\/2"}],"replies":[{"embeddable":true,"href":"https:\/\/modoviajeok.com.ar\/index.php\/wp-json\/wp\/v2\/comments?post=3259"}],"version-history":[{"count":1,"href":"https:\/\/modoviajeok.com.ar\/index.php\/wp-json\/wp\/v2\/posts\/3259\/revisions"}],"predecessor-version":[{"id":3284,"href":"https:\/\/modoviajeok.com.ar\/index.php\/wp-json\/wp\/v2\/posts\/3259\/revisions\/3284"}],"wp:featuredmedia":[{"embeddable":true,"href":"https:\/\/modoviajeok.com.ar\/index.php\/wp-json\/wp\/v2\/media\/3262"}],"wp:attachment":[{"href":"https:\/\/modoviajeok.com.ar\/index.php\/wp-json\/wp\/v2\/media?parent=3259"}],"wp:term":[{"taxonomy":"category","embeddable":true,"href":"https:\/\/modoviajeok.com.ar\/index.php\/wp-json\/wp\/v2\/categories?post=3259"},{"taxonomy":"post_tag","embeddable":true,"href":"https:\/\/modoviajeok.com.ar\/index.php\/wp-json\/wp\/v2\/tags?post=3259"}],"curies":[{"name":"wp","href":"https:\/\/api.w.org\/{rel}","templated":true}]}}