{"id":3295,"date":"2025-04-16T09:00:23","date_gmt":"2025-04-16T12:00:23","guid":{"rendered":"https:\/\/modoviajeok.com.ar\/?p=3295"},"modified":"2025-05-06T13:47:36","modified_gmt":"2025-05-06T16:47:36","slug":"cordoba-secreta-tras-las-huellas-historicas-artisticas-y-espirituales","status":"publish","type":"post","link":"https:\/\/modoviajeok.com.ar\/index.php\/2025\/04\/16\/cordoba-secreta-tras-las-huellas-historicas-artisticas-y-espirituales\/","title":{"rendered":"C\u00f3rdoba secreta: tras las huellas hist\u00f3ricas, art\u00edsticas y espirituales"},"content":{"rendered":"\n<figure class=\"wp-block-pullquote\"><blockquote><p><\/p><cite> .&nbsp;<\/cite><\/blockquote><\/figure>\n\n\n\n<figure class=\"wp-block-pullquote\"><blockquote><p>\u00abEn 40 a\u00f1os de fundada la ciudad, las principales \u00f3rdenes religiosas estaban en C\u00f3rdoba. Desde sus or\u00edgenes, C\u00f3rdoba fue cat\u00f3lica\u00bb, resume el sacerdote Carlos Ponza quien realiza mensualmente un apasionante recorrido hist\u00f3rico-espiritual por sus calles, museos y templos. .\u00a0<\/p><\/blockquote><\/figure>\n\n\n\n<p>El tiempo no corre en el precioso patio de estilo espa\u00f1ol del Museo de Arte Religioso Luis de Tejeda, en el coraz\u00f3n de la ciudad de C\u00f3rdoba.&nbsp;La imagen de la c\u00fapula o el cimborrio de la Catedral sigue siendo la misma que en el siglo XVII, XVIII y subsiguientes. Es un secreto a voces; all\u00ed est\u00e1, accesible a quien desee deleitarse. La ciudad est\u00e1 abarrotada de huellas art\u00edsticas, hist\u00f3ricas y patrimoniales en pocas manzanas alrededor de la antigua plaza mayor o plaza de armas (hoy San Mart\u00edn), pero hay que saber encontrarlas.&nbsp;<\/p>\n\n\n\n<figure class=\"wp-block-image size-full\"><img loading=\"lazy\" decoding=\"async\" width=\"2560\" height=\"1707\" src=\"https:\/\/modoviajeok.com.ar\/wp-content\/uploads\/2025\/04\/Convivimos-Cba-37-scaled.jpg\" alt=\"\" class=\"wp-image-3302\" srcset=\"https:\/\/modoviajeok.com.ar\/wp-content\/uploads\/2025\/04\/Convivimos-Cba-37-scaled.jpg 2560w, https:\/\/modoviajeok.com.ar\/wp-content\/uploads\/2025\/04\/Convivimos-Cba-37-768x512.jpg 768w, https:\/\/modoviajeok.com.ar\/wp-content\/uploads\/2025\/04\/Convivimos-Cba-37-1536x1024.jpg 1536w, https:\/\/modoviajeok.com.ar\/wp-content\/uploads\/2025\/04\/Convivimos-Cba-37-2048x1365.jpg 2048w, https:\/\/modoviajeok.com.ar\/wp-content\/uploads\/2025\/04\/Convivimos-Cba-37-630x420.jpg 630w, https:\/\/modoviajeok.com.ar\/wp-content\/uploads\/2025\/04\/Convivimos-Cba-37-150x100.jpg 150w, https:\/\/modoviajeok.com.ar\/wp-content\/uploads\/2025\/04\/Convivimos-Cba-37-300x200.jpg 300w, https:\/\/modoviajeok.com.ar\/wp-content\/uploads\/2025\/04\/Convivimos-Cba-37-696x464.jpg 696w, https:\/\/modoviajeok.com.ar\/wp-content\/uploads\/2025\/04\/Convivimos-Cba-37-1068x712.jpg 1068w, https:\/\/modoviajeok.com.ar\/wp-content\/uploads\/2025\/04\/Convivimos-Cba-37-1920x1280.jpg 1920w\" sizes=\"auto, (max-width: 2560px) 100vw, 2560px\" \/><\/figure>\n\n\n\n<p>El sacerdote Carlos Ponza realiza mensualmente un apasionante recorrido hist\u00f3rico-espiritual por sus calles, museos y templos. El circuito comienza en la plaza que desde su fundaci\u00f3n se erigi\u00f3 como centro econ\u00f3mico, familiar, civil y pol\u00edtico de la ciudad. Enfrente se ubican dos de las instituciones fundamentales de la colonia: el Cabildo y la iglesia matriz, luego Catedral. Ambas separadas por el pasaje Santa Catalina, la \u00fanica calle del trazado primitivo que queda en C\u00f3rdoba. Ponza explica que en el centro de la plaza se encontraba la picota, alrededor de la cual se le\u00edan los decretos del rey de Espa\u00f1a, se ajusticiaba a los delincuentes y la gente se informaba y hac\u00eda sociales. Era el pulm\u00f3n de la ciudad.<\/p>\n\n\n\n<figure class=\"wp-block-image size-full\"><img loading=\"lazy\" decoding=\"async\" width=\"2560\" height=\"1707\" src=\"https:\/\/modoviajeok.com.ar\/wp-content\/uploads\/2025\/04\/Convivimos-Cba-5-scaled.jpg\" alt=\"\" class=\"wp-image-3297\" srcset=\"https:\/\/modoviajeok.com.ar\/wp-content\/uploads\/2025\/04\/Convivimos-Cba-5-scaled.jpg 2560w, https:\/\/modoviajeok.com.ar\/wp-content\/uploads\/2025\/04\/Convivimos-Cba-5-768x512.jpg 768w, https:\/\/modoviajeok.com.ar\/wp-content\/uploads\/2025\/04\/Convivimos-Cba-5-1536x1024.jpg 1536w, https:\/\/modoviajeok.com.ar\/wp-content\/uploads\/2025\/04\/Convivimos-Cba-5-2048x1365.jpg 2048w, https:\/\/modoviajeok.com.ar\/wp-content\/uploads\/2025\/04\/Convivimos-Cba-5-630x420.jpg 630w, https:\/\/modoviajeok.com.ar\/wp-content\/uploads\/2025\/04\/Convivimos-Cba-5-150x100.jpg 150w, https:\/\/modoviajeok.com.ar\/wp-content\/uploads\/2025\/04\/Convivimos-Cba-5-300x200.jpg 300w, https:\/\/modoviajeok.com.ar\/wp-content\/uploads\/2025\/04\/Convivimos-Cba-5-696x464.jpg 696w, https:\/\/modoviajeok.com.ar\/wp-content\/uploads\/2025\/04\/Convivimos-Cba-5-1068x712.jpg 1068w, https:\/\/modoviajeok.com.ar\/wp-content\/uploads\/2025\/04\/Convivimos-Cba-5-1920x1280.jpg 1920w\" sizes=\"auto, (max-width: 2560px) 100vw, 2560px\" \/><\/figure>\n\n\n\n<p>Para comprender el contexto, Ponza explica que desde sus or\u00edgenes C\u00f3rdoba fue cat\u00f3lica. En su trazado en forma de damero se destinaron manzanas completas a la espera de la llegada de las \u00f3rdenes religiosas.&nbsp;Los franciscanos fueron los primeros en arribar en 1575, dos a\u00f1os despu\u00e9s de la fundaci\u00f3n. Les siguieron los mercedarios, los jesuitas y, por \u00faltimo, los dominicos. \u201cEn 40 a\u00f1os de fundada la ciudad, las principales \u00f3rdenes religiosas estaban en C\u00f3rdoba\u201d, resume Ponza.&nbsp;La presencia de los jesuitas fue clave para el destino de los cordobeses. En su proyecto evangelizador para Am\u00e9rica, abrieron su noviciado y la casa de estudios, germen de la Universidad, por entonces la \u00fanica en la regi\u00f3n.<\/p>\n\n\n\n<p><strong>Caraffa en la Catedral<\/strong><\/p>\n\n\n\n<p>La iglesia matriz fue construida en diversas etapas, dirigidas por ingenieros jesuitas con la ayuda de los franciscanos.&nbsp;Es barroca, un estilo que el padre Ponza define como teatral, sinuoso, ondulado, de subida y bajadas. En la c\u00fapula con volutas y giros se percibe la mano de obra ind\u00edgena y su visi\u00f3n del mundo.&nbsp;En las esquinas de los campanarios los \u00e1ngeles tienen trompetas, pollera de plumas, botas y calzas.&nbsp;La construcci\u00f3n dur\u00f3 un siglo y la arquitectura refleja el paso del barroco al&nbsp;neocl\u00e1sico, a las figuras rectil\u00edneas. El t\u00edmpano o frontis recuerda a los templos griegos.&nbsp;Es una verdadera joya con algunas curiosidades.&nbsp;<\/p>\n\n\n\n<figure class=\"wp-block-image size-full\"><img loading=\"lazy\" decoding=\"async\" width=\"1155\" height=\"770\" src=\"https:\/\/modoviajeok.com.ar\/wp-content\/uploads\/2025\/04\/Convivimos-Cba-34.jpg\" alt=\"\" class=\"wp-image-3301\" srcset=\"https:\/\/modoviajeok.com.ar\/wp-content\/uploads\/2025\/04\/Convivimos-Cba-34.jpg 1155w, https:\/\/modoviajeok.com.ar\/wp-content\/uploads\/2025\/04\/Convivimos-Cba-34-768x512.jpg 768w, https:\/\/modoviajeok.com.ar\/wp-content\/uploads\/2025\/04\/Convivimos-Cba-34-630x420.jpg 630w, https:\/\/modoviajeok.com.ar\/wp-content\/uploads\/2025\/04\/Convivimos-Cba-34-150x100.jpg 150w, https:\/\/modoviajeok.com.ar\/wp-content\/uploads\/2025\/04\/Convivimos-Cba-34-300x200.jpg 300w, https:\/\/modoviajeok.com.ar\/wp-content\/uploads\/2025\/04\/Convivimos-Cba-34-696x464.jpg 696w, https:\/\/modoviajeok.com.ar\/wp-content\/uploads\/2025\/04\/Convivimos-Cba-34-1068x712.jpg 1068w\" sizes=\"auto, (max-width: 1155px) 100vw, 1155px\" \/><\/figure>\n\n\n\n<p>La preciosa puerta de roble tallado, por caso, pertenec\u00eda a los jesuitas, que fueron expulsados en 1767 por razones pol\u00edticas en Europa.&nbsp;La decoraci\u00f3n palaciega, tal como se la observa hoy, comenz\u00f3 a principios del siglo XX&nbsp;de la mano del genial artista catamarque\u00f1o Emilio Caraffa junto a pintores italianos.&nbsp;El p\u00falpito es una hermosura. All\u00ed predic\u00f3 Fray Mamerto Esqui\u00fa (enterrado en la Catedral) y el Cura Brochero como&nbsp;can\u00f3nico del templo.&nbsp;<\/p>\n\n\n\n<p>Caraffa se cas\u00f3 con una de sus alumnas Elisa Garz\u00f3n, de una reconocida familia local.&nbsp; Y ese no es un dato menor.&nbsp;\u201cEl matrimonio le abre la puerta a la sociedad cordobesa y al mundo pol\u00edtico\u201d, explica Ponza.&nbsp;El artista pinta \u201cLa exaltaci\u00f3n de Jes\u00fas\u201d en telas que luego fueron pegadas en el techo.&nbsp;En el friso aparece la cruz, la Virgen, Santo Domingo, Dante Alighieri y un \u00e1ngel con una mandolina. Pero eso no es todo. A la derecha, se observa una pareja: Caraffa y su esposa. \u201cCon la glorificaci\u00f3n de la Iglesia, Caraffa quiere pintar su propia glorificaci\u00f3n. Est\u00e1n los santos, los que vencieron, los m\u00e1s importantes y \u00e9l y su mujer tambi\u00e9n\u201d, detalla el sacerdote. Sin dudas, hay un mensaje social.<\/p>\n\n\n\n<p>A pocos metros de la iglesia, hoy cruzando la calle San Jer\u00f3nimo, se encuentra la casa de los Tejeda, una de las principales en los primeros a\u00f1os de la ciudad. \u201cEra una sociedad piramidal; el vivir m\u00e1s cerca o m\u00e1s lejos de la plaza indicaba la clase social\u201d, recuerda Ponza. All\u00ed funcion\u00f3 en 1613 el primer monasterio femenino bajo el patrocinio de Santa Catalina de Siena. Y, m\u00e1s tarde, en 1628, el primer monasterio carmelita del pa\u00eds. Varias mujeres de la familia Tejeda ingresaron como monjas al convento. Desde 1968 funciona el Museo de Arte Religioso Luis de Tejeda donde se encuentra el tesoro de la Catedral. Es el museo de este tipo m\u00e1s importante del pa\u00eds.<\/p>\n\n\n\n<figure class=\"wp-block-image size-full\"><img loading=\"lazy\" decoding=\"async\" width=\"2560\" height=\"1707\" src=\"https:\/\/modoviajeok.com.ar\/wp-content\/uploads\/2025\/04\/Convivimos-Cba-32-scaled.jpg\" alt=\"\" class=\"wp-image-3300\" srcset=\"https:\/\/modoviajeok.com.ar\/wp-content\/uploads\/2025\/04\/Convivimos-Cba-32-scaled.jpg 2560w, https:\/\/modoviajeok.com.ar\/wp-content\/uploads\/2025\/04\/Convivimos-Cba-32-768x512.jpg 768w, https:\/\/modoviajeok.com.ar\/wp-content\/uploads\/2025\/04\/Convivimos-Cba-32-1536x1024.jpg 1536w, https:\/\/modoviajeok.com.ar\/wp-content\/uploads\/2025\/04\/Convivimos-Cba-32-2048x1365.jpg 2048w, https:\/\/modoviajeok.com.ar\/wp-content\/uploads\/2025\/04\/Convivimos-Cba-32-630x420.jpg 630w, https:\/\/modoviajeok.com.ar\/wp-content\/uploads\/2025\/04\/Convivimos-Cba-32-150x100.jpg 150w, https:\/\/modoviajeok.com.ar\/wp-content\/uploads\/2025\/04\/Convivimos-Cba-32-300x200.jpg 300w, https:\/\/modoviajeok.com.ar\/wp-content\/uploads\/2025\/04\/Convivimos-Cba-32-696x464.jpg 696w, https:\/\/modoviajeok.com.ar\/wp-content\/uploads\/2025\/04\/Convivimos-Cba-32-1068x712.jpg 1068w, https:\/\/modoviajeok.com.ar\/wp-content\/uploads\/2025\/04\/Convivimos-Cba-32-1920x1280.jpg 1920w\" sizes=\"auto, (max-width: 2560px) 100vw, 2560px\" \/><\/figure>\n\n\n\n<p><strong>Los jesuitas<\/strong><\/p>\n\n\n\n<p>Los jesuitas instalaron en C\u00f3rdoba la Casa Provincial de lo que&nbsp;denominaban la provincia del Paraguay.&nbsp;Parte de su legado se encuentra en la manzana jesu\u00edtica, declarada Patrimonio de la Humanidad (a\u00f1o 2000). La Unesco destaca no s\u00f3lo su valor art\u00edstico sino el proyecto original en conjunto, \u00fanico en Am\u00e9rica Latina, que inclu\u00eda un complejo de estancias productivas para sostener toda la misi\u00f3n, incluida, la Universidad.&nbsp;\u201cEran el pulm\u00f3n evangelizador en toda la regi\u00f3n\u201d, refiere Ponza.&nbsp;La Compa\u00f1\u00eda de Jes\u00fas parece una fortaleza pero por dentro es una hermosura barroca.&nbsp;El techo fue realizado con la t\u00e9cnica que se utilizaba para construir las quillas de los barcos. A cada lado de la nave central, hay una capilla. Una estaba destinada a los naturales (indios, mestizos, esclavos) y otra a los espa\u00f1oles, que hoy se utiliza como sal\u00f3n de grados de la Universidad Nacional de C\u00f3rdoba.&nbsp;<\/p>\n\n\n\n<p>Los jesuitas impart\u00edan los ejercicios espirituales a los que acud\u00edan todos los cordobeses. Ponza dice&nbsp;que la ciudad se deten\u00eda para rezar. Con la expulsi\u00f3n de la orden (regresan definitivamente en 1853), la santiague\u00f1a Mar\u00eda Antonia de Paz y Figueroa -conocida como Mama Antula-, se encarga de esta tarea. Se establece dos a\u00f1os y medio en C\u00f3rdoba y le pide permiso al virrey para utilizar la Compa\u00f1\u00eda de Jes\u00fas, por entonces clausurada, para realizar los ejercicios espirituales. Consigue la autorizaci\u00f3n y, por primera vez en la historia, los esclavos y mulatos participan en igualdad de condiciones que los espa\u00f1oles.&nbsp;<\/p>\n\n\n\n<figure class=\"wp-block-gallery has-nested-images columns-default is-cropped wp-block-gallery-1 is-layout-flex wp-block-gallery-is-layout-flex\"><\/figure>\n\n\n\n<figure class=\"wp-block-image size-full\"><img loading=\"lazy\" decoding=\"async\" width=\"2560\" height=\"1707\" src=\"https:\/\/modoviajeok.com.ar\/wp-content\/uploads\/2025\/04\/Convivimos-Cba-20-scaled.jpg\" alt=\"\" class=\"wp-image-3299\" srcset=\"https:\/\/modoviajeok.com.ar\/wp-content\/uploads\/2025\/04\/Convivimos-Cba-20-scaled.jpg 2560w, https:\/\/modoviajeok.com.ar\/wp-content\/uploads\/2025\/04\/Convivimos-Cba-20-768x512.jpg 768w, https:\/\/modoviajeok.com.ar\/wp-content\/uploads\/2025\/04\/Convivimos-Cba-20-1536x1024.jpg 1536w, https:\/\/modoviajeok.com.ar\/wp-content\/uploads\/2025\/04\/Convivimos-Cba-20-2048x1365.jpg 2048w, https:\/\/modoviajeok.com.ar\/wp-content\/uploads\/2025\/04\/Convivimos-Cba-20-630x420.jpg 630w, https:\/\/modoviajeok.com.ar\/wp-content\/uploads\/2025\/04\/Convivimos-Cba-20-150x100.jpg 150w, https:\/\/modoviajeok.com.ar\/wp-content\/uploads\/2025\/04\/Convivimos-Cba-20-300x200.jpg 300w, https:\/\/modoviajeok.com.ar\/wp-content\/uploads\/2025\/04\/Convivimos-Cba-20-696x464.jpg 696w, https:\/\/modoviajeok.com.ar\/wp-content\/uploads\/2025\/04\/Convivimos-Cba-20-1068x712.jpg 1068w, https:\/\/modoviajeok.com.ar\/wp-content\/uploads\/2025\/04\/Convivimos-Cba-20-1920x1280.jpg 1920w\" sizes=\"auto, (max-width: 2560px) 100vw, 2560px\" \/><\/figure>\n\n\n\n<p>\u201cCuando nuestros pr\u00f3ceres inspirados en la Revoluci\u00f3n Francesa proclamaron igualdad, libertad y fraternidad, Mama Antula lo ven\u00eda haciendo desde hace tiempo, inspirada en el Evangelio\u201d, dice Ponza.<\/p>\n\n\n\n<p><strong>Pioneros<\/strong><\/p>\n\n\n\n<p>En el hoy Museo San Alberto vivieron los&nbsp;Duarte Quir\u00f3s, comerciantes portugueses probablemente judios conversos, que tuvieron un solo hijo: el sacerdote Ignacio Duarte Quir\u00f3s.&nbsp;Estudi\u00f3 en la Universidad y, agradecido a los jesuitas, don\u00f3 la casa paterna para la construcci\u00f3n de un convictorio para los estudiantes varones que llegaban de todo el pa\u00eds. El pensionado estuvo bajo el patrocinio de Nuestra Se\u00f1ora de Monserrat. Era la semilla de lo que un siglo despu\u00e9s ser\u00eda el Colegio Nacional de Monserrat. En el patio de esa casa -hoy museo municipal y donde antiguamente funcion\u00f3 la primera imprenta del virreinato- hay una escultura que recuerda al sacerdote espa\u00f1ol Jos\u00e9 Antonio de San Alberto. Carlos Ponza explica que cuando lleg\u00f3 de Espa\u00f1a le llam\u00f3 la atenci\u00f3n la cantidad de analfabetos y ni\u00f1os sin familias en C\u00f3rdoba y pidi\u00f3 al virrey la atenci\u00f3n a los m\u00e1s desprotegidos: las ni\u00f1as hu\u00e9rfanas. Fund\u00f3, as\u00ed, las Teresas, la primera escuela femenina del Virreinato del R\u00edo de la Plata.&nbsp;<\/p>\n\n\n      <div class=\"wp_bannerize_container wp_bannerize_layout_vertical\">\n\n        <div class=\"wp_bannerize_banner_box wp_bannerize_category_intertexto-1\" data-title=\"Modo viaje\" data-mime_type=\"image-gif\" data-banner_id=\"1783\" id=\"wpbanner-1783\" data-impressions_enabled=\"true\" data-clicks_enabled=\"true\"><a href=\"https:\/\/www.instagram.com\/modoviaje.ok?igsh=Z3c5emxsZWFtdXN3\"><img decoding=\"async\" border=\"0\" src=\"https:\/\/modoviajeok.com.ar\/wp-content\/uploads\/2025\/02\/modoviaje.ok-300-x-250-px.gif\" alt=\"Modo viaje\" title=\"Modo viaje\" \/><\/a><\/div>      <\/div>\n\n\n\n\n\n<p><\/p>\n","protected":false},"excerpt":{"rendered":"<p>.&nbsp; \u00abEn 40 a\u00f1os de fundada la ciudad, las principales \u00f3rdenes religiosas estaban en C\u00f3rdoba. Desde sus or\u00edgenes, C\u00f3rdoba fue cat\u00f3lica\u00bb, resume el sacerdote Carlos Ponza quien realiza mensualmente un apasionante recorrido hist\u00f3rico-espiritual por sus calles, museos y templos. .\u00a0 El tiempo no corre en el precioso patio de estilo espa\u00f1ol del Museo de Arte [&hellip;]<\/p>\n","protected":false},"author":3,"featured_media":3296,"comment_status":"open","ping_status":"open","sticky":false,"template":"","format":"standard","meta":{"_acf_changed":false,"footnotes":""},"categories":[13,11,2,17],"tags":[787,786,48,791,789,785,792,788,790],"class_list":{"0":"post-3295","1":"post","2":"type-post","3":"status-publish","4":"format-standard","5":"has-post-thumbnail","7":"category-argentina","8":"category-cordoba","9":"category-destacadas","10":"category-galeria","11":"tag-carlos-ponza","12":"tag-catedral","13":"tag-cordoba","14":"tag-emilio-caraffa","15":"tag-jesuitas","16":"tag-museo-luis-de-tejeda","17":"tag-museo-san-alberto","18":"tag-plaza-san-martin","19":"tag-universidad"},"acf":[],"yoast_head":"<!-- This site is optimized with the Yoast SEO plugin v24.8.1 - https:\/\/yoast.com\/wordpress\/plugins\/seo\/ -->\n<title>C\u00f3rdoba secreta: tras las huellas hist\u00f3ricas, art\u00edsticas y espirituales -<\/title>\n<meta name=\"description\" content=\"La ciudad est\u00e1 abarrotada de huellas art\u00edsticas, hist\u00f3ricas y patrimoniales.\" \/>\n<meta name=\"robots\" content=\"index, follow, max-snippet:-1, max-image-preview:large, max-video-preview:-1\" \/>\n<link rel=\"canonical\" href=\"https:\/\/modoviajeok.com.ar\/index.php\/2025\/04\/16\/cordoba-secreta-tras-las-huellas-historicas-artisticas-y-espirituales\/\" \/>\n<meta property=\"og:locale\" content=\"es_ES\" \/>\n<meta property=\"og:type\" content=\"article\" \/>\n<meta property=\"og:title\" content=\"C\u00f3rdoba secreta: tras las huellas hist\u00f3ricas, art\u00edsticas y espirituales -\" \/>\n<meta property=\"og:description\" content=\"La ciudad est\u00e1 abarrotada de huellas art\u00edsticas, hist\u00f3ricas y patrimoniales.\" \/>\n<meta property=\"og:url\" content=\"https:\/\/modoviajeok.com.ar\/index.php\/2025\/04\/16\/cordoba-secreta-tras-las-huellas-historicas-artisticas-y-espirituales\/\" \/>\n<meta property=\"article:publisher\" content=\"https:\/\/www.facebook.com\/mariana.otero1\/\" \/>\n<meta property=\"article:published_time\" content=\"2025-04-16T12:00:23+00:00\" \/>\n<meta property=\"article:modified_time\" content=\"2025-05-06T16:47:36+00:00\" \/>\n<meta property=\"og:image\" content=\"https:\/\/modoviajeok.com.ar\/wp-content\/uploads\/2025\/04\/Convivimos-Cba-2-scaled.jpg\" \/>\n\t<meta property=\"og:image:width\" content=\"1707\" \/>\n\t<meta property=\"og:image:height\" content=\"2560\" \/>\n\t<meta property=\"og:image:type\" content=\"image\/jpeg\" \/>\n<meta name=\"author\" content=\"Pepe Segura\" \/>\n<meta name=\"twitter:card\" content=\"summary_large_image\" \/>\n<meta name=\"twitter:label1\" content=\"Escrito por\" \/>\n\t<meta name=\"twitter:data1\" content=\"Pepe Segura\" \/>\n\t<meta name=\"twitter:label2\" content=\"Tiempo de lectura\" \/>\n\t<meta name=\"twitter:data2\" content=\"7 minutos\" \/>\n<script type=\"application\/ld+json\" class=\"yoast-schema-graph\">{\"@context\":\"https:\/\/schema.org\",\"@graph\":[{\"@type\":\"Article\",\"@id\":\"https:\/\/modoviajeok.com.ar\/index.php\/2025\/04\/16\/cordoba-secreta-tras-las-huellas-historicas-artisticas-y-espirituales\/#article\",\"isPartOf\":{\"@id\":\"https:\/\/modoviajeok.com.ar\/index.php\/2025\/04\/16\/cordoba-secreta-tras-las-huellas-historicas-artisticas-y-espirituales\/\"},\"author\":{\"name\":\"Pepe Segura\",\"@id\":\"https:\/\/modoviajeok.com.ar\/#\/schema\/person\/2e299ed0d3d412a01d244fe28260d7f5\"},\"headline\":\"C\u00f3rdoba secreta: tras las huellas hist\u00f3ricas, art\u00edsticas y espirituales\",\"datePublished\":\"2025-04-16T12:00:23+00:00\",\"dateModified\":\"2025-05-06T16:47:36+00:00\",\"mainEntityOfPage\":{\"@id\":\"https:\/\/modoviajeok.com.ar\/index.php\/2025\/04\/16\/cordoba-secreta-tras-las-huellas-historicas-artisticas-y-espirituales\/\"},\"wordCount\":1371,\"commentCount\":0,\"publisher\":{\"@id\":\"https:\/\/modoviajeok.com.ar\/#organization\"},\"image\":{\"@id\":\"https:\/\/modoviajeok.com.ar\/index.php\/2025\/04\/16\/cordoba-secreta-tras-las-huellas-historicas-artisticas-y-espirituales\/#primaryimage\"},\"thumbnailUrl\":\"https:\/\/modoviajeok.com.ar\/wp-content\/uploads\/2025\/04\/Convivimos-Cba-2-scaled.jpg\",\"keywords\":[\"carlos ponza\",\"catedral\",\"c\u00f3rdoba\",\"emilio caraffa\",\"jesuitas\",\"museo luis de tejeda\",\"museo san alberto\",\"plaza san martin\",\"universidad\"],\"articleSection\":[\"Argentina\",\"C\u00f3rdoba\",\"Destacadas\",\"Galer\u00eda\"],\"inLanguage\":\"es\",\"potentialAction\":[{\"@type\":\"CommentAction\",\"name\":\"Comment\",\"target\":[\"https:\/\/modoviajeok.com.ar\/index.php\/2025\/04\/16\/cordoba-secreta-tras-las-huellas-historicas-artisticas-y-espirituales\/#respond\"]}]},{\"@type\":\"WebPage\",\"@id\":\"https:\/\/modoviajeok.com.ar\/index.php\/2025\/04\/16\/cordoba-secreta-tras-las-huellas-historicas-artisticas-y-espirituales\/\",\"url\":\"https:\/\/modoviajeok.com.ar\/index.php\/2025\/04\/16\/cordoba-secreta-tras-las-huellas-historicas-artisticas-y-espirituales\/\",\"name\":\"C\u00f3rdoba secreta: tras las huellas hist\u00f3ricas, art\u00edsticas y espirituales -\",\"isPartOf\":{\"@id\":\"https:\/\/modoviajeok.com.ar\/#website\"},\"primaryImageOfPage\":{\"@id\":\"https:\/\/modoviajeok.com.ar\/index.php\/2025\/04\/16\/cordoba-secreta-tras-las-huellas-historicas-artisticas-y-espirituales\/#primaryimage\"},\"image\":{\"@id\":\"https:\/\/modoviajeok.com.ar\/index.php\/2025\/04\/16\/cordoba-secreta-tras-las-huellas-historicas-artisticas-y-espirituales\/#primaryimage\"},\"thumbnailUrl\":\"https:\/\/modoviajeok.com.ar\/wp-content\/uploads\/2025\/04\/Convivimos-Cba-2-scaled.jpg\",\"datePublished\":\"2025-04-16T12:00:23+00:00\",\"dateModified\":\"2025-05-06T16:47:36+00:00\",\"description\":\"La ciudad est\u00e1 abarrotada de huellas art\u00edsticas, hist\u00f3ricas y patrimoniales.\",\"breadcrumb\":{\"@id\":\"https:\/\/modoviajeok.com.ar\/index.php\/2025\/04\/16\/cordoba-secreta-tras-las-huellas-historicas-artisticas-y-espirituales\/#breadcrumb\"},\"inLanguage\":\"es\",\"potentialAction\":[{\"@type\":\"ReadAction\",\"target\":[\"https:\/\/modoviajeok.com.ar\/index.php\/2025\/04\/16\/cordoba-secreta-tras-las-huellas-historicas-artisticas-y-espirituales\/\"]}]},{\"@type\":\"ImageObject\",\"inLanguage\":\"es\",\"@id\":\"https:\/\/modoviajeok.com.ar\/index.php\/2025\/04\/16\/cordoba-secreta-tras-las-huellas-historicas-artisticas-y-espirituales\/#primaryimage\",\"url\":\"https:\/\/modoviajeok.com.ar\/wp-content\/uploads\/2025\/04\/Convivimos-Cba-2-scaled.jpg\",\"contentUrl\":\"https:\/\/modoviajeok.com.ar\/wp-content\/uploads\/2025\/04\/Convivimos-Cba-2-scaled.jpg\",\"width\":1707,\"height\":2560},{\"@type\":\"BreadcrumbList\",\"@id\":\"https:\/\/modoviajeok.com.ar\/index.php\/2025\/04\/16\/cordoba-secreta-tras-las-huellas-historicas-artisticas-y-espirituales\/#breadcrumb\",\"itemListElement\":[{\"@type\":\"ListItem\",\"position\":1,\"name\":\"Portada\",\"item\":\"https:\/\/modoviajeok.com.ar\/\"},{\"@type\":\"ListItem\",\"position\":2,\"name\":\"C\u00f3rdoba secreta: tras las huellas hist\u00f3ricas, art\u00edsticas y espirituales\"}]},{\"@type\":\"WebSite\",\"@id\":\"https:\/\/modoviajeok.com.ar\/#website\",\"url\":\"https:\/\/modoviajeok.com.ar\/\",\"name\":\"ModoViajeOK\",\"description\":\"\",\"publisher\":{\"@id\":\"https:\/\/modoviajeok.com.ar\/#organization\"},\"potentialAction\":[{\"@type\":\"SearchAction\",\"target\":{\"@type\":\"EntryPoint\",\"urlTemplate\":\"https:\/\/modoviajeok.com.ar\/?s={search_term_string}\"},\"query-input\":{\"@type\":\"PropertyValueSpecification\",\"valueRequired\":true,\"valueName\":\"search_term_string\"}}],\"inLanguage\":\"es\"},{\"@type\":\"Organization\",\"@id\":\"https:\/\/modoviajeok.com.ar\/#organization\",\"name\":\"ModoViajeOK\",\"url\":\"https:\/\/modoviajeok.com.ar\/\",\"logo\":{\"@type\":\"ImageObject\",\"inLanguage\":\"es\",\"@id\":\"https:\/\/modoviajeok.com.ar\/#\/schema\/logo\/image\/\",\"url\":\"https:\/\/modoviajeok.com.ar\/wp-content\/uploads\/2025\/01\/Logo-modoviajeok.png\",\"contentUrl\":\"https:\/\/modoviajeok.com.ar\/wp-content\/uploads\/2025\/01\/Logo-modoviajeok.png\",\"width\":2938,\"height\":2276,\"caption\":\"ModoViajeOK\"},\"image\":{\"@id\":\"https:\/\/modoviajeok.com.ar\/#\/schema\/logo\/image\/\"},\"sameAs\":[\"https:\/\/www.facebook.com\/mariana.otero1\/\",\"https:\/\/www.instagram.com\/modoviaje.ok\/\"]},{\"@type\":\"Person\",\"@id\":\"https:\/\/modoviajeok.com.ar\/#\/schema\/person\/2e299ed0d3d412a01d244fe28260d7f5\",\"name\":\"Pepe Segura\",\"image\":{\"@type\":\"ImageObject\",\"inLanguage\":\"es\",\"@id\":\"https:\/\/modoviajeok.com.ar\/#\/schema\/person\/image\/\",\"url\":\"https:\/\/secure.gravatar.com\/avatar\/65eb4b34deed761327f5b2c5535b987318ae807900ac46426de7258f5de6d345?s=96&d=mm&r=g\",\"contentUrl\":\"https:\/\/secure.gravatar.com\/avatar\/65eb4b34deed761327f5b2c5535b987318ae807900ac46426de7258f5de6d345?s=96&d=mm&r=g\",\"caption\":\"Pepe Segura\"},\"url\":\"https:\/\/modoviajeok.com.ar\/index.php\/author\/pepe2025\/\"}]}<\/script>\n<!-- \/ Yoast SEO plugin. -->","yoast_head_json":{"title":"C\u00f3rdoba secreta: tras las huellas hist\u00f3ricas, art\u00edsticas y espirituales -","description":"La ciudad est\u00e1 abarrotada de huellas art\u00edsticas, hist\u00f3ricas y patrimoniales.","robots":{"index":"index","follow":"follow","max-snippet":"max-snippet:-1","max-image-preview":"max-image-preview:large","max-video-preview":"max-video-preview:-1"},"canonical":"https:\/\/modoviajeok.com.ar\/index.php\/2025\/04\/16\/cordoba-secreta-tras-las-huellas-historicas-artisticas-y-espirituales\/","og_locale":"es_ES","og_type":"article","og_title":"C\u00f3rdoba secreta: tras las huellas hist\u00f3ricas, art\u00edsticas y espirituales -","og_description":"La ciudad est\u00e1 abarrotada de huellas art\u00edsticas, hist\u00f3ricas y patrimoniales.","og_url":"https:\/\/modoviajeok.com.ar\/index.php\/2025\/04\/16\/cordoba-secreta-tras-las-huellas-historicas-artisticas-y-espirituales\/","article_publisher":"https:\/\/www.facebook.com\/mariana.otero1\/","article_published_time":"2025-04-16T12:00:23+00:00","article_modified_time":"2025-05-06T16:47:36+00:00","og_image":[{"width":1707,"height":2560,"url":"https:\/\/modoviajeok.com.ar\/wp-content\/uploads\/2025\/04\/Convivimos-Cba-2-scaled.jpg","type":"image\/jpeg"}],"author":"Pepe Segura","twitter_card":"summary_large_image","twitter_misc":{"Escrito por":"Pepe Segura","Tiempo de lectura":"7 minutos"},"schema":{"@context":"https:\/\/schema.org","@graph":[{"@type":"Article","@id":"https:\/\/modoviajeok.com.ar\/index.php\/2025\/04\/16\/cordoba-secreta-tras-las-huellas-historicas-artisticas-y-espirituales\/#article","isPartOf":{"@id":"https:\/\/modoviajeok.com.ar\/index.php\/2025\/04\/16\/cordoba-secreta-tras-las-huellas-historicas-artisticas-y-espirituales\/"},"author":{"name":"Pepe Segura","@id":"https:\/\/modoviajeok.com.ar\/#\/schema\/person\/2e299ed0d3d412a01d244fe28260d7f5"},"headline":"C\u00f3rdoba secreta: tras las huellas hist\u00f3ricas, art\u00edsticas y espirituales","datePublished":"2025-04-16T12:00:23+00:00","dateModified":"2025-05-06T16:47:36+00:00","mainEntityOfPage":{"@id":"https:\/\/modoviajeok.com.ar\/index.php\/2025\/04\/16\/cordoba-secreta-tras-las-huellas-historicas-artisticas-y-espirituales\/"},"wordCount":1371,"commentCount":0,"publisher":{"@id":"https:\/\/modoviajeok.com.ar\/#organization"},"image":{"@id":"https:\/\/modoviajeok.com.ar\/index.php\/2025\/04\/16\/cordoba-secreta-tras-las-huellas-historicas-artisticas-y-espirituales\/#primaryimage"},"thumbnailUrl":"https:\/\/modoviajeok.com.ar\/wp-content\/uploads\/2025\/04\/Convivimos-Cba-2-scaled.jpg","keywords":["carlos ponza","catedral","c\u00f3rdoba","emilio caraffa","jesuitas","museo luis de tejeda","museo san alberto","plaza san martin","universidad"],"articleSection":["Argentina","C\u00f3rdoba","Destacadas","Galer\u00eda"],"inLanguage":"es","potentialAction":[{"@type":"CommentAction","name":"Comment","target":["https:\/\/modoviajeok.com.ar\/index.php\/2025\/04\/16\/cordoba-secreta-tras-las-huellas-historicas-artisticas-y-espirituales\/#respond"]}]},{"@type":"WebPage","@id":"https:\/\/modoviajeok.com.ar\/index.php\/2025\/04\/16\/cordoba-secreta-tras-las-huellas-historicas-artisticas-y-espirituales\/","url":"https:\/\/modoviajeok.com.ar\/index.php\/2025\/04\/16\/cordoba-secreta-tras-las-huellas-historicas-artisticas-y-espirituales\/","name":"C\u00f3rdoba secreta: tras las huellas hist\u00f3ricas, art\u00edsticas y espirituales -","isPartOf":{"@id":"https:\/\/modoviajeok.com.ar\/#website"},"primaryImageOfPage":{"@id":"https:\/\/modoviajeok.com.ar\/index.php\/2025\/04\/16\/cordoba-secreta-tras-las-huellas-historicas-artisticas-y-espirituales\/#primaryimage"},"image":{"@id":"https:\/\/modoviajeok.com.ar\/index.php\/2025\/04\/16\/cordoba-secreta-tras-las-huellas-historicas-artisticas-y-espirituales\/#primaryimage"},"thumbnailUrl":"https:\/\/modoviajeok.com.ar\/wp-content\/uploads\/2025\/04\/Convivimos-Cba-2-scaled.jpg","datePublished":"2025-04-16T12:00:23+00:00","dateModified":"2025-05-06T16:47:36+00:00","description":"La ciudad est\u00e1 abarrotada de huellas art\u00edsticas, hist\u00f3ricas y patrimoniales.","breadcrumb":{"@id":"https:\/\/modoviajeok.com.ar\/index.php\/2025\/04\/16\/cordoba-secreta-tras-las-huellas-historicas-artisticas-y-espirituales\/#breadcrumb"},"inLanguage":"es","potentialAction":[{"@type":"ReadAction","target":["https:\/\/modoviajeok.com.ar\/index.php\/2025\/04\/16\/cordoba-secreta-tras-las-huellas-historicas-artisticas-y-espirituales\/"]}]},{"@type":"ImageObject","inLanguage":"es","@id":"https:\/\/modoviajeok.com.ar\/index.php\/2025\/04\/16\/cordoba-secreta-tras-las-huellas-historicas-artisticas-y-espirituales\/#primaryimage","url":"https:\/\/modoviajeok.com.ar\/wp-content\/uploads\/2025\/04\/Convivimos-Cba-2-scaled.jpg","contentUrl":"https:\/\/modoviajeok.com.ar\/wp-content\/uploads\/2025\/04\/Convivimos-Cba-2-scaled.jpg","width":1707,"height":2560},{"@type":"BreadcrumbList","@id":"https:\/\/modoviajeok.com.ar\/index.php\/2025\/04\/16\/cordoba-secreta-tras-las-huellas-historicas-artisticas-y-espirituales\/#breadcrumb","itemListElement":[{"@type":"ListItem","position":1,"name":"Portada","item":"https:\/\/modoviajeok.com.ar\/"},{"@type":"ListItem","position":2,"name":"C\u00f3rdoba secreta: tras las huellas hist\u00f3ricas, art\u00edsticas y espirituales"}]},{"@type":"WebSite","@id":"https:\/\/modoviajeok.com.ar\/#website","url":"https:\/\/modoviajeok.com.ar\/","name":"ModoViajeOK","description":"","publisher":{"@id":"https:\/\/modoviajeok.com.ar\/#organization"},"potentialAction":[{"@type":"SearchAction","target":{"@type":"EntryPoint","urlTemplate":"https:\/\/modoviajeok.com.ar\/?s={search_term_string}"},"query-input":{"@type":"PropertyValueSpecification","valueRequired":true,"valueName":"search_term_string"}}],"inLanguage":"es"},{"@type":"Organization","@id":"https:\/\/modoviajeok.com.ar\/#organization","name":"ModoViajeOK","url":"https:\/\/modoviajeok.com.ar\/","logo":{"@type":"ImageObject","inLanguage":"es","@id":"https:\/\/modoviajeok.com.ar\/#\/schema\/logo\/image\/","url":"https:\/\/modoviajeok.com.ar\/wp-content\/uploads\/2025\/01\/Logo-modoviajeok.png","contentUrl":"https:\/\/modoviajeok.com.ar\/wp-content\/uploads\/2025\/01\/Logo-modoviajeok.png","width":2938,"height":2276,"caption":"ModoViajeOK"},"image":{"@id":"https:\/\/modoviajeok.com.ar\/#\/schema\/logo\/image\/"},"sameAs":["https:\/\/www.facebook.com\/mariana.otero1\/","https:\/\/www.instagram.com\/modoviaje.ok\/"]},{"@type":"Person","@id":"https:\/\/modoviajeok.com.ar\/#\/schema\/person\/2e299ed0d3d412a01d244fe28260d7f5","name":"Pepe Segura","image":{"@type":"ImageObject","inLanguage":"es","@id":"https:\/\/modoviajeok.com.ar\/#\/schema\/person\/image\/","url":"https:\/\/secure.gravatar.com\/avatar\/65eb4b34deed761327f5b2c5535b987318ae807900ac46426de7258f5de6d345?s=96&d=mm&r=g","contentUrl":"https:\/\/secure.gravatar.com\/avatar\/65eb4b34deed761327f5b2c5535b987318ae807900ac46426de7258f5de6d345?s=96&d=mm&r=g","caption":"Pepe Segura"},"url":"https:\/\/modoviajeok.com.ar\/index.php\/author\/pepe2025\/"}]}},"_links":{"self":[{"href":"https:\/\/modoviajeok.com.ar\/index.php\/wp-json\/wp\/v2\/posts\/3295","targetHints":{"allow":["GET"]}}],"collection":[{"href":"https:\/\/modoviajeok.com.ar\/index.php\/wp-json\/wp\/v2\/posts"}],"about":[{"href":"https:\/\/modoviajeok.com.ar\/index.php\/wp-json\/wp\/v2\/types\/post"}],"author":[{"embeddable":true,"href":"https:\/\/modoviajeok.com.ar\/index.php\/wp-json\/wp\/v2\/users\/3"}],"replies":[{"embeddable":true,"href":"https:\/\/modoviajeok.com.ar\/index.php\/wp-json\/wp\/v2\/comments?post=3295"}],"version-history":[{"count":4,"href":"https:\/\/modoviajeok.com.ar\/index.php\/wp-json\/wp\/v2\/posts\/3295\/revisions"}],"predecessor-version":[{"id":3309,"href":"https:\/\/modoviajeok.com.ar\/index.php\/wp-json\/wp\/v2\/posts\/3295\/revisions\/3309"}],"wp:featuredmedia":[{"embeddable":true,"href":"https:\/\/modoviajeok.com.ar\/index.php\/wp-json\/wp\/v2\/media\/3296"}],"wp:attachment":[{"href":"https:\/\/modoviajeok.com.ar\/index.php\/wp-json\/wp\/v2\/media?parent=3295"}],"wp:term":[{"taxonomy":"category","embeddable":true,"href":"https:\/\/modoviajeok.com.ar\/index.php\/wp-json\/wp\/v2\/categories?post=3295"},{"taxonomy":"post_tag","embeddable":true,"href":"https:\/\/modoviajeok.com.ar\/index.php\/wp-json\/wp\/v2\/tags?post=3295"}],"curies":[{"name":"wp","href":"https:\/\/api.w.org\/{rel}","templated":true}]}}