{"id":3313,"date":"2025-04-17T12:04:36","date_gmt":"2025-04-17T15:04:36","guid":{"rendered":"https:\/\/modoviajeok.com.ar\/?p=3313"},"modified":"2025-04-11T12:11:38","modified_gmt":"2025-04-11T15:11:38","slug":"casablanca-la-granja-un-viaje-de-regreso-a-las-raices","status":"publish","type":"post","link":"https:\/\/modoviajeok.com.ar\/index.php\/2025\/04\/17\/casablanca-la-granja-un-viaje-de-regreso-a-las-raices\/","title":{"rendered":"Casablanca La Granja: Un viaje de regreso a las ra\u00edces"},"content":{"rendered":"\n<p><\/p>\n\n\n\n<p>En un mundo donde la tecnolog\u00eda domina nuestra vida, desconectar puede parecer un desaf\u00edo insuperable. Por suerte, no lo es. Hay lugares como Casablanca La Granja de Capilla del Monte que nos recuerdan que la verdadera conexi\u00f3n no se encuentra en una pantalla, sino en el contacto directo con la naturaleza, los animales y nuestras ra\u00edces m\u00e1s profundas. Este refugio agroecol\u00f3gico es mucho m\u00e1s que un espacio rural; es un santuario natural ideal para el reseteo digital y para reconectar con lo esencial: nosotros mismos, nuestros seres queridos y el planeta que habitamos.<\/p>\n\n\n\n<figure class=\"wp-block-image size-full\"><img loading=\"lazy\" decoding=\"async\" width=\"1920\" height=\"2560\" src=\"https:\/\/modoviajeok.com.ar\/wp-content\/uploads\/2025\/04\/WhatsApp-Image-2025-04-10-at-16.19.10-scaled.jpeg\" alt=\"\" class=\"wp-image-3320\" srcset=\"https:\/\/modoviajeok.com.ar\/wp-content\/uploads\/2025\/04\/WhatsApp-Image-2025-04-10-at-16.19.10-scaled.jpeg 1920w, https:\/\/modoviajeok.com.ar\/wp-content\/uploads\/2025\/04\/WhatsApp-Image-2025-04-10-at-16.19.10-768x1024.jpeg 768w, https:\/\/modoviajeok.com.ar\/wp-content\/uploads\/2025\/04\/WhatsApp-Image-2025-04-10-at-16.19.10-1152x1536.jpeg 1152w, https:\/\/modoviajeok.com.ar\/wp-content\/uploads\/2025\/04\/WhatsApp-Image-2025-04-10-at-16.19.10-1536x2048.jpeg 1536w, https:\/\/modoviajeok.com.ar\/wp-content\/uploads\/2025\/04\/WhatsApp-Image-2025-04-10-at-16.19.10-315x420.jpeg 315w, https:\/\/modoviajeok.com.ar\/wp-content\/uploads\/2025\/04\/WhatsApp-Image-2025-04-10-at-16.19.10-150x200.jpeg 150w, https:\/\/modoviajeok.com.ar\/wp-content\/uploads\/2025\/04\/WhatsApp-Image-2025-04-10-at-16.19.10-300x400.jpeg 300w, https:\/\/modoviajeok.com.ar\/wp-content\/uploads\/2025\/04\/WhatsApp-Image-2025-04-10-at-16.19.10-696x928.jpeg 696w, https:\/\/modoviajeok.com.ar\/wp-content\/uploads\/2025\/04\/WhatsApp-Image-2025-04-10-at-16.19.10-1068x1424.jpeg 1068w\" sizes=\"auto, (max-width: 1920px) 100vw, 1920px\" \/><\/figure>\n\n\n\n<p>La historia de este lugar est\u00e1 tejida con hilos de tradici\u00f3n, cultura y respeto por el entorno. En sus or\u00edgenes, este lugar era un humedal lleno de vida, testigo de juegos infantiles y sue\u00f1os mitol\u00f3gicos alimentados por la fantas\u00eda de aquellos ni\u00f1os de anta\u00f1o. Con el tiempo evolucion\u00f3 hacia una granja productiva que sosten\u00eda la econom\u00eda local hasta convertirse hoy en un proyecto innovador liderado por la familia Perea.<\/p>\n\n\n\n\n      <div class=\"wp_bannerize_container wp_bannerize_layout_vertical\">\n\n        <div class=\"wp_bannerize_banner_box wp_bannerize_category_intertexto-1\" data-title=\"Modo viaje\" data-mime_type=\"image-gif\" data-banner_id=\"1783\" id=\"wpbanner-1783\" data-impressions_enabled=\"true\" data-clicks_enabled=\"true\"><a href=\"https:\/\/www.instagram.com\/modoviaje.ok?igsh=Z3c5emxsZWFtdXN3\"><img decoding=\"async\" border=\"0\" src=\"https:\/\/modoviajeok.com.ar\/wp-content\/uploads\/2025\/02\/modoviaje.ok-300-x-250-px.gif\" alt=\"Modo viaje\" title=\"Modo viaje\" \/><\/a><\/div>      <\/div>\n\n\n\n\n\n<p>Con criterios ambientales y sustentables, esta granja no s\u00f3lo conserva su legado hist\u00f3rico sino que tambi\u00e9n abraza una visi\u00f3n educativa y ecol\u00f3gica que invita a sus visitantes a aprender, crecer y desconectar de la vor\u00e1gine tecnol\u00f3gica.<\/p>\n\n\n\n<figure class=\"wp-block-image size-full\"><img loading=\"lazy\" decoding=\"async\" width=\"1920\" height=\"2560\" src=\"https:\/\/modoviajeok.com.ar\/wp-content\/uploads\/2025\/04\/WhatsApp-Image-2025-04-10-at-16.18.28-scaled.jpeg\" alt=\"\" class=\"wp-image-3321\" srcset=\"https:\/\/modoviajeok.com.ar\/wp-content\/uploads\/2025\/04\/WhatsApp-Image-2025-04-10-at-16.18.28-scaled.jpeg 1920w, https:\/\/modoviajeok.com.ar\/wp-content\/uploads\/2025\/04\/WhatsApp-Image-2025-04-10-at-16.18.28-768x1024.jpeg 768w, https:\/\/modoviajeok.com.ar\/wp-content\/uploads\/2025\/04\/WhatsApp-Image-2025-04-10-at-16.18.28-1152x1536.jpeg 1152w, https:\/\/modoviajeok.com.ar\/wp-content\/uploads\/2025\/04\/WhatsApp-Image-2025-04-10-at-16.18.28-1536x2048.jpeg 1536w, https:\/\/modoviajeok.com.ar\/wp-content\/uploads\/2025\/04\/WhatsApp-Image-2025-04-10-at-16.18.28-315x420.jpeg 315w, https:\/\/modoviajeok.com.ar\/wp-content\/uploads\/2025\/04\/WhatsApp-Image-2025-04-10-at-16.18.28-150x200.jpeg 150w, https:\/\/modoviajeok.com.ar\/wp-content\/uploads\/2025\/04\/WhatsApp-Image-2025-04-10-at-16.18.28-300x400.jpeg 300w, https:\/\/modoviajeok.com.ar\/wp-content\/uploads\/2025\/04\/WhatsApp-Image-2025-04-10-at-16.18.28-696x928.jpeg 696w, https:\/\/modoviajeok.com.ar\/wp-content\/uploads\/2025\/04\/WhatsApp-Image-2025-04-10-at-16.18.28-1068x1424.jpeg 1068w\" sizes=\"auto, (max-width: 1920px) 100vw, 1920px\" \/><\/figure>\n\n\n\n<p>Uno de los mayores regalos que ofrece La Granja es la oportunidad de experimentar el proceso de sembrar y cosechar. Su huerta org\u00e1nica, cultivada con t\u00e9cnicas agroecol\u00f3gicas, permite a los visitantes entender el ciclo de la vida y la importancia de cuidar el suelo que nos alimenta. Aqu\u00ed, el concepto de soberan\u00eda alimentaria cobra vida mientras los asistentes aprenden sobre cultivos estacionales, arom\u00e1ticas y nueces pecan.<\/p>\n\n\n\n<figure class=\"wp-block-image size-full\"><img loading=\"lazy\" decoding=\"async\" width=\"1280\" height=\"960\" src=\"https:\/\/modoviajeok.com.ar\/wp-content\/uploads\/2025\/04\/WhatsApp-Image-2025-04-10-at-22.22.25.jpeg\" alt=\"\" class=\"wp-image-3328\" srcset=\"https:\/\/modoviajeok.com.ar\/wp-content\/uploads\/2025\/04\/WhatsApp-Image-2025-04-10-at-22.22.25.jpeg 1280w, https:\/\/modoviajeok.com.ar\/wp-content\/uploads\/2025\/04\/WhatsApp-Image-2025-04-10-at-22.22.25-768x576.jpeg 768w, https:\/\/modoviajeok.com.ar\/wp-content\/uploads\/2025\/04\/WhatsApp-Image-2025-04-10-at-22.22.25-560x420.jpeg 560w, https:\/\/modoviajeok.com.ar\/wp-content\/uploads\/2025\/04\/WhatsApp-Image-2025-04-10-at-22.22.25-80x60.jpeg 80w, https:\/\/modoviajeok.com.ar\/wp-content\/uploads\/2025\/04\/WhatsApp-Image-2025-04-10-at-22.22.25-150x113.jpeg 150w, https:\/\/modoviajeok.com.ar\/wp-content\/uploads\/2025\/04\/WhatsApp-Image-2025-04-10-at-22.22.25-300x225.jpeg 300w, https:\/\/modoviajeok.com.ar\/wp-content\/uploads\/2025\/04\/WhatsApp-Image-2025-04-10-at-22.22.25-696x522.jpeg 696w, https:\/\/modoviajeok.com.ar\/wp-content\/uploads\/2025\/04\/WhatsApp-Image-2025-04-10-at-22.22.25-1068x801.jpeg 1068w, https:\/\/modoviajeok.com.ar\/wp-content\/uploads\/2025\/04\/WhatsApp-Image-2025-04-10-at-22.22.25-265x198.jpeg 265w\" sizes=\"auto, (max-width: 1280px) 100vw, 1280px\" \/><\/figure>\n\n\n\n<figure class=\"wp-block-image size-full\"><img loading=\"lazy\" decoding=\"async\" width=\"960\" height=\"1280\" src=\"https:\/\/modoviajeok.com.ar\/wp-content\/uploads\/2025\/04\/WhatsApp-Image-2025-04-10-at-22.22.26-1.jpeg\" alt=\"\" class=\"wp-image-3329\" srcset=\"https:\/\/modoviajeok.com.ar\/wp-content\/uploads\/2025\/04\/WhatsApp-Image-2025-04-10-at-22.22.26-1.jpeg 960w, https:\/\/modoviajeok.com.ar\/wp-content\/uploads\/2025\/04\/WhatsApp-Image-2025-04-10-at-22.22.26-1-768x1024.jpeg 768w, https:\/\/modoviajeok.com.ar\/wp-content\/uploads\/2025\/04\/WhatsApp-Image-2025-04-10-at-22.22.26-1-315x420.jpeg 315w, https:\/\/modoviajeok.com.ar\/wp-content\/uploads\/2025\/04\/WhatsApp-Image-2025-04-10-at-22.22.26-1-150x200.jpeg 150w, https:\/\/modoviajeok.com.ar\/wp-content\/uploads\/2025\/04\/WhatsApp-Image-2025-04-10-at-22.22.26-1-300x400.jpeg 300w, https:\/\/modoviajeok.com.ar\/wp-content\/uploads\/2025\/04\/WhatsApp-Image-2025-04-10-at-22.22.26-1-696x928.jpeg 696w\" sizes=\"auto, (max-width: 960px) 100vw, 960px\" \/><\/figure>\n\n\n\n<p>La interacci\u00f3n con la tierra activa los cinco sentidos: el aroma de las plantas frescas, la textura del suelo entre los dedos, el sonido del viento entre las hojas y el sabor de un tomate reci\u00e9n cosechado. Estas experiencias simples pero profundas ayudan a limpiar la mente del ruido digital y a centrarse en el presente.<\/p>\n\n\n\n<figure class=\"wp-block-image size-full\"><img loading=\"lazy\" decoding=\"async\" width=\"1920\" height=\"2560\" src=\"https:\/\/modoviajeok.com.ar\/wp-content\/uploads\/2025\/04\/WhatsApp-Image-2025-04-10-at-16.19.59-scaled.jpeg\" alt=\"\" class=\"wp-image-3322\" srcset=\"https:\/\/modoviajeok.com.ar\/wp-content\/uploads\/2025\/04\/WhatsApp-Image-2025-04-10-at-16.19.59-scaled.jpeg 1920w, https:\/\/modoviajeok.com.ar\/wp-content\/uploads\/2025\/04\/WhatsApp-Image-2025-04-10-at-16.19.59-768x1024.jpeg 768w, https:\/\/modoviajeok.com.ar\/wp-content\/uploads\/2025\/04\/WhatsApp-Image-2025-04-10-at-16.19.59-1152x1536.jpeg 1152w, https:\/\/modoviajeok.com.ar\/wp-content\/uploads\/2025\/04\/WhatsApp-Image-2025-04-10-at-16.19.59-1536x2048.jpeg 1536w, https:\/\/modoviajeok.com.ar\/wp-content\/uploads\/2025\/04\/WhatsApp-Image-2025-04-10-at-16.19.59-315x420.jpeg 315w, https:\/\/modoviajeok.com.ar\/wp-content\/uploads\/2025\/04\/WhatsApp-Image-2025-04-10-at-16.19.59-150x200.jpeg 150w, https:\/\/modoviajeok.com.ar\/wp-content\/uploads\/2025\/04\/WhatsApp-Image-2025-04-10-at-16.19.59-300x400.jpeg 300w, https:\/\/modoviajeok.com.ar\/wp-content\/uploads\/2025\/04\/WhatsApp-Image-2025-04-10-at-16.19.59-696x928.jpeg 696w, https:\/\/modoviajeok.com.ar\/wp-content\/uploads\/2025\/04\/WhatsApp-Image-2025-04-10-at-16.19.59-1068x1424.jpeg 1068w\" sizes=\"auto, (max-width: 1920px) 100vw, 1920px\" \/><\/figure>\n\n\n\n<p><strong>Conexi\u00f3n profunda con los animales<\/strong><\/p>\n\n\n\n<p>En La granja se cr\u00edan una diversidad de animales que invitan a los visitantes a interactuar y aprender de ellos. Desde cabras y ovejas hasta pavos reales y tortugas de tierra, cada especie tiene algo que ense\u00f1arnos sobre paciencia, respeto y armon\u00eda con el entorno. Observar c\u00f3mo pastan las llamas o recolectar huevos frescos de las gallinas es una lecci\u00f3n de vida que dif\u00edcilmente pueda replicarse en un entorno urbano.<\/p>\n\n\n\n<figure class=\"wp-block-image size-full\"><img loading=\"lazy\" decoding=\"async\" width=\"1150\" height=\"740\" src=\"https:\/\/modoviajeok.com.ar\/wp-content\/uploads\/2025\/04\/WhatsApp-Image-2025-04-10-at-18.51.20.jpeg\" alt=\"\" class=\"wp-image-3323\" srcset=\"https:\/\/modoviajeok.com.ar\/wp-content\/uploads\/2025\/04\/WhatsApp-Image-2025-04-10-at-18.51.20.jpeg 1150w, https:\/\/modoviajeok.com.ar\/wp-content\/uploads\/2025\/04\/WhatsApp-Image-2025-04-10-at-18.51.20-768x494.jpeg 768w, https:\/\/modoviajeok.com.ar\/wp-content\/uploads\/2025\/04\/WhatsApp-Image-2025-04-10-at-18.51.20-653x420.jpeg 653w, https:\/\/modoviajeok.com.ar\/wp-content\/uploads\/2025\/04\/WhatsApp-Image-2025-04-10-at-18.51.20-150x97.jpeg 150w, https:\/\/modoviajeok.com.ar\/wp-content\/uploads\/2025\/04\/WhatsApp-Image-2025-04-10-at-18.51.20-300x193.jpeg 300w, https:\/\/modoviajeok.com.ar\/wp-content\/uploads\/2025\/04\/WhatsApp-Image-2025-04-10-at-18.51.20-696x448.jpeg 696w, https:\/\/modoviajeok.com.ar\/wp-content\/uploads\/2025\/04\/WhatsApp-Image-2025-04-10-at-18.51.20-1068x687.jpeg 1068w\" sizes=\"auto, (max-width: 1150px) 100vw, 1150px\" \/><\/figure>\n\n\n\n<p>Adem\u00e1s, la producci\u00f3n alternativa de fibra de llama, lana de oveja y plumas de pavo real muestra c\u00f3mo los recursos naturales pueden aprovecharse de manera \u00e9tica y sostenible. Esta conexi\u00f3n con los animales no s\u00f3lo fomenta la empat\u00eda sino que tambi\u00e9n nos recuerda que somos parte integral de la naturaleza, no meros espectadores.<\/p>\n\n\n\n<figure class=\"wp-block-image size-full\"><img loading=\"lazy\" decoding=\"async\" width=\"1280\" height=\"960\" src=\"https:\/\/modoviajeok.com.ar\/wp-content\/uploads\/2025\/04\/WhatsApp-Image-2025-04-10-at-22.22.25-2.jpeg\" alt=\"\" class=\"wp-image-3327\" srcset=\"https:\/\/modoviajeok.com.ar\/wp-content\/uploads\/2025\/04\/WhatsApp-Image-2025-04-10-at-22.22.25-2.jpeg 1280w, https:\/\/modoviajeok.com.ar\/wp-content\/uploads\/2025\/04\/WhatsApp-Image-2025-04-10-at-22.22.25-2-768x576.jpeg 768w, https:\/\/modoviajeok.com.ar\/wp-content\/uploads\/2025\/04\/WhatsApp-Image-2025-04-10-at-22.22.25-2-560x420.jpeg 560w, https:\/\/modoviajeok.com.ar\/wp-content\/uploads\/2025\/04\/WhatsApp-Image-2025-04-10-at-22.22.25-2-80x60.jpeg 80w, https:\/\/modoviajeok.com.ar\/wp-content\/uploads\/2025\/04\/WhatsApp-Image-2025-04-10-at-22.22.25-2-150x113.jpeg 150w, https:\/\/modoviajeok.com.ar\/wp-content\/uploads\/2025\/04\/WhatsApp-Image-2025-04-10-at-22.22.25-2-300x225.jpeg 300w, https:\/\/modoviajeok.com.ar\/wp-content\/uploads\/2025\/04\/WhatsApp-Image-2025-04-10-at-22.22.25-2-696x522.jpeg 696w, https:\/\/modoviajeok.com.ar\/wp-content\/uploads\/2025\/04\/WhatsApp-Image-2025-04-10-at-22.22.25-2-1068x801.jpeg 1068w, https:\/\/modoviajeok.com.ar\/wp-content\/uploads\/2025\/04\/WhatsApp-Image-2025-04-10-at-22.22.25-2-265x198.jpeg 265w\" sizes=\"auto, (max-width: 1280px) 100vw, 1280px\" \/><\/figure>\n\n\n\n<p><strong>Educaci\u00f3n ambiental<\/strong><\/p>\n\n\n\n<p>Este es un lugar para desconectar y para aprender. A trav\u00e9s de visitas guiadas, talleres y campamentos, los visitantes tienen la oportunidad de participar en actividades educativas que combinan principios de agroecolog\u00eda, econom\u00eda circular y protecci\u00f3n ecol\u00f3gica.<\/p>\n\n\n\n<figure class=\"wp-block-image size-full\"><img loading=\"lazy\" decoding=\"async\" width=\"1280\" height=\"720\" src=\"https:\/\/modoviajeok.com.ar\/wp-content\/uploads\/2025\/04\/WhatsApp-Image-2025-04-10-at-18.51.21-1.jpeg\" alt=\"\" class=\"wp-image-3324\" srcset=\"https:\/\/modoviajeok.com.ar\/wp-content\/uploads\/2025\/04\/WhatsApp-Image-2025-04-10-at-18.51.21-1.jpeg 1280w, https:\/\/modoviajeok.com.ar\/wp-content\/uploads\/2025\/04\/WhatsApp-Image-2025-04-10-at-18.51.21-1-768x432.jpeg 768w, https:\/\/modoviajeok.com.ar\/wp-content\/uploads\/2025\/04\/WhatsApp-Image-2025-04-10-at-18.51.21-1-747x420.jpeg 747w, https:\/\/modoviajeok.com.ar\/wp-content\/uploads\/2025\/04\/WhatsApp-Image-2025-04-10-at-18.51.21-1-150x84.jpeg 150w, https:\/\/modoviajeok.com.ar\/wp-content\/uploads\/2025\/04\/WhatsApp-Image-2025-04-10-at-18.51.21-1-300x169.jpeg 300w, https:\/\/modoviajeok.com.ar\/wp-content\/uploads\/2025\/04\/WhatsApp-Image-2025-04-10-at-18.51.21-1-696x392.jpeg 696w, https:\/\/modoviajeok.com.ar\/wp-content\/uploads\/2025\/04\/WhatsApp-Image-2025-04-10-at-18.51.21-1-1068x601.jpeg 1068w\" sizes=\"auto, (max-width: 1280px) 100vw, 1280px\" \/><\/figure>\n\n\n\n<p>Los dispositivos de educaci\u00f3n ambiental est\u00e1n dise\u00f1ados para adaptarse a diferentes niveles educativos y al p\u00fablico en general pudiendo participar desde ni\u00f1os hasta adultos, y buscan generar un impacto duradero en quienes los experimentan. El compostaje, la producci\u00f3n de bio-insumos y la gesti\u00f3n responsable de residuos son s\u00f3lo algunos de los temas que se abordan, promoviendo una mentalidad consciente y comprometida con el futuro del planeta.<\/p>\n\n\n\n<figure class=\"wp-block-image size-full\"><img loading=\"lazy\" decoding=\"async\" width=\"1196\" height=\"874\" src=\"https:\/\/modoviajeok.com.ar\/wp-content\/uploads\/2025\/04\/WhatsApp-Image-2025-04-10-at-18.51.21.jpeg\" alt=\"\" class=\"wp-image-3325\" srcset=\"https:\/\/modoviajeok.com.ar\/wp-content\/uploads\/2025\/04\/WhatsApp-Image-2025-04-10-at-18.51.21.jpeg 1196w, https:\/\/modoviajeok.com.ar\/wp-content\/uploads\/2025\/04\/WhatsApp-Image-2025-04-10-at-18.51.21-768x561.jpeg 768w, https:\/\/modoviajeok.com.ar\/wp-content\/uploads\/2025\/04\/WhatsApp-Image-2025-04-10-at-18.51.21-575x420.jpeg 575w, https:\/\/modoviajeok.com.ar\/wp-content\/uploads\/2025\/04\/WhatsApp-Image-2025-04-10-at-18.51.21-150x110.jpeg 150w, https:\/\/modoviajeok.com.ar\/wp-content\/uploads\/2025\/04\/WhatsApp-Image-2025-04-10-at-18.51.21-300x219.jpeg 300w, https:\/\/modoviajeok.com.ar\/wp-content\/uploads\/2025\/04\/WhatsApp-Image-2025-04-10-at-18.51.21-696x509.jpeg 696w, https:\/\/modoviajeok.com.ar\/wp-content\/uploads\/2025\/04\/WhatsApp-Image-2025-04-10-at-18.51.21-1068x780.jpeg 1068w\" sizes=\"auto, (max-width: 1196px) 100vw, 1196px\" \/><\/figure>\n\n\n\n<p><strong>Reseteo digital<\/strong><\/p>\n\n\n\n<p>El verdadero valor de Casablanca La Granja radica en su capacidad para facilitar un reseteo digital profundo y significativo. Al dejar atr\u00e1s los dispositivos electr\u00f3nicos y sumergirse en la vida rural, los visitantes descubren un estado de calma y claridad que pocas veces experimentan en su rutina diaria. Aqu\u00ed, el tiempo parece detenerse, permitiendo que cada momento sea plenamente vivido. Ya sea compartiendo una conversaci\u00f3n sincera junto al fuego, observando un atardecer sobre el Uritorco o simplemente viviendo el silencio, este lugar invita a reflexionar sobre lo que realmente importa. <\/p>\n\n\n      <div class=\"wp_bannerize_container wp_bannerize_layout_vertical\">\n\n              <\/div>\n\n\n\n\n\n<p>Es un recordatorio poderoso de que, para avanzar, a veces necesitamos volver a lo b\u00e1sico, a nuestras ra\u00edces, y redescubrir la belleza de lo simple.<\/p>\n\n\n\n<figure class=\"wp-block-image size-full\"><img loading=\"lazy\" decoding=\"async\" width=\"1280\" height=\"960\" src=\"https:\/\/modoviajeok.com.ar\/wp-content\/uploads\/2025\/04\/WhatsApp-Image-2025-04-10-at-22.22.25-1.jpeg\" alt=\"\" class=\"wp-image-3326\" srcset=\"https:\/\/modoviajeok.com.ar\/wp-content\/uploads\/2025\/04\/WhatsApp-Image-2025-04-10-at-22.22.25-1.jpeg 1280w, https:\/\/modoviajeok.com.ar\/wp-content\/uploads\/2025\/04\/WhatsApp-Image-2025-04-10-at-22.22.25-1-768x576.jpeg 768w, https:\/\/modoviajeok.com.ar\/wp-content\/uploads\/2025\/04\/WhatsApp-Image-2025-04-10-at-22.22.25-1-560x420.jpeg 560w, https:\/\/modoviajeok.com.ar\/wp-content\/uploads\/2025\/04\/WhatsApp-Image-2025-04-10-at-22.22.25-1-80x60.jpeg 80w, https:\/\/modoviajeok.com.ar\/wp-content\/uploads\/2025\/04\/WhatsApp-Image-2025-04-10-at-22.22.25-1-150x113.jpeg 150w, https:\/\/modoviajeok.com.ar\/wp-content\/uploads\/2025\/04\/WhatsApp-Image-2025-04-10-at-22.22.25-1-300x225.jpeg 300w, https:\/\/modoviajeok.com.ar\/wp-content\/uploads\/2025\/04\/WhatsApp-Image-2025-04-10-at-22.22.25-1-696x522.jpeg 696w, https:\/\/modoviajeok.com.ar\/wp-content\/uploads\/2025\/04\/WhatsApp-Image-2025-04-10-at-22.22.25-1-1068x801.jpeg 1068w, https:\/\/modoviajeok.com.ar\/wp-content\/uploads\/2025\/04\/WhatsApp-Image-2025-04-10-at-22.22.25-1-265x198.jpeg 265w\" sizes=\"auto, (max-width: 1280px) 100vw, 1280px\" \/><\/figure>\n\n\n\n<p>IG: @lagranjadecapilla<\/p>\n","protected":false},"excerpt":{"rendered":"<p>En un mundo donde la tecnolog\u00eda domina nuestra vida, desconectar puede parecer un desaf\u00edo insuperable. Por suerte, no lo es. Hay lugares como Casablanca La Granja de Capilla del Monte que nos recuerdan que la verdadera conexi\u00f3n no se encuentra en una pantalla, sino en el contacto directo con la naturaleza, los animales y nuestras [&hellip;]<\/p>\n","protected":false},"author":2,"featured_media":3320,"comment_status":"open","ping_status":"open","sticky":false,"template":"","format":"standard","meta":{"_acf_changed":false,"footnotes":""},"categories":[11,2],"tags":[135,48,795,793,547,794],"class_list":{"0":"post-3313","1":"post","2":"type-post","3":"status-publish","4":"format-standard","5":"has-post-thumbnail","7":"category-cordoba","8":"category-destacadas","9":"tag-capilla-del-monte","10":"tag-cordoba","11":"tag-granja","12":"tag-la-granja","13":"tag-punilla","14":"tag-uritorco"},"acf":[],"yoast_head":"<!-- This site is optimized with the Yoast SEO plugin v24.8.1 - https:\/\/yoast.com\/wordpress\/plugins\/seo\/ -->\n<title>Casablanca La Granja: Un viaje de regreso a las ra\u00edces -<\/title>\n<meta name=\"description\" content=\"La Granja de Capilla del Monte es un lugar ideal para el reseteo digital. Ubicada en un lugar paradis\u00edaco de las sierras de C\u00f3rdoba.\" \/>\n<meta name=\"robots\" content=\"index, follow, max-snippet:-1, max-image-preview:large, max-video-preview:-1\" \/>\n<link rel=\"canonical\" href=\"https:\/\/modoviajeok.com.ar\/index.php\/2025\/04\/17\/casablanca-la-granja-un-viaje-de-regreso-a-las-raices\/\" \/>\n<meta property=\"og:locale\" content=\"es_ES\" \/>\n<meta property=\"og:type\" content=\"article\" \/>\n<meta property=\"og:title\" content=\"Casablanca La Granja: Un viaje de regreso a las ra\u00edces -\" \/>\n<meta property=\"og:description\" content=\"La Granja de Capilla del Monte es un lugar ideal para el reseteo digital. Ubicada en un lugar paradis\u00edaco de las sierras de C\u00f3rdoba.\" \/>\n<meta property=\"og:url\" content=\"https:\/\/modoviajeok.com.ar\/index.php\/2025\/04\/17\/casablanca-la-granja-un-viaje-de-regreso-a-las-raices\/\" \/>\n<meta property=\"article:publisher\" content=\"https:\/\/www.facebook.com\/mariana.otero1\/\" \/>\n<meta property=\"article:published_time\" content=\"2025-04-17T15:04:36+00:00\" \/>\n<meta property=\"og:image\" content=\"https:\/\/modoviajeok.com.ar\/wp-content\/uploads\/2025\/04\/WhatsApp-Image-2025-04-10-at-16.19.10-scaled.jpeg\" \/>\n\t<meta property=\"og:image:width\" content=\"1920\" \/>\n\t<meta property=\"og:image:height\" content=\"2560\" \/>\n\t<meta property=\"og:image:type\" content=\"image\/jpeg\" \/>\n<meta name=\"author\" content=\"Mariana Otero\" \/>\n<meta name=\"twitter:card\" content=\"summary_large_image\" \/>\n<meta name=\"twitter:label1\" content=\"Escrito por\" \/>\n\t<meta name=\"twitter:data1\" content=\"Mariana Otero\" \/>\n\t<meta name=\"twitter:label2\" content=\"Tiempo de lectura\" \/>\n\t<meta name=\"twitter:data2\" content=\"6 minutos\" \/>\n<script type=\"application\/ld+json\" class=\"yoast-schema-graph\">{\"@context\":\"https:\/\/schema.org\",\"@graph\":[{\"@type\":\"Article\",\"@id\":\"https:\/\/modoviajeok.com.ar\/index.php\/2025\/04\/17\/casablanca-la-granja-un-viaje-de-regreso-a-las-raices\/#article\",\"isPartOf\":{\"@id\":\"https:\/\/modoviajeok.com.ar\/index.php\/2025\/04\/17\/casablanca-la-granja-un-viaje-de-regreso-a-las-raices\/\"},\"author\":{\"name\":\"Mariana Otero\",\"@id\":\"https:\/\/modoviajeok.com.ar\/#\/schema\/person\/1187013488537969db5b1320484d24f4\"},\"headline\":\"Casablanca La Granja: Un viaje de regreso a las ra\u00edces\",\"datePublished\":\"2025-04-17T15:04:36+00:00\",\"mainEntityOfPage\":{\"@id\":\"https:\/\/modoviajeok.com.ar\/index.php\/2025\/04\/17\/casablanca-la-granja-un-viaje-de-regreso-a-las-raices\/\"},\"wordCount\":760,\"commentCount\":0,\"publisher\":{\"@id\":\"https:\/\/modoviajeok.com.ar\/#organization\"},\"image\":{\"@id\":\"https:\/\/modoviajeok.com.ar\/index.php\/2025\/04\/17\/casablanca-la-granja-un-viaje-de-regreso-a-las-raices\/#primaryimage\"},\"thumbnailUrl\":\"https:\/\/modoviajeok.com.ar\/wp-content\/uploads\/2025\/04\/WhatsApp-Image-2025-04-10-at-16.19.10-scaled.jpeg\",\"keywords\":[\"capilla del monte\",\"c\u00f3rdoba\",\"granja\",\"la granja\",\"punilla\",\"uritorco\"],\"articleSection\":[\"C\u00f3rdoba\",\"Destacadas\"],\"inLanguage\":\"es\",\"potentialAction\":[{\"@type\":\"CommentAction\",\"name\":\"Comment\",\"target\":[\"https:\/\/modoviajeok.com.ar\/index.php\/2025\/04\/17\/casablanca-la-granja-un-viaje-de-regreso-a-las-raices\/#respond\"]}]},{\"@type\":\"WebPage\",\"@id\":\"https:\/\/modoviajeok.com.ar\/index.php\/2025\/04\/17\/casablanca-la-granja-un-viaje-de-regreso-a-las-raices\/\",\"url\":\"https:\/\/modoviajeok.com.ar\/index.php\/2025\/04\/17\/casablanca-la-granja-un-viaje-de-regreso-a-las-raices\/\",\"name\":\"Casablanca La Granja: Un viaje de regreso a las ra\u00edces -\",\"isPartOf\":{\"@id\":\"https:\/\/modoviajeok.com.ar\/#website\"},\"primaryImageOfPage\":{\"@id\":\"https:\/\/modoviajeok.com.ar\/index.php\/2025\/04\/17\/casablanca-la-granja-un-viaje-de-regreso-a-las-raices\/#primaryimage\"},\"image\":{\"@id\":\"https:\/\/modoviajeok.com.ar\/index.php\/2025\/04\/17\/casablanca-la-granja-un-viaje-de-regreso-a-las-raices\/#primaryimage\"},\"thumbnailUrl\":\"https:\/\/modoviajeok.com.ar\/wp-content\/uploads\/2025\/04\/WhatsApp-Image-2025-04-10-at-16.19.10-scaled.jpeg\",\"datePublished\":\"2025-04-17T15:04:36+00:00\",\"description\":\"La Granja de Capilla del Monte es un lugar ideal para el reseteo digital. Ubicada en un lugar paradis\u00edaco de las sierras de C\u00f3rdoba.\",\"breadcrumb\":{\"@id\":\"https:\/\/modoviajeok.com.ar\/index.php\/2025\/04\/17\/casablanca-la-granja-un-viaje-de-regreso-a-las-raices\/#breadcrumb\"},\"inLanguage\":\"es\",\"potentialAction\":[{\"@type\":\"ReadAction\",\"target\":[\"https:\/\/modoviajeok.com.ar\/index.php\/2025\/04\/17\/casablanca-la-granja-un-viaje-de-regreso-a-las-raices\/\"]}]},{\"@type\":\"ImageObject\",\"inLanguage\":\"es\",\"@id\":\"https:\/\/modoviajeok.com.ar\/index.php\/2025\/04\/17\/casablanca-la-granja-un-viaje-de-regreso-a-las-raices\/#primaryimage\",\"url\":\"https:\/\/modoviajeok.com.ar\/wp-content\/uploads\/2025\/04\/WhatsApp-Image-2025-04-10-at-16.19.10-scaled.jpeg\",\"contentUrl\":\"https:\/\/modoviajeok.com.ar\/wp-content\/uploads\/2025\/04\/WhatsApp-Image-2025-04-10-at-16.19.10-scaled.jpeg\",\"width\":1920,\"height\":2560},{\"@type\":\"BreadcrumbList\",\"@id\":\"https:\/\/modoviajeok.com.ar\/index.php\/2025\/04\/17\/casablanca-la-granja-un-viaje-de-regreso-a-las-raices\/#breadcrumb\",\"itemListElement\":[{\"@type\":\"ListItem\",\"position\":1,\"name\":\"Portada\",\"item\":\"https:\/\/modoviajeok.com.ar\/\"},{\"@type\":\"ListItem\",\"position\":2,\"name\":\"Casablanca La Granja: Un viaje de regreso a las ra\u00edces\"}]},{\"@type\":\"WebSite\",\"@id\":\"https:\/\/modoviajeok.com.ar\/#website\",\"url\":\"https:\/\/modoviajeok.com.ar\/\",\"name\":\"ModoViajeOK\",\"description\":\"\",\"publisher\":{\"@id\":\"https:\/\/modoviajeok.com.ar\/#organization\"},\"potentialAction\":[{\"@type\":\"SearchAction\",\"target\":{\"@type\":\"EntryPoint\",\"urlTemplate\":\"https:\/\/modoviajeok.com.ar\/?s={search_term_string}\"},\"query-input\":{\"@type\":\"PropertyValueSpecification\",\"valueRequired\":true,\"valueName\":\"search_term_string\"}}],\"inLanguage\":\"es\"},{\"@type\":\"Organization\",\"@id\":\"https:\/\/modoviajeok.com.ar\/#organization\",\"name\":\"ModoViajeOK\",\"url\":\"https:\/\/modoviajeok.com.ar\/\",\"logo\":{\"@type\":\"ImageObject\",\"inLanguage\":\"es\",\"@id\":\"https:\/\/modoviajeok.com.ar\/#\/schema\/logo\/image\/\",\"url\":\"https:\/\/modoviajeok.com.ar\/wp-content\/uploads\/2025\/01\/Logo-modoviajeok.png\",\"contentUrl\":\"https:\/\/modoviajeok.com.ar\/wp-content\/uploads\/2025\/01\/Logo-modoviajeok.png\",\"width\":2938,\"height\":2276,\"caption\":\"ModoViajeOK\"},\"image\":{\"@id\":\"https:\/\/modoviajeok.com.ar\/#\/schema\/logo\/image\/\"},\"sameAs\":[\"https:\/\/www.facebook.com\/mariana.otero1\/\",\"https:\/\/www.instagram.com\/modoviaje.ok\/\"]},{\"@type\":\"Person\",\"@id\":\"https:\/\/modoviajeok.com.ar\/#\/schema\/person\/1187013488537969db5b1320484d24f4\",\"name\":\"Mariana Otero\",\"image\":{\"@type\":\"ImageObject\",\"inLanguage\":\"es\",\"@id\":\"https:\/\/modoviajeok.com.ar\/#\/schema\/person\/image\/\",\"url\":\"https:\/\/secure.gravatar.com\/avatar\/8a91a502a9336849a3500b9090c431bc1418f1d1263d893afeddba065f5add82?s=96&d=mm&r=g\",\"contentUrl\":\"https:\/\/secure.gravatar.com\/avatar\/8a91a502a9336849a3500b9090c431bc1418f1d1263d893afeddba065f5add82?s=96&d=mm&r=g\",\"caption\":\"Mariana Otero\"},\"url\":\"https:\/\/modoviajeok.com.ar\/index.php\/author\/mariana2025\/\"}]}<\/script>\n<!-- \/ Yoast SEO plugin. -->","yoast_head_json":{"title":"Casablanca La Granja: Un viaje de regreso a las ra\u00edces -","description":"La Granja de Capilla del Monte es un lugar ideal para el reseteo digital. Ubicada en un lugar paradis\u00edaco de las sierras de C\u00f3rdoba.","robots":{"index":"index","follow":"follow","max-snippet":"max-snippet:-1","max-image-preview":"max-image-preview:large","max-video-preview":"max-video-preview:-1"},"canonical":"https:\/\/modoviajeok.com.ar\/index.php\/2025\/04\/17\/casablanca-la-granja-un-viaje-de-regreso-a-las-raices\/","og_locale":"es_ES","og_type":"article","og_title":"Casablanca La Granja: Un viaje de regreso a las ra\u00edces -","og_description":"La Granja de Capilla del Monte es un lugar ideal para el reseteo digital. Ubicada en un lugar paradis\u00edaco de las sierras de C\u00f3rdoba.","og_url":"https:\/\/modoviajeok.com.ar\/index.php\/2025\/04\/17\/casablanca-la-granja-un-viaje-de-regreso-a-las-raices\/","article_publisher":"https:\/\/www.facebook.com\/mariana.otero1\/","article_published_time":"2025-04-17T15:04:36+00:00","og_image":[{"width":1920,"height":2560,"url":"https:\/\/modoviajeok.com.ar\/wp-content\/uploads\/2025\/04\/WhatsApp-Image-2025-04-10-at-16.19.10-scaled.jpeg","type":"image\/jpeg"}],"author":"Mariana Otero","twitter_card":"summary_large_image","twitter_misc":{"Escrito por":"Mariana Otero","Tiempo de lectura":"6 minutos"},"schema":{"@context":"https:\/\/schema.org","@graph":[{"@type":"Article","@id":"https:\/\/modoviajeok.com.ar\/index.php\/2025\/04\/17\/casablanca-la-granja-un-viaje-de-regreso-a-las-raices\/#article","isPartOf":{"@id":"https:\/\/modoviajeok.com.ar\/index.php\/2025\/04\/17\/casablanca-la-granja-un-viaje-de-regreso-a-las-raices\/"},"author":{"name":"Mariana Otero","@id":"https:\/\/modoviajeok.com.ar\/#\/schema\/person\/1187013488537969db5b1320484d24f4"},"headline":"Casablanca La Granja: Un viaje de regreso a las ra\u00edces","datePublished":"2025-04-17T15:04:36+00:00","mainEntityOfPage":{"@id":"https:\/\/modoviajeok.com.ar\/index.php\/2025\/04\/17\/casablanca-la-granja-un-viaje-de-regreso-a-las-raices\/"},"wordCount":760,"commentCount":0,"publisher":{"@id":"https:\/\/modoviajeok.com.ar\/#organization"},"image":{"@id":"https:\/\/modoviajeok.com.ar\/index.php\/2025\/04\/17\/casablanca-la-granja-un-viaje-de-regreso-a-las-raices\/#primaryimage"},"thumbnailUrl":"https:\/\/modoviajeok.com.ar\/wp-content\/uploads\/2025\/04\/WhatsApp-Image-2025-04-10-at-16.19.10-scaled.jpeg","keywords":["capilla del monte","c\u00f3rdoba","granja","la granja","punilla","uritorco"],"articleSection":["C\u00f3rdoba","Destacadas"],"inLanguage":"es","potentialAction":[{"@type":"CommentAction","name":"Comment","target":["https:\/\/modoviajeok.com.ar\/index.php\/2025\/04\/17\/casablanca-la-granja-un-viaje-de-regreso-a-las-raices\/#respond"]}]},{"@type":"WebPage","@id":"https:\/\/modoviajeok.com.ar\/index.php\/2025\/04\/17\/casablanca-la-granja-un-viaje-de-regreso-a-las-raices\/","url":"https:\/\/modoviajeok.com.ar\/index.php\/2025\/04\/17\/casablanca-la-granja-un-viaje-de-regreso-a-las-raices\/","name":"Casablanca La Granja: Un viaje de regreso a las ra\u00edces -","isPartOf":{"@id":"https:\/\/modoviajeok.com.ar\/#website"},"primaryImageOfPage":{"@id":"https:\/\/modoviajeok.com.ar\/index.php\/2025\/04\/17\/casablanca-la-granja-un-viaje-de-regreso-a-las-raices\/#primaryimage"},"image":{"@id":"https:\/\/modoviajeok.com.ar\/index.php\/2025\/04\/17\/casablanca-la-granja-un-viaje-de-regreso-a-las-raices\/#primaryimage"},"thumbnailUrl":"https:\/\/modoviajeok.com.ar\/wp-content\/uploads\/2025\/04\/WhatsApp-Image-2025-04-10-at-16.19.10-scaled.jpeg","datePublished":"2025-04-17T15:04:36+00:00","description":"La Granja de Capilla del Monte es un lugar ideal para el reseteo digital. Ubicada en un lugar paradis\u00edaco de las sierras de C\u00f3rdoba.","breadcrumb":{"@id":"https:\/\/modoviajeok.com.ar\/index.php\/2025\/04\/17\/casablanca-la-granja-un-viaje-de-regreso-a-las-raices\/#breadcrumb"},"inLanguage":"es","potentialAction":[{"@type":"ReadAction","target":["https:\/\/modoviajeok.com.ar\/index.php\/2025\/04\/17\/casablanca-la-granja-un-viaje-de-regreso-a-las-raices\/"]}]},{"@type":"ImageObject","inLanguage":"es","@id":"https:\/\/modoviajeok.com.ar\/index.php\/2025\/04\/17\/casablanca-la-granja-un-viaje-de-regreso-a-las-raices\/#primaryimage","url":"https:\/\/modoviajeok.com.ar\/wp-content\/uploads\/2025\/04\/WhatsApp-Image-2025-04-10-at-16.19.10-scaled.jpeg","contentUrl":"https:\/\/modoviajeok.com.ar\/wp-content\/uploads\/2025\/04\/WhatsApp-Image-2025-04-10-at-16.19.10-scaled.jpeg","width":1920,"height":2560},{"@type":"BreadcrumbList","@id":"https:\/\/modoviajeok.com.ar\/index.php\/2025\/04\/17\/casablanca-la-granja-un-viaje-de-regreso-a-las-raices\/#breadcrumb","itemListElement":[{"@type":"ListItem","position":1,"name":"Portada","item":"https:\/\/modoviajeok.com.ar\/"},{"@type":"ListItem","position":2,"name":"Casablanca La Granja: Un viaje de regreso a las ra\u00edces"}]},{"@type":"WebSite","@id":"https:\/\/modoviajeok.com.ar\/#website","url":"https:\/\/modoviajeok.com.ar\/","name":"ModoViajeOK","description":"","publisher":{"@id":"https:\/\/modoviajeok.com.ar\/#organization"},"potentialAction":[{"@type":"SearchAction","target":{"@type":"EntryPoint","urlTemplate":"https:\/\/modoviajeok.com.ar\/?s={search_term_string}"},"query-input":{"@type":"PropertyValueSpecification","valueRequired":true,"valueName":"search_term_string"}}],"inLanguage":"es"},{"@type":"Organization","@id":"https:\/\/modoviajeok.com.ar\/#organization","name":"ModoViajeOK","url":"https:\/\/modoviajeok.com.ar\/","logo":{"@type":"ImageObject","inLanguage":"es","@id":"https:\/\/modoviajeok.com.ar\/#\/schema\/logo\/image\/","url":"https:\/\/modoviajeok.com.ar\/wp-content\/uploads\/2025\/01\/Logo-modoviajeok.png","contentUrl":"https:\/\/modoviajeok.com.ar\/wp-content\/uploads\/2025\/01\/Logo-modoviajeok.png","width":2938,"height":2276,"caption":"ModoViajeOK"},"image":{"@id":"https:\/\/modoviajeok.com.ar\/#\/schema\/logo\/image\/"},"sameAs":["https:\/\/www.facebook.com\/mariana.otero1\/","https:\/\/www.instagram.com\/modoviaje.ok\/"]},{"@type":"Person","@id":"https:\/\/modoviajeok.com.ar\/#\/schema\/person\/1187013488537969db5b1320484d24f4","name":"Mariana Otero","image":{"@type":"ImageObject","inLanguage":"es","@id":"https:\/\/modoviajeok.com.ar\/#\/schema\/person\/image\/","url":"https:\/\/secure.gravatar.com\/avatar\/8a91a502a9336849a3500b9090c431bc1418f1d1263d893afeddba065f5add82?s=96&d=mm&r=g","contentUrl":"https:\/\/secure.gravatar.com\/avatar\/8a91a502a9336849a3500b9090c431bc1418f1d1263d893afeddba065f5add82?s=96&d=mm&r=g","caption":"Mariana Otero"},"url":"https:\/\/modoviajeok.com.ar\/index.php\/author\/mariana2025\/"}]}},"_links":{"self":[{"href":"https:\/\/modoviajeok.com.ar\/index.php\/wp-json\/wp\/v2\/posts\/3313","targetHints":{"allow":["GET"]}}],"collection":[{"href":"https:\/\/modoviajeok.com.ar\/index.php\/wp-json\/wp\/v2\/posts"}],"about":[{"href":"https:\/\/modoviajeok.com.ar\/index.php\/wp-json\/wp\/v2\/types\/post"}],"author":[{"embeddable":true,"href":"https:\/\/modoviajeok.com.ar\/index.php\/wp-json\/wp\/v2\/users\/2"}],"replies":[{"embeddable":true,"href":"https:\/\/modoviajeok.com.ar\/index.php\/wp-json\/wp\/v2\/comments?post=3313"}],"version-history":[{"count":3,"href":"https:\/\/modoviajeok.com.ar\/index.php\/wp-json\/wp\/v2\/posts\/3313\/revisions"}],"predecessor-version":[{"id":3333,"href":"https:\/\/modoviajeok.com.ar\/index.php\/wp-json\/wp\/v2\/posts\/3313\/revisions\/3333"}],"wp:featuredmedia":[{"embeddable":true,"href":"https:\/\/modoviajeok.com.ar\/index.php\/wp-json\/wp\/v2\/media\/3320"}],"wp:attachment":[{"href":"https:\/\/modoviajeok.com.ar\/index.php\/wp-json\/wp\/v2\/media?parent=3313"}],"wp:term":[{"taxonomy":"category","embeddable":true,"href":"https:\/\/modoviajeok.com.ar\/index.php\/wp-json\/wp\/v2\/categories?post=3313"},{"taxonomy":"post_tag","embeddable":true,"href":"https:\/\/modoviajeok.com.ar\/index.php\/wp-json\/wp\/v2\/tags?post=3313"}],"curies":[{"name":"wp","href":"https:\/\/api.w.org\/{rel}","templated":true}]}}