{"id":3332,"date":"2025-04-18T09:00:15","date_gmt":"2025-04-18T12:00:15","guid":{"rendered":"https:\/\/modoviajeok.com.ar\/?p=3332"},"modified":"2025-04-11T12:53:19","modified_gmt":"2025-04-11T15:53:19","slug":"colombia-rumbea-al-ritmo-del-cafe","status":"publish","type":"post","link":"https:\/\/modoviajeok.com.ar\/index.php\/2025\/04\/18\/colombia-rumbea-al-ritmo-del-cafe\/","title":{"rendered":"Colombia rumbea al ritmo del caf\u00e9"},"content":{"rendered":"\n<p><\/p>\n\n\n\n<p><\/p>\n\n\n\n<figure class=\"wp-block-pullquote\"><blockquote><p>El Paisaje Cultural Cafetero (PCC), declarado Patrimonio de la Humanidad por la Unesco en 2011,\u00a0incluye seis paisajes cafetaleros y 18 centros urbanos de las cadenas occidentales y central de la Cordillera de los Andes, al oeste de Colombia<\/p><\/blockquote><\/figure>\n\n\n\n<p>Los pueblos cafeteros son una atracci\u00f3n indiscutible de este pa\u00eds bello y amable. Una visita por poblados aut\u00e9nticos y emergentes para el turismo.<\/p>\n\n\n\n<p>Colombia es sin\u00f3nimo de caf\u00e9, de cafetales, de caficultores, de aroma, de catas. El caf\u00e9 es la marca de identidad de este pa\u00eds exuberante, amable y bello.\u00a0Hay rutas de sabores que permiten recorrer el territorio de este grano maravilloso y visitar a los productores en sus fincas para observar el proceso completo, desde que se planta la semilla hasta que se degusta en una taza.\u00a0<\/p>\n\n\n\n<figure class=\"wp-block-image size-full\"><img loading=\"lazy\" decoding=\"async\" width=\"1235\" height=\"2560\" src=\"https:\/\/modoviajeok.com.ar\/wp-content\/uploads\/2025\/04\/20240908_110644-scaled.jpg\" alt=\"\" class=\"wp-image-3348\" srcset=\"https:\/\/modoviajeok.com.ar\/wp-content\/uploads\/2025\/04\/20240908_110644-scaled.jpg 1235w, https:\/\/modoviajeok.com.ar\/wp-content\/uploads\/2025\/04\/20240908_110644-768x1592.jpg 768w, https:\/\/modoviajeok.com.ar\/wp-content\/uploads\/2025\/04\/20240908_110644-741x1536.jpg 741w, https:\/\/modoviajeok.com.ar\/wp-content\/uploads\/2025\/04\/20240908_110644-988x2048.jpg 988w, https:\/\/modoviajeok.com.ar\/wp-content\/uploads\/2025\/04\/20240908_110644-203x420.jpg 203w, https:\/\/modoviajeok.com.ar\/wp-content\/uploads\/2025\/04\/20240908_110644-150x311.jpg 150w, https:\/\/modoviajeok.com.ar\/wp-content\/uploads\/2025\/04\/20240908_110644-300x622.jpg 300w, https:\/\/modoviajeok.com.ar\/wp-content\/uploads\/2025\/04\/20240908_110644-696x1443.jpg 696w, https:\/\/modoviajeok.com.ar\/wp-content\/uploads\/2025\/04\/20240908_110644-1068x2214.jpg 1068w\" sizes=\"auto, (max-width: 1235px) 100vw, 1235px\" \/><\/figure>\n\n\n\n<p>El circuito cafetero es un gran plan para los visitantes que buscan empaparse de la esencia de Colombia. El Paisaje Cultural Cafetero (PCC), declarado Patrimonio de la Humanidad por la Unesco en 2011,\u00a0incluye seis paisajes cafetaleros y 18 centros urbanos de las cadenas occidentales y central de la Cordillera de los Andes, al oeste de Colombia. En estos lugares se sostiene la tradici\u00f3n centenaria de cultivar en peque\u00f1as parcelas de bosque alto, una adaptaci\u00f3n a las condiciones dif\u00edciles de la alta monta\u00f1a. Las zonas urbanizadas est\u00e1n situadas en las cumbres de las colinas y se caracterizan por su arquitectura de influencia espa\u00f1ola con materiales tradicionales como ca\u00f1as trenzadas para los muros, tejas de arcilla y colores vivos en sus paredes, puertas y ventanas. Es tan bonito que da la sensaci\u00f3n de haber entrado en una escenograf\u00eda.<\/p>\n\n\n\n<figure class=\"wp-block-image size-full\"><img loading=\"lazy\" decoding=\"async\" width=\"1920\" height=\"2560\" src=\"https:\/\/modoviajeok.com.ar\/wp-content\/uploads\/2025\/04\/DSCN0396-scaled.jpg\" alt=\"\" class=\"wp-image-3338\" srcset=\"https:\/\/modoviajeok.com.ar\/wp-content\/uploads\/2025\/04\/DSCN0396-scaled.jpg 1920w, https:\/\/modoviajeok.com.ar\/wp-content\/uploads\/2025\/04\/DSCN0396-768x1024.jpg 768w, https:\/\/modoviajeok.com.ar\/wp-content\/uploads\/2025\/04\/DSCN0396-1152x1536.jpg 1152w, https:\/\/modoviajeok.com.ar\/wp-content\/uploads\/2025\/04\/DSCN0396-1536x2048.jpg 1536w, https:\/\/modoviajeok.com.ar\/wp-content\/uploads\/2025\/04\/DSCN0396-315x420.jpg 315w, https:\/\/modoviajeok.com.ar\/wp-content\/uploads\/2025\/04\/DSCN0396-150x200.jpg 150w, https:\/\/modoviajeok.com.ar\/wp-content\/uploads\/2025\/04\/DSCN0396-300x400.jpg 300w, https:\/\/modoviajeok.com.ar\/wp-content\/uploads\/2025\/04\/DSCN0396-696x928.jpg 696w, https:\/\/modoviajeok.com.ar\/wp-content\/uploads\/2025\/04\/DSCN0396-1068x1424.jpg 1068w\" sizes=\"auto, (max-width: 1920px) 100vw, 1920px\" \/><\/figure>\n\n\n\n<p>El Paisaje Cultural Cafetero lo comprenden Manizales, Quind\u00edo y Risaralda y, tambi\u00e9n, la regi\u00f3n nororiental del Valle del Cauca, la regi\u00f3n suroeste de Antioquia y el noroccidente del Tolima. En general, los visitantes que escogen el Eje Cafetero recorren Armenia, Pereira y Manizales, pero tienen cada vez m\u00e1s presencia los peque\u00f1os pueblos como los del corregimiento de Riofr\u00edo, en el Valle del Cauca.\u00a0En esa zona, ubicada a menos de dos horas de la ciudad de Cali, la naturaleza se muestra virgen y generosa con una impresionante riqueza h\u00eddrica; la cruzan nueve r\u00edos y cientos de aves.\u00a0<\/p>\n\n\n\n<p><strong>El m\u00e1s suave del mundo<\/strong><\/p>\n\n\n\n<p>Colombia tiene el caf\u00e9 m\u00e1s suave del mundo, y un sinf\u00edn de variedades. No se concibe la vida sin el caf\u00e9.\u00a0Cuentan que la tradici\u00f3n de este producto noble, originario de Etiop\u00eda, se esparci\u00f3 en Colombia gracias a la penitencia que impon\u00eda el sacerdote Francisco Romero a los peregrinos pecadores:\u00a0 sembrar una planta de caf\u00e9. Y as\u00ed se multiplic\u00f3.\u00a0Se cree que el grano lleg\u00f3 a principios del siglo XVIII a Antioquia, desde Venezuela o\u00a0Centroam\u00e9rica.\u00a0<\/p>\n\n\n\n<figure class=\"wp-block-image size-full\"><img loading=\"lazy\" decoding=\"async\" width=\"1452\" height=\"2560\" src=\"https:\/\/modoviajeok.com.ar\/wp-content\/uploads\/2025\/04\/DSCN0187_4-scaled.jpg\" alt=\"\" class=\"wp-image-3341\" srcset=\"https:\/\/modoviajeok.com.ar\/wp-content\/uploads\/2025\/04\/DSCN0187_4-scaled.jpg 1452w, https:\/\/modoviajeok.com.ar\/wp-content\/uploads\/2025\/04\/DSCN0187_4-768x1354.jpg 768w, https:\/\/modoviajeok.com.ar\/wp-content\/uploads\/2025\/04\/DSCN0187_4-871x1536.jpg 871w, https:\/\/modoviajeok.com.ar\/wp-content\/uploads\/2025\/04\/DSCN0187_4-1162x2048.jpg 1162w, https:\/\/modoviajeok.com.ar\/wp-content\/uploads\/2025\/04\/DSCN0187_4-238x420.jpg 238w, https:\/\/modoviajeok.com.ar\/wp-content\/uploads\/2025\/04\/DSCN0187_4-150x264.jpg 150w, https:\/\/modoviajeok.com.ar\/wp-content\/uploads\/2025\/04\/DSCN0187_4-300x529.jpg 300w, https:\/\/modoviajeok.com.ar\/wp-content\/uploads\/2025\/04\/DSCN0187_4-696x1227.jpg 696w, https:\/\/modoviajeok.com.ar\/wp-content\/uploads\/2025\/04\/DSCN0187_4-1068x1882.jpg 1068w\" sizes=\"auto, (max-width: 1452px) 100vw, 1452px\" \/><\/figure>\n\n\n\n<figure class=\"wp-block-pullquote\"><blockquote><p>Hoy hay 841.354 hect\u00e1reas cultivadas, 659.850 fincas cafeteras en 23 de los 32 departamentos del pa\u00eds y 552.814 familias cafeteras. El caf\u00e9 es la identidad del pueblo. Cultura y tradici\u00f3n.<\/p><\/blockquote><\/figure>\n\n\n\n<p> Laura Enciso Villamil, caficultora de la finca La Leona del corregimiento de Gaitania, al sur del departamento del Tolima es tercera generaci\u00f3n de caficultores con su propia marca de caf\u00e9. \u201cEl caf\u00e9 significa mi vida entera, seguir el linaje de mi familia. Es la tradici\u00f3n, las costumbres de mi territorio. El caf\u00e9 es un estilo de vida y es lo que nos ha dado todo como familia\u201d, asegura.<\/p>\n\n\n\n<p>Seg\u00fan datos de la Federaci\u00f3n Nacional de Cafeteros, el a\u00f1o pasado se produjeron 11,3 millones de sacos de 60 kilos y se exportaron 10,6 millones a 51 pa\u00edses. Adem\u00e1s, 859 marcas en el mundo llevan el logo de caf\u00e9 de Colombia en sus empaques de caf\u00e9 tostado.&nbsp;<\/p>\n\n\n\n<figure class=\"wp-block-image size-full\"><img loading=\"lazy\" decoding=\"async\" width=\"779\" height=\"485\" src=\"https:\/\/modoviajeok.com.ar\/wp-content\/uploads\/2025\/04\/original_75a94b7a-42c7-4395-887d-5c5f09de770a_20240912_175040.jpg\" alt=\"\" class=\"wp-image-3346\" srcset=\"https:\/\/modoviajeok.com.ar\/wp-content\/uploads\/2025\/04\/original_75a94b7a-42c7-4395-887d-5c5f09de770a_20240912_175040.jpg 779w, https:\/\/modoviajeok.com.ar\/wp-content\/uploads\/2025\/04\/original_75a94b7a-42c7-4395-887d-5c5f09de770a_20240912_175040-768x478.jpg 768w, https:\/\/modoviajeok.com.ar\/wp-content\/uploads\/2025\/04\/original_75a94b7a-42c7-4395-887d-5c5f09de770a_20240912_175040-675x420.jpg 675w, https:\/\/modoviajeok.com.ar\/wp-content\/uploads\/2025\/04\/original_75a94b7a-42c7-4395-887d-5c5f09de770a_20240912_175040-150x93.jpg 150w, https:\/\/modoviajeok.com.ar\/wp-content\/uploads\/2025\/04\/original_75a94b7a-42c7-4395-887d-5c5f09de770a_20240912_175040-300x187.jpg 300w, https:\/\/modoviajeok.com.ar\/wp-content\/uploads\/2025\/04\/original_75a94b7a-42c7-4395-887d-5c5f09de770a_20240912_175040-696x433.jpg 696w\" sizes=\"auto, (max-width: 779px) 100vw, 779px\" \/><\/figure>\n\n\n\n<p>\u201cEl caf\u00e9 es nuestra vida completa, es cultura ancestral, amor por el cultivo\u201d, coincide Francisco Gutierrez, de 58 a\u00f1os, caficultor desde muy joven, con una finca de monta\u00f1a a m\u00e1s de 1750 metros de altura en G\u00e9nova, en el departamento del Quind\u00edo. \u201cEl caf\u00e9 colombiano es el m\u00e1s suave del mundo, tan rico, tan arom\u00e1tico. Es un orgullo para nosotros los colombianos y para m\u00ed, ser caficultor. En lo tur\u00edstico, el Eje Cafetero tiene paisajes, amaneceres,&nbsp;vegetaci\u00f3n y la calidad de las personas\u201d, finaliza.<\/p>\n","protected":false},"excerpt":{"rendered":"<p>El Paisaje Cultural Cafetero (PCC), declarado Patrimonio de la Humanidad por la Unesco en 2011,\u00a0incluye seis paisajes cafetaleros y 18 centros urbanos de las cadenas occidentales y central de la Cordillera de los Andes, al oeste de Colombia Los pueblos cafeteros son una atracci\u00f3n indiscutible de este pa\u00eds bello y amable. Una visita por poblados [&hellip;]<\/p>\n","protected":false},"author":3,"featured_media":3350,"comment_status":"open","ping_status":"open","sticky":false,"template":"","format":"standard","meta":{"_acf_changed":false,"footnotes":""},"categories":[9,15],"tags":[796,799,798,797],"class_list":{"0":"post-3332","1":"post","2":"type-post","3":"status-publish","4":"format-standard","5":"has-post-thumbnail","7":"category-mundo","8":"category-recomendaciones","9":"tag-cafe-de-colombia","10":"tag-eje-cafetero","11":"tag-el-cafe-mas-suave-del-mundo","12":"tag-paisaje-cultural-cafetero"},"acf":[],"yoast_head":"<!-- This site is optimized with the Yoast SEO plugin v24.8.1 - https:\/\/yoast.com\/wordpress\/plugins\/seo\/ -->\n<title>Colombia rumbea al ritmo del caf\u00e9 -<\/title>\n<meta name=\"description\" content=\"Colombia es sin\u00f3nimo de caf\u00e9, de cafetales, de caficultores, de aroma, de catas. El caf\u00e9 es la marca de identidad de este pa\u00eds.\" \/>\n<meta name=\"robots\" content=\"index, follow, max-snippet:-1, max-image-preview:large, max-video-preview:-1\" \/>\n<link rel=\"canonical\" href=\"https:\/\/modoviajeok.com.ar\/index.php\/2025\/04\/18\/colombia-rumbea-al-ritmo-del-cafe\/\" \/>\n<meta property=\"og:locale\" content=\"es_ES\" \/>\n<meta property=\"og:type\" content=\"article\" \/>\n<meta property=\"og:title\" content=\"Colombia rumbea al ritmo del caf\u00e9 -\" \/>\n<meta property=\"og:description\" content=\"Colombia es sin\u00f3nimo de caf\u00e9, de cafetales, de caficultores, de aroma, de catas. El caf\u00e9 es la marca de identidad de este pa\u00eds.\" \/>\n<meta property=\"og:url\" content=\"https:\/\/modoviajeok.com.ar\/index.php\/2025\/04\/18\/colombia-rumbea-al-ritmo-del-cafe\/\" \/>\n<meta property=\"article:publisher\" content=\"https:\/\/www.facebook.com\/mariana.otero1\/\" \/>\n<meta property=\"article:published_time\" content=\"2025-04-18T12:00:15+00:00\" \/>\n<meta property=\"og:image\" content=\"https:\/\/modoviajeok.com.ar\/wp-content\/uploads\/2025\/04\/DSCN0472-scaled.jpg\" \/>\n\t<meta property=\"og:image:width\" content=\"2560\" \/>\n\t<meta property=\"og:image:height\" content=\"1920\" \/>\n\t<meta property=\"og:image:type\" content=\"image\/jpeg\" \/>\n<meta name=\"author\" content=\"Pepe Segura\" \/>\n<meta name=\"twitter:card\" content=\"summary_large_image\" \/>\n<meta name=\"twitter:label1\" content=\"Escrito por\" \/>\n\t<meta name=\"twitter:data1\" content=\"Pepe Segura\" \/>\n\t<meta name=\"twitter:label2\" content=\"Tiempo de lectura\" \/>\n\t<meta name=\"twitter:data2\" content=\"4 minutos\" \/>\n<script type=\"application\/ld+json\" class=\"yoast-schema-graph\">{\"@context\":\"https:\/\/schema.org\",\"@graph\":[{\"@type\":\"Article\",\"@id\":\"https:\/\/modoviajeok.com.ar\/index.php\/2025\/04\/18\/colombia-rumbea-al-ritmo-del-cafe\/#article\",\"isPartOf\":{\"@id\":\"https:\/\/modoviajeok.com.ar\/index.php\/2025\/04\/18\/colombia-rumbea-al-ritmo-del-cafe\/\"},\"author\":{\"name\":\"Pepe Segura\",\"@id\":\"https:\/\/modoviajeok.com.ar\/#\/schema\/person\/2e299ed0d3d412a01d244fe28260d7f5\"},\"headline\":\"Colombia rumbea al ritmo del caf\u00e9\",\"datePublished\":\"2025-04-18T12:00:15+00:00\",\"mainEntityOfPage\":{\"@id\":\"https:\/\/modoviajeok.com.ar\/index.php\/2025\/04\/18\/colombia-rumbea-al-ritmo-del-cafe\/\"},\"wordCount\":714,\"commentCount\":0,\"publisher\":{\"@id\":\"https:\/\/modoviajeok.com.ar\/#organization\"},\"image\":{\"@id\":\"https:\/\/modoviajeok.com.ar\/index.php\/2025\/04\/18\/colombia-rumbea-al-ritmo-del-cafe\/#primaryimage\"},\"thumbnailUrl\":\"https:\/\/modoviajeok.com.ar\/wp-content\/uploads\/2025\/04\/DSCN0472-scaled.jpg\",\"keywords\":[\"cafe de colombia\",\"eje cafetero\",\"el cafe mas suave del mundo\",\"paisaje cultural cafetero\"],\"articleSection\":[\"Mundo\",\"Recomendaciones\"],\"inLanguage\":\"es\",\"potentialAction\":[{\"@type\":\"CommentAction\",\"name\":\"Comment\",\"target\":[\"https:\/\/modoviajeok.com.ar\/index.php\/2025\/04\/18\/colombia-rumbea-al-ritmo-del-cafe\/#respond\"]}]},{\"@type\":\"WebPage\",\"@id\":\"https:\/\/modoviajeok.com.ar\/index.php\/2025\/04\/18\/colombia-rumbea-al-ritmo-del-cafe\/\",\"url\":\"https:\/\/modoviajeok.com.ar\/index.php\/2025\/04\/18\/colombia-rumbea-al-ritmo-del-cafe\/\",\"name\":\"Colombia rumbea al ritmo del caf\u00e9 -\",\"isPartOf\":{\"@id\":\"https:\/\/modoviajeok.com.ar\/#website\"},\"primaryImageOfPage\":{\"@id\":\"https:\/\/modoviajeok.com.ar\/index.php\/2025\/04\/18\/colombia-rumbea-al-ritmo-del-cafe\/#primaryimage\"},\"image\":{\"@id\":\"https:\/\/modoviajeok.com.ar\/index.php\/2025\/04\/18\/colombia-rumbea-al-ritmo-del-cafe\/#primaryimage\"},\"thumbnailUrl\":\"https:\/\/modoviajeok.com.ar\/wp-content\/uploads\/2025\/04\/DSCN0472-scaled.jpg\",\"datePublished\":\"2025-04-18T12:00:15+00:00\",\"description\":\"Colombia es sin\u00f3nimo de caf\u00e9, de cafetales, de caficultores, de aroma, de catas. El caf\u00e9 es la marca de identidad de este pa\u00eds.\",\"breadcrumb\":{\"@id\":\"https:\/\/modoviajeok.com.ar\/index.php\/2025\/04\/18\/colombia-rumbea-al-ritmo-del-cafe\/#breadcrumb\"},\"inLanguage\":\"es\",\"potentialAction\":[{\"@type\":\"ReadAction\",\"target\":[\"https:\/\/modoviajeok.com.ar\/index.php\/2025\/04\/18\/colombia-rumbea-al-ritmo-del-cafe\/\"]}]},{\"@type\":\"ImageObject\",\"inLanguage\":\"es\",\"@id\":\"https:\/\/modoviajeok.com.ar\/index.php\/2025\/04\/18\/colombia-rumbea-al-ritmo-del-cafe\/#primaryimage\",\"url\":\"https:\/\/modoviajeok.com.ar\/wp-content\/uploads\/2025\/04\/DSCN0472-scaled.jpg\",\"contentUrl\":\"https:\/\/modoviajeok.com.ar\/wp-content\/uploads\/2025\/04\/DSCN0472-scaled.jpg\",\"width\":2560,\"height\":1920},{\"@type\":\"BreadcrumbList\",\"@id\":\"https:\/\/modoviajeok.com.ar\/index.php\/2025\/04\/18\/colombia-rumbea-al-ritmo-del-cafe\/#breadcrumb\",\"itemListElement\":[{\"@type\":\"ListItem\",\"position\":1,\"name\":\"Portada\",\"item\":\"https:\/\/modoviajeok.com.ar\/\"},{\"@type\":\"ListItem\",\"position\":2,\"name\":\"Colombia rumbea al ritmo del caf\u00e9\"}]},{\"@type\":\"WebSite\",\"@id\":\"https:\/\/modoviajeok.com.ar\/#website\",\"url\":\"https:\/\/modoviajeok.com.ar\/\",\"name\":\"ModoViajeOK\",\"description\":\"\",\"publisher\":{\"@id\":\"https:\/\/modoviajeok.com.ar\/#organization\"},\"potentialAction\":[{\"@type\":\"SearchAction\",\"target\":{\"@type\":\"EntryPoint\",\"urlTemplate\":\"https:\/\/modoviajeok.com.ar\/?s={search_term_string}\"},\"query-input\":{\"@type\":\"PropertyValueSpecification\",\"valueRequired\":true,\"valueName\":\"search_term_string\"}}],\"inLanguage\":\"es\"},{\"@type\":\"Organization\",\"@id\":\"https:\/\/modoviajeok.com.ar\/#organization\",\"name\":\"ModoViajeOK\",\"url\":\"https:\/\/modoviajeok.com.ar\/\",\"logo\":{\"@type\":\"ImageObject\",\"inLanguage\":\"es\",\"@id\":\"https:\/\/modoviajeok.com.ar\/#\/schema\/logo\/image\/\",\"url\":\"https:\/\/modoviajeok.com.ar\/wp-content\/uploads\/2025\/01\/Logo-modoviajeok.png\",\"contentUrl\":\"https:\/\/modoviajeok.com.ar\/wp-content\/uploads\/2025\/01\/Logo-modoviajeok.png\",\"width\":2938,\"height\":2276,\"caption\":\"ModoViajeOK\"},\"image\":{\"@id\":\"https:\/\/modoviajeok.com.ar\/#\/schema\/logo\/image\/\"},\"sameAs\":[\"https:\/\/www.facebook.com\/mariana.otero1\/\",\"https:\/\/www.instagram.com\/modoviaje.ok\/\"]},{\"@type\":\"Person\",\"@id\":\"https:\/\/modoviajeok.com.ar\/#\/schema\/person\/2e299ed0d3d412a01d244fe28260d7f5\",\"name\":\"Pepe Segura\",\"image\":{\"@type\":\"ImageObject\",\"inLanguage\":\"es\",\"@id\":\"https:\/\/modoviajeok.com.ar\/#\/schema\/person\/image\/\",\"url\":\"https:\/\/secure.gravatar.com\/avatar\/65eb4b34deed761327f5b2c5535b987318ae807900ac46426de7258f5de6d345?s=96&d=mm&r=g\",\"contentUrl\":\"https:\/\/secure.gravatar.com\/avatar\/65eb4b34deed761327f5b2c5535b987318ae807900ac46426de7258f5de6d345?s=96&d=mm&r=g\",\"caption\":\"Pepe Segura\"},\"url\":\"https:\/\/modoviajeok.com.ar\/index.php\/author\/pepe2025\/\"}]}<\/script>\n<!-- \/ Yoast SEO plugin. -->","yoast_head_json":{"title":"Colombia rumbea al ritmo del caf\u00e9 -","description":"Colombia es sin\u00f3nimo de caf\u00e9, de cafetales, de caficultores, de aroma, de catas. El caf\u00e9 es la marca de identidad de este pa\u00eds.","robots":{"index":"index","follow":"follow","max-snippet":"max-snippet:-1","max-image-preview":"max-image-preview:large","max-video-preview":"max-video-preview:-1"},"canonical":"https:\/\/modoviajeok.com.ar\/index.php\/2025\/04\/18\/colombia-rumbea-al-ritmo-del-cafe\/","og_locale":"es_ES","og_type":"article","og_title":"Colombia rumbea al ritmo del caf\u00e9 -","og_description":"Colombia es sin\u00f3nimo de caf\u00e9, de cafetales, de caficultores, de aroma, de catas. El caf\u00e9 es la marca de identidad de este pa\u00eds.","og_url":"https:\/\/modoviajeok.com.ar\/index.php\/2025\/04\/18\/colombia-rumbea-al-ritmo-del-cafe\/","article_publisher":"https:\/\/www.facebook.com\/mariana.otero1\/","article_published_time":"2025-04-18T12:00:15+00:00","og_image":[{"width":2560,"height":1920,"url":"https:\/\/modoviajeok.com.ar\/wp-content\/uploads\/2025\/04\/DSCN0472-scaled.jpg","type":"image\/jpeg"}],"author":"Pepe Segura","twitter_card":"summary_large_image","twitter_misc":{"Escrito por":"Pepe Segura","Tiempo de lectura":"4 minutos"},"schema":{"@context":"https:\/\/schema.org","@graph":[{"@type":"Article","@id":"https:\/\/modoviajeok.com.ar\/index.php\/2025\/04\/18\/colombia-rumbea-al-ritmo-del-cafe\/#article","isPartOf":{"@id":"https:\/\/modoviajeok.com.ar\/index.php\/2025\/04\/18\/colombia-rumbea-al-ritmo-del-cafe\/"},"author":{"name":"Pepe Segura","@id":"https:\/\/modoviajeok.com.ar\/#\/schema\/person\/2e299ed0d3d412a01d244fe28260d7f5"},"headline":"Colombia rumbea al ritmo del caf\u00e9","datePublished":"2025-04-18T12:00:15+00:00","mainEntityOfPage":{"@id":"https:\/\/modoviajeok.com.ar\/index.php\/2025\/04\/18\/colombia-rumbea-al-ritmo-del-cafe\/"},"wordCount":714,"commentCount":0,"publisher":{"@id":"https:\/\/modoviajeok.com.ar\/#organization"},"image":{"@id":"https:\/\/modoviajeok.com.ar\/index.php\/2025\/04\/18\/colombia-rumbea-al-ritmo-del-cafe\/#primaryimage"},"thumbnailUrl":"https:\/\/modoviajeok.com.ar\/wp-content\/uploads\/2025\/04\/DSCN0472-scaled.jpg","keywords":["cafe de colombia","eje cafetero","el cafe mas suave del mundo","paisaje cultural cafetero"],"articleSection":["Mundo","Recomendaciones"],"inLanguage":"es","potentialAction":[{"@type":"CommentAction","name":"Comment","target":["https:\/\/modoviajeok.com.ar\/index.php\/2025\/04\/18\/colombia-rumbea-al-ritmo-del-cafe\/#respond"]}]},{"@type":"WebPage","@id":"https:\/\/modoviajeok.com.ar\/index.php\/2025\/04\/18\/colombia-rumbea-al-ritmo-del-cafe\/","url":"https:\/\/modoviajeok.com.ar\/index.php\/2025\/04\/18\/colombia-rumbea-al-ritmo-del-cafe\/","name":"Colombia rumbea al ritmo del caf\u00e9 -","isPartOf":{"@id":"https:\/\/modoviajeok.com.ar\/#website"},"primaryImageOfPage":{"@id":"https:\/\/modoviajeok.com.ar\/index.php\/2025\/04\/18\/colombia-rumbea-al-ritmo-del-cafe\/#primaryimage"},"image":{"@id":"https:\/\/modoviajeok.com.ar\/index.php\/2025\/04\/18\/colombia-rumbea-al-ritmo-del-cafe\/#primaryimage"},"thumbnailUrl":"https:\/\/modoviajeok.com.ar\/wp-content\/uploads\/2025\/04\/DSCN0472-scaled.jpg","datePublished":"2025-04-18T12:00:15+00:00","description":"Colombia es sin\u00f3nimo de caf\u00e9, de cafetales, de caficultores, de aroma, de catas. El caf\u00e9 es la marca de identidad de este pa\u00eds.","breadcrumb":{"@id":"https:\/\/modoviajeok.com.ar\/index.php\/2025\/04\/18\/colombia-rumbea-al-ritmo-del-cafe\/#breadcrumb"},"inLanguage":"es","potentialAction":[{"@type":"ReadAction","target":["https:\/\/modoviajeok.com.ar\/index.php\/2025\/04\/18\/colombia-rumbea-al-ritmo-del-cafe\/"]}]},{"@type":"ImageObject","inLanguage":"es","@id":"https:\/\/modoviajeok.com.ar\/index.php\/2025\/04\/18\/colombia-rumbea-al-ritmo-del-cafe\/#primaryimage","url":"https:\/\/modoviajeok.com.ar\/wp-content\/uploads\/2025\/04\/DSCN0472-scaled.jpg","contentUrl":"https:\/\/modoviajeok.com.ar\/wp-content\/uploads\/2025\/04\/DSCN0472-scaled.jpg","width":2560,"height":1920},{"@type":"BreadcrumbList","@id":"https:\/\/modoviajeok.com.ar\/index.php\/2025\/04\/18\/colombia-rumbea-al-ritmo-del-cafe\/#breadcrumb","itemListElement":[{"@type":"ListItem","position":1,"name":"Portada","item":"https:\/\/modoviajeok.com.ar\/"},{"@type":"ListItem","position":2,"name":"Colombia rumbea al ritmo del caf\u00e9"}]},{"@type":"WebSite","@id":"https:\/\/modoviajeok.com.ar\/#website","url":"https:\/\/modoviajeok.com.ar\/","name":"ModoViajeOK","description":"","publisher":{"@id":"https:\/\/modoviajeok.com.ar\/#organization"},"potentialAction":[{"@type":"SearchAction","target":{"@type":"EntryPoint","urlTemplate":"https:\/\/modoviajeok.com.ar\/?s={search_term_string}"},"query-input":{"@type":"PropertyValueSpecification","valueRequired":true,"valueName":"search_term_string"}}],"inLanguage":"es"},{"@type":"Organization","@id":"https:\/\/modoviajeok.com.ar\/#organization","name":"ModoViajeOK","url":"https:\/\/modoviajeok.com.ar\/","logo":{"@type":"ImageObject","inLanguage":"es","@id":"https:\/\/modoviajeok.com.ar\/#\/schema\/logo\/image\/","url":"https:\/\/modoviajeok.com.ar\/wp-content\/uploads\/2025\/01\/Logo-modoviajeok.png","contentUrl":"https:\/\/modoviajeok.com.ar\/wp-content\/uploads\/2025\/01\/Logo-modoviajeok.png","width":2938,"height":2276,"caption":"ModoViajeOK"},"image":{"@id":"https:\/\/modoviajeok.com.ar\/#\/schema\/logo\/image\/"},"sameAs":["https:\/\/www.facebook.com\/mariana.otero1\/","https:\/\/www.instagram.com\/modoviaje.ok\/"]},{"@type":"Person","@id":"https:\/\/modoviajeok.com.ar\/#\/schema\/person\/2e299ed0d3d412a01d244fe28260d7f5","name":"Pepe Segura","image":{"@type":"ImageObject","inLanguage":"es","@id":"https:\/\/modoviajeok.com.ar\/#\/schema\/person\/image\/","url":"https:\/\/secure.gravatar.com\/avatar\/65eb4b34deed761327f5b2c5535b987318ae807900ac46426de7258f5de6d345?s=96&d=mm&r=g","contentUrl":"https:\/\/secure.gravatar.com\/avatar\/65eb4b34deed761327f5b2c5535b987318ae807900ac46426de7258f5de6d345?s=96&d=mm&r=g","caption":"Pepe Segura"},"url":"https:\/\/modoviajeok.com.ar\/index.php\/author\/pepe2025\/"}]}},"_links":{"self":[{"href":"https:\/\/modoviajeok.com.ar\/index.php\/wp-json\/wp\/v2\/posts\/3332","targetHints":{"allow":["GET"]}}],"collection":[{"href":"https:\/\/modoviajeok.com.ar\/index.php\/wp-json\/wp\/v2\/posts"}],"about":[{"href":"https:\/\/modoviajeok.com.ar\/index.php\/wp-json\/wp\/v2\/types\/post"}],"author":[{"embeddable":true,"href":"https:\/\/modoviajeok.com.ar\/index.php\/wp-json\/wp\/v2\/users\/3"}],"replies":[{"embeddable":true,"href":"https:\/\/modoviajeok.com.ar\/index.php\/wp-json\/wp\/v2\/comments?post=3332"}],"version-history":[{"count":1,"href":"https:\/\/modoviajeok.com.ar\/index.php\/wp-json\/wp\/v2\/posts\/3332\/revisions"}],"predecessor-version":[{"id":3351,"href":"https:\/\/modoviajeok.com.ar\/index.php\/wp-json\/wp\/v2\/posts\/3332\/revisions\/3351"}],"wp:featuredmedia":[{"embeddable":true,"href":"https:\/\/modoviajeok.com.ar\/index.php\/wp-json\/wp\/v2\/media\/3350"}],"wp:attachment":[{"href":"https:\/\/modoviajeok.com.ar\/index.php\/wp-json\/wp\/v2\/media?parent=3332"}],"wp:term":[{"taxonomy":"category","embeddable":true,"href":"https:\/\/modoviajeok.com.ar\/index.php\/wp-json\/wp\/v2\/categories?post=3332"},{"taxonomy":"post_tag","embeddable":true,"href":"https:\/\/modoviajeok.com.ar\/index.php\/wp-json\/wp\/v2\/tags?post=3332"}],"curies":[{"name":"wp","href":"https:\/\/api.w.org\/{rel}","templated":true}]}}