{"id":3352,"date":"2025-04-19T09:00:05","date_gmt":"2025-04-19T12:00:05","guid":{"rendered":"https:\/\/modoviajeok.com.ar\/?p=3352"},"modified":"2025-05-12T11:20:32","modified_gmt":"2025-05-12T14:20:32","slug":"el-parque-del-cafe-honra-a-la-cultura-cafetera-de-colombia","status":"publish","type":"post","link":"https:\/\/modoviajeok.com.ar\/index.php\/2025\/04\/19\/el-parque-del-cafe-honra-a-la-cultura-cafetera-de-colombia\/","title":{"rendered":"El Parque del caf\u00e9 honra a la cultura cafetera de Colombia"},"content":{"rendered":"\n<p><\/p>\n\n\n\n<figure class=\"wp-block-pullquote\"><blockquote><p>El majestuoso parque tem\u00e1tico ubicado en Quindio y los encantadores pueblos de Fenicia y Roldanillo son tres destinos imperdibles para conocer mejor a la bella Colombia. <\/p><\/blockquote><\/figure>\n\n\n\n<p><\/p>\n\n\n\n<p>Desde hace 29 a\u00f1os, en el departamento del Quind\u00edo se encuentra el Parque del Caf\u00e9, uno de los parques tem\u00e1ticos m\u00e1s importantes de Latinoam\u00e9rica.&nbsp;Est\u00e1 a tan s\u00f3lo 16 kil\u00f3metros de Armenia y, all\u00ed, en 58 hect\u00e1reas se honra al caf\u00e9, a la cultura cafetera y a m\u00e1s de medio mill\u00f3n de familias caficultoras.&nbsp; Adem\u00e1s,&nbsp;funciona un enorme parque de diversiones con cuatro monta\u00f1as rusas y hay un hotel en construcci\u00f3n. En el predio hay m\u00e1s de 100 mil \u00e1rboles de caf\u00e9. Subiendo por el telef\u00e9rico se aprecian los cafetales y un mar de verdes. Est\u00e1 considerado el primer destino tur\u00edstico rural, visitado por un mill\u00f3n de personas al a\u00f1o.&nbsp;<\/p>\n\n\n\n<figure class=\"wp-block-image size-full\"><img loading=\"lazy\" decoding=\"async\" width=\"2307\" height=\"2130\" src=\"https:\/\/modoviajeok.com.ar\/wp-content\/uploads\/2025\/04\/DSCN0477-1.jpg\" alt=\"\" class=\"wp-image-3344\" srcset=\"https:\/\/modoviajeok.com.ar\/wp-content\/uploads\/2025\/04\/DSCN0477-1.jpg 2307w, https:\/\/modoviajeok.com.ar\/wp-content\/uploads\/2025\/04\/DSCN0477-1-768x709.jpg 768w, https:\/\/modoviajeok.com.ar\/wp-content\/uploads\/2025\/04\/DSCN0477-1-1536x1418.jpg 1536w, https:\/\/modoviajeok.com.ar\/wp-content\/uploads\/2025\/04\/DSCN0477-1-2048x1891.jpg 2048w, https:\/\/modoviajeok.com.ar\/wp-content\/uploads\/2025\/04\/DSCN0477-1-455x420.jpg 455w, https:\/\/modoviajeok.com.ar\/wp-content\/uploads\/2025\/04\/DSCN0477-1-150x138.jpg 150w, https:\/\/modoviajeok.com.ar\/wp-content\/uploads\/2025\/04\/DSCN0477-1-300x277.jpg 300w, https:\/\/modoviajeok.com.ar\/wp-content\/uploads\/2025\/04\/DSCN0477-1-696x643.jpg 696w, https:\/\/modoviajeok.com.ar\/wp-content\/uploads\/2025\/04\/DSCN0477-1-1068x986.jpg 1068w, https:\/\/modoviajeok.com.ar\/wp-content\/uploads\/2025\/04\/DSCN0477-1-1920x1773.jpg 1920w\" sizes=\"auto, (max-width: 2307px) 100vw, 2307px\" \/><\/figure>\n\n\n\n<p>Una vez all\u00ed hay que realizar el circuito \u201cEnam\u00f3rate del caf\u00e9\u201d, que incluye el museo del caf\u00e9, la sala sensorial para aprender a identificar el aroma, la acidez, el cuerpo y la textura. Y el sendero del caf\u00e9, que permite la inmersi\u00f3n en un cafetal tradicional y observar el proceso&nbsp;desde la semilla a la industrializaci\u00f3n.<\/p>\n\n\n\n<figure class=\"wp-block-image size-full\"><img loading=\"lazy\" decoding=\"async\" width=\"2560\" height=\"1778\" src=\"https:\/\/modoviajeok.com.ar\/wp-content\/uploads\/2025\/04\/20240911_113945-scaled.jpg\" alt=\"\" class=\"wp-image-3355\" srcset=\"https:\/\/modoviajeok.com.ar\/wp-content\/uploads\/2025\/04\/20240911_113945-scaled.jpg 2560w, https:\/\/modoviajeok.com.ar\/wp-content\/uploads\/2025\/04\/20240911_113945-768x534.jpg 768w, https:\/\/modoviajeok.com.ar\/wp-content\/uploads\/2025\/04\/20240911_113945-1536x1067.jpg 1536w, https:\/\/modoviajeok.com.ar\/wp-content\/uploads\/2025\/04\/20240911_113945-2048x1423.jpg 2048w, https:\/\/modoviajeok.com.ar\/wp-content\/uploads\/2025\/04\/20240911_113945-605x420.jpg 605w, https:\/\/modoviajeok.com.ar\/wp-content\/uploads\/2025\/04\/20240911_113945-150x104.jpg 150w, https:\/\/modoviajeok.com.ar\/wp-content\/uploads\/2025\/04\/20240911_113945-218x150.jpg 218w, https:\/\/modoviajeok.com.ar\/wp-content\/uploads\/2025\/04\/20240911_113945-300x208.jpg 300w, https:\/\/modoviajeok.com.ar\/wp-content\/uploads\/2025\/04\/20240911_113945-696x483.jpg 696w, https:\/\/modoviajeok.com.ar\/wp-content\/uploads\/2025\/04\/20240911_113945-1068x742.jpg 1068w, https:\/\/modoviajeok.com.ar\/wp-content\/uploads\/2025\/04\/20240911_113945-1920x1334.jpg 1920w, https:\/\/modoviajeok.com.ar\/wp-content\/uploads\/2025\/04\/20240911_113945-100x70.jpg 100w\" sizes=\"auto, (max-width: 2560px) 100vw, 2560px\" \/><\/figure>\n\n\n\n<p>Tambi\u00e9n hay impresionantes espect\u00e1culos: \u201cel show del caf\u00e9\u201d, de danza folkl\u00f3rica de Colombia en un auditorio para 1100 personas y \u201cel arte del caf\u00e9\u201d que combina teatro y barismo para conocer c\u00f3mo preparar una buena taza de caf\u00e9. Hay unos 140 m\u00e9todos.<\/p>\n\n\n\n<p><strong>Fenicia, pueblo cafetero<\/strong><\/p>\n\n\n\n<p>A 112 kil\u00f3metros de Cali, en el Valle del Cauca, y a s\u00f3lo 20 kil\u00f3metros de la localidad de Riofr\u00edo se encuentra Fenicia, un encantador y t\u00edpico pueblo cafetero de 1100 habitantes. Recorrerlo es como sumergirse en un relato m\u00e1gico de Garc\u00eda M\u00e1rquez. Las casas de colores, sus pobladores sentados a la vera del camino mirando la vida pasar, las mujeres entretenidas con juegos de mesa debajo de una sombrilla en la vereda y las mulas con los sacos de caf\u00e9 son&nbsp;parte de la escena.&nbsp;<\/p>\n\n\n\n<figure class=\"wp-block-image size-full\"><img loading=\"lazy\" decoding=\"async\" width=\"2448\" height=\"2171\" src=\"https:\/\/modoviajeok.com.ar\/wp-content\/uploads\/2025\/04\/DSCN0520.jpg\" alt=\"\" class=\"wp-image-3365\" srcset=\"https:\/\/modoviajeok.com.ar\/wp-content\/uploads\/2025\/04\/DSCN0520.jpg 2448w, https:\/\/modoviajeok.com.ar\/wp-content\/uploads\/2025\/04\/DSCN0520-768x681.jpg 768w, https:\/\/modoviajeok.com.ar\/wp-content\/uploads\/2025\/04\/DSCN0520-1536x1362.jpg 1536w, https:\/\/modoviajeok.com.ar\/wp-content\/uploads\/2025\/04\/DSCN0520-2048x1816.jpg 2048w, https:\/\/modoviajeok.com.ar\/wp-content\/uploads\/2025\/04\/DSCN0520-474x420.jpg 474w, https:\/\/modoviajeok.com.ar\/wp-content\/uploads\/2025\/04\/DSCN0520-150x133.jpg 150w, https:\/\/modoviajeok.com.ar\/wp-content\/uploads\/2025\/04\/DSCN0520-300x266.jpg 300w, https:\/\/modoviajeok.com.ar\/wp-content\/uploads\/2025\/04\/DSCN0520-696x617.jpg 696w, https:\/\/modoviajeok.com.ar\/wp-content\/uploads\/2025\/04\/DSCN0520-1068x947.jpg 1068w, https:\/\/modoviajeok.com.ar\/wp-content\/uploads\/2025\/04\/DSCN0520-1920x1703.jpg 1920w\" sizes=\"auto, (max-width: 2448px) 100vw, 2448px\" \/><\/figure>\n\n\n\n<p>Y, por supuesto, el pintoresco mercado campesino donde se comercializa el caf\u00e9. Bien vale la pena entrar para mirar. La gente llega con sus bolsas de granos, se desparraman sobre un mostrador y de manera manual se testea la calidad, el tama\u00f1o y se ofrece un precio que el vendedor siempre discute hasta llegar a un acuerdo. Es una experiencia inolvidable.<\/p>\n\n\n\n<figure class=\"wp-block-image size-full\"><img loading=\"lazy\" decoding=\"async\" width=\"2560\" height=\"1594\" src=\"https:\/\/modoviajeok.com.ar\/wp-content\/uploads\/2025\/04\/20240912_174113-scaled.jpg\" alt=\"\" class=\"wp-image-3363\" srcset=\"https:\/\/modoviajeok.com.ar\/wp-content\/uploads\/2025\/04\/20240912_174113-scaled.jpg 2560w, https:\/\/modoviajeok.com.ar\/wp-content\/uploads\/2025\/04\/20240912_174113-768x478.jpg 768w, https:\/\/modoviajeok.com.ar\/wp-content\/uploads\/2025\/04\/20240912_174113-1536x957.jpg 1536w, https:\/\/modoviajeok.com.ar\/wp-content\/uploads\/2025\/04\/20240912_174113-2048x1275.jpg 2048w, https:\/\/modoviajeok.com.ar\/wp-content\/uploads\/2025\/04\/20240912_174113-674x420.jpg 674w, https:\/\/modoviajeok.com.ar\/wp-content\/uploads\/2025\/04\/20240912_174113-150x93.jpg 150w, https:\/\/modoviajeok.com.ar\/wp-content\/uploads\/2025\/04\/20240912_174113-300x187.jpg 300w, https:\/\/modoviajeok.com.ar\/wp-content\/uploads\/2025\/04\/20240912_174113-696x433.jpg 696w, https:\/\/modoviajeok.com.ar\/wp-content\/uploads\/2025\/04\/20240912_174113-1068x665.jpg 1068w, https:\/\/modoviajeok.com.ar\/wp-content\/uploads\/2025\/04\/20240912_174113-1920x1196.jpg 1920w\" sizes=\"auto, (max-width: 2560px) 100vw, 2560px\" \/><\/figure>\n\n\n\n<p>Fenicia es un pueblo campesino que recibe cada vez a m\u00e1s turistas. Tiene el mejor mirador del Valle del Cauca. Hay cuatro hoteles y fincas de descanso.&nbsp;<\/p>\n\n\n\n<figure class=\"wp-block-image size-full\"><img loading=\"lazy\" decoding=\"async\" width=\"1920\" height=\"2560\" src=\"https:\/\/modoviajeok.com.ar\/wp-content\/uploads\/2025\/04\/DSCN0515_2-scaled.jpg\" alt=\"\" class=\"wp-image-3366\" srcset=\"https:\/\/modoviajeok.com.ar\/wp-content\/uploads\/2025\/04\/DSCN0515_2-scaled.jpg 1920w, https:\/\/modoviajeok.com.ar\/wp-content\/uploads\/2025\/04\/DSCN0515_2-768x1024.jpg 768w, https:\/\/modoviajeok.com.ar\/wp-content\/uploads\/2025\/04\/DSCN0515_2-1152x1536.jpg 1152w, https:\/\/modoviajeok.com.ar\/wp-content\/uploads\/2025\/04\/DSCN0515_2-1536x2048.jpg 1536w, https:\/\/modoviajeok.com.ar\/wp-content\/uploads\/2025\/04\/DSCN0515_2-315x420.jpg 315w, https:\/\/modoviajeok.com.ar\/wp-content\/uploads\/2025\/04\/DSCN0515_2-150x200.jpg 150w, https:\/\/modoviajeok.com.ar\/wp-content\/uploads\/2025\/04\/DSCN0515_2-300x400.jpg 300w, https:\/\/modoviajeok.com.ar\/wp-content\/uploads\/2025\/04\/DSCN0515_2-696x928.jpg 696w, https:\/\/modoviajeok.com.ar\/wp-content\/uploads\/2025\/04\/DSCN0515_2-1068x1424.jpg 1068w\" sizes=\"auto, (max-width: 1920px) 100vw, 1920px\" \/><\/figure>\n\n\n\n<p>Se lo conoce como el \u201cp\u00e1ramo del duende\u201d desde 1994. Nos explicaron que los duendes son los guardianes de la naturaleza.&nbsp;<\/p>\n\n\n\n<figure class=\"wp-block-gallery has-nested-images columns-default is-cropped wp-block-gallery-1 is-layout-flex wp-block-gallery-is-layout-flex\"><\/figure>\n\n\n\n<p>Abelardo \u201cel duende\u201d -as\u00ed se presenta- relata que estos seres han sido tradicionales en la zona andina de Am\u00e9rica. \u201cDe ni\u00f1o, a los cuatro o cinco a\u00f1os, me encontr\u00e9 al duende\u2026 Yo era muy travieso, Quiz\u00e1s se me apareci\u00f3 para \u2018enduendarme\u2019 y pedirme que me dedicara a la conservaci\u00f3n y al cuidado de la naturaleza\u201d, nos confi\u00f3, luciendo su infaltable sombrero rosa. En la zona son c\u00e9lebres los Carnavales del Duende.<\/p>\n\n\n\n<p>Adem\u00e1s de los duendes que andan por la calle, otra curiosidad en Fenicia es la Fonda Mar\u00eda, un restaurante de comida t\u00edpica al que se ingresa por un establo. Tiene un mirador impresionante y un balc\u00f3n de vidrio en el que uno parece estar suspendido sobre el bosque. Su due\u00f1o cuenta que comenz\u00f3 siendo un alojamiento con la caballeriza debajo de las habitaciones, como en los antiguos tiempos. Despu\u00e9s le sum\u00f3 el comedor, con este atractivo \u00fanico: ingresar por la caballeriza.<\/p>\n\n\n\n<p>Unas cuadras m\u00e1s all\u00e1 hay muchos sitios para degustar caf\u00e9. El de Fenicia es dulce, huele a melaza y a az\u00facar morena porque los \u00e1rboles son plantados cerca de los pl\u00e1tanos y la ca\u00f1a de az\u00facar.<\/p>\n\n\n\n<figure class=\"wp-block-image size-full\"><img loading=\"lazy\" decoding=\"async\" width=\"1541\" height=\"2270\" src=\"https:\/\/modoviajeok.com.ar\/wp-content\/uploads\/2025\/04\/original_292e1e4e-6f4a-45c9-8cbc-74a88d98fc1c_IMG_20240912_1757582.jpg\" alt=\"\" class=\"wp-image-3360\" srcset=\"https:\/\/modoviajeok.com.ar\/wp-content\/uploads\/2025\/04\/original_292e1e4e-6f4a-45c9-8cbc-74a88d98fc1c_IMG_20240912_1757582.jpg 1541w, https:\/\/modoviajeok.com.ar\/wp-content\/uploads\/2025\/04\/original_292e1e4e-6f4a-45c9-8cbc-74a88d98fc1c_IMG_20240912_1757582-768x1131.jpg 768w, https:\/\/modoviajeok.com.ar\/wp-content\/uploads\/2025\/04\/original_292e1e4e-6f4a-45c9-8cbc-74a88d98fc1c_IMG_20240912_1757582-1043x1536.jpg 1043w, https:\/\/modoviajeok.com.ar\/wp-content\/uploads\/2025\/04\/original_292e1e4e-6f4a-45c9-8cbc-74a88d98fc1c_IMG_20240912_1757582-1390x2048.jpg 1390w, https:\/\/modoviajeok.com.ar\/wp-content\/uploads\/2025\/04\/original_292e1e4e-6f4a-45c9-8cbc-74a88d98fc1c_IMG_20240912_1757582-285x420.jpg 285w, https:\/\/modoviajeok.com.ar\/wp-content\/uploads\/2025\/04\/original_292e1e4e-6f4a-45c9-8cbc-74a88d98fc1c_IMG_20240912_1757582-150x221.jpg 150w, https:\/\/modoviajeok.com.ar\/wp-content\/uploads\/2025\/04\/original_292e1e4e-6f4a-45c9-8cbc-74a88d98fc1c_IMG_20240912_1757582-300x442.jpg 300w, https:\/\/modoviajeok.com.ar\/wp-content\/uploads\/2025\/04\/original_292e1e4e-6f4a-45c9-8cbc-74a88d98fc1c_IMG_20240912_1757582-696x1025.jpg 696w, https:\/\/modoviajeok.com.ar\/wp-content\/uploads\/2025\/04\/original_292e1e4e-6f4a-45c9-8cbc-74a88d98fc1c_IMG_20240912_1757582-1068x1573.jpg 1068w\" sizes=\"auto, (max-width: 1541px) 100vw, 1541px\" \/><\/figure>\n\n\n\n<p>En los bares suena m\u00fasica colombiana para acompa\u00f1ar con el licor t\u00edpico de la regi\u00f3n: el canelazo preparado con agua panela de la ca\u00f1a de az\u00facar, limoncillos, hierbabuena y aguardiente.<\/p>\n\n\n\n<p><strong>Roldanillo y Macondo<\/strong><\/p>\n\n\n\n<p>Roldanillo es el primer pueblo m\u00e1gico del Valle del Cauca, un poblado cafetero a unos 150 kil\u00f3metros de Cali. Es mundialmente conocido por los amantes de los deportes a\u00e9reos, en especial entre quienes practican parapente.&nbsp; La Calle de los Poetas, la n\u00famero 8, frente al Museo Rayo, es muy pintoresca. Se trata de una peatonal con mucho ambiente nocturno.&nbsp;<\/p>\n\n\n\n<figure class=\"wp-block-image size-full\"><img loading=\"lazy\" decoding=\"async\" width=\"2560\" height=\"1920\" src=\"https:\/\/modoviajeok.com.ar\/wp-content\/uploads\/2025\/04\/DSCN0501_2-scaled.jpg\" alt=\"\" class=\"wp-image-3367\" srcset=\"https:\/\/modoviajeok.com.ar\/wp-content\/uploads\/2025\/04\/DSCN0501_2-scaled.jpg 2560w, https:\/\/modoviajeok.com.ar\/wp-content\/uploads\/2025\/04\/DSCN0501_2-768x576.jpg 768w, https:\/\/modoviajeok.com.ar\/wp-content\/uploads\/2025\/04\/DSCN0501_2-1536x1152.jpg 1536w, https:\/\/modoviajeok.com.ar\/wp-content\/uploads\/2025\/04\/DSCN0501_2-2048x1536.jpg 2048w, https:\/\/modoviajeok.com.ar\/wp-content\/uploads\/2025\/04\/DSCN0501_2-560x420.jpg 560w, https:\/\/modoviajeok.com.ar\/wp-content\/uploads\/2025\/04\/DSCN0501_2-80x60.jpg 80w, https:\/\/modoviajeok.com.ar\/wp-content\/uploads\/2025\/04\/DSCN0501_2-150x113.jpg 150w, https:\/\/modoviajeok.com.ar\/wp-content\/uploads\/2025\/04\/DSCN0501_2-300x225.jpg 300w, https:\/\/modoviajeok.com.ar\/wp-content\/uploads\/2025\/04\/DSCN0501_2-696x522.jpg 696w, https:\/\/modoviajeok.com.ar\/wp-content\/uploads\/2025\/04\/DSCN0501_2-1068x801.jpg 1068w, https:\/\/modoviajeok.com.ar\/wp-content\/uploads\/2025\/04\/DSCN0501_2-1920x1440.jpg 1920w, https:\/\/modoviajeok.com.ar\/wp-content\/uploads\/2025\/04\/DSCN0501_2-265x198.jpg 265w\" sizes=\"auto, (max-width: 2560px) 100vw, 2560px\" \/><\/figure>\n\n\n\n<p>El bar Macondo es una belleza. Se inaugur\u00f3 hace tres a\u00f1os en honor al pueblo inventado por Garc\u00eda M\u00e1rquez para Cien a\u00f1os de soledad. En el techo cuelgan 1860 mariposas amarillas hechas una por una en origami blanco y pintadas con aerosol amarillo. El n\u00famero hace referencia al a\u00f1o en que el Coronel Aureliano Buend\u00eda llega al pueblo imaginario de Macondo.&nbsp;<\/p>\n\n\n\n<p>En una de las paredes hay un tr\u00edptico que simula una finca cafetera y un mural maravilloso con un libro reciclado donde los artistas plasmaron una figura con un expreso doble de caf\u00e9 y tinta de chocolate.&nbsp;<\/p>\n\n\n\n<figure class=\"wp-block-image size-full\"><img loading=\"lazy\" decoding=\"async\" width=\"1928\" height=\"2560\" src=\"https:\/\/modoviajeok.com.ar\/wp-content\/uploads\/2025\/04\/IMG_20240911_205348-scaled.jpg\" alt=\"\" class=\"wp-image-3359\" srcset=\"https:\/\/modoviajeok.com.ar\/wp-content\/uploads\/2025\/04\/IMG_20240911_205348-scaled.jpg 1928w, https:\/\/modoviajeok.com.ar\/wp-content\/uploads\/2025\/04\/IMG_20240911_205348-768x1020.jpg 768w, https:\/\/modoviajeok.com.ar\/wp-content\/uploads\/2025\/04\/IMG_20240911_205348-1157x1536.jpg 1157w, https:\/\/modoviajeok.com.ar\/wp-content\/uploads\/2025\/04\/IMG_20240911_205348-1542x2048.jpg 1542w, https:\/\/modoviajeok.com.ar\/wp-content\/uploads\/2025\/04\/IMG_20240911_205348-316x420.jpg 316w, https:\/\/modoviajeok.com.ar\/wp-content\/uploads\/2025\/04\/IMG_20240911_205348-150x199.jpg 150w, https:\/\/modoviajeok.com.ar\/wp-content\/uploads\/2025\/04\/IMG_20240911_205348-300x398.jpg 300w, https:\/\/modoviajeok.com.ar\/wp-content\/uploads\/2025\/04\/IMG_20240911_205348-696x924.jpg 696w, https:\/\/modoviajeok.com.ar\/wp-content\/uploads\/2025\/04\/IMG_20240911_205348-1068x1418.jpg 1068w, https:\/\/modoviajeok.com.ar\/wp-content\/uploads\/2025\/04\/IMG_20240911_205348-1920x2550.jpg 1920w\" sizes=\"auto, (max-width: 1928px) 100vw, 1928px\" \/><\/figure>\n\n\n\n<p>Un detalle: los ba\u00f1os est\u00e1n se\u00f1alizados como \u201cAurelianos\u201d y \u201cUrsulas\u201d.<\/p>\n\n\n\n<p>En la pared del fondo de esta casa antigua de paredes gruesas hay una habitaci\u00f3n donde se puede leer la primera p\u00e1gina de la ic\u00f3nica novela donde aparece la palabra Macondo y el rostro del premio Nobel colombiano realizado con mariposas.&nbsp;<\/p>\n","protected":false},"excerpt":{"rendered":"<p>El majestuoso parque tem\u00e1tico ubicado en Quindio y los encantadores pueblos de Fenicia y Roldanillo son tres destinos imperdibles para conocer mejor a la bella Colombia. Desde hace 29 a\u00f1os, en el departamento del Quind\u00edo se encuentra el Parque del Caf\u00e9, uno de los parques tem\u00e1ticos m\u00e1s importantes de Latinoam\u00e9rica.&nbsp;Est\u00e1 a tan s\u00f3lo 16 kil\u00f3metros [&hellip;]<\/p>\n","protected":false},"author":3,"featured_media":3368,"comment_status":"open","ping_status":"open","sticky":false,"template":"","format":"standard","meta":{"_acf_changed":false,"footnotes":""},"categories":[2,9],"tags":[796,144,802,148,800,801],"class_list":{"0":"post-3352","1":"post","2":"type-post","3":"status-publish","4":"format-standard","5":"has-post-thumbnail","7":"category-destacadas","8":"category-mundo","9":"tag-cafe-de-colombia","10":"tag-colombia","11":"tag-duenbde","12":"tag-fenicia","13":"tag-parque-del-cafe","14":"tag-roldanillo"},"acf":[],"yoast_head":"<!-- This site is optimized with the Yoast SEO plugin v24.8.1 - https:\/\/yoast.com\/wordpress\/plugins\/seo\/ -->\n<title>El Parque del caf\u00e9 honra a la cultura cafetera de Colombia -<\/title>\n<meta name=\"description\" content=\"El majestuoso parque y los encantadores pueblos de Fenicia y Roldanillo son tres destinos imperdibles para conocer mejor a la bella Colombia.\" \/>\n<meta name=\"robots\" content=\"index, follow, max-snippet:-1, max-image-preview:large, max-video-preview:-1\" \/>\n<link rel=\"canonical\" href=\"https:\/\/modoviajeok.com.ar\/index.php\/2025\/04\/19\/el-parque-del-cafe-honra-a-la-cultura-cafetera-de-colombia\/\" \/>\n<meta property=\"og:locale\" content=\"es_ES\" \/>\n<meta property=\"og:type\" content=\"article\" \/>\n<meta property=\"og:title\" content=\"El Parque del caf\u00e9 honra a la cultura cafetera de Colombia -\" \/>\n<meta property=\"og:description\" content=\"El majestuoso parque y los encantadores pueblos de Fenicia y Roldanillo son tres destinos imperdibles para conocer mejor a la bella Colombia.\" \/>\n<meta property=\"og:url\" content=\"https:\/\/modoviajeok.com.ar\/index.php\/2025\/04\/19\/el-parque-del-cafe-honra-a-la-cultura-cafetera-de-colombia\/\" \/>\n<meta property=\"article:publisher\" content=\"https:\/\/www.facebook.com\/mariana.otero1\/\" \/>\n<meta property=\"article:published_time\" content=\"2025-04-19T12:00:05+00:00\" \/>\n<meta property=\"article:modified_time\" content=\"2025-05-12T14:20:32+00:00\" \/>\n<meta property=\"og:image\" content=\"https:\/\/modoviajeok.com.ar\/wp-content\/uploads\/2025\/04\/DSCN0455_1-scaled.jpg\" \/>\n\t<meta property=\"og:image:width\" content=\"2560\" \/>\n\t<meta property=\"og:image:height\" content=\"1920\" \/>\n\t<meta property=\"og:image:type\" content=\"image\/jpeg\" \/>\n<meta name=\"author\" content=\"Pepe Segura\" \/>\n<meta name=\"twitter:card\" content=\"summary_large_image\" \/>\n<meta name=\"twitter:label1\" content=\"Escrito por\" \/>\n\t<meta name=\"twitter:data1\" content=\"Pepe Segura\" \/>\n\t<meta name=\"twitter:label2\" content=\"Tiempo de lectura\" \/>\n\t<meta name=\"twitter:data2\" content=\"6 minutos\" \/>\n<script type=\"application\/ld+json\" class=\"yoast-schema-graph\">{\"@context\":\"https:\/\/schema.org\",\"@graph\":[{\"@type\":\"Article\",\"@id\":\"https:\/\/modoviajeok.com.ar\/index.php\/2025\/04\/19\/el-parque-del-cafe-honra-a-la-cultura-cafetera-de-colombia\/#article\",\"isPartOf\":{\"@id\":\"https:\/\/modoviajeok.com.ar\/index.php\/2025\/04\/19\/el-parque-del-cafe-honra-a-la-cultura-cafetera-de-colombia\/\"},\"author\":{\"name\":\"Pepe Segura\",\"@id\":\"https:\/\/modoviajeok.com.ar\/#\/schema\/person\/2e299ed0d3d412a01d244fe28260d7f5\"},\"headline\":\"El Parque del caf\u00e9 honra a la cultura cafetera de Colombia\",\"datePublished\":\"2025-04-19T12:00:05+00:00\",\"dateModified\":\"2025-05-12T14:20:32+00:00\",\"mainEntityOfPage\":{\"@id\":\"https:\/\/modoviajeok.com.ar\/index.php\/2025\/04\/19\/el-parque-del-cafe-honra-a-la-cultura-cafetera-de-colombia\/\"},\"wordCount\":952,\"commentCount\":0,\"publisher\":{\"@id\":\"https:\/\/modoviajeok.com.ar\/#organization\"},\"image\":{\"@id\":\"https:\/\/modoviajeok.com.ar\/index.php\/2025\/04\/19\/el-parque-del-cafe-honra-a-la-cultura-cafetera-de-colombia\/#primaryimage\"},\"thumbnailUrl\":\"https:\/\/modoviajeok.com.ar\/wp-content\/uploads\/2025\/04\/DSCN0455_1-scaled.jpg\",\"keywords\":[\"cafe de colombia\",\"colombia\",\"duenbde\",\"fenicia\",\"parque del cafe\",\"roldanillo\"],\"articleSection\":[\"Destacadas\",\"Mundo\"],\"inLanguage\":\"es\",\"potentialAction\":[{\"@type\":\"CommentAction\",\"name\":\"Comment\",\"target\":[\"https:\/\/modoviajeok.com.ar\/index.php\/2025\/04\/19\/el-parque-del-cafe-honra-a-la-cultura-cafetera-de-colombia\/#respond\"]}]},{\"@type\":\"WebPage\",\"@id\":\"https:\/\/modoviajeok.com.ar\/index.php\/2025\/04\/19\/el-parque-del-cafe-honra-a-la-cultura-cafetera-de-colombia\/\",\"url\":\"https:\/\/modoviajeok.com.ar\/index.php\/2025\/04\/19\/el-parque-del-cafe-honra-a-la-cultura-cafetera-de-colombia\/\",\"name\":\"El Parque del caf\u00e9 honra a la cultura cafetera de Colombia -\",\"isPartOf\":{\"@id\":\"https:\/\/modoviajeok.com.ar\/#website\"},\"primaryImageOfPage\":{\"@id\":\"https:\/\/modoviajeok.com.ar\/index.php\/2025\/04\/19\/el-parque-del-cafe-honra-a-la-cultura-cafetera-de-colombia\/#primaryimage\"},\"image\":{\"@id\":\"https:\/\/modoviajeok.com.ar\/index.php\/2025\/04\/19\/el-parque-del-cafe-honra-a-la-cultura-cafetera-de-colombia\/#primaryimage\"},\"thumbnailUrl\":\"https:\/\/modoviajeok.com.ar\/wp-content\/uploads\/2025\/04\/DSCN0455_1-scaled.jpg\",\"datePublished\":\"2025-04-19T12:00:05+00:00\",\"dateModified\":\"2025-05-12T14:20:32+00:00\",\"description\":\"El majestuoso parque y los encantadores pueblos de Fenicia y Roldanillo son tres destinos imperdibles para conocer mejor a la bella Colombia.\",\"breadcrumb\":{\"@id\":\"https:\/\/modoviajeok.com.ar\/index.php\/2025\/04\/19\/el-parque-del-cafe-honra-a-la-cultura-cafetera-de-colombia\/#breadcrumb\"},\"inLanguage\":\"es\",\"potentialAction\":[{\"@type\":\"ReadAction\",\"target\":[\"https:\/\/modoviajeok.com.ar\/index.php\/2025\/04\/19\/el-parque-del-cafe-honra-a-la-cultura-cafetera-de-colombia\/\"]}]},{\"@type\":\"ImageObject\",\"inLanguage\":\"es\",\"@id\":\"https:\/\/modoviajeok.com.ar\/index.php\/2025\/04\/19\/el-parque-del-cafe-honra-a-la-cultura-cafetera-de-colombia\/#primaryimage\",\"url\":\"https:\/\/modoviajeok.com.ar\/wp-content\/uploads\/2025\/04\/DSCN0455_1-scaled.jpg\",\"contentUrl\":\"https:\/\/modoviajeok.com.ar\/wp-content\/uploads\/2025\/04\/DSCN0455_1-scaled.jpg\",\"width\":2560,\"height\":1920},{\"@type\":\"BreadcrumbList\",\"@id\":\"https:\/\/modoviajeok.com.ar\/index.php\/2025\/04\/19\/el-parque-del-cafe-honra-a-la-cultura-cafetera-de-colombia\/#breadcrumb\",\"itemListElement\":[{\"@type\":\"ListItem\",\"position\":1,\"name\":\"Portada\",\"item\":\"https:\/\/modoviajeok.com.ar\/\"},{\"@type\":\"ListItem\",\"position\":2,\"name\":\"El Parque del caf\u00e9 honra a la cultura cafetera de Colombia\"}]},{\"@type\":\"WebSite\",\"@id\":\"https:\/\/modoviajeok.com.ar\/#website\",\"url\":\"https:\/\/modoviajeok.com.ar\/\",\"name\":\"ModoViajeOK\",\"description\":\"\",\"publisher\":{\"@id\":\"https:\/\/modoviajeok.com.ar\/#organization\"},\"potentialAction\":[{\"@type\":\"SearchAction\",\"target\":{\"@type\":\"EntryPoint\",\"urlTemplate\":\"https:\/\/modoviajeok.com.ar\/?s={search_term_string}\"},\"query-input\":{\"@type\":\"PropertyValueSpecification\",\"valueRequired\":true,\"valueName\":\"search_term_string\"}}],\"inLanguage\":\"es\"},{\"@type\":\"Organization\",\"@id\":\"https:\/\/modoviajeok.com.ar\/#organization\",\"name\":\"ModoViajeOK\",\"url\":\"https:\/\/modoviajeok.com.ar\/\",\"logo\":{\"@type\":\"ImageObject\",\"inLanguage\":\"es\",\"@id\":\"https:\/\/modoviajeok.com.ar\/#\/schema\/logo\/image\/\",\"url\":\"https:\/\/modoviajeok.com.ar\/wp-content\/uploads\/2025\/01\/Logo-modoviajeok.png\",\"contentUrl\":\"https:\/\/modoviajeok.com.ar\/wp-content\/uploads\/2025\/01\/Logo-modoviajeok.png\",\"width\":2938,\"height\":2276,\"caption\":\"ModoViajeOK\"},\"image\":{\"@id\":\"https:\/\/modoviajeok.com.ar\/#\/schema\/logo\/image\/\"},\"sameAs\":[\"https:\/\/www.facebook.com\/mariana.otero1\/\",\"https:\/\/www.instagram.com\/modoviaje.ok\/\"]},{\"@type\":\"Person\",\"@id\":\"https:\/\/modoviajeok.com.ar\/#\/schema\/person\/2e299ed0d3d412a01d244fe28260d7f5\",\"name\":\"Pepe Segura\",\"image\":{\"@type\":\"ImageObject\",\"inLanguage\":\"es\",\"@id\":\"https:\/\/modoviajeok.com.ar\/#\/schema\/person\/image\/\",\"url\":\"https:\/\/secure.gravatar.com\/avatar\/65eb4b34deed761327f5b2c5535b987318ae807900ac46426de7258f5de6d345?s=96&d=mm&r=g\",\"contentUrl\":\"https:\/\/secure.gravatar.com\/avatar\/65eb4b34deed761327f5b2c5535b987318ae807900ac46426de7258f5de6d345?s=96&d=mm&r=g\",\"caption\":\"Pepe Segura\"},\"url\":\"https:\/\/modoviajeok.com.ar\/index.php\/author\/pepe2025\/\"}]}<\/script>\n<!-- \/ Yoast SEO plugin. -->","yoast_head_json":{"title":"El Parque del caf\u00e9 honra a la cultura cafetera de Colombia -","description":"El majestuoso parque y los encantadores pueblos de Fenicia y Roldanillo son tres destinos imperdibles para conocer mejor a la bella Colombia.","robots":{"index":"index","follow":"follow","max-snippet":"max-snippet:-1","max-image-preview":"max-image-preview:large","max-video-preview":"max-video-preview:-1"},"canonical":"https:\/\/modoviajeok.com.ar\/index.php\/2025\/04\/19\/el-parque-del-cafe-honra-a-la-cultura-cafetera-de-colombia\/","og_locale":"es_ES","og_type":"article","og_title":"El Parque del caf\u00e9 honra a la cultura cafetera de Colombia -","og_description":"El majestuoso parque y los encantadores pueblos de Fenicia y Roldanillo son tres destinos imperdibles para conocer mejor a la bella Colombia.","og_url":"https:\/\/modoviajeok.com.ar\/index.php\/2025\/04\/19\/el-parque-del-cafe-honra-a-la-cultura-cafetera-de-colombia\/","article_publisher":"https:\/\/www.facebook.com\/mariana.otero1\/","article_published_time":"2025-04-19T12:00:05+00:00","article_modified_time":"2025-05-12T14:20:32+00:00","og_image":[{"width":2560,"height":1920,"url":"https:\/\/modoviajeok.com.ar\/wp-content\/uploads\/2025\/04\/DSCN0455_1-scaled.jpg","type":"image\/jpeg"}],"author":"Pepe Segura","twitter_card":"summary_large_image","twitter_misc":{"Escrito por":"Pepe Segura","Tiempo de lectura":"6 minutos"},"schema":{"@context":"https:\/\/schema.org","@graph":[{"@type":"Article","@id":"https:\/\/modoviajeok.com.ar\/index.php\/2025\/04\/19\/el-parque-del-cafe-honra-a-la-cultura-cafetera-de-colombia\/#article","isPartOf":{"@id":"https:\/\/modoviajeok.com.ar\/index.php\/2025\/04\/19\/el-parque-del-cafe-honra-a-la-cultura-cafetera-de-colombia\/"},"author":{"name":"Pepe Segura","@id":"https:\/\/modoviajeok.com.ar\/#\/schema\/person\/2e299ed0d3d412a01d244fe28260d7f5"},"headline":"El Parque del caf\u00e9 honra a la cultura cafetera de Colombia","datePublished":"2025-04-19T12:00:05+00:00","dateModified":"2025-05-12T14:20:32+00:00","mainEntityOfPage":{"@id":"https:\/\/modoviajeok.com.ar\/index.php\/2025\/04\/19\/el-parque-del-cafe-honra-a-la-cultura-cafetera-de-colombia\/"},"wordCount":952,"commentCount":0,"publisher":{"@id":"https:\/\/modoviajeok.com.ar\/#organization"},"image":{"@id":"https:\/\/modoviajeok.com.ar\/index.php\/2025\/04\/19\/el-parque-del-cafe-honra-a-la-cultura-cafetera-de-colombia\/#primaryimage"},"thumbnailUrl":"https:\/\/modoviajeok.com.ar\/wp-content\/uploads\/2025\/04\/DSCN0455_1-scaled.jpg","keywords":["cafe de colombia","colombia","duenbde","fenicia","parque del cafe","roldanillo"],"articleSection":["Destacadas","Mundo"],"inLanguage":"es","potentialAction":[{"@type":"CommentAction","name":"Comment","target":["https:\/\/modoviajeok.com.ar\/index.php\/2025\/04\/19\/el-parque-del-cafe-honra-a-la-cultura-cafetera-de-colombia\/#respond"]}]},{"@type":"WebPage","@id":"https:\/\/modoviajeok.com.ar\/index.php\/2025\/04\/19\/el-parque-del-cafe-honra-a-la-cultura-cafetera-de-colombia\/","url":"https:\/\/modoviajeok.com.ar\/index.php\/2025\/04\/19\/el-parque-del-cafe-honra-a-la-cultura-cafetera-de-colombia\/","name":"El Parque del caf\u00e9 honra a la cultura cafetera de Colombia -","isPartOf":{"@id":"https:\/\/modoviajeok.com.ar\/#website"},"primaryImageOfPage":{"@id":"https:\/\/modoviajeok.com.ar\/index.php\/2025\/04\/19\/el-parque-del-cafe-honra-a-la-cultura-cafetera-de-colombia\/#primaryimage"},"image":{"@id":"https:\/\/modoviajeok.com.ar\/index.php\/2025\/04\/19\/el-parque-del-cafe-honra-a-la-cultura-cafetera-de-colombia\/#primaryimage"},"thumbnailUrl":"https:\/\/modoviajeok.com.ar\/wp-content\/uploads\/2025\/04\/DSCN0455_1-scaled.jpg","datePublished":"2025-04-19T12:00:05+00:00","dateModified":"2025-05-12T14:20:32+00:00","description":"El majestuoso parque y los encantadores pueblos de Fenicia y Roldanillo son tres destinos imperdibles para conocer mejor a la bella Colombia.","breadcrumb":{"@id":"https:\/\/modoviajeok.com.ar\/index.php\/2025\/04\/19\/el-parque-del-cafe-honra-a-la-cultura-cafetera-de-colombia\/#breadcrumb"},"inLanguage":"es","potentialAction":[{"@type":"ReadAction","target":["https:\/\/modoviajeok.com.ar\/index.php\/2025\/04\/19\/el-parque-del-cafe-honra-a-la-cultura-cafetera-de-colombia\/"]}]},{"@type":"ImageObject","inLanguage":"es","@id":"https:\/\/modoviajeok.com.ar\/index.php\/2025\/04\/19\/el-parque-del-cafe-honra-a-la-cultura-cafetera-de-colombia\/#primaryimage","url":"https:\/\/modoviajeok.com.ar\/wp-content\/uploads\/2025\/04\/DSCN0455_1-scaled.jpg","contentUrl":"https:\/\/modoviajeok.com.ar\/wp-content\/uploads\/2025\/04\/DSCN0455_1-scaled.jpg","width":2560,"height":1920},{"@type":"BreadcrumbList","@id":"https:\/\/modoviajeok.com.ar\/index.php\/2025\/04\/19\/el-parque-del-cafe-honra-a-la-cultura-cafetera-de-colombia\/#breadcrumb","itemListElement":[{"@type":"ListItem","position":1,"name":"Portada","item":"https:\/\/modoviajeok.com.ar\/"},{"@type":"ListItem","position":2,"name":"El Parque del caf\u00e9 honra a la cultura cafetera de Colombia"}]},{"@type":"WebSite","@id":"https:\/\/modoviajeok.com.ar\/#website","url":"https:\/\/modoviajeok.com.ar\/","name":"ModoViajeOK","description":"","publisher":{"@id":"https:\/\/modoviajeok.com.ar\/#organization"},"potentialAction":[{"@type":"SearchAction","target":{"@type":"EntryPoint","urlTemplate":"https:\/\/modoviajeok.com.ar\/?s={search_term_string}"},"query-input":{"@type":"PropertyValueSpecification","valueRequired":true,"valueName":"search_term_string"}}],"inLanguage":"es"},{"@type":"Organization","@id":"https:\/\/modoviajeok.com.ar\/#organization","name":"ModoViajeOK","url":"https:\/\/modoviajeok.com.ar\/","logo":{"@type":"ImageObject","inLanguage":"es","@id":"https:\/\/modoviajeok.com.ar\/#\/schema\/logo\/image\/","url":"https:\/\/modoviajeok.com.ar\/wp-content\/uploads\/2025\/01\/Logo-modoviajeok.png","contentUrl":"https:\/\/modoviajeok.com.ar\/wp-content\/uploads\/2025\/01\/Logo-modoviajeok.png","width":2938,"height":2276,"caption":"ModoViajeOK"},"image":{"@id":"https:\/\/modoviajeok.com.ar\/#\/schema\/logo\/image\/"},"sameAs":["https:\/\/www.facebook.com\/mariana.otero1\/","https:\/\/www.instagram.com\/modoviaje.ok\/"]},{"@type":"Person","@id":"https:\/\/modoviajeok.com.ar\/#\/schema\/person\/2e299ed0d3d412a01d244fe28260d7f5","name":"Pepe Segura","image":{"@type":"ImageObject","inLanguage":"es","@id":"https:\/\/modoviajeok.com.ar\/#\/schema\/person\/image\/","url":"https:\/\/secure.gravatar.com\/avatar\/65eb4b34deed761327f5b2c5535b987318ae807900ac46426de7258f5de6d345?s=96&d=mm&r=g","contentUrl":"https:\/\/secure.gravatar.com\/avatar\/65eb4b34deed761327f5b2c5535b987318ae807900ac46426de7258f5de6d345?s=96&d=mm&r=g","caption":"Pepe Segura"},"url":"https:\/\/modoviajeok.com.ar\/index.php\/author\/pepe2025\/"}]}},"_links":{"self":[{"href":"https:\/\/modoviajeok.com.ar\/index.php\/wp-json\/wp\/v2\/posts\/3352","targetHints":{"allow":["GET"]}}],"collection":[{"href":"https:\/\/modoviajeok.com.ar\/index.php\/wp-json\/wp\/v2\/posts"}],"about":[{"href":"https:\/\/modoviajeok.com.ar\/index.php\/wp-json\/wp\/v2\/types\/post"}],"author":[{"embeddable":true,"href":"https:\/\/modoviajeok.com.ar\/index.php\/wp-json\/wp\/v2\/users\/3"}],"replies":[{"embeddable":true,"href":"https:\/\/modoviajeok.com.ar\/index.php\/wp-json\/wp\/v2\/comments?post=3352"}],"version-history":[{"count":2,"href":"https:\/\/modoviajeok.com.ar\/index.php\/wp-json\/wp\/v2\/posts\/3352\/revisions"}],"predecessor-version":[{"id":3688,"href":"https:\/\/modoviajeok.com.ar\/index.php\/wp-json\/wp\/v2\/posts\/3352\/revisions\/3688"}],"wp:featuredmedia":[{"embeddable":true,"href":"https:\/\/modoviajeok.com.ar\/index.php\/wp-json\/wp\/v2\/media\/3368"}],"wp:attachment":[{"href":"https:\/\/modoviajeok.com.ar\/index.php\/wp-json\/wp\/v2\/media?parent=3352"}],"wp:term":[{"taxonomy":"category","embeddable":true,"href":"https:\/\/modoviajeok.com.ar\/index.php\/wp-json\/wp\/v2\/categories?post=3352"},{"taxonomy":"post_tag","embeddable":true,"href":"https:\/\/modoviajeok.com.ar\/index.php\/wp-json\/wp\/v2\/tags?post=3352"}],"curies":[{"name":"wp","href":"https:\/\/api.w.org\/{rel}","templated":true}]}}