{"id":3420,"date":"2025-04-21T16:02:45","date_gmt":"2025-04-21T19:02:45","guid":{"rendered":"https:\/\/modoviajeok.com.ar\/?p=3420"},"modified":"2025-04-14T16:09:46","modified_gmt":"2025-04-14T19:09:46","slug":"cabanas-armonias-del-rio-invita-al-reseteo-digital-y-a-la-reconexion-con-la-naturaleza","status":"publish","type":"post","link":"https:\/\/modoviajeok.com.ar\/index.php\/2025\/04\/21\/cabanas-armonias-del-rio-invita-al-reseteo-digital-y-a-la-reconexion-con-la-naturaleza\/","title":{"rendered":"Caba\u00f1as Armon\u00edas del R\u00edo en Santa M\u00f3nica: el placer de reconectar"},"content":{"rendered":"\n<p>Vivimos conectados a un ritmo fren\u00e9tico de actualizaciones y notificaciones, pero \u00bfcu\u00e1ndo fue la \u00faltima vez que te permitiste simplemente \u00abestar\u00bb? Desconectar puede ser el primer paso hacia una profunda reconexi\u00f3n interior. Y Santa M\u00f3nica, una joya escondida en el valle de Calamuchita, se encuentra el lugar perfecto para experimentar un verdadero reseteo digital: Caba\u00f1as Armon\u00edas del R\u00edo. <\/p>\n\n\n\n<figure class=\"wp-block-image size-full\"><img loading=\"lazy\" decoding=\"async\" width=\"1440\" height=\"2560\" src=\"https:\/\/modoviajeok.com.ar\/wp-content\/uploads\/2025\/04\/WhatsApp-Image-2025-04-14-at-12.12.45-1-scaled.jpeg\" alt=\"\" class=\"wp-image-3422\" srcset=\"https:\/\/modoviajeok.com.ar\/wp-content\/uploads\/2025\/04\/WhatsApp-Image-2025-04-14-at-12.12.45-1-scaled.jpeg 1440w, https:\/\/modoviajeok.com.ar\/wp-content\/uploads\/2025\/04\/WhatsApp-Image-2025-04-14-at-12.12.45-1-768x1365.jpeg 768w, https:\/\/modoviajeok.com.ar\/wp-content\/uploads\/2025\/04\/WhatsApp-Image-2025-04-14-at-12.12.45-1-864x1536.jpeg 864w, https:\/\/modoviajeok.com.ar\/wp-content\/uploads\/2025\/04\/WhatsApp-Image-2025-04-14-at-12.12.45-1-1152x2048.jpeg 1152w, https:\/\/modoviajeok.com.ar\/wp-content\/uploads\/2025\/04\/WhatsApp-Image-2025-04-14-at-12.12.45-1-236x420.jpeg 236w, https:\/\/modoviajeok.com.ar\/wp-content\/uploads\/2025\/04\/WhatsApp-Image-2025-04-14-at-12.12.45-1-150x267.jpeg 150w, https:\/\/modoviajeok.com.ar\/wp-content\/uploads\/2025\/04\/WhatsApp-Image-2025-04-14-at-12.12.45-1-300x533.jpeg 300w, https:\/\/modoviajeok.com.ar\/wp-content\/uploads\/2025\/04\/WhatsApp-Image-2025-04-14-at-12.12.45-1-696x1237.jpeg 696w, https:\/\/modoviajeok.com.ar\/wp-content\/uploads\/2025\/04\/WhatsApp-Image-2025-04-14-at-12.12.45-1-1068x1899.jpeg 1068w, https:\/\/modoviajeok.com.ar\/wp-content\/uploads\/2025\/04\/WhatsApp-Image-2025-04-14-at-12.12.45-1-1920x3413.jpeg 1920w\" sizes=\"auto, (max-width: 1440px) 100vw, 1440px\" \/><\/figure>\n\n\n\n<p>Este complejo de caba\u00f1as frente al r\u00edo ofrece un entorno \u00fanico donde la naturaleza, el silencio y los placeres sencillos invitan a reconectar con uno mismo, la familia y el entorno. Aqu\u00ed, el ruido del agua, los colores vibrantes del oto\u00f1o y los amaneceres espectaculares en las sierras crean un escenario m\u00e1gico que inspira paz y bienestar.<\/p>\n\n\n\n\n      <div class=\"wp_bannerize_container wp_bannerize_layout_vertical\">\n\n        <div class=\"wp_bannerize_banner_box wp_bannerize_category_intertexto-1\" data-title=\"Modo viaje\" data-mime_type=\"image-gif\" data-banner_id=\"1783\" id=\"wpbanner-1783\" data-impressions_enabled=\"true\" data-clicks_enabled=\"true\"><a href=\"https:\/\/www.instagram.com\/modoviaje.ok?igsh=Z3c5emxsZWFtdXN3\"><img decoding=\"async\" border=\"0\" src=\"https:\/\/modoviajeok.com.ar\/wp-content\/uploads\/2025\/02\/modoviaje.ok-300-x-250-px.gif\" alt=\"Modo viaje\" title=\"Modo viaje\" \/><\/a><\/div>      <\/div>\n\n\n\n\n\n<figure class=\"wp-block-pullquote\"><blockquote><p><\/p><\/blockquote><\/figure>\n\n\n\n<figure class=\"wp-block-pullquote\"><blockquote><p>Santa M\u00f3nica es un destino poco conocido, pero de una belleza incomparable. <\/p><\/blockquote><\/figure>\n\n\n\n<p>En este peque\u00f1o pueblo de alrededor de 300 habitantes, las caminatas son un h\u00e1bito diario y el contacto con la naturaleza es inevitable. Las Caba\u00f1as Armon\u00edas del R\u00edo est\u00e1n estrat\u00e9gicamente ubicadas frente al r\u00edo, rodeadas de \u00e1rboles aut\u00f3ctonos que ofrecen un paisaje impresionante durante todo el a\u00f1o, especialmente en oto\u00f1o, cuando los verdes profundos contrastan con tonalidades doradas y rojizas. Este entorno natural no solo invita a la calma, sino que tambi\u00e9n fomenta actividades como paseos por senderos a la vera del r\u00edo y explorar lugares cercanos hacia Yacanto, Umepay, El Durazno y San Miguel de los R\u00edos, o incluso la pr\u00e1ctica del \u00abba\u00f1o de bosque\u00bb, una t\u00e9cnica japonesa que combate el estr\u00e9s mediante la inmersi\u00f3n en la naturaleza.<\/p>\n\n\n\n<figure class=\"wp-block-image size-full\"><img loading=\"lazy\" decoding=\"async\" width=\"1440\" height=\"2560\" src=\"https:\/\/modoviajeok.com.ar\/wp-content\/uploads\/2025\/04\/WhatsApp-Image-2025-04-14-at-12.12.46-1-scaled.jpeg\" alt=\"\" class=\"wp-image-3423\" srcset=\"https:\/\/modoviajeok.com.ar\/wp-content\/uploads\/2025\/04\/WhatsApp-Image-2025-04-14-at-12.12.46-1-scaled.jpeg 1440w, https:\/\/modoviajeok.com.ar\/wp-content\/uploads\/2025\/04\/WhatsApp-Image-2025-04-14-at-12.12.46-1-768x1365.jpeg 768w, https:\/\/modoviajeok.com.ar\/wp-content\/uploads\/2025\/04\/WhatsApp-Image-2025-04-14-at-12.12.46-1-864x1536.jpeg 864w, https:\/\/modoviajeok.com.ar\/wp-content\/uploads\/2025\/04\/WhatsApp-Image-2025-04-14-at-12.12.46-1-1152x2048.jpeg 1152w, https:\/\/modoviajeok.com.ar\/wp-content\/uploads\/2025\/04\/WhatsApp-Image-2025-04-14-at-12.12.46-1-236x420.jpeg 236w, https:\/\/modoviajeok.com.ar\/wp-content\/uploads\/2025\/04\/WhatsApp-Image-2025-04-14-at-12.12.46-1-150x267.jpeg 150w, https:\/\/modoviajeok.com.ar\/wp-content\/uploads\/2025\/04\/WhatsApp-Image-2025-04-14-at-12.12.46-1-300x533.jpeg 300w, https:\/\/modoviajeok.com.ar\/wp-content\/uploads\/2025\/04\/WhatsApp-Image-2025-04-14-at-12.12.46-1-696x1237.jpeg 696w, https:\/\/modoviajeok.com.ar\/wp-content\/uploads\/2025\/04\/WhatsApp-Image-2025-04-14-at-12.12.46-1-1068x1899.jpeg 1068w, https:\/\/modoviajeok.com.ar\/wp-content\/uploads\/2025\/04\/WhatsApp-Image-2025-04-14-at-12.12.46-1-1920x3413.jpeg 1920w\" sizes=\"auto, (max-width: 1440px) 100vw, 1440px\" \/><\/figure>\n\n\n\n<p>Las caba\u00f1as est\u00e1n dise\u00f1adas para brindar comodidad sin sacrificar la conexi\u00f3n con el entorno. Con una vista privilegiada a los amaneceres en las sierras, estas caba\u00f1as son el refugio ideal para quienes buscan desconectar de la tecnolog\u00eda y reconectar con lo esencial. La magia del lugar radica en su capacidad para hacer que los visitantes se sientan parte de algo m\u00e1s grande: la naturaleza misma.<\/p>\n\n\n      <div class=\"wp_bannerize_container wp_bannerize_layout_vertical\">\n\n              <\/div>\n\n\n\n\n\n<p>La propuesta de Caba\u00f1as Armon\u00edas del R\u00edo va m\u00e1s all\u00e1 de simplemente alojarse en un lugar hermoso; es una invitaci\u00f3n a vivir una experiencia aut\u00e9ntica. Las due\u00f1as, madre e hija, han logrado crear un ambiente acogedor donde los visitantes se sienten como en casa desde el primer momento. Su calidez y atenci\u00f3n personalizada hacen que cada estancia sea \u00fanica y memorable. Adem\u00e1s, disponen de &nbsp;juegos de mesa en el sal\u00f3n, se pueden hacer guitarreadas bajo las estrellas y cabalgatas por los alrededores, fomentan la interacci\u00f3n familiar y el disfrute de momentos simples pero significativos.<\/p>\n\n\n\n<figure class=\"wp-block-image size-full\"><img loading=\"lazy\" decoding=\"async\" width=\"1440\" height=\"2560\" src=\"https:\/\/modoviajeok.com.ar\/wp-content\/uploads\/2025\/04\/WhatsApp-Image-2025-04-14-at-12.12.46-2-scaled.jpeg\" alt=\"\" class=\"wp-image-3424\" srcset=\"https:\/\/modoviajeok.com.ar\/wp-content\/uploads\/2025\/04\/WhatsApp-Image-2025-04-14-at-12.12.46-2-scaled.jpeg 1440w, https:\/\/modoviajeok.com.ar\/wp-content\/uploads\/2025\/04\/WhatsApp-Image-2025-04-14-at-12.12.46-2-768x1365.jpeg 768w, https:\/\/modoviajeok.com.ar\/wp-content\/uploads\/2025\/04\/WhatsApp-Image-2025-04-14-at-12.12.46-2-864x1536.jpeg 864w, https:\/\/modoviajeok.com.ar\/wp-content\/uploads\/2025\/04\/WhatsApp-Image-2025-04-14-at-12.12.46-2-1152x2048.jpeg 1152w, https:\/\/modoviajeok.com.ar\/wp-content\/uploads\/2025\/04\/WhatsApp-Image-2025-04-14-at-12.12.46-2-236x420.jpeg 236w, https:\/\/modoviajeok.com.ar\/wp-content\/uploads\/2025\/04\/WhatsApp-Image-2025-04-14-at-12.12.46-2-150x267.jpeg 150w, https:\/\/modoviajeok.com.ar\/wp-content\/uploads\/2025\/04\/WhatsApp-Image-2025-04-14-at-12.12.46-2-300x533.jpeg 300w, https:\/\/modoviajeok.com.ar\/wp-content\/uploads\/2025\/04\/WhatsApp-Image-2025-04-14-at-12.12.46-2-696x1237.jpeg 696w, https:\/\/modoviajeok.com.ar\/wp-content\/uploads\/2025\/04\/WhatsApp-Image-2025-04-14-at-12.12.46-2-1068x1899.jpeg 1068w, https:\/\/modoviajeok.com.ar\/wp-content\/uploads\/2025\/04\/WhatsApp-Image-2025-04-14-at-12.12.46-2-1920x3413.jpeg 1920w\" sizes=\"auto, (max-width: 1440px) 100vw, 1440px\" \/><\/figure>\n\n\n\n<p>Para los ni\u00f1os, el parque con juegos al aire libre y la pileta son espacios ideales para divertirse, mientras que los adultos pueden relajarse en el parque o simplemente sentarse junto al r\u00edo a contemplar la corriente. La cercan\u00eda con restaurantes locales que ofrecen comida casera completa la experiencia, permitiendo a los visitantes saborear platos tradicionales que reflejan la cultura de la regi\u00f3n.<\/p>\n\n\n\n<figure class=\"wp-block-pullquote\"><blockquote><p><\/p><\/blockquote><\/figure>\n\n\n\n<figure class=\"wp-block-pullquote has-larger-font-size\"><blockquote><p><\/p><cite>En Caba\u00f1as Armon\u00edas del R\u00edo, el concepto de reseteo digital se vive de manera integral. El acceso a internet est\u00e1 limitado a una zona com\u00fan y no est\u00e1 destinado al uso recreativo, promoviendo as\u00ed una desconexi\u00f3n voluntaria de las pantallas. <\/cite><\/blockquote><\/figure>\n\n\n\n<p>Esta pol\u00edtica invita a los visitantes a sumergirse completamente en el entorno natural y en las actividades disponibles. Desde caminatas matutinas hasta tardes de lectura bajo un \u00e1rbol, cada momento est\u00e1 dise\u00f1ado para ayudar a liberar la mente del bullicio digital y reconectar con el presente.<\/p>\n\n\n\n<figure class=\"wp-block-image size-full\"><img loading=\"lazy\" decoding=\"async\" width=\"1440\" height=\"2560\" src=\"https:\/\/modoviajeok.com.ar\/wp-content\/uploads\/2025\/04\/WhatsApp-Image-2025-04-14-at-12.12.46-scaled.jpeg\" alt=\"\" class=\"wp-image-3425\" srcset=\"https:\/\/modoviajeok.com.ar\/wp-content\/uploads\/2025\/04\/WhatsApp-Image-2025-04-14-at-12.12.46-scaled.jpeg 1440w, https:\/\/modoviajeok.com.ar\/wp-content\/uploads\/2025\/04\/WhatsApp-Image-2025-04-14-at-12.12.46-768x1365.jpeg 768w, https:\/\/modoviajeok.com.ar\/wp-content\/uploads\/2025\/04\/WhatsApp-Image-2025-04-14-at-12.12.46-864x1536.jpeg 864w, https:\/\/modoviajeok.com.ar\/wp-content\/uploads\/2025\/04\/WhatsApp-Image-2025-04-14-at-12.12.46-1152x2048.jpeg 1152w, https:\/\/modoviajeok.com.ar\/wp-content\/uploads\/2025\/04\/WhatsApp-Image-2025-04-14-at-12.12.46-236x420.jpeg 236w, https:\/\/modoviajeok.com.ar\/wp-content\/uploads\/2025\/04\/WhatsApp-Image-2025-04-14-at-12.12.46-150x267.jpeg 150w, https:\/\/modoviajeok.com.ar\/wp-content\/uploads\/2025\/04\/WhatsApp-Image-2025-04-14-at-12.12.46-300x533.jpeg 300w, https:\/\/modoviajeok.com.ar\/wp-content\/uploads\/2025\/04\/WhatsApp-Image-2025-04-14-at-12.12.46-696x1237.jpeg 696w, https:\/\/modoviajeok.com.ar\/wp-content\/uploads\/2025\/04\/WhatsApp-Image-2025-04-14-at-12.12.46-1068x1899.jpeg 1068w, https:\/\/modoviajeok.com.ar\/wp-content\/uploads\/2025\/04\/WhatsApp-Image-2025-04-14-at-12.12.46-1920x3413.jpeg 1920w\" sizes=\"auto, (max-width: 1440px) 100vw, 1440px\" \/><\/figure>\n\n\n\n<p>El sonido constante del agua fluyendo act\u00faa como una melod\u00eda natural que calma el alma, mientras que los colores vibrantes del paisaje estimulan los sentidos de manera positiva. <\/p>\n\n\n      <div class=\"wp_bannerize_container wp_bannerize_layout_vertical\">\n\n              <\/div>\n\n\n\n\n\n\n\n<p>Aqu\u00ed, el tiempo parece detenerse, permitiendo que cada instante sea plenamente vivido. Ya sea compartiendo una charla profunda con seres queridos o simplemente observando el atardecer, este lugar invita a reflexionar sobre lo que realmente importa en la vida.<\/p>\n\n\n\n<figure class=\"wp-block-image size-full\"><img loading=\"lazy\" decoding=\"async\" width=\"1440\" height=\"2560\" src=\"https:\/\/modoviajeok.com.ar\/wp-content\/uploads\/2025\/04\/WhatsApp-Image-2025-04-14-at-12.12.47-2-scaled.jpeg\" alt=\"\" class=\"wp-image-3426\" srcset=\"https:\/\/modoviajeok.com.ar\/wp-content\/uploads\/2025\/04\/WhatsApp-Image-2025-04-14-at-12.12.47-2-scaled.jpeg 1440w, https:\/\/modoviajeok.com.ar\/wp-content\/uploads\/2025\/04\/WhatsApp-Image-2025-04-14-at-12.12.47-2-768x1365.jpeg 768w, https:\/\/modoviajeok.com.ar\/wp-content\/uploads\/2025\/04\/WhatsApp-Image-2025-04-14-at-12.12.47-2-864x1536.jpeg 864w, https:\/\/modoviajeok.com.ar\/wp-content\/uploads\/2025\/04\/WhatsApp-Image-2025-04-14-at-12.12.47-2-1152x2048.jpeg 1152w, https:\/\/modoviajeok.com.ar\/wp-content\/uploads\/2025\/04\/WhatsApp-Image-2025-04-14-at-12.12.47-2-236x420.jpeg 236w, https:\/\/modoviajeok.com.ar\/wp-content\/uploads\/2025\/04\/WhatsApp-Image-2025-04-14-at-12.12.47-2-150x267.jpeg 150w, https:\/\/modoviajeok.com.ar\/wp-content\/uploads\/2025\/04\/WhatsApp-Image-2025-04-14-at-12.12.47-2-300x533.jpeg 300w, https:\/\/modoviajeok.com.ar\/wp-content\/uploads\/2025\/04\/WhatsApp-Image-2025-04-14-at-12.12.47-2-696x1237.jpeg 696w, https:\/\/modoviajeok.com.ar\/wp-content\/uploads\/2025\/04\/WhatsApp-Image-2025-04-14-at-12.12.47-2-1068x1899.jpeg 1068w, https:\/\/modoviajeok.com.ar\/wp-content\/uploads\/2025\/04\/WhatsApp-Image-2025-04-14-at-12.12.47-2-1920x3413.jpeg 1920w\" sizes=\"auto, (max-width: 1440px) 100vw, 1440px\" \/><\/figure>\n\n\n\n\n\n<p>Descubr\u00ed este oasis que es Santa M\u00f3nica, con su tranquilidad y belleza natural, es el lugar perfecto para quienes buscan escapar del ritmo acelerado de la vida moderna. Este min\u00fasculo destino, aunque discreto, tiene mucho que ofrecer: desde actividades organizadas para toda la familia hasta momentos de introspecci\u00f3n personal. Es un recordatorio de que, para encontrar paz y claridad, a veces solo necesitamos regresar a lo esencial y dejarnos abrazar por la naturaleza.<\/p>\n\n\n\n<figure class=\"wp-block-gallery has-nested-images columns-default is-cropped wp-block-gallery-1 is-layout-flex wp-block-gallery-is-layout-flex\"><\/figure>\n\n\n\n<figure class=\"wp-block-gallery has-nested-images columns-default is-cropped wp-block-gallery-2 is-layout-flex wp-block-gallery-is-layout-flex\">\n<figure class=\"wp-block-image size-large\"><img loading=\"lazy\" decoding=\"async\" width=\"1440\" height=\"2560\" data-id=\"3428\" src=\"https:\/\/modoviajeok.com.ar\/wp-content\/uploads\/2025\/04\/WhatsApp-Image-2025-04-14-at-12.12.47-scaled.jpeg\" alt=\"\" class=\"wp-image-3428\" srcset=\"https:\/\/modoviajeok.com.ar\/wp-content\/uploads\/2025\/04\/WhatsApp-Image-2025-04-14-at-12.12.47-scaled.jpeg 1440w, https:\/\/modoviajeok.com.ar\/wp-content\/uploads\/2025\/04\/WhatsApp-Image-2025-04-14-at-12.12.47-768x1365.jpeg 768w, https:\/\/modoviajeok.com.ar\/wp-content\/uploads\/2025\/04\/WhatsApp-Image-2025-04-14-at-12.12.47-864x1536.jpeg 864w, https:\/\/modoviajeok.com.ar\/wp-content\/uploads\/2025\/04\/WhatsApp-Image-2025-04-14-at-12.12.47-1152x2048.jpeg 1152w, https:\/\/modoviajeok.com.ar\/wp-content\/uploads\/2025\/04\/WhatsApp-Image-2025-04-14-at-12.12.47-236x420.jpeg 236w, https:\/\/modoviajeok.com.ar\/wp-content\/uploads\/2025\/04\/WhatsApp-Image-2025-04-14-at-12.12.47-150x267.jpeg 150w, https:\/\/modoviajeok.com.ar\/wp-content\/uploads\/2025\/04\/WhatsApp-Image-2025-04-14-at-12.12.47-300x533.jpeg 300w, https:\/\/modoviajeok.com.ar\/wp-content\/uploads\/2025\/04\/WhatsApp-Image-2025-04-14-at-12.12.47-696x1237.jpeg 696w, https:\/\/modoviajeok.com.ar\/wp-content\/uploads\/2025\/04\/WhatsApp-Image-2025-04-14-at-12.12.47-1068x1899.jpeg 1068w, https:\/\/modoviajeok.com.ar\/wp-content\/uploads\/2025\/04\/WhatsApp-Image-2025-04-14-at-12.12.47-1920x3413.jpeg 1920w\" sizes=\"auto, (max-width: 1440px) 100vw, 1440px\" \/><\/figure>\n\n\n\n<figure class=\"wp-block-image size-large\"><img loading=\"lazy\" decoding=\"async\" width=\"900\" height=\"1600\" data-id=\"3427\" src=\"https:\/\/modoviajeok.com.ar\/wp-content\/uploads\/2025\/04\/WhatsApp-Image-2025-04-14-at-12.13.34-1.jpeg\" alt=\"\" class=\"wp-image-3427\" srcset=\"https:\/\/modoviajeok.com.ar\/wp-content\/uploads\/2025\/04\/WhatsApp-Image-2025-04-14-at-12.13.34-1.jpeg 900w, https:\/\/modoviajeok.com.ar\/wp-content\/uploads\/2025\/04\/WhatsApp-Image-2025-04-14-at-12.13.34-1-768x1365.jpeg 768w, https:\/\/modoviajeok.com.ar\/wp-content\/uploads\/2025\/04\/WhatsApp-Image-2025-04-14-at-12.13.34-1-864x1536.jpeg 864w, https:\/\/modoviajeok.com.ar\/wp-content\/uploads\/2025\/04\/WhatsApp-Image-2025-04-14-at-12.13.34-1-236x420.jpeg 236w, https:\/\/modoviajeok.com.ar\/wp-content\/uploads\/2025\/04\/WhatsApp-Image-2025-04-14-at-12.13.34-1-150x267.jpeg 150w, https:\/\/modoviajeok.com.ar\/wp-content\/uploads\/2025\/04\/WhatsApp-Image-2025-04-14-at-12.13.34-1-300x533.jpeg 300w, https:\/\/modoviajeok.com.ar\/wp-content\/uploads\/2025\/04\/WhatsApp-Image-2025-04-14-at-12.13.34-1-696x1237.jpeg 696w\" sizes=\"auto, (max-width: 900px) 100vw, 900px\" \/><\/figure>\n<\/figure>\n","protected":false},"excerpt":{"rendered":"<p>Vivimos conectados a un ritmo fren\u00e9tico de actualizaciones y notificaciones, pero \u00bfcu\u00e1ndo fue la \u00faltima vez que te permitiste simplemente \u00abestar\u00bb? Desconectar puede ser el primer paso hacia una profunda reconexi\u00f3n interior. Y Santa M\u00f3nica, una joya escondida en el valle de Calamuchita, se encuentra el lugar perfecto para experimentar un verdadero reseteo digital: Caba\u00f1as [&hellip;]<\/p>\n","protected":false},"author":2,"featured_media":3424,"comment_status":"open","ping_status":"open","sticky":false,"template":"","format":"standard","meta":{"_acf_changed":false,"footnotes":""},"categories":[11,2,15],"tags":[811,48,816,78,559,257,813,815],"class_list":{"0":"post-3420","1":"post","2":"type-post","3":"status-publish","4":"format-standard","5":"has-post-thumbnail","7":"category-cordoba","8":"category-destacadas","9":"category-recomendaciones","10":"tag-cabanas","11":"tag-cordoba","12":"tag-desconexion","13":"tag-naturaleza","14":"tag-reseteo-digital","15":"tag-rio","16":"tag-santa-monica","17":"tag-sierras"},"acf":[],"yoast_head":"<!-- This site is optimized with the Yoast SEO plugin v24.8.1 - https:\/\/yoast.com\/wordpress\/plugins\/seo\/ -->\n<title>Caba\u00f1as Armon\u00edas del R\u00edo en Santa M\u00f3nica: el placer de reconectar -<\/title>\n<meta name=\"description\" content=\"En el Valle de Calamuchita, Caba\u00f1as Armon\u00edas del R\u00edo es una propuesta para la desintoxicaci\u00f3n digital. En Santa M\u00f3nica.\" \/>\n<meta name=\"robots\" content=\"index, follow, max-snippet:-1, max-image-preview:large, max-video-preview:-1\" \/>\n<link rel=\"canonical\" href=\"https:\/\/modoviajeok.com.ar\/index.php\/2025\/04\/21\/cabanas-armonias-del-rio-invita-al-reseteo-digital-y-a-la-reconexion-con-la-naturaleza\/\" \/>\n<meta property=\"og:locale\" content=\"es_ES\" \/>\n<meta property=\"og:type\" content=\"article\" \/>\n<meta property=\"og:title\" content=\"Caba\u00f1as Armon\u00edas del R\u00edo en Santa M\u00f3nica: el placer de reconectar -\" \/>\n<meta property=\"og:description\" content=\"En el Valle de Calamuchita, Caba\u00f1as Armon\u00edas del R\u00edo es una propuesta para la desintoxicaci\u00f3n digital. En Santa M\u00f3nica.\" \/>\n<meta property=\"og:url\" content=\"https:\/\/modoviajeok.com.ar\/index.php\/2025\/04\/21\/cabanas-armonias-del-rio-invita-al-reseteo-digital-y-a-la-reconexion-con-la-naturaleza\/\" \/>\n<meta property=\"article:publisher\" content=\"https:\/\/www.facebook.com\/mariana.otero1\/\" \/>\n<meta property=\"article:published_time\" content=\"2025-04-21T19:02:45+00:00\" \/>\n<meta property=\"og:image\" content=\"https:\/\/modoviajeok.com.ar\/wp-content\/uploads\/2025\/04\/WhatsApp-Image-2025-04-14-at-12.12.46-2-scaled.jpeg\" \/>\n\t<meta property=\"og:image:width\" content=\"1440\" \/>\n\t<meta property=\"og:image:height\" content=\"2560\" \/>\n\t<meta property=\"og:image:type\" content=\"image\/jpeg\" \/>\n<meta name=\"author\" content=\"Mariana Otero\" \/>\n<meta name=\"twitter:card\" content=\"summary_large_image\" \/>\n<meta name=\"twitter:label1\" content=\"Escrito por\" \/>\n\t<meta name=\"twitter:data1\" content=\"Mariana Otero\" \/>\n\t<meta name=\"twitter:label2\" content=\"Tiempo de lectura\" \/>\n\t<meta name=\"twitter:data2\" content=\"5 minutos\" \/>\n<script type=\"application\/ld+json\" class=\"yoast-schema-graph\">{\"@context\":\"https:\/\/schema.org\",\"@graph\":[{\"@type\":\"Article\",\"@id\":\"https:\/\/modoviajeok.com.ar\/index.php\/2025\/04\/21\/cabanas-armonias-del-rio-invita-al-reseteo-digital-y-a-la-reconexion-con-la-naturaleza\/#article\",\"isPartOf\":{\"@id\":\"https:\/\/modoviajeok.com.ar\/index.php\/2025\/04\/21\/cabanas-armonias-del-rio-invita-al-reseteo-digital-y-a-la-reconexion-con-la-naturaleza\/\"},\"author\":{\"name\":\"Mariana Otero\",\"@id\":\"https:\/\/modoviajeok.com.ar\/#\/schema\/person\/1187013488537969db5b1320484d24f4\"},\"headline\":\"Caba\u00f1as Armon\u00edas del R\u00edo en Santa M\u00f3nica: el placer de reconectar\",\"datePublished\":\"2025-04-21T19:02:45+00:00\",\"mainEntityOfPage\":{\"@id\":\"https:\/\/modoviajeok.com.ar\/index.php\/2025\/04\/21\/cabanas-armonias-del-rio-invita-al-reseteo-digital-y-a-la-reconexion-con-la-naturaleza\/\"},\"wordCount\":795,\"commentCount\":0,\"publisher\":{\"@id\":\"https:\/\/modoviajeok.com.ar\/#organization\"},\"image\":{\"@id\":\"https:\/\/modoviajeok.com.ar\/index.php\/2025\/04\/21\/cabanas-armonias-del-rio-invita-al-reseteo-digital-y-a-la-reconexion-con-la-naturaleza\/#primaryimage\"},\"thumbnailUrl\":\"https:\/\/modoviajeok.com.ar\/wp-content\/uploads\/2025\/04\/WhatsApp-Image-2025-04-14-at-12.12.46-2-scaled.jpeg\",\"keywords\":[\"caba\u00f1as\",\"c\u00f3rdoba\",\"desconexi\u00f3n\",\"naturaleza\",\"reseteo digital\",\"r\u00edo\",\"santa m\u00f3nica\",\"sierras\"],\"articleSection\":[\"C\u00f3rdoba\",\"Destacadas\",\"Recomendaciones\"],\"inLanguage\":\"es\",\"potentialAction\":[{\"@type\":\"CommentAction\",\"name\":\"Comment\",\"target\":[\"https:\/\/modoviajeok.com.ar\/index.php\/2025\/04\/21\/cabanas-armonias-del-rio-invita-al-reseteo-digital-y-a-la-reconexion-con-la-naturaleza\/#respond\"]}]},{\"@type\":\"WebPage\",\"@id\":\"https:\/\/modoviajeok.com.ar\/index.php\/2025\/04\/21\/cabanas-armonias-del-rio-invita-al-reseteo-digital-y-a-la-reconexion-con-la-naturaleza\/\",\"url\":\"https:\/\/modoviajeok.com.ar\/index.php\/2025\/04\/21\/cabanas-armonias-del-rio-invita-al-reseteo-digital-y-a-la-reconexion-con-la-naturaleza\/\",\"name\":\"Caba\u00f1as Armon\u00edas del R\u00edo en Santa M\u00f3nica: el placer de reconectar -\",\"isPartOf\":{\"@id\":\"https:\/\/modoviajeok.com.ar\/#website\"},\"primaryImageOfPage\":{\"@id\":\"https:\/\/modoviajeok.com.ar\/index.php\/2025\/04\/21\/cabanas-armonias-del-rio-invita-al-reseteo-digital-y-a-la-reconexion-con-la-naturaleza\/#primaryimage\"},\"image\":{\"@id\":\"https:\/\/modoviajeok.com.ar\/index.php\/2025\/04\/21\/cabanas-armonias-del-rio-invita-al-reseteo-digital-y-a-la-reconexion-con-la-naturaleza\/#primaryimage\"},\"thumbnailUrl\":\"https:\/\/modoviajeok.com.ar\/wp-content\/uploads\/2025\/04\/WhatsApp-Image-2025-04-14-at-12.12.46-2-scaled.jpeg\",\"datePublished\":\"2025-04-21T19:02:45+00:00\",\"description\":\"En el Valle de Calamuchita, Caba\u00f1as Armon\u00edas del R\u00edo es una propuesta para la desintoxicaci\u00f3n digital. En Santa M\u00f3nica.\",\"breadcrumb\":{\"@id\":\"https:\/\/modoviajeok.com.ar\/index.php\/2025\/04\/21\/cabanas-armonias-del-rio-invita-al-reseteo-digital-y-a-la-reconexion-con-la-naturaleza\/#breadcrumb\"},\"inLanguage\":\"es\",\"potentialAction\":[{\"@type\":\"ReadAction\",\"target\":[\"https:\/\/modoviajeok.com.ar\/index.php\/2025\/04\/21\/cabanas-armonias-del-rio-invita-al-reseteo-digital-y-a-la-reconexion-con-la-naturaleza\/\"]}]},{\"@type\":\"ImageObject\",\"inLanguage\":\"es\",\"@id\":\"https:\/\/modoviajeok.com.ar\/index.php\/2025\/04\/21\/cabanas-armonias-del-rio-invita-al-reseteo-digital-y-a-la-reconexion-con-la-naturaleza\/#primaryimage\",\"url\":\"https:\/\/modoviajeok.com.ar\/wp-content\/uploads\/2025\/04\/WhatsApp-Image-2025-04-14-at-12.12.46-2-scaled.jpeg\",\"contentUrl\":\"https:\/\/modoviajeok.com.ar\/wp-content\/uploads\/2025\/04\/WhatsApp-Image-2025-04-14-at-12.12.46-2-scaled.jpeg\",\"width\":1440,\"height\":2560},{\"@type\":\"BreadcrumbList\",\"@id\":\"https:\/\/modoviajeok.com.ar\/index.php\/2025\/04\/21\/cabanas-armonias-del-rio-invita-al-reseteo-digital-y-a-la-reconexion-con-la-naturaleza\/#breadcrumb\",\"itemListElement\":[{\"@type\":\"ListItem\",\"position\":1,\"name\":\"Portada\",\"item\":\"https:\/\/modoviajeok.com.ar\/\"},{\"@type\":\"ListItem\",\"position\":2,\"name\":\"Caba\u00f1as Armon\u00edas del R\u00edo en Santa M\u00f3nica: el placer de reconectar\"}]},{\"@type\":\"WebSite\",\"@id\":\"https:\/\/modoviajeok.com.ar\/#website\",\"url\":\"https:\/\/modoviajeok.com.ar\/\",\"name\":\"ModoViajeOK\",\"description\":\"\",\"publisher\":{\"@id\":\"https:\/\/modoviajeok.com.ar\/#organization\"},\"potentialAction\":[{\"@type\":\"SearchAction\",\"target\":{\"@type\":\"EntryPoint\",\"urlTemplate\":\"https:\/\/modoviajeok.com.ar\/?s={search_term_string}\"},\"query-input\":{\"@type\":\"PropertyValueSpecification\",\"valueRequired\":true,\"valueName\":\"search_term_string\"}}],\"inLanguage\":\"es\"},{\"@type\":\"Organization\",\"@id\":\"https:\/\/modoviajeok.com.ar\/#organization\",\"name\":\"ModoViajeOK\",\"url\":\"https:\/\/modoviajeok.com.ar\/\",\"logo\":{\"@type\":\"ImageObject\",\"inLanguage\":\"es\",\"@id\":\"https:\/\/modoviajeok.com.ar\/#\/schema\/logo\/image\/\",\"url\":\"https:\/\/modoviajeok.com.ar\/wp-content\/uploads\/2025\/01\/Logo-modoviajeok.png\",\"contentUrl\":\"https:\/\/modoviajeok.com.ar\/wp-content\/uploads\/2025\/01\/Logo-modoviajeok.png\",\"width\":2938,\"height\":2276,\"caption\":\"ModoViajeOK\"},\"image\":{\"@id\":\"https:\/\/modoviajeok.com.ar\/#\/schema\/logo\/image\/\"},\"sameAs\":[\"https:\/\/www.facebook.com\/mariana.otero1\/\",\"https:\/\/www.instagram.com\/modoviaje.ok\/\"]},{\"@type\":\"Person\",\"@id\":\"https:\/\/modoviajeok.com.ar\/#\/schema\/person\/1187013488537969db5b1320484d24f4\",\"name\":\"Mariana Otero\",\"image\":{\"@type\":\"ImageObject\",\"inLanguage\":\"es\",\"@id\":\"https:\/\/modoviajeok.com.ar\/#\/schema\/person\/image\/\",\"url\":\"https:\/\/secure.gravatar.com\/avatar\/8a91a502a9336849a3500b9090c431bc1418f1d1263d893afeddba065f5add82?s=96&d=mm&r=g\",\"contentUrl\":\"https:\/\/secure.gravatar.com\/avatar\/8a91a502a9336849a3500b9090c431bc1418f1d1263d893afeddba065f5add82?s=96&d=mm&r=g\",\"caption\":\"Mariana Otero\"},\"url\":\"https:\/\/modoviajeok.com.ar\/index.php\/author\/mariana2025\/\"}]}<\/script>\n<!-- \/ Yoast SEO plugin. -->","yoast_head_json":{"title":"Caba\u00f1as Armon\u00edas del R\u00edo en Santa M\u00f3nica: el placer de reconectar -","description":"En el Valle de Calamuchita, Caba\u00f1as Armon\u00edas del R\u00edo es una propuesta para la desintoxicaci\u00f3n digital. En Santa M\u00f3nica.","robots":{"index":"index","follow":"follow","max-snippet":"max-snippet:-1","max-image-preview":"max-image-preview:large","max-video-preview":"max-video-preview:-1"},"canonical":"https:\/\/modoviajeok.com.ar\/index.php\/2025\/04\/21\/cabanas-armonias-del-rio-invita-al-reseteo-digital-y-a-la-reconexion-con-la-naturaleza\/","og_locale":"es_ES","og_type":"article","og_title":"Caba\u00f1as Armon\u00edas del R\u00edo en Santa M\u00f3nica: el placer de reconectar -","og_description":"En el Valle de Calamuchita, Caba\u00f1as Armon\u00edas del R\u00edo es una propuesta para la desintoxicaci\u00f3n digital. En Santa M\u00f3nica.","og_url":"https:\/\/modoviajeok.com.ar\/index.php\/2025\/04\/21\/cabanas-armonias-del-rio-invita-al-reseteo-digital-y-a-la-reconexion-con-la-naturaleza\/","article_publisher":"https:\/\/www.facebook.com\/mariana.otero1\/","article_published_time":"2025-04-21T19:02:45+00:00","og_image":[{"width":1440,"height":2560,"url":"https:\/\/modoviajeok.com.ar\/wp-content\/uploads\/2025\/04\/WhatsApp-Image-2025-04-14-at-12.12.46-2-scaled.jpeg","type":"image\/jpeg"}],"author":"Mariana Otero","twitter_card":"summary_large_image","twitter_misc":{"Escrito por":"Mariana Otero","Tiempo de lectura":"5 minutos"},"schema":{"@context":"https:\/\/schema.org","@graph":[{"@type":"Article","@id":"https:\/\/modoviajeok.com.ar\/index.php\/2025\/04\/21\/cabanas-armonias-del-rio-invita-al-reseteo-digital-y-a-la-reconexion-con-la-naturaleza\/#article","isPartOf":{"@id":"https:\/\/modoviajeok.com.ar\/index.php\/2025\/04\/21\/cabanas-armonias-del-rio-invita-al-reseteo-digital-y-a-la-reconexion-con-la-naturaleza\/"},"author":{"name":"Mariana Otero","@id":"https:\/\/modoviajeok.com.ar\/#\/schema\/person\/1187013488537969db5b1320484d24f4"},"headline":"Caba\u00f1as Armon\u00edas del R\u00edo en Santa M\u00f3nica: el placer de reconectar","datePublished":"2025-04-21T19:02:45+00:00","mainEntityOfPage":{"@id":"https:\/\/modoviajeok.com.ar\/index.php\/2025\/04\/21\/cabanas-armonias-del-rio-invita-al-reseteo-digital-y-a-la-reconexion-con-la-naturaleza\/"},"wordCount":795,"commentCount":0,"publisher":{"@id":"https:\/\/modoviajeok.com.ar\/#organization"},"image":{"@id":"https:\/\/modoviajeok.com.ar\/index.php\/2025\/04\/21\/cabanas-armonias-del-rio-invita-al-reseteo-digital-y-a-la-reconexion-con-la-naturaleza\/#primaryimage"},"thumbnailUrl":"https:\/\/modoviajeok.com.ar\/wp-content\/uploads\/2025\/04\/WhatsApp-Image-2025-04-14-at-12.12.46-2-scaled.jpeg","keywords":["caba\u00f1as","c\u00f3rdoba","desconexi\u00f3n","naturaleza","reseteo digital","r\u00edo","santa m\u00f3nica","sierras"],"articleSection":["C\u00f3rdoba","Destacadas","Recomendaciones"],"inLanguage":"es","potentialAction":[{"@type":"CommentAction","name":"Comment","target":["https:\/\/modoviajeok.com.ar\/index.php\/2025\/04\/21\/cabanas-armonias-del-rio-invita-al-reseteo-digital-y-a-la-reconexion-con-la-naturaleza\/#respond"]}]},{"@type":"WebPage","@id":"https:\/\/modoviajeok.com.ar\/index.php\/2025\/04\/21\/cabanas-armonias-del-rio-invita-al-reseteo-digital-y-a-la-reconexion-con-la-naturaleza\/","url":"https:\/\/modoviajeok.com.ar\/index.php\/2025\/04\/21\/cabanas-armonias-del-rio-invita-al-reseteo-digital-y-a-la-reconexion-con-la-naturaleza\/","name":"Caba\u00f1as Armon\u00edas del R\u00edo en Santa M\u00f3nica: el placer de reconectar -","isPartOf":{"@id":"https:\/\/modoviajeok.com.ar\/#website"},"primaryImageOfPage":{"@id":"https:\/\/modoviajeok.com.ar\/index.php\/2025\/04\/21\/cabanas-armonias-del-rio-invita-al-reseteo-digital-y-a-la-reconexion-con-la-naturaleza\/#primaryimage"},"image":{"@id":"https:\/\/modoviajeok.com.ar\/index.php\/2025\/04\/21\/cabanas-armonias-del-rio-invita-al-reseteo-digital-y-a-la-reconexion-con-la-naturaleza\/#primaryimage"},"thumbnailUrl":"https:\/\/modoviajeok.com.ar\/wp-content\/uploads\/2025\/04\/WhatsApp-Image-2025-04-14-at-12.12.46-2-scaled.jpeg","datePublished":"2025-04-21T19:02:45+00:00","description":"En el Valle de Calamuchita, Caba\u00f1as Armon\u00edas del R\u00edo es una propuesta para la desintoxicaci\u00f3n digital. En Santa M\u00f3nica.","breadcrumb":{"@id":"https:\/\/modoviajeok.com.ar\/index.php\/2025\/04\/21\/cabanas-armonias-del-rio-invita-al-reseteo-digital-y-a-la-reconexion-con-la-naturaleza\/#breadcrumb"},"inLanguage":"es","potentialAction":[{"@type":"ReadAction","target":["https:\/\/modoviajeok.com.ar\/index.php\/2025\/04\/21\/cabanas-armonias-del-rio-invita-al-reseteo-digital-y-a-la-reconexion-con-la-naturaleza\/"]}]},{"@type":"ImageObject","inLanguage":"es","@id":"https:\/\/modoviajeok.com.ar\/index.php\/2025\/04\/21\/cabanas-armonias-del-rio-invita-al-reseteo-digital-y-a-la-reconexion-con-la-naturaleza\/#primaryimage","url":"https:\/\/modoviajeok.com.ar\/wp-content\/uploads\/2025\/04\/WhatsApp-Image-2025-04-14-at-12.12.46-2-scaled.jpeg","contentUrl":"https:\/\/modoviajeok.com.ar\/wp-content\/uploads\/2025\/04\/WhatsApp-Image-2025-04-14-at-12.12.46-2-scaled.jpeg","width":1440,"height":2560},{"@type":"BreadcrumbList","@id":"https:\/\/modoviajeok.com.ar\/index.php\/2025\/04\/21\/cabanas-armonias-del-rio-invita-al-reseteo-digital-y-a-la-reconexion-con-la-naturaleza\/#breadcrumb","itemListElement":[{"@type":"ListItem","position":1,"name":"Portada","item":"https:\/\/modoviajeok.com.ar\/"},{"@type":"ListItem","position":2,"name":"Caba\u00f1as Armon\u00edas del R\u00edo en Santa M\u00f3nica: el placer de reconectar"}]},{"@type":"WebSite","@id":"https:\/\/modoviajeok.com.ar\/#website","url":"https:\/\/modoviajeok.com.ar\/","name":"ModoViajeOK","description":"","publisher":{"@id":"https:\/\/modoviajeok.com.ar\/#organization"},"potentialAction":[{"@type":"SearchAction","target":{"@type":"EntryPoint","urlTemplate":"https:\/\/modoviajeok.com.ar\/?s={search_term_string}"},"query-input":{"@type":"PropertyValueSpecification","valueRequired":true,"valueName":"search_term_string"}}],"inLanguage":"es"},{"@type":"Organization","@id":"https:\/\/modoviajeok.com.ar\/#organization","name":"ModoViajeOK","url":"https:\/\/modoviajeok.com.ar\/","logo":{"@type":"ImageObject","inLanguage":"es","@id":"https:\/\/modoviajeok.com.ar\/#\/schema\/logo\/image\/","url":"https:\/\/modoviajeok.com.ar\/wp-content\/uploads\/2025\/01\/Logo-modoviajeok.png","contentUrl":"https:\/\/modoviajeok.com.ar\/wp-content\/uploads\/2025\/01\/Logo-modoviajeok.png","width":2938,"height":2276,"caption":"ModoViajeOK"},"image":{"@id":"https:\/\/modoviajeok.com.ar\/#\/schema\/logo\/image\/"},"sameAs":["https:\/\/www.facebook.com\/mariana.otero1\/","https:\/\/www.instagram.com\/modoviaje.ok\/"]},{"@type":"Person","@id":"https:\/\/modoviajeok.com.ar\/#\/schema\/person\/1187013488537969db5b1320484d24f4","name":"Mariana Otero","image":{"@type":"ImageObject","inLanguage":"es","@id":"https:\/\/modoviajeok.com.ar\/#\/schema\/person\/image\/","url":"https:\/\/secure.gravatar.com\/avatar\/8a91a502a9336849a3500b9090c431bc1418f1d1263d893afeddba065f5add82?s=96&d=mm&r=g","contentUrl":"https:\/\/secure.gravatar.com\/avatar\/8a91a502a9336849a3500b9090c431bc1418f1d1263d893afeddba065f5add82?s=96&d=mm&r=g","caption":"Mariana Otero"},"url":"https:\/\/modoviajeok.com.ar\/index.php\/author\/mariana2025\/"}]}},"_links":{"self":[{"href":"https:\/\/modoviajeok.com.ar\/index.php\/wp-json\/wp\/v2\/posts\/3420","targetHints":{"allow":["GET"]}}],"collection":[{"href":"https:\/\/modoviajeok.com.ar\/index.php\/wp-json\/wp\/v2\/posts"}],"about":[{"href":"https:\/\/modoviajeok.com.ar\/index.php\/wp-json\/wp\/v2\/types\/post"}],"author":[{"embeddable":true,"href":"https:\/\/modoviajeok.com.ar\/index.php\/wp-json\/wp\/v2\/users\/2"}],"replies":[{"embeddable":true,"href":"https:\/\/modoviajeok.com.ar\/index.php\/wp-json\/wp\/v2\/comments?post=3420"}],"version-history":[{"count":4,"href":"https:\/\/modoviajeok.com.ar\/index.php\/wp-json\/wp\/v2\/posts\/3420\/revisions"}],"predecessor-version":[{"id":3433,"href":"https:\/\/modoviajeok.com.ar\/index.php\/wp-json\/wp\/v2\/posts\/3420\/revisions\/3433"}],"wp:featuredmedia":[{"embeddable":true,"href":"https:\/\/modoviajeok.com.ar\/index.php\/wp-json\/wp\/v2\/media\/3424"}],"wp:attachment":[{"href":"https:\/\/modoviajeok.com.ar\/index.php\/wp-json\/wp\/v2\/media?parent=3420"}],"wp:term":[{"taxonomy":"category","embeddable":true,"href":"https:\/\/modoviajeok.com.ar\/index.php\/wp-json\/wp\/v2\/categories?post=3420"},{"taxonomy":"post_tag","embeddable":true,"href":"https:\/\/modoviajeok.com.ar\/index.php\/wp-json\/wp\/v2\/tags?post=3420"}],"curies":[{"name":"wp","href":"https:\/\/api.w.org\/{rel}","templated":true}]}}