{"id":3457,"date":"2025-04-14T18:17:29","date_gmt":"2025-04-14T21:17:29","guid":{"rendered":"https:\/\/modoviajeok.com.ar\/?p=3457"},"modified":"2025-04-14T18:21:45","modified_gmt":"2025-04-14T21:21:45","slug":"ya-opera-el-primer-vuelo-directo-que-conecta-cordoba-con-recife","status":"publish","type":"post","link":"https:\/\/modoviajeok.com.ar\/index.php\/2025\/04\/14\/ya-opera-el-primer-vuelo-directo-que-conecta-cordoba-con-recife\/","title":{"rendered":"Ya opera el primer vuelo directo que conecta C\u00f3rdoba con Recife"},"content":{"rendered":"\n<p><\/p>\n\n\n\n<figure class=\"wp-block-pullquote\"><blockquote><p>La nueva ruta es operada por la compa\u00f1\u00eda brasile\u00f1a Gol y tendr\u00e1 una frecuencia semanal. Saldr\u00e1 desde C\u00f3rdoba los domingos. <\/p><\/blockquote><\/figure>\n\n\n\n<p>El s\u00e1bado pasado aterriz\u00f3 en el Aeropuerto Internacional Ingeniero Ambrosio Taravella el primer vuelo directo que conecta C\u00f3rdoba con Recife, Brasil, inaugurando as\u00ed una nueva ruta internacional operada por GOL Linhas A\u00e9reas. Con esta incorporaci\u00f3n, la provincia ampl\u00eda su conectividad y consolida su posicionamiento como hub a\u00e9reo del interior del pa\u00eds.<\/p>\n\n\n\n<p>La ruta, que tendr\u00e1 una frecuencia semanal de ida y vuelta, representa una apuesta estrat\u00e9gica para potenciar el flujo tur\u00edstico, comercial y el transporte de carga entre la regi\u00f3n Nordeste de Brasil y el centro de Argentina.<\/p>\n\n\n\n<figure class=\"wp-block-image size-full\"><img loading=\"lazy\" decoding=\"async\" width=\"1536\" height=\"864\" src=\"https:\/\/modoviajeok.com.ar\/wp-content\/uploads\/2025\/04\/WhatsApp-Image-2025-04-14-at-11.56.34-AM-1536x864-1.jpeg\" alt=\"\" class=\"wp-image-3458\" srcset=\"https:\/\/modoviajeok.com.ar\/wp-content\/uploads\/2025\/04\/WhatsApp-Image-2025-04-14-at-11.56.34-AM-1536x864-1.jpeg 1536w, https:\/\/modoviajeok.com.ar\/wp-content\/uploads\/2025\/04\/WhatsApp-Image-2025-04-14-at-11.56.34-AM-1536x864-1-768x432.jpeg 768w, https:\/\/modoviajeok.com.ar\/wp-content\/uploads\/2025\/04\/WhatsApp-Image-2025-04-14-at-11.56.34-AM-1536x864-1-747x420.jpeg 747w, https:\/\/modoviajeok.com.ar\/wp-content\/uploads\/2025\/04\/WhatsApp-Image-2025-04-14-at-11.56.34-AM-1536x864-1-150x84.jpeg 150w, https:\/\/modoviajeok.com.ar\/wp-content\/uploads\/2025\/04\/WhatsApp-Image-2025-04-14-at-11.56.34-AM-1536x864-1-300x169.jpeg 300w, https:\/\/modoviajeok.com.ar\/wp-content\/uploads\/2025\/04\/WhatsApp-Image-2025-04-14-at-11.56.34-AM-1536x864-1-696x392.jpeg 696w, https:\/\/modoviajeok.com.ar\/wp-content\/uploads\/2025\/04\/WhatsApp-Image-2025-04-14-at-11.56.34-AM-1536x864-1-1068x601.jpeg 1068w\" sizes=\"auto, (max-width: 1536px) 100vw, 1536px\" \/><\/figure>\n\n\n\n<p>El presidente de la Agencia C\u00f3rdoba Turismo, Dar\u00edo Capitani, celebr\u00f3 esta nueva conexi\u00f3n y expres\u00f3:&nbsp;\u201cEsta ruta refuerza la posici\u00f3n de C\u00f3rdoba como un hub a\u00e9reo estrat\u00e9gico en Argentina y consolida nuestros lazos con Brasil, uno de nuestros mercados prioritarios. La conectividad a\u00e9rea es fundamental para seguir impulsando el turismo receptivo y adem\u00e1s consolidar relaciones comerciales. Trabajamos en conjunto con aerol\u00edneas, operadores y organismos del sector para seguir ampliando las oportunidades de conexi\u00f3n y fortalecer la oferta tur\u00edstica de nuestra provincia\u201d.<\/p>\n\n\n\n<p>El nuevo trayecto, operado con aeronaves Boeing 737 con capacidad para 176 pasajeros, partir\u00e1 desde Recife cada s\u00e1bado a las 18:15, arribando a C\u00f3rdoba a las 00:05 del domingo. En sentido inverso, el vuelo despegar\u00e1 desde C\u00f3rdoba los domingos a las 00:55, llegando a Recife a las 06:10 (horarios locales).<\/p>\n\n\n\n<p>Este nuevo corredor a\u00e9reo se suma a las conexiones ya existentes entre C\u00f3rdoba y Brasil, ampliando significativamente la conectividad con uno de los mercados emisores m\u00e1s importantes para el turismo cordob\u00e9s.<\/p>\n\n\n      <div class=\"wp_bannerize_container wp_bannerize_layout_vertical\">\n\n        <div class=\"wp_bannerize_banner_box wp_bannerize_category_intertexto-1\" data-title=\"Modo viaje\" data-mime_type=\"image-gif\" data-banner_id=\"1783\" id=\"wpbanner-1783\" data-impressions_enabled=\"true\" data-clicks_enabled=\"true\"><a href=\"https:\/\/www.instagram.com\/modoviaje.ok?igsh=Z3c5emxsZWFtdXN3\"><img decoding=\"async\" border=\"0\" src=\"https:\/\/modoviajeok.com.ar\/wp-content\/uploads\/2025\/02\/modoviaje.ok-300-x-250-px.gif\" alt=\"Modo viaje\" title=\"Modo viaje\" \/><\/a><\/div>      <\/div>\n\n\n","protected":false},"excerpt":{"rendered":"<p>La nueva ruta es operada por la compa\u00f1\u00eda brasile\u00f1a Gol y tendr\u00e1 una frecuencia semanal. Saldr\u00e1 desde C\u00f3rdoba los domingos. El s\u00e1bado pasado aterriz\u00f3 en el Aeropuerto Internacional Ingeniero Ambrosio Taravella el primer vuelo directo que conecta C\u00f3rdoba con Recife, Brasil, inaugurando as\u00ed una nueva ruta internacional operada por GOL Linhas A\u00e9reas. Con esta incorporaci\u00f3n, [&hellip;]<\/p>\n","protected":false},"author":3,"featured_media":3459,"comment_status":"open","ping_status":"open","sticky":false,"template":"","format":"standard","meta":{"_acf_changed":false,"footnotes":""},"categories":[11,10],"tags":[345,400,471],"class_list":{"0":"post-3457","1":"post","2":"type-post","3":"status-publish","4":"format-standard","5":"has-post-thumbnail","7":"category-cordoba","8":"category-noticias","9":"tag-agencia-cordoba-turismo-2","10":"tag-gol-lineas-aereas","11":"tag-recife"},"acf":[],"yoast_head":"<!-- This site is optimized with the Yoast SEO plugin v24.8.1 - https:\/\/yoast.com\/wordpress\/plugins\/seo\/ -->\n<title>Ya opera el primer vuelo directo que conecta C\u00f3rdoba con Recife -<\/title>\n<meta name=\"robots\" content=\"index, follow, max-snippet:-1, max-image-preview:large, max-video-preview:-1\" \/>\n<link rel=\"canonical\" href=\"https:\/\/modoviajeok.com.ar\/index.php\/2025\/04\/14\/ya-opera-el-primer-vuelo-directo-que-conecta-cordoba-con-recife\/\" \/>\n<meta property=\"og:locale\" content=\"es_ES\" \/>\n<meta property=\"og:type\" content=\"article\" \/>\n<meta property=\"og:title\" content=\"Ya opera el primer vuelo directo que conecta C\u00f3rdoba con Recife -\" \/>\n<meta property=\"og:description\" content=\"La nueva ruta es operada por la compa\u00f1\u00eda brasile\u00f1a Gol y tendr\u00e1 una frecuencia semanal. Saldr\u00e1 desde C\u00f3rdoba los domingos. El s\u00e1bado pasado aterriz\u00f3 en el Aeropuerto Internacional Ingeniero Ambrosio Taravella el primer vuelo directo que conecta C\u00f3rdoba con Recife, Brasil, inaugurando as\u00ed una nueva ruta internacional operada por GOL Linhas A\u00e9reas. Con esta incorporaci\u00f3n, [&hellip;]\" \/>\n<meta property=\"og:url\" content=\"https:\/\/modoviajeok.com.ar\/index.php\/2025\/04\/14\/ya-opera-el-primer-vuelo-directo-que-conecta-cordoba-con-recife\/\" \/>\n<meta property=\"article:publisher\" content=\"https:\/\/www.facebook.com\/mariana.otero1\/\" \/>\n<meta property=\"article:published_time\" content=\"2025-04-14T21:17:29+00:00\" \/>\n<meta property=\"article:modified_time\" content=\"2025-04-14T21:21:45+00:00\" \/>\n<meta property=\"og:image\" content=\"https:\/\/modoviajeok.com.ar\/wp-content\/uploads\/2025\/04\/WhatsApp-Image-2025-04-14-at-11.56.33-AM-768x432-1.jpeg\" \/>\n\t<meta property=\"og:image:width\" content=\"768\" \/>\n\t<meta property=\"og:image:height\" content=\"432\" \/>\n\t<meta property=\"og:image:type\" content=\"image\/jpeg\" \/>\n<meta name=\"author\" content=\"Pepe Segura\" \/>\n<meta name=\"twitter:card\" content=\"summary_large_image\" \/>\n<meta name=\"twitter:label1\" content=\"Escrito por\" \/>\n\t<meta name=\"twitter:data1\" content=\"Pepe Segura\" \/>\n\t<meta name=\"twitter:label2\" content=\"Tiempo de lectura\" \/>\n\t<meta name=\"twitter:data2\" content=\"2 minutos\" \/>\n<script type=\"application\/ld+json\" class=\"yoast-schema-graph\">{\"@context\":\"https:\/\/schema.org\",\"@graph\":[{\"@type\":\"Article\",\"@id\":\"https:\/\/modoviajeok.com.ar\/index.php\/2025\/04\/14\/ya-opera-el-primer-vuelo-directo-que-conecta-cordoba-con-recife\/#article\",\"isPartOf\":{\"@id\":\"https:\/\/modoviajeok.com.ar\/index.php\/2025\/04\/14\/ya-opera-el-primer-vuelo-directo-que-conecta-cordoba-con-recife\/\"},\"author\":{\"name\":\"Pepe Segura\",\"@id\":\"https:\/\/modoviajeok.com.ar\/#\/schema\/person\/2e299ed0d3d412a01d244fe28260d7f5\"},\"headline\":\"Ya opera el primer vuelo directo que conecta C\u00f3rdoba con Recife\",\"datePublished\":\"2025-04-14T21:17:29+00:00\",\"dateModified\":\"2025-04-14T21:21:45+00:00\",\"mainEntityOfPage\":{\"@id\":\"https:\/\/modoviajeok.com.ar\/index.php\/2025\/04\/14\/ya-opera-el-primer-vuelo-directo-que-conecta-cordoba-con-recife\/\"},\"wordCount\":316,\"commentCount\":0,\"publisher\":{\"@id\":\"https:\/\/modoviajeok.com.ar\/#organization\"},\"image\":{\"@id\":\"https:\/\/modoviajeok.com.ar\/index.php\/2025\/04\/14\/ya-opera-el-primer-vuelo-directo-que-conecta-cordoba-con-recife\/#primaryimage\"},\"thumbnailUrl\":\"https:\/\/modoviajeok.com.ar\/wp-content\/uploads\/2025\/04\/WhatsApp-Image-2025-04-14-at-11.56.33-AM-768x432-1.jpeg\",\"keywords\":[\"agencia cordoba turismo\",\"gol lineas aereas\",\"recife\"],\"articleSection\":[\"C\u00f3rdoba\",\"Noticias\"],\"inLanguage\":\"es\",\"potentialAction\":[{\"@type\":\"CommentAction\",\"name\":\"Comment\",\"target\":[\"https:\/\/modoviajeok.com.ar\/index.php\/2025\/04\/14\/ya-opera-el-primer-vuelo-directo-que-conecta-cordoba-con-recife\/#respond\"]}]},{\"@type\":\"WebPage\",\"@id\":\"https:\/\/modoviajeok.com.ar\/index.php\/2025\/04\/14\/ya-opera-el-primer-vuelo-directo-que-conecta-cordoba-con-recife\/\",\"url\":\"https:\/\/modoviajeok.com.ar\/index.php\/2025\/04\/14\/ya-opera-el-primer-vuelo-directo-que-conecta-cordoba-con-recife\/\",\"name\":\"Ya opera el primer vuelo directo que conecta C\u00f3rdoba con Recife -\",\"isPartOf\":{\"@id\":\"https:\/\/modoviajeok.com.ar\/#website\"},\"primaryImageOfPage\":{\"@id\":\"https:\/\/modoviajeok.com.ar\/index.php\/2025\/04\/14\/ya-opera-el-primer-vuelo-directo-que-conecta-cordoba-con-recife\/#primaryimage\"},\"image\":{\"@id\":\"https:\/\/modoviajeok.com.ar\/index.php\/2025\/04\/14\/ya-opera-el-primer-vuelo-directo-que-conecta-cordoba-con-recife\/#primaryimage\"},\"thumbnailUrl\":\"https:\/\/modoviajeok.com.ar\/wp-content\/uploads\/2025\/04\/WhatsApp-Image-2025-04-14-at-11.56.33-AM-768x432-1.jpeg\",\"datePublished\":\"2025-04-14T21:17:29+00:00\",\"dateModified\":\"2025-04-14T21:21:45+00:00\",\"breadcrumb\":{\"@id\":\"https:\/\/modoviajeok.com.ar\/index.php\/2025\/04\/14\/ya-opera-el-primer-vuelo-directo-que-conecta-cordoba-con-recife\/#breadcrumb\"},\"inLanguage\":\"es\",\"potentialAction\":[{\"@type\":\"ReadAction\",\"target\":[\"https:\/\/modoviajeok.com.ar\/index.php\/2025\/04\/14\/ya-opera-el-primer-vuelo-directo-que-conecta-cordoba-con-recife\/\"]}]},{\"@type\":\"ImageObject\",\"inLanguage\":\"es\",\"@id\":\"https:\/\/modoviajeok.com.ar\/index.php\/2025\/04\/14\/ya-opera-el-primer-vuelo-directo-que-conecta-cordoba-con-recife\/#primaryimage\",\"url\":\"https:\/\/modoviajeok.com.ar\/wp-content\/uploads\/2025\/04\/WhatsApp-Image-2025-04-14-at-11.56.33-AM-768x432-1.jpeg\",\"contentUrl\":\"https:\/\/modoviajeok.com.ar\/wp-content\/uploads\/2025\/04\/WhatsApp-Image-2025-04-14-at-11.56.33-AM-768x432-1.jpeg\",\"width\":768,\"height\":432},{\"@type\":\"BreadcrumbList\",\"@id\":\"https:\/\/modoviajeok.com.ar\/index.php\/2025\/04\/14\/ya-opera-el-primer-vuelo-directo-que-conecta-cordoba-con-recife\/#breadcrumb\",\"itemListElement\":[{\"@type\":\"ListItem\",\"position\":1,\"name\":\"Portada\",\"item\":\"https:\/\/modoviajeok.com.ar\/\"},{\"@type\":\"ListItem\",\"position\":2,\"name\":\"Ya opera el primer vuelo directo que conecta C\u00f3rdoba con Recife\"}]},{\"@type\":\"WebSite\",\"@id\":\"https:\/\/modoviajeok.com.ar\/#website\",\"url\":\"https:\/\/modoviajeok.com.ar\/\",\"name\":\"ModoViajeOK\",\"description\":\"\",\"publisher\":{\"@id\":\"https:\/\/modoviajeok.com.ar\/#organization\"},\"potentialAction\":[{\"@type\":\"SearchAction\",\"target\":{\"@type\":\"EntryPoint\",\"urlTemplate\":\"https:\/\/modoviajeok.com.ar\/?s={search_term_string}\"},\"query-input\":{\"@type\":\"PropertyValueSpecification\",\"valueRequired\":true,\"valueName\":\"search_term_string\"}}],\"inLanguage\":\"es\"},{\"@type\":\"Organization\",\"@id\":\"https:\/\/modoviajeok.com.ar\/#organization\",\"name\":\"ModoViajeOK\",\"url\":\"https:\/\/modoviajeok.com.ar\/\",\"logo\":{\"@type\":\"ImageObject\",\"inLanguage\":\"es\",\"@id\":\"https:\/\/modoviajeok.com.ar\/#\/schema\/logo\/image\/\",\"url\":\"https:\/\/modoviajeok.com.ar\/wp-content\/uploads\/2025\/01\/Logo-modoviajeok.png\",\"contentUrl\":\"https:\/\/modoviajeok.com.ar\/wp-content\/uploads\/2025\/01\/Logo-modoviajeok.png\",\"width\":2938,\"height\":2276,\"caption\":\"ModoViajeOK\"},\"image\":{\"@id\":\"https:\/\/modoviajeok.com.ar\/#\/schema\/logo\/image\/\"},\"sameAs\":[\"https:\/\/www.facebook.com\/mariana.otero1\/\",\"https:\/\/www.instagram.com\/modoviaje.ok\/\"]},{\"@type\":\"Person\",\"@id\":\"https:\/\/modoviajeok.com.ar\/#\/schema\/person\/2e299ed0d3d412a01d244fe28260d7f5\",\"name\":\"Pepe Segura\",\"image\":{\"@type\":\"ImageObject\",\"inLanguage\":\"es\",\"@id\":\"https:\/\/modoviajeok.com.ar\/#\/schema\/person\/image\/\",\"url\":\"https:\/\/secure.gravatar.com\/avatar\/65eb4b34deed761327f5b2c5535b987318ae807900ac46426de7258f5de6d345?s=96&d=mm&r=g\",\"contentUrl\":\"https:\/\/secure.gravatar.com\/avatar\/65eb4b34deed761327f5b2c5535b987318ae807900ac46426de7258f5de6d345?s=96&d=mm&r=g\",\"caption\":\"Pepe Segura\"},\"url\":\"https:\/\/modoviajeok.com.ar\/index.php\/author\/pepe2025\/\"}]}<\/script>\n<!-- \/ Yoast SEO plugin. -->","yoast_head_json":{"title":"Ya opera el primer vuelo directo que conecta C\u00f3rdoba con Recife -","robots":{"index":"index","follow":"follow","max-snippet":"max-snippet:-1","max-image-preview":"max-image-preview:large","max-video-preview":"max-video-preview:-1"},"canonical":"https:\/\/modoviajeok.com.ar\/index.php\/2025\/04\/14\/ya-opera-el-primer-vuelo-directo-que-conecta-cordoba-con-recife\/","og_locale":"es_ES","og_type":"article","og_title":"Ya opera el primer vuelo directo que conecta C\u00f3rdoba con Recife -","og_description":"La nueva ruta es operada por la compa\u00f1\u00eda brasile\u00f1a Gol y tendr\u00e1 una frecuencia semanal. Saldr\u00e1 desde C\u00f3rdoba los domingos. El s\u00e1bado pasado aterriz\u00f3 en el Aeropuerto Internacional Ingeniero Ambrosio Taravella el primer vuelo directo que conecta C\u00f3rdoba con Recife, Brasil, inaugurando as\u00ed una nueva ruta internacional operada por GOL Linhas A\u00e9reas. Con esta incorporaci\u00f3n, [&hellip;]","og_url":"https:\/\/modoviajeok.com.ar\/index.php\/2025\/04\/14\/ya-opera-el-primer-vuelo-directo-que-conecta-cordoba-con-recife\/","article_publisher":"https:\/\/www.facebook.com\/mariana.otero1\/","article_published_time":"2025-04-14T21:17:29+00:00","article_modified_time":"2025-04-14T21:21:45+00:00","og_image":[{"width":768,"height":432,"url":"https:\/\/modoviajeok.com.ar\/wp-content\/uploads\/2025\/04\/WhatsApp-Image-2025-04-14-at-11.56.33-AM-768x432-1.jpeg","type":"image\/jpeg"}],"author":"Pepe Segura","twitter_card":"summary_large_image","twitter_misc":{"Escrito por":"Pepe Segura","Tiempo de lectura":"2 minutos"},"schema":{"@context":"https:\/\/schema.org","@graph":[{"@type":"Article","@id":"https:\/\/modoviajeok.com.ar\/index.php\/2025\/04\/14\/ya-opera-el-primer-vuelo-directo-que-conecta-cordoba-con-recife\/#article","isPartOf":{"@id":"https:\/\/modoviajeok.com.ar\/index.php\/2025\/04\/14\/ya-opera-el-primer-vuelo-directo-que-conecta-cordoba-con-recife\/"},"author":{"name":"Pepe Segura","@id":"https:\/\/modoviajeok.com.ar\/#\/schema\/person\/2e299ed0d3d412a01d244fe28260d7f5"},"headline":"Ya opera el primer vuelo directo que conecta C\u00f3rdoba con Recife","datePublished":"2025-04-14T21:17:29+00:00","dateModified":"2025-04-14T21:21:45+00:00","mainEntityOfPage":{"@id":"https:\/\/modoviajeok.com.ar\/index.php\/2025\/04\/14\/ya-opera-el-primer-vuelo-directo-que-conecta-cordoba-con-recife\/"},"wordCount":316,"commentCount":0,"publisher":{"@id":"https:\/\/modoviajeok.com.ar\/#organization"},"image":{"@id":"https:\/\/modoviajeok.com.ar\/index.php\/2025\/04\/14\/ya-opera-el-primer-vuelo-directo-que-conecta-cordoba-con-recife\/#primaryimage"},"thumbnailUrl":"https:\/\/modoviajeok.com.ar\/wp-content\/uploads\/2025\/04\/WhatsApp-Image-2025-04-14-at-11.56.33-AM-768x432-1.jpeg","keywords":["agencia cordoba turismo","gol lineas aereas","recife"],"articleSection":["C\u00f3rdoba","Noticias"],"inLanguage":"es","potentialAction":[{"@type":"CommentAction","name":"Comment","target":["https:\/\/modoviajeok.com.ar\/index.php\/2025\/04\/14\/ya-opera-el-primer-vuelo-directo-que-conecta-cordoba-con-recife\/#respond"]}]},{"@type":"WebPage","@id":"https:\/\/modoviajeok.com.ar\/index.php\/2025\/04\/14\/ya-opera-el-primer-vuelo-directo-que-conecta-cordoba-con-recife\/","url":"https:\/\/modoviajeok.com.ar\/index.php\/2025\/04\/14\/ya-opera-el-primer-vuelo-directo-que-conecta-cordoba-con-recife\/","name":"Ya opera el primer vuelo directo que conecta C\u00f3rdoba con Recife -","isPartOf":{"@id":"https:\/\/modoviajeok.com.ar\/#website"},"primaryImageOfPage":{"@id":"https:\/\/modoviajeok.com.ar\/index.php\/2025\/04\/14\/ya-opera-el-primer-vuelo-directo-que-conecta-cordoba-con-recife\/#primaryimage"},"image":{"@id":"https:\/\/modoviajeok.com.ar\/index.php\/2025\/04\/14\/ya-opera-el-primer-vuelo-directo-que-conecta-cordoba-con-recife\/#primaryimage"},"thumbnailUrl":"https:\/\/modoviajeok.com.ar\/wp-content\/uploads\/2025\/04\/WhatsApp-Image-2025-04-14-at-11.56.33-AM-768x432-1.jpeg","datePublished":"2025-04-14T21:17:29+00:00","dateModified":"2025-04-14T21:21:45+00:00","breadcrumb":{"@id":"https:\/\/modoviajeok.com.ar\/index.php\/2025\/04\/14\/ya-opera-el-primer-vuelo-directo-que-conecta-cordoba-con-recife\/#breadcrumb"},"inLanguage":"es","potentialAction":[{"@type":"ReadAction","target":["https:\/\/modoviajeok.com.ar\/index.php\/2025\/04\/14\/ya-opera-el-primer-vuelo-directo-que-conecta-cordoba-con-recife\/"]}]},{"@type":"ImageObject","inLanguage":"es","@id":"https:\/\/modoviajeok.com.ar\/index.php\/2025\/04\/14\/ya-opera-el-primer-vuelo-directo-que-conecta-cordoba-con-recife\/#primaryimage","url":"https:\/\/modoviajeok.com.ar\/wp-content\/uploads\/2025\/04\/WhatsApp-Image-2025-04-14-at-11.56.33-AM-768x432-1.jpeg","contentUrl":"https:\/\/modoviajeok.com.ar\/wp-content\/uploads\/2025\/04\/WhatsApp-Image-2025-04-14-at-11.56.33-AM-768x432-1.jpeg","width":768,"height":432},{"@type":"BreadcrumbList","@id":"https:\/\/modoviajeok.com.ar\/index.php\/2025\/04\/14\/ya-opera-el-primer-vuelo-directo-que-conecta-cordoba-con-recife\/#breadcrumb","itemListElement":[{"@type":"ListItem","position":1,"name":"Portada","item":"https:\/\/modoviajeok.com.ar\/"},{"@type":"ListItem","position":2,"name":"Ya opera el primer vuelo directo que conecta C\u00f3rdoba con Recife"}]},{"@type":"WebSite","@id":"https:\/\/modoviajeok.com.ar\/#website","url":"https:\/\/modoviajeok.com.ar\/","name":"ModoViajeOK","description":"","publisher":{"@id":"https:\/\/modoviajeok.com.ar\/#organization"},"potentialAction":[{"@type":"SearchAction","target":{"@type":"EntryPoint","urlTemplate":"https:\/\/modoviajeok.com.ar\/?s={search_term_string}"},"query-input":{"@type":"PropertyValueSpecification","valueRequired":true,"valueName":"search_term_string"}}],"inLanguage":"es"},{"@type":"Organization","@id":"https:\/\/modoviajeok.com.ar\/#organization","name":"ModoViajeOK","url":"https:\/\/modoviajeok.com.ar\/","logo":{"@type":"ImageObject","inLanguage":"es","@id":"https:\/\/modoviajeok.com.ar\/#\/schema\/logo\/image\/","url":"https:\/\/modoviajeok.com.ar\/wp-content\/uploads\/2025\/01\/Logo-modoviajeok.png","contentUrl":"https:\/\/modoviajeok.com.ar\/wp-content\/uploads\/2025\/01\/Logo-modoviajeok.png","width":2938,"height":2276,"caption":"ModoViajeOK"},"image":{"@id":"https:\/\/modoviajeok.com.ar\/#\/schema\/logo\/image\/"},"sameAs":["https:\/\/www.facebook.com\/mariana.otero1\/","https:\/\/www.instagram.com\/modoviaje.ok\/"]},{"@type":"Person","@id":"https:\/\/modoviajeok.com.ar\/#\/schema\/person\/2e299ed0d3d412a01d244fe28260d7f5","name":"Pepe Segura","image":{"@type":"ImageObject","inLanguage":"es","@id":"https:\/\/modoviajeok.com.ar\/#\/schema\/person\/image\/","url":"https:\/\/secure.gravatar.com\/avatar\/65eb4b34deed761327f5b2c5535b987318ae807900ac46426de7258f5de6d345?s=96&d=mm&r=g","contentUrl":"https:\/\/secure.gravatar.com\/avatar\/65eb4b34deed761327f5b2c5535b987318ae807900ac46426de7258f5de6d345?s=96&d=mm&r=g","caption":"Pepe Segura"},"url":"https:\/\/modoviajeok.com.ar\/index.php\/author\/pepe2025\/"}]}},"_links":{"self":[{"href":"https:\/\/modoviajeok.com.ar\/index.php\/wp-json\/wp\/v2\/posts\/3457","targetHints":{"allow":["GET"]}}],"collection":[{"href":"https:\/\/modoviajeok.com.ar\/index.php\/wp-json\/wp\/v2\/posts"}],"about":[{"href":"https:\/\/modoviajeok.com.ar\/index.php\/wp-json\/wp\/v2\/types\/post"}],"author":[{"embeddable":true,"href":"https:\/\/modoviajeok.com.ar\/index.php\/wp-json\/wp\/v2\/users\/3"}],"replies":[{"embeddable":true,"href":"https:\/\/modoviajeok.com.ar\/index.php\/wp-json\/wp\/v2\/comments?post=3457"}],"version-history":[{"count":2,"href":"https:\/\/modoviajeok.com.ar\/index.php\/wp-json\/wp\/v2\/posts\/3457\/revisions"}],"predecessor-version":[{"id":3461,"href":"https:\/\/modoviajeok.com.ar\/index.php\/wp-json\/wp\/v2\/posts\/3457\/revisions\/3461"}],"wp:featuredmedia":[{"embeddable":true,"href":"https:\/\/modoviajeok.com.ar\/index.php\/wp-json\/wp\/v2\/media\/3459"}],"wp:attachment":[{"href":"https:\/\/modoviajeok.com.ar\/index.php\/wp-json\/wp\/v2\/media?parent=3457"}],"wp:term":[{"taxonomy":"category","embeddable":true,"href":"https:\/\/modoviajeok.com.ar\/index.php\/wp-json\/wp\/v2\/categories?post=3457"},{"taxonomy":"post_tag","embeddable":true,"href":"https:\/\/modoviajeok.com.ar\/index.php\/wp-json\/wp\/v2\/tags?post=3457"}],"curies":[{"name":"wp","href":"https:\/\/api.w.org\/{rel}","templated":true}]}}