{"id":3463,"date":"2025-04-24T14:27:25","date_gmt":"2025-04-24T17:27:25","guid":{"rendered":"https:\/\/modoviajeok.com.ar\/?p=3463"},"modified":"2025-04-24T14:28:50","modified_gmt":"2025-04-24T17:28:50","slug":"el-5-festival-date-el-gusto-en-el-bolson-nueva-escala-de-enbhiga-en-la-ruta-de-los-sabores","status":"publish","type":"post","link":"https:\/\/modoviajeok.com.ar\/index.php\/2025\/04\/24\/el-5-festival-date-el-gusto-en-el-bolson-nueva-escala-de-enbhiga-en-la-ruta-de-los-sabores\/","title":{"rendered":"El 5\u00b0 Festival \u201cDate El Gusto\u201d en El Bols\u00f3n, nueva escala de ENBHIGA en la ruta de los sabores"},"content":{"rendered":"\n<p><\/p>\n\n\n\n<figure class=\"wp-block-pullquote\"><blockquote><p>El evento reuni\u00f3 a una gran variedad de asistentes, entre turistas y vecinos de la localidad, productores, emprendedores, artistas, estudiantes de gastronom\u00eda y cocineros de distintos puntos de la provincia. <\/p><\/blockquote><\/figure>\n\n\n\n<p>El fin de semana pasado, la Asociaci\u00f3n Civil ENBHIGA ( Encuentro Bioce\u00e1nico Hispano Latino de Gastronom\u00eda) fue invitada a participar del 5\u00b0 Festival \u201cDate El Gusto\u201d, realizado en la ciudad rionegrina de El Bols\u00f3n en el marco de Semana Santa.<\/p>\n\n\n\n<figure class=\"wp-block-image size-full\"><img loading=\"lazy\" decoding=\"async\" width=\"2560\" height=\"1706\" src=\"https:\/\/modoviajeok.com.ar\/wp-content\/uploads\/2025\/04\/el-bolson-118-scaled.jpg\" alt=\"\" class=\"wp-image-3464\" srcset=\"https:\/\/modoviajeok.com.ar\/wp-content\/uploads\/2025\/04\/el-bolson-118-scaled.jpg 2560w, https:\/\/modoviajeok.com.ar\/wp-content\/uploads\/2025\/04\/el-bolson-118-768x512.jpg 768w, https:\/\/modoviajeok.com.ar\/wp-content\/uploads\/2025\/04\/el-bolson-118-1536x1024.jpg 1536w, https:\/\/modoviajeok.com.ar\/wp-content\/uploads\/2025\/04\/el-bolson-118-2048x1365.jpg 2048w, https:\/\/modoviajeok.com.ar\/wp-content\/uploads\/2025\/04\/el-bolson-118-630x420.jpg 630w, https:\/\/modoviajeok.com.ar\/wp-content\/uploads\/2025\/04\/el-bolson-118-150x100.jpg 150w, https:\/\/modoviajeok.com.ar\/wp-content\/uploads\/2025\/04\/el-bolson-118-300x200.jpg 300w, https:\/\/modoviajeok.com.ar\/wp-content\/uploads\/2025\/04\/el-bolson-118-696x464.jpg 696w, https:\/\/modoviajeok.com.ar\/wp-content\/uploads\/2025\/04\/el-bolson-118-1068x712.jpg 1068w, https:\/\/modoviajeok.com.ar\/wp-content\/uploads\/2025\/04\/el-bolson-118-1920x1280.jpg 1920w\" sizes=\"auto, (max-width: 2560px) 100vw, 2560px\" \/><\/figure>\n\n\n\n<p>El evento reuni\u00f3 a una gran variedad de asistentes, entre turistas y vecinos de la localidad, productores, emprendedores, artistas, estudiantes de gastronom\u00eda y cocineros de distintos puntos de la provincia. Durante las jornadas, se desarrollaron propuestas gastron\u00f3micas, culturales y de promoci\u00f3n de productos regionales.<\/p>\n\n\n\n<p>Carlos Snaimon, presidente y fundador de ENBHIGA, valor\u00f3 la invitaci\u00f3n y se\u00f1al\u00f3 que \u201cla participaci\u00f3n en este tipo de festivales permite compartir experiencias y seguir fortaleciendo los lazos con distintos actores del territorio. Fue una propuesta diversa, bien organizada y con buena respuesta del p\u00fablico\u201d, apunt\u00f3.<\/p>\n\n\n\n<p>ENBHIGA comparti\u00f3 su experiencia de trabajo en territorio, vinculada al turismo social, la gastronom\u00eda regional y los procesos comunitarios. Tambi\u00e9n se generaron intercambios con emprendedores y actores locales que fortalecen el trabajo en red.<\/p>\n\n\n\n<p><\/p>\n","protected":false},"excerpt":{"rendered":"<p>El evento reuni\u00f3 a una gran variedad de asistentes, entre turistas y vecinos de la localidad, productores, emprendedores, artistas, estudiantes de gastronom\u00eda y cocineros de distintos puntos de la provincia. El fin de semana pasado, la Asociaci\u00f3n Civil ENBHIGA ( Encuentro Bioce\u00e1nico Hispano Latino de Gastronom\u00eda) fue invitada a participar del 5\u00b0 Festival \u201cDate El [&hellip;]<\/p>\n","protected":false},"author":3,"featured_media":3466,"comment_status":"open","ping_status":"open","sticky":false,"template":"","format":"standard","meta":{"_acf_changed":false,"footnotes":""},"categories":[10],"tags":[821,298,111],"class_list":{"0":"post-3463","1":"post","2":"type-post","3":"status-publish","4":"format-standard","5":"has-post-thumbnail","7":"category-noticias","8":"tag-el-bolson","9":"tag-enbhiga","10":"tag-rio-negro"},"acf":[],"yoast_head":"<!-- This site is optimized with the Yoast SEO plugin v24.8.1 - https:\/\/yoast.com\/wordpress\/plugins\/seo\/ -->\n<title>El 5\u00b0 Festival \u201cDate El Gusto\u201d en El Bols\u00f3n, nueva escala de ENBHIGA en la ruta de los sabores -<\/title>\n<meta name=\"robots\" content=\"index, follow, max-snippet:-1, max-image-preview:large, max-video-preview:-1\" \/>\n<link rel=\"canonical\" href=\"https:\/\/modoviajeok.com.ar\/index.php\/2025\/04\/24\/el-5-festival-date-el-gusto-en-el-bolson-nueva-escala-de-enbhiga-en-la-ruta-de-los-sabores\/\" \/>\n<meta property=\"og:locale\" content=\"es_ES\" \/>\n<meta property=\"og:type\" content=\"article\" \/>\n<meta property=\"og:title\" content=\"El 5\u00b0 Festival \u201cDate El Gusto\u201d en El Bols\u00f3n, nueva escala de ENBHIGA en la ruta de los sabores -\" \/>\n<meta property=\"og:description\" content=\"El evento reuni\u00f3 a una gran variedad de asistentes, entre turistas y vecinos de la localidad, productores, emprendedores, artistas, estudiantes de gastronom\u00eda y cocineros de distintos puntos de la provincia. El fin de semana pasado, la Asociaci\u00f3n Civil ENBHIGA ( Encuentro Bioce\u00e1nico Hispano Latino de Gastronom\u00eda) fue invitada a participar del 5\u00b0 Festival \u201cDate El [&hellip;]\" \/>\n<meta property=\"og:url\" content=\"https:\/\/modoviajeok.com.ar\/index.php\/2025\/04\/24\/el-5-festival-date-el-gusto-en-el-bolson-nueva-escala-de-enbhiga-en-la-ruta-de-los-sabores\/\" \/>\n<meta property=\"article:publisher\" content=\"https:\/\/www.facebook.com\/mariana.otero1\/\" \/>\n<meta property=\"article:published_time\" content=\"2025-04-24T17:27:25+00:00\" \/>\n<meta property=\"article:modified_time\" content=\"2025-04-24T17:28:50+00:00\" \/>\n<meta property=\"og:image\" content=\"https:\/\/modoviajeok.com.ar\/wp-content\/uploads\/2025\/04\/el-bolson-124-scaled.jpg\" \/>\n\t<meta property=\"og:image:width\" content=\"2560\" \/>\n\t<meta property=\"og:image:height\" content=\"1706\" \/>\n\t<meta property=\"og:image:type\" content=\"image\/jpeg\" \/>\n<meta name=\"author\" content=\"Pepe Segura\" \/>\n<meta name=\"twitter:card\" content=\"summary_large_image\" \/>\n<meta name=\"twitter:label1\" content=\"Escrito por\" \/>\n\t<meta name=\"twitter:data1\" content=\"Pepe Segura\" \/>\n\t<meta name=\"twitter:label2\" content=\"Tiempo de lectura\" \/>\n\t<meta name=\"twitter:data2\" content=\"2 minutos\" \/>\n<script type=\"application\/ld+json\" class=\"yoast-schema-graph\">{\"@context\":\"https:\/\/schema.org\",\"@graph\":[{\"@type\":\"Article\",\"@id\":\"https:\/\/modoviajeok.com.ar\/index.php\/2025\/04\/24\/el-5-festival-date-el-gusto-en-el-bolson-nueva-escala-de-enbhiga-en-la-ruta-de-los-sabores\/#article\",\"isPartOf\":{\"@id\":\"https:\/\/modoviajeok.com.ar\/index.php\/2025\/04\/24\/el-5-festival-date-el-gusto-en-el-bolson-nueva-escala-de-enbhiga-en-la-ruta-de-los-sabores\/\"},\"author\":{\"name\":\"Pepe Segura\",\"@id\":\"https:\/\/modoviajeok.com.ar\/#\/schema\/person\/2e299ed0d3d412a01d244fe28260d7f5\"},\"headline\":\"El 5\u00b0 Festival \u201cDate El Gusto\u201d en El Bols\u00f3n, nueva escala de ENBHIGA en la ruta de los sabores\",\"datePublished\":\"2025-04-24T17:27:25+00:00\",\"dateModified\":\"2025-04-24T17:28:50+00:00\",\"mainEntityOfPage\":{\"@id\":\"https:\/\/modoviajeok.com.ar\/index.php\/2025\/04\/24\/el-5-festival-date-el-gusto-en-el-bolson-nueva-escala-de-enbhiga-en-la-ruta-de-los-sabores\/\"},\"wordCount\":225,\"commentCount\":0,\"publisher\":{\"@id\":\"https:\/\/modoviajeok.com.ar\/#organization\"},\"image\":{\"@id\":\"https:\/\/modoviajeok.com.ar\/index.php\/2025\/04\/24\/el-5-festival-date-el-gusto-en-el-bolson-nueva-escala-de-enbhiga-en-la-ruta-de-los-sabores\/#primaryimage\"},\"thumbnailUrl\":\"https:\/\/modoviajeok.com.ar\/wp-content\/uploads\/2025\/04\/el-bolson-124-scaled.jpg\",\"keywords\":[\"el bolson\",\"enbhiga\",\"rio negro\"],\"articleSection\":[\"Noticias\"],\"inLanguage\":\"es\",\"potentialAction\":[{\"@type\":\"CommentAction\",\"name\":\"Comment\",\"target\":[\"https:\/\/modoviajeok.com.ar\/index.php\/2025\/04\/24\/el-5-festival-date-el-gusto-en-el-bolson-nueva-escala-de-enbhiga-en-la-ruta-de-los-sabores\/#respond\"]}]},{\"@type\":\"WebPage\",\"@id\":\"https:\/\/modoviajeok.com.ar\/index.php\/2025\/04\/24\/el-5-festival-date-el-gusto-en-el-bolson-nueva-escala-de-enbhiga-en-la-ruta-de-los-sabores\/\",\"url\":\"https:\/\/modoviajeok.com.ar\/index.php\/2025\/04\/24\/el-5-festival-date-el-gusto-en-el-bolson-nueva-escala-de-enbhiga-en-la-ruta-de-los-sabores\/\",\"name\":\"El 5\u00b0 Festival \u201cDate El Gusto\u201d en El Bols\u00f3n, nueva escala de ENBHIGA en la ruta de los sabores -\",\"isPartOf\":{\"@id\":\"https:\/\/modoviajeok.com.ar\/#website\"},\"primaryImageOfPage\":{\"@id\":\"https:\/\/modoviajeok.com.ar\/index.php\/2025\/04\/24\/el-5-festival-date-el-gusto-en-el-bolson-nueva-escala-de-enbhiga-en-la-ruta-de-los-sabores\/#primaryimage\"},\"image\":{\"@id\":\"https:\/\/modoviajeok.com.ar\/index.php\/2025\/04\/24\/el-5-festival-date-el-gusto-en-el-bolson-nueva-escala-de-enbhiga-en-la-ruta-de-los-sabores\/#primaryimage\"},\"thumbnailUrl\":\"https:\/\/modoviajeok.com.ar\/wp-content\/uploads\/2025\/04\/el-bolson-124-scaled.jpg\",\"datePublished\":\"2025-04-24T17:27:25+00:00\",\"dateModified\":\"2025-04-24T17:28:50+00:00\",\"breadcrumb\":{\"@id\":\"https:\/\/modoviajeok.com.ar\/index.php\/2025\/04\/24\/el-5-festival-date-el-gusto-en-el-bolson-nueva-escala-de-enbhiga-en-la-ruta-de-los-sabores\/#breadcrumb\"},\"inLanguage\":\"es\",\"potentialAction\":[{\"@type\":\"ReadAction\",\"target\":[\"https:\/\/modoviajeok.com.ar\/index.php\/2025\/04\/24\/el-5-festival-date-el-gusto-en-el-bolson-nueva-escala-de-enbhiga-en-la-ruta-de-los-sabores\/\"]}]},{\"@type\":\"ImageObject\",\"inLanguage\":\"es\",\"@id\":\"https:\/\/modoviajeok.com.ar\/index.php\/2025\/04\/24\/el-5-festival-date-el-gusto-en-el-bolson-nueva-escala-de-enbhiga-en-la-ruta-de-los-sabores\/#primaryimage\",\"url\":\"https:\/\/modoviajeok.com.ar\/wp-content\/uploads\/2025\/04\/el-bolson-124-scaled.jpg\",\"contentUrl\":\"https:\/\/modoviajeok.com.ar\/wp-content\/uploads\/2025\/04\/el-bolson-124-scaled.jpg\",\"width\":2560,\"height\":1706},{\"@type\":\"BreadcrumbList\",\"@id\":\"https:\/\/modoviajeok.com.ar\/index.php\/2025\/04\/24\/el-5-festival-date-el-gusto-en-el-bolson-nueva-escala-de-enbhiga-en-la-ruta-de-los-sabores\/#breadcrumb\",\"itemListElement\":[{\"@type\":\"ListItem\",\"position\":1,\"name\":\"Portada\",\"item\":\"https:\/\/modoviajeok.com.ar\/\"},{\"@type\":\"ListItem\",\"position\":2,\"name\":\"El 5\u00b0 Festival \u201cDate El Gusto\u201d en El Bols\u00f3n, nueva escala de ENBHIGA en la ruta de los sabores\"}]},{\"@type\":\"WebSite\",\"@id\":\"https:\/\/modoviajeok.com.ar\/#website\",\"url\":\"https:\/\/modoviajeok.com.ar\/\",\"name\":\"ModoViajeOK\",\"description\":\"\",\"publisher\":{\"@id\":\"https:\/\/modoviajeok.com.ar\/#organization\"},\"potentialAction\":[{\"@type\":\"SearchAction\",\"target\":{\"@type\":\"EntryPoint\",\"urlTemplate\":\"https:\/\/modoviajeok.com.ar\/?s={search_term_string}\"},\"query-input\":{\"@type\":\"PropertyValueSpecification\",\"valueRequired\":true,\"valueName\":\"search_term_string\"}}],\"inLanguage\":\"es\"},{\"@type\":\"Organization\",\"@id\":\"https:\/\/modoviajeok.com.ar\/#organization\",\"name\":\"ModoViajeOK\",\"url\":\"https:\/\/modoviajeok.com.ar\/\",\"logo\":{\"@type\":\"ImageObject\",\"inLanguage\":\"es\",\"@id\":\"https:\/\/modoviajeok.com.ar\/#\/schema\/logo\/image\/\",\"url\":\"https:\/\/modoviajeok.com.ar\/wp-content\/uploads\/2025\/01\/Logo-modoviajeok.png\",\"contentUrl\":\"https:\/\/modoviajeok.com.ar\/wp-content\/uploads\/2025\/01\/Logo-modoviajeok.png\",\"width\":2938,\"height\":2276,\"caption\":\"ModoViajeOK\"},\"image\":{\"@id\":\"https:\/\/modoviajeok.com.ar\/#\/schema\/logo\/image\/\"},\"sameAs\":[\"https:\/\/www.facebook.com\/mariana.otero1\/\",\"https:\/\/www.instagram.com\/modoviaje.ok\/\"]},{\"@type\":\"Person\",\"@id\":\"https:\/\/modoviajeok.com.ar\/#\/schema\/person\/2e299ed0d3d412a01d244fe28260d7f5\",\"name\":\"Pepe Segura\",\"image\":{\"@type\":\"ImageObject\",\"inLanguage\":\"es\",\"@id\":\"https:\/\/modoviajeok.com.ar\/#\/schema\/person\/image\/\",\"url\":\"https:\/\/secure.gravatar.com\/avatar\/65eb4b34deed761327f5b2c5535b987318ae807900ac46426de7258f5de6d345?s=96&d=mm&r=g\",\"contentUrl\":\"https:\/\/secure.gravatar.com\/avatar\/65eb4b34deed761327f5b2c5535b987318ae807900ac46426de7258f5de6d345?s=96&d=mm&r=g\",\"caption\":\"Pepe Segura\"},\"url\":\"https:\/\/modoviajeok.com.ar\/index.php\/author\/pepe2025\/\"}]}<\/script>\n<!-- \/ Yoast SEO plugin. -->","yoast_head_json":{"title":"El 5\u00b0 Festival \u201cDate El Gusto\u201d en El Bols\u00f3n, nueva escala de ENBHIGA en la ruta de los sabores -","robots":{"index":"index","follow":"follow","max-snippet":"max-snippet:-1","max-image-preview":"max-image-preview:large","max-video-preview":"max-video-preview:-1"},"canonical":"https:\/\/modoviajeok.com.ar\/index.php\/2025\/04\/24\/el-5-festival-date-el-gusto-en-el-bolson-nueva-escala-de-enbhiga-en-la-ruta-de-los-sabores\/","og_locale":"es_ES","og_type":"article","og_title":"El 5\u00b0 Festival \u201cDate El Gusto\u201d en El Bols\u00f3n, nueva escala de ENBHIGA en la ruta de los sabores -","og_description":"El evento reuni\u00f3 a una gran variedad de asistentes, entre turistas y vecinos de la localidad, productores, emprendedores, artistas, estudiantes de gastronom\u00eda y cocineros de distintos puntos de la provincia. El fin de semana pasado, la Asociaci\u00f3n Civil ENBHIGA ( Encuentro Bioce\u00e1nico Hispano Latino de Gastronom\u00eda) fue invitada a participar del 5\u00b0 Festival \u201cDate El [&hellip;]","og_url":"https:\/\/modoviajeok.com.ar\/index.php\/2025\/04\/24\/el-5-festival-date-el-gusto-en-el-bolson-nueva-escala-de-enbhiga-en-la-ruta-de-los-sabores\/","article_publisher":"https:\/\/www.facebook.com\/mariana.otero1\/","article_published_time":"2025-04-24T17:27:25+00:00","article_modified_time":"2025-04-24T17:28:50+00:00","og_image":[{"width":2560,"height":1706,"url":"https:\/\/modoviajeok.com.ar\/wp-content\/uploads\/2025\/04\/el-bolson-124-scaled.jpg","type":"image\/jpeg"}],"author":"Pepe Segura","twitter_card":"summary_large_image","twitter_misc":{"Escrito por":"Pepe Segura","Tiempo de lectura":"2 minutos"},"schema":{"@context":"https:\/\/schema.org","@graph":[{"@type":"Article","@id":"https:\/\/modoviajeok.com.ar\/index.php\/2025\/04\/24\/el-5-festival-date-el-gusto-en-el-bolson-nueva-escala-de-enbhiga-en-la-ruta-de-los-sabores\/#article","isPartOf":{"@id":"https:\/\/modoviajeok.com.ar\/index.php\/2025\/04\/24\/el-5-festival-date-el-gusto-en-el-bolson-nueva-escala-de-enbhiga-en-la-ruta-de-los-sabores\/"},"author":{"name":"Pepe Segura","@id":"https:\/\/modoviajeok.com.ar\/#\/schema\/person\/2e299ed0d3d412a01d244fe28260d7f5"},"headline":"El 5\u00b0 Festival \u201cDate El Gusto\u201d en El Bols\u00f3n, nueva escala de ENBHIGA en la ruta de los sabores","datePublished":"2025-04-24T17:27:25+00:00","dateModified":"2025-04-24T17:28:50+00:00","mainEntityOfPage":{"@id":"https:\/\/modoviajeok.com.ar\/index.php\/2025\/04\/24\/el-5-festival-date-el-gusto-en-el-bolson-nueva-escala-de-enbhiga-en-la-ruta-de-los-sabores\/"},"wordCount":225,"commentCount":0,"publisher":{"@id":"https:\/\/modoviajeok.com.ar\/#organization"},"image":{"@id":"https:\/\/modoviajeok.com.ar\/index.php\/2025\/04\/24\/el-5-festival-date-el-gusto-en-el-bolson-nueva-escala-de-enbhiga-en-la-ruta-de-los-sabores\/#primaryimage"},"thumbnailUrl":"https:\/\/modoviajeok.com.ar\/wp-content\/uploads\/2025\/04\/el-bolson-124-scaled.jpg","keywords":["el bolson","enbhiga","rio negro"],"articleSection":["Noticias"],"inLanguage":"es","potentialAction":[{"@type":"CommentAction","name":"Comment","target":["https:\/\/modoviajeok.com.ar\/index.php\/2025\/04\/24\/el-5-festival-date-el-gusto-en-el-bolson-nueva-escala-de-enbhiga-en-la-ruta-de-los-sabores\/#respond"]}]},{"@type":"WebPage","@id":"https:\/\/modoviajeok.com.ar\/index.php\/2025\/04\/24\/el-5-festival-date-el-gusto-en-el-bolson-nueva-escala-de-enbhiga-en-la-ruta-de-los-sabores\/","url":"https:\/\/modoviajeok.com.ar\/index.php\/2025\/04\/24\/el-5-festival-date-el-gusto-en-el-bolson-nueva-escala-de-enbhiga-en-la-ruta-de-los-sabores\/","name":"El 5\u00b0 Festival \u201cDate El Gusto\u201d en El Bols\u00f3n, nueva escala de ENBHIGA en la ruta de los sabores -","isPartOf":{"@id":"https:\/\/modoviajeok.com.ar\/#website"},"primaryImageOfPage":{"@id":"https:\/\/modoviajeok.com.ar\/index.php\/2025\/04\/24\/el-5-festival-date-el-gusto-en-el-bolson-nueva-escala-de-enbhiga-en-la-ruta-de-los-sabores\/#primaryimage"},"image":{"@id":"https:\/\/modoviajeok.com.ar\/index.php\/2025\/04\/24\/el-5-festival-date-el-gusto-en-el-bolson-nueva-escala-de-enbhiga-en-la-ruta-de-los-sabores\/#primaryimage"},"thumbnailUrl":"https:\/\/modoviajeok.com.ar\/wp-content\/uploads\/2025\/04\/el-bolson-124-scaled.jpg","datePublished":"2025-04-24T17:27:25+00:00","dateModified":"2025-04-24T17:28:50+00:00","breadcrumb":{"@id":"https:\/\/modoviajeok.com.ar\/index.php\/2025\/04\/24\/el-5-festival-date-el-gusto-en-el-bolson-nueva-escala-de-enbhiga-en-la-ruta-de-los-sabores\/#breadcrumb"},"inLanguage":"es","potentialAction":[{"@type":"ReadAction","target":["https:\/\/modoviajeok.com.ar\/index.php\/2025\/04\/24\/el-5-festival-date-el-gusto-en-el-bolson-nueva-escala-de-enbhiga-en-la-ruta-de-los-sabores\/"]}]},{"@type":"ImageObject","inLanguage":"es","@id":"https:\/\/modoviajeok.com.ar\/index.php\/2025\/04\/24\/el-5-festival-date-el-gusto-en-el-bolson-nueva-escala-de-enbhiga-en-la-ruta-de-los-sabores\/#primaryimage","url":"https:\/\/modoviajeok.com.ar\/wp-content\/uploads\/2025\/04\/el-bolson-124-scaled.jpg","contentUrl":"https:\/\/modoviajeok.com.ar\/wp-content\/uploads\/2025\/04\/el-bolson-124-scaled.jpg","width":2560,"height":1706},{"@type":"BreadcrumbList","@id":"https:\/\/modoviajeok.com.ar\/index.php\/2025\/04\/24\/el-5-festival-date-el-gusto-en-el-bolson-nueva-escala-de-enbhiga-en-la-ruta-de-los-sabores\/#breadcrumb","itemListElement":[{"@type":"ListItem","position":1,"name":"Portada","item":"https:\/\/modoviajeok.com.ar\/"},{"@type":"ListItem","position":2,"name":"El 5\u00b0 Festival \u201cDate El Gusto\u201d en El Bols\u00f3n, nueva escala de ENBHIGA en la ruta de los sabores"}]},{"@type":"WebSite","@id":"https:\/\/modoviajeok.com.ar\/#website","url":"https:\/\/modoviajeok.com.ar\/","name":"ModoViajeOK","description":"","publisher":{"@id":"https:\/\/modoviajeok.com.ar\/#organization"},"potentialAction":[{"@type":"SearchAction","target":{"@type":"EntryPoint","urlTemplate":"https:\/\/modoviajeok.com.ar\/?s={search_term_string}"},"query-input":{"@type":"PropertyValueSpecification","valueRequired":true,"valueName":"search_term_string"}}],"inLanguage":"es"},{"@type":"Organization","@id":"https:\/\/modoviajeok.com.ar\/#organization","name":"ModoViajeOK","url":"https:\/\/modoviajeok.com.ar\/","logo":{"@type":"ImageObject","inLanguage":"es","@id":"https:\/\/modoviajeok.com.ar\/#\/schema\/logo\/image\/","url":"https:\/\/modoviajeok.com.ar\/wp-content\/uploads\/2025\/01\/Logo-modoviajeok.png","contentUrl":"https:\/\/modoviajeok.com.ar\/wp-content\/uploads\/2025\/01\/Logo-modoviajeok.png","width":2938,"height":2276,"caption":"ModoViajeOK"},"image":{"@id":"https:\/\/modoviajeok.com.ar\/#\/schema\/logo\/image\/"},"sameAs":["https:\/\/www.facebook.com\/mariana.otero1\/","https:\/\/www.instagram.com\/modoviaje.ok\/"]},{"@type":"Person","@id":"https:\/\/modoviajeok.com.ar\/#\/schema\/person\/2e299ed0d3d412a01d244fe28260d7f5","name":"Pepe Segura","image":{"@type":"ImageObject","inLanguage":"es","@id":"https:\/\/modoviajeok.com.ar\/#\/schema\/person\/image\/","url":"https:\/\/secure.gravatar.com\/avatar\/65eb4b34deed761327f5b2c5535b987318ae807900ac46426de7258f5de6d345?s=96&d=mm&r=g","contentUrl":"https:\/\/secure.gravatar.com\/avatar\/65eb4b34deed761327f5b2c5535b987318ae807900ac46426de7258f5de6d345?s=96&d=mm&r=g","caption":"Pepe Segura"},"url":"https:\/\/modoviajeok.com.ar\/index.php\/author\/pepe2025\/"}]}},"_links":{"self":[{"href":"https:\/\/modoviajeok.com.ar\/index.php\/wp-json\/wp\/v2\/posts\/3463","targetHints":{"allow":["GET"]}}],"collection":[{"href":"https:\/\/modoviajeok.com.ar\/index.php\/wp-json\/wp\/v2\/posts"}],"about":[{"href":"https:\/\/modoviajeok.com.ar\/index.php\/wp-json\/wp\/v2\/types\/post"}],"author":[{"embeddable":true,"href":"https:\/\/modoviajeok.com.ar\/index.php\/wp-json\/wp\/v2\/users\/3"}],"replies":[{"embeddable":true,"href":"https:\/\/modoviajeok.com.ar\/index.php\/wp-json\/wp\/v2\/comments?post=3463"}],"version-history":[{"count":1,"href":"https:\/\/modoviajeok.com.ar\/index.php\/wp-json\/wp\/v2\/posts\/3463\/revisions"}],"predecessor-version":[{"id":3467,"href":"https:\/\/modoviajeok.com.ar\/index.php\/wp-json\/wp\/v2\/posts\/3463\/revisions\/3467"}],"wp:featuredmedia":[{"embeddable":true,"href":"https:\/\/modoviajeok.com.ar\/index.php\/wp-json\/wp\/v2\/media\/3466"}],"wp:attachment":[{"href":"https:\/\/modoviajeok.com.ar\/index.php\/wp-json\/wp\/v2\/media?parent=3463"}],"wp:term":[{"taxonomy":"category","embeddable":true,"href":"https:\/\/modoviajeok.com.ar\/index.php\/wp-json\/wp\/v2\/categories?post=3463"},{"taxonomy":"post_tag","embeddable":true,"href":"https:\/\/modoviajeok.com.ar\/index.php\/wp-json\/wp\/v2\/tags?post=3463"}],"curies":[{"name":"wp","href":"https:\/\/api.w.org\/{rel}","templated":true}]}}