{"id":3492,"date":"2025-04-28T09:00:13","date_gmt":"2025-04-28T12:00:13","guid":{"rendered":"https:\/\/modoviajeok.com.ar\/?p=3492"},"modified":"2025-04-26T19:12:01","modified_gmt":"2025-04-26T22:12:01","slug":"del-3-al-4-de-mayo-maipu-muestra-las-bondades-del-aceite-de-oliva-virgen-extra","status":"publish","type":"post","link":"https:\/\/modoviajeok.com.ar\/index.php\/2025\/04\/28\/del-3-al-4-de-mayo-maipu-muestra-las-bondades-del-aceite-de-oliva-virgen-extra\/","title":{"rendered":"El aceite de oliva virgen extra es la estrella en Maip\u00fa (Mendoza)"},"content":{"rendered":"\n<figure class=\"wp-block-pullquote\"><blockquote><p>El Festival Provincial del Envero 2025 vuelve a la ciudad de Maip\u00fa (Mendoza) con una propuesta que combina identidad, gastronom\u00eda y turismo en torno al aceite de oliva virgen extra.<\/p><cite> <\/cite><\/blockquote><\/figure>\n\n\n\n<p>Del 3 al 4 de mayo, el Parque Metropolitano de Maip\u00fa ser\u00e1 centro del Festival Provincial del Envero, un evento que ya se perfila como un cl\u00e1sico dentro del calendario cultural y tur\u00edstico de Mendoza. Esta segunda edici\u00f3n no solo pone en valor al aceite de oliva virgen extra, al que muchos ya llaman el \u201coro l\u00edquido\u201d de la regi\u00f3n, sino que propone un recorrido sensorial y emocional por las ra\u00edces oliv\u00edcolas de la provincia.<\/p>\n\n\n\n<figure class=\"wp-block-image size-full\"><img loading=\"lazy\" decoding=\"async\" width=\"800\" height=\"601\" src=\"https:\/\/modoviajeok.com.ar\/wp-content\/uploads\/2025\/04\/15e44c70aec09b88a.jpg\" alt=\"\" class=\"wp-image-3494\" srcset=\"https:\/\/modoviajeok.com.ar\/wp-content\/uploads\/2025\/04\/15e44c70aec09b88a.jpg 800w, https:\/\/modoviajeok.com.ar\/wp-content\/uploads\/2025\/04\/15e44c70aec09b88a-768x577.jpg 768w, https:\/\/modoviajeok.com.ar\/wp-content\/uploads\/2025\/04\/15e44c70aec09b88a-559x420.jpg 559w, https:\/\/modoviajeok.com.ar\/wp-content\/uploads\/2025\/04\/15e44c70aec09b88a-80x60.jpg 80w, https:\/\/modoviajeok.com.ar\/wp-content\/uploads\/2025\/04\/15e44c70aec09b88a-150x113.jpg 150w, https:\/\/modoviajeok.com.ar\/wp-content\/uploads\/2025\/04\/15e44c70aec09b88a-300x225.jpg 300w, https:\/\/modoviajeok.com.ar\/wp-content\/uploads\/2025\/04\/15e44c70aec09b88a-696x523.jpg 696w, https:\/\/modoviajeok.com.ar\/wp-content\/uploads\/2025\/04\/15e44c70aec09b88a-265x198.jpg 265w\" sizes=\"auto, (max-width: 800px) 100vw, 800px\" \/><figcaption class=\"wp-element-caption\">Los organizadores, durante la presentaci\u00f3n del Festival que busca posicionarse en la agenda tur\u00edstica de Mendoza.<\/figcaption><\/figure>\n\n\n\n<p><strong>Una fiesta para los sentidos<\/strong><\/p>\n\n\n\n<p>Durante dos d\u00edas, mendocinos y turistas van a poder disfrutar de catas, clases magistrales de cocina y cocteler\u00eda, charlas, ferias de artesanos, espect\u00e1culos en vivo y, por supuesto, una buena dosis de aceite de oliva en todas sus formas. La propuesta no es solo gourmet, sino tambi\u00e9n cultural: se trata de revalorizar una identidad productiva que muchas veces queda a la sombra del vino, pero que tiene mucho para contar y ofrecer.<\/p>\n\n\n\n<p>\u00bfY por qu\u00e9 en mayo? Bueno, porque es el mes del envero, ese instante m\u00e1gico en que la aceituna empieza a cambiar de color y a anunciar que se viene la cosecha. Un momento simb\u00f3lico que da pie a esta celebraci\u00f3n que ya cuenta con el respaldo del Ente Mendoza Turismo (Emetur), ASOLMEN y un conjunto de instituciones p\u00fablicas y privadas que vienen trabajando codo a codo para que esto crezca.<\/p>\n\n\n\n<p>Gabriela Testa, presidenta de Emetur, explic\u00f3 que el festival es parte del programa Mendoza Oliva Bien, que busca consolidar al aceite de oliva como producto tur\u00edstico de calidad. \u201cEl aceite ya lo buscan los turistas, ahora queremos mostrarles de d\u00f3nde viene y c\u00f3mo se hace\u201d, se\u00f1al\u00f3.<\/p>\n\n\n\n<p><strong>Clases, catas y experiencias en almazaras<\/strong><\/p>\n\n\n\n<p>Entre las actividades m\u00e1s esperadas est\u00e1n las catas guiadas de AOVE, el Concurso de J\u00f3venes Catadores, las clases magistrales con chefs y bartenders reconocidos, y las visitas a almazaras abiertas al p\u00fablico. S\u00ed, es posible ver el proceso completo, desde el \u00e1rbol hasta la botella, y hasta probar un aceite reci\u00e9n hecho, ah\u00ed mismo, en la fuente.<\/p>\n\n\n\n<p><strong>M\u00e1s all\u00e1 del festival: mayo es el mes del oliva<\/strong><\/p>\n\n\n\n<p>Durante todo mayo, varios restaurantes de Mendoza se suman a la propuesta con platos especiales donde el aceite de oliva ser\u00e1 protagonista. Y muchas almazaras abrir\u00e1n sus puertas para que los visitantes puedan hacer recorridos, degustaciones y actividades pensadas para toda la familia.<\/p>\n\n\n\n<p>El Festival del Envero no es solo una feria o un evento gastron\u00f3mico m\u00e1s. Es una experiencia que conecta al visitante con la tierra, con los productores, con los sabores que definen a Mendoza. Una invitaci\u00f3n a mirar con otros ojos \u2014y con otros sentidos\u2014 a un producto tan noble y tan nuestro como el aceite de oliva. La entrada es libre y gratuita, y la agenda completa de actividades ya est\u00e1 disponible en los canales oficiales del Emetur y del municipio de Maip\u00fa<\/p>\n\n\n      <div class=\"wp_bannerize_container wp_bannerize_layout_vertical\">\n\n        <div class=\"wp_bannerize_banner_box wp_bannerize_category_intertexto-1\" data-title=\"Modo viaje\" data-mime_type=\"image-gif\" data-banner_id=\"1783\" id=\"wpbanner-1783\" data-impressions_enabled=\"true\" data-clicks_enabled=\"true\"><a href=\"https:\/\/www.instagram.com\/modoviaje.ok?igsh=Z3c5emxsZWFtdXN3\"><img decoding=\"async\" border=\"0\" src=\"https:\/\/modoviajeok.com.ar\/wp-content\/uploads\/2025\/02\/modoviaje.ok-300-x-250-px.gif\" alt=\"Modo viaje\" title=\"Modo viaje\" \/><\/a><\/div>      <\/div>\n\n\n\n\n\n<p><\/p>\n","protected":false},"excerpt":{"rendered":"<p>El Festival Provincial del Envero 2025 vuelve a la ciudad de Maip\u00fa (Mendoza) con una propuesta que combina identidad, gastronom\u00eda y turismo en torno al aceite de oliva virgen extra. Del 3 al 4 de mayo, el Parque Metropolitano de Maip\u00fa ser\u00e1 centro del Festival Provincial del Envero, un evento que ya se perfila como [&hellip;]<\/p>\n","protected":false},"author":3,"featured_media":3493,"comment_status":"open","ping_status":"open","sticky":false,"template":"","format":"standard","meta":{"_acf_changed":false,"footnotes":""},"categories":[13,10],"tags":[829,224],"class_list":{"0":"post-3492","1":"post","2":"type-post","3":"status-publish","4":"format-standard","5":"has-post-thumbnail","7":"category-argentina","8":"category-noticias","9":"tag-aceite-oliva-virgen-extra","10":"tag-mendoza"},"acf":[],"yoast_head":"<!-- This site is optimized with the Yoast SEO plugin v24.8.1 - https:\/\/yoast.com\/wordpress\/plugins\/seo\/ -->\n<title>El aceite de oliva virgen extra es la estrella en Maip\u00fa (Mendoza) -<\/title>\n<meta name=\"description\" content=\"El \u201coro l\u00edquido\u201d de la regi\u00f3n propone un recorrido sensorial y emocional por las ra\u00edces oliv\u00edcolas de la provincia.\" \/>\n<meta name=\"robots\" content=\"index, follow, max-snippet:-1, max-image-preview:large, max-video-preview:-1\" \/>\n<link rel=\"canonical\" href=\"https:\/\/modoviajeok.com.ar\/index.php\/2025\/04\/28\/del-3-al-4-de-mayo-maipu-muestra-las-bondades-del-aceite-de-oliva-virgen-extra\/\" \/>\n<meta property=\"og:locale\" content=\"es_ES\" \/>\n<meta property=\"og:type\" content=\"article\" \/>\n<meta property=\"og:title\" content=\"El aceite de oliva virgen extra es la estrella en Maip\u00fa (Mendoza) -\" \/>\n<meta property=\"og:description\" content=\"El \u201coro l\u00edquido\u201d de la regi\u00f3n propone un recorrido sensorial y emocional por las ra\u00edces oliv\u00edcolas de la provincia.\" \/>\n<meta property=\"og:url\" content=\"https:\/\/modoviajeok.com.ar\/index.php\/2025\/04\/28\/del-3-al-4-de-mayo-maipu-muestra-las-bondades-del-aceite-de-oliva-virgen-extra\/\" \/>\n<meta property=\"article:publisher\" content=\"https:\/\/www.facebook.com\/mariana.otero1\/\" \/>\n<meta property=\"article:published_time\" content=\"2025-04-28T12:00:13+00:00\" \/>\n<meta property=\"og:image\" content=\"https:\/\/modoviajeok.com.ar\/wp-content\/uploads\/2025\/04\/676455d2a4c47.r_d.1052-345.jpeg\" \/>\n\t<meta property=\"og:image:width\" content=\"449\" \/>\n\t<meta property=\"og:image:height\" content=\"220\" \/>\n\t<meta property=\"og:image:type\" content=\"image\/jpeg\" \/>\n<meta name=\"author\" content=\"Pepe Segura\" \/>\n<meta name=\"twitter:card\" content=\"summary_large_image\" \/>\n<meta name=\"twitter:label1\" content=\"Escrito por\" \/>\n\t<meta name=\"twitter:data1\" content=\"Pepe Segura\" \/>\n\t<meta name=\"twitter:label2\" content=\"Tiempo de lectura\" \/>\n\t<meta name=\"twitter:data2\" content=\"3 minutos\" \/>\n<script type=\"application\/ld+json\" class=\"yoast-schema-graph\">{\"@context\":\"https:\/\/schema.org\",\"@graph\":[{\"@type\":\"Article\",\"@id\":\"https:\/\/modoviajeok.com.ar\/index.php\/2025\/04\/28\/del-3-al-4-de-mayo-maipu-muestra-las-bondades-del-aceite-de-oliva-virgen-extra\/#article\",\"isPartOf\":{\"@id\":\"https:\/\/modoviajeok.com.ar\/index.php\/2025\/04\/28\/del-3-al-4-de-mayo-maipu-muestra-las-bondades-del-aceite-de-oliva-virgen-extra\/\"},\"author\":{\"name\":\"Pepe Segura\",\"@id\":\"https:\/\/modoviajeok.com.ar\/#\/schema\/person\/2e299ed0d3d412a01d244fe28260d7f5\"},\"headline\":\"El aceite de oliva virgen extra es la estrella en Maip\u00fa (Mendoza)\",\"datePublished\":\"2025-04-28T12:00:13+00:00\",\"mainEntityOfPage\":{\"@id\":\"https:\/\/modoviajeok.com.ar\/index.php\/2025\/04\/28\/del-3-al-4-de-mayo-maipu-muestra-las-bondades-del-aceite-de-oliva-virgen-extra\/\"},\"wordCount\":563,\"commentCount\":0,\"publisher\":{\"@id\":\"https:\/\/modoviajeok.com.ar\/#organization\"},\"image\":{\"@id\":\"https:\/\/modoviajeok.com.ar\/index.php\/2025\/04\/28\/del-3-al-4-de-mayo-maipu-muestra-las-bondades-del-aceite-de-oliva-virgen-extra\/#primaryimage\"},\"thumbnailUrl\":\"https:\/\/modoviajeok.com.ar\/wp-content\/uploads\/2025\/04\/676455d2a4c47.r_d.1052-345.jpeg\",\"keywords\":[\"aceite oliva virgen extra\",\"mendoza\"],\"articleSection\":[\"Argentina\",\"Noticias\"],\"inLanguage\":\"es\",\"potentialAction\":[{\"@type\":\"CommentAction\",\"name\":\"Comment\",\"target\":[\"https:\/\/modoviajeok.com.ar\/index.php\/2025\/04\/28\/del-3-al-4-de-mayo-maipu-muestra-las-bondades-del-aceite-de-oliva-virgen-extra\/#respond\"]}]},{\"@type\":\"WebPage\",\"@id\":\"https:\/\/modoviajeok.com.ar\/index.php\/2025\/04\/28\/del-3-al-4-de-mayo-maipu-muestra-las-bondades-del-aceite-de-oliva-virgen-extra\/\",\"url\":\"https:\/\/modoviajeok.com.ar\/index.php\/2025\/04\/28\/del-3-al-4-de-mayo-maipu-muestra-las-bondades-del-aceite-de-oliva-virgen-extra\/\",\"name\":\"El aceite de oliva virgen extra es la estrella en Maip\u00fa (Mendoza) -\",\"isPartOf\":{\"@id\":\"https:\/\/modoviajeok.com.ar\/#website\"},\"primaryImageOfPage\":{\"@id\":\"https:\/\/modoviajeok.com.ar\/index.php\/2025\/04\/28\/del-3-al-4-de-mayo-maipu-muestra-las-bondades-del-aceite-de-oliva-virgen-extra\/#primaryimage\"},\"image\":{\"@id\":\"https:\/\/modoviajeok.com.ar\/index.php\/2025\/04\/28\/del-3-al-4-de-mayo-maipu-muestra-las-bondades-del-aceite-de-oliva-virgen-extra\/#primaryimage\"},\"thumbnailUrl\":\"https:\/\/modoviajeok.com.ar\/wp-content\/uploads\/2025\/04\/676455d2a4c47.r_d.1052-345.jpeg\",\"datePublished\":\"2025-04-28T12:00:13+00:00\",\"description\":\"El \u201coro l\u00edquido\u201d de la regi\u00f3n propone un recorrido sensorial y emocional por las ra\u00edces oliv\u00edcolas de la provincia.\",\"breadcrumb\":{\"@id\":\"https:\/\/modoviajeok.com.ar\/index.php\/2025\/04\/28\/del-3-al-4-de-mayo-maipu-muestra-las-bondades-del-aceite-de-oliva-virgen-extra\/#breadcrumb\"},\"inLanguage\":\"es\",\"potentialAction\":[{\"@type\":\"ReadAction\",\"target\":[\"https:\/\/modoviajeok.com.ar\/index.php\/2025\/04\/28\/del-3-al-4-de-mayo-maipu-muestra-las-bondades-del-aceite-de-oliva-virgen-extra\/\"]}]},{\"@type\":\"ImageObject\",\"inLanguage\":\"es\",\"@id\":\"https:\/\/modoviajeok.com.ar\/index.php\/2025\/04\/28\/del-3-al-4-de-mayo-maipu-muestra-las-bondades-del-aceite-de-oliva-virgen-extra\/#primaryimage\",\"url\":\"https:\/\/modoviajeok.com.ar\/wp-content\/uploads\/2025\/04\/676455d2a4c47.r_d.1052-345.jpeg\",\"contentUrl\":\"https:\/\/modoviajeok.com.ar\/wp-content\/uploads\/2025\/04\/676455d2a4c47.r_d.1052-345.jpeg\",\"width\":449,\"height\":220},{\"@type\":\"BreadcrumbList\",\"@id\":\"https:\/\/modoviajeok.com.ar\/index.php\/2025\/04\/28\/del-3-al-4-de-mayo-maipu-muestra-las-bondades-del-aceite-de-oliva-virgen-extra\/#breadcrumb\",\"itemListElement\":[{\"@type\":\"ListItem\",\"position\":1,\"name\":\"Portada\",\"item\":\"https:\/\/modoviajeok.com.ar\/\"},{\"@type\":\"ListItem\",\"position\":2,\"name\":\"El aceite de oliva virgen extra es la estrella en Maip\u00fa (Mendoza)\"}]},{\"@type\":\"WebSite\",\"@id\":\"https:\/\/modoviajeok.com.ar\/#website\",\"url\":\"https:\/\/modoviajeok.com.ar\/\",\"name\":\"ModoViajeOK\",\"description\":\"\",\"publisher\":{\"@id\":\"https:\/\/modoviajeok.com.ar\/#organization\"},\"potentialAction\":[{\"@type\":\"SearchAction\",\"target\":{\"@type\":\"EntryPoint\",\"urlTemplate\":\"https:\/\/modoviajeok.com.ar\/?s={search_term_string}\"},\"query-input\":{\"@type\":\"PropertyValueSpecification\",\"valueRequired\":true,\"valueName\":\"search_term_string\"}}],\"inLanguage\":\"es\"},{\"@type\":\"Organization\",\"@id\":\"https:\/\/modoviajeok.com.ar\/#organization\",\"name\":\"ModoViajeOK\",\"url\":\"https:\/\/modoviajeok.com.ar\/\",\"logo\":{\"@type\":\"ImageObject\",\"inLanguage\":\"es\",\"@id\":\"https:\/\/modoviajeok.com.ar\/#\/schema\/logo\/image\/\",\"url\":\"https:\/\/modoviajeok.com.ar\/wp-content\/uploads\/2025\/01\/Logo-modoviajeok.png\",\"contentUrl\":\"https:\/\/modoviajeok.com.ar\/wp-content\/uploads\/2025\/01\/Logo-modoviajeok.png\",\"width\":2938,\"height\":2276,\"caption\":\"ModoViajeOK\"},\"image\":{\"@id\":\"https:\/\/modoviajeok.com.ar\/#\/schema\/logo\/image\/\"},\"sameAs\":[\"https:\/\/www.facebook.com\/mariana.otero1\/\",\"https:\/\/www.instagram.com\/modoviaje.ok\/\"]},{\"@type\":\"Person\",\"@id\":\"https:\/\/modoviajeok.com.ar\/#\/schema\/person\/2e299ed0d3d412a01d244fe28260d7f5\",\"name\":\"Pepe Segura\",\"image\":{\"@type\":\"ImageObject\",\"inLanguage\":\"es\",\"@id\":\"https:\/\/modoviajeok.com.ar\/#\/schema\/person\/image\/\",\"url\":\"https:\/\/secure.gravatar.com\/avatar\/65eb4b34deed761327f5b2c5535b987318ae807900ac46426de7258f5de6d345?s=96&d=mm&r=g\",\"contentUrl\":\"https:\/\/secure.gravatar.com\/avatar\/65eb4b34deed761327f5b2c5535b987318ae807900ac46426de7258f5de6d345?s=96&d=mm&r=g\",\"caption\":\"Pepe Segura\"},\"url\":\"https:\/\/modoviajeok.com.ar\/index.php\/author\/pepe2025\/\"}]}<\/script>\n<!-- \/ Yoast SEO plugin. -->","yoast_head_json":{"title":"El aceite de oliva virgen extra es la estrella en Maip\u00fa (Mendoza) -","description":"El \u201coro l\u00edquido\u201d de la regi\u00f3n propone un recorrido sensorial y emocional por las ra\u00edces oliv\u00edcolas de la provincia.","robots":{"index":"index","follow":"follow","max-snippet":"max-snippet:-1","max-image-preview":"max-image-preview:large","max-video-preview":"max-video-preview:-1"},"canonical":"https:\/\/modoviajeok.com.ar\/index.php\/2025\/04\/28\/del-3-al-4-de-mayo-maipu-muestra-las-bondades-del-aceite-de-oliva-virgen-extra\/","og_locale":"es_ES","og_type":"article","og_title":"El aceite de oliva virgen extra es la estrella en Maip\u00fa (Mendoza) -","og_description":"El \u201coro l\u00edquido\u201d de la regi\u00f3n propone un recorrido sensorial y emocional por las ra\u00edces oliv\u00edcolas de la provincia.","og_url":"https:\/\/modoviajeok.com.ar\/index.php\/2025\/04\/28\/del-3-al-4-de-mayo-maipu-muestra-las-bondades-del-aceite-de-oliva-virgen-extra\/","article_publisher":"https:\/\/www.facebook.com\/mariana.otero1\/","article_published_time":"2025-04-28T12:00:13+00:00","og_image":[{"width":449,"height":220,"url":"https:\/\/modoviajeok.com.ar\/wp-content\/uploads\/2025\/04\/676455d2a4c47.r_d.1052-345.jpeg","type":"image\/jpeg"}],"author":"Pepe Segura","twitter_card":"summary_large_image","twitter_misc":{"Escrito por":"Pepe Segura","Tiempo de lectura":"3 minutos"},"schema":{"@context":"https:\/\/schema.org","@graph":[{"@type":"Article","@id":"https:\/\/modoviajeok.com.ar\/index.php\/2025\/04\/28\/del-3-al-4-de-mayo-maipu-muestra-las-bondades-del-aceite-de-oliva-virgen-extra\/#article","isPartOf":{"@id":"https:\/\/modoviajeok.com.ar\/index.php\/2025\/04\/28\/del-3-al-4-de-mayo-maipu-muestra-las-bondades-del-aceite-de-oliva-virgen-extra\/"},"author":{"name":"Pepe Segura","@id":"https:\/\/modoviajeok.com.ar\/#\/schema\/person\/2e299ed0d3d412a01d244fe28260d7f5"},"headline":"El aceite de oliva virgen extra es la estrella en Maip\u00fa (Mendoza)","datePublished":"2025-04-28T12:00:13+00:00","mainEntityOfPage":{"@id":"https:\/\/modoviajeok.com.ar\/index.php\/2025\/04\/28\/del-3-al-4-de-mayo-maipu-muestra-las-bondades-del-aceite-de-oliva-virgen-extra\/"},"wordCount":563,"commentCount":0,"publisher":{"@id":"https:\/\/modoviajeok.com.ar\/#organization"},"image":{"@id":"https:\/\/modoviajeok.com.ar\/index.php\/2025\/04\/28\/del-3-al-4-de-mayo-maipu-muestra-las-bondades-del-aceite-de-oliva-virgen-extra\/#primaryimage"},"thumbnailUrl":"https:\/\/modoviajeok.com.ar\/wp-content\/uploads\/2025\/04\/676455d2a4c47.r_d.1052-345.jpeg","keywords":["aceite oliva virgen extra","mendoza"],"articleSection":["Argentina","Noticias"],"inLanguage":"es","potentialAction":[{"@type":"CommentAction","name":"Comment","target":["https:\/\/modoviajeok.com.ar\/index.php\/2025\/04\/28\/del-3-al-4-de-mayo-maipu-muestra-las-bondades-del-aceite-de-oliva-virgen-extra\/#respond"]}]},{"@type":"WebPage","@id":"https:\/\/modoviajeok.com.ar\/index.php\/2025\/04\/28\/del-3-al-4-de-mayo-maipu-muestra-las-bondades-del-aceite-de-oliva-virgen-extra\/","url":"https:\/\/modoviajeok.com.ar\/index.php\/2025\/04\/28\/del-3-al-4-de-mayo-maipu-muestra-las-bondades-del-aceite-de-oliva-virgen-extra\/","name":"El aceite de oliva virgen extra es la estrella en Maip\u00fa (Mendoza) -","isPartOf":{"@id":"https:\/\/modoviajeok.com.ar\/#website"},"primaryImageOfPage":{"@id":"https:\/\/modoviajeok.com.ar\/index.php\/2025\/04\/28\/del-3-al-4-de-mayo-maipu-muestra-las-bondades-del-aceite-de-oliva-virgen-extra\/#primaryimage"},"image":{"@id":"https:\/\/modoviajeok.com.ar\/index.php\/2025\/04\/28\/del-3-al-4-de-mayo-maipu-muestra-las-bondades-del-aceite-de-oliva-virgen-extra\/#primaryimage"},"thumbnailUrl":"https:\/\/modoviajeok.com.ar\/wp-content\/uploads\/2025\/04\/676455d2a4c47.r_d.1052-345.jpeg","datePublished":"2025-04-28T12:00:13+00:00","description":"El \u201coro l\u00edquido\u201d de la regi\u00f3n propone un recorrido sensorial y emocional por las ra\u00edces oliv\u00edcolas de la provincia.","breadcrumb":{"@id":"https:\/\/modoviajeok.com.ar\/index.php\/2025\/04\/28\/del-3-al-4-de-mayo-maipu-muestra-las-bondades-del-aceite-de-oliva-virgen-extra\/#breadcrumb"},"inLanguage":"es","potentialAction":[{"@type":"ReadAction","target":["https:\/\/modoviajeok.com.ar\/index.php\/2025\/04\/28\/del-3-al-4-de-mayo-maipu-muestra-las-bondades-del-aceite-de-oliva-virgen-extra\/"]}]},{"@type":"ImageObject","inLanguage":"es","@id":"https:\/\/modoviajeok.com.ar\/index.php\/2025\/04\/28\/del-3-al-4-de-mayo-maipu-muestra-las-bondades-del-aceite-de-oliva-virgen-extra\/#primaryimage","url":"https:\/\/modoviajeok.com.ar\/wp-content\/uploads\/2025\/04\/676455d2a4c47.r_d.1052-345.jpeg","contentUrl":"https:\/\/modoviajeok.com.ar\/wp-content\/uploads\/2025\/04\/676455d2a4c47.r_d.1052-345.jpeg","width":449,"height":220},{"@type":"BreadcrumbList","@id":"https:\/\/modoviajeok.com.ar\/index.php\/2025\/04\/28\/del-3-al-4-de-mayo-maipu-muestra-las-bondades-del-aceite-de-oliva-virgen-extra\/#breadcrumb","itemListElement":[{"@type":"ListItem","position":1,"name":"Portada","item":"https:\/\/modoviajeok.com.ar\/"},{"@type":"ListItem","position":2,"name":"El aceite de oliva virgen extra es la estrella en Maip\u00fa (Mendoza)"}]},{"@type":"WebSite","@id":"https:\/\/modoviajeok.com.ar\/#website","url":"https:\/\/modoviajeok.com.ar\/","name":"ModoViajeOK","description":"","publisher":{"@id":"https:\/\/modoviajeok.com.ar\/#organization"},"potentialAction":[{"@type":"SearchAction","target":{"@type":"EntryPoint","urlTemplate":"https:\/\/modoviajeok.com.ar\/?s={search_term_string}"},"query-input":{"@type":"PropertyValueSpecification","valueRequired":true,"valueName":"search_term_string"}}],"inLanguage":"es"},{"@type":"Organization","@id":"https:\/\/modoviajeok.com.ar\/#organization","name":"ModoViajeOK","url":"https:\/\/modoviajeok.com.ar\/","logo":{"@type":"ImageObject","inLanguage":"es","@id":"https:\/\/modoviajeok.com.ar\/#\/schema\/logo\/image\/","url":"https:\/\/modoviajeok.com.ar\/wp-content\/uploads\/2025\/01\/Logo-modoviajeok.png","contentUrl":"https:\/\/modoviajeok.com.ar\/wp-content\/uploads\/2025\/01\/Logo-modoviajeok.png","width":2938,"height":2276,"caption":"ModoViajeOK"},"image":{"@id":"https:\/\/modoviajeok.com.ar\/#\/schema\/logo\/image\/"},"sameAs":["https:\/\/www.facebook.com\/mariana.otero1\/","https:\/\/www.instagram.com\/modoviaje.ok\/"]},{"@type":"Person","@id":"https:\/\/modoviajeok.com.ar\/#\/schema\/person\/2e299ed0d3d412a01d244fe28260d7f5","name":"Pepe Segura","image":{"@type":"ImageObject","inLanguage":"es","@id":"https:\/\/modoviajeok.com.ar\/#\/schema\/person\/image\/","url":"https:\/\/secure.gravatar.com\/avatar\/65eb4b34deed761327f5b2c5535b987318ae807900ac46426de7258f5de6d345?s=96&d=mm&r=g","contentUrl":"https:\/\/secure.gravatar.com\/avatar\/65eb4b34deed761327f5b2c5535b987318ae807900ac46426de7258f5de6d345?s=96&d=mm&r=g","caption":"Pepe Segura"},"url":"https:\/\/modoviajeok.com.ar\/index.php\/author\/pepe2025\/"}]}},"_links":{"self":[{"href":"https:\/\/modoviajeok.com.ar\/index.php\/wp-json\/wp\/v2\/posts\/3492","targetHints":{"allow":["GET"]}}],"collection":[{"href":"https:\/\/modoviajeok.com.ar\/index.php\/wp-json\/wp\/v2\/posts"}],"about":[{"href":"https:\/\/modoviajeok.com.ar\/index.php\/wp-json\/wp\/v2\/types\/post"}],"author":[{"embeddable":true,"href":"https:\/\/modoviajeok.com.ar\/index.php\/wp-json\/wp\/v2\/users\/3"}],"replies":[{"embeddable":true,"href":"https:\/\/modoviajeok.com.ar\/index.php\/wp-json\/wp\/v2\/comments?post=3492"}],"version-history":[{"count":3,"href":"https:\/\/modoviajeok.com.ar\/index.php\/wp-json\/wp\/v2\/posts\/3492\/revisions"}],"predecessor-version":[{"id":3505,"href":"https:\/\/modoviajeok.com.ar\/index.php\/wp-json\/wp\/v2\/posts\/3492\/revisions\/3505"}],"wp:featuredmedia":[{"embeddable":true,"href":"https:\/\/modoviajeok.com.ar\/index.php\/wp-json\/wp\/v2\/media\/3493"}],"wp:attachment":[{"href":"https:\/\/modoviajeok.com.ar\/index.php\/wp-json\/wp\/v2\/media?parent=3492"}],"wp:term":[{"taxonomy":"category","embeddable":true,"href":"https:\/\/modoviajeok.com.ar\/index.php\/wp-json\/wp\/v2\/categories?post=3492"},{"taxonomy":"post_tag","embeddable":true,"href":"https:\/\/modoviajeok.com.ar\/index.php\/wp-json\/wp\/v2\/tags?post=3492"}],"curies":[{"name":"wp","href":"https:\/\/api.w.org\/{rel}","templated":true}]}}