{"id":3500,"date":"2025-04-26T19:08:39","date_gmt":"2025-04-26T22:08:39","guid":{"rendered":"https:\/\/modoviajeok.com.ar\/?p=3500"},"modified":"2025-04-27T23:17:40","modified_gmt":"2025-04-28T02:17:40","slug":"2700-millones-de-turistas-viajaron-por-el-pais-en-semana-santa","status":"publish","type":"post","link":"https:\/\/modoviajeok.com.ar\/index.php\/2025\/04\/26\/2700-millones-de-turistas-viajaron-por-el-pais-en-semana-santa\/","title":{"rendered":"2.700.000 turistas viajaron por el pa\u00eds en Semana Santa"},"content":{"rendered":"\n<p><\/p>\n\n\n\n<figure class=\"wp-block-pullquote\"><blockquote><p><strong>Seg\u00fan el informe de CAME (Confederaci\u00f3n Argentina de la Mediana Empresa) en promedio, cada persona desembols\u00f3 $87.590 diarios y tuvo una estad\u00eda media de 3,1 d\u00edas.<\/strong><\/p><\/blockquote><\/figure>\n\n\n\n<p>Semana Santa dej\u00f3 un balance positivo para el turismo en todo el pa\u00eds. Durante los cuatro d\u00edas del fin de semana largo, se movilizaron 2,7 millones de personas, generando un impacto econ\u00f3mico de $733.128 millones. El gasto se distribuy\u00f3 principalmente en alojamiento, gastronom\u00eda, transporte, actividades recreativas y compras, dejando una alta circulaci\u00f3n y dinamismo en los diversos destinos, seg\u00fan el relevamiento elaborado por la Confederaci\u00f3n Argentina de la Mediana Empresa (CAME).<\/p>\n\n\n\n<p>En promedio, cada persona desembols\u00f3 $87.590 diarios y tuvo una estad\u00eda media de 3,1 d\u00edas, dejando un consumo de $271.529 por visitante durante el fin de semana. El dispendio por jornada fue muy variable entre destinos. Mientras que un turista que viaj\u00f3 a Tierra del Fuego gast\u00f3 $320 mil diarios, quien eligi\u00f3 a Tucum\u00e1n desembols\u00f3 $72.000 o $75.000 si fue a Mendoza.<\/p>\n\n\n\n<figure class=\"wp-block-image size-full\"><img loading=\"lazy\" decoding=\"async\" width=\"2560\" height=\"1452\" src=\"https:\/\/modoviajeok.com.ar\/wp-content\/uploads\/2025\/04\/20250114_113441-scaled.jpg\" alt=\"\" class=\"wp-image-3503\" srcset=\"https:\/\/modoviajeok.com.ar\/wp-content\/uploads\/2025\/04\/20250114_113441-scaled.jpg 2560w, https:\/\/modoviajeok.com.ar\/wp-content\/uploads\/2025\/04\/20250114_113441-768x436.jpg 768w, https:\/\/modoviajeok.com.ar\/wp-content\/uploads\/2025\/04\/20250114_113441-1536x871.jpg 1536w, https:\/\/modoviajeok.com.ar\/wp-content\/uploads\/2025\/04\/20250114_113441-2048x1162.jpg 2048w, https:\/\/modoviajeok.com.ar\/wp-content\/uploads\/2025\/04\/20250114_113441-740x420.jpg 740w, https:\/\/modoviajeok.com.ar\/wp-content\/uploads\/2025\/04\/20250114_113441-150x85.jpg 150w, https:\/\/modoviajeok.com.ar\/wp-content\/uploads\/2025\/04\/20250114_113441-300x170.jpg 300w, https:\/\/modoviajeok.com.ar\/wp-content\/uploads\/2025\/04\/20250114_113441-696x395.jpg 696w, https:\/\/modoviajeok.com.ar\/wp-content\/uploads\/2025\/04\/20250114_113441-1068x606.jpg 1068w, https:\/\/modoviajeok.com.ar\/wp-content\/uploads\/2025\/04\/20250114_113441-1920x1089.jpg 1920w\" sizes=\"auto, (max-width: 2560px) 100vw, 2560px\" \/><figcaption class=\"wp-element-caption\">Villa del Totoral, uno de los destinos elegidos en la provincia de C\u00f3rdoba.<\/figcaption><\/figure>\n\n\n\n<p>Los encuentros religiosos dominaron la agenda en cada ciudad, pero fueron bien acompa\u00f1ados por festivales, competencias deportivas y ferias gastron\u00f3micas.<\/p>\n\n\n\n<p><strong>Los n\u00fameros<\/strong><strong><\/strong><\/p>\n\n\n\n<p>Los resultados del fin de semana fueron moderados, aunque dentro de lo previsto. Comparados con 2024, resultaron inferiores, porque Semana Santa del a\u00f1o pasado tuvo 6 d\u00edas, al combinarse con el feriado por el D\u00eda del Veterano y de los Ca\u00eddos en la Guerra de Malvinas. Por eso la cantidad de turistas este a\u00f1o baj\u00f3 16% y el impacto econ\u00f3mico result\u00f3 menor.<\/p>\n\n\n\n<p>En cambio, frente a Semana Santa 2023, este a\u00f1o viaj\u00f3 1,9% m\u00e1s de turistas, aunque la estad\u00eda promedio se redujo 9%. A pesar de ello, el impacto econ\u00f3mico, medido a precios constantes, fue 14,9% superior. Es decir, los visitantes permanecieron menos tiempo en los destinos que en 2023, pero gastaron m\u00e1s ($10.650 en 2023 contra $87.590 en este fin de semana) &nbsp;<\/p>\n\n\n\n<p>Muchos argentinos viajaron a pa\u00edses vecinos, principalmente Chile y Uruguay, y en menor medida Brasil y Paraguay. Hacia la Cordillera, se registraron filas de hasta 5 km y demoras de hasta 4 horas para cruzar desde Mendoza por el Paso Internacional Cristo Redentor. Algo similar se vivi\u00f3 en el Litoral, para cruzar hacia Paysand\u00fa el jueves hubo hasta 2km de colas.<\/p>\n\n\n\n<p>Aerol\u00edneas Argentinas\u00a0transport\u00f3 210.000 pasajeros durante el fin de semana, con una ocupaci\u00f3n promedio de 80% en sus vuelos. En tanto, en los viajes en \u00f3mnibus hubo ocupaci\u00f3n plena en la mayor\u00eda de los servicios del mi\u00e9rcoles 16.<\/p>\n\n\n\n<p>En lo que va del a\u00f1o, van dos fines de semana largos, donde viajaron 5.507.990 turistas y gastaron $1.434.192 millones ($1,4 billones o US$1.261 millones).<\/p>\n\n\n\n<p><strong>Scioli, conforme<\/strong><\/p>\n\n\n\n<p>El secretario de Turismo, Ambiente y Deportes de la Naci\u00f3n,\u00a0Daniel Scioli, destac\u00f3 que\u00a0\u201ceste feriado extra largo fue muy alentador, con alt\u00edsimo nivel de ocupaci\u00f3n en todo el pa\u00eds\u201d. En ese sentido remarc\u00f3 la tendencia positiva en la econom\u00eda de cara a la temporada invernal. Por \u00faltimo, asegur\u00f3 que\u00a0\u201cla gente eligi\u00f3 salir y super\u00f3 todas la expectativas, fue muy importante para la actividad tur\u00edstica y fundamentalmente para otros sectores vinculados al turismo\u201d.<br><br><strong>Datos por provincias y ciudades<\/strong><\/p>\n\n\n\n<p>En la costa bonaerense,&nbsp;Mar del Plata&nbsp;-el destino con mayor capacidad hotelera de todo el territorio nacional- tuvo un 70 por ciento de ocupaci\u00f3n, mientras que&nbsp;Mar de las Pampas,&nbsp;Pinamar&nbsp;y&nbsp;Caril\u00f3&nbsp;registraron una ocupaci\u00f3n entre el&nbsp;70 y 80 por ciento. A la vez, en&nbsp;Tandil&nbsp;hubo muy buena demanda por el turismo religioso.<\/p>\n\n\n\n<p>La&nbsp;Ciudad de Buenos Aires&nbsp;recibi\u00f3 m\u00e1s de 100 mil visitantes, tanto nacionales como internacionales con una ocupaci\u00f3n del&nbsp;68 por ciento.<\/p>\n\n\n\n<p>En&nbsp;C\u00f3rdoba, Villa Carlos Paz tuvo&nbsp;80 por ciento&nbsp;de ocupaci\u00f3n, al igual que La Cumbrecita, en tanto que Villa del Totoral y Villa General Belgrano registraron porcentajes pr\u00e1cticamente totales.<\/p>\n\n\n\n<p>El nivel de ocupaci\u00f3n tambi\u00e9n fue muy alto en&nbsp;Cuyo, la ocupaci\u00f3n estuvo cercana al&nbsp;80 por ciento&nbsp;con picos de&nbsp;100 por ciento&nbsp;en algunas localidades de&nbsp;Mendoza, impulsadas por el turismo del vino y el turismo religioso. A la vez que hubo una muy buena ocupaci\u00f3n en los destinos sanjuaninos de Valle F\u00e9rtil, Iglesia y Calingasta con un&nbsp;95 por ciento. En&nbsp;San Luis, La Punta, San Francisco del Monte de Oro y Villa Mercedes registraron un&nbsp;92 por ciento, Villa de Merlo alcanz\u00f3 el&nbsp;97 por ciento&nbsp;y El Trapiche lleg\u00f3 al&nbsp;96 por ciento.<\/p>\n\n\n\n<p>La actividad tur\u00edstica tambi\u00e9n fue alta en el&nbsp;Litoral, con porcentajes superiores al&nbsp;80 por ciento&nbsp;en la capital correntina, y localidades como Esquina, Bella Vista, Mercedes y Paran\u00e1 Norte alcanzaron niveles entre&nbsp;80 y 90 por ciento. En&nbsp;Misiones, Iguaz\u00fa registr\u00f3&nbsp;89 por ciento&nbsp;con m\u00e1s de 14 mil visitantes al Parque Nacional Iguaz\u00fa. En&nbsp;Formosa, Las Lomitas se destac\u00f3 con una ocupaci\u00f3n del&nbsp;80 por ciento.<\/p>\n\n\n\n<p>En&nbsp;Entre R\u00edos, Concordia fue uno de los epicentros m\u00e1s activos, con un alojamiento de un&nbsp;90 por ciento. Santa Elena lleg\u00f3 al&nbsp;90 por ciento&nbsp;y Villa Elisa alcanz\u00f3 el&nbsp;100 por ciento.<\/p>\n\n\n\n<p>En el&nbsp;Norte, los destinos catamarque\u00f1os de Bel\u00e9n y Antofagasta de la Sierra tuvieron una ocupaci\u00f3n entre el&nbsp;80 y 95 por ciento, mientras en&nbsp;Jujuy, La Quebrada se acerc\u00f3 al&nbsp;80 por ciento. En&nbsp;Salta, Rosario de la Frontera registr\u00f3&nbsp;100 por ciento, mientras que San Lorenzo, Cachi y Cafayate registraron un&nbsp;70 por ciento.<\/p>\n\n\n\n<p>En&nbsp;Santiago del Estero&nbsp;se destac\u00f3 la ciudad de Termas de Rio Hondo, que alcanz\u00f3 una ocupaci\u00f3n del&nbsp;80 por ciento.<\/p>\n\n\n\n<p>Tambi\u00e9n hubo alto nivel de ocupaci\u00f3n en la&nbsp;Patagonia, destinos de la provincia de&nbsp;Neuqu\u00e9n&nbsp;como Alumin\u00e9 y Copahue llegaron al&nbsp;100 por ciento. Caviahue y San Mart\u00edn de los Andes, con un&nbsp;80 por ciento. Mientras que &nbsp;Bariloche y Las Grutas, en&nbsp;R\u00edo Negro, registraron entre&nbsp;90 y 100 por ciento. Por \u00faltimo, la ciudad de Ushuaia,&nbsp;Tierra del Fuego, tuvo un&nbsp;75 por ciento&nbsp;de ocupaci\u00f3n.<\/p>\n\n\n\n<p><\/p>\n\n\n      <div class=\"wp_bannerize_container wp_bannerize_layout_vertical\">\n\n        <div class=\"wp_bannerize_banner_box wp_bannerize_category_intertexto-1\" data-title=\"Modo viaje\" data-mime_type=\"image-gif\" data-banner_id=\"1783\" id=\"wpbanner-1783\" data-impressions_enabled=\"true\" data-clicks_enabled=\"true\"><a href=\"https:\/\/www.instagram.com\/modoviaje.ok?igsh=Z3c5emxsZWFtdXN3\"><img decoding=\"async\" border=\"0\" src=\"https:\/\/modoviajeok.com.ar\/wp-content\/uploads\/2025\/02\/modoviaje.ok-300-x-250-px.gif\" alt=\"Modo viaje\" title=\"Modo viaje\" \/><\/a><\/div>      <\/div>\n\n\n\n\n\n<p><\/p>\n","protected":false},"excerpt":{"rendered":"<p>Seg\u00fan el informe de CAME (Confederaci\u00f3n Argentina de la Mediana Empresa) en promedio, cada persona desembols\u00f3 $87.590 diarios y tuvo una estad\u00eda media de 3,1 d\u00edas. Semana Santa dej\u00f3 un balance positivo para el turismo en todo el pa\u00eds. Durante los cuatro d\u00edas del fin de semana largo, se movilizaron 2,7 millones de personas, generando [&hellip;]<\/p>\n","protected":false},"author":3,"featured_media":3502,"comment_status":"open","ping_status":"open","sticky":false,"template":"","format":"standard","meta":{"_acf_changed":false,"footnotes":""},"categories":[13,10],"tags":[560,773],"class_list":{"0":"post-3500","1":"post","2":"type-post","3":"status-publish","4":"format-standard","5":"has-post-thumbnail","7":"category-argentina","8":"category-noticias","9":"tag-came","10":"tag-semana-santa"},"acf":[],"yoast_head":"<!-- This site is optimized with the Yoast SEO plugin v24.8.1 - https:\/\/yoast.com\/wordpress\/plugins\/seo\/ -->\n<title>2.700.000 turistas viajaron por el pa\u00eds en Semana Santa -<\/title>\n<meta name=\"description\" content=\"Cada uno gast\u00f3 87.590 pesos por d\u00eda.\" \/>\n<meta name=\"robots\" content=\"index, follow, max-snippet:-1, max-image-preview:large, max-video-preview:-1\" \/>\n<link rel=\"canonical\" href=\"https:\/\/modoviajeok.com.ar\/index.php\/2025\/04\/26\/2700-millones-de-turistas-viajaron-por-el-pais-en-semana-santa\/\" \/>\n<meta property=\"og:locale\" content=\"es_ES\" \/>\n<meta property=\"og:type\" content=\"article\" \/>\n<meta property=\"og:title\" content=\"2.700.000 turistas viajaron por el pa\u00eds en Semana Santa -\" \/>\n<meta property=\"og:description\" content=\"Cada uno gast\u00f3 87.590 pesos por d\u00eda.\" \/>\n<meta property=\"og:url\" content=\"https:\/\/modoviajeok.com.ar\/index.php\/2025\/04\/26\/2700-millones-de-turistas-viajaron-por-el-pais-en-semana-santa\/\" \/>\n<meta property=\"article:publisher\" content=\"https:\/\/www.facebook.com\/mariana.otero1\/\" \/>\n<meta property=\"article:published_time\" content=\"2025-04-26T22:08:39+00:00\" \/>\n<meta property=\"article:modified_time\" content=\"2025-04-28T02:17:40+00:00\" \/>\n<meta property=\"og:image\" content=\"https:\/\/modoviajeok.com.ar\/wp-content\/uploads\/2025\/04\/DSCN2501-scaled.jpg\" \/>\n\t<meta property=\"og:image:width\" content=\"2560\" \/>\n\t<meta property=\"og:image:height\" content=\"1406\" \/>\n\t<meta property=\"og:image:type\" content=\"image\/jpeg\" \/>\n<meta name=\"author\" content=\"Pepe Segura\" \/>\n<meta name=\"twitter:card\" content=\"summary_large_image\" \/>\n<meta name=\"twitter:label1\" content=\"Escrito por\" \/>\n\t<meta name=\"twitter:data1\" content=\"Pepe Segura\" \/>\n\t<meta name=\"twitter:label2\" content=\"Tiempo de lectura\" \/>\n\t<meta name=\"twitter:data2\" content=\"5 minutos\" \/>\n<script type=\"application\/ld+json\" class=\"yoast-schema-graph\">{\"@context\":\"https:\/\/schema.org\",\"@graph\":[{\"@type\":\"Article\",\"@id\":\"https:\/\/modoviajeok.com.ar\/index.php\/2025\/04\/26\/2700-millones-de-turistas-viajaron-por-el-pais-en-semana-santa\/#article\",\"isPartOf\":{\"@id\":\"https:\/\/modoviajeok.com.ar\/index.php\/2025\/04\/26\/2700-millones-de-turistas-viajaron-por-el-pais-en-semana-santa\/\"},\"author\":{\"name\":\"Pepe Segura\",\"@id\":\"https:\/\/modoviajeok.com.ar\/#\/schema\/person\/2e299ed0d3d412a01d244fe28260d7f5\"},\"headline\":\"2.700.000 turistas viajaron por el pa\u00eds en Semana Santa\",\"datePublished\":\"2025-04-26T22:08:39+00:00\",\"dateModified\":\"2025-04-28T02:17:40+00:00\",\"mainEntityOfPage\":{\"@id\":\"https:\/\/modoviajeok.com.ar\/index.php\/2025\/04\/26\/2700-millones-de-turistas-viajaron-por-el-pais-en-semana-santa\/\"},\"wordCount\":1065,\"commentCount\":0,\"publisher\":{\"@id\":\"https:\/\/modoviajeok.com.ar\/#organization\"},\"image\":{\"@id\":\"https:\/\/modoviajeok.com.ar\/index.php\/2025\/04\/26\/2700-millones-de-turistas-viajaron-por-el-pais-en-semana-santa\/#primaryimage\"},\"thumbnailUrl\":\"https:\/\/modoviajeok.com.ar\/wp-content\/uploads\/2025\/04\/DSCN2501-scaled.jpg\",\"keywords\":[\"came\",\"semana santa\"],\"articleSection\":[\"Argentina\",\"Noticias\"],\"inLanguage\":\"es\",\"potentialAction\":[{\"@type\":\"CommentAction\",\"name\":\"Comment\",\"target\":[\"https:\/\/modoviajeok.com.ar\/index.php\/2025\/04\/26\/2700-millones-de-turistas-viajaron-por-el-pais-en-semana-santa\/#respond\"]}]},{\"@type\":\"WebPage\",\"@id\":\"https:\/\/modoviajeok.com.ar\/index.php\/2025\/04\/26\/2700-millones-de-turistas-viajaron-por-el-pais-en-semana-santa\/\",\"url\":\"https:\/\/modoviajeok.com.ar\/index.php\/2025\/04\/26\/2700-millones-de-turistas-viajaron-por-el-pais-en-semana-santa\/\",\"name\":\"2.700.000 turistas viajaron por el pa\u00eds en Semana Santa -\",\"isPartOf\":{\"@id\":\"https:\/\/modoviajeok.com.ar\/#website\"},\"primaryImageOfPage\":{\"@id\":\"https:\/\/modoviajeok.com.ar\/index.php\/2025\/04\/26\/2700-millones-de-turistas-viajaron-por-el-pais-en-semana-santa\/#primaryimage\"},\"image\":{\"@id\":\"https:\/\/modoviajeok.com.ar\/index.php\/2025\/04\/26\/2700-millones-de-turistas-viajaron-por-el-pais-en-semana-santa\/#primaryimage\"},\"thumbnailUrl\":\"https:\/\/modoviajeok.com.ar\/wp-content\/uploads\/2025\/04\/DSCN2501-scaled.jpg\",\"datePublished\":\"2025-04-26T22:08:39+00:00\",\"dateModified\":\"2025-04-28T02:17:40+00:00\",\"description\":\"Cada uno gast\u00f3 87.590 pesos por d\u00eda.\",\"breadcrumb\":{\"@id\":\"https:\/\/modoviajeok.com.ar\/index.php\/2025\/04\/26\/2700-millones-de-turistas-viajaron-por-el-pais-en-semana-santa\/#breadcrumb\"},\"inLanguage\":\"es\",\"potentialAction\":[{\"@type\":\"ReadAction\",\"target\":[\"https:\/\/modoviajeok.com.ar\/index.php\/2025\/04\/26\/2700-millones-de-turistas-viajaron-por-el-pais-en-semana-santa\/\"]}]},{\"@type\":\"ImageObject\",\"inLanguage\":\"es\",\"@id\":\"https:\/\/modoviajeok.com.ar\/index.php\/2025\/04\/26\/2700-millones-de-turistas-viajaron-por-el-pais-en-semana-santa\/#primaryimage\",\"url\":\"https:\/\/modoviajeok.com.ar\/wp-content\/uploads\/2025\/04\/DSCN2501-scaled.jpg\",\"contentUrl\":\"https:\/\/modoviajeok.com.ar\/wp-content\/uploads\/2025\/04\/DSCN2501-scaled.jpg\",\"width\":2560,\"height\":1406},{\"@type\":\"BreadcrumbList\",\"@id\":\"https:\/\/modoviajeok.com.ar\/index.php\/2025\/04\/26\/2700-millones-de-turistas-viajaron-por-el-pais-en-semana-santa\/#breadcrumb\",\"itemListElement\":[{\"@type\":\"ListItem\",\"position\":1,\"name\":\"Portada\",\"item\":\"https:\/\/modoviajeok.com.ar\/\"},{\"@type\":\"ListItem\",\"position\":2,\"name\":\"2.700.000 turistas viajaron por el pa\u00eds en Semana Santa\"}]},{\"@type\":\"WebSite\",\"@id\":\"https:\/\/modoviajeok.com.ar\/#website\",\"url\":\"https:\/\/modoviajeok.com.ar\/\",\"name\":\"ModoViajeOK\",\"description\":\"\",\"publisher\":{\"@id\":\"https:\/\/modoviajeok.com.ar\/#organization\"},\"potentialAction\":[{\"@type\":\"SearchAction\",\"target\":{\"@type\":\"EntryPoint\",\"urlTemplate\":\"https:\/\/modoviajeok.com.ar\/?s={search_term_string}\"},\"query-input\":{\"@type\":\"PropertyValueSpecification\",\"valueRequired\":true,\"valueName\":\"search_term_string\"}}],\"inLanguage\":\"es\"},{\"@type\":\"Organization\",\"@id\":\"https:\/\/modoviajeok.com.ar\/#organization\",\"name\":\"ModoViajeOK\",\"url\":\"https:\/\/modoviajeok.com.ar\/\",\"logo\":{\"@type\":\"ImageObject\",\"inLanguage\":\"es\",\"@id\":\"https:\/\/modoviajeok.com.ar\/#\/schema\/logo\/image\/\",\"url\":\"https:\/\/modoviajeok.com.ar\/wp-content\/uploads\/2025\/01\/Logo-modoviajeok.png\",\"contentUrl\":\"https:\/\/modoviajeok.com.ar\/wp-content\/uploads\/2025\/01\/Logo-modoviajeok.png\",\"width\":2938,\"height\":2276,\"caption\":\"ModoViajeOK\"},\"image\":{\"@id\":\"https:\/\/modoviajeok.com.ar\/#\/schema\/logo\/image\/\"},\"sameAs\":[\"https:\/\/www.facebook.com\/mariana.otero1\/\",\"https:\/\/www.instagram.com\/modoviaje.ok\/\"]},{\"@type\":\"Person\",\"@id\":\"https:\/\/modoviajeok.com.ar\/#\/schema\/person\/2e299ed0d3d412a01d244fe28260d7f5\",\"name\":\"Pepe Segura\",\"image\":{\"@type\":\"ImageObject\",\"inLanguage\":\"es\",\"@id\":\"https:\/\/modoviajeok.com.ar\/#\/schema\/person\/image\/\",\"url\":\"https:\/\/secure.gravatar.com\/avatar\/65eb4b34deed761327f5b2c5535b987318ae807900ac46426de7258f5de6d345?s=96&d=mm&r=g\",\"contentUrl\":\"https:\/\/secure.gravatar.com\/avatar\/65eb4b34deed761327f5b2c5535b987318ae807900ac46426de7258f5de6d345?s=96&d=mm&r=g\",\"caption\":\"Pepe Segura\"},\"url\":\"https:\/\/modoviajeok.com.ar\/index.php\/author\/pepe2025\/\"}]}<\/script>\n<!-- \/ Yoast SEO plugin. -->","yoast_head_json":{"title":"2.700.000 turistas viajaron por el pa\u00eds en Semana Santa -","description":"Cada uno gast\u00f3 87.590 pesos por d\u00eda.","robots":{"index":"index","follow":"follow","max-snippet":"max-snippet:-1","max-image-preview":"max-image-preview:large","max-video-preview":"max-video-preview:-1"},"canonical":"https:\/\/modoviajeok.com.ar\/index.php\/2025\/04\/26\/2700-millones-de-turistas-viajaron-por-el-pais-en-semana-santa\/","og_locale":"es_ES","og_type":"article","og_title":"2.700.000 turistas viajaron por el pa\u00eds en Semana Santa -","og_description":"Cada uno gast\u00f3 87.590 pesos por d\u00eda.","og_url":"https:\/\/modoviajeok.com.ar\/index.php\/2025\/04\/26\/2700-millones-de-turistas-viajaron-por-el-pais-en-semana-santa\/","article_publisher":"https:\/\/www.facebook.com\/mariana.otero1\/","article_published_time":"2025-04-26T22:08:39+00:00","article_modified_time":"2025-04-28T02:17:40+00:00","og_image":[{"width":2560,"height":1406,"url":"https:\/\/modoviajeok.com.ar\/wp-content\/uploads\/2025\/04\/DSCN2501-scaled.jpg","type":"image\/jpeg"}],"author":"Pepe Segura","twitter_card":"summary_large_image","twitter_misc":{"Escrito por":"Pepe Segura","Tiempo de lectura":"5 minutos"},"schema":{"@context":"https:\/\/schema.org","@graph":[{"@type":"Article","@id":"https:\/\/modoviajeok.com.ar\/index.php\/2025\/04\/26\/2700-millones-de-turistas-viajaron-por-el-pais-en-semana-santa\/#article","isPartOf":{"@id":"https:\/\/modoviajeok.com.ar\/index.php\/2025\/04\/26\/2700-millones-de-turistas-viajaron-por-el-pais-en-semana-santa\/"},"author":{"name":"Pepe Segura","@id":"https:\/\/modoviajeok.com.ar\/#\/schema\/person\/2e299ed0d3d412a01d244fe28260d7f5"},"headline":"2.700.000 turistas viajaron por el pa\u00eds en Semana Santa","datePublished":"2025-04-26T22:08:39+00:00","dateModified":"2025-04-28T02:17:40+00:00","mainEntityOfPage":{"@id":"https:\/\/modoviajeok.com.ar\/index.php\/2025\/04\/26\/2700-millones-de-turistas-viajaron-por-el-pais-en-semana-santa\/"},"wordCount":1065,"commentCount":0,"publisher":{"@id":"https:\/\/modoviajeok.com.ar\/#organization"},"image":{"@id":"https:\/\/modoviajeok.com.ar\/index.php\/2025\/04\/26\/2700-millones-de-turistas-viajaron-por-el-pais-en-semana-santa\/#primaryimage"},"thumbnailUrl":"https:\/\/modoviajeok.com.ar\/wp-content\/uploads\/2025\/04\/DSCN2501-scaled.jpg","keywords":["came","semana santa"],"articleSection":["Argentina","Noticias"],"inLanguage":"es","potentialAction":[{"@type":"CommentAction","name":"Comment","target":["https:\/\/modoviajeok.com.ar\/index.php\/2025\/04\/26\/2700-millones-de-turistas-viajaron-por-el-pais-en-semana-santa\/#respond"]}]},{"@type":"WebPage","@id":"https:\/\/modoviajeok.com.ar\/index.php\/2025\/04\/26\/2700-millones-de-turistas-viajaron-por-el-pais-en-semana-santa\/","url":"https:\/\/modoviajeok.com.ar\/index.php\/2025\/04\/26\/2700-millones-de-turistas-viajaron-por-el-pais-en-semana-santa\/","name":"2.700.000 turistas viajaron por el pa\u00eds en Semana Santa -","isPartOf":{"@id":"https:\/\/modoviajeok.com.ar\/#website"},"primaryImageOfPage":{"@id":"https:\/\/modoviajeok.com.ar\/index.php\/2025\/04\/26\/2700-millones-de-turistas-viajaron-por-el-pais-en-semana-santa\/#primaryimage"},"image":{"@id":"https:\/\/modoviajeok.com.ar\/index.php\/2025\/04\/26\/2700-millones-de-turistas-viajaron-por-el-pais-en-semana-santa\/#primaryimage"},"thumbnailUrl":"https:\/\/modoviajeok.com.ar\/wp-content\/uploads\/2025\/04\/DSCN2501-scaled.jpg","datePublished":"2025-04-26T22:08:39+00:00","dateModified":"2025-04-28T02:17:40+00:00","description":"Cada uno gast\u00f3 87.590 pesos por d\u00eda.","breadcrumb":{"@id":"https:\/\/modoviajeok.com.ar\/index.php\/2025\/04\/26\/2700-millones-de-turistas-viajaron-por-el-pais-en-semana-santa\/#breadcrumb"},"inLanguage":"es","potentialAction":[{"@type":"ReadAction","target":["https:\/\/modoviajeok.com.ar\/index.php\/2025\/04\/26\/2700-millones-de-turistas-viajaron-por-el-pais-en-semana-santa\/"]}]},{"@type":"ImageObject","inLanguage":"es","@id":"https:\/\/modoviajeok.com.ar\/index.php\/2025\/04\/26\/2700-millones-de-turistas-viajaron-por-el-pais-en-semana-santa\/#primaryimage","url":"https:\/\/modoviajeok.com.ar\/wp-content\/uploads\/2025\/04\/DSCN2501-scaled.jpg","contentUrl":"https:\/\/modoviajeok.com.ar\/wp-content\/uploads\/2025\/04\/DSCN2501-scaled.jpg","width":2560,"height":1406},{"@type":"BreadcrumbList","@id":"https:\/\/modoviajeok.com.ar\/index.php\/2025\/04\/26\/2700-millones-de-turistas-viajaron-por-el-pais-en-semana-santa\/#breadcrumb","itemListElement":[{"@type":"ListItem","position":1,"name":"Portada","item":"https:\/\/modoviajeok.com.ar\/"},{"@type":"ListItem","position":2,"name":"2.700.000 turistas viajaron por el pa\u00eds en Semana Santa"}]},{"@type":"WebSite","@id":"https:\/\/modoviajeok.com.ar\/#website","url":"https:\/\/modoviajeok.com.ar\/","name":"ModoViajeOK","description":"","publisher":{"@id":"https:\/\/modoviajeok.com.ar\/#organization"},"potentialAction":[{"@type":"SearchAction","target":{"@type":"EntryPoint","urlTemplate":"https:\/\/modoviajeok.com.ar\/?s={search_term_string}"},"query-input":{"@type":"PropertyValueSpecification","valueRequired":true,"valueName":"search_term_string"}}],"inLanguage":"es"},{"@type":"Organization","@id":"https:\/\/modoviajeok.com.ar\/#organization","name":"ModoViajeOK","url":"https:\/\/modoviajeok.com.ar\/","logo":{"@type":"ImageObject","inLanguage":"es","@id":"https:\/\/modoviajeok.com.ar\/#\/schema\/logo\/image\/","url":"https:\/\/modoviajeok.com.ar\/wp-content\/uploads\/2025\/01\/Logo-modoviajeok.png","contentUrl":"https:\/\/modoviajeok.com.ar\/wp-content\/uploads\/2025\/01\/Logo-modoviajeok.png","width":2938,"height":2276,"caption":"ModoViajeOK"},"image":{"@id":"https:\/\/modoviajeok.com.ar\/#\/schema\/logo\/image\/"},"sameAs":["https:\/\/www.facebook.com\/mariana.otero1\/","https:\/\/www.instagram.com\/modoviaje.ok\/"]},{"@type":"Person","@id":"https:\/\/modoviajeok.com.ar\/#\/schema\/person\/2e299ed0d3d412a01d244fe28260d7f5","name":"Pepe Segura","image":{"@type":"ImageObject","inLanguage":"es","@id":"https:\/\/modoviajeok.com.ar\/#\/schema\/person\/image\/","url":"https:\/\/secure.gravatar.com\/avatar\/65eb4b34deed761327f5b2c5535b987318ae807900ac46426de7258f5de6d345?s=96&d=mm&r=g","contentUrl":"https:\/\/secure.gravatar.com\/avatar\/65eb4b34deed761327f5b2c5535b987318ae807900ac46426de7258f5de6d345?s=96&d=mm&r=g","caption":"Pepe Segura"},"url":"https:\/\/modoviajeok.com.ar\/index.php\/author\/pepe2025\/"}]}},"_links":{"self":[{"href":"https:\/\/modoviajeok.com.ar\/index.php\/wp-json\/wp\/v2\/posts\/3500","targetHints":{"allow":["GET"]}}],"collection":[{"href":"https:\/\/modoviajeok.com.ar\/index.php\/wp-json\/wp\/v2\/posts"}],"about":[{"href":"https:\/\/modoviajeok.com.ar\/index.php\/wp-json\/wp\/v2\/types\/post"}],"author":[{"embeddable":true,"href":"https:\/\/modoviajeok.com.ar\/index.php\/wp-json\/wp\/v2\/users\/3"}],"replies":[{"embeddable":true,"href":"https:\/\/modoviajeok.com.ar\/index.php\/wp-json\/wp\/v2\/comments?post=3500"}],"version-history":[{"count":2,"href":"https:\/\/modoviajeok.com.ar\/index.php\/wp-json\/wp\/v2\/posts\/3500\/revisions"}],"predecessor-version":[{"id":3507,"href":"https:\/\/modoviajeok.com.ar\/index.php\/wp-json\/wp\/v2\/posts\/3500\/revisions\/3507"}],"wp:featuredmedia":[{"embeddable":true,"href":"https:\/\/modoviajeok.com.ar\/index.php\/wp-json\/wp\/v2\/media\/3502"}],"wp:attachment":[{"href":"https:\/\/modoviajeok.com.ar\/index.php\/wp-json\/wp\/v2\/media?parent=3500"}],"wp:term":[{"taxonomy":"category","embeddable":true,"href":"https:\/\/modoviajeok.com.ar\/index.php\/wp-json\/wp\/v2\/categories?post=3500"},{"taxonomy":"post_tag","embeddable":true,"href":"https:\/\/modoviajeok.com.ar\/index.php\/wp-json\/wp\/v2\/tags?post=3500"}],"curies":[{"name":"wp","href":"https:\/\/api.w.org\/{rel}","templated":true}]}}