{"id":3608,"date":"2025-05-06T11:13:06","date_gmt":"2025-05-06T14:13:06","guid":{"rendered":"https:\/\/modoviajeok.com.ar\/?p=3608"},"modified":"2025-05-21T19:01:41","modified_gmt":"2025-05-21T22:01:41","slug":"san-isidro-viaje-a-la-comunidad-kolla-de-los-cerros-de-iruya","status":"publish","type":"post","link":"https:\/\/modoviajeok.com.ar\/index.php\/2025\/05\/06\/san-isidro-viaje-a-la-comunidad-kolla-de-los-cerros-de-iruya\/","title":{"rendered":"San Isidro: viaje a la comunidad kolla de los cerros de Iruya"},"content":{"rendered":"\n<p><\/p>\n\n\n\n<p>Los majestuosos cerros de la pre Puna salte\u00f1a lo envuelven todo. Siempre sorprende la grandeza de la naturaleza que pone en su sitio la pretensi\u00f3n humana de abarcarlo todo. En esos cerros de colores de m\u00e1s de 3.000 metros de altura viven 3.900 familias de 24 comunidades kollas -aymara-quechuas-.&nbsp;<\/p>\n\n\n\n<figure class=\"wp-block-image size-full\"><img loading=\"lazy\" decoding=\"async\" width=\"1600\" height=\"1204\" src=\"https:\/\/modoviajeok.com.ar\/wp-content\/uploads\/2025\/05\/WhatsApp-Image-2025-05-06-at-10.29.33-1.jpeg\" alt=\"\" class=\"wp-image-3609\" srcset=\"https:\/\/modoviajeok.com.ar\/wp-content\/uploads\/2025\/05\/WhatsApp-Image-2025-05-06-at-10.29.33-1.jpeg 1600w, https:\/\/modoviajeok.com.ar\/wp-content\/uploads\/2025\/05\/WhatsApp-Image-2025-05-06-at-10.29.33-1-768x578.jpeg 768w, https:\/\/modoviajeok.com.ar\/wp-content\/uploads\/2025\/05\/WhatsApp-Image-2025-05-06-at-10.29.33-1-1536x1156.jpeg 1536w, https:\/\/modoviajeok.com.ar\/wp-content\/uploads\/2025\/05\/WhatsApp-Image-2025-05-06-at-10.29.33-1-558x420.jpeg 558w, https:\/\/modoviajeok.com.ar\/wp-content\/uploads\/2025\/05\/WhatsApp-Image-2025-05-06-at-10.29.33-1-80x60.jpeg 80w, https:\/\/modoviajeok.com.ar\/wp-content\/uploads\/2025\/05\/WhatsApp-Image-2025-05-06-at-10.29.33-1-150x113.jpeg 150w, https:\/\/modoviajeok.com.ar\/wp-content\/uploads\/2025\/05\/WhatsApp-Image-2025-05-06-at-10.29.33-1-300x226.jpeg 300w, https:\/\/modoviajeok.com.ar\/wp-content\/uploads\/2025\/05\/WhatsApp-Image-2025-05-06-at-10.29.33-1-696x524.jpeg 696w, https:\/\/modoviajeok.com.ar\/wp-content\/uploads\/2025\/05\/WhatsApp-Image-2025-05-06-at-10.29.33-1-1068x804.jpeg 1068w, https:\/\/modoviajeok.com.ar\/wp-content\/uploads\/2025\/05\/WhatsApp-Image-2025-05-06-at-10.29.33-1-265x198.jpeg 265w\" sizes=\"auto, (max-width: 1600px) 100vw, 1600px\" \/><\/figure>\n\n\n\n<p>Impacta ver las siluetas de los caminantes por esos senderos solitarios de las alturas rumbo a sus casas mimetizadas con el ambiente de estos peque\u00f1os pueblos que, lejos de lo que uno puede imaginar, disponen de agua, luz, internet, escuela, iglesia, canchas de f\u00fatbol, bares, hostels y balcones naturales que miran hacia un paisaje privilegiado y sobrecogedor.<\/p>\n\n\n\n<figure class=\"wp-block-image size-full\"><img loading=\"lazy\" decoding=\"async\" width=\"1600\" height=\"1204\" src=\"https:\/\/modoviajeok.com.ar\/wp-content\/uploads\/2025\/05\/WhatsApp-Image-2025-05-06-at-10.29.33-2.jpeg\" alt=\"\" class=\"wp-image-3610\" srcset=\"https:\/\/modoviajeok.com.ar\/wp-content\/uploads\/2025\/05\/WhatsApp-Image-2025-05-06-at-10.29.33-2.jpeg 1600w, https:\/\/modoviajeok.com.ar\/wp-content\/uploads\/2025\/05\/WhatsApp-Image-2025-05-06-at-10.29.33-2-768x578.jpeg 768w, https:\/\/modoviajeok.com.ar\/wp-content\/uploads\/2025\/05\/WhatsApp-Image-2025-05-06-at-10.29.33-2-1536x1156.jpeg 1536w, https:\/\/modoviajeok.com.ar\/wp-content\/uploads\/2025\/05\/WhatsApp-Image-2025-05-06-at-10.29.33-2-558x420.jpeg 558w, https:\/\/modoviajeok.com.ar\/wp-content\/uploads\/2025\/05\/WhatsApp-Image-2025-05-06-at-10.29.33-2-80x60.jpeg 80w, https:\/\/modoviajeok.com.ar\/wp-content\/uploads\/2025\/05\/WhatsApp-Image-2025-05-06-at-10.29.33-2-150x113.jpeg 150w, https:\/\/modoviajeok.com.ar\/wp-content\/uploads\/2025\/05\/WhatsApp-Image-2025-05-06-at-10.29.33-2-300x226.jpeg 300w, https:\/\/modoviajeok.com.ar\/wp-content\/uploads\/2025\/05\/WhatsApp-Image-2025-05-06-at-10.29.33-2-696x524.jpeg 696w, https:\/\/modoviajeok.com.ar\/wp-content\/uploads\/2025\/05\/WhatsApp-Image-2025-05-06-at-10.29.33-2-1068x804.jpeg 1068w, https:\/\/modoviajeok.com.ar\/wp-content\/uploads\/2025\/05\/WhatsApp-Image-2025-05-06-at-10.29.33-2-265x198.jpeg 265w\" sizes=\"auto, (max-width: 1600px) 100vw, 1600px\" \/><\/figure>\n\n\n\n<p>San Isidro es una de las comunidades kollas que se encuentra a s\u00f3lo ocho kil\u00f3metros de preciosa e imperdible Iruya, a la que se llega a trav\u00e9s del lecho del r\u00edo San Isidro. All\u00ed viven 47 familias que conservan su cultura intacta, sus tradiciones, sus saberes e idiosincrasia.&nbsp;<\/p>\n\n\n\n\n\n<figure class=\"wp-block-image size-full\"><img loading=\"lazy\" decoding=\"async\" width=\"1204\" height=\"1600\" src=\"https:\/\/modoviajeok.com.ar\/wp-content\/uploads\/2025\/05\/WhatsApp-Image-2025-05-06-at-10.29.33-3.jpeg\" alt=\"\" class=\"wp-image-3611\" srcset=\"https:\/\/modoviajeok.com.ar\/wp-content\/uploads\/2025\/05\/WhatsApp-Image-2025-05-06-at-10.29.33-3.jpeg 1204w, https:\/\/modoviajeok.com.ar\/wp-content\/uploads\/2025\/05\/WhatsApp-Image-2025-05-06-at-10.29.33-3-768x1021.jpeg 768w, https:\/\/modoviajeok.com.ar\/wp-content\/uploads\/2025\/05\/WhatsApp-Image-2025-05-06-at-10.29.33-3-1156x1536.jpeg 1156w, https:\/\/modoviajeok.com.ar\/wp-content\/uploads\/2025\/05\/WhatsApp-Image-2025-05-06-at-10.29.33-3-316x420.jpeg 316w, https:\/\/modoviajeok.com.ar\/wp-content\/uploads\/2025\/05\/WhatsApp-Image-2025-05-06-at-10.29.33-3-150x199.jpeg 150w, https:\/\/modoviajeok.com.ar\/wp-content\/uploads\/2025\/05\/WhatsApp-Image-2025-05-06-at-10.29.33-3-300x399.jpeg 300w, https:\/\/modoviajeok.com.ar\/wp-content\/uploads\/2025\/05\/WhatsApp-Image-2025-05-06-at-10.29.33-3-696x925.jpeg 696w, https:\/\/modoviajeok.com.ar\/wp-content\/uploads\/2025\/05\/WhatsApp-Image-2025-05-06-at-10.29.33-3-1068x1419.jpeg 1068w\" sizes=\"auto, (max-width: 1204px) 100vw, 1204px\" \/><\/figure>\n\n\n\n<p>Este recorrido es el elegido por senderistas y amantes del trekking que lo recorren en seis o siete horas atravesando un escenario pintoresco y de abrumadora belleza, en medio de un gran ca\u00f1\u00f3n y monta\u00f1as de colores.<\/p>\n\n\n\n<figure class=\"wp-block-image size-full\"><img loading=\"lazy\" decoding=\"async\" width=\"1204\" height=\"1600\" src=\"https:\/\/modoviajeok.com.ar\/wp-content\/uploads\/2025\/05\/WhatsApp-Image-2025-05-06-at-10.29.33-5.jpeg\" alt=\"\" class=\"wp-image-3612\" srcset=\"https:\/\/modoviajeok.com.ar\/wp-content\/uploads\/2025\/05\/WhatsApp-Image-2025-05-06-at-10.29.33-5.jpeg 1204w, https:\/\/modoviajeok.com.ar\/wp-content\/uploads\/2025\/05\/WhatsApp-Image-2025-05-06-at-10.29.33-5-768x1021.jpeg 768w, https:\/\/modoviajeok.com.ar\/wp-content\/uploads\/2025\/05\/WhatsApp-Image-2025-05-06-at-10.29.33-5-1156x1536.jpeg 1156w, https:\/\/modoviajeok.com.ar\/wp-content\/uploads\/2025\/05\/WhatsApp-Image-2025-05-06-at-10.29.33-5-316x420.jpeg 316w, https:\/\/modoviajeok.com.ar\/wp-content\/uploads\/2025\/05\/WhatsApp-Image-2025-05-06-at-10.29.33-5-150x199.jpeg 150w, https:\/\/modoviajeok.com.ar\/wp-content\/uploads\/2025\/05\/WhatsApp-Image-2025-05-06-at-10.29.33-5-300x399.jpeg 300w, https:\/\/modoviajeok.com.ar\/wp-content\/uploads\/2025\/05\/WhatsApp-Image-2025-05-06-at-10.29.33-5-696x925.jpeg 696w, https:\/\/modoviajeok.com.ar\/wp-content\/uploads\/2025\/05\/WhatsApp-Image-2025-05-06-at-10.29.33-5-1068x1419.jpeg 1068w\" sizes=\"auto, (max-width: 1204px) 100vw, 1204px\" \/><\/figure>\n\n\n\n<p>El r\u00edo marca el rumbo de los caminantes y tambi\u00e9n de quienes lo recorren en 4&#215;4, en \u00e9poca de sequ\u00eda. Formado por el r\u00edo Trihuasi y el r\u00edo Las Cuevas, este curso de agua casi siempre cristalina desembocar\u00e1 cientos de kil\u00f3metros m\u00e1s all\u00e1, en el R\u00edo de la Plata.<\/p>\n\n\n\n<figure class=\"wp-block-image size-full\"><img loading=\"lazy\" decoding=\"async\" width=\"1600\" height=\"1204\" src=\"https:\/\/modoviajeok.com.ar\/wp-content\/uploads\/2025\/05\/WhatsApp-Image-2025-05-06-at-10.29.33-7.jpeg\" alt=\"\" class=\"wp-image-3613\" srcset=\"https:\/\/modoviajeok.com.ar\/wp-content\/uploads\/2025\/05\/WhatsApp-Image-2025-05-06-at-10.29.33-7.jpeg 1600w, https:\/\/modoviajeok.com.ar\/wp-content\/uploads\/2025\/05\/WhatsApp-Image-2025-05-06-at-10.29.33-7-768x578.jpeg 768w, https:\/\/modoviajeok.com.ar\/wp-content\/uploads\/2025\/05\/WhatsApp-Image-2025-05-06-at-10.29.33-7-1536x1156.jpeg 1536w, https:\/\/modoviajeok.com.ar\/wp-content\/uploads\/2025\/05\/WhatsApp-Image-2025-05-06-at-10.29.33-7-558x420.jpeg 558w, https:\/\/modoviajeok.com.ar\/wp-content\/uploads\/2025\/05\/WhatsApp-Image-2025-05-06-at-10.29.33-7-80x60.jpeg 80w, https:\/\/modoviajeok.com.ar\/wp-content\/uploads\/2025\/05\/WhatsApp-Image-2025-05-06-at-10.29.33-7-150x113.jpeg 150w, https:\/\/modoviajeok.com.ar\/wp-content\/uploads\/2025\/05\/WhatsApp-Image-2025-05-06-at-10.29.33-7-300x226.jpeg 300w, https:\/\/modoviajeok.com.ar\/wp-content\/uploads\/2025\/05\/WhatsApp-Image-2025-05-06-at-10.29.33-7-696x524.jpeg 696w, https:\/\/modoviajeok.com.ar\/wp-content\/uploads\/2025\/05\/WhatsApp-Image-2025-05-06-at-10.29.33-7-1068x804.jpeg 1068w, https:\/\/modoviajeok.com.ar\/wp-content\/uploads\/2025\/05\/WhatsApp-Image-2025-05-06-at-10.29.33-7-265x198.jpeg 265w\" sizes=\"auto, (max-width: 1600px) 100vw, 1600px\" \/><\/figure>\n\n\n\n<p>Nuestra visita a San Isidro fue casi por casualidad. Sab\u00edamos que era un lugar que merec\u00eda ser conocido, pero el horario de nuestro \u00f3mnibus de regreso a Humahuaca no nos permit\u00eda las seis horas de trekking (despu\u00e9s nos dimos cuenta que para nosotros hubiera sido una caminata bastante exigente).&nbsp;<\/p>\n\n\n\n<p>As\u00ed que, en principio, parec\u00eda que el lugar quedar\u00eda pendiente para otra ocasi\u00f3n hasta que&nbsp; apareci\u00f3 una oportunidad, esas que ocurren cuando las cosas tienen que suceder.&nbsp;<\/p>\n\n\n\n<p>Fue as\u00ed. En nuestra caminata hacia el Mirador de la Cruz, en Iruya, nos encontramos con una mujer que nos entreg\u00f3 un folleto de la Casa de la Cultura Awawa donde propon\u00edan una excursi\u00f3n de mediod\u00eda a San Isidro en parte en 4&#215;4 y, en parte, a pie. El precio: $25.000 por persona. Nos decidimos por ellos porque nos result\u00f3 atractivo que se tratara de una experiencia cultural, adem\u00e1s de paisaj\u00edstica. Ser\u00eda una inmersi\u00f3n en la cultura de los pueblos originarios.<\/p>\n\n\n\n<figure class=\"wp-block-image size-full\"><img loading=\"lazy\" decoding=\"async\" width=\"1204\" height=\"1600\" src=\"https:\/\/modoviajeok.com.ar\/wp-content\/uploads\/2025\/05\/WhatsApp-Image-2025-05-06-at-10.29.33-9.jpeg\" alt=\"\" class=\"wp-image-3614\" srcset=\"https:\/\/modoviajeok.com.ar\/wp-content\/uploads\/2025\/05\/WhatsApp-Image-2025-05-06-at-10.29.33-9.jpeg 1204w, https:\/\/modoviajeok.com.ar\/wp-content\/uploads\/2025\/05\/WhatsApp-Image-2025-05-06-at-10.29.33-9-768x1021.jpeg 768w, https:\/\/modoviajeok.com.ar\/wp-content\/uploads\/2025\/05\/WhatsApp-Image-2025-05-06-at-10.29.33-9-1156x1536.jpeg 1156w, https:\/\/modoviajeok.com.ar\/wp-content\/uploads\/2025\/05\/WhatsApp-Image-2025-05-06-at-10.29.33-9-316x420.jpeg 316w, https:\/\/modoviajeok.com.ar\/wp-content\/uploads\/2025\/05\/WhatsApp-Image-2025-05-06-at-10.29.33-9-150x199.jpeg 150w, https:\/\/modoviajeok.com.ar\/wp-content\/uploads\/2025\/05\/WhatsApp-Image-2025-05-06-at-10.29.33-9-300x399.jpeg 300w, https:\/\/modoviajeok.com.ar\/wp-content\/uploads\/2025\/05\/WhatsApp-Image-2025-05-06-at-10.29.33-9-696x925.jpeg 696w, https:\/\/modoviajeok.com.ar\/wp-content\/uploads\/2025\/05\/WhatsApp-Image-2025-05-06-at-10.29.33-9-1068x1419.jpeg 1068w\" sizes=\"auto, (max-width: 1204px) 100vw, 1204px\" \/><\/figure>\n\n\n\n<p>A las 9 del d\u00eda siguiente, nos pas\u00f3 a buscar Bernab\u00e9 Montellanos, nuestro gu\u00eda de la comunidad. All\u00ed comenz\u00f3 el viaje hacia el interior profundo a nuestras ra\u00edces.<\/p>\n\n\n\n<figure class=\"wp-block-image size-full\"><img loading=\"lazy\" decoding=\"async\" width=\"1204\" height=\"1600\" src=\"https:\/\/modoviajeok.com.ar\/wp-content\/uploads\/2025\/05\/WhatsApp-Image-2025-05-06-at-10.59.59-1.jpeg\" alt=\"\" class=\"wp-image-3621\" srcset=\"https:\/\/modoviajeok.com.ar\/wp-content\/uploads\/2025\/05\/WhatsApp-Image-2025-05-06-at-10.59.59-1.jpeg 1204w, https:\/\/modoviajeok.com.ar\/wp-content\/uploads\/2025\/05\/WhatsApp-Image-2025-05-06-at-10.59.59-1-768x1021.jpeg 768w, https:\/\/modoviajeok.com.ar\/wp-content\/uploads\/2025\/05\/WhatsApp-Image-2025-05-06-at-10.59.59-1-1156x1536.jpeg 1156w, https:\/\/modoviajeok.com.ar\/wp-content\/uploads\/2025\/05\/WhatsApp-Image-2025-05-06-at-10.59.59-1-316x420.jpeg 316w, https:\/\/modoviajeok.com.ar\/wp-content\/uploads\/2025\/05\/WhatsApp-Image-2025-05-06-at-10.59.59-1-150x199.jpeg 150w, https:\/\/modoviajeok.com.ar\/wp-content\/uploads\/2025\/05\/WhatsApp-Image-2025-05-06-at-10.59.59-1-300x399.jpeg 300w, https:\/\/modoviajeok.com.ar\/wp-content\/uploads\/2025\/05\/WhatsApp-Image-2025-05-06-at-10.59.59-1-696x925.jpeg 696w, https:\/\/modoviajeok.com.ar\/wp-content\/uploads\/2025\/05\/WhatsApp-Image-2025-05-06-at-10.59.59-1-1068x1419.jpeg 1068w\" sizes=\"auto, (max-width: 1204px) 100vw, 1204px\" \/><\/figure>\n\n\n\n<p>En un paisaje conmovedor (no podemos evitar repetirlo) circulamos unos 40 minutos por el pedregoso lecho del r\u00edo con los cerros como paredes que nos envolv\u00edan y&nbsp; proteg\u00edan. Para llegar cruzamos el r\u00edo unas cinco veces, mientras convers\u00e1bamos con Bernab\u00e9 sobre la vida, la historia, los pueblos que muchos a\u00fan hoy creen que no existen.&nbsp;<\/p>\n\n\n\n<p>Bernab\u00e9 nos habl\u00f3 de las tres colonizaciones: la inca, en el siglo XII, que no logr\u00f3 unificar a todos los pueblos originarios que exist\u00edan en estos territorios; la espa\u00f1ola de 1492 que impuso la religi\u00f3n cat\u00f3lica y la \u00faltima, \u201cla colonizaci\u00f3n argentina\u201d en 1810 que en su Constituci\u00f3n de 1853 propon\u00eda un pa\u00eds que olvidaba a los pueblos originarios, su cultura y sus lenguas. \u201cEso nos parti\u00f3 por la mitad. Los abuelos las siguieron&nbsp; manteniendo, pero lleg\u00f3 la Iglesia y las culturas se fusionaron por imposici\u00f3n\u201d, cuenta Bernab\u00e9.<\/p>\n\n\n\n<figure class=\"wp-block-image size-full\"><img loading=\"lazy\" decoding=\"async\" width=\"1600\" height=\"1204\" src=\"https:\/\/modoviajeok.com.ar\/wp-content\/uploads\/2025\/05\/WhatsApp-Image-2025-05-06-at-10.29.33-12.jpeg\" alt=\"\" class=\"wp-image-3616\" srcset=\"https:\/\/modoviajeok.com.ar\/wp-content\/uploads\/2025\/05\/WhatsApp-Image-2025-05-06-at-10.29.33-12.jpeg 1600w, https:\/\/modoviajeok.com.ar\/wp-content\/uploads\/2025\/05\/WhatsApp-Image-2025-05-06-at-10.29.33-12-768x578.jpeg 768w, https:\/\/modoviajeok.com.ar\/wp-content\/uploads\/2025\/05\/WhatsApp-Image-2025-05-06-at-10.29.33-12-1536x1156.jpeg 1536w, https:\/\/modoviajeok.com.ar\/wp-content\/uploads\/2025\/05\/WhatsApp-Image-2025-05-06-at-10.29.33-12-558x420.jpeg 558w, https:\/\/modoviajeok.com.ar\/wp-content\/uploads\/2025\/05\/WhatsApp-Image-2025-05-06-at-10.29.33-12-80x60.jpeg 80w, https:\/\/modoviajeok.com.ar\/wp-content\/uploads\/2025\/05\/WhatsApp-Image-2025-05-06-at-10.29.33-12-150x113.jpeg 150w, https:\/\/modoviajeok.com.ar\/wp-content\/uploads\/2025\/05\/WhatsApp-Image-2025-05-06-at-10.29.33-12-300x226.jpeg 300w, https:\/\/modoviajeok.com.ar\/wp-content\/uploads\/2025\/05\/WhatsApp-Image-2025-05-06-at-10.29.33-12-696x524.jpeg 696w, https:\/\/modoviajeok.com.ar\/wp-content\/uploads\/2025\/05\/WhatsApp-Image-2025-05-06-at-10.29.33-12-1068x804.jpeg 1068w, https:\/\/modoviajeok.com.ar\/wp-content\/uploads\/2025\/05\/WhatsApp-Image-2025-05-06-at-10.29.33-12-265x198.jpeg 265w\" sizes=\"auto, (max-width: 1600px) 100vw, 1600px\" \/><\/figure>\n\n\n\n<p>Reci\u00e9n con la reforma constitucional de 1994, Argentina reconoci\u00f3 la preexistencia de los pueblos originarios y muchas comunidades recuperaron territorios mientras se iniciaba un proceso lento y dificultoso de rescate y visibilizaci\u00f3n cultural.<\/p>\n\n\n\n<figure class=\"wp-block-image size-full\"><img loading=\"lazy\" decoding=\"async\" width=\"1600\" height=\"1204\" src=\"https:\/\/modoviajeok.com.ar\/wp-content\/uploads\/2025\/05\/WhatsApp-Image-2025-05-06-at-10.29.33-15.jpeg\" alt=\"\" class=\"wp-image-3617\" srcset=\"https:\/\/modoviajeok.com.ar\/wp-content\/uploads\/2025\/05\/WhatsApp-Image-2025-05-06-at-10.29.33-15.jpeg 1600w, https:\/\/modoviajeok.com.ar\/wp-content\/uploads\/2025\/05\/WhatsApp-Image-2025-05-06-at-10.29.33-15-768x578.jpeg 768w, https:\/\/modoviajeok.com.ar\/wp-content\/uploads\/2025\/05\/WhatsApp-Image-2025-05-06-at-10.29.33-15-1536x1156.jpeg 1536w, https:\/\/modoviajeok.com.ar\/wp-content\/uploads\/2025\/05\/WhatsApp-Image-2025-05-06-at-10.29.33-15-558x420.jpeg 558w, https:\/\/modoviajeok.com.ar\/wp-content\/uploads\/2025\/05\/WhatsApp-Image-2025-05-06-at-10.29.33-15-80x60.jpeg 80w, https:\/\/modoviajeok.com.ar\/wp-content\/uploads\/2025\/05\/WhatsApp-Image-2025-05-06-at-10.29.33-15-150x113.jpeg 150w, https:\/\/modoviajeok.com.ar\/wp-content\/uploads\/2025\/05\/WhatsApp-Image-2025-05-06-at-10.29.33-15-300x226.jpeg 300w, https:\/\/modoviajeok.com.ar\/wp-content\/uploads\/2025\/05\/WhatsApp-Image-2025-05-06-at-10.29.33-15-696x524.jpeg 696w, https:\/\/modoviajeok.com.ar\/wp-content\/uploads\/2025\/05\/WhatsApp-Image-2025-05-06-at-10.29.33-15-1068x804.jpeg 1068w, https:\/\/modoviajeok.com.ar\/wp-content\/uploads\/2025\/05\/WhatsApp-Image-2025-05-06-at-10.29.33-15-265x198.jpeg 265w\" sizes=\"auto, (max-width: 1600px) 100vw, 1600px\" \/><\/figure>\n\n\n\n<p>Hablamos de todo eso en el camino que se hizo ameno. Poco despu\u00e9s, nos encontramos con una gran escalera de piedra de 54 escalones que nos llev\u00f3 a la entrada del pueblo con casas de adobe, callecitas empedradas, animales y campos sembrados. Hospedajes, comedores y almacenes.<\/p>\n\n\n\n<p>\u201cEl eje es la tierra, la ganader\u00eda. Nunca nos morimos de hambre. Toda es gente trabajadora\u201d, asegura Bernab\u00e9.<\/p>\n\n\n\n<figure class=\"wp-block-image size-full\"><img loading=\"lazy\" decoding=\"async\" width=\"720\" height=\"1600\" src=\"https:\/\/modoviajeok.com.ar\/wp-content\/uploads\/2025\/05\/WhatsApp-Image-2025-05-06-at-10.59.58-1.jpeg\" alt=\"\" class=\"wp-image-3619\" srcset=\"https:\/\/modoviajeok.com.ar\/wp-content\/uploads\/2025\/05\/WhatsApp-Image-2025-05-06-at-10.59.58-1.jpeg 720w, https:\/\/modoviajeok.com.ar\/wp-content\/uploads\/2025\/05\/WhatsApp-Image-2025-05-06-at-10.59.58-1-691x1536.jpeg 691w, https:\/\/modoviajeok.com.ar\/wp-content\/uploads\/2025\/05\/WhatsApp-Image-2025-05-06-at-10.59.58-1-189x420.jpeg 189w, https:\/\/modoviajeok.com.ar\/wp-content\/uploads\/2025\/05\/WhatsApp-Image-2025-05-06-at-10.59.58-1-150x333.jpeg 150w, https:\/\/modoviajeok.com.ar\/wp-content\/uploads\/2025\/05\/WhatsApp-Image-2025-05-06-at-10.59.58-1-300x667.jpeg 300w, https:\/\/modoviajeok.com.ar\/wp-content\/uploads\/2025\/05\/WhatsApp-Image-2025-05-06-at-10.59.58-1-696x1547.jpeg 696w\" sizes=\"auto, (max-width: 720px) 100vw, 720px\" \/><\/figure>\n\n\n\n<p>Caminamos el pueblo en las alturas del cerro, tomamos un t\u00e9 de hierbas del lugar en un bar con vista al lecho del r\u00edo y al cerro que casi podr\u00edamos tocar con las manos. Seguimos conversando. Bernab\u00e9 nos cont\u00f3 sus historias, nos hizo escuchar su m\u00fasica, ahora la de invierno pero tambi\u00e9n hay m\u00fasica de verano. <\/p>\n\n\n\n<figure class=\"wp-block-embed is-type-video is-provider-youtube wp-block-embed-youtube wp-embed-aspect-16-9 wp-has-aspect-ratio\"><div class=\"wp-block-embed__wrapper\">\n<div class=\"youtube-embed\" data-video_id=\"\"><iframe loading=\"lazy\" title=\"Visitamos San Isidro la comunidad coya de Iruya. Aqu\u00ed con Bernab\u00e9 Montellanos, nuestro gu\u00eda.\" width=\"696\" height=\"392\" src=\"https:\/\/www.youtube.com\/embed\/A8RWv-7NhWc?feature=oembed&#038;enablejsapi=1\" frameborder=\"0\" allow=\"accelerometer; autoplay; clipboard-write; encrypted-media; gyroscope; picture-in-picture; web-share\" referrerpolicy=\"strict-origin-when-cross-origin\" allowfullscreen><\/iframe><\/div>\n<\/div><\/figure>\n\n\n\n<p>Nos record\u00f3 que los pueblos originarios est\u00e1n vivos y agradeci\u00f3 la visita.&nbsp;<\/p>\n\n\n\n<figure class=\"wp-block-image size-full\"><img loading=\"lazy\" decoding=\"async\" width=\"720\" height=\"1600\" src=\"https:\/\/modoviajeok.com.ar\/wp-content\/uploads\/2025\/05\/WhatsApp-Image-2025-05-06-at-10.59.59.jpeg\" alt=\"\" class=\"wp-image-3620\" srcset=\"https:\/\/modoviajeok.com.ar\/wp-content\/uploads\/2025\/05\/WhatsApp-Image-2025-05-06-at-10.59.59.jpeg 720w, https:\/\/modoviajeok.com.ar\/wp-content\/uploads\/2025\/05\/WhatsApp-Image-2025-05-06-at-10.59.59-691x1536.jpeg 691w, https:\/\/modoviajeok.com.ar\/wp-content\/uploads\/2025\/05\/WhatsApp-Image-2025-05-06-at-10.59.59-189x420.jpeg 189w, https:\/\/modoviajeok.com.ar\/wp-content\/uploads\/2025\/05\/WhatsApp-Image-2025-05-06-at-10.59.59-150x333.jpeg 150w, https:\/\/modoviajeok.com.ar\/wp-content\/uploads\/2025\/05\/WhatsApp-Image-2025-05-06-at-10.59.59-300x667.jpeg 300w, https:\/\/modoviajeok.com.ar\/wp-content\/uploads\/2025\/05\/WhatsApp-Image-2025-05-06-at-10.59.59-696x1547.jpeg 696w\" sizes=\"auto, (max-width: 720px) 100vw, 720px\" \/><\/figure>\n","protected":false},"excerpt":{"rendered":"<p>Los majestuosos cerros de la pre Puna salte\u00f1a lo envuelven todo. Siempre sorprende la grandeza de la naturaleza que pone en su sitio la pretensi\u00f3n humana de abarcarlo todo. En esos cerros de colores de m\u00e1s de 3.000 metros de altura viven 3.900 familias de 24 comunidades kollas -aymara-quechuas-.&nbsp; Impacta ver las siluetas de los [&hellip;]<\/p>\n","protected":false},"author":2,"featured_media":3619,"comment_status":"open","ping_status":"open","sticky":false,"template":"","format":"standard","meta":{"_acf_changed":false,"footnotes":""},"categories":[13,2,15],"tags":[31,851,838,61,83,29,850],"class_list":{"0":"post-3608","1":"post","2":"type-post","3":"status-publish","4":"format-standard","5":"has-post-thumbnail","7":"category-argentina","8":"category-destacadas","9":"category-recomendaciones","10":"tag-argentina","11":"tag-cerros","12":"tag-iruya","13":"tag-pueblos-originarios","14":"tag-puna","15":"tag-salta","16":"tag-san-isidro"},"acf":[],"yoast_head":"<!-- This site is optimized with the Yoast SEO plugin v24.8.1 - https:\/\/yoast.com\/wordpress\/plugins\/seo\/ -->\n<title>San Isidro: viaje a la comunidad kolla de los cerros de Iruya -<\/title>\n<meta name=\"description\" content=\"Los pueblos originarios de Salta viven en los cerros de la pre Puna. Una visita a nuestras ra\u00edces en medio de un paisaje sobrecogedor.\" \/>\n<meta name=\"robots\" content=\"index, follow, max-snippet:-1, max-image-preview:large, max-video-preview:-1\" \/>\n<link rel=\"canonical\" href=\"https:\/\/modoviajeok.com.ar\/index.php\/2025\/05\/06\/san-isidro-viaje-a-la-comunidad-kolla-de-los-cerros-de-iruya\/\" \/>\n<meta property=\"og:locale\" content=\"es_ES\" \/>\n<meta property=\"og:type\" content=\"article\" \/>\n<meta property=\"og:title\" content=\"San Isidro: viaje a la comunidad kolla de los cerros de Iruya -\" \/>\n<meta property=\"og:description\" content=\"Los pueblos originarios de Salta viven en los cerros de la pre Puna. Una visita a nuestras ra\u00edces en medio de un paisaje sobrecogedor.\" \/>\n<meta property=\"og:url\" content=\"https:\/\/modoviajeok.com.ar\/index.php\/2025\/05\/06\/san-isidro-viaje-a-la-comunidad-kolla-de-los-cerros-de-iruya\/\" \/>\n<meta property=\"article:publisher\" content=\"https:\/\/www.facebook.com\/mariana.otero1\/\" \/>\n<meta property=\"article:published_time\" content=\"2025-05-06T14:13:06+00:00\" \/>\n<meta property=\"article:modified_time\" content=\"2025-05-21T22:01:41+00:00\" \/>\n<meta property=\"og:image\" content=\"https:\/\/modoviajeok.com.ar\/wp-content\/uploads\/2025\/05\/WhatsApp-Image-2025-05-06-at-10.59.58-1.jpeg\" \/>\n\t<meta property=\"og:image:width\" content=\"720\" \/>\n\t<meta property=\"og:image:height\" content=\"1600\" \/>\n\t<meta property=\"og:image:type\" content=\"image\/jpeg\" \/>\n<meta name=\"author\" content=\"Mariana Otero\" \/>\n<meta name=\"twitter:card\" content=\"summary_large_image\" \/>\n<meta name=\"twitter:label1\" content=\"Escrito por\" \/>\n\t<meta name=\"twitter:data1\" content=\"Mariana Otero\" \/>\n\t<meta name=\"twitter:label2\" content=\"Tiempo de lectura\" \/>\n\t<meta name=\"twitter:data2\" content=\"6 minutos\" \/>\n<script type=\"application\/ld+json\" class=\"yoast-schema-graph\">{\"@context\":\"https:\/\/schema.org\",\"@graph\":[{\"@type\":\"Article\",\"@id\":\"https:\/\/modoviajeok.com.ar\/index.php\/2025\/05\/06\/san-isidro-viaje-a-la-comunidad-kolla-de-los-cerros-de-iruya\/#article\",\"isPartOf\":{\"@id\":\"https:\/\/modoviajeok.com.ar\/index.php\/2025\/05\/06\/san-isidro-viaje-a-la-comunidad-kolla-de-los-cerros-de-iruya\/\"},\"author\":{\"name\":\"Mariana Otero\",\"@id\":\"https:\/\/modoviajeok.com.ar\/#\/schema\/person\/1187013488537969db5b1320484d24f4\"},\"headline\":\"San Isidro: viaje a la comunidad kolla de los cerros de Iruya\",\"datePublished\":\"2025-05-06T14:13:06+00:00\",\"dateModified\":\"2025-05-21T22:01:41+00:00\",\"mainEntityOfPage\":{\"@id\":\"https:\/\/modoviajeok.com.ar\/index.php\/2025\/05\/06\/san-isidro-viaje-a-la-comunidad-kolla-de-los-cerros-de-iruya\/\"},\"wordCount\":814,\"commentCount\":0,\"publisher\":{\"@id\":\"https:\/\/modoviajeok.com.ar\/#organization\"},\"image\":{\"@id\":\"https:\/\/modoviajeok.com.ar\/index.php\/2025\/05\/06\/san-isidro-viaje-a-la-comunidad-kolla-de-los-cerros-de-iruya\/#primaryimage\"},\"thumbnailUrl\":\"https:\/\/modoviajeok.com.ar\/wp-content\/uploads\/2025\/05\/WhatsApp-Image-2025-05-06-at-10.59.58-1.jpeg\",\"keywords\":[\"argentina\",\"cerros\",\"iruya\",\"pueblos originarios\",\"puna\",\"salta\",\"san isidro\"],\"articleSection\":[\"Argentina\",\"Destacadas\",\"Recomendaciones\"],\"inLanguage\":\"es\",\"potentialAction\":[{\"@type\":\"CommentAction\",\"name\":\"Comment\",\"target\":[\"https:\/\/modoviajeok.com.ar\/index.php\/2025\/05\/06\/san-isidro-viaje-a-la-comunidad-kolla-de-los-cerros-de-iruya\/#respond\"]}]},{\"@type\":\"WebPage\",\"@id\":\"https:\/\/modoviajeok.com.ar\/index.php\/2025\/05\/06\/san-isidro-viaje-a-la-comunidad-kolla-de-los-cerros-de-iruya\/\",\"url\":\"https:\/\/modoviajeok.com.ar\/index.php\/2025\/05\/06\/san-isidro-viaje-a-la-comunidad-kolla-de-los-cerros-de-iruya\/\",\"name\":\"San Isidro: viaje a la comunidad kolla de los cerros de Iruya -\",\"isPartOf\":{\"@id\":\"https:\/\/modoviajeok.com.ar\/#website\"},\"primaryImageOfPage\":{\"@id\":\"https:\/\/modoviajeok.com.ar\/index.php\/2025\/05\/06\/san-isidro-viaje-a-la-comunidad-kolla-de-los-cerros-de-iruya\/#primaryimage\"},\"image\":{\"@id\":\"https:\/\/modoviajeok.com.ar\/index.php\/2025\/05\/06\/san-isidro-viaje-a-la-comunidad-kolla-de-los-cerros-de-iruya\/#primaryimage\"},\"thumbnailUrl\":\"https:\/\/modoviajeok.com.ar\/wp-content\/uploads\/2025\/05\/WhatsApp-Image-2025-05-06-at-10.59.58-1.jpeg\",\"datePublished\":\"2025-05-06T14:13:06+00:00\",\"dateModified\":\"2025-05-21T22:01:41+00:00\",\"description\":\"Los pueblos originarios de Salta viven en los cerros de la pre Puna. Una visita a nuestras ra\u00edces en medio de un paisaje sobrecogedor.\",\"breadcrumb\":{\"@id\":\"https:\/\/modoviajeok.com.ar\/index.php\/2025\/05\/06\/san-isidro-viaje-a-la-comunidad-kolla-de-los-cerros-de-iruya\/#breadcrumb\"},\"inLanguage\":\"es\",\"potentialAction\":[{\"@type\":\"ReadAction\",\"target\":[\"https:\/\/modoviajeok.com.ar\/index.php\/2025\/05\/06\/san-isidro-viaje-a-la-comunidad-kolla-de-los-cerros-de-iruya\/\"]}]},{\"@type\":\"ImageObject\",\"inLanguage\":\"es\",\"@id\":\"https:\/\/modoviajeok.com.ar\/index.php\/2025\/05\/06\/san-isidro-viaje-a-la-comunidad-kolla-de-los-cerros-de-iruya\/#primaryimage\",\"url\":\"https:\/\/modoviajeok.com.ar\/wp-content\/uploads\/2025\/05\/WhatsApp-Image-2025-05-06-at-10.59.58-1.jpeg\",\"contentUrl\":\"https:\/\/modoviajeok.com.ar\/wp-content\/uploads\/2025\/05\/WhatsApp-Image-2025-05-06-at-10.59.58-1.jpeg\",\"width\":720,\"height\":1600},{\"@type\":\"BreadcrumbList\",\"@id\":\"https:\/\/modoviajeok.com.ar\/index.php\/2025\/05\/06\/san-isidro-viaje-a-la-comunidad-kolla-de-los-cerros-de-iruya\/#breadcrumb\",\"itemListElement\":[{\"@type\":\"ListItem\",\"position\":1,\"name\":\"Portada\",\"item\":\"https:\/\/modoviajeok.com.ar\/\"},{\"@type\":\"ListItem\",\"position\":2,\"name\":\"San Isidro: viaje a la comunidad kolla de los cerros de Iruya\"}]},{\"@type\":\"WebSite\",\"@id\":\"https:\/\/modoviajeok.com.ar\/#website\",\"url\":\"https:\/\/modoviajeok.com.ar\/\",\"name\":\"ModoViajeOK\",\"description\":\"\",\"publisher\":{\"@id\":\"https:\/\/modoviajeok.com.ar\/#organization\"},\"potentialAction\":[{\"@type\":\"SearchAction\",\"target\":{\"@type\":\"EntryPoint\",\"urlTemplate\":\"https:\/\/modoviajeok.com.ar\/?s={search_term_string}\"},\"query-input\":{\"@type\":\"PropertyValueSpecification\",\"valueRequired\":true,\"valueName\":\"search_term_string\"}}],\"inLanguage\":\"es\"},{\"@type\":\"Organization\",\"@id\":\"https:\/\/modoviajeok.com.ar\/#organization\",\"name\":\"ModoViajeOK\",\"url\":\"https:\/\/modoviajeok.com.ar\/\",\"logo\":{\"@type\":\"ImageObject\",\"inLanguage\":\"es\",\"@id\":\"https:\/\/modoviajeok.com.ar\/#\/schema\/logo\/image\/\",\"url\":\"https:\/\/modoviajeok.com.ar\/wp-content\/uploads\/2025\/01\/Logo-modoviajeok.png\",\"contentUrl\":\"https:\/\/modoviajeok.com.ar\/wp-content\/uploads\/2025\/01\/Logo-modoviajeok.png\",\"width\":2938,\"height\":2276,\"caption\":\"ModoViajeOK\"},\"image\":{\"@id\":\"https:\/\/modoviajeok.com.ar\/#\/schema\/logo\/image\/\"},\"sameAs\":[\"https:\/\/www.facebook.com\/mariana.otero1\/\",\"https:\/\/www.instagram.com\/modoviaje.ok\/\"]},{\"@type\":\"Person\",\"@id\":\"https:\/\/modoviajeok.com.ar\/#\/schema\/person\/1187013488537969db5b1320484d24f4\",\"name\":\"Mariana Otero\",\"image\":{\"@type\":\"ImageObject\",\"inLanguage\":\"es\",\"@id\":\"https:\/\/modoviajeok.com.ar\/#\/schema\/person\/image\/\",\"url\":\"https:\/\/secure.gravatar.com\/avatar\/8a91a502a9336849a3500b9090c431bc1418f1d1263d893afeddba065f5add82?s=96&d=mm&r=g\",\"contentUrl\":\"https:\/\/secure.gravatar.com\/avatar\/8a91a502a9336849a3500b9090c431bc1418f1d1263d893afeddba065f5add82?s=96&d=mm&r=g\",\"caption\":\"Mariana Otero\"},\"url\":\"https:\/\/modoviajeok.com.ar\/index.php\/author\/mariana2025\/\"}]}<\/script>\n<!-- \/ Yoast SEO plugin. -->","yoast_head_json":{"title":"San Isidro: viaje a la comunidad kolla de los cerros de Iruya -","description":"Los pueblos originarios de Salta viven en los cerros de la pre Puna. Una visita a nuestras ra\u00edces en medio de un paisaje sobrecogedor.","robots":{"index":"index","follow":"follow","max-snippet":"max-snippet:-1","max-image-preview":"max-image-preview:large","max-video-preview":"max-video-preview:-1"},"canonical":"https:\/\/modoviajeok.com.ar\/index.php\/2025\/05\/06\/san-isidro-viaje-a-la-comunidad-kolla-de-los-cerros-de-iruya\/","og_locale":"es_ES","og_type":"article","og_title":"San Isidro: viaje a la comunidad kolla de los cerros de Iruya -","og_description":"Los pueblos originarios de Salta viven en los cerros de la pre Puna. Una visita a nuestras ra\u00edces en medio de un paisaje sobrecogedor.","og_url":"https:\/\/modoviajeok.com.ar\/index.php\/2025\/05\/06\/san-isidro-viaje-a-la-comunidad-kolla-de-los-cerros-de-iruya\/","article_publisher":"https:\/\/www.facebook.com\/mariana.otero1\/","article_published_time":"2025-05-06T14:13:06+00:00","article_modified_time":"2025-05-21T22:01:41+00:00","og_image":[{"width":720,"height":1600,"url":"https:\/\/modoviajeok.com.ar\/wp-content\/uploads\/2025\/05\/WhatsApp-Image-2025-05-06-at-10.59.58-1.jpeg","type":"image\/jpeg"}],"author":"Mariana Otero","twitter_card":"summary_large_image","twitter_misc":{"Escrito por":"Mariana Otero","Tiempo de lectura":"6 minutos"},"schema":{"@context":"https:\/\/schema.org","@graph":[{"@type":"Article","@id":"https:\/\/modoviajeok.com.ar\/index.php\/2025\/05\/06\/san-isidro-viaje-a-la-comunidad-kolla-de-los-cerros-de-iruya\/#article","isPartOf":{"@id":"https:\/\/modoviajeok.com.ar\/index.php\/2025\/05\/06\/san-isidro-viaje-a-la-comunidad-kolla-de-los-cerros-de-iruya\/"},"author":{"name":"Mariana Otero","@id":"https:\/\/modoviajeok.com.ar\/#\/schema\/person\/1187013488537969db5b1320484d24f4"},"headline":"San Isidro: viaje a la comunidad kolla de los cerros de Iruya","datePublished":"2025-05-06T14:13:06+00:00","dateModified":"2025-05-21T22:01:41+00:00","mainEntityOfPage":{"@id":"https:\/\/modoviajeok.com.ar\/index.php\/2025\/05\/06\/san-isidro-viaje-a-la-comunidad-kolla-de-los-cerros-de-iruya\/"},"wordCount":814,"commentCount":0,"publisher":{"@id":"https:\/\/modoviajeok.com.ar\/#organization"},"image":{"@id":"https:\/\/modoviajeok.com.ar\/index.php\/2025\/05\/06\/san-isidro-viaje-a-la-comunidad-kolla-de-los-cerros-de-iruya\/#primaryimage"},"thumbnailUrl":"https:\/\/modoviajeok.com.ar\/wp-content\/uploads\/2025\/05\/WhatsApp-Image-2025-05-06-at-10.59.58-1.jpeg","keywords":["argentina","cerros","iruya","pueblos originarios","puna","salta","san isidro"],"articleSection":["Argentina","Destacadas","Recomendaciones"],"inLanguage":"es","potentialAction":[{"@type":"CommentAction","name":"Comment","target":["https:\/\/modoviajeok.com.ar\/index.php\/2025\/05\/06\/san-isidro-viaje-a-la-comunidad-kolla-de-los-cerros-de-iruya\/#respond"]}]},{"@type":"WebPage","@id":"https:\/\/modoviajeok.com.ar\/index.php\/2025\/05\/06\/san-isidro-viaje-a-la-comunidad-kolla-de-los-cerros-de-iruya\/","url":"https:\/\/modoviajeok.com.ar\/index.php\/2025\/05\/06\/san-isidro-viaje-a-la-comunidad-kolla-de-los-cerros-de-iruya\/","name":"San Isidro: viaje a la comunidad kolla de los cerros de Iruya -","isPartOf":{"@id":"https:\/\/modoviajeok.com.ar\/#website"},"primaryImageOfPage":{"@id":"https:\/\/modoviajeok.com.ar\/index.php\/2025\/05\/06\/san-isidro-viaje-a-la-comunidad-kolla-de-los-cerros-de-iruya\/#primaryimage"},"image":{"@id":"https:\/\/modoviajeok.com.ar\/index.php\/2025\/05\/06\/san-isidro-viaje-a-la-comunidad-kolla-de-los-cerros-de-iruya\/#primaryimage"},"thumbnailUrl":"https:\/\/modoviajeok.com.ar\/wp-content\/uploads\/2025\/05\/WhatsApp-Image-2025-05-06-at-10.59.58-1.jpeg","datePublished":"2025-05-06T14:13:06+00:00","dateModified":"2025-05-21T22:01:41+00:00","description":"Los pueblos originarios de Salta viven en los cerros de la pre Puna. Una visita a nuestras ra\u00edces en medio de un paisaje sobrecogedor.","breadcrumb":{"@id":"https:\/\/modoviajeok.com.ar\/index.php\/2025\/05\/06\/san-isidro-viaje-a-la-comunidad-kolla-de-los-cerros-de-iruya\/#breadcrumb"},"inLanguage":"es","potentialAction":[{"@type":"ReadAction","target":["https:\/\/modoviajeok.com.ar\/index.php\/2025\/05\/06\/san-isidro-viaje-a-la-comunidad-kolla-de-los-cerros-de-iruya\/"]}]},{"@type":"ImageObject","inLanguage":"es","@id":"https:\/\/modoviajeok.com.ar\/index.php\/2025\/05\/06\/san-isidro-viaje-a-la-comunidad-kolla-de-los-cerros-de-iruya\/#primaryimage","url":"https:\/\/modoviajeok.com.ar\/wp-content\/uploads\/2025\/05\/WhatsApp-Image-2025-05-06-at-10.59.58-1.jpeg","contentUrl":"https:\/\/modoviajeok.com.ar\/wp-content\/uploads\/2025\/05\/WhatsApp-Image-2025-05-06-at-10.59.58-1.jpeg","width":720,"height":1600},{"@type":"BreadcrumbList","@id":"https:\/\/modoviajeok.com.ar\/index.php\/2025\/05\/06\/san-isidro-viaje-a-la-comunidad-kolla-de-los-cerros-de-iruya\/#breadcrumb","itemListElement":[{"@type":"ListItem","position":1,"name":"Portada","item":"https:\/\/modoviajeok.com.ar\/"},{"@type":"ListItem","position":2,"name":"San Isidro: viaje a la comunidad kolla de los cerros de Iruya"}]},{"@type":"WebSite","@id":"https:\/\/modoviajeok.com.ar\/#website","url":"https:\/\/modoviajeok.com.ar\/","name":"ModoViajeOK","description":"","publisher":{"@id":"https:\/\/modoviajeok.com.ar\/#organization"},"potentialAction":[{"@type":"SearchAction","target":{"@type":"EntryPoint","urlTemplate":"https:\/\/modoviajeok.com.ar\/?s={search_term_string}"},"query-input":{"@type":"PropertyValueSpecification","valueRequired":true,"valueName":"search_term_string"}}],"inLanguage":"es"},{"@type":"Organization","@id":"https:\/\/modoviajeok.com.ar\/#organization","name":"ModoViajeOK","url":"https:\/\/modoviajeok.com.ar\/","logo":{"@type":"ImageObject","inLanguage":"es","@id":"https:\/\/modoviajeok.com.ar\/#\/schema\/logo\/image\/","url":"https:\/\/modoviajeok.com.ar\/wp-content\/uploads\/2025\/01\/Logo-modoviajeok.png","contentUrl":"https:\/\/modoviajeok.com.ar\/wp-content\/uploads\/2025\/01\/Logo-modoviajeok.png","width":2938,"height":2276,"caption":"ModoViajeOK"},"image":{"@id":"https:\/\/modoviajeok.com.ar\/#\/schema\/logo\/image\/"},"sameAs":["https:\/\/www.facebook.com\/mariana.otero1\/","https:\/\/www.instagram.com\/modoviaje.ok\/"]},{"@type":"Person","@id":"https:\/\/modoviajeok.com.ar\/#\/schema\/person\/1187013488537969db5b1320484d24f4","name":"Mariana Otero","image":{"@type":"ImageObject","inLanguage":"es","@id":"https:\/\/modoviajeok.com.ar\/#\/schema\/person\/image\/","url":"https:\/\/secure.gravatar.com\/avatar\/8a91a502a9336849a3500b9090c431bc1418f1d1263d893afeddba065f5add82?s=96&d=mm&r=g","contentUrl":"https:\/\/secure.gravatar.com\/avatar\/8a91a502a9336849a3500b9090c431bc1418f1d1263d893afeddba065f5add82?s=96&d=mm&r=g","caption":"Mariana Otero"},"url":"https:\/\/modoviajeok.com.ar\/index.php\/author\/mariana2025\/"}]}},"_links":{"self":[{"href":"https:\/\/modoviajeok.com.ar\/index.php\/wp-json\/wp\/v2\/posts\/3608","targetHints":{"allow":["GET"]}}],"collection":[{"href":"https:\/\/modoviajeok.com.ar\/index.php\/wp-json\/wp\/v2\/posts"}],"about":[{"href":"https:\/\/modoviajeok.com.ar\/index.php\/wp-json\/wp\/v2\/types\/post"}],"author":[{"embeddable":true,"href":"https:\/\/modoviajeok.com.ar\/index.php\/wp-json\/wp\/v2\/users\/2"}],"replies":[{"embeddable":true,"href":"https:\/\/modoviajeok.com.ar\/index.php\/wp-json\/wp\/v2\/comments?post=3608"}],"version-history":[{"count":5,"href":"https:\/\/modoviajeok.com.ar\/index.php\/wp-json\/wp\/v2\/posts\/3608\/revisions"}],"predecessor-version":[{"id":3632,"href":"https:\/\/modoviajeok.com.ar\/index.php\/wp-json\/wp\/v2\/posts\/3608\/revisions\/3632"}],"wp:featuredmedia":[{"embeddable":true,"href":"https:\/\/modoviajeok.com.ar\/index.php\/wp-json\/wp\/v2\/media\/3619"}],"wp:attachment":[{"href":"https:\/\/modoviajeok.com.ar\/index.php\/wp-json\/wp\/v2\/media?parent=3608"}],"wp:term":[{"taxonomy":"category","embeddable":true,"href":"https:\/\/modoviajeok.com.ar\/index.php\/wp-json\/wp\/v2\/categories?post=3608"},{"taxonomy":"post_tag","embeddable":true,"href":"https:\/\/modoviajeok.com.ar\/index.php\/wp-json\/wp\/v2\/tags?post=3608"}],"curies":[{"name":"wp","href":"https:\/\/api.w.org\/{rel}","templated":true}]}}