{"id":3713,"date":"2025-05-09T12:09:03","date_gmt":"2025-05-09T15:09:03","guid":{"rendered":"https:\/\/modoviajeok.com.ar\/?p=3713"},"modified":"2025-05-09T12:26:08","modified_gmt":"2025-05-09T15:26:08","slug":"mayo-mes-del-astroturismo-en-cordoba","status":"publish","type":"post","link":"https:\/\/modoviajeok.com.ar\/index.php\/2025\/05\/09\/mayo-mes-del-astroturismo-en-cordoba\/","title":{"rendered":"Mayo, mes del Astroturismo en C\u00f3rdoba"},"content":{"rendered":"\n<figure class=\"wp-block-pullquote\"><blockquote><p>Habr\u00e1 actividades recreativas, educativas, cient\u00edficas y culturales relacionadas con la astronom\u00eda.<\/p><\/blockquote><\/figure>\n\n\n\n<p><\/p>\n\n\n\n<p><\/p>\n\n\n\n<p><\/p>\n\n\n\n<p>En Capilla del Monte se present\u00f3 la agenda de actividades del mes dedicada a promover el Astroturismo, una tendencia internacional de turismo que crece y posiciona a la provincia a la vanguardia.<\/p>\n\n\n\n<p>En un trabajo coordinado, la Agencia C\u00f3rdoba Turismo y el Ministerio de Producci\u00f3n, Ciencia e Innovaci\u00f3n Tecnol\u00f3gica, con el acompa\u00f1amiento de la Universidad Nacional de C\u00f3rdoba y del Observatorio Astron\u00f3mico de C\u00f3rdoba, ofrecer\u00e1n distintas acciones en varios puntos de la provincia durante todo mayo.<\/p>\n\n\n\n<figure class=\"wp-block-image size-full\"><img loading=\"lazy\" decoding=\"async\" width=\"768\" height=\"512\" src=\"https:\/\/modoviajeok.com.ar\/wp-content\/uploads\/2025\/05\/WhatsApp-Image-2025-05-06-at-10.14.19-PM-768x512-1.jpeg\" alt=\"\" class=\"wp-image-3717\" srcset=\"https:\/\/modoviajeok.com.ar\/wp-content\/uploads\/2025\/05\/WhatsApp-Image-2025-05-06-at-10.14.19-PM-768x512-1.jpeg 768w, https:\/\/modoviajeok.com.ar\/wp-content\/uploads\/2025\/05\/WhatsApp-Image-2025-05-06-at-10.14.19-PM-768x512-1-630x420.jpeg 630w, https:\/\/modoviajeok.com.ar\/wp-content\/uploads\/2025\/05\/WhatsApp-Image-2025-05-06-at-10.14.19-PM-768x512-1-150x100.jpeg 150w, https:\/\/modoviajeok.com.ar\/wp-content\/uploads\/2025\/05\/WhatsApp-Image-2025-05-06-at-10.14.19-PM-768x512-1-300x200.jpeg 300w, https:\/\/modoviajeok.com.ar\/wp-content\/uploads\/2025\/05\/WhatsApp-Image-2025-05-06-at-10.14.19-PM-768x512-1-696x464.jpeg 696w\" sizes=\"auto, (max-width: 768px) 100vw, 768px\" \/><figcaption class=\"wp-element-caption\">Dar\u00edo Capitani, durante la presentaci\u00f3n del programa de Astroturismo.<\/figcaption><\/figure>\n\n\n\n<p>La presentaci\u00f3n fue encabezada por el presidente de la Agencia C\u00f3rdoba Turismo, Dar\u00edo Capitani; el ministro de Producci\u00f3n, Ciencia e Innovaci\u00f3n Tecnol\u00f3gica, Pedro Dellarosa; y el intendente de Capilla del Monte, Fabricio D\u00edaz.<\/p>\n\n\n\n<p>\u201cEl mes del astroturismo es una gran oportunidad para seguir posicionando a C\u00f3rdoba como un destino innovador, integrando la ciencia, la naturaleza y el turismo en una propuesta \u00fanica. Estamos convencidos de que el Astroturismo es un producto con enorme potencial y, por eso, reforzamos el trabajo articulado con instituciones cient\u00edficas y los prestadores tur\u00edsticos para garantizar calidad y sostenibilidad\u201d<em>,&nbsp;<\/em>expres\u00f3<em>&nbsp;<\/em>Capitani.<\/p>\n\n\n\n<p>El Astroturismo combina el atractivo natural de los cielos cordobeses, tanto diurnos como nocturnos, con actividades recreativas, educativas, cient\u00edficas y culturales relacionadas con la astronom\u00eda.<\/p>\n\n\n\n<p>El evento incluy\u00f3 la proyecci\u00f3n de un video institucional y un conversatorio en el que participaron autoridades y referentes del sector, quienes destacaron la importancia del Astroturismo como producto tur\u00edstico y cient\u00edfico de C\u00f3rdoba.<\/p>\n\n\n\n<p>Adem\u00e1s estuvieron presentes intendentes y presidentes comunales de diversas regiones, legisladores, representantes del sector tur\u00edstico y cient\u00edfico, y prestadores de turismo . El programa completo de actividades puede verse en:file:\/\/\/C:\/Users\/Lenovo\/Downloads\/Calendario-Astroturismo%20(4).pdf<\/p>\n\n\n\n\n\n\n\n\n\n<figure class=\"wp-block-gallery has-nested-images columns-default is-cropped wp-block-gallery-1 is-layout-flex wp-block-gallery-is-layout-flex\"><\/figure>\n\n\n","protected":false},"excerpt":{"rendered":"<p>Habr\u00e1 actividades recreativas, educativas, cient\u00edficas y culturales relacionadas con la astronom\u00eda. En Capilla del Monte se present\u00f3 la agenda de actividades del mes dedicada a promover el Astroturismo, una tendencia internacional de turismo que crece y posiciona a la provincia a la vanguardia. En un trabajo coordinado, la Agencia C\u00f3rdoba Turismo y el Ministerio de [&hellip;]<\/p>\n","protected":false},"author":3,"featured_media":3715,"comment_status":"open","ping_status":"open","sticky":false,"template":"","format":"standard","meta":{"_acf_changed":false,"footnotes":""},"categories":[11,10],"tags":[345,868,135],"class_list":{"0":"post-3713","1":"post","2":"type-post","3":"status-publish","4":"format-standard","5":"has-post-thumbnail","7":"category-cordoba","8":"category-noticias","9":"tag-agencia-cordoba-turismo-2","10":"tag-astrotuirismo","11":"tag-capilla-del-monte"},"acf":[],"yoast_head":"<!-- This site is optimized with the Yoast SEO plugin v24.8.1 - https:\/\/yoast.com\/wordpress\/plugins\/seo\/ -->\n<title>Mayo, mes del Astroturismo en C\u00f3rdoba -<\/title>\n<meta name=\"description\" content=\"Habr\u00e1 actividades educativas, cient\u00edficas y culturales relacionadas con la astronom\u00eda.\" \/>\n<meta name=\"robots\" content=\"index, follow, max-snippet:-1, max-image-preview:large, max-video-preview:-1\" \/>\n<link rel=\"canonical\" href=\"https:\/\/modoviajeok.com.ar\/index.php\/2025\/05\/09\/mayo-mes-del-astroturismo-en-cordoba\/\" \/>\n<meta property=\"og:locale\" content=\"es_ES\" \/>\n<meta property=\"og:type\" content=\"article\" \/>\n<meta property=\"og:title\" content=\"Mayo, mes del Astroturismo en C\u00f3rdoba -\" \/>\n<meta property=\"og:description\" content=\"Habr\u00e1 actividades educativas, cient\u00edficas y culturales relacionadas con la astronom\u00eda.\" \/>\n<meta property=\"og:url\" content=\"https:\/\/modoviajeok.com.ar\/index.php\/2025\/05\/09\/mayo-mes-del-astroturismo-en-cordoba\/\" \/>\n<meta property=\"article:publisher\" content=\"https:\/\/www.facebook.com\/mariana.otero1\/\" \/>\n<meta property=\"article:published_time\" content=\"2025-05-09T15:09:03+00:00\" \/>\n<meta property=\"article:modified_time\" content=\"2025-05-09T15:26:08+00:00\" \/>\n<meta property=\"og:image\" content=\"https:\/\/modoviajeok.com.ar\/wp-content\/uploads\/2025\/05\/astroturismo.jpeg\" \/>\n\t<meta property=\"og:image:width\" content=\"300\" \/>\n\t<meta property=\"og:image:height\" content=\"168\" \/>\n\t<meta property=\"og:image:type\" content=\"image\/jpeg\" \/>\n<meta name=\"author\" content=\"Pepe Segura\" \/>\n<meta name=\"twitter:card\" content=\"summary_large_image\" \/>\n<meta name=\"twitter:label1\" content=\"Escrito por\" \/>\n\t<meta name=\"twitter:data1\" content=\"Pepe Segura\" \/>\n\t<meta name=\"twitter:label2\" content=\"Tiempo de lectura\" \/>\n\t<meta name=\"twitter:data2\" content=\"3 minutos\" \/>\n<script type=\"application\/ld+json\" class=\"yoast-schema-graph\">{\"@context\":\"https:\/\/schema.org\",\"@graph\":[{\"@type\":\"Article\",\"@id\":\"https:\/\/modoviajeok.com.ar\/index.php\/2025\/05\/09\/mayo-mes-del-astroturismo-en-cordoba\/#article\",\"isPartOf\":{\"@id\":\"https:\/\/modoviajeok.com.ar\/index.php\/2025\/05\/09\/mayo-mes-del-astroturismo-en-cordoba\/\"},\"author\":{\"name\":\"Pepe Segura\",\"@id\":\"https:\/\/modoviajeok.com.ar\/#\/schema\/person\/2e299ed0d3d412a01d244fe28260d7f5\"},\"headline\":\"Mayo, mes del Astroturismo en C\u00f3rdoba\",\"datePublished\":\"2025-05-09T15:09:03+00:00\",\"dateModified\":\"2025-05-09T15:26:08+00:00\",\"mainEntityOfPage\":{\"@id\":\"https:\/\/modoviajeok.com.ar\/index.php\/2025\/05\/09\/mayo-mes-del-astroturismo-en-cordoba\/\"},\"wordCount\":327,\"commentCount\":0,\"publisher\":{\"@id\":\"https:\/\/modoviajeok.com.ar\/#organization\"},\"image\":{\"@id\":\"https:\/\/modoviajeok.com.ar\/index.php\/2025\/05\/09\/mayo-mes-del-astroturismo-en-cordoba\/#primaryimage\"},\"thumbnailUrl\":\"https:\/\/modoviajeok.com.ar\/wp-content\/uploads\/2025\/05\/astroturismo.jpeg\",\"keywords\":[\"agencia cordoba turismo\",\"astrotuirismo\",\"capilla del monte\"],\"articleSection\":[\"C\u00f3rdoba\",\"Noticias\"],\"inLanguage\":\"es\",\"potentialAction\":[{\"@type\":\"CommentAction\",\"name\":\"Comment\",\"target\":[\"https:\/\/modoviajeok.com.ar\/index.php\/2025\/05\/09\/mayo-mes-del-astroturismo-en-cordoba\/#respond\"]}]},{\"@type\":\"WebPage\",\"@id\":\"https:\/\/modoviajeok.com.ar\/index.php\/2025\/05\/09\/mayo-mes-del-astroturismo-en-cordoba\/\",\"url\":\"https:\/\/modoviajeok.com.ar\/index.php\/2025\/05\/09\/mayo-mes-del-astroturismo-en-cordoba\/\",\"name\":\"Mayo, mes del Astroturismo en C\u00f3rdoba -\",\"isPartOf\":{\"@id\":\"https:\/\/modoviajeok.com.ar\/#website\"},\"primaryImageOfPage\":{\"@id\":\"https:\/\/modoviajeok.com.ar\/index.php\/2025\/05\/09\/mayo-mes-del-astroturismo-en-cordoba\/#primaryimage\"},\"image\":{\"@id\":\"https:\/\/modoviajeok.com.ar\/index.php\/2025\/05\/09\/mayo-mes-del-astroturismo-en-cordoba\/#primaryimage\"},\"thumbnailUrl\":\"https:\/\/modoviajeok.com.ar\/wp-content\/uploads\/2025\/05\/astroturismo.jpeg\",\"datePublished\":\"2025-05-09T15:09:03+00:00\",\"dateModified\":\"2025-05-09T15:26:08+00:00\",\"description\":\"Habr\u00e1 actividades educativas, cient\u00edficas y culturales relacionadas con la astronom\u00eda.\",\"breadcrumb\":{\"@id\":\"https:\/\/modoviajeok.com.ar\/index.php\/2025\/05\/09\/mayo-mes-del-astroturismo-en-cordoba\/#breadcrumb\"},\"inLanguage\":\"es\",\"potentialAction\":[{\"@type\":\"ReadAction\",\"target\":[\"https:\/\/modoviajeok.com.ar\/index.php\/2025\/05\/09\/mayo-mes-del-astroturismo-en-cordoba\/\"]}]},{\"@type\":\"ImageObject\",\"inLanguage\":\"es\",\"@id\":\"https:\/\/modoviajeok.com.ar\/index.php\/2025\/05\/09\/mayo-mes-del-astroturismo-en-cordoba\/#primaryimage\",\"url\":\"https:\/\/modoviajeok.com.ar\/wp-content\/uploads\/2025\/05\/astroturismo.jpeg\",\"contentUrl\":\"https:\/\/modoviajeok.com.ar\/wp-content\/uploads\/2025\/05\/astroturismo.jpeg\",\"width\":300,\"height\":168},{\"@type\":\"BreadcrumbList\",\"@id\":\"https:\/\/modoviajeok.com.ar\/index.php\/2025\/05\/09\/mayo-mes-del-astroturismo-en-cordoba\/#breadcrumb\",\"itemListElement\":[{\"@type\":\"ListItem\",\"position\":1,\"name\":\"Portada\",\"item\":\"https:\/\/modoviajeok.com.ar\/\"},{\"@type\":\"ListItem\",\"position\":2,\"name\":\"Mayo, mes del Astroturismo en C\u00f3rdoba\"}]},{\"@type\":\"WebSite\",\"@id\":\"https:\/\/modoviajeok.com.ar\/#website\",\"url\":\"https:\/\/modoviajeok.com.ar\/\",\"name\":\"ModoViajeOK\",\"description\":\"\",\"publisher\":{\"@id\":\"https:\/\/modoviajeok.com.ar\/#organization\"},\"potentialAction\":[{\"@type\":\"SearchAction\",\"target\":{\"@type\":\"EntryPoint\",\"urlTemplate\":\"https:\/\/modoviajeok.com.ar\/?s={search_term_string}\"},\"query-input\":{\"@type\":\"PropertyValueSpecification\",\"valueRequired\":true,\"valueName\":\"search_term_string\"}}],\"inLanguage\":\"es\"},{\"@type\":\"Organization\",\"@id\":\"https:\/\/modoviajeok.com.ar\/#organization\",\"name\":\"ModoViajeOK\",\"url\":\"https:\/\/modoviajeok.com.ar\/\",\"logo\":{\"@type\":\"ImageObject\",\"inLanguage\":\"es\",\"@id\":\"https:\/\/modoviajeok.com.ar\/#\/schema\/logo\/image\/\",\"url\":\"https:\/\/modoviajeok.com.ar\/wp-content\/uploads\/2025\/01\/Logo-modoviajeok.png\",\"contentUrl\":\"https:\/\/modoviajeok.com.ar\/wp-content\/uploads\/2025\/01\/Logo-modoviajeok.png\",\"width\":2938,\"height\":2276,\"caption\":\"ModoViajeOK\"},\"image\":{\"@id\":\"https:\/\/modoviajeok.com.ar\/#\/schema\/logo\/image\/\"},\"sameAs\":[\"https:\/\/www.facebook.com\/mariana.otero1\/\",\"https:\/\/www.instagram.com\/modoviaje.ok\/\"]},{\"@type\":\"Person\",\"@id\":\"https:\/\/modoviajeok.com.ar\/#\/schema\/person\/2e299ed0d3d412a01d244fe28260d7f5\",\"name\":\"Pepe Segura\",\"image\":{\"@type\":\"ImageObject\",\"inLanguage\":\"es\",\"@id\":\"https:\/\/modoviajeok.com.ar\/#\/schema\/person\/image\/\",\"url\":\"https:\/\/secure.gravatar.com\/avatar\/65eb4b34deed761327f5b2c5535b987318ae807900ac46426de7258f5de6d345?s=96&d=mm&r=g\",\"contentUrl\":\"https:\/\/secure.gravatar.com\/avatar\/65eb4b34deed761327f5b2c5535b987318ae807900ac46426de7258f5de6d345?s=96&d=mm&r=g\",\"caption\":\"Pepe Segura\"},\"url\":\"https:\/\/modoviajeok.com.ar\/index.php\/author\/pepe2025\/\"}]}<\/script>\n<!-- \/ Yoast SEO plugin. -->","yoast_head_json":{"title":"Mayo, mes del Astroturismo en C\u00f3rdoba -","description":"Habr\u00e1 actividades educativas, cient\u00edficas y culturales relacionadas con la astronom\u00eda.","robots":{"index":"index","follow":"follow","max-snippet":"max-snippet:-1","max-image-preview":"max-image-preview:large","max-video-preview":"max-video-preview:-1"},"canonical":"https:\/\/modoviajeok.com.ar\/index.php\/2025\/05\/09\/mayo-mes-del-astroturismo-en-cordoba\/","og_locale":"es_ES","og_type":"article","og_title":"Mayo, mes del Astroturismo en C\u00f3rdoba -","og_description":"Habr\u00e1 actividades educativas, cient\u00edficas y culturales relacionadas con la astronom\u00eda.","og_url":"https:\/\/modoviajeok.com.ar\/index.php\/2025\/05\/09\/mayo-mes-del-astroturismo-en-cordoba\/","article_publisher":"https:\/\/www.facebook.com\/mariana.otero1\/","article_published_time":"2025-05-09T15:09:03+00:00","article_modified_time":"2025-05-09T15:26:08+00:00","og_image":[{"width":300,"height":168,"url":"https:\/\/modoviajeok.com.ar\/wp-content\/uploads\/2025\/05\/astroturismo.jpeg","type":"image\/jpeg"}],"author":"Pepe Segura","twitter_card":"summary_large_image","twitter_misc":{"Escrito por":"Pepe Segura","Tiempo de lectura":"3 minutos"},"schema":{"@context":"https:\/\/schema.org","@graph":[{"@type":"Article","@id":"https:\/\/modoviajeok.com.ar\/index.php\/2025\/05\/09\/mayo-mes-del-astroturismo-en-cordoba\/#article","isPartOf":{"@id":"https:\/\/modoviajeok.com.ar\/index.php\/2025\/05\/09\/mayo-mes-del-astroturismo-en-cordoba\/"},"author":{"name":"Pepe Segura","@id":"https:\/\/modoviajeok.com.ar\/#\/schema\/person\/2e299ed0d3d412a01d244fe28260d7f5"},"headline":"Mayo, mes del Astroturismo en C\u00f3rdoba","datePublished":"2025-05-09T15:09:03+00:00","dateModified":"2025-05-09T15:26:08+00:00","mainEntityOfPage":{"@id":"https:\/\/modoviajeok.com.ar\/index.php\/2025\/05\/09\/mayo-mes-del-astroturismo-en-cordoba\/"},"wordCount":327,"commentCount":0,"publisher":{"@id":"https:\/\/modoviajeok.com.ar\/#organization"},"image":{"@id":"https:\/\/modoviajeok.com.ar\/index.php\/2025\/05\/09\/mayo-mes-del-astroturismo-en-cordoba\/#primaryimage"},"thumbnailUrl":"https:\/\/modoviajeok.com.ar\/wp-content\/uploads\/2025\/05\/astroturismo.jpeg","keywords":["agencia cordoba turismo","astrotuirismo","capilla del monte"],"articleSection":["C\u00f3rdoba","Noticias"],"inLanguage":"es","potentialAction":[{"@type":"CommentAction","name":"Comment","target":["https:\/\/modoviajeok.com.ar\/index.php\/2025\/05\/09\/mayo-mes-del-astroturismo-en-cordoba\/#respond"]}]},{"@type":"WebPage","@id":"https:\/\/modoviajeok.com.ar\/index.php\/2025\/05\/09\/mayo-mes-del-astroturismo-en-cordoba\/","url":"https:\/\/modoviajeok.com.ar\/index.php\/2025\/05\/09\/mayo-mes-del-astroturismo-en-cordoba\/","name":"Mayo, mes del Astroturismo en C\u00f3rdoba -","isPartOf":{"@id":"https:\/\/modoviajeok.com.ar\/#website"},"primaryImageOfPage":{"@id":"https:\/\/modoviajeok.com.ar\/index.php\/2025\/05\/09\/mayo-mes-del-astroturismo-en-cordoba\/#primaryimage"},"image":{"@id":"https:\/\/modoviajeok.com.ar\/index.php\/2025\/05\/09\/mayo-mes-del-astroturismo-en-cordoba\/#primaryimage"},"thumbnailUrl":"https:\/\/modoviajeok.com.ar\/wp-content\/uploads\/2025\/05\/astroturismo.jpeg","datePublished":"2025-05-09T15:09:03+00:00","dateModified":"2025-05-09T15:26:08+00:00","description":"Habr\u00e1 actividades educativas, cient\u00edficas y culturales relacionadas con la astronom\u00eda.","breadcrumb":{"@id":"https:\/\/modoviajeok.com.ar\/index.php\/2025\/05\/09\/mayo-mes-del-astroturismo-en-cordoba\/#breadcrumb"},"inLanguage":"es","potentialAction":[{"@type":"ReadAction","target":["https:\/\/modoviajeok.com.ar\/index.php\/2025\/05\/09\/mayo-mes-del-astroturismo-en-cordoba\/"]}]},{"@type":"ImageObject","inLanguage":"es","@id":"https:\/\/modoviajeok.com.ar\/index.php\/2025\/05\/09\/mayo-mes-del-astroturismo-en-cordoba\/#primaryimage","url":"https:\/\/modoviajeok.com.ar\/wp-content\/uploads\/2025\/05\/astroturismo.jpeg","contentUrl":"https:\/\/modoviajeok.com.ar\/wp-content\/uploads\/2025\/05\/astroturismo.jpeg","width":300,"height":168},{"@type":"BreadcrumbList","@id":"https:\/\/modoviajeok.com.ar\/index.php\/2025\/05\/09\/mayo-mes-del-astroturismo-en-cordoba\/#breadcrumb","itemListElement":[{"@type":"ListItem","position":1,"name":"Portada","item":"https:\/\/modoviajeok.com.ar\/"},{"@type":"ListItem","position":2,"name":"Mayo, mes del Astroturismo en C\u00f3rdoba"}]},{"@type":"WebSite","@id":"https:\/\/modoviajeok.com.ar\/#website","url":"https:\/\/modoviajeok.com.ar\/","name":"ModoViajeOK","description":"","publisher":{"@id":"https:\/\/modoviajeok.com.ar\/#organization"},"potentialAction":[{"@type":"SearchAction","target":{"@type":"EntryPoint","urlTemplate":"https:\/\/modoviajeok.com.ar\/?s={search_term_string}"},"query-input":{"@type":"PropertyValueSpecification","valueRequired":true,"valueName":"search_term_string"}}],"inLanguage":"es"},{"@type":"Organization","@id":"https:\/\/modoviajeok.com.ar\/#organization","name":"ModoViajeOK","url":"https:\/\/modoviajeok.com.ar\/","logo":{"@type":"ImageObject","inLanguage":"es","@id":"https:\/\/modoviajeok.com.ar\/#\/schema\/logo\/image\/","url":"https:\/\/modoviajeok.com.ar\/wp-content\/uploads\/2025\/01\/Logo-modoviajeok.png","contentUrl":"https:\/\/modoviajeok.com.ar\/wp-content\/uploads\/2025\/01\/Logo-modoviajeok.png","width":2938,"height":2276,"caption":"ModoViajeOK"},"image":{"@id":"https:\/\/modoviajeok.com.ar\/#\/schema\/logo\/image\/"},"sameAs":["https:\/\/www.facebook.com\/mariana.otero1\/","https:\/\/www.instagram.com\/modoviaje.ok\/"]},{"@type":"Person","@id":"https:\/\/modoviajeok.com.ar\/#\/schema\/person\/2e299ed0d3d412a01d244fe28260d7f5","name":"Pepe Segura","image":{"@type":"ImageObject","inLanguage":"es","@id":"https:\/\/modoviajeok.com.ar\/#\/schema\/person\/image\/","url":"https:\/\/secure.gravatar.com\/avatar\/65eb4b34deed761327f5b2c5535b987318ae807900ac46426de7258f5de6d345?s=96&d=mm&r=g","contentUrl":"https:\/\/secure.gravatar.com\/avatar\/65eb4b34deed761327f5b2c5535b987318ae807900ac46426de7258f5de6d345?s=96&d=mm&r=g","caption":"Pepe Segura"},"url":"https:\/\/modoviajeok.com.ar\/index.php\/author\/pepe2025\/"}]}},"_links":{"self":[{"href":"https:\/\/modoviajeok.com.ar\/index.php\/wp-json\/wp\/v2\/posts\/3713","targetHints":{"allow":["GET"]}}],"collection":[{"href":"https:\/\/modoviajeok.com.ar\/index.php\/wp-json\/wp\/v2\/posts"}],"about":[{"href":"https:\/\/modoviajeok.com.ar\/index.php\/wp-json\/wp\/v2\/types\/post"}],"author":[{"embeddable":true,"href":"https:\/\/modoviajeok.com.ar\/index.php\/wp-json\/wp\/v2\/users\/3"}],"replies":[{"embeddable":true,"href":"https:\/\/modoviajeok.com.ar\/index.php\/wp-json\/wp\/v2\/comments?post=3713"}],"version-history":[{"count":3,"href":"https:\/\/modoviajeok.com.ar\/index.php\/wp-json\/wp\/v2\/posts\/3713\/revisions"}],"predecessor-version":[{"id":3724,"href":"https:\/\/modoviajeok.com.ar\/index.php\/wp-json\/wp\/v2\/posts\/3713\/revisions\/3724"}],"wp:featuredmedia":[{"embeddable":true,"href":"https:\/\/modoviajeok.com.ar\/index.php\/wp-json\/wp\/v2\/media\/3715"}],"wp:attachment":[{"href":"https:\/\/modoviajeok.com.ar\/index.php\/wp-json\/wp\/v2\/media?parent=3713"}],"wp:term":[{"taxonomy":"category","embeddable":true,"href":"https:\/\/modoviajeok.com.ar\/index.php\/wp-json\/wp\/v2\/categories?post=3713"},{"taxonomy":"post_tag","embeddable":true,"href":"https:\/\/modoviajeok.com.ar\/index.php\/wp-json\/wp\/v2\/tags?post=3713"}],"curies":[{"name":"wp","href":"https:\/\/api.w.org\/{rel}","templated":true}]}}