{"id":3726,"date":"2025-05-10T12:21:33","date_gmt":"2025-05-10T15:21:33","guid":{"rendered":"https:\/\/modoviajeok.com.ar\/?p=3726"},"modified":"2025-05-21T18:59:28","modified_gmt":"2025-05-21T21:59:28","slug":"de-adobe-y-con-retablo-banado-en-oro-asi-es-la-iglesia-de-yavi","status":"publish","type":"post","link":"https:\/\/modoviajeok.com.ar\/index.php\/2025\/05\/10\/de-adobe-y-con-retablo-banado-en-oro-asi-es-la-iglesia-de-yavi\/","title":{"rendered":"De adobe y con retablo ba\u00f1ado en oro: as\u00ed es la iglesia de Yavi"},"content":{"rendered":"\n<p><\/p>\n\n\n\n<h2 class=\"wp-block-heading\">La Iglesia Nuestra Se\u00f1ora del Rosario y San Francisco de As\u00eds es una de las m\u00e1s antiguas del pa\u00eds. Pertenec\u00eda al marquesado, en tiempos de la colonia espa\u00f1ola. All\u00ed rez\u00f3 Belgrano.\u00a0<\/h2>\n\n\n\n<p>En el norte juje\u00f1o, <strong>a pasos de la frontera boliviana<\/strong>, el peque\u00f1o pueblo de Yavi es una caminata hacia el pasado. Tiene casas de adobe, esp\u00edritu andino, silencio, 450 a\u00f1os de historia (lo celebra este a\u00f1o), 250 habitantes y un esp\u00edritu aut\u00e9ntico que invita a volver cinco siglos atr\u00e1s. <\/p>\n\n\n\n<figure class=\"wp-block-image size-full\"><img loading=\"lazy\" decoding=\"async\" width=\"2560\" height=\"1928\" src=\"https:\/\/modoviajeok.com.ar\/wp-content\/uploads\/2025\/05\/IMG_20250422_101408-scaled.jpg\" alt=\"\" class=\"wp-image-3727\" srcset=\"https:\/\/modoviajeok.com.ar\/wp-content\/uploads\/2025\/05\/IMG_20250422_101408-scaled.jpg 2560w, https:\/\/modoviajeok.com.ar\/wp-content\/uploads\/2025\/05\/IMG_20250422_101408-768x578.jpg 768w, https:\/\/modoviajeok.com.ar\/wp-content\/uploads\/2025\/05\/IMG_20250422_101408-1536x1157.jpg 1536w, https:\/\/modoviajeok.com.ar\/wp-content\/uploads\/2025\/05\/IMG_20250422_101408-2048x1542.jpg 2048w, https:\/\/modoviajeok.com.ar\/wp-content\/uploads\/2025\/05\/IMG_20250422_101408-558x420.jpg 558w, https:\/\/modoviajeok.com.ar\/wp-content\/uploads\/2025\/05\/IMG_20250422_101408-80x60.jpg 80w, https:\/\/modoviajeok.com.ar\/wp-content\/uploads\/2025\/05\/IMG_20250422_101408-150x113.jpg 150w, https:\/\/modoviajeok.com.ar\/wp-content\/uploads\/2025\/05\/IMG_20250422_101408-300x226.jpg 300w, https:\/\/modoviajeok.com.ar\/wp-content\/uploads\/2025\/05\/IMG_20250422_101408-696x524.jpg 696w, https:\/\/modoviajeok.com.ar\/wp-content\/uploads\/2025\/05\/IMG_20250422_101408-1068x804.jpg 1068w, https:\/\/modoviajeok.com.ar\/wp-content\/uploads\/2025\/05\/IMG_20250422_101408-1920x1446.jpg 1920w\" sizes=\"auto, (max-width: 2560px) 100vw, 2560px\" \/><\/figure>\n\n\n\n<p>Yavi est\u00e1 situado a 16 km de La Quiaca, a 300 km al norte de San Salvador de Jujuy y a 3.442 metros de altura. En invierno, la temperatura puede llegar a los 20 grados bajo cero. Los pobladores originarios eran los <strong>omaguacas<\/strong> (de all\u00ed deriva el hombre de la Quebrada de Humahuaca) y alrededor de 1470, el territorio fue incorporado al imperio inca.<\/p>\n\n\n\n<figure class=\"wp-block-image size-full\"><img loading=\"lazy\" decoding=\"async\" width=\"1152\" height=\"2560\" src=\"https:\/\/modoviajeok.com.ar\/wp-content\/uploads\/2025\/05\/20250422_090518-scaled.jpg\" alt=\"\" class=\"wp-image-3729\" srcset=\"https:\/\/modoviajeok.com.ar\/wp-content\/uploads\/2025\/05\/20250422_090518-scaled.jpg 1152w, https:\/\/modoviajeok.com.ar\/wp-content\/uploads\/2025\/05\/20250422_090518-768x1707.jpg 768w, https:\/\/modoviajeok.com.ar\/wp-content\/uploads\/2025\/05\/20250422_090518-691x1536.jpg 691w, https:\/\/modoviajeok.com.ar\/wp-content\/uploads\/2025\/05\/20250422_090518-922x2048.jpg 922w, https:\/\/modoviajeok.com.ar\/wp-content\/uploads\/2025\/05\/20250422_090518-189x420.jpg 189w, https:\/\/modoviajeok.com.ar\/wp-content\/uploads\/2025\/05\/20250422_090518-150x333.jpg 150w, https:\/\/modoviajeok.com.ar\/wp-content\/uploads\/2025\/05\/20250422_090518-300x667.jpg 300w, https:\/\/modoviajeok.com.ar\/wp-content\/uploads\/2025\/05\/20250422_090518-696x1547.jpg 696w, https:\/\/modoviajeok.com.ar\/wp-content\/uploads\/2025\/05\/20250422_090518-1068x2373.jpg 1068w\" sizes=\"auto, (max-width: 1152px) 100vw, 1152px\" \/><\/figure>\n\n\n\n<p>Yavi fue sede del \u00fanico Marquesado que tuvo el territorio que luego ser\u00eda la Argentina y tiene una iglesia preciosa, de color terroso como todo el pueblo y un retablo con maderas de Cusco (Per\u00fa) y ba\u00f1ada en oro tra\u00eddo de Cerro Rico, en Potos\u00ed (Bolivia). El museo del marquesado donde se recuerda que Yavi fue gobernada por un <strong>marqu\u00e9s<\/strong>, que apoy\u00f3 la lucha por la Independencia, se encuentra justo enfrente del templo.<\/p>\n\n\n\n<figure class=\"wp-block-image size-full\"><img loading=\"lazy\" decoding=\"async\" width=\"1152\" height=\"2560\" src=\"https:\/\/modoviajeok.com.ar\/wp-content\/uploads\/2025\/05\/20250422_090337-scaled.jpg\" alt=\"\" class=\"wp-image-3728\" srcset=\"https:\/\/modoviajeok.com.ar\/wp-content\/uploads\/2025\/05\/20250422_090337-scaled.jpg 1152w, https:\/\/modoviajeok.com.ar\/wp-content\/uploads\/2025\/05\/20250422_090337-768x1707.jpg 768w, https:\/\/modoviajeok.com.ar\/wp-content\/uploads\/2025\/05\/20250422_090337-691x1536.jpg 691w, https:\/\/modoviajeok.com.ar\/wp-content\/uploads\/2025\/05\/20250422_090337-922x2048.jpg 922w, https:\/\/modoviajeok.com.ar\/wp-content\/uploads\/2025\/05\/20250422_090337-189x420.jpg 189w, https:\/\/modoviajeok.com.ar\/wp-content\/uploads\/2025\/05\/20250422_090337-150x333.jpg 150w, https:\/\/modoviajeok.com.ar\/wp-content\/uploads\/2025\/05\/20250422_090337-300x667.jpg 300w, https:\/\/modoviajeok.com.ar\/wp-content\/uploads\/2025\/05\/20250422_090337-696x1547.jpg 696w, https:\/\/modoviajeok.com.ar\/wp-content\/uploads\/2025\/05\/20250422_090337-1068x2373.jpg 1068w\" sizes=\"auto, (max-width: 1152px) 100vw, 1152px\" \/><\/figure>\n\n\n\n<p>La iglesia es una de las m\u00e1s antiguas del pa\u00eds y conserva tallas de \u00e1ngeles en madera que lucen plumas y collares incaicos.&nbsp;<\/p>\n\n\n\n<p>La gu\u00eda de la iglesia Nuestra Se\u00f1ora del Rosario y San Francisco de As\u00eds nos cont\u00f3 que fue construida a partir de 1645 y terminada 50 a\u00f1os despu\u00e9s. En su altar mayor posee im\u00e1genes de la Virgen del Rosario y San Francisco, laminadas en oro. Ambos son patronos de Yavi.<\/p>\n\n\n\n<figure class=\"wp-block-image size-full\"><img loading=\"lazy\" decoding=\"async\" width=\"1155\" height=\"2560\" src=\"https:\/\/modoviajeok.com.ar\/wp-content\/uploads\/2025\/05\/20250422_091529-scaled.jpg\" alt=\"\" class=\"wp-image-3730\" srcset=\"https:\/\/modoviajeok.com.ar\/wp-content\/uploads\/2025\/05\/20250422_091529-scaled.jpg 1155w, https:\/\/modoviajeok.com.ar\/wp-content\/uploads\/2025\/05\/20250422_091529-768x1703.jpg 768w, https:\/\/modoviajeok.com.ar\/wp-content\/uploads\/2025\/05\/20250422_091529-693x1536.jpg 693w, https:\/\/modoviajeok.com.ar\/wp-content\/uploads\/2025\/05\/20250422_091529-924x2048.jpg 924w, https:\/\/modoviajeok.com.ar\/wp-content\/uploads\/2025\/05\/20250422_091529-189x420.jpg 189w, https:\/\/modoviajeok.com.ar\/wp-content\/uploads\/2025\/05\/20250422_091529-150x333.jpg 150w, https:\/\/modoviajeok.com.ar\/wp-content\/uploads\/2025\/05\/20250422_091529-300x665.jpg 300w, https:\/\/modoviajeok.com.ar\/wp-content\/uploads\/2025\/05\/20250422_091529-696x1543.jpg 696w, https:\/\/modoviajeok.com.ar\/wp-content\/uploads\/2025\/05\/20250422_091529-1068x2368.jpg 1068w\" sizes=\"auto, (max-width: 1155px) 100vw, 1155px\" \/><\/figure>\n\n\n\n<p>La construcci\u00f3n fue la capilla privada de los marqueses. Tiene muros de adobe de 1,20 metros de ancho y techos de maderas de card\u00f3n, atadas con tientos de cuero. Posee <strong>tres altares, un p\u00falpito tallado, un coro y exhibe \u00f3leos sobre lienzo de estilo cusque\u00f1o<\/strong>. <\/p>\n\n\n\n<figure class=\"wp-block-image size-full\"><img loading=\"lazy\" decoding=\"async\" width=\"1928\" height=\"2560\" src=\"https:\/\/modoviajeok.com.ar\/wp-content\/uploads\/2025\/05\/IMG_20250422_100457-scaled.jpg\" alt=\"\" class=\"wp-image-3731\" srcset=\"https:\/\/modoviajeok.com.ar\/wp-content\/uploads\/2025\/05\/IMG_20250422_100457-scaled.jpg 1928w, https:\/\/modoviajeok.com.ar\/wp-content\/uploads\/2025\/05\/IMG_20250422_100457-768x1020.jpg 768w, https:\/\/modoviajeok.com.ar\/wp-content\/uploads\/2025\/05\/IMG_20250422_100457-1157x1536.jpg 1157w, https:\/\/modoviajeok.com.ar\/wp-content\/uploads\/2025\/05\/IMG_20250422_100457-1542x2048.jpg 1542w, https:\/\/modoviajeok.com.ar\/wp-content\/uploads\/2025\/05\/IMG_20250422_100457-316x420.jpg 316w, https:\/\/modoviajeok.com.ar\/wp-content\/uploads\/2025\/05\/IMG_20250422_100457-150x199.jpg 150w, https:\/\/modoviajeok.com.ar\/wp-content\/uploads\/2025\/05\/IMG_20250422_100457-300x398.jpg 300w, https:\/\/modoviajeok.com.ar\/wp-content\/uploads\/2025\/05\/IMG_20250422_100457-696x924.jpg 696w, https:\/\/modoviajeok.com.ar\/wp-content\/uploads\/2025\/05\/IMG_20250422_100457-1068x1418.jpg 1068w, https:\/\/modoviajeok.com.ar\/wp-content\/uploads\/2025\/05\/IMG_20250422_100457-1920x2550.jpg 1920w\" sizes=\"auto, (max-width: 1928px) 100vw, 1928px\" \/><\/figure>\n\n\n\n<p>El sagrario est\u00e1 decorado con espejos venecianos. Tiene un detalle curioso: las<strong> l\u00e1minas de piedra onix transl\u00facidas de 4 a 5 cm de grosor que en las ventanas ofician de vidrios. La piedra deja pasar la luz del sol<\/strong>.<\/p>\n\n\n\n<figure class=\"wp-block-image size-full\"><img loading=\"lazy\" decoding=\"async\" width=\"2560\" height=\"1928\" src=\"https:\/\/modoviajeok.com.ar\/wp-content\/uploads\/2025\/05\/original_cb54cf5e-f3a5-478f-9cdd-8e74a3b3aa1b_IMG_20250422_100249-scaled.jpg\" alt=\"\" class=\"wp-image-3732\" srcset=\"https:\/\/modoviajeok.com.ar\/wp-content\/uploads\/2025\/05\/original_cb54cf5e-f3a5-478f-9cdd-8e74a3b3aa1b_IMG_20250422_100249-scaled.jpg 2560w, https:\/\/modoviajeok.com.ar\/wp-content\/uploads\/2025\/05\/original_cb54cf5e-f3a5-478f-9cdd-8e74a3b3aa1b_IMG_20250422_100249-768x578.jpg 768w, https:\/\/modoviajeok.com.ar\/wp-content\/uploads\/2025\/05\/original_cb54cf5e-f3a5-478f-9cdd-8e74a3b3aa1b_IMG_20250422_100249-1536x1157.jpg 1536w, https:\/\/modoviajeok.com.ar\/wp-content\/uploads\/2025\/05\/original_cb54cf5e-f3a5-478f-9cdd-8e74a3b3aa1b_IMG_20250422_100249-2048x1542.jpg 2048w, https:\/\/modoviajeok.com.ar\/wp-content\/uploads\/2025\/05\/original_cb54cf5e-f3a5-478f-9cdd-8e74a3b3aa1b_IMG_20250422_100249-558x420.jpg 558w, https:\/\/modoviajeok.com.ar\/wp-content\/uploads\/2025\/05\/original_cb54cf5e-f3a5-478f-9cdd-8e74a3b3aa1b_IMG_20250422_100249-80x60.jpg 80w, https:\/\/modoviajeok.com.ar\/wp-content\/uploads\/2025\/05\/original_cb54cf5e-f3a5-478f-9cdd-8e74a3b3aa1b_IMG_20250422_100249-150x113.jpg 150w, https:\/\/modoviajeok.com.ar\/wp-content\/uploads\/2025\/05\/original_cb54cf5e-f3a5-478f-9cdd-8e74a3b3aa1b_IMG_20250422_100249-300x226.jpg 300w, https:\/\/modoviajeok.com.ar\/wp-content\/uploads\/2025\/05\/original_cb54cf5e-f3a5-478f-9cdd-8e74a3b3aa1b_IMG_20250422_100249-696x524.jpg 696w, https:\/\/modoviajeok.com.ar\/wp-content\/uploads\/2025\/05\/original_cb54cf5e-f3a5-478f-9cdd-8e74a3b3aa1b_IMG_20250422_100249-1068x804.jpg 1068w, https:\/\/modoviajeok.com.ar\/wp-content\/uploads\/2025\/05\/original_cb54cf5e-f3a5-478f-9cdd-8e74a3b3aa1b_IMG_20250422_100249-1920x1446.jpg 1920w\" sizes=\"auto, (max-width: 2560px) 100vw, 2560px\" \/><\/figure>\n\n\n\n<p>La iglesia se conserva en su estado original, solo fue restaurado el techo a principios del siglo 20. Es Monumento Hist\u00f3rico Nacional.&nbsp;<\/p>\n\n\n\n<p><strong>DATOS \u00daTILES<\/strong><\/p>\n\n\n\n<p>YAVI: Pueblo ubicado a 16 km de la ciudad de La Quiaca sobre RP5, en Jujuy.<\/p>\n\n\n\n<p>IGLESIA. Est\u00e1 abierta todos los d\u00edas de 9 a 18.30. La entrada cuesta $4000. Con el mismo ticket se puede ingresar al Museo de los Marqueses, en el mismo horario.<\/p>\n\n\n\n<p>ALOJAMIENTO. Posada Tika, muy recomendable. RP5 esquina Av. Senador P\u00e9rez- IG <a href=\"https:\/\/www.google.com\/maps\/place\/Posada+Tika+-+Yavi\/data=!4m2!3m1!19sChIJXdUp1LufBpQRRBiWpwzuChM\">Posada Tika &#8211; Yavi<\/a>.<\/p>\n","protected":false},"excerpt":{"rendered":"<p>La Iglesia Nuestra Se\u00f1ora del Rosario y San Francisco de As\u00eds es una de las m\u00e1s antiguas del pa\u00eds. Pertenec\u00eda al marquesado, en tiempos de la colonia espa\u00f1ola. All\u00ed rez\u00f3 Belgrano.\u00a0 En el norte juje\u00f1o, a pasos de la frontera boliviana, el peque\u00f1o pueblo de Yavi es una caminata hacia el pasado. Tiene casas de [&hellip;]<\/p>\n","protected":false},"author":2,"featured_media":3763,"comment_status":"open","ping_status":"open","sticky":false,"template":"","format":"standard","meta":{"_acf_changed":false,"footnotes":""},"categories":[13,2,15],"tags":[869,22,871,58,870,859],"class_list":{"0":"post-3726","1":"post","2":"type-post","3":"status-publish","4":"format-standard","5":"has-post-thumbnail","7":"category-argentina","8":"category-destacadas","9":"category-recomendaciones","10":"tag-iglesia","11":"tag-jujuy","12":"tag-monumento-nacional","13":"tag-museo","14":"tag-pueblo-historico","15":"tag-yavi"},"acf":[],"yoast_head":"<!-- This site is optimized with the Yoast SEO plugin v24.8.1 - https:\/\/yoast.com\/wordpress\/plugins\/seo\/ -->\n<title>De adobe y con retablo ba\u00f1ado en oro: as\u00ed es la iglesia de Yavi -<\/title>\n<meta name=\"description\" content=\"La Iglesia Nuestra Se\u00f1ora del Rosario y San Francisco de As\u00eds es una de las m\u00e1s antiguas del pa\u00eds. Pertenec\u00eda al marquesado, en tiempos de la colonia espa\u00f1ola. All\u00ed rez\u00f3 Belgrano.\u00a0\" \/>\n<meta name=\"robots\" content=\"index, follow, max-snippet:-1, max-image-preview:large, max-video-preview:-1\" \/>\n<link rel=\"canonical\" href=\"https:\/\/modoviajeok.com.ar\/index.php\/2025\/05\/10\/de-adobe-y-con-retablo-banado-en-oro-asi-es-la-iglesia-de-yavi\/\" \/>\n<meta property=\"og:locale\" content=\"es_ES\" \/>\n<meta property=\"og:type\" content=\"article\" \/>\n<meta property=\"og:title\" content=\"De adobe y con retablo ba\u00f1ado en oro: as\u00ed es la iglesia de Yavi -\" \/>\n<meta property=\"og:description\" content=\"La Iglesia Nuestra Se\u00f1ora del Rosario y San Francisco de As\u00eds es una de las m\u00e1s antiguas del pa\u00eds. Pertenec\u00eda al marquesado, en tiempos de la colonia espa\u00f1ola. All\u00ed rez\u00f3 Belgrano.\u00a0\" \/>\n<meta property=\"og:url\" content=\"https:\/\/modoviajeok.com.ar\/index.php\/2025\/05\/10\/de-adobe-y-con-retablo-banado-en-oro-asi-es-la-iglesia-de-yavi\/\" \/>\n<meta property=\"article:publisher\" content=\"https:\/\/www.facebook.com\/mariana.otero1\/\" \/>\n<meta property=\"article:published_time\" content=\"2025-05-10T15:21:33+00:00\" \/>\n<meta property=\"article:modified_time\" content=\"2025-05-21T21:59:28+00:00\" \/>\n<meta property=\"og:image\" content=\"https:\/\/modoviajeok.com.ar\/wp-content\/uploads\/2025\/05\/20250422_090309-scaled.jpg\" \/>\n\t<meta property=\"og:image:width\" content=\"1152\" \/>\n\t<meta property=\"og:image:height\" content=\"2560\" \/>\n\t<meta property=\"og:image:type\" content=\"image\/jpeg\" \/>\n<meta name=\"author\" content=\"Mariana Otero\" \/>\n<meta name=\"twitter:card\" content=\"summary_large_image\" \/>\n<meta name=\"twitter:label1\" content=\"Escrito por\" \/>\n\t<meta name=\"twitter:data1\" content=\"Mariana Otero\" \/>\n\t<meta name=\"twitter:label2\" content=\"Tiempo de lectura\" \/>\n\t<meta name=\"twitter:data2\" content=\"4 minutos\" \/>\n<script type=\"application\/ld+json\" class=\"yoast-schema-graph\">{\"@context\":\"https:\/\/schema.org\",\"@graph\":[{\"@type\":\"Article\",\"@id\":\"https:\/\/modoviajeok.com.ar\/index.php\/2025\/05\/10\/de-adobe-y-con-retablo-banado-en-oro-asi-es-la-iglesia-de-yavi\/#article\",\"isPartOf\":{\"@id\":\"https:\/\/modoviajeok.com.ar\/index.php\/2025\/05\/10\/de-adobe-y-con-retablo-banado-en-oro-asi-es-la-iglesia-de-yavi\/\"},\"author\":{\"name\":\"Mariana Otero\",\"@id\":\"https:\/\/modoviajeok.com.ar\/#\/schema\/person\/1187013488537969db5b1320484d24f4\"},\"headline\":\"De adobe y con retablo ba\u00f1ado en oro: as\u00ed es la iglesia de Yavi\",\"datePublished\":\"2025-05-10T15:21:33+00:00\",\"dateModified\":\"2025-05-21T21:59:28+00:00\",\"mainEntityOfPage\":{\"@id\":\"https:\/\/modoviajeok.com.ar\/index.php\/2025\/05\/10\/de-adobe-y-con-retablo-banado-en-oro-asi-es-la-iglesia-de-yavi\/\"},\"wordCount\":494,\"commentCount\":0,\"publisher\":{\"@id\":\"https:\/\/modoviajeok.com.ar\/#organization\"},\"image\":{\"@id\":\"https:\/\/modoviajeok.com.ar\/index.php\/2025\/05\/10\/de-adobe-y-con-retablo-banado-en-oro-asi-es-la-iglesia-de-yavi\/#primaryimage\"},\"thumbnailUrl\":\"https:\/\/modoviajeok.com.ar\/wp-content\/uploads\/2025\/05\/20250422_090309-scaled.jpg\",\"keywords\":[\"iglesia\",\"jujuy\",\"monumento nacional\",\"museo\",\"pueblo hist\u00f3rico\",\"yavi\"],\"articleSection\":[\"Argentina\",\"Destacadas\",\"Recomendaciones\"],\"inLanguage\":\"es\",\"potentialAction\":[{\"@type\":\"CommentAction\",\"name\":\"Comment\",\"target\":[\"https:\/\/modoviajeok.com.ar\/index.php\/2025\/05\/10\/de-adobe-y-con-retablo-banado-en-oro-asi-es-la-iglesia-de-yavi\/#respond\"]}]},{\"@type\":\"WebPage\",\"@id\":\"https:\/\/modoviajeok.com.ar\/index.php\/2025\/05\/10\/de-adobe-y-con-retablo-banado-en-oro-asi-es-la-iglesia-de-yavi\/\",\"url\":\"https:\/\/modoviajeok.com.ar\/index.php\/2025\/05\/10\/de-adobe-y-con-retablo-banado-en-oro-asi-es-la-iglesia-de-yavi\/\",\"name\":\"De adobe y con retablo ba\u00f1ado en oro: as\u00ed es la iglesia de Yavi -\",\"isPartOf\":{\"@id\":\"https:\/\/modoviajeok.com.ar\/#website\"},\"primaryImageOfPage\":{\"@id\":\"https:\/\/modoviajeok.com.ar\/index.php\/2025\/05\/10\/de-adobe-y-con-retablo-banado-en-oro-asi-es-la-iglesia-de-yavi\/#primaryimage\"},\"image\":{\"@id\":\"https:\/\/modoviajeok.com.ar\/index.php\/2025\/05\/10\/de-adobe-y-con-retablo-banado-en-oro-asi-es-la-iglesia-de-yavi\/#primaryimage\"},\"thumbnailUrl\":\"https:\/\/modoviajeok.com.ar\/wp-content\/uploads\/2025\/05\/20250422_090309-scaled.jpg\",\"datePublished\":\"2025-05-10T15:21:33+00:00\",\"dateModified\":\"2025-05-21T21:59:28+00:00\",\"description\":\"La Iglesia Nuestra Se\u00f1ora del Rosario y San Francisco de As\u00eds es una de las m\u00e1s antiguas del pa\u00eds. Pertenec\u00eda al marquesado, en tiempos de la colonia espa\u00f1ola. All\u00ed rez\u00f3 Belgrano.\u00a0\",\"breadcrumb\":{\"@id\":\"https:\/\/modoviajeok.com.ar\/index.php\/2025\/05\/10\/de-adobe-y-con-retablo-banado-en-oro-asi-es-la-iglesia-de-yavi\/#breadcrumb\"},\"inLanguage\":\"es\",\"potentialAction\":[{\"@type\":\"ReadAction\",\"target\":[\"https:\/\/modoviajeok.com.ar\/index.php\/2025\/05\/10\/de-adobe-y-con-retablo-banado-en-oro-asi-es-la-iglesia-de-yavi\/\"]}]},{\"@type\":\"ImageObject\",\"inLanguage\":\"es\",\"@id\":\"https:\/\/modoviajeok.com.ar\/index.php\/2025\/05\/10\/de-adobe-y-con-retablo-banado-en-oro-asi-es-la-iglesia-de-yavi\/#primaryimage\",\"url\":\"https:\/\/modoviajeok.com.ar\/wp-content\/uploads\/2025\/05\/20250422_090309-scaled.jpg\",\"contentUrl\":\"https:\/\/modoviajeok.com.ar\/wp-content\/uploads\/2025\/05\/20250422_090309-scaled.jpg\",\"width\":1152,\"height\":2560},{\"@type\":\"BreadcrumbList\",\"@id\":\"https:\/\/modoviajeok.com.ar\/index.php\/2025\/05\/10\/de-adobe-y-con-retablo-banado-en-oro-asi-es-la-iglesia-de-yavi\/#breadcrumb\",\"itemListElement\":[{\"@type\":\"ListItem\",\"position\":1,\"name\":\"Portada\",\"item\":\"https:\/\/modoviajeok.com.ar\/\"},{\"@type\":\"ListItem\",\"position\":2,\"name\":\"De adobe y con retablo ba\u00f1ado en oro: as\u00ed es la iglesia de Yavi\"}]},{\"@type\":\"WebSite\",\"@id\":\"https:\/\/modoviajeok.com.ar\/#website\",\"url\":\"https:\/\/modoviajeok.com.ar\/\",\"name\":\"ModoViajeOK\",\"description\":\"\",\"publisher\":{\"@id\":\"https:\/\/modoviajeok.com.ar\/#organization\"},\"potentialAction\":[{\"@type\":\"SearchAction\",\"target\":{\"@type\":\"EntryPoint\",\"urlTemplate\":\"https:\/\/modoviajeok.com.ar\/?s={search_term_string}\"},\"query-input\":{\"@type\":\"PropertyValueSpecification\",\"valueRequired\":true,\"valueName\":\"search_term_string\"}}],\"inLanguage\":\"es\"},{\"@type\":\"Organization\",\"@id\":\"https:\/\/modoviajeok.com.ar\/#organization\",\"name\":\"ModoViajeOK\",\"url\":\"https:\/\/modoviajeok.com.ar\/\",\"logo\":{\"@type\":\"ImageObject\",\"inLanguage\":\"es\",\"@id\":\"https:\/\/modoviajeok.com.ar\/#\/schema\/logo\/image\/\",\"url\":\"https:\/\/modoviajeok.com.ar\/wp-content\/uploads\/2025\/01\/Logo-modoviajeok.png\",\"contentUrl\":\"https:\/\/modoviajeok.com.ar\/wp-content\/uploads\/2025\/01\/Logo-modoviajeok.png\",\"width\":2938,\"height\":2276,\"caption\":\"ModoViajeOK\"},\"image\":{\"@id\":\"https:\/\/modoviajeok.com.ar\/#\/schema\/logo\/image\/\"},\"sameAs\":[\"https:\/\/www.facebook.com\/mariana.otero1\/\",\"https:\/\/www.instagram.com\/modoviaje.ok\/\"]},{\"@type\":\"Person\",\"@id\":\"https:\/\/modoviajeok.com.ar\/#\/schema\/person\/1187013488537969db5b1320484d24f4\",\"name\":\"Mariana Otero\",\"image\":{\"@type\":\"ImageObject\",\"inLanguage\":\"es\",\"@id\":\"https:\/\/modoviajeok.com.ar\/#\/schema\/person\/image\/\",\"url\":\"https:\/\/secure.gravatar.com\/avatar\/8a91a502a9336849a3500b9090c431bc1418f1d1263d893afeddba065f5add82?s=96&d=mm&r=g\",\"contentUrl\":\"https:\/\/secure.gravatar.com\/avatar\/8a91a502a9336849a3500b9090c431bc1418f1d1263d893afeddba065f5add82?s=96&d=mm&r=g\",\"caption\":\"Mariana Otero\"},\"url\":\"https:\/\/modoviajeok.com.ar\/index.php\/author\/mariana2025\/\"}]}<\/script>\n<!-- \/ Yoast SEO plugin. -->","yoast_head_json":{"title":"De adobe y con retablo ba\u00f1ado en oro: as\u00ed es la iglesia de Yavi -","description":"La Iglesia Nuestra Se\u00f1ora del Rosario y San Francisco de As\u00eds es una de las m\u00e1s antiguas del pa\u00eds. Pertenec\u00eda al marquesado, en tiempos de la colonia espa\u00f1ola. All\u00ed rez\u00f3 Belgrano.\u00a0","robots":{"index":"index","follow":"follow","max-snippet":"max-snippet:-1","max-image-preview":"max-image-preview:large","max-video-preview":"max-video-preview:-1"},"canonical":"https:\/\/modoviajeok.com.ar\/index.php\/2025\/05\/10\/de-adobe-y-con-retablo-banado-en-oro-asi-es-la-iglesia-de-yavi\/","og_locale":"es_ES","og_type":"article","og_title":"De adobe y con retablo ba\u00f1ado en oro: as\u00ed es la iglesia de Yavi -","og_description":"La Iglesia Nuestra Se\u00f1ora del Rosario y San Francisco de As\u00eds es una de las m\u00e1s antiguas del pa\u00eds. Pertenec\u00eda al marquesado, en tiempos de la colonia espa\u00f1ola. All\u00ed rez\u00f3 Belgrano.\u00a0","og_url":"https:\/\/modoviajeok.com.ar\/index.php\/2025\/05\/10\/de-adobe-y-con-retablo-banado-en-oro-asi-es-la-iglesia-de-yavi\/","article_publisher":"https:\/\/www.facebook.com\/mariana.otero1\/","article_published_time":"2025-05-10T15:21:33+00:00","article_modified_time":"2025-05-21T21:59:28+00:00","og_image":[{"width":1152,"height":2560,"url":"https:\/\/modoviajeok.com.ar\/wp-content\/uploads\/2025\/05\/20250422_090309-scaled.jpg","type":"image\/jpeg"}],"author":"Mariana Otero","twitter_card":"summary_large_image","twitter_misc":{"Escrito por":"Mariana Otero","Tiempo de lectura":"4 minutos"},"schema":{"@context":"https:\/\/schema.org","@graph":[{"@type":"Article","@id":"https:\/\/modoviajeok.com.ar\/index.php\/2025\/05\/10\/de-adobe-y-con-retablo-banado-en-oro-asi-es-la-iglesia-de-yavi\/#article","isPartOf":{"@id":"https:\/\/modoviajeok.com.ar\/index.php\/2025\/05\/10\/de-adobe-y-con-retablo-banado-en-oro-asi-es-la-iglesia-de-yavi\/"},"author":{"name":"Mariana Otero","@id":"https:\/\/modoviajeok.com.ar\/#\/schema\/person\/1187013488537969db5b1320484d24f4"},"headline":"De adobe y con retablo ba\u00f1ado en oro: as\u00ed es la iglesia de Yavi","datePublished":"2025-05-10T15:21:33+00:00","dateModified":"2025-05-21T21:59:28+00:00","mainEntityOfPage":{"@id":"https:\/\/modoviajeok.com.ar\/index.php\/2025\/05\/10\/de-adobe-y-con-retablo-banado-en-oro-asi-es-la-iglesia-de-yavi\/"},"wordCount":494,"commentCount":0,"publisher":{"@id":"https:\/\/modoviajeok.com.ar\/#organization"},"image":{"@id":"https:\/\/modoviajeok.com.ar\/index.php\/2025\/05\/10\/de-adobe-y-con-retablo-banado-en-oro-asi-es-la-iglesia-de-yavi\/#primaryimage"},"thumbnailUrl":"https:\/\/modoviajeok.com.ar\/wp-content\/uploads\/2025\/05\/20250422_090309-scaled.jpg","keywords":["iglesia","jujuy","monumento nacional","museo","pueblo hist\u00f3rico","yavi"],"articleSection":["Argentina","Destacadas","Recomendaciones"],"inLanguage":"es","potentialAction":[{"@type":"CommentAction","name":"Comment","target":["https:\/\/modoviajeok.com.ar\/index.php\/2025\/05\/10\/de-adobe-y-con-retablo-banado-en-oro-asi-es-la-iglesia-de-yavi\/#respond"]}]},{"@type":"WebPage","@id":"https:\/\/modoviajeok.com.ar\/index.php\/2025\/05\/10\/de-adobe-y-con-retablo-banado-en-oro-asi-es-la-iglesia-de-yavi\/","url":"https:\/\/modoviajeok.com.ar\/index.php\/2025\/05\/10\/de-adobe-y-con-retablo-banado-en-oro-asi-es-la-iglesia-de-yavi\/","name":"De adobe y con retablo ba\u00f1ado en oro: as\u00ed es la iglesia de Yavi -","isPartOf":{"@id":"https:\/\/modoviajeok.com.ar\/#website"},"primaryImageOfPage":{"@id":"https:\/\/modoviajeok.com.ar\/index.php\/2025\/05\/10\/de-adobe-y-con-retablo-banado-en-oro-asi-es-la-iglesia-de-yavi\/#primaryimage"},"image":{"@id":"https:\/\/modoviajeok.com.ar\/index.php\/2025\/05\/10\/de-adobe-y-con-retablo-banado-en-oro-asi-es-la-iglesia-de-yavi\/#primaryimage"},"thumbnailUrl":"https:\/\/modoviajeok.com.ar\/wp-content\/uploads\/2025\/05\/20250422_090309-scaled.jpg","datePublished":"2025-05-10T15:21:33+00:00","dateModified":"2025-05-21T21:59:28+00:00","description":"La Iglesia Nuestra Se\u00f1ora del Rosario y San Francisco de As\u00eds es una de las m\u00e1s antiguas del pa\u00eds. Pertenec\u00eda al marquesado, en tiempos de la colonia espa\u00f1ola. All\u00ed rez\u00f3 Belgrano.\u00a0","breadcrumb":{"@id":"https:\/\/modoviajeok.com.ar\/index.php\/2025\/05\/10\/de-adobe-y-con-retablo-banado-en-oro-asi-es-la-iglesia-de-yavi\/#breadcrumb"},"inLanguage":"es","potentialAction":[{"@type":"ReadAction","target":["https:\/\/modoviajeok.com.ar\/index.php\/2025\/05\/10\/de-adobe-y-con-retablo-banado-en-oro-asi-es-la-iglesia-de-yavi\/"]}]},{"@type":"ImageObject","inLanguage":"es","@id":"https:\/\/modoviajeok.com.ar\/index.php\/2025\/05\/10\/de-adobe-y-con-retablo-banado-en-oro-asi-es-la-iglesia-de-yavi\/#primaryimage","url":"https:\/\/modoviajeok.com.ar\/wp-content\/uploads\/2025\/05\/20250422_090309-scaled.jpg","contentUrl":"https:\/\/modoviajeok.com.ar\/wp-content\/uploads\/2025\/05\/20250422_090309-scaled.jpg","width":1152,"height":2560},{"@type":"BreadcrumbList","@id":"https:\/\/modoviajeok.com.ar\/index.php\/2025\/05\/10\/de-adobe-y-con-retablo-banado-en-oro-asi-es-la-iglesia-de-yavi\/#breadcrumb","itemListElement":[{"@type":"ListItem","position":1,"name":"Portada","item":"https:\/\/modoviajeok.com.ar\/"},{"@type":"ListItem","position":2,"name":"De adobe y con retablo ba\u00f1ado en oro: as\u00ed es la iglesia de Yavi"}]},{"@type":"WebSite","@id":"https:\/\/modoviajeok.com.ar\/#website","url":"https:\/\/modoviajeok.com.ar\/","name":"ModoViajeOK","description":"","publisher":{"@id":"https:\/\/modoviajeok.com.ar\/#organization"},"potentialAction":[{"@type":"SearchAction","target":{"@type":"EntryPoint","urlTemplate":"https:\/\/modoviajeok.com.ar\/?s={search_term_string}"},"query-input":{"@type":"PropertyValueSpecification","valueRequired":true,"valueName":"search_term_string"}}],"inLanguage":"es"},{"@type":"Organization","@id":"https:\/\/modoviajeok.com.ar\/#organization","name":"ModoViajeOK","url":"https:\/\/modoviajeok.com.ar\/","logo":{"@type":"ImageObject","inLanguage":"es","@id":"https:\/\/modoviajeok.com.ar\/#\/schema\/logo\/image\/","url":"https:\/\/modoviajeok.com.ar\/wp-content\/uploads\/2025\/01\/Logo-modoviajeok.png","contentUrl":"https:\/\/modoviajeok.com.ar\/wp-content\/uploads\/2025\/01\/Logo-modoviajeok.png","width":2938,"height":2276,"caption":"ModoViajeOK"},"image":{"@id":"https:\/\/modoviajeok.com.ar\/#\/schema\/logo\/image\/"},"sameAs":["https:\/\/www.facebook.com\/mariana.otero1\/","https:\/\/www.instagram.com\/modoviaje.ok\/"]},{"@type":"Person","@id":"https:\/\/modoviajeok.com.ar\/#\/schema\/person\/1187013488537969db5b1320484d24f4","name":"Mariana Otero","image":{"@type":"ImageObject","inLanguage":"es","@id":"https:\/\/modoviajeok.com.ar\/#\/schema\/person\/image\/","url":"https:\/\/secure.gravatar.com\/avatar\/8a91a502a9336849a3500b9090c431bc1418f1d1263d893afeddba065f5add82?s=96&d=mm&r=g","contentUrl":"https:\/\/secure.gravatar.com\/avatar\/8a91a502a9336849a3500b9090c431bc1418f1d1263d893afeddba065f5add82?s=96&d=mm&r=g","caption":"Mariana Otero"},"url":"https:\/\/modoviajeok.com.ar\/index.php\/author\/mariana2025\/"}]}},"_links":{"self":[{"href":"https:\/\/modoviajeok.com.ar\/index.php\/wp-json\/wp\/v2\/posts\/3726","targetHints":{"allow":["GET"]}}],"collection":[{"href":"https:\/\/modoviajeok.com.ar\/index.php\/wp-json\/wp\/v2\/posts"}],"about":[{"href":"https:\/\/modoviajeok.com.ar\/index.php\/wp-json\/wp\/v2\/types\/post"}],"author":[{"embeddable":true,"href":"https:\/\/modoviajeok.com.ar\/index.php\/wp-json\/wp\/v2\/users\/2"}],"replies":[{"embeddable":true,"href":"https:\/\/modoviajeok.com.ar\/index.php\/wp-json\/wp\/v2\/comments?post=3726"}],"version-history":[{"count":1,"href":"https:\/\/modoviajeok.com.ar\/index.php\/wp-json\/wp\/v2\/posts\/3726\/revisions"}],"predecessor-version":[{"id":3733,"href":"https:\/\/modoviajeok.com.ar\/index.php\/wp-json\/wp\/v2\/posts\/3726\/revisions\/3733"}],"wp:featuredmedia":[{"embeddable":true,"href":"https:\/\/modoviajeok.com.ar\/index.php\/wp-json\/wp\/v2\/media\/3763"}],"wp:attachment":[{"href":"https:\/\/modoviajeok.com.ar\/index.php\/wp-json\/wp\/v2\/media?parent=3726"}],"wp:term":[{"taxonomy":"category","embeddable":true,"href":"https:\/\/modoviajeok.com.ar\/index.php\/wp-json\/wp\/v2\/categories?post=3726"},{"taxonomy":"post_tag","embeddable":true,"href":"https:\/\/modoviajeok.com.ar\/index.php\/wp-json\/wp\/v2\/tags?post=3726"}],"curies":[{"name":"wp","href":"https:\/\/api.w.org\/{rel}","templated":true}]}}