{"id":3765,"date":"2025-05-12T19:57:15","date_gmt":"2025-05-12T22:57:15","guid":{"rendered":"https:\/\/modoviajeok.com.ar\/?p=3765"},"modified":"2025-05-12T19:57:16","modified_gmt":"2025-05-12T22:57:16","slug":"flybondi-y-latam-incorporan-vuelos-directos-cordoba-brasil","status":"publish","type":"post","link":"https:\/\/modoviajeok.com.ar\/index.php\/2025\/05\/12\/flybondi-y-latam-incorporan-vuelos-directos-cordoba-brasil\/","title":{"rendered":"Flybondi y LATAM incorporan vuelos directos C\u00f3rdoba &#8211; Brasil"},"content":{"rendered":"\n<figure class=\"wp-block-pullquote\"><blockquote><p>Flybondi comenzar\u00e1 a operar por primera vez en su historia vuelos internacionales desde C\u00f3rdoba. Desde el 1\u00b0 de diciembre, se podr\u00e1 volar de manera directa a R\u00edo de Janeiro y Florian\u00f3polis durante toda la temporada de verano.<\/p><\/blockquote><\/figure>\n\n\n\n<p><\/p>\n\n\n\n<p><\/p>\n\n\n\n<p>Las gestiones del Gobierno de la Provincia de C\u00f3rdoba y el trabajo articulado con las principales aerol\u00edneas del pa\u00eds, est\u00e1n permitiendo que la conectividad a\u00e9rea de C\u00f3rdoba continu\u00e9 expandi\u00e9ndose. Flybondi y LATAM anunciaron nuevas rutas internacionales desde el Aeropuerto Internacional Ingeniero Ambrosio Taravella, lo que consolida a C\u00f3rdoba como el hub a\u00e9reo m\u00e1s importante del interior argentino y un punto estrat\u00e9gico para el turismo receptivo y las relaciones comerciales.<\/p>\n\n\n\n<p>Flybondi comenzar\u00e1 a operar por primera vez en su historia vuelos internacionales regulares desde C\u00f3rdoba hacia Brasil. Desde el 1\u00b0 de diciembre, se podr\u00e1 volar de manera directa a R\u00edo de Janeiro y Florian\u00f3polis durante toda la temporada de verano.<\/p>\n\n\n\n<p>En tanto, LATAM Airlines Brasil anunci\u00f3 que desde el 26 de octubre recuperar\u00e1 la ruta directa C\u00f3rdoba\u2013San Pablo con una frecuencia diaria, permitiendo conexiones fluidas con m\u00e1s de 60 destinos dentro de Brasil y 20 destinos internacionales desde el centro de conexi\u00f3n en el aeropuerto der Guarulhos. De este modo, C\u00f3rdoba se conecta con los tres principales hubs de la aerol\u00ednea: Brasil, Chile y Per\u00fa.<\/p>\n\n\n\n<p>\u201cEn l\u00ednea con el concepto federal de las pol\u00edticas del gobernador Mart\u00edn Llaryora, C\u00f3rdoba es, sin dudas, el hub del interior de Argentina. Estas nuevas rutas fortalecen el turismo receptivo y generan oportunidades concretas para el comercio y el desarrollo regional. Las gestiones permanentes que realizamos junto al sector p\u00fablico y privado est\u00e1n dando resultados concretos, y el crecimiento de la conectividad a\u00e9rea es prueba de ello\u201d,\u00a0expres\u00f3 Dar\u00edo Capitani, presidente de la Agencia C\u00f3rdoba Turismo.<\/p>\n\n\n\n<figure class=\"wp-block-pullquote\"><blockquote><p>LATAM anunci\u00f3 que desde el 26 de octubre recuperar\u00e1 la ruta directa C\u00f3rdoba\u2013San Pablo con una frecuencia diaria<\/p><\/blockquote><\/figure>\n\n\n\n<p>Estas incorporaciones consolidan a C\u00f3rdoba como puerta de entrada al pa\u00eds para visitantes internacionales, reduciendo el paso por&nbsp;Buenos Aires y fomentando el desarrollo del turismo y las relaciones comerciales.<\/p>\n","protected":false},"excerpt":{"rendered":"<p>Flybondi comenzar\u00e1 a operar por primera vez en su historia vuelos internacionales desde C\u00f3rdoba. Desde el 1\u00b0 de diciembre, se podr\u00e1 volar de manera directa a R\u00edo de Janeiro y Florian\u00f3polis durante toda la temporada de verano. Las gestiones del Gobierno de la Provincia de C\u00f3rdoba y el trabajo articulado con las principales aerol\u00edneas del [&hellip;]<\/p>\n","protected":false},"author":3,"featured_media":3766,"comment_status":"open","ping_status":"open","sticky":false,"template":"","format":"standard","meta":{"_acf_changed":false,"footnotes":""},"categories":[11,9,10],"tags":[99,876,875,137,72,95],"class_list":{"0":"post-3765","1":"post","2":"type-post","3":"status-publish","4":"format-standard","5":"has-post-thumbnail","7":"category-cordoba","8":"category-mundo","9":"category-noticias","10":"tag-cordoba-2","11":"tag-florianopolis","12":"tag-flybondi","13":"tag-latam","14":"tag-rio-de-janeiro","15":"tag-san-pablo"},"acf":[],"yoast_head":"<!-- This site is optimized with the Yoast SEO plugin v24.8.1 - https:\/\/yoast.com\/wordpress\/plugins\/seo\/ -->\n<title>Flybondi y LATAM incorporan vuelos directos C\u00f3rdoba - Brasil -<\/title>\n<meta name=\"description\" content=\"Flybondi comenzar\u00e1 a operar por primera vez en su historia vuelos desde C\u00f3rdoba a R\u00edo de Janeiro y Florian\u00f3plis.\" \/>\n<meta name=\"robots\" content=\"index, follow, max-snippet:-1, max-image-preview:large, max-video-preview:-1\" \/>\n<link rel=\"canonical\" href=\"https:\/\/modoviajeok.com.ar\/index.php\/2025\/05\/12\/flybondi-y-latam-incorporan-vuelos-directos-cordoba-brasil\/\" \/>\n<meta property=\"og:locale\" content=\"es_ES\" \/>\n<meta property=\"og:type\" content=\"article\" \/>\n<meta property=\"og:title\" content=\"Flybondi y LATAM incorporan vuelos directos C\u00f3rdoba - Brasil -\" \/>\n<meta property=\"og:description\" content=\"Flybondi comenzar\u00e1 a operar por primera vez en su historia vuelos desde C\u00f3rdoba a R\u00edo de Janeiro y Florian\u00f3plis.\" \/>\n<meta property=\"og:url\" content=\"https:\/\/modoviajeok.com.ar\/index.php\/2025\/05\/12\/flybondi-y-latam-incorporan-vuelos-directos-cordoba-brasil\/\" \/>\n<meta property=\"article:publisher\" content=\"https:\/\/www.facebook.com\/mariana.otero1\/\" \/>\n<meta property=\"article:published_time\" content=\"2025-05-12T22:57:15+00:00\" \/>\n<meta property=\"article:modified_time\" content=\"2025-05-12T22:57:16+00:00\" \/>\n<meta property=\"og:image\" content=\"https:\/\/modoviajeok.com.ar\/wp-content\/uploads\/2025\/05\/LATAM_A320-233_LV-BSJ_33907622701-1536x864-1.jpg\" \/>\n\t<meta property=\"og:image:width\" content=\"1536\" \/>\n\t<meta property=\"og:image:height\" content=\"864\" \/>\n\t<meta property=\"og:image:type\" content=\"image\/jpeg\" \/>\n<meta name=\"author\" content=\"Pepe Segura\" \/>\n<meta name=\"twitter:card\" content=\"summary_large_image\" \/>\n<meta name=\"twitter:label1\" content=\"Escrito por\" \/>\n\t<meta name=\"twitter:data1\" content=\"Pepe Segura\" \/>\n\t<meta name=\"twitter:label2\" content=\"Tiempo de lectura\" \/>\n\t<meta name=\"twitter:data2\" content=\"2 minutos\" \/>\n<script type=\"application\/ld+json\" class=\"yoast-schema-graph\">{\"@context\":\"https:\/\/schema.org\",\"@graph\":[{\"@type\":\"Article\",\"@id\":\"https:\/\/modoviajeok.com.ar\/index.php\/2025\/05\/12\/flybondi-y-latam-incorporan-vuelos-directos-cordoba-brasil\/#article\",\"isPartOf\":{\"@id\":\"https:\/\/modoviajeok.com.ar\/index.php\/2025\/05\/12\/flybondi-y-latam-incorporan-vuelos-directos-cordoba-brasil\/\"},\"author\":{\"name\":\"Pepe Segura\",\"@id\":\"https:\/\/modoviajeok.com.ar\/#\/schema\/person\/2e299ed0d3d412a01d244fe28260d7f5\"},\"headline\":\"Flybondi y LATAM incorporan vuelos directos C\u00f3rdoba &#8211; Brasil\",\"datePublished\":\"2025-05-12T22:57:15+00:00\",\"dateModified\":\"2025-05-12T22:57:16+00:00\",\"mainEntityOfPage\":{\"@id\":\"https:\/\/modoviajeok.com.ar\/index.php\/2025\/05\/12\/flybondi-y-latam-incorporan-vuelos-directos-cordoba-brasil\/\"},\"wordCount\":376,\"commentCount\":0,\"publisher\":{\"@id\":\"https:\/\/modoviajeok.com.ar\/#organization\"},\"image\":{\"@id\":\"https:\/\/modoviajeok.com.ar\/index.php\/2025\/05\/12\/flybondi-y-latam-incorporan-vuelos-directos-cordoba-brasil\/#primaryimage\"},\"thumbnailUrl\":\"https:\/\/modoviajeok.com.ar\/wp-content\/uploads\/2025\/05\/LATAM_A320-233_LV-BSJ_33907622701-1536x864-1.jpg\",\"keywords\":[\"cordoba\",\"florianopolis\",\"flybondi\",\"latam\",\"rio de janeiro\",\"san pablo\"],\"articleSection\":[\"C\u00f3rdoba\",\"Mundo\",\"Noticias\"],\"inLanguage\":\"es\",\"potentialAction\":[{\"@type\":\"CommentAction\",\"name\":\"Comment\",\"target\":[\"https:\/\/modoviajeok.com.ar\/index.php\/2025\/05\/12\/flybondi-y-latam-incorporan-vuelos-directos-cordoba-brasil\/#respond\"]}]},{\"@type\":\"WebPage\",\"@id\":\"https:\/\/modoviajeok.com.ar\/index.php\/2025\/05\/12\/flybondi-y-latam-incorporan-vuelos-directos-cordoba-brasil\/\",\"url\":\"https:\/\/modoviajeok.com.ar\/index.php\/2025\/05\/12\/flybondi-y-latam-incorporan-vuelos-directos-cordoba-brasil\/\",\"name\":\"Flybondi y LATAM incorporan vuelos directos C\u00f3rdoba - Brasil -\",\"isPartOf\":{\"@id\":\"https:\/\/modoviajeok.com.ar\/#website\"},\"primaryImageOfPage\":{\"@id\":\"https:\/\/modoviajeok.com.ar\/index.php\/2025\/05\/12\/flybondi-y-latam-incorporan-vuelos-directos-cordoba-brasil\/#primaryimage\"},\"image\":{\"@id\":\"https:\/\/modoviajeok.com.ar\/index.php\/2025\/05\/12\/flybondi-y-latam-incorporan-vuelos-directos-cordoba-brasil\/#primaryimage\"},\"thumbnailUrl\":\"https:\/\/modoviajeok.com.ar\/wp-content\/uploads\/2025\/05\/LATAM_A320-233_LV-BSJ_33907622701-1536x864-1.jpg\",\"datePublished\":\"2025-05-12T22:57:15+00:00\",\"dateModified\":\"2025-05-12T22:57:16+00:00\",\"description\":\"Flybondi comenzar\u00e1 a operar por primera vez en su historia vuelos desde C\u00f3rdoba a R\u00edo de Janeiro y Florian\u00f3plis.\",\"breadcrumb\":{\"@id\":\"https:\/\/modoviajeok.com.ar\/index.php\/2025\/05\/12\/flybondi-y-latam-incorporan-vuelos-directos-cordoba-brasil\/#breadcrumb\"},\"inLanguage\":\"es\",\"potentialAction\":[{\"@type\":\"ReadAction\",\"target\":[\"https:\/\/modoviajeok.com.ar\/index.php\/2025\/05\/12\/flybondi-y-latam-incorporan-vuelos-directos-cordoba-brasil\/\"]}]},{\"@type\":\"ImageObject\",\"inLanguage\":\"es\",\"@id\":\"https:\/\/modoviajeok.com.ar\/index.php\/2025\/05\/12\/flybondi-y-latam-incorporan-vuelos-directos-cordoba-brasil\/#primaryimage\",\"url\":\"https:\/\/modoviajeok.com.ar\/wp-content\/uploads\/2025\/05\/LATAM_A320-233_LV-BSJ_33907622701-1536x864-1.jpg\",\"contentUrl\":\"https:\/\/modoviajeok.com.ar\/wp-content\/uploads\/2025\/05\/LATAM_A320-233_LV-BSJ_33907622701-1536x864-1.jpg\",\"width\":1536,\"height\":864},{\"@type\":\"BreadcrumbList\",\"@id\":\"https:\/\/modoviajeok.com.ar\/index.php\/2025\/05\/12\/flybondi-y-latam-incorporan-vuelos-directos-cordoba-brasil\/#breadcrumb\",\"itemListElement\":[{\"@type\":\"ListItem\",\"position\":1,\"name\":\"Portada\",\"item\":\"https:\/\/modoviajeok.com.ar\/\"},{\"@type\":\"ListItem\",\"position\":2,\"name\":\"Flybondi y LATAM incorporan vuelos directos C\u00f3rdoba &#8211; Brasil\"}]},{\"@type\":\"WebSite\",\"@id\":\"https:\/\/modoviajeok.com.ar\/#website\",\"url\":\"https:\/\/modoviajeok.com.ar\/\",\"name\":\"ModoViajeOK\",\"description\":\"\",\"publisher\":{\"@id\":\"https:\/\/modoviajeok.com.ar\/#organization\"},\"potentialAction\":[{\"@type\":\"SearchAction\",\"target\":{\"@type\":\"EntryPoint\",\"urlTemplate\":\"https:\/\/modoviajeok.com.ar\/?s={search_term_string}\"},\"query-input\":{\"@type\":\"PropertyValueSpecification\",\"valueRequired\":true,\"valueName\":\"search_term_string\"}}],\"inLanguage\":\"es\"},{\"@type\":\"Organization\",\"@id\":\"https:\/\/modoviajeok.com.ar\/#organization\",\"name\":\"ModoViajeOK\",\"url\":\"https:\/\/modoviajeok.com.ar\/\",\"logo\":{\"@type\":\"ImageObject\",\"inLanguage\":\"es\",\"@id\":\"https:\/\/modoviajeok.com.ar\/#\/schema\/logo\/image\/\",\"url\":\"https:\/\/modoviajeok.com.ar\/wp-content\/uploads\/2025\/01\/Logo-modoviajeok.png\",\"contentUrl\":\"https:\/\/modoviajeok.com.ar\/wp-content\/uploads\/2025\/01\/Logo-modoviajeok.png\",\"width\":2938,\"height\":2276,\"caption\":\"ModoViajeOK\"},\"image\":{\"@id\":\"https:\/\/modoviajeok.com.ar\/#\/schema\/logo\/image\/\"},\"sameAs\":[\"https:\/\/www.facebook.com\/mariana.otero1\/\",\"https:\/\/www.instagram.com\/modoviaje.ok\/\"]},{\"@type\":\"Person\",\"@id\":\"https:\/\/modoviajeok.com.ar\/#\/schema\/person\/2e299ed0d3d412a01d244fe28260d7f5\",\"name\":\"Pepe Segura\",\"image\":{\"@type\":\"ImageObject\",\"inLanguage\":\"es\",\"@id\":\"https:\/\/modoviajeok.com.ar\/#\/schema\/person\/image\/\",\"url\":\"https:\/\/secure.gravatar.com\/avatar\/65eb4b34deed761327f5b2c5535b987318ae807900ac46426de7258f5de6d345?s=96&d=mm&r=g\",\"contentUrl\":\"https:\/\/secure.gravatar.com\/avatar\/65eb4b34deed761327f5b2c5535b987318ae807900ac46426de7258f5de6d345?s=96&d=mm&r=g\",\"caption\":\"Pepe Segura\"},\"url\":\"https:\/\/modoviajeok.com.ar\/index.php\/author\/pepe2025\/\"}]}<\/script>\n<!-- \/ Yoast SEO plugin. -->","yoast_head_json":{"title":"Flybondi y LATAM incorporan vuelos directos C\u00f3rdoba - Brasil -","description":"Flybondi comenzar\u00e1 a operar por primera vez en su historia vuelos desde C\u00f3rdoba a R\u00edo de Janeiro y Florian\u00f3plis.","robots":{"index":"index","follow":"follow","max-snippet":"max-snippet:-1","max-image-preview":"max-image-preview:large","max-video-preview":"max-video-preview:-1"},"canonical":"https:\/\/modoviajeok.com.ar\/index.php\/2025\/05\/12\/flybondi-y-latam-incorporan-vuelos-directos-cordoba-brasil\/","og_locale":"es_ES","og_type":"article","og_title":"Flybondi y LATAM incorporan vuelos directos C\u00f3rdoba - Brasil -","og_description":"Flybondi comenzar\u00e1 a operar por primera vez en su historia vuelos desde C\u00f3rdoba a R\u00edo de Janeiro y Florian\u00f3plis.","og_url":"https:\/\/modoviajeok.com.ar\/index.php\/2025\/05\/12\/flybondi-y-latam-incorporan-vuelos-directos-cordoba-brasil\/","article_publisher":"https:\/\/www.facebook.com\/mariana.otero1\/","article_published_time":"2025-05-12T22:57:15+00:00","article_modified_time":"2025-05-12T22:57:16+00:00","og_image":[{"width":1536,"height":864,"url":"https:\/\/modoviajeok.com.ar\/wp-content\/uploads\/2025\/05\/LATAM_A320-233_LV-BSJ_33907622701-1536x864-1.jpg","type":"image\/jpeg"}],"author":"Pepe Segura","twitter_card":"summary_large_image","twitter_misc":{"Escrito por":"Pepe Segura","Tiempo de lectura":"2 minutos"},"schema":{"@context":"https:\/\/schema.org","@graph":[{"@type":"Article","@id":"https:\/\/modoviajeok.com.ar\/index.php\/2025\/05\/12\/flybondi-y-latam-incorporan-vuelos-directos-cordoba-brasil\/#article","isPartOf":{"@id":"https:\/\/modoviajeok.com.ar\/index.php\/2025\/05\/12\/flybondi-y-latam-incorporan-vuelos-directos-cordoba-brasil\/"},"author":{"name":"Pepe Segura","@id":"https:\/\/modoviajeok.com.ar\/#\/schema\/person\/2e299ed0d3d412a01d244fe28260d7f5"},"headline":"Flybondi y LATAM incorporan vuelos directos C\u00f3rdoba &#8211; Brasil","datePublished":"2025-05-12T22:57:15+00:00","dateModified":"2025-05-12T22:57:16+00:00","mainEntityOfPage":{"@id":"https:\/\/modoviajeok.com.ar\/index.php\/2025\/05\/12\/flybondi-y-latam-incorporan-vuelos-directos-cordoba-brasil\/"},"wordCount":376,"commentCount":0,"publisher":{"@id":"https:\/\/modoviajeok.com.ar\/#organization"},"image":{"@id":"https:\/\/modoviajeok.com.ar\/index.php\/2025\/05\/12\/flybondi-y-latam-incorporan-vuelos-directos-cordoba-brasil\/#primaryimage"},"thumbnailUrl":"https:\/\/modoviajeok.com.ar\/wp-content\/uploads\/2025\/05\/LATAM_A320-233_LV-BSJ_33907622701-1536x864-1.jpg","keywords":["cordoba","florianopolis","flybondi","latam","rio de janeiro","san pablo"],"articleSection":["C\u00f3rdoba","Mundo","Noticias"],"inLanguage":"es","potentialAction":[{"@type":"CommentAction","name":"Comment","target":["https:\/\/modoviajeok.com.ar\/index.php\/2025\/05\/12\/flybondi-y-latam-incorporan-vuelos-directos-cordoba-brasil\/#respond"]}]},{"@type":"WebPage","@id":"https:\/\/modoviajeok.com.ar\/index.php\/2025\/05\/12\/flybondi-y-latam-incorporan-vuelos-directos-cordoba-brasil\/","url":"https:\/\/modoviajeok.com.ar\/index.php\/2025\/05\/12\/flybondi-y-latam-incorporan-vuelos-directos-cordoba-brasil\/","name":"Flybondi y LATAM incorporan vuelos directos C\u00f3rdoba - Brasil -","isPartOf":{"@id":"https:\/\/modoviajeok.com.ar\/#website"},"primaryImageOfPage":{"@id":"https:\/\/modoviajeok.com.ar\/index.php\/2025\/05\/12\/flybondi-y-latam-incorporan-vuelos-directos-cordoba-brasil\/#primaryimage"},"image":{"@id":"https:\/\/modoviajeok.com.ar\/index.php\/2025\/05\/12\/flybondi-y-latam-incorporan-vuelos-directos-cordoba-brasil\/#primaryimage"},"thumbnailUrl":"https:\/\/modoviajeok.com.ar\/wp-content\/uploads\/2025\/05\/LATAM_A320-233_LV-BSJ_33907622701-1536x864-1.jpg","datePublished":"2025-05-12T22:57:15+00:00","dateModified":"2025-05-12T22:57:16+00:00","description":"Flybondi comenzar\u00e1 a operar por primera vez en su historia vuelos desde C\u00f3rdoba a R\u00edo de Janeiro y Florian\u00f3plis.","breadcrumb":{"@id":"https:\/\/modoviajeok.com.ar\/index.php\/2025\/05\/12\/flybondi-y-latam-incorporan-vuelos-directos-cordoba-brasil\/#breadcrumb"},"inLanguage":"es","potentialAction":[{"@type":"ReadAction","target":["https:\/\/modoviajeok.com.ar\/index.php\/2025\/05\/12\/flybondi-y-latam-incorporan-vuelos-directos-cordoba-brasil\/"]}]},{"@type":"ImageObject","inLanguage":"es","@id":"https:\/\/modoviajeok.com.ar\/index.php\/2025\/05\/12\/flybondi-y-latam-incorporan-vuelos-directos-cordoba-brasil\/#primaryimage","url":"https:\/\/modoviajeok.com.ar\/wp-content\/uploads\/2025\/05\/LATAM_A320-233_LV-BSJ_33907622701-1536x864-1.jpg","contentUrl":"https:\/\/modoviajeok.com.ar\/wp-content\/uploads\/2025\/05\/LATAM_A320-233_LV-BSJ_33907622701-1536x864-1.jpg","width":1536,"height":864},{"@type":"BreadcrumbList","@id":"https:\/\/modoviajeok.com.ar\/index.php\/2025\/05\/12\/flybondi-y-latam-incorporan-vuelos-directos-cordoba-brasil\/#breadcrumb","itemListElement":[{"@type":"ListItem","position":1,"name":"Portada","item":"https:\/\/modoviajeok.com.ar\/"},{"@type":"ListItem","position":2,"name":"Flybondi y LATAM incorporan vuelos directos C\u00f3rdoba &#8211; Brasil"}]},{"@type":"WebSite","@id":"https:\/\/modoviajeok.com.ar\/#website","url":"https:\/\/modoviajeok.com.ar\/","name":"ModoViajeOK","description":"","publisher":{"@id":"https:\/\/modoviajeok.com.ar\/#organization"},"potentialAction":[{"@type":"SearchAction","target":{"@type":"EntryPoint","urlTemplate":"https:\/\/modoviajeok.com.ar\/?s={search_term_string}"},"query-input":{"@type":"PropertyValueSpecification","valueRequired":true,"valueName":"search_term_string"}}],"inLanguage":"es"},{"@type":"Organization","@id":"https:\/\/modoviajeok.com.ar\/#organization","name":"ModoViajeOK","url":"https:\/\/modoviajeok.com.ar\/","logo":{"@type":"ImageObject","inLanguage":"es","@id":"https:\/\/modoviajeok.com.ar\/#\/schema\/logo\/image\/","url":"https:\/\/modoviajeok.com.ar\/wp-content\/uploads\/2025\/01\/Logo-modoviajeok.png","contentUrl":"https:\/\/modoviajeok.com.ar\/wp-content\/uploads\/2025\/01\/Logo-modoviajeok.png","width":2938,"height":2276,"caption":"ModoViajeOK"},"image":{"@id":"https:\/\/modoviajeok.com.ar\/#\/schema\/logo\/image\/"},"sameAs":["https:\/\/www.facebook.com\/mariana.otero1\/","https:\/\/www.instagram.com\/modoviaje.ok\/"]},{"@type":"Person","@id":"https:\/\/modoviajeok.com.ar\/#\/schema\/person\/2e299ed0d3d412a01d244fe28260d7f5","name":"Pepe Segura","image":{"@type":"ImageObject","inLanguage":"es","@id":"https:\/\/modoviajeok.com.ar\/#\/schema\/person\/image\/","url":"https:\/\/secure.gravatar.com\/avatar\/65eb4b34deed761327f5b2c5535b987318ae807900ac46426de7258f5de6d345?s=96&d=mm&r=g","contentUrl":"https:\/\/secure.gravatar.com\/avatar\/65eb4b34deed761327f5b2c5535b987318ae807900ac46426de7258f5de6d345?s=96&d=mm&r=g","caption":"Pepe Segura"},"url":"https:\/\/modoviajeok.com.ar\/index.php\/author\/pepe2025\/"}]}},"_links":{"self":[{"href":"https:\/\/modoviajeok.com.ar\/index.php\/wp-json\/wp\/v2\/posts\/3765","targetHints":{"allow":["GET"]}}],"collection":[{"href":"https:\/\/modoviajeok.com.ar\/index.php\/wp-json\/wp\/v2\/posts"}],"about":[{"href":"https:\/\/modoviajeok.com.ar\/index.php\/wp-json\/wp\/v2\/types\/post"}],"author":[{"embeddable":true,"href":"https:\/\/modoviajeok.com.ar\/index.php\/wp-json\/wp\/v2\/users\/3"}],"replies":[{"embeddable":true,"href":"https:\/\/modoviajeok.com.ar\/index.php\/wp-json\/wp\/v2\/comments?post=3765"}],"version-history":[{"count":1,"href":"https:\/\/modoviajeok.com.ar\/index.php\/wp-json\/wp\/v2\/posts\/3765\/revisions"}],"predecessor-version":[{"id":3767,"href":"https:\/\/modoviajeok.com.ar\/index.php\/wp-json\/wp\/v2\/posts\/3765\/revisions\/3767"}],"wp:featuredmedia":[{"embeddable":true,"href":"https:\/\/modoviajeok.com.ar\/index.php\/wp-json\/wp\/v2\/media\/3766"}],"wp:attachment":[{"href":"https:\/\/modoviajeok.com.ar\/index.php\/wp-json\/wp\/v2\/media?parent=3765"}],"wp:term":[{"taxonomy":"category","embeddable":true,"href":"https:\/\/modoviajeok.com.ar\/index.php\/wp-json\/wp\/v2\/categories?post=3765"},{"taxonomy":"post_tag","embeddable":true,"href":"https:\/\/modoviajeok.com.ar\/index.php\/wp-json\/wp\/v2\/tags?post=3765"}],"curies":[{"name":"wp","href":"https:\/\/api.w.org\/{rel}","templated":true}]}}