{"id":3812,"date":"2025-05-15T17:09:30","date_gmt":"2025-05-15T20:09:30","guid":{"rendered":"https:\/\/modoviajeok.com.ar\/?p=3812"},"modified":"2025-05-15T17:09:31","modified_gmt":"2025-05-15T20:09:31","slug":"el-cordoba-day-hizo-escala-en-san-pablo","status":"publish","type":"post","link":"https:\/\/modoviajeok.com.ar\/index.php\/2025\/05\/15\/el-cordoba-day-hizo-escala-en-san-pablo\/","title":{"rendered":"El C\u00f3rdoba Day hizo escala en San Pablo"},"content":{"rendered":"\n<figure class=\"wp-block-pullquote\"><blockquote><p>La Agencia C\u00f3rdoba Turismo encabez\u00f3 una capacitaci\u00f3n especializada dirigida a agencias y profesionales del trade tur\u00edstico brasile\u00f1o a fin de incorporar a C\u00f3rdoba en su cartera de destinos. <\/p><\/blockquote><\/figure>\n\n\n\n<p><\/p>\n\n\n\n<p><\/p>\n\n\n\n<p><\/p>\n\n\n\n<p>Con una intensa agenda institucional y comercial, comenz\u00f3 una nueva edici\u00f3n del&nbsp;<em>C\u00f3rdoba Day<\/em>&nbsp;esta vez en la ciudad de San Pablo, Brasil, una iniciativa del Gobierno de la Provincia de C\u00f3rdoba que busca promocionar la marca C\u00f3rdoba en el mercado brasile\u00f1o. La Agencia C\u00f3rdoba Turismo tiene un rol protag\u00f3nico en esta misi\u00f3n, articulando acciones estrat\u00e9gicas con el Consulado Argentino en Brasil, operadores tur\u00edsticos locales y l\u00edneas a\u00e9reas.<\/p>\n\n\n\n<p>Durante la jornada del mi\u00e9rcoles, la Agencia encabez\u00f3 una capacitaci\u00f3n especializada dirigida a agencias y profesionales del trade tur\u00edstico brasile\u00f1o a fin de incorporar a C\u00f3rdoba en su cartera de destinos. La actividad se lleva a cabo en el auditorio del Consulado Argentino en San Pablo y tiene como objetivo brindar herramientas y contenidos actualizados sobre los productos tur\u00edsticos cordobeses, haciendo \u00e9nfasis en la conectividad, la diversidad territorial y en productos tur\u00edsticos espec\u00edficos.<\/p>\n\n\n\n<p>Adem\u00e1s, C\u00f3rdoba estar\u00e1 presente en el&nbsp;<em>Shopping Vila Ol\u00edmpia<\/em>&nbsp;como parte de la Semana Argentina en San Pablo, una propuesta organizada por Marca Pa\u00eds Argentina, la Agencia Argentina de Inversiones y Comercio Internacional (AAICI), con el apoyo de INPROTUR. La provincia contar\u00e1 con un espacio promocional dentro del shopping, donde se desplegar\u00e1n materiales institucionales y se mantendr\u00e1n encuentros con p\u00fablico final y potenciales socios comerciales. Esta acci\u00f3n forma parte de una estrategia sostenida de promoci\u00f3n en Brasil, uno de los mercados emisores m\u00e1s importantes de la regi\u00f3n.<\/p>\n\n\n\n<p>Las actividades continuar\u00e1n con la presentaci\u00f3n oficial del&nbsp;<em>C\u00f3rdoba Day<\/em>, que incluir\u00e1 la exposici\u00f3n de la oferta exportable y de la matriz productiva de la provincia, y una presentaci\u00f3n a cargo del presidente de la Agencia C\u00f3rdoba Turismo, Dar\u00edo Capitani, quien hablar\u00e1 sobre las ventajas competitivas del destino C\u00f3rdoba para el turismo internacional. &nbsp;<\/p>\n\n\n\n<p>Esta presencia en San Pablo consolida el trabajo del gobierno de C\u00f3rdoba y el sector privado en pos de fortalecer el posicionamiento internacional de la provincia y atraer visitantes a trav\u00e9s de acciones concretas de promoci\u00f3n, vinculaci\u00f3n comercial y cooperaci\u00f3n institucional.<\/p>\n\n\n      <div class=\"wp_bannerize_container wp_bannerize_layout_vertical\">\n\n        <div class=\"wp_bannerize_banner_box wp_bannerize_category_intertexto-1\" data-title=\"Modo viaje\" data-mime_type=\"image-gif\" data-banner_id=\"1783\" id=\"wpbanner-1783\" data-impressions_enabled=\"true\" data-clicks_enabled=\"true\"><a href=\"https:\/\/www.instagram.com\/modoviaje.ok?igsh=Z3c5emxsZWFtdXN3\"><img decoding=\"async\" border=\"0\" src=\"https:\/\/modoviajeok.com.ar\/wp-content\/uploads\/2025\/02\/modoviaje.ok-300-x-250-px.gif\" alt=\"Modo viaje\" title=\"Modo viaje\" \/><\/a><\/div>      <\/div>\n\n\n","protected":false},"excerpt":{"rendered":"<p>La Agencia C\u00f3rdoba Turismo encabez\u00f3 una capacitaci\u00f3n especializada dirigida a agencias y profesionales del trade tur\u00edstico brasile\u00f1o a fin de incorporar a C\u00f3rdoba en su cartera de destinos. Con una intensa agenda institucional y comercial, comenz\u00f3 una nueva edici\u00f3n del&nbsp;C\u00f3rdoba Day&nbsp;esta vez en la ciudad de San Pablo, Brasil, una iniciativa del Gobierno de la [&hellip;]<\/p>\n","protected":false},"author":3,"featured_media":3813,"comment_status":"open","ping_status":"open","sticky":false,"template":"","format":"standard","meta":{"_acf_changed":false,"footnotes":""},"categories":[10,12],"tags":[73,896,95],"class_list":{"0":"post-3812","1":"post","2":"type-post","3":"status-publish","4":"format-standard","5":"has-post-thumbnail","7":"category-noticias","8":"category-novedades","9":"tag-brasil","10":"tag-cordoba-day","11":"tag-san-pablo"},"acf":[],"yoast_head":"<!-- This site is optimized with the Yoast SEO plugin v24.8.1 - https:\/\/yoast.com\/wordpress\/plugins\/seo\/ -->\n<title>El C\u00f3rdoba Day hizo escala en San Pablo -<\/title>\n<meta name=\"description\" content=\"La actividad en Brasil tiene como objetivo brindar herramientas y contenidos actualizados sobre los productos tur\u00edsticos cordobeses.\" \/>\n<meta name=\"robots\" content=\"index, follow, max-snippet:-1, max-image-preview:large, max-video-preview:-1\" \/>\n<link rel=\"canonical\" href=\"https:\/\/modoviajeok.com.ar\/index.php\/2025\/05\/15\/el-cordoba-day-hizo-escala-en-san-pablo\/\" \/>\n<meta property=\"og:locale\" content=\"es_ES\" \/>\n<meta property=\"og:type\" content=\"article\" \/>\n<meta property=\"og:title\" content=\"El C\u00f3rdoba Day hizo escala en San Pablo -\" \/>\n<meta property=\"og:description\" content=\"La actividad en Brasil tiene como objetivo brindar herramientas y contenidos actualizados sobre los productos tur\u00edsticos cordobeses.\" \/>\n<meta property=\"og:url\" content=\"https:\/\/modoviajeok.com.ar\/index.php\/2025\/05\/15\/el-cordoba-day-hizo-escala-en-san-pablo\/\" \/>\n<meta property=\"article:publisher\" content=\"https:\/\/www.facebook.com\/mariana.otero1\/\" \/>\n<meta property=\"article:published_time\" content=\"2025-05-15T20:09:30+00:00\" \/>\n<meta property=\"article:modified_time\" content=\"2025-05-15T20:09:31+00:00\" \/>\n<meta property=\"og:image\" content=\"https:\/\/modoviajeok.com.ar\/wp-content\/uploads\/2025\/05\/WhatsApp-Image-2025-05-14-at-10.28.43-AM-1536x1152-1.jpeg\" \/>\n\t<meta property=\"og:image:width\" content=\"1536\" \/>\n\t<meta property=\"og:image:height\" content=\"1152\" \/>\n\t<meta property=\"og:image:type\" content=\"image\/jpeg\" \/>\n<meta name=\"author\" content=\"Pepe Segura\" \/>\n<meta name=\"twitter:card\" content=\"summary_large_image\" \/>\n<meta name=\"twitter:label1\" content=\"Escrito por\" \/>\n\t<meta name=\"twitter:data1\" content=\"Pepe Segura\" \/>\n\t<meta name=\"twitter:label2\" content=\"Tiempo de lectura\" \/>\n\t<meta name=\"twitter:data2\" content=\"2 minutos\" \/>\n<script type=\"application\/ld+json\" class=\"yoast-schema-graph\">{\"@context\":\"https:\/\/schema.org\",\"@graph\":[{\"@type\":\"Article\",\"@id\":\"https:\/\/modoviajeok.com.ar\/index.php\/2025\/05\/15\/el-cordoba-day-hizo-escala-en-san-pablo\/#article\",\"isPartOf\":{\"@id\":\"https:\/\/modoviajeok.com.ar\/index.php\/2025\/05\/15\/el-cordoba-day-hizo-escala-en-san-pablo\/\"},\"author\":{\"name\":\"Pepe Segura\",\"@id\":\"https:\/\/modoviajeok.com.ar\/#\/schema\/person\/2e299ed0d3d412a01d244fe28260d7f5\"},\"headline\":\"El C\u00f3rdoba Day hizo escala en San Pablo\",\"datePublished\":\"2025-05-15T20:09:30+00:00\",\"dateModified\":\"2025-05-15T20:09:31+00:00\",\"mainEntityOfPage\":{\"@id\":\"https:\/\/modoviajeok.com.ar\/index.php\/2025\/05\/15\/el-cordoba-day-hizo-escala-en-san-pablo\/\"},\"wordCount\":421,\"commentCount\":0,\"publisher\":{\"@id\":\"https:\/\/modoviajeok.com.ar\/#organization\"},\"image\":{\"@id\":\"https:\/\/modoviajeok.com.ar\/index.php\/2025\/05\/15\/el-cordoba-day-hizo-escala-en-san-pablo\/#primaryimage\"},\"thumbnailUrl\":\"https:\/\/modoviajeok.com.ar\/wp-content\/uploads\/2025\/05\/WhatsApp-Image-2025-05-14-at-10.28.43-AM-1536x1152-1.jpeg\",\"keywords\":[\"brasil\",\"cordoba day\",\"san pablo\"],\"articleSection\":[\"Noticias\",\"Novedades\"],\"inLanguage\":\"es\",\"potentialAction\":[{\"@type\":\"CommentAction\",\"name\":\"Comment\",\"target\":[\"https:\/\/modoviajeok.com.ar\/index.php\/2025\/05\/15\/el-cordoba-day-hizo-escala-en-san-pablo\/#respond\"]}]},{\"@type\":\"WebPage\",\"@id\":\"https:\/\/modoviajeok.com.ar\/index.php\/2025\/05\/15\/el-cordoba-day-hizo-escala-en-san-pablo\/\",\"url\":\"https:\/\/modoviajeok.com.ar\/index.php\/2025\/05\/15\/el-cordoba-day-hizo-escala-en-san-pablo\/\",\"name\":\"El C\u00f3rdoba Day hizo escala en San Pablo -\",\"isPartOf\":{\"@id\":\"https:\/\/modoviajeok.com.ar\/#website\"},\"primaryImageOfPage\":{\"@id\":\"https:\/\/modoviajeok.com.ar\/index.php\/2025\/05\/15\/el-cordoba-day-hizo-escala-en-san-pablo\/#primaryimage\"},\"image\":{\"@id\":\"https:\/\/modoviajeok.com.ar\/index.php\/2025\/05\/15\/el-cordoba-day-hizo-escala-en-san-pablo\/#primaryimage\"},\"thumbnailUrl\":\"https:\/\/modoviajeok.com.ar\/wp-content\/uploads\/2025\/05\/WhatsApp-Image-2025-05-14-at-10.28.43-AM-1536x1152-1.jpeg\",\"datePublished\":\"2025-05-15T20:09:30+00:00\",\"dateModified\":\"2025-05-15T20:09:31+00:00\",\"description\":\"La actividad en Brasil tiene como objetivo brindar herramientas y contenidos actualizados sobre los productos tur\u00edsticos cordobeses.\",\"breadcrumb\":{\"@id\":\"https:\/\/modoviajeok.com.ar\/index.php\/2025\/05\/15\/el-cordoba-day-hizo-escala-en-san-pablo\/#breadcrumb\"},\"inLanguage\":\"es\",\"potentialAction\":[{\"@type\":\"ReadAction\",\"target\":[\"https:\/\/modoviajeok.com.ar\/index.php\/2025\/05\/15\/el-cordoba-day-hizo-escala-en-san-pablo\/\"]}]},{\"@type\":\"ImageObject\",\"inLanguage\":\"es\",\"@id\":\"https:\/\/modoviajeok.com.ar\/index.php\/2025\/05\/15\/el-cordoba-day-hizo-escala-en-san-pablo\/#primaryimage\",\"url\":\"https:\/\/modoviajeok.com.ar\/wp-content\/uploads\/2025\/05\/WhatsApp-Image-2025-05-14-at-10.28.43-AM-1536x1152-1.jpeg\",\"contentUrl\":\"https:\/\/modoviajeok.com.ar\/wp-content\/uploads\/2025\/05\/WhatsApp-Image-2025-05-14-at-10.28.43-AM-1536x1152-1.jpeg\",\"width\":1536,\"height\":1152},{\"@type\":\"BreadcrumbList\",\"@id\":\"https:\/\/modoviajeok.com.ar\/index.php\/2025\/05\/15\/el-cordoba-day-hizo-escala-en-san-pablo\/#breadcrumb\",\"itemListElement\":[{\"@type\":\"ListItem\",\"position\":1,\"name\":\"Portada\",\"item\":\"https:\/\/modoviajeok.com.ar\/\"},{\"@type\":\"ListItem\",\"position\":2,\"name\":\"El C\u00f3rdoba Day hizo escala en San Pablo\"}]},{\"@type\":\"WebSite\",\"@id\":\"https:\/\/modoviajeok.com.ar\/#website\",\"url\":\"https:\/\/modoviajeok.com.ar\/\",\"name\":\"ModoViajeOK\",\"description\":\"\",\"publisher\":{\"@id\":\"https:\/\/modoviajeok.com.ar\/#organization\"},\"potentialAction\":[{\"@type\":\"SearchAction\",\"target\":{\"@type\":\"EntryPoint\",\"urlTemplate\":\"https:\/\/modoviajeok.com.ar\/?s={search_term_string}\"},\"query-input\":{\"@type\":\"PropertyValueSpecification\",\"valueRequired\":true,\"valueName\":\"search_term_string\"}}],\"inLanguage\":\"es\"},{\"@type\":\"Organization\",\"@id\":\"https:\/\/modoviajeok.com.ar\/#organization\",\"name\":\"ModoViajeOK\",\"url\":\"https:\/\/modoviajeok.com.ar\/\",\"logo\":{\"@type\":\"ImageObject\",\"inLanguage\":\"es\",\"@id\":\"https:\/\/modoviajeok.com.ar\/#\/schema\/logo\/image\/\",\"url\":\"https:\/\/modoviajeok.com.ar\/wp-content\/uploads\/2025\/01\/Logo-modoviajeok.png\",\"contentUrl\":\"https:\/\/modoviajeok.com.ar\/wp-content\/uploads\/2025\/01\/Logo-modoviajeok.png\",\"width\":2938,\"height\":2276,\"caption\":\"ModoViajeOK\"},\"image\":{\"@id\":\"https:\/\/modoviajeok.com.ar\/#\/schema\/logo\/image\/\"},\"sameAs\":[\"https:\/\/www.facebook.com\/mariana.otero1\/\",\"https:\/\/www.instagram.com\/modoviaje.ok\/\"]},{\"@type\":\"Person\",\"@id\":\"https:\/\/modoviajeok.com.ar\/#\/schema\/person\/2e299ed0d3d412a01d244fe28260d7f5\",\"name\":\"Pepe Segura\",\"image\":{\"@type\":\"ImageObject\",\"inLanguage\":\"es\",\"@id\":\"https:\/\/modoviajeok.com.ar\/#\/schema\/person\/image\/\",\"url\":\"https:\/\/secure.gravatar.com\/avatar\/65eb4b34deed761327f5b2c5535b987318ae807900ac46426de7258f5de6d345?s=96&d=mm&r=g\",\"contentUrl\":\"https:\/\/secure.gravatar.com\/avatar\/65eb4b34deed761327f5b2c5535b987318ae807900ac46426de7258f5de6d345?s=96&d=mm&r=g\",\"caption\":\"Pepe Segura\"},\"url\":\"https:\/\/modoviajeok.com.ar\/index.php\/author\/pepe2025\/\"}]}<\/script>\n<!-- \/ Yoast SEO plugin. -->","yoast_head_json":{"title":"El C\u00f3rdoba Day hizo escala en San Pablo -","description":"La actividad en Brasil tiene como objetivo brindar herramientas y contenidos actualizados sobre los productos tur\u00edsticos cordobeses.","robots":{"index":"index","follow":"follow","max-snippet":"max-snippet:-1","max-image-preview":"max-image-preview:large","max-video-preview":"max-video-preview:-1"},"canonical":"https:\/\/modoviajeok.com.ar\/index.php\/2025\/05\/15\/el-cordoba-day-hizo-escala-en-san-pablo\/","og_locale":"es_ES","og_type":"article","og_title":"El C\u00f3rdoba Day hizo escala en San Pablo -","og_description":"La actividad en Brasil tiene como objetivo brindar herramientas y contenidos actualizados sobre los productos tur\u00edsticos cordobeses.","og_url":"https:\/\/modoviajeok.com.ar\/index.php\/2025\/05\/15\/el-cordoba-day-hizo-escala-en-san-pablo\/","article_publisher":"https:\/\/www.facebook.com\/mariana.otero1\/","article_published_time":"2025-05-15T20:09:30+00:00","article_modified_time":"2025-05-15T20:09:31+00:00","og_image":[{"width":1536,"height":1152,"url":"https:\/\/modoviajeok.com.ar\/wp-content\/uploads\/2025\/05\/WhatsApp-Image-2025-05-14-at-10.28.43-AM-1536x1152-1.jpeg","type":"image\/jpeg"}],"author":"Pepe Segura","twitter_card":"summary_large_image","twitter_misc":{"Escrito por":"Pepe Segura","Tiempo de lectura":"2 minutos"},"schema":{"@context":"https:\/\/schema.org","@graph":[{"@type":"Article","@id":"https:\/\/modoviajeok.com.ar\/index.php\/2025\/05\/15\/el-cordoba-day-hizo-escala-en-san-pablo\/#article","isPartOf":{"@id":"https:\/\/modoviajeok.com.ar\/index.php\/2025\/05\/15\/el-cordoba-day-hizo-escala-en-san-pablo\/"},"author":{"name":"Pepe Segura","@id":"https:\/\/modoviajeok.com.ar\/#\/schema\/person\/2e299ed0d3d412a01d244fe28260d7f5"},"headline":"El C\u00f3rdoba Day hizo escala en San Pablo","datePublished":"2025-05-15T20:09:30+00:00","dateModified":"2025-05-15T20:09:31+00:00","mainEntityOfPage":{"@id":"https:\/\/modoviajeok.com.ar\/index.php\/2025\/05\/15\/el-cordoba-day-hizo-escala-en-san-pablo\/"},"wordCount":421,"commentCount":0,"publisher":{"@id":"https:\/\/modoviajeok.com.ar\/#organization"},"image":{"@id":"https:\/\/modoviajeok.com.ar\/index.php\/2025\/05\/15\/el-cordoba-day-hizo-escala-en-san-pablo\/#primaryimage"},"thumbnailUrl":"https:\/\/modoviajeok.com.ar\/wp-content\/uploads\/2025\/05\/WhatsApp-Image-2025-05-14-at-10.28.43-AM-1536x1152-1.jpeg","keywords":["brasil","cordoba day","san pablo"],"articleSection":["Noticias","Novedades"],"inLanguage":"es","potentialAction":[{"@type":"CommentAction","name":"Comment","target":["https:\/\/modoviajeok.com.ar\/index.php\/2025\/05\/15\/el-cordoba-day-hizo-escala-en-san-pablo\/#respond"]}]},{"@type":"WebPage","@id":"https:\/\/modoviajeok.com.ar\/index.php\/2025\/05\/15\/el-cordoba-day-hizo-escala-en-san-pablo\/","url":"https:\/\/modoviajeok.com.ar\/index.php\/2025\/05\/15\/el-cordoba-day-hizo-escala-en-san-pablo\/","name":"El C\u00f3rdoba Day hizo escala en San Pablo -","isPartOf":{"@id":"https:\/\/modoviajeok.com.ar\/#website"},"primaryImageOfPage":{"@id":"https:\/\/modoviajeok.com.ar\/index.php\/2025\/05\/15\/el-cordoba-day-hizo-escala-en-san-pablo\/#primaryimage"},"image":{"@id":"https:\/\/modoviajeok.com.ar\/index.php\/2025\/05\/15\/el-cordoba-day-hizo-escala-en-san-pablo\/#primaryimage"},"thumbnailUrl":"https:\/\/modoviajeok.com.ar\/wp-content\/uploads\/2025\/05\/WhatsApp-Image-2025-05-14-at-10.28.43-AM-1536x1152-1.jpeg","datePublished":"2025-05-15T20:09:30+00:00","dateModified":"2025-05-15T20:09:31+00:00","description":"La actividad en Brasil tiene como objetivo brindar herramientas y contenidos actualizados sobre los productos tur\u00edsticos cordobeses.","breadcrumb":{"@id":"https:\/\/modoviajeok.com.ar\/index.php\/2025\/05\/15\/el-cordoba-day-hizo-escala-en-san-pablo\/#breadcrumb"},"inLanguage":"es","potentialAction":[{"@type":"ReadAction","target":["https:\/\/modoviajeok.com.ar\/index.php\/2025\/05\/15\/el-cordoba-day-hizo-escala-en-san-pablo\/"]}]},{"@type":"ImageObject","inLanguage":"es","@id":"https:\/\/modoviajeok.com.ar\/index.php\/2025\/05\/15\/el-cordoba-day-hizo-escala-en-san-pablo\/#primaryimage","url":"https:\/\/modoviajeok.com.ar\/wp-content\/uploads\/2025\/05\/WhatsApp-Image-2025-05-14-at-10.28.43-AM-1536x1152-1.jpeg","contentUrl":"https:\/\/modoviajeok.com.ar\/wp-content\/uploads\/2025\/05\/WhatsApp-Image-2025-05-14-at-10.28.43-AM-1536x1152-1.jpeg","width":1536,"height":1152},{"@type":"BreadcrumbList","@id":"https:\/\/modoviajeok.com.ar\/index.php\/2025\/05\/15\/el-cordoba-day-hizo-escala-en-san-pablo\/#breadcrumb","itemListElement":[{"@type":"ListItem","position":1,"name":"Portada","item":"https:\/\/modoviajeok.com.ar\/"},{"@type":"ListItem","position":2,"name":"El C\u00f3rdoba Day hizo escala en San Pablo"}]},{"@type":"WebSite","@id":"https:\/\/modoviajeok.com.ar\/#website","url":"https:\/\/modoviajeok.com.ar\/","name":"ModoViajeOK","description":"","publisher":{"@id":"https:\/\/modoviajeok.com.ar\/#organization"},"potentialAction":[{"@type":"SearchAction","target":{"@type":"EntryPoint","urlTemplate":"https:\/\/modoviajeok.com.ar\/?s={search_term_string}"},"query-input":{"@type":"PropertyValueSpecification","valueRequired":true,"valueName":"search_term_string"}}],"inLanguage":"es"},{"@type":"Organization","@id":"https:\/\/modoviajeok.com.ar\/#organization","name":"ModoViajeOK","url":"https:\/\/modoviajeok.com.ar\/","logo":{"@type":"ImageObject","inLanguage":"es","@id":"https:\/\/modoviajeok.com.ar\/#\/schema\/logo\/image\/","url":"https:\/\/modoviajeok.com.ar\/wp-content\/uploads\/2025\/01\/Logo-modoviajeok.png","contentUrl":"https:\/\/modoviajeok.com.ar\/wp-content\/uploads\/2025\/01\/Logo-modoviajeok.png","width":2938,"height":2276,"caption":"ModoViajeOK"},"image":{"@id":"https:\/\/modoviajeok.com.ar\/#\/schema\/logo\/image\/"},"sameAs":["https:\/\/www.facebook.com\/mariana.otero1\/","https:\/\/www.instagram.com\/modoviaje.ok\/"]},{"@type":"Person","@id":"https:\/\/modoviajeok.com.ar\/#\/schema\/person\/2e299ed0d3d412a01d244fe28260d7f5","name":"Pepe Segura","image":{"@type":"ImageObject","inLanguage":"es","@id":"https:\/\/modoviajeok.com.ar\/#\/schema\/person\/image\/","url":"https:\/\/secure.gravatar.com\/avatar\/65eb4b34deed761327f5b2c5535b987318ae807900ac46426de7258f5de6d345?s=96&d=mm&r=g","contentUrl":"https:\/\/secure.gravatar.com\/avatar\/65eb4b34deed761327f5b2c5535b987318ae807900ac46426de7258f5de6d345?s=96&d=mm&r=g","caption":"Pepe Segura"},"url":"https:\/\/modoviajeok.com.ar\/index.php\/author\/pepe2025\/"}]}},"_links":{"self":[{"href":"https:\/\/modoviajeok.com.ar\/index.php\/wp-json\/wp\/v2\/posts\/3812","targetHints":{"allow":["GET"]}}],"collection":[{"href":"https:\/\/modoviajeok.com.ar\/index.php\/wp-json\/wp\/v2\/posts"}],"about":[{"href":"https:\/\/modoviajeok.com.ar\/index.php\/wp-json\/wp\/v2\/types\/post"}],"author":[{"embeddable":true,"href":"https:\/\/modoviajeok.com.ar\/index.php\/wp-json\/wp\/v2\/users\/3"}],"replies":[{"embeddable":true,"href":"https:\/\/modoviajeok.com.ar\/index.php\/wp-json\/wp\/v2\/comments?post=3812"}],"version-history":[{"count":1,"href":"https:\/\/modoviajeok.com.ar\/index.php\/wp-json\/wp\/v2\/posts\/3812\/revisions"}],"predecessor-version":[{"id":3814,"href":"https:\/\/modoviajeok.com.ar\/index.php\/wp-json\/wp\/v2\/posts\/3812\/revisions\/3814"}],"wp:featuredmedia":[{"embeddable":true,"href":"https:\/\/modoviajeok.com.ar\/index.php\/wp-json\/wp\/v2\/media\/3813"}],"wp:attachment":[{"href":"https:\/\/modoviajeok.com.ar\/index.php\/wp-json\/wp\/v2\/media?parent=3812"}],"wp:term":[{"taxonomy":"category","embeddable":true,"href":"https:\/\/modoviajeok.com.ar\/index.php\/wp-json\/wp\/v2\/categories?post=3812"},{"taxonomy":"post_tag","embeddable":true,"href":"https:\/\/modoviajeok.com.ar\/index.php\/wp-json\/wp\/v2\/tags?post=3812"}],"curies":[{"name":"wp","href":"https:\/\/api.w.org\/{rel}","templated":true}]}}