{"id":3815,"date":"2025-05-15T17:24:41","date_gmt":"2025-05-15T20:24:41","guid":{"rendered":"https:\/\/modoviajeok.com.ar\/?p=3815"},"modified":"2025-05-16T09:34:06","modified_gmt":"2025-05-16T12:34:06","slug":"cultura-y-turismo-para-la-regeneracion-un-encuentro-que-promueve-participacion-y-respeto","status":"publish","type":"post","link":"https:\/\/modoviajeok.com.ar\/index.php\/2025\/05\/15\/cultura-y-turismo-para-la-regeneracion-un-encuentro-que-promueve-participacion-y-respeto\/","title":{"rendered":"Turismo y cultura: un di\u00e1logo pendiente con mirada regenerativa"},"content":{"rendered":"\n<figure class=\"wp-block-pullquote\"><blockquote><p>Desde hace a\u00f1os, especialistas y actores culturales alertan sobre las pr\u00e1cticas que, en nombre del turismo, tienden a banalizar o estereotipar las expresiones culturales para atraer visitantes.<\/p><\/blockquote><\/figure>\n\n\n\n<p><\/p>\n\n\n\n<p><\/p>\n\n\n\n<p>El turismo est\u00e1 pasando velozmente de ser una simple actividad recreativa a convertirse en un modo de vida, o al menos, un gui\u00f3n aspiracional de la sociedad moderna. El flujo de viajeros ha ido de los viajes inici\u00e1ticos en el origen del turismo moderno, con el Grand Tour, a la creciente presencia de n\u00f3mades digitales. En constante cambio, esta actividad se presenta como un espacio de di\u00e1logo y reconocimiento cultural. Sin embargo, no est\u00e1 exento de desaf\u00edos, especialmente cuando las pol\u00edticas tur\u00edsticas terminan desdibujando las expresiones culturales de las comunidades locales y convirtiendo su patrimonio en una mercanc\u00eda. La tensi\u00f3n entre ambos mundos (turismo y cultura) demanda un an\u00e1lisis cr\u00edtico, propositivo y consciente.<\/p>\n\n\n\n<p>Dean Mac Cannel plantea, en el ya cl\u00e1sico \u201cEl Turista, una nueva teor\u00eda de la clase ociosa\u201d, que toda actividad tur\u00edstica es una actividad cultural. Debemos entender, para profundizar en la relaci\u00f3n entre cultura y turismo, que las sociedades humanas se han desarrollado de la mano de la cultura. Sus manifestaciones, identidades, pr\u00e1cticas u objetos son el emergente de \u00e9sta. Por lo tanto, es imperioso comprender que, como toda actividad cultural (en el m\u00e1s amplio sentido de la palabra), el turismo responde a los modelos posibles de esa sociedad y su \u00e9poca.<\/p>\n\n\n\n<p><\/p>\n\n\n\n<figure class=\"wp-block-image size-full\"><img loading=\"lazy\" decoding=\"async\" width=\"2560\" height=\"2247\" src=\"https:\/\/modoviajeok.com.ar\/wp-content\/uploads\/2025\/05\/DSCN0071_2-1-scaled.jpg\" alt=\"\" class=\"wp-image-3817\" srcset=\"https:\/\/modoviajeok.com.ar\/wp-content\/uploads\/2025\/05\/DSCN0071_2-1-scaled.jpg 2560w, https:\/\/modoviajeok.com.ar\/wp-content\/uploads\/2025\/05\/DSCN0071_2-1-768x674.jpg 768w, https:\/\/modoviajeok.com.ar\/wp-content\/uploads\/2025\/05\/DSCN0071_2-1-1536x1348.jpg 1536w, https:\/\/modoviajeok.com.ar\/wp-content\/uploads\/2025\/05\/DSCN0071_2-1-2048x1798.jpg 2048w, https:\/\/modoviajeok.com.ar\/wp-content\/uploads\/2025\/05\/DSCN0071_2-1-479x420.jpg 479w, https:\/\/modoviajeok.com.ar\/wp-content\/uploads\/2025\/05\/DSCN0071_2-1-150x132.jpg 150w, https:\/\/modoviajeok.com.ar\/wp-content\/uploads\/2025\/05\/DSCN0071_2-1-300x263.jpg 300w, https:\/\/modoviajeok.com.ar\/wp-content\/uploads\/2025\/05\/DSCN0071_2-1-696x611.jpg 696w, https:\/\/modoviajeok.com.ar\/wp-content\/uploads\/2025\/05\/DSCN0071_2-1-1068x937.jpg 1068w, https:\/\/modoviajeok.com.ar\/wp-content\/uploads\/2025\/05\/DSCN0071_2-1-1920x1685.jpg 1920w\" sizes=\"auto, (max-width: 2560px) 100vw, 2560px\" \/><\/figure>\n\n\n\n<p>Diversos autores argumentan que el consumo de experiencias (viajes, ocio, cultura) ha reemplazado al trabajo como fuente de identidad y realizaci\u00f3n en occidente. Para Bauman, la \u201cmodernidad l\u00edquida\u201d es el emergente de estructuras sociales cada vez m\u00e1s ef\u00edmeras (trabajo, relaciones, etc.) en que las personas priorizan la autonom\u00eda y las experiencias (viajes, recreaci\u00f3n) sobre los compromisos de largo plazo. Este modo de vida da espacio a la aparici\u00f3n de m\u00e1s objetos y pr\u00e1cticas consumibles, ya que todo puede ser una nueva experiencia.<\/p>\n\n\n\n<p>Desde hace a\u00f1os, especialistas y actores culturales alertan sobre las pr\u00e1cticas que, en nombre del turismo, tienden a banalizar o estereotipar las expresiones culturales para atraer visitantes. La gesti\u00f3n tur\u00edstica, en muchas ocasiones, responde a objetivos econ\u00f3micos y de imagen, con procedimientos que responden a \u00e1mbitos pol\u00edticos separados de los de la gesti\u00f3n cultural. Este desacople puede traducirse en la reproducci\u00f3n de identidades estereotipadas, en la imposici\u00f3n de tiempos distintos a los de las comunidades y en la limitada participaci\u00f3n de esas comunidades en la representaci\u00f3n de su propio patrimonio. La p\u00e9rdida de los sentidos profundos de las pr\u00e1cticas culturales es una barrera que ya se ha traspasado. Y uno de los motores de tensi\u00f3n entre los gestores culturales y los tur\u00edsticos.<\/p>\n\n\n      <div class=\"wp_bannerize_container wp_bannerize_layout_vertical\">\n\n        <div class=\"wp_bannerize_banner_box wp_bannerize_category_intertexto-1\" data-title=\"Modo viaje\" data-mime_type=\"image-gif\" data-banner_id=\"1783\" id=\"wpbanner-1783\" data-impressions_enabled=\"true\" data-clicks_enabled=\"true\"><a href=\"https:\/\/www.instagram.com\/modoviaje.ok?igsh=Z3c5emxsZWFtdXN3\"><img decoding=\"async\" border=\"0\" src=\"https:\/\/modoviajeok.com.ar\/wp-content\/uploads\/2025\/02\/modoviaje.ok-300-x-250-px.gif\" alt=\"Modo viaje\" title=\"Modo viaje\" \/><\/a><\/div>      <\/div>\n\n\n\n\n\n\n\n<p>Frente a estos desaf\u00edos, surge la necesidad de replantear el modo en que concebimos y gestionamos el turismo. La clave est\u00e1 en promover un modelo que priorice la participaci\u00f3n, el respeto y la valoraci\u00f3n genuina del patrimonio cultural. Esto implica dise\u00f1ar estrategias que fortalezcan las comunidades desde su propia perspectiva y que tengan en cuenta los saberes y ritmos propios, en lugar de imponer agendas externas. As\u00ed, incluir herramientas de mediaci\u00f3n como la gobernanza colaborativa, los presupuestos participativos o los planes de gesti\u00f3n compartida permitir\u00eda no s\u00f3lo problematizar, sino tambi\u00e9n orientar hacia procesos concretos de articulaci\u00f3n intersectorial y comunitaria.<\/p>\n\n\n\n<p>Un concepto que ha cobrado relevancia en este contexto es el turismo regenerativo, una l\u00f3gica que va m\u00e1s all\u00e1 de la mera sostenibilidad. Mientras esta \u00faltima busca reducir el impacto negativo, el turismo regenerativo propone aportar a un impacto positivo en los destinos, fomentando la restauraci\u00f3n de ecosistemas, comunidades y culturas. La idea es que tanto viajeros como comunidades sean protagonistas en procesos de recuperaci\u00f3n, fortalecimiento y valorizaci\u00f3n, dejando un legado duradero y beneficioso para todos. En este sentido, ser\u00eda enriquecedor incorporar estrategias orientadas a posicionar a las personas viajeras no s\u00f3lo como consumidoras de experiencias, sino como aliadas conscientes y corresponsables. Esto podr\u00eda incluir propuestas de turismo interpretativo con enfoque cr\u00edtico, experiencias co-creadas con comunidades anfitrionas, instancias de devoluci\u00f3n o reciprocidad simb\u00f3lica y campa\u00f1as de comunicaci\u00f3n que promuevan valores de respeto, cuidado y participaci\u00f3n activa. Incluir este enfoque permitir\u00eda fortalecer la dimensi\u00f3n \u00e9tica del turismo regenerativo y ampliar su alcance transformador.<\/p>\n\n\n\n<figure class=\"wp-block-image size-full\"><img loading=\"lazy\" decoding=\"async\" width=\"1062\" height=\"812\" src=\"https:\/\/modoviajeok.com.ar\/wp-content\/uploads\/2025\/05\/DSCN0070_3-1.jpg\" alt=\"\" class=\"wp-image-3816\" srcset=\"https:\/\/modoviajeok.com.ar\/wp-content\/uploads\/2025\/05\/DSCN0070_3-1.jpg 1062w, https:\/\/modoviajeok.com.ar\/wp-content\/uploads\/2025\/05\/DSCN0070_3-1-768x587.jpg 768w, https:\/\/modoviajeok.com.ar\/wp-content\/uploads\/2025\/05\/DSCN0070_3-1-549x420.jpg 549w, https:\/\/modoviajeok.com.ar\/wp-content\/uploads\/2025\/05\/DSCN0070_3-1-80x60.jpg 80w, https:\/\/modoviajeok.com.ar\/wp-content\/uploads\/2025\/05\/DSCN0070_3-1-150x115.jpg 150w, https:\/\/modoviajeok.com.ar\/wp-content\/uploads\/2025\/05\/DSCN0070_3-1-300x229.jpg 300w, https:\/\/modoviajeok.com.ar\/wp-content\/uploads\/2025\/05\/DSCN0070_3-1-696x532.jpg 696w\" sizes=\"auto, (max-width: 1062px) 100vw, 1062px\" \/><\/figure>\n\n\n\n<p>Este enfoque da lugar para pensar la cultura regenerativa, que apunta a revitalizar y fortalecer las tradiciones y expresiones culturales en las comunidades. No basta con preservar el patrimonio; se trata tambi\u00e9n de renovarlo y adaptarlo a los nuevos desaf\u00edos sociales y ambientales, garantizando as\u00ed su resiliencia y vigencia en el tiempo. Estas ideas sostienen que el patrimonio cultural no debe ser solo un legado del pasado, sino un dispositivo din\u00e1mico que interact\u00faa en el presente y que puede proyectarse hacia el futuro si se gestiona de modo participativo y respetuoso. En ese sentido, las pol\u00edticas p\u00fablicas y las pr\u00e1cticas tur\u00edsticas deben ponerse a la altura de estas perspectivas, promoviendo espacios de di\u00e1logo y participaci\u00f3n activa de las comunidades en la construcci\u00f3n de su propia narrativa. Algunas estrategias que podr\u00edan sumarse para fortalecer el enfoque regenerativo entre cultura y turismo incluyen la creaci\u00f3n de mesas de di\u00e1logo multisectorial, donde los actores tur\u00edsticos, culturales y comunitarios puedan establecer criterios compartidos sobre el uso, gesti\u00f3n y valorizaci\u00f3n del patrimonio; el impulso de presupuestos participativos culturales y tur\u00edsticos que permitan a las comunidades decidir sobre proyectos o actividades que impacten en su entorno inmediato; el desarrollo de mapeos culturales colaborativos, donde se identifiquen los bienes tangibles e intangibles desde la mirada local y no solo desde la t\u00e9cnica o institucional; la elaboraci\u00f3n de planes de gesti\u00f3n del patrimonio compartidos, con objetivos, indicadores y compromisos co-creados entre la comunidad, el Estado y el sector privado; y la formaci\u00f3n en mediaci\u00f3n cultural para trabajadores del turismo, de modo que puedan reconocer y respetar la dimensi\u00f3n simb\u00f3lica y viva de los territorios.<\/p>\n\n\n\n<p>Al mismo tiempo, es fundamental abordar las tensiones existentes, como la diferencia de ritmos entre la econom\u00eda tur\u00edstica y las l\u00f3gicas culturales, o la necesidad de democratizar el acceso a los bienes culturales, evitando que el patrimonio se convierta en una mercanc\u00eda excluyente. La recuperaci\u00f3n de saberes y tradiciones puede convertirse en una herramienta para generar valor social, ambiental y econ\u00f3mico, si se dise\u00f1a con una mirada regenerativa. Ahora bien, la noci\u00f3n de regeneraci\u00f3n implica dinamismo y cambio, por lo que sostener el legado inmaculado en el tiempo puede ser contraproducente para su preservaci\u00f3n.<\/p>\n\n\n\n<p>En definitiva, transformar el turismo en una herramienta de gesti\u00f3n cultural significa reconocer que no es s\u00f3lo una actividad econ\u00f3mica, sino tambi\u00e9n un espacio de construcci\u00f3n identitaria, de participaci\u00f3n y de respeto por las diversidades culturales y sus legados. Solo as\u00ed podr\u00e1 dejar atr\u00e1s la visi\u00f3n extractivista y homogenizadora, y abrir paso a experiencias que regeneren la esencia de cada destino y fortalezcan las comunidades que los habitan. Este proceso requiere un compromiso conjunto de todos los actores sociales, pol\u00edticos y culturales, y una mentalidad que priorice el valor local y la participaci\u00f3n activa. Solo as\u00ed, el turismo podr\u00e1 cumplir con su potencial transformador y convertirse en un motor de protecci\u00f3n, valoraci\u00f3n y regeneraci\u00f3n cultural y ambiental.<\/p>\n\n\n\n<p><em>(*) Sebast\u00edan Hissa es licenciado en Turismo. Docente FTA-UPC. Evangelina Vaula es creadora de Ant\u00eddoto (@antidoto_)<\/em><\/p>\n","protected":false},"excerpt":{"rendered":"<p>Desde hace a\u00f1os, especialistas y actores culturales alertan sobre las pr\u00e1cticas que, en nombre del turismo, tienden a banalizar o estereotipar las expresiones culturales para atraer visitantes. El turismo est\u00e1 pasando velozmente de ser una simple actividad recreativa a convertirse en un modo de vida, o al menos, un gui\u00f3n aspiracional de la sociedad moderna. [&hellip;]<\/p>\n","protected":false},"author":3,"featured_media":3817,"comment_status":"open","ping_status":"open","sticky":false,"template":"","format":"standard","meta":{"_acf_changed":false,"footnotes":""},"categories":[11,10],"tags":[39,907,906,252,905],"class_list":{"0":"post-3815","1":"post","2":"type-post","3":"status-publish","4":"format-standard","5":"has-post-thumbnail","7":"category-cordoba","8":"category-noticias","9":"tag-cultura","10":"tag-evangelina-vaula","11":"tag-sebastian-higga","12":"tag-turismo","13":"tag-turismo-regenerativo"},"acf":[],"yoast_head":"<!-- This site is optimized with the Yoast SEO plugin v24.8.1 - https:\/\/yoast.com\/wordpress\/plugins\/seo\/ -->\n<title>Turismo y cultura: un di\u00e1logo pendiente con mirada regenerativa -<\/title>\n<meta name=\"description\" content=\"Especialistas y actores culturales alertan sobre las pr\u00e1cticas que, en nombre del turismo, tienden a banalizar o estereotipar las expresiones culturales para atraer visitantes.\" \/>\n<meta name=\"robots\" content=\"index, follow, max-snippet:-1, max-image-preview:large, max-video-preview:-1\" \/>\n<link rel=\"canonical\" href=\"https:\/\/modoviajeok.com.ar\/index.php\/2025\/05\/15\/cultura-y-turismo-para-la-regeneracion-un-encuentro-que-promueve-participacion-y-respeto\/\" \/>\n<meta property=\"og:locale\" content=\"es_ES\" \/>\n<meta property=\"og:type\" content=\"article\" \/>\n<meta property=\"og:title\" content=\"Turismo y cultura: un di\u00e1logo pendiente con mirada regenerativa -\" \/>\n<meta property=\"og:description\" content=\"Especialistas y actores culturales alertan sobre las pr\u00e1cticas que, en nombre del turismo, tienden a banalizar o estereotipar las expresiones culturales para atraer visitantes.\" \/>\n<meta property=\"og:url\" content=\"https:\/\/modoviajeok.com.ar\/index.php\/2025\/05\/15\/cultura-y-turismo-para-la-regeneracion-un-encuentro-que-promueve-participacion-y-respeto\/\" \/>\n<meta property=\"article:publisher\" content=\"https:\/\/www.facebook.com\/mariana.otero1\/\" \/>\n<meta property=\"article:published_time\" content=\"2025-05-15T20:24:41+00:00\" \/>\n<meta property=\"article:modified_time\" content=\"2025-05-16T12:34:06+00:00\" \/>\n<meta property=\"og:image\" content=\"https:\/\/modoviajeok.com.ar\/wp-content\/uploads\/2025\/05\/DSCN0071_2-1-scaled.jpg\" \/>\n\t<meta property=\"og:image:width\" content=\"2560\" \/>\n\t<meta property=\"og:image:height\" content=\"2247\" \/>\n\t<meta property=\"og:image:type\" content=\"image\/jpeg\" \/>\n<meta name=\"author\" content=\"Pepe Segura\" \/>\n<meta name=\"twitter:card\" content=\"summary_large_image\" \/>\n<meta name=\"twitter:label1\" content=\"Escrito por\" \/>\n\t<meta name=\"twitter:data1\" content=\"Pepe Segura\" \/>\n\t<meta name=\"twitter:label2\" content=\"Tiempo de lectura\" \/>\n\t<meta name=\"twitter:data2\" content=\"6 minutos\" \/>\n<script type=\"application\/ld+json\" class=\"yoast-schema-graph\">{\"@context\":\"https:\/\/schema.org\",\"@graph\":[{\"@type\":\"Article\",\"@id\":\"https:\/\/modoviajeok.com.ar\/index.php\/2025\/05\/15\/cultura-y-turismo-para-la-regeneracion-un-encuentro-que-promueve-participacion-y-respeto\/#article\",\"isPartOf\":{\"@id\":\"https:\/\/modoviajeok.com.ar\/index.php\/2025\/05\/15\/cultura-y-turismo-para-la-regeneracion-un-encuentro-que-promueve-participacion-y-respeto\/\"},\"author\":{\"name\":\"Pepe Segura\",\"@id\":\"https:\/\/modoviajeok.com.ar\/#\/schema\/person\/2e299ed0d3d412a01d244fe28260d7f5\"},\"headline\":\"Turismo y cultura: un di\u00e1logo pendiente con mirada regenerativa\",\"datePublished\":\"2025-05-15T20:24:41+00:00\",\"dateModified\":\"2025-05-16T12:34:06+00:00\",\"mainEntityOfPage\":{\"@id\":\"https:\/\/modoviajeok.com.ar\/index.php\/2025\/05\/15\/cultura-y-turismo-para-la-regeneracion-un-encuentro-que-promueve-participacion-y-respeto\/\"},\"wordCount\":1315,\"commentCount\":0,\"publisher\":{\"@id\":\"https:\/\/modoviajeok.com.ar\/#organization\"},\"image\":{\"@id\":\"https:\/\/modoviajeok.com.ar\/index.php\/2025\/05\/15\/cultura-y-turismo-para-la-regeneracion-un-encuentro-que-promueve-participacion-y-respeto\/#primaryimage\"},\"thumbnailUrl\":\"https:\/\/modoviajeok.com.ar\/wp-content\/uploads\/2025\/05\/DSCN0071_2-1-scaled.jpg\",\"keywords\":[\"cultura\",\"evangelina vaula\",\"sebasti\u00e1n higga\",\"turismo\",\"turismo regenerativo\"],\"articleSection\":[\"C\u00f3rdoba\",\"Noticias\"],\"inLanguage\":\"es\",\"potentialAction\":[{\"@type\":\"CommentAction\",\"name\":\"Comment\",\"target\":[\"https:\/\/modoviajeok.com.ar\/index.php\/2025\/05\/15\/cultura-y-turismo-para-la-regeneracion-un-encuentro-que-promueve-participacion-y-respeto\/#respond\"]}]},{\"@type\":\"WebPage\",\"@id\":\"https:\/\/modoviajeok.com.ar\/index.php\/2025\/05\/15\/cultura-y-turismo-para-la-regeneracion-un-encuentro-que-promueve-participacion-y-respeto\/\",\"url\":\"https:\/\/modoviajeok.com.ar\/index.php\/2025\/05\/15\/cultura-y-turismo-para-la-regeneracion-un-encuentro-que-promueve-participacion-y-respeto\/\",\"name\":\"Turismo y cultura: un di\u00e1logo pendiente con mirada regenerativa -\",\"isPartOf\":{\"@id\":\"https:\/\/modoviajeok.com.ar\/#website\"},\"primaryImageOfPage\":{\"@id\":\"https:\/\/modoviajeok.com.ar\/index.php\/2025\/05\/15\/cultura-y-turismo-para-la-regeneracion-un-encuentro-que-promueve-participacion-y-respeto\/#primaryimage\"},\"image\":{\"@id\":\"https:\/\/modoviajeok.com.ar\/index.php\/2025\/05\/15\/cultura-y-turismo-para-la-regeneracion-un-encuentro-que-promueve-participacion-y-respeto\/#primaryimage\"},\"thumbnailUrl\":\"https:\/\/modoviajeok.com.ar\/wp-content\/uploads\/2025\/05\/DSCN0071_2-1-scaled.jpg\",\"datePublished\":\"2025-05-15T20:24:41+00:00\",\"dateModified\":\"2025-05-16T12:34:06+00:00\",\"description\":\"Especialistas y actores culturales alertan sobre las pr\u00e1cticas que, en nombre del turismo, tienden a banalizar o estereotipar las expresiones culturales para atraer visitantes.\",\"breadcrumb\":{\"@id\":\"https:\/\/modoviajeok.com.ar\/index.php\/2025\/05\/15\/cultura-y-turismo-para-la-regeneracion-un-encuentro-que-promueve-participacion-y-respeto\/#breadcrumb\"},\"inLanguage\":\"es\",\"potentialAction\":[{\"@type\":\"ReadAction\",\"target\":[\"https:\/\/modoviajeok.com.ar\/index.php\/2025\/05\/15\/cultura-y-turismo-para-la-regeneracion-un-encuentro-que-promueve-participacion-y-respeto\/\"]}]},{\"@type\":\"ImageObject\",\"inLanguage\":\"es\",\"@id\":\"https:\/\/modoviajeok.com.ar\/index.php\/2025\/05\/15\/cultura-y-turismo-para-la-regeneracion-un-encuentro-que-promueve-participacion-y-respeto\/#primaryimage\",\"url\":\"https:\/\/modoviajeok.com.ar\/wp-content\/uploads\/2025\/05\/DSCN0071_2-1-scaled.jpg\",\"contentUrl\":\"https:\/\/modoviajeok.com.ar\/wp-content\/uploads\/2025\/05\/DSCN0071_2-1-scaled.jpg\",\"width\":2560,\"height\":2247},{\"@type\":\"BreadcrumbList\",\"@id\":\"https:\/\/modoviajeok.com.ar\/index.php\/2025\/05\/15\/cultura-y-turismo-para-la-regeneracion-un-encuentro-que-promueve-participacion-y-respeto\/#breadcrumb\",\"itemListElement\":[{\"@type\":\"ListItem\",\"position\":1,\"name\":\"Portada\",\"item\":\"https:\/\/modoviajeok.com.ar\/\"},{\"@type\":\"ListItem\",\"position\":2,\"name\":\"Turismo y cultura: un di\u00e1logo pendiente con mirada regenerativa\"}]},{\"@type\":\"WebSite\",\"@id\":\"https:\/\/modoviajeok.com.ar\/#website\",\"url\":\"https:\/\/modoviajeok.com.ar\/\",\"name\":\"ModoViajeOK\",\"description\":\"\",\"publisher\":{\"@id\":\"https:\/\/modoviajeok.com.ar\/#organization\"},\"potentialAction\":[{\"@type\":\"SearchAction\",\"target\":{\"@type\":\"EntryPoint\",\"urlTemplate\":\"https:\/\/modoviajeok.com.ar\/?s={search_term_string}\"},\"query-input\":{\"@type\":\"PropertyValueSpecification\",\"valueRequired\":true,\"valueName\":\"search_term_string\"}}],\"inLanguage\":\"es\"},{\"@type\":\"Organization\",\"@id\":\"https:\/\/modoviajeok.com.ar\/#organization\",\"name\":\"ModoViajeOK\",\"url\":\"https:\/\/modoviajeok.com.ar\/\",\"logo\":{\"@type\":\"ImageObject\",\"inLanguage\":\"es\",\"@id\":\"https:\/\/modoviajeok.com.ar\/#\/schema\/logo\/image\/\",\"url\":\"https:\/\/modoviajeok.com.ar\/wp-content\/uploads\/2025\/01\/Logo-modoviajeok.png\",\"contentUrl\":\"https:\/\/modoviajeok.com.ar\/wp-content\/uploads\/2025\/01\/Logo-modoviajeok.png\",\"width\":2938,\"height\":2276,\"caption\":\"ModoViajeOK\"},\"image\":{\"@id\":\"https:\/\/modoviajeok.com.ar\/#\/schema\/logo\/image\/\"},\"sameAs\":[\"https:\/\/www.facebook.com\/mariana.otero1\/\",\"https:\/\/www.instagram.com\/modoviaje.ok\/\"]},{\"@type\":\"Person\",\"@id\":\"https:\/\/modoviajeok.com.ar\/#\/schema\/person\/2e299ed0d3d412a01d244fe28260d7f5\",\"name\":\"Pepe Segura\",\"image\":{\"@type\":\"ImageObject\",\"inLanguage\":\"es\",\"@id\":\"https:\/\/modoviajeok.com.ar\/#\/schema\/person\/image\/\",\"url\":\"https:\/\/secure.gravatar.com\/avatar\/65eb4b34deed761327f5b2c5535b987318ae807900ac46426de7258f5de6d345?s=96&d=mm&r=g\",\"contentUrl\":\"https:\/\/secure.gravatar.com\/avatar\/65eb4b34deed761327f5b2c5535b987318ae807900ac46426de7258f5de6d345?s=96&d=mm&r=g\",\"caption\":\"Pepe Segura\"},\"url\":\"https:\/\/modoviajeok.com.ar\/index.php\/author\/pepe2025\/\"}]}<\/script>\n<!-- \/ Yoast SEO plugin. -->","yoast_head_json":{"title":"Turismo y cultura: un di\u00e1logo pendiente con mirada regenerativa -","description":"Especialistas y actores culturales alertan sobre las pr\u00e1cticas que, en nombre del turismo, tienden a banalizar o estereotipar las expresiones culturales para atraer visitantes.","robots":{"index":"index","follow":"follow","max-snippet":"max-snippet:-1","max-image-preview":"max-image-preview:large","max-video-preview":"max-video-preview:-1"},"canonical":"https:\/\/modoviajeok.com.ar\/index.php\/2025\/05\/15\/cultura-y-turismo-para-la-regeneracion-un-encuentro-que-promueve-participacion-y-respeto\/","og_locale":"es_ES","og_type":"article","og_title":"Turismo y cultura: un di\u00e1logo pendiente con mirada regenerativa -","og_description":"Especialistas y actores culturales alertan sobre las pr\u00e1cticas que, en nombre del turismo, tienden a banalizar o estereotipar las expresiones culturales para atraer visitantes.","og_url":"https:\/\/modoviajeok.com.ar\/index.php\/2025\/05\/15\/cultura-y-turismo-para-la-regeneracion-un-encuentro-que-promueve-participacion-y-respeto\/","article_publisher":"https:\/\/www.facebook.com\/mariana.otero1\/","article_published_time":"2025-05-15T20:24:41+00:00","article_modified_time":"2025-05-16T12:34:06+00:00","og_image":[{"width":2560,"height":2247,"url":"https:\/\/modoviajeok.com.ar\/wp-content\/uploads\/2025\/05\/DSCN0071_2-1-scaled.jpg","type":"image\/jpeg"}],"author":"Pepe Segura","twitter_card":"summary_large_image","twitter_misc":{"Escrito por":"Pepe Segura","Tiempo de lectura":"6 minutos"},"schema":{"@context":"https:\/\/schema.org","@graph":[{"@type":"Article","@id":"https:\/\/modoviajeok.com.ar\/index.php\/2025\/05\/15\/cultura-y-turismo-para-la-regeneracion-un-encuentro-que-promueve-participacion-y-respeto\/#article","isPartOf":{"@id":"https:\/\/modoviajeok.com.ar\/index.php\/2025\/05\/15\/cultura-y-turismo-para-la-regeneracion-un-encuentro-que-promueve-participacion-y-respeto\/"},"author":{"name":"Pepe Segura","@id":"https:\/\/modoviajeok.com.ar\/#\/schema\/person\/2e299ed0d3d412a01d244fe28260d7f5"},"headline":"Turismo y cultura: un di\u00e1logo pendiente con mirada regenerativa","datePublished":"2025-05-15T20:24:41+00:00","dateModified":"2025-05-16T12:34:06+00:00","mainEntityOfPage":{"@id":"https:\/\/modoviajeok.com.ar\/index.php\/2025\/05\/15\/cultura-y-turismo-para-la-regeneracion-un-encuentro-que-promueve-participacion-y-respeto\/"},"wordCount":1315,"commentCount":0,"publisher":{"@id":"https:\/\/modoviajeok.com.ar\/#organization"},"image":{"@id":"https:\/\/modoviajeok.com.ar\/index.php\/2025\/05\/15\/cultura-y-turismo-para-la-regeneracion-un-encuentro-que-promueve-participacion-y-respeto\/#primaryimage"},"thumbnailUrl":"https:\/\/modoviajeok.com.ar\/wp-content\/uploads\/2025\/05\/DSCN0071_2-1-scaled.jpg","keywords":["cultura","evangelina vaula","sebasti\u00e1n higga","turismo","turismo regenerativo"],"articleSection":["C\u00f3rdoba","Noticias"],"inLanguage":"es","potentialAction":[{"@type":"CommentAction","name":"Comment","target":["https:\/\/modoviajeok.com.ar\/index.php\/2025\/05\/15\/cultura-y-turismo-para-la-regeneracion-un-encuentro-que-promueve-participacion-y-respeto\/#respond"]}]},{"@type":"WebPage","@id":"https:\/\/modoviajeok.com.ar\/index.php\/2025\/05\/15\/cultura-y-turismo-para-la-regeneracion-un-encuentro-que-promueve-participacion-y-respeto\/","url":"https:\/\/modoviajeok.com.ar\/index.php\/2025\/05\/15\/cultura-y-turismo-para-la-regeneracion-un-encuentro-que-promueve-participacion-y-respeto\/","name":"Turismo y cultura: un di\u00e1logo pendiente con mirada regenerativa -","isPartOf":{"@id":"https:\/\/modoviajeok.com.ar\/#website"},"primaryImageOfPage":{"@id":"https:\/\/modoviajeok.com.ar\/index.php\/2025\/05\/15\/cultura-y-turismo-para-la-regeneracion-un-encuentro-que-promueve-participacion-y-respeto\/#primaryimage"},"image":{"@id":"https:\/\/modoviajeok.com.ar\/index.php\/2025\/05\/15\/cultura-y-turismo-para-la-regeneracion-un-encuentro-que-promueve-participacion-y-respeto\/#primaryimage"},"thumbnailUrl":"https:\/\/modoviajeok.com.ar\/wp-content\/uploads\/2025\/05\/DSCN0071_2-1-scaled.jpg","datePublished":"2025-05-15T20:24:41+00:00","dateModified":"2025-05-16T12:34:06+00:00","description":"Especialistas y actores culturales alertan sobre las pr\u00e1cticas que, en nombre del turismo, tienden a banalizar o estereotipar las expresiones culturales para atraer visitantes.","breadcrumb":{"@id":"https:\/\/modoviajeok.com.ar\/index.php\/2025\/05\/15\/cultura-y-turismo-para-la-regeneracion-un-encuentro-que-promueve-participacion-y-respeto\/#breadcrumb"},"inLanguage":"es","potentialAction":[{"@type":"ReadAction","target":["https:\/\/modoviajeok.com.ar\/index.php\/2025\/05\/15\/cultura-y-turismo-para-la-regeneracion-un-encuentro-que-promueve-participacion-y-respeto\/"]}]},{"@type":"ImageObject","inLanguage":"es","@id":"https:\/\/modoviajeok.com.ar\/index.php\/2025\/05\/15\/cultura-y-turismo-para-la-regeneracion-un-encuentro-que-promueve-participacion-y-respeto\/#primaryimage","url":"https:\/\/modoviajeok.com.ar\/wp-content\/uploads\/2025\/05\/DSCN0071_2-1-scaled.jpg","contentUrl":"https:\/\/modoviajeok.com.ar\/wp-content\/uploads\/2025\/05\/DSCN0071_2-1-scaled.jpg","width":2560,"height":2247},{"@type":"BreadcrumbList","@id":"https:\/\/modoviajeok.com.ar\/index.php\/2025\/05\/15\/cultura-y-turismo-para-la-regeneracion-un-encuentro-que-promueve-participacion-y-respeto\/#breadcrumb","itemListElement":[{"@type":"ListItem","position":1,"name":"Portada","item":"https:\/\/modoviajeok.com.ar\/"},{"@type":"ListItem","position":2,"name":"Turismo y cultura: un di\u00e1logo pendiente con mirada regenerativa"}]},{"@type":"WebSite","@id":"https:\/\/modoviajeok.com.ar\/#website","url":"https:\/\/modoviajeok.com.ar\/","name":"ModoViajeOK","description":"","publisher":{"@id":"https:\/\/modoviajeok.com.ar\/#organization"},"potentialAction":[{"@type":"SearchAction","target":{"@type":"EntryPoint","urlTemplate":"https:\/\/modoviajeok.com.ar\/?s={search_term_string}"},"query-input":{"@type":"PropertyValueSpecification","valueRequired":true,"valueName":"search_term_string"}}],"inLanguage":"es"},{"@type":"Organization","@id":"https:\/\/modoviajeok.com.ar\/#organization","name":"ModoViajeOK","url":"https:\/\/modoviajeok.com.ar\/","logo":{"@type":"ImageObject","inLanguage":"es","@id":"https:\/\/modoviajeok.com.ar\/#\/schema\/logo\/image\/","url":"https:\/\/modoviajeok.com.ar\/wp-content\/uploads\/2025\/01\/Logo-modoviajeok.png","contentUrl":"https:\/\/modoviajeok.com.ar\/wp-content\/uploads\/2025\/01\/Logo-modoviajeok.png","width":2938,"height":2276,"caption":"ModoViajeOK"},"image":{"@id":"https:\/\/modoviajeok.com.ar\/#\/schema\/logo\/image\/"},"sameAs":["https:\/\/www.facebook.com\/mariana.otero1\/","https:\/\/www.instagram.com\/modoviaje.ok\/"]},{"@type":"Person","@id":"https:\/\/modoviajeok.com.ar\/#\/schema\/person\/2e299ed0d3d412a01d244fe28260d7f5","name":"Pepe Segura","image":{"@type":"ImageObject","inLanguage":"es","@id":"https:\/\/modoviajeok.com.ar\/#\/schema\/person\/image\/","url":"https:\/\/secure.gravatar.com\/avatar\/65eb4b34deed761327f5b2c5535b987318ae807900ac46426de7258f5de6d345?s=96&d=mm&r=g","contentUrl":"https:\/\/secure.gravatar.com\/avatar\/65eb4b34deed761327f5b2c5535b987318ae807900ac46426de7258f5de6d345?s=96&d=mm&r=g","caption":"Pepe Segura"},"url":"https:\/\/modoviajeok.com.ar\/index.php\/author\/pepe2025\/"}]}},"_links":{"self":[{"href":"https:\/\/modoviajeok.com.ar\/index.php\/wp-json\/wp\/v2\/posts\/3815","targetHints":{"allow":["GET"]}}],"collection":[{"href":"https:\/\/modoviajeok.com.ar\/index.php\/wp-json\/wp\/v2\/posts"}],"about":[{"href":"https:\/\/modoviajeok.com.ar\/index.php\/wp-json\/wp\/v2\/types\/post"}],"author":[{"embeddable":true,"href":"https:\/\/modoviajeok.com.ar\/index.php\/wp-json\/wp\/v2\/users\/3"}],"replies":[{"embeddable":true,"href":"https:\/\/modoviajeok.com.ar\/index.php\/wp-json\/wp\/v2\/comments?post=3815"}],"version-history":[{"count":6,"href":"https:\/\/modoviajeok.com.ar\/index.php\/wp-json\/wp\/v2\/posts\/3815\/revisions"}],"predecessor-version":[{"id":3832,"href":"https:\/\/modoviajeok.com.ar\/index.php\/wp-json\/wp\/v2\/posts\/3815\/revisions\/3832"}],"wp:featuredmedia":[{"embeddable":true,"href":"https:\/\/modoviajeok.com.ar\/index.php\/wp-json\/wp\/v2\/media\/3817"}],"wp:attachment":[{"href":"https:\/\/modoviajeok.com.ar\/index.php\/wp-json\/wp\/v2\/media?parent=3815"}],"wp:term":[{"taxonomy":"category","embeddable":true,"href":"https:\/\/modoviajeok.com.ar\/index.php\/wp-json\/wp\/v2\/categories?post=3815"},{"taxonomy":"post_tag","embeddable":true,"href":"https:\/\/modoviajeok.com.ar\/index.php\/wp-json\/wp\/v2\/tags?post=3815"}],"curies":[{"name":"wp","href":"https:\/\/api.w.org\/{rel}","templated":true}]}}