{"id":3857,"date":"2025-05-21T09:28:46","date_gmt":"2025-05-21T12:28:46","guid":{"rendered":"https:\/\/modoviajeok.com.ar\/?p=3857"},"modified":"2025-06-07T11:19:08","modified_gmt":"2025-06-07T14:19:08","slug":"sinsacate-la-historica-posta-por-donde-paso-belgrano-y-velaron-los-restos-de-quiroga","status":"publish","type":"post","link":"https:\/\/modoviajeok.com.ar\/index.php\/2025\/05\/21\/sinsacate-la-historica-posta-por-donde-paso-belgrano-y-velaron-los-restos-de-quiroga\/","title":{"rendered":"Sinsacate: La hist\u00f3rica posta por donde pas\u00f3 Belgrano y velaron los restos de Quiroga"},"content":{"rendered":"\n<p>En el pueblo cordob\u00e9s de Sinsacate (en lengua sanavirona \u201cpoblaci\u00f3n del cacique Chin\u201d), a la vera del Camino Real que un\u00eda el virreinato del R\u00edo de la Plata con el Alto Per\u00fa, todav\u00eda se conserva la posta que vio pasar a las tropas patriotas, al general Jos\u00e9 de San Mart\u00edn al frente del Ej\u00e9rcito del Norte y a algunos personajes centrales de la historia argentina: los generales Manuel Belgrano, Juan Lavalle y los hermanos Reynaf\u00e9, entre otros.<\/p>\n\n\n\n<figure class=\"wp-block-image size-full\"><img loading=\"lazy\" decoding=\"async\" width=\"1920\" height=\"2560\" src=\"https:\/\/modoviajeok.com.ar\/wp-content\/uploads\/2025\/05\/DSCN0054_4-scaled.jpg\" alt=\"\" class=\"wp-image-3858\" srcset=\"https:\/\/modoviajeok.com.ar\/wp-content\/uploads\/2025\/05\/DSCN0054_4-scaled.jpg 1920w, https:\/\/modoviajeok.com.ar\/wp-content\/uploads\/2025\/05\/DSCN0054_4-768x1024.jpg 768w, https:\/\/modoviajeok.com.ar\/wp-content\/uploads\/2025\/05\/DSCN0054_4-1152x1536.jpg 1152w, https:\/\/modoviajeok.com.ar\/wp-content\/uploads\/2025\/05\/DSCN0054_4-1536x2048.jpg 1536w, https:\/\/modoviajeok.com.ar\/wp-content\/uploads\/2025\/05\/DSCN0054_4-315x420.jpg 315w, https:\/\/modoviajeok.com.ar\/wp-content\/uploads\/2025\/05\/DSCN0054_4-150x200.jpg 150w, https:\/\/modoviajeok.com.ar\/wp-content\/uploads\/2025\/05\/DSCN0054_4-300x400.jpg 300w, https:\/\/modoviajeok.com.ar\/wp-content\/uploads\/2025\/05\/DSCN0054_4-696x928.jpg 696w, https:\/\/modoviajeok.com.ar\/wp-content\/uploads\/2025\/05\/DSCN0054_4-1068x1424.jpg 1068w\" sizes=\"auto, (max-width: 1920px) 100vw, 1920px\" \/><\/figure>\n\n\n\n<p>La posta de Sinsacate es una joya arquitect\u00f3nica plantada en un antiguo casco de estancia que fue remodelado por el arquitecto Buschiazzo en 1946, cuando se la declar\u00f3 Museo Nacional. Cinco a\u00f1os antes, en 1941, hab\u00eda sido declarada Monumento Hist\u00f3rico Nacional. En 1950 fue unificada con el Museo Jesu\u00edtico de la Estancia Jes\u00fas Mar\u00eda, a 3,5 km, y desde hace cinco a\u00f1os est\u00e1n bregando por volver a ser independientes administrativamente, como antes. Unas 12.000 personas la visitan por a\u00f1o.<\/p>\n\n\n\n<p>Junto a la de Yatasto, en Salta, es la posta m\u00e1s grande y hermosa que se preserva en el Camino Real y la mejor de las diez que se jalonaban el norte de la provincia de C\u00f3rdoba, seg\u00fan revelan testimonios y documentos hist\u00f3ricos.<\/p>\n\n\n\n<figure class=\"wp-block-image size-full\"><img loading=\"lazy\" decoding=\"async\" width=\"1920\" height=\"2560\" src=\"https:\/\/modoviajeok.com.ar\/wp-content\/uploads\/2025\/05\/DSCN0045_4-scaled.jpg\" alt=\"\" class=\"wp-image-3859\" srcset=\"https:\/\/modoviajeok.com.ar\/wp-content\/uploads\/2025\/05\/DSCN0045_4-scaled.jpg 1920w, https:\/\/modoviajeok.com.ar\/wp-content\/uploads\/2025\/05\/DSCN0045_4-768x1024.jpg 768w, https:\/\/modoviajeok.com.ar\/wp-content\/uploads\/2025\/05\/DSCN0045_4-1152x1536.jpg 1152w, https:\/\/modoviajeok.com.ar\/wp-content\/uploads\/2025\/05\/DSCN0045_4-1536x2048.jpg 1536w, https:\/\/modoviajeok.com.ar\/wp-content\/uploads\/2025\/05\/DSCN0045_4-315x420.jpg 315w, https:\/\/modoviajeok.com.ar\/wp-content\/uploads\/2025\/05\/DSCN0045_4-150x200.jpg 150w, https:\/\/modoviajeok.com.ar\/wp-content\/uploads\/2025\/05\/DSCN0045_4-300x400.jpg 300w, https:\/\/modoviajeok.com.ar\/wp-content\/uploads\/2025\/05\/DSCN0045_4-696x928.jpg 696w, https:\/\/modoviajeok.com.ar\/wp-content\/uploads\/2025\/05\/DSCN0045_4-1068x1424.jpg 1068w\" sizes=\"auto, (max-width: 1920px) 100vw, 1920px\" \/><\/figure>\n\n\n\n<p>Est\u00e1 ubicada a s\u00f3lo 53 kil\u00f3metros de la ciudad de C\u00f3rdoba y sorprende su estructura al llegar por el camino, a\u00fan de tierra, por el que pasaron los ej\u00e9rcitos independentistas.<\/p>\n\n\n\n<p>La construcci\u00f3n de muros de piedra asentados en adobe es preciosa, con una imponente galer\u00eda de 17 columnas de ladrillo y techo de algarrobo, ca\u00f1a y tejas.<\/p>\n\n\n\n<figure class=\"wp-block-image size-full\"><img loading=\"lazy\" decoding=\"async\" width=\"2560\" height=\"1920\" src=\"https:\/\/modoviajeok.com.ar\/wp-content\/uploads\/2025\/05\/DSCN0073_4-scaled.jpg\" alt=\"\" class=\"wp-image-3860\" srcset=\"https:\/\/modoviajeok.com.ar\/wp-content\/uploads\/2025\/05\/DSCN0073_4-scaled.jpg 2560w, https:\/\/modoviajeok.com.ar\/wp-content\/uploads\/2025\/05\/DSCN0073_4-768x576.jpg 768w, https:\/\/modoviajeok.com.ar\/wp-content\/uploads\/2025\/05\/DSCN0073_4-1536x1152.jpg 1536w, https:\/\/modoviajeok.com.ar\/wp-content\/uploads\/2025\/05\/DSCN0073_4-2048x1536.jpg 2048w, https:\/\/modoviajeok.com.ar\/wp-content\/uploads\/2025\/05\/DSCN0073_4-560x420.jpg 560w, https:\/\/modoviajeok.com.ar\/wp-content\/uploads\/2025\/05\/DSCN0073_4-80x60.jpg 80w, https:\/\/modoviajeok.com.ar\/wp-content\/uploads\/2025\/05\/DSCN0073_4-150x113.jpg 150w, https:\/\/modoviajeok.com.ar\/wp-content\/uploads\/2025\/05\/DSCN0073_4-300x225.jpg 300w, https:\/\/modoviajeok.com.ar\/wp-content\/uploads\/2025\/05\/DSCN0073_4-696x522.jpg 696w, https:\/\/modoviajeok.com.ar\/wp-content\/uploads\/2025\/05\/DSCN0073_4-1068x801.jpg 1068w, https:\/\/modoviajeok.com.ar\/wp-content\/uploads\/2025\/05\/DSCN0073_4-1920x1440.jpg 1920w, https:\/\/modoviajeok.com.ar\/wp-content\/uploads\/2025\/05\/DSCN0073_4-265x198.jpg 265w\" sizes=\"auto, (max-width: 2560px) 100vw, 2560px\" \/><\/figure>\n\n\n\n<p>Al costado de la galer\u00eda, una escalera conduce al lugar desde donde los maestros de posta advert\u00edan la llegada de los visitantes por la intensidad del polvo que levantaban las carretas y los caballos. Ese indicio permit\u00eda tener el alojamiento preparado, el guiso, el pan, el agua caliente para el mate y el mote (ma\u00edz blanco hervido y escurrido).<\/p>\n\n\n\n<figure class=\"wp-block-image size-full\"><img loading=\"lazy\" decoding=\"async\" width=\"2560\" height=\"1920\" src=\"https:\/\/modoviajeok.com.ar\/wp-content\/uploads\/2025\/05\/DSCN0067_3-scaled.jpg\" alt=\"\" class=\"wp-image-3861\" srcset=\"https:\/\/modoviajeok.com.ar\/wp-content\/uploads\/2025\/05\/DSCN0067_3-scaled.jpg 2560w, https:\/\/modoviajeok.com.ar\/wp-content\/uploads\/2025\/05\/DSCN0067_3-768x576.jpg 768w, https:\/\/modoviajeok.com.ar\/wp-content\/uploads\/2025\/05\/DSCN0067_3-1536x1152.jpg 1536w, https:\/\/modoviajeok.com.ar\/wp-content\/uploads\/2025\/05\/DSCN0067_3-2048x1536.jpg 2048w, https:\/\/modoviajeok.com.ar\/wp-content\/uploads\/2025\/05\/DSCN0067_3-560x420.jpg 560w, https:\/\/modoviajeok.com.ar\/wp-content\/uploads\/2025\/05\/DSCN0067_3-80x60.jpg 80w, https:\/\/modoviajeok.com.ar\/wp-content\/uploads\/2025\/05\/DSCN0067_3-150x113.jpg 150w, https:\/\/modoviajeok.com.ar\/wp-content\/uploads\/2025\/05\/DSCN0067_3-300x225.jpg 300w, https:\/\/modoviajeok.com.ar\/wp-content\/uploads\/2025\/05\/DSCN0067_3-696x522.jpg 696w, https:\/\/modoviajeok.com.ar\/wp-content\/uploads\/2025\/05\/DSCN0067_3-1068x801.jpg 1068w, https:\/\/modoviajeok.com.ar\/wp-content\/uploads\/2025\/05\/DSCN0067_3-1920x1440.jpg 1920w, https:\/\/modoviajeok.com.ar\/wp-content\/uploads\/2025\/05\/DSCN0067_3-265x198.jpg 265w\" sizes=\"auto, (max-width: 2560px) 100vw, 2560px\" \/><\/figure>\n\n\n\n<p>La nota completa en <a href=\"https:\/\/www.lanacion.com.ar\/autor\/mariana-otero-13206\/\">Revista Lugares<\/a>. S\u00f3lo para suscriptores. <\/p>\n","protected":false},"excerpt":{"rendered":"<p>En el pueblo cordob\u00e9s de Sinsacate (en lengua sanavirona \u201cpoblaci\u00f3n del cacique Chin\u201d), a la vera del Camino Real que un\u00eda el virreinato del R\u00edo de la Plata con el Alto Per\u00fa, todav\u00eda se conserva la posta que vio pasar a las tropas patriotas, al general Jos\u00e9 de San Mart\u00edn al frente del Ej\u00e9rcito del [&hellip;]<\/p>\n","protected":false},"author":2,"featured_media":3860,"comment_status":"open","ping_status":"open","sticky":false,"template":"","format":"standard","meta":{"_acf_changed":false,"footnotes":""},"categories":[11,2,16,17],"tags":[920,499,48,919,921,918],"class_list":{"0":"post-3857","1":"post","2":"type-post","3":"status-publish","4":"format-standard","5":"has-post-thumbnail","7":"category-cordoba","8":"category-destacadas","9":"category-en-la-prensa","10":"category-galeria","11":"tag-belgrano","12":"tag-camino-real","13":"tag-cordoba","14":"tag-posta-de-sinsacate","15":"tag-quiroga","16":"tag-sinsacate"},"acf":[],"yoast_head":"<!-- This site is optimized with the Yoast SEO plugin v24.8.1 - https:\/\/yoast.com\/wordpress\/plugins\/seo\/ -->\n<title>Sinsacate: La hist\u00f3rica posta por donde pas\u00f3 Belgrano y velaron los restos de Quiroga -<\/title>\n<meta name=\"description\" content=\"En el pueblo cordob\u00e9s de Sinsacate , a la vera del Camino Real se conserva la posta que vio pasar a las tropas patriotas, al general Jos\u00e9 de San Mart\u00edn al frente del Ej\u00e9rcito del Norte y a algunos personajes centrales de la historia argentina: los generales Manuel Belgrano, Juan Lavalle y los hermanos Reynaf\u00e9, entre otros.\" \/>\n<meta name=\"robots\" content=\"index, follow, max-snippet:-1, max-image-preview:large, max-video-preview:-1\" \/>\n<link rel=\"canonical\" href=\"https:\/\/modoviajeok.com.ar\/index.php\/2025\/05\/21\/sinsacate-la-historica-posta-por-donde-paso-belgrano-y-velaron-los-restos-de-quiroga\/\" \/>\n<meta property=\"og:locale\" content=\"es_ES\" \/>\n<meta property=\"og:type\" content=\"article\" \/>\n<meta property=\"og:title\" content=\"Sinsacate: La hist\u00f3rica posta por donde pas\u00f3 Belgrano y velaron los restos de Quiroga -\" \/>\n<meta property=\"og:description\" content=\"En el pueblo cordob\u00e9s de Sinsacate , a la vera del Camino Real se conserva la posta que vio pasar a las tropas patriotas, al general Jos\u00e9 de San Mart\u00edn al frente del Ej\u00e9rcito del Norte y a algunos personajes centrales de la historia argentina: los generales Manuel Belgrano, Juan Lavalle y los hermanos Reynaf\u00e9, entre otros.\" \/>\n<meta property=\"og:url\" content=\"https:\/\/modoviajeok.com.ar\/index.php\/2025\/05\/21\/sinsacate-la-historica-posta-por-donde-paso-belgrano-y-velaron-los-restos-de-quiroga\/\" \/>\n<meta property=\"article:publisher\" content=\"https:\/\/www.facebook.com\/mariana.otero1\/\" \/>\n<meta property=\"article:published_time\" content=\"2025-05-21T12:28:46+00:00\" \/>\n<meta property=\"article:modified_time\" content=\"2025-06-07T14:19:08+00:00\" \/>\n<meta property=\"og:image\" content=\"https:\/\/modoviajeok.com.ar\/wp-content\/uploads\/2025\/05\/DSCN0073_4-scaled.jpg\" \/>\n\t<meta property=\"og:image:width\" content=\"2560\" \/>\n\t<meta property=\"og:image:height\" content=\"1920\" \/>\n\t<meta property=\"og:image:type\" content=\"image\/jpeg\" \/>\n<meta name=\"author\" content=\"Mariana Otero\" \/>\n<meta name=\"twitter:card\" content=\"summary_large_image\" \/>\n<meta name=\"twitter:label1\" content=\"Escrito por\" \/>\n\t<meta name=\"twitter:data1\" content=\"Mariana Otero\" \/>\n\t<meta name=\"twitter:label2\" content=\"Tiempo de lectura\" \/>\n\t<meta name=\"twitter:data2\" content=\"3 minutos\" \/>\n<script type=\"application\/ld+json\" class=\"yoast-schema-graph\">{\"@context\":\"https:\/\/schema.org\",\"@graph\":[{\"@type\":\"Article\",\"@id\":\"https:\/\/modoviajeok.com.ar\/index.php\/2025\/05\/21\/sinsacate-la-historica-posta-por-donde-paso-belgrano-y-velaron-los-restos-de-quiroga\/#article\",\"isPartOf\":{\"@id\":\"https:\/\/modoviajeok.com.ar\/index.php\/2025\/05\/21\/sinsacate-la-historica-posta-por-donde-paso-belgrano-y-velaron-los-restos-de-quiroga\/\"},\"author\":{\"name\":\"Mariana Otero\",\"@id\":\"https:\/\/modoviajeok.com.ar\/#\/schema\/person\/1187013488537969db5b1320484d24f4\"},\"headline\":\"Sinsacate: La hist\u00f3rica posta por donde pas\u00f3 Belgrano y velaron los restos de Quiroga\",\"datePublished\":\"2025-05-21T12:28:46+00:00\",\"dateModified\":\"2025-06-07T14:19:08+00:00\",\"mainEntityOfPage\":{\"@id\":\"https:\/\/modoviajeok.com.ar\/index.php\/2025\/05\/21\/sinsacate-la-historica-posta-por-donde-paso-belgrano-y-velaron-los-restos-de-quiroga\/\"},\"wordCount\":366,\"commentCount\":0,\"publisher\":{\"@id\":\"https:\/\/modoviajeok.com.ar\/#organization\"},\"image\":{\"@id\":\"https:\/\/modoviajeok.com.ar\/index.php\/2025\/05\/21\/sinsacate-la-historica-posta-por-donde-paso-belgrano-y-velaron-los-restos-de-quiroga\/#primaryimage\"},\"thumbnailUrl\":\"https:\/\/modoviajeok.com.ar\/wp-content\/uploads\/2025\/05\/DSCN0073_4-scaled.jpg\",\"keywords\":[\"belgrano\",\"camino real\",\"c\u00f3rdoba\",\"posta de sinsacate\",\"quiroga\",\"sinsacate\"],\"articleSection\":[\"C\u00f3rdoba\",\"Destacadas\",\"En la prensa\",\"Galer\u00eda\"],\"inLanguage\":\"es\",\"potentialAction\":[{\"@type\":\"CommentAction\",\"name\":\"Comment\",\"target\":[\"https:\/\/modoviajeok.com.ar\/index.php\/2025\/05\/21\/sinsacate-la-historica-posta-por-donde-paso-belgrano-y-velaron-los-restos-de-quiroga\/#respond\"]}]},{\"@type\":\"WebPage\",\"@id\":\"https:\/\/modoviajeok.com.ar\/index.php\/2025\/05\/21\/sinsacate-la-historica-posta-por-donde-paso-belgrano-y-velaron-los-restos-de-quiroga\/\",\"url\":\"https:\/\/modoviajeok.com.ar\/index.php\/2025\/05\/21\/sinsacate-la-historica-posta-por-donde-paso-belgrano-y-velaron-los-restos-de-quiroga\/\",\"name\":\"Sinsacate: La hist\u00f3rica posta por donde pas\u00f3 Belgrano y velaron los restos de Quiroga -\",\"isPartOf\":{\"@id\":\"https:\/\/modoviajeok.com.ar\/#website\"},\"primaryImageOfPage\":{\"@id\":\"https:\/\/modoviajeok.com.ar\/index.php\/2025\/05\/21\/sinsacate-la-historica-posta-por-donde-paso-belgrano-y-velaron-los-restos-de-quiroga\/#primaryimage\"},\"image\":{\"@id\":\"https:\/\/modoviajeok.com.ar\/index.php\/2025\/05\/21\/sinsacate-la-historica-posta-por-donde-paso-belgrano-y-velaron-los-restos-de-quiroga\/#primaryimage\"},\"thumbnailUrl\":\"https:\/\/modoviajeok.com.ar\/wp-content\/uploads\/2025\/05\/DSCN0073_4-scaled.jpg\",\"datePublished\":\"2025-05-21T12:28:46+00:00\",\"dateModified\":\"2025-06-07T14:19:08+00:00\",\"description\":\"En el pueblo cordob\u00e9s de Sinsacate , a la vera del Camino Real se conserva la posta que vio pasar a las tropas patriotas, al general Jos\u00e9 de San Mart\u00edn al frente del Ej\u00e9rcito del Norte y a algunos personajes centrales de la historia argentina: los generales Manuel Belgrano, Juan Lavalle y los hermanos Reynaf\u00e9, entre otros.\",\"breadcrumb\":{\"@id\":\"https:\/\/modoviajeok.com.ar\/index.php\/2025\/05\/21\/sinsacate-la-historica-posta-por-donde-paso-belgrano-y-velaron-los-restos-de-quiroga\/#breadcrumb\"},\"inLanguage\":\"es\",\"potentialAction\":[{\"@type\":\"ReadAction\",\"target\":[\"https:\/\/modoviajeok.com.ar\/index.php\/2025\/05\/21\/sinsacate-la-historica-posta-por-donde-paso-belgrano-y-velaron-los-restos-de-quiroga\/\"]}]},{\"@type\":\"ImageObject\",\"inLanguage\":\"es\",\"@id\":\"https:\/\/modoviajeok.com.ar\/index.php\/2025\/05\/21\/sinsacate-la-historica-posta-por-donde-paso-belgrano-y-velaron-los-restos-de-quiroga\/#primaryimage\",\"url\":\"https:\/\/modoviajeok.com.ar\/wp-content\/uploads\/2025\/05\/DSCN0073_4-scaled.jpg\",\"contentUrl\":\"https:\/\/modoviajeok.com.ar\/wp-content\/uploads\/2025\/05\/DSCN0073_4-scaled.jpg\",\"width\":2560,\"height\":1920},{\"@type\":\"BreadcrumbList\",\"@id\":\"https:\/\/modoviajeok.com.ar\/index.php\/2025\/05\/21\/sinsacate-la-historica-posta-por-donde-paso-belgrano-y-velaron-los-restos-de-quiroga\/#breadcrumb\",\"itemListElement\":[{\"@type\":\"ListItem\",\"position\":1,\"name\":\"Portada\",\"item\":\"https:\/\/modoviajeok.com.ar\/\"},{\"@type\":\"ListItem\",\"position\":2,\"name\":\"Sinsacate: La hist\u00f3rica posta por donde pas\u00f3 Belgrano y velaron los restos de Quiroga\"}]},{\"@type\":\"WebSite\",\"@id\":\"https:\/\/modoviajeok.com.ar\/#website\",\"url\":\"https:\/\/modoviajeok.com.ar\/\",\"name\":\"ModoViajeOK\",\"description\":\"\",\"publisher\":{\"@id\":\"https:\/\/modoviajeok.com.ar\/#organization\"},\"potentialAction\":[{\"@type\":\"SearchAction\",\"target\":{\"@type\":\"EntryPoint\",\"urlTemplate\":\"https:\/\/modoviajeok.com.ar\/?s={search_term_string}\"},\"query-input\":{\"@type\":\"PropertyValueSpecification\",\"valueRequired\":true,\"valueName\":\"search_term_string\"}}],\"inLanguage\":\"es\"},{\"@type\":\"Organization\",\"@id\":\"https:\/\/modoviajeok.com.ar\/#organization\",\"name\":\"ModoViajeOK\",\"url\":\"https:\/\/modoviajeok.com.ar\/\",\"logo\":{\"@type\":\"ImageObject\",\"inLanguage\":\"es\",\"@id\":\"https:\/\/modoviajeok.com.ar\/#\/schema\/logo\/image\/\",\"url\":\"https:\/\/modoviajeok.com.ar\/wp-content\/uploads\/2025\/01\/Logo-modoviajeok.png\",\"contentUrl\":\"https:\/\/modoviajeok.com.ar\/wp-content\/uploads\/2025\/01\/Logo-modoviajeok.png\",\"width\":2938,\"height\":2276,\"caption\":\"ModoViajeOK\"},\"image\":{\"@id\":\"https:\/\/modoviajeok.com.ar\/#\/schema\/logo\/image\/\"},\"sameAs\":[\"https:\/\/www.facebook.com\/mariana.otero1\/\",\"https:\/\/www.instagram.com\/modoviaje.ok\/\"]},{\"@type\":\"Person\",\"@id\":\"https:\/\/modoviajeok.com.ar\/#\/schema\/person\/1187013488537969db5b1320484d24f4\",\"name\":\"Mariana Otero\",\"image\":{\"@type\":\"ImageObject\",\"inLanguage\":\"es\",\"@id\":\"https:\/\/modoviajeok.com.ar\/#\/schema\/person\/image\/\",\"url\":\"https:\/\/secure.gravatar.com\/avatar\/8a91a502a9336849a3500b9090c431bc1418f1d1263d893afeddba065f5add82?s=96&d=mm&r=g\",\"contentUrl\":\"https:\/\/secure.gravatar.com\/avatar\/8a91a502a9336849a3500b9090c431bc1418f1d1263d893afeddba065f5add82?s=96&d=mm&r=g\",\"caption\":\"Mariana Otero\"},\"url\":\"https:\/\/modoviajeok.com.ar\/index.php\/author\/mariana2025\/\"}]}<\/script>\n<!-- \/ Yoast SEO plugin. -->","yoast_head_json":{"title":"Sinsacate: La hist\u00f3rica posta por donde pas\u00f3 Belgrano y velaron los restos de Quiroga -","description":"En el pueblo cordob\u00e9s de Sinsacate , a la vera del Camino Real se conserva la posta que vio pasar a las tropas patriotas, al general Jos\u00e9 de San Mart\u00edn al frente del Ej\u00e9rcito del Norte y a algunos personajes centrales de la historia argentina: los generales Manuel Belgrano, Juan Lavalle y los hermanos Reynaf\u00e9, entre otros.","robots":{"index":"index","follow":"follow","max-snippet":"max-snippet:-1","max-image-preview":"max-image-preview:large","max-video-preview":"max-video-preview:-1"},"canonical":"https:\/\/modoviajeok.com.ar\/index.php\/2025\/05\/21\/sinsacate-la-historica-posta-por-donde-paso-belgrano-y-velaron-los-restos-de-quiroga\/","og_locale":"es_ES","og_type":"article","og_title":"Sinsacate: La hist\u00f3rica posta por donde pas\u00f3 Belgrano y velaron los restos de Quiroga -","og_description":"En el pueblo cordob\u00e9s de Sinsacate , a la vera del Camino Real se conserva la posta que vio pasar a las tropas patriotas, al general Jos\u00e9 de San Mart\u00edn al frente del Ej\u00e9rcito del Norte y a algunos personajes centrales de la historia argentina: los generales Manuel Belgrano, Juan Lavalle y los hermanos Reynaf\u00e9, entre otros.","og_url":"https:\/\/modoviajeok.com.ar\/index.php\/2025\/05\/21\/sinsacate-la-historica-posta-por-donde-paso-belgrano-y-velaron-los-restos-de-quiroga\/","article_publisher":"https:\/\/www.facebook.com\/mariana.otero1\/","article_published_time":"2025-05-21T12:28:46+00:00","article_modified_time":"2025-06-07T14:19:08+00:00","og_image":[{"width":2560,"height":1920,"url":"https:\/\/modoviajeok.com.ar\/wp-content\/uploads\/2025\/05\/DSCN0073_4-scaled.jpg","type":"image\/jpeg"}],"author":"Mariana Otero","twitter_card":"summary_large_image","twitter_misc":{"Escrito por":"Mariana Otero","Tiempo de lectura":"3 minutos"},"schema":{"@context":"https:\/\/schema.org","@graph":[{"@type":"Article","@id":"https:\/\/modoviajeok.com.ar\/index.php\/2025\/05\/21\/sinsacate-la-historica-posta-por-donde-paso-belgrano-y-velaron-los-restos-de-quiroga\/#article","isPartOf":{"@id":"https:\/\/modoviajeok.com.ar\/index.php\/2025\/05\/21\/sinsacate-la-historica-posta-por-donde-paso-belgrano-y-velaron-los-restos-de-quiroga\/"},"author":{"name":"Mariana Otero","@id":"https:\/\/modoviajeok.com.ar\/#\/schema\/person\/1187013488537969db5b1320484d24f4"},"headline":"Sinsacate: La hist\u00f3rica posta por donde pas\u00f3 Belgrano y velaron los restos de Quiroga","datePublished":"2025-05-21T12:28:46+00:00","dateModified":"2025-06-07T14:19:08+00:00","mainEntityOfPage":{"@id":"https:\/\/modoviajeok.com.ar\/index.php\/2025\/05\/21\/sinsacate-la-historica-posta-por-donde-paso-belgrano-y-velaron-los-restos-de-quiroga\/"},"wordCount":366,"commentCount":0,"publisher":{"@id":"https:\/\/modoviajeok.com.ar\/#organization"},"image":{"@id":"https:\/\/modoviajeok.com.ar\/index.php\/2025\/05\/21\/sinsacate-la-historica-posta-por-donde-paso-belgrano-y-velaron-los-restos-de-quiroga\/#primaryimage"},"thumbnailUrl":"https:\/\/modoviajeok.com.ar\/wp-content\/uploads\/2025\/05\/DSCN0073_4-scaled.jpg","keywords":["belgrano","camino real","c\u00f3rdoba","posta de sinsacate","quiroga","sinsacate"],"articleSection":["C\u00f3rdoba","Destacadas","En la prensa","Galer\u00eda"],"inLanguage":"es","potentialAction":[{"@type":"CommentAction","name":"Comment","target":["https:\/\/modoviajeok.com.ar\/index.php\/2025\/05\/21\/sinsacate-la-historica-posta-por-donde-paso-belgrano-y-velaron-los-restos-de-quiroga\/#respond"]}]},{"@type":"WebPage","@id":"https:\/\/modoviajeok.com.ar\/index.php\/2025\/05\/21\/sinsacate-la-historica-posta-por-donde-paso-belgrano-y-velaron-los-restos-de-quiroga\/","url":"https:\/\/modoviajeok.com.ar\/index.php\/2025\/05\/21\/sinsacate-la-historica-posta-por-donde-paso-belgrano-y-velaron-los-restos-de-quiroga\/","name":"Sinsacate: La hist\u00f3rica posta por donde pas\u00f3 Belgrano y velaron los restos de Quiroga -","isPartOf":{"@id":"https:\/\/modoviajeok.com.ar\/#website"},"primaryImageOfPage":{"@id":"https:\/\/modoviajeok.com.ar\/index.php\/2025\/05\/21\/sinsacate-la-historica-posta-por-donde-paso-belgrano-y-velaron-los-restos-de-quiroga\/#primaryimage"},"image":{"@id":"https:\/\/modoviajeok.com.ar\/index.php\/2025\/05\/21\/sinsacate-la-historica-posta-por-donde-paso-belgrano-y-velaron-los-restos-de-quiroga\/#primaryimage"},"thumbnailUrl":"https:\/\/modoviajeok.com.ar\/wp-content\/uploads\/2025\/05\/DSCN0073_4-scaled.jpg","datePublished":"2025-05-21T12:28:46+00:00","dateModified":"2025-06-07T14:19:08+00:00","description":"En el pueblo cordob\u00e9s de Sinsacate , a la vera del Camino Real se conserva la posta que vio pasar a las tropas patriotas, al general Jos\u00e9 de San Mart\u00edn al frente del Ej\u00e9rcito del Norte y a algunos personajes centrales de la historia argentina: los generales Manuel Belgrano, Juan Lavalle y los hermanos Reynaf\u00e9, entre otros.","breadcrumb":{"@id":"https:\/\/modoviajeok.com.ar\/index.php\/2025\/05\/21\/sinsacate-la-historica-posta-por-donde-paso-belgrano-y-velaron-los-restos-de-quiroga\/#breadcrumb"},"inLanguage":"es","potentialAction":[{"@type":"ReadAction","target":["https:\/\/modoviajeok.com.ar\/index.php\/2025\/05\/21\/sinsacate-la-historica-posta-por-donde-paso-belgrano-y-velaron-los-restos-de-quiroga\/"]}]},{"@type":"ImageObject","inLanguage":"es","@id":"https:\/\/modoviajeok.com.ar\/index.php\/2025\/05\/21\/sinsacate-la-historica-posta-por-donde-paso-belgrano-y-velaron-los-restos-de-quiroga\/#primaryimage","url":"https:\/\/modoviajeok.com.ar\/wp-content\/uploads\/2025\/05\/DSCN0073_4-scaled.jpg","contentUrl":"https:\/\/modoviajeok.com.ar\/wp-content\/uploads\/2025\/05\/DSCN0073_4-scaled.jpg","width":2560,"height":1920},{"@type":"BreadcrumbList","@id":"https:\/\/modoviajeok.com.ar\/index.php\/2025\/05\/21\/sinsacate-la-historica-posta-por-donde-paso-belgrano-y-velaron-los-restos-de-quiroga\/#breadcrumb","itemListElement":[{"@type":"ListItem","position":1,"name":"Portada","item":"https:\/\/modoviajeok.com.ar\/"},{"@type":"ListItem","position":2,"name":"Sinsacate: La hist\u00f3rica posta por donde pas\u00f3 Belgrano y velaron los restos de Quiroga"}]},{"@type":"WebSite","@id":"https:\/\/modoviajeok.com.ar\/#website","url":"https:\/\/modoviajeok.com.ar\/","name":"ModoViajeOK","description":"","publisher":{"@id":"https:\/\/modoviajeok.com.ar\/#organization"},"potentialAction":[{"@type":"SearchAction","target":{"@type":"EntryPoint","urlTemplate":"https:\/\/modoviajeok.com.ar\/?s={search_term_string}"},"query-input":{"@type":"PropertyValueSpecification","valueRequired":true,"valueName":"search_term_string"}}],"inLanguage":"es"},{"@type":"Organization","@id":"https:\/\/modoviajeok.com.ar\/#organization","name":"ModoViajeOK","url":"https:\/\/modoviajeok.com.ar\/","logo":{"@type":"ImageObject","inLanguage":"es","@id":"https:\/\/modoviajeok.com.ar\/#\/schema\/logo\/image\/","url":"https:\/\/modoviajeok.com.ar\/wp-content\/uploads\/2025\/01\/Logo-modoviajeok.png","contentUrl":"https:\/\/modoviajeok.com.ar\/wp-content\/uploads\/2025\/01\/Logo-modoviajeok.png","width":2938,"height":2276,"caption":"ModoViajeOK"},"image":{"@id":"https:\/\/modoviajeok.com.ar\/#\/schema\/logo\/image\/"},"sameAs":["https:\/\/www.facebook.com\/mariana.otero1\/","https:\/\/www.instagram.com\/modoviaje.ok\/"]},{"@type":"Person","@id":"https:\/\/modoviajeok.com.ar\/#\/schema\/person\/1187013488537969db5b1320484d24f4","name":"Mariana Otero","image":{"@type":"ImageObject","inLanguage":"es","@id":"https:\/\/modoviajeok.com.ar\/#\/schema\/person\/image\/","url":"https:\/\/secure.gravatar.com\/avatar\/8a91a502a9336849a3500b9090c431bc1418f1d1263d893afeddba065f5add82?s=96&d=mm&r=g","contentUrl":"https:\/\/secure.gravatar.com\/avatar\/8a91a502a9336849a3500b9090c431bc1418f1d1263d893afeddba065f5add82?s=96&d=mm&r=g","caption":"Mariana Otero"},"url":"https:\/\/modoviajeok.com.ar\/index.php\/author\/mariana2025\/"}]}},"_links":{"self":[{"href":"https:\/\/modoviajeok.com.ar\/index.php\/wp-json\/wp\/v2\/posts\/3857","targetHints":{"allow":["GET"]}}],"collection":[{"href":"https:\/\/modoviajeok.com.ar\/index.php\/wp-json\/wp\/v2\/posts"}],"about":[{"href":"https:\/\/modoviajeok.com.ar\/index.php\/wp-json\/wp\/v2\/types\/post"}],"author":[{"embeddable":true,"href":"https:\/\/modoviajeok.com.ar\/index.php\/wp-json\/wp\/v2\/users\/2"}],"replies":[{"embeddable":true,"href":"https:\/\/modoviajeok.com.ar\/index.php\/wp-json\/wp\/v2\/comments?post=3857"}],"version-history":[{"count":2,"href":"https:\/\/modoviajeok.com.ar\/index.php\/wp-json\/wp\/v2\/posts\/3857\/revisions"}],"predecessor-version":[{"id":3863,"href":"https:\/\/modoviajeok.com.ar\/index.php\/wp-json\/wp\/v2\/posts\/3857\/revisions\/3863"}],"wp:featuredmedia":[{"embeddable":true,"href":"https:\/\/modoviajeok.com.ar\/index.php\/wp-json\/wp\/v2\/media\/3860"}],"wp:attachment":[{"href":"https:\/\/modoviajeok.com.ar\/index.php\/wp-json\/wp\/v2\/media?parent=3857"}],"wp:term":[{"taxonomy":"category","embeddable":true,"href":"https:\/\/modoviajeok.com.ar\/index.php\/wp-json\/wp\/v2\/categories?post=3857"},{"taxonomy":"post_tag","embeddable":true,"href":"https:\/\/modoviajeok.com.ar\/index.php\/wp-json\/wp\/v2\/tags?post=3857"}],"curies":[{"name":"wp","href":"https:\/\/api.w.org\/{rel}","templated":true}]}}