{"id":3910,"date":"2025-05-25T09:00:51","date_gmt":"2025-05-25T12:00:51","guid":{"rendered":"https:\/\/modoviajeok.com.ar\/?p=3910"},"modified":"2025-06-08T11:54:11","modified_gmt":"2025-06-08T14:54:11","slug":"el-legado-jesuita-vive-en-la-estancia-de-jesus-maria","status":"publish","type":"post","link":"https:\/\/modoviajeok.com.ar\/index.php\/2025\/05\/25\/el-legado-jesuita-vive-en-la-estancia-de-jesus-maria\/","title":{"rendered":"El legado jesuita vive en la Estancia de Jes\u00fas Mar\u00eda"},"content":{"rendered":"\n<figure class=\"wp-block-pullquote\"><blockquote><p>Lleg\u00f3 a haber 294 esclavos negros y entre 600 y 800 abor\u00edgenes, junto a s\u00f3lo tres sacerdotes que viv\u00edan en el  actual Museo.<\/p><\/blockquote><\/figure>\n\n\n\n<figure class=\"wp-block-image size-full\"><img loading=\"lazy\" decoding=\"async\" width=\"2560\" height=\"1567\" src=\"https:\/\/modoviajeok.com.ar\/wp-content\/uploads\/2025\/05\/20240630_131139-scaled.jpg\" alt=\"\" class=\"wp-image-3933\" srcset=\"https:\/\/modoviajeok.com.ar\/wp-content\/uploads\/2025\/05\/20240630_131139-scaled.jpg 2560w, https:\/\/modoviajeok.com.ar\/wp-content\/uploads\/2025\/05\/20240630_131139-768x470.jpg 768w, https:\/\/modoviajeok.com.ar\/wp-content\/uploads\/2025\/05\/20240630_131139-1536x940.jpg 1536w, https:\/\/modoviajeok.com.ar\/wp-content\/uploads\/2025\/05\/20240630_131139-2048x1254.jpg 2048w, https:\/\/modoviajeok.com.ar\/wp-content\/uploads\/2025\/05\/20240630_131139-686x420.jpg 686w, https:\/\/modoviajeok.com.ar\/wp-content\/uploads\/2025\/05\/20240630_131139-150x92.jpg 150w, https:\/\/modoviajeok.com.ar\/wp-content\/uploads\/2025\/05\/20240630_131139-300x184.jpg 300w, https:\/\/modoviajeok.com.ar\/wp-content\/uploads\/2025\/05\/20240630_131139-696x426.jpg 696w, https:\/\/modoviajeok.com.ar\/wp-content\/uploads\/2025\/05\/20240630_131139-1068x654.jpg 1068w, https:\/\/modoviajeok.com.ar\/wp-content\/uploads\/2025\/05\/20240630_131139-1920x1175.jpg 1920w\" sizes=\"auto, (max-width: 2560px) 100vw, 2560px\" \/><\/figure>\n\n\n\n<p><\/p>\n\n\n\n<p>La estancia jesu\u00edtica de Jes\u00fas Mar\u00eda (1618) se encuentra a 70 kil\u00f3metros de la ciudad de C\u00f3rdoba, cuatro kil\u00f3metros al norte de Caroya y a orillas del Camino Real que un\u00eda el Virreinato del R\u00edo de la Plata con el Alto Per\u00fa.&nbsp;El edificio es bell\u00edsimo y est\u00e1 construido sobre una loma, con una iglesia de fachada sobria y nave \u00fanica abovedada, patio central, galer\u00edas amplias, arcos de medio punto, un reloj solar y una enorme bodega, de 40 metros por 7, que hoy se utiliza para conciertos de m\u00fasica de c\u00e1mara.La producci\u00f3n vitivin\u00edcola era de excelencia; su vino lleg\u00f3 hasta la mesa del rey Felipe V de Espa\u00f1a.&nbsp; Es Museo Nacional desde 1946 y sitio de memoria de la esclavitud desde 2007.&nbsp;<\/p>\n\n\n\n<figure class=\"wp-block-image size-full\"><img loading=\"lazy\" decoding=\"async\" width=\"1464\" height=\"2560\" src=\"https:\/\/modoviajeok.com.ar\/wp-content\/uploads\/2025\/05\/DSCN0127_4-scaled.jpg\" alt=\"\" class=\"wp-image-3914\" srcset=\"https:\/\/modoviajeok.com.ar\/wp-content\/uploads\/2025\/05\/DSCN0127_4-scaled.jpg 1464w, https:\/\/modoviajeok.com.ar\/wp-content\/uploads\/2025\/05\/DSCN0127_4-768x1343.jpg 768w, https:\/\/modoviajeok.com.ar\/wp-content\/uploads\/2025\/05\/DSCN0127_4-878x1536.jpg 878w, https:\/\/modoviajeok.com.ar\/wp-content\/uploads\/2025\/05\/DSCN0127_4-1171x2048.jpg 1171w, https:\/\/modoviajeok.com.ar\/wp-content\/uploads\/2025\/05\/DSCN0127_4-240x420.jpg 240w, https:\/\/modoviajeok.com.ar\/wp-content\/uploads\/2025\/05\/DSCN0127_4-150x262.jpg 150w, https:\/\/modoviajeok.com.ar\/wp-content\/uploads\/2025\/05\/DSCN0127_4-300x525.jpg 300w, https:\/\/modoviajeok.com.ar\/wp-content\/uploads\/2025\/05\/DSCN0127_4-696x1217.jpg 696w, https:\/\/modoviajeok.com.ar\/wp-content\/uploads\/2025\/05\/DSCN0127_4-1068x1868.jpg 1068w\" sizes=\"auto, (max-width: 1464px) 100vw, 1464px\" \/><\/figure>\n\n\n\n<p>Desde la planta superior se aprecia una vista preciosa y hasta se ven los dos carajos en la cumbrera, que eran una especie de bancos a donde mandaban a los esclavos para controlar el Camino Real. Tiene recovecos, pasajes y escaleras secretas, y un horno empotrado en el muro.&nbsp;Se destacan los ba\u00f1os, que funcionaban con un sistema de cloacas a trav\u00e9s de acequias. Algo inusual para la \u00e9poca.<\/p>\n\n\n\n<p>Hoy es un complejo muse\u00edstico fabuloso, especializado en arte religioso, en arqueolog\u00eda y en vida&nbsp;cotidiana de la \u00e9poca colonial. La colecci\u00f3n de arte es realmente impresionante con 16.000 objetos, sin contar documentos, fotograf\u00edas ni libros.&nbsp;La colecci\u00f3n de libros antiguos es muy valiosa al igual que la&nbsp;de grabados de los siglos XVI y XVII. Tambi\u00e9n se exhibe una completa colecci\u00f3n de numism\u00e1tica.&nbsp;<\/p>\n\n\n\n<figure class=\"wp-block-image size-full\"><img loading=\"lazy\" decoding=\"async\" width=\"2560\" height=\"1155\" src=\"https:\/\/modoviajeok.com.ar\/wp-content\/uploads\/2025\/05\/20240630_134009-scaled.jpg\" alt=\"\" class=\"wp-image-3924\" srcset=\"https:\/\/modoviajeok.com.ar\/wp-content\/uploads\/2025\/05\/20240630_134009-scaled.jpg 2560w, https:\/\/modoviajeok.com.ar\/wp-content\/uploads\/2025\/05\/20240630_134009-768x346.jpg 768w, https:\/\/modoviajeok.com.ar\/wp-content\/uploads\/2025\/05\/20240630_134009-1536x693.jpg 1536w, https:\/\/modoviajeok.com.ar\/wp-content\/uploads\/2025\/05\/20240630_134009-2048x924.jpg 2048w, https:\/\/modoviajeok.com.ar\/wp-content\/uploads\/2025\/05\/20240630_134009-931x420.jpg 931w, https:\/\/modoviajeok.com.ar\/wp-content\/uploads\/2025\/05\/20240630_134009-150x68.jpg 150w, https:\/\/modoviajeok.com.ar\/wp-content\/uploads\/2025\/05\/20240630_134009-300x135.jpg 300w, https:\/\/modoviajeok.com.ar\/wp-content\/uploads\/2025\/05\/20240630_134009-696x314.jpg 696w, https:\/\/modoviajeok.com.ar\/wp-content\/uploads\/2025\/05\/20240630_134009-1068x482.jpg 1068w, https:\/\/modoviajeok.com.ar\/wp-content\/uploads\/2025\/05\/20240630_134009-1920x866.jpg 1920w\" sizes=\"auto, (max-width: 2560px) 100vw, 2560px\" \/><\/figure>\n\n\n\n<p>El director del museo Carlos Alfredo Ferreyra cuenta que hay objetos maravillosos en la reserva, desde pecheras de bronce ind\u00edgena hasta pinturas mexicanas del siglo XVII. En una vitrina se puede ver una colecci\u00f3n de platos antiguos, donde se encuentra uno con un mensaje pol\u00edtico: \u201cFederaci\u00f3n o muerte\u201d, el lema que impuso Rosas.<\/p>\n\n\n\n<p>En otra de las salas se encuentra el inventario de la casa en la que figuran los esclavos. Lleg\u00f3 a haber 294 esclavos negros y entre 600 y 800 abor\u00edgenes, junto a s\u00f3lo tres sacerdotes que viv\u00edan en la estancia.<\/p>\n\n\n\n<figure class=\"wp-block-image size-full\"><img loading=\"lazy\" decoding=\"async\" width=\"1178\" height=\"922\" src=\"https:\/\/modoviajeok.com.ar\/wp-content\/uploads\/2025\/05\/IMG-20240630-WA0008.jpg\" alt=\"\" class=\"wp-image-3918\" srcset=\"https:\/\/modoviajeok.com.ar\/wp-content\/uploads\/2025\/05\/IMG-20240630-WA0008.jpg 1178w, https:\/\/modoviajeok.com.ar\/wp-content\/uploads\/2025\/05\/IMG-20240630-WA0008-768x601.jpg 768w, https:\/\/modoviajeok.com.ar\/wp-content\/uploads\/2025\/05\/IMG-20240630-WA0008-537x420.jpg 537w, https:\/\/modoviajeok.com.ar\/wp-content\/uploads\/2025\/05\/IMG-20240630-WA0008-150x117.jpg 150w, https:\/\/modoviajeok.com.ar\/wp-content\/uploads\/2025\/05\/IMG-20240630-WA0008-300x235.jpg 300w, https:\/\/modoviajeok.com.ar\/wp-content\/uploads\/2025\/05\/IMG-20240630-WA0008-696x545.jpg 696w, https:\/\/modoviajeok.com.ar\/wp-content\/uploads\/2025\/05\/IMG-20240630-WA0008-1068x836.jpg 1068w\" sizes=\"auto, (max-width: 1178px) 100vw, 1178px\" \/><\/figure>\n\n\n\n<p><\/p>\n\n\n\n<figure class=\"wp-block-gallery has-nested-images columns-default is-cropped wp-block-gallery-1 is-layout-flex wp-block-gallery-is-layout-flex\">\n<figure class=\"wp-block-image size-large\"><img loading=\"lazy\" decoding=\"async\" width=\"1188\" height=\"2560\" data-id=\"3931\" src=\"https:\/\/modoviajeok.com.ar\/wp-content\/uploads\/2025\/05\/20240630_132146-scaled.jpg\" alt=\"\" class=\"wp-image-3931\" srcset=\"https:\/\/modoviajeok.com.ar\/wp-content\/uploads\/2025\/05\/20240630_132146-scaled.jpg 1188w, https:\/\/modoviajeok.com.ar\/wp-content\/uploads\/2025\/05\/20240630_132146-768x1655.jpg 768w, https:\/\/modoviajeok.com.ar\/wp-content\/uploads\/2025\/05\/20240630_132146-713x1536.jpg 713w, https:\/\/modoviajeok.com.ar\/wp-content\/uploads\/2025\/05\/20240630_132146-950x2048.jpg 950w, https:\/\/modoviajeok.com.ar\/wp-content\/uploads\/2025\/05\/20240630_132146-195x420.jpg 195w, https:\/\/modoviajeok.com.ar\/wp-content\/uploads\/2025\/05\/20240630_132146-150x323.jpg 150w, https:\/\/modoviajeok.com.ar\/wp-content\/uploads\/2025\/05\/20240630_132146-300x646.jpg 300w, https:\/\/modoviajeok.com.ar\/wp-content\/uploads\/2025\/05\/20240630_132146-696x1500.jpg 696w, https:\/\/modoviajeok.com.ar\/wp-content\/uploads\/2025\/05\/20240630_132146-1068x2302.jpg 1068w\" sizes=\"auto, (max-width: 1188px) 100vw, 1188px\" \/><\/figure>\n\n\n\n<figure class=\"wp-block-image size-large\"><img loading=\"lazy\" decoding=\"async\" width=\"1290\" height=\"1472\" data-id=\"3930\" src=\"https:\/\/modoviajeok.com.ar\/wp-content\/uploads\/2025\/05\/20240630_132919.jpg\" alt=\"\" class=\"wp-image-3930\" srcset=\"https:\/\/modoviajeok.com.ar\/wp-content\/uploads\/2025\/05\/20240630_132919.jpg 1290w, https:\/\/modoviajeok.com.ar\/wp-content\/uploads\/2025\/05\/20240630_132919-768x876.jpg 768w, https:\/\/modoviajeok.com.ar\/wp-content\/uploads\/2025\/05\/20240630_132919-368x420.jpg 368w, https:\/\/modoviajeok.com.ar\/wp-content\/uploads\/2025\/05\/20240630_132919-150x171.jpg 150w, https:\/\/modoviajeok.com.ar\/wp-content\/uploads\/2025\/05\/20240630_132919-300x342.jpg 300w, https:\/\/modoviajeok.com.ar\/wp-content\/uploads\/2025\/05\/20240630_132919-696x794.jpg 696w, https:\/\/modoviajeok.com.ar\/wp-content\/uploads\/2025\/05\/20240630_132919-1068x1219.jpg 1068w\" sizes=\"auto, (max-width: 1290px) 100vw, 1290px\" \/><\/figure>\n\n\n\n<figure class=\"wp-block-image size-large\"><img loading=\"lazy\" decoding=\"async\" width=\"2560\" height=\"1155\" data-id=\"3929\" src=\"https:\/\/modoviajeok.com.ar\/wp-content\/uploads\/2025\/05\/20240630_133114-scaled.jpg\" alt=\"\" class=\"wp-image-3929\" srcset=\"https:\/\/modoviajeok.com.ar\/wp-content\/uploads\/2025\/05\/20240630_133114-scaled.jpg 2560w, https:\/\/modoviajeok.com.ar\/wp-content\/uploads\/2025\/05\/20240630_133114-768x346.jpg 768w, https:\/\/modoviajeok.com.ar\/wp-content\/uploads\/2025\/05\/20240630_133114-1536x693.jpg 1536w, https:\/\/modoviajeok.com.ar\/wp-content\/uploads\/2025\/05\/20240630_133114-2048x924.jpg 2048w, https:\/\/modoviajeok.com.ar\/wp-content\/uploads\/2025\/05\/20240630_133114-931x420.jpg 931w, https:\/\/modoviajeok.com.ar\/wp-content\/uploads\/2025\/05\/20240630_133114-150x68.jpg 150w, https:\/\/modoviajeok.com.ar\/wp-content\/uploads\/2025\/05\/20240630_133114-300x135.jpg 300w, https:\/\/modoviajeok.com.ar\/wp-content\/uploads\/2025\/05\/20240630_133114-696x314.jpg 696w, https:\/\/modoviajeok.com.ar\/wp-content\/uploads\/2025\/05\/20240630_133114-1068x482.jpg 1068w, https:\/\/modoviajeok.com.ar\/wp-content\/uploads\/2025\/05\/20240630_133114-1920x866.jpg 1920w\" sizes=\"auto, (max-width: 2560px) 100vw, 2560px\" \/><\/figure>\n\n\n\n<figure class=\"wp-block-image size-large\"><img loading=\"lazy\" decoding=\"async\" width=\"1432\" height=\"2546\" data-id=\"3928\" src=\"https:\/\/modoviajeok.com.ar\/wp-content\/uploads\/2025\/05\/20240630_133238.jpg\" alt=\"\" class=\"wp-image-3928\" srcset=\"https:\/\/modoviajeok.com.ar\/wp-content\/uploads\/2025\/05\/20240630_133238.jpg 1432w, https:\/\/modoviajeok.com.ar\/wp-content\/uploads\/2025\/05\/20240630_133238-768x1365.jpg 768w, https:\/\/modoviajeok.com.ar\/wp-content\/uploads\/2025\/05\/20240630_133238-864x1536.jpg 864w, https:\/\/modoviajeok.com.ar\/wp-content\/uploads\/2025\/05\/20240630_133238-1152x2048.jpg 1152w, https:\/\/modoviajeok.com.ar\/wp-content\/uploads\/2025\/05\/20240630_133238-236x420.jpg 236w, https:\/\/modoviajeok.com.ar\/wp-content\/uploads\/2025\/05\/20240630_133238-150x267.jpg 150w, https:\/\/modoviajeok.com.ar\/wp-content\/uploads\/2025\/05\/20240630_133238-300x533.jpg 300w, https:\/\/modoviajeok.com.ar\/wp-content\/uploads\/2025\/05\/20240630_133238-696x1237.jpg 696w, https:\/\/modoviajeok.com.ar\/wp-content\/uploads\/2025\/05\/20240630_133238-1068x1899.jpg 1068w\" sizes=\"auto, (max-width: 1432px) 100vw, 1432px\" \/><\/figure>\n\n\n\n<figure class=\"wp-block-image size-large\"><img loading=\"lazy\" decoding=\"async\" width=\"1152\" height=\"2560\" data-id=\"3922\" src=\"https:\/\/modoviajeok.com.ar\/wp-content\/uploads\/2025\/05\/20240630_140837-scaled.jpg\" alt=\"\" class=\"wp-image-3922\" srcset=\"https:\/\/modoviajeok.com.ar\/wp-content\/uploads\/2025\/05\/20240630_140837-scaled.jpg 1152w, https:\/\/modoviajeok.com.ar\/wp-content\/uploads\/2025\/05\/20240630_140837-768x1707.jpg 768w, https:\/\/modoviajeok.com.ar\/wp-content\/uploads\/2025\/05\/20240630_140837-691x1536.jpg 691w, https:\/\/modoviajeok.com.ar\/wp-content\/uploads\/2025\/05\/20240630_140837-922x2048.jpg 922w, https:\/\/modoviajeok.com.ar\/wp-content\/uploads\/2025\/05\/20240630_140837-189x420.jpg 189w, https:\/\/modoviajeok.com.ar\/wp-content\/uploads\/2025\/05\/20240630_140837-150x333.jpg 150w, https:\/\/modoviajeok.com.ar\/wp-content\/uploads\/2025\/05\/20240630_140837-300x667.jpg 300w, https:\/\/modoviajeok.com.ar\/wp-content\/uploads\/2025\/05\/20240630_140837-696x1547.jpg 696w, https:\/\/modoviajeok.com.ar\/wp-content\/uploads\/2025\/05\/20240630_140837-1068x2373.jpg 1068w\" sizes=\"auto, (max-width: 1152px) 100vw, 1152px\" \/><\/figure>\n\n\n\n<figure class=\"wp-block-image size-large\"><img loading=\"lazy\" decoding=\"async\" width=\"1152\" height=\"2560\" data-id=\"3921\" src=\"https:\/\/modoviajeok.com.ar\/wp-content\/uploads\/2025\/05\/20240630_141202-scaled.jpg\" alt=\"\" class=\"wp-image-3921\" srcset=\"https:\/\/modoviajeok.com.ar\/wp-content\/uploads\/2025\/05\/20240630_141202-scaled.jpg 1152w, https:\/\/modoviajeok.com.ar\/wp-content\/uploads\/2025\/05\/20240630_141202-768x1707.jpg 768w, https:\/\/modoviajeok.com.ar\/wp-content\/uploads\/2025\/05\/20240630_141202-691x1536.jpg 691w, https:\/\/modoviajeok.com.ar\/wp-content\/uploads\/2025\/05\/20240630_141202-922x2048.jpg 922w, https:\/\/modoviajeok.com.ar\/wp-content\/uploads\/2025\/05\/20240630_141202-189x420.jpg 189w, https:\/\/modoviajeok.com.ar\/wp-content\/uploads\/2025\/05\/20240630_141202-150x333.jpg 150w, https:\/\/modoviajeok.com.ar\/wp-content\/uploads\/2025\/05\/20240630_141202-300x667.jpg 300w, https:\/\/modoviajeok.com.ar\/wp-content\/uploads\/2025\/05\/20240630_141202-696x1547.jpg 696w, https:\/\/modoviajeok.com.ar\/wp-content\/uploads\/2025\/05\/20240630_141202-1068x2373.jpg 1068w\" sizes=\"auto, (max-width: 1152px) 100vw, 1152px\" \/><\/figure>\n\n\n\n<figure class=\"wp-block-image size-large\"><img loading=\"lazy\" decoding=\"async\" width=\"1488\" height=\"2560\" data-id=\"3920\" src=\"https:\/\/modoviajeok.com.ar\/wp-content\/uploads\/2025\/05\/20240630_141402-scaled.jpg\" alt=\"\" class=\"wp-image-3920\" srcset=\"https:\/\/modoviajeok.com.ar\/wp-content\/uploads\/2025\/05\/20240630_141402-scaled.jpg 1488w, https:\/\/modoviajeok.com.ar\/wp-content\/uploads\/2025\/05\/20240630_141402-768x1321.jpg 768w, https:\/\/modoviajeok.com.ar\/wp-content\/uploads\/2025\/05\/20240630_141402-893x1536.jpg 893w, https:\/\/modoviajeok.com.ar\/wp-content\/uploads\/2025\/05\/20240630_141402-1191x2048.jpg 1191w, https:\/\/modoviajeok.com.ar\/wp-content\/uploads\/2025\/05\/20240630_141402-244x420.jpg 244w, https:\/\/modoviajeok.com.ar\/wp-content\/uploads\/2025\/05\/20240630_141402-150x258.jpg 150w, https:\/\/modoviajeok.com.ar\/wp-content\/uploads\/2025\/05\/20240630_141402-300x516.jpg 300w, https:\/\/modoviajeok.com.ar\/wp-content\/uploads\/2025\/05\/20240630_141402-696x1197.jpg 696w, https:\/\/modoviajeok.com.ar\/wp-content\/uploads\/2025\/05\/20240630_141402-1068x1837.jpg 1068w\" sizes=\"auto, (max-width: 1488px) 100vw, 1488px\" \/><\/figure>\n\n\n\n<figure class=\"wp-block-image size-large\"><img loading=\"lazy\" decoding=\"async\" width=\"1920\" height=\"2560\" data-id=\"3917\" src=\"https:\/\/modoviajeok.com.ar\/wp-content\/uploads\/2025\/05\/DSCN0096_3-scaled.jpg\" alt=\"\" class=\"wp-image-3917\" srcset=\"https:\/\/modoviajeok.com.ar\/wp-content\/uploads\/2025\/05\/DSCN0096_3-scaled.jpg 1920w, https:\/\/modoviajeok.com.ar\/wp-content\/uploads\/2025\/05\/DSCN0096_3-768x1024.jpg 768w, https:\/\/modoviajeok.com.ar\/wp-content\/uploads\/2025\/05\/DSCN0096_3-1152x1536.jpg 1152w, https:\/\/modoviajeok.com.ar\/wp-content\/uploads\/2025\/05\/DSCN0096_3-1536x2048.jpg 1536w, https:\/\/modoviajeok.com.ar\/wp-content\/uploads\/2025\/05\/DSCN0096_3-315x420.jpg 315w, https:\/\/modoviajeok.com.ar\/wp-content\/uploads\/2025\/05\/DSCN0096_3-150x200.jpg 150w, https:\/\/modoviajeok.com.ar\/wp-content\/uploads\/2025\/05\/DSCN0096_3-300x400.jpg 300w, https:\/\/modoviajeok.com.ar\/wp-content\/uploads\/2025\/05\/DSCN0096_3-696x928.jpg 696w, https:\/\/modoviajeok.com.ar\/wp-content\/uploads\/2025\/05\/DSCN0096_3-1068x1424.jpg 1068w\" sizes=\"auto, (max-width: 1920px) 100vw, 1920px\" \/><\/figure>\n\n\n\n<figure class=\"wp-block-image size-large\"><img loading=\"lazy\" decoding=\"async\" width=\"2560\" height=\"1920\" data-id=\"3916\" src=\"https:\/\/modoviajeok.com.ar\/wp-content\/uploads\/2025\/05\/DSCN0094_2-scaled.jpg\" alt=\"\" class=\"wp-image-3916\" srcset=\"https:\/\/modoviajeok.com.ar\/wp-content\/uploads\/2025\/05\/DSCN0094_2-scaled.jpg 2560w, https:\/\/modoviajeok.com.ar\/wp-content\/uploads\/2025\/05\/DSCN0094_2-768x576.jpg 768w, https:\/\/modoviajeok.com.ar\/wp-content\/uploads\/2025\/05\/DSCN0094_2-1536x1152.jpg 1536w, https:\/\/modoviajeok.com.ar\/wp-content\/uploads\/2025\/05\/DSCN0094_2-2048x1536.jpg 2048w, https:\/\/modoviajeok.com.ar\/wp-content\/uploads\/2025\/05\/DSCN0094_2-560x420.jpg 560w, https:\/\/modoviajeok.com.ar\/wp-content\/uploads\/2025\/05\/DSCN0094_2-80x60.jpg 80w, https:\/\/modoviajeok.com.ar\/wp-content\/uploads\/2025\/05\/DSCN0094_2-150x113.jpg 150w, https:\/\/modoviajeok.com.ar\/wp-content\/uploads\/2025\/05\/DSCN0094_2-300x225.jpg 300w, https:\/\/modoviajeok.com.ar\/wp-content\/uploads\/2025\/05\/DSCN0094_2-696x522.jpg 696w, https:\/\/modoviajeok.com.ar\/wp-content\/uploads\/2025\/05\/DSCN0094_2-1068x801.jpg 1068w, https:\/\/modoviajeok.com.ar\/wp-content\/uploads\/2025\/05\/DSCN0094_2-1920x1440.jpg 1920w, https:\/\/modoviajeok.com.ar\/wp-content\/uploads\/2025\/05\/DSCN0094_2-265x198.jpg 265w\" sizes=\"auto, (max-width: 2560px) 100vw, 2560px\" \/><\/figure>\n\n\n\n<figure class=\"wp-block-image size-large\"><img loading=\"lazy\" decoding=\"async\" width=\"1479\" height=\"2560\" data-id=\"3913\" src=\"https:\/\/modoviajeok.com.ar\/wp-content\/uploads\/2025\/05\/DSCN0128_4-scaled.jpg\" alt=\"\" class=\"wp-image-3913\" srcset=\"https:\/\/modoviajeok.com.ar\/wp-content\/uploads\/2025\/05\/DSCN0128_4-scaled.jpg 1479w, https:\/\/modoviajeok.com.ar\/wp-content\/uploads\/2025\/05\/DSCN0128_4-768x1329.jpg 768w, https:\/\/modoviajeok.com.ar\/wp-content\/uploads\/2025\/05\/DSCN0128_4-888x1536.jpg 888w, https:\/\/modoviajeok.com.ar\/wp-content\/uploads\/2025\/05\/DSCN0128_4-1183x2048.jpg 1183w, https:\/\/modoviajeok.com.ar\/wp-content\/uploads\/2025\/05\/DSCN0128_4-243x420.jpg 243w, https:\/\/modoviajeok.com.ar\/wp-content\/uploads\/2025\/05\/DSCN0128_4-150x260.jpg 150w, https:\/\/modoviajeok.com.ar\/wp-content\/uploads\/2025\/05\/DSCN0128_4-300x519.jpg 300w, https:\/\/modoviajeok.com.ar\/wp-content\/uploads\/2025\/05\/DSCN0128_4-696x1205.jpg 696w, https:\/\/modoviajeok.com.ar\/wp-content\/uploads\/2025\/05\/DSCN0128_4-1068x1848.jpg 1068w\" sizes=\"auto, (max-width: 1479px) 100vw, 1479px\" \/><\/figure>\n\n\n\n<figure class=\"wp-block-image size-large\"><img loading=\"lazy\" decoding=\"async\" width=\"1492\" height=\"2425\" data-id=\"3911\" src=\"https:\/\/modoviajeok.com.ar\/wp-content\/uploads\/2025\/05\/DSCN0134_3.jpg\" alt=\"\" class=\"wp-image-3911\" srcset=\"https:\/\/modoviajeok.com.ar\/wp-content\/uploads\/2025\/05\/DSCN0134_3.jpg 1492w, https:\/\/modoviajeok.com.ar\/wp-content\/uploads\/2025\/05\/DSCN0134_3-768x1248.jpg 768w, https:\/\/modoviajeok.com.ar\/wp-content\/uploads\/2025\/05\/DSCN0134_3-945x1536.jpg 945w, https:\/\/modoviajeok.com.ar\/wp-content\/uploads\/2025\/05\/DSCN0134_3-1260x2048.jpg 1260w, https:\/\/modoviajeok.com.ar\/wp-content\/uploads\/2025\/05\/DSCN0134_3-258x420.jpg 258w, https:\/\/modoviajeok.com.ar\/wp-content\/uploads\/2025\/05\/DSCN0134_3-150x244.jpg 150w, https:\/\/modoviajeok.com.ar\/wp-content\/uploads\/2025\/05\/DSCN0134_3-300x488.jpg 300w, https:\/\/modoviajeok.com.ar\/wp-content\/uploads\/2025\/05\/DSCN0134_3-696x1131.jpg 696w, https:\/\/modoviajeok.com.ar\/wp-content\/uploads\/2025\/05\/DSCN0134_3-1068x1736.jpg 1068w\" sizes=\"auto, (max-width: 1492px) 100vw, 1492px\" \/><\/figure>\n<\/figure>\n","protected":false},"excerpt":{"rendered":"<p>Lleg\u00f3 a haber 294 esclavos negros y entre 600 y 800 abor\u00edgenes, junto a s\u00f3lo tres sacerdotes que viv\u00edan en el actual Museo. La estancia jesu\u00edtica de Jes\u00fas Mar\u00eda (1618) se encuentra a 70 kil\u00f3metros de la ciudad de C\u00f3rdoba, cuatro kil\u00f3metros al norte de Caroya y a orillas del Camino Real que un\u00eda el [&hellip;]<\/p>\n","protected":false},"author":3,"featured_media":3912,"comment_status":"open","ping_status":"open","sticky":false,"template":"","format":"standard","meta":{"_acf_changed":false,"footnotes":""},"categories":[13,11,2,17],"tags":[944,789,943],"class_list":{"0":"post-3910","1":"post","2":"type-post","3":"status-publish","4":"format-standard","5":"has-post-thumbnail","7":"category-argentina","8":"category-cordoba","9":"category-destacadas","10":"category-galeria","11":"tag-carlos-alfredo-ferreyra","12":"tag-jesuitas","13":"tag-jesus-maria"},"acf":[],"yoast_head":"<!-- This site is optimized with the Yoast SEO plugin v24.8.1 - https:\/\/yoast.com\/wordpress\/plugins\/seo\/ -->\n<title>El legado jesuita vive en la Estancia de Jes\u00fas Mar\u00eda -<\/title>\n<meta name=\"description\" content=\"Es Museo Nacional desde 1946 y sitio de memoria de la esclavitud desde 2007.\u00a0\" \/>\n<meta name=\"robots\" content=\"index, follow, max-snippet:-1, max-image-preview:large, max-video-preview:-1\" \/>\n<link rel=\"canonical\" href=\"https:\/\/modoviajeok.com.ar\/index.php\/2025\/05\/25\/el-legado-jesuita-vive-en-la-estancia-de-jesus-maria\/\" \/>\n<meta property=\"og:locale\" content=\"es_ES\" \/>\n<meta property=\"og:type\" content=\"article\" \/>\n<meta property=\"og:title\" content=\"El legado jesuita vive en la Estancia de Jes\u00fas Mar\u00eda -\" \/>\n<meta property=\"og:description\" content=\"Es Museo Nacional desde 1946 y sitio de memoria de la esclavitud desde 2007.\u00a0\" \/>\n<meta property=\"og:url\" content=\"https:\/\/modoviajeok.com.ar\/index.php\/2025\/05\/25\/el-legado-jesuita-vive-en-la-estancia-de-jesus-maria\/\" \/>\n<meta property=\"article:publisher\" content=\"https:\/\/www.facebook.com\/mariana.otero1\/\" \/>\n<meta property=\"article:published_time\" content=\"2025-05-25T12:00:51+00:00\" \/>\n<meta property=\"article:modified_time\" content=\"2025-06-08T14:54:11+00:00\" \/>\n<meta property=\"og:image\" content=\"https:\/\/modoviajeok.com.ar\/wp-content\/uploads\/2025\/05\/DSCN0132_4.jpg\" \/>\n\t<meta property=\"og:image:width\" content=\"2448\" \/>\n\t<meta property=\"og:image:height\" content=\"2366\" \/>\n\t<meta property=\"og:image:type\" content=\"image\/jpeg\" \/>\n<meta name=\"author\" content=\"Pepe Segura\" \/>\n<meta name=\"twitter:card\" content=\"summary_large_image\" \/>\n<meta name=\"twitter:label1\" content=\"Escrito por\" \/>\n\t<meta name=\"twitter:data1\" content=\"Pepe Segura\" \/>\n\t<meta name=\"twitter:label2\" content=\"Tiempo de lectura\" \/>\n\t<meta name=\"twitter:data2\" content=\"5 minutos\" \/>\n<script type=\"application\/ld+json\" class=\"yoast-schema-graph\">{\"@context\":\"https:\/\/schema.org\",\"@graph\":[{\"@type\":\"Article\",\"@id\":\"https:\/\/modoviajeok.com.ar\/index.php\/2025\/05\/25\/el-legado-jesuita-vive-en-la-estancia-de-jesus-maria\/#article\",\"isPartOf\":{\"@id\":\"https:\/\/modoviajeok.com.ar\/index.php\/2025\/05\/25\/el-legado-jesuita-vive-en-la-estancia-de-jesus-maria\/\"},\"author\":{\"name\":\"Pepe Segura\",\"@id\":\"https:\/\/modoviajeok.com.ar\/#\/schema\/person\/2e299ed0d3d412a01d244fe28260d7f5\"},\"headline\":\"El legado jesuita vive en la Estancia de Jes\u00fas Mar\u00eda\",\"datePublished\":\"2025-05-25T12:00:51+00:00\",\"dateModified\":\"2025-06-08T14:54:11+00:00\",\"mainEntityOfPage\":{\"@id\":\"https:\/\/modoviajeok.com.ar\/index.php\/2025\/05\/25\/el-legado-jesuita-vive-en-la-estancia-de-jesus-maria\/\"},\"wordCount\":415,\"commentCount\":0,\"publisher\":{\"@id\":\"https:\/\/modoviajeok.com.ar\/#organization\"},\"image\":{\"@id\":\"https:\/\/modoviajeok.com.ar\/index.php\/2025\/05\/25\/el-legado-jesuita-vive-en-la-estancia-de-jesus-maria\/#primaryimage\"},\"thumbnailUrl\":\"https:\/\/modoviajeok.com.ar\/wp-content\/uploads\/2025\/05\/DSCN0132_4.jpg\",\"keywords\":[\"carlos alfredo ferreyra\",\"jesuitas\",\"jesus maria\"],\"articleSection\":[\"Argentina\",\"C\u00f3rdoba\",\"Destacadas\",\"Galer\u00eda\"],\"inLanguage\":\"es\",\"potentialAction\":[{\"@type\":\"CommentAction\",\"name\":\"Comment\",\"target\":[\"https:\/\/modoviajeok.com.ar\/index.php\/2025\/05\/25\/el-legado-jesuita-vive-en-la-estancia-de-jesus-maria\/#respond\"]}]},{\"@type\":\"WebPage\",\"@id\":\"https:\/\/modoviajeok.com.ar\/index.php\/2025\/05\/25\/el-legado-jesuita-vive-en-la-estancia-de-jesus-maria\/\",\"url\":\"https:\/\/modoviajeok.com.ar\/index.php\/2025\/05\/25\/el-legado-jesuita-vive-en-la-estancia-de-jesus-maria\/\",\"name\":\"El legado jesuita vive en la Estancia de Jes\u00fas Mar\u00eda -\",\"isPartOf\":{\"@id\":\"https:\/\/modoviajeok.com.ar\/#website\"},\"primaryImageOfPage\":{\"@id\":\"https:\/\/modoviajeok.com.ar\/index.php\/2025\/05\/25\/el-legado-jesuita-vive-en-la-estancia-de-jesus-maria\/#primaryimage\"},\"image\":{\"@id\":\"https:\/\/modoviajeok.com.ar\/index.php\/2025\/05\/25\/el-legado-jesuita-vive-en-la-estancia-de-jesus-maria\/#primaryimage\"},\"thumbnailUrl\":\"https:\/\/modoviajeok.com.ar\/wp-content\/uploads\/2025\/05\/DSCN0132_4.jpg\",\"datePublished\":\"2025-05-25T12:00:51+00:00\",\"dateModified\":\"2025-06-08T14:54:11+00:00\",\"description\":\"Es Museo Nacional desde 1946 y sitio de memoria de la esclavitud desde 2007.\u00a0\",\"breadcrumb\":{\"@id\":\"https:\/\/modoviajeok.com.ar\/index.php\/2025\/05\/25\/el-legado-jesuita-vive-en-la-estancia-de-jesus-maria\/#breadcrumb\"},\"inLanguage\":\"es\",\"potentialAction\":[{\"@type\":\"ReadAction\",\"target\":[\"https:\/\/modoviajeok.com.ar\/index.php\/2025\/05\/25\/el-legado-jesuita-vive-en-la-estancia-de-jesus-maria\/\"]}]},{\"@type\":\"ImageObject\",\"inLanguage\":\"es\",\"@id\":\"https:\/\/modoviajeok.com.ar\/index.php\/2025\/05\/25\/el-legado-jesuita-vive-en-la-estancia-de-jesus-maria\/#primaryimage\",\"url\":\"https:\/\/modoviajeok.com.ar\/wp-content\/uploads\/2025\/05\/DSCN0132_4.jpg\",\"contentUrl\":\"https:\/\/modoviajeok.com.ar\/wp-content\/uploads\/2025\/05\/DSCN0132_4.jpg\",\"width\":2448,\"height\":2366},{\"@type\":\"BreadcrumbList\",\"@id\":\"https:\/\/modoviajeok.com.ar\/index.php\/2025\/05\/25\/el-legado-jesuita-vive-en-la-estancia-de-jesus-maria\/#breadcrumb\",\"itemListElement\":[{\"@type\":\"ListItem\",\"position\":1,\"name\":\"Portada\",\"item\":\"https:\/\/modoviajeok.com.ar\/\"},{\"@type\":\"ListItem\",\"position\":2,\"name\":\"El legado jesuita vive en la Estancia de Jes\u00fas Mar\u00eda\"}]},{\"@type\":\"WebSite\",\"@id\":\"https:\/\/modoviajeok.com.ar\/#website\",\"url\":\"https:\/\/modoviajeok.com.ar\/\",\"name\":\"ModoViajeOK\",\"description\":\"\",\"publisher\":{\"@id\":\"https:\/\/modoviajeok.com.ar\/#organization\"},\"potentialAction\":[{\"@type\":\"SearchAction\",\"target\":{\"@type\":\"EntryPoint\",\"urlTemplate\":\"https:\/\/modoviajeok.com.ar\/?s={search_term_string}\"},\"query-input\":{\"@type\":\"PropertyValueSpecification\",\"valueRequired\":true,\"valueName\":\"search_term_string\"}}],\"inLanguage\":\"es\"},{\"@type\":\"Organization\",\"@id\":\"https:\/\/modoviajeok.com.ar\/#organization\",\"name\":\"ModoViajeOK\",\"url\":\"https:\/\/modoviajeok.com.ar\/\",\"logo\":{\"@type\":\"ImageObject\",\"inLanguage\":\"es\",\"@id\":\"https:\/\/modoviajeok.com.ar\/#\/schema\/logo\/image\/\",\"url\":\"https:\/\/modoviajeok.com.ar\/wp-content\/uploads\/2025\/01\/Logo-modoviajeok.png\",\"contentUrl\":\"https:\/\/modoviajeok.com.ar\/wp-content\/uploads\/2025\/01\/Logo-modoviajeok.png\",\"width\":2938,\"height\":2276,\"caption\":\"ModoViajeOK\"},\"image\":{\"@id\":\"https:\/\/modoviajeok.com.ar\/#\/schema\/logo\/image\/\"},\"sameAs\":[\"https:\/\/www.facebook.com\/mariana.otero1\/\",\"https:\/\/www.instagram.com\/modoviaje.ok\/\"]},{\"@type\":\"Person\",\"@id\":\"https:\/\/modoviajeok.com.ar\/#\/schema\/person\/2e299ed0d3d412a01d244fe28260d7f5\",\"name\":\"Pepe Segura\",\"image\":{\"@type\":\"ImageObject\",\"inLanguage\":\"es\",\"@id\":\"https:\/\/modoviajeok.com.ar\/#\/schema\/person\/image\/\",\"url\":\"https:\/\/secure.gravatar.com\/avatar\/65eb4b34deed761327f5b2c5535b987318ae807900ac46426de7258f5de6d345?s=96&d=mm&r=g\",\"contentUrl\":\"https:\/\/secure.gravatar.com\/avatar\/65eb4b34deed761327f5b2c5535b987318ae807900ac46426de7258f5de6d345?s=96&d=mm&r=g\",\"caption\":\"Pepe Segura\"},\"url\":\"https:\/\/modoviajeok.com.ar\/index.php\/author\/pepe2025\/\"}]}<\/script>\n<!-- \/ Yoast SEO plugin. -->","yoast_head_json":{"title":"El legado jesuita vive en la Estancia de Jes\u00fas Mar\u00eda -","description":"Es Museo Nacional desde 1946 y sitio de memoria de la esclavitud desde 2007.\u00a0","robots":{"index":"index","follow":"follow","max-snippet":"max-snippet:-1","max-image-preview":"max-image-preview:large","max-video-preview":"max-video-preview:-1"},"canonical":"https:\/\/modoviajeok.com.ar\/index.php\/2025\/05\/25\/el-legado-jesuita-vive-en-la-estancia-de-jesus-maria\/","og_locale":"es_ES","og_type":"article","og_title":"El legado jesuita vive en la Estancia de Jes\u00fas Mar\u00eda -","og_description":"Es Museo Nacional desde 1946 y sitio de memoria de la esclavitud desde 2007.\u00a0","og_url":"https:\/\/modoviajeok.com.ar\/index.php\/2025\/05\/25\/el-legado-jesuita-vive-en-la-estancia-de-jesus-maria\/","article_publisher":"https:\/\/www.facebook.com\/mariana.otero1\/","article_published_time":"2025-05-25T12:00:51+00:00","article_modified_time":"2025-06-08T14:54:11+00:00","og_image":[{"width":2448,"height":2366,"url":"https:\/\/modoviajeok.com.ar\/wp-content\/uploads\/2025\/05\/DSCN0132_4.jpg","type":"image\/jpeg"}],"author":"Pepe Segura","twitter_card":"summary_large_image","twitter_misc":{"Escrito por":"Pepe Segura","Tiempo de lectura":"5 minutos"},"schema":{"@context":"https:\/\/schema.org","@graph":[{"@type":"Article","@id":"https:\/\/modoviajeok.com.ar\/index.php\/2025\/05\/25\/el-legado-jesuita-vive-en-la-estancia-de-jesus-maria\/#article","isPartOf":{"@id":"https:\/\/modoviajeok.com.ar\/index.php\/2025\/05\/25\/el-legado-jesuita-vive-en-la-estancia-de-jesus-maria\/"},"author":{"name":"Pepe Segura","@id":"https:\/\/modoviajeok.com.ar\/#\/schema\/person\/2e299ed0d3d412a01d244fe28260d7f5"},"headline":"El legado jesuita vive en la Estancia de Jes\u00fas Mar\u00eda","datePublished":"2025-05-25T12:00:51+00:00","dateModified":"2025-06-08T14:54:11+00:00","mainEntityOfPage":{"@id":"https:\/\/modoviajeok.com.ar\/index.php\/2025\/05\/25\/el-legado-jesuita-vive-en-la-estancia-de-jesus-maria\/"},"wordCount":415,"commentCount":0,"publisher":{"@id":"https:\/\/modoviajeok.com.ar\/#organization"},"image":{"@id":"https:\/\/modoviajeok.com.ar\/index.php\/2025\/05\/25\/el-legado-jesuita-vive-en-la-estancia-de-jesus-maria\/#primaryimage"},"thumbnailUrl":"https:\/\/modoviajeok.com.ar\/wp-content\/uploads\/2025\/05\/DSCN0132_4.jpg","keywords":["carlos alfredo ferreyra","jesuitas","jesus maria"],"articleSection":["Argentina","C\u00f3rdoba","Destacadas","Galer\u00eda"],"inLanguage":"es","potentialAction":[{"@type":"CommentAction","name":"Comment","target":["https:\/\/modoviajeok.com.ar\/index.php\/2025\/05\/25\/el-legado-jesuita-vive-en-la-estancia-de-jesus-maria\/#respond"]}]},{"@type":"WebPage","@id":"https:\/\/modoviajeok.com.ar\/index.php\/2025\/05\/25\/el-legado-jesuita-vive-en-la-estancia-de-jesus-maria\/","url":"https:\/\/modoviajeok.com.ar\/index.php\/2025\/05\/25\/el-legado-jesuita-vive-en-la-estancia-de-jesus-maria\/","name":"El legado jesuita vive en la Estancia de Jes\u00fas Mar\u00eda -","isPartOf":{"@id":"https:\/\/modoviajeok.com.ar\/#website"},"primaryImageOfPage":{"@id":"https:\/\/modoviajeok.com.ar\/index.php\/2025\/05\/25\/el-legado-jesuita-vive-en-la-estancia-de-jesus-maria\/#primaryimage"},"image":{"@id":"https:\/\/modoviajeok.com.ar\/index.php\/2025\/05\/25\/el-legado-jesuita-vive-en-la-estancia-de-jesus-maria\/#primaryimage"},"thumbnailUrl":"https:\/\/modoviajeok.com.ar\/wp-content\/uploads\/2025\/05\/DSCN0132_4.jpg","datePublished":"2025-05-25T12:00:51+00:00","dateModified":"2025-06-08T14:54:11+00:00","description":"Es Museo Nacional desde 1946 y sitio de memoria de la esclavitud desde 2007.\u00a0","breadcrumb":{"@id":"https:\/\/modoviajeok.com.ar\/index.php\/2025\/05\/25\/el-legado-jesuita-vive-en-la-estancia-de-jesus-maria\/#breadcrumb"},"inLanguage":"es","potentialAction":[{"@type":"ReadAction","target":["https:\/\/modoviajeok.com.ar\/index.php\/2025\/05\/25\/el-legado-jesuita-vive-en-la-estancia-de-jesus-maria\/"]}]},{"@type":"ImageObject","inLanguage":"es","@id":"https:\/\/modoviajeok.com.ar\/index.php\/2025\/05\/25\/el-legado-jesuita-vive-en-la-estancia-de-jesus-maria\/#primaryimage","url":"https:\/\/modoviajeok.com.ar\/wp-content\/uploads\/2025\/05\/DSCN0132_4.jpg","contentUrl":"https:\/\/modoviajeok.com.ar\/wp-content\/uploads\/2025\/05\/DSCN0132_4.jpg","width":2448,"height":2366},{"@type":"BreadcrumbList","@id":"https:\/\/modoviajeok.com.ar\/index.php\/2025\/05\/25\/el-legado-jesuita-vive-en-la-estancia-de-jesus-maria\/#breadcrumb","itemListElement":[{"@type":"ListItem","position":1,"name":"Portada","item":"https:\/\/modoviajeok.com.ar\/"},{"@type":"ListItem","position":2,"name":"El legado jesuita vive en la Estancia de Jes\u00fas Mar\u00eda"}]},{"@type":"WebSite","@id":"https:\/\/modoviajeok.com.ar\/#website","url":"https:\/\/modoviajeok.com.ar\/","name":"ModoViajeOK","description":"","publisher":{"@id":"https:\/\/modoviajeok.com.ar\/#organization"},"potentialAction":[{"@type":"SearchAction","target":{"@type":"EntryPoint","urlTemplate":"https:\/\/modoviajeok.com.ar\/?s={search_term_string}"},"query-input":{"@type":"PropertyValueSpecification","valueRequired":true,"valueName":"search_term_string"}}],"inLanguage":"es"},{"@type":"Organization","@id":"https:\/\/modoviajeok.com.ar\/#organization","name":"ModoViajeOK","url":"https:\/\/modoviajeok.com.ar\/","logo":{"@type":"ImageObject","inLanguage":"es","@id":"https:\/\/modoviajeok.com.ar\/#\/schema\/logo\/image\/","url":"https:\/\/modoviajeok.com.ar\/wp-content\/uploads\/2025\/01\/Logo-modoviajeok.png","contentUrl":"https:\/\/modoviajeok.com.ar\/wp-content\/uploads\/2025\/01\/Logo-modoviajeok.png","width":2938,"height":2276,"caption":"ModoViajeOK"},"image":{"@id":"https:\/\/modoviajeok.com.ar\/#\/schema\/logo\/image\/"},"sameAs":["https:\/\/www.facebook.com\/mariana.otero1\/","https:\/\/www.instagram.com\/modoviaje.ok\/"]},{"@type":"Person","@id":"https:\/\/modoviajeok.com.ar\/#\/schema\/person\/2e299ed0d3d412a01d244fe28260d7f5","name":"Pepe Segura","image":{"@type":"ImageObject","inLanguage":"es","@id":"https:\/\/modoviajeok.com.ar\/#\/schema\/person\/image\/","url":"https:\/\/secure.gravatar.com\/avatar\/65eb4b34deed761327f5b2c5535b987318ae807900ac46426de7258f5de6d345?s=96&d=mm&r=g","contentUrl":"https:\/\/secure.gravatar.com\/avatar\/65eb4b34deed761327f5b2c5535b987318ae807900ac46426de7258f5de6d345?s=96&d=mm&r=g","caption":"Pepe Segura"},"url":"https:\/\/modoviajeok.com.ar\/index.php\/author\/pepe2025\/"}]}},"_links":{"self":[{"href":"https:\/\/modoviajeok.com.ar\/index.php\/wp-json\/wp\/v2\/posts\/3910","targetHints":{"allow":["GET"]}}],"collection":[{"href":"https:\/\/modoviajeok.com.ar\/index.php\/wp-json\/wp\/v2\/posts"}],"about":[{"href":"https:\/\/modoviajeok.com.ar\/index.php\/wp-json\/wp\/v2\/types\/post"}],"author":[{"embeddable":true,"href":"https:\/\/modoviajeok.com.ar\/index.php\/wp-json\/wp\/v2\/users\/3"}],"replies":[{"embeddable":true,"href":"https:\/\/modoviajeok.com.ar\/index.php\/wp-json\/wp\/v2\/comments?post=3910"}],"version-history":[{"count":2,"href":"https:\/\/modoviajeok.com.ar\/index.php\/wp-json\/wp\/v2\/posts\/3910\/revisions"}],"predecessor-version":[{"id":4011,"href":"https:\/\/modoviajeok.com.ar\/index.php\/wp-json\/wp\/v2\/posts\/3910\/revisions\/4011"}],"wp:featuredmedia":[{"embeddable":true,"href":"https:\/\/modoviajeok.com.ar\/index.php\/wp-json\/wp\/v2\/media\/3912"}],"wp:attachment":[{"href":"https:\/\/modoviajeok.com.ar\/index.php\/wp-json\/wp\/v2\/media?parent=3910"}],"wp:term":[{"taxonomy":"category","embeddable":true,"href":"https:\/\/modoviajeok.com.ar\/index.php\/wp-json\/wp\/v2\/categories?post=3910"},{"taxonomy":"post_tag","embeddable":true,"href":"https:\/\/modoviajeok.com.ar\/index.php\/wp-json\/wp\/v2\/tags?post=3910"}],"curies":[{"name":"wp","href":"https:\/\/api.w.org\/{rel}","templated":true}]}}