{"id":3950,"date":"2025-05-27T13:06:21","date_gmt":"2025-05-27T16:06:21","guid":{"rendered":"https:\/\/modoviajeok.com.ar\/?p=3950"},"modified":"2025-06-03T16:19:18","modified_gmt":"2025-06-03T19:19:18","slug":"rosario-de-la-frontera-el-hotel-termal-mas-antiguo-de-sudamerica-cumple-145-anos","status":"publish","type":"post","link":"https:\/\/modoviajeok.com.ar\/index.php\/2025\/05\/27\/rosario-de-la-frontera-el-hotel-termal-mas-antiguo-de-sudamerica-cumple-145-anos\/","title":{"rendered":"Rosario de la Frontera: El hotel termal m\u00e1s antiguo de Sudam\u00e9rica cumple 145 a\u00f1os"},"content":{"rendered":"\n<figure class=\"wp-block-pullquote\"><blockquote><p>Num<em>erosos presidentes argentinos y figuras de renombre nacional visitaron estas aguas curativas. Hoy, el antiguo hotel de la provincia de Salta mantiene el esp\u00edritu de anta\u00f1o con buenos servicios.<\/em><\/p><\/blockquote><\/figure>\n\n\n\n<p><\/p>\n\n\n\n<h1 class=\"wp-block-heading\">A finales del siglo pasado, la meca de los argentinos de clase media y alta era llegar hasta la localidad salte\u00f1a de Rosario de la Frontera a disfrutar de las aguas termales de propiedades curativas que emanan de una falla geol\u00f3gica. El hotel fue fundado por el m\u00e9dico espa\u00f1ol Antonio Palau. Fue visitado por Domingo F. Sarmiento, entre tantos otros.<\/h1>\n\n\n\n<figure class=\"wp-block-image size-full\"><img loading=\"lazy\" decoding=\"async\" width=\"1046\" height=\"697\" src=\"https:\/\/modoviajeok.com.ar\/wp-content\/uploads\/2025\/05\/WhatsApp-Image-2025-05-24-at-12.08.10-1.jpeg\" alt=\"\" class=\"wp-image-3951\" srcset=\"https:\/\/modoviajeok.com.ar\/wp-content\/uploads\/2025\/05\/WhatsApp-Image-2025-05-24-at-12.08.10-1.jpeg 1046w, https:\/\/modoviajeok.com.ar\/wp-content\/uploads\/2025\/05\/WhatsApp-Image-2025-05-24-at-12.08.10-1-768x512.jpeg 768w, https:\/\/modoviajeok.com.ar\/wp-content\/uploads\/2025\/05\/WhatsApp-Image-2025-05-24-at-12.08.10-1-630x420.jpeg 630w, https:\/\/modoviajeok.com.ar\/wp-content\/uploads\/2025\/05\/WhatsApp-Image-2025-05-24-at-12.08.10-1-150x100.jpeg 150w, https:\/\/modoviajeok.com.ar\/wp-content\/uploads\/2025\/05\/WhatsApp-Image-2025-05-24-at-12.08.10-1-300x200.jpeg 300w, https:\/\/modoviajeok.com.ar\/wp-content\/uploads\/2025\/05\/WhatsApp-Image-2025-05-24-at-12.08.10-1-696x464.jpeg 696w\" sizes=\"auto, (max-width: 1046px) 100vw, 1046px\" \/><figcaption class=\"wp-element-caption\">FOTOGRAF\u00cdAS HIST\u00d3RICAS. Gentiliza del Hotel Termas de Rosario de la Frontera.<\/figcaption><\/figure>\n\n\n\n<p>Hoy ofrece una c\u00f3moda infraestructura que conserva mucho del estilo original. Las aguas termales provienen de nueve manantiales diferentes, que surgen entre los 25\u00baC y 99\u00baC.<\/p>\n\n\n\n<blockquote class=\"wp-block-quote is-layout-flow wp-block-quote-is-layout-flow\">\n<h3 class=\"wp-block-heading\"><em>Este a\u00f1o cumple 145 a\u00f1os. Lo visitamos a mediados de abril, casi por casualidad de regreso de nuestro viaje por Jujuy y Salta. Y prometimos volver y contar esta incre\u00edble historia.<\/em><\/h3>\n\n\n\n<figure class=\"wp-block-image size-full\"><img loading=\"lazy\" decoding=\"async\" width=\"1600\" height=\"1066\" src=\"https:\/\/modoviajeok.com.ar\/wp-content\/uploads\/2025\/05\/WhatsApp-Image-2025-05-24-at-12.08.29-1.jpeg\" alt=\"\" class=\"wp-image-3952\" srcset=\"https:\/\/modoviajeok.com.ar\/wp-content\/uploads\/2025\/05\/WhatsApp-Image-2025-05-24-at-12.08.29-1.jpeg 1600w, https:\/\/modoviajeok.com.ar\/wp-content\/uploads\/2025\/05\/WhatsApp-Image-2025-05-24-at-12.08.29-1-768x512.jpeg 768w, https:\/\/modoviajeok.com.ar\/wp-content\/uploads\/2025\/05\/WhatsApp-Image-2025-05-24-at-12.08.29-1-1536x1023.jpeg 1536w, https:\/\/modoviajeok.com.ar\/wp-content\/uploads\/2025\/05\/WhatsApp-Image-2025-05-24-at-12.08.29-1-630x420.jpeg 630w, https:\/\/modoviajeok.com.ar\/wp-content\/uploads\/2025\/05\/WhatsApp-Image-2025-05-24-at-12.08.29-1-150x100.jpeg 150w, https:\/\/modoviajeok.com.ar\/wp-content\/uploads\/2025\/05\/WhatsApp-Image-2025-05-24-at-12.08.29-1-300x200.jpeg 300w, https:\/\/modoviajeok.com.ar\/wp-content\/uploads\/2025\/05\/WhatsApp-Image-2025-05-24-at-12.08.29-1-696x464.jpeg 696w, https:\/\/modoviajeok.com.ar\/wp-content\/uploads\/2025\/05\/WhatsApp-Image-2025-05-24-at-12.08.29-1-1068x712.jpeg 1068w\" sizes=\"auto, (max-width: 1600px) 100vw, 1600px\" \/><\/figure>\n<\/blockquote>\n\n\n\n<p><strong><em>Para conocer m\u00e1s de la historia, los invitamos a leer el siguiente texto que pertenece a Juan Carlos Rivas, escrito en febrero de 1980. Es largo, \u00a1pero merece mucho la pena!<\/em><\/strong><\/p>\n\n\n\n<p>El establecimiento termal de Rosario de la Frontera celebra su aniversario el 1 de Abril de 1880, siendo as\u00ed \u00e9l m\u00e1s antiguo de Sud Am\u00e9rica y reconocido como \u00fanico en el mundo por la variedad de sus aguas termo- minerales.-<\/p>\n\n\n\n<p>La parte referente a la Geolog\u00eda y Geograf\u00eda del lugar han sido estudiadas como as\u00ed mismo la composici\u00f3n de las aguas que manan de distintas fuentes. En efecto Ge\u00f3logos y Qu\u00edmicos han realizado un minucioso estudio que lo inicia el Dr. Max Siawert en 1876, vale decir 4 a\u00f1os antes de que el Dr. Antonio Palau iniciara la explotaci\u00f3n del establecimiento termal. En 1888 los Doctores Doering y Schikendantz y en 1895 el Dr. Tagliabue confirman la existencia de nueve variedades de aguas lo que transformaba a las \u201c Termas de Salta \u201c (como se las llamo hasta fines del siglo XIX), en un lugar privilegiado por la diversidad de tipos de agua, por ser las de mayor temperatura entre las conocidas en el mundo y por reunir el mayor valor terap\u00e9utico.-<\/p>\n\n\n\n<p>El presente trabajo se referir\u00e1 a la Historia de esas fuentes, del establecimiento y de su fundador sirvi\u00e9ndonos para ello de testimonios de escritores, viajeros y documentos existentes mucho de ellos cuales est\u00e1n en el archivo municipal. Es invalorable por la informaci\u00f3n que contiene, tanto cient\u00edfica como hist\u00f3rica, la obra del Dr. Eliseo Cat\u00f3n, Estudio de las aguas minerales del norte de la Republica Argentina ( Buenos Aires 1896) y a ella apelar\u00e1 muchas veces.<\/p>\n\n\n\n<p>Dice el Dr. Cant\u00f3n que las fuentes termales debieron surgir a consecuencia de alg\u00fan terremoto o conjuntamente con las sierras de La Candelaria en cuyos \u00faltimos contrafuertes nacen. Hace miles de a\u00f1os, por efecto de un gigantesco cataclismo geol\u00f3gico, se abrieron en la tierra innumerables grietas por donde salieron a la luz las tersas aguas. Provienen de distintas profundidades ( hasta 3000 metros), y atraviesan capas de distintos minerales ( Azufre, Hierro, S\u00edlice, Sal, Etc.) de donde toman caracter\u00edsticas dominantes. Durante siglos manaron sin pausa hasta que fueron conocidas por el hombre a quien debi\u00f3 producir asombro. En efecto la existencia de fuentes de aguas calientes no es com\u00fan y es justamente esta caracter\u00edstica que la impulsar\u00eda a conocerlas a una creciente cantidad de personas.-<\/p>\n\n\n\n<p>El conocimiento de las fuentes termales es antiguo y serian los ind\u00edgenas sus descubridores. Luego las visitar\u00edan esos incansables andariegos que fueron los Jesuitas en alguno de sus frecuentes viajes por el antiguo carril del Per\u00fa, que corr\u00eda al norte del lugar. A partir de estos y por tradici\u00f3n se ir\u00eda trasmitiendo el conocimiento de las propiedades medicinales de las \u201c Aguas calientes de la Frontera\u201d a las que se les atribuir\u00eda un origen fabuloso y misteriosas virtudes.<\/p>\n\n\n\n<figure class=\"wp-block-image size-full\"><img loading=\"lazy\" decoding=\"async\" width=\"1066\" height=\"1600\" src=\"https:\/\/modoviajeok.com.ar\/wp-content\/uploads\/2025\/05\/WhatsApp-Image-2025-05-24-at-12.07.07.jpeg\" alt=\"\" class=\"wp-image-3953\" srcset=\"https:\/\/modoviajeok.com.ar\/wp-content\/uploads\/2025\/05\/WhatsApp-Image-2025-05-24-at-12.07.07.jpeg 1066w, https:\/\/modoviajeok.com.ar\/wp-content\/uploads\/2025\/05\/WhatsApp-Image-2025-05-24-at-12.07.07-768x1153.jpeg 768w, https:\/\/modoviajeok.com.ar\/wp-content\/uploads\/2025\/05\/WhatsApp-Image-2025-05-24-at-12.07.07-1023x1536.jpeg 1023w, https:\/\/modoviajeok.com.ar\/wp-content\/uploads\/2025\/05\/WhatsApp-Image-2025-05-24-at-12.07.07-280x420.jpeg 280w, https:\/\/modoviajeok.com.ar\/wp-content\/uploads\/2025\/05\/WhatsApp-Image-2025-05-24-at-12.07.07-150x225.jpeg 150w, https:\/\/modoviajeok.com.ar\/wp-content\/uploads\/2025\/05\/WhatsApp-Image-2025-05-24-at-12.07.07-300x450.jpeg 300w, https:\/\/modoviajeok.com.ar\/wp-content\/uploads\/2025\/05\/WhatsApp-Image-2025-05-24-at-12.07.07-696x1045.jpeg 696w\" sizes=\"auto, (max-width: 1066px) 100vw, 1066px\" \/><\/figure>\n\n\n\n<p>Dice el Dr. Cant\u00f3n en la obra citada que ya en \u201c La epopeya de nuestra Independencia las huestes del patriota G\u00fcemes retemplaron sus fuerzas, quebrantadas en lucha desigual, en el agua bienhechora de aquellos parajes\u201d.-<\/p>\n\n\n\n<p>Fueron visitadas por el sabio Amadeo Bompland despu\u00e9s de 1817, por \u00e9l medico Bruland a\u00f1os despu\u00e9s y en 1854 por Mart\u00edn de Mousay autor de la monumental\u201cDescripci\u00f3n geogr\u00e1fica y estad\u00edstica de la confederaci\u00f3n Argentina\u201d. A\u00fan cuando no visito el lugar la obra recoge la informaci\u00f3n de la existencia de \u201cAguas Termales con propiedades curativas especialmente de afecciones reum\u00e1ticas y de la piel \u201c.-<\/p>\n\n\n\n<p>Los Gorriti, de tanto lustre en la Historia de Salta y de la Naci\u00f3n, frecuentaban el lugar haciendo a caballo el recorrido entro Los Horcones y las \u201cAguas Calientes\u201d. En el cuento \u201cGudi Amaya, historia de un salteador\u201d escrito hacia 1865 por Juana Manuela Gorriti, hay referencias a las fuentes termales.<\/p>\n\n\n\n<p>&nbsp;Las llama \u201cpanacea universal que cura todo\u201d y se lamenta de que una larga guerra civil ignore \u201cun verdadero santuario de la salud\u201d. Manifiesta que \u201cnumerosas caravanas van all\u00ed de todos los puntos de la Republica a probar la eficacia de las aguas. All\u00ed el lazarino, (leproso) el catal\u00e9ptico, el paral\u00edtico, ven desvanecerse su horrible mal; y&nbsp; enfermos desahuciados por la ciencia y tra\u00eddos moribundos en camillas desde largas distancias recobran la vida y la salud en aquellas aguas milagrosas.<\/p>\n\n\n\n<p>Brota en raudal hirviente entre las sinuosidades de un pe\u00f1asco al pie del cerro de Fuente de Plata; derr\u00e1mase en un cauce r\u00e1pido cortado por anchos pozos destinados al ba\u00f1o y corre entre las selvas ennegreciendo las piedras y los \u00e1rboles y se\u00f1alando su paso con una larga cinta de vapores que disminuyen en densidad a medida que las aguas se enfr\u00edan bajo la h\u00fameda sombra de los bosques, hasta perderse en el r\u00edo de Horcones\u201d.<\/p>\n\n\n\n<figure class=\"wp-block-image size-full\"><img loading=\"lazy\" decoding=\"async\" width=\"1600\" height=\"1066\" src=\"https:\/\/modoviajeok.com.ar\/wp-content\/uploads\/2025\/05\/WhatsApp-Image-2025-05-24-at-12.08.46-1.jpeg\" alt=\"\" class=\"wp-image-3954\" srcset=\"https:\/\/modoviajeok.com.ar\/wp-content\/uploads\/2025\/05\/WhatsApp-Image-2025-05-24-at-12.08.46-1.jpeg 1600w, https:\/\/modoviajeok.com.ar\/wp-content\/uploads\/2025\/05\/WhatsApp-Image-2025-05-24-at-12.08.46-1-768x512.jpeg 768w, https:\/\/modoviajeok.com.ar\/wp-content\/uploads\/2025\/05\/WhatsApp-Image-2025-05-24-at-12.08.46-1-1536x1023.jpeg 1536w, https:\/\/modoviajeok.com.ar\/wp-content\/uploads\/2025\/05\/WhatsApp-Image-2025-05-24-at-12.08.46-1-630x420.jpeg 630w, https:\/\/modoviajeok.com.ar\/wp-content\/uploads\/2025\/05\/WhatsApp-Image-2025-05-24-at-12.08.46-1-150x100.jpeg 150w, https:\/\/modoviajeok.com.ar\/wp-content\/uploads\/2025\/05\/WhatsApp-Image-2025-05-24-at-12.08.46-1-300x200.jpeg 300w, https:\/\/modoviajeok.com.ar\/wp-content\/uploads\/2025\/05\/WhatsApp-Image-2025-05-24-at-12.08.46-1-696x464.jpeg 696w, https:\/\/modoviajeok.com.ar\/wp-content\/uploads\/2025\/05\/WhatsApp-Image-2025-05-24-at-12.08.46-1-1068x712.jpeg 1068w\" sizes=\"auto, (max-width: 1600px) 100vw, 1600px\" \/><\/figure>\n\n\n\n<p>&nbsp;Constituye esta pagina la primera descripci\u00f3n del paisaje y de las propiedades curativas de las aguas.-<\/p>\n\n\n\n<p>El Dr. Eliseo Cant\u00f3n recuerda que conoci\u00f3 las fuentes, cuando ni\u00f1o, en 1875, en su estado verdaderamente salvaje pero ya frecuentadas en el invierno por algunas pocas familias que ten\u00edan el valor de trasladarse a vivir una temporada en plena selva, dentro de carpas sitiadas por bosques casi impenetrables y desafiando la voracidad de mil alima\u00f1as como las garrapatas, polvorines, piques y hasta el mismo tigre, soberano absoluto de los montes. Agrega que \u201clos ba\u00f1istas de aquel entonces tra\u00edan carpas que se extend\u00edan en un peque\u00f1o desmonte vecino a las fuentes, provisiones y \u00fatiles necesarios y suficientes para la temporada que pensaban pasar en sitio tan descampado\u201d. &#8211;<\/p>\n\n\n\n<p>Los manantiales no ten\u00edan entonces denominaciones especiales y se esperaba la reuni\u00f3n de todas las aguas para ba\u00f1arse en el arroyo que formaban al descender de la monta\u00f1a. Los ba\u00f1os se tomaban en peque\u00f1as represas construidas r\u00fasticamente con piedras y trozos de madera \u201cen el mismo fondo de la quebrada, por donde corr\u00eda el agua de todas las fuentes entremezcladas\u201d. La hora del ba\u00f1o era la madrugada, sea cual fuere el padecimiento y por el tiempo que cada uno estimaba conveniente.<\/p>\n\n\n      <div class=\"wp_bannerize_container wp_bannerize_layout_vertical\">\n\n        <div class=\"wp_bannerize_banner_box wp_bannerize_category_intertexto-1\" data-title=\"Modo viaje\" data-mime_type=\"image-gif\" data-banner_id=\"1783\" id=\"wpbanner-1783\" data-impressions_enabled=\"true\" data-clicks_enabled=\"true\"><a href=\"https:\/\/www.instagram.com\/modoviaje.ok?igsh=Z3c5emxsZWFtdXN3\"><img decoding=\"async\" border=\"0\" src=\"https:\/\/modoviajeok.com.ar\/wp-content\/uploads\/2025\/02\/modoviaje.ok-300-x-250-px.gif\" alt=\"Modo viaje\" title=\"Modo viaje\" \/><\/a><\/div>      <\/div>\n\n\n\n\n\n<p>Hacia 1878 la fama de las \u201cAguas Calientes\u201d hab\u00eda llegada a las provincias vecinas y la frecuentaban ba\u00f1istas de Tucum\u00e1n, Santiago del Estero y Catamarca. En el a\u00f1o indicado el Dr. Antonio Palau, que ejerc\u00eda la profesi\u00f3n de m\u00e9dico en la cuidad de Tucum\u00e1n, \u201crecogi\u00f3 de algunos de sus clientes la noticia de que a corta distancia de la villa del Rosario de la Frontera exist\u00edan unas aguas minerales calientes de propiedades maravillosas, relatos que despertaron en su esp\u00edritu el deseo de conocerlas. Al efecto se translad\u00f3 a dicha fuentes y satisfecho de su examen resolvi\u00f3 adquirir el terreno donde surgen las aguas y echar los primeros cimientos de un establecimiento balneario.<\/p>\n\n\n\n<figure class=\"wp-block-image size-full\"><img loading=\"lazy\" decoding=\"async\" width=\"1204\" height=\"1600\" src=\"https:\/\/modoviajeok.com.ar\/wp-content\/uploads\/2025\/05\/WhatsApp-Image-2025-05-24-at-12.34.45-3.jpeg\" alt=\"\" class=\"wp-image-3955\" srcset=\"https:\/\/modoviajeok.com.ar\/wp-content\/uploads\/2025\/05\/WhatsApp-Image-2025-05-24-at-12.34.45-3.jpeg 1204w, https:\/\/modoviajeok.com.ar\/wp-content\/uploads\/2025\/05\/WhatsApp-Image-2025-05-24-at-12.34.45-3-768x1021.jpeg 768w, https:\/\/modoviajeok.com.ar\/wp-content\/uploads\/2025\/05\/WhatsApp-Image-2025-05-24-at-12.34.45-3-1156x1536.jpeg 1156w, https:\/\/modoviajeok.com.ar\/wp-content\/uploads\/2025\/05\/WhatsApp-Image-2025-05-24-at-12.34.45-3-316x420.jpeg 316w, https:\/\/modoviajeok.com.ar\/wp-content\/uploads\/2025\/05\/WhatsApp-Image-2025-05-24-at-12.34.45-3-150x199.jpeg 150w, https:\/\/modoviajeok.com.ar\/wp-content\/uploads\/2025\/05\/WhatsApp-Image-2025-05-24-at-12.34.45-3-300x399.jpeg 300w, https:\/\/modoviajeok.com.ar\/wp-content\/uploads\/2025\/05\/WhatsApp-Image-2025-05-24-at-12.34.45-3-696x925.jpeg 696w, https:\/\/modoviajeok.com.ar\/wp-content\/uploads\/2025\/05\/WhatsApp-Image-2025-05-24-at-12.34.45-3-1068x1419.jpeg 1068w\" sizes=\"auto, (max-width: 1204px) 100vw, 1204px\" \/><\/figure>\n\n\n\n<p>La propietaria de los terrenos era Do\u00f1a Melchora Figueroa y Goyechea de Cornejo (fundadora del Rosario del la Frontera) quien no quiso deshacerse a ning\u00fan precio, de la valiosa herencia de sus antepasados y solamente consinti\u00f3 en arrendar un per\u00edmetro de 2 kil\u00f3metros a todos los vientos desde el lugar donde manan las principales fuentes. Se fijo su precio en $ 350. &#8211; anuales, o sea 8 reales bolivianos moneda en que habitualmente se hac\u00edan las transacciones comerciales hasta la presidencia del General Roca en que se promulgo la Ley Monetaria que obligo a utilizar la moneda nacional y a efectuar las operaciones con sujeci\u00f3n a su valor. La Ley comenz\u00f3 a cumplirse en nuestra municipalidad el 1\u00ba de enero de 1886.<\/p>\n\n\n\n<p>El Dr. Palau comenz\u00f3 de inmediato su tarea. Se construyeron peque\u00f1as casillas de madera sobre el lecho del arroyo para que se pudieran tomar los ba\u00f1os. Esto constituyo el primer balneario que se fundara en el pa\u00eds el 1\u00aa de abril de 1880. (aniversario)<\/p>\n\n\n\n<p>&nbsp;El primer contrato de arrendamiento fue prorrogado mas tarde por el t\u00e9rmino de 10 a\u00f1os, y fue celebrado el 21 de marzo de 1884.<\/p>\n\n\n\n<figure class=\"wp-block-image size-full\"><img loading=\"lazy\" decoding=\"async\" width=\"1600\" height=\"1204\" src=\"https:\/\/modoviajeok.com.ar\/wp-content\/uploads\/2025\/05\/WhatsApp-Image-2025-05-24-at-12.34.45.jpeg\" alt=\"\" class=\"wp-image-3957\" srcset=\"https:\/\/modoviajeok.com.ar\/wp-content\/uploads\/2025\/05\/WhatsApp-Image-2025-05-24-at-12.34.45.jpeg 1600w, https:\/\/modoviajeok.com.ar\/wp-content\/uploads\/2025\/05\/WhatsApp-Image-2025-05-24-at-12.34.45-768x578.jpeg 768w, https:\/\/modoviajeok.com.ar\/wp-content\/uploads\/2025\/05\/WhatsApp-Image-2025-05-24-at-12.34.45-1536x1156.jpeg 1536w, https:\/\/modoviajeok.com.ar\/wp-content\/uploads\/2025\/05\/WhatsApp-Image-2025-05-24-at-12.34.45-558x420.jpeg 558w, https:\/\/modoviajeok.com.ar\/wp-content\/uploads\/2025\/05\/WhatsApp-Image-2025-05-24-at-12.34.45-80x60.jpeg 80w, https:\/\/modoviajeok.com.ar\/wp-content\/uploads\/2025\/05\/WhatsApp-Image-2025-05-24-at-12.34.45-150x113.jpeg 150w, https:\/\/modoviajeok.com.ar\/wp-content\/uploads\/2025\/05\/WhatsApp-Image-2025-05-24-at-12.34.45-300x226.jpeg 300w, https:\/\/modoviajeok.com.ar\/wp-content\/uploads\/2025\/05\/WhatsApp-Image-2025-05-24-at-12.34.45-696x524.jpeg 696w, https:\/\/modoviajeok.com.ar\/wp-content\/uploads\/2025\/05\/WhatsApp-Image-2025-05-24-at-12.34.45-1068x804.jpeg 1068w, https:\/\/modoviajeok.com.ar\/wp-content\/uploads\/2025\/05\/WhatsApp-Image-2025-05-24-at-12.34.45-265x198.jpeg 265w\" sizes=\"auto, (max-width: 1600px) 100vw, 1600px\" \/><\/figure>\n\n\n\n<p>&nbsp;Por una de las cl\u00e1usulas del contrato se establec\u00eda que al finalizar el mismo la propietaria de la tierra abonar\u00eda al arrendatario el valor \u2013previa tasaci\u00f3n por peritos- de los edificios y mejoras introducidas en el sitio. Esta cl\u00e1usula origin\u00f3 despu\u00e9s un pleito sostenido por la empresa y al Banco Provincial de Salta que se solucion\u00f3 en 1894.<\/p>\n\n\n\n<p>El contrato establec\u00eda la filantr\u00f3pica obligaci\u00f3n por parte del arrendatario de permitir que se ba\u00f1asen gratuitamente los pobres que los solicitasen. Dice el Dr. Cant\u00f3n que \u201ces digno de hacer constar a t\u00edtulo de excentricidad \u2013 pues los salte\u00f1os en esto suelen parecerse a los ingleses- que esta humanitaria se\u00f1ora jam\u00e1s se ba\u00f1\u00f3 en las termas, ni como pobre, ni como rica\u201d.-<\/p>\n\n\n\n<p>Celebrado el contrato el Dr. Palau inici\u00f3 la apertura de nuevos caminos y desmontes que permitieran levantar edificaci\u00f3n mas apropiada.<\/p>\n\n\n\n<figure class=\"wp-block-image size-full\"><img loading=\"lazy\" decoding=\"async\" width=\"1600\" height=\"1204\" src=\"https:\/\/modoviajeok.com.ar\/wp-content\/uploads\/2025\/05\/WhatsApp-Image-2025-05-24-at-12.34.48.jpeg\" alt=\"\" class=\"wp-image-3958\" srcset=\"https:\/\/modoviajeok.com.ar\/wp-content\/uploads\/2025\/05\/WhatsApp-Image-2025-05-24-at-12.34.48.jpeg 1600w, https:\/\/modoviajeok.com.ar\/wp-content\/uploads\/2025\/05\/WhatsApp-Image-2025-05-24-at-12.34.48-768x578.jpeg 768w, https:\/\/modoviajeok.com.ar\/wp-content\/uploads\/2025\/05\/WhatsApp-Image-2025-05-24-at-12.34.48-1536x1156.jpeg 1536w, https:\/\/modoviajeok.com.ar\/wp-content\/uploads\/2025\/05\/WhatsApp-Image-2025-05-24-at-12.34.48-558x420.jpeg 558w, https:\/\/modoviajeok.com.ar\/wp-content\/uploads\/2025\/05\/WhatsApp-Image-2025-05-24-at-12.34.48-80x60.jpeg 80w, https:\/\/modoviajeok.com.ar\/wp-content\/uploads\/2025\/05\/WhatsApp-Image-2025-05-24-at-12.34.48-150x113.jpeg 150w, https:\/\/modoviajeok.com.ar\/wp-content\/uploads\/2025\/05\/WhatsApp-Image-2025-05-24-at-12.34.48-300x226.jpeg 300w, https:\/\/modoviajeok.com.ar\/wp-content\/uploads\/2025\/05\/WhatsApp-Image-2025-05-24-at-12.34.48-696x524.jpeg 696w, https:\/\/modoviajeok.com.ar\/wp-content\/uploads\/2025\/05\/WhatsApp-Image-2025-05-24-at-12.34.48-1068x804.jpeg 1068w, https:\/\/modoviajeok.com.ar\/wp-content\/uploads\/2025\/05\/WhatsApp-Image-2025-05-24-at-12.34.48-265x198.jpeg 265w\" sizes=\"auto, (max-width: 1600px) 100vw, 1600px\" \/><\/figure>\n\n\n\n<p>Dice el Dr. Cant\u00f3n que las \u201cprimeras construcciones fueron pobres y sencillas y que los ba\u00f1istas eran escasos\u201d. Cerca de las fuentes se levantaron dos hileras de peque\u00f1as casillas de madera las que despu\u00e9s fueron reemplazadas por habitaciones de mamposter\u00eda. Todo era insuficiente y defectuoso y solamente el anhelo de curarse, unido a los encantos de una naturaleza virginal, \u201cpod\u00edan hacer llevadera una temporada de verdaderas privaciones\u201d. Pero la bondad del clima y algunos \u00e9xitos difundieron la fama curativa de las aguas lo que origin\u00f3 una mayor influencia de ba\u00f1istas que hicieron necesarias nuevas construcciones.<\/p>\n\n\n\n<p>Con las nuevas obras se logr\u00f3 una relativa comodidad durante varias temporadas pero en 1886 el Dr. Palau not\u00f3 que nuevamente eran insuficientes pues la influencia de ba\u00f1istas era cada vez mayor. Entonces comenz\u00f3 le edificaci\u00f3n del gran establecimiento aprovechando los ricos materiales que la naturaleza ofrec\u00eda con prodigalidad: cal y madera. Los ladrillos fueron quemados en tabiques que se amarraron en el lugar.<\/p>\n\n\n\n<p>La fama de las aguas termales se fueron extendiendo y la visita de ilustres personalidades le fueron dando prestigio. En 1886 estuvieron durante una corta temporada, los ex-presidentes Sarmiento y Avellaneda.<\/p>\n\n\n\n<figure class=\"wp-block-image size-full\"><img loading=\"lazy\" decoding=\"async\" width=\"720\" height=\"1600\" src=\"https:\/\/modoviajeok.com.ar\/wp-content\/uploads\/2025\/05\/WhatsApp-Image-2025-05-24-at-12.34.41-1.jpeg\" alt=\"\" class=\"wp-image-3959\" srcset=\"https:\/\/modoviajeok.com.ar\/wp-content\/uploads\/2025\/05\/WhatsApp-Image-2025-05-24-at-12.34.41-1.jpeg 720w, https:\/\/modoviajeok.com.ar\/wp-content\/uploads\/2025\/05\/WhatsApp-Image-2025-05-24-at-12.34.41-1-691x1536.jpeg 691w, https:\/\/modoviajeok.com.ar\/wp-content\/uploads\/2025\/05\/WhatsApp-Image-2025-05-24-at-12.34.41-1-189x420.jpeg 189w, https:\/\/modoviajeok.com.ar\/wp-content\/uploads\/2025\/05\/WhatsApp-Image-2025-05-24-at-12.34.41-1-150x333.jpeg 150w, https:\/\/modoviajeok.com.ar\/wp-content\/uploads\/2025\/05\/WhatsApp-Image-2025-05-24-at-12.34.41-1-300x667.jpeg 300w, https:\/\/modoviajeok.com.ar\/wp-content\/uploads\/2025\/05\/WhatsApp-Image-2025-05-24-at-12.34.41-1-696x1547.jpeg 696w\" sizes=\"auto, (max-width: 720px) 100vw, 720px\" \/><\/figure>\n\n\n\n<p>&nbsp;La visita de Sarmiento merece una especial menci\u00f3n. Seg\u00fan lo confes\u00f3, \u201cvino buscando paliativo a su quebrantada salud\u201d y en las Termas escribi\u00f3 dos art\u00edculos que fueron publicados por \u201cEl Censor\u201d de Buenos Aires, diario del cual era corresponsal. Se titulan \u201cLas Termas de Salta\u201d y \u201cDesde Met\u00e1n\u201d. Ambos est\u00e1n publicados en el tomo 42 de la edici\u00f3n oficial de sus obras completas.<\/p>\n\n\n\n<p>Sarmiento vino en ferrocarril desde Tucum\u00e1n a\u00fan cuando la l\u00ednea f\u00e9rrea no estaba habilitada. En 1886 la punta de rieles llegaba al r\u00edo Juramento. Pero a tan ilustre personaje le fue permitido realizar el viaje como despu\u00e9s el que hizo hasta Met\u00e1n.<\/p>\n\n\n\n<p>Desde la \u201cVilla del Rosario\u201d hasta las Termas se utilizaba un carruaje tirado con caballos que necesitaban algo mas de 40 minutos para recorrer 7 kil\u00f3metros de distancia. El camino era p\u00e9simo.<\/p>\n\n\n\n<p>Por ser la primera descripci\u00f3n del hotel y del paisaje, por contener observaciones sobre la \u201cVilla de Rosario de la Frontera\u201d, sobre su intendente y la conmemoraci\u00f3n del 9 de julio, el art\u00edculo titulado \u201cLas Termas de Salta\u201d merece ser transcripto \u00edntegramente. Dice as\u00ed:<\/p>\n\n\n\n<p>&nbsp;\u201cAguas calientes, son la per\u00edfrasis de Termas, nombre que los latinos daban a sus casas de ba\u00f1os, que eran estupendos edificios, de los que quedan como la osamenta de un f\u00f3sil, las Termas de Caracalla. Llam\u00e9mosle pues a los ba\u00f1os calientes, Termas y nos habremos ahorrado una retah\u00edla y un barbarismo.<\/p>\n\n\n\n<figure class=\"wp-block-image size-full\"><img loading=\"lazy\" decoding=\"async\" width=\"1600\" height=\"1204\" src=\"https:\/\/modoviajeok.com.ar\/wp-content\/uploads\/2025\/05\/WhatsApp-Image-2025-05-24-at-12.34.42-1.jpeg\" alt=\"\" class=\"wp-image-3960\" srcset=\"https:\/\/modoviajeok.com.ar\/wp-content\/uploads\/2025\/05\/WhatsApp-Image-2025-05-24-at-12.34.42-1.jpeg 1600w, https:\/\/modoviajeok.com.ar\/wp-content\/uploads\/2025\/05\/WhatsApp-Image-2025-05-24-at-12.34.42-1-768x578.jpeg 768w, https:\/\/modoviajeok.com.ar\/wp-content\/uploads\/2025\/05\/WhatsApp-Image-2025-05-24-at-12.34.42-1-1536x1156.jpeg 1536w, https:\/\/modoviajeok.com.ar\/wp-content\/uploads\/2025\/05\/WhatsApp-Image-2025-05-24-at-12.34.42-1-558x420.jpeg 558w, https:\/\/modoviajeok.com.ar\/wp-content\/uploads\/2025\/05\/WhatsApp-Image-2025-05-24-at-12.34.42-1-80x60.jpeg 80w, https:\/\/modoviajeok.com.ar\/wp-content\/uploads\/2025\/05\/WhatsApp-Image-2025-05-24-at-12.34.42-1-150x113.jpeg 150w, https:\/\/modoviajeok.com.ar\/wp-content\/uploads\/2025\/05\/WhatsApp-Image-2025-05-24-at-12.34.42-1-300x226.jpeg 300w, https:\/\/modoviajeok.com.ar\/wp-content\/uploads\/2025\/05\/WhatsApp-Image-2025-05-24-at-12.34.42-1-696x524.jpeg 696w, https:\/\/modoviajeok.com.ar\/wp-content\/uploads\/2025\/05\/WhatsApp-Image-2025-05-24-at-12.34.42-1-1068x804.jpeg 1068w, https:\/\/modoviajeok.com.ar\/wp-content\/uploads\/2025\/05\/WhatsApp-Image-2025-05-24-at-12.34.42-1-265x198.jpeg 265w\" sizes=\"auto, (max-width: 1600px) 100vw, 1600px\" \/><\/figure>\n\n\n\n<p>El 9 de julio me toma este a\u00f1o en las Termas de Salta, teniendo poco que ver con ellas el Rosario de la Frontera, que es una suposici\u00f3n, la sospecha de un plantel de futura aldea. Es como dar las se\u00f1as de una casa sin n\u00famero, por la de un vecino, tan desconocido como el que se busca.<\/p>\n\n\n\n<p>Las Termas de Salta, bien merecen el nombre, pues al decir de los conocedores, comprenden la m\u00e1s singular, variada y extra\u00f1a colecci\u00f3n de aguas minerales, desde fr\u00eda hasta cocer huevos introducidos en un pa\u00f1uelo, y con disoluciones de fierro unas, de azufre otras, de sal, o de varias sales bautizadas y analizadas, Vichy, Seltz, etc.etc. por Puiggari nuestro celebre qu\u00edmico analizador. Pero en los ba\u00f1os, no se habla tanto de cualidades, como de ba\u00f1arse, teniendo cada uno su receta y si\u00e9ndole indiferente el resto.<\/p>\n\n\n\n<figure class=\"wp-block-image size-full\"><img loading=\"lazy\" decoding=\"async\" width=\"1600\" height=\"720\" src=\"https:\/\/modoviajeok.com.ar\/wp-content\/uploads\/2025\/05\/WhatsApp-Image-2025-05-24-at-12.34.42-3.jpeg\" alt=\"\" class=\"wp-image-3961\" srcset=\"https:\/\/modoviajeok.com.ar\/wp-content\/uploads\/2025\/05\/WhatsApp-Image-2025-05-24-at-12.34.42-3.jpeg 1600w, https:\/\/modoviajeok.com.ar\/wp-content\/uploads\/2025\/05\/WhatsApp-Image-2025-05-24-at-12.34.42-3-768x346.jpeg 768w, https:\/\/modoviajeok.com.ar\/wp-content\/uploads\/2025\/05\/WhatsApp-Image-2025-05-24-at-12.34.42-3-1536x691.jpeg 1536w, https:\/\/modoviajeok.com.ar\/wp-content\/uploads\/2025\/05\/WhatsApp-Image-2025-05-24-at-12.34.42-3-933x420.jpeg 933w, https:\/\/modoviajeok.com.ar\/wp-content\/uploads\/2025\/05\/WhatsApp-Image-2025-05-24-at-12.34.42-3-150x68.jpeg 150w, https:\/\/modoviajeok.com.ar\/wp-content\/uploads\/2025\/05\/WhatsApp-Image-2025-05-24-at-12.34.42-3-300x135.jpeg 300w, https:\/\/modoviajeok.com.ar\/wp-content\/uploads\/2025\/05\/WhatsApp-Image-2025-05-24-at-12.34.42-3-696x313.jpeg 696w, https:\/\/modoviajeok.com.ar\/wp-content\/uploads\/2025\/05\/WhatsApp-Image-2025-05-24-at-12.34.42-3-1068x481.jpeg 1068w\" sizes=\"auto, (max-width: 1600px) 100vw, 1600px\" \/><\/figure>\n\n\n\n<p>&nbsp;No har\u00e9 el elogio del establecimiento, ni har\u00e9 aspirar a los sanos el vapor del agua caliente. De eso hablar\u00e1n los que regresan y algunos m\u00e9dicos que ya cuentan en su farmacopea con esta receta: ba\u00f1os en las Termas de Salta. Y a fe que ahorran a centenares de familias el pesar de no poder trasladarse a Europa a transpirar en Spa, Biarritz, Baden-Baden y donde quiera que las aguas subterr\u00e1neas conservan el calor de tierras volc\u00e1nicas, como las hay por do quiera en Am\u00e9rica.<\/p>\n\n\n\n<p>&nbsp;Estos ba\u00f1os ya concurridos, carecen todav\u00eda de construcciones suficientes para proveer a la demanda, estando en espera quince o veinte familias y siendo necesario poner sitio en regla, para obtener, para los que vienen en camino, local seguro a su llegada. Todo est\u00e1 de antemano tomado, mientras se afanan los arquitectos en coronar el morro que se eleva, sobre el conventillo que forman las casuchas, con un cuadro que da frente a todos los vientos, dominando las vecinas colinas y dejando extender la vista sobre las copas de los \u00e1rboles frondosos que salen de las hondonadas oscuras, que forman estrechos valles hasta alcanzar en el horizonte cordones de cerros cubiertos de nieve. El paisaje cura graves enfermedades, contra\u00eddas en las llanuras, en el desierto y en las ciudades. Tenemos concertada expedici\u00f3n hasta San Jos\u00e9 de Met\u00e1n, ferrocarril arriba, para ver las m\u00e1s bellas escenas naturales que presentan las monta\u00f1as, tras las cuales se esconde Salta que todav\u00eda no puedo encontrarle el trazado, bien es verdad que se ha desviado para visitar a un amigo, carg\u00e1ndole para s\u00e9cula sin fin en vuelta y revueltas un diez por ciento mas de flete a los productos que vendr\u00e1n de Bolivia buscando las m\u00e1rgenes de Atl\u00e1ntico.<\/p>\n\n\n\n<figure class=\"wp-block-image size-full\"><img loading=\"lazy\" decoding=\"async\" width=\"1600\" height=\"720\" src=\"https:\/\/modoviajeok.com.ar\/wp-content\/uploads\/2025\/05\/WhatsApp-Image-2025-05-24-at-12.34.42-2.jpeg\" alt=\"\" class=\"wp-image-3963\" srcset=\"https:\/\/modoviajeok.com.ar\/wp-content\/uploads\/2025\/05\/WhatsApp-Image-2025-05-24-at-12.34.42-2.jpeg 1600w, https:\/\/modoviajeok.com.ar\/wp-content\/uploads\/2025\/05\/WhatsApp-Image-2025-05-24-at-12.34.42-2-768x346.jpeg 768w, https:\/\/modoviajeok.com.ar\/wp-content\/uploads\/2025\/05\/WhatsApp-Image-2025-05-24-at-12.34.42-2-1536x691.jpeg 1536w, https:\/\/modoviajeok.com.ar\/wp-content\/uploads\/2025\/05\/WhatsApp-Image-2025-05-24-at-12.34.42-2-933x420.jpeg 933w, https:\/\/modoviajeok.com.ar\/wp-content\/uploads\/2025\/05\/WhatsApp-Image-2025-05-24-at-12.34.42-2-150x68.jpeg 150w, https:\/\/modoviajeok.com.ar\/wp-content\/uploads\/2025\/05\/WhatsApp-Image-2025-05-24-at-12.34.42-2-300x135.jpeg 300w, https:\/\/modoviajeok.com.ar\/wp-content\/uploads\/2025\/05\/WhatsApp-Image-2025-05-24-at-12.34.42-2-696x313.jpeg 696w, https:\/\/modoviajeok.com.ar\/wp-content\/uploads\/2025\/05\/WhatsApp-Image-2025-05-24-at-12.34.42-2-1068x481.jpeg 1068w\" sizes=\"auto, (max-width: 1600px) 100vw, 1600px\" \/><\/figure>\n\n\n\n<p>Como las afecciones reumatisma les son como la gota, achaque de lores, no excluye la gente de buen tono de la que hay actualmente consumiendo aguas termales una sociedad escogida que recibe refuerzos diariamente de varias provincias, y pudiera decirse que hay \u201chigh life\u201d, sobre todo si se tiene en cuenta que estamos viviendo a muchos metros de elevaci\u00f3n sobre el mar, a cuya orilla est\u00e1 Buenos Aires.<\/p>\n\n\n\n<p>Si los goces de la vida pueden estimarse por las flores, las frutas, la caza y los libros que est\u00e1n a nuestro alcance para engalanarla, puede juzgarse de lo que se disfruta aqu\u00ed, por el hecho de haberse servido de postres chirimoyas de Salta, naranjas de Tucum\u00e1n, manzanas de C\u00f3rdoba y lo que parecer\u00eda incre\u00edble, uvas frescas de San Juan. La caza suministra perdices, corzuelas, torcazas y loros de varias clases; y en materia de libros, vense en las manos de los desocupados \u201cTartar\u00edn sur de les Alpes\u201d de Daudet 1885, \u201cVictor Hugo\u201d de Saint Victor 1885, \u201cLes antropoides\u201d 18886, con las novelas modernas y antiguas entre las que descuella el \u201cPara\u00edso perdido\u201d \u201cLa Jerusaleme Deliberata\u201d y \u201cNana\u201d de Zola. Hay para todos los gustos.<\/p>\n\n\n\n<figure class=\"wp-block-image size-full\"><img loading=\"lazy\" decoding=\"async\" width=\"1600\" height=\"720\" src=\"https:\/\/modoviajeok.com.ar\/wp-content\/uploads\/2025\/05\/WhatsApp-Image-2025-05-24-at-12.34.43-1.jpeg\" alt=\"\" class=\"wp-image-3964\" srcset=\"https:\/\/modoviajeok.com.ar\/wp-content\/uploads\/2025\/05\/WhatsApp-Image-2025-05-24-at-12.34.43-1.jpeg 1600w, https:\/\/modoviajeok.com.ar\/wp-content\/uploads\/2025\/05\/WhatsApp-Image-2025-05-24-at-12.34.43-1-768x346.jpeg 768w, https:\/\/modoviajeok.com.ar\/wp-content\/uploads\/2025\/05\/WhatsApp-Image-2025-05-24-at-12.34.43-1-1536x691.jpeg 1536w, https:\/\/modoviajeok.com.ar\/wp-content\/uploads\/2025\/05\/WhatsApp-Image-2025-05-24-at-12.34.43-1-933x420.jpeg 933w, https:\/\/modoviajeok.com.ar\/wp-content\/uploads\/2025\/05\/WhatsApp-Image-2025-05-24-at-12.34.43-1-150x68.jpeg 150w, https:\/\/modoviajeok.com.ar\/wp-content\/uploads\/2025\/05\/WhatsApp-Image-2025-05-24-at-12.34.43-1-300x135.jpeg 300w, https:\/\/modoviajeok.com.ar\/wp-content\/uploads\/2025\/05\/WhatsApp-Image-2025-05-24-at-12.34.43-1-696x313.jpeg 696w, https:\/\/modoviajeok.com.ar\/wp-content\/uploads\/2025\/05\/WhatsApp-Image-2025-05-24-at-12.34.43-1-1068x481.jpeg 1068w\" sizes=\"auto, (max-width: 1600px) 100vw, 1600px\" \/><\/figure>\n\n\n\n<p>&nbsp;&nbsp;Vamos a los recreos que permite la evaluaci\u00f3n del lugar.<\/p>\n\n\n\n<p>El 9 de julio ha sido festejado con pompa inusitada, simplemente por que era la primera vez que se celebraba y habr\u00eda eclipsado a las fiestas mayas de otros lugares si el Lord Mayor del Rosario, un Tiberio nato, como nos han preparado los federales un Julio Argentino, no hubiera puesto embargo y declarado art\u00edculo de guerra los cohetes voladores que el p\u00fablico termal hab\u00eda comprado para izar l pabell\u00f3n argentino sobre el m\u00e1s alto \u00e1rbol de los que coronan el Acr\u00f3polis de las Termas. Hab\u00edanse&nbsp; prendido en v\u00eda de v\u00edspera maitines, todos los cohetecillos chinescos que hab\u00eda en almacenes, por paquetes, por cajones, seg\u00fan la usanza de los d\u00edas de entusiasmo federal, imitando el garbo del gaucho neto, que hac\u00eda servir una cuarta de ca\u00f1a en una copa. \u00a1\u00c9chele que se derrama!<\/p>\n\n\n\n<p>El Tiberio del Rosario (se refiere al Presidente del Consejo municipal don Napole\u00f3n G\u00fcemes) confisc\u00f3 para el uso de la municipalidad los cohetes grandes que debieron con sus detonaciones dejar sobrecogidas a las aves del bosque primitivo, que oy\u00f3 repetido por los ecos aquel \u201coid mortales&#8230;\u201d que tan pocos recuerdan.<\/p>\n\n\n\n<figure class=\"wp-block-image size-full\"><img loading=\"lazy\" decoding=\"async\" width=\"1600\" height=\"1204\" src=\"https:\/\/modoviajeok.com.ar\/wp-content\/uploads\/2025\/05\/WhatsApp-Image-2025-05-24-at-12.34.44-1.jpeg\" alt=\"\" class=\"wp-image-3965\" srcset=\"https:\/\/modoviajeok.com.ar\/wp-content\/uploads\/2025\/05\/WhatsApp-Image-2025-05-24-at-12.34.44-1.jpeg 1600w, https:\/\/modoviajeok.com.ar\/wp-content\/uploads\/2025\/05\/WhatsApp-Image-2025-05-24-at-12.34.44-1-768x578.jpeg 768w, https:\/\/modoviajeok.com.ar\/wp-content\/uploads\/2025\/05\/WhatsApp-Image-2025-05-24-at-12.34.44-1-1536x1156.jpeg 1536w, https:\/\/modoviajeok.com.ar\/wp-content\/uploads\/2025\/05\/WhatsApp-Image-2025-05-24-at-12.34.44-1-558x420.jpeg 558w, https:\/\/modoviajeok.com.ar\/wp-content\/uploads\/2025\/05\/WhatsApp-Image-2025-05-24-at-12.34.44-1-80x60.jpeg 80w, https:\/\/modoviajeok.com.ar\/wp-content\/uploads\/2025\/05\/WhatsApp-Image-2025-05-24-at-12.34.44-1-150x113.jpeg 150w, https:\/\/modoviajeok.com.ar\/wp-content\/uploads\/2025\/05\/WhatsApp-Image-2025-05-24-at-12.34.44-1-300x226.jpeg 300w, https:\/\/modoviajeok.com.ar\/wp-content\/uploads\/2025\/05\/WhatsApp-Image-2025-05-24-at-12.34.44-1-696x524.jpeg 696w, https:\/\/modoviajeok.com.ar\/wp-content\/uploads\/2025\/05\/WhatsApp-Image-2025-05-24-at-12.34.44-1-1068x804.jpeg 1068w, https:\/\/modoviajeok.com.ar\/wp-content\/uploads\/2025\/05\/WhatsApp-Image-2025-05-24-at-12.34.44-1-265x198.jpeg 265w\" sizes=\"auto, (max-width: 1600px) 100vw, 1600px\" \/><\/figure>\n\n\n\n<p>Cant\u00f3se el Himno en la Termas, despu\u00e9s de sucesivos ensayos, sin que se crea que fuese le ejecuci\u00f3n cosa de poco m\u00e1s o menos. Ejecut\u00e1balo en el piano el joven Palima, espa\u00f1ol, hecho venir de Tucum\u00e1n para dar lecciones en su arte, que posee s la perfecci\u00f3n, puesto que es disc\u00edpulo del c\u00e9lebre maestro Slava. Pudiera decirse que trae como repertorio inagotable, toda la m\u00fasica de sal\u00f3n y los m\u00e1s escogidos trozos de la de teatro, con lo que y la mejor voluntad del mundo, puede hacer frente a todas las exigencias. El personal del cuerpo l\u00edrico, habr\u00eda dejado que desear a Tamberlik, cuyo do de pecho se escapaba de cuando en cuando de alg\u00fan gaznate acatarrado.<\/p>\n\n\n\n<p>Procedi\u00f3se en seguida a dar cuenta del asunto del d\u00eda, que no era solo que est\u00e1bamos a nueve, sino que uno de los concurrentes, declar\u00e1ndose sin oposici\u00f3n, presidente de edad, dijo que habiendo llegado a sus noticias que el General Sarmiento tra\u00eda para las bibliotecas de estas ciudades, un ejemplar de la nov\u00edsima edici\u00f3n de sus obras, para distribuir en las bibliotecas de las provincias, se desear\u00eda que dejase un ejemplar en los ba\u00f1os que sirviese de base e una colecci\u00f3n de libros que trajesen los ba\u00f1istas, a fin de prestarse mutuo apoyo, contra el enemigo com\u00fan, el fastidio. Aplaudida y aprobada la idea, se labro acta, reuni\u00e9ndose sesenta vol\u00famenes de libros y veinte y nueve pesos de suscripci\u00f3n, con derecho a un estante de cedro y declaraci\u00f3n de que dicha biblioteca quedar\u00eda \u201cfor ever\u201d propiedad de la casa de ba\u00f1os, cualesquiera que fuese el propietario sucesivo. Nombrose un secretario, tesorero y administrador y un s\u00edndico que tuviese facultad de pedir cuentas y a qui\u00e9n se someter\u00edan mensualmente los estados, sobre demanda de libros para repartir a domicilio\u201d.<\/p>\n\n\n\n<figure class=\"wp-block-image size-full\"><img loading=\"lazy\" decoding=\"async\" width=\"1600\" height=\"1204\" src=\"https:\/\/modoviajeok.com.ar\/wp-content\/uploads\/2025\/05\/WhatsApp-Image-2025-05-24-at-12.34.44-3.jpeg\" alt=\"\" class=\"wp-image-3966\" srcset=\"https:\/\/modoviajeok.com.ar\/wp-content\/uploads\/2025\/05\/WhatsApp-Image-2025-05-24-at-12.34.44-3.jpeg 1600w, https:\/\/modoviajeok.com.ar\/wp-content\/uploads\/2025\/05\/WhatsApp-Image-2025-05-24-at-12.34.44-3-768x578.jpeg 768w, https:\/\/modoviajeok.com.ar\/wp-content\/uploads\/2025\/05\/WhatsApp-Image-2025-05-24-at-12.34.44-3-1536x1156.jpeg 1536w, https:\/\/modoviajeok.com.ar\/wp-content\/uploads\/2025\/05\/WhatsApp-Image-2025-05-24-at-12.34.44-3-558x420.jpeg 558w, https:\/\/modoviajeok.com.ar\/wp-content\/uploads\/2025\/05\/WhatsApp-Image-2025-05-24-at-12.34.44-3-80x60.jpeg 80w, https:\/\/modoviajeok.com.ar\/wp-content\/uploads\/2025\/05\/WhatsApp-Image-2025-05-24-at-12.34.44-3-150x113.jpeg 150w, https:\/\/modoviajeok.com.ar\/wp-content\/uploads\/2025\/05\/WhatsApp-Image-2025-05-24-at-12.34.44-3-300x226.jpeg 300w, https:\/\/modoviajeok.com.ar\/wp-content\/uploads\/2025\/05\/WhatsApp-Image-2025-05-24-at-12.34.44-3-696x524.jpeg 696w, https:\/\/modoviajeok.com.ar\/wp-content\/uploads\/2025\/05\/WhatsApp-Image-2025-05-24-at-12.34.44-3-1068x804.jpeg 1068w, https:\/\/modoviajeok.com.ar\/wp-content\/uploads\/2025\/05\/WhatsApp-Image-2025-05-24-at-12.34.44-3-265x198.jpeg 265w\" sizes=\"auto, (max-width: 1600px) 100vw, 1600px\" \/><\/figure>\n\n\n\n<p>&nbsp;&nbsp;&nbsp;&nbsp;&nbsp;&nbsp;&nbsp;&nbsp;&nbsp;&nbsp;&nbsp;&nbsp;&nbsp;&nbsp;&nbsp;&nbsp;&nbsp;&nbsp;&nbsp;&nbsp;&nbsp;&nbsp;&nbsp;&nbsp;&nbsp;&nbsp;&nbsp;&nbsp;&nbsp;&nbsp;&nbsp;&nbsp;&nbsp;&nbsp;&nbsp;&nbsp;&nbsp;&nbsp;&nbsp;&nbsp; ACTA<\/p>\n\n\n\n<p>&nbsp;\u201cEn el lugar de las aguas termales de Salta, a los nueve d\u00edas del mes de julio de 1886, reunidos los abajo firmados a iniciativa del se\u00f1or General Domingo Faustino Sarmiento, ex-presidente de la Rep\u00fablica, con el objetivo de fundar una biblioteca que sirva de distracci\u00f3n y recreo a todos los que concurran a dicho lugar, convinieron en aprobar el reglamento que se transcribe a continuaci\u00f3n proyectado por el referido general y en bautizarla con el nombre de \u201cBiblioteca Sarmiento\u201d. Enseguida el General Sarmiento expuso las ventajas de las bibliotecas del g\u00e9nero de la que se fundaba y despu\u00e9s de ofrecer el se\u00f1or Fernando S. Palma los libros duplicados de la Biblioteca de la Sociedad Sarmiento de Tucum\u00e1n, el General Sarmiento invit\u00f3 a los presentes a ponerse de pie en el acto de la inauguraci\u00f3n de la \u201cBiblioteca Sarmiento\u201d y en solemnizaci\u00f3n del 9 de julio de 1886. En confirmaci\u00f3n de todo esto firman todos los presentes: D. F. Sarmiento \u2013 Adolfo Sald\u00edas \u2013 Irene A. De Sald\u00edas \u2013 Mar\u00eda S. De Andino \u2013 Luis J. De Palane \u2013 Mercedes Guzm\u00e1n \u2013 Avelino Medina \u2013 Antonio Palane \u2013 Paulino Lamb\u00ed Campbell \u2013 Julio M. Pereda \u2013 R. De la Serna \u2013 Francisco Acebal \u2013 Antonio M. Grala \u2013 L. Clarac \u2013 Fernando S. Palma \u2013 Baldomero Castro \u2013 Cruz Medina \u2013 Cecilio Cardo \u2013 Laurentino Vijil \u2013 Lino Sevi\u00f1e \u2013 Juan J. Andino \u2013 Jos\u00e9 Romagoso \u2013 Francisco Almir\u00f3n \u2013 Eugenio M\u00fcller \u2013 Isidoro Acu\u00f1a \u2013 Pascual Place \u2013 Victor Siro Pav\u00f3n \u2013 Alberto Ballerini \u2013 Federico Rodas.<\/p>\n\n\n\n<p>&nbsp;&nbsp;Con arreglo al art\u00edculo 5\u00ba del Reglamento de la Biblioteca, se procedi\u00f3 a recolectar la contribuci\u00f3n de un peso nacional la cual produjo veinte y nueve pesos nacionales que fueron entregados al Bibliotecario D. Victor&nbsp; Pavon, y conste D. F. Sarmiento \u2013 Adolfo Sald\u00edas, secretario.\u201d<\/p>\n\n\n\n<p>&nbsp;\u201cLevantada la sesi\u00f3n y declarada instalada la biblioteca de las Termas, todos convienen en que no puede quedar en eso y arreglando en c\u00edrculo de sillas, se abren de par en par las puertas, se festeja a los m\u00fasicos ofreci\u00e9ndoles champagne, ebrios con aquella m\u00fasica que hace sentir la vida. A falta de pist\u00f3n y de arpa, los espa\u00f1oles hacen resonar sus dedos, haciendo casta\u00f1etas, uno de los cuales apercibiendo a la entrada del sal\u00f3n a&nbsp; la mujer del mayordomo que es una andaluza no muy salada, se lanza, la toma por la cintura arrastr\u00e1ndola y gritando a los otros, provocado por un vals de Strauss, ol\u00e9!, vamos, bailemos!<\/p>\n\n\n\n<p>&nbsp;&nbsp;El impulso est\u00e1 dado. Todo el hotel arde y bulle. Se baila en el vest\u00edbulo, en el sal\u00f3n, alrededor de la mesa de lectura&#8230; Bien pronto la locura avanza, se comunica a los pisos inferiores&#8230; Ah!, el viento puede soplar afuera, sacudir los faroles, hacer gemir los hilos del tel\u00e9fono (porque hay tel\u00e9fonos) y remolinear la nieve que cubre las vecinas monta\u00f1as. Aqu\u00ed se siente el calor, est\u00e1 uno bien y hay para toda la noche&#8230;<\/p>\n\n\n\n<figure class=\"wp-block-image size-full\"><img loading=\"lazy\" decoding=\"async\" width=\"1204\" height=\"1600\" src=\"https:\/\/modoviajeok.com.ar\/wp-content\/uploads\/2025\/05\/WhatsApp-Image-2025-05-24-at-12.34.45-4.jpeg\" alt=\"\" class=\"wp-image-3967\" srcset=\"https:\/\/modoviajeok.com.ar\/wp-content\/uploads\/2025\/05\/WhatsApp-Image-2025-05-24-at-12.34.45-4.jpeg 1204w, https:\/\/modoviajeok.com.ar\/wp-content\/uploads\/2025\/05\/WhatsApp-Image-2025-05-24-at-12.34.45-4-768x1021.jpeg 768w, https:\/\/modoviajeok.com.ar\/wp-content\/uploads\/2025\/05\/WhatsApp-Image-2025-05-24-at-12.34.45-4-1156x1536.jpeg 1156w, https:\/\/modoviajeok.com.ar\/wp-content\/uploads\/2025\/05\/WhatsApp-Image-2025-05-24-at-12.34.45-4-316x420.jpeg 316w, https:\/\/modoviajeok.com.ar\/wp-content\/uploads\/2025\/05\/WhatsApp-Image-2025-05-24-at-12.34.45-4-150x199.jpeg 150w, https:\/\/modoviajeok.com.ar\/wp-content\/uploads\/2025\/05\/WhatsApp-Image-2025-05-24-at-12.34.45-4-300x399.jpeg 300w, https:\/\/modoviajeok.com.ar\/wp-content\/uploads\/2025\/05\/WhatsApp-Image-2025-05-24-at-12.34.45-4-696x925.jpeg 696w, https:\/\/modoviajeok.com.ar\/wp-content\/uploads\/2025\/05\/WhatsApp-Image-2025-05-24-at-12.34.45-4-1068x1419.jpeg 1068w\" sizes=\"auto, (max-width: 1204px) 100vw, 1204px\" \/><\/figure>\n\n\n\n<p>&nbsp;Si no sucedi\u00f3 al pie de la letra en las Termas en la noche del d\u00eda 9 de julio, algo parecido ocurri\u00f3 en el Righ-Kulm, a la llegada de Tartar\u00edn en su excursi\u00f3n famosa sobre los Alpes, seg\u00fan lo cuenta Alphonse Daudet y lo lee quien quiera en la Biblioteca de las Termas del Rosario, ilustrado con acuarelas\u201d.-<\/p>\n\n\n\n<p>En 1896 se inicia la construcci\u00f3n de tres plantas con capacidad para 200 personas.-<\/p>\n\n\n\n<p>En 1899 estuvo en Rosario de la Frontera y visit\u00f3 las Termas, el escritor Roberto J. Payr\u00f3 quien en su libro \u201cEn las tierras de Inti\u201d dej\u00f3 su testimonio. Dice: \u201cOtra peque\u00f1a etapa en el Rosario de la Frontera, localidad que visit\u00e9 hace algunos d\u00edas con mi amabil\u00edsimo amigo el ingeniero Rapelli y mi actual compa\u00f1ero de viaje el se\u00f1or Manet. Es este Rosario la famosa estaci\u00f3n termal adonde todos los a\u00f1os acuden centenares de enfermos que encuentran, a menudo, la salud, a veces alivio, siempre esperanza, -lo que no resulta desde\u00f1able, por cierto. El balneario est\u00e1 a corta distancia, se llega a \u00e9l en carruaje y sus vastos edificios tienen (ten\u00edan cuando los vi) un melanc\u00f3lico aspecto de convento abandonado. No era tiempo ya de tomar ba\u00f1os..\u201d<\/p>\n\n\n\n<figure class=\"wp-block-image size-full\"><img loading=\"lazy\" decoding=\"async\" width=\"1204\" height=\"1600\" src=\"https:\/\/modoviajeok.com.ar\/wp-content\/uploads\/2025\/05\/WhatsApp-Image-2025-05-24-at-12.34.46-1.jpeg\" alt=\"\" class=\"wp-image-3968\" srcset=\"https:\/\/modoviajeok.com.ar\/wp-content\/uploads\/2025\/05\/WhatsApp-Image-2025-05-24-at-12.34.46-1.jpeg 1204w, https:\/\/modoviajeok.com.ar\/wp-content\/uploads\/2025\/05\/WhatsApp-Image-2025-05-24-at-12.34.46-1-768x1021.jpeg 768w, https:\/\/modoviajeok.com.ar\/wp-content\/uploads\/2025\/05\/WhatsApp-Image-2025-05-24-at-12.34.46-1-1156x1536.jpeg 1156w, https:\/\/modoviajeok.com.ar\/wp-content\/uploads\/2025\/05\/WhatsApp-Image-2025-05-24-at-12.34.46-1-316x420.jpeg 316w, https:\/\/modoviajeok.com.ar\/wp-content\/uploads\/2025\/05\/WhatsApp-Image-2025-05-24-at-12.34.46-1-150x199.jpeg 150w, https:\/\/modoviajeok.com.ar\/wp-content\/uploads\/2025\/05\/WhatsApp-Image-2025-05-24-at-12.34.46-1-300x399.jpeg 300w, https:\/\/modoviajeok.com.ar\/wp-content\/uploads\/2025\/05\/WhatsApp-Image-2025-05-24-at-12.34.46-1-696x925.jpeg 696w, https:\/\/modoviajeok.com.ar\/wp-content\/uploads\/2025\/05\/WhatsApp-Image-2025-05-24-at-12.34.46-1-1068x1419.jpeg 1068w\" sizes=\"auto, (max-width: 1204px) 100vw, 1204px\" \/><\/figure>\n\n\n\n<p>El 15 de agosto se celebra en las Termas la festividad de la \u201cVirgen de la Monta\u00f1a\u201d que congrega numerosos peregrinos. Tal devoci\u00f3n mariana debe prevenir del siglo pasado y a\u00fan antes. A la imprecisi\u00f3n cronol\u00f3gica suple una hermosa tradici\u00f3n embellecida a\u00fan m\u00e1s con una leyenda que dice que la aparici\u00f3n de la Virgen de la Monta\u00f1as muy antigua sin que nadie pueda explicar de donde vino ni por que apareci\u00f3 all\u00ed, en una gruta de uno de los cerros vecinos al hotel.<\/p>\n\n\n\n<p>Cuenta la leyenda que un d\u00eda cristianos devotos consideraron que merec\u00eda mas que la humilde y p\u00e9trea gruta que la alojaba y decidieron trasladarla a la iglesia del Rosario de la Frontera, tambi\u00e9n puesta bajo advocaci\u00f3n mariana. Y desde la gruta que qued\u00f3 vac\u00eda fue tra\u00edda en andas hasta la casa de Dios en un d\u00eda que debi\u00f3 ser de extraordinario fervor. Pero la hermosa tradici\u00f3n afirma que la imagen desapareci\u00f3 misteriosamente ante la general consternaci\u00f3n de los vecinos que pensaron en una desfavorable se\u00f1al celeste. Y es probable que surgiera en m\u00e1s de uno de los habitantes rosarinos, el recuerdo de la castigada Esteco cuyos pobladores fueron los primeros en establecerse en el remoto \u201cCastillo y Fuerte del Rosario\u201d que es el origen del Rosario de la Frontera.<\/p>\n\n\n\n<figure class=\"wp-block-image size-full\"><img loading=\"lazy\" decoding=\"async\" width=\"1204\" height=\"1600\" src=\"https:\/\/modoviajeok.com.ar\/wp-content\/uploads\/2025\/05\/WhatsApp-Image-2025-05-24-at-12.34.47-1.jpeg\" alt=\"\" class=\"wp-image-3969\" srcset=\"https:\/\/modoviajeok.com.ar\/wp-content\/uploads\/2025\/05\/WhatsApp-Image-2025-05-24-at-12.34.47-1.jpeg 1204w, https:\/\/modoviajeok.com.ar\/wp-content\/uploads\/2025\/05\/WhatsApp-Image-2025-05-24-at-12.34.47-1-768x1021.jpeg 768w, https:\/\/modoviajeok.com.ar\/wp-content\/uploads\/2025\/05\/WhatsApp-Image-2025-05-24-at-12.34.47-1-1156x1536.jpeg 1156w, https:\/\/modoviajeok.com.ar\/wp-content\/uploads\/2025\/05\/WhatsApp-Image-2025-05-24-at-12.34.47-1-316x420.jpeg 316w, https:\/\/modoviajeok.com.ar\/wp-content\/uploads\/2025\/05\/WhatsApp-Image-2025-05-24-at-12.34.47-1-150x199.jpeg 150w, https:\/\/modoviajeok.com.ar\/wp-content\/uploads\/2025\/05\/WhatsApp-Image-2025-05-24-at-12.34.47-1-300x399.jpeg 300w, https:\/\/modoviajeok.com.ar\/wp-content\/uploads\/2025\/05\/WhatsApp-Image-2025-05-24-at-12.34.47-1-696x925.jpeg 696w, https:\/\/modoviajeok.com.ar\/wp-content\/uploads\/2025\/05\/WhatsApp-Image-2025-05-24-at-12.34.47-1-1068x1419.jpeg 1068w\" sizes=\"auto, (max-width: 1204px) 100vw, 1204px\" \/><\/figure>\n\n\n\n<p>&nbsp;&nbsp;Poco despu\u00e9s se supo que la Virgen estaba nuevamente en su gruta de la monta\u00f1a.<\/p>\n\n\n\n<p>Se sabe que la imagen fue colocada en el oratorio del hotel pues las inolemencias del tiempo la estaba deteriorando. Pero fue por poco tiempo. Volvi\u00f3 de nuevo a su gruta tal como la cuenta un documento que conserva en su poder el Gerente del Hotel Termas. Dice as\u00ed:<\/p>\n\n\n\n<p>&nbsp;\u201cEn agosto de 1899 una se\u00f1ora dona para que fuera colocada en el altar del oratorio del hotel, una imagen de Nuestra Se\u00f1ora del Rosario para reemplazar una peque\u00f1a existente. Entonces la se\u00f1orita Celina Lezica Alvear pidi\u00f3 al Dr. Antonio Palau autorizaci\u00f3n para colocar en un nicho r\u00fastico que se construir\u00eda al efecto en la monta\u00f1a, la peque\u00f1a imagen desterrada del altar. El se\u00f1or Pons tom\u00f3 con entusiasmo la idea y pidi\u00f3 le fuera concedido dirigir y costear la peque\u00f1a gruta y el 12 de agosto, ya terminada esta, fue bendecida y llevada en andas la Virgen en solemne procesi\u00f3n en que tomaron parte todos los concurrentes a las Termas. Desde ese d\u00eda qued\u00f3 expuesta la imagen a la veneraci\u00f3n de los devotos.<\/p>\n\n\n\n<figure class=\"wp-block-image size-full\"><img loading=\"lazy\" decoding=\"async\" width=\"1204\" height=\"1600\" src=\"https:\/\/modoviajeok.com.ar\/wp-content\/uploads\/2025\/05\/WhatsApp-Image-2025-05-24-at-12.34.48-2.jpeg\" alt=\"\" class=\"wp-image-3970\" srcset=\"https:\/\/modoviajeok.com.ar\/wp-content\/uploads\/2025\/05\/WhatsApp-Image-2025-05-24-at-12.34.48-2.jpeg 1204w, https:\/\/modoviajeok.com.ar\/wp-content\/uploads\/2025\/05\/WhatsApp-Image-2025-05-24-at-12.34.48-2-768x1021.jpeg 768w, https:\/\/modoviajeok.com.ar\/wp-content\/uploads\/2025\/05\/WhatsApp-Image-2025-05-24-at-12.34.48-2-1156x1536.jpeg 1156w, https:\/\/modoviajeok.com.ar\/wp-content\/uploads\/2025\/05\/WhatsApp-Image-2025-05-24-at-12.34.48-2-316x420.jpeg 316w, https:\/\/modoviajeok.com.ar\/wp-content\/uploads\/2025\/05\/WhatsApp-Image-2025-05-24-at-12.34.48-2-150x199.jpeg 150w, https:\/\/modoviajeok.com.ar\/wp-content\/uploads\/2025\/05\/WhatsApp-Image-2025-05-24-at-12.34.48-2-300x399.jpeg 300w, https:\/\/modoviajeok.com.ar\/wp-content\/uploads\/2025\/05\/WhatsApp-Image-2025-05-24-at-12.34.48-2-696x925.jpeg 696w, https:\/\/modoviajeok.com.ar\/wp-content\/uploads\/2025\/05\/WhatsApp-Image-2025-05-24-at-12.34.48-2-1068x1419.jpeg 1068w\" sizes=\"auto, (max-width: 1204px) 100vw, 1204px\" \/><\/figure>\n\n\n\n<p>En 1917 un grupo de se\u00f1oras encontr\u00f3 oportuno levantar una suscripci\u00f3n para sustituir la \u201cVirgen de la Monta\u00f1a\u201d por otra de mayor valor y as\u00ed lo hicieron volviendo a retirar la virgencita que fue reemplazada por una marmolina. M\u00e1s sucedi\u00f3 que en la tarde del d\u00eda 25 de agosto de 1919, sin saberse como la imagen apareci\u00f3 tumbada y literariamente destrozada, y, viendo en esto la mayor\u00eda de los devotos un signo evidente de la voluntad del cielo de que sea colocada nuevamente la primitiva imagen, solicitan de su Se\u00f1or\u00eda Ilustr\u00edsima la autorizaci\u00f3n para hacerlo as\u00ed de un modo definitivo\u201d.-<\/p>\n\n\n\n<p>En 1906 falleci\u00f3 el Dr. Palau y el hotel pas\u00f3 a manos del Banco Franc\u00e9s qui\u00e9n, debido a la primera guerra mundial decidi\u00f3 venderlo a los se\u00f1ores Segu\u00ed y Tosquint.<\/p>\n\n\n\n<p>Actualmente es patrimonio de la provincia de Salta dependiendo del Ministerio de Econom\u00eda.<\/p>\n\n\n\n<figure class=\"wp-block-image size-full\"><img loading=\"lazy\" decoding=\"async\" width=\"1204\" height=\"1600\" src=\"https:\/\/modoviajeok.com.ar\/wp-content\/uploads\/2025\/05\/WhatsApp-Image-2025-05-24-at-12.34.48-5.jpeg\" alt=\"\" class=\"wp-image-3971\" srcset=\"https:\/\/modoviajeok.com.ar\/wp-content\/uploads\/2025\/05\/WhatsApp-Image-2025-05-24-at-12.34.48-5.jpeg 1204w, https:\/\/modoviajeok.com.ar\/wp-content\/uploads\/2025\/05\/WhatsApp-Image-2025-05-24-at-12.34.48-5-768x1021.jpeg 768w, https:\/\/modoviajeok.com.ar\/wp-content\/uploads\/2025\/05\/WhatsApp-Image-2025-05-24-at-12.34.48-5-1156x1536.jpeg 1156w, https:\/\/modoviajeok.com.ar\/wp-content\/uploads\/2025\/05\/WhatsApp-Image-2025-05-24-at-12.34.48-5-316x420.jpeg 316w, https:\/\/modoviajeok.com.ar\/wp-content\/uploads\/2025\/05\/WhatsApp-Image-2025-05-24-at-12.34.48-5-150x199.jpeg 150w, https:\/\/modoviajeok.com.ar\/wp-content\/uploads\/2025\/05\/WhatsApp-Image-2025-05-24-at-12.34.48-5-300x399.jpeg 300w, https:\/\/modoviajeok.com.ar\/wp-content\/uploads\/2025\/05\/WhatsApp-Image-2025-05-24-at-12.34.48-5-696x925.jpeg 696w, https:\/\/modoviajeok.com.ar\/wp-content\/uploads\/2025\/05\/WhatsApp-Image-2025-05-24-at-12.34.48-5-1068x1419.jpeg 1068w\" sizes=\"auto, (max-width: 1204px) 100vw, 1204px\" \/><\/figure>\n\n\n\n<p>En 1919 se instal\u00f3 la soder\u00eda con la finalidad de embotellar el agua \u201cPalau\u201d para su venta en todo el pa\u00eds. Esta variedad considerada como agua de mesa, brota a una temperatura de 76\u00ba C.<\/p>\n\n\n\n<p>En 1928 se coloc\u00f3 en uno de los cerros una cruz de madera de quebracho colorado. Esto origin\u00f3 una lucida ceremonia que presidi\u00f3 el Arzobispo de Montevideo. Una placa de bronce recuerda este hecho y dice as\u00ed:<\/p>\n\n\n\n<p>&nbsp;\u201cJuan Francisco Aragene, Arzobispo de Montevideo coloc\u00f3 y bendijo el s\u00edmbolo de la redenci\u00f3n en la cumbre de este monte que denomin\u00f3 \u201cCerro del Salvador\u201d el 22 de julio de 1928 para que este l\u00e1baro sagrado atraiga las bendiciones del cielo sobre los moradores de esta zona\u201d.<\/p>\n\n\n\n<p>El Dr. Antonio Palau era natural de L\u00e9rida (Espa\u00f1a) donde naci\u00f3 en 1838. Es sin lugar a dudas el iniciador del termalismo en nuestro pa\u00eds y en Sud Am\u00e9rica.<\/p>\n\n\n\n<p>Fue un \u201cpionero\u201d y como tal merece el reconocimiento y homenaje que merecidamente se le tributar\u00e1 al cumplirse el pr\u00f3ximo 1\u00ba de abril el centenario de la fundaci\u00f3n del establecimiento termal. Fue un visionario a la vez que un hombre en\u00e9rgico y realizador. Pens\u00f3 en un gran centro de salud que por la variedad de las aguas y de sus propiedades curativas, ser\u00eda \u00fanico en el mundo. Cuanto existe se debe a sus trabajos y desvelos.<\/p>\n\n\n\n<figure class=\"wp-block-image size-full\"><img loading=\"lazy\" decoding=\"async\" width=\"1204\" height=\"1600\" src=\"https:\/\/modoviajeok.com.ar\/wp-content\/uploads\/2025\/05\/WhatsApp-Image-2025-05-24-at-12.34.49-1.jpeg\" alt=\"\" class=\"wp-image-3972\" srcset=\"https:\/\/modoviajeok.com.ar\/wp-content\/uploads\/2025\/05\/WhatsApp-Image-2025-05-24-at-12.34.49-1.jpeg 1204w, https:\/\/modoviajeok.com.ar\/wp-content\/uploads\/2025\/05\/WhatsApp-Image-2025-05-24-at-12.34.49-1-768x1021.jpeg 768w, https:\/\/modoviajeok.com.ar\/wp-content\/uploads\/2025\/05\/WhatsApp-Image-2025-05-24-at-12.34.49-1-1156x1536.jpeg 1156w, https:\/\/modoviajeok.com.ar\/wp-content\/uploads\/2025\/05\/WhatsApp-Image-2025-05-24-at-12.34.49-1-316x420.jpeg 316w, https:\/\/modoviajeok.com.ar\/wp-content\/uploads\/2025\/05\/WhatsApp-Image-2025-05-24-at-12.34.49-1-150x199.jpeg 150w, https:\/\/modoviajeok.com.ar\/wp-content\/uploads\/2025\/05\/WhatsApp-Image-2025-05-24-at-12.34.49-1-300x399.jpeg 300w, https:\/\/modoviajeok.com.ar\/wp-content\/uploads\/2025\/05\/WhatsApp-Image-2025-05-24-at-12.34.49-1-696x925.jpeg 696w, https:\/\/modoviajeok.com.ar\/wp-content\/uploads\/2025\/05\/WhatsApp-Image-2025-05-24-at-12.34.49-1-1068x1419.jpeg 1068w\" sizes=\"auto, (max-width: 1204px) 100vw, 1204px\" \/><\/figure>\n\n\n\n<p>Pero su obra sigue incompleta: falta concretar lo que \u00e9l anhel\u00f3: el establecimiento termal y centro de salud m\u00e1s importante y valioso del mundo.<\/p>\n\n\n\n<p><strong>Datos \u00fatiles<\/strong>.&nbsp;<a href=\"https:\/\/www.hoteltermasalta.com.ar\/\" target=\"_blank\" rel=\"noreferrer noopener\">Hotel Termas<\/a>. RP 34 S\/N, Rosario de la Frontera, Salta. T: (0387) 572-8101. Cancha de golfs, piletas y spa. Tambi\u00e9n se puede ir por el d\u00eda.<\/p>\n\n\n\n<figure class=\"wp-block-gallery has-nested-images columns-default is-cropped wp-block-gallery-1 is-layout-flex wp-block-gallery-is-layout-flex\">\n<figure class=\"wp-block-image size-large\"><img loading=\"lazy\" decoding=\"async\" width=\"720\" height=\"1600\" data-id=\"3973\" src=\"https:\/\/modoviajeok.com.ar\/wp-content\/uploads\/2025\/05\/WhatsApp-Image-2025-05-24-at-12.34.49-3.jpeg\" alt=\"\" class=\"wp-image-3973\" srcset=\"https:\/\/modoviajeok.com.ar\/wp-content\/uploads\/2025\/05\/WhatsApp-Image-2025-05-24-at-12.34.49-3.jpeg 720w, https:\/\/modoviajeok.com.ar\/wp-content\/uploads\/2025\/05\/WhatsApp-Image-2025-05-24-at-12.34.49-3-691x1536.jpeg 691w, https:\/\/modoviajeok.com.ar\/wp-content\/uploads\/2025\/05\/WhatsApp-Image-2025-05-24-at-12.34.49-3-189x420.jpeg 189w, https:\/\/modoviajeok.com.ar\/wp-content\/uploads\/2025\/05\/WhatsApp-Image-2025-05-24-at-12.34.49-3-150x333.jpeg 150w, https:\/\/modoviajeok.com.ar\/wp-content\/uploads\/2025\/05\/WhatsApp-Image-2025-05-24-at-12.34.49-3-300x667.jpeg 300w, https:\/\/modoviajeok.com.ar\/wp-content\/uploads\/2025\/05\/WhatsApp-Image-2025-05-24-at-12.34.49-3-696x1547.jpeg 696w\" sizes=\"auto, (max-width: 720px) 100vw, 720px\" \/><\/figure>\n\n\n\n<figure class=\"wp-block-image size-large\"><img loading=\"lazy\" decoding=\"async\" width=\"720\" height=\"1600\" data-id=\"3974\" src=\"https:\/\/modoviajeok.com.ar\/wp-content\/uploads\/2025\/05\/WhatsApp-Image-2025-05-24-at-12.34.49-4.jpeg\" alt=\"\" class=\"wp-image-3974\" srcset=\"https:\/\/modoviajeok.com.ar\/wp-content\/uploads\/2025\/05\/WhatsApp-Image-2025-05-24-at-12.34.49-4.jpeg 720w, https:\/\/modoviajeok.com.ar\/wp-content\/uploads\/2025\/05\/WhatsApp-Image-2025-05-24-at-12.34.49-4-691x1536.jpeg 691w, https:\/\/modoviajeok.com.ar\/wp-content\/uploads\/2025\/05\/WhatsApp-Image-2025-05-24-at-12.34.49-4-189x420.jpeg 189w, https:\/\/modoviajeok.com.ar\/wp-content\/uploads\/2025\/05\/WhatsApp-Image-2025-05-24-at-12.34.49-4-150x333.jpeg 150w, https:\/\/modoviajeok.com.ar\/wp-content\/uploads\/2025\/05\/WhatsApp-Image-2025-05-24-at-12.34.49-4-300x667.jpeg 300w, https:\/\/modoviajeok.com.ar\/wp-content\/uploads\/2025\/05\/WhatsApp-Image-2025-05-24-at-12.34.49-4-696x1547.jpeg 696w\" sizes=\"auto, (max-width: 720px) 100vw, 720px\" \/><\/figure>\n\n\n\n<figure class=\"wp-block-image size-large\"><img loading=\"lazy\" decoding=\"async\" width=\"1204\" height=\"1600\" data-id=\"3976\" src=\"https:\/\/modoviajeok.com.ar\/wp-content\/uploads\/2025\/05\/WhatsApp-Image-2025-05-24-at-12.34.49.jpeg\" alt=\"\" class=\"wp-image-3976\" srcset=\"https:\/\/modoviajeok.com.ar\/wp-content\/uploads\/2025\/05\/WhatsApp-Image-2025-05-24-at-12.34.49.jpeg 1204w, https:\/\/modoviajeok.com.ar\/wp-content\/uploads\/2025\/05\/WhatsApp-Image-2025-05-24-at-12.34.49-768x1021.jpeg 768w, https:\/\/modoviajeok.com.ar\/wp-content\/uploads\/2025\/05\/WhatsApp-Image-2025-05-24-at-12.34.49-1156x1536.jpeg 1156w, https:\/\/modoviajeok.com.ar\/wp-content\/uploads\/2025\/05\/WhatsApp-Image-2025-05-24-at-12.34.49-316x420.jpeg 316w, https:\/\/modoviajeok.com.ar\/wp-content\/uploads\/2025\/05\/WhatsApp-Image-2025-05-24-at-12.34.49-150x199.jpeg 150w, https:\/\/modoviajeok.com.ar\/wp-content\/uploads\/2025\/05\/WhatsApp-Image-2025-05-24-at-12.34.49-300x399.jpeg 300w, https:\/\/modoviajeok.com.ar\/wp-content\/uploads\/2025\/05\/WhatsApp-Image-2025-05-24-at-12.34.49-696x925.jpeg 696w, https:\/\/modoviajeok.com.ar\/wp-content\/uploads\/2025\/05\/WhatsApp-Image-2025-05-24-at-12.34.49-1068x1419.jpeg 1068w\" sizes=\"auto, (max-width: 1204px) 100vw, 1204px\" \/><\/figure>\n\n\n\n<figure class=\"wp-block-image size-large\"><img loading=\"lazy\" decoding=\"async\" width=\"1204\" height=\"1600\" data-id=\"3975\" src=\"https:\/\/modoviajeok.com.ar\/wp-content\/uploads\/2025\/05\/WhatsApp-Image-2025-05-24-at-12.34.51-1.jpeg\" alt=\"\" class=\"wp-image-3975\" srcset=\"https:\/\/modoviajeok.com.ar\/wp-content\/uploads\/2025\/05\/WhatsApp-Image-2025-05-24-at-12.34.51-1.jpeg 1204w, https:\/\/modoviajeok.com.ar\/wp-content\/uploads\/2025\/05\/WhatsApp-Image-2025-05-24-at-12.34.51-1-768x1021.jpeg 768w, https:\/\/modoviajeok.com.ar\/wp-content\/uploads\/2025\/05\/WhatsApp-Image-2025-05-24-at-12.34.51-1-1156x1536.jpeg 1156w, https:\/\/modoviajeok.com.ar\/wp-content\/uploads\/2025\/05\/WhatsApp-Image-2025-05-24-at-12.34.51-1-316x420.jpeg 316w, https:\/\/modoviajeok.com.ar\/wp-content\/uploads\/2025\/05\/WhatsApp-Image-2025-05-24-at-12.34.51-1-150x199.jpeg 150w, https:\/\/modoviajeok.com.ar\/wp-content\/uploads\/2025\/05\/WhatsApp-Image-2025-05-24-at-12.34.51-1-300x399.jpeg 300w, https:\/\/modoviajeok.com.ar\/wp-content\/uploads\/2025\/05\/WhatsApp-Image-2025-05-24-at-12.34.51-1-696x925.jpeg 696w, https:\/\/modoviajeok.com.ar\/wp-content\/uploads\/2025\/05\/WhatsApp-Image-2025-05-24-at-12.34.51-1-1068x1419.jpeg 1068w\" sizes=\"auto, (max-width: 1204px) 100vw, 1204px\" \/><\/figure>\n<\/figure>\n\n\n\n<p><\/p>\n","protected":false},"excerpt":{"rendered":"<p>Numerosos presidentes argentinos y figuras de renombre nacional visitaron estas aguas curativas. Hoy, el antiguo hotel de la provincia de Salta mantiene el esp\u00edritu de anta\u00f1o con buenos servicios. A finales del siglo pasado, la meca de los argentinos de clase media y alta era llegar hasta la localidad salte\u00f1a de Rosario de la Frontera [&hellip;]<\/p>\n","protected":false},"author":2,"featured_media":3951,"comment_status":"open","ping_status":"open","sticky":false,"template":"","format":"standard","meta":{"_acf_changed":false,"footnotes":""},"categories":[13,2],"tags":[31,952,951,949,948,29,950],"class_list":{"0":"post-3950","1":"post","2":"type-post","3":"status-publish","4":"format-standard","5":"has-post-thumbnail","7":"category-argentina","8":"category-destacadas","9":"tag-argentina","10":"tag-domingo-f-sarmiento","11":"tag-hotel","12":"tag-hotel-termas","13":"tag-rosario-de-la-frontera","14":"tag-salta","15":"tag-termas"},"acf":[],"yoast_head":"<!-- This site is optimized with the Yoast SEO plugin v24.8.1 - https:\/\/yoast.com\/wordpress\/plugins\/seo\/ -->\n<title>Rosario de la Frontera: El hotel termal m\u00e1s antiguo de Sudam\u00e9rica cumple 145 a\u00f1os -<\/title>\n<meta name=\"description\" content=\"El Hotel Termas de Rosario de la Frontera data de 1880. Fue visitado por presidentes y prsonalidades. Tiene canchas de golf y spa.\" \/>\n<meta name=\"robots\" content=\"index, follow, max-snippet:-1, max-image-preview:large, max-video-preview:-1\" \/>\n<link rel=\"canonical\" href=\"https:\/\/modoviajeok.com.ar\/index.php\/2025\/05\/27\/rosario-de-la-frontera-el-hotel-termal-mas-antiguo-de-sudamerica-cumple-145-anos\/\" \/>\n<meta property=\"og:locale\" content=\"es_ES\" \/>\n<meta property=\"og:type\" content=\"article\" \/>\n<meta property=\"og:title\" content=\"Rosario de la Frontera: El hotel termal m\u00e1s antiguo de Sudam\u00e9rica cumple 145 a\u00f1os -\" \/>\n<meta property=\"og:description\" content=\"El Hotel Termas de Rosario de la Frontera data de 1880. Fue visitado por presidentes y prsonalidades. Tiene canchas de golf y spa.\" \/>\n<meta property=\"og:url\" content=\"https:\/\/modoviajeok.com.ar\/index.php\/2025\/05\/27\/rosario-de-la-frontera-el-hotel-termal-mas-antiguo-de-sudamerica-cumple-145-anos\/\" \/>\n<meta property=\"article:publisher\" content=\"https:\/\/www.facebook.com\/mariana.otero1\/\" \/>\n<meta property=\"article:published_time\" content=\"2025-05-27T16:06:21+00:00\" \/>\n<meta property=\"article:modified_time\" content=\"2025-06-03T19:19:18+00:00\" \/>\n<meta property=\"og:image\" content=\"https:\/\/modoviajeok.com.ar\/wp-content\/uploads\/2025\/05\/WhatsApp-Image-2025-05-24-at-12.08.10-1.jpeg\" \/>\n\t<meta property=\"og:image:width\" content=\"1046\" \/>\n\t<meta property=\"og:image:height\" content=\"697\" \/>\n\t<meta property=\"og:image:type\" content=\"image\/jpeg\" \/>\n<meta name=\"author\" content=\"Mariana Otero\" \/>\n<meta name=\"twitter:card\" content=\"summary_large_image\" \/>\n<meta name=\"twitter:label1\" content=\"Escrito por\" \/>\n\t<meta name=\"twitter:data1\" content=\"Mariana Otero\" \/>\n\t<meta name=\"twitter:label2\" content=\"Tiempo de lectura\" \/>\n\t<meta name=\"twitter:data2\" content=\"26 minutos\" \/>\n<script type=\"application\/ld+json\" class=\"yoast-schema-graph\">{\"@context\":\"https:\/\/schema.org\",\"@graph\":[{\"@type\":\"Article\",\"@id\":\"https:\/\/modoviajeok.com.ar\/index.php\/2025\/05\/27\/rosario-de-la-frontera-el-hotel-termal-mas-antiguo-de-sudamerica-cumple-145-anos\/#article\",\"isPartOf\":{\"@id\":\"https:\/\/modoviajeok.com.ar\/index.php\/2025\/05\/27\/rosario-de-la-frontera-el-hotel-termal-mas-antiguo-de-sudamerica-cumple-145-anos\/\"},\"author\":{\"name\":\"Mariana Otero\",\"@id\":\"https:\/\/modoviajeok.com.ar\/#\/schema\/person\/1187013488537969db5b1320484d24f4\"},\"headline\":\"Rosario de la Frontera: El hotel termal m\u00e1s antiguo de Sudam\u00e9rica cumple 145 a\u00f1os\",\"datePublished\":\"2025-05-27T16:06:21+00:00\",\"dateModified\":\"2025-06-03T19:19:18+00:00\",\"mainEntityOfPage\":{\"@id\":\"https:\/\/modoviajeok.com.ar\/index.php\/2025\/05\/27\/rosario-de-la-frontera-el-hotel-termal-mas-antiguo-de-sudamerica-cumple-145-anos\/\"},\"wordCount\":5008,\"commentCount\":0,\"publisher\":{\"@id\":\"https:\/\/modoviajeok.com.ar\/#organization\"},\"image\":{\"@id\":\"https:\/\/modoviajeok.com.ar\/index.php\/2025\/05\/27\/rosario-de-la-frontera-el-hotel-termal-mas-antiguo-de-sudamerica-cumple-145-anos\/#primaryimage\"},\"thumbnailUrl\":\"https:\/\/modoviajeok.com.ar\/wp-content\/uploads\/2025\/05\/WhatsApp-Image-2025-05-24-at-12.08.10-1.jpeg\",\"keywords\":[\"argentina\",\"domingo f sarmiento\",\"hotel\",\"hotel termas\",\"rosario de la frontera\",\"salta\",\"termas\"],\"articleSection\":[\"Argentina\",\"Destacadas\"],\"inLanguage\":\"es\",\"potentialAction\":[{\"@type\":\"CommentAction\",\"name\":\"Comment\",\"target\":[\"https:\/\/modoviajeok.com.ar\/index.php\/2025\/05\/27\/rosario-de-la-frontera-el-hotel-termal-mas-antiguo-de-sudamerica-cumple-145-anos\/#respond\"]}]},{\"@type\":\"WebPage\",\"@id\":\"https:\/\/modoviajeok.com.ar\/index.php\/2025\/05\/27\/rosario-de-la-frontera-el-hotel-termal-mas-antiguo-de-sudamerica-cumple-145-anos\/\",\"url\":\"https:\/\/modoviajeok.com.ar\/index.php\/2025\/05\/27\/rosario-de-la-frontera-el-hotel-termal-mas-antiguo-de-sudamerica-cumple-145-anos\/\",\"name\":\"Rosario de la Frontera: El hotel termal m\u00e1s antiguo de Sudam\u00e9rica cumple 145 a\u00f1os -\",\"isPartOf\":{\"@id\":\"https:\/\/modoviajeok.com.ar\/#website\"},\"primaryImageOfPage\":{\"@id\":\"https:\/\/modoviajeok.com.ar\/index.php\/2025\/05\/27\/rosario-de-la-frontera-el-hotel-termal-mas-antiguo-de-sudamerica-cumple-145-anos\/#primaryimage\"},\"image\":{\"@id\":\"https:\/\/modoviajeok.com.ar\/index.php\/2025\/05\/27\/rosario-de-la-frontera-el-hotel-termal-mas-antiguo-de-sudamerica-cumple-145-anos\/#primaryimage\"},\"thumbnailUrl\":\"https:\/\/modoviajeok.com.ar\/wp-content\/uploads\/2025\/05\/WhatsApp-Image-2025-05-24-at-12.08.10-1.jpeg\",\"datePublished\":\"2025-05-27T16:06:21+00:00\",\"dateModified\":\"2025-06-03T19:19:18+00:00\",\"description\":\"El Hotel Termas de Rosario de la Frontera data de 1880. Fue visitado por presidentes y prsonalidades. Tiene canchas de golf y spa.\",\"breadcrumb\":{\"@id\":\"https:\/\/modoviajeok.com.ar\/index.php\/2025\/05\/27\/rosario-de-la-frontera-el-hotel-termal-mas-antiguo-de-sudamerica-cumple-145-anos\/#breadcrumb\"},\"inLanguage\":\"es\",\"potentialAction\":[{\"@type\":\"ReadAction\",\"target\":[\"https:\/\/modoviajeok.com.ar\/index.php\/2025\/05\/27\/rosario-de-la-frontera-el-hotel-termal-mas-antiguo-de-sudamerica-cumple-145-anos\/\"]}]},{\"@type\":\"ImageObject\",\"inLanguage\":\"es\",\"@id\":\"https:\/\/modoviajeok.com.ar\/index.php\/2025\/05\/27\/rosario-de-la-frontera-el-hotel-termal-mas-antiguo-de-sudamerica-cumple-145-anos\/#primaryimage\",\"url\":\"https:\/\/modoviajeok.com.ar\/wp-content\/uploads\/2025\/05\/WhatsApp-Image-2025-05-24-at-12.08.10-1.jpeg\",\"contentUrl\":\"https:\/\/modoviajeok.com.ar\/wp-content\/uploads\/2025\/05\/WhatsApp-Image-2025-05-24-at-12.08.10-1.jpeg\",\"width\":1046,\"height\":697},{\"@type\":\"BreadcrumbList\",\"@id\":\"https:\/\/modoviajeok.com.ar\/index.php\/2025\/05\/27\/rosario-de-la-frontera-el-hotel-termal-mas-antiguo-de-sudamerica-cumple-145-anos\/#breadcrumb\",\"itemListElement\":[{\"@type\":\"ListItem\",\"position\":1,\"name\":\"Portada\",\"item\":\"https:\/\/modoviajeok.com.ar\/\"},{\"@type\":\"ListItem\",\"position\":2,\"name\":\"Rosario de la Frontera: El hotel termal m\u00e1s antiguo de Sudam\u00e9rica cumple 145 a\u00f1os\"}]},{\"@type\":\"WebSite\",\"@id\":\"https:\/\/modoviajeok.com.ar\/#website\",\"url\":\"https:\/\/modoviajeok.com.ar\/\",\"name\":\"ModoViajeOK\",\"description\":\"\",\"publisher\":{\"@id\":\"https:\/\/modoviajeok.com.ar\/#organization\"},\"potentialAction\":[{\"@type\":\"SearchAction\",\"target\":{\"@type\":\"EntryPoint\",\"urlTemplate\":\"https:\/\/modoviajeok.com.ar\/?s={search_term_string}\"},\"query-input\":{\"@type\":\"PropertyValueSpecification\",\"valueRequired\":true,\"valueName\":\"search_term_string\"}}],\"inLanguage\":\"es\"},{\"@type\":\"Organization\",\"@id\":\"https:\/\/modoviajeok.com.ar\/#organization\",\"name\":\"ModoViajeOK\",\"url\":\"https:\/\/modoviajeok.com.ar\/\",\"logo\":{\"@type\":\"ImageObject\",\"inLanguage\":\"es\",\"@id\":\"https:\/\/modoviajeok.com.ar\/#\/schema\/logo\/image\/\",\"url\":\"https:\/\/modoviajeok.com.ar\/wp-content\/uploads\/2025\/01\/Logo-modoviajeok.png\",\"contentUrl\":\"https:\/\/modoviajeok.com.ar\/wp-content\/uploads\/2025\/01\/Logo-modoviajeok.png\",\"width\":2938,\"height\":2276,\"caption\":\"ModoViajeOK\"},\"image\":{\"@id\":\"https:\/\/modoviajeok.com.ar\/#\/schema\/logo\/image\/\"},\"sameAs\":[\"https:\/\/www.facebook.com\/mariana.otero1\/\",\"https:\/\/www.instagram.com\/modoviaje.ok\/\"]},{\"@type\":\"Person\",\"@id\":\"https:\/\/modoviajeok.com.ar\/#\/schema\/person\/1187013488537969db5b1320484d24f4\",\"name\":\"Mariana Otero\",\"image\":{\"@type\":\"ImageObject\",\"inLanguage\":\"es\",\"@id\":\"https:\/\/modoviajeok.com.ar\/#\/schema\/person\/image\/\",\"url\":\"https:\/\/secure.gravatar.com\/avatar\/8a91a502a9336849a3500b9090c431bc1418f1d1263d893afeddba065f5add82?s=96&d=mm&r=g\",\"contentUrl\":\"https:\/\/secure.gravatar.com\/avatar\/8a91a502a9336849a3500b9090c431bc1418f1d1263d893afeddba065f5add82?s=96&d=mm&r=g\",\"caption\":\"Mariana Otero\"},\"url\":\"https:\/\/modoviajeok.com.ar\/index.php\/author\/mariana2025\/\"}]}<\/script>\n<!-- \/ Yoast SEO plugin. -->","yoast_head_json":{"title":"Rosario de la Frontera: El hotel termal m\u00e1s antiguo de Sudam\u00e9rica cumple 145 a\u00f1os -","description":"El Hotel Termas de Rosario de la Frontera data de 1880. Fue visitado por presidentes y prsonalidades. Tiene canchas de golf y spa.","robots":{"index":"index","follow":"follow","max-snippet":"max-snippet:-1","max-image-preview":"max-image-preview:large","max-video-preview":"max-video-preview:-1"},"canonical":"https:\/\/modoviajeok.com.ar\/index.php\/2025\/05\/27\/rosario-de-la-frontera-el-hotel-termal-mas-antiguo-de-sudamerica-cumple-145-anos\/","og_locale":"es_ES","og_type":"article","og_title":"Rosario de la Frontera: El hotel termal m\u00e1s antiguo de Sudam\u00e9rica cumple 145 a\u00f1os -","og_description":"El Hotel Termas de Rosario de la Frontera data de 1880. Fue visitado por presidentes y prsonalidades. Tiene canchas de golf y spa.","og_url":"https:\/\/modoviajeok.com.ar\/index.php\/2025\/05\/27\/rosario-de-la-frontera-el-hotel-termal-mas-antiguo-de-sudamerica-cumple-145-anos\/","article_publisher":"https:\/\/www.facebook.com\/mariana.otero1\/","article_published_time":"2025-05-27T16:06:21+00:00","article_modified_time":"2025-06-03T19:19:18+00:00","og_image":[{"width":1046,"height":697,"url":"https:\/\/modoviajeok.com.ar\/wp-content\/uploads\/2025\/05\/WhatsApp-Image-2025-05-24-at-12.08.10-1.jpeg","type":"image\/jpeg"}],"author":"Mariana Otero","twitter_card":"summary_large_image","twitter_misc":{"Escrito por":"Mariana Otero","Tiempo de lectura":"26 minutos"},"schema":{"@context":"https:\/\/schema.org","@graph":[{"@type":"Article","@id":"https:\/\/modoviajeok.com.ar\/index.php\/2025\/05\/27\/rosario-de-la-frontera-el-hotel-termal-mas-antiguo-de-sudamerica-cumple-145-anos\/#article","isPartOf":{"@id":"https:\/\/modoviajeok.com.ar\/index.php\/2025\/05\/27\/rosario-de-la-frontera-el-hotel-termal-mas-antiguo-de-sudamerica-cumple-145-anos\/"},"author":{"name":"Mariana Otero","@id":"https:\/\/modoviajeok.com.ar\/#\/schema\/person\/1187013488537969db5b1320484d24f4"},"headline":"Rosario de la Frontera: El hotel termal m\u00e1s antiguo de Sudam\u00e9rica cumple 145 a\u00f1os","datePublished":"2025-05-27T16:06:21+00:00","dateModified":"2025-06-03T19:19:18+00:00","mainEntityOfPage":{"@id":"https:\/\/modoviajeok.com.ar\/index.php\/2025\/05\/27\/rosario-de-la-frontera-el-hotel-termal-mas-antiguo-de-sudamerica-cumple-145-anos\/"},"wordCount":5008,"commentCount":0,"publisher":{"@id":"https:\/\/modoviajeok.com.ar\/#organization"},"image":{"@id":"https:\/\/modoviajeok.com.ar\/index.php\/2025\/05\/27\/rosario-de-la-frontera-el-hotel-termal-mas-antiguo-de-sudamerica-cumple-145-anos\/#primaryimage"},"thumbnailUrl":"https:\/\/modoviajeok.com.ar\/wp-content\/uploads\/2025\/05\/WhatsApp-Image-2025-05-24-at-12.08.10-1.jpeg","keywords":["argentina","domingo f sarmiento","hotel","hotel termas","rosario de la frontera","salta","termas"],"articleSection":["Argentina","Destacadas"],"inLanguage":"es","potentialAction":[{"@type":"CommentAction","name":"Comment","target":["https:\/\/modoviajeok.com.ar\/index.php\/2025\/05\/27\/rosario-de-la-frontera-el-hotel-termal-mas-antiguo-de-sudamerica-cumple-145-anos\/#respond"]}]},{"@type":"WebPage","@id":"https:\/\/modoviajeok.com.ar\/index.php\/2025\/05\/27\/rosario-de-la-frontera-el-hotel-termal-mas-antiguo-de-sudamerica-cumple-145-anos\/","url":"https:\/\/modoviajeok.com.ar\/index.php\/2025\/05\/27\/rosario-de-la-frontera-el-hotel-termal-mas-antiguo-de-sudamerica-cumple-145-anos\/","name":"Rosario de la Frontera: El hotel termal m\u00e1s antiguo de Sudam\u00e9rica cumple 145 a\u00f1os -","isPartOf":{"@id":"https:\/\/modoviajeok.com.ar\/#website"},"primaryImageOfPage":{"@id":"https:\/\/modoviajeok.com.ar\/index.php\/2025\/05\/27\/rosario-de-la-frontera-el-hotel-termal-mas-antiguo-de-sudamerica-cumple-145-anos\/#primaryimage"},"image":{"@id":"https:\/\/modoviajeok.com.ar\/index.php\/2025\/05\/27\/rosario-de-la-frontera-el-hotel-termal-mas-antiguo-de-sudamerica-cumple-145-anos\/#primaryimage"},"thumbnailUrl":"https:\/\/modoviajeok.com.ar\/wp-content\/uploads\/2025\/05\/WhatsApp-Image-2025-05-24-at-12.08.10-1.jpeg","datePublished":"2025-05-27T16:06:21+00:00","dateModified":"2025-06-03T19:19:18+00:00","description":"El Hotel Termas de Rosario de la Frontera data de 1880. Fue visitado por presidentes y prsonalidades. Tiene canchas de golf y spa.","breadcrumb":{"@id":"https:\/\/modoviajeok.com.ar\/index.php\/2025\/05\/27\/rosario-de-la-frontera-el-hotel-termal-mas-antiguo-de-sudamerica-cumple-145-anos\/#breadcrumb"},"inLanguage":"es","potentialAction":[{"@type":"ReadAction","target":["https:\/\/modoviajeok.com.ar\/index.php\/2025\/05\/27\/rosario-de-la-frontera-el-hotel-termal-mas-antiguo-de-sudamerica-cumple-145-anos\/"]}]},{"@type":"ImageObject","inLanguage":"es","@id":"https:\/\/modoviajeok.com.ar\/index.php\/2025\/05\/27\/rosario-de-la-frontera-el-hotel-termal-mas-antiguo-de-sudamerica-cumple-145-anos\/#primaryimage","url":"https:\/\/modoviajeok.com.ar\/wp-content\/uploads\/2025\/05\/WhatsApp-Image-2025-05-24-at-12.08.10-1.jpeg","contentUrl":"https:\/\/modoviajeok.com.ar\/wp-content\/uploads\/2025\/05\/WhatsApp-Image-2025-05-24-at-12.08.10-1.jpeg","width":1046,"height":697},{"@type":"BreadcrumbList","@id":"https:\/\/modoviajeok.com.ar\/index.php\/2025\/05\/27\/rosario-de-la-frontera-el-hotel-termal-mas-antiguo-de-sudamerica-cumple-145-anos\/#breadcrumb","itemListElement":[{"@type":"ListItem","position":1,"name":"Portada","item":"https:\/\/modoviajeok.com.ar\/"},{"@type":"ListItem","position":2,"name":"Rosario de la Frontera: El hotel termal m\u00e1s antiguo de Sudam\u00e9rica cumple 145 a\u00f1os"}]},{"@type":"WebSite","@id":"https:\/\/modoviajeok.com.ar\/#website","url":"https:\/\/modoviajeok.com.ar\/","name":"ModoViajeOK","description":"","publisher":{"@id":"https:\/\/modoviajeok.com.ar\/#organization"},"potentialAction":[{"@type":"SearchAction","target":{"@type":"EntryPoint","urlTemplate":"https:\/\/modoviajeok.com.ar\/?s={search_term_string}"},"query-input":{"@type":"PropertyValueSpecification","valueRequired":true,"valueName":"search_term_string"}}],"inLanguage":"es"},{"@type":"Organization","@id":"https:\/\/modoviajeok.com.ar\/#organization","name":"ModoViajeOK","url":"https:\/\/modoviajeok.com.ar\/","logo":{"@type":"ImageObject","inLanguage":"es","@id":"https:\/\/modoviajeok.com.ar\/#\/schema\/logo\/image\/","url":"https:\/\/modoviajeok.com.ar\/wp-content\/uploads\/2025\/01\/Logo-modoviajeok.png","contentUrl":"https:\/\/modoviajeok.com.ar\/wp-content\/uploads\/2025\/01\/Logo-modoviajeok.png","width":2938,"height":2276,"caption":"ModoViajeOK"},"image":{"@id":"https:\/\/modoviajeok.com.ar\/#\/schema\/logo\/image\/"},"sameAs":["https:\/\/www.facebook.com\/mariana.otero1\/","https:\/\/www.instagram.com\/modoviaje.ok\/"]},{"@type":"Person","@id":"https:\/\/modoviajeok.com.ar\/#\/schema\/person\/1187013488537969db5b1320484d24f4","name":"Mariana Otero","image":{"@type":"ImageObject","inLanguage":"es","@id":"https:\/\/modoviajeok.com.ar\/#\/schema\/person\/image\/","url":"https:\/\/secure.gravatar.com\/avatar\/8a91a502a9336849a3500b9090c431bc1418f1d1263d893afeddba065f5add82?s=96&d=mm&r=g","contentUrl":"https:\/\/secure.gravatar.com\/avatar\/8a91a502a9336849a3500b9090c431bc1418f1d1263d893afeddba065f5add82?s=96&d=mm&r=g","caption":"Mariana Otero"},"url":"https:\/\/modoviajeok.com.ar\/index.php\/author\/mariana2025\/"}]}},"_links":{"self":[{"href":"https:\/\/modoviajeok.com.ar\/index.php\/wp-json\/wp\/v2\/posts\/3950","targetHints":{"allow":["GET"]}}],"collection":[{"href":"https:\/\/modoviajeok.com.ar\/index.php\/wp-json\/wp\/v2\/posts"}],"about":[{"href":"https:\/\/modoviajeok.com.ar\/index.php\/wp-json\/wp\/v2\/types\/post"}],"author":[{"embeddable":true,"href":"https:\/\/modoviajeok.com.ar\/index.php\/wp-json\/wp\/v2\/users\/2"}],"replies":[{"embeddable":true,"href":"https:\/\/modoviajeok.com.ar\/index.php\/wp-json\/wp\/v2\/comments?post=3950"}],"version-history":[{"count":8,"href":"https:\/\/modoviajeok.com.ar\/index.php\/wp-json\/wp\/v2\/posts\/3950\/revisions"}],"predecessor-version":[{"id":4064,"href":"https:\/\/modoviajeok.com.ar\/index.php\/wp-json\/wp\/v2\/posts\/3950\/revisions\/4064"}],"wp:featuredmedia":[{"embeddable":true,"href":"https:\/\/modoviajeok.com.ar\/index.php\/wp-json\/wp\/v2\/media\/3951"}],"wp:attachment":[{"href":"https:\/\/modoviajeok.com.ar\/index.php\/wp-json\/wp\/v2\/media?parent=3950"}],"wp:term":[{"taxonomy":"category","embeddable":true,"href":"https:\/\/modoviajeok.com.ar\/index.php\/wp-json\/wp\/v2\/categories?post=3950"},{"taxonomy":"post_tag","embeddable":true,"href":"https:\/\/modoviajeok.com.ar\/index.php\/wp-json\/wp\/v2\/tags?post=3950"}],"curies":[{"name":"wp","href":"https:\/\/api.w.org\/{rel}","templated":true}]}}