{"id":3992,"date":"2025-05-28T09:00:19","date_gmt":"2025-05-28T12:00:19","guid":{"rendered":"https:\/\/modoviajeok.com.ar\/?p=3992"},"modified":"2025-05-28T10:02:54","modified_gmt":"2025-05-28T13:02:54","slug":"la-loma-resguarda-el-espiritu-de-villa-del-totoral","status":"publish","type":"post","link":"https:\/\/modoviajeok.com.ar\/index.php\/2025\/05\/28\/la-loma-resguarda-el-espiritu-de-villa-del-totoral\/","title":{"rendered":"La Loma resguarda el esp\u00edritu de Villa del Totoral"},"content":{"rendered":"\n<p><\/p>\n\n\n\n<figure class=\"wp-block-pullquote\"><blockquote><p>En la distinguida, hist\u00f3rica y bien criolla ubicada en el norte de la provincia de C\u00f3rdoba, la casa de 1950 que fuera de Roberto J. Noble, el fundador del diario Clar\u00edn, se levanta hoy, y desde hace casi tres d\u00e9cadas, como una estancia de campo.&nbsp;<\/p><\/blockquote><\/figure>\n\n\n\n<p><\/p>\n\n\n\n<figure class=\"wp-block-image size-full\"><img loading=\"lazy\" decoding=\"async\" width=\"2560\" height=\"1928\" src=\"https:\/\/modoviajeok.com.ar\/wp-content\/uploads\/2025\/05\/IMG_20240417_074339-scaled.jpg\" alt=\"\" class=\"wp-image-4005\" srcset=\"https:\/\/modoviajeok.com.ar\/wp-content\/uploads\/2025\/05\/IMG_20240417_074339-scaled.jpg 2560w, https:\/\/modoviajeok.com.ar\/wp-content\/uploads\/2025\/05\/IMG_20240417_074339-768x578.jpg 768w, https:\/\/modoviajeok.com.ar\/wp-content\/uploads\/2025\/05\/IMG_20240417_074339-1536x1157.jpg 1536w, https:\/\/modoviajeok.com.ar\/wp-content\/uploads\/2025\/05\/IMG_20240417_074339-2048x1542.jpg 2048w, https:\/\/modoviajeok.com.ar\/wp-content\/uploads\/2025\/05\/IMG_20240417_074339-558x420.jpg 558w, https:\/\/modoviajeok.com.ar\/wp-content\/uploads\/2025\/05\/IMG_20240417_074339-80x60.jpg 80w, https:\/\/modoviajeok.com.ar\/wp-content\/uploads\/2025\/05\/IMG_20240417_074339-150x113.jpg 150w, https:\/\/modoviajeok.com.ar\/wp-content\/uploads\/2025\/05\/IMG_20240417_074339-300x226.jpg 300w, https:\/\/modoviajeok.com.ar\/wp-content\/uploads\/2025\/05\/IMG_20240417_074339-696x524.jpg 696w, https:\/\/modoviajeok.com.ar\/wp-content\/uploads\/2025\/05\/IMG_20240417_074339-1068x804.jpg 1068w, https:\/\/modoviajeok.com.ar\/wp-content\/uploads\/2025\/05\/IMG_20240417_074339-1920x1446.jpg 1920w\" sizes=\"auto, (max-width: 2560px) 100vw, 2560px\" \/><\/figure>\n\n\n\n<p>Est\u00e1 ubicada a 84 kil\u00f3metros de la ciudad de C\u00f3rdoba, en un predio precioso en pleno centro del pueblo, conocido por sus casonas hist\u00f3ricas y por los visitantes ilustres del siglo pasado, como el poeta espa\u00f1ol Rafael Alberti y el premio Nobel chileno Pablo Neruda. Se trata de La Loma, una estancia cuya marca de distinci\u00f3n es el agasajo y la atenci\u00f3n al viajero.&nbsp;<\/p>\n\n\n\n<p>La visita comienza varias semanas antes de la llegada, cuando los anfitriones consultan a sus futuros hu\u00e9spedes sobre sus gustos y deseos, desde la m\u00fasica hasta las preferencias gastron\u00f3micas. Si al visitante le interesa la historia o el arte es posible organizar una charla mano a mano con un historiador o si es amante del jazz, gozar con un cantante que amenice la cena.&nbsp;<\/p>\n\n\n\n<p>La Loma se encuentra a la vera del antiguo Camino Real que un\u00eda al virreinato del Alto Per\u00fa con el del R\u00edo de la Plata, sobre las tierras que fueron dadas en merced a Pedro Luis de Cabrera, hijo de Jer\u00f3nimo Luis de Cabrera, el fundador de C\u00f3rdoba.&nbsp;&nbsp;<\/p>\n\n\n\n<figure class=\"wp-block-image size-full\"><img loading=\"lazy\" decoding=\"async\" width=\"1928\" height=\"2560\" src=\"https:\/\/modoviajeok.com.ar\/wp-content\/uploads\/2025\/05\/IMG_20240417_085821-scaled.jpg\" alt=\"\" class=\"wp-image-3994\" srcset=\"https:\/\/modoviajeok.com.ar\/wp-content\/uploads\/2025\/05\/IMG_20240417_085821-scaled.jpg 1928w, https:\/\/modoviajeok.com.ar\/wp-content\/uploads\/2025\/05\/IMG_20240417_085821-768x1020.jpg 768w, https:\/\/modoviajeok.com.ar\/wp-content\/uploads\/2025\/05\/IMG_20240417_085821-1157x1536.jpg 1157w, https:\/\/modoviajeok.com.ar\/wp-content\/uploads\/2025\/05\/IMG_20240417_085821-1542x2048.jpg 1542w, https:\/\/modoviajeok.com.ar\/wp-content\/uploads\/2025\/05\/IMG_20240417_085821-316x420.jpg 316w, https:\/\/modoviajeok.com.ar\/wp-content\/uploads\/2025\/05\/IMG_20240417_085821-150x199.jpg 150w, https:\/\/modoviajeok.com.ar\/wp-content\/uploads\/2025\/05\/IMG_20240417_085821-300x398.jpg 300w, https:\/\/modoviajeok.com.ar\/wp-content\/uploads\/2025\/05\/IMG_20240417_085821-696x924.jpg 696w, https:\/\/modoviajeok.com.ar\/wp-content\/uploads\/2025\/05\/IMG_20240417_085821-1068x1418.jpg 1068w, https:\/\/modoviajeok.com.ar\/wp-content\/uploads\/2025\/05\/IMG_20240417_085821-1920x2550.jpg 1920w\" sizes=\"auto, (max-width: 1928px) 100vw, 1928px\" \/><\/figure>\n\n\n\n<p>En la estancia se respira historia, la m\u00e1s antigua y la&nbsp;contempor\u00e1nea.&nbsp;<\/p>\n\n\n\n<p>Se advierte un deseo genuino de preservar la memoria de Roberto Noble, que construy\u00f3 la casa a mediados del siglo pasado en un terreno de 20 hect\u00e1reas. Lo hizo sobre el antiguo casco de estancia de la familia Allende, con presencia en Totoral desde 1771.&nbsp;<\/p>\n\n\n\n<p>Federico Castellanos, administrador y anfitri\u00f3n de La Loma, cuenta que Guadalupe \u201cLupita\u201d Noble -la heredera de la estancia- la vendi\u00f3 a sus actuales due\u00f1os con la intenci\u00f3n de que mantuviera el esp\u00edritu que la vio nacer. En un libro de su autor\u00eda, la hija del poderoso empresario deja entrever que Totoral fue el lugar en el mundo de su padre, que muri\u00f3 en esa casa cordobesa en 1969.&nbsp;<\/p>\n\n\n\n<p>Noble, que dirigi\u00f3 Clar\u00edn hasta su muerte, ten\u00eda su oficina de trabajo en su finca buc\u00f3lica y tranquila, donde plant\u00f3 vides y llev\u00f3 toros.&nbsp;<\/p>\n\n\n\n<p>En el pueblo lo recuerdan porque gracias a sus gestiones lleg\u00f3 la energ\u00eda el\u00e9ctrica y el tel\u00e9fono.&nbsp;<\/p>\n\n\n\n<p>En La Loma se realizaban tertulias y algunas fiestas. La visit\u00f3 el expresidente Arturo Frondizi (una de las piezas lleva su nombre y otra, la de Noble) y personalidades de la pol\u00edtica y la cultura, como el destacado Rafael Alberti.&nbsp;La casa se mantiene tal como Noble la dej\u00f3, con espacios sobrios y elegantes, acogedores y luminosos.&nbsp;<\/p>\n\n\n\n<p>Tiene una galer\u00eda preciosa -tal vez una de las m\u00e1s grandes de las estancias argentinas-, con espacios para la contemplaci\u00f3n y la lectura, con motivos andaluces en las paredes y en los bancos de descanso. Desde esta ala construida sobre el antiguo casco, donde se ubican gran parte de las 10 habitaciones, se puede contemplar el amanecer que asoma entre los \u00e1rboles para dorar los arcos que miran al parque de cuatro hect\u00e1reas y al fog\u00f3n en el jard\u00edn.&nbsp;<\/p>\n\n\n\n<p>Los cuartos son amplios y sobrios, con camas comod\u00edsimas y ba\u00f1o privado. La ba\u00f1adera de la habitaci\u00f3n de Noble es de m\u00e1rmol gris, casi una pieza de arte. El living comedor principal tiene un hogar y ventanales con vistas, hay dos comedores secundarios y una vieja sala de armas.&nbsp;<\/p>\n\n\n\n<p>En la parte m\u00e1s antigua se encuentra el granero donde se guardaban las carretas, con piso de adoquines de madera, en proceso de restauraci\u00f3n. Bajando una escalera se llega a un patio andaluz y a otro romano. En la casa principal hay una terraza que alguna vez tuvo un montacarga para alcanzar la comida las noches en que Noble y su hija ve\u00edan cine a la luz de las estrellas.<\/p>\n\n\n\n<figure class=\"wp-block-image size-full\"><img loading=\"lazy\" decoding=\"async\" width=\"2560\" height=\"1928\" src=\"https:\/\/modoviajeok.com.ar\/wp-content\/uploads\/2025\/05\/IMG_20240417_075336-scaled.jpg\" alt=\"\" class=\"wp-image-3999\" srcset=\"https:\/\/modoviajeok.com.ar\/wp-content\/uploads\/2025\/05\/IMG_20240417_075336-scaled.jpg 2560w, https:\/\/modoviajeok.com.ar\/wp-content\/uploads\/2025\/05\/IMG_20240417_075336-768x578.jpg 768w, https:\/\/modoviajeok.com.ar\/wp-content\/uploads\/2025\/05\/IMG_20240417_075336-1536x1157.jpg 1536w, https:\/\/modoviajeok.com.ar\/wp-content\/uploads\/2025\/05\/IMG_20240417_075336-2048x1542.jpg 2048w, https:\/\/modoviajeok.com.ar\/wp-content\/uploads\/2025\/05\/IMG_20240417_075336-558x420.jpg 558w, https:\/\/modoviajeok.com.ar\/wp-content\/uploads\/2025\/05\/IMG_20240417_075336-80x60.jpg 80w, https:\/\/modoviajeok.com.ar\/wp-content\/uploads\/2025\/05\/IMG_20240417_075336-150x113.jpg 150w, https:\/\/modoviajeok.com.ar\/wp-content\/uploads\/2025\/05\/IMG_20240417_075336-300x226.jpg 300w, https:\/\/modoviajeok.com.ar\/wp-content\/uploads\/2025\/05\/IMG_20240417_075336-696x524.jpg 696w, https:\/\/modoviajeok.com.ar\/wp-content\/uploads\/2025\/05\/IMG_20240417_075336-1068x804.jpg 1068w, https:\/\/modoviajeok.com.ar\/wp-content\/uploads\/2025\/05\/IMG_20240417_075336-1920x1446.jpg 1920w\" sizes=\"auto, (max-width: 2560px) 100vw, 2560px\" \/><\/figure>\n\n\n\n<p>En el parque se encuentra&nbsp;una pileta moderna que mantiene la forma de un antiguo calicanto de la \u00e9poca de los Allende que se llenaba por la acequia y pasaba por el ba\u00f1o romano. No se alteraron las estructuras originales. \u201cPara nosotros es clave respetar la historia de la casa, tocarla lo menos posible\u201d, dice Castellanos.&nbsp;<\/p>\n\n\n\n<p>Carmen Sanchez Bret\u00f3n, una de las anfitrionas encargada de la decoraci\u00f3n, del armado de ramos y de las mesas dulces, cree que es importante preservar el valor hist\u00f3rico de la casa \u201cpor lo que hizo Noble por el pueblo\u201d. \u201cTiene un halo misterioso. Soy partidaria de mantener ese misterio porque no es una casa m\u00e1s sino una casa en la que se vivi\u00f3 mucho. Era una vivienda festiva. Tratamos de tener ese esp\u00edritu de algarab\u00eda, de pasarla b\u00e1rbaro, de que no haya restricciones, de que te envuelva ese misterio, de poder andar descalzo en el pasto sin que nadie te est\u00e9 se\u00f1alando, sin la presi\u00f3n de un hotel boutique\u201d, opina.<\/p>\n\n\n\n<p>Durante 25 a\u00f1os la estancia funcion\u00f3 como hotel para extranjeros, pero en los \u00faltimos tres se abri\u00f3 al mercado local para que m\u00e1s argentinos se enamoren de Totoral.&nbsp;<\/p>\n\n\n\n<p>La Loma trabaja con proveedores locales, con las se\u00f1oras del pueblo que elaboran dulces caseros y pan o con Goyo, que hace tortas fritas. Es parte de la cultura de la estancia que, aseguran, a los hu\u00e9spedes les encanta.<\/p>\n\n\n\n<p>Carmen dice que la gran fortaleza del lugar es el personal, atento a cada detalle. Intentan no superponer m\u00e1s de dos grupos en la misma fecha, y se les asigna un comedor para cada uno.<\/p>\n\n\n\n<p>Ofrecen cabalgatas en un bonito predio cerrado y se organizan caminatas por el circuito de las casonas hist\u00f3ricas del pueblo, como la conocida como \u201cEl Kremlin\u201d en la que se alojaron Neruda y Alberti.&nbsp;<\/p>\n\n\n\n<p>Los horarios son flexibles. No hay un momento determinado para el desayuno o el almuerzo.&nbsp;<\/p>\n\n\n\n<p>\u201cNo recibimos a la gente como clientes sino como personas. Nos enfocamos en las peque\u00f1as necesidades que podemos satisfacer. \u00bfQuer\u00e9s tomar un caf\u00e9 a las 11 de la ma\u00f1ana? No hay problemas, ped\u00eds y est\u00e1. Es un agasajo, un mimo para esa persona que viene buscando un poco de calma, de tranquilidad y de desconectarse\u201d, dice Carmen.&nbsp;<\/p>\n\n\n\n<p>La idea es prestarles atenci\u00f3n, sin invadirlos.&nbsp;<\/p>\n\n\n\n<p>No ofrecen comida gourmet sino casera, con productos frescos. Un recomendable son los arrolladitos de berenjenas y brusquetas de champi\u00f1ones, la lasagna con salsa roja y los crepes de dulce de leche. Una vez m\u00e1s, La Loma ofrece experiencias.&nbsp;<\/p>\n\n\n\n<p>\u201cLa gente tiene que sentir que la casa es suya. que son due\u00f1os de un hotel, que los van a atender con todos los detalles\u201d, subraya Castellanos. Lo bueno es estar ah\u00ed.<\/p>\n\n\n\n<p>En este para\u00edso natural, donde s\u00f3lo se escucha el sonido de los p\u00e1jaros; la gente descansa. Casi podr\u00eda decirse que los anfitriones miden el \u00e9xito de la estad\u00eda por la hora en que la gente se levanta. Aqu\u00ed se duerme tranquilo.&nbsp;<\/p>\n\n\n\n<p>Hasta ahora la estancia se ha conocido de boca en boca como un secreto que se transmite casi sin querer. No piden rese\u00f1as en plataformas y el \u00fanico term\u00f3metro de satisfacci\u00f3n lo dan los audios que les env\u00edan al d\u00eda siguiente de la partida.&nbsp;<\/p>\n\n\n\n<p>\u201cHay muchas personas que llegan y no saben con qu\u00e9 se van a encontrar y quedan fascinadas, porque si bien es un hotel con todo lo que necesita para serlo, tienen libertad. No es atenci\u00f3n personalizada sino simplemente cada uno de nosotros da lo que le va saliendo. Es una experiencia muy distinta\u201d, asegura Sanchez Bret\u00f3n.<\/p>\n\n\n\n<p><em>Esta nota se public\u00f3 originalmente en el <a href=\"https:\/\/www.lanacion.com.ar\/revista-lugares\/la-loma-fue-casa-de-campo-de-una-familia-aristocratica-y-recibe-huespedes-sobre-el-antiguo-camino-nid03082024\/\">diario La Naci\u00f3n<\/a>.<\/em><\/p>\n\n\n\n<p><\/p>\n\n\n\n<figure class=\"wp-block-gallery has-nested-images columns-default is-cropped wp-block-gallery-1 is-layout-flex wp-block-gallery-is-layout-flex\">\n<figure class=\"wp-block-image size-large\"><img loading=\"lazy\" decoding=\"async\" width=\"1928\" height=\"2560\" data-id=\"4002\" src=\"https:\/\/modoviajeok.com.ar\/wp-content\/uploads\/2025\/05\/IMG_20240417_074531-scaled.jpg\" alt=\"\" class=\"wp-image-4002\" srcset=\"https:\/\/modoviajeok.com.ar\/wp-content\/uploads\/2025\/05\/IMG_20240417_074531-scaled.jpg 1928w, https:\/\/modoviajeok.com.ar\/wp-content\/uploads\/2025\/05\/IMG_20240417_074531-768x1020.jpg 768w, https:\/\/modoviajeok.com.ar\/wp-content\/uploads\/2025\/05\/IMG_20240417_074531-1157x1536.jpg 1157w, https:\/\/modoviajeok.com.ar\/wp-content\/uploads\/2025\/05\/IMG_20240417_074531-1542x2048.jpg 1542w, https:\/\/modoviajeok.com.ar\/wp-content\/uploads\/2025\/05\/IMG_20240417_074531-316x420.jpg 316w, https:\/\/modoviajeok.com.ar\/wp-content\/uploads\/2025\/05\/IMG_20240417_074531-150x199.jpg 150w, https:\/\/modoviajeok.com.ar\/wp-content\/uploads\/2025\/05\/IMG_20240417_074531-300x398.jpg 300w, https:\/\/modoviajeok.com.ar\/wp-content\/uploads\/2025\/05\/IMG_20240417_074531-696x924.jpg 696w, https:\/\/modoviajeok.com.ar\/wp-content\/uploads\/2025\/05\/IMG_20240417_074531-1068x1418.jpg 1068w, https:\/\/modoviajeok.com.ar\/wp-content\/uploads\/2025\/05\/IMG_20240417_074531-1920x2550.jpg 1920w\" sizes=\"auto, (max-width: 1928px) 100vw, 1928px\" \/><\/figure>\n\n\n\n<figure class=\"wp-block-image size-large\"><img loading=\"lazy\" decoding=\"async\" width=\"2560\" height=\"1928\" data-id=\"4004\" src=\"https:\/\/modoviajeok.com.ar\/wp-content\/uploads\/2025\/05\/IMG_20240417_074416-scaled.jpg\" alt=\"\" class=\"wp-image-4004\" srcset=\"https:\/\/modoviajeok.com.ar\/wp-content\/uploads\/2025\/05\/IMG_20240417_074416-scaled.jpg 2560w, https:\/\/modoviajeok.com.ar\/wp-content\/uploads\/2025\/05\/IMG_20240417_074416-768x578.jpg 768w, https:\/\/modoviajeok.com.ar\/wp-content\/uploads\/2025\/05\/IMG_20240417_074416-1536x1157.jpg 1536w, https:\/\/modoviajeok.com.ar\/wp-content\/uploads\/2025\/05\/IMG_20240417_074416-2048x1542.jpg 2048w, https:\/\/modoviajeok.com.ar\/wp-content\/uploads\/2025\/05\/IMG_20240417_074416-558x420.jpg 558w, https:\/\/modoviajeok.com.ar\/wp-content\/uploads\/2025\/05\/IMG_20240417_074416-80x60.jpg 80w, https:\/\/modoviajeok.com.ar\/wp-content\/uploads\/2025\/05\/IMG_20240417_074416-150x113.jpg 150w, https:\/\/modoviajeok.com.ar\/wp-content\/uploads\/2025\/05\/IMG_20240417_074416-300x226.jpg 300w, https:\/\/modoviajeok.com.ar\/wp-content\/uploads\/2025\/05\/IMG_20240417_074416-696x524.jpg 696w, https:\/\/modoviajeok.com.ar\/wp-content\/uploads\/2025\/05\/IMG_20240417_074416-1068x804.jpg 1068w, https:\/\/modoviajeok.com.ar\/wp-content\/uploads\/2025\/05\/IMG_20240417_074416-1920x1446.jpg 1920w\" sizes=\"auto, (max-width: 2560px) 100vw, 2560px\" \/><\/figure>\n\n\n\n<figure class=\"wp-block-image size-large\"><img loading=\"lazy\" decoding=\"async\" width=\"2560\" height=\"1928\" data-id=\"4003\" src=\"https:\/\/modoviajeok.com.ar\/wp-content\/uploads\/2025\/05\/IMG_20240417_074441-scaled.jpg\" alt=\"\" class=\"wp-image-4003\" srcset=\"https:\/\/modoviajeok.com.ar\/wp-content\/uploads\/2025\/05\/IMG_20240417_074441-scaled.jpg 2560w, https:\/\/modoviajeok.com.ar\/wp-content\/uploads\/2025\/05\/IMG_20240417_074441-768x578.jpg 768w, https:\/\/modoviajeok.com.ar\/wp-content\/uploads\/2025\/05\/IMG_20240417_074441-1536x1157.jpg 1536w, https:\/\/modoviajeok.com.ar\/wp-content\/uploads\/2025\/05\/IMG_20240417_074441-2048x1542.jpg 2048w, https:\/\/modoviajeok.com.ar\/wp-content\/uploads\/2025\/05\/IMG_20240417_074441-558x420.jpg 558w, https:\/\/modoviajeok.com.ar\/wp-content\/uploads\/2025\/05\/IMG_20240417_074441-80x60.jpg 80w, https:\/\/modoviajeok.com.ar\/wp-content\/uploads\/2025\/05\/IMG_20240417_074441-150x113.jpg 150w, https:\/\/modoviajeok.com.ar\/wp-content\/uploads\/2025\/05\/IMG_20240417_074441-300x226.jpg 300w, https:\/\/modoviajeok.com.ar\/wp-content\/uploads\/2025\/05\/IMG_20240417_074441-696x524.jpg 696w, https:\/\/modoviajeok.com.ar\/wp-content\/uploads\/2025\/05\/IMG_20240417_074441-1068x804.jpg 1068w, https:\/\/modoviajeok.com.ar\/wp-content\/uploads\/2025\/05\/IMG_20240417_074441-1920x1446.jpg 1920w\" sizes=\"auto, (max-width: 2560px) 100vw, 2560px\" \/><\/figure>\n\n\n\n<figure class=\"wp-block-image size-large\"><img loading=\"lazy\" decoding=\"async\" width=\"1928\" height=\"2560\" data-id=\"3996\" src=\"https:\/\/modoviajeok.com.ar\/wp-content\/uploads\/2025\/05\/IMG_20240417_084416-scaled.jpg\" alt=\"\" class=\"wp-image-3996\" srcset=\"https:\/\/modoviajeok.com.ar\/wp-content\/uploads\/2025\/05\/IMG_20240417_084416-scaled.jpg 1928w, https:\/\/modoviajeok.com.ar\/wp-content\/uploads\/2025\/05\/IMG_20240417_084416-768x1020.jpg 768w, https:\/\/modoviajeok.com.ar\/wp-content\/uploads\/2025\/05\/IMG_20240417_084416-1157x1536.jpg 1157w, https:\/\/modoviajeok.com.ar\/wp-content\/uploads\/2025\/05\/IMG_20240417_084416-1542x2048.jpg 1542w, https:\/\/modoviajeok.com.ar\/wp-content\/uploads\/2025\/05\/IMG_20240417_084416-316x420.jpg 316w, https:\/\/modoviajeok.com.ar\/wp-content\/uploads\/2025\/05\/IMG_20240417_084416-150x199.jpg 150w, https:\/\/modoviajeok.com.ar\/wp-content\/uploads\/2025\/05\/IMG_20240417_084416-300x398.jpg 300w, https:\/\/modoviajeok.com.ar\/wp-content\/uploads\/2025\/05\/IMG_20240417_084416-696x924.jpg 696w, https:\/\/modoviajeok.com.ar\/wp-content\/uploads\/2025\/05\/IMG_20240417_084416-1068x1418.jpg 1068w, https:\/\/modoviajeok.com.ar\/wp-content\/uploads\/2025\/05\/IMG_20240417_084416-1920x2550.jpg 1920w\" sizes=\"auto, (max-width: 1928px) 100vw, 1928px\" \/><\/figure>\n\n\n\n<figure class=\"wp-block-image size-large\"><img loading=\"lazy\" decoding=\"async\" width=\"2560\" height=\"1928\" data-id=\"4000\" src=\"https:\/\/modoviajeok.com.ar\/wp-content\/uploads\/2025\/05\/IMG_20240417_074711-scaled.jpg\" alt=\"\" class=\"wp-image-4000\" srcset=\"https:\/\/modoviajeok.com.ar\/wp-content\/uploads\/2025\/05\/IMG_20240417_074711-scaled.jpg 2560w, https:\/\/modoviajeok.com.ar\/wp-content\/uploads\/2025\/05\/IMG_20240417_074711-768x578.jpg 768w, https:\/\/modoviajeok.com.ar\/wp-content\/uploads\/2025\/05\/IMG_20240417_074711-1536x1157.jpg 1536w, https:\/\/modoviajeok.com.ar\/wp-content\/uploads\/2025\/05\/IMG_20240417_074711-2048x1542.jpg 2048w, https:\/\/modoviajeok.com.ar\/wp-content\/uploads\/2025\/05\/IMG_20240417_074711-558x420.jpg 558w, https:\/\/modoviajeok.com.ar\/wp-content\/uploads\/2025\/05\/IMG_20240417_074711-80x60.jpg 80w, https:\/\/modoviajeok.com.ar\/wp-content\/uploads\/2025\/05\/IMG_20240417_074711-150x113.jpg 150w, https:\/\/modoviajeok.com.ar\/wp-content\/uploads\/2025\/05\/IMG_20240417_074711-300x226.jpg 300w, https:\/\/modoviajeok.com.ar\/wp-content\/uploads\/2025\/05\/IMG_20240417_074711-696x524.jpg 696w, https:\/\/modoviajeok.com.ar\/wp-content\/uploads\/2025\/05\/IMG_20240417_074711-1068x804.jpg 1068w, https:\/\/modoviajeok.com.ar\/wp-content\/uploads\/2025\/05\/IMG_20240417_074711-1920x1446.jpg 1920w\" sizes=\"auto, (max-width: 2560px) 100vw, 2560px\" \/><\/figure>\n\n\n\n<figure class=\"wp-block-image size-large\"><img loading=\"lazy\" decoding=\"async\" width=\"1928\" height=\"2560\" data-id=\"4001\" src=\"https:\/\/modoviajeok.com.ar\/wp-content\/uploads\/2025\/05\/IMG_20240417_074555-scaled.jpg\" alt=\"\" class=\"wp-image-4001\" srcset=\"https:\/\/modoviajeok.com.ar\/wp-content\/uploads\/2025\/05\/IMG_20240417_074555-scaled.jpg 1928w, https:\/\/modoviajeok.com.ar\/wp-content\/uploads\/2025\/05\/IMG_20240417_074555-768x1020.jpg 768w, https:\/\/modoviajeok.com.ar\/wp-content\/uploads\/2025\/05\/IMG_20240417_074555-1157x1536.jpg 1157w, https:\/\/modoviajeok.com.ar\/wp-content\/uploads\/2025\/05\/IMG_20240417_074555-1542x2048.jpg 1542w, https:\/\/modoviajeok.com.ar\/wp-content\/uploads\/2025\/05\/IMG_20240417_074555-316x420.jpg 316w, https:\/\/modoviajeok.com.ar\/wp-content\/uploads\/2025\/05\/IMG_20240417_074555-150x199.jpg 150w, https:\/\/modoviajeok.com.ar\/wp-content\/uploads\/2025\/05\/IMG_20240417_074555-300x398.jpg 300w, https:\/\/modoviajeok.com.ar\/wp-content\/uploads\/2025\/05\/IMG_20240417_074555-696x924.jpg 696w, https:\/\/modoviajeok.com.ar\/wp-content\/uploads\/2025\/05\/IMG_20240417_074555-1068x1418.jpg 1068w, https:\/\/modoviajeok.com.ar\/wp-content\/uploads\/2025\/05\/IMG_20240417_074555-1920x2550.jpg 1920w\" sizes=\"auto, (max-width: 1928px) 100vw, 1928px\" \/><\/figure>\n\n\n\n<figure class=\"wp-block-image size-large\"><img loading=\"lazy\" decoding=\"async\" width=\"2560\" height=\"1928\" data-id=\"3995\" src=\"https:\/\/modoviajeok.com.ar\/wp-content\/uploads\/2025\/05\/IMG_20240417_085450-scaled.jpg\" alt=\"\" class=\"wp-image-3995\" srcset=\"https:\/\/modoviajeok.com.ar\/wp-content\/uploads\/2025\/05\/IMG_20240417_085450-scaled.jpg 2560w, https:\/\/modoviajeok.com.ar\/wp-content\/uploads\/2025\/05\/IMG_20240417_085450-768x578.jpg 768w, https:\/\/modoviajeok.com.ar\/wp-content\/uploads\/2025\/05\/IMG_20240417_085450-1536x1157.jpg 1536w, https:\/\/modoviajeok.com.ar\/wp-content\/uploads\/2025\/05\/IMG_20240417_085450-2048x1542.jpg 2048w, https:\/\/modoviajeok.com.ar\/wp-content\/uploads\/2025\/05\/IMG_20240417_085450-558x420.jpg 558w, https:\/\/modoviajeok.com.ar\/wp-content\/uploads\/2025\/05\/IMG_20240417_085450-80x60.jpg 80w, https:\/\/modoviajeok.com.ar\/wp-content\/uploads\/2025\/05\/IMG_20240417_085450-150x113.jpg 150w, https:\/\/modoviajeok.com.ar\/wp-content\/uploads\/2025\/05\/IMG_20240417_085450-300x226.jpg 300w, https:\/\/modoviajeok.com.ar\/wp-content\/uploads\/2025\/05\/IMG_20240417_085450-696x524.jpg 696w, https:\/\/modoviajeok.com.ar\/wp-content\/uploads\/2025\/05\/IMG_20240417_085450-1068x804.jpg 1068w, https:\/\/modoviajeok.com.ar\/wp-content\/uploads\/2025\/05\/IMG_20240417_085450-1920x1446.jpg 1920w\" sizes=\"auto, (max-width: 2560px) 100vw, 2560px\" \/><\/figure>\n<\/figure>\n","protected":false},"excerpt":{"rendered":"<p>En la distinguida, hist\u00f3rica y bien criolla ubicada en el norte de la provincia de C\u00f3rdoba, la casa de 1950 que fuera de Roberto J. Noble, el fundador del diario Clar\u00edn, se levanta hoy, y desde hace casi tres d\u00e9cadas, como una estancia de campo.&nbsp; Est\u00e1 ubicada a 84 kil\u00f3metros de la ciudad de C\u00f3rdoba, [&hellip;]<\/p>\n","protected":false},"author":3,"featured_media":4007,"comment_status":"open","ping_status":"open","sticky":false,"template":"","format":"standard","meta":{"_acf_changed":false,"footnotes":""},"categories":[11,2],"tags":[954,956,955],"class_list":{"0":"post-3992","1":"post","2":"type-post","3":"status-publish","4":"format-standard","5":"has-post-thumbnail","7":"category-cordoba","8":"category-destacadas","9":"tag-estancia-la-loma","10":"tag-roberto-noble","11":"tag-villa-del-totoral"},"acf":[],"yoast_head":"<!-- This site is optimized with the Yoast SEO plugin v24.8.1 - https:\/\/yoast.com\/wordpress\/plugins\/seo\/ -->\n<title>La Loma resguarda el esp\u00edritu de Villa del Totoral -<\/title>\n<meta name=\"robots\" content=\"index, follow, max-snippet:-1, max-image-preview:large, max-video-preview:-1\" \/>\n<link rel=\"canonical\" href=\"https:\/\/modoviajeok.com.ar\/index.php\/2025\/05\/28\/la-loma-resguarda-el-espiritu-de-villa-del-totoral\/\" \/>\n<meta property=\"og:locale\" content=\"es_ES\" \/>\n<meta property=\"og:type\" content=\"article\" \/>\n<meta property=\"og:title\" content=\"La Loma resguarda el esp\u00edritu de Villa del Totoral -\" \/>\n<meta property=\"og:description\" content=\"En la distinguida, hist\u00f3rica y bien criolla ubicada en el norte de la provincia de C\u00f3rdoba, la casa de 1950 que fuera de Roberto J. Noble, el fundador del diario Clar\u00edn, se levanta hoy, y desde hace casi tres d\u00e9cadas, como una estancia de campo.&nbsp; Est\u00e1 ubicada a 84 kil\u00f3metros de la ciudad de C\u00f3rdoba, [&hellip;]\" \/>\n<meta property=\"og:url\" content=\"https:\/\/modoviajeok.com.ar\/index.php\/2025\/05\/28\/la-loma-resguarda-el-espiritu-de-villa-del-totoral\/\" \/>\n<meta property=\"article:publisher\" content=\"https:\/\/www.facebook.com\/mariana.otero1\/\" \/>\n<meta property=\"article:published_time\" content=\"2025-05-28T12:00:19+00:00\" \/>\n<meta property=\"article:modified_time\" content=\"2025-05-28T13:02:54+00:00\" \/>\n<meta property=\"og:image\" content=\"https:\/\/modoviajeok.com.ar\/wp-content\/uploads\/2025\/05\/IMG_20240417_074233-scaled.jpg\" \/>\n\t<meta property=\"og:image:width\" content=\"1928\" \/>\n\t<meta property=\"og:image:height\" content=\"2560\" \/>\n\t<meta property=\"og:image:type\" content=\"image\/jpeg\" \/>\n<meta name=\"author\" content=\"Pepe Segura\" \/>\n<meta name=\"twitter:card\" content=\"summary_large_image\" \/>\n<meta name=\"twitter:label1\" content=\"Escrito por\" \/>\n\t<meta name=\"twitter:data1\" content=\"Pepe Segura\" \/>\n\t<meta name=\"twitter:label2\" content=\"Tiempo de lectura\" \/>\n\t<meta name=\"twitter:data2\" content=\"8 minutos\" \/>\n<script type=\"application\/ld+json\" class=\"yoast-schema-graph\">{\"@context\":\"https:\/\/schema.org\",\"@graph\":[{\"@type\":\"Article\",\"@id\":\"https:\/\/modoviajeok.com.ar\/index.php\/2025\/05\/28\/la-loma-resguarda-el-espiritu-de-villa-del-totoral\/#article\",\"isPartOf\":{\"@id\":\"https:\/\/modoviajeok.com.ar\/index.php\/2025\/05\/28\/la-loma-resguarda-el-espiritu-de-villa-del-totoral\/\"},\"author\":{\"name\":\"Pepe Segura\",\"@id\":\"https:\/\/modoviajeok.com.ar\/#\/schema\/person\/2e299ed0d3d412a01d244fe28260d7f5\"},\"headline\":\"La Loma resguarda el esp\u00edritu de Villa del Totoral\",\"datePublished\":\"2025-05-28T12:00:19+00:00\",\"dateModified\":\"2025-05-28T13:02:54+00:00\",\"mainEntityOfPage\":{\"@id\":\"https:\/\/modoviajeok.com.ar\/index.php\/2025\/05\/28\/la-loma-resguarda-el-espiritu-de-villa-del-totoral\/\"},\"wordCount\":1355,\"commentCount\":0,\"publisher\":{\"@id\":\"https:\/\/modoviajeok.com.ar\/#organization\"},\"image\":{\"@id\":\"https:\/\/modoviajeok.com.ar\/index.php\/2025\/05\/28\/la-loma-resguarda-el-espiritu-de-villa-del-totoral\/#primaryimage\"},\"thumbnailUrl\":\"https:\/\/modoviajeok.com.ar\/wp-content\/uploads\/2025\/05\/IMG_20240417_074233-scaled.jpg\",\"keywords\":[\"estancia la loma\",\"roberto noble\",\"villa del totoral\"],\"articleSection\":[\"C\u00f3rdoba\",\"Destacadas\"],\"inLanguage\":\"es\",\"potentialAction\":[{\"@type\":\"CommentAction\",\"name\":\"Comment\",\"target\":[\"https:\/\/modoviajeok.com.ar\/index.php\/2025\/05\/28\/la-loma-resguarda-el-espiritu-de-villa-del-totoral\/#respond\"]}]},{\"@type\":\"WebPage\",\"@id\":\"https:\/\/modoviajeok.com.ar\/index.php\/2025\/05\/28\/la-loma-resguarda-el-espiritu-de-villa-del-totoral\/\",\"url\":\"https:\/\/modoviajeok.com.ar\/index.php\/2025\/05\/28\/la-loma-resguarda-el-espiritu-de-villa-del-totoral\/\",\"name\":\"La Loma resguarda el esp\u00edritu de Villa del Totoral -\",\"isPartOf\":{\"@id\":\"https:\/\/modoviajeok.com.ar\/#website\"},\"primaryImageOfPage\":{\"@id\":\"https:\/\/modoviajeok.com.ar\/index.php\/2025\/05\/28\/la-loma-resguarda-el-espiritu-de-villa-del-totoral\/#primaryimage\"},\"image\":{\"@id\":\"https:\/\/modoviajeok.com.ar\/index.php\/2025\/05\/28\/la-loma-resguarda-el-espiritu-de-villa-del-totoral\/#primaryimage\"},\"thumbnailUrl\":\"https:\/\/modoviajeok.com.ar\/wp-content\/uploads\/2025\/05\/IMG_20240417_074233-scaled.jpg\",\"datePublished\":\"2025-05-28T12:00:19+00:00\",\"dateModified\":\"2025-05-28T13:02:54+00:00\",\"breadcrumb\":{\"@id\":\"https:\/\/modoviajeok.com.ar\/index.php\/2025\/05\/28\/la-loma-resguarda-el-espiritu-de-villa-del-totoral\/#breadcrumb\"},\"inLanguage\":\"es\",\"potentialAction\":[{\"@type\":\"ReadAction\",\"target\":[\"https:\/\/modoviajeok.com.ar\/index.php\/2025\/05\/28\/la-loma-resguarda-el-espiritu-de-villa-del-totoral\/\"]}]},{\"@type\":\"ImageObject\",\"inLanguage\":\"es\",\"@id\":\"https:\/\/modoviajeok.com.ar\/index.php\/2025\/05\/28\/la-loma-resguarda-el-espiritu-de-villa-del-totoral\/#primaryimage\",\"url\":\"https:\/\/modoviajeok.com.ar\/wp-content\/uploads\/2025\/05\/IMG_20240417_074233-scaled.jpg\",\"contentUrl\":\"https:\/\/modoviajeok.com.ar\/wp-content\/uploads\/2025\/05\/IMG_20240417_074233-scaled.jpg\",\"width\":1928,\"height\":2560},{\"@type\":\"BreadcrumbList\",\"@id\":\"https:\/\/modoviajeok.com.ar\/index.php\/2025\/05\/28\/la-loma-resguarda-el-espiritu-de-villa-del-totoral\/#breadcrumb\",\"itemListElement\":[{\"@type\":\"ListItem\",\"position\":1,\"name\":\"Portada\",\"item\":\"https:\/\/modoviajeok.com.ar\/\"},{\"@type\":\"ListItem\",\"position\":2,\"name\":\"La Loma resguarda el esp\u00edritu de Villa del Totoral\"}]},{\"@type\":\"WebSite\",\"@id\":\"https:\/\/modoviajeok.com.ar\/#website\",\"url\":\"https:\/\/modoviajeok.com.ar\/\",\"name\":\"ModoViajeOK\",\"description\":\"\",\"publisher\":{\"@id\":\"https:\/\/modoviajeok.com.ar\/#organization\"},\"potentialAction\":[{\"@type\":\"SearchAction\",\"target\":{\"@type\":\"EntryPoint\",\"urlTemplate\":\"https:\/\/modoviajeok.com.ar\/?s={search_term_string}\"},\"query-input\":{\"@type\":\"PropertyValueSpecification\",\"valueRequired\":true,\"valueName\":\"search_term_string\"}}],\"inLanguage\":\"es\"},{\"@type\":\"Organization\",\"@id\":\"https:\/\/modoviajeok.com.ar\/#organization\",\"name\":\"ModoViajeOK\",\"url\":\"https:\/\/modoviajeok.com.ar\/\",\"logo\":{\"@type\":\"ImageObject\",\"inLanguage\":\"es\",\"@id\":\"https:\/\/modoviajeok.com.ar\/#\/schema\/logo\/image\/\",\"url\":\"https:\/\/modoviajeok.com.ar\/wp-content\/uploads\/2025\/01\/Logo-modoviajeok.png\",\"contentUrl\":\"https:\/\/modoviajeok.com.ar\/wp-content\/uploads\/2025\/01\/Logo-modoviajeok.png\",\"width\":2938,\"height\":2276,\"caption\":\"ModoViajeOK\"},\"image\":{\"@id\":\"https:\/\/modoviajeok.com.ar\/#\/schema\/logo\/image\/\"},\"sameAs\":[\"https:\/\/www.facebook.com\/mariana.otero1\/\",\"https:\/\/www.instagram.com\/modoviaje.ok\/\"]},{\"@type\":\"Person\",\"@id\":\"https:\/\/modoviajeok.com.ar\/#\/schema\/person\/2e299ed0d3d412a01d244fe28260d7f5\",\"name\":\"Pepe Segura\",\"image\":{\"@type\":\"ImageObject\",\"inLanguage\":\"es\",\"@id\":\"https:\/\/modoviajeok.com.ar\/#\/schema\/person\/image\/\",\"url\":\"https:\/\/secure.gravatar.com\/avatar\/65eb4b34deed761327f5b2c5535b987318ae807900ac46426de7258f5de6d345?s=96&d=mm&r=g\",\"contentUrl\":\"https:\/\/secure.gravatar.com\/avatar\/65eb4b34deed761327f5b2c5535b987318ae807900ac46426de7258f5de6d345?s=96&d=mm&r=g\",\"caption\":\"Pepe Segura\"},\"url\":\"https:\/\/modoviajeok.com.ar\/index.php\/author\/pepe2025\/\"}]}<\/script>\n<!-- \/ Yoast SEO plugin. -->","yoast_head_json":{"title":"La Loma resguarda el esp\u00edritu de Villa del Totoral -","robots":{"index":"index","follow":"follow","max-snippet":"max-snippet:-1","max-image-preview":"max-image-preview:large","max-video-preview":"max-video-preview:-1"},"canonical":"https:\/\/modoviajeok.com.ar\/index.php\/2025\/05\/28\/la-loma-resguarda-el-espiritu-de-villa-del-totoral\/","og_locale":"es_ES","og_type":"article","og_title":"La Loma resguarda el esp\u00edritu de Villa del Totoral -","og_description":"En la distinguida, hist\u00f3rica y bien criolla ubicada en el norte de la provincia de C\u00f3rdoba, la casa de 1950 que fuera de Roberto J. Noble, el fundador del diario Clar\u00edn, se levanta hoy, y desde hace casi tres d\u00e9cadas, como una estancia de campo.&nbsp; Est\u00e1 ubicada a 84 kil\u00f3metros de la ciudad de C\u00f3rdoba, [&hellip;]","og_url":"https:\/\/modoviajeok.com.ar\/index.php\/2025\/05\/28\/la-loma-resguarda-el-espiritu-de-villa-del-totoral\/","article_publisher":"https:\/\/www.facebook.com\/mariana.otero1\/","article_published_time":"2025-05-28T12:00:19+00:00","article_modified_time":"2025-05-28T13:02:54+00:00","og_image":[{"width":1928,"height":2560,"url":"https:\/\/modoviajeok.com.ar\/wp-content\/uploads\/2025\/05\/IMG_20240417_074233-scaled.jpg","type":"image\/jpeg"}],"author":"Pepe Segura","twitter_card":"summary_large_image","twitter_misc":{"Escrito por":"Pepe Segura","Tiempo de lectura":"8 minutos"},"schema":{"@context":"https:\/\/schema.org","@graph":[{"@type":"Article","@id":"https:\/\/modoviajeok.com.ar\/index.php\/2025\/05\/28\/la-loma-resguarda-el-espiritu-de-villa-del-totoral\/#article","isPartOf":{"@id":"https:\/\/modoviajeok.com.ar\/index.php\/2025\/05\/28\/la-loma-resguarda-el-espiritu-de-villa-del-totoral\/"},"author":{"name":"Pepe Segura","@id":"https:\/\/modoviajeok.com.ar\/#\/schema\/person\/2e299ed0d3d412a01d244fe28260d7f5"},"headline":"La Loma resguarda el esp\u00edritu de Villa del Totoral","datePublished":"2025-05-28T12:00:19+00:00","dateModified":"2025-05-28T13:02:54+00:00","mainEntityOfPage":{"@id":"https:\/\/modoviajeok.com.ar\/index.php\/2025\/05\/28\/la-loma-resguarda-el-espiritu-de-villa-del-totoral\/"},"wordCount":1355,"commentCount":0,"publisher":{"@id":"https:\/\/modoviajeok.com.ar\/#organization"},"image":{"@id":"https:\/\/modoviajeok.com.ar\/index.php\/2025\/05\/28\/la-loma-resguarda-el-espiritu-de-villa-del-totoral\/#primaryimage"},"thumbnailUrl":"https:\/\/modoviajeok.com.ar\/wp-content\/uploads\/2025\/05\/IMG_20240417_074233-scaled.jpg","keywords":["estancia la loma","roberto noble","villa del totoral"],"articleSection":["C\u00f3rdoba","Destacadas"],"inLanguage":"es","potentialAction":[{"@type":"CommentAction","name":"Comment","target":["https:\/\/modoviajeok.com.ar\/index.php\/2025\/05\/28\/la-loma-resguarda-el-espiritu-de-villa-del-totoral\/#respond"]}]},{"@type":"WebPage","@id":"https:\/\/modoviajeok.com.ar\/index.php\/2025\/05\/28\/la-loma-resguarda-el-espiritu-de-villa-del-totoral\/","url":"https:\/\/modoviajeok.com.ar\/index.php\/2025\/05\/28\/la-loma-resguarda-el-espiritu-de-villa-del-totoral\/","name":"La Loma resguarda el esp\u00edritu de Villa del Totoral -","isPartOf":{"@id":"https:\/\/modoviajeok.com.ar\/#website"},"primaryImageOfPage":{"@id":"https:\/\/modoviajeok.com.ar\/index.php\/2025\/05\/28\/la-loma-resguarda-el-espiritu-de-villa-del-totoral\/#primaryimage"},"image":{"@id":"https:\/\/modoviajeok.com.ar\/index.php\/2025\/05\/28\/la-loma-resguarda-el-espiritu-de-villa-del-totoral\/#primaryimage"},"thumbnailUrl":"https:\/\/modoviajeok.com.ar\/wp-content\/uploads\/2025\/05\/IMG_20240417_074233-scaled.jpg","datePublished":"2025-05-28T12:00:19+00:00","dateModified":"2025-05-28T13:02:54+00:00","breadcrumb":{"@id":"https:\/\/modoviajeok.com.ar\/index.php\/2025\/05\/28\/la-loma-resguarda-el-espiritu-de-villa-del-totoral\/#breadcrumb"},"inLanguage":"es","potentialAction":[{"@type":"ReadAction","target":["https:\/\/modoviajeok.com.ar\/index.php\/2025\/05\/28\/la-loma-resguarda-el-espiritu-de-villa-del-totoral\/"]}]},{"@type":"ImageObject","inLanguage":"es","@id":"https:\/\/modoviajeok.com.ar\/index.php\/2025\/05\/28\/la-loma-resguarda-el-espiritu-de-villa-del-totoral\/#primaryimage","url":"https:\/\/modoviajeok.com.ar\/wp-content\/uploads\/2025\/05\/IMG_20240417_074233-scaled.jpg","contentUrl":"https:\/\/modoviajeok.com.ar\/wp-content\/uploads\/2025\/05\/IMG_20240417_074233-scaled.jpg","width":1928,"height":2560},{"@type":"BreadcrumbList","@id":"https:\/\/modoviajeok.com.ar\/index.php\/2025\/05\/28\/la-loma-resguarda-el-espiritu-de-villa-del-totoral\/#breadcrumb","itemListElement":[{"@type":"ListItem","position":1,"name":"Portada","item":"https:\/\/modoviajeok.com.ar\/"},{"@type":"ListItem","position":2,"name":"La Loma resguarda el esp\u00edritu de Villa del Totoral"}]},{"@type":"WebSite","@id":"https:\/\/modoviajeok.com.ar\/#website","url":"https:\/\/modoviajeok.com.ar\/","name":"ModoViajeOK","description":"","publisher":{"@id":"https:\/\/modoviajeok.com.ar\/#organization"},"potentialAction":[{"@type":"SearchAction","target":{"@type":"EntryPoint","urlTemplate":"https:\/\/modoviajeok.com.ar\/?s={search_term_string}"},"query-input":{"@type":"PropertyValueSpecification","valueRequired":true,"valueName":"search_term_string"}}],"inLanguage":"es"},{"@type":"Organization","@id":"https:\/\/modoviajeok.com.ar\/#organization","name":"ModoViajeOK","url":"https:\/\/modoviajeok.com.ar\/","logo":{"@type":"ImageObject","inLanguage":"es","@id":"https:\/\/modoviajeok.com.ar\/#\/schema\/logo\/image\/","url":"https:\/\/modoviajeok.com.ar\/wp-content\/uploads\/2025\/01\/Logo-modoviajeok.png","contentUrl":"https:\/\/modoviajeok.com.ar\/wp-content\/uploads\/2025\/01\/Logo-modoviajeok.png","width":2938,"height":2276,"caption":"ModoViajeOK"},"image":{"@id":"https:\/\/modoviajeok.com.ar\/#\/schema\/logo\/image\/"},"sameAs":["https:\/\/www.facebook.com\/mariana.otero1\/","https:\/\/www.instagram.com\/modoviaje.ok\/"]},{"@type":"Person","@id":"https:\/\/modoviajeok.com.ar\/#\/schema\/person\/2e299ed0d3d412a01d244fe28260d7f5","name":"Pepe Segura","image":{"@type":"ImageObject","inLanguage":"es","@id":"https:\/\/modoviajeok.com.ar\/#\/schema\/person\/image\/","url":"https:\/\/secure.gravatar.com\/avatar\/65eb4b34deed761327f5b2c5535b987318ae807900ac46426de7258f5de6d345?s=96&d=mm&r=g","contentUrl":"https:\/\/secure.gravatar.com\/avatar\/65eb4b34deed761327f5b2c5535b987318ae807900ac46426de7258f5de6d345?s=96&d=mm&r=g","caption":"Pepe Segura"},"url":"https:\/\/modoviajeok.com.ar\/index.php\/author\/pepe2025\/"}]}},"_links":{"self":[{"href":"https:\/\/modoviajeok.com.ar\/index.php\/wp-json\/wp\/v2\/posts\/3992","targetHints":{"allow":["GET"]}}],"collection":[{"href":"https:\/\/modoviajeok.com.ar\/index.php\/wp-json\/wp\/v2\/posts"}],"about":[{"href":"https:\/\/modoviajeok.com.ar\/index.php\/wp-json\/wp\/v2\/types\/post"}],"author":[{"embeddable":true,"href":"https:\/\/modoviajeok.com.ar\/index.php\/wp-json\/wp\/v2\/users\/3"}],"replies":[{"embeddable":true,"href":"https:\/\/modoviajeok.com.ar\/index.php\/wp-json\/wp\/v2\/comments?post=3992"}],"version-history":[{"count":2,"href":"https:\/\/modoviajeok.com.ar\/index.php\/wp-json\/wp\/v2\/posts\/3992\/revisions"}],"predecessor-version":[{"id":4060,"href":"https:\/\/modoviajeok.com.ar\/index.php\/wp-json\/wp\/v2\/posts\/3992\/revisions\/4060"}],"wp:featuredmedia":[{"embeddable":true,"href":"https:\/\/modoviajeok.com.ar\/index.php\/wp-json\/wp\/v2\/media\/4007"}],"wp:attachment":[{"href":"https:\/\/modoviajeok.com.ar\/index.php\/wp-json\/wp\/v2\/media?parent=3992"}],"wp:term":[{"taxonomy":"category","embeddable":true,"href":"https:\/\/modoviajeok.com.ar\/index.php\/wp-json\/wp\/v2\/categories?post=3992"},{"taxonomy":"post_tag","embeddable":true,"href":"https:\/\/modoviajeok.com.ar\/index.php\/wp-json\/wp\/v2\/tags?post=3992"}],"curies":[{"name":"wp","href":"https:\/\/api.w.org\/{rel}","templated":true}]}}