{"id":4026,"date":"2025-05-31T09:49:34","date_gmt":"2025-05-31T12:49:34","guid":{"rendered":"https:\/\/modoviajeok.com.ar\/?p=4026"},"modified":"2025-06-17T20:41:48","modified_gmt":"2025-06-17T23:41:48","slug":"complejo-valle-del-sol-el-sueno-de-mingo-costa-en-calamuchita","status":"publish","type":"post","link":"https:\/\/modoviajeok.com.ar\/index.php\/2025\/05\/31\/complejo-valle-del-sol-el-sueno-de-mingo-costa-en-calamuchita\/","title":{"rendered":"Complejo Valle del Sol: el sue\u00f1o de \u00abMingo\u00bb Costa en Calamuchita"},"content":{"rendered":"\n<p>En un mundo donde la sobre estimulaci\u00f3n y las pantallas nos atan a ritmos fren\u00e9ticos, existe un lugar que parece haber sido dise\u00f1ado para devolvernos al equilibrio. Enclavado en el Valle de Calamuchita, donde las sierras se alzan como guardianes eternos y los r\u00edos murmuran canciones de paz, naci\u00f3 el Complejo Valle del Sol, un destino que combina naturaleza, dise\u00f1o moderno y una historia familiar tejida con sue\u00f1os, mucho esfuerzo e infinita gratitud. Con m\u00e1s de 400 plazas de alojamiento distribuidas entre casas, caba\u00f1as, y suites en el hotel, este complejo no solo ofrece comodidad, sino tambi\u00e9n experiencias inolvidables que invitan a reconectar con lo verdaderamente importante. Aqu\u00ed, el tiempo no se detiene simplemente; lo reinicias. Este es el refugio perfecto para vivir un Reseteo Digital profundo y redescubrir la belleza de lo simple.<\/p>\n\n\n\n<h2 class=\"wp-block-heading\">La historia de Valle del Sol tiene ra\u00edces tan profundas como los talas y molles que abrazan el complejo. Este 2 de junio se cumplen 37 a\u00f1os desde aquel momento m\u00e1gico cuando Domingo Costa, cari\u00f1osamente llamado \u00abMingo\u00bb, despu\u00e9s de innumerables visitas familiares a Santa Rosa de Calamuchita, sinti\u00f3 c\u00f3mo estas tierras le susurraban ecos de su Italia natal. <\/h2>\n\n\n\n<figure class=\"wp-block-image size-full\"><img loading=\"lazy\" decoding=\"async\" width=\"720\" height=\"1280\" src=\"https:\/\/modoviajeok.com.ar\/wp-content\/uploads\/2025\/05\/WhatsApp-Image-2025-05-31-at-11.03.17.jpeg\" alt=\"\" class=\"wp-image-4118\" srcset=\"https:\/\/modoviajeok.com.ar\/wp-content\/uploads\/2025\/05\/WhatsApp-Image-2025-05-31-at-11.03.17.jpeg 720w, https:\/\/modoviajeok.com.ar\/wp-content\/uploads\/2025\/05\/WhatsApp-Image-2025-05-31-at-11.03.17-236x420.jpeg 236w, https:\/\/modoviajeok.com.ar\/wp-content\/uploads\/2025\/05\/WhatsApp-Image-2025-05-31-at-11.03.17-150x267.jpeg 150w, https:\/\/modoviajeok.com.ar\/wp-content\/uploads\/2025\/05\/WhatsApp-Image-2025-05-31-at-11.03.17-300x533.jpeg 300w, https:\/\/modoviajeok.com.ar\/wp-content\/uploads\/2025\/05\/WhatsApp-Image-2025-05-31-at-11.03.17-696x1237.jpeg 696w\" sizes=\"auto, (max-width: 720px) 100vw, 720px\" \/><\/figure>\n\n\n\n<p>Fue entonces cuando tom\u00f3 la decisi\u00f3n que cambiar\u00eda para siempre la historia familiar: comprar este terreno bendecido por la naturaleza, dando as\u00ed el primer paso de un proyecto que hoy florece como un legado viviente, donde cada rinc\u00f3n respira historia, amor y tradici\u00f3n.<\/p>\n\n\n\n<p>Fue Rosana, su nuera, quien, justo antes de su partida, anunci\u00f3 a Mingo: que har\u00edan realidad su sue\u00f1o: construir un hotel, que \u00e9l sol\u00eda dibujar en sus cuadernos y que llevar\u00eda su nombre, un homenaje eterno a un hombre cuya fe en el futuro inspir\u00f3 generaciones. Cada habitaci\u00f3n, \u00fanica en su dise\u00f1o, fusiona confort, modernidad y lujo, reflejando la visi\u00f3n de Mingo y el amor de su familia por los detalles.<\/p>\n\n\n\n<figure class=\"wp-block-image size-full\"><img loading=\"lazy\" decoding=\"async\" width=\"900\" height=\"600\" src=\"https:\/\/modoviajeok.com.ar\/wp-content\/uploads\/2025\/05\/WhatsApp-Image-2025-05-26-at-19.59.45.jpeg\" alt=\"\" class=\"wp-image-4036\" srcset=\"https:\/\/modoviajeok.com.ar\/wp-content\/uploads\/2025\/05\/WhatsApp-Image-2025-05-26-at-19.59.45.jpeg 900w, https:\/\/modoviajeok.com.ar\/wp-content\/uploads\/2025\/05\/WhatsApp-Image-2025-05-26-at-19.59.45-768x512.jpeg 768w, https:\/\/modoviajeok.com.ar\/wp-content\/uploads\/2025\/05\/WhatsApp-Image-2025-05-26-at-19.59.45-630x420.jpeg 630w, https:\/\/modoviajeok.com.ar\/wp-content\/uploads\/2025\/05\/WhatsApp-Image-2025-05-26-at-19.59.45-150x100.jpeg 150w, https:\/\/modoviajeok.com.ar\/wp-content\/uploads\/2025\/05\/WhatsApp-Image-2025-05-26-at-19.59.45-300x200.jpeg 300w, https:\/\/modoviajeok.com.ar\/wp-content\/uploads\/2025\/05\/WhatsApp-Image-2025-05-26-at-19.59.45-696x464.jpeg 696w\" sizes=\"auto, (max-width: 900px) 100vw, 900px\" \/><\/figure>\n\n\n\n<p>El Complejo Valle del Sol es un destino pensado para disfrutar en familia o con amigos, sin renunciar al relax individual. Sus amplios espacios verdes, tres piscinas al aire libre (disponibles en temporada de verano), una piscina climatizada abierta todo el a\u00f1o, jacuzzi, gimnasio y spa ofrecen opciones para relajarte y renovar energ\u00edas. Durante la temporada alta, un equipo de recreaci\u00f3n liderado por profesores de educaci\u00f3n f\u00edsica organiza actividades para todas las edades, asegurando diversi\u00f3n y bienestar para grandes y chicos.<\/p>\n\n\n\n<figure class=\"wp-block-image size-full\"><img loading=\"lazy\" decoding=\"async\" width=\"1600\" height=\"899\" src=\"https:\/\/modoviajeok.com.ar\/wp-content\/uploads\/2025\/05\/WhatsApp-Image-2025-05-26-at-19.54.38.jpeg\" alt=\"\" class=\"wp-image-4028\" srcset=\"https:\/\/modoviajeok.com.ar\/wp-content\/uploads\/2025\/05\/WhatsApp-Image-2025-05-26-at-19.54.38.jpeg 1600w, https:\/\/modoviajeok.com.ar\/wp-content\/uploads\/2025\/05\/WhatsApp-Image-2025-05-26-at-19.54.38-768x432.jpeg 768w, https:\/\/modoviajeok.com.ar\/wp-content\/uploads\/2025\/05\/WhatsApp-Image-2025-05-26-at-19.54.38-1536x863.jpeg 1536w, https:\/\/modoviajeok.com.ar\/wp-content\/uploads\/2025\/05\/WhatsApp-Image-2025-05-26-at-19.54.38-747x420.jpeg 747w, https:\/\/modoviajeok.com.ar\/wp-content\/uploads\/2025\/05\/WhatsApp-Image-2025-05-26-at-19.54.38-150x84.jpeg 150w, https:\/\/modoviajeok.com.ar\/wp-content\/uploads\/2025\/05\/WhatsApp-Image-2025-05-26-at-19.54.38-300x169.jpeg 300w, https:\/\/modoviajeok.com.ar\/wp-content\/uploads\/2025\/05\/WhatsApp-Image-2025-05-26-at-19.54.38-696x391.jpeg 696w, https:\/\/modoviajeok.com.ar\/wp-content\/uploads\/2025\/05\/WhatsApp-Image-2025-05-26-at-19.54.38-1068x600.jpeg 1068w\" sizes=\"auto, (max-width: 1600px) 100vw, 1600px\" \/><\/figure>\n\n\n\n<p>Para los m\u00e1s peque\u00f1os, hay juegos infantiles y espacios seguros donde pueden correr, re\u00edr y hacer nuevos amigos. Los adultos, mientras tanto, pueden disfrutar de largas charlas en familia, tomar mates mirando las sierras, leer un libro bajo la sombra de los \u00e1rboles centenarios, o incluso jugar al tenis, f\u00fatbol y otros deportes.<\/p>\n\n\n\n<figure class=\"wp-block-image size-full\"><img loading=\"lazy\" decoding=\"async\" width=\"1600\" height=\"899\" src=\"https:\/\/modoviajeok.com.ar\/wp-content\/uploads\/2025\/05\/WhatsApp-Image-2025-05-26-at-19.58.44.jpeg\" alt=\"\" class=\"wp-image-4035\" srcset=\"https:\/\/modoviajeok.com.ar\/wp-content\/uploads\/2025\/05\/WhatsApp-Image-2025-05-26-at-19.58.44.jpeg 1600w, https:\/\/modoviajeok.com.ar\/wp-content\/uploads\/2025\/05\/WhatsApp-Image-2025-05-26-at-19.58.44-768x432.jpeg 768w, https:\/\/modoviajeok.com.ar\/wp-content\/uploads\/2025\/05\/WhatsApp-Image-2025-05-26-at-19.58.44-1536x863.jpeg 1536w, https:\/\/modoviajeok.com.ar\/wp-content\/uploads\/2025\/05\/WhatsApp-Image-2025-05-26-at-19.58.44-747x420.jpeg 747w, https:\/\/modoviajeok.com.ar\/wp-content\/uploads\/2025\/05\/WhatsApp-Image-2025-05-26-at-19.58.44-150x84.jpeg 150w, https:\/\/modoviajeok.com.ar\/wp-content\/uploads\/2025\/05\/WhatsApp-Image-2025-05-26-at-19.58.44-300x169.jpeg 300w, https:\/\/modoviajeok.com.ar\/wp-content\/uploads\/2025\/05\/WhatsApp-Image-2025-05-26-at-19.58.44-696x391.jpeg 696w, https:\/\/modoviajeok.com.ar\/wp-content\/uploads\/2025\/05\/WhatsApp-Image-2025-05-26-at-19.58.44-1068x600.jpeg 1068w\" sizes=\"auto, (max-width: 1600px) 100vw, 1600px\" \/><\/figure>\n\n\n\n<p>En el punto m\u00e1s elevado del complejo, se encuentra la Capilla Mar\u00eda Reina de las Familias, un homenaje al amor por la familia que define a los Costa. Construida con el deseo de que todos la visiten, esta capilla invita a la reflexi\u00f3n y a la conexi\u00f3n espiritual. Durante los meses de verano, se celebra misa diaria, y en Semana Santa, las celebraciones de la pasi\u00f3n y muerte de Cristo cobran vida con espect\u00e1culos al aire libre que emocionan a grandes y chicos. Visitarla al atardecer o durante la noche tiene un encanto especial, cuando la brisa fresca de las sierras acompa\u00f1a la paz del momento.<\/p>\n\n\n\n<figure class=\"wp-block-image size-full\"><img loading=\"lazy\" decoding=\"async\" width=\"1600\" height=\"1066\" src=\"https:\/\/modoviajeok.com.ar\/wp-content\/uploads\/2025\/05\/WhatsApp-Image-2025-05-26-at-19.55.09.jpeg\" alt=\"\" class=\"wp-image-4029\" srcset=\"https:\/\/modoviajeok.com.ar\/wp-content\/uploads\/2025\/05\/WhatsApp-Image-2025-05-26-at-19.55.09.jpeg 1600w, https:\/\/modoviajeok.com.ar\/wp-content\/uploads\/2025\/05\/WhatsApp-Image-2025-05-26-at-19.55.09-768x512.jpeg 768w, https:\/\/modoviajeok.com.ar\/wp-content\/uploads\/2025\/05\/WhatsApp-Image-2025-05-26-at-19.55.09-1536x1023.jpeg 1536w, https:\/\/modoviajeok.com.ar\/wp-content\/uploads\/2025\/05\/WhatsApp-Image-2025-05-26-at-19.55.09-630x420.jpeg 630w, https:\/\/modoviajeok.com.ar\/wp-content\/uploads\/2025\/05\/WhatsApp-Image-2025-05-26-at-19.55.09-150x100.jpeg 150w, https:\/\/modoviajeok.com.ar\/wp-content\/uploads\/2025\/05\/WhatsApp-Image-2025-05-26-at-19.55.09-300x200.jpeg 300w, https:\/\/modoviajeok.com.ar\/wp-content\/uploads\/2025\/05\/WhatsApp-Image-2025-05-26-at-19.55.09-696x464.jpeg 696w, https:\/\/modoviajeok.com.ar\/wp-content\/uploads\/2025\/05\/WhatsApp-Image-2025-05-26-at-19.55.09-1068x712.jpeg 1068w\" sizes=\"auto, (max-width: 1600px) 100vw, 1600px\" \/><\/figure>\n\n\n\n<p>Uno de los tesoros mejor guardados de Valle del Sol es su gastronom\u00eda. El complejo cuenta con dos restaurantes: \u201cBuongiorno\u201d, que cautiva con exquisitos sabores contempor\u00e1neos, y \u201cNona Mar\u00eda\u201d, que funciona en temporada alta y fines de semana largos. Este \u00faltimo es un tributo a la abuela Mar\u00eda Nicoletta, quien, a sus 87 a\u00f1os, sigue recorriendo el lugar felizmente, compartiendo recetas que han conquistado corazones durante d\u00e9cadas. Cada plato es una declaraci\u00f3n de amor, un recordatorio de que lo m\u00e1s valioso no es el lujo, sino las historias y las personas que lo hacen posible.<\/p>\n\n\n\n<figure class=\"wp-block-image size-full\"><img loading=\"lazy\" decoding=\"async\" width=\"1600\" height=\"1066\" src=\"https:\/\/modoviajeok.com.ar\/wp-content\/uploads\/2025\/05\/WhatsApp-Image-2025-05-26-at-19.59.05.jpeg\" alt=\"\" class=\"wp-image-4034\" srcset=\"https:\/\/modoviajeok.com.ar\/wp-content\/uploads\/2025\/05\/WhatsApp-Image-2025-05-26-at-19.59.05.jpeg 1600w, https:\/\/modoviajeok.com.ar\/wp-content\/uploads\/2025\/05\/WhatsApp-Image-2025-05-26-at-19.59.05-768x512.jpeg 768w, https:\/\/modoviajeok.com.ar\/wp-content\/uploads\/2025\/05\/WhatsApp-Image-2025-05-26-at-19.59.05-1536x1023.jpeg 1536w, https:\/\/modoviajeok.com.ar\/wp-content\/uploads\/2025\/05\/WhatsApp-Image-2025-05-26-at-19.59.05-630x420.jpeg 630w, https:\/\/modoviajeok.com.ar\/wp-content\/uploads\/2025\/05\/WhatsApp-Image-2025-05-26-at-19.59.05-150x100.jpeg 150w, https:\/\/modoviajeok.com.ar\/wp-content\/uploads\/2025\/05\/WhatsApp-Image-2025-05-26-at-19.59.05-300x200.jpeg 300w, https:\/\/modoviajeok.com.ar\/wp-content\/uploads\/2025\/05\/WhatsApp-Image-2025-05-26-at-19.59.05-696x464.jpeg 696w, https:\/\/modoviajeok.com.ar\/wp-content\/uploads\/2025\/05\/WhatsApp-Image-2025-05-26-at-19.59.05-1068x712.jpeg 1068w\" sizes=\"auto, (max-width: 1600px) 100vw, 1600px\" \/><\/figure>\n\n\n\n<p>El complejo tambi\u00e9n ofrece espacios ideales para compartir momentos inolvidables: desde desayunos al aire libre con vistas a las sierras hasta cenas bajo las estrellas. Aqu\u00ed, cada comida es una oportunidad para conectar con tus seres queridos y celebrar la vida en su forma m\u00e1s simple y aut\u00e9ntica.<\/p>\n\n\n\n<figure class=\"wp-block-image size-full\"><img loading=\"lazy\" decoding=\"async\" width=\"1600\" height=\"1066\" src=\"https:\/\/modoviajeok.com.ar\/wp-content\/uploads\/2025\/05\/WhatsApp-Image-2025-05-26-at-19.55.40.jpeg\" alt=\"\" class=\"wp-image-4030\" srcset=\"https:\/\/modoviajeok.com.ar\/wp-content\/uploads\/2025\/05\/WhatsApp-Image-2025-05-26-at-19.55.40.jpeg 1600w, https:\/\/modoviajeok.com.ar\/wp-content\/uploads\/2025\/05\/WhatsApp-Image-2025-05-26-at-19.55.40-768x512.jpeg 768w, https:\/\/modoviajeok.com.ar\/wp-content\/uploads\/2025\/05\/WhatsApp-Image-2025-05-26-at-19.55.40-1536x1023.jpeg 1536w, https:\/\/modoviajeok.com.ar\/wp-content\/uploads\/2025\/05\/WhatsApp-Image-2025-05-26-at-19.55.40-630x420.jpeg 630w, https:\/\/modoviajeok.com.ar\/wp-content\/uploads\/2025\/05\/WhatsApp-Image-2025-05-26-at-19.55.40-150x100.jpeg 150w, https:\/\/modoviajeok.com.ar\/wp-content\/uploads\/2025\/05\/WhatsApp-Image-2025-05-26-at-19.55.40-300x200.jpeg 300w, https:\/\/modoviajeok.com.ar\/wp-content\/uploads\/2025\/05\/WhatsApp-Image-2025-05-26-at-19.55.40-696x464.jpeg 696w, https:\/\/modoviajeok.com.ar\/wp-content\/uploads\/2025\/05\/WhatsApp-Image-2025-05-26-at-19.55.40-1068x712.jpeg 1068w\" sizes=\"auto, (max-width: 1600px) 100vw, 1600px\" \/><\/figure>\n\n\n\n<p>Si buscas un destino donde vivir un Reseteo Digital y reconectar con lo que de verdad importa, Complejo Valle del Sol te espera con los brazos abiertos. Ac\u00e1, el tiempo parece detenerse, permiti\u00e9ndote disfrutar de momentos \u00edntimos, profundos y significativos. Ver a tus hijos felices mientras te relajas leyendo un libro, compartir largas charlas en familia mientras contemplas las sierras, o simplemente desconectar en el spa son solo algunas de las experiencias que este lugar tiene para ofrecer.<\/p>\n\n\n\n<figure class=\"wp-block-image size-full\"><img loading=\"lazy\" decoding=\"async\" width=\"1600\" height=\"1066\" src=\"https:\/\/modoviajeok.com.ar\/wp-content\/uploads\/2025\/05\/WhatsApp-Image-2025-05-26-at-19.57.25.jpeg\" alt=\"\" class=\"wp-image-4033\" srcset=\"https:\/\/modoviajeok.com.ar\/wp-content\/uploads\/2025\/05\/WhatsApp-Image-2025-05-26-at-19.57.25.jpeg 1600w, https:\/\/modoviajeok.com.ar\/wp-content\/uploads\/2025\/05\/WhatsApp-Image-2025-05-26-at-19.57.25-768x512.jpeg 768w, https:\/\/modoviajeok.com.ar\/wp-content\/uploads\/2025\/05\/WhatsApp-Image-2025-05-26-at-19.57.25-1536x1023.jpeg 1536w, https:\/\/modoviajeok.com.ar\/wp-content\/uploads\/2025\/05\/WhatsApp-Image-2025-05-26-at-19.57.25-630x420.jpeg 630w, https:\/\/modoviajeok.com.ar\/wp-content\/uploads\/2025\/05\/WhatsApp-Image-2025-05-26-at-19.57.25-150x100.jpeg 150w, https:\/\/modoviajeok.com.ar\/wp-content\/uploads\/2025\/05\/WhatsApp-Image-2025-05-26-at-19.57.25-300x200.jpeg 300w, https:\/\/modoviajeok.com.ar\/wp-content\/uploads\/2025\/05\/WhatsApp-Image-2025-05-26-at-19.57.25-696x464.jpeg 696w, https:\/\/modoviajeok.com.ar\/wp-content\/uploads\/2025\/05\/WhatsApp-Image-2025-05-26-at-19.57.25-1068x712.jpeg 1068w\" sizes=\"auto, (max-width: 1600px) 100vw, 1600px\" \/><\/figure>\n\n\n\n<p>Lo simple se vuelve inolvidable en Valle del Sol. Te invitamos a descubrirlo, a dejar atr\u00e1s el ruido del mundo y a sumergirte en un entorno donde la naturaleza, el dise\u00f1o, confort y la calidez humana se entrelazan para crear recuerdos que perdurar\u00e1n para siempre.<\/p>\n\n\n\n<figure class=\"wp-block-image size-full\"><img loading=\"lazy\" decoding=\"async\" width=\"1600\" height=\"1067\" src=\"https:\/\/modoviajeok.com.ar\/wp-content\/uploads\/2025\/05\/WhatsApp-Image-2025-05-26-at-19.56.21.jpeg\" alt=\"\" class=\"wp-image-4031\" srcset=\"https:\/\/modoviajeok.com.ar\/wp-content\/uploads\/2025\/05\/WhatsApp-Image-2025-05-26-at-19.56.21.jpeg 1600w, https:\/\/modoviajeok.com.ar\/wp-content\/uploads\/2025\/05\/WhatsApp-Image-2025-05-26-at-19.56.21-768x512.jpeg 768w, https:\/\/modoviajeok.com.ar\/wp-content\/uploads\/2025\/05\/WhatsApp-Image-2025-05-26-at-19.56.21-1536x1024.jpeg 1536w, https:\/\/modoviajeok.com.ar\/wp-content\/uploads\/2025\/05\/WhatsApp-Image-2025-05-26-at-19.56.21-630x420.jpeg 630w, https:\/\/modoviajeok.com.ar\/wp-content\/uploads\/2025\/05\/WhatsApp-Image-2025-05-26-at-19.56.21-150x100.jpeg 150w, https:\/\/modoviajeok.com.ar\/wp-content\/uploads\/2025\/05\/WhatsApp-Image-2025-05-26-at-19.56.21-300x200.jpeg 300w, https:\/\/modoviajeok.com.ar\/wp-content\/uploads\/2025\/05\/WhatsApp-Image-2025-05-26-at-19.56.21-696x464.jpeg 696w, https:\/\/modoviajeok.com.ar\/wp-content\/uploads\/2025\/05\/WhatsApp-Image-2025-05-26-at-19.56.21-1068x712.jpeg 1068w\" sizes=\"auto, (max-width: 1600px) 100vw, 1600px\" \/><\/figure>\n\n\n\n<p>El Complejo Valle del Sol es mucho m\u00e1s que un destino tur\u00edstico; es el reflejo de una familia que ha trabajado incansablemente para compartir su para\u00edso con el mundo. La historia de los Costa es una historia de fe, esfuerzo, trabajo y agradecimiento. Desde aquel joven italiano que lleg\u00f3 con sue\u00f1os de grandeza hasta las generaciones actuales que mantienen viva su herencia, este lugar es un testimonio de que lo m\u00e1s valioso no son las comodidades ni el lujo, sino las historias y las personas que lo construyen.<\/p>\n\n\n\n<figure class=\"wp-block-image size-full\"><img loading=\"lazy\" decoding=\"async\" width=\"1600\" height=\"1066\" src=\"https:\/\/modoviajeok.com.ar\/wp-content\/uploads\/2025\/05\/WhatsApp-Image-2025-05-26-at-19.56.47.jpeg\" alt=\"\" class=\"wp-image-4032\" srcset=\"https:\/\/modoviajeok.com.ar\/wp-content\/uploads\/2025\/05\/WhatsApp-Image-2025-05-26-at-19.56.47.jpeg 1600w, https:\/\/modoviajeok.com.ar\/wp-content\/uploads\/2025\/05\/WhatsApp-Image-2025-05-26-at-19.56.47-768x512.jpeg 768w, https:\/\/modoviajeok.com.ar\/wp-content\/uploads\/2025\/05\/WhatsApp-Image-2025-05-26-at-19.56.47-1536x1023.jpeg 1536w, https:\/\/modoviajeok.com.ar\/wp-content\/uploads\/2025\/05\/WhatsApp-Image-2025-05-26-at-19.56.47-630x420.jpeg 630w, https:\/\/modoviajeok.com.ar\/wp-content\/uploads\/2025\/05\/WhatsApp-Image-2025-05-26-at-19.56.47-150x100.jpeg 150w, https:\/\/modoviajeok.com.ar\/wp-content\/uploads\/2025\/05\/WhatsApp-Image-2025-05-26-at-19.56.47-300x200.jpeg 300w, https:\/\/modoviajeok.com.ar\/wp-content\/uploads\/2025\/05\/WhatsApp-Image-2025-05-26-at-19.56.47-696x464.jpeg 696w, https:\/\/modoviajeok.com.ar\/wp-content\/uploads\/2025\/05\/WhatsApp-Image-2025-05-26-at-19.56.47-1068x712.jpeg 1068w\" sizes=\"auto, (max-width: 1600px) 100vw, 1600px\" \/><\/figure>\n\n\n\n<p>Aqu\u00ed, en cada rinc\u00f3n, se respira el amor por la familia, la tradici\u00f3n y la naturaleza. Complejo Valle del Sol no es solo un lugar para visitar; es un lugar para sentir, vivir y llevar en el coraz\u00f3n para siempre.<\/p>\n","protected":false},"excerpt":{"rendered":"<p>En un mundo donde la sobre estimulaci\u00f3n y las pantallas nos atan a ritmos fren\u00e9ticos, existe un lugar que parece haber sido dise\u00f1ado para devolvernos al equilibrio. Enclavado en el Valle de Calamuchita, donde las sierras se alzan como guardianes eternos y los r\u00edos murmuran canciones de paz, naci\u00f3 el Complejo Valle del Sol, un [&hellip;]<\/p>\n","protected":false},"author":2,"featured_media":4027,"comment_status":"open","ping_status":"open","sticky":false,"template":"","format":"standard","meta":{"_acf_changed":false,"footnotes":""},"categories":[11,2,15],"tags":[963,811,961,48,964,559,962],"class_list":{"0":"post-4026","1":"post","2":"type-post","3":"status-publish","4":"format-standard","5":"has-post-thumbnail","7":"category-cordoba","8":"category-destacadas","9":"category-recomendaciones","10":"tag-alojamineto","11":"tag-cabanas","12":"tag-complejo-valle-del-sol","13":"tag-cordoba","14":"tag-hoteleria","15":"tag-reseteo-digital","16":"tag-santa-rosa-de-calamuchita"},"acf":[],"yoast_head":"<!-- This site is optimized with the Yoast SEO plugin v24.8.1 - https:\/\/yoast.com\/wordpress\/plugins\/seo\/ -->\n<title>Complejo Valle del Sol: el sue\u00f1o de &quot;Mingo&quot; Costa en Calamuchita -<\/title>\n<meta name=\"description\" content=\"En Santa Rosa de Calamuchita se levanta un complejo de 400 casas, caba\u00f1nas y suites con todas las comodidades. Ideal para reseteo digital.\" \/>\n<meta name=\"robots\" content=\"index, follow, max-snippet:-1, max-image-preview:large, max-video-preview:-1\" \/>\n<link rel=\"canonical\" href=\"https:\/\/modoviajeok.com.ar\/index.php\/2025\/05\/31\/complejo-valle-del-sol-el-sueno-de-mingo-costa-en-calamuchita\/\" \/>\n<meta property=\"og:locale\" content=\"es_ES\" \/>\n<meta property=\"og:type\" content=\"article\" \/>\n<meta property=\"og:title\" content=\"Complejo Valle del Sol: el sue\u00f1o de &quot;Mingo&quot; Costa en Calamuchita -\" \/>\n<meta property=\"og:description\" content=\"En Santa Rosa de Calamuchita se levanta un complejo de 400 casas, caba\u00f1nas y suites con todas las comodidades. Ideal para reseteo digital.\" \/>\n<meta property=\"og:url\" content=\"https:\/\/modoviajeok.com.ar\/index.php\/2025\/05\/31\/complejo-valle-del-sol-el-sueno-de-mingo-costa-en-calamuchita\/\" \/>\n<meta property=\"article:publisher\" content=\"https:\/\/www.facebook.com\/mariana.otero1\/\" \/>\n<meta property=\"article:published_time\" content=\"2025-05-31T12:49:34+00:00\" \/>\n<meta property=\"article:modified_time\" content=\"2025-06-17T23:41:48+00:00\" \/>\n<meta property=\"og:image\" content=\"https:\/\/modoviajeok.com.ar\/wp-content\/uploads\/2025\/05\/WhatsApp-Image-2025-05-26-at-19.54.11.jpeg\" \/>\n\t<meta property=\"og:image:width\" content=\"1066\" \/>\n\t<meta property=\"og:image:height\" content=\"1600\" \/>\n\t<meta property=\"og:image:type\" content=\"image\/jpeg\" \/>\n<meta name=\"author\" content=\"Mariana Otero\" \/>\n<meta name=\"twitter:card\" content=\"summary_large_image\" \/>\n<meta name=\"twitter:label1\" content=\"Escrito por\" \/>\n\t<meta name=\"twitter:data1\" content=\"Mariana Otero\" \/>\n\t<meta name=\"twitter:label2\" content=\"Tiempo de lectura\" \/>\n\t<meta name=\"twitter:data2\" content=\"7 minutos\" \/>\n<script type=\"application\/ld+json\" class=\"yoast-schema-graph\">{\"@context\":\"https:\/\/schema.org\",\"@graph\":[{\"@type\":\"Article\",\"@id\":\"https:\/\/modoviajeok.com.ar\/index.php\/2025\/05\/31\/complejo-valle-del-sol-el-sueno-de-mingo-costa-en-calamuchita\/#article\",\"isPartOf\":{\"@id\":\"https:\/\/modoviajeok.com.ar\/index.php\/2025\/05\/31\/complejo-valle-del-sol-el-sueno-de-mingo-costa-en-calamuchita\/\"},\"author\":{\"name\":\"Mariana Otero\",\"@id\":\"https:\/\/modoviajeok.com.ar\/#\/schema\/person\/1187013488537969db5b1320484d24f4\"},\"headline\":\"Complejo Valle del Sol: el sue\u00f1o de \u00abMingo\u00bb Costa en Calamuchita\",\"datePublished\":\"2025-05-31T12:49:34+00:00\",\"dateModified\":\"2025-06-17T23:41:48+00:00\",\"mainEntityOfPage\":{\"@id\":\"https:\/\/modoviajeok.com.ar\/index.php\/2025\/05\/31\/complejo-valle-del-sol-el-sueno-de-mingo-costa-en-calamuchita\/\"},\"wordCount\":1014,\"commentCount\":0,\"publisher\":{\"@id\":\"https:\/\/modoviajeok.com.ar\/#organization\"},\"image\":{\"@id\":\"https:\/\/modoviajeok.com.ar\/index.php\/2025\/05\/31\/complejo-valle-del-sol-el-sueno-de-mingo-costa-en-calamuchita\/#primaryimage\"},\"thumbnailUrl\":\"https:\/\/modoviajeok.com.ar\/wp-content\/uploads\/2025\/05\/WhatsApp-Image-2025-05-26-at-19.54.11.jpeg\",\"keywords\":[\"alojamineto\",\"caba\u00f1as\",\"complejo valle del sol\",\"c\u00f3rdoba\",\"hoteler\u00eda\",\"reseteo digital\",\"santa rosa de calamuchita\"],\"articleSection\":[\"C\u00f3rdoba\",\"Destacadas\",\"Recomendaciones\"],\"inLanguage\":\"es\",\"potentialAction\":[{\"@type\":\"CommentAction\",\"name\":\"Comment\",\"target\":[\"https:\/\/modoviajeok.com.ar\/index.php\/2025\/05\/31\/complejo-valle-del-sol-el-sueno-de-mingo-costa-en-calamuchita\/#respond\"]}]},{\"@type\":\"WebPage\",\"@id\":\"https:\/\/modoviajeok.com.ar\/index.php\/2025\/05\/31\/complejo-valle-del-sol-el-sueno-de-mingo-costa-en-calamuchita\/\",\"url\":\"https:\/\/modoviajeok.com.ar\/index.php\/2025\/05\/31\/complejo-valle-del-sol-el-sueno-de-mingo-costa-en-calamuchita\/\",\"name\":\"Complejo Valle del Sol: el sue\u00f1o de \\\"Mingo\\\" Costa en Calamuchita -\",\"isPartOf\":{\"@id\":\"https:\/\/modoviajeok.com.ar\/#website\"},\"primaryImageOfPage\":{\"@id\":\"https:\/\/modoviajeok.com.ar\/index.php\/2025\/05\/31\/complejo-valle-del-sol-el-sueno-de-mingo-costa-en-calamuchita\/#primaryimage\"},\"image\":{\"@id\":\"https:\/\/modoviajeok.com.ar\/index.php\/2025\/05\/31\/complejo-valle-del-sol-el-sueno-de-mingo-costa-en-calamuchita\/#primaryimage\"},\"thumbnailUrl\":\"https:\/\/modoviajeok.com.ar\/wp-content\/uploads\/2025\/05\/WhatsApp-Image-2025-05-26-at-19.54.11.jpeg\",\"datePublished\":\"2025-05-31T12:49:34+00:00\",\"dateModified\":\"2025-06-17T23:41:48+00:00\",\"description\":\"En Santa Rosa de Calamuchita se levanta un complejo de 400 casas, caba\u00f1nas y suites con todas las comodidades. Ideal para reseteo digital.\",\"breadcrumb\":{\"@id\":\"https:\/\/modoviajeok.com.ar\/index.php\/2025\/05\/31\/complejo-valle-del-sol-el-sueno-de-mingo-costa-en-calamuchita\/#breadcrumb\"},\"inLanguage\":\"es\",\"potentialAction\":[{\"@type\":\"ReadAction\",\"target\":[\"https:\/\/modoviajeok.com.ar\/index.php\/2025\/05\/31\/complejo-valle-del-sol-el-sueno-de-mingo-costa-en-calamuchita\/\"]}]},{\"@type\":\"ImageObject\",\"inLanguage\":\"es\",\"@id\":\"https:\/\/modoviajeok.com.ar\/index.php\/2025\/05\/31\/complejo-valle-del-sol-el-sueno-de-mingo-costa-en-calamuchita\/#primaryimage\",\"url\":\"https:\/\/modoviajeok.com.ar\/wp-content\/uploads\/2025\/05\/WhatsApp-Image-2025-05-26-at-19.54.11.jpeg\",\"contentUrl\":\"https:\/\/modoviajeok.com.ar\/wp-content\/uploads\/2025\/05\/WhatsApp-Image-2025-05-26-at-19.54.11.jpeg\",\"width\":1066,\"height\":1600},{\"@type\":\"BreadcrumbList\",\"@id\":\"https:\/\/modoviajeok.com.ar\/index.php\/2025\/05\/31\/complejo-valle-del-sol-el-sueno-de-mingo-costa-en-calamuchita\/#breadcrumb\",\"itemListElement\":[{\"@type\":\"ListItem\",\"position\":1,\"name\":\"Portada\",\"item\":\"https:\/\/modoviajeok.com.ar\/\"},{\"@type\":\"ListItem\",\"position\":2,\"name\":\"Complejo Valle del Sol: el sue\u00f1o de \u00abMingo\u00bb Costa en Calamuchita\"}]},{\"@type\":\"WebSite\",\"@id\":\"https:\/\/modoviajeok.com.ar\/#website\",\"url\":\"https:\/\/modoviajeok.com.ar\/\",\"name\":\"ModoViajeOK\",\"description\":\"\",\"publisher\":{\"@id\":\"https:\/\/modoviajeok.com.ar\/#organization\"},\"potentialAction\":[{\"@type\":\"SearchAction\",\"target\":{\"@type\":\"EntryPoint\",\"urlTemplate\":\"https:\/\/modoviajeok.com.ar\/?s={search_term_string}\"},\"query-input\":{\"@type\":\"PropertyValueSpecification\",\"valueRequired\":true,\"valueName\":\"search_term_string\"}}],\"inLanguage\":\"es\"},{\"@type\":\"Organization\",\"@id\":\"https:\/\/modoviajeok.com.ar\/#organization\",\"name\":\"ModoViajeOK\",\"url\":\"https:\/\/modoviajeok.com.ar\/\",\"logo\":{\"@type\":\"ImageObject\",\"inLanguage\":\"es\",\"@id\":\"https:\/\/modoviajeok.com.ar\/#\/schema\/logo\/image\/\",\"url\":\"https:\/\/modoviajeok.com.ar\/wp-content\/uploads\/2025\/01\/Logo-modoviajeok.png\",\"contentUrl\":\"https:\/\/modoviajeok.com.ar\/wp-content\/uploads\/2025\/01\/Logo-modoviajeok.png\",\"width\":2938,\"height\":2276,\"caption\":\"ModoViajeOK\"},\"image\":{\"@id\":\"https:\/\/modoviajeok.com.ar\/#\/schema\/logo\/image\/\"},\"sameAs\":[\"https:\/\/www.facebook.com\/mariana.otero1\/\",\"https:\/\/www.instagram.com\/modoviaje.ok\/\"]},{\"@type\":\"Person\",\"@id\":\"https:\/\/modoviajeok.com.ar\/#\/schema\/person\/1187013488537969db5b1320484d24f4\",\"name\":\"Mariana Otero\",\"image\":{\"@type\":\"ImageObject\",\"inLanguage\":\"es\",\"@id\":\"https:\/\/modoviajeok.com.ar\/#\/schema\/person\/image\/\",\"url\":\"https:\/\/secure.gravatar.com\/avatar\/8a91a502a9336849a3500b9090c431bc1418f1d1263d893afeddba065f5add82?s=96&d=mm&r=g\",\"contentUrl\":\"https:\/\/secure.gravatar.com\/avatar\/8a91a502a9336849a3500b9090c431bc1418f1d1263d893afeddba065f5add82?s=96&d=mm&r=g\",\"caption\":\"Mariana Otero\"},\"url\":\"https:\/\/modoviajeok.com.ar\/index.php\/author\/mariana2025\/\"}]}<\/script>\n<!-- \/ Yoast SEO plugin. -->","yoast_head_json":{"title":"Complejo Valle del Sol: el sue\u00f1o de \"Mingo\" Costa en Calamuchita -","description":"En Santa Rosa de Calamuchita se levanta un complejo de 400 casas, caba\u00f1nas y suites con todas las comodidades. Ideal para reseteo digital.","robots":{"index":"index","follow":"follow","max-snippet":"max-snippet:-1","max-image-preview":"max-image-preview:large","max-video-preview":"max-video-preview:-1"},"canonical":"https:\/\/modoviajeok.com.ar\/index.php\/2025\/05\/31\/complejo-valle-del-sol-el-sueno-de-mingo-costa-en-calamuchita\/","og_locale":"es_ES","og_type":"article","og_title":"Complejo Valle del Sol: el sue\u00f1o de \"Mingo\" Costa en Calamuchita -","og_description":"En Santa Rosa de Calamuchita se levanta un complejo de 400 casas, caba\u00f1nas y suites con todas las comodidades. Ideal para reseteo digital.","og_url":"https:\/\/modoviajeok.com.ar\/index.php\/2025\/05\/31\/complejo-valle-del-sol-el-sueno-de-mingo-costa-en-calamuchita\/","article_publisher":"https:\/\/www.facebook.com\/mariana.otero1\/","article_published_time":"2025-05-31T12:49:34+00:00","article_modified_time":"2025-06-17T23:41:48+00:00","og_image":[{"width":1066,"height":1600,"url":"https:\/\/modoviajeok.com.ar\/wp-content\/uploads\/2025\/05\/WhatsApp-Image-2025-05-26-at-19.54.11.jpeg","type":"image\/jpeg"}],"author":"Mariana Otero","twitter_card":"summary_large_image","twitter_misc":{"Escrito por":"Mariana Otero","Tiempo de lectura":"7 minutos"},"schema":{"@context":"https:\/\/schema.org","@graph":[{"@type":"Article","@id":"https:\/\/modoviajeok.com.ar\/index.php\/2025\/05\/31\/complejo-valle-del-sol-el-sueno-de-mingo-costa-en-calamuchita\/#article","isPartOf":{"@id":"https:\/\/modoviajeok.com.ar\/index.php\/2025\/05\/31\/complejo-valle-del-sol-el-sueno-de-mingo-costa-en-calamuchita\/"},"author":{"name":"Mariana Otero","@id":"https:\/\/modoviajeok.com.ar\/#\/schema\/person\/1187013488537969db5b1320484d24f4"},"headline":"Complejo Valle del Sol: el sue\u00f1o de \u00abMingo\u00bb Costa en Calamuchita","datePublished":"2025-05-31T12:49:34+00:00","dateModified":"2025-06-17T23:41:48+00:00","mainEntityOfPage":{"@id":"https:\/\/modoviajeok.com.ar\/index.php\/2025\/05\/31\/complejo-valle-del-sol-el-sueno-de-mingo-costa-en-calamuchita\/"},"wordCount":1014,"commentCount":0,"publisher":{"@id":"https:\/\/modoviajeok.com.ar\/#organization"},"image":{"@id":"https:\/\/modoviajeok.com.ar\/index.php\/2025\/05\/31\/complejo-valle-del-sol-el-sueno-de-mingo-costa-en-calamuchita\/#primaryimage"},"thumbnailUrl":"https:\/\/modoviajeok.com.ar\/wp-content\/uploads\/2025\/05\/WhatsApp-Image-2025-05-26-at-19.54.11.jpeg","keywords":["alojamineto","caba\u00f1as","complejo valle del sol","c\u00f3rdoba","hoteler\u00eda","reseteo digital","santa rosa de calamuchita"],"articleSection":["C\u00f3rdoba","Destacadas","Recomendaciones"],"inLanguage":"es","potentialAction":[{"@type":"CommentAction","name":"Comment","target":["https:\/\/modoviajeok.com.ar\/index.php\/2025\/05\/31\/complejo-valle-del-sol-el-sueno-de-mingo-costa-en-calamuchita\/#respond"]}]},{"@type":"WebPage","@id":"https:\/\/modoviajeok.com.ar\/index.php\/2025\/05\/31\/complejo-valle-del-sol-el-sueno-de-mingo-costa-en-calamuchita\/","url":"https:\/\/modoviajeok.com.ar\/index.php\/2025\/05\/31\/complejo-valle-del-sol-el-sueno-de-mingo-costa-en-calamuchita\/","name":"Complejo Valle del Sol: el sue\u00f1o de \"Mingo\" Costa en Calamuchita -","isPartOf":{"@id":"https:\/\/modoviajeok.com.ar\/#website"},"primaryImageOfPage":{"@id":"https:\/\/modoviajeok.com.ar\/index.php\/2025\/05\/31\/complejo-valle-del-sol-el-sueno-de-mingo-costa-en-calamuchita\/#primaryimage"},"image":{"@id":"https:\/\/modoviajeok.com.ar\/index.php\/2025\/05\/31\/complejo-valle-del-sol-el-sueno-de-mingo-costa-en-calamuchita\/#primaryimage"},"thumbnailUrl":"https:\/\/modoviajeok.com.ar\/wp-content\/uploads\/2025\/05\/WhatsApp-Image-2025-05-26-at-19.54.11.jpeg","datePublished":"2025-05-31T12:49:34+00:00","dateModified":"2025-06-17T23:41:48+00:00","description":"En Santa Rosa de Calamuchita se levanta un complejo de 400 casas, caba\u00f1nas y suites con todas las comodidades. Ideal para reseteo digital.","breadcrumb":{"@id":"https:\/\/modoviajeok.com.ar\/index.php\/2025\/05\/31\/complejo-valle-del-sol-el-sueno-de-mingo-costa-en-calamuchita\/#breadcrumb"},"inLanguage":"es","potentialAction":[{"@type":"ReadAction","target":["https:\/\/modoviajeok.com.ar\/index.php\/2025\/05\/31\/complejo-valle-del-sol-el-sueno-de-mingo-costa-en-calamuchita\/"]}]},{"@type":"ImageObject","inLanguage":"es","@id":"https:\/\/modoviajeok.com.ar\/index.php\/2025\/05\/31\/complejo-valle-del-sol-el-sueno-de-mingo-costa-en-calamuchita\/#primaryimage","url":"https:\/\/modoviajeok.com.ar\/wp-content\/uploads\/2025\/05\/WhatsApp-Image-2025-05-26-at-19.54.11.jpeg","contentUrl":"https:\/\/modoviajeok.com.ar\/wp-content\/uploads\/2025\/05\/WhatsApp-Image-2025-05-26-at-19.54.11.jpeg","width":1066,"height":1600},{"@type":"BreadcrumbList","@id":"https:\/\/modoviajeok.com.ar\/index.php\/2025\/05\/31\/complejo-valle-del-sol-el-sueno-de-mingo-costa-en-calamuchita\/#breadcrumb","itemListElement":[{"@type":"ListItem","position":1,"name":"Portada","item":"https:\/\/modoviajeok.com.ar\/"},{"@type":"ListItem","position":2,"name":"Complejo Valle del Sol: el sue\u00f1o de \u00abMingo\u00bb Costa en Calamuchita"}]},{"@type":"WebSite","@id":"https:\/\/modoviajeok.com.ar\/#website","url":"https:\/\/modoviajeok.com.ar\/","name":"ModoViajeOK","description":"","publisher":{"@id":"https:\/\/modoviajeok.com.ar\/#organization"},"potentialAction":[{"@type":"SearchAction","target":{"@type":"EntryPoint","urlTemplate":"https:\/\/modoviajeok.com.ar\/?s={search_term_string}"},"query-input":{"@type":"PropertyValueSpecification","valueRequired":true,"valueName":"search_term_string"}}],"inLanguage":"es"},{"@type":"Organization","@id":"https:\/\/modoviajeok.com.ar\/#organization","name":"ModoViajeOK","url":"https:\/\/modoviajeok.com.ar\/","logo":{"@type":"ImageObject","inLanguage":"es","@id":"https:\/\/modoviajeok.com.ar\/#\/schema\/logo\/image\/","url":"https:\/\/modoviajeok.com.ar\/wp-content\/uploads\/2025\/01\/Logo-modoviajeok.png","contentUrl":"https:\/\/modoviajeok.com.ar\/wp-content\/uploads\/2025\/01\/Logo-modoviajeok.png","width":2938,"height":2276,"caption":"ModoViajeOK"},"image":{"@id":"https:\/\/modoviajeok.com.ar\/#\/schema\/logo\/image\/"},"sameAs":["https:\/\/www.facebook.com\/mariana.otero1\/","https:\/\/www.instagram.com\/modoviaje.ok\/"]},{"@type":"Person","@id":"https:\/\/modoviajeok.com.ar\/#\/schema\/person\/1187013488537969db5b1320484d24f4","name":"Mariana Otero","image":{"@type":"ImageObject","inLanguage":"es","@id":"https:\/\/modoviajeok.com.ar\/#\/schema\/person\/image\/","url":"https:\/\/secure.gravatar.com\/avatar\/8a91a502a9336849a3500b9090c431bc1418f1d1263d893afeddba065f5add82?s=96&d=mm&r=g","contentUrl":"https:\/\/secure.gravatar.com\/avatar\/8a91a502a9336849a3500b9090c431bc1418f1d1263d893afeddba065f5add82?s=96&d=mm&r=g","caption":"Mariana Otero"},"url":"https:\/\/modoviajeok.com.ar\/index.php\/author\/mariana2025\/"}]}},"_links":{"self":[{"href":"https:\/\/modoviajeok.com.ar\/index.php\/wp-json\/wp\/v2\/posts\/4026","targetHints":{"allow":["GET"]}}],"collection":[{"href":"https:\/\/modoviajeok.com.ar\/index.php\/wp-json\/wp\/v2\/posts"}],"about":[{"href":"https:\/\/modoviajeok.com.ar\/index.php\/wp-json\/wp\/v2\/types\/post"}],"author":[{"embeddable":true,"href":"https:\/\/modoviajeok.com.ar\/index.php\/wp-json\/wp\/v2\/users\/2"}],"replies":[{"embeddable":true,"href":"https:\/\/modoviajeok.com.ar\/index.php\/wp-json\/wp\/v2\/comments?post=4026"}],"version-history":[{"count":5,"href":"https:\/\/modoviajeok.com.ar\/index.php\/wp-json\/wp\/v2\/posts\/4026\/revisions"}],"predecessor-version":[{"id":4188,"href":"https:\/\/modoviajeok.com.ar\/index.php\/wp-json\/wp\/v2\/posts\/4026\/revisions\/4188"}],"wp:featuredmedia":[{"embeddable":true,"href":"https:\/\/modoviajeok.com.ar\/index.php\/wp-json\/wp\/v2\/media\/4027"}],"wp:attachment":[{"href":"https:\/\/modoviajeok.com.ar\/index.php\/wp-json\/wp\/v2\/media?parent=4026"}],"wp:term":[{"taxonomy":"category","embeddable":true,"href":"https:\/\/modoviajeok.com.ar\/index.php\/wp-json\/wp\/v2\/categories?post=4026"},{"taxonomy":"post_tag","embeddable":true,"href":"https:\/\/modoviajeok.com.ar\/index.php\/wp-json\/wp\/v2\/tags?post=4026"}],"curies":[{"name":"wp","href":"https:\/\/api.w.org\/{rel}","templated":true}]}}