{"id":4081,"date":"2025-06-03T09:00:31","date_gmt":"2025-06-03T12:00:31","guid":{"rendered":"https:\/\/modoviajeok.com.ar\/?p=4081"},"modified":"2025-05-28T19:11:20","modified_gmt":"2025-05-28T22:11:20","slug":"los-calenos-tienen-quien-les-escriba","status":"publish","type":"post","link":"https:\/\/modoviajeok.com.ar\/index.php\/2025\/06\/03\/los-calenos-tienen-quien-les-escriba\/","title":{"rendered":"Los cale\u00f1os tienen quien les escriba"},"content":{"rendered":"\n<figure class=\"wp-block-pullquote\"><blockquote><p>Son los escribas de la ciudad de Cali que, en una plaza,  abren las puertas de una suerte de oficina p\u00fablica ofreciendo sus servicios a quien lo demande<\/p><\/blockquote><\/figure>\n\n\n\n<p><\/p>\n\n\n\n<p><\/p>\n\n\n\n<p>A metros de la Iglesia la Ermita, famosa en Santiago de Cal\u00ed porque all\u00ed se celebr\u00f3 la primera misa del catolicismo en el a\u00f1o 1536, nos sorprende un grupo de hombres armados con antiguas m\u00e1quinas de escribir haciendo un oficio que cre\u00edamos en desuso.&nbsp;<\/p>\n\n\n\n<figure class=\"wp-block-image size-full\"><img loading=\"lazy\" decoding=\"async\" width=\"1440\" height=\"1080\" src=\"https:\/\/modoviajeok.com.ar\/wp-content\/uploads\/2025\/05\/DSCN0166_2.jpg\" alt=\"\" class=\"wp-image-4084\" srcset=\"https:\/\/modoviajeok.com.ar\/wp-content\/uploads\/2025\/05\/DSCN0166_2.jpg 1440w, https:\/\/modoviajeok.com.ar\/wp-content\/uploads\/2025\/05\/DSCN0166_2-768x576.jpg 768w, https:\/\/modoviajeok.com.ar\/wp-content\/uploads\/2025\/05\/DSCN0166_2-560x420.jpg 560w, https:\/\/modoviajeok.com.ar\/wp-content\/uploads\/2025\/05\/DSCN0166_2-80x60.jpg 80w, https:\/\/modoviajeok.com.ar\/wp-content\/uploads\/2025\/05\/DSCN0166_2-150x113.jpg 150w, https:\/\/modoviajeok.com.ar\/wp-content\/uploads\/2025\/05\/DSCN0166_2-300x225.jpg 300w, https:\/\/modoviajeok.com.ar\/wp-content\/uploads\/2025\/05\/DSCN0166_2-696x522.jpg 696w, https:\/\/modoviajeok.com.ar\/wp-content\/uploads\/2025\/05\/DSCN0166_2-1068x801.jpg 1068w, https:\/\/modoviajeok.com.ar\/wp-content\/uploads\/2025\/05\/DSCN0166_2-265x198.jpg 265w\" sizes=\"auto, (max-width: 1440px) 100vw, 1440px\" \/><\/figure>\n\n\n\n<p>Hay ocho puestos de trabajo en una plazoleta frente al r\u00edo y bajo la sombra para mitigar el agobiante calor cale\u00f1o de fines del verano.&nbsp;<\/p>\n\n\n\n<p>Son los escribas de la ciudad que abren las puertas de una suerte de oficina p\u00fablica ofreciendo sus servicios a quien lo demande. Igual que se hac\u00eda siglos atr\u00e1s.&nbsp;\u00a1Qu\u00e9 maravilloso encontrar esta perlita en el siglo 21!<\/p>\n\n\n\n<p>Nos contaron que trabajan desde las 9 hasta las 6 de la tarde y que su clientela es bien variada. Se encargan de escribir y completar formularios de todo tipo para tr\u00e1mites sencillos y complejos.&nbsp;Su clientela llega sabiendo que aqu\u00ed est\u00e1 la soluci\u00f3n para completar un documento mal confeccionado o elaborar uno que no estaba registrado.<\/p>\n\n\n\n<p>El precio var\u00eda seg\u00fan la cantidad y complejidad del trabajo. La mayor\u00eda que requiere sus servicios es gente mayor, que no sabe escribir o le cuesta&nbsp;hacerse entender.<\/p>\n\n\n\n<p>Cuentan que las primeras horas de la ma\u00f1ana son intensas cuando el apuro por reformular un documento puede determinar la invalidez de un tr\u00e1mite que puede ser clave para personas con recursos son limitados. All\u00ed est\u00e1n todos los d\u00edas.<\/p>\n\n\n\n<p>Los escribas de Cali son la versi\u00f3n colombiana de uno de los oficios m\u00e1s antiguos de la humanidad.&nbsp;<\/p>\n\n\n\n<p>Y qui\u00e9n sabe si todav\u00eda alguien pida que le escriban una carta de amor\u2026 Todo es posible en el mundo m\u00e1gico de la bella Colombia.<\/p>\n\n\n      <div class=\"wp_bannerize_container wp_bannerize_layout_vertical\">\n\n        <div class=\"wp_bannerize_banner_box wp_bannerize_category_intertexto-1\" data-title=\"Modo viaje\" data-mime_type=\"image-gif\" data-banner_id=\"1783\" id=\"wpbanner-1783\" data-impressions_enabled=\"true\" data-clicks_enabled=\"true\"><a href=\"https:\/\/www.instagram.com\/modoviaje.ok?igsh=Z3c5emxsZWFtdXN3\"><img decoding=\"async\" border=\"0\" src=\"https:\/\/modoviajeok.com.ar\/wp-content\/uploads\/2025\/02\/modoviaje.ok-300-x-250-px.gif\" alt=\"Modo viaje\" title=\"Modo viaje\" \/><\/a><\/div>      <\/div>\n\n\n\n\n\n<p><\/p>\n","protected":false},"excerpt":{"rendered":"<p>Son los escribas de la ciudad de Cali que, en una plaza, abren las puertas de una suerte de oficina p\u00fablica ofreciendo sus servicios a quien lo demande A metros de la Iglesia la Ermita, famosa en Santiago de Cal\u00ed porque all\u00ed se celebr\u00f3 la primera misa del catolicismo en el a\u00f1o 1536, nos sorprende [&hellip;]<\/p>\n","protected":false},"author":3,"featured_media":4085,"comment_status":"open","ping_status":"open","sticky":false,"template":"","format":"standard","meta":{"_acf_changed":false,"footnotes":""},"categories":[17,9],"tags":[150,144,970],"class_list":{"0":"post-4081","1":"post","2":"type-post","3":"status-publish","4":"format-standard","5":"has-post-thumbnail","7":"category-galeria","8":"category-mundo","9":"tag-cali","10":"tag-colombia","11":"tag-escribas"},"acf":[],"yoast_head":"<!-- This site is optimized with the Yoast SEO plugin v24.8.1 - https:\/\/yoast.com\/wordpress\/plugins\/seo\/ -->\n<title>Los cale\u00f1os tienen quien les escriba -<\/title>\n<meta name=\"robots\" content=\"index, follow, max-snippet:-1, max-image-preview:large, max-video-preview:-1\" \/>\n<link rel=\"canonical\" href=\"https:\/\/modoviajeok.com.ar\/index.php\/2025\/06\/03\/los-calenos-tienen-quien-les-escriba\/\" \/>\n<meta property=\"og:locale\" content=\"es_ES\" \/>\n<meta property=\"og:type\" content=\"article\" \/>\n<meta property=\"og:title\" content=\"Los cale\u00f1os tienen quien les escriba -\" \/>\n<meta property=\"og:description\" content=\"Son los escribas de la ciudad de Cali que, en una plaza, abren las puertas de una suerte de oficina p\u00fablica ofreciendo sus servicios a quien lo demande A metros de la Iglesia la Ermita, famosa en Santiago de Cal\u00ed porque all\u00ed se celebr\u00f3 la primera misa del catolicismo en el a\u00f1o 1536, nos sorprende [&hellip;]\" \/>\n<meta property=\"og:url\" content=\"https:\/\/modoviajeok.com.ar\/index.php\/2025\/06\/03\/los-calenos-tienen-quien-les-escriba\/\" \/>\n<meta property=\"article:publisher\" content=\"https:\/\/www.facebook.com\/mariana.otero1\/\" \/>\n<meta property=\"article:published_time\" content=\"2025-06-03T12:00:31+00:00\" \/>\n<meta property=\"og:image\" content=\"https:\/\/modoviajeok.com.ar\/wp-content\/uploads\/2025\/05\/DSCN0168_4-1-1.jpg\" \/>\n\t<meta property=\"og:image:width\" content=\"1440\" \/>\n\t<meta property=\"og:image:height\" content=\"1080\" \/>\n\t<meta property=\"og:image:type\" content=\"image\/jpeg\" \/>\n<meta name=\"author\" content=\"Pepe Segura\" \/>\n<meta name=\"twitter:card\" content=\"summary_large_image\" \/>\n<meta name=\"twitter:label1\" content=\"Escrito por\" \/>\n\t<meta name=\"twitter:data1\" content=\"Pepe Segura\" \/>\n\t<meta name=\"twitter:label2\" content=\"Tiempo de lectura\" \/>\n\t<meta name=\"twitter:data2\" content=\"2 minutos\" \/>\n<script type=\"application\/ld+json\" class=\"yoast-schema-graph\">{\"@context\":\"https:\/\/schema.org\",\"@graph\":[{\"@type\":\"Article\",\"@id\":\"https:\/\/modoviajeok.com.ar\/index.php\/2025\/06\/03\/los-calenos-tienen-quien-les-escriba\/#article\",\"isPartOf\":{\"@id\":\"https:\/\/modoviajeok.com.ar\/index.php\/2025\/06\/03\/los-calenos-tienen-quien-les-escriba\/\"},\"author\":{\"name\":\"Pepe Segura\",\"@id\":\"https:\/\/modoviajeok.com.ar\/#\/schema\/person\/2e299ed0d3d412a01d244fe28260d7f5\"},\"headline\":\"Los cale\u00f1os tienen quien les escriba\",\"datePublished\":\"2025-06-03T12:00:31+00:00\",\"mainEntityOfPage\":{\"@id\":\"https:\/\/modoviajeok.com.ar\/index.php\/2025\/06\/03\/los-calenos-tienen-quien-les-escriba\/\"},\"wordCount\":341,\"commentCount\":0,\"publisher\":{\"@id\":\"https:\/\/modoviajeok.com.ar\/#organization\"},\"image\":{\"@id\":\"https:\/\/modoviajeok.com.ar\/index.php\/2025\/06\/03\/los-calenos-tienen-quien-les-escriba\/#primaryimage\"},\"thumbnailUrl\":\"https:\/\/modoviajeok.com.ar\/wp-content\/uploads\/2025\/05\/DSCN0168_4-1-1.jpg\",\"keywords\":[\"cali\",\"colombia\",\"escribas\"],\"articleSection\":[\"Galer\u00eda\",\"Mundo\"],\"inLanguage\":\"es\",\"potentialAction\":[{\"@type\":\"CommentAction\",\"name\":\"Comment\",\"target\":[\"https:\/\/modoviajeok.com.ar\/index.php\/2025\/06\/03\/los-calenos-tienen-quien-les-escriba\/#respond\"]}]},{\"@type\":\"WebPage\",\"@id\":\"https:\/\/modoviajeok.com.ar\/index.php\/2025\/06\/03\/los-calenos-tienen-quien-les-escriba\/\",\"url\":\"https:\/\/modoviajeok.com.ar\/index.php\/2025\/06\/03\/los-calenos-tienen-quien-les-escriba\/\",\"name\":\"Los cale\u00f1os tienen quien les escriba -\",\"isPartOf\":{\"@id\":\"https:\/\/modoviajeok.com.ar\/#website\"},\"primaryImageOfPage\":{\"@id\":\"https:\/\/modoviajeok.com.ar\/index.php\/2025\/06\/03\/los-calenos-tienen-quien-les-escriba\/#primaryimage\"},\"image\":{\"@id\":\"https:\/\/modoviajeok.com.ar\/index.php\/2025\/06\/03\/los-calenos-tienen-quien-les-escriba\/#primaryimage\"},\"thumbnailUrl\":\"https:\/\/modoviajeok.com.ar\/wp-content\/uploads\/2025\/05\/DSCN0168_4-1-1.jpg\",\"datePublished\":\"2025-06-03T12:00:31+00:00\",\"breadcrumb\":{\"@id\":\"https:\/\/modoviajeok.com.ar\/index.php\/2025\/06\/03\/los-calenos-tienen-quien-les-escriba\/#breadcrumb\"},\"inLanguage\":\"es\",\"potentialAction\":[{\"@type\":\"ReadAction\",\"target\":[\"https:\/\/modoviajeok.com.ar\/index.php\/2025\/06\/03\/los-calenos-tienen-quien-les-escriba\/\"]}]},{\"@type\":\"ImageObject\",\"inLanguage\":\"es\",\"@id\":\"https:\/\/modoviajeok.com.ar\/index.php\/2025\/06\/03\/los-calenos-tienen-quien-les-escriba\/#primaryimage\",\"url\":\"https:\/\/modoviajeok.com.ar\/wp-content\/uploads\/2025\/05\/DSCN0168_4-1-1.jpg\",\"contentUrl\":\"https:\/\/modoviajeok.com.ar\/wp-content\/uploads\/2025\/05\/DSCN0168_4-1-1.jpg\",\"width\":1440,\"height\":1080},{\"@type\":\"BreadcrumbList\",\"@id\":\"https:\/\/modoviajeok.com.ar\/index.php\/2025\/06\/03\/los-calenos-tienen-quien-les-escriba\/#breadcrumb\",\"itemListElement\":[{\"@type\":\"ListItem\",\"position\":1,\"name\":\"Portada\",\"item\":\"https:\/\/modoviajeok.com.ar\/\"},{\"@type\":\"ListItem\",\"position\":2,\"name\":\"Los cale\u00f1os tienen quien les escriba\"}]},{\"@type\":\"WebSite\",\"@id\":\"https:\/\/modoviajeok.com.ar\/#website\",\"url\":\"https:\/\/modoviajeok.com.ar\/\",\"name\":\"ModoViajeOK\",\"description\":\"\",\"publisher\":{\"@id\":\"https:\/\/modoviajeok.com.ar\/#organization\"},\"potentialAction\":[{\"@type\":\"SearchAction\",\"target\":{\"@type\":\"EntryPoint\",\"urlTemplate\":\"https:\/\/modoviajeok.com.ar\/?s={search_term_string}\"},\"query-input\":{\"@type\":\"PropertyValueSpecification\",\"valueRequired\":true,\"valueName\":\"search_term_string\"}}],\"inLanguage\":\"es\"},{\"@type\":\"Organization\",\"@id\":\"https:\/\/modoviajeok.com.ar\/#organization\",\"name\":\"ModoViajeOK\",\"url\":\"https:\/\/modoviajeok.com.ar\/\",\"logo\":{\"@type\":\"ImageObject\",\"inLanguage\":\"es\",\"@id\":\"https:\/\/modoviajeok.com.ar\/#\/schema\/logo\/image\/\",\"url\":\"https:\/\/modoviajeok.com.ar\/wp-content\/uploads\/2025\/01\/Logo-modoviajeok.png\",\"contentUrl\":\"https:\/\/modoviajeok.com.ar\/wp-content\/uploads\/2025\/01\/Logo-modoviajeok.png\",\"width\":2938,\"height\":2276,\"caption\":\"ModoViajeOK\"},\"image\":{\"@id\":\"https:\/\/modoviajeok.com.ar\/#\/schema\/logo\/image\/\"},\"sameAs\":[\"https:\/\/www.facebook.com\/mariana.otero1\/\",\"https:\/\/www.instagram.com\/modoviaje.ok\/\"]},{\"@type\":\"Person\",\"@id\":\"https:\/\/modoviajeok.com.ar\/#\/schema\/person\/2e299ed0d3d412a01d244fe28260d7f5\",\"name\":\"Pepe Segura\",\"image\":{\"@type\":\"ImageObject\",\"inLanguage\":\"es\",\"@id\":\"https:\/\/modoviajeok.com.ar\/#\/schema\/person\/image\/\",\"url\":\"https:\/\/secure.gravatar.com\/avatar\/65eb4b34deed761327f5b2c5535b987318ae807900ac46426de7258f5de6d345?s=96&d=mm&r=g\",\"contentUrl\":\"https:\/\/secure.gravatar.com\/avatar\/65eb4b34deed761327f5b2c5535b987318ae807900ac46426de7258f5de6d345?s=96&d=mm&r=g\",\"caption\":\"Pepe Segura\"},\"url\":\"https:\/\/modoviajeok.com.ar\/index.php\/author\/pepe2025\/\"}]}<\/script>\n<!-- \/ Yoast SEO plugin. -->","yoast_head_json":{"title":"Los cale\u00f1os tienen quien les escriba -","robots":{"index":"index","follow":"follow","max-snippet":"max-snippet:-1","max-image-preview":"max-image-preview:large","max-video-preview":"max-video-preview:-1"},"canonical":"https:\/\/modoviajeok.com.ar\/index.php\/2025\/06\/03\/los-calenos-tienen-quien-les-escriba\/","og_locale":"es_ES","og_type":"article","og_title":"Los cale\u00f1os tienen quien les escriba -","og_description":"Son los escribas de la ciudad de Cali que, en una plaza, abren las puertas de una suerte de oficina p\u00fablica ofreciendo sus servicios a quien lo demande A metros de la Iglesia la Ermita, famosa en Santiago de Cal\u00ed porque all\u00ed se celebr\u00f3 la primera misa del catolicismo en el a\u00f1o 1536, nos sorprende [&hellip;]","og_url":"https:\/\/modoviajeok.com.ar\/index.php\/2025\/06\/03\/los-calenos-tienen-quien-les-escriba\/","article_publisher":"https:\/\/www.facebook.com\/mariana.otero1\/","article_published_time":"2025-06-03T12:00:31+00:00","og_image":[{"width":1440,"height":1080,"url":"https:\/\/modoviajeok.com.ar\/wp-content\/uploads\/2025\/05\/DSCN0168_4-1-1.jpg","type":"image\/jpeg"}],"author":"Pepe Segura","twitter_card":"summary_large_image","twitter_misc":{"Escrito por":"Pepe Segura","Tiempo de lectura":"2 minutos"},"schema":{"@context":"https:\/\/schema.org","@graph":[{"@type":"Article","@id":"https:\/\/modoviajeok.com.ar\/index.php\/2025\/06\/03\/los-calenos-tienen-quien-les-escriba\/#article","isPartOf":{"@id":"https:\/\/modoviajeok.com.ar\/index.php\/2025\/06\/03\/los-calenos-tienen-quien-les-escriba\/"},"author":{"name":"Pepe Segura","@id":"https:\/\/modoviajeok.com.ar\/#\/schema\/person\/2e299ed0d3d412a01d244fe28260d7f5"},"headline":"Los cale\u00f1os tienen quien les escriba","datePublished":"2025-06-03T12:00:31+00:00","mainEntityOfPage":{"@id":"https:\/\/modoviajeok.com.ar\/index.php\/2025\/06\/03\/los-calenos-tienen-quien-les-escriba\/"},"wordCount":341,"commentCount":0,"publisher":{"@id":"https:\/\/modoviajeok.com.ar\/#organization"},"image":{"@id":"https:\/\/modoviajeok.com.ar\/index.php\/2025\/06\/03\/los-calenos-tienen-quien-les-escriba\/#primaryimage"},"thumbnailUrl":"https:\/\/modoviajeok.com.ar\/wp-content\/uploads\/2025\/05\/DSCN0168_4-1-1.jpg","keywords":["cali","colombia","escribas"],"articleSection":["Galer\u00eda","Mundo"],"inLanguage":"es","potentialAction":[{"@type":"CommentAction","name":"Comment","target":["https:\/\/modoviajeok.com.ar\/index.php\/2025\/06\/03\/los-calenos-tienen-quien-les-escriba\/#respond"]}]},{"@type":"WebPage","@id":"https:\/\/modoviajeok.com.ar\/index.php\/2025\/06\/03\/los-calenos-tienen-quien-les-escriba\/","url":"https:\/\/modoviajeok.com.ar\/index.php\/2025\/06\/03\/los-calenos-tienen-quien-les-escriba\/","name":"Los cale\u00f1os tienen quien les escriba -","isPartOf":{"@id":"https:\/\/modoviajeok.com.ar\/#website"},"primaryImageOfPage":{"@id":"https:\/\/modoviajeok.com.ar\/index.php\/2025\/06\/03\/los-calenos-tienen-quien-les-escriba\/#primaryimage"},"image":{"@id":"https:\/\/modoviajeok.com.ar\/index.php\/2025\/06\/03\/los-calenos-tienen-quien-les-escriba\/#primaryimage"},"thumbnailUrl":"https:\/\/modoviajeok.com.ar\/wp-content\/uploads\/2025\/05\/DSCN0168_4-1-1.jpg","datePublished":"2025-06-03T12:00:31+00:00","breadcrumb":{"@id":"https:\/\/modoviajeok.com.ar\/index.php\/2025\/06\/03\/los-calenos-tienen-quien-les-escriba\/#breadcrumb"},"inLanguage":"es","potentialAction":[{"@type":"ReadAction","target":["https:\/\/modoviajeok.com.ar\/index.php\/2025\/06\/03\/los-calenos-tienen-quien-les-escriba\/"]}]},{"@type":"ImageObject","inLanguage":"es","@id":"https:\/\/modoviajeok.com.ar\/index.php\/2025\/06\/03\/los-calenos-tienen-quien-les-escriba\/#primaryimage","url":"https:\/\/modoviajeok.com.ar\/wp-content\/uploads\/2025\/05\/DSCN0168_4-1-1.jpg","contentUrl":"https:\/\/modoviajeok.com.ar\/wp-content\/uploads\/2025\/05\/DSCN0168_4-1-1.jpg","width":1440,"height":1080},{"@type":"BreadcrumbList","@id":"https:\/\/modoviajeok.com.ar\/index.php\/2025\/06\/03\/los-calenos-tienen-quien-les-escriba\/#breadcrumb","itemListElement":[{"@type":"ListItem","position":1,"name":"Portada","item":"https:\/\/modoviajeok.com.ar\/"},{"@type":"ListItem","position":2,"name":"Los cale\u00f1os tienen quien les escriba"}]},{"@type":"WebSite","@id":"https:\/\/modoviajeok.com.ar\/#website","url":"https:\/\/modoviajeok.com.ar\/","name":"ModoViajeOK","description":"","publisher":{"@id":"https:\/\/modoviajeok.com.ar\/#organization"},"potentialAction":[{"@type":"SearchAction","target":{"@type":"EntryPoint","urlTemplate":"https:\/\/modoviajeok.com.ar\/?s={search_term_string}"},"query-input":{"@type":"PropertyValueSpecification","valueRequired":true,"valueName":"search_term_string"}}],"inLanguage":"es"},{"@type":"Organization","@id":"https:\/\/modoviajeok.com.ar\/#organization","name":"ModoViajeOK","url":"https:\/\/modoviajeok.com.ar\/","logo":{"@type":"ImageObject","inLanguage":"es","@id":"https:\/\/modoviajeok.com.ar\/#\/schema\/logo\/image\/","url":"https:\/\/modoviajeok.com.ar\/wp-content\/uploads\/2025\/01\/Logo-modoviajeok.png","contentUrl":"https:\/\/modoviajeok.com.ar\/wp-content\/uploads\/2025\/01\/Logo-modoviajeok.png","width":2938,"height":2276,"caption":"ModoViajeOK"},"image":{"@id":"https:\/\/modoviajeok.com.ar\/#\/schema\/logo\/image\/"},"sameAs":["https:\/\/www.facebook.com\/mariana.otero1\/","https:\/\/www.instagram.com\/modoviaje.ok\/"]},{"@type":"Person","@id":"https:\/\/modoviajeok.com.ar\/#\/schema\/person\/2e299ed0d3d412a01d244fe28260d7f5","name":"Pepe Segura","image":{"@type":"ImageObject","inLanguage":"es","@id":"https:\/\/modoviajeok.com.ar\/#\/schema\/person\/image\/","url":"https:\/\/secure.gravatar.com\/avatar\/65eb4b34deed761327f5b2c5535b987318ae807900ac46426de7258f5de6d345?s=96&d=mm&r=g","contentUrl":"https:\/\/secure.gravatar.com\/avatar\/65eb4b34deed761327f5b2c5535b987318ae807900ac46426de7258f5de6d345?s=96&d=mm&r=g","caption":"Pepe Segura"},"url":"https:\/\/modoviajeok.com.ar\/index.php\/author\/pepe2025\/"}]}},"_links":{"self":[{"href":"https:\/\/modoviajeok.com.ar\/index.php\/wp-json\/wp\/v2\/posts\/4081","targetHints":{"allow":["GET"]}}],"collection":[{"href":"https:\/\/modoviajeok.com.ar\/index.php\/wp-json\/wp\/v2\/posts"}],"about":[{"href":"https:\/\/modoviajeok.com.ar\/index.php\/wp-json\/wp\/v2\/types\/post"}],"author":[{"embeddable":true,"href":"https:\/\/modoviajeok.com.ar\/index.php\/wp-json\/wp\/v2\/users\/3"}],"replies":[{"embeddable":true,"href":"https:\/\/modoviajeok.com.ar\/index.php\/wp-json\/wp\/v2\/comments?post=4081"}],"version-history":[{"count":1,"href":"https:\/\/modoviajeok.com.ar\/index.php\/wp-json\/wp\/v2\/posts\/4081\/revisions"}],"predecessor-version":[{"id":4086,"href":"https:\/\/modoviajeok.com.ar\/index.php\/wp-json\/wp\/v2\/posts\/4081\/revisions\/4086"}],"wp:featuredmedia":[{"embeddable":true,"href":"https:\/\/modoviajeok.com.ar\/index.php\/wp-json\/wp\/v2\/media\/4085"}],"wp:attachment":[{"href":"https:\/\/modoviajeok.com.ar\/index.php\/wp-json\/wp\/v2\/media?parent=4081"}],"wp:term":[{"taxonomy":"category","embeddable":true,"href":"https:\/\/modoviajeok.com.ar\/index.php\/wp-json\/wp\/v2\/categories?post=4081"},{"taxonomy":"post_tag","embeddable":true,"href":"https:\/\/modoviajeok.com.ar\/index.php\/wp-json\/wp\/v2\/tags?post=4081"}],"curies":[{"name":"wp","href":"https:\/\/api.w.org\/{rel}","templated":true}]}}