{"id":409,"date":"2025-01-17T16:03:05","date_gmt":"2025-01-17T19:03:05","guid":{"rendered":"https:\/\/modoviajeok.com.ar\/?p=409"},"modified":"2025-03-09T17:06:36","modified_gmt":"2025-03-09T20:06:36","slug":"carnaval-de-jujuy","status":"publish","type":"post","link":"https:\/\/modoviajeok.com.ar\/index.php\/2025\/01\/17\/carnaval-de-jujuy\/","title":{"rendered":"Los \u00abdiablos\u00bb del Carnaval de Jujuy"},"content":{"rendered":"\n<p><\/p>\n\n\n\n<p><\/p>\n\n\n\n<p>En los cerros juje\u00f1os pintarrajeados de colores, el a\u00f1o comienza despu\u00e9s del Carnaval, un ritual alegre, m\u00edtico y sagrado de almas danzantes que fusiona el pasado colonial, occidental y cristiano, con las ra\u00edces originarias y el presente.<\/p>\n\n\n\n<p>Los carnavales norte\u00f1os son una extraordinaria expresi\u00f3n de sincretismo cultural, una fiesta abigarrada, pagana y ancestral \u00fanica en el mundo.<\/p>\n\n\n\n<p>\u201cEn esta zona peg\u00f3 muy fuerte la conquista y el calendario lit\u00fargico qued\u00f3 arraigado. Pero este pueblo no abandona creencias anteriores como el agradecimiento por todo lo natural\u201d, dice Elva Torrez (\u201cElvita\u201d), de la comparsa coplera la Uni\u00f3n de Humahuaca.<\/p>\n\n\n\n<p>El escenario es el sufrido noroeste argentino, una geograf\u00eda de mestizaje de creencias, s\u00edmbolos y pr\u00e1cticas, donde los cuerpos&nbsp; carnavalean durante nueve d\u00edas y ocho noches buscando otros espacios de existencia y de renacimiento, de resistencia cultural.<\/p>\n\n\n\n<figure class=\"wp-block-image size-large\"><img loading=\"lazy\" decoding=\"async\" width=\"1024\" height=\"682\" src=\"https:\/\/modoviajeok.com.ar\/wp-content\/uploads\/2025\/01\/IMG-20220302-WA0078-1024x682.jpg\" alt=\"\" class=\"wp-image-428\" srcset=\"https:\/\/modoviajeok.com.ar\/wp-content\/uploads\/2025\/01\/IMG-20220302-WA0078-1024x682.jpg 1024w, https:\/\/modoviajeok.com.ar\/wp-content\/uploads\/2025\/01\/IMG-20220302-WA0078-300x200.jpg 300w, https:\/\/modoviajeok.com.ar\/wp-content\/uploads\/2025\/01\/IMG-20220302-WA0078-768x512.jpg 768w, https:\/\/modoviajeok.com.ar\/wp-content\/uploads\/2025\/01\/IMG-20220302-WA0078-150x100.jpg 150w, https:\/\/modoviajeok.com.ar\/wp-content\/uploads\/2025\/01\/IMG-20220302-WA0078-696x464.jpg 696w, https:\/\/modoviajeok.com.ar\/wp-content\/uploads\/2025\/01\/IMG-20220302-WA0078-1068x712.jpg 1068w, https:\/\/modoviajeok.com.ar\/wp-content\/uploads\/2025\/01\/IMG-20220302-WA0078.jpg 1280w\" sizes=\"auto, (max-width: 1024px) 100vw, 1024px\" \/><figcaption class=\"wp-element-caption\">FOTOGRAF\u00cdAS: Patricia Molaioli (IG: @patomola)<\/figcaption><\/figure>\n\n\n\n<p><strong>Los \u00abdiablos\u00bb&nbsp; del Carnaval juje\u00f1o<\/strong><\/p>\n\n\n\n<p>En los cerros juje\u00f1os pintarrajeados de colores, el a\u00f1o comienza despu\u00e9s del Carnaval, un ritual alegre, m\u00edtico y sagrado de almas danzantes que fusiona el pasado colonial, occidental y cristiano, con las ra\u00edces originarias y el presente.<\/p>\n\n\n\n<p>Los carnavales norte\u00f1os son una extraordinaria expresi\u00f3n de sincretismo cultural, una fiesta abigarrada, pagana y ancestral \u00fanica en el mundo.<\/p>\n\n\n\n<p>\u201cEn esta zona peg\u00f3 muy fuerte la conquista y el calendario lit\u00fargico qued\u00f3 arraigado. Pero este pueblo no abandona creencias anteriores como el agradecimiento por todo lo natural\u201d, dice Elva Torrez (\u201cElvita\u201d), de la comparsa coplera la Uni\u00f3n de Humahuaca.<\/p>\n\n\n\n<p>El escenario es el sufrido noroeste argentino, una geograf\u00eda de mestizaje de creencias, s\u00edmbolos y pr\u00e1cticas, donde los cuerpos carnavalean durante nueve d\u00edas y ocho noches buscando otros espacios de existencia y de renacimiento, de resistencia cultural.<\/p>\n\n\n\n<figure class=\"wp-block-image size-large\"><img loading=\"lazy\" decoding=\"async\" width=\"1024\" height=\"682\" src=\"https:\/\/modoviajeok.com.ar\/wp-content\/uploads\/2025\/01\/IMG-20220302-WA0077-1024x682.jpg\" alt=\"\" class=\"wp-image-427\" srcset=\"https:\/\/modoviajeok.com.ar\/wp-content\/uploads\/2025\/01\/IMG-20220302-WA0077-1024x682.jpg 1024w, https:\/\/modoviajeok.com.ar\/wp-content\/uploads\/2025\/01\/IMG-20220302-WA0077-300x200.jpg 300w, https:\/\/modoviajeok.com.ar\/wp-content\/uploads\/2025\/01\/IMG-20220302-WA0077-768x512.jpg 768w, https:\/\/modoviajeok.com.ar\/wp-content\/uploads\/2025\/01\/IMG-20220302-WA0077-150x100.jpg 150w, https:\/\/modoviajeok.com.ar\/wp-content\/uploads\/2025\/01\/IMG-20220302-WA0077-696x464.jpg 696w, https:\/\/modoviajeok.com.ar\/wp-content\/uploads\/2025\/01\/IMG-20220302-WA0077-1068x712.jpg 1068w, https:\/\/modoviajeok.com.ar\/wp-content\/uploads\/2025\/01\/IMG-20220302-WA0077.jpg 1280w\" sizes=\"auto, (max-width: 1024px) 100vw, 1024px\" \/><\/figure>\n\n\n\n<p><strong>Bajada de los cerros<\/strong><\/p>\n\n\n\n<p>El peque\u00f1o pueblo de Uqu\u00eda, a 12 kil\u00f3metros de Humahuaca desbordaba en una multitud alegre el 26 de febrero, d\u00eda del desentierro.<\/p>\n\n\n\n<p>Despu\u00e9s de dos a\u00f1os de pandemia, los 600 pobladores se multiplicaban por miles en una fiesta sin fin bajo una nube de talco, espuma y alcohol. Cerca de las 3 de la tarde, la marea humana cubr\u00eda por completo el imponente ca\u00f1ad\u00f3n seco que mira al Cerro Blanco a la espera de la bajada de los diablos.<\/p>\n\n\n\n<p>Dos horas y tres bombas de estruendo despu\u00e9s, la monta\u00f1a de m\u00e1s de 2.800 metros parec\u00eda moverse al comp\u00e1s de las 300 siluetas de la comparsa Los Alegres de Uqu\u00eda.<\/p>\n\n\n\n<p>Es el ciclo repetido: los diablos aparecen enfundados en extraordinarios trajes coloridos de diferentes texturas bordados a mano con cascabeles, lentejuelas, m\u00e1scaras y cuernos de toro o cordero pintados; con largas colas y rebenques, tridentes y calaveras emitiendo sonidos atronadores.<\/p>\n\n\n\n<figure class=\"wp-block-image size-large\"><img loading=\"lazy\" decoding=\"async\" width=\"1024\" height=\"682\" src=\"https:\/\/modoviajeok.com.ar\/wp-content\/uploads\/2025\/01\/IMG-20220302-WA0087-1024x682.jpg\" alt=\"\" class=\"wp-image-410\" srcset=\"https:\/\/modoviajeok.com.ar\/wp-content\/uploads\/2025\/01\/IMG-20220302-WA0087-1024x682.jpg 1024w, https:\/\/modoviajeok.com.ar\/wp-content\/uploads\/2025\/01\/IMG-20220302-WA0087-300x200.jpg 300w, https:\/\/modoviajeok.com.ar\/wp-content\/uploads\/2025\/01\/IMG-20220302-WA0087-768x512.jpg 768w, https:\/\/modoviajeok.com.ar\/wp-content\/uploads\/2025\/01\/IMG-20220302-WA0087-150x100.jpg 150w, https:\/\/modoviajeok.com.ar\/wp-content\/uploads\/2025\/01\/IMG-20220302-WA0087-696x464.jpg 696w, https:\/\/modoviajeok.com.ar\/wp-content\/uploads\/2025\/01\/IMG-20220302-WA0087-1068x712.jpg 1068w, https:\/\/modoviajeok.com.ar\/wp-content\/uploads\/2025\/01\/IMG-20220302-WA0087.jpg 1280w\" sizes=\"auto, (max-width: 1024px) 100vw, 1024px\" \/><\/figure>\n\n\n\n<p>As\u00ed, la diablada misteriosa y sin rostro despeina la cima pelada de la monta\u00f1a y desata la locura colectiva durante casi una hora. La bajada es teatral, algunos se caen y se levantan, gritan, encienden bengalas, tocan erkenchos, anatas, charangos y bombos. Tambi\u00e9n desciende Sebastiana (seg\u00fan estiman, de 120 a\u00f1os), la fundadora de la octogenaria comparsa, con la ayuda de los m\u00e1s j\u00f3venes.<\/p>\n\n\n\n<p>Todos se exhiben en un baile rudo, casi salvaje, frente a un p\u00fablico extasiado que los ovaciona.<\/p>\n\n\n\n<p>En columnas, siempre danzando, se dirigen hacia el moj\u00f3n (altar de piedras) donde, al fin, ocurrir\u00e1 el desentierro regado de cerveza, vino, chicha, talco, espuma, papel picado y serpentinas. Suenan trompetas y se percibe el v\u00e9rtigo de lo desconocido. Es hora de carnavalear, porque en Jujuy el Carnaval tambi\u00e9n es un verbo que se conjuga.<\/p>\n\n\n\n<figure class=\"wp-block-image size-large\"><img loading=\"lazy\" decoding=\"async\" width=\"1024\" height=\"682\" src=\"https:\/\/modoviajeok.com.ar\/wp-content\/uploads\/2025\/01\/IMG-20220302-WA0075-1024x682.jpg\" alt=\"\" class=\"wp-image-426\" srcset=\"https:\/\/modoviajeok.com.ar\/wp-content\/uploads\/2025\/01\/IMG-20220302-WA0075-1024x682.jpg 1024w, https:\/\/modoviajeok.com.ar\/wp-content\/uploads\/2025\/01\/IMG-20220302-WA0075-300x200.jpg 300w, https:\/\/modoviajeok.com.ar\/wp-content\/uploads\/2025\/01\/IMG-20220302-WA0075-768x512.jpg 768w, https:\/\/modoviajeok.com.ar\/wp-content\/uploads\/2025\/01\/IMG-20220302-WA0075-150x100.jpg 150w, https:\/\/modoviajeok.com.ar\/wp-content\/uploads\/2025\/01\/IMG-20220302-WA0075-696x464.jpg 696w, https:\/\/modoviajeok.com.ar\/wp-content\/uploads\/2025\/01\/IMG-20220302-WA0075-1068x712.jpg 1068w, https:\/\/modoviajeok.com.ar\/wp-content\/uploads\/2025\/01\/IMG-20220302-WA0075.jpg 1280w\" sizes=\"auto, (max-width: 1024px) 100vw, 1024px\" \/><\/figure>\n\n\n\n<p><strong>&nbsp;El mundo al rev\u00e9s<\/strong> <\/p>\n\n\n\n<p>La confecci\u00f3n y el bordado de los trajes es artesanal y los gastos corren por cuenta de cada celebrante y su familia que son quienes, en definitiva, sostienen esta tradici\u00f3n seductora y desenfrenada de generaci\u00f3n en generaci\u00f3n.<\/p>\n\n\n\n<p>Bruno Zamboni subraya que estos diablos no son los demonios de los que habla la Biblia, sino que son \u201cp\u00edcaros que contagian alegr\u00eda\u201d.<\/p>\n\n\n\n<p>La transformaci\u00f3n de los cuerpos sostiene el mito de la festividad; los varones y cada vez m\u00e1s mujeres abandonan bajo su m\u00e1scara la vida cotidiana y se proyectan a un mundo extraordinario para sobrellevar la existencia de manera po\u00e9tica e id\u00edlica.<\/p>\n\n\n\n<figure class=\"wp-block-image size-large\"><img loading=\"lazy\" decoding=\"async\" width=\"1024\" height=\"682\" src=\"https:\/\/modoviajeok.com.ar\/wp-content\/uploads\/2025\/01\/IMG-20220302-WA0092-1024x682.jpg\" alt=\"\" class=\"wp-image-412\" srcset=\"https:\/\/modoviajeok.com.ar\/wp-content\/uploads\/2025\/01\/IMG-20220302-WA0092-1024x682.jpg 1024w, https:\/\/modoviajeok.com.ar\/wp-content\/uploads\/2025\/01\/IMG-20220302-WA0092-300x200.jpg 300w, https:\/\/modoviajeok.com.ar\/wp-content\/uploads\/2025\/01\/IMG-20220302-WA0092-768x512.jpg 768w, https:\/\/modoviajeok.com.ar\/wp-content\/uploads\/2025\/01\/IMG-20220302-WA0092-150x100.jpg 150w, https:\/\/modoviajeok.com.ar\/wp-content\/uploads\/2025\/01\/IMG-20220302-WA0092-696x464.jpg 696w, https:\/\/modoviajeok.com.ar\/wp-content\/uploads\/2025\/01\/IMG-20220302-WA0092-1068x712.jpg 1068w, https:\/\/modoviajeok.com.ar\/wp-content\/uploads\/2025\/01\/IMG-20220302-WA0092.jpg 1280w\" sizes=\"auto, (max-width: 1024px) 100vw, 1024px\" \/><\/figure>\n\n\n\n<p>El Carnaval es poner la propia carne en comuni\u00f3n con otros, es un ritual colectivo que abre paso a un ciclo de renovaci\u00f3n.<\/p>\n\n\n\n<p>El secreto es mantener la intriga (hasta se distorsiona la voz) sobre qui\u00e9n se esconde tras el disfraz para ser \u201clibre\u201d, transgredir ciertas normas y estructuras sociales y \u201cvivir un mundo dado vuelta\u201d durante m\u00e1s de una semana.<\/p>\n\n\n\n<p>Quiz\u00e1 la mejor met\u00e1fora del Carnaval juje\u00f1o es la del \u201cmundo al rev\u00e9s\u201d, donde las configuraciones del deber ser se hacen a\u00f1icos detr\u00e1s de cientos de diablos personificados que encarnan una nueva identidad; dejan de ser quienes son para ser otros.<\/p>\n\n\n\n<p><strong>Tiempo de libertad<\/strong><\/p>\n\n\n\n<p>Despu\u00e9s del desentierro en Uqu\u00eda, un \u201cdiablo\u201d con lentejuelas, cascabeles y espejos cuenta a <strong>La Voz<\/strong> que desde hace 30 a\u00f1os se disfraza. Durante el a\u00f1o trabaja en una mina de litio, pero en Carnaval es una persona distinta. Tiene 44 a\u00f1os y lo acompa\u00f1an dos diablos j\u00f3venes, sus hijos universitarios. En un tiempo, relata, vivi\u00f3 en barrio G\u00fcemes, en la ciudad de C\u00f3rdoba.<\/p>\n\n\n\n<p>\u201cEl disfraz significa desatar la alegr\u00eda para olvidarse de los problemas y que nadie te reconozca\u201d, explica detr\u00e1s de m\u00e1scara que s\u00f3lo descubre sus ojos.<\/p>\n\n\n\n<p>El atuendo -sigue- ayuda a evitar la \u201ctentaci\u00f3n\u201d que abunda en Carnaval.<\/p>\n\n\n\n<p>\u201cHay esp\u00edritus malos que se espantan con el ruido de los cascabeles\u201d, dice. Los espejitos que cuelgan del traje cumplen la misma funci\u00f3n: el diablo se refleja, se asusta y se va.<\/p>\n\n\n\n<p>\u201cEs tiempo de libertad\u201d, insiste este diablo sin cola y con rebenque para ahuyentar a los esp\u00edritus. \u201cEs el secreto que guardamos. En estos tiempos somos distintos. Est\u00e1s en un mundo aparte; sal\u00eds de la tierra, pero est\u00e1s en la tierra\u201d, sostiene en un juego de palabras.<\/p>\n\n\n\n<figure class=\"wp-block-image size-large\"><img loading=\"lazy\" decoding=\"async\" width=\"1024\" height=\"682\" src=\"https:\/\/modoviajeok.com.ar\/wp-content\/uploads\/2025\/01\/IMG-20220302-WA0063-1024x682.jpg\" alt=\"\" class=\"wp-image-417\" srcset=\"https:\/\/modoviajeok.com.ar\/wp-content\/uploads\/2025\/01\/IMG-20220302-WA0063-1024x682.jpg 1024w, https:\/\/modoviajeok.com.ar\/wp-content\/uploads\/2025\/01\/IMG-20220302-WA0063-300x200.jpg 300w, https:\/\/modoviajeok.com.ar\/wp-content\/uploads\/2025\/01\/IMG-20220302-WA0063-768x512.jpg 768w, https:\/\/modoviajeok.com.ar\/wp-content\/uploads\/2025\/01\/IMG-20220302-WA0063-150x100.jpg 150w, https:\/\/modoviajeok.com.ar\/wp-content\/uploads\/2025\/01\/IMG-20220302-WA0063-696x464.jpg 696w, https:\/\/modoviajeok.com.ar\/wp-content\/uploads\/2025\/01\/IMG-20220302-WA0063-1068x712.jpg 1068w, https:\/\/modoviajeok.com.ar\/wp-content\/uploads\/2025\/01\/IMG-20220302-WA0063.jpg 1280w\" sizes=\"auto, (max-width: 1024px) 100vw, 1024px\" \/><\/figure>\n\n\n\n<p><strong>Tradici\u00f3n familiar<\/strong><\/p>\n\n\n\n<p>Solo en Humahuaca hay 40 comparsas que comparten el Carnaval con sus seguidores, desde las fiestas previas de compadres y de comadres hasta la chaya (bendici\u00f3n con bebidas y talco) de todo lo que se utiliza en la celebraci\u00f3n m\u00e1s esperada del a\u00f1o. Las primeras nacieron hace unos 150 a\u00f1os y algunas han desaparecido. Se autogestionan y no tienen fines de lucro.<\/p>\n\n\n\n<p>\u201cLos miembros de las comparsas se comprometen, piden a la Pachamama para que sea un buen Carnaval, que no pase nada malo, que nos de alegr\u00eda\u201d, asegura Torrez.<\/p>\n\n\n\n<p>Al \u201cCarnaval grande\u201d en esta porci\u00f3n del norte melanc\u00f3lico y tantas veces castigado le siguen los carnavales peque\u00f1os en casas de familia.<\/p>\n\n\n\n<p>Las comparsas reciben entre seis y diez \u201cinvitaciones\u201d diarias las nueve jornadas del Carnaval para alegrar el patio del hogar.<\/p>\n\n\n\n<p>Desde siempre, y durante d\u00e9cadas, los anfitriones fueron aquellos que obten\u00edan las mejores cosechas ese a\u00f1o. En parte sigue siendo as\u00ed, pero hoy muchos de los que han abandonado la labranza contin\u00faan con la tradici\u00f3n de sus antepasados: ya no preparan&nbsp; cordero pero s\u00ed corren con los gastos de la bebida para todos.<\/p>\n\n\n\n<p>\u201cPara nosotros la semana de Carnaval representa toda nuestra vida. Se celebra y cosecha por eso se espera con ansias; es el encuentro de la familia, de la amistad\u201d, apunta Bruno Zamboni.<\/p>\n\n\n\n<figure class=\"wp-block-image size-large\"><img loading=\"lazy\" decoding=\"async\" width=\"1024\" height=\"682\" src=\"https:\/\/modoviajeok.com.ar\/wp-content\/uploads\/2025\/01\/IMG-20220302-WA0069-1024x682.jpg\" alt=\"\" class=\"wp-image-421\" srcset=\"https:\/\/modoviajeok.com.ar\/wp-content\/uploads\/2025\/01\/IMG-20220302-WA0069-1024x682.jpg 1024w, https:\/\/modoviajeok.com.ar\/wp-content\/uploads\/2025\/01\/IMG-20220302-WA0069-300x200.jpg 300w, https:\/\/modoviajeok.com.ar\/wp-content\/uploads\/2025\/01\/IMG-20220302-WA0069-768x512.jpg 768w, https:\/\/modoviajeok.com.ar\/wp-content\/uploads\/2025\/01\/IMG-20220302-WA0069-150x100.jpg 150w, https:\/\/modoviajeok.com.ar\/wp-content\/uploads\/2025\/01\/IMG-20220302-WA0069-696x464.jpg 696w, https:\/\/modoviajeok.com.ar\/wp-content\/uploads\/2025\/01\/IMG-20220302-WA0069-1068x712.jpg 1068w, https:\/\/modoviajeok.com.ar\/wp-content\/uploads\/2025\/01\/IMG-20220302-WA0069.jpg 1280w\" sizes=\"auto, (max-width: 1024px) 100vw, 1024px\" \/><\/figure>\n\n\n\n<p><strong>Fervor colectivo<\/strong><\/p>\n\n\n\n<p>El domingo 27, alrededor de las 5 de la tarde la ceremonia del desentierro comenzaba en el Cerro Negro en Maimar\u00e1, a 18 kil\u00f3metros de Purmamarca. Las personas se contabilizaban por miles (\u00bfunas 15 mil?) bajo el sol abrasador que ba\u00f1aba la ladera empinada.<\/p>\n\n\n\n<p>La comparsa Cerro Negro Maimar\u00e1 iniciaba el descenso serpenteante, siempre imponente, entre la multitud alegre rumbo al pueblo y se mezclaba con la gente que los ovacionaba de principio a fin, de lado a lado, como sucede con las estrellas de rock.<\/p>\n\n\n\n<p>En la espera del desfile multicolor por el poblado pintado de terracota, Gloria nos contaba que es \u201cguardiana del cerro\u201d. Hace 23 a\u00f1os que vela, junto a otros 50, para que las monta\u00f1as inabarcables sigan siendo sagradas y seguras. Habitualmente custodia el Cerro Blanco en Uqu\u00eda, pero ese domingo celebraba en el Cerro Negro de Maimar\u00e1.<\/p>\n\n\n\n<p>Para Gloria, el Carnaval es tiempo de agradecimiento, de ofrenda y de bendiciones. Hay que honrar a la Pachamama y darle de comer con las dos manos juntas como cuando se recoge agua de un r\u00edo para beber.<\/p>\n\n\n\n<figure class=\"wp-block-image size-large\"><img loading=\"lazy\" decoding=\"async\" width=\"1024\" height=\"682\" src=\"https:\/\/modoviajeok.com.ar\/wp-content\/uploads\/2025\/01\/IMG-20220302-WA0071-1024x682.jpg\" alt=\"\" class=\"wp-image-423\" srcset=\"https:\/\/modoviajeok.com.ar\/wp-content\/uploads\/2025\/01\/IMG-20220302-WA0071-1024x682.jpg 1024w, https:\/\/modoviajeok.com.ar\/wp-content\/uploads\/2025\/01\/IMG-20220302-WA0071-300x200.jpg 300w, https:\/\/modoviajeok.com.ar\/wp-content\/uploads\/2025\/01\/IMG-20220302-WA0071-768x512.jpg 768w, https:\/\/modoviajeok.com.ar\/wp-content\/uploads\/2025\/01\/IMG-20220302-WA0071-150x100.jpg 150w, https:\/\/modoviajeok.com.ar\/wp-content\/uploads\/2025\/01\/IMG-20220302-WA0071-696x464.jpg 696w, https:\/\/modoviajeok.com.ar\/wp-content\/uploads\/2025\/01\/IMG-20220302-WA0071-1068x712.jpg 1068w, https:\/\/modoviajeok.com.ar\/wp-content\/uploads\/2025\/01\/IMG-20220302-WA0071.jpg 1280w\" sizes=\"auto, (max-width: 1024px) 100vw, 1024px\" \/><\/figure>\n\n\n\n<p><strong>La \u201cinvitaci\u00f3n\u201d<\/strong><\/p>\n\n\n\n<p>Como buenos custodios de las tradiciones, los Cuellar hace d\u00e9cadas que invitan a su casa a la comparsa Cerro Negro.&nbsp;<\/p>\n\n\n\n<p>Dora tiene 77 a\u00f1os que no representa. Se la ve joven y feliz con un sombrero de pa\u00f1o fucsia&nbsp; porque, enfatiza, vive el Carnaval con alegr\u00eda y respetando la voluntad y el ejemplo de su madre que siempre acog\u00eda a los diablos carnavaleros.<\/p>\n\n\n\n<p>El patio de tierra de su casa, que una vez fue un campo sembrado, est\u00e1 lleno de parientes y amigos. Dora y su hermana Elvira sonr\u00eden con gratitud, bailan y coplean detr\u00e1s de la reja que las separa de la calle donde una marea humana bebe \u201csaratoga\u201d, la entradora bebida oficial del Carnaval, a base de vino, lim\u00f3n y jugo de frutas, en cajas de tetrabrik convertidas en vasos. Dora prepar\u00f3 200 litros (35 damajuanas) en un tonel que durar\u00e1 apenas una hora y media. Cuando el barril se seca, la fiesta llega a su fin. Y la comparsa marcha a otro sitio con la caravana de festejantes.<\/p>\n\n\n\n<p>\u201cLa alegr\u00eda del Carnaval no se compara con nada\u201d, asegura la mujer, con una espiga (a falta de albahaca) en la mano izquierda como s\u00edmbolo de fecundidad y, en la derecha, el Pujllay desenterrado ba\u00f1ado en \u201csaratoga\u201d.<\/p>\n\n\n\n<p>Celebra con ganas porque est\u00e1 convencida de que el Carnaval y la tradici\u00f3n popular se sostienen gracias a las familias.<\/p>\n\n\n\n<p>Es que el Carnaval, casi no hay dudas, es la uni\u00f3n del pueblo en trance en un tiempo m\u00edtico y sagrado que manifiesta la cultura viviente.<\/p>\n\n\n\n<figure class=\"wp-block-image size-large\"><img loading=\"lazy\" decoding=\"async\" width=\"1024\" height=\"682\" src=\"https:\/\/modoviajeok.com.ar\/wp-content\/uploads\/2025\/01\/IMG-20220302-WA0086-1024x682.jpg\" alt=\"\" class=\"wp-image-430\" srcset=\"https:\/\/modoviajeok.com.ar\/wp-content\/uploads\/2025\/01\/IMG-20220302-WA0086-1024x682.jpg 1024w, https:\/\/modoviajeok.com.ar\/wp-content\/uploads\/2025\/01\/IMG-20220302-WA0086-300x200.jpg 300w, https:\/\/modoviajeok.com.ar\/wp-content\/uploads\/2025\/01\/IMG-20220302-WA0086-768x512.jpg 768w, https:\/\/modoviajeok.com.ar\/wp-content\/uploads\/2025\/01\/IMG-20220302-WA0086-150x100.jpg 150w, https:\/\/modoviajeok.com.ar\/wp-content\/uploads\/2025\/01\/IMG-20220302-WA0086-696x464.jpg 696w, https:\/\/modoviajeok.com.ar\/wp-content\/uploads\/2025\/01\/IMG-20220302-WA0086-1068x712.jpg 1068w, https:\/\/modoviajeok.com.ar\/wp-content\/uploads\/2025\/01\/IMG-20220302-WA0086.jpg 1280w\" sizes=\"auto, (max-width: 1024px) 100vw, 1024px\" \/><\/figure>\n\n\n\n<p><em>Esta nota fue publicada originalmente en La Voz del Interior. LINK: <a href=\"https:\/\/www.lavoz.com.ar\/cultura\/carnavales-nortenos-una-tradicion-ancestral-pagana-y-unica\/\" data-type=\"link\" data-id=\"https:\/\/www.lavoz.com.ar\/cultura\/carnavales-nortenos-una-tradicion-ancestral-pagana-y-unica\/\">Los Carnavales norte\u00f1os, una tradici\u00f3n ancestral, pagana y \u00fanica.<\/a><\/em><\/p>\n\n\n\n<p><strong>DATOS \u00daTILES<\/strong><\/p>\n\n\n\n<p><strong>Calendario del Carnaval<\/strong> <strong>2025<\/strong><\/p>\n\n\n\n<p>1 de enero: Chaya de Mojones de Maimar\u00e1.<\/p>\n\n\n\n<p>6 de febrero: Jueves de Padrinos.<\/p>\n\n\n\n<p>13 de febrero: Jueves de Ahijados.<\/p>\n\n\n\n<p>20 de febrero: Jueves de Compadres.<\/p>\n\n\n\n<p>27 de febrero: Jueves de Comadres.<\/p>\n\n\n\n<p>1, 2 y 3 de marzo: Carnaval Grande.<\/p>\n\n\n\n<p>4 de marzo: Martes de Chaya.<\/p>\n\n\n\n<p>8 de marzo: Carnaval Chico.<\/p>\n\n\n\n<p>15 de marzo: Carnaval de Flores.<\/p>\n\n\n\n<p>22 de marzo: Carnaval de Remache.<\/p>\n","protected":false},"excerpt":{"rendered":"<p>En los cerros juje\u00f1os pintarrajeados de colores, el a\u00f1o comienza despu\u00e9s del Carnaval, un ritual alegre, m\u00edtico y sagrado de almas danzantes que fusiona el pasado colonial, occidental y cristiano, con las ra\u00edces originarias y el presente. Los carnavales norte\u00f1os son una extraordinaria expresi\u00f3n de sincretismo cultural, una fiesta abigarrada, pagana y ancestral \u00fanica en [&hellip;]<\/p>\n","protected":false},"author":2,"featured_media":424,"comment_status":"open","ping_status":"open","sticky":false,"template":"","format":"standard","meta":{"_acf_changed":false,"footnotes":""},"categories":[13,2,16,15],"tags":[41,31,37,38,39,22,32,40],"class_list":{"0":"post-409","1":"post","2":"type-post","3":"status-publish","4":"format-standard","5":"has-post-thumbnail","7":"category-argentina","8":"category-destacadas","9":"category-en-la-prensa","10":"category-recomendaciones","11":"tag-ancestros","12":"tag-argentina","13":"tag-carnaval","14":"tag-carnavales","15":"tag-cultura","16":"tag-jujuy","17":"tag-norte","18":"tag-tradicion"},"acf":[],"yoast_head":"<!-- This site is optimized with the Yoast SEO plugin v24.8.1 - https:\/\/yoast.com\/wordpress\/plugins\/seo\/ -->\n<title>Los &quot;diablos&quot; del Carnaval de Jujuy -<\/title>\n<meta name=\"robots\" content=\"index, follow, max-snippet:-1, max-image-preview:large, max-video-preview:-1\" \/>\n<link rel=\"canonical\" href=\"https:\/\/modoviajeok.com.ar\/index.php\/2025\/01\/17\/carnaval-de-jujuy\/\" \/>\n<meta property=\"og:locale\" content=\"es_ES\" \/>\n<meta property=\"og:type\" content=\"article\" \/>\n<meta property=\"og:title\" content=\"Los &quot;diablos&quot; del Carnaval de Jujuy -\" \/>\n<meta property=\"og:description\" content=\"En los cerros juje\u00f1os pintarrajeados de colores, el a\u00f1o comienza despu\u00e9s del Carnaval, un ritual alegre, m\u00edtico y sagrado de almas danzantes que fusiona el pasado colonial, occidental y cristiano, con las ra\u00edces originarias y el presente. Los carnavales norte\u00f1os son una extraordinaria expresi\u00f3n de sincretismo cultural, una fiesta abigarrada, pagana y ancestral \u00fanica en [&hellip;]\" \/>\n<meta property=\"og:url\" content=\"https:\/\/modoviajeok.com.ar\/index.php\/2025\/01\/17\/carnaval-de-jujuy\/\" \/>\n<meta property=\"article:publisher\" content=\"https:\/\/www.facebook.com\/mariana.otero1\/\" \/>\n<meta property=\"article:published_time\" content=\"2025-01-17T19:03:05+00:00\" \/>\n<meta property=\"article:modified_time\" content=\"2025-03-09T20:06:36+00:00\" \/>\n<meta property=\"og:image\" content=\"https:\/\/modoviajeok.com.ar\/wp-content\/uploads\/2025\/01\/IMG-20220302-WA0072.jpg\" \/>\n\t<meta property=\"og:image:width\" content=\"1280\" \/>\n\t<meta property=\"og:image:height\" content=\"853\" \/>\n\t<meta property=\"og:image:type\" content=\"image\/jpeg\" \/>\n<meta name=\"author\" content=\"Mariana Otero\" \/>\n<meta name=\"twitter:card\" content=\"summary_large_image\" \/>\n<meta name=\"twitter:label1\" content=\"Escrito por\" \/>\n\t<meta name=\"twitter:data1\" content=\"Mariana Otero\" \/>\n\t<meta name=\"twitter:label2\" content=\"Tiempo de lectura\" \/>\n\t<meta name=\"twitter:data2\" content=\"9 minutos\" \/>\n<script type=\"application\/ld+json\" class=\"yoast-schema-graph\">{\"@context\":\"https:\/\/schema.org\",\"@graph\":[{\"@type\":\"Article\",\"@id\":\"https:\/\/modoviajeok.com.ar\/index.php\/2025\/01\/17\/carnaval-de-jujuy\/#article\",\"isPartOf\":{\"@id\":\"https:\/\/modoviajeok.com.ar\/index.php\/2025\/01\/17\/carnaval-de-jujuy\/\"},\"author\":{\"name\":\"Mariana Otero\",\"@id\":\"https:\/\/modoviajeok.com.ar\/#\/schema\/person\/1187013488537969db5b1320484d24f4\"},\"headline\":\"Los \u00abdiablos\u00bb del Carnaval de Jujuy\",\"datePublished\":\"2025-01-17T19:03:05+00:00\",\"dateModified\":\"2025-03-09T20:06:36+00:00\",\"mainEntityOfPage\":{\"@id\":\"https:\/\/modoviajeok.com.ar\/index.php\/2025\/01\/17\/carnaval-de-jujuy\/\"},\"wordCount\":1814,\"commentCount\":0,\"publisher\":{\"@id\":\"https:\/\/modoviajeok.com.ar\/#organization\"},\"image\":{\"@id\":\"https:\/\/modoviajeok.com.ar\/index.php\/2025\/01\/17\/carnaval-de-jujuy\/#primaryimage\"},\"thumbnailUrl\":\"https:\/\/modoviajeok.com.ar\/wp-content\/uploads\/2025\/01\/IMG-20220302-WA0072.jpg\",\"keywords\":[\"ancestros\",\"argentina\",\"carnaval\",\"carnavales\",\"cultura\",\"jujuy\",\"norte\",\"tradici\u00f3n\"],\"articleSection\":[\"Argentina\",\"Destacadas\",\"En la prensa\",\"Recomendaciones\"],\"inLanguage\":\"es\",\"potentialAction\":[{\"@type\":\"CommentAction\",\"name\":\"Comment\",\"target\":[\"https:\/\/modoviajeok.com.ar\/index.php\/2025\/01\/17\/carnaval-de-jujuy\/#respond\"]}]},{\"@type\":\"WebPage\",\"@id\":\"https:\/\/modoviajeok.com.ar\/index.php\/2025\/01\/17\/carnaval-de-jujuy\/\",\"url\":\"https:\/\/modoviajeok.com.ar\/index.php\/2025\/01\/17\/carnaval-de-jujuy\/\",\"name\":\"Los \\\"diablos\\\" del Carnaval de Jujuy -\",\"isPartOf\":{\"@id\":\"https:\/\/modoviajeok.com.ar\/#website\"},\"primaryImageOfPage\":{\"@id\":\"https:\/\/modoviajeok.com.ar\/index.php\/2025\/01\/17\/carnaval-de-jujuy\/#primaryimage\"},\"image\":{\"@id\":\"https:\/\/modoviajeok.com.ar\/index.php\/2025\/01\/17\/carnaval-de-jujuy\/#primaryimage\"},\"thumbnailUrl\":\"https:\/\/modoviajeok.com.ar\/wp-content\/uploads\/2025\/01\/IMG-20220302-WA0072.jpg\",\"datePublished\":\"2025-01-17T19:03:05+00:00\",\"dateModified\":\"2025-03-09T20:06:36+00:00\",\"breadcrumb\":{\"@id\":\"https:\/\/modoviajeok.com.ar\/index.php\/2025\/01\/17\/carnaval-de-jujuy\/#breadcrumb\"},\"inLanguage\":\"es\",\"potentialAction\":[{\"@type\":\"ReadAction\",\"target\":[\"https:\/\/modoviajeok.com.ar\/index.php\/2025\/01\/17\/carnaval-de-jujuy\/\"]}]},{\"@type\":\"ImageObject\",\"inLanguage\":\"es\",\"@id\":\"https:\/\/modoviajeok.com.ar\/index.php\/2025\/01\/17\/carnaval-de-jujuy\/#primaryimage\",\"url\":\"https:\/\/modoviajeok.com.ar\/wp-content\/uploads\/2025\/01\/IMG-20220302-WA0072.jpg\",\"contentUrl\":\"https:\/\/modoviajeok.com.ar\/wp-content\/uploads\/2025\/01\/IMG-20220302-WA0072.jpg\",\"width\":1280,\"height\":853},{\"@type\":\"BreadcrumbList\",\"@id\":\"https:\/\/modoviajeok.com.ar\/index.php\/2025\/01\/17\/carnaval-de-jujuy\/#breadcrumb\",\"itemListElement\":[{\"@type\":\"ListItem\",\"position\":1,\"name\":\"Portada\",\"item\":\"https:\/\/modoviajeok.com.ar\/\"},{\"@type\":\"ListItem\",\"position\":2,\"name\":\"Los \u00abdiablos\u00bb del Carnaval de Jujuy\"}]},{\"@type\":\"WebSite\",\"@id\":\"https:\/\/modoviajeok.com.ar\/#website\",\"url\":\"https:\/\/modoviajeok.com.ar\/\",\"name\":\"ModoViajeOK\",\"description\":\"\",\"publisher\":{\"@id\":\"https:\/\/modoviajeok.com.ar\/#organization\"},\"potentialAction\":[{\"@type\":\"SearchAction\",\"target\":{\"@type\":\"EntryPoint\",\"urlTemplate\":\"https:\/\/modoviajeok.com.ar\/?s={search_term_string}\"},\"query-input\":{\"@type\":\"PropertyValueSpecification\",\"valueRequired\":true,\"valueName\":\"search_term_string\"}}],\"inLanguage\":\"es\"},{\"@type\":\"Organization\",\"@id\":\"https:\/\/modoviajeok.com.ar\/#organization\",\"name\":\"ModoViajeOK\",\"url\":\"https:\/\/modoviajeok.com.ar\/\",\"logo\":{\"@type\":\"ImageObject\",\"inLanguage\":\"es\",\"@id\":\"https:\/\/modoviajeok.com.ar\/#\/schema\/logo\/image\/\",\"url\":\"https:\/\/modoviajeok.com.ar\/wp-content\/uploads\/2025\/01\/Logo-modoviajeok.png\",\"contentUrl\":\"https:\/\/modoviajeok.com.ar\/wp-content\/uploads\/2025\/01\/Logo-modoviajeok.png\",\"width\":2938,\"height\":2276,\"caption\":\"ModoViajeOK\"},\"image\":{\"@id\":\"https:\/\/modoviajeok.com.ar\/#\/schema\/logo\/image\/\"},\"sameAs\":[\"https:\/\/www.facebook.com\/mariana.otero1\/\",\"https:\/\/www.instagram.com\/modoviaje.ok\/\"]},{\"@type\":\"Person\",\"@id\":\"https:\/\/modoviajeok.com.ar\/#\/schema\/person\/1187013488537969db5b1320484d24f4\",\"name\":\"Mariana Otero\",\"image\":{\"@type\":\"ImageObject\",\"inLanguage\":\"es\",\"@id\":\"https:\/\/modoviajeok.com.ar\/#\/schema\/person\/image\/\",\"url\":\"https:\/\/secure.gravatar.com\/avatar\/8a91a502a9336849a3500b9090c431bc1418f1d1263d893afeddba065f5add82?s=96&d=mm&r=g\",\"contentUrl\":\"https:\/\/secure.gravatar.com\/avatar\/8a91a502a9336849a3500b9090c431bc1418f1d1263d893afeddba065f5add82?s=96&d=mm&r=g\",\"caption\":\"Mariana Otero\"},\"url\":\"https:\/\/modoviajeok.com.ar\/index.php\/author\/mariana2025\/\"}]}<\/script>\n<!-- \/ Yoast SEO plugin. -->","yoast_head_json":{"title":"Los \"diablos\" del Carnaval de Jujuy -","robots":{"index":"index","follow":"follow","max-snippet":"max-snippet:-1","max-image-preview":"max-image-preview:large","max-video-preview":"max-video-preview:-1"},"canonical":"https:\/\/modoviajeok.com.ar\/index.php\/2025\/01\/17\/carnaval-de-jujuy\/","og_locale":"es_ES","og_type":"article","og_title":"Los \"diablos\" del Carnaval de Jujuy -","og_description":"En los cerros juje\u00f1os pintarrajeados de colores, el a\u00f1o comienza despu\u00e9s del Carnaval, un ritual alegre, m\u00edtico y sagrado de almas danzantes que fusiona el pasado colonial, occidental y cristiano, con las ra\u00edces originarias y el presente. Los carnavales norte\u00f1os son una extraordinaria expresi\u00f3n de sincretismo cultural, una fiesta abigarrada, pagana y ancestral \u00fanica en [&hellip;]","og_url":"https:\/\/modoviajeok.com.ar\/index.php\/2025\/01\/17\/carnaval-de-jujuy\/","article_publisher":"https:\/\/www.facebook.com\/mariana.otero1\/","article_published_time":"2025-01-17T19:03:05+00:00","article_modified_time":"2025-03-09T20:06:36+00:00","og_image":[{"width":1280,"height":853,"url":"https:\/\/modoviajeok.com.ar\/wp-content\/uploads\/2025\/01\/IMG-20220302-WA0072.jpg","type":"image\/jpeg"}],"author":"Mariana Otero","twitter_card":"summary_large_image","twitter_misc":{"Escrito por":"Mariana Otero","Tiempo de lectura":"9 minutos"},"schema":{"@context":"https:\/\/schema.org","@graph":[{"@type":"Article","@id":"https:\/\/modoviajeok.com.ar\/index.php\/2025\/01\/17\/carnaval-de-jujuy\/#article","isPartOf":{"@id":"https:\/\/modoviajeok.com.ar\/index.php\/2025\/01\/17\/carnaval-de-jujuy\/"},"author":{"name":"Mariana Otero","@id":"https:\/\/modoviajeok.com.ar\/#\/schema\/person\/1187013488537969db5b1320484d24f4"},"headline":"Los \u00abdiablos\u00bb del Carnaval de Jujuy","datePublished":"2025-01-17T19:03:05+00:00","dateModified":"2025-03-09T20:06:36+00:00","mainEntityOfPage":{"@id":"https:\/\/modoviajeok.com.ar\/index.php\/2025\/01\/17\/carnaval-de-jujuy\/"},"wordCount":1814,"commentCount":0,"publisher":{"@id":"https:\/\/modoviajeok.com.ar\/#organization"},"image":{"@id":"https:\/\/modoviajeok.com.ar\/index.php\/2025\/01\/17\/carnaval-de-jujuy\/#primaryimage"},"thumbnailUrl":"https:\/\/modoviajeok.com.ar\/wp-content\/uploads\/2025\/01\/IMG-20220302-WA0072.jpg","keywords":["ancestros","argentina","carnaval","carnavales","cultura","jujuy","norte","tradici\u00f3n"],"articleSection":["Argentina","Destacadas","En la prensa","Recomendaciones"],"inLanguage":"es","potentialAction":[{"@type":"CommentAction","name":"Comment","target":["https:\/\/modoviajeok.com.ar\/index.php\/2025\/01\/17\/carnaval-de-jujuy\/#respond"]}]},{"@type":"WebPage","@id":"https:\/\/modoviajeok.com.ar\/index.php\/2025\/01\/17\/carnaval-de-jujuy\/","url":"https:\/\/modoviajeok.com.ar\/index.php\/2025\/01\/17\/carnaval-de-jujuy\/","name":"Los \"diablos\" del Carnaval de Jujuy -","isPartOf":{"@id":"https:\/\/modoviajeok.com.ar\/#website"},"primaryImageOfPage":{"@id":"https:\/\/modoviajeok.com.ar\/index.php\/2025\/01\/17\/carnaval-de-jujuy\/#primaryimage"},"image":{"@id":"https:\/\/modoviajeok.com.ar\/index.php\/2025\/01\/17\/carnaval-de-jujuy\/#primaryimage"},"thumbnailUrl":"https:\/\/modoviajeok.com.ar\/wp-content\/uploads\/2025\/01\/IMG-20220302-WA0072.jpg","datePublished":"2025-01-17T19:03:05+00:00","dateModified":"2025-03-09T20:06:36+00:00","breadcrumb":{"@id":"https:\/\/modoviajeok.com.ar\/index.php\/2025\/01\/17\/carnaval-de-jujuy\/#breadcrumb"},"inLanguage":"es","potentialAction":[{"@type":"ReadAction","target":["https:\/\/modoviajeok.com.ar\/index.php\/2025\/01\/17\/carnaval-de-jujuy\/"]}]},{"@type":"ImageObject","inLanguage":"es","@id":"https:\/\/modoviajeok.com.ar\/index.php\/2025\/01\/17\/carnaval-de-jujuy\/#primaryimage","url":"https:\/\/modoviajeok.com.ar\/wp-content\/uploads\/2025\/01\/IMG-20220302-WA0072.jpg","contentUrl":"https:\/\/modoviajeok.com.ar\/wp-content\/uploads\/2025\/01\/IMG-20220302-WA0072.jpg","width":1280,"height":853},{"@type":"BreadcrumbList","@id":"https:\/\/modoviajeok.com.ar\/index.php\/2025\/01\/17\/carnaval-de-jujuy\/#breadcrumb","itemListElement":[{"@type":"ListItem","position":1,"name":"Portada","item":"https:\/\/modoviajeok.com.ar\/"},{"@type":"ListItem","position":2,"name":"Los \u00abdiablos\u00bb del Carnaval de Jujuy"}]},{"@type":"WebSite","@id":"https:\/\/modoviajeok.com.ar\/#website","url":"https:\/\/modoviajeok.com.ar\/","name":"ModoViajeOK","description":"","publisher":{"@id":"https:\/\/modoviajeok.com.ar\/#organization"},"potentialAction":[{"@type":"SearchAction","target":{"@type":"EntryPoint","urlTemplate":"https:\/\/modoviajeok.com.ar\/?s={search_term_string}"},"query-input":{"@type":"PropertyValueSpecification","valueRequired":true,"valueName":"search_term_string"}}],"inLanguage":"es"},{"@type":"Organization","@id":"https:\/\/modoviajeok.com.ar\/#organization","name":"ModoViajeOK","url":"https:\/\/modoviajeok.com.ar\/","logo":{"@type":"ImageObject","inLanguage":"es","@id":"https:\/\/modoviajeok.com.ar\/#\/schema\/logo\/image\/","url":"https:\/\/modoviajeok.com.ar\/wp-content\/uploads\/2025\/01\/Logo-modoviajeok.png","contentUrl":"https:\/\/modoviajeok.com.ar\/wp-content\/uploads\/2025\/01\/Logo-modoviajeok.png","width":2938,"height":2276,"caption":"ModoViajeOK"},"image":{"@id":"https:\/\/modoviajeok.com.ar\/#\/schema\/logo\/image\/"},"sameAs":["https:\/\/www.facebook.com\/mariana.otero1\/","https:\/\/www.instagram.com\/modoviaje.ok\/"]},{"@type":"Person","@id":"https:\/\/modoviajeok.com.ar\/#\/schema\/person\/1187013488537969db5b1320484d24f4","name":"Mariana Otero","image":{"@type":"ImageObject","inLanguage":"es","@id":"https:\/\/modoviajeok.com.ar\/#\/schema\/person\/image\/","url":"https:\/\/secure.gravatar.com\/avatar\/8a91a502a9336849a3500b9090c431bc1418f1d1263d893afeddba065f5add82?s=96&d=mm&r=g","contentUrl":"https:\/\/secure.gravatar.com\/avatar\/8a91a502a9336849a3500b9090c431bc1418f1d1263d893afeddba065f5add82?s=96&d=mm&r=g","caption":"Mariana Otero"},"url":"https:\/\/modoviajeok.com.ar\/index.php\/author\/mariana2025\/"}]}},"_links":{"self":[{"href":"https:\/\/modoviajeok.com.ar\/index.php\/wp-json\/wp\/v2\/posts\/409","targetHints":{"allow":["GET"]}}],"collection":[{"href":"https:\/\/modoviajeok.com.ar\/index.php\/wp-json\/wp\/v2\/posts"}],"about":[{"href":"https:\/\/modoviajeok.com.ar\/index.php\/wp-json\/wp\/v2\/types\/post"}],"author":[{"embeddable":true,"href":"https:\/\/modoviajeok.com.ar\/index.php\/wp-json\/wp\/v2\/users\/2"}],"replies":[{"embeddable":true,"href":"https:\/\/modoviajeok.com.ar\/index.php\/wp-json\/wp\/v2\/comments?post=409"}],"version-history":[{"count":8,"href":"https:\/\/modoviajeok.com.ar\/index.php\/wp-json\/wp\/v2\/posts\/409\/revisions"}],"predecessor-version":[{"id":969,"href":"https:\/\/modoviajeok.com.ar\/index.php\/wp-json\/wp\/v2\/posts\/409\/revisions\/969"}],"wp:featuredmedia":[{"embeddable":true,"href":"https:\/\/modoviajeok.com.ar\/index.php\/wp-json\/wp\/v2\/media\/424"}],"wp:attachment":[{"href":"https:\/\/modoviajeok.com.ar\/index.php\/wp-json\/wp\/v2\/media?parent=409"}],"wp:term":[{"taxonomy":"category","embeddable":true,"href":"https:\/\/modoviajeok.com.ar\/index.php\/wp-json\/wp\/v2\/categories?post=409"},{"taxonomy":"post_tag","embeddable":true,"href":"https:\/\/modoviajeok.com.ar\/index.php\/wp-json\/wp\/v2\/tags?post=409"}],"curies":[{"name":"wp","href":"https:\/\/api.w.org\/{rel}","templated":true}]}}