{"id":4098,"date":"2025-06-05T09:00:17","date_gmt":"2025-06-05T12:00:17","guid":{"rendered":"https:\/\/modoviajeok.com.ar\/?p=4098"},"modified":"2025-06-05T10:45:03","modified_gmt":"2025-06-05T13:45:03","slug":"nuestra-senora-de-fatima-la-capilla-que-recuerda-al-cura-brochero","status":"publish","type":"post","link":"https:\/\/modoviajeok.com.ar\/index.php\/2025\/06\/05\/nuestra-senora-de-fatima-la-capilla-que-recuerda-al-cura-brochero\/","title":{"rendered":"Nuestra Se\u00f1ora de F\u00e1tima, la capilla que recuerda al Cura Brochero"},"content":{"rendered":"\n<figure class=\"wp-block-pullquote\"><blockquote><p>Fue construida en 1949 en honor al santo cordob\u00e9s y a pedido de la comunidad en el paraje Los Algarrobos.<\/p><\/blockquote><\/figure>\n\n\n\n<p><\/p>\n\n\n\n<p><\/p>\n\n\n\n<p>En el camino marcado por el Cura Brochero cuando era p\u00e1rroco de Traslasierra e impulsaba el nacimiento de peque\u00f1as poblaciones al pie de las Sierras Grandes, un pu\u00f1ado de capillas recuerdan al \u201cCura Gaucho\u201d.&nbsp;<\/p>\n\n\n\n<figure class=\"wp-block-image size-full\"><img loading=\"lazy\" decoding=\"async\" width=\"1600\" height=\"1200\" src=\"https:\/\/modoviajeok.com.ar\/wp-content\/uploads\/2025\/05\/WhatsApp-Image-2025-05-29-at-11.53.16.jpeg\" alt=\"\" class=\"wp-image-4099\" srcset=\"https:\/\/modoviajeok.com.ar\/wp-content\/uploads\/2025\/05\/WhatsApp-Image-2025-05-29-at-11.53.16.jpeg 1600w, https:\/\/modoviajeok.com.ar\/wp-content\/uploads\/2025\/05\/WhatsApp-Image-2025-05-29-at-11.53.16-768x576.jpeg 768w, https:\/\/modoviajeok.com.ar\/wp-content\/uploads\/2025\/05\/WhatsApp-Image-2025-05-29-at-11.53.16-1536x1152.jpeg 1536w, https:\/\/modoviajeok.com.ar\/wp-content\/uploads\/2025\/05\/WhatsApp-Image-2025-05-29-at-11.53.16-560x420.jpeg 560w, https:\/\/modoviajeok.com.ar\/wp-content\/uploads\/2025\/05\/WhatsApp-Image-2025-05-29-at-11.53.16-80x60.jpeg 80w, https:\/\/modoviajeok.com.ar\/wp-content\/uploads\/2025\/05\/WhatsApp-Image-2025-05-29-at-11.53.16-150x113.jpeg 150w, https:\/\/modoviajeok.com.ar\/wp-content\/uploads\/2025\/05\/WhatsApp-Image-2025-05-29-at-11.53.16-300x225.jpeg 300w, https:\/\/modoviajeok.com.ar\/wp-content\/uploads\/2025\/05\/WhatsApp-Image-2025-05-29-at-11.53.16-696x522.jpeg 696w, https:\/\/modoviajeok.com.ar\/wp-content\/uploads\/2025\/05\/WhatsApp-Image-2025-05-29-at-11.53.16-1068x801.jpeg 1068w, https:\/\/modoviajeok.com.ar\/wp-content\/uploads\/2025\/05\/WhatsApp-Image-2025-05-29-at-11.53.16-265x198.jpeg 265w\" sizes=\"auto, (max-width: 1600px) 100vw, 1600px\" \/><\/figure>\n\n\n\n<p>Nuestra Se\u00f1ora de F\u00e1tima fue construida en 1949 en honor al santo cordob\u00e9s y a pedido de la comunidad en el paraje Los Algarrobos.&nbsp;Se llega por un viejo y dificultoso sendero conocido como El Empedrado, a s\u00f3lo tres kil\u00f3metros del Museo Rocsen, muy cerca de Nono.&nbsp;<\/p>\n\n\n\n<p>Una vecina don\u00f3 el terreno a orillas del arroyo y fue una moneda la que decidi\u00f3 que se construyera con piedras y no con adobe.&nbsp;La capilla de tejas rojas con una peque\u00f1a cruz de madera es el punto de encuentro de los serranos criadores de cabras y de los devotos que asisten a las misas que se celebran una vez al mes todo el a\u00f1o.<\/p>\n\n\n\n<figure class=\"wp-block-image size-full\"><img loading=\"lazy\" decoding=\"async\" width=\"1200\" height=\"1600\" src=\"https:\/\/modoviajeok.com.ar\/wp-content\/uploads\/2025\/05\/WhatsApp-Image-2025-05-29-at-11.53.10.jpeg\" alt=\"\" class=\"wp-image-4103\" srcset=\"https:\/\/modoviajeok.com.ar\/wp-content\/uploads\/2025\/05\/WhatsApp-Image-2025-05-29-at-11.53.10.jpeg 1200w, https:\/\/modoviajeok.com.ar\/wp-content\/uploads\/2025\/05\/WhatsApp-Image-2025-05-29-at-11.53.10-768x1024.jpeg 768w, https:\/\/modoviajeok.com.ar\/wp-content\/uploads\/2025\/05\/WhatsApp-Image-2025-05-29-at-11.53.10-1152x1536.jpeg 1152w, https:\/\/modoviajeok.com.ar\/wp-content\/uploads\/2025\/05\/WhatsApp-Image-2025-05-29-at-11.53.10-315x420.jpeg 315w, https:\/\/modoviajeok.com.ar\/wp-content\/uploads\/2025\/05\/WhatsApp-Image-2025-05-29-at-11.53.10-150x200.jpeg 150w, https:\/\/modoviajeok.com.ar\/wp-content\/uploads\/2025\/05\/WhatsApp-Image-2025-05-29-at-11.53.10-300x400.jpeg 300w, https:\/\/modoviajeok.com.ar\/wp-content\/uploads\/2025\/05\/WhatsApp-Image-2025-05-29-at-11.53.10-696x928.jpeg 696w, https:\/\/modoviajeok.com.ar\/wp-content\/uploads\/2025\/05\/WhatsApp-Image-2025-05-29-at-11.53.10-1068x1424.jpeg 1068w\" sizes=\"auto, (max-width: 1200px) 100vw, 1200px\" \/><\/figure>\n\n\n\n<p>En este caser\u00edo solitario y agreste, descansaba Brochero bajo los algarrobos cuando viajaba a caballo hacia la ciudad.&nbsp;Una buena alternativa para recorrer este circuito es realizarlo a caballo, bordeando arroyos, entre espinillos y talas.&nbsp;<\/p>\n\n\n\n<p>Esta nota se public\u00f3 originalmente en la <a href=\"https:\/\/www.lanacion.com.ar\/revista-lugares\/las-mas-bellas-capillas-cordobesas-sus-secretos-y-leyendas-nid28022023\/\">revista Lugares<\/a>.<\/p>\n","protected":false},"excerpt":{"rendered":"<p>Fue construida en 1949 en honor al santo cordob\u00e9s y a pedido de la comunidad en el paraje Los Algarrobos. En el camino marcado por el Cura Brochero cuando era p\u00e1rroco de Traslasierra e impulsaba el nacimiento de peque\u00f1as poblaciones al pie de las Sierras Grandes, un pu\u00f1ado de capillas recuerdan al \u201cCura Gaucho\u201d.&nbsp; Nuestra [&hellip;]<\/p>\n","protected":false},"author":3,"featured_media":4101,"comment_status":"open","ping_status":"open","sticky":false,"template":"","format":"standard","meta":{"_acf_changed":false,"footnotes":""},"categories":[11,17],"tags":[584,977,976,644],"class_list":{"0":"post-4098","1":"post","2":"type-post","3":"status-publish","4":"format-standard","5":"has-post-thumbnail","7":"category-cordoba","8":"category-galeria","9":"tag-cura-brochero","10":"tag-los-algarrobos","11":"tag-nuestra-senora-de-fatima","12":"tag-traslasierra"},"acf":[],"yoast_head":"<!-- This site is optimized with the Yoast SEO plugin v24.8.1 - https:\/\/yoast.com\/wordpress\/plugins\/seo\/ -->\n<title>Nuestra Se\u00f1ora de F\u00e1tima, la capilla que recuerda al Cura Brochero -<\/title>\n<meta name=\"robots\" content=\"index, follow, max-snippet:-1, max-image-preview:large, max-video-preview:-1\" \/>\n<link rel=\"canonical\" href=\"https:\/\/modoviajeok.com.ar\/index.php\/2025\/06\/05\/nuestra-senora-de-fatima-la-capilla-que-recuerda-al-cura-brochero\/\" \/>\n<meta property=\"og:locale\" content=\"es_ES\" \/>\n<meta property=\"og:type\" content=\"article\" \/>\n<meta property=\"og:title\" content=\"Nuestra Se\u00f1ora de F\u00e1tima, la capilla que recuerda al Cura Brochero -\" \/>\n<meta property=\"og:description\" content=\"Fue construida en 1949 en honor al santo cordob\u00e9s y a pedido de la comunidad en el paraje Los Algarrobos. En el camino marcado por el Cura Brochero cuando era p\u00e1rroco de Traslasierra e impulsaba el nacimiento de peque\u00f1as poblaciones al pie de las Sierras Grandes, un pu\u00f1ado de capillas recuerdan al \u201cCura Gaucho\u201d.&nbsp; Nuestra [&hellip;]\" \/>\n<meta property=\"og:url\" content=\"https:\/\/modoviajeok.com.ar\/index.php\/2025\/06\/05\/nuestra-senora-de-fatima-la-capilla-que-recuerda-al-cura-brochero\/\" \/>\n<meta property=\"article:publisher\" content=\"https:\/\/www.facebook.com\/mariana.otero1\/\" \/>\n<meta property=\"article:published_time\" content=\"2025-06-05T12:00:17+00:00\" \/>\n<meta property=\"article:modified_time\" content=\"2025-06-05T13:45:03+00:00\" \/>\n<meta property=\"og:image\" content=\"https:\/\/modoviajeok.com.ar\/wp-content\/uploads\/2025\/05\/WhatsApp-Image-2025-05-29-at-11.53.11.jpeg\" \/>\n\t<meta property=\"og:image:width\" content=\"1600\" \/>\n\t<meta property=\"og:image:height\" content=\"1200\" \/>\n\t<meta property=\"og:image:type\" content=\"image\/jpeg\" \/>\n<meta name=\"author\" content=\"Pepe Segura\" \/>\n<meta name=\"twitter:card\" content=\"summary_large_image\" \/>\n<meta name=\"twitter:label1\" content=\"Escrito por\" \/>\n\t<meta name=\"twitter:data1\" content=\"Pepe Segura\" \/>\n\t<meta name=\"twitter:label2\" content=\"Tiempo de lectura\" \/>\n\t<meta name=\"twitter:data2\" content=\"2 minutos\" \/>\n<script type=\"application\/ld+json\" class=\"yoast-schema-graph\">{\"@context\":\"https:\/\/schema.org\",\"@graph\":[{\"@type\":\"Article\",\"@id\":\"https:\/\/modoviajeok.com.ar\/index.php\/2025\/06\/05\/nuestra-senora-de-fatima-la-capilla-que-recuerda-al-cura-brochero\/#article\",\"isPartOf\":{\"@id\":\"https:\/\/modoviajeok.com.ar\/index.php\/2025\/06\/05\/nuestra-senora-de-fatima-la-capilla-que-recuerda-al-cura-brochero\/\"},\"author\":{\"name\":\"Pepe Segura\",\"@id\":\"https:\/\/modoviajeok.com.ar\/#\/schema\/person\/2e299ed0d3d412a01d244fe28260d7f5\"},\"headline\":\"Nuestra Se\u00f1ora de F\u00e1tima, la capilla que recuerda al Cura Brochero\",\"datePublished\":\"2025-06-05T12:00:17+00:00\",\"dateModified\":\"2025-06-05T13:45:03+00:00\",\"mainEntityOfPage\":{\"@id\":\"https:\/\/modoviajeok.com.ar\/index.php\/2025\/06\/05\/nuestra-senora-de-fatima-la-capilla-que-recuerda-al-cura-brochero\/\"},\"wordCount\":240,\"commentCount\":0,\"publisher\":{\"@id\":\"https:\/\/modoviajeok.com.ar\/#organization\"},\"image\":{\"@id\":\"https:\/\/modoviajeok.com.ar\/index.php\/2025\/06\/05\/nuestra-senora-de-fatima-la-capilla-que-recuerda-al-cura-brochero\/#primaryimage\"},\"thumbnailUrl\":\"https:\/\/modoviajeok.com.ar\/wp-content\/uploads\/2025\/05\/WhatsApp-Image-2025-05-29-at-11.53.11.jpeg\",\"keywords\":[\"cura brochero\",\"los algarrobos\",\"nuestra se\u00f1ora de fatima\",\"traslasierra\"],\"articleSection\":[\"C\u00f3rdoba\",\"Galer\u00eda\"],\"inLanguage\":\"es\",\"potentialAction\":[{\"@type\":\"CommentAction\",\"name\":\"Comment\",\"target\":[\"https:\/\/modoviajeok.com.ar\/index.php\/2025\/06\/05\/nuestra-senora-de-fatima-la-capilla-que-recuerda-al-cura-brochero\/#respond\"]}]},{\"@type\":\"WebPage\",\"@id\":\"https:\/\/modoviajeok.com.ar\/index.php\/2025\/06\/05\/nuestra-senora-de-fatima-la-capilla-que-recuerda-al-cura-brochero\/\",\"url\":\"https:\/\/modoviajeok.com.ar\/index.php\/2025\/06\/05\/nuestra-senora-de-fatima-la-capilla-que-recuerda-al-cura-brochero\/\",\"name\":\"Nuestra Se\u00f1ora de F\u00e1tima, la capilla que recuerda al Cura Brochero -\",\"isPartOf\":{\"@id\":\"https:\/\/modoviajeok.com.ar\/#website\"},\"primaryImageOfPage\":{\"@id\":\"https:\/\/modoviajeok.com.ar\/index.php\/2025\/06\/05\/nuestra-senora-de-fatima-la-capilla-que-recuerda-al-cura-brochero\/#primaryimage\"},\"image\":{\"@id\":\"https:\/\/modoviajeok.com.ar\/index.php\/2025\/06\/05\/nuestra-senora-de-fatima-la-capilla-que-recuerda-al-cura-brochero\/#primaryimage\"},\"thumbnailUrl\":\"https:\/\/modoviajeok.com.ar\/wp-content\/uploads\/2025\/05\/WhatsApp-Image-2025-05-29-at-11.53.11.jpeg\",\"datePublished\":\"2025-06-05T12:00:17+00:00\",\"dateModified\":\"2025-06-05T13:45:03+00:00\",\"breadcrumb\":{\"@id\":\"https:\/\/modoviajeok.com.ar\/index.php\/2025\/06\/05\/nuestra-senora-de-fatima-la-capilla-que-recuerda-al-cura-brochero\/#breadcrumb\"},\"inLanguage\":\"es\",\"potentialAction\":[{\"@type\":\"ReadAction\",\"target\":[\"https:\/\/modoviajeok.com.ar\/index.php\/2025\/06\/05\/nuestra-senora-de-fatima-la-capilla-que-recuerda-al-cura-brochero\/\"]}]},{\"@type\":\"ImageObject\",\"inLanguage\":\"es\",\"@id\":\"https:\/\/modoviajeok.com.ar\/index.php\/2025\/06\/05\/nuestra-senora-de-fatima-la-capilla-que-recuerda-al-cura-brochero\/#primaryimage\",\"url\":\"https:\/\/modoviajeok.com.ar\/wp-content\/uploads\/2025\/05\/WhatsApp-Image-2025-05-29-at-11.53.11.jpeg\",\"contentUrl\":\"https:\/\/modoviajeok.com.ar\/wp-content\/uploads\/2025\/05\/WhatsApp-Image-2025-05-29-at-11.53.11.jpeg\",\"width\":1600,\"height\":1200},{\"@type\":\"BreadcrumbList\",\"@id\":\"https:\/\/modoviajeok.com.ar\/index.php\/2025\/06\/05\/nuestra-senora-de-fatima-la-capilla-que-recuerda-al-cura-brochero\/#breadcrumb\",\"itemListElement\":[{\"@type\":\"ListItem\",\"position\":1,\"name\":\"Portada\",\"item\":\"https:\/\/modoviajeok.com.ar\/\"},{\"@type\":\"ListItem\",\"position\":2,\"name\":\"Nuestra Se\u00f1ora de F\u00e1tima, la capilla que recuerda al Cura Brochero\"}]},{\"@type\":\"WebSite\",\"@id\":\"https:\/\/modoviajeok.com.ar\/#website\",\"url\":\"https:\/\/modoviajeok.com.ar\/\",\"name\":\"ModoViajeOK\",\"description\":\"\",\"publisher\":{\"@id\":\"https:\/\/modoviajeok.com.ar\/#organization\"},\"potentialAction\":[{\"@type\":\"SearchAction\",\"target\":{\"@type\":\"EntryPoint\",\"urlTemplate\":\"https:\/\/modoviajeok.com.ar\/?s={search_term_string}\"},\"query-input\":{\"@type\":\"PropertyValueSpecification\",\"valueRequired\":true,\"valueName\":\"search_term_string\"}}],\"inLanguage\":\"es\"},{\"@type\":\"Organization\",\"@id\":\"https:\/\/modoviajeok.com.ar\/#organization\",\"name\":\"ModoViajeOK\",\"url\":\"https:\/\/modoviajeok.com.ar\/\",\"logo\":{\"@type\":\"ImageObject\",\"inLanguage\":\"es\",\"@id\":\"https:\/\/modoviajeok.com.ar\/#\/schema\/logo\/image\/\",\"url\":\"https:\/\/modoviajeok.com.ar\/wp-content\/uploads\/2025\/01\/Logo-modoviajeok.png\",\"contentUrl\":\"https:\/\/modoviajeok.com.ar\/wp-content\/uploads\/2025\/01\/Logo-modoviajeok.png\",\"width\":2938,\"height\":2276,\"caption\":\"ModoViajeOK\"},\"image\":{\"@id\":\"https:\/\/modoviajeok.com.ar\/#\/schema\/logo\/image\/\"},\"sameAs\":[\"https:\/\/www.facebook.com\/mariana.otero1\/\",\"https:\/\/www.instagram.com\/modoviaje.ok\/\"]},{\"@type\":\"Person\",\"@id\":\"https:\/\/modoviajeok.com.ar\/#\/schema\/person\/2e299ed0d3d412a01d244fe28260d7f5\",\"name\":\"Pepe Segura\",\"image\":{\"@type\":\"ImageObject\",\"inLanguage\":\"es\",\"@id\":\"https:\/\/modoviajeok.com.ar\/#\/schema\/person\/image\/\",\"url\":\"https:\/\/secure.gravatar.com\/avatar\/65eb4b34deed761327f5b2c5535b987318ae807900ac46426de7258f5de6d345?s=96&d=mm&r=g\",\"contentUrl\":\"https:\/\/secure.gravatar.com\/avatar\/65eb4b34deed761327f5b2c5535b987318ae807900ac46426de7258f5de6d345?s=96&d=mm&r=g\",\"caption\":\"Pepe Segura\"},\"url\":\"https:\/\/modoviajeok.com.ar\/index.php\/author\/pepe2025\/\"}]}<\/script>\n<!-- \/ Yoast SEO plugin. -->","yoast_head_json":{"title":"Nuestra Se\u00f1ora de F\u00e1tima, la capilla que recuerda al Cura Brochero -","robots":{"index":"index","follow":"follow","max-snippet":"max-snippet:-1","max-image-preview":"max-image-preview:large","max-video-preview":"max-video-preview:-1"},"canonical":"https:\/\/modoviajeok.com.ar\/index.php\/2025\/06\/05\/nuestra-senora-de-fatima-la-capilla-que-recuerda-al-cura-brochero\/","og_locale":"es_ES","og_type":"article","og_title":"Nuestra Se\u00f1ora de F\u00e1tima, la capilla que recuerda al Cura Brochero -","og_description":"Fue construida en 1949 en honor al santo cordob\u00e9s y a pedido de la comunidad en el paraje Los Algarrobos. En el camino marcado por el Cura Brochero cuando era p\u00e1rroco de Traslasierra e impulsaba el nacimiento de peque\u00f1as poblaciones al pie de las Sierras Grandes, un pu\u00f1ado de capillas recuerdan al \u201cCura Gaucho\u201d.&nbsp; Nuestra [&hellip;]","og_url":"https:\/\/modoviajeok.com.ar\/index.php\/2025\/06\/05\/nuestra-senora-de-fatima-la-capilla-que-recuerda-al-cura-brochero\/","article_publisher":"https:\/\/www.facebook.com\/mariana.otero1\/","article_published_time":"2025-06-05T12:00:17+00:00","article_modified_time":"2025-06-05T13:45:03+00:00","og_image":[{"width":1600,"height":1200,"url":"https:\/\/modoviajeok.com.ar\/wp-content\/uploads\/2025\/05\/WhatsApp-Image-2025-05-29-at-11.53.11.jpeg","type":"image\/jpeg"}],"author":"Pepe Segura","twitter_card":"summary_large_image","twitter_misc":{"Escrito por":"Pepe Segura","Tiempo de lectura":"2 minutos"},"schema":{"@context":"https:\/\/schema.org","@graph":[{"@type":"Article","@id":"https:\/\/modoviajeok.com.ar\/index.php\/2025\/06\/05\/nuestra-senora-de-fatima-la-capilla-que-recuerda-al-cura-brochero\/#article","isPartOf":{"@id":"https:\/\/modoviajeok.com.ar\/index.php\/2025\/06\/05\/nuestra-senora-de-fatima-la-capilla-que-recuerda-al-cura-brochero\/"},"author":{"name":"Pepe Segura","@id":"https:\/\/modoviajeok.com.ar\/#\/schema\/person\/2e299ed0d3d412a01d244fe28260d7f5"},"headline":"Nuestra Se\u00f1ora de F\u00e1tima, la capilla que recuerda al Cura Brochero","datePublished":"2025-06-05T12:00:17+00:00","dateModified":"2025-06-05T13:45:03+00:00","mainEntityOfPage":{"@id":"https:\/\/modoviajeok.com.ar\/index.php\/2025\/06\/05\/nuestra-senora-de-fatima-la-capilla-que-recuerda-al-cura-brochero\/"},"wordCount":240,"commentCount":0,"publisher":{"@id":"https:\/\/modoviajeok.com.ar\/#organization"},"image":{"@id":"https:\/\/modoviajeok.com.ar\/index.php\/2025\/06\/05\/nuestra-senora-de-fatima-la-capilla-que-recuerda-al-cura-brochero\/#primaryimage"},"thumbnailUrl":"https:\/\/modoviajeok.com.ar\/wp-content\/uploads\/2025\/05\/WhatsApp-Image-2025-05-29-at-11.53.11.jpeg","keywords":["cura brochero","los algarrobos","nuestra se\u00f1ora de fatima","traslasierra"],"articleSection":["C\u00f3rdoba","Galer\u00eda"],"inLanguage":"es","potentialAction":[{"@type":"CommentAction","name":"Comment","target":["https:\/\/modoviajeok.com.ar\/index.php\/2025\/06\/05\/nuestra-senora-de-fatima-la-capilla-que-recuerda-al-cura-brochero\/#respond"]}]},{"@type":"WebPage","@id":"https:\/\/modoviajeok.com.ar\/index.php\/2025\/06\/05\/nuestra-senora-de-fatima-la-capilla-que-recuerda-al-cura-brochero\/","url":"https:\/\/modoviajeok.com.ar\/index.php\/2025\/06\/05\/nuestra-senora-de-fatima-la-capilla-que-recuerda-al-cura-brochero\/","name":"Nuestra Se\u00f1ora de F\u00e1tima, la capilla que recuerda al Cura Brochero -","isPartOf":{"@id":"https:\/\/modoviajeok.com.ar\/#website"},"primaryImageOfPage":{"@id":"https:\/\/modoviajeok.com.ar\/index.php\/2025\/06\/05\/nuestra-senora-de-fatima-la-capilla-que-recuerda-al-cura-brochero\/#primaryimage"},"image":{"@id":"https:\/\/modoviajeok.com.ar\/index.php\/2025\/06\/05\/nuestra-senora-de-fatima-la-capilla-que-recuerda-al-cura-brochero\/#primaryimage"},"thumbnailUrl":"https:\/\/modoviajeok.com.ar\/wp-content\/uploads\/2025\/05\/WhatsApp-Image-2025-05-29-at-11.53.11.jpeg","datePublished":"2025-06-05T12:00:17+00:00","dateModified":"2025-06-05T13:45:03+00:00","breadcrumb":{"@id":"https:\/\/modoviajeok.com.ar\/index.php\/2025\/06\/05\/nuestra-senora-de-fatima-la-capilla-que-recuerda-al-cura-brochero\/#breadcrumb"},"inLanguage":"es","potentialAction":[{"@type":"ReadAction","target":["https:\/\/modoviajeok.com.ar\/index.php\/2025\/06\/05\/nuestra-senora-de-fatima-la-capilla-que-recuerda-al-cura-brochero\/"]}]},{"@type":"ImageObject","inLanguage":"es","@id":"https:\/\/modoviajeok.com.ar\/index.php\/2025\/06\/05\/nuestra-senora-de-fatima-la-capilla-que-recuerda-al-cura-brochero\/#primaryimage","url":"https:\/\/modoviajeok.com.ar\/wp-content\/uploads\/2025\/05\/WhatsApp-Image-2025-05-29-at-11.53.11.jpeg","contentUrl":"https:\/\/modoviajeok.com.ar\/wp-content\/uploads\/2025\/05\/WhatsApp-Image-2025-05-29-at-11.53.11.jpeg","width":1600,"height":1200},{"@type":"BreadcrumbList","@id":"https:\/\/modoviajeok.com.ar\/index.php\/2025\/06\/05\/nuestra-senora-de-fatima-la-capilla-que-recuerda-al-cura-brochero\/#breadcrumb","itemListElement":[{"@type":"ListItem","position":1,"name":"Portada","item":"https:\/\/modoviajeok.com.ar\/"},{"@type":"ListItem","position":2,"name":"Nuestra Se\u00f1ora de F\u00e1tima, la capilla que recuerda al Cura Brochero"}]},{"@type":"WebSite","@id":"https:\/\/modoviajeok.com.ar\/#website","url":"https:\/\/modoviajeok.com.ar\/","name":"ModoViajeOK","description":"","publisher":{"@id":"https:\/\/modoviajeok.com.ar\/#organization"},"potentialAction":[{"@type":"SearchAction","target":{"@type":"EntryPoint","urlTemplate":"https:\/\/modoviajeok.com.ar\/?s={search_term_string}"},"query-input":{"@type":"PropertyValueSpecification","valueRequired":true,"valueName":"search_term_string"}}],"inLanguage":"es"},{"@type":"Organization","@id":"https:\/\/modoviajeok.com.ar\/#organization","name":"ModoViajeOK","url":"https:\/\/modoviajeok.com.ar\/","logo":{"@type":"ImageObject","inLanguage":"es","@id":"https:\/\/modoviajeok.com.ar\/#\/schema\/logo\/image\/","url":"https:\/\/modoviajeok.com.ar\/wp-content\/uploads\/2025\/01\/Logo-modoviajeok.png","contentUrl":"https:\/\/modoviajeok.com.ar\/wp-content\/uploads\/2025\/01\/Logo-modoviajeok.png","width":2938,"height":2276,"caption":"ModoViajeOK"},"image":{"@id":"https:\/\/modoviajeok.com.ar\/#\/schema\/logo\/image\/"},"sameAs":["https:\/\/www.facebook.com\/mariana.otero1\/","https:\/\/www.instagram.com\/modoviaje.ok\/"]},{"@type":"Person","@id":"https:\/\/modoviajeok.com.ar\/#\/schema\/person\/2e299ed0d3d412a01d244fe28260d7f5","name":"Pepe Segura","image":{"@type":"ImageObject","inLanguage":"es","@id":"https:\/\/modoviajeok.com.ar\/#\/schema\/person\/image\/","url":"https:\/\/secure.gravatar.com\/avatar\/65eb4b34deed761327f5b2c5535b987318ae807900ac46426de7258f5de6d345?s=96&d=mm&r=g","contentUrl":"https:\/\/secure.gravatar.com\/avatar\/65eb4b34deed761327f5b2c5535b987318ae807900ac46426de7258f5de6d345?s=96&d=mm&r=g","caption":"Pepe Segura"},"url":"https:\/\/modoviajeok.com.ar\/index.php\/author\/pepe2025\/"}]}},"_links":{"self":[{"href":"https:\/\/modoviajeok.com.ar\/index.php\/wp-json\/wp\/v2\/posts\/4098","targetHints":{"allow":["GET"]}}],"collection":[{"href":"https:\/\/modoviajeok.com.ar\/index.php\/wp-json\/wp\/v2\/posts"}],"about":[{"href":"https:\/\/modoviajeok.com.ar\/index.php\/wp-json\/wp\/v2\/types\/post"}],"author":[{"embeddable":true,"href":"https:\/\/modoviajeok.com.ar\/index.php\/wp-json\/wp\/v2\/users\/3"}],"replies":[{"embeddable":true,"href":"https:\/\/modoviajeok.com.ar\/index.php\/wp-json\/wp\/v2\/comments?post=4098"}],"version-history":[{"count":3,"href":"https:\/\/modoviajeok.com.ar\/index.php\/wp-json\/wp\/v2\/posts\/4098\/revisions"}],"predecessor-version":[{"id":4203,"href":"https:\/\/modoviajeok.com.ar\/index.php\/wp-json\/wp\/v2\/posts\/4098\/revisions\/4203"}],"wp:featuredmedia":[{"embeddable":true,"href":"https:\/\/modoviajeok.com.ar\/index.php\/wp-json\/wp\/v2\/media\/4101"}],"wp:attachment":[{"href":"https:\/\/modoviajeok.com.ar\/index.php\/wp-json\/wp\/v2\/media?parent=4098"}],"wp:term":[{"taxonomy":"category","embeddable":true,"href":"https:\/\/modoviajeok.com.ar\/index.php\/wp-json\/wp\/v2\/categories?post=4098"},{"taxonomy":"post_tag","embeddable":true,"href":"https:\/\/modoviajeok.com.ar\/index.php\/wp-json\/wp\/v2\/tags?post=4098"}],"curies":[{"name":"wp","href":"https:\/\/api.w.org\/{rel}","templated":true}]}}