{"id":4217,"date":"2025-06-07T11:15:21","date_gmt":"2025-06-07T14:15:21","guid":{"rendered":"https:\/\/modoviajeok.com.ar\/?p=4217"},"modified":"2025-07-07T20:55:53","modified_gmt":"2025-07-07T23:55:53","slug":"veni-a-disfrutar-el-sol-del-invierno-a-cordoba-la-nueva-propuesta-para-los-turistas","status":"publish","type":"post","link":"https:\/\/modoviajeok.com.ar\/index.php\/2025\/06\/07\/veni-a-disfrutar-el-sol-del-invierno-a-cordoba-la-nueva-propuesta-para-los-turistas\/","title":{"rendered":"\u201cVen\u00ed a disfrutar el sol del invierno a C\u00f3rdoba\u201d, la nueva propuesta para los turistas"},"content":{"rendered":"\n<figure class=\"wp-block-pullquote\"><blockquote><p>Durante el mes de Julio, C\u00f3rdoba ofrecer\u00e1 m\u00e1s de 150 eventos y actividades en distintos puntos de la provincia. La temporada combina propuestas para todos los p\u00fablicos. <\/p><cite>la temporada combina propuestas para todos los p\u00fablicos.<\/cite><\/blockquote><\/figure>\n\n\n\n<p><\/p>\n\n\n\n<figure class=\"wp-block-image size-full is-resized\"><img loading=\"lazy\" decoding=\"async\" width=\"768\" height=\"576\" src=\"https:\/\/modoviajeok.com.ar\/wp-content\/uploads\/2025\/06\/WhatsApp-Image-2025-06-06-at-1.23.39-PM-2-768x576-1.jpeg\" alt=\"\" class=\"wp-image-4218\" style=\"width:796px;height:auto\" srcset=\"https:\/\/modoviajeok.com.ar\/wp-content\/uploads\/2025\/06\/WhatsApp-Image-2025-06-06-at-1.23.39-PM-2-768x576-1.jpeg 768w, https:\/\/modoviajeok.com.ar\/wp-content\/uploads\/2025\/06\/WhatsApp-Image-2025-06-06-at-1.23.39-PM-2-768x576-1-560x420.jpeg 560w, https:\/\/modoviajeok.com.ar\/wp-content\/uploads\/2025\/06\/WhatsApp-Image-2025-06-06-at-1.23.39-PM-2-768x576-1-80x60.jpeg 80w, https:\/\/modoviajeok.com.ar\/wp-content\/uploads\/2025\/06\/WhatsApp-Image-2025-06-06-at-1.23.39-PM-2-768x576-1-150x113.jpeg 150w, https:\/\/modoviajeok.com.ar\/wp-content\/uploads\/2025\/06\/WhatsApp-Image-2025-06-06-at-1.23.39-PM-2-768x576-1-300x225.jpeg 300w, https:\/\/modoviajeok.com.ar\/wp-content\/uploads\/2025\/06\/WhatsApp-Image-2025-06-06-at-1.23.39-PM-2-768x576-1-696x522.jpeg 696w, https:\/\/modoviajeok.com.ar\/wp-content\/uploads\/2025\/06\/WhatsApp-Image-2025-06-06-at-1.23.39-PM-2-768x576-1-265x198.jpeg 265w\" sizes=\"auto, (max-width: 768px) 100vw, 768px\" \/><figcaption class=\"wp-element-caption\">\u00abEl invierno cordob\u00e9s es una oportunidad para generar movimiento econ\u00f3mico y fortalecer el empleo\u00bb: Dario Capitani en el Parque Bustos.  <\/figcaption><\/figure>\n\n\n\n<p>Con el lema \u201cVen\u00ed a disfrutar el sol del invierno a C\u00f3rdoba\u201d, la Provincia present\u00f3 oficialmente su Temporada de Invierno 2025. La vicegobernadora, Myriam Prunotto, el presidente de la Agencia C\u00f3rdoba Turismo, Dar\u00edo Capitani, el Presidente de la Agencia Cordoba Cultura, Raul Sansica y Osvaldo Levis Gerente de Banca Individuos de Bancor fueron los encargados de la presentaci\u00f3n.<\/p>\n\n\n\n<p>Durante el acto en el Parque Bustos de la capital cordobesa, se detallaron los principales lineamientos de la campa\u00f1a promocional y se proyect\u00f3 el calendario de eventos, que incluir\u00e1 actividades culturales, deportivas, recreativas y gastron\u00f3micas a lo largo y ancho del territorio provincial.<\/p>\n\n\n\n<p>\u201cEl invierno cordob\u00e9s es una oportunidad para seguir generando movimiento econ\u00f3mico, fortalecer el empleo y sostener la identidad de cada regi\u00f3n a trav\u00e9s de sus fiestas, festivales y paisajes. C\u00f3rdoba es un destino que se disfruta todo el a\u00f1o, y esta temporada nos encuentra trabajando codo a codo con municipios, comunas y el sector privado para garantizar una propuesta diversa, segura y de calidad para quienes nos visitan\u201d,&nbsp;expres\u00f3 Capitani.<\/p>\n\n\n\n<figure class=\"wp-block-image size-full\"><img loading=\"lazy\" decoding=\"async\" width=\"1536\" height=\"1152\" src=\"https:\/\/modoviajeok.com.ar\/wp-content\/uploads\/2025\/06\/WhatsApp-Image-2025-06-06-at-11.49.36-AM-1-1536x1152-1.jpeg\" alt=\"\" class=\"wp-image-4222\" srcset=\"https:\/\/modoviajeok.com.ar\/wp-content\/uploads\/2025\/06\/WhatsApp-Image-2025-06-06-at-11.49.36-AM-1-1536x1152-1.jpeg 1536w, https:\/\/modoviajeok.com.ar\/wp-content\/uploads\/2025\/06\/WhatsApp-Image-2025-06-06-at-11.49.36-AM-1-1536x1152-1-768x576.jpeg 768w, https:\/\/modoviajeok.com.ar\/wp-content\/uploads\/2025\/06\/WhatsApp-Image-2025-06-06-at-11.49.36-AM-1-1536x1152-1-560x420.jpeg 560w, https:\/\/modoviajeok.com.ar\/wp-content\/uploads\/2025\/06\/WhatsApp-Image-2025-06-06-at-11.49.36-AM-1-1536x1152-1-80x60.jpeg 80w, https:\/\/modoviajeok.com.ar\/wp-content\/uploads\/2025\/06\/WhatsApp-Image-2025-06-06-at-11.49.36-AM-1-1536x1152-1-150x113.jpeg 150w, https:\/\/modoviajeok.com.ar\/wp-content\/uploads\/2025\/06\/WhatsApp-Image-2025-06-06-at-11.49.36-AM-1-1536x1152-1-300x225.jpeg 300w, https:\/\/modoviajeok.com.ar\/wp-content\/uploads\/2025\/06\/WhatsApp-Image-2025-06-06-at-11.49.36-AM-1-1536x1152-1-696x522.jpeg 696w, https:\/\/modoviajeok.com.ar\/wp-content\/uploads\/2025\/06\/WhatsApp-Image-2025-06-06-at-11.49.36-AM-1-1536x1152-1-1068x801.jpeg 1068w, https:\/\/modoviajeok.com.ar\/wp-content\/uploads\/2025\/06\/WhatsApp-Image-2025-06-06-at-11.49.36-AM-1-1536x1152-1-265x198.jpeg 265w\" sizes=\"auto, (max-width: 1536px) 100vw, 1536px\" \/><figcaption class=\"wp-element-caption\">Los distintos valles de la provincia dijeron presente mostrando sus artesan\u00edas y oferta gastron\u00f3mica.<\/figcaption><\/figure>\n\n\n\n<p><strong>Una agenda diversa en toda la provincia<\/strong><strong><\/strong><\/p>\n\n\n\n<p>Durante el mes de Julio, C\u00f3rdoba ofrecer\u00e1 m\u00e1s de 150 eventos y actividades en distintos puntos del territorio. Desde festivales tradicionales en los valles tur\u00edsticos hasta espect\u00e1culos musicales en salas de la ciudad capital, la temporada combina propuestas para todos los p\u00fablicos.<\/p>\n\n\n\n<p>La destacada programaci\u00f3n incluir\u00e1 la Fiesta Nacional de la Bagna Cauda en Calch\u00edn Oeste, la Fiesta del Chocolate Alpino en Villa General Belgrano, el Ultra Trail en Nono, el Ansenuza Fest en Miramar y la muestra itinerante del Museo de Gualeguaych\u00fa en Cosqu\u00edn. En De\u00e1n Funes, adem\u00e1s, se vivir\u00e1 una intensa agenda con el Encuentro Folcl\u00f3rico, el programa especial \u201cLa Mesa Canta\u201d, actividades interactivas para infancias y una nueva edici\u00f3n del Festival Pensar con Humor. Tambi\u00e9n se presentar\u00e1n funciones infantiles en el Quality Espacio de C\u00f3rdoba capital, caminatas con yoga en Huerta Grande y el Encuentro de Charanguistas en Cosqu\u00edn.<\/p>\n\n\n\n<p>Una de las propuestas que mayor expectativa genera ester invierno es el Festival Nacional de Tango de La Falda, que volver\u00e1 a convocar a artistas consagrados y j\u00f3venes promesas del g\u00e9nero en uno de los escenarios m\u00e1s emblem\u00e1ticos del pa\u00eds, reafirmando la tradici\u00f3n y el prestigio internacional de este evento.<\/p>\n\n\n\n<p>En este sentido el Presidente de la Agencia C\u00f3rdoba Cultura, Ra\u00fal Sansica destac\u00f3 la riqueza y diversidad de la propuesta cultural de la provincia, subrayando el valor de los museos como espacios vivos que conservan y proyectan nuestra identidad. Destac\u00f3 para este invierno la puesta en escena &nbsp;del Festival Pensar con Humor como una expresi\u00f3n \u00fanica de C\u00f3rdoba, adem\u00e1s de los distintos eventos culturales que se desarrollar\u00e1n en m\u00faltiples destinos del interior, llevando arte a cada rinc\u00f3n del territorio. Adem\u00e1s, anunci\u00f3 con orgullo que, por primera vez, los Premios Sur se realizar\u00e1n en C\u00f3rdoba, consolidando a la provincia como un escenario cultural de relevancia nacional.<\/p>\n\n\n\n<p>La presentaci\u00f3n concluy\u00f3 con una recorrida por los stands montados por las \u00e1reas tur\u00edsticas de los municipios, en el Parque Bustos, donde los presentes pudieron conocer la oferta de cada regi\u00f3n y compartir un momento distendido con sabores t\u00edpicos de C\u00f3rdoba.<\/p>\n\n\n\n<p><strong>Promociones Bancor para este invierno<\/strong><strong><\/strong><\/p>\n\n\n\n<p>Durante el mes de julio 2025, quienes elijan recorrer C\u00f3rdoba podr\u00e1n acceder a beneficios exclusivos con la tarjeta de cr\u00e9dito&nbsp;Cordobesa&nbsp;del Banco de C\u00f3rdoba en comercios y servicios adheridos:<\/p>\n\n\n\n<ul class=\"wp-block-list\">\n<li>Teatros y espect\u00e1culos: 3, 6 y 12 cuotas sin inter\u00e9s.<\/li>\n\n\n\n<li>Supermercados: hasta 4 cuotas sin inter\u00e9s.<\/li>\n\n\n\n<li>Gastronom\u00eda: 20% de ahorro los viernes y s\u00e1bados (tope de reintegro $10.000 por cuenta durante la promoci\u00f3n). A trav\u00e9s de&nbsp;TACA TACA.<\/li>\n\n\n\n<li>Hospedajes: 3, 6 y 12 cuotas sin inter\u00e9s. A trav\u00e9s de&nbsp;TACA TACA.<\/li>\n\n\n\n<li>Camino del Vino: 3, 6 y 12 cuotas sin inter\u00e9s. A trav\u00e9s de&nbsp;TACA TACA.<\/li>\n<\/ul>\n\n\n\n<p>\u201cDesde Bancor acompa\u00f1amos con herramientas concretas pensando en c\u00f3mo activar el consumo y fortalecer el turismo y el comercio local, a lo que se le suma una iniciativa especial para quienes viajan durante los fines de semana largos vamos a adelantar este beneficio durante los fines de semana largo de junio\u201d. Finalmente, Levis remarc\u00f3 que \u201ctambi\u00e9n ofrecemos 3, 6 y 12 cuotas sin inter\u00e9s en hospedaje y en el Caminos del Vino, siempre que los comercios operen con TACATACA, para promover escapadas y experiencias locales\u201d, destac\u00f3 Osvaldo Levis de Bancor<\/p>\n\n\n\n<p>El calendario completo junto con toda la informaci\u00f3n sobre la campa\u00f1a, destinos y propuestas para esta temporada ya se encuentra disponible en&nbsp;<a href=\"http:\/\/www.cordobaturismo.gov.ar\/\">www.cordobaturismo.gov.ar <\/a><\/p>\n\n\n\n\n\n<p><\/p>\n","protected":false},"excerpt":{"rendered":"<p>Durante el mes de Julio, C\u00f3rdoba ofrecer\u00e1 m\u00e1s de 150 eventos y actividades en distintos puntos de la provincia. La temporada combina propuestas para todos los p\u00fablicos. la temporada combina propuestas para todos los p\u00fablicos. Con el lema \u201cVen\u00ed a disfrutar el sol del invierno a C\u00f3rdoba\u201d, la Provincia present\u00f3 oficialmente su Temporada de Invierno [&hellip;]<\/p>\n","protected":false},"author":3,"featured_media":4223,"comment_status":"open","ping_status":"open","sticky":false,"template":"","format":"standard","meta":{"_acf_changed":false,"footnotes":""},"categories":[13,11,10],"tags":[48,39,1001,1003,1002,252],"class_list":{"0":"post-4217","1":"post","2":"type-post","3":"status-publish","4":"format-standard","5":"has-post-thumbnail","7":"category-argentina","8":"category-cordoba","9":"category-noticias","10":"tag-cordoba","11":"tag-cultura","12":"tag-deportes","13":"tag-gastronomia-2","14":"tag-recreacion","15":"tag-turismo"},"acf":[],"yoast_head":"<!-- This site is optimized with the Yoast SEO plugin v24.8.1 - https:\/\/yoast.com\/wordpress\/plugins\/seo\/ -->\n<title>\u201cVen\u00ed a disfrutar el sol del invierno a C\u00f3rdoba\u201d, la nueva propuesta para los turistas -<\/title>\n<meta name=\"robots\" content=\"index, follow, max-snippet:-1, max-image-preview:large, max-video-preview:-1\" \/>\n<link rel=\"canonical\" href=\"https:\/\/modoviajeok.com.ar\/index.php\/2025\/06\/07\/veni-a-disfrutar-el-sol-del-invierno-a-cordoba-la-nueva-propuesta-para-los-turistas\/\" \/>\n<meta property=\"og:locale\" content=\"es_ES\" \/>\n<meta property=\"og:type\" content=\"article\" \/>\n<meta property=\"og:title\" content=\"\u201cVen\u00ed a disfrutar el sol del invierno a C\u00f3rdoba\u201d, la nueva propuesta para los turistas -\" \/>\n<meta property=\"og:description\" content=\"Durante el mes de Julio, C\u00f3rdoba ofrecer\u00e1 m\u00e1s de 150 eventos y actividades en distintos puntos de la provincia. La temporada combina propuestas para todos los p\u00fablicos. la temporada combina propuestas para todos los p\u00fablicos. Con el lema \u201cVen\u00ed a disfrutar el sol del invierno a C\u00f3rdoba\u201d, la Provincia present\u00f3 oficialmente su Temporada de Invierno [&hellip;]\" \/>\n<meta property=\"og:url\" content=\"https:\/\/modoviajeok.com.ar\/index.php\/2025\/06\/07\/veni-a-disfrutar-el-sol-del-invierno-a-cordoba-la-nueva-propuesta-para-los-turistas\/\" \/>\n<meta property=\"article:publisher\" content=\"https:\/\/www.facebook.com\/mariana.otero1\/\" \/>\n<meta property=\"article:published_time\" content=\"2025-06-07T14:15:21+00:00\" \/>\n<meta property=\"article:modified_time\" content=\"2025-07-07T23:55:53+00:00\" \/>\n<meta property=\"og:image\" content=\"https:\/\/modoviajeok.com.ar\/wp-content\/uploads\/2025\/06\/WhatsApp-Image-2025-06-06-at-1.23.36-PM-768x576-1.jpeg\" \/>\n\t<meta property=\"og:image:width\" content=\"518\" \/>\n\t<meta property=\"og:image:height\" content=\"467\" \/>\n\t<meta property=\"og:image:type\" content=\"image\/jpeg\" \/>\n<meta name=\"author\" content=\"Pepe Segura\" \/>\n<meta name=\"twitter:card\" content=\"summary_large_image\" \/>\n<meta name=\"twitter:label1\" content=\"Escrito por\" \/>\n\t<meta name=\"twitter:data1\" content=\"Pepe Segura\" \/>\n\t<meta name=\"twitter:label2\" content=\"Tiempo de lectura\" \/>\n\t<meta name=\"twitter:data2\" content=\"5 minutos\" \/>\n<script type=\"application\/ld+json\" class=\"yoast-schema-graph\">{\"@context\":\"https:\/\/schema.org\",\"@graph\":[{\"@type\":\"Article\",\"@id\":\"https:\/\/modoviajeok.com.ar\/index.php\/2025\/06\/07\/veni-a-disfrutar-el-sol-del-invierno-a-cordoba-la-nueva-propuesta-para-los-turistas\/#article\",\"isPartOf\":{\"@id\":\"https:\/\/modoviajeok.com.ar\/index.php\/2025\/06\/07\/veni-a-disfrutar-el-sol-del-invierno-a-cordoba-la-nueva-propuesta-para-los-turistas\/\"},\"author\":{\"name\":\"Pepe Segura\",\"@id\":\"https:\/\/modoviajeok.com.ar\/#\/schema\/person\/2e299ed0d3d412a01d244fe28260d7f5\"},\"headline\":\"\u201cVen\u00ed a disfrutar el sol del invierno a C\u00f3rdoba\u201d, la nueva propuesta para los turistas\",\"datePublished\":\"2025-06-07T14:15:21+00:00\",\"dateModified\":\"2025-07-07T23:55:53+00:00\",\"mainEntityOfPage\":{\"@id\":\"https:\/\/modoviajeok.com.ar\/index.php\/2025\/06\/07\/veni-a-disfrutar-el-sol-del-invierno-a-cordoba-la-nueva-propuesta-para-los-turistas\/\"},\"wordCount\":886,\"commentCount\":0,\"publisher\":{\"@id\":\"https:\/\/modoviajeok.com.ar\/#organization\"},\"image\":{\"@id\":\"https:\/\/modoviajeok.com.ar\/index.php\/2025\/06\/07\/veni-a-disfrutar-el-sol-del-invierno-a-cordoba-la-nueva-propuesta-para-los-turistas\/#primaryimage\"},\"thumbnailUrl\":\"https:\/\/modoviajeok.com.ar\/wp-content\/uploads\/2025\/06\/WhatsApp-Image-2025-06-06-at-1.23.36-PM-768x576-1.jpeg\",\"keywords\":[\"c\u00f3rdoba\",\"cultura\",\"deportes\",\"gastronomia\",\"recreaci\u00f3n\",\"turismo\"],\"articleSection\":[\"Argentina\",\"C\u00f3rdoba\",\"Noticias\"],\"inLanguage\":\"es\",\"potentialAction\":[{\"@type\":\"CommentAction\",\"name\":\"Comment\",\"target\":[\"https:\/\/modoviajeok.com.ar\/index.php\/2025\/06\/07\/veni-a-disfrutar-el-sol-del-invierno-a-cordoba-la-nueva-propuesta-para-los-turistas\/#respond\"]}]},{\"@type\":\"WebPage\",\"@id\":\"https:\/\/modoviajeok.com.ar\/index.php\/2025\/06\/07\/veni-a-disfrutar-el-sol-del-invierno-a-cordoba-la-nueva-propuesta-para-los-turistas\/\",\"url\":\"https:\/\/modoviajeok.com.ar\/index.php\/2025\/06\/07\/veni-a-disfrutar-el-sol-del-invierno-a-cordoba-la-nueva-propuesta-para-los-turistas\/\",\"name\":\"\u201cVen\u00ed a disfrutar el sol del invierno a C\u00f3rdoba\u201d, la nueva propuesta para los turistas -\",\"isPartOf\":{\"@id\":\"https:\/\/modoviajeok.com.ar\/#website\"},\"primaryImageOfPage\":{\"@id\":\"https:\/\/modoviajeok.com.ar\/index.php\/2025\/06\/07\/veni-a-disfrutar-el-sol-del-invierno-a-cordoba-la-nueva-propuesta-para-los-turistas\/#primaryimage\"},\"image\":{\"@id\":\"https:\/\/modoviajeok.com.ar\/index.php\/2025\/06\/07\/veni-a-disfrutar-el-sol-del-invierno-a-cordoba-la-nueva-propuesta-para-los-turistas\/#primaryimage\"},\"thumbnailUrl\":\"https:\/\/modoviajeok.com.ar\/wp-content\/uploads\/2025\/06\/WhatsApp-Image-2025-06-06-at-1.23.36-PM-768x576-1.jpeg\",\"datePublished\":\"2025-06-07T14:15:21+00:00\",\"dateModified\":\"2025-07-07T23:55:53+00:00\",\"breadcrumb\":{\"@id\":\"https:\/\/modoviajeok.com.ar\/index.php\/2025\/06\/07\/veni-a-disfrutar-el-sol-del-invierno-a-cordoba-la-nueva-propuesta-para-los-turistas\/#breadcrumb\"},\"inLanguage\":\"es\",\"potentialAction\":[{\"@type\":\"ReadAction\",\"target\":[\"https:\/\/modoviajeok.com.ar\/index.php\/2025\/06\/07\/veni-a-disfrutar-el-sol-del-invierno-a-cordoba-la-nueva-propuesta-para-los-turistas\/\"]}]},{\"@type\":\"ImageObject\",\"inLanguage\":\"es\",\"@id\":\"https:\/\/modoviajeok.com.ar\/index.php\/2025\/06\/07\/veni-a-disfrutar-el-sol-del-invierno-a-cordoba-la-nueva-propuesta-para-los-turistas\/#primaryimage\",\"url\":\"https:\/\/modoviajeok.com.ar\/wp-content\/uploads\/2025\/06\/WhatsApp-Image-2025-06-06-at-1.23.36-PM-768x576-1.jpeg\",\"contentUrl\":\"https:\/\/modoviajeok.com.ar\/wp-content\/uploads\/2025\/06\/WhatsApp-Image-2025-06-06-at-1.23.36-PM-768x576-1.jpeg\",\"width\":518,\"height\":467},{\"@type\":\"BreadcrumbList\",\"@id\":\"https:\/\/modoviajeok.com.ar\/index.php\/2025\/06\/07\/veni-a-disfrutar-el-sol-del-invierno-a-cordoba-la-nueva-propuesta-para-los-turistas\/#breadcrumb\",\"itemListElement\":[{\"@type\":\"ListItem\",\"position\":1,\"name\":\"Portada\",\"item\":\"https:\/\/modoviajeok.com.ar\/\"},{\"@type\":\"ListItem\",\"position\":2,\"name\":\"\u201cVen\u00ed a disfrutar el sol del invierno a C\u00f3rdoba\u201d, la nueva propuesta para los turistas\"}]},{\"@type\":\"WebSite\",\"@id\":\"https:\/\/modoviajeok.com.ar\/#website\",\"url\":\"https:\/\/modoviajeok.com.ar\/\",\"name\":\"ModoViajeOK\",\"description\":\"\",\"publisher\":{\"@id\":\"https:\/\/modoviajeok.com.ar\/#organization\"},\"potentialAction\":[{\"@type\":\"SearchAction\",\"target\":{\"@type\":\"EntryPoint\",\"urlTemplate\":\"https:\/\/modoviajeok.com.ar\/?s={search_term_string}\"},\"query-input\":{\"@type\":\"PropertyValueSpecification\",\"valueRequired\":true,\"valueName\":\"search_term_string\"}}],\"inLanguage\":\"es\"},{\"@type\":\"Organization\",\"@id\":\"https:\/\/modoviajeok.com.ar\/#organization\",\"name\":\"ModoViajeOK\",\"url\":\"https:\/\/modoviajeok.com.ar\/\",\"logo\":{\"@type\":\"ImageObject\",\"inLanguage\":\"es\",\"@id\":\"https:\/\/modoviajeok.com.ar\/#\/schema\/logo\/image\/\",\"url\":\"https:\/\/modoviajeok.com.ar\/wp-content\/uploads\/2025\/01\/Logo-modoviajeok.png\",\"contentUrl\":\"https:\/\/modoviajeok.com.ar\/wp-content\/uploads\/2025\/01\/Logo-modoviajeok.png\",\"width\":2938,\"height\":2276,\"caption\":\"ModoViajeOK\"},\"image\":{\"@id\":\"https:\/\/modoviajeok.com.ar\/#\/schema\/logo\/image\/\"},\"sameAs\":[\"https:\/\/www.facebook.com\/mariana.otero1\/\",\"https:\/\/www.instagram.com\/modoviaje.ok\/\"]},{\"@type\":\"Person\",\"@id\":\"https:\/\/modoviajeok.com.ar\/#\/schema\/person\/2e299ed0d3d412a01d244fe28260d7f5\",\"name\":\"Pepe Segura\",\"image\":{\"@type\":\"ImageObject\",\"inLanguage\":\"es\",\"@id\":\"https:\/\/modoviajeok.com.ar\/#\/schema\/person\/image\/\",\"url\":\"https:\/\/secure.gravatar.com\/avatar\/65eb4b34deed761327f5b2c5535b987318ae807900ac46426de7258f5de6d345?s=96&d=mm&r=g\",\"contentUrl\":\"https:\/\/secure.gravatar.com\/avatar\/65eb4b34deed761327f5b2c5535b987318ae807900ac46426de7258f5de6d345?s=96&d=mm&r=g\",\"caption\":\"Pepe Segura\"},\"url\":\"https:\/\/modoviajeok.com.ar\/index.php\/author\/pepe2025\/\"}]}<\/script>\n<!-- \/ Yoast SEO plugin. -->","yoast_head_json":{"title":"\u201cVen\u00ed a disfrutar el sol del invierno a C\u00f3rdoba\u201d, la nueva propuesta para los turistas -","robots":{"index":"index","follow":"follow","max-snippet":"max-snippet:-1","max-image-preview":"max-image-preview:large","max-video-preview":"max-video-preview:-1"},"canonical":"https:\/\/modoviajeok.com.ar\/index.php\/2025\/06\/07\/veni-a-disfrutar-el-sol-del-invierno-a-cordoba-la-nueva-propuesta-para-los-turistas\/","og_locale":"es_ES","og_type":"article","og_title":"\u201cVen\u00ed a disfrutar el sol del invierno a C\u00f3rdoba\u201d, la nueva propuesta para los turistas -","og_description":"Durante el mes de Julio, C\u00f3rdoba ofrecer\u00e1 m\u00e1s de 150 eventos y actividades en distintos puntos de la provincia. La temporada combina propuestas para todos los p\u00fablicos. la temporada combina propuestas para todos los p\u00fablicos. Con el lema \u201cVen\u00ed a disfrutar el sol del invierno a C\u00f3rdoba\u201d, la Provincia present\u00f3 oficialmente su Temporada de Invierno [&hellip;]","og_url":"https:\/\/modoviajeok.com.ar\/index.php\/2025\/06\/07\/veni-a-disfrutar-el-sol-del-invierno-a-cordoba-la-nueva-propuesta-para-los-turistas\/","article_publisher":"https:\/\/www.facebook.com\/mariana.otero1\/","article_published_time":"2025-06-07T14:15:21+00:00","article_modified_time":"2025-07-07T23:55:53+00:00","og_image":[{"width":518,"height":467,"url":"https:\/\/modoviajeok.com.ar\/wp-content\/uploads\/2025\/06\/WhatsApp-Image-2025-06-06-at-1.23.36-PM-768x576-1.jpeg","type":"image\/jpeg"}],"author":"Pepe Segura","twitter_card":"summary_large_image","twitter_misc":{"Escrito por":"Pepe Segura","Tiempo de lectura":"5 minutos"},"schema":{"@context":"https:\/\/schema.org","@graph":[{"@type":"Article","@id":"https:\/\/modoviajeok.com.ar\/index.php\/2025\/06\/07\/veni-a-disfrutar-el-sol-del-invierno-a-cordoba-la-nueva-propuesta-para-los-turistas\/#article","isPartOf":{"@id":"https:\/\/modoviajeok.com.ar\/index.php\/2025\/06\/07\/veni-a-disfrutar-el-sol-del-invierno-a-cordoba-la-nueva-propuesta-para-los-turistas\/"},"author":{"name":"Pepe Segura","@id":"https:\/\/modoviajeok.com.ar\/#\/schema\/person\/2e299ed0d3d412a01d244fe28260d7f5"},"headline":"\u201cVen\u00ed a disfrutar el sol del invierno a C\u00f3rdoba\u201d, la nueva propuesta para los turistas","datePublished":"2025-06-07T14:15:21+00:00","dateModified":"2025-07-07T23:55:53+00:00","mainEntityOfPage":{"@id":"https:\/\/modoviajeok.com.ar\/index.php\/2025\/06\/07\/veni-a-disfrutar-el-sol-del-invierno-a-cordoba-la-nueva-propuesta-para-los-turistas\/"},"wordCount":886,"commentCount":0,"publisher":{"@id":"https:\/\/modoviajeok.com.ar\/#organization"},"image":{"@id":"https:\/\/modoviajeok.com.ar\/index.php\/2025\/06\/07\/veni-a-disfrutar-el-sol-del-invierno-a-cordoba-la-nueva-propuesta-para-los-turistas\/#primaryimage"},"thumbnailUrl":"https:\/\/modoviajeok.com.ar\/wp-content\/uploads\/2025\/06\/WhatsApp-Image-2025-06-06-at-1.23.36-PM-768x576-1.jpeg","keywords":["c\u00f3rdoba","cultura","deportes","gastronomia","recreaci\u00f3n","turismo"],"articleSection":["Argentina","C\u00f3rdoba","Noticias"],"inLanguage":"es","potentialAction":[{"@type":"CommentAction","name":"Comment","target":["https:\/\/modoviajeok.com.ar\/index.php\/2025\/06\/07\/veni-a-disfrutar-el-sol-del-invierno-a-cordoba-la-nueva-propuesta-para-los-turistas\/#respond"]}]},{"@type":"WebPage","@id":"https:\/\/modoviajeok.com.ar\/index.php\/2025\/06\/07\/veni-a-disfrutar-el-sol-del-invierno-a-cordoba-la-nueva-propuesta-para-los-turistas\/","url":"https:\/\/modoviajeok.com.ar\/index.php\/2025\/06\/07\/veni-a-disfrutar-el-sol-del-invierno-a-cordoba-la-nueva-propuesta-para-los-turistas\/","name":"\u201cVen\u00ed a disfrutar el sol del invierno a C\u00f3rdoba\u201d, la nueva propuesta para los turistas -","isPartOf":{"@id":"https:\/\/modoviajeok.com.ar\/#website"},"primaryImageOfPage":{"@id":"https:\/\/modoviajeok.com.ar\/index.php\/2025\/06\/07\/veni-a-disfrutar-el-sol-del-invierno-a-cordoba-la-nueva-propuesta-para-los-turistas\/#primaryimage"},"image":{"@id":"https:\/\/modoviajeok.com.ar\/index.php\/2025\/06\/07\/veni-a-disfrutar-el-sol-del-invierno-a-cordoba-la-nueva-propuesta-para-los-turistas\/#primaryimage"},"thumbnailUrl":"https:\/\/modoviajeok.com.ar\/wp-content\/uploads\/2025\/06\/WhatsApp-Image-2025-06-06-at-1.23.36-PM-768x576-1.jpeg","datePublished":"2025-06-07T14:15:21+00:00","dateModified":"2025-07-07T23:55:53+00:00","breadcrumb":{"@id":"https:\/\/modoviajeok.com.ar\/index.php\/2025\/06\/07\/veni-a-disfrutar-el-sol-del-invierno-a-cordoba-la-nueva-propuesta-para-los-turistas\/#breadcrumb"},"inLanguage":"es","potentialAction":[{"@type":"ReadAction","target":["https:\/\/modoviajeok.com.ar\/index.php\/2025\/06\/07\/veni-a-disfrutar-el-sol-del-invierno-a-cordoba-la-nueva-propuesta-para-los-turistas\/"]}]},{"@type":"ImageObject","inLanguage":"es","@id":"https:\/\/modoviajeok.com.ar\/index.php\/2025\/06\/07\/veni-a-disfrutar-el-sol-del-invierno-a-cordoba-la-nueva-propuesta-para-los-turistas\/#primaryimage","url":"https:\/\/modoviajeok.com.ar\/wp-content\/uploads\/2025\/06\/WhatsApp-Image-2025-06-06-at-1.23.36-PM-768x576-1.jpeg","contentUrl":"https:\/\/modoviajeok.com.ar\/wp-content\/uploads\/2025\/06\/WhatsApp-Image-2025-06-06-at-1.23.36-PM-768x576-1.jpeg","width":518,"height":467},{"@type":"BreadcrumbList","@id":"https:\/\/modoviajeok.com.ar\/index.php\/2025\/06\/07\/veni-a-disfrutar-el-sol-del-invierno-a-cordoba-la-nueva-propuesta-para-los-turistas\/#breadcrumb","itemListElement":[{"@type":"ListItem","position":1,"name":"Portada","item":"https:\/\/modoviajeok.com.ar\/"},{"@type":"ListItem","position":2,"name":"\u201cVen\u00ed a disfrutar el sol del invierno a C\u00f3rdoba\u201d, la nueva propuesta para los turistas"}]},{"@type":"WebSite","@id":"https:\/\/modoviajeok.com.ar\/#website","url":"https:\/\/modoviajeok.com.ar\/","name":"ModoViajeOK","description":"","publisher":{"@id":"https:\/\/modoviajeok.com.ar\/#organization"},"potentialAction":[{"@type":"SearchAction","target":{"@type":"EntryPoint","urlTemplate":"https:\/\/modoviajeok.com.ar\/?s={search_term_string}"},"query-input":{"@type":"PropertyValueSpecification","valueRequired":true,"valueName":"search_term_string"}}],"inLanguage":"es"},{"@type":"Organization","@id":"https:\/\/modoviajeok.com.ar\/#organization","name":"ModoViajeOK","url":"https:\/\/modoviajeok.com.ar\/","logo":{"@type":"ImageObject","inLanguage":"es","@id":"https:\/\/modoviajeok.com.ar\/#\/schema\/logo\/image\/","url":"https:\/\/modoviajeok.com.ar\/wp-content\/uploads\/2025\/01\/Logo-modoviajeok.png","contentUrl":"https:\/\/modoviajeok.com.ar\/wp-content\/uploads\/2025\/01\/Logo-modoviajeok.png","width":2938,"height":2276,"caption":"ModoViajeOK"},"image":{"@id":"https:\/\/modoviajeok.com.ar\/#\/schema\/logo\/image\/"},"sameAs":["https:\/\/www.facebook.com\/mariana.otero1\/","https:\/\/www.instagram.com\/modoviaje.ok\/"]},{"@type":"Person","@id":"https:\/\/modoviajeok.com.ar\/#\/schema\/person\/2e299ed0d3d412a01d244fe28260d7f5","name":"Pepe Segura","image":{"@type":"ImageObject","inLanguage":"es","@id":"https:\/\/modoviajeok.com.ar\/#\/schema\/person\/image\/","url":"https:\/\/secure.gravatar.com\/avatar\/65eb4b34deed761327f5b2c5535b987318ae807900ac46426de7258f5de6d345?s=96&d=mm&r=g","contentUrl":"https:\/\/secure.gravatar.com\/avatar\/65eb4b34deed761327f5b2c5535b987318ae807900ac46426de7258f5de6d345?s=96&d=mm&r=g","caption":"Pepe Segura"},"url":"https:\/\/modoviajeok.com.ar\/index.php\/author\/pepe2025\/"}]}},"_links":{"self":[{"href":"https:\/\/modoviajeok.com.ar\/index.php\/wp-json\/wp\/v2\/posts\/4217","targetHints":{"allow":["GET"]}}],"collection":[{"href":"https:\/\/modoviajeok.com.ar\/index.php\/wp-json\/wp\/v2\/posts"}],"about":[{"href":"https:\/\/modoviajeok.com.ar\/index.php\/wp-json\/wp\/v2\/types\/post"}],"author":[{"embeddable":true,"href":"https:\/\/modoviajeok.com.ar\/index.php\/wp-json\/wp\/v2\/users\/3"}],"replies":[{"embeddable":true,"href":"https:\/\/modoviajeok.com.ar\/index.php\/wp-json\/wp\/v2\/comments?post=4217"}],"version-history":[{"count":3,"href":"https:\/\/modoviajeok.com.ar\/index.php\/wp-json\/wp\/v2\/posts\/4217\/revisions"}],"predecessor-version":[{"id":4246,"href":"https:\/\/modoviajeok.com.ar\/index.php\/wp-json\/wp\/v2\/posts\/4217\/revisions\/4246"}],"wp:featuredmedia":[{"embeddable":true,"href":"https:\/\/modoviajeok.com.ar\/index.php\/wp-json\/wp\/v2\/media\/4223"}],"wp:attachment":[{"href":"https:\/\/modoviajeok.com.ar\/index.php\/wp-json\/wp\/v2\/media?parent=4217"}],"wp:term":[{"taxonomy":"category","embeddable":true,"href":"https:\/\/modoviajeok.com.ar\/index.php\/wp-json\/wp\/v2\/categories?post=4217"},{"taxonomy":"post_tag","embeddable":true,"href":"https:\/\/modoviajeok.com.ar\/index.php\/wp-json\/wp\/v2\/tags?post=4217"}],"curies":[{"name":"wp","href":"https:\/\/api.w.org\/{rel}","templated":true}]}}