{"id":4260,"date":"2025-06-25T10:07:25","date_gmt":"2025-06-25T13:07:25","guid":{"rendered":"https:\/\/modoviajeok.com.ar\/?p=4260"},"modified":"2025-07-08T19:22:29","modified_gmt":"2025-07-08T22:22:29","slug":"angola-portugal-brasil-y-argentina-un-viaje-a-la-ancestralidad","status":"publish","type":"post","link":"https:\/\/modoviajeok.com.ar\/index.php\/2025\/06\/25\/angola-portugal-brasil-y-argentina-un-viaje-a-la-ancestralidad\/","title":{"rendered":"Angola, Portugal, Brasil y Argentina: un viaje a la ancestralidad"},"content":{"rendered":"\n<p>Pedimos permiso a Exu y Oxossi para abrir los caminos y entrar en la mata. Bajamos con el machete hasta el ca\u00f1averal a cortar ca\u00f1as para llevar a casa de t\u00eda Sao. Llegamos hasta la \u00faltima de las cachoeiras a trav\u00e9s de un largo camino poblado de distintas especies de \u00e1rboles y plantas, y mientras camin\u00e1bamos los dos pensamos lo mismo: nos imaginamos la cantidad de veces que pretas y pretos habr\u00edan atravesado este corredor de selva buscando refugiarse y ocultarse entre la mata, huyendo del sometimiento de la esclavitud. \u201cMe los puedo imaginar corriendo por todo este camino\u201d, me dijiste.<\/p>\n\n\n\n<figure class=\"wp-block-image size-full\"><img loading=\"lazy\" decoding=\"async\" width=\"1536\" height=\"2048\" src=\"https:\/\/modoviajeok.com.ar\/wp-content\/uploads\/2025\/06\/1.jpeg\" alt=\"\" class=\"wp-image-4263\" srcset=\"https:\/\/modoviajeok.com.ar\/wp-content\/uploads\/2025\/06\/1.jpeg 1536w, https:\/\/modoviajeok.com.ar\/wp-content\/uploads\/2025\/06\/1-768x1024.jpeg 768w, https:\/\/modoviajeok.com.ar\/wp-content\/uploads\/2025\/06\/1-1152x1536.jpeg 1152w, https:\/\/modoviajeok.com.ar\/wp-content\/uploads\/2025\/06\/1-315x420.jpeg 315w, https:\/\/modoviajeok.com.ar\/wp-content\/uploads\/2025\/06\/1-150x200.jpeg 150w, https:\/\/modoviajeok.com.ar\/wp-content\/uploads\/2025\/06\/1-300x400.jpeg 300w, https:\/\/modoviajeok.com.ar\/wp-content\/uploads\/2025\/06\/1-696x928.jpeg 696w, https:\/\/modoviajeok.com.ar\/wp-content\/uploads\/2025\/06\/1-1068x1424.jpeg 1068w\" sizes=\"auto, (max-width: 1536px) 100vw, 1536px\" \/><\/figure>\n\n\n\n<p>Una mariposa amarilla quedo posada en tu mano durante un buen rato mientras el agua de la cachoeira corr\u00eda por debajo de tus dedos, una vez que la soltaste se qued\u00f3 junto a nosotros en la roca donde permanecimos sentados sobre el agua observando la fuerza de la corriente. A pocos d\u00edas de la muerte de pap\u00e1 darnos este ba\u00f1o en las cachoeiras de su pueblito era como un ritual de bautismo hacia este nuevo pasaje de nuestra vida. Nos quedamos en silencio dejando el agua correr por nuestro cuerpo sintiendo la maravilla de toda la naturaleza que nos rodeaba.&nbsp;<\/p>\n\n\n\n<p>En esta tierra todo abunda, tio Mbira nos lleva a la chacra que cuida Tiao para ver los \u00e1rboles de jabuticaba, e ivapuru, que le dicen en guaran\u00ed, un \u00e1rbol inmenso y precioso cuya particularidad es que sus frutos crecen directamente pegados al tronco. Los arrancamos uno a uno y saboreamos su dulzura. El fruto de la jabuticaba es redondito, oscuro y brillante. Crece tambi\u00e9n en la zona del Paraguay y del nordeste argentino donde algunas personas usan su nombre como piropo; ojitos de ivapuru, me dijeron que le dicen, aludiendo a la hermosura de unos ojos oscuros. El terreno de Tiao est\u00e1 lleno de coqueiros, de \u00e1rboles de mangos y plantas tropicales. Despu\u00e9s de 4 a\u00f1os de no venir a Minas Gerais me siento extra\u00f1amente en casa.<\/p>\n\n\n\n<figure class=\"wp-block-image size-full\"><img loading=\"lazy\" decoding=\"async\" width=\"1920\" height=\"2560\" src=\"https:\/\/modoviajeok.com.ar\/wp-content\/uploads\/2025\/06\/4-scaled.jpeg\" alt=\"\" class=\"wp-image-4264\" srcset=\"https:\/\/modoviajeok.com.ar\/wp-content\/uploads\/2025\/06\/4-scaled.jpeg 1920w, https:\/\/modoviajeok.com.ar\/wp-content\/uploads\/2025\/06\/4-768x1024.jpeg 768w, https:\/\/modoviajeok.com.ar\/wp-content\/uploads\/2025\/06\/4-1152x1536.jpeg 1152w, https:\/\/modoviajeok.com.ar\/wp-content\/uploads\/2025\/06\/4-1536x2048.jpeg 1536w, https:\/\/modoviajeok.com.ar\/wp-content\/uploads\/2025\/06\/4-315x420.jpeg 315w, https:\/\/modoviajeok.com.ar\/wp-content\/uploads\/2025\/06\/4-150x200.jpeg 150w, https:\/\/modoviajeok.com.ar\/wp-content\/uploads\/2025\/06\/4-300x400.jpeg 300w, https:\/\/modoviajeok.com.ar\/wp-content\/uploads\/2025\/06\/4-696x928.jpeg 696w, https:\/\/modoviajeok.com.ar\/wp-content\/uploads\/2025\/06\/4-1068x1424.jpeg 1068w\" sizes=\"auto, (max-width: 1920px) 100vw, 1920px\" \/><\/figure>\n\n\n\n<p>En los \u00faltimos meses de vida pap\u00e1 recordaba los rituales de candombl\u00e9 de Angola a los que asist\u00eda con sus t\u00edos y sus primos cuando era chico. Me contaba que su t\u00eda era mae de santo y curandera, me hablaba de los tambores hasta largas horas de la noche en la oscuridad del pueblo. Se arrepent\u00eda de haberse alejado de ese universo y haberse volcado a la filosof\u00eda budista. La mitad de mi familia se volvi\u00f3 evangelista y la otra mitad cat\u00f3lica. <\/p>\n\n\n\n<p>Me pregunto que pensar\u00edan de mi si supieran que en un momento de mi vida comenc\u00e9 a entrar en trance y a tener visiones bailando y escuchando m\u00fasica de orixas sola en casa sin haber tenido contacto jam\u00e1s con un terreiro, y aun sin saber que los t\u00edos abuelos practicaban candombl\u00e9. A trav\u00e9s de distintas experiencias mi sensibilidad y mi percepci\u00f3n fue modific\u00e1ndose y abri\u00e9ndose a otro espectro de realidad gradualmente. Al principio me resist\u00eda porque no lo entend\u00eda, hasta que poco a poco me fui entregando. <\/p>\n\n\n\n<figure class=\"wp-block-image size-full\"><img loading=\"lazy\" decoding=\"async\" width=\"1920\" height=\"2560\" src=\"https:\/\/modoviajeok.com.ar\/wp-content\/uploads\/2025\/06\/30-1-scaled.jpeg\" alt=\"\" class=\"wp-image-4265\" srcset=\"https:\/\/modoviajeok.com.ar\/wp-content\/uploads\/2025\/06\/30-1-scaled.jpeg 1920w, https:\/\/modoviajeok.com.ar\/wp-content\/uploads\/2025\/06\/30-1-768x1024.jpeg 768w, https:\/\/modoviajeok.com.ar\/wp-content\/uploads\/2025\/06\/30-1-1152x1536.jpeg 1152w, https:\/\/modoviajeok.com.ar\/wp-content\/uploads\/2025\/06\/30-1-1536x2048.jpeg 1536w, https:\/\/modoviajeok.com.ar\/wp-content\/uploads\/2025\/06\/30-1-315x420.jpeg 315w, https:\/\/modoviajeok.com.ar\/wp-content\/uploads\/2025\/06\/30-1-150x200.jpeg 150w, https:\/\/modoviajeok.com.ar\/wp-content\/uploads\/2025\/06\/30-1-300x400.jpeg 300w, https:\/\/modoviajeok.com.ar\/wp-content\/uploads\/2025\/06\/30-1-696x928.jpeg 696w, https:\/\/modoviajeok.com.ar\/wp-content\/uploads\/2025\/06\/30-1-1068x1424.jpeg 1068w\" sizes=\"auto, (max-width: 1920px) 100vw, 1920px\" \/><\/figure>\n\n\n\n<p>Me pregunto si me juzgar\u00edan\u2026 Pap\u00e1 me cuenta que al abuelo Joao no le gustaba que se hablara de religi\u00f3n africana en su casa, que era un tema que no se pod\u00eda tocar. \u00bfCu\u00e1ntas familias brasileras fueron atravesadas y divididas por estas dicotom\u00edas? La p\u00e9rdida de contacto con estas ra\u00edces religiosas se transform\u00f3 en una nube de secretos que silenci\u00f3 y borr\u00f3 todo rastro de estas memorias. \u00bfPor qu\u00e9 el abuelo no quer\u00eda que se hablara de esto? \u00bfQu\u00e9 es lo que habr\u00eda sucedido realmente? M\u00e1s all\u00e1 de los juicios sociales atravesados por la colonizaci\u00f3n, mi intuici\u00f3n me dice que algo pas\u00f3.<\/p>\n\n\n      <div class=\"wp_bannerize_container wp_bannerize_layout_vertical\">\n\n        <div class=\"wp_bannerize_banner_box wp_bannerize_category_intertexto-1\" data-title=\"Modo viaje\" data-mime_type=\"image-gif\" data-banner_id=\"1783\" id=\"wpbanner-1783\" data-impressions_enabled=\"true\" data-clicks_enabled=\"true\"><a href=\"https:\/\/www.instagram.com\/modoviaje.ok?igsh=Z3c5emxsZWFtdXN3\"><img decoding=\"async\" border=\"0\" src=\"https:\/\/modoviajeok.com.ar\/wp-content\/uploads\/2025\/02\/modoviaje.ok-300-x-250-px.gif\" alt=\"Modo viaje\" title=\"Modo viaje\" \/><\/a><\/div>      <\/div>\n\n\n\n\n\n<p>Por primera vez despu\u00e9s de a\u00f1os alguien en la familia nombra nuestro origen africano, el t\u00edo Mbira me muestra fotos de estos primos del candombl\u00e9, me cuenta que uno era vidente y que fue quien les ense\u00f1o a tocar la guitarra. Me cuenta que la bisabuela B\u00e1rbara se conoci\u00f3 con nuestro bisabuelo trabajando en condiciones de esclavitud en un campo de caf\u00e9 de Minas Gerais. Dice que era madre de leche, como tantas mujeres negras, y que el documento de su liberaci\u00f3n lo ten\u00eda alguien de la familia. La bisabuela B\u00e1rbara hab\u00eda sido tra\u00edda de Angola y perdi\u00f3 un brazo durante el transcurso de su vida. Su mirada duele en todas las fotos.<\/p>\n\n\n\n<figure class=\"wp-block-pullquote\"><blockquote><p>Caf\u00e9 da manha, cheiro de caf\u00e9 na casa de tia Sao. Mango docinho docinho, barulho de panelas prontas para o feijao\u2026tudo isso e memoria emocional pra mim.<\/p><\/blockquote><\/figure>\n\n\n\n<p>Cuando vengo a Brasil desayuno caf\u00e9 todas las ma\u00f1anas. La t\u00eda Sao nos compra queijo minas y prepara el caf\u00e9 en un filtro gigante para toda la familia, llena 2 termos que quedan para todo el d\u00eda. En cambio cuando voy a Mar del Plata desayuno mate cocido casi todas las ma\u00f1anas porque me trae la sensaci\u00f3n de la infancia, de la abuela preparando la taza calentita y humeante en una ma\u00f1ana de frio mientras desayunamos mirando los \u00e1rboles del bosque, y as\u00ed como la yerba tiene impregnada la memoria del sudor y el sacrificio de la sangre guaran\u00ed trabajando a destajo en los yerbales, el caf\u00e9 tiene impregnado la memoria de siglos de trabajo africano esclavo. Toda cosecha guarda en si esta dualidad, entre el afecto, el amor, el sacrificio y el dolor.&nbsp;<\/p>\n\n\n\n<figure class=\"wp-block-pullquote\"><blockquote><p>Dafne practica el vodoo de su Haiti natal y me cuenta que todas las ma\u00f1anas tira un chorro de caf\u00e9 al piso al lado de su altar como una ofrenda para sus ancestros. Es una forma de que est\u00e9n con nosotros y agradecer me dice. El caf\u00e9 es el punto de conexi\u00f3n.<\/p><\/blockquote><\/figure>\n\n\n\n<p>En el camino de vuelta de Minas Gerais a Buenos Aires pasamos por Curitiba a descansar en casa de un amigo, su novia nos invita a una gira de umbanda. Una gira de preto velhos y caboclos. Los preto velhos le llaman en la tradici\u00f3n umbanda a los esp\u00edritus de los ancestros y ancestras que murieron en condiciones de esclavitud, a trav\u00e9s de ellos se canalizan mensajes de sabidur\u00eda, cuidado y curaci\u00f3n. <\/p>\n\n\n\n<figure class=\"wp-block-image size-full\"><img loading=\"lazy\" decoding=\"async\" width=\"1920\" height=\"2560\" src=\"https:\/\/modoviajeok.com.ar\/wp-content\/uploads\/2025\/06\/51-scaled.jpeg\" alt=\"\" class=\"wp-image-4266\" srcset=\"https:\/\/modoviajeok.com.ar\/wp-content\/uploads\/2025\/06\/51-scaled.jpeg 1920w, https:\/\/modoviajeok.com.ar\/wp-content\/uploads\/2025\/06\/51-768x1024.jpeg 768w, https:\/\/modoviajeok.com.ar\/wp-content\/uploads\/2025\/06\/51-1152x1536.jpeg 1152w, https:\/\/modoviajeok.com.ar\/wp-content\/uploads\/2025\/06\/51-1536x2048.jpeg 1536w, https:\/\/modoviajeok.com.ar\/wp-content\/uploads\/2025\/06\/51-315x420.jpeg 315w, https:\/\/modoviajeok.com.ar\/wp-content\/uploads\/2025\/06\/51-150x200.jpeg 150w, https:\/\/modoviajeok.com.ar\/wp-content\/uploads\/2025\/06\/51-300x400.jpeg 300w, https:\/\/modoviajeok.com.ar\/wp-content\/uploads\/2025\/06\/51-696x928.jpeg 696w, https:\/\/modoviajeok.com.ar\/wp-content\/uploads\/2025\/06\/51-1068x1424.jpeg 1068w\" sizes=\"auto, (max-width: 1920px) 100vw, 1920px\" \/><\/figure>\n\n\n\n<p>Los caboclos en cambio son los esp\u00edritus de los pueblos ind\u00edgenas. Es la primera vez en mi vida que asisto a una experiencia asi despu\u00e9s de a\u00f1os de desearla y estoy emocionada. Todo es muy natural, hay familias, ni\u00f1os, los cantos y los tambores sostienen el ritual constantemente. Durante la gira de los pretos pasamos a recibir mensajes de los que incorporan el esp\u00edritu, nos limpian con agua y hierbas, a cada uno en la parte del cuerpo que m\u00e1s necesita. <\/p>\n\n\n\n<p>Mae Sandra es suave y amable y est\u00e1 dispuesta a conversar con nosotros. Me observa y me dice que le pareciera que soy fliha de Iemanj\u00e1 como yo cre\u00eda, pero que puede ser tambi\u00e9n que tenga otro orixa. Me dice que volvamos otro d\u00eda para conversar m\u00e1s tranquilas. Al terminar comemos las ofrendas para los pretos, un plato de feijao con carne y un bolo de fub\u00e1 delicioso. Cuando vuelvo a Buenos Aires armo un peque\u00f1o altar por unos d\u00edas para pap\u00e1 y los abuelos, con ofrendas de caf\u00e9 y fub\u00e1.<\/p>\n\n\n\n<figure class=\"wp-block-image size-full\"><img loading=\"lazy\" decoding=\"async\" width=\"1200\" height=\"1600\" src=\"https:\/\/modoviajeok.com.ar\/wp-content\/uploads\/2025\/06\/WhatsApp-Image-2025-06-12-at-20.44.31.jpeg\" alt=\"\" class=\"wp-image-4267\" srcset=\"https:\/\/modoviajeok.com.ar\/wp-content\/uploads\/2025\/06\/WhatsApp-Image-2025-06-12-at-20.44.31.jpeg 1200w, https:\/\/modoviajeok.com.ar\/wp-content\/uploads\/2025\/06\/WhatsApp-Image-2025-06-12-at-20.44.31-768x1024.jpeg 768w, https:\/\/modoviajeok.com.ar\/wp-content\/uploads\/2025\/06\/WhatsApp-Image-2025-06-12-at-20.44.31-1152x1536.jpeg 1152w, https:\/\/modoviajeok.com.ar\/wp-content\/uploads\/2025\/06\/WhatsApp-Image-2025-06-12-at-20.44.31-315x420.jpeg 315w, https:\/\/modoviajeok.com.ar\/wp-content\/uploads\/2025\/06\/WhatsApp-Image-2025-06-12-at-20.44.31-150x200.jpeg 150w, https:\/\/modoviajeok.com.ar\/wp-content\/uploads\/2025\/06\/WhatsApp-Image-2025-06-12-at-20.44.31-300x400.jpeg 300w, https:\/\/modoviajeok.com.ar\/wp-content\/uploads\/2025\/06\/WhatsApp-Image-2025-06-12-at-20.44.31-696x928.jpeg 696w, https:\/\/modoviajeok.com.ar\/wp-content\/uploads\/2025\/06\/WhatsApp-Image-2025-06-12-at-20.44.31-1068x1424.jpeg 1068w\" sizes=\"auto, (max-width: 1200px) 100vw, 1200px\" \/><\/figure>\n\n\n\n<p>En los \u00faltimos meses de vida le compart\u00ed a pap\u00e1 la m\u00fasica de Maro, mi cantante portuguesa favorita. Lo descubr\u00ed una ma\u00f1ana en su cuarto convaleciente escuch\u00e1ndola, la luz entraba por la ventana y hab\u00eda un aureola de paz, por primera vez ten\u00edamos una ma\u00f1ana sin el noticiero de Lilito prendido a todo lo que da ni los perritos de Mirinha ladrando como hist\u00e9ricos. Lo film\u00e9 desde la puerta del cuarto sin que \u00e9l me viera. Maro cumpl\u00eda a\u00f1os el mismo dia que pap\u00e1, un 30 de octubre. En sus canciones habla de la muerte, los duelos, la belleza del amor y los encuentros. <\/p>\n\n\n\n<p>Hac\u00eda un par de meses que pap\u00e1 solo pod\u00eda permanecer 10 minutos fuera de la cama y ten\u00eda que volver a acostarse del cansancio que sent\u00eda. Me daba cuenta que escuchar a Maro le hacia algo especial, al igual que a mi. Un d\u00eda mientras sonaba la m\u00fasica me acerqu\u00e9 a su cuarto y me dijo que la escuchaba una y otra vez, que le encantaba. La m\u00fasica estaba acompa\u00f1ando su trance hacia el final de su vida.<\/p>\n\n\n\n<figure class=\"wp-block-image size-full\"><img loading=\"lazy\" decoding=\"async\" width=\"1599\" height=\"1050\" src=\"https:\/\/modoviajeok.com.ar\/wp-content\/uploads\/2025\/06\/WhatsApp-Image-2025-06-12-at-20.48.32.jpeg\" alt=\"\" class=\"wp-image-4268\" srcset=\"https:\/\/modoviajeok.com.ar\/wp-content\/uploads\/2025\/06\/WhatsApp-Image-2025-06-12-at-20.48.32.jpeg 1599w, https:\/\/modoviajeok.com.ar\/wp-content\/uploads\/2025\/06\/WhatsApp-Image-2025-06-12-at-20.48.32-768x504.jpeg 768w, https:\/\/modoviajeok.com.ar\/wp-content\/uploads\/2025\/06\/WhatsApp-Image-2025-06-12-at-20.48.32-1536x1009.jpeg 1536w, https:\/\/modoviajeok.com.ar\/wp-content\/uploads\/2025\/06\/WhatsApp-Image-2025-06-12-at-20.48.32-640x420.jpeg 640w, https:\/\/modoviajeok.com.ar\/wp-content\/uploads\/2025\/06\/WhatsApp-Image-2025-06-12-at-20.48.32-150x98.jpeg 150w, https:\/\/modoviajeok.com.ar\/wp-content\/uploads\/2025\/06\/WhatsApp-Image-2025-06-12-at-20.48.32-300x197.jpeg 300w, https:\/\/modoviajeok.com.ar\/wp-content\/uploads\/2025\/06\/WhatsApp-Image-2025-06-12-at-20.48.32-696x457.jpeg 696w, https:\/\/modoviajeok.com.ar\/wp-content\/uploads\/2025\/06\/WhatsApp-Image-2025-06-12-at-20.48.32-1068x701.jpeg 1068w, https:\/\/modoviajeok.com.ar\/wp-content\/uploads\/2025\/06\/WhatsApp-Image-2025-06-12-at-20.48.32-741x486.jpeg 741w\" sizes=\"auto, (max-width: 1599px) 100vw, 1599px\" \/><\/figure>\n\n\n\n<p>Pap\u00e1 se hab\u00eda alejado de la vida de toda la familia durante 25 a\u00f1os, nuestra comunicaci\u00f3n durante algunos a\u00f1os hab\u00eda sido a trav\u00e9s de videollamadas, mails y audios de whatsapp mientras \u00e9l viv\u00eda haciendo m\u00fasica por todo el mundo. En su \u00faltima etapa de vida en Asia empez\u00f3 a sentirse muy cansado. Le cont\u00f3 al t\u00edo Tonino que tuvo un sue\u00f1o donde se le apareci\u00f3 su mam\u00e1 y le dijo que volviera a Brasil. Volvi\u00f3 para descubrir su enfermedad. Me emocionaba sentir que despu\u00e9s de tantos a\u00f1os separados y de tanta complejidad en nuestro v\u00ednculo, la comunicaci\u00f3n con \u00e9l segu\u00eda siendo a trav\u00e9s de las m\u00fasicas que nos gustaban, como cuando me mandaba videos o tutoriales de canciones desde Vietnam.&nbsp;<\/p>\n\n\n\n<p>Pap\u00e1 hab\u00eda vivido muchos a\u00f1os en Europa y otros tantos en Asia, viaj\u00f3 tambi\u00e9n por \u00c1frica. Tuvo 6 hijos, nosotros dos en Argentina, y 4 hermanos que nos dej\u00f3 en Europa, de distintas madres. Tenia unas contradicciones raciales muy fuertes; a veces se enorgullec\u00eda de sus ra\u00edces portuguesas como algo decoroso e importante, luego despotricaba contra la colonizaci\u00f3n y la educaci\u00f3n portuguesa, por otra parte dec\u00eda que \u00e9l no quer\u00eda ser un negrito m\u00e1s de esos que andaban tocando tambores por el mundo, se quejaba del racismo, amaba \u00c1frica y su gente, viv\u00eda de la m\u00fasica de su tierra y a\u00f1oraba sus ra\u00edces religiosas africanas.<\/p>\n\n\n\n<figure class=\"wp-block-image size-full\"><img loading=\"lazy\" decoding=\"async\" width=\"1200\" height=\"1600\" src=\"https:\/\/modoviajeok.com.ar\/wp-content\/uploads\/2025\/06\/WhatsApp-Image-2025-06-12-at-20.45.34.jpeg\" alt=\"\" class=\"wp-image-4269\" srcset=\"https:\/\/modoviajeok.com.ar\/wp-content\/uploads\/2025\/06\/WhatsApp-Image-2025-06-12-at-20.45.34.jpeg 1200w, https:\/\/modoviajeok.com.ar\/wp-content\/uploads\/2025\/06\/WhatsApp-Image-2025-06-12-at-20.45.34-768x1024.jpeg 768w, https:\/\/modoviajeok.com.ar\/wp-content\/uploads\/2025\/06\/WhatsApp-Image-2025-06-12-at-20.45.34-1152x1536.jpeg 1152w, https:\/\/modoviajeok.com.ar\/wp-content\/uploads\/2025\/06\/WhatsApp-Image-2025-06-12-at-20.45.34-315x420.jpeg 315w, https:\/\/modoviajeok.com.ar\/wp-content\/uploads\/2025\/06\/WhatsApp-Image-2025-06-12-at-20.45.34-150x200.jpeg 150w, https:\/\/modoviajeok.com.ar\/wp-content\/uploads\/2025\/06\/WhatsApp-Image-2025-06-12-at-20.45.34-300x400.jpeg 300w, https:\/\/modoviajeok.com.ar\/wp-content\/uploads\/2025\/06\/WhatsApp-Image-2025-06-12-at-20.45.34-696x928.jpeg 696w, https:\/\/modoviajeok.com.ar\/wp-content\/uploads\/2025\/06\/WhatsApp-Image-2025-06-12-at-20.45.34-1068x1424.jpeg 1068w\" sizes=\"auto, (max-width: 1200px) 100vw, 1200px\" \/><\/figure>\n\n\n\n<figure class=\"wp-block-pullquote\"><blockquote><p>Durante a\u00f1os yo so\u00f1aba con conocer Portugal, Lisboa me parec\u00eda tener desde lejos una poes\u00eda y una m\u00edstica especial. Un d\u00eda mis t\u00edos decidieron migrar\u2026<\/p><\/blockquote><\/figure>\n\n\n\n<p>Llueve en Buenos Aires y llov\u00eda en Lisboa<\/p>\n\n\n\n<p>Una luz brillante de agua coloreaba los edificios de esa preciosa y antigua melancol\u00eda<\/p>\n\n\n\n<p>Llueve en Buenos Aires y el recuerdo de Lisboa inunda todas mis im\u00e1genes<\/p>\n\n\n\n<p>Los atardeceres violetas detr\u00e1s del puente que cruza el Tejo<\/p>\n\n\n\n<p>La marisquer\u00eda azulejada de Almada, las caminatas a la hora dorada por la rambla<\/p>\n\n\n\n<p>Dormir en el cuarto de los t\u00edos lleno de retratos en Brasil<\/p>\n\n\n\n<p>Llov\u00eda en Buenos Aires el d\u00eda que la t\u00eda Celia me llam\u00f3 para contarme que consigui\u00f3 su residencia portuguesa<\/p>\n\n\n\n<p>Ella no se estaba dando cuenta, que acababan de recuperar con mucho esfuerzo <\/p>\n\n\n\n<p>un territorio que nos pertenec\u00eda,&nbsp;<\/p>\n\n\n\n<figure class=\"wp-block-image size-full\"><img loading=\"lazy\" decoding=\"async\" width=\"1200\" height=\"1600\" src=\"https:\/\/modoviajeok.com.ar\/wp-content\/uploads\/2025\/06\/WhatsApp-Image-2025-06-12-at-20.46.03.jpeg\" alt=\"\" class=\"wp-image-4270\" srcset=\"https:\/\/modoviajeok.com.ar\/wp-content\/uploads\/2025\/06\/WhatsApp-Image-2025-06-12-at-20.46.03.jpeg 1200w, https:\/\/modoviajeok.com.ar\/wp-content\/uploads\/2025\/06\/WhatsApp-Image-2025-06-12-at-20.46.03-768x1024.jpeg 768w, https:\/\/modoviajeok.com.ar\/wp-content\/uploads\/2025\/06\/WhatsApp-Image-2025-06-12-at-20.46.03-1152x1536.jpeg 1152w, https:\/\/modoviajeok.com.ar\/wp-content\/uploads\/2025\/06\/WhatsApp-Image-2025-06-12-at-20.46.03-315x420.jpeg 315w, https:\/\/modoviajeok.com.ar\/wp-content\/uploads\/2025\/06\/WhatsApp-Image-2025-06-12-at-20.46.03-150x200.jpeg 150w, https:\/\/modoviajeok.com.ar\/wp-content\/uploads\/2025\/06\/WhatsApp-Image-2025-06-12-at-20.46.03-300x400.jpeg 300w, https:\/\/modoviajeok.com.ar\/wp-content\/uploads\/2025\/06\/WhatsApp-Image-2025-06-12-at-20.46.03-696x928.jpeg 696w, https:\/\/modoviajeok.com.ar\/wp-content\/uploads\/2025\/06\/WhatsApp-Image-2025-06-12-at-20.46.03-1068x1424.jpeg 1068w\" sizes=\"auto, (max-width: 1200px) 100vw, 1200px\" \/><\/figure>\n\n\n\n<p>Llueve en Buenos Aires y en esta ciudad la gente est\u00e1 viva, llena de amor y proyectos<\/p>\n\n\n\n<p>Tengo rio y las mejores amistades<\/p>\n\n\n\n<p>volv\u00ed despu\u00e9s de 6 meses y me sent\u00ed en mi hogar<\/p>\n\n\n\n<p>Pero llueve y hoy ya no s\u00e9 en qu\u00e9 lugar del Mundo quiero estar<\/p>\n\n\n\n<p>Llov\u00eda el d\u00eda que llegu\u00e9 a Lisboa desde Alicante al amanecer<\/p>\n\n\n\n<figure class=\"wp-block-image size-full\"><img loading=\"lazy\" decoding=\"async\" width=\"1200\" height=\"1600\" src=\"https:\/\/modoviajeok.com.ar\/wp-content\/uploads\/2025\/06\/WhatsApp-Image-2025-06-12-at-20.47.20.jpeg\" alt=\"\" class=\"wp-image-4275\" srcset=\"https:\/\/modoviajeok.com.ar\/wp-content\/uploads\/2025\/06\/WhatsApp-Image-2025-06-12-at-20.47.20.jpeg 1200w, https:\/\/modoviajeok.com.ar\/wp-content\/uploads\/2025\/06\/WhatsApp-Image-2025-06-12-at-20.47.20-768x1024.jpeg 768w, https:\/\/modoviajeok.com.ar\/wp-content\/uploads\/2025\/06\/WhatsApp-Image-2025-06-12-at-20.47.20-1152x1536.jpeg 1152w, https:\/\/modoviajeok.com.ar\/wp-content\/uploads\/2025\/06\/WhatsApp-Image-2025-06-12-at-20.47.20-315x420.jpeg 315w, https:\/\/modoviajeok.com.ar\/wp-content\/uploads\/2025\/06\/WhatsApp-Image-2025-06-12-at-20.47.20-150x200.jpeg 150w, https:\/\/modoviajeok.com.ar\/wp-content\/uploads\/2025\/06\/WhatsApp-Image-2025-06-12-at-20.47.20-300x400.jpeg 300w, https:\/\/modoviajeok.com.ar\/wp-content\/uploads\/2025\/06\/WhatsApp-Image-2025-06-12-at-20.47.20-696x928.jpeg 696w, https:\/\/modoviajeok.com.ar\/wp-content\/uploads\/2025\/06\/WhatsApp-Image-2025-06-12-at-20.47.20-1068x1424.jpeg 1068w\" sizes=\"auto, (max-width: 1200px) 100vw, 1200px\" \/><\/figure>\n\n\n\n<p>Una cola llena de gente, un colectivero de mal humor igual que en Buenos Aires<\/p>\n\n\n\n<p>Cruc\u00e9 sola toda la ciudad para llegar a la casa de la t\u00eda&nbsp;<\/p>\n\n\n\n<p>y enterarme que pap\u00e1 estaba enfermo de c\u00e1ncer<\/p>\n\n\n\n<p>Llov\u00eda y com\u00edamos feijao con arroz todos juntos en el comedor<\/p>\n\n\n\n<figure class=\"wp-block-image size-full\"><img loading=\"lazy\" decoding=\"async\" width=\"1200\" height=\"1600\" src=\"https:\/\/modoviajeok.com.ar\/wp-content\/uploads\/2025\/06\/WhatsApp-Image-2025-06-12-at-20.46.29.jpeg\" alt=\"\" class=\"wp-image-4271\" srcset=\"https:\/\/modoviajeok.com.ar\/wp-content\/uploads\/2025\/06\/WhatsApp-Image-2025-06-12-at-20.46.29.jpeg 1200w, https:\/\/modoviajeok.com.ar\/wp-content\/uploads\/2025\/06\/WhatsApp-Image-2025-06-12-at-20.46.29-768x1024.jpeg 768w, https:\/\/modoviajeok.com.ar\/wp-content\/uploads\/2025\/06\/WhatsApp-Image-2025-06-12-at-20.46.29-1152x1536.jpeg 1152w, https:\/\/modoviajeok.com.ar\/wp-content\/uploads\/2025\/06\/WhatsApp-Image-2025-06-12-at-20.46.29-315x420.jpeg 315w, https:\/\/modoviajeok.com.ar\/wp-content\/uploads\/2025\/06\/WhatsApp-Image-2025-06-12-at-20.46.29-150x200.jpeg 150w, https:\/\/modoviajeok.com.ar\/wp-content\/uploads\/2025\/06\/WhatsApp-Image-2025-06-12-at-20.46.29-300x400.jpeg 300w, https:\/\/modoviajeok.com.ar\/wp-content\/uploads\/2025\/06\/WhatsApp-Image-2025-06-12-at-20.46.29-696x928.jpeg 696w, https:\/\/modoviajeok.com.ar\/wp-content\/uploads\/2025\/06\/WhatsApp-Image-2025-06-12-at-20.46.29-1068x1424.jpeg 1068w\" sizes=\"auto, (max-width: 1200px) 100vw, 1200px\" \/><\/figure>\n\n\n\n<p>Con la decoraci\u00f3n m\u00e1s luso barroca que pod\u00edamos tener de fondo&nbsp;<\/p>\n\n\n\n<p>Contrastando con nuestra latinoamericanidad<\/p>\n\n\n\n<p>Est\u00e1bamos felices de haber cumplido el sue\u00f1o de encontrarnos todos en esta ciudad<\/p>\n\n\n\n<p>Llovi\u00f3 tambi\u00e9n el d\u00eda que encontramos con Fabio, mi hermano alem\u00e1n<\/p>\n\n\n\n<p>El libro de Chico Buarque \u201cMi hermano alem\u00e1n\u201d<\/p>\n\n\n\n<p>Un arco\u00edris gigante atravesaba el cielo cuando salimos de la librer\u00eda<\/p>\n\n\n\n<p>Llov\u00eda en el aeropuerto de Sao Paulo mientras esperaba la salida de mi vuelo a Belo Horizonte<\/p>\n\n\n\n<p>pap\u00e1 me mandaba por whatsapp la \u00faltima foto que me enviar\u00eda antes de morir<\/p>\n\n\n\n<p>con la luz de la primavera y los \u00e1rboles radiantes de verde desde la ventana del hospital<\/p>\n\n\n\n<p>me regal\u00f3 la \u00faltima luz de su vida.<\/p>\n\n\n\n<p>Llov\u00eda en Raposos, tia Sao y Heto miraban la lluvia desde el balc\u00f3n&nbsp;<\/p>\n\n\n\n<p>Y pap\u00e1 ya no estaba m\u00e1s en la habitaci\u00f3n de la casa.<\/p>\n\n\n\n<p>Romenia se enter\u00f3 de su partida y se apareci\u00f3 en casa de tia Sao para visitarnos<\/p>\n\n\n\n<p>Entr\u00f3 por la puerta del patio con un gorro vietnamita gigante<\/p>\n\n\n\n<p>Ella no sab\u00eda que el \u00faltimo pa\u00eds donde vivi\u00f3 pap\u00e1 antes de volver a Brasil fue Vietnam<\/p>\n\n\n\n<p>El d\u00eda que vino a despedirnos quiso que el gorro quedara con nosotros.<\/p>\n\n\n\n<p>Llov\u00eda en Lisboa la noche que vi los tranv\u00edas m\u00e1s lindos cruzar la ciudad,<\/p>\n\n\n\n<p>La Praza do Comercio estaba desierta y empapada, y yo m\u00e1s tarde pensar\u00eda<\/p>\n\n\n\n<p>Que quiz\u00e1s fue en este puerto donde fue vendida la bisabuela B\u00e1rbara.<\/p>\n\n\n\n<p>Sal\u00ed a caminar por la orilla el ante\u00faltimo d\u00eda, esta vez estaba soleado<\/p>\n\n\n\n<p>fotografi\u00e9 a un pianista que tocaba mirando el rio Tejo con un perrito acurrucado a sus pies<\/p>\n\n\n\n<p>era la escena m\u00e1s tierna y melanc\u00f3lica que vi en Lisboa<\/p>\n\n\n\n<p>Un \u00faltimo d\u00eda juntos en el mar portugu\u00e9s con la canci\u00f3n de Mario Laguinha envolvi\u00e9ndonos<\/p>\n\n\n\n<figure class=\"wp-block-image size-full\"><img loading=\"lazy\" decoding=\"async\" width=\"1200\" height=\"1600\" src=\"https:\/\/modoviajeok.com.ar\/wp-content\/uploads\/2025\/06\/WhatsApp-Image-2025-06-12-at-20.46.53.jpeg\" alt=\"\" class=\"wp-image-4272\" srcset=\"https:\/\/modoviajeok.com.ar\/wp-content\/uploads\/2025\/06\/WhatsApp-Image-2025-06-12-at-20.46.53.jpeg 1200w, https:\/\/modoviajeok.com.ar\/wp-content\/uploads\/2025\/06\/WhatsApp-Image-2025-06-12-at-20.46.53-768x1024.jpeg 768w, https:\/\/modoviajeok.com.ar\/wp-content\/uploads\/2025\/06\/WhatsApp-Image-2025-06-12-at-20.46.53-1152x1536.jpeg 1152w, https:\/\/modoviajeok.com.ar\/wp-content\/uploads\/2025\/06\/WhatsApp-Image-2025-06-12-at-20.46.53-315x420.jpeg 315w, https:\/\/modoviajeok.com.ar\/wp-content\/uploads\/2025\/06\/WhatsApp-Image-2025-06-12-at-20.46.53-150x200.jpeg 150w, https:\/\/modoviajeok.com.ar\/wp-content\/uploads\/2025\/06\/WhatsApp-Image-2025-06-12-at-20.46.53-300x400.jpeg 300w, https:\/\/modoviajeok.com.ar\/wp-content\/uploads\/2025\/06\/WhatsApp-Image-2025-06-12-at-20.46.53-696x928.jpeg 696w, https:\/\/modoviajeok.com.ar\/wp-content\/uploads\/2025\/06\/WhatsApp-Image-2025-06-12-at-20.46.53-1068x1424.jpeg 1068w\" sizes=\"auto, (max-width: 1200px) 100vw, 1200px\" \/><\/figure>\n\n\n\n<p>Todo era alegr\u00eda y surrealidad&nbsp;<\/p>\n\n\n\n<p>Sent\u00ed muy adentro m\u00edo que yo ya hab\u00eda estado en esta tierra<\/p>\n\n\n\n<p>Como si viniera un recuerdo de otra vida<\/p>\n\n\n\n<p>Otra vez,&nbsp;<\/p>\n\n\n\n<p>como caminando esa noche juntos escuchando fado por la rambla de Almada<\/p>\n\n\n\n<p>Llueve sobre la ventana de mi casa en Buenos Aires<\/p>\n\n\n\n<p>el sombrero vietnamita de Romenia adorna la ventana que da al jard\u00edn<\/p>\n\n\n\n<p>El vidrio est\u00e1 empa\u00f1ado de lluvia<\/p>\n\n\n\n<p>Siento que ya no s\u00e9 d\u00f3nde quiero vivir ni donde quiero estar<\/p>\n\n\n\n<p>Siento que quiz\u00e1s Buenos Aires ya no sea mi lugar<\/p>\n\n\n\n<p>Quiero seguir expandi\u00e9ndome por el mundo&nbsp;<\/p>\n\n\n\n<p>sentir los soles de todas las tierras<\/p>\n\n\n\n<p>Que entrelazan mi ancestralidad<\/p>\n\n\n\n<p>Sentir las variaciones de la luz en cada latitud&nbsp;<\/p>\n\n\n\n<figure class=\"wp-block-image size-full\"><img loading=\"lazy\" decoding=\"async\" width=\"1200\" height=\"1600\" src=\"https:\/\/modoviajeok.com.ar\/wp-content\/uploads\/2025\/06\/WhatsApp-Image-2025-06-12-at-20.47.45.jpeg\" alt=\"\" class=\"wp-image-4273\" srcset=\"https:\/\/modoviajeok.com.ar\/wp-content\/uploads\/2025\/06\/WhatsApp-Image-2025-06-12-at-20.47.45.jpeg 1200w, https:\/\/modoviajeok.com.ar\/wp-content\/uploads\/2025\/06\/WhatsApp-Image-2025-06-12-at-20.47.45-768x1024.jpeg 768w, https:\/\/modoviajeok.com.ar\/wp-content\/uploads\/2025\/06\/WhatsApp-Image-2025-06-12-at-20.47.45-1152x1536.jpeg 1152w, https:\/\/modoviajeok.com.ar\/wp-content\/uploads\/2025\/06\/WhatsApp-Image-2025-06-12-at-20.47.45-315x420.jpeg 315w, https:\/\/modoviajeok.com.ar\/wp-content\/uploads\/2025\/06\/WhatsApp-Image-2025-06-12-at-20.47.45-150x200.jpeg 150w, https:\/\/modoviajeok.com.ar\/wp-content\/uploads\/2025\/06\/WhatsApp-Image-2025-06-12-at-20.47.45-300x400.jpeg 300w, https:\/\/modoviajeok.com.ar\/wp-content\/uploads\/2025\/06\/WhatsApp-Image-2025-06-12-at-20.47.45-696x928.jpeg 696w, https:\/\/modoviajeok.com.ar\/wp-content\/uploads\/2025\/06\/WhatsApp-Image-2025-06-12-at-20.47.45-1068x1424.jpeg 1068w\" sizes=\"auto, (max-width: 1200px) 100vw, 1200px\" \/><\/figure>\n\n\n\n<p>la extensi\u00f3n de la tierra entera transformarse<\/p>\n\n\n\n<p>En otra tierra a trav\u00e9s del camino<\/p>\n\n\n\n<p>Quiero seguir viajando,&nbsp;&nbsp;<\/p>\n\n\n\n<p>Conectar los amores, la familia y la gente<\/p>\n\n\n\n<p>no como le pas\u00f3 a pap\u00e1<\/p>\n\n\n\n<p>Preciso encontrar la tierra que me pertenece<\/p>\n\n\n\n<p>La serenidad que haga crecer las flores<\/p>\n\n\n\n<p>Hacer crecer una ra\u00edz radiante donde descansar<\/p>\n\n\n\n<figure class=\"wp-block-image size-full\"><img loading=\"lazy\" decoding=\"async\" width=\"1200\" height=\"1600\" src=\"https:\/\/modoviajeok.com.ar\/wp-content\/uploads\/2025\/06\/WhatsApp-Image-2025-06-12-at-20.48.11.jpeg\" alt=\"\" class=\"wp-image-4274\" srcset=\"https:\/\/modoviajeok.com.ar\/wp-content\/uploads\/2025\/06\/WhatsApp-Image-2025-06-12-at-20.48.11.jpeg 1200w, https:\/\/modoviajeok.com.ar\/wp-content\/uploads\/2025\/06\/WhatsApp-Image-2025-06-12-at-20.48.11-768x1024.jpeg 768w, https:\/\/modoviajeok.com.ar\/wp-content\/uploads\/2025\/06\/WhatsApp-Image-2025-06-12-at-20.48.11-1152x1536.jpeg 1152w, https:\/\/modoviajeok.com.ar\/wp-content\/uploads\/2025\/06\/WhatsApp-Image-2025-06-12-at-20.48.11-315x420.jpeg 315w, https:\/\/modoviajeok.com.ar\/wp-content\/uploads\/2025\/06\/WhatsApp-Image-2025-06-12-at-20.48.11-150x200.jpeg 150w, https:\/\/modoviajeok.com.ar\/wp-content\/uploads\/2025\/06\/WhatsApp-Image-2025-06-12-at-20.48.11-300x400.jpeg 300w, https:\/\/modoviajeok.com.ar\/wp-content\/uploads\/2025\/06\/WhatsApp-Image-2025-06-12-at-20.48.11-696x928.jpeg 696w, https:\/\/modoviajeok.com.ar\/wp-content\/uploads\/2025\/06\/WhatsApp-Image-2025-06-12-at-20.48.11-1068x1424.jpeg 1068w\" sizes=\"auto, (max-width: 1200px) 100vw, 1200px\" \/><\/figure>\n\n\n\n<p>Sentir que con certeza elijo<\/p>\n\n\n\n<p>un hogar donde quedarme un tiempo<\/p>\n\n\n\n<p>ir y venir del mundo y poder crear.<\/p>\n\n\n\n<p><em><strong>ESTE TEXTO FUE COMPARTIDO POR LA AUTORA EN EL ENCUENTRO \u00abNO SOMOS ISLAS\u00bb, EN LA CIUDAD DE C\u00d3RDOBA, ARGENTINA. ORGANIZADO POR LUCIANA BEDINI (<a href=\"https:\/\/potenciaeditora.com\/\">POTENCIA EDITORA<\/a>), FLOR DONADI (C\u00c1TEDRA LIBRE DE CULTURA BRASILE\u00d1A DE LA FACULTAD DE FILOSOF\u00cdA Y HUMANIDADES DE LA UNC) Y VICTORIA LUNA (LICENCIADA EN TURISMO Y GESTORA CULTURAL)<\/strong><\/em><\/p>\n","protected":false},"excerpt":{"rendered":"<p>Pedimos permiso a Exu y Oxossi para abrir los caminos y entrar en la mata. Bajamos con el machete hasta el ca\u00f1averal a cortar ca\u00f1as para llevar a casa de t\u00eda Sao. Llegamos hasta la \u00faltima de las cachoeiras a trav\u00e9s de un largo camino poblado de distintas especies de \u00e1rboles y plantas, y mientras [&hellip;]<\/p>\n","protected":false},"author":2,"featured_media":4271,"comment_status":"open","ping_status":"open","sticky":false,"template":"","format":"standard","meta":{"_acf_changed":false,"footnotes":""},"categories":[19,2,9],"tags":[53,1007,73,1011,1010,1008,1009],"class_list":{"0":"post-4260","1":"post","2":"type-post","3":"status-publish","4":"format-standard","5":"has-post-thumbnail","7":"category-contanos-tu-viaje","8":"category-destacadas","9":"category-mundo","10":"tag-africa","11":"tag-angola","12":"tag-brasil","13":"tag-esclavitud","14":"tag-lisboa","15":"tag-mina-gerais","16":"tag-portugal"},"acf":[],"yoast_head":"<!-- This site is optimized with the Yoast SEO plugin v24.8.1 - https:\/\/yoast.com\/wordpress\/plugins\/seo\/ -->\n<title>Angola, Portugal, Brasil y Argentina: un viaje a la ancestralidad -<\/title>\n<meta name=\"description\" content=\"Desde la bisabuela esclava angole\u00f1a hasta Buenos Aires, pasando por Mina Gerais y Lisboa. La historia familiar que rescata sus ra\u00edces.\" \/>\n<meta name=\"robots\" content=\"index, follow, max-snippet:-1, max-image-preview:large, max-video-preview:-1\" \/>\n<link rel=\"canonical\" href=\"https:\/\/modoviajeok.com.ar\/index.php\/2025\/06\/25\/angola-portugal-brasil-y-argentina-un-viaje-a-la-ancestralidad\/\" \/>\n<meta property=\"og:locale\" content=\"es_ES\" \/>\n<meta property=\"og:type\" content=\"article\" \/>\n<meta property=\"og:title\" content=\"Angola, Portugal, Brasil y Argentina: un viaje a la ancestralidad -\" \/>\n<meta property=\"og:description\" content=\"Desde la bisabuela esclava angole\u00f1a hasta Buenos Aires, pasando por Mina Gerais y Lisboa. La historia familiar que rescata sus ra\u00edces.\" \/>\n<meta property=\"og:url\" content=\"https:\/\/modoviajeok.com.ar\/index.php\/2025\/06\/25\/angola-portugal-brasil-y-argentina-un-viaje-a-la-ancestralidad\/\" \/>\n<meta property=\"article:publisher\" content=\"https:\/\/www.facebook.com\/mariana.otero1\/\" \/>\n<meta property=\"article:published_time\" content=\"2025-06-25T13:07:25+00:00\" \/>\n<meta property=\"article:modified_time\" content=\"2025-07-08T22:22:29+00:00\" \/>\n<meta property=\"og:image\" content=\"https:\/\/modoviajeok.com.ar\/wp-content\/uploads\/2025\/06\/WhatsApp-Image-2025-06-12-at-20.46.29.jpeg\" \/>\n\t<meta property=\"og:image:width\" content=\"1200\" \/>\n\t<meta property=\"og:image:height\" content=\"1600\" \/>\n\t<meta property=\"og:image:type\" content=\"image\/jpeg\" \/>\n<meta name=\"author\" content=\"Mariana Otero\" \/>\n<meta name=\"twitter:card\" content=\"summary_large_image\" \/>\n<meta name=\"twitter:label1\" content=\"Escrito por\" \/>\n\t<meta name=\"twitter:data1\" content=\"Mariana Otero\" \/>\n\t<meta name=\"twitter:label2\" content=\"Tiempo de lectura\" \/>\n\t<meta name=\"twitter:data2\" content=\"14 minutos\" \/>\n<script type=\"application\/ld+json\" class=\"yoast-schema-graph\">{\"@context\":\"https:\/\/schema.org\",\"@graph\":[{\"@type\":\"Article\",\"@id\":\"https:\/\/modoviajeok.com.ar\/index.php\/2025\/06\/25\/angola-portugal-brasil-y-argentina-un-viaje-a-la-ancestralidad\/#article\",\"isPartOf\":{\"@id\":\"https:\/\/modoviajeok.com.ar\/index.php\/2025\/06\/25\/angola-portugal-brasil-y-argentina-un-viaje-a-la-ancestralidad\/\"},\"author\":{\"name\":\"Mariana Otero\",\"@id\":\"https:\/\/modoviajeok.com.ar\/#\/schema\/person\/1187013488537969db5b1320484d24f4\"},\"headline\":\"Angola, Portugal, Brasil y Argentina: un viaje a la ancestralidad\",\"datePublished\":\"2025-06-25T13:07:25+00:00\",\"dateModified\":\"2025-07-08T22:22:29+00:00\",\"mainEntityOfPage\":{\"@id\":\"https:\/\/modoviajeok.com.ar\/index.php\/2025\/06\/25\/angola-portugal-brasil-y-argentina-un-viaje-a-la-ancestralidad\/\"},\"wordCount\":2567,\"commentCount\":0,\"publisher\":{\"@id\":\"https:\/\/modoviajeok.com.ar\/#organization\"},\"image\":{\"@id\":\"https:\/\/modoviajeok.com.ar\/index.php\/2025\/06\/25\/angola-portugal-brasil-y-argentina-un-viaje-a-la-ancestralidad\/#primaryimage\"},\"thumbnailUrl\":\"https:\/\/modoviajeok.com.ar\/wp-content\/uploads\/2025\/06\/WhatsApp-Image-2025-06-12-at-20.46.29.jpeg\",\"keywords\":[\"\u00e1frica\",\"angola\",\"brasil\",\"esclavitud\",\"lisboa\",\"mina gerais\",\"portugal\"],\"articleSection\":[\"Contanos tu viaje\",\"Destacadas\",\"Mundo\"],\"inLanguage\":\"es\",\"potentialAction\":[{\"@type\":\"CommentAction\",\"name\":\"Comment\",\"target\":[\"https:\/\/modoviajeok.com.ar\/index.php\/2025\/06\/25\/angola-portugal-brasil-y-argentina-un-viaje-a-la-ancestralidad\/#respond\"]}]},{\"@type\":\"WebPage\",\"@id\":\"https:\/\/modoviajeok.com.ar\/index.php\/2025\/06\/25\/angola-portugal-brasil-y-argentina-un-viaje-a-la-ancestralidad\/\",\"url\":\"https:\/\/modoviajeok.com.ar\/index.php\/2025\/06\/25\/angola-portugal-brasil-y-argentina-un-viaje-a-la-ancestralidad\/\",\"name\":\"Angola, Portugal, Brasil y Argentina: un viaje a la ancestralidad -\",\"isPartOf\":{\"@id\":\"https:\/\/modoviajeok.com.ar\/#website\"},\"primaryImageOfPage\":{\"@id\":\"https:\/\/modoviajeok.com.ar\/index.php\/2025\/06\/25\/angola-portugal-brasil-y-argentina-un-viaje-a-la-ancestralidad\/#primaryimage\"},\"image\":{\"@id\":\"https:\/\/modoviajeok.com.ar\/index.php\/2025\/06\/25\/angola-portugal-brasil-y-argentina-un-viaje-a-la-ancestralidad\/#primaryimage\"},\"thumbnailUrl\":\"https:\/\/modoviajeok.com.ar\/wp-content\/uploads\/2025\/06\/WhatsApp-Image-2025-06-12-at-20.46.29.jpeg\",\"datePublished\":\"2025-06-25T13:07:25+00:00\",\"dateModified\":\"2025-07-08T22:22:29+00:00\",\"description\":\"Desde la bisabuela esclava angole\u00f1a hasta Buenos Aires, pasando por Mina Gerais y Lisboa. La historia familiar que rescata sus ra\u00edces.\",\"breadcrumb\":{\"@id\":\"https:\/\/modoviajeok.com.ar\/index.php\/2025\/06\/25\/angola-portugal-brasil-y-argentina-un-viaje-a-la-ancestralidad\/#breadcrumb\"},\"inLanguage\":\"es\",\"potentialAction\":[{\"@type\":\"ReadAction\",\"target\":[\"https:\/\/modoviajeok.com.ar\/index.php\/2025\/06\/25\/angola-portugal-brasil-y-argentina-un-viaje-a-la-ancestralidad\/\"]}]},{\"@type\":\"ImageObject\",\"inLanguage\":\"es\",\"@id\":\"https:\/\/modoviajeok.com.ar\/index.php\/2025\/06\/25\/angola-portugal-brasil-y-argentina-un-viaje-a-la-ancestralidad\/#primaryimage\",\"url\":\"https:\/\/modoviajeok.com.ar\/wp-content\/uploads\/2025\/06\/WhatsApp-Image-2025-06-12-at-20.46.29.jpeg\",\"contentUrl\":\"https:\/\/modoviajeok.com.ar\/wp-content\/uploads\/2025\/06\/WhatsApp-Image-2025-06-12-at-20.46.29.jpeg\",\"width\":1200,\"height\":1600},{\"@type\":\"BreadcrumbList\",\"@id\":\"https:\/\/modoviajeok.com.ar\/index.php\/2025\/06\/25\/angola-portugal-brasil-y-argentina-un-viaje-a-la-ancestralidad\/#breadcrumb\",\"itemListElement\":[{\"@type\":\"ListItem\",\"position\":1,\"name\":\"Portada\",\"item\":\"https:\/\/modoviajeok.com.ar\/\"},{\"@type\":\"ListItem\",\"position\":2,\"name\":\"Angola, Portugal, Brasil y Argentina: un viaje a la ancestralidad\"}]},{\"@type\":\"WebSite\",\"@id\":\"https:\/\/modoviajeok.com.ar\/#website\",\"url\":\"https:\/\/modoviajeok.com.ar\/\",\"name\":\"ModoViajeOK\",\"description\":\"\",\"publisher\":{\"@id\":\"https:\/\/modoviajeok.com.ar\/#organization\"},\"potentialAction\":[{\"@type\":\"SearchAction\",\"target\":{\"@type\":\"EntryPoint\",\"urlTemplate\":\"https:\/\/modoviajeok.com.ar\/?s={search_term_string}\"},\"query-input\":{\"@type\":\"PropertyValueSpecification\",\"valueRequired\":true,\"valueName\":\"search_term_string\"}}],\"inLanguage\":\"es\"},{\"@type\":\"Organization\",\"@id\":\"https:\/\/modoviajeok.com.ar\/#organization\",\"name\":\"ModoViajeOK\",\"url\":\"https:\/\/modoviajeok.com.ar\/\",\"logo\":{\"@type\":\"ImageObject\",\"inLanguage\":\"es\",\"@id\":\"https:\/\/modoviajeok.com.ar\/#\/schema\/logo\/image\/\",\"url\":\"https:\/\/modoviajeok.com.ar\/wp-content\/uploads\/2025\/01\/Logo-modoviajeok.png\",\"contentUrl\":\"https:\/\/modoviajeok.com.ar\/wp-content\/uploads\/2025\/01\/Logo-modoviajeok.png\",\"width\":2938,\"height\":2276,\"caption\":\"ModoViajeOK\"},\"image\":{\"@id\":\"https:\/\/modoviajeok.com.ar\/#\/schema\/logo\/image\/\"},\"sameAs\":[\"https:\/\/www.facebook.com\/mariana.otero1\/\",\"https:\/\/www.instagram.com\/modoviaje.ok\/\"]},{\"@type\":\"Person\",\"@id\":\"https:\/\/modoviajeok.com.ar\/#\/schema\/person\/1187013488537969db5b1320484d24f4\",\"name\":\"Mariana Otero\",\"image\":{\"@type\":\"ImageObject\",\"inLanguage\":\"es\",\"@id\":\"https:\/\/modoviajeok.com.ar\/#\/schema\/person\/image\/\",\"url\":\"https:\/\/secure.gravatar.com\/avatar\/8a91a502a9336849a3500b9090c431bc1418f1d1263d893afeddba065f5add82?s=96&d=mm&r=g\",\"contentUrl\":\"https:\/\/secure.gravatar.com\/avatar\/8a91a502a9336849a3500b9090c431bc1418f1d1263d893afeddba065f5add82?s=96&d=mm&r=g\",\"caption\":\"Mariana Otero\"},\"url\":\"https:\/\/modoviajeok.com.ar\/index.php\/author\/mariana2025\/\"}]}<\/script>\n<!-- \/ Yoast SEO plugin. -->","yoast_head_json":{"title":"Angola, Portugal, Brasil y Argentina: un viaje a la ancestralidad -","description":"Desde la bisabuela esclava angole\u00f1a hasta Buenos Aires, pasando por Mina Gerais y Lisboa. La historia familiar que rescata sus ra\u00edces.","robots":{"index":"index","follow":"follow","max-snippet":"max-snippet:-1","max-image-preview":"max-image-preview:large","max-video-preview":"max-video-preview:-1"},"canonical":"https:\/\/modoviajeok.com.ar\/index.php\/2025\/06\/25\/angola-portugal-brasil-y-argentina-un-viaje-a-la-ancestralidad\/","og_locale":"es_ES","og_type":"article","og_title":"Angola, Portugal, Brasil y Argentina: un viaje a la ancestralidad -","og_description":"Desde la bisabuela esclava angole\u00f1a hasta Buenos Aires, pasando por Mina Gerais y Lisboa. La historia familiar que rescata sus ra\u00edces.","og_url":"https:\/\/modoviajeok.com.ar\/index.php\/2025\/06\/25\/angola-portugal-brasil-y-argentina-un-viaje-a-la-ancestralidad\/","article_publisher":"https:\/\/www.facebook.com\/mariana.otero1\/","article_published_time":"2025-06-25T13:07:25+00:00","article_modified_time":"2025-07-08T22:22:29+00:00","og_image":[{"width":1200,"height":1600,"url":"https:\/\/modoviajeok.com.ar\/wp-content\/uploads\/2025\/06\/WhatsApp-Image-2025-06-12-at-20.46.29.jpeg","type":"image\/jpeg"}],"author":"Mariana Otero","twitter_card":"summary_large_image","twitter_misc":{"Escrito por":"Mariana Otero","Tiempo de lectura":"14 minutos"},"schema":{"@context":"https:\/\/schema.org","@graph":[{"@type":"Article","@id":"https:\/\/modoviajeok.com.ar\/index.php\/2025\/06\/25\/angola-portugal-brasil-y-argentina-un-viaje-a-la-ancestralidad\/#article","isPartOf":{"@id":"https:\/\/modoviajeok.com.ar\/index.php\/2025\/06\/25\/angola-portugal-brasil-y-argentina-un-viaje-a-la-ancestralidad\/"},"author":{"name":"Mariana Otero","@id":"https:\/\/modoviajeok.com.ar\/#\/schema\/person\/1187013488537969db5b1320484d24f4"},"headline":"Angola, Portugal, Brasil y Argentina: un viaje a la ancestralidad","datePublished":"2025-06-25T13:07:25+00:00","dateModified":"2025-07-08T22:22:29+00:00","mainEntityOfPage":{"@id":"https:\/\/modoviajeok.com.ar\/index.php\/2025\/06\/25\/angola-portugal-brasil-y-argentina-un-viaje-a-la-ancestralidad\/"},"wordCount":2567,"commentCount":0,"publisher":{"@id":"https:\/\/modoviajeok.com.ar\/#organization"},"image":{"@id":"https:\/\/modoviajeok.com.ar\/index.php\/2025\/06\/25\/angola-portugal-brasil-y-argentina-un-viaje-a-la-ancestralidad\/#primaryimage"},"thumbnailUrl":"https:\/\/modoviajeok.com.ar\/wp-content\/uploads\/2025\/06\/WhatsApp-Image-2025-06-12-at-20.46.29.jpeg","keywords":["\u00e1frica","angola","brasil","esclavitud","lisboa","mina gerais","portugal"],"articleSection":["Contanos tu viaje","Destacadas","Mundo"],"inLanguage":"es","potentialAction":[{"@type":"CommentAction","name":"Comment","target":["https:\/\/modoviajeok.com.ar\/index.php\/2025\/06\/25\/angola-portugal-brasil-y-argentina-un-viaje-a-la-ancestralidad\/#respond"]}]},{"@type":"WebPage","@id":"https:\/\/modoviajeok.com.ar\/index.php\/2025\/06\/25\/angola-portugal-brasil-y-argentina-un-viaje-a-la-ancestralidad\/","url":"https:\/\/modoviajeok.com.ar\/index.php\/2025\/06\/25\/angola-portugal-brasil-y-argentina-un-viaje-a-la-ancestralidad\/","name":"Angola, Portugal, Brasil y Argentina: un viaje a la ancestralidad -","isPartOf":{"@id":"https:\/\/modoviajeok.com.ar\/#website"},"primaryImageOfPage":{"@id":"https:\/\/modoviajeok.com.ar\/index.php\/2025\/06\/25\/angola-portugal-brasil-y-argentina-un-viaje-a-la-ancestralidad\/#primaryimage"},"image":{"@id":"https:\/\/modoviajeok.com.ar\/index.php\/2025\/06\/25\/angola-portugal-brasil-y-argentina-un-viaje-a-la-ancestralidad\/#primaryimage"},"thumbnailUrl":"https:\/\/modoviajeok.com.ar\/wp-content\/uploads\/2025\/06\/WhatsApp-Image-2025-06-12-at-20.46.29.jpeg","datePublished":"2025-06-25T13:07:25+00:00","dateModified":"2025-07-08T22:22:29+00:00","description":"Desde la bisabuela esclava angole\u00f1a hasta Buenos Aires, pasando por Mina Gerais y Lisboa. La historia familiar que rescata sus ra\u00edces.","breadcrumb":{"@id":"https:\/\/modoviajeok.com.ar\/index.php\/2025\/06\/25\/angola-portugal-brasil-y-argentina-un-viaje-a-la-ancestralidad\/#breadcrumb"},"inLanguage":"es","potentialAction":[{"@type":"ReadAction","target":["https:\/\/modoviajeok.com.ar\/index.php\/2025\/06\/25\/angola-portugal-brasil-y-argentina-un-viaje-a-la-ancestralidad\/"]}]},{"@type":"ImageObject","inLanguage":"es","@id":"https:\/\/modoviajeok.com.ar\/index.php\/2025\/06\/25\/angola-portugal-brasil-y-argentina-un-viaje-a-la-ancestralidad\/#primaryimage","url":"https:\/\/modoviajeok.com.ar\/wp-content\/uploads\/2025\/06\/WhatsApp-Image-2025-06-12-at-20.46.29.jpeg","contentUrl":"https:\/\/modoviajeok.com.ar\/wp-content\/uploads\/2025\/06\/WhatsApp-Image-2025-06-12-at-20.46.29.jpeg","width":1200,"height":1600},{"@type":"BreadcrumbList","@id":"https:\/\/modoviajeok.com.ar\/index.php\/2025\/06\/25\/angola-portugal-brasil-y-argentina-un-viaje-a-la-ancestralidad\/#breadcrumb","itemListElement":[{"@type":"ListItem","position":1,"name":"Portada","item":"https:\/\/modoviajeok.com.ar\/"},{"@type":"ListItem","position":2,"name":"Angola, Portugal, Brasil y Argentina: un viaje a la ancestralidad"}]},{"@type":"WebSite","@id":"https:\/\/modoviajeok.com.ar\/#website","url":"https:\/\/modoviajeok.com.ar\/","name":"ModoViajeOK","description":"","publisher":{"@id":"https:\/\/modoviajeok.com.ar\/#organization"},"potentialAction":[{"@type":"SearchAction","target":{"@type":"EntryPoint","urlTemplate":"https:\/\/modoviajeok.com.ar\/?s={search_term_string}"},"query-input":{"@type":"PropertyValueSpecification","valueRequired":true,"valueName":"search_term_string"}}],"inLanguage":"es"},{"@type":"Organization","@id":"https:\/\/modoviajeok.com.ar\/#organization","name":"ModoViajeOK","url":"https:\/\/modoviajeok.com.ar\/","logo":{"@type":"ImageObject","inLanguage":"es","@id":"https:\/\/modoviajeok.com.ar\/#\/schema\/logo\/image\/","url":"https:\/\/modoviajeok.com.ar\/wp-content\/uploads\/2025\/01\/Logo-modoviajeok.png","contentUrl":"https:\/\/modoviajeok.com.ar\/wp-content\/uploads\/2025\/01\/Logo-modoviajeok.png","width":2938,"height":2276,"caption":"ModoViajeOK"},"image":{"@id":"https:\/\/modoviajeok.com.ar\/#\/schema\/logo\/image\/"},"sameAs":["https:\/\/www.facebook.com\/mariana.otero1\/","https:\/\/www.instagram.com\/modoviaje.ok\/"]},{"@type":"Person","@id":"https:\/\/modoviajeok.com.ar\/#\/schema\/person\/1187013488537969db5b1320484d24f4","name":"Mariana Otero","image":{"@type":"ImageObject","inLanguage":"es","@id":"https:\/\/modoviajeok.com.ar\/#\/schema\/person\/image\/","url":"https:\/\/secure.gravatar.com\/avatar\/8a91a502a9336849a3500b9090c431bc1418f1d1263d893afeddba065f5add82?s=96&d=mm&r=g","contentUrl":"https:\/\/secure.gravatar.com\/avatar\/8a91a502a9336849a3500b9090c431bc1418f1d1263d893afeddba065f5add82?s=96&d=mm&r=g","caption":"Mariana Otero"},"url":"https:\/\/modoviajeok.com.ar\/index.php\/author\/mariana2025\/"}]}},"_links":{"self":[{"href":"https:\/\/modoviajeok.com.ar\/index.php\/wp-json\/wp\/v2\/posts\/4260","targetHints":{"allow":["GET"]}}],"collection":[{"href":"https:\/\/modoviajeok.com.ar\/index.php\/wp-json\/wp\/v2\/posts"}],"about":[{"href":"https:\/\/modoviajeok.com.ar\/index.php\/wp-json\/wp\/v2\/types\/post"}],"author":[{"embeddable":true,"href":"https:\/\/modoviajeok.com.ar\/index.php\/wp-json\/wp\/v2\/users\/2"}],"replies":[{"embeddable":true,"href":"https:\/\/modoviajeok.com.ar\/index.php\/wp-json\/wp\/v2\/comments?post=4260"}],"version-history":[{"count":3,"href":"https:\/\/modoviajeok.com.ar\/index.php\/wp-json\/wp\/v2\/posts\/4260\/revisions"}],"predecessor-version":[{"id":4278,"href":"https:\/\/modoviajeok.com.ar\/index.php\/wp-json\/wp\/v2\/posts\/4260\/revisions\/4278"}],"wp:featuredmedia":[{"embeddable":true,"href":"https:\/\/modoviajeok.com.ar\/index.php\/wp-json\/wp\/v2\/media\/4271"}],"wp:attachment":[{"href":"https:\/\/modoviajeok.com.ar\/index.php\/wp-json\/wp\/v2\/media?parent=4260"}],"wp:term":[{"taxonomy":"category","embeddable":true,"href":"https:\/\/modoviajeok.com.ar\/index.php\/wp-json\/wp\/v2\/categories?post=4260"},{"taxonomy":"post_tag","embeddable":true,"href":"https:\/\/modoviajeok.com.ar\/index.php\/wp-json\/wp\/v2\/tags?post=4260"}],"curies":[{"name":"wp","href":"https:\/\/api.w.org\/{rel}","templated":true}]}}