{"id":4279,"date":"2025-06-14T08:51:20","date_gmt":"2025-06-14T11:51:20","guid":{"rendered":"https:\/\/modoviajeok.com.ar\/?p=4279"},"modified":"2025-06-14T09:58:41","modified_gmt":"2025-06-14T12:58:41","slug":"no-somos-islas-un-entramado-poetico-que-une-a-brasil-y-argentina","status":"publish","type":"post","link":"https:\/\/modoviajeok.com.ar\/index.php\/2025\/06\/14\/no-somos-islas-un-entramado-poetico-que-une-a-brasil-y-argentina\/","title":{"rendered":"No somos islas: un entramado po\u00e9tico que une a Brasil y Argentina\u00a0"},"content":{"rendered":"\n<p><\/p>\n\n\n\n<p>S\u00e1bado 7 de junio de 2025. El oto\u00f1o se cuela por las ventanas del Centro Cultural Casa de Pepino pasado el mediod\u00eda; hay sol afuera y sol adentro. La antigua casa de barrio G\u00fcemes, en la ciudad de C\u00f3rdoba (Argentina) re\u00fane a un grupo de mujeres argentinas y brasile\u00f1as empe\u00f1adas en intercambiar saberes y compartir identidades culturales. No somos islas, dice la convocatoria de este ciclo de comuni\u00f3n en torno a la palabra.<\/p>\n\n\n\n<figure class=\"wp-block-image size-full\"><img loading=\"lazy\" decoding=\"async\" width=\"1200\" height=\"1600\" src=\"https:\/\/modoviajeok.com.ar\/wp-content\/uploads\/2025\/06\/WhatsApp-Image-2025-06-13-at-10.22.01.jpeg\" alt=\"\" class=\"wp-image-4281\" srcset=\"https:\/\/modoviajeok.com.ar\/wp-content\/uploads\/2025\/06\/WhatsApp-Image-2025-06-13-at-10.22.01.jpeg 1200w, https:\/\/modoviajeok.com.ar\/wp-content\/uploads\/2025\/06\/WhatsApp-Image-2025-06-13-at-10.22.01-768x1024.jpeg 768w, https:\/\/modoviajeok.com.ar\/wp-content\/uploads\/2025\/06\/WhatsApp-Image-2025-06-13-at-10.22.01-1152x1536.jpeg 1152w, https:\/\/modoviajeok.com.ar\/wp-content\/uploads\/2025\/06\/WhatsApp-Image-2025-06-13-at-10.22.01-315x420.jpeg 315w, https:\/\/modoviajeok.com.ar\/wp-content\/uploads\/2025\/06\/WhatsApp-Image-2025-06-13-at-10.22.01-150x200.jpeg 150w, https:\/\/modoviajeok.com.ar\/wp-content\/uploads\/2025\/06\/WhatsApp-Image-2025-06-13-at-10.22.01-300x400.jpeg 300w, https:\/\/modoviajeok.com.ar\/wp-content\/uploads\/2025\/06\/WhatsApp-Image-2025-06-13-at-10.22.01-696x928.jpeg 696w, https:\/\/modoviajeok.com.ar\/wp-content\/uploads\/2025\/06\/WhatsApp-Image-2025-06-13-at-10.22.01-1068x1424.jpeg 1068w\" sizes=\"auto, (max-width: 1200px) 100vw, 1200px\" \/><\/figure>\n\n\n\n<p>Lo producen Luciana Bedini (Potencia Editora), Flor Donadi (C\u00e1tedra Libre de Cultura Brasile\u00f1a de la Facultad de Filosof\u00eda y Humanidades de la UNC) y Victoria Luna (licenciada en turismo y gestora cultural). Es un proyecto colaborativo junto a Flotar (Brasil\/M\u00e9xico).&nbsp;<\/p>\n\n\n\n<p>La invitaci\u00f3n sugestiva es a entramar mundos, a tejer po\u00e9ticas de cuidado.&nbsp;<\/p>\n\n\n\n<figure class=\"wp-block-image size-full\"><img loading=\"lazy\" decoding=\"async\" width=\"1600\" height=\"897\" src=\"https:\/\/modoviajeok.com.ar\/wp-content\/uploads\/2025\/06\/WhatsApp-Image-2025-06-13-at-10.22.05-1.jpeg\" alt=\"\" class=\"wp-image-4282\" srcset=\"https:\/\/modoviajeok.com.ar\/wp-content\/uploads\/2025\/06\/WhatsApp-Image-2025-06-13-at-10.22.05-1.jpeg 1600w, https:\/\/modoviajeok.com.ar\/wp-content\/uploads\/2025\/06\/WhatsApp-Image-2025-06-13-at-10.22.05-1-768x431.jpeg 768w, https:\/\/modoviajeok.com.ar\/wp-content\/uploads\/2025\/06\/WhatsApp-Image-2025-06-13-at-10.22.05-1-1536x861.jpeg 1536w, https:\/\/modoviajeok.com.ar\/wp-content\/uploads\/2025\/06\/WhatsApp-Image-2025-06-13-at-10.22.05-1-749x420.jpeg 749w, https:\/\/modoviajeok.com.ar\/wp-content\/uploads\/2025\/06\/WhatsApp-Image-2025-06-13-at-10.22.05-1-150x84.jpeg 150w, https:\/\/modoviajeok.com.ar\/wp-content\/uploads\/2025\/06\/WhatsApp-Image-2025-06-13-at-10.22.05-1-300x168.jpeg 300w, https:\/\/modoviajeok.com.ar\/wp-content\/uploads\/2025\/06\/WhatsApp-Image-2025-06-13-at-10.22.05-1-696x390.jpeg 696w, https:\/\/modoviajeok.com.ar\/wp-content\/uploads\/2025\/06\/WhatsApp-Image-2025-06-13-at-10.22.05-1-1068x599.jpeg 1068w\" sizes=\"auto, (max-width: 1600px) 100vw, 1600px\" \/><\/figure>\n\n\n\n<p>Est\u00e1 todo preparado en la sala. Al fondo, un grupo de mujeres conversa y r\u00ede. Circula el mate. A las 12.30, Anah\u00ed Eleuterio -m\u00fasica, fot\u00f3grafa y escritora aficionada- comienza a cantar en portugu\u00e9s con esa cadencia seductora&nbsp; de nuestros vecinos. Las voces de atr\u00e1s se van apagando de a poco: los sonidos aplacan el ruido. Anah\u00ed tiene ascendencia portuguesa y brasile\u00f1a. Se ve tan bellamente brasile\u00f1a\u2026 Su abuela era una esclava angole\u00f1a que fue vendida en Lisboa, Portugal. Eso lo contar\u00e1 m\u00e1s tarde, en su turno de lecturas autobiogr\u00e1ficas y canciones.<\/p>\n\n\n\n<figure class=\"wp-block-image size-full\"><img loading=\"lazy\" decoding=\"async\" width=\"960\" height=\"1280\" src=\"https:\/\/modoviajeok.com.ar\/wp-content\/uploads\/2025\/06\/WhatsApp-Image-2025-06-13-at-10.22.02-1.jpeg\" alt=\"\" class=\"wp-image-4283\" srcset=\"https:\/\/modoviajeok.com.ar\/wp-content\/uploads\/2025\/06\/WhatsApp-Image-2025-06-13-at-10.22.02-1.jpeg 960w, https:\/\/modoviajeok.com.ar\/wp-content\/uploads\/2025\/06\/WhatsApp-Image-2025-06-13-at-10.22.02-1-768x1024.jpeg 768w, https:\/\/modoviajeok.com.ar\/wp-content\/uploads\/2025\/06\/WhatsApp-Image-2025-06-13-at-10.22.02-1-315x420.jpeg 315w, https:\/\/modoviajeok.com.ar\/wp-content\/uploads\/2025\/06\/WhatsApp-Image-2025-06-13-at-10.22.02-1-150x200.jpeg 150w, https:\/\/modoviajeok.com.ar\/wp-content\/uploads\/2025\/06\/WhatsApp-Image-2025-06-13-at-10.22.02-1-300x400.jpeg 300w, https:\/\/modoviajeok.com.ar\/wp-content\/uploads\/2025\/06\/WhatsApp-Image-2025-06-13-at-10.22.02-1-696x928.jpeg 696w\" sizes=\"auto, (max-width: 960px) 100vw, 960px\" \/><\/figure>\n\n\n\n<p>Luciana da la bienvenida. Cuenta que es el segundo a\u00f1o del ciclo No somos islas, un espacio que convoca a mujeres de Brasil y de Argentina para \u201cconstruir cultura\u201d, compartir el arte y la literatura que no siempre llega.<\/p>\n\n\n\n<p>Habla de redes, de palabras, de conexiones para entender c\u00f3mo estamos y para no sentirnos solos \u201ccon el peso de la vida\u201d.&nbsp;<\/p>\n\n\n\n<p>Flor Donadi toma la posta. Habla del entramado que fortalece, de la idea del cuidado como una po\u00e9tica que habilita nuevos mundos. \u201cLos hilos m\u00e1s finos son los primeros que se cortan\u201d, se\u00f1ala.<\/p>\n\n\n\n<p>Recuerda el mito griego del Minotauro y el hilo de Ariadna en aquel laberinto. Las tramas y las hebras asoman en esa tarde luminosa.&nbsp;<\/p>\n\n\n\n<p>\u201cLa vida no se puede sostener sin cuidados\u201d, piensa.&nbsp;<\/p>\n\n\n\n<figure class=\"wp-block-image size-full\"><img loading=\"lazy\" decoding=\"async\" width=\"1600\" height=\"1204\" src=\"https:\/\/modoviajeok.com.ar\/wp-content\/uploads\/2025\/06\/WhatsApp-Image-2025-06-13-at-10.11.28.jpeg\" alt=\"\" class=\"wp-image-4284\" srcset=\"https:\/\/modoviajeok.com.ar\/wp-content\/uploads\/2025\/06\/WhatsApp-Image-2025-06-13-at-10.11.28.jpeg 1600w, https:\/\/modoviajeok.com.ar\/wp-content\/uploads\/2025\/06\/WhatsApp-Image-2025-06-13-at-10.11.28-768x578.jpeg 768w, https:\/\/modoviajeok.com.ar\/wp-content\/uploads\/2025\/06\/WhatsApp-Image-2025-06-13-at-10.11.28-1536x1156.jpeg 1536w, https:\/\/modoviajeok.com.ar\/wp-content\/uploads\/2025\/06\/WhatsApp-Image-2025-06-13-at-10.11.28-558x420.jpeg 558w, https:\/\/modoviajeok.com.ar\/wp-content\/uploads\/2025\/06\/WhatsApp-Image-2025-06-13-at-10.11.28-80x60.jpeg 80w, https:\/\/modoviajeok.com.ar\/wp-content\/uploads\/2025\/06\/WhatsApp-Image-2025-06-13-at-10.11.28-150x113.jpeg 150w, https:\/\/modoviajeok.com.ar\/wp-content\/uploads\/2025\/06\/WhatsApp-Image-2025-06-13-at-10.11.28-300x226.jpeg 300w, https:\/\/modoviajeok.com.ar\/wp-content\/uploads\/2025\/06\/WhatsApp-Image-2025-06-13-at-10.11.28-696x524.jpeg 696w, https:\/\/modoviajeok.com.ar\/wp-content\/uploads\/2025\/06\/WhatsApp-Image-2025-06-13-at-10.11.28-1068x804.jpeg 1068w, https:\/\/modoviajeok.com.ar\/wp-content\/uploads\/2025\/06\/WhatsApp-Image-2025-06-13-at-10.11.28-265x198.jpeg 265w\" sizes=\"auto, (max-width: 1600px) 100vw, 1600px\" \/><\/figure>\n\n\n\n<p><strong>Hilos que somos&nbsp;<\/strong><\/p>\n\n\n\n<p>El colectivo de bordadoras del Museo Provincial de Bellas Artes Emilio Caraffa (MEC) comparten sus hilos, sus telas y su arte. Tambi\u00e9n su palabra.<\/p>\n\n\n\n<p>Hace casi 10 a\u00f1os se re\u00fanen en los espacios p\u00fablicos a intercambiar saberes y a bordar, rompiendo las reglas del museo impoluto y silencioso.&nbsp;<\/p>\n\n\n\n<figure class=\"wp-block-image size-full\"><img loading=\"lazy\" decoding=\"async\" width=\"1204\" height=\"1600\" src=\"https:\/\/modoviajeok.com.ar\/wp-content\/uploads\/2025\/06\/WhatsApp-Image-2025-06-13-at-10.10.38.jpeg\" alt=\"\" class=\"wp-image-4285\" srcset=\"https:\/\/modoviajeok.com.ar\/wp-content\/uploads\/2025\/06\/WhatsApp-Image-2025-06-13-at-10.10.38.jpeg 1204w, https:\/\/modoviajeok.com.ar\/wp-content\/uploads\/2025\/06\/WhatsApp-Image-2025-06-13-at-10.10.38-768x1021.jpeg 768w, https:\/\/modoviajeok.com.ar\/wp-content\/uploads\/2025\/06\/WhatsApp-Image-2025-06-13-at-10.10.38-1156x1536.jpeg 1156w, https:\/\/modoviajeok.com.ar\/wp-content\/uploads\/2025\/06\/WhatsApp-Image-2025-06-13-at-10.10.38-316x420.jpeg 316w, https:\/\/modoviajeok.com.ar\/wp-content\/uploads\/2025\/06\/WhatsApp-Image-2025-06-13-at-10.10.38-150x199.jpeg 150w, https:\/\/modoviajeok.com.ar\/wp-content\/uploads\/2025\/06\/WhatsApp-Image-2025-06-13-at-10.10.38-300x399.jpeg 300w, https:\/\/modoviajeok.com.ar\/wp-content\/uploads\/2025\/06\/WhatsApp-Image-2025-06-13-at-10.10.38-696x925.jpeg 696w, https:\/\/modoviajeok.com.ar\/wp-content\/uploads\/2025\/06\/WhatsApp-Image-2025-06-13-at-10.10.38-1068x1419.jpeg 1068w\" sizes=\"auto, (max-width: 1204px) 100vw, 1204px\" \/><\/figure>\n\n\n\n<p>Mariana del Val, la directora del MEC, desanda el recorrido de estas mujeres de todas las edades desde sus inicios en Villa El Nylon, en las m\u00e1rgenes de la ciudad de C\u00f3rdoba, que pasaron despu\u00e9s por el Museo Evita y siguieron hasta donde est\u00e1n hoy.&nbsp;<\/p>\n\n\n\n<p>Es una d\u00e9cada de arte, de intercambio de saberes&nbsp; sin intereses econ\u00f3micos. \u201cEs el m\u00e1s marxista de los proyectos\u201d, piensa, y sonr\u00ede Mariana. No hay ambici\u00f3n capitalista en este espacio comunitario.<\/p>\n\n\n\n<figure class=\"wp-block-image size-full\"><img loading=\"lazy\" decoding=\"async\" width=\"1204\" height=\"1600\" src=\"https:\/\/modoviajeok.com.ar\/wp-content\/uploads\/2025\/06\/WhatsApp-Image-2025-06-13-at-10.12.54.jpeg\" alt=\"\" class=\"wp-image-4286\" srcset=\"https:\/\/modoviajeok.com.ar\/wp-content\/uploads\/2025\/06\/WhatsApp-Image-2025-06-13-at-10.12.54.jpeg 1204w, https:\/\/modoviajeok.com.ar\/wp-content\/uploads\/2025\/06\/WhatsApp-Image-2025-06-13-at-10.12.54-768x1021.jpeg 768w, https:\/\/modoviajeok.com.ar\/wp-content\/uploads\/2025\/06\/WhatsApp-Image-2025-06-13-at-10.12.54-1156x1536.jpeg 1156w, https:\/\/modoviajeok.com.ar\/wp-content\/uploads\/2025\/06\/WhatsApp-Image-2025-06-13-at-10.12.54-316x420.jpeg 316w, https:\/\/modoviajeok.com.ar\/wp-content\/uploads\/2025\/06\/WhatsApp-Image-2025-06-13-at-10.12.54-150x199.jpeg 150w, https:\/\/modoviajeok.com.ar\/wp-content\/uploads\/2025\/06\/WhatsApp-Image-2025-06-13-at-10.12.54-300x399.jpeg 300w, https:\/\/modoviajeok.com.ar\/wp-content\/uploads\/2025\/06\/WhatsApp-Image-2025-06-13-at-10.12.54-696x925.jpeg 696w, https:\/\/modoviajeok.com.ar\/wp-content\/uploads\/2025\/06\/WhatsApp-Image-2025-06-13-at-10.12.54-1068x1419.jpeg 1068w\" sizes=\"auto, (max-width: 1204px) 100vw, 1204px\" \/><\/figure>\n\n\n\n<p>Las mujeres comienzan a contar sus propias vivencias. Aprenden a bordar y ense\u00f1an a bordar. Se explayan al contar que en cada encuentro detienen su vida para permitirse disfrutar, para militar la palabra, reflexionar y realizar una tarea tan dom\u00e9stica como art\u00edstica en un museo: entramar para crear.&nbsp;<\/p>\n\n\n\n<p>\u201cEs un acto de resistencia\u201d, sostiene una de las mujeres. \u201cNosotras estamos ac\u00e1 por arte.&nbsp; Nosotras somos obras de arte\u201d, define, al fin.&nbsp;<\/p>\n\n\n\n<p>Las reuniones de las bordadoras se producen alrededor de un tema, que se debate y discute previamente con especialistas. El caos, la sexualidad\u2026 Tantas cosas. A partir de ah\u00ed despliegan la t\u00e9cnica al servicio de la idea.<\/p>\n\n\n\n<p>\u201cNo pasamos de los barrios al museo; ocupamos el espacio que nos transforma, con el arte como nexo\u201d, sostiene alguien m\u00e1s.&nbsp;<\/p>\n\n\n\n<figure class=\"wp-block-image size-full\"><img loading=\"lazy\" decoding=\"async\" width=\"1204\" height=\"1600\" src=\"https:\/\/modoviajeok.com.ar\/wp-content\/uploads\/2025\/06\/WhatsApp-Image-2025-06-13-at-10.14.44.jpeg\" alt=\"\" class=\"wp-image-4287\" srcset=\"https:\/\/modoviajeok.com.ar\/wp-content\/uploads\/2025\/06\/WhatsApp-Image-2025-06-13-at-10.14.44.jpeg 1204w, https:\/\/modoviajeok.com.ar\/wp-content\/uploads\/2025\/06\/WhatsApp-Image-2025-06-13-at-10.14.44-768x1021.jpeg 768w, https:\/\/modoviajeok.com.ar\/wp-content\/uploads\/2025\/06\/WhatsApp-Image-2025-06-13-at-10.14.44-1156x1536.jpeg 1156w, https:\/\/modoviajeok.com.ar\/wp-content\/uploads\/2025\/06\/WhatsApp-Image-2025-06-13-at-10.14.44-316x420.jpeg 316w, https:\/\/modoviajeok.com.ar\/wp-content\/uploads\/2025\/06\/WhatsApp-Image-2025-06-13-at-10.14.44-150x199.jpeg 150w, https:\/\/modoviajeok.com.ar\/wp-content\/uploads\/2025\/06\/WhatsApp-Image-2025-06-13-at-10.14.44-300x399.jpeg 300w, https:\/\/modoviajeok.com.ar\/wp-content\/uploads\/2025\/06\/WhatsApp-Image-2025-06-13-at-10.14.44-696x925.jpeg 696w, https:\/\/modoviajeok.com.ar\/wp-content\/uploads\/2025\/06\/WhatsApp-Image-2025-06-13-at-10.14.44-1068x1419.jpeg 1068w\" sizes=\"auto, (max-width: 1204px) 100vw, 1204px\" \/><\/figure>\n\n\n\n<p>El colectivo exhibe sus obras. La \u00faltima muestra de las bordadoras se puede ver hasta el 22 junio en el MEC.&nbsp;<\/p>\n\n\n\n<p><strong>Tramas y palabras<\/strong><\/p>\n\n\n\n<p>Liliana Almeida es de Salvador de Bah\u00eda, en el nordeste de Brasil. Escritora, profesora universitaria, terapeuta integrativa; publica poes\u00eda y cuentos y utiliza la biblioterapia como una herramienta poderosa. Con una enorme sonrisa dice estar muy feliz en C\u00f3rdoba. Habla de la rebeld\u00eda de ser mujer en una sociedad que no est\u00e1 pensada para las mujeres. De una especie de hermandad.&nbsp;<\/p>\n\n\n\n<p>Las palabras van y vienen en la siesta tibia. Entre tantas cosas, las bordadoras relatan que han bordado los deseos de las mujeres de una c\u00e1rcel de Rosario y que all\u00e1 han hecho lo propio con los suyos. \u201cQue tengas una buena vida\u201d. \u201cQue est\u00e9s rodeada de afecto\u201d. Mucho ha pasado por esas manos laboriosas.<\/p>\n\n\n\n<p>Comienzan las lecturas. Anah\u00ed y Flor comparten textos seleccionados en espa\u00f1ol. Luego Liliana recita \u201cRedenci\u00f3n\u201d, un poema en portugu\u00e9s. \u201cSalvar mi alma\u201d, se repite.<\/p>\n\n\n\n<figure class=\"wp-block-image size-full\"><img loading=\"lazy\" decoding=\"async\" width=\"897\" height=\"1600\" src=\"https:\/\/modoviajeok.com.ar\/wp-content\/uploads\/2025\/06\/WhatsApp-Image-2025-06-13-at-10.22.05.jpeg\" alt=\"\" class=\"wp-image-4288\" srcset=\"https:\/\/modoviajeok.com.ar\/wp-content\/uploads\/2025\/06\/WhatsApp-Image-2025-06-13-at-10.22.05.jpeg 897w, https:\/\/modoviajeok.com.ar\/wp-content\/uploads\/2025\/06\/WhatsApp-Image-2025-06-13-at-10.22.05-768x1370.jpeg 768w, https:\/\/modoviajeok.com.ar\/wp-content\/uploads\/2025\/06\/WhatsApp-Image-2025-06-13-at-10.22.05-861x1536.jpeg 861w, https:\/\/modoviajeok.com.ar\/wp-content\/uploads\/2025\/06\/WhatsApp-Image-2025-06-13-at-10.22.05-235x420.jpeg 235w, https:\/\/modoviajeok.com.ar\/wp-content\/uploads\/2025\/06\/WhatsApp-Image-2025-06-13-at-10.22.05-150x268.jpeg 150w, https:\/\/modoviajeok.com.ar\/wp-content\/uploads\/2025\/06\/WhatsApp-Image-2025-06-13-at-10.22.05-300x535.jpeg 300w, https:\/\/modoviajeok.com.ar\/wp-content\/uploads\/2025\/06\/WhatsApp-Image-2025-06-13-at-10.22.05-696x1241.jpeg 696w\" sizes=\"auto, (max-width: 897px) 100vw, 897px\" \/><\/figure>\n\n\n\n<p>Las organizadoras proponen a los asistentes que retengan una palabra o una frase para, m\u00e1s tarde, plasmarla en una tela y bordar a la par. Las lecturas son hermosas. Me resuenan: \u201cabrazos\u201d y \u201chojas ennegrecidas\u201d.<\/p>\n\n\n\n<p>Con nudos, sin nudos. Agujas e hilos. Una a una, experimentadas y n\u00f3veles convierten a la Casa de Pepino en un laboratorio de di\u00e1logo y arte.<\/p>\n\n\n\n<figure class=\"wp-block-image size-full\"><img loading=\"lazy\" decoding=\"async\" width=\"1204\" height=\"1600\" src=\"https:\/\/modoviajeok.com.ar\/wp-content\/uploads\/2025\/06\/WhatsApp-Image-2025-06-13-at-10.11.06.jpeg\" alt=\"\" class=\"wp-image-4289\" srcset=\"https:\/\/modoviajeok.com.ar\/wp-content\/uploads\/2025\/06\/WhatsApp-Image-2025-06-13-at-10.11.06.jpeg 1204w, https:\/\/modoviajeok.com.ar\/wp-content\/uploads\/2025\/06\/WhatsApp-Image-2025-06-13-at-10.11.06-768x1021.jpeg 768w, https:\/\/modoviajeok.com.ar\/wp-content\/uploads\/2025\/06\/WhatsApp-Image-2025-06-13-at-10.11.06-1156x1536.jpeg 1156w, https:\/\/modoviajeok.com.ar\/wp-content\/uploads\/2025\/06\/WhatsApp-Image-2025-06-13-at-10.11.06-316x420.jpeg 316w, https:\/\/modoviajeok.com.ar\/wp-content\/uploads\/2025\/06\/WhatsApp-Image-2025-06-13-at-10.11.06-150x199.jpeg 150w, https:\/\/modoviajeok.com.ar\/wp-content\/uploads\/2025\/06\/WhatsApp-Image-2025-06-13-at-10.11.06-300x399.jpeg 300w, https:\/\/modoviajeok.com.ar\/wp-content\/uploads\/2025\/06\/WhatsApp-Image-2025-06-13-at-10.11.06-696x925.jpeg 696w, https:\/\/modoviajeok.com.ar\/wp-content\/uploads\/2025\/06\/WhatsApp-Image-2025-06-13-at-10.11.06-1068x1419.jpeg 1068w\" sizes=\"auto, (max-width: 1204px) 100vw, 1204px\" \/><\/figure>\n\n\n\n<p>Nora es psic\u00f3loga. Borda el mar en hilos azules siguiendo las indicaciones de una de las bordadoras del museo. \u201cEs un encuentro hermoso. Llegu\u00e9 abierta a escuchar historias\u201d, dice mientras trabaja.<\/p>\n\n\n\n<p>De alguna manera el bordado le atrae. Conoci\u00f3 este arte cuando entrevist\u00f3 a las bordadoras y bordadores de los trajes de Carnaval en Santa Elena, provincia de Entre R\u00edos. Los visit\u00f3 hace un tiempo como parte del trabajo de campo para su tesis. Dice que aprendi\u00f3 mucho de esos hombres y mujeres que bordan con cinco agujas a la vez y que despu\u00e9s de la fiesta, con paciencia infinita, desarman sus obras una a una para que el hilo sirva para el pr\u00f3ximo ritual.<\/p>\n\n\n\n<figure class=\"wp-block-image size-full\"><img loading=\"lazy\" decoding=\"async\" width=\"1204\" height=\"1600\" src=\"https:\/\/modoviajeok.com.ar\/wp-content\/uploads\/2025\/06\/WhatsApp-Image-2025-06-13-at-10.11.58.jpeg\" alt=\"\" class=\"wp-image-4290\" srcset=\"https:\/\/modoviajeok.com.ar\/wp-content\/uploads\/2025\/06\/WhatsApp-Image-2025-06-13-at-10.11.58.jpeg 1204w, https:\/\/modoviajeok.com.ar\/wp-content\/uploads\/2025\/06\/WhatsApp-Image-2025-06-13-at-10.11.58-768x1021.jpeg 768w, https:\/\/modoviajeok.com.ar\/wp-content\/uploads\/2025\/06\/WhatsApp-Image-2025-06-13-at-10.11.58-1156x1536.jpeg 1156w, https:\/\/modoviajeok.com.ar\/wp-content\/uploads\/2025\/06\/WhatsApp-Image-2025-06-13-at-10.11.58-316x420.jpeg 316w, https:\/\/modoviajeok.com.ar\/wp-content\/uploads\/2025\/06\/WhatsApp-Image-2025-06-13-at-10.11.58-150x199.jpeg 150w, https:\/\/modoviajeok.com.ar\/wp-content\/uploads\/2025\/06\/WhatsApp-Image-2025-06-13-at-10.11.58-300x399.jpeg 300w, https:\/\/modoviajeok.com.ar\/wp-content\/uploads\/2025\/06\/WhatsApp-Image-2025-06-13-at-10.11.58-696x925.jpeg 696w, https:\/\/modoviajeok.com.ar\/wp-content\/uploads\/2025\/06\/WhatsApp-Image-2025-06-13-at-10.11.58-1068x1419.jpeg 1068w\" sizes=\"auto, (max-width: 1204px) 100vw, 1204px\" \/><\/figure>\n\n\n\n<p>Ver\u00f3nica borda una frase. Ella participa de otro colectivo de bordadoras para el autocuidado. \u201cLa tarea manual nos iguala. Hay que hilar espacios de libertad en estos tiempos\u201d, opina.<\/p>\n\n\n\n<figure class=\"wp-block-image size-full\"><img loading=\"lazy\" decoding=\"async\" width=\"1204\" height=\"1600\" src=\"https:\/\/modoviajeok.com.ar\/wp-content\/uploads\/2025\/06\/WhatsApp-Image-2025-06-13-at-10.16.07.jpeg\" alt=\"\" class=\"wp-image-4291\" srcset=\"https:\/\/modoviajeok.com.ar\/wp-content\/uploads\/2025\/06\/WhatsApp-Image-2025-06-13-at-10.16.07.jpeg 1204w, https:\/\/modoviajeok.com.ar\/wp-content\/uploads\/2025\/06\/WhatsApp-Image-2025-06-13-at-10.16.07-768x1021.jpeg 768w, https:\/\/modoviajeok.com.ar\/wp-content\/uploads\/2025\/06\/WhatsApp-Image-2025-06-13-at-10.16.07-1156x1536.jpeg 1156w, https:\/\/modoviajeok.com.ar\/wp-content\/uploads\/2025\/06\/WhatsApp-Image-2025-06-13-at-10.16.07-316x420.jpeg 316w, https:\/\/modoviajeok.com.ar\/wp-content\/uploads\/2025\/06\/WhatsApp-Image-2025-06-13-at-10.16.07-150x199.jpeg 150w, https:\/\/modoviajeok.com.ar\/wp-content\/uploads\/2025\/06\/WhatsApp-Image-2025-06-13-at-10.16.07-300x399.jpeg 300w, https:\/\/modoviajeok.com.ar\/wp-content\/uploads\/2025\/06\/WhatsApp-Image-2025-06-13-at-10.16.07-696x925.jpeg 696w, https:\/\/modoviajeok.com.ar\/wp-content\/uploads\/2025\/06\/WhatsApp-Image-2025-06-13-at-10.16.07-1068x1419.jpeg 1068w\" sizes=\"auto, (max-width: 1204px) 100vw, 1204px\" \/><\/figure>\n\n\n\n<p><strong>Sabores&nbsp; de Brasil<\/strong><\/p>\n\n\n\n<p>Rita Cassia naci\u00f3 en Brasil, pero vive en C\u00f3rdoba desde hace a\u00f1os. \u201cVine a estudiar Odontolog\u00eda y me recib\u00ed de mam\u00e1\u201d, cuenta sonriendo. Durante un tiempo trabaj\u00f3 en eventos de baile y en animaci\u00f3n con batucadas hasta que durante la pandemia inici\u00f3 su emprendimiento de comidas (IG @saboresdebrasil57) en el que ofrece feijoada, coxinha y otras delicias de la gastronom\u00eda brasile\u00f1a.<\/p>\n\n\n\n<p>Propone una degustaci\u00f3n de coxinhas, un sabroso bocado frito a base de pollo. Rita cuenta la historia detr\u00e1s de la receta que involucra al mism\u00edsimo rey Pedro II y explica el paso a paso de la preparaci\u00f3n de la masa con el caldo de pollo.&nbsp;<\/p>\n\n\n      <div class=\"wp_bannerize_container wp_bannerize_layout_vertical\">\n\n        <div class=\"wp_bannerize_banner_box wp_bannerize_category_intertexto-1\" data-title=\"Modo viaje\" data-mime_type=\"image-gif\" data-banner_id=\"1783\" id=\"wpbanner-1783\" data-impressions_enabled=\"true\" data-clicks_enabled=\"true\"><a href=\"https:\/\/www.instagram.com\/modoviaje.ok?igsh=Z3c5emxsZWFtdXN3\"><img decoding=\"async\" border=\"0\" src=\"https:\/\/modoviajeok.com.ar\/wp-content\/uploads\/2025\/02\/modoviaje.ok-300-x-250-px.gif\" alt=\"Modo viaje\" title=\"Modo viaje\" \/><\/a><\/div>      <\/div>\n\n\n\n\n\n<p>La gente se deleita.<\/p>\n\n\n\n<p><strong>La danza en la sangre<\/strong><\/p>\n\n\n\n<p>Antes de iniciar el taller \u201cLa danza brasile\u00f1a en la sangre\u201d, Catherine Miranda profesora de samba y reina de bater\u00eda de Imperio De Ouro (IG @gres_imperio_de_ouro) escuela de samba Ouro Preto conf\u00eda parte de su historia. Est\u00e1 un poco nerviosa, admite. No suele hablar de s\u00ed misma. Pero comparte.&nbsp;<\/p>\n\n\n\n<p>Catherine es una peruana que vive hace 30 a\u00f1os en C\u00f3rdoba. \u201cEl samba me eligi\u00f3 a m\u00ed, la danza transforma mi vida\u201d, dice. Cuenta que tuvo una infancia triste y una abuela que, adem\u00e1s de ser su sost\u00e9n, bailaba danzas afroperuanas. Su muerte fue un dolor grande, relata. Pero los talleres de samba fueron su tabla de salvaci\u00f3n y sanaci\u00f3n. En su camino de transformaci\u00f3n personal se encontr\u00f3 con otras mujeres con quienes cre\u00f3 comunidad, espejos en donde&nbsp; reflejarse y empoderarse. \u201cEl arte me sirvi\u00f3 en medio del caos\u201d, asegura.<\/p>\n\n\n\n<p>Primero fueron los talleres de m\u00fasica afro peruana y luego la escuela de samba. Todo fue creciendo. En agosto, anuncia, organizar\u00e1n los Carnavales de invierno en C\u00f3rdoba. Habr\u00e1 ensayos abiertos del 15 al 17 de agosto, que se ir\u00e1n anunciando en las redes sociales.<\/p>\n\n\n\n<figure class=\"wp-block-image size-full\"><img loading=\"lazy\" decoding=\"async\" width=\"1200\" height=\"1600\" src=\"https:\/\/modoviajeok.com.ar\/wp-content\/uploads\/2025\/06\/WhatsApp-Image-2025-06-13-at-10.22.02.jpeg\" alt=\"\" class=\"wp-image-4292\" srcset=\"https:\/\/modoviajeok.com.ar\/wp-content\/uploads\/2025\/06\/WhatsApp-Image-2025-06-13-at-10.22.02.jpeg 1200w, https:\/\/modoviajeok.com.ar\/wp-content\/uploads\/2025\/06\/WhatsApp-Image-2025-06-13-at-10.22.02-768x1024.jpeg 768w, https:\/\/modoviajeok.com.ar\/wp-content\/uploads\/2025\/06\/WhatsApp-Image-2025-06-13-at-10.22.02-1152x1536.jpeg 1152w, https:\/\/modoviajeok.com.ar\/wp-content\/uploads\/2025\/06\/WhatsApp-Image-2025-06-13-at-10.22.02-315x420.jpeg 315w, https:\/\/modoviajeok.com.ar\/wp-content\/uploads\/2025\/06\/WhatsApp-Image-2025-06-13-at-10.22.02-150x200.jpeg 150w, https:\/\/modoviajeok.com.ar\/wp-content\/uploads\/2025\/06\/WhatsApp-Image-2025-06-13-at-10.22.02-300x400.jpeg 300w, https:\/\/modoviajeok.com.ar\/wp-content\/uploads\/2025\/06\/WhatsApp-Image-2025-06-13-at-10.22.02-696x928.jpeg 696w, https:\/\/modoviajeok.com.ar\/wp-content\/uploads\/2025\/06\/WhatsApp-Image-2025-06-13-at-10.22.02-1068x1424.jpeg 1068w\" sizes=\"auto, (max-width: 1200px) 100vw, 1200px\" \/><\/figure>\n\n\n\n<p>Catherine invita a bailar en ronda. Suena m\u00fasica afroperuana que obliga a mover las caderas en forma de cuadrado mirando a los ojos, invitando a la conexi\u00f3n. Luego, otra bailarina de la escuela Imperio de Ouro ense\u00f1a el abec\u00e9 del samba, movimientos m\u00e1s redondeados.&nbsp;<\/p>\n\n\n\n<p>Un, dos, tres. Un, dos, tres. Pasos para adelante y para atr\u00e1s, giros, los brazos quieren volar. Sonrisas y all\u00e1 vamos todos al comp\u00e1s.&nbsp;<\/p>\n\n\n\n<p><strong>Po\u00e9ticas<\/strong>&nbsp;<\/p>\n\n\n\n<p>Despu\u00e9s de una degustaci\u00f3n de caipirinha, esa t\u00edpica e inconfundible bebida brasile\u00f1a, la poes\u00eda hace pie con fuerza.&nbsp;<\/p>\n\n\n\n<figure class=\"wp-block-image size-full\"><img loading=\"lazy\" decoding=\"async\" width=\"1200\" height=\"1600\" src=\"https:\/\/modoviajeok.com.ar\/wp-content\/uploads\/2025\/06\/WhatsApp-Image-2025-06-13-at-10.22.04.jpeg\" alt=\"\" class=\"wp-image-4293\" srcset=\"https:\/\/modoviajeok.com.ar\/wp-content\/uploads\/2025\/06\/WhatsApp-Image-2025-06-13-at-10.22.04.jpeg 1200w, https:\/\/modoviajeok.com.ar\/wp-content\/uploads\/2025\/06\/WhatsApp-Image-2025-06-13-at-10.22.04-768x1024.jpeg 768w, https:\/\/modoviajeok.com.ar\/wp-content\/uploads\/2025\/06\/WhatsApp-Image-2025-06-13-at-10.22.04-1152x1536.jpeg 1152w, https:\/\/modoviajeok.com.ar\/wp-content\/uploads\/2025\/06\/WhatsApp-Image-2025-06-13-at-10.22.04-315x420.jpeg 315w, https:\/\/modoviajeok.com.ar\/wp-content\/uploads\/2025\/06\/WhatsApp-Image-2025-06-13-at-10.22.04-150x200.jpeg 150w, https:\/\/modoviajeok.com.ar\/wp-content\/uploads\/2025\/06\/WhatsApp-Image-2025-06-13-at-10.22.04-300x400.jpeg 300w, https:\/\/modoviajeok.com.ar\/wp-content\/uploads\/2025\/06\/WhatsApp-Image-2025-06-13-at-10.22.04-696x928.jpeg 696w, https:\/\/modoviajeok.com.ar\/wp-content\/uploads\/2025\/06\/WhatsApp-Image-2025-06-13-at-10.22.04-1068x1424.jpeg 1068w\" sizes=\"auto, (max-width: 1200px) 100vw, 1200px\" \/><\/figure>\n\n\n\n<p>Anah\u00ed Eleuterio, con su voz hecha palabras y canto junto a la guitarra y fotos de otros tiempos, invita a viajar por su historia familiar.&nbsp;<\/p>\n\n\n\n<p>En un tono intimista vamos desde Mina Gerais y el candombl\u00e9, hacia Lisboa y Buenos Aires. Tambi\u00e9n por Vietnam y la esclavitud de sus antepasados angole\u00f1os.&nbsp;<\/p>\n\n\n\n<figure class=\"wp-block-image size-full\"><img loading=\"lazy\" decoding=\"async\" width=\"1204\" height=\"1600\" src=\"https:\/\/modoviajeok.com.ar\/wp-content\/uploads\/2025\/06\/WhatsApp-Image-2025-06-13-at-10.10.19.jpeg\" alt=\"\" class=\"wp-image-4294\" srcset=\"https:\/\/modoviajeok.com.ar\/wp-content\/uploads\/2025\/06\/WhatsApp-Image-2025-06-13-at-10.10.19.jpeg 1204w, https:\/\/modoviajeok.com.ar\/wp-content\/uploads\/2025\/06\/WhatsApp-Image-2025-06-13-at-10.10.19-768x1021.jpeg 768w, https:\/\/modoviajeok.com.ar\/wp-content\/uploads\/2025\/06\/WhatsApp-Image-2025-06-13-at-10.10.19-1156x1536.jpeg 1156w, https:\/\/modoviajeok.com.ar\/wp-content\/uploads\/2025\/06\/WhatsApp-Image-2025-06-13-at-10.10.19-316x420.jpeg 316w, https:\/\/modoviajeok.com.ar\/wp-content\/uploads\/2025\/06\/WhatsApp-Image-2025-06-13-at-10.10.19-150x199.jpeg 150w, https:\/\/modoviajeok.com.ar\/wp-content\/uploads\/2025\/06\/WhatsApp-Image-2025-06-13-at-10.10.19-300x399.jpeg 300w, https:\/\/modoviajeok.com.ar\/wp-content\/uploads\/2025\/06\/WhatsApp-Image-2025-06-13-at-10.10.19-696x925.jpeg 696w, https:\/\/modoviajeok.com.ar\/wp-content\/uploads\/2025\/06\/WhatsApp-Image-2025-06-13-at-10.10.19-1068x1419.jpeg 1068w\" sizes=\"auto, (max-width: 1204px) 100vw, 1204px\" \/><\/figure>\n\n\n\n<p>Al promediar la tarde, es el turno del cine y la conversaci\u00f3n sobre c\u00f3mo hilvanar comunidad en torno a la comensalidad, despu\u00e9s de la proyecci\u00f3n de \u201cTainha esperando el viento sur\u201d, de Sergio Stocchero.&nbsp;<\/p>\n\n\n\n<p>Despu\u00e9s, el lanzamiento de la convocatoria al libro digital Entramar mundos, tejer po\u00e9ticas de cuidado (coordinada por Flor Donadi y Luciana Bedini).&nbsp;<\/p>\n\n\n\n<p>Al fin, la presentaci\u00f3n de los libros Piel Micelio de Magdalena Malaurie y ENLOSBORDESMENCONTR\u00c1S, de Nora Benaglia. Y de las publicaciones de la bahiana Liliana Almeida m\u00e1s la lectura mano a mano, por Laura Garc\u00eda del Casta\u00f1o y Kolo Dahbat.&nbsp;<\/p>\n\n\n\n<figure class=\"wp-block-image size-full\"><img loading=\"lazy\" decoding=\"async\" width=\"1200\" height=\"1600\" src=\"https:\/\/modoviajeok.com.ar\/wp-content\/uploads\/2025\/06\/WhatsApp-Image-2025-06-13-at-10.22.03-2.jpeg\" alt=\"\" class=\"wp-image-4295\" srcset=\"https:\/\/modoviajeok.com.ar\/wp-content\/uploads\/2025\/06\/WhatsApp-Image-2025-06-13-at-10.22.03-2.jpeg 1200w, https:\/\/modoviajeok.com.ar\/wp-content\/uploads\/2025\/06\/WhatsApp-Image-2025-06-13-at-10.22.03-2-768x1024.jpeg 768w, https:\/\/modoviajeok.com.ar\/wp-content\/uploads\/2025\/06\/WhatsApp-Image-2025-06-13-at-10.22.03-2-1152x1536.jpeg 1152w, https:\/\/modoviajeok.com.ar\/wp-content\/uploads\/2025\/06\/WhatsApp-Image-2025-06-13-at-10.22.03-2-315x420.jpeg 315w, https:\/\/modoviajeok.com.ar\/wp-content\/uploads\/2025\/06\/WhatsApp-Image-2025-06-13-at-10.22.03-2-150x200.jpeg 150w, https:\/\/modoviajeok.com.ar\/wp-content\/uploads\/2025\/06\/WhatsApp-Image-2025-06-13-at-10.22.03-2-300x400.jpeg 300w, https:\/\/modoviajeok.com.ar\/wp-content\/uploads\/2025\/06\/WhatsApp-Image-2025-06-13-at-10.22.03-2-696x928.jpeg 696w, https:\/\/modoviajeok.com.ar\/wp-content\/uploads\/2025\/06\/WhatsApp-Image-2025-06-13-at-10.22.03-2-1068x1424.jpeg 1068w\" sizes=\"auto, (max-width: 1200px) 100vw, 1200px\" \/><\/figure>\n\n\n\n<p>Tras ocho horas de sentires y voces, y hasta el pr\u00f3ximo encuentro, el cierre llega con la m\u00fasica en vivo (pagode, bossa, axe) de Receita de Samba y de Imperio de Ouro escola de samba Ouro Preto, con la direcci\u00f3n de Cathi Miranda.&nbsp;<\/p>\n\n\n\n<figure class=\"wp-block-image size-full\"><img loading=\"lazy\" decoding=\"async\" width=\"2560\" height=\"1920\" src=\"https:\/\/modoviajeok.com.ar\/wp-content\/uploads\/2025\/06\/WhatsApp-Image-2025-06-13-at-10.22.04-2-scaled.jpeg\" alt=\"\" class=\"wp-image-4296\" srcset=\"https:\/\/modoviajeok.com.ar\/wp-content\/uploads\/2025\/06\/WhatsApp-Image-2025-06-13-at-10.22.04-2-scaled.jpeg 2560w, https:\/\/modoviajeok.com.ar\/wp-content\/uploads\/2025\/06\/WhatsApp-Image-2025-06-13-at-10.22.04-2-768x576.jpeg 768w, https:\/\/modoviajeok.com.ar\/wp-content\/uploads\/2025\/06\/WhatsApp-Image-2025-06-13-at-10.22.04-2-1536x1152.jpeg 1536w, https:\/\/modoviajeok.com.ar\/wp-content\/uploads\/2025\/06\/WhatsApp-Image-2025-06-13-at-10.22.04-2-2048x1536.jpeg 2048w, https:\/\/modoviajeok.com.ar\/wp-content\/uploads\/2025\/06\/WhatsApp-Image-2025-06-13-at-10.22.04-2-560x420.jpeg 560w, https:\/\/modoviajeok.com.ar\/wp-content\/uploads\/2025\/06\/WhatsApp-Image-2025-06-13-at-10.22.04-2-80x60.jpeg 80w, https:\/\/modoviajeok.com.ar\/wp-content\/uploads\/2025\/06\/WhatsApp-Image-2025-06-13-at-10.22.04-2-150x113.jpeg 150w, https:\/\/modoviajeok.com.ar\/wp-content\/uploads\/2025\/06\/WhatsApp-Image-2025-06-13-at-10.22.04-2-300x225.jpeg 300w, https:\/\/modoviajeok.com.ar\/wp-content\/uploads\/2025\/06\/WhatsApp-Image-2025-06-13-at-10.22.04-2-696x522.jpeg 696w, https:\/\/modoviajeok.com.ar\/wp-content\/uploads\/2025\/06\/WhatsApp-Image-2025-06-13-at-10.22.04-2-1068x801.jpeg 1068w, https:\/\/modoviajeok.com.ar\/wp-content\/uploads\/2025\/06\/WhatsApp-Image-2025-06-13-at-10.22.04-2-1920x1440.jpeg 1920w, https:\/\/modoviajeok.com.ar\/wp-content\/uploads\/2025\/06\/WhatsApp-Image-2025-06-13-at-10.22.04-2-265x198.jpeg 265w\" sizes=\"auto, (max-width: 2560px) 100vw, 2560px\" \/><\/figure>\n","protected":false},"excerpt":{"rendered":"<p>S\u00e1bado 7 de junio de 2025. El oto\u00f1o se cuela por las ventanas del Centro Cultural Casa de Pepino pasado el mediod\u00eda; hay sol afuera y sol adentro. La antigua casa de barrio G\u00fcemes, en la ciudad de C\u00f3rdoba (Argentina) re\u00fane a un grupo de mujeres argentinas y brasile\u00f1as empe\u00f1adas en intercambiar saberes y compartir [&hellip;]<\/p>\n","protected":false},"author":2,"featured_media":4285,"comment_status":"open","ping_status":"open","sticky":false,"template":"","format":"standard","meta":{"_acf_changed":false,"footnotes":""},"categories":[11,10],"tags":[31,1017,73,1014,48,39,1018,1008,1016,1012,1013,845,1019,874],"class_list":{"0":"post-4279","1":"post","2":"type-post","3":"status-publish","4":"format-standard","5":"has-post-thumbnail","7":"category-cordoba","8":"category-noticias","9":"tag-argentina","10":"tag-bordadoras","11":"tag-brasil","12":"tag-casa-de-pepino","13":"tag-cordoba","14":"tag-cultura","15":"tag-hilos","16":"tag-mina-gerais","17":"tag-museo-emilio-caraffa","18":"tag-no-somos-islas","19":"tag-potencia-editora","20":"tag-salvador-de-bahia","21":"tag-telas","22":"tag-unc"},"acf":[],"yoast_head":"<!-- This site is optimized with the Yoast SEO plugin v24.8.1 - https:\/\/yoast.com\/wordpress\/plugins\/seo\/ -->\n<title>No somos islas: un entramado po\u00e9tico que une a Brasil y Argentina\u00a0 -<\/title>\n<meta name=\"description\" content=\"Encuentro de mujeres brsile\u00f1as y argentinas de intercambios culturales. En la Casa de Penino, Ciudad de C\u00f3rdoba.\" \/>\n<meta name=\"robots\" content=\"index, follow, max-snippet:-1, max-image-preview:large, max-video-preview:-1\" \/>\n<link rel=\"canonical\" href=\"https:\/\/modoviajeok.com.ar\/index.php\/2025\/06\/14\/no-somos-islas-un-entramado-poetico-que-une-a-brasil-y-argentina\/\" \/>\n<meta property=\"og:locale\" content=\"es_ES\" \/>\n<meta property=\"og:type\" content=\"article\" \/>\n<meta property=\"og:title\" content=\"No somos islas: un entramado po\u00e9tico que une a Brasil y Argentina\u00a0 -\" \/>\n<meta property=\"og:description\" content=\"Encuentro de mujeres brsile\u00f1as y argentinas de intercambios culturales. En la Casa de Penino, Ciudad de C\u00f3rdoba.\" \/>\n<meta property=\"og:url\" content=\"https:\/\/modoviajeok.com.ar\/index.php\/2025\/06\/14\/no-somos-islas-un-entramado-poetico-que-une-a-brasil-y-argentina\/\" \/>\n<meta property=\"article:publisher\" content=\"https:\/\/www.facebook.com\/mariana.otero1\/\" \/>\n<meta property=\"article:published_time\" content=\"2025-06-14T11:51:20+00:00\" \/>\n<meta property=\"article:modified_time\" content=\"2025-06-14T12:58:41+00:00\" \/>\n<meta property=\"og:image\" content=\"https:\/\/modoviajeok.com.ar\/wp-content\/uploads\/2025\/06\/WhatsApp-Image-2025-06-13-at-10.10.38.jpeg\" \/>\n\t<meta property=\"og:image:width\" content=\"1204\" \/>\n\t<meta property=\"og:image:height\" content=\"1600\" \/>\n\t<meta property=\"og:image:type\" content=\"image\/jpeg\" \/>\n<meta name=\"author\" content=\"Mariana Otero\" \/>\n<meta name=\"twitter:card\" content=\"summary_large_image\" \/>\n<meta name=\"twitter:label1\" content=\"Escrito por\" \/>\n\t<meta name=\"twitter:data1\" content=\"Mariana Otero\" \/>\n\t<meta name=\"twitter:label2\" content=\"Tiempo de lectura\" \/>\n\t<meta name=\"twitter:data2\" content=\"11 minutos\" \/>\n<script type=\"application\/ld+json\" class=\"yoast-schema-graph\">{\"@context\":\"https:\/\/schema.org\",\"@graph\":[{\"@type\":\"Article\",\"@id\":\"https:\/\/modoviajeok.com.ar\/index.php\/2025\/06\/14\/no-somos-islas-un-entramado-poetico-que-une-a-brasil-y-argentina\/#article\",\"isPartOf\":{\"@id\":\"https:\/\/modoviajeok.com.ar\/index.php\/2025\/06\/14\/no-somos-islas-un-entramado-poetico-que-une-a-brasil-y-argentina\/\"},\"author\":{\"name\":\"Mariana Otero\",\"@id\":\"https:\/\/modoviajeok.com.ar\/#\/schema\/person\/1187013488537969db5b1320484d24f4\"},\"headline\":\"No somos islas: un entramado po\u00e9tico que une a Brasil y Argentina\u00a0\",\"datePublished\":\"2025-06-14T11:51:20+00:00\",\"dateModified\":\"2025-06-14T12:58:41+00:00\",\"mainEntityOfPage\":{\"@id\":\"https:\/\/modoviajeok.com.ar\/index.php\/2025\/06\/14\/no-somos-islas-un-entramado-poetico-que-une-a-brasil-y-argentina\/\"},\"wordCount\":1709,\"commentCount\":0,\"publisher\":{\"@id\":\"https:\/\/modoviajeok.com.ar\/#organization\"},\"image\":{\"@id\":\"https:\/\/modoviajeok.com.ar\/index.php\/2025\/06\/14\/no-somos-islas-un-entramado-poetico-que-une-a-brasil-y-argentina\/#primaryimage\"},\"thumbnailUrl\":\"https:\/\/modoviajeok.com.ar\/wp-content\/uploads\/2025\/06\/WhatsApp-Image-2025-06-13-at-10.10.38.jpeg\",\"keywords\":[\"argentina\",\"bordadoras\",\"brasil\",\"casa de pepino\",\"c\u00f3rdoba\",\"cultura\",\"hilos\",\"mina gerais\",\"museo emilio caraffa\",\"no somos islas\",\"potencia editora\",\"salvador de bahia\",\"telas\",\"unc\"],\"articleSection\":[\"C\u00f3rdoba\",\"Noticias\"],\"inLanguage\":\"es\",\"potentialAction\":[{\"@type\":\"CommentAction\",\"name\":\"Comment\",\"target\":[\"https:\/\/modoviajeok.com.ar\/index.php\/2025\/06\/14\/no-somos-islas-un-entramado-poetico-que-une-a-brasil-y-argentina\/#respond\"]}]},{\"@type\":\"WebPage\",\"@id\":\"https:\/\/modoviajeok.com.ar\/index.php\/2025\/06\/14\/no-somos-islas-un-entramado-poetico-que-une-a-brasil-y-argentina\/\",\"url\":\"https:\/\/modoviajeok.com.ar\/index.php\/2025\/06\/14\/no-somos-islas-un-entramado-poetico-que-une-a-brasil-y-argentina\/\",\"name\":\"No somos islas: un entramado po\u00e9tico que une a Brasil y Argentina\u00a0 -\",\"isPartOf\":{\"@id\":\"https:\/\/modoviajeok.com.ar\/#website\"},\"primaryImageOfPage\":{\"@id\":\"https:\/\/modoviajeok.com.ar\/index.php\/2025\/06\/14\/no-somos-islas-un-entramado-poetico-que-une-a-brasil-y-argentina\/#primaryimage\"},\"image\":{\"@id\":\"https:\/\/modoviajeok.com.ar\/index.php\/2025\/06\/14\/no-somos-islas-un-entramado-poetico-que-une-a-brasil-y-argentina\/#primaryimage\"},\"thumbnailUrl\":\"https:\/\/modoviajeok.com.ar\/wp-content\/uploads\/2025\/06\/WhatsApp-Image-2025-06-13-at-10.10.38.jpeg\",\"datePublished\":\"2025-06-14T11:51:20+00:00\",\"dateModified\":\"2025-06-14T12:58:41+00:00\",\"description\":\"Encuentro de mujeres brsile\u00f1as y argentinas de intercambios culturales. En la Casa de Penino, Ciudad de C\u00f3rdoba.\",\"breadcrumb\":{\"@id\":\"https:\/\/modoviajeok.com.ar\/index.php\/2025\/06\/14\/no-somos-islas-un-entramado-poetico-que-une-a-brasil-y-argentina\/#breadcrumb\"},\"inLanguage\":\"es\",\"potentialAction\":[{\"@type\":\"ReadAction\",\"target\":[\"https:\/\/modoviajeok.com.ar\/index.php\/2025\/06\/14\/no-somos-islas-un-entramado-poetico-que-une-a-brasil-y-argentina\/\"]}]},{\"@type\":\"ImageObject\",\"inLanguage\":\"es\",\"@id\":\"https:\/\/modoviajeok.com.ar\/index.php\/2025\/06\/14\/no-somos-islas-un-entramado-poetico-que-une-a-brasil-y-argentina\/#primaryimage\",\"url\":\"https:\/\/modoviajeok.com.ar\/wp-content\/uploads\/2025\/06\/WhatsApp-Image-2025-06-13-at-10.10.38.jpeg\",\"contentUrl\":\"https:\/\/modoviajeok.com.ar\/wp-content\/uploads\/2025\/06\/WhatsApp-Image-2025-06-13-at-10.10.38.jpeg\",\"width\":1204,\"height\":1600},{\"@type\":\"BreadcrumbList\",\"@id\":\"https:\/\/modoviajeok.com.ar\/index.php\/2025\/06\/14\/no-somos-islas-un-entramado-poetico-que-une-a-brasil-y-argentina\/#breadcrumb\",\"itemListElement\":[{\"@type\":\"ListItem\",\"position\":1,\"name\":\"Portada\",\"item\":\"https:\/\/modoviajeok.com.ar\/\"},{\"@type\":\"ListItem\",\"position\":2,\"name\":\"No somos islas: un entramado po\u00e9tico que une a Brasil y Argentina\u00a0\"}]},{\"@type\":\"WebSite\",\"@id\":\"https:\/\/modoviajeok.com.ar\/#website\",\"url\":\"https:\/\/modoviajeok.com.ar\/\",\"name\":\"ModoViajeOK\",\"description\":\"\",\"publisher\":{\"@id\":\"https:\/\/modoviajeok.com.ar\/#organization\"},\"potentialAction\":[{\"@type\":\"SearchAction\",\"target\":{\"@type\":\"EntryPoint\",\"urlTemplate\":\"https:\/\/modoviajeok.com.ar\/?s={search_term_string}\"},\"query-input\":{\"@type\":\"PropertyValueSpecification\",\"valueRequired\":true,\"valueName\":\"search_term_string\"}}],\"inLanguage\":\"es\"},{\"@type\":\"Organization\",\"@id\":\"https:\/\/modoviajeok.com.ar\/#organization\",\"name\":\"ModoViajeOK\",\"url\":\"https:\/\/modoviajeok.com.ar\/\",\"logo\":{\"@type\":\"ImageObject\",\"inLanguage\":\"es\",\"@id\":\"https:\/\/modoviajeok.com.ar\/#\/schema\/logo\/image\/\",\"url\":\"https:\/\/modoviajeok.com.ar\/wp-content\/uploads\/2025\/01\/Logo-modoviajeok.png\",\"contentUrl\":\"https:\/\/modoviajeok.com.ar\/wp-content\/uploads\/2025\/01\/Logo-modoviajeok.png\",\"width\":2938,\"height\":2276,\"caption\":\"ModoViajeOK\"},\"image\":{\"@id\":\"https:\/\/modoviajeok.com.ar\/#\/schema\/logo\/image\/\"},\"sameAs\":[\"https:\/\/www.facebook.com\/mariana.otero1\/\",\"https:\/\/www.instagram.com\/modoviaje.ok\/\"]},{\"@type\":\"Person\",\"@id\":\"https:\/\/modoviajeok.com.ar\/#\/schema\/person\/1187013488537969db5b1320484d24f4\",\"name\":\"Mariana Otero\",\"image\":{\"@type\":\"ImageObject\",\"inLanguage\":\"es\",\"@id\":\"https:\/\/modoviajeok.com.ar\/#\/schema\/person\/image\/\",\"url\":\"https:\/\/secure.gravatar.com\/avatar\/8a91a502a9336849a3500b9090c431bc1418f1d1263d893afeddba065f5add82?s=96&d=mm&r=g\",\"contentUrl\":\"https:\/\/secure.gravatar.com\/avatar\/8a91a502a9336849a3500b9090c431bc1418f1d1263d893afeddba065f5add82?s=96&d=mm&r=g\",\"caption\":\"Mariana Otero\"},\"url\":\"https:\/\/modoviajeok.com.ar\/index.php\/author\/mariana2025\/\"}]}<\/script>\n<!-- \/ Yoast SEO plugin. -->","yoast_head_json":{"title":"No somos islas: un entramado po\u00e9tico que une a Brasil y Argentina\u00a0 -","description":"Encuentro de mujeres brsile\u00f1as y argentinas de intercambios culturales. En la Casa de Penino, Ciudad de C\u00f3rdoba.","robots":{"index":"index","follow":"follow","max-snippet":"max-snippet:-1","max-image-preview":"max-image-preview:large","max-video-preview":"max-video-preview:-1"},"canonical":"https:\/\/modoviajeok.com.ar\/index.php\/2025\/06\/14\/no-somos-islas-un-entramado-poetico-que-une-a-brasil-y-argentina\/","og_locale":"es_ES","og_type":"article","og_title":"No somos islas: un entramado po\u00e9tico que une a Brasil y Argentina\u00a0 -","og_description":"Encuentro de mujeres brsile\u00f1as y argentinas de intercambios culturales. En la Casa de Penino, Ciudad de C\u00f3rdoba.","og_url":"https:\/\/modoviajeok.com.ar\/index.php\/2025\/06\/14\/no-somos-islas-un-entramado-poetico-que-une-a-brasil-y-argentina\/","article_publisher":"https:\/\/www.facebook.com\/mariana.otero1\/","article_published_time":"2025-06-14T11:51:20+00:00","article_modified_time":"2025-06-14T12:58:41+00:00","og_image":[{"width":1204,"height":1600,"url":"https:\/\/modoviajeok.com.ar\/wp-content\/uploads\/2025\/06\/WhatsApp-Image-2025-06-13-at-10.10.38.jpeg","type":"image\/jpeg"}],"author":"Mariana Otero","twitter_card":"summary_large_image","twitter_misc":{"Escrito por":"Mariana Otero","Tiempo de lectura":"11 minutos"},"schema":{"@context":"https:\/\/schema.org","@graph":[{"@type":"Article","@id":"https:\/\/modoviajeok.com.ar\/index.php\/2025\/06\/14\/no-somos-islas-un-entramado-poetico-que-une-a-brasil-y-argentina\/#article","isPartOf":{"@id":"https:\/\/modoviajeok.com.ar\/index.php\/2025\/06\/14\/no-somos-islas-un-entramado-poetico-que-une-a-brasil-y-argentina\/"},"author":{"name":"Mariana Otero","@id":"https:\/\/modoviajeok.com.ar\/#\/schema\/person\/1187013488537969db5b1320484d24f4"},"headline":"No somos islas: un entramado po\u00e9tico que une a Brasil y Argentina\u00a0","datePublished":"2025-06-14T11:51:20+00:00","dateModified":"2025-06-14T12:58:41+00:00","mainEntityOfPage":{"@id":"https:\/\/modoviajeok.com.ar\/index.php\/2025\/06\/14\/no-somos-islas-un-entramado-poetico-que-une-a-brasil-y-argentina\/"},"wordCount":1709,"commentCount":0,"publisher":{"@id":"https:\/\/modoviajeok.com.ar\/#organization"},"image":{"@id":"https:\/\/modoviajeok.com.ar\/index.php\/2025\/06\/14\/no-somos-islas-un-entramado-poetico-que-une-a-brasil-y-argentina\/#primaryimage"},"thumbnailUrl":"https:\/\/modoviajeok.com.ar\/wp-content\/uploads\/2025\/06\/WhatsApp-Image-2025-06-13-at-10.10.38.jpeg","keywords":["argentina","bordadoras","brasil","casa de pepino","c\u00f3rdoba","cultura","hilos","mina gerais","museo emilio caraffa","no somos islas","potencia editora","salvador de bahia","telas","unc"],"articleSection":["C\u00f3rdoba","Noticias"],"inLanguage":"es","potentialAction":[{"@type":"CommentAction","name":"Comment","target":["https:\/\/modoviajeok.com.ar\/index.php\/2025\/06\/14\/no-somos-islas-un-entramado-poetico-que-une-a-brasil-y-argentina\/#respond"]}]},{"@type":"WebPage","@id":"https:\/\/modoviajeok.com.ar\/index.php\/2025\/06\/14\/no-somos-islas-un-entramado-poetico-que-une-a-brasil-y-argentina\/","url":"https:\/\/modoviajeok.com.ar\/index.php\/2025\/06\/14\/no-somos-islas-un-entramado-poetico-que-une-a-brasil-y-argentina\/","name":"No somos islas: un entramado po\u00e9tico que une a Brasil y Argentina\u00a0 -","isPartOf":{"@id":"https:\/\/modoviajeok.com.ar\/#website"},"primaryImageOfPage":{"@id":"https:\/\/modoviajeok.com.ar\/index.php\/2025\/06\/14\/no-somos-islas-un-entramado-poetico-que-une-a-brasil-y-argentina\/#primaryimage"},"image":{"@id":"https:\/\/modoviajeok.com.ar\/index.php\/2025\/06\/14\/no-somos-islas-un-entramado-poetico-que-une-a-brasil-y-argentina\/#primaryimage"},"thumbnailUrl":"https:\/\/modoviajeok.com.ar\/wp-content\/uploads\/2025\/06\/WhatsApp-Image-2025-06-13-at-10.10.38.jpeg","datePublished":"2025-06-14T11:51:20+00:00","dateModified":"2025-06-14T12:58:41+00:00","description":"Encuentro de mujeres brsile\u00f1as y argentinas de intercambios culturales. En la Casa de Penino, Ciudad de C\u00f3rdoba.","breadcrumb":{"@id":"https:\/\/modoviajeok.com.ar\/index.php\/2025\/06\/14\/no-somos-islas-un-entramado-poetico-que-une-a-brasil-y-argentina\/#breadcrumb"},"inLanguage":"es","potentialAction":[{"@type":"ReadAction","target":["https:\/\/modoviajeok.com.ar\/index.php\/2025\/06\/14\/no-somos-islas-un-entramado-poetico-que-une-a-brasil-y-argentina\/"]}]},{"@type":"ImageObject","inLanguage":"es","@id":"https:\/\/modoviajeok.com.ar\/index.php\/2025\/06\/14\/no-somos-islas-un-entramado-poetico-que-une-a-brasil-y-argentina\/#primaryimage","url":"https:\/\/modoviajeok.com.ar\/wp-content\/uploads\/2025\/06\/WhatsApp-Image-2025-06-13-at-10.10.38.jpeg","contentUrl":"https:\/\/modoviajeok.com.ar\/wp-content\/uploads\/2025\/06\/WhatsApp-Image-2025-06-13-at-10.10.38.jpeg","width":1204,"height":1600},{"@type":"BreadcrumbList","@id":"https:\/\/modoviajeok.com.ar\/index.php\/2025\/06\/14\/no-somos-islas-un-entramado-poetico-que-une-a-brasil-y-argentina\/#breadcrumb","itemListElement":[{"@type":"ListItem","position":1,"name":"Portada","item":"https:\/\/modoviajeok.com.ar\/"},{"@type":"ListItem","position":2,"name":"No somos islas: un entramado po\u00e9tico que une a Brasil y Argentina\u00a0"}]},{"@type":"WebSite","@id":"https:\/\/modoviajeok.com.ar\/#website","url":"https:\/\/modoviajeok.com.ar\/","name":"ModoViajeOK","description":"","publisher":{"@id":"https:\/\/modoviajeok.com.ar\/#organization"},"potentialAction":[{"@type":"SearchAction","target":{"@type":"EntryPoint","urlTemplate":"https:\/\/modoviajeok.com.ar\/?s={search_term_string}"},"query-input":{"@type":"PropertyValueSpecification","valueRequired":true,"valueName":"search_term_string"}}],"inLanguage":"es"},{"@type":"Organization","@id":"https:\/\/modoviajeok.com.ar\/#organization","name":"ModoViajeOK","url":"https:\/\/modoviajeok.com.ar\/","logo":{"@type":"ImageObject","inLanguage":"es","@id":"https:\/\/modoviajeok.com.ar\/#\/schema\/logo\/image\/","url":"https:\/\/modoviajeok.com.ar\/wp-content\/uploads\/2025\/01\/Logo-modoviajeok.png","contentUrl":"https:\/\/modoviajeok.com.ar\/wp-content\/uploads\/2025\/01\/Logo-modoviajeok.png","width":2938,"height":2276,"caption":"ModoViajeOK"},"image":{"@id":"https:\/\/modoviajeok.com.ar\/#\/schema\/logo\/image\/"},"sameAs":["https:\/\/www.facebook.com\/mariana.otero1\/","https:\/\/www.instagram.com\/modoviaje.ok\/"]},{"@type":"Person","@id":"https:\/\/modoviajeok.com.ar\/#\/schema\/person\/1187013488537969db5b1320484d24f4","name":"Mariana Otero","image":{"@type":"ImageObject","inLanguage":"es","@id":"https:\/\/modoviajeok.com.ar\/#\/schema\/person\/image\/","url":"https:\/\/secure.gravatar.com\/avatar\/8a91a502a9336849a3500b9090c431bc1418f1d1263d893afeddba065f5add82?s=96&d=mm&r=g","contentUrl":"https:\/\/secure.gravatar.com\/avatar\/8a91a502a9336849a3500b9090c431bc1418f1d1263d893afeddba065f5add82?s=96&d=mm&r=g","caption":"Mariana Otero"},"url":"https:\/\/modoviajeok.com.ar\/index.php\/author\/mariana2025\/"}]}},"_links":{"self":[{"href":"https:\/\/modoviajeok.com.ar\/index.php\/wp-json\/wp\/v2\/posts\/4279","targetHints":{"allow":["GET"]}}],"collection":[{"href":"https:\/\/modoviajeok.com.ar\/index.php\/wp-json\/wp\/v2\/posts"}],"about":[{"href":"https:\/\/modoviajeok.com.ar\/index.php\/wp-json\/wp\/v2\/types\/post"}],"author":[{"embeddable":true,"href":"https:\/\/modoviajeok.com.ar\/index.php\/wp-json\/wp\/v2\/users\/2"}],"replies":[{"embeddable":true,"href":"https:\/\/modoviajeok.com.ar\/index.php\/wp-json\/wp\/v2\/comments?post=4279"}],"version-history":[{"count":2,"href":"https:\/\/modoviajeok.com.ar\/index.php\/wp-json\/wp\/v2\/posts\/4279\/revisions"}],"predecessor-version":[{"id":4297,"href":"https:\/\/modoviajeok.com.ar\/index.php\/wp-json\/wp\/v2\/posts\/4279\/revisions\/4297"}],"wp:featuredmedia":[{"embeddable":true,"href":"https:\/\/modoviajeok.com.ar\/index.php\/wp-json\/wp\/v2\/media\/4285"}],"wp:attachment":[{"href":"https:\/\/modoviajeok.com.ar\/index.php\/wp-json\/wp\/v2\/media?parent=4279"}],"wp:term":[{"taxonomy":"category","embeddable":true,"href":"https:\/\/modoviajeok.com.ar\/index.php\/wp-json\/wp\/v2\/categories?post=4279"},{"taxonomy":"post_tag","embeddable":true,"href":"https:\/\/modoviajeok.com.ar\/index.php\/wp-json\/wp\/v2\/tags?post=4279"}],"curies":[{"name":"wp","href":"https:\/\/api.w.org\/{rel}","templated":true}]}}