{"id":4298,"date":"2025-06-13T11:43:47","date_gmt":"2025-06-13T14:43:47","guid":{"rendered":"https:\/\/modoviajeok.com.ar\/?p=4298"},"modified":"2025-06-13T11:43:48","modified_gmt":"2025-06-13T14:43:48","slug":"el-cicloturismo-gana-espacio-en-la-agenda-de-junio","status":"publish","type":"post","link":"https:\/\/modoviajeok.com.ar\/index.php\/2025\/06\/13\/el-cicloturismo-gana-espacio-en-la-agenda-de-junio\/","title":{"rendered":"El cicloturismo gana espacio en la agenda de Junio"},"content":{"rendered":"\n<figure class=\"wp-block-pullquote\"><blockquote><p>\u00abSumar ciclismo y los paisajes cordobeses les brinda a los turistas la posibilidad de disfrutar C\u00f3rdoba de una forma \u00fanica\u00bb Dar\u00edo Capitani, presidente de la Agencia C\u00f3rdoba Turismo.<\/p><\/blockquote><\/figure>\n\n\n\n<p><\/p>\n\n\n\n<figure class=\"wp-block-image size-full\"><img loading=\"lazy\" decoding=\"async\" width=\"1536\" height=\"864\" src=\"https:\/\/modoviajeok.com.ar\/wp-content\/uploads\/2025\/06\/WhatsApp-Image-2025-06-11-at-09.32.56-1536x864-1.jpeg\" alt=\"\" class=\"wp-image-4301\" srcset=\"https:\/\/modoviajeok.com.ar\/wp-content\/uploads\/2025\/06\/WhatsApp-Image-2025-06-11-at-09.32.56-1536x864-1.jpeg 1536w, https:\/\/modoviajeok.com.ar\/wp-content\/uploads\/2025\/06\/WhatsApp-Image-2025-06-11-at-09.32.56-1536x864-1-768x432.jpeg 768w, https:\/\/modoviajeok.com.ar\/wp-content\/uploads\/2025\/06\/WhatsApp-Image-2025-06-11-at-09.32.56-1536x864-1-747x420.jpeg 747w, https:\/\/modoviajeok.com.ar\/wp-content\/uploads\/2025\/06\/WhatsApp-Image-2025-06-11-at-09.32.56-1536x864-1-150x84.jpeg 150w, https:\/\/modoviajeok.com.ar\/wp-content\/uploads\/2025\/06\/WhatsApp-Image-2025-06-11-at-09.32.56-1536x864-1-300x169.jpeg 300w, https:\/\/modoviajeok.com.ar\/wp-content\/uploads\/2025\/06\/WhatsApp-Image-2025-06-11-at-09.32.56-1536x864-1-696x392.jpeg 696w, https:\/\/modoviajeok.com.ar\/wp-content\/uploads\/2025\/06\/WhatsApp-Image-2025-06-11-at-09.32.56-1536x864-1-1068x601.jpeg 1068w\" sizes=\"auto, (max-width: 1536px) 100vw, 1536px\" \/><\/figure>\n\n\n\n<p><\/p>\n\n\n\n<p>Desde Villa del Totoral, la Agencia C\u00f3rdoba Turismo con el acompa\u00f1amiento de municipios de toda la provincia, present\u00f3 una agenda especial de actividades de cicloturismo.<br>El ciclismo es una de las actividades recreativas, tur\u00edsticas y deportivas que m\u00e1s se ha desarrollado post pandemia, motivada por la necesidad de las personas de tomar contacto con la naturaleza y conocer nuevos lugares, disfrutando del aire libre.<\/p>\n\n\n\n<p>El presidente de la Agencia C\u00f3rdoba Turismo, Dar\u00edo Capitani destac\u00f3 las actividades propuestas como \u201cuna agenda moderna, din\u00e1mica y \u00fanica. Sumar ciclismo y los paisajes cordobeses les brinda a los turistas la posibilidad de disfrutar C\u00f3rdoba de una forma \u00fanica. Seguimos trabajando junto a los municipios y los prestadores tur\u00edsticos para destacar a la provincia como uno de los destinos m\u00e1s elegidos del pa\u00eds\u201d, expres\u00f3.<\/p>\n\n\n\n<p>Junto a Capitani estuvieron: la intendente de Villa del Totoral, Cecilia Garay, la Secretaria de Turismo de Miramar de Ansenuza, Silvina Arrieta, el Secretario de Turismo Deporte y Recreaci\u00f3n de Embalse, Fabricio Molina, Presidentes Comunales, Secretarios y directores de turismo de localidades cordobesas, Miembros del Directorio de la Agencia C\u00f3rdoba Turismo y Prestadores de Turismo Alternativo.<\/p>\n\n\n\n<p>Destacar a junio como Mes del Cicloturismo en C\u00f3rdoba tiene como objetivo revalorizar los circuitos que la provincia ofrece para recorrerla en bicicleta. Es una propuesta para romper con la estacionalidad, porque C\u00f3rdoba es un destino tur\u00edstico posible de visitar durante todo el a\u00f1o.<\/p>\n\n\n\n<p>Programaci\u00f3n completa del Mes del Cicloturismo:<a href=\"https:\/\/modoviajeok.com.ar\/wp-content\/uploads\/2025\/06\/Calendario-Cicloturismo-Prensa-1-1.pdf\">https:\/\/modoviajeok.com.ar\/wp-content\/uploads\/2025\/06\/Calendario-Cicloturismo-Prensa-1-1.pdf<\/a><\/p>\n\n\n\n<p><\/p>\n","protected":false},"excerpt":{"rendered":"<p>\u00abSumar ciclismo y los paisajes cordobeses les brinda a los turistas la posibilidad de disfrutar C\u00f3rdoba de una forma \u00fanica\u00bb Dar\u00edo Capitani, presidente de la Agencia C\u00f3rdoba Turismo. Desde Villa del Totoral, la Agencia C\u00f3rdoba Turismo con el acompa\u00f1amiento de municipios de toda la provincia, present\u00f3 una agenda especial de actividades de cicloturismo.El ciclismo es [&hellip;]<\/p>\n","protected":false},"author":3,"featured_media":4302,"comment_status":"open","ping_status":"open","sticky":false,"template":"","format":"standard","meta":{"_acf_changed":false,"footnotes":""},"categories":[11,10],"tags":[1020,955],"class_list":{"0":"post-4298","1":"post","2":"type-post","3":"status-publish","4":"format-standard","5":"has-post-thumbnail","7":"category-cordoba","8":"category-noticias","9":"tag-cicloturismo","10":"tag-villa-del-totoral"},"acf":[],"yoast_head":"<!-- This site is optimized with the Yoast SEO plugin v24.8.1 - https:\/\/yoast.com\/wordpress\/plugins\/seo\/ -->\n<title>El cicloturismo gana espacio en la agenda de Junio -<\/title>\n<meta name=\"robots\" content=\"index, follow, max-snippet:-1, max-image-preview:large, max-video-preview:-1\" \/>\n<link rel=\"canonical\" href=\"https:\/\/modoviajeok.com.ar\/index.php\/2025\/06\/13\/el-cicloturismo-gana-espacio-en-la-agenda-de-junio\/\" \/>\n<meta property=\"og:locale\" content=\"es_ES\" \/>\n<meta property=\"og:type\" content=\"article\" \/>\n<meta property=\"og:title\" content=\"El cicloturismo gana espacio en la agenda de Junio -\" \/>\n<meta property=\"og:description\" content=\"\u00abSumar ciclismo y los paisajes cordobeses les brinda a los turistas la posibilidad de disfrutar C\u00f3rdoba de una forma \u00fanica\u00bb Dar\u00edo Capitani, presidente de la Agencia C\u00f3rdoba Turismo. Desde Villa del Totoral, la Agencia C\u00f3rdoba Turismo con el acompa\u00f1amiento de municipios de toda la provincia, present\u00f3 una agenda especial de actividades de cicloturismo.El ciclismo es [&hellip;]\" \/>\n<meta property=\"og:url\" content=\"https:\/\/modoviajeok.com.ar\/index.php\/2025\/06\/13\/el-cicloturismo-gana-espacio-en-la-agenda-de-junio\/\" \/>\n<meta property=\"article:publisher\" content=\"https:\/\/www.facebook.com\/mariana.otero1\/\" \/>\n<meta property=\"article:published_time\" content=\"2025-06-13T14:43:47+00:00\" \/>\n<meta property=\"article:modified_time\" content=\"2025-06-13T14:43:48+00:00\" \/>\n<meta property=\"og:image\" content=\"https:\/\/modoviajeok.com.ar\/wp-content\/uploads\/2025\/06\/WhatsApp-Image-2025-06-11-at-09.07.42-1.jpg\" \/>\n\t<meta property=\"og:image:width\" content=\"843\" \/>\n\t<meta property=\"og:image:height\" content=\"756\" \/>\n\t<meta property=\"og:image:type\" content=\"image\/jpeg\" \/>\n<meta name=\"author\" content=\"Pepe Segura\" \/>\n<meta name=\"twitter:card\" content=\"summary_large_image\" \/>\n<meta name=\"twitter:label1\" content=\"Escrito por\" \/>\n\t<meta name=\"twitter:data1\" content=\"Pepe Segura\" \/>\n\t<meta name=\"twitter:label2\" content=\"Tiempo de lectura\" \/>\n\t<meta name=\"twitter:data2\" content=\"2 minutos\" \/>\n<script type=\"application\/ld+json\" class=\"yoast-schema-graph\">{\"@context\":\"https:\/\/schema.org\",\"@graph\":[{\"@type\":\"Article\",\"@id\":\"https:\/\/modoviajeok.com.ar\/index.php\/2025\/06\/13\/el-cicloturismo-gana-espacio-en-la-agenda-de-junio\/#article\",\"isPartOf\":{\"@id\":\"https:\/\/modoviajeok.com.ar\/index.php\/2025\/06\/13\/el-cicloturismo-gana-espacio-en-la-agenda-de-junio\/\"},\"author\":{\"name\":\"Pepe Segura\",\"@id\":\"https:\/\/modoviajeok.com.ar\/#\/schema\/person\/2e299ed0d3d412a01d244fe28260d7f5\"},\"headline\":\"El cicloturismo gana espacio en la agenda de Junio\",\"datePublished\":\"2025-06-13T14:43:47+00:00\",\"dateModified\":\"2025-06-13T14:43:48+00:00\",\"mainEntityOfPage\":{\"@id\":\"https:\/\/modoviajeok.com.ar\/index.php\/2025\/06\/13\/el-cicloturismo-gana-espacio-en-la-agenda-de-junio\/\"},\"wordCount\":302,\"commentCount\":0,\"publisher\":{\"@id\":\"https:\/\/modoviajeok.com.ar\/#organization\"},\"image\":{\"@id\":\"https:\/\/modoviajeok.com.ar\/index.php\/2025\/06\/13\/el-cicloturismo-gana-espacio-en-la-agenda-de-junio\/#primaryimage\"},\"thumbnailUrl\":\"https:\/\/modoviajeok.com.ar\/wp-content\/uploads\/2025\/06\/WhatsApp-Image-2025-06-11-at-09.07.42-1.jpg\",\"keywords\":[\"cicloturismo\",\"villa del totoral\"],\"articleSection\":[\"C\u00f3rdoba\",\"Noticias\"],\"inLanguage\":\"es\",\"potentialAction\":[{\"@type\":\"CommentAction\",\"name\":\"Comment\",\"target\":[\"https:\/\/modoviajeok.com.ar\/index.php\/2025\/06\/13\/el-cicloturismo-gana-espacio-en-la-agenda-de-junio\/#respond\"]}]},{\"@type\":\"WebPage\",\"@id\":\"https:\/\/modoviajeok.com.ar\/index.php\/2025\/06\/13\/el-cicloturismo-gana-espacio-en-la-agenda-de-junio\/\",\"url\":\"https:\/\/modoviajeok.com.ar\/index.php\/2025\/06\/13\/el-cicloturismo-gana-espacio-en-la-agenda-de-junio\/\",\"name\":\"El cicloturismo gana espacio en la agenda de Junio -\",\"isPartOf\":{\"@id\":\"https:\/\/modoviajeok.com.ar\/#website\"},\"primaryImageOfPage\":{\"@id\":\"https:\/\/modoviajeok.com.ar\/index.php\/2025\/06\/13\/el-cicloturismo-gana-espacio-en-la-agenda-de-junio\/#primaryimage\"},\"image\":{\"@id\":\"https:\/\/modoviajeok.com.ar\/index.php\/2025\/06\/13\/el-cicloturismo-gana-espacio-en-la-agenda-de-junio\/#primaryimage\"},\"thumbnailUrl\":\"https:\/\/modoviajeok.com.ar\/wp-content\/uploads\/2025\/06\/WhatsApp-Image-2025-06-11-at-09.07.42-1.jpg\",\"datePublished\":\"2025-06-13T14:43:47+00:00\",\"dateModified\":\"2025-06-13T14:43:48+00:00\",\"breadcrumb\":{\"@id\":\"https:\/\/modoviajeok.com.ar\/index.php\/2025\/06\/13\/el-cicloturismo-gana-espacio-en-la-agenda-de-junio\/#breadcrumb\"},\"inLanguage\":\"es\",\"potentialAction\":[{\"@type\":\"ReadAction\",\"target\":[\"https:\/\/modoviajeok.com.ar\/index.php\/2025\/06\/13\/el-cicloturismo-gana-espacio-en-la-agenda-de-junio\/\"]}]},{\"@type\":\"ImageObject\",\"inLanguage\":\"es\",\"@id\":\"https:\/\/modoviajeok.com.ar\/index.php\/2025\/06\/13\/el-cicloturismo-gana-espacio-en-la-agenda-de-junio\/#primaryimage\",\"url\":\"https:\/\/modoviajeok.com.ar\/wp-content\/uploads\/2025\/06\/WhatsApp-Image-2025-06-11-at-09.07.42-1.jpg\",\"contentUrl\":\"https:\/\/modoviajeok.com.ar\/wp-content\/uploads\/2025\/06\/WhatsApp-Image-2025-06-11-at-09.07.42-1.jpg\",\"width\":843,\"height\":756},{\"@type\":\"BreadcrumbList\",\"@id\":\"https:\/\/modoviajeok.com.ar\/index.php\/2025\/06\/13\/el-cicloturismo-gana-espacio-en-la-agenda-de-junio\/#breadcrumb\",\"itemListElement\":[{\"@type\":\"ListItem\",\"position\":1,\"name\":\"Portada\",\"item\":\"https:\/\/modoviajeok.com.ar\/\"},{\"@type\":\"ListItem\",\"position\":2,\"name\":\"El cicloturismo gana espacio en la agenda de Junio\"}]},{\"@type\":\"WebSite\",\"@id\":\"https:\/\/modoviajeok.com.ar\/#website\",\"url\":\"https:\/\/modoviajeok.com.ar\/\",\"name\":\"ModoViajeOK\",\"description\":\"\",\"publisher\":{\"@id\":\"https:\/\/modoviajeok.com.ar\/#organization\"},\"potentialAction\":[{\"@type\":\"SearchAction\",\"target\":{\"@type\":\"EntryPoint\",\"urlTemplate\":\"https:\/\/modoviajeok.com.ar\/?s={search_term_string}\"},\"query-input\":{\"@type\":\"PropertyValueSpecification\",\"valueRequired\":true,\"valueName\":\"search_term_string\"}}],\"inLanguage\":\"es\"},{\"@type\":\"Organization\",\"@id\":\"https:\/\/modoviajeok.com.ar\/#organization\",\"name\":\"ModoViajeOK\",\"url\":\"https:\/\/modoviajeok.com.ar\/\",\"logo\":{\"@type\":\"ImageObject\",\"inLanguage\":\"es\",\"@id\":\"https:\/\/modoviajeok.com.ar\/#\/schema\/logo\/image\/\",\"url\":\"https:\/\/modoviajeok.com.ar\/wp-content\/uploads\/2025\/01\/Logo-modoviajeok.png\",\"contentUrl\":\"https:\/\/modoviajeok.com.ar\/wp-content\/uploads\/2025\/01\/Logo-modoviajeok.png\",\"width\":2938,\"height\":2276,\"caption\":\"ModoViajeOK\"},\"image\":{\"@id\":\"https:\/\/modoviajeok.com.ar\/#\/schema\/logo\/image\/\"},\"sameAs\":[\"https:\/\/www.facebook.com\/mariana.otero1\/\",\"https:\/\/www.instagram.com\/modoviaje.ok\/\"]},{\"@type\":\"Person\",\"@id\":\"https:\/\/modoviajeok.com.ar\/#\/schema\/person\/2e299ed0d3d412a01d244fe28260d7f5\",\"name\":\"Pepe Segura\",\"image\":{\"@type\":\"ImageObject\",\"inLanguage\":\"es\",\"@id\":\"https:\/\/modoviajeok.com.ar\/#\/schema\/person\/image\/\",\"url\":\"https:\/\/secure.gravatar.com\/avatar\/65eb4b34deed761327f5b2c5535b987318ae807900ac46426de7258f5de6d345?s=96&d=mm&r=g\",\"contentUrl\":\"https:\/\/secure.gravatar.com\/avatar\/65eb4b34deed761327f5b2c5535b987318ae807900ac46426de7258f5de6d345?s=96&d=mm&r=g\",\"caption\":\"Pepe Segura\"},\"url\":\"https:\/\/modoviajeok.com.ar\/index.php\/author\/pepe2025\/\"}]}<\/script>\n<!-- \/ Yoast SEO plugin. -->","yoast_head_json":{"title":"El cicloturismo gana espacio en la agenda de Junio -","robots":{"index":"index","follow":"follow","max-snippet":"max-snippet:-1","max-image-preview":"max-image-preview:large","max-video-preview":"max-video-preview:-1"},"canonical":"https:\/\/modoviajeok.com.ar\/index.php\/2025\/06\/13\/el-cicloturismo-gana-espacio-en-la-agenda-de-junio\/","og_locale":"es_ES","og_type":"article","og_title":"El cicloturismo gana espacio en la agenda de Junio -","og_description":"\u00abSumar ciclismo y los paisajes cordobeses les brinda a los turistas la posibilidad de disfrutar C\u00f3rdoba de una forma \u00fanica\u00bb Dar\u00edo Capitani, presidente de la Agencia C\u00f3rdoba Turismo. Desde Villa del Totoral, la Agencia C\u00f3rdoba Turismo con el acompa\u00f1amiento de municipios de toda la provincia, present\u00f3 una agenda especial de actividades de cicloturismo.El ciclismo es [&hellip;]","og_url":"https:\/\/modoviajeok.com.ar\/index.php\/2025\/06\/13\/el-cicloturismo-gana-espacio-en-la-agenda-de-junio\/","article_publisher":"https:\/\/www.facebook.com\/mariana.otero1\/","article_published_time":"2025-06-13T14:43:47+00:00","article_modified_time":"2025-06-13T14:43:48+00:00","og_image":[{"width":843,"height":756,"url":"https:\/\/modoviajeok.com.ar\/wp-content\/uploads\/2025\/06\/WhatsApp-Image-2025-06-11-at-09.07.42-1.jpg","type":"image\/jpeg"}],"author":"Pepe Segura","twitter_card":"summary_large_image","twitter_misc":{"Escrito por":"Pepe Segura","Tiempo de lectura":"2 minutos"},"schema":{"@context":"https:\/\/schema.org","@graph":[{"@type":"Article","@id":"https:\/\/modoviajeok.com.ar\/index.php\/2025\/06\/13\/el-cicloturismo-gana-espacio-en-la-agenda-de-junio\/#article","isPartOf":{"@id":"https:\/\/modoviajeok.com.ar\/index.php\/2025\/06\/13\/el-cicloturismo-gana-espacio-en-la-agenda-de-junio\/"},"author":{"name":"Pepe Segura","@id":"https:\/\/modoviajeok.com.ar\/#\/schema\/person\/2e299ed0d3d412a01d244fe28260d7f5"},"headline":"El cicloturismo gana espacio en la agenda de Junio","datePublished":"2025-06-13T14:43:47+00:00","dateModified":"2025-06-13T14:43:48+00:00","mainEntityOfPage":{"@id":"https:\/\/modoviajeok.com.ar\/index.php\/2025\/06\/13\/el-cicloturismo-gana-espacio-en-la-agenda-de-junio\/"},"wordCount":302,"commentCount":0,"publisher":{"@id":"https:\/\/modoviajeok.com.ar\/#organization"},"image":{"@id":"https:\/\/modoviajeok.com.ar\/index.php\/2025\/06\/13\/el-cicloturismo-gana-espacio-en-la-agenda-de-junio\/#primaryimage"},"thumbnailUrl":"https:\/\/modoviajeok.com.ar\/wp-content\/uploads\/2025\/06\/WhatsApp-Image-2025-06-11-at-09.07.42-1.jpg","keywords":["cicloturismo","villa del totoral"],"articleSection":["C\u00f3rdoba","Noticias"],"inLanguage":"es","potentialAction":[{"@type":"CommentAction","name":"Comment","target":["https:\/\/modoviajeok.com.ar\/index.php\/2025\/06\/13\/el-cicloturismo-gana-espacio-en-la-agenda-de-junio\/#respond"]}]},{"@type":"WebPage","@id":"https:\/\/modoviajeok.com.ar\/index.php\/2025\/06\/13\/el-cicloturismo-gana-espacio-en-la-agenda-de-junio\/","url":"https:\/\/modoviajeok.com.ar\/index.php\/2025\/06\/13\/el-cicloturismo-gana-espacio-en-la-agenda-de-junio\/","name":"El cicloturismo gana espacio en la agenda de Junio -","isPartOf":{"@id":"https:\/\/modoviajeok.com.ar\/#website"},"primaryImageOfPage":{"@id":"https:\/\/modoviajeok.com.ar\/index.php\/2025\/06\/13\/el-cicloturismo-gana-espacio-en-la-agenda-de-junio\/#primaryimage"},"image":{"@id":"https:\/\/modoviajeok.com.ar\/index.php\/2025\/06\/13\/el-cicloturismo-gana-espacio-en-la-agenda-de-junio\/#primaryimage"},"thumbnailUrl":"https:\/\/modoviajeok.com.ar\/wp-content\/uploads\/2025\/06\/WhatsApp-Image-2025-06-11-at-09.07.42-1.jpg","datePublished":"2025-06-13T14:43:47+00:00","dateModified":"2025-06-13T14:43:48+00:00","breadcrumb":{"@id":"https:\/\/modoviajeok.com.ar\/index.php\/2025\/06\/13\/el-cicloturismo-gana-espacio-en-la-agenda-de-junio\/#breadcrumb"},"inLanguage":"es","potentialAction":[{"@type":"ReadAction","target":["https:\/\/modoviajeok.com.ar\/index.php\/2025\/06\/13\/el-cicloturismo-gana-espacio-en-la-agenda-de-junio\/"]}]},{"@type":"ImageObject","inLanguage":"es","@id":"https:\/\/modoviajeok.com.ar\/index.php\/2025\/06\/13\/el-cicloturismo-gana-espacio-en-la-agenda-de-junio\/#primaryimage","url":"https:\/\/modoviajeok.com.ar\/wp-content\/uploads\/2025\/06\/WhatsApp-Image-2025-06-11-at-09.07.42-1.jpg","contentUrl":"https:\/\/modoviajeok.com.ar\/wp-content\/uploads\/2025\/06\/WhatsApp-Image-2025-06-11-at-09.07.42-1.jpg","width":843,"height":756},{"@type":"BreadcrumbList","@id":"https:\/\/modoviajeok.com.ar\/index.php\/2025\/06\/13\/el-cicloturismo-gana-espacio-en-la-agenda-de-junio\/#breadcrumb","itemListElement":[{"@type":"ListItem","position":1,"name":"Portada","item":"https:\/\/modoviajeok.com.ar\/"},{"@type":"ListItem","position":2,"name":"El cicloturismo gana espacio en la agenda de Junio"}]},{"@type":"WebSite","@id":"https:\/\/modoviajeok.com.ar\/#website","url":"https:\/\/modoviajeok.com.ar\/","name":"ModoViajeOK","description":"","publisher":{"@id":"https:\/\/modoviajeok.com.ar\/#organization"},"potentialAction":[{"@type":"SearchAction","target":{"@type":"EntryPoint","urlTemplate":"https:\/\/modoviajeok.com.ar\/?s={search_term_string}"},"query-input":{"@type":"PropertyValueSpecification","valueRequired":true,"valueName":"search_term_string"}}],"inLanguage":"es"},{"@type":"Organization","@id":"https:\/\/modoviajeok.com.ar\/#organization","name":"ModoViajeOK","url":"https:\/\/modoviajeok.com.ar\/","logo":{"@type":"ImageObject","inLanguage":"es","@id":"https:\/\/modoviajeok.com.ar\/#\/schema\/logo\/image\/","url":"https:\/\/modoviajeok.com.ar\/wp-content\/uploads\/2025\/01\/Logo-modoviajeok.png","contentUrl":"https:\/\/modoviajeok.com.ar\/wp-content\/uploads\/2025\/01\/Logo-modoviajeok.png","width":2938,"height":2276,"caption":"ModoViajeOK"},"image":{"@id":"https:\/\/modoviajeok.com.ar\/#\/schema\/logo\/image\/"},"sameAs":["https:\/\/www.facebook.com\/mariana.otero1\/","https:\/\/www.instagram.com\/modoviaje.ok\/"]},{"@type":"Person","@id":"https:\/\/modoviajeok.com.ar\/#\/schema\/person\/2e299ed0d3d412a01d244fe28260d7f5","name":"Pepe Segura","image":{"@type":"ImageObject","inLanguage":"es","@id":"https:\/\/modoviajeok.com.ar\/#\/schema\/person\/image\/","url":"https:\/\/secure.gravatar.com\/avatar\/65eb4b34deed761327f5b2c5535b987318ae807900ac46426de7258f5de6d345?s=96&d=mm&r=g","contentUrl":"https:\/\/secure.gravatar.com\/avatar\/65eb4b34deed761327f5b2c5535b987318ae807900ac46426de7258f5de6d345?s=96&d=mm&r=g","caption":"Pepe Segura"},"url":"https:\/\/modoviajeok.com.ar\/index.php\/author\/pepe2025\/"}]}},"_links":{"self":[{"href":"https:\/\/modoviajeok.com.ar\/index.php\/wp-json\/wp\/v2\/posts\/4298","targetHints":{"allow":["GET"]}}],"collection":[{"href":"https:\/\/modoviajeok.com.ar\/index.php\/wp-json\/wp\/v2\/posts"}],"about":[{"href":"https:\/\/modoviajeok.com.ar\/index.php\/wp-json\/wp\/v2\/types\/post"}],"author":[{"embeddable":true,"href":"https:\/\/modoviajeok.com.ar\/index.php\/wp-json\/wp\/v2\/users\/3"}],"replies":[{"embeddable":true,"href":"https:\/\/modoviajeok.com.ar\/index.php\/wp-json\/wp\/v2\/comments?post=4298"}],"version-history":[{"count":1,"href":"https:\/\/modoviajeok.com.ar\/index.php\/wp-json\/wp\/v2\/posts\/4298\/revisions"}],"predecessor-version":[{"id":4304,"href":"https:\/\/modoviajeok.com.ar\/index.php\/wp-json\/wp\/v2\/posts\/4298\/revisions\/4304"}],"wp:featuredmedia":[{"embeddable":true,"href":"https:\/\/modoviajeok.com.ar\/index.php\/wp-json\/wp\/v2\/media\/4302"}],"wp:attachment":[{"href":"https:\/\/modoviajeok.com.ar\/index.php\/wp-json\/wp\/v2\/media?parent=4298"}],"wp:term":[{"taxonomy":"category","embeddable":true,"href":"https:\/\/modoviajeok.com.ar\/index.php\/wp-json\/wp\/v2\/categories?post=4298"},{"taxonomy":"post_tag","embeddable":true,"href":"https:\/\/modoviajeok.com.ar\/index.php\/wp-json\/wp\/v2\/tags?post=4298"}],"curies":[{"name":"wp","href":"https:\/\/api.w.org\/{rel}","templated":true}]}}