{"id":4367,"date":"2025-06-18T11:36:36","date_gmt":"2025-06-18T14:36:36","guid":{"rendered":"https:\/\/modoviajeok.com.ar\/?p=4367"},"modified":"2025-07-06T13:42:46","modified_gmt":"2025-07-06T16:42:46","slug":"cordoba-y-bogota-unidas-por-avianca-con-vuelos-directos","status":"publish","type":"post","link":"https:\/\/modoviajeok.com.ar\/index.php\/2025\/06\/18\/cordoba-y-bogota-unidas-por-avianca-con-vuelos-directos\/","title":{"rendered":"C\u00f3rdoba y Bogot\u00e1, unidas por Avianca con vuelos directos"},"content":{"rendered":"\n<p><\/p>\n\n\n\n<figure class=\"wp-block-pullquote\"><blockquote><p>La l\u00ednea a\u00e9rea colombiana comenz\u00f3 a operar tres frecuencias semanales que fortalecen la conectividad internacional de la provincia. <\/p><\/blockquote><\/figure>\n\n\n\n<figure class=\"wp-block-pullquote\"><blockquote><p> C\u00f3rdoba registr\u00f3 en abril de 2025 un total de 462 vuelos internacionales mensuales, lo que representa un crecimiento del 73,68 % respecto al mismo mes de 2023.<\/p><\/blockquote><\/figure>\n\n\n\n<figure class=\"wp-block-image size-full\"><img loading=\"lazy\" decoding=\"async\" width=\"1071\" height=\"1118\" src=\"https:\/\/modoviajeok.com.ar\/wp-content\/uploads\/2025\/06\/WhatsApp-Image-2025-06-17-at-12.40.33-PM.jpeg\" alt=\"\" class=\"wp-image-4369\" srcset=\"https:\/\/modoviajeok.com.ar\/wp-content\/uploads\/2025\/06\/WhatsApp-Image-2025-06-17-at-12.40.33-PM.jpeg 1071w, https:\/\/modoviajeok.com.ar\/wp-content\/uploads\/2025\/06\/WhatsApp-Image-2025-06-17-at-12.40.33-PM-768x802.jpeg 768w, https:\/\/modoviajeok.com.ar\/wp-content\/uploads\/2025\/06\/WhatsApp-Image-2025-06-17-at-12.40.33-PM-402x420.jpeg 402w, https:\/\/modoviajeok.com.ar\/wp-content\/uploads\/2025\/06\/WhatsApp-Image-2025-06-17-at-12.40.33-PM-150x157.jpeg 150w, https:\/\/modoviajeok.com.ar\/wp-content\/uploads\/2025\/06\/WhatsApp-Image-2025-06-17-at-12.40.33-PM-300x313.jpeg 300w, https:\/\/modoviajeok.com.ar\/wp-content\/uploads\/2025\/06\/WhatsApp-Image-2025-06-17-at-12.40.33-PM-696x727.jpeg 696w, https:\/\/modoviajeok.com.ar\/wp-content\/uploads\/2025\/06\/WhatsApp-Image-2025-06-17-at-12.40.33-PM-1068x1115.jpeg 1068w\" sizes=\"auto, (max-width: 1071px) 100vw, 1071px\" \/><figcaption class=\"wp-element-caption\">Dario Capitani: \u00abEs una oportunidad para que m\u00e1s turistas lleguen desde Latinoam\u00e9rica y el mundo sin pasar por Buenos Aires\u00bb. <\/figcaption><\/figure>\n\n\n\n<p>El Centro de Convenciones C\u00f3rdoba fue el lugar elegido para la presentaci\u00f3n oficial del vuelo inaugural directo entre Bogot\u00e1 y C\u00f3rdoba de la aerol\u00ednea Avianca. En el lanzamiento del nuevo servicio, autoridades provinciales, referentes del sector tur\u00edstico y representantes de la compa\u00f1\u00eda a\u00e9rea, destacaron el nuevo hito en la pol\u00edtica de conectividad internacional que viene impulsando el Gobierno de C\u00f3rdoba.<\/p>\n\n\n\n<p>El encuentro, realizado el pasado martes, fue encabezado por la Vicegobernadora Myriam Prunotto, el presidente de la Agencia C\u00f3rdoba Turismo, Dar\u00edo Capitani; la directora global de Relaciones Institucionales de Avianca, Viviana Martin; y el jefe de Planificaci\u00f3n Operativa de Aeropuertos Argentina 2000, Bruno Marcello. &nbsp;<\/p>\n\n\n\n<p>Durante el acto, Capitani destac\u00f3: \u201cTrabajamos de manera sostenida, siguiendo la visi\u00f3n del gobernador Llaryora, para recuperar y fortalecer la conectividad a\u00e9rea internacional de C\u00f3rdoba. Este vuelo directo con Avianca es mucho m\u00e1s que una nueva ruta: es una oportunidad para que m\u00e1s turistas lleguen desde Latinoam\u00e9rica y el mundo al coraz\u00f3n de Argentina, sin pasar por Buenos Aires \u201d.\u00a0Adem\u00e1s, subray\u00f3: \u201cEsta pol\u00edtica forma parte de una estrategia del gobernador Martin Llaryora que busca una mayor integraci\u00f3n regional y el desarrollo econ\u00f3mico a trav\u00e9s del turismo, y el comercio exterior\u201d.<\/p>\n\n\n\n<p>Finalmente, Viviana Martin, de Avianca, detall\u00f3:&nbsp;\u201cAc\u00e1 ganamos todos, gracias a las autoridades. Traemos m\u00e1s turismo receptivo, que de boca en boca cuenten las maravillas de C\u00f3rdoba\u201d.<\/p>\n\n\n\n<p>El vuelo Bogot\u00e1\u2013C\u00f3rdoba operado por Avianca tendr\u00e1 tres frecuencias semanales \u2014martes, jueves y s\u00e1bados\u2014 y ser\u00e1 realizado con aviones A320, con capacidad para 180 pasajeros. De esta forma, C\u00f3rdoba se vincula por primera vez en su historia de manera directa con el Aeropuerto Internacional El Dorado de Bogot\u00e1, el m\u00e1s conectado de Am\u00e9rica Latina.<\/p>\n\n\n\n<p>Esta nueva conexi\u00f3n se enmarca en un contexto de crecimiento sostenido. Seg\u00fan datos de la Administraci\u00f3n Nacional de Aviaci\u00f3n Civil (ANAC), C\u00f3rdoba registr\u00f3 en abril de 2025 un total de 462 vuelos internacionales mensuales, lo que representa un crecimiento del 73,68 % respecto al mismo mes de 2023.<\/p>\n\n\n\n\n\n<p><strong>Entre las nuevas rutas estrat\u00e9gicas recientemente incorporadas se destacan:<\/strong><\/p>\n\n\n\n<ul class=\"wp-block-list\">\n<li>C\u00f3rdoba\u2013Asunci\u00f3n (Paran\u00e1 Air)<\/li>\n\n\n\n<li>C\u00f3rdoba\u2013Punta Cana (Aerol\u00edneas Argentinas)<\/li>\n\n\n\n<li>C\u00f3rdoba\u2013Recife \/ San Pablo \/ R\u00edo de Janeiro (Gol)<\/li>\n\n\n\n<li>Guayaquil\u2013Bogot\u00e1\u2013C\u00f3rdoba (Avianca)<\/li>\n\n\n\n<li>C\u00f3rdoba\u2013Madrid (Air Europa, con aumento de frecuencias)<\/li>\n\n\n\n<li>C\u00f3rdoba\u2013San Pablo (Latam)<\/li>\n\n\n\n<li>C\u00f3rdoba\u2013R\u00edo y C\u00f3rdoba\u2013Florian\u00f3polis (Flybondi)<\/li>\n<\/ul>\n\n\n\n<p>Gracias a estas incorporaciones, C\u00f3rdoba tendr\u00e1 vuelos directos a 4 de los 5 aeropuertos m\u00e1s conectados de la regi\u00f3n: Bogot\u00e1, San Pablo, Panam\u00e1 y Lima, lo que la consolida como una nueva puerta de entrada internacional a la Argentina.<\/p>\n","protected":false},"excerpt":{"rendered":"<p>La l\u00ednea a\u00e9rea colombiana comenz\u00f3 a operar tres frecuencias semanales que fortalecen la conectividad internacional de la provincia. C\u00f3rdoba registr\u00f3 en abril de 2025 un total de 462 vuelos internacionales mensuales, lo que representa un crecimiento del 73,68 % respecto al mismo mes de 2023. El Centro de Convenciones C\u00f3rdoba fue el lugar elegido para [&hellip;]<\/p>\n","protected":false},"author":3,"featured_media":4368,"comment_status":"open","ping_status":"open","sticky":false,"template":"","format":"standard","meta":{"_acf_changed":false,"footnotes":""},"categories":[13,11,2,9,10],"tags":[510,509,144,1042],"class_list":{"0":"post-4367","1":"post","2":"type-post","3":"status-publish","4":"format-standard","5":"has-post-thumbnail","7":"category-argentina","8":"category-cordoba","9":"category-destacadas","10":"category-mundo","11":"category-noticias","12":"tag-avianca","13":"tag-bogota","14":"tag-colombia","15":"tag-el-dorado"},"acf":[],"yoast_head":"<!-- This site is optimized with the Yoast SEO plugin v24.8.1 - https:\/\/yoast.com\/wordpress\/plugins\/seo\/ -->\n<title>C\u00f3rdoba y Bogot\u00e1, unidas por Avianca con vuelos directos -<\/title>\n<meta name=\"description\" content=\"C\u00f3rdoba registr\u00f3 en abril de 2025. 462 vuelos internacionales mensuales, lo que representa un crecimiento del 73,68 % respecto al mismo mes de 2023.\" \/>\n<meta name=\"robots\" content=\"index, follow, max-snippet:-1, max-image-preview:large, max-video-preview:-1\" \/>\n<link rel=\"canonical\" href=\"https:\/\/modoviajeok.com.ar\/index.php\/2025\/06\/18\/cordoba-y-bogota-unidas-por-avianca-con-vuelos-directos\/\" \/>\n<meta property=\"og:locale\" content=\"es_ES\" \/>\n<meta property=\"og:type\" content=\"article\" \/>\n<meta property=\"og:title\" content=\"C\u00f3rdoba y Bogot\u00e1, unidas por Avianca con vuelos directos -\" \/>\n<meta property=\"og:description\" content=\"C\u00f3rdoba registr\u00f3 en abril de 2025. 462 vuelos internacionales mensuales, lo que representa un crecimiento del 73,68 % respecto al mismo mes de 2023.\" \/>\n<meta property=\"og:url\" content=\"https:\/\/modoviajeok.com.ar\/index.php\/2025\/06\/18\/cordoba-y-bogota-unidas-por-avianca-con-vuelos-directos\/\" \/>\n<meta property=\"article:publisher\" content=\"https:\/\/www.facebook.com\/mariana.otero1\/\" \/>\n<meta property=\"article:published_time\" content=\"2025-06-18T14:36:36+00:00\" \/>\n<meta property=\"article:modified_time\" content=\"2025-07-06T16:42:46+00:00\" \/>\n<meta property=\"og:image\" content=\"https:\/\/modoviajeok.com.ar\/wp-content\/uploads\/2025\/06\/aerial-view-of-modern-bogota-cityscape-in-colombia-2023-11-27-04-56-23-utc.jpg\" \/>\n\t<meta property=\"og:image:width\" content=\"770\" \/>\n\t<meta property=\"og:image:height\" content=\"383\" \/>\n\t<meta property=\"og:image:type\" content=\"image\/jpeg\" \/>\n<meta name=\"author\" content=\"Pepe Segura\" \/>\n<meta name=\"twitter:card\" content=\"summary_large_image\" \/>\n<meta name=\"twitter:label1\" content=\"Escrito por\" \/>\n\t<meta name=\"twitter:data1\" content=\"Pepe Segura\" \/>\n\t<meta name=\"twitter:label2\" content=\"Tiempo de lectura\" \/>\n\t<meta name=\"twitter:data2\" content=\"3 minutos\" \/>\n<script type=\"application\/ld+json\" class=\"yoast-schema-graph\">{\"@context\":\"https:\/\/schema.org\",\"@graph\":[{\"@type\":\"Article\",\"@id\":\"https:\/\/modoviajeok.com.ar\/index.php\/2025\/06\/18\/cordoba-y-bogota-unidas-por-avianca-con-vuelos-directos\/#article\",\"isPartOf\":{\"@id\":\"https:\/\/modoviajeok.com.ar\/index.php\/2025\/06\/18\/cordoba-y-bogota-unidas-por-avianca-con-vuelos-directos\/\"},\"author\":{\"name\":\"Pepe Segura\",\"@id\":\"https:\/\/modoviajeok.com.ar\/#\/schema\/person\/2e299ed0d3d412a01d244fe28260d7f5\"},\"headline\":\"C\u00f3rdoba y Bogot\u00e1, unidas por Avianca con vuelos directos\",\"datePublished\":\"2025-06-18T14:36:36+00:00\",\"dateModified\":\"2025-07-06T16:42:46+00:00\",\"mainEntityOfPage\":{\"@id\":\"https:\/\/modoviajeok.com.ar\/index.php\/2025\/06\/18\/cordoba-y-bogota-unidas-por-avianca-con-vuelos-directos\/\"},\"wordCount\":532,\"commentCount\":0,\"publisher\":{\"@id\":\"https:\/\/modoviajeok.com.ar\/#organization\"},\"image\":{\"@id\":\"https:\/\/modoviajeok.com.ar\/index.php\/2025\/06\/18\/cordoba-y-bogota-unidas-por-avianca-con-vuelos-directos\/#primaryimage\"},\"thumbnailUrl\":\"https:\/\/modoviajeok.com.ar\/wp-content\/uploads\/2025\/06\/aerial-view-of-modern-bogota-cityscape-in-colombia-2023-11-27-04-56-23-utc.jpg\",\"keywords\":[\"avianca\",\"bogota\",\"colombia\",\"el dorado\"],\"articleSection\":[\"Argentina\",\"C\u00f3rdoba\",\"Destacadas\",\"Mundo\",\"Noticias\"],\"inLanguage\":\"es\",\"potentialAction\":[{\"@type\":\"CommentAction\",\"name\":\"Comment\",\"target\":[\"https:\/\/modoviajeok.com.ar\/index.php\/2025\/06\/18\/cordoba-y-bogota-unidas-por-avianca-con-vuelos-directos\/#respond\"]}]},{\"@type\":\"WebPage\",\"@id\":\"https:\/\/modoviajeok.com.ar\/index.php\/2025\/06\/18\/cordoba-y-bogota-unidas-por-avianca-con-vuelos-directos\/\",\"url\":\"https:\/\/modoviajeok.com.ar\/index.php\/2025\/06\/18\/cordoba-y-bogota-unidas-por-avianca-con-vuelos-directos\/\",\"name\":\"C\u00f3rdoba y Bogot\u00e1, unidas por Avianca con vuelos directos -\",\"isPartOf\":{\"@id\":\"https:\/\/modoviajeok.com.ar\/#website\"},\"primaryImageOfPage\":{\"@id\":\"https:\/\/modoviajeok.com.ar\/index.php\/2025\/06\/18\/cordoba-y-bogota-unidas-por-avianca-con-vuelos-directos\/#primaryimage\"},\"image\":{\"@id\":\"https:\/\/modoviajeok.com.ar\/index.php\/2025\/06\/18\/cordoba-y-bogota-unidas-por-avianca-con-vuelos-directos\/#primaryimage\"},\"thumbnailUrl\":\"https:\/\/modoviajeok.com.ar\/wp-content\/uploads\/2025\/06\/aerial-view-of-modern-bogota-cityscape-in-colombia-2023-11-27-04-56-23-utc.jpg\",\"datePublished\":\"2025-06-18T14:36:36+00:00\",\"dateModified\":\"2025-07-06T16:42:46+00:00\",\"description\":\"C\u00f3rdoba registr\u00f3 en abril de 2025. 462 vuelos internacionales mensuales, lo que representa un crecimiento del 73,68 % respecto al mismo mes de 2023.\",\"breadcrumb\":{\"@id\":\"https:\/\/modoviajeok.com.ar\/index.php\/2025\/06\/18\/cordoba-y-bogota-unidas-por-avianca-con-vuelos-directos\/#breadcrumb\"},\"inLanguage\":\"es\",\"potentialAction\":[{\"@type\":\"ReadAction\",\"target\":[\"https:\/\/modoviajeok.com.ar\/index.php\/2025\/06\/18\/cordoba-y-bogota-unidas-por-avianca-con-vuelos-directos\/\"]}]},{\"@type\":\"ImageObject\",\"inLanguage\":\"es\",\"@id\":\"https:\/\/modoviajeok.com.ar\/index.php\/2025\/06\/18\/cordoba-y-bogota-unidas-por-avianca-con-vuelos-directos\/#primaryimage\",\"url\":\"https:\/\/modoviajeok.com.ar\/wp-content\/uploads\/2025\/06\/aerial-view-of-modern-bogota-cityscape-in-colombia-2023-11-27-04-56-23-utc.jpg\",\"contentUrl\":\"https:\/\/modoviajeok.com.ar\/wp-content\/uploads\/2025\/06\/aerial-view-of-modern-bogota-cityscape-in-colombia-2023-11-27-04-56-23-utc.jpg\",\"width\":770,\"height\":383},{\"@type\":\"BreadcrumbList\",\"@id\":\"https:\/\/modoviajeok.com.ar\/index.php\/2025\/06\/18\/cordoba-y-bogota-unidas-por-avianca-con-vuelos-directos\/#breadcrumb\",\"itemListElement\":[{\"@type\":\"ListItem\",\"position\":1,\"name\":\"Portada\",\"item\":\"https:\/\/modoviajeok.com.ar\/\"},{\"@type\":\"ListItem\",\"position\":2,\"name\":\"C\u00f3rdoba y Bogot\u00e1, unidas por Avianca con vuelos directos\"}]},{\"@type\":\"WebSite\",\"@id\":\"https:\/\/modoviajeok.com.ar\/#website\",\"url\":\"https:\/\/modoviajeok.com.ar\/\",\"name\":\"ModoViajeOK\",\"description\":\"\",\"publisher\":{\"@id\":\"https:\/\/modoviajeok.com.ar\/#organization\"},\"potentialAction\":[{\"@type\":\"SearchAction\",\"target\":{\"@type\":\"EntryPoint\",\"urlTemplate\":\"https:\/\/modoviajeok.com.ar\/?s={search_term_string}\"},\"query-input\":{\"@type\":\"PropertyValueSpecification\",\"valueRequired\":true,\"valueName\":\"search_term_string\"}}],\"inLanguage\":\"es\"},{\"@type\":\"Organization\",\"@id\":\"https:\/\/modoviajeok.com.ar\/#organization\",\"name\":\"ModoViajeOK\",\"url\":\"https:\/\/modoviajeok.com.ar\/\",\"logo\":{\"@type\":\"ImageObject\",\"inLanguage\":\"es\",\"@id\":\"https:\/\/modoviajeok.com.ar\/#\/schema\/logo\/image\/\",\"url\":\"https:\/\/modoviajeok.com.ar\/wp-content\/uploads\/2025\/01\/Logo-modoviajeok.png\",\"contentUrl\":\"https:\/\/modoviajeok.com.ar\/wp-content\/uploads\/2025\/01\/Logo-modoviajeok.png\",\"width\":2938,\"height\":2276,\"caption\":\"ModoViajeOK\"},\"image\":{\"@id\":\"https:\/\/modoviajeok.com.ar\/#\/schema\/logo\/image\/\"},\"sameAs\":[\"https:\/\/www.facebook.com\/mariana.otero1\/\",\"https:\/\/www.instagram.com\/modoviaje.ok\/\"]},{\"@type\":\"Person\",\"@id\":\"https:\/\/modoviajeok.com.ar\/#\/schema\/person\/2e299ed0d3d412a01d244fe28260d7f5\",\"name\":\"Pepe Segura\",\"image\":{\"@type\":\"ImageObject\",\"inLanguage\":\"es\",\"@id\":\"https:\/\/modoviajeok.com.ar\/#\/schema\/person\/image\/\",\"url\":\"https:\/\/secure.gravatar.com\/avatar\/65eb4b34deed761327f5b2c5535b987318ae807900ac46426de7258f5de6d345?s=96&d=mm&r=g\",\"contentUrl\":\"https:\/\/secure.gravatar.com\/avatar\/65eb4b34deed761327f5b2c5535b987318ae807900ac46426de7258f5de6d345?s=96&d=mm&r=g\",\"caption\":\"Pepe Segura\"},\"url\":\"https:\/\/modoviajeok.com.ar\/index.php\/author\/pepe2025\/\"}]}<\/script>\n<!-- \/ Yoast SEO plugin. -->","yoast_head_json":{"title":"C\u00f3rdoba y Bogot\u00e1, unidas por Avianca con vuelos directos -","description":"C\u00f3rdoba registr\u00f3 en abril de 2025. 462 vuelos internacionales mensuales, lo que representa un crecimiento del 73,68 % respecto al mismo mes de 2023.","robots":{"index":"index","follow":"follow","max-snippet":"max-snippet:-1","max-image-preview":"max-image-preview:large","max-video-preview":"max-video-preview:-1"},"canonical":"https:\/\/modoviajeok.com.ar\/index.php\/2025\/06\/18\/cordoba-y-bogota-unidas-por-avianca-con-vuelos-directos\/","og_locale":"es_ES","og_type":"article","og_title":"C\u00f3rdoba y Bogot\u00e1, unidas por Avianca con vuelos directos -","og_description":"C\u00f3rdoba registr\u00f3 en abril de 2025. 462 vuelos internacionales mensuales, lo que representa un crecimiento del 73,68 % respecto al mismo mes de 2023.","og_url":"https:\/\/modoviajeok.com.ar\/index.php\/2025\/06\/18\/cordoba-y-bogota-unidas-por-avianca-con-vuelos-directos\/","article_publisher":"https:\/\/www.facebook.com\/mariana.otero1\/","article_published_time":"2025-06-18T14:36:36+00:00","article_modified_time":"2025-07-06T16:42:46+00:00","og_image":[{"width":770,"height":383,"url":"https:\/\/modoviajeok.com.ar\/wp-content\/uploads\/2025\/06\/aerial-view-of-modern-bogota-cityscape-in-colombia-2023-11-27-04-56-23-utc.jpg","type":"image\/jpeg"}],"author":"Pepe Segura","twitter_card":"summary_large_image","twitter_misc":{"Escrito por":"Pepe Segura","Tiempo de lectura":"3 minutos"},"schema":{"@context":"https:\/\/schema.org","@graph":[{"@type":"Article","@id":"https:\/\/modoviajeok.com.ar\/index.php\/2025\/06\/18\/cordoba-y-bogota-unidas-por-avianca-con-vuelos-directos\/#article","isPartOf":{"@id":"https:\/\/modoviajeok.com.ar\/index.php\/2025\/06\/18\/cordoba-y-bogota-unidas-por-avianca-con-vuelos-directos\/"},"author":{"name":"Pepe Segura","@id":"https:\/\/modoviajeok.com.ar\/#\/schema\/person\/2e299ed0d3d412a01d244fe28260d7f5"},"headline":"C\u00f3rdoba y Bogot\u00e1, unidas por Avianca con vuelos directos","datePublished":"2025-06-18T14:36:36+00:00","dateModified":"2025-07-06T16:42:46+00:00","mainEntityOfPage":{"@id":"https:\/\/modoviajeok.com.ar\/index.php\/2025\/06\/18\/cordoba-y-bogota-unidas-por-avianca-con-vuelos-directos\/"},"wordCount":532,"commentCount":0,"publisher":{"@id":"https:\/\/modoviajeok.com.ar\/#organization"},"image":{"@id":"https:\/\/modoviajeok.com.ar\/index.php\/2025\/06\/18\/cordoba-y-bogota-unidas-por-avianca-con-vuelos-directos\/#primaryimage"},"thumbnailUrl":"https:\/\/modoviajeok.com.ar\/wp-content\/uploads\/2025\/06\/aerial-view-of-modern-bogota-cityscape-in-colombia-2023-11-27-04-56-23-utc.jpg","keywords":["avianca","bogota","colombia","el dorado"],"articleSection":["Argentina","C\u00f3rdoba","Destacadas","Mundo","Noticias"],"inLanguage":"es","potentialAction":[{"@type":"CommentAction","name":"Comment","target":["https:\/\/modoviajeok.com.ar\/index.php\/2025\/06\/18\/cordoba-y-bogota-unidas-por-avianca-con-vuelos-directos\/#respond"]}]},{"@type":"WebPage","@id":"https:\/\/modoviajeok.com.ar\/index.php\/2025\/06\/18\/cordoba-y-bogota-unidas-por-avianca-con-vuelos-directos\/","url":"https:\/\/modoviajeok.com.ar\/index.php\/2025\/06\/18\/cordoba-y-bogota-unidas-por-avianca-con-vuelos-directos\/","name":"C\u00f3rdoba y Bogot\u00e1, unidas por Avianca con vuelos directos -","isPartOf":{"@id":"https:\/\/modoviajeok.com.ar\/#website"},"primaryImageOfPage":{"@id":"https:\/\/modoviajeok.com.ar\/index.php\/2025\/06\/18\/cordoba-y-bogota-unidas-por-avianca-con-vuelos-directos\/#primaryimage"},"image":{"@id":"https:\/\/modoviajeok.com.ar\/index.php\/2025\/06\/18\/cordoba-y-bogota-unidas-por-avianca-con-vuelos-directos\/#primaryimage"},"thumbnailUrl":"https:\/\/modoviajeok.com.ar\/wp-content\/uploads\/2025\/06\/aerial-view-of-modern-bogota-cityscape-in-colombia-2023-11-27-04-56-23-utc.jpg","datePublished":"2025-06-18T14:36:36+00:00","dateModified":"2025-07-06T16:42:46+00:00","description":"C\u00f3rdoba registr\u00f3 en abril de 2025. 462 vuelos internacionales mensuales, lo que representa un crecimiento del 73,68 % respecto al mismo mes de 2023.","breadcrumb":{"@id":"https:\/\/modoviajeok.com.ar\/index.php\/2025\/06\/18\/cordoba-y-bogota-unidas-por-avianca-con-vuelos-directos\/#breadcrumb"},"inLanguage":"es","potentialAction":[{"@type":"ReadAction","target":["https:\/\/modoviajeok.com.ar\/index.php\/2025\/06\/18\/cordoba-y-bogota-unidas-por-avianca-con-vuelos-directos\/"]}]},{"@type":"ImageObject","inLanguage":"es","@id":"https:\/\/modoviajeok.com.ar\/index.php\/2025\/06\/18\/cordoba-y-bogota-unidas-por-avianca-con-vuelos-directos\/#primaryimage","url":"https:\/\/modoviajeok.com.ar\/wp-content\/uploads\/2025\/06\/aerial-view-of-modern-bogota-cityscape-in-colombia-2023-11-27-04-56-23-utc.jpg","contentUrl":"https:\/\/modoviajeok.com.ar\/wp-content\/uploads\/2025\/06\/aerial-view-of-modern-bogota-cityscape-in-colombia-2023-11-27-04-56-23-utc.jpg","width":770,"height":383},{"@type":"BreadcrumbList","@id":"https:\/\/modoviajeok.com.ar\/index.php\/2025\/06\/18\/cordoba-y-bogota-unidas-por-avianca-con-vuelos-directos\/#breadcrumb","itemListElement":[{"@type":"ListItem","position":1,"name":"Portada","item":"https:\/\/modoviajeok.com.ar\/"},{"@type":"ListItem","position":2,"name":"C\u00f3rdoba y Bogot\u00e1, unidas por Avianca con vuelos directos"}]},{"@type":"WebSite","@id":"https:\/\/modoviajeok.com.ar\/#website","url":"https:\/\/modoviajeok.com.ar\/","name":"ModoViajeOK","description":"","publisher":{"@id":"https:\/\/modoviajeok.com.ar\/#organization"},"potentialAction":[{"@type":"SearchAction","target":{"@type":"EntryPoint","urlTemplate":"https:\/\/modoviajeok.com.ar\/?s={search_term_string}"},"query-input":{"@type":"PropertyValueSpecification","valueRequired":true,"valueName":"search_term_string"}}],"inLanguage":"es"},{"@type":"Organization","@id":"https:\/\/modoviajeok.com.ar\/#organization","name":"ModoViajeOK","url":"https:\/\/modoviajeok.com.ar\/","logo":{"@type":"ImageObject","inLanguage":"es","@id":"https:\/\/modoviajeok.com.ar\/#\/schema\/logo\/image\/","url":"https:\/\/modoviajeok.com.ar\/wp-content\/uploads\/2025\/01\/Logo-modoviajeok.png","contentUrl":"https:\/\/modoviajeok.com.ar\/wp-content\/uploads\/2025\/01\/Logo-modoviajeok.png","width":2938,"height":2276,"caption":"ModoViajeOK"},"image":{"@id":"https:\/\/modoviajeok.com.ar\/#\/schema\/logo\/image\/"},"sameAs":["https:\/\/www.facebook.com\/mariana.otero1\/","https:\/\/www.instagram.com\/modoviaje.ok\/"]},{"@type":"Person","@id":"https:\/\/modoviajeok.com.ar\/#\/schema\/person\/2e299ed0d3d412a01d244fe28260d7f5","name":"Pepe Segura","image":{"@type":"ImageObject","inLanguage":"es","@id":"https:\/\/modoviajeok.com.ar\/#\/schema\/person\/image\/","url":"https:\/\/secure.gravatar.com\/avatar\/65eb4b34deed761327f5b2c5535b987318ae807900ac46426de7258f5de6d345?s=96&d=mm&r=g","contentUrl":"https:\/\/secure.gravatar.com\/avatar\/65eb4b34deed761327f5b2c5535b987318ae807900ac46426de7258f5de6d345?s=96&d=mm&r=g","caption":"Pepe Segura"},"url":"https:\/\/modoviajeok.com.ar\/index.php\/author\/pepe2025\/"}]}},"_links":{"self":[{"href":"https:\/\/modoviajeok.com.ar\/index.php\/wp-json\/wp\/v2\/posts\/4367","targetHints":{"allow":["GET"]}}],"collection":[{"href":"https:\/\/modoviajeok.com.ar\/index.php\/wp-json\/wp\/v2\/posts"}],"about":[{"href":"https:\/\/modoviajeok.com.ar\/index.php\/wp-json\/wp\/v2\/types\/post"}],"author":[{"embeddable":true,"href":"https:\/\/modoviajeok.com.ar\/index.php\/wp-json\/wp\/v2\/users\/3"}],"replies":[{"embeddable":true,"href":"https:\/\/modoviajeok.com.ar\/index.php\/wp-json\/wp\/v2\/comments?post=4367"}],"version-history":[{"count":1,"href":"https:\/\/modoviajeok.com.ar\/index.php\/wp-json\/wp\/v2\/posts\/4367\/revisions"}],"predecessor-version":[{"id":4372,"href":"https:\/\/modoviajeok.com.ar\/index.php\/wp-json\/wp\/v2\/posts\/4367\/revisions\/4372"}],"wp:featuredmedia":[{"embeddable":true,"href":"https:\/\/modoviajeok.com.ar\/index.php\/wp-json\/wp\/v2\/media\/4368"}],"wp:attachment":[{"href":"https:\/\/modoviajeok.com.ar\/index.php\/wp-json\/wp\/v2\/media?parent=4367"}],"wp:term":[{"taxonomy":"category","embeddable":true,"href":"https:\/\/modoviajeok.com.ar\/index.php\/wp-json\/wp\/v2\/categories?post=4367"},{"taxonomy":"post_tag","embeddable":true,"href":"https:\/\/modoviajeok.com.ar\/index.php\/wp-json\/wp\/v2\/tags?post=4367"}],"curies":[{"name":"wp","href":"https:\/\/api.w.org\/{rel}","templated":true}]}}