{"id":4422,"date":"2025-09-13T09:00:28","date_gmt":"2025-09-13T12:00:28","guid":{"rendered":"https:\/\/modoviajeok.com.ar\/?p=4422"},"modified":"2025-07-29T14:07:37","modified_gmt":"2025-07-29T17:07:37","slug":"popayan-la-ciudad-blanca-de-colombia","status":"publish","type":"post","link":"https:\/\/modoviajeok.com.ar\/index.php\/2025\/09\/13\/popayan-la-ciudad-blanca-de-colombia\/","title":{"rendered":"Popay\u00e1n, la \u00abciudad blanca\u00bb de Colombia"},"content":{"rendered":"\n<p>A 3 horas de Cali, se llega a Popay\u00e1n la capital del departamento del Cauca, entre la Cordillera Occidental y la Central, siempre al suroccidente del pa\u00eds.<\/p>\n\n\n\n<figure class=\"wp-block-image size-full\"><img loading=\"lazy\" decoding=\"async\" width=\"1599\" height=\"1406\" src=\"https:\/\/modoviajeok.com.ar\/wp-content\/uploads\/2025\/06\/WhatsApp-Image-2025-06-23-at-19.21.01-1.jpeg\" alt=\"\" class=\"wp-image-4424\" srcset=\"https:\/\/modoviajeok.com.ar\/wp-content\/uploads\/2025\/06\/WhatsApp-Image-2025-06-23-at-19.21.01-1.jpeg 1599w, https:\/\/modoviajeok.com.ar\/wp-content\/uploads\/2025\/06\/WhatsApp-Image-2025-06-23-at-19.21.01-1-768x675.jpeg 768w, https:\/\/modoviajeok.com.ar\/wp-content\/uploads\/2025\/06\/WhatsApp-Image-2025-06-23-at-19.21.01-1-1536x1351.jpeg 1536w, https:\/\/modoviajeok.com.ar\/wp-content\/uploads\/2025\/06\/WhatsApp-Image-2025-06-23-at-19.21.01-1-478x420.jpeg 478w, https:\/\/modoviajeok.com.ar\/wp-content\/uploads\/2025\/06\/WhatsApp-Image-2025-06-23-at-19.21.01-1-150x132.jpeg 150w, https:\/\/modoviajeok.com.ar\/wp-content\/uploads\/2025\/06\/WhatsApp-Image-2025-06-23-at-19.21.01-1-300x264.jpeg 300w, https:\/\/modoviajeok.com.ar\/wp-content\/uploads\/2025\/06\/WhatsApp-Image-2025-06-23-at-19.21.01-1-696x612.jpeg 696w, https:\/\/modoviajeok.com.ar\/wp-content\/uploads\/2025\/06\/WhatsApp-Image-2025-06-23-at-19.21.01-1-1068x939.jpeg 1068w\" sizes=\"auto, (max-width: 1599px) 100vw, 1599px\" \/><\/figure>\n\n\n\n<p>Fundada en 1537 es una de las m\u00e1s antiguas de Colombia y de Am\u00e9rica, con una rica historia y arquitectura colonial. Se la conoce como la \u201cciudad blanca\u201d por el color de sus fachadas que hacen recordar a los pueblos espa\u00f1oles. Originalmente eran casas de colores que comenzaron a pintarse con cal despu\u00e9s de una peste de niguas en el siglo XIX.<\/p>\n\n\n\n<figure class=\"wp-block-image size-full\"><img loading=\"lazy\" decoding=\"async\" width=\"1204\" height=\"1600\" src=\"https:\/\/modoviajeok.com.ar\/wp-content\/uploads\/2025\/06\/WhatsApp-Image-2025-06-23-at-19.22.04.jpeg\" alt=\"\" class=\"wp-image-4425\" srcset=\"https:\/\/modoviajeok.com.ar\/wp-content\/uploads\/2025\/06\/WhatsApp-Image-2025-06-23-at-19.22.04.jpeg 1204w, https:\/\/modoviajeok.com.ar\/wp-content\/uploads\/2025\/06\/WhatsApp-Image-2025-06-23-at-19.22.04-768x1021.jpeg 768w, https:\/\/modoviajeok.com.ar\/wp-content\/uploads\/2025\/06\/WhatsApp-Image-2025-06-23-at-19.22.04-1156x1536.jpeg 1156w, https:\/\/modoviajeok.com.ar\/wp-content\/uploads\/2025\/06\/WhatsApp-Image-2025-06-23-at-19.22.04-316x420.jpeg 316w, https:\/\/modoviajeok.com.ar\/wp-content\/uploads\/2025\/06\/WhatsApp-Image-2025-06-23-at-19.22.04-150x199.jpeg 150w, https:\/\/modoviajeok.com.ar\/wp-content\/uploads\/2025\/06\/WhatsApp-Image-2025-06-23-at-19.22.04-300x399.jpeg 300w, https:\/\/modoviajeok.com.ar\/wp-content\/uploads\/2025\/06\/WhatsApp-Image-2025-06-23-at-19.22.04-696x925.jpeg 696w, https:\/\/modoviajeok.com.ar\/wp-content\/uploads\/2025\/06\/WhatsApp-Image-2025-06-23-at-19.22.04-1068x1419.jpeg 1068w\" sizes=\"auto, (max-width: 1204px) 100vw, 1204px\" \/><\/figure>\n\n\n\n<p>A Popay\u00e1n tambi\u00e9n se la nombra como cuna de la rep\u00fablica, ciudad hidalga y ciudad culta. Fue declarada por la Unesco la primera ciudad de la gastronom\u00eda (2005) y sus procesiones de Semana Santa han sido nombradas tambi\u00e9n por la Unesco como obra maestra del patrimonio oral e inmaterial. All\u00ed, las familias payanesas desfilan antiguas im\u00e1genes religiosas, cargadas en plataformas de madera llevadas a hombro por los \u201ccargueros\u201d, una funci\u00f3n que se hereda de generaci\u00f3n en generaci\u00f3n.<\/p>\n\n\n\n<figure class=\"wp-block-image size-full\"><img loading=\"lazy\" decoding=\"async\" width=\"720\" height=\"1600\" src=\"https:\/\/modoviajeok.com.ar\/wp-content\/uploads\/2025\/06\/WhatsApp-Image-2025-06-23-at-19.22.22.jpeg\" alt=\"\" class=\"wp-image-4426\" srcset=\"https:\/\/modoviajeok.com.ar\/wp-content\/uploads\/2025\/06\/WhatsApp-Image-2025-06-23-at-19.22.22.jpeg 720w, https:\/\/modoviajeok.com.ar\/wp-content\/uploads\/2025\/06\/WhatsApp-Image-2025-06-23-at-19.22.22-691x1536.jpeg 691w, https:\/\/modoviajeok.com.ar\/wp-content\/uploads\/2025\/06\/WhatsApp-Image-2025-06-23-at-19.22.22-189x420.jpeg 189w, https:\/\/modoviajeok.com.ar\/wp-content\/uploads\/2025\/06\/WhatsApp-Image-2025-06-23-at-19.22.22-150x333.jpeg 150w, https:\/\/modoviajeok.com.ar\/wp-content\/uploads\/2025\/06\/WhatsApp-Image-2025-06-23-at-19.22.22-300x667.jpeg 300w, https:\/\/modoviajeok.com.ar\/wp-content\/uploads\/2025\/06\/WhatsApp-Image-2025-06-23-at-19.22.22-696x1547.jpeg 696w\" sizes=\"auto, (max-width: 720px) 100vw, 720px\" \/><\/figure>\n\n\n\n<p>La ciudad es preciosa con un trazado en cuadr\u00edcula al estilo \u00e1rabe, entre calles y carreras que permite la orientaci\u00f3n de los habitantes y la desorientaci\u00f3n de los visitantes.<\/p>\n\n\n\n<figure class=\"wp-block-image size-full\"><img loading=\"lazy\" decoding=\"async\" width=\"720\" height=\"1600\" src=\"https:\/\/modoviajeok.com.ar\/wp-content\/uploads\/2025\/06\/WhatsApp-Image-2025-06-23-at-19.22.40.jpeg\" alt=\"\" class=\"wp-image-4427\" srcset=\"https:\/\/modoviajeok.com.ar\/wp-content\/uploads\/2025\/06\/WhatsApp-Image-2025-06-23-at-19.22.40.jpeg 720w, https:\/\/modoviajeok.com.ar\/wp-content\/uploads\/2025\/06\/WhatsApp-Image-2025-06-23-at-19.22.40-691x1536.jpeg 691w, https:\/\/modoviajeok.com.ar\/wp-content\/uploads\/2025\/06\/WhatsApp-Image-2025-06-23-at-19.22.40-189x420.jpeg 189w, https:\/\/modoviajeok.com.ar\/wp-content\/uploads\/2025\/06\/WhatsApp-Image-2025-06-23-at-19.22.40-150x333.jpeg 150w, https:\/\/modoviajeok.com.ar\/wp-content\/uploads\/2025\/06\/WhatsApp-Image-2025-06-23-at-19.22.40-300x667.jpeg 300w, https:\/\/modoviajeok.com.ar\/wp-content\/uploads\/2025\/06\/WhatsApp-Image-2025-06-23-at-19.22.40-696x1547.jpeg 696w\" sizes=\"auto, (max-width: 720px) 100vw, 720px\" \/><\/figure>\n\n\n\n<p>Merece una visita la prestigiosa Universidad p\u00fablica del Cauca fundada en 1827. En el Paraninfo Francisco Jos\u00e9 de Caldas se encuentra el famoso \u00f3leo de gran tama\u00f1o Apoteosis de Popay\u00e1n, del destacado pintor colombiano Efra\u00edn Mart\u00ednez.<\/p>\n\n\n\n<figure class=\"wp-block-image size-full\"><img loading=\"lazy\" decoding=\"async\" width=\"720\" height=\"1600\" src=\"https:\/\/modoviajeok.com.ar\/wp-content\/uploads\/2025\/06\/WhatsApp-Image-2025-06-23-at-19.23.11.jpeg\" alt=\"\" class=\"wp-image-4428\" srcset=\"https:\/\/modoviajeok.com.ar\/wp-content\/uploads\/2025\/06\/WhatsApp-Image-2025-06-23-at-19.23.11.jpeg 720w, https:\/\/modoviajeok.com.ar\/wp-content\/uploads\/2025\/06\/WhatsApp-Image-2025-06-23-at-19.23.11-691x1536.jpeg 691w, https:\/\/modoviajeok.com.ar\/wp-content\/uploads\/2025\/06\/WhatsApp-Image-2025-06-23-at-19.23.11-189x420.jpeg 189w, https:\/\/modoviajeok.com.ar\/wp-content\/uploads\/2025\/06\/WhatsApp-Image-2025-06-23-at-19.23.11-150x333.jpeg 150w, https:\/\/modoviajeok.com.ar\/wp-content\/uploads\/2025\/06\/WhatsApp-Image-2025-06-23-at-19.23.11-300x667.jpeg 300w, https:\/\/modoviajeok.com.ar\/wp-content\/uploads\/2025\/06\/WhatsApp-Image-2025-06-23-at-19.23.11-696x1547.jpeg 696w\" sizes=\"auto, (max-width: 720px) 100vw, 720px\" \/><\/figure>\n\n\n\n<p>Enfrente de la Universidad est\u00e1 la Casa de la Cultura, adonde vivi\u00f3 el escritor y novelista Jorge Isaacs.<\/p>\n\n\n\n<p>La ciudad sufri\u00f3 tres grandes terremotos a lo largo de su historia y algunos edificios debieron ser reconstruidos.<\/p>\n\n\n\n<figure class=\"wp-block-image size-full\"><img loading=\"lazy\" decoding=\"async\" width=\"1204\" height=\"1600\" src=\"https:\/\/modoviajeok.com.ar\/wp-content\/uploads\/2025\/06\/WhatsApp-Image-2025-06-23-at-19.23.31.jpeg\" alt=\"\" class=\"wp-image-4429\" srcset=\"https:\/\/modoviajeok.com.ar\/wp-content\/uploads\/2025\/06\/WhatsApp-Image-2025-06-23-at-19.23.31.jpeg 1204w, https:\/\/modoviajeok.com.ar\/wp-content\/uploads\/2025\/06\/WhatsApp-Image-2025-06-23-at-19.23.31-768x1021.jpeg 768w, https:\/\/modoviajeok.com.ar\/wp-content\/uploads\/2025\/06\/WhatsApp-Image-2025-06-23-at-19.23.31-1156x1536.jpeg 1156w, https:\/\/modoviajeok.com.ar\/wp-content\/uploads\/2025\/06\/WhatsApp-Image-2025-06-23-at-19.23.31-316x420.jpeg 316w, https:\/\/modoviajeok.com.ar\/wp-content\/uploads\/2025\/06\/WhatsApp-Image-2025-06-23-at-19.23.31-150x199.jpeg 150w, https:\/\/modoviajeok.com.ar\/wp-content\/uploads\/2025\/06\/WhatsApp-Image-2025-06-23-at-19.23.31-300x399.jpeg 300w, https:\/\/modoviajeok.com.ar\/wp-content\/uploads\/2025\/06\/WhatsApp-Image-2025-06-23-at-19.23.31-696x925.jpeg 696w, https:\/\/modoviajeok.com.ar\/wp-content\/uploads\/2025\/06\/WhatsApp-Image-2025-06-23-at-19.23.31-1068x1419.jpeg 1068w\" sizes=\"auto, (max-width: 1204px) 100vw, 1204px\" \/><\/figure>\n\n\n\n<p>La Torre del Reloj, conocida como \u201cla nariz de Popay\u00e1n\u201d, fue levantada en el siglo XVII. El reloj de bronce es ingl\u00e9s y no tiene minutero por eso los payanenses suelen decir que en esta ciudad el tiempo no pasa.<\/p>\n\n\n\n<p>Esta nota se public\u00f3 originalmente en <a href=\"https:\/\/voydeviaje.lavoz.com.ar\/mundo\/valle-del-rio-cauca-mosaico-de-increibles-ecosistema\">Voy de viaje<\/a>.<\/p>\n\n\n\n<figure class=\"wp-block-image size-full\"><img loading=\"lazy\" decoding=\"async\" width=\"828\" height=\"1010\" src=\"https:\/\/modoviajeok.com.ar\/wp-content\/uploads\/2025\/06\/WhatsApp-Image-2025-06-23-at-19.25.04.jpeg\" alt=\"\" class=\"wp-image-4430\" srcset=\"https:\/\/modoviajeok.com.ar\/wp-content\/uploads\/2025\/06\/WhatsApp-Image-2025-06-23-at-19.25.04.jpeg 828w, https:\/\/modoviajeok.com.ar\/wp-content\/uploads\/2025\/06\/WhatsApp-Image-2025-06-23-at-19.25.04-768x937.jpeg 768w, https:\/\/modoviajeok.com.ar\/wp-content\/uploads\/2025\/06\/WhatsApp-Image-2025-06-23-at-19.25.04-344x420.jpeg 344w, https:\/\/modoviajeok.com.ar\/wp-content\/uploads\/2025\/06\/WhatsApp-Image-2025-06-23-at-19.25.04-150x183.jpeg 150w, https:\/\/modoviajeok.com.ar\/wp-content\/uploads\/2025\/06\/WhatsApp-Image-2025-06-23-at-19.25.04-300x366.jpeg 300w, https:\/\/modoviajeok.com.ar\/wp-content\/uploads\/2025\/06\/WhatsApp-Image-2025-06-23-at-19.25.04-696x849.jpeg 696w\" sizes=\"auto, (max-width: 828px) 100vw, 828px\" \/><\/figure>\n","protected":false},"excerpt":{"rendered":"<p>A 3 horas de Cali, se llega a Popay\u00e1n la capital del departamento del Cauca, entre la Cordillera Occidental y la Central, siempre al suroccidente del pa\u00eds. Fundada en 1537 es una de las m\u00e1s antiguas de Colombia y de Am\u00e9rica, con una rica historia y arquitectura colonial. Se la conoce como la \u201cciudad blanca\u201d [&hellip;]<\/p>\n","protected":false},"author":2,"featured_media":4428,"comment_status":"open","ping_status":"open","sticky":false,"template":"","format":"standard","meta":{"_acf_changed":false,"footnotes":""},"categories":[9,15],"tags":[984,1063,144,149,773],"class_list":{"0":"post-4422","1":"post","2":"type-post","3":"status-publish","4":"format-standard","5":"has-post-thumbnail","7":"category-mundo","8":"category-recomendaciones","9":"tag-cauca","10":"tag-ciudad-blanca","11":"tag-colombia","12":"tag-popayan","13":"tag-semana-santa"},"acf":[],"yoast_head":"<!-- This site is optimized with the Yoast SEO plugin v24.8.1 - https:\/\/yoast.com\/wordpress\/plugins\/seo\/ -->\n<title>Popay\u00e1n, la &quot;ciudad blanca&quot; de Colombia -<\/title>\n<meta name=\"description\" content=\"A 3 horas de Cali, se llega a Popay\u00e1n, la capital del departamento del Cauca. Es conocida por su gastronom\u00eda y por la celebraci\u00f3n de la Semana Santa.\" \/>\n<meta name=\"robots\" content=\"index, follow, max-snippet:-1, max-image-preview:large, max-video-preview:-1\" \/>\n<link rel=\"canonical\" href=\"https:\/\/modoviajeok.com.ar\/index.php\/2025\/09\/13\/popayan-la-ciudad-blanca-de-colombia\/\" \/>\n<meta property=\"og:locale\" content=\"es_ES\" \/>\n<meta property=\"og:type\" content=\"article\" \/>\n<meta property=\"og:title\" content=\"Popay\u00e1n, la &quot;ciudad blanca&quot; de Colombia -\" \/>\n<meta property=\"og:description\" content=\"A 3 horas de Cali, se llega a Popay\u00e1n, la capital del departamento del Cauca. Es conocida por su gastronom\u00eda y por la celebraci\u00f3n de la Semana Santa.\" \/>\n<meta property=\"og:url\" content=\"https:\/\/modoviajeok.com.ar\/index.php\/2025\/09\/13\/popayan-la-ciudad-blanca-de-colombia\/\" \/>\n<meta property=\"article:publisher\" content=\"https:\/\/www.facebook.com\/mariana.otero1\/\" \/>\n<meta property=\"article:published_time\" content=\"2025-09-13T12:00:28+00:00\" \/>\n<meta property=\"og:image\" content=\"https:\/\/modoviajeok.com.ar\/wp-content\/uploads\/2025\/06\/WhatsApp-Image-2025-06-23-at-19.23.11.jpeg\" \/>\n\t<meta property=\"og:image:width\" content=\"720\" \/>\n\t<meta property=\"og:image:height\" content=\"1600\" \/>\n\t<meta property=\"og:image:type\" content=\"image\/jpeg\" \/>\n<meta name=\"author\" content=\"Mariana Otero\" \/>\n<meta name=\"twitter:card\" content=\"summary_large_image\" \/>\n<meta name=\"twitter:label1\" content=\"Escrito por\" \/>\n\t<meta name=\"twitter:data1\" content=\"Mariana Otero\" \/>\n\t<meta name=\"twitter:label2\" content=\"Tiempo de lectura\" \/>\n\t<meta name=\"twitter:data2\" content=\"4 minutos\" \/>\n<script type=\"application\/ld+json\" class=\"yoast-schema-graph\">{\"@context\":\"https:\/\/schema.org\",\"@graph\":[{\"@type\":\"Article\",\"@id\":\"https:\/\/modoviajeok.com.ar\/index.php\/2025\/09\/13\/popayan-la-ciudad-blanca-de-colombia\/#article\",\"isPartOf\":{\"@id\":\"https:\/\/modoviajeok.com.ar\/index.php\/2025\/09\/13\/popayan-la-ciudad-blanca-de-colombia\/\"},\"author\":{\"name\":\"Mariana Otero\",\"@id\":\"https:\/\/modoviajeok.com.ar\/#\/schema\/person\/1187013488537969db5b1320484d24f4\"},\"headline\":\"Popay\u00e1n, la \u00abciudad blanca\u00bb de Colombia\",\"datePublished\":\"2025-09-13T12:00:28+00:00\",\"mainEntityOfPage\":{\"@id\":\"https:\/\/modoviajeok.com.ar\/index.php\/2025\/09\/13\/popayan-la-ciudad-blanca-de-colombia\/\"},\"wordCount\":344,\"commentCount\":0,\"publisher\":{\"@id\":\"https:\/\/modoviajeok.com.ar\/#organization\"},\"image\":{\"@id\":\"https:\/\/modoviajeok.com.ar\/index.php\/2025\/09\/13\/popayan-la-ciudad-blanca-de-colombia\/#primaryimage\"},\"thumbnailUrl\":\"https:\/\/modoviajeok.com.ar\/wp-content\/uploads\/2025\/06\/WhatsApp-Image-2025-06-23-at-19.23.11.jpeg\",\"keywords\":[\"cauca\",\"ciudad blanca\",\"colombia\",\"popay\u00e1n\",\"semana santa\"],\"articleSection\":[\"Mundo\",\"Recomendaciones\"],\"inLanguage\":\"es\",\"potentialAction\":[{\"@type\":\"CommentAction\",\"name\":\"Comment\",\"target\":[\"https:\/\/modoviajeok.com.ar\/index.php\/2025\/09\/13\/popayan-la-ciudad-blanca-de-colombia\/#respond\"]}]},{\"@type\":\"WebPage\",\"@id\":\"https:\/\/modoviajeok.com.ar\/index.php\/2025\/09\/13\/popayan-la-ciudad-blanca-de-colombia\/\",\"url\":\"https:\/\/modoviajeok.com.ar\/index.php\/2025\/09\/13\/popayan-la-ciudad-blanca-de-colombia\/\",\"name\":\"Popay\u00e1n, la \\\"ciudad blanca\\\" de Colombia -\",\"isPartOf\":{\"@id\":\"https:\/\/modoviajeok.com.ar\/#website\"},\"primaryImageOfPage\":{\"@id\":\"https:\/\/modoviajeok.com.ar\/index.php\/2025\/09\/13\/popayan-la-ciudad-blanca-de-colombia\/#primaryimage\"},\"image\":{\"@id\":\"https:\/\/modoviajeok.com.ar\/index.php\/2025\/09\/13\/popayan-la-ciudad-blanca-de-colombia\/#primaryimage\"},\"thumbnailUrl\":\"https:\/\/modoviajeok.com.ar\/wp-content\/uploads\/2025\/06\/WhatsApp-Image-2025-06-23-at-19.23.11.jpeg\",\"datePublished\":\"2025-09-13T12:00:28+00:00\",\"description\":\"A 3 horas de Cali, se llega a Popay\u00e1n, la capital del departamento del Cauca. Es conocida por su gastronom\u00eda y por la celebraci\u00f3n de la Semana Santa.\",\"breadcrumb\":{\"@id\":\"https:\/\/modoviajeok.com.ar\/index.php\/2025\/09\/13\/popayan-la-ciudad-blanca-de-colombia\/#breadcrumb\"},\"inLanguage\":\"es\",\"potentialAction\":[{\"@type\":\"ReadAction\",\"target\":[\"https:\/\/modoviajeok.com.ar\/index.php\/2025\/09\/13\/popayan-la-ciudad-blanca-de-colombia\/\"]}]},{\"@type\":\"ImageObject\",\"inLanguage\":\"es\",\"@id\":\"https:\/\/modoviajeok.com.ar\/index.php\/2025\/09\/13\/popayan-la-ciudad-blanca-de-colombia\/#primaryimage\",\"url\":\"https:\/\/modoviajeok.com.ar\/wp-content\/uploads\/2025\/06\/WhatsApp-Image-2025-06-23-at-19.23.11.jpeg\",\"contentUrl\":\"https:\/\/modoviajeok.com.ar\/wp-content\/uploads\/2025\/06\/WhatsApp-Image-2025-06-23-at-19.23.11.jpeg\",\"width\":720,\"height\":1600},{\"@type\":\"BreadcrumbList\",\"@id\":\"https:\/\/modoviajeok.com.ar\/index.php\/2025\/09\/13\/popayan-la-ciudad-blanca-de-colombia\/#breadcrumb\",\"itemListElement\":[{\"@type\":\"ListItem\",\"position\":1,\"name\":\"Portada\",\"item\":\"https:\/\/modoviajeok.com.ar\/\"},{\"@type\":\"ListItem\",\"position\":2,\"name\":\"Popay\u00e1n, la \u00abciudad blanca\u00bb de Colombia\"}]},{\"@type\":\"WebSite\",\"@id\":\"https:\/\/modoviajeok.com.ar\/#website\",\"url\":\"https:\/\/modoviajeok.com.ar\/\",\"name\":\"ModoViajeOK\",\"description\":\"\",\"publisher\":{\"@id\":\"https:\/\/modoviajeok.com.ar\/#organization\"},\"potentialAction\":[{\"@type\":\"SearchAction\",\"target\":{\"@type\":\"EntryPoint\",\"urlTemplate\":\"https:\/\/modoviajeok.com.ar\/?s={search_term_string}\"},\"query-input\":{\"@type\":\"PropertyValueSpecification\",\"valueRequired\":true,\"valueName\":\"search_term_string\"}}],\"inLanguage\":\"es\"},{\"@type\":\"Organization\",\"@id\":\"https:\/\/modoviajeok.com.ar\/#organization\",\"name\":\"ModoViajeOK\",\"url\":\"https:\/\/modoviajeok.com.ar\/\",\"logo\":{\"@type\":\"ImageObject\",\"inLanguage\":\"es\",\"@id\":\"https:\/\/modoviajeok.com.ar\/#\/schema\/logo\/image\/\",\"url\":\"https:\/\/modoviajeok.com.ar\/wp-content\/uploads\/2025\/01\/Logo-modoviajeok.png\",\"contentUrl\":\"https:\/\/modoviajeok.com.ar\/wp-content\/uploads\/2025\/01\/Logo-modoviajeok.png\",\"width\":2938,\"height\":2276,\"caption\":\"ModoViajeOK\"},\"image\":{\"@id\":\"https:\/\/modoviajeok.com.ar\/#\/schema\/logo\/image\/\"},\"sameAs\":[\"https:\/\/www.facebook.com\/mariana.otero1\/\",\"https:\/\/www.instagram.com\/modoviaje.ok\/\"]},{\"@type\":\"Person\",\"@id\":\"https:\/\/modoviajeok.com.ar\/#\/schema\/person\/1187013488537969db5b1320484d24f4\",\"name\":\"Mariana Otero\",\"image\":{\"@type\":\"ImageObject\",\"inLanguage\":\"es\",\"@id\":\"https:\/\/modoviajeok.com.ar\/#\/schema\/person\/image\/\",\"url\":\"https:\/\/secure.gravatar.com\/avatar\/8a91a502a9336849a3500b9090c431bc1418f1d1263d893afeddba065f5add82?s=96&d=mm&r=g\",\"contentUrl\":\"https:\/\/secure.gravatar.com\/avatar\/8a91a502a9336849a3500b9090c431bc1418f1d1263d893afeddba065f5add82?s=96&d=mm&r=g\",\"caption\":\"Mariana Otero\"},\"url\":\"https:\/\/modoviajeok.com.ar\/index.php\/author\/mariana2025\/\"}]}<\/script>\n<!-- \/ Yoast SEO plugin. -->","yoast_head_json":{"title":"Popay\u00e1n, la \"ciudad blanca\" de Colombia -","description":"A 3 horas de Cali, se llega a Popay\u00e1n, la capital del departamento del Cauca. Es conocida por su gastronom\u00eda y por la celebraci\u00f3n de la Semana Santa.","robots":{"index":"index","follow":"follow","max-snippet":"max-snippet:-1","max-image-preview":"max-image-preview:large","max-video-preview":"max-video-preview:-1"},"canonical":"https:\/\/modoviajeok.com.ar\/index.php\/2025\/09\/13\/popayan-la-ciudad-blanca-de-colombia\/","og_locale":"es_ES","og_type":"article","og_title":"Popay\u00e1n, la \"ciudad blanca\" de Colombia -","og_description":"A 3 horas de Cali, se llega a Popay\u00e1n, la capital del departamento del Cauca. Es conocida por su gastronom\u00eda y por la celebraci\u00f3n de la Semana Santa.","og_url":"https:\/\/modoviajeok.com.ar\/index.php\/2025\/09\/13\/popayan-la-ciudad-blanca-de-colombia\/","article_publisher":"https:\/\/www.facebook.com\/mariana.otero1\/","article_published_time":"2025-09-13T12:00:28+00:00","og_image":[{"width":720,"height":1600,"url":"https:\/\/modoviajeok.com.ar\/wp-content\/uploads\/2025\/06\/WhatsApp-Image-2025-06-23-at-19.23.11.jpeg","type":"image\/jpeg"}],"author":"Mariana Otero","twitter_card":"summary_large_image","twitter_misc":{"Escrito por":"Mariana Otero","Tiempo de lectura":"4 minutos"},"schema":{"@context":"https:\/\/schema.org","@graph":[{"@type":"Article","@id":"https:\/\/modoviajeok.com.ar\/index.php\/2025\/09\/13\/popayan-la-ciudad-blanca-de-colombia\/#article","isPartOf":{"@id":"https:\/\/modoviajeok.com.ar\/index.php\/2025\/09\/13\/popayan-la-ciudad-blanca-de-colombia\/"},"author":{"name":"Mariana Otero","@id":"https:\/\/modoviajeok.com.ar\/#\/schema\/person\/1187013488537969db5b1320484d24f4"},"headline":"Popay\u00e1n, la \u00abciudad blanca\u00bb de Colombia","datePublished":"2025-09-13T12:00:28+00:00","mainEntityOfPage":{"@id":"https:\/\/modoviajeok.com.ar\/index.php\/2025\/09\/13\/popayan-la-ciudad-blanca-de-colombia\/"},"wordCount":344,"commentCount":0,"publisher":{"@id":"https:\/\/modoviajeok.com.ar\/#organization"},"image":{"@id":"https:\/\/modoviajeok.com.ar\/index.php\/2025\/09\/13\/popayan-la-ciudad-blanca-de-colombia\/#primaryimage"},"thumbnailUrl":"https:\/\/modoviajeok.com.ar\/wp-content\/uploads\/2025\/06\/WhatsApp-Image-2025-06-23-at-19.23.11.jpeg","keywords":["cauca","ciudad blanca","colombia","popay\u00e1n","semana santa"],"articleSection":["Mundo","Recomendaciones"],"inLanguage":"es","potentialAction":[{"@type":"CommentAction","name":"Comment","target":["https:\/\/modoviajeok.com.ar\/index.php\/2025\/09\/13\/popayan-la-ciudad-blanca-de-colombia\/#respond"]}]},{"@type":"WebPage","@id":"https:\/\/modoviajeok.com.ar\/index.php\/2025\/09\/13\/popayan-la-ciudad-blanca-de-colombia\/","url":"https:\/\/modoviajeok.com.ar\/index.php\/2025\/09\/13\/popayan-la-ciudad-blanca-de-colombia\/","name":"Popay\u00e1n, la \"ciudad blanca\" de Colombia -","isPartOf":{"@id":"https:\/\/modoviajeok.com.ar\/#website"},"primaryImageOfPage":{"@id":"https:\/\/modoviajeok.com.ar\/index.php\/2025\/09\/13\/popayan-la-ciudad-blanca-de-colombia\/#primaryimage"},"image":{"@id":"https:\/\/modoviajeok.com.ar\/index.php\/2025\/09\/13\/popayan-la-ciudad-blanca-de-colombia\/#primaryimage"},"thumbnailUrl":"https:\/\/modoviajeok.com.ar\/wp-content\/uploads\/2025\/06\/WhatsApp-Image-2025-06-23-at-19.23.11.jpeg","datePublished":"2025-09-13T12:00:28+00:00","description":"A 3 horas de Cali, se llega a Popay\u00e1n, la capital del departamento del Cauca. Es conocida por su gastronom\u00eda y por la celebraci\u00f3n de la Semana Santa.","breadcrumb":{"@id":"https:\/\/modoviajeok.com.ar\/index.php\/2025\/09\/13\/popayan-la-ciudad-blanca-de-colombia\/#breadcrumb"},"inLanguage":"es","potentialAction":[{"@type":"ReadAction","target":["https:\/\/modoviajeok.com.ar\/index.php\/2025\/09\/13\/popayan-la-ciudad-blanca-de-colombia\/"]}]},{"@type":"ImageObject","inLanguage":"es","@id":"https:\/\/modoviajeok.com.ar\/index.php\/2025\/09\/13\/popayan-la-ciudad-blanca-de-colombia\/#primaryimage","url":"https:\/\/modoviajeok.com.ar\/wp-content\/uploads\/2025\/06\/WhatsApp-Image-2025-06-23-at-19.23.11.jpeg","contentUrl":"https:\/\/modoviajeok.com.ar\/wp-content\/uploads\/2025\/06\/WhatsApp-Image-2025-06-23-at-19.23.11.jpeg","width":720,"height":1600},{"@type":"BreadcrumbList","@id":"https:\/\/modoviajeok.com.ar\/index.php\/2025\/09\/13\/popayan-la-ciudad-blanca-de-colombia\/#breadcrumb","itemListElement":[{"@type":"ListItem","position":1,"name":"Portada","item":"https:\/\/modoviajeok.com.ar\/"},{"@type":"ListItem","position":2,"name":"Popay\u00e1n, la \u00abciudad blanca\u00bb de Colombia"}]},{"@type":"WebSite","@id":"https:\/\/modoviajeok.com.ar\/#website","url":"https:\/\/modoviajeok.com.ar\/","name":"ModoViajeOK","description":"","publisher":{"@id":"https:\/\/modoviajeok.com.ar\/#organization"},"potentialAction":[{"@type":"SearchAction","target":{"@type":"EntryPoint","urlTemplate":"https:\/\/modoviajeok.com.ar\/?s={search_term_string}"},"query-input":{"@type":"PropertyValueSpecification","valueRequired":true,"valueName":"search_term_string"}}],"inLanguage":"es"},{"@type":"Organization","@id":"https:\/\/modoviajeok.com.ar\/#organization","name":"ModoViajeOK","url":"https:\/\/modoviajeok.com.ar\/","logo":{"@type":"ImageObject","inLanguage":"es","@id":"https:\/\/modoviajeok.com.ar\/#\/schema\/logo\/image\/","url":"https:\/\/modoviajeok.com.ar\/wp-content\/uploads\/2025\/01\/Logo-modoviajeok.png","contentUrl":"https:\/\/modoviajeok.com.ar\/wp-content\/uploads\/2025\/01\/Logo-modoviajeok.png","width":2938,"height":2276,"caption":"ModoViajeOK"},"image":{"@id":"https:\/\/modoviajeok.com.ar\/#\/schema\/logo\/image\/"},"sameAs":["https:\/\/www.facebook.com\/mariana.otero1\/","https:\/\/www.instagram.com\/modoviaje.ok\/"]},{"@type":"Person","@id":"https:\/\/modoviajeok.com.ar\/#\/schema\/person\/1187013488537969db5b1320484d24f4","name":"Mariana Otero","image":{"@type":"ImageObject","inLanguage":"es","@id":"https:\/\/modoviajeok.com.ar\/#\/schema\/person\/image\/","url":"https:\/\/secure.gravatar.com\/avatar\/8a91a502a9336849a3500b9090c431bc1418f1d1263d893afeddba065f5add82?s=96&d=mm&r=g","contentUrl":"https:\/\/secure.gravatar.com\/avatar\/8a91a502a9336849a3500b9090c431bc1418f1d1263d893afeddba065f5add82?s=96&d=mm&r=g","caption":"Mariana Otero"},"url":"https:\/\/modoviajeok.com.ar\/index.php\/author\/mariana2025\/"}]}},"_links":{"self":[{"href":"https:\/\/modoviajeok.com.ar\/index.php\/wp-json\/wp\/v2\/posts\/4422","targetHints":{"allow":["GET"]}}],"collection":[{"href":"https:\/\/modoviajeok.com.ar\/index.php\/wp-json\/wp\/v2\/posts"}],"about":[{"href":"https:\/\/modoviajeok.com.ar\/index.php\/wp-json\/wp\/v2\/types\/post"}],"author":[{"embeddable":true,"href":"https:\/\/modoviajeok.com.ar\/index.php\/wp-json\/wp\/v2\/users\/2"}],"replies":[{"embeddable":true,"href":"https:\/\/modoviajeok.com.ar\/index.php\/wp-json\/wp\/v2\/comments?post=4422"}],"version-history":[{"count":1,"href":"https:\/\/modoviajeok.com.ar\/index.php\/wp-json\/wp\/v2\/posts\/4422\/revisions"}],"predecessor-version":[{"id":4431,"href":"https:\/\/modoviajeok.com.ar\/index.php\/wp-json\/wp\/v2\/posts\/4422\/revisions\/4431"}],"wp:featuredmedia":[{"embeddable":true,"href":"https:\/\/modoviajeok.com.ar\/index.php\/wp-json\/wp\/v2\/media\/4428"}],"wp:attachment":[{"href":"https:\/\/modoviajeok.com.ar\/index.php\/wp-json\/wp\/v2\/media?parent=4422"}],"wp:term":[{"taxonomy":"category","embeddable":true,"href":"https:\/\/modoviajeok.com.ar\/index.php\/wp-json\/wp\/v2\/categories?post=4422"},{"taxonomy":"post_tag","embeddable":true,"href":"https:\/\/modoviajeok.com.ar\/index.php\/wp-json\/wp\/v2\/tags?post=4422"}],"curies":[{"name":"wp","href":"https:\/\/api.w.org\/{rel}","templated":true}]}}