{"id":4432,"date":"2025-07-21T09:09:16","date_gmt":"2025-07-21T12:09:16","guid":{"rendered":"https:\/\/modoviajeok.com.ar\/?p=4432"},"modified":"2025-07-22T17:46:00","modified_gmt":"2025-07-22T20:46:00","slug":"jujuy-sede-del-primer-encuentro-de-internacional-de-turismo-sostenible","status":"publish","type":"post","link":"https:\/\/modoviajeok.com.ar\/index.php\/2025\/07\/21\/jujuy-sede-del-primer-encuentro-de-internacional-de-turismo-sostenible\/","title":{"rendered":"Jujuy, sede del Primer Encuentro Internacional de Turismo Sostenible"},"content":{"rendered":"\n<figure class=\"wp-block-pullquote\"><blockquote><p>El encuentro se realizar\u00e1 del 7 al 9 de agosto y est\u00e1 organizado por miembros de la Red Andina de Turismo Sostenible, junto a instituciones p\u00fablicas y privadas de Jujuy<\/p><\/blockquote><\/figure>\n\n\n\n<p><\/p>\n\n\n\n<p>Del 7 al 9 de agosto, la ciudad argentina de San Salvador de Jujuy, ser\u00e1 sede del 1\u00b0 Encuentro Internacional de Turismo Sostenible bajo el lema \u201cUniendo Andes y Mares\u201d, un evento clave para fortalecer la integraci\u00f3n regional, impulsar destinos con perfil sostenible y generar redes de negocios con actores del Norte de Argentina, Norte de Chile, Per\u00fa, Bolivia, Paraguay y Brasil.<\/p>\n\n\n\n<figure class=\"wp-block-image size-full\"><img loading=\"lazy\" decoding=\"async\" width=\"820\" height=\"1600\" src=\"https:\/\/modoviajeok.com.ar\/wp-content\/uploads\/2025\/06\/4687ecf4-cae2-4923-832b-62564e9d83b6.jpeg\" alt=\"\" class=\"wp-image-4433\" srcset=\"https:\/\/modoviajeok.com.ar\/wp-content\/uploads\/2025\/06\/4687ecf4-cae2-4923-832b-62564e9d83b6.jpeg 820w, https:\/\/modoviajeok.com.ar\/wp-content\/uploads\/2025\/06\/4687ecf4-cae2-4923-832b-62564e9d83b6-768x1499.jpeg 768w, https:\/\/modoviajeok.com.ar\/wp-content\/uploads\/2025\/06\/4687ecf4-cae2-4923-832b-62564e9d83b6-787x1536.jpeg 787w, https:\/\/modoviajeok.com.ar\/wp-content\/uploads\/2025\/06\/4687ecf4-cae2-4923-832b-62564e9d83b6-215x420.jpeg 215w, https:\/\/modoviajeok.com.ar\/wp-content\/uploads\/2025\/06\/4687ecf4-cae2-4923-832b-62564e9d83b6-150x293.jpeg 150w, https:\/\/modoviajeok.com.ar\/wp-content\/uploads\/2025\/06\/4687ecf4-cae2-4923-832b-62564e9d83b6-300x585.jpeg 300w, https:\/\/modoviajeok.com.ar\/wp-content\/uploads\/2025\/06\/4687ecf4-cae2-4923-832b-62564e9d83b6-696x1358.jpeg 696w\" sizes=\"auto, (max-width: 820px) 100vw, 820px\" \/><\/figure>\n\n\n\n<p>El encuentro est\u00e1 organizado por miembros de la Red Andina de Turismo Sostenible, junto a instituciones p\u00fablicas y privadas de Jujuy, que tienen como objetivos principales generar negocios y redes de empresas; posicionar destinos emergentes y consolidados de la regi\u00f3n Andina y del Corredor Bioce\u00e1nico; conectar paisajes, identidades culturales, saberes locales, experiencias aut\u00e9nticas hacia una visi\u00f3n sostenible del desarrollo tur\u00edstico.<\/p>\n\n\n\n<p>Esta actividad reunir\u00e1 a los actores m\u00e1s relevantes del sector tur\u00edstico de seis pa\u00edses sudamericanos durante tres d\u00edas, en los que San Salvador de Jujuy se convertir\u00e1 en el epicentro de un foro de alto nivel que combinar\u00e1 charlas magistrales, paneles tem\u00e1ticos, experiencias exitosas, rondas de negocios y workshops de promoci\u00f3n tur\u00edstica.<\/p>\n\n\n\n<p>Participar\u00e1n m\u00e1s de 60 empresas y organismos de turismo del Norte de Argentina, Chile, Per\u00fa, Bolivia, Brasil y Paraguay, representando tanto al sector p\u00fablico como privado. La diversidad de propuestas incluye la participaci\u00f3n de operadores tur\u00edsticos, agencias de viajes, alojamientos y empresas de transporte, hasta emprendimientos gastron\u00f3micos, de turismo rural, cultural y de aventura, como estudiantes de turismo o carreras afines.<\/p>\n\n\n\n<p>Entre las principales actividades se destaca: Foro Internacional con paneles y disertaciones a cargo de referentes nacionales e internacionales, Presentaci\u00f3n de Destinos Tur\u00edsticos integrados; Rondas de Negocios B2B y B2C, Workshops de promoci\u00f3n tur\u00edstica; Reuni\u00f3n Ejecutiva de la Red Andina de Turismo y Famtours para operadores y prensa especializada.<\/p>\n\n\n\n<p>La intenci\u00f3n de los organizadores no es s\u00f3lo la promoci\u00f3n &nbsp;internacional de productos y servicios, sino que se buscar\u00e1 consolidar alianzas estrat\u00e9gicas, generar oportunidades para el ecosistema emprendedor regional, y ofrecer a los visitantes una ventana al potencial tur\u00edstico del norte argentino y sus pa\u00edses vecinos, con una fuerte impronta identitaria y sustentable.<\/p>\n\n\n\n<p>De esta manera el turismo como puente entre culturas, como motor econ\u00f3mico, y como herramienta de transformaci\u00f3n, tendr\u00e1 su momento m\u00e1s destacado en el mes de agosto de 2025. Una invitaci\u00f3n abierta a descubrir, conectar y proyectar el futuro del turismo andino y bioce\u00e1nico.<\/p>\n\n\n\n<p><\/p>\n\n\n      <div class=\"wp_bannerize_container wp_bannerize_layout_vertical\">\n\n        <div class=\"wp_bannerize_banner_box wp_bannerize_category_intertexto-1\" data-title=\"Modo viaje\" data-mime_type=\"image-gif\" data-banner_id=\"1783\" id=\"wpbanner-1783\" data-impressions_enabled=\"true\" data-clicks_enabled=\"true\"><a href=\"https:\/\/www.instagram.com\/modoviaje.ok?igsh=Z3c5emxsZWFtdXN3\"><img decoding=\"async\" border=\"0\" src=\"https:\/\/modoviajeok.com.ar\/wp-content\/uploads\/2025\/02\/modoviaje.ok-300-x-250-px.gif\" alt=\"Modo viaje\" title=\"Modo viaje\" \/><\/a><\/div>      <\/div>\n\n\n\n\n\n<figure class=\"wp-block-pullquote\"><blockquote><p><\/p><\/blockquote><\/figure>\n","protected":false},"excerpt":{"rendered":"<p>El encuentro se realizar\u00e1 del 7 al 9 de agosto y est\u00e1 organizado por miembros de la Red Andina de Turismo Sostenible, junto a instituciones p\u00fablicas y privadas de Jujuy Del 7 al 9 de agosto, la ciudad argentina de San Salvador de Jujuy, ser\u00e1 sede del 1\u00b0 Encuentro Internacional de Turismo Sostenible bajo el [&hellip;]<\/p>\n","protected":false},"author":3,"featured_media":4436,"comment_status":"open","ping_status":"open","sticky":false,"template":"","format":"standard","meta":{"_acf_changed":false,"footnotes":""},"categories":[13,9,10],"tags":[1069,73,22,1066,1067,1068,1065],"class_list":{"0":"post-4432","1":"post","2":"type-post","3":"status-publish","4":"format-standard","5":"has-post-thumbnail","7":"category-argentina","8":"category-mundo","9":"category-noticias","10":"tag-bolivia","11":"tag-brasil","12":"tag-jujuy","13":"tag-norte-de-argentina","14":"tag-norte-de-chile","15":"tag-norte-de-peru","16":"tag-turismo-sostenible"},"acf":[],"yoast_head":"<!-- This site is optimized with the Yoast SEO plugin v24.8.1 - https:\/\/yoast.com\/wordpress\/plugins\/seo\/ -->\n<title>Jujuy, sede del Primer Encuentro Internacional de Turismo Sostenible -<\/title>\n<meta name=\"robots\" content=\"index, follow, max-snippet:-1, max-image-preview:large, max-video-preview:-1\" \/>\n<link rel=\"canonical\" href=\"https:\/\/modoviajeok.com.ar\/index.php\/2025\/07\/21\/jujuy-sede-del-primer-encuentro-de-internacional-de-turismo-sostenible\/\" \/>\n<meta property=\"og:locale\" content=\"es_ES\" \/>\n<meta property=\"og:type\" content=\"article\" \/>\n<meta property=\"og:title\" content=\"Jujuy, sede del Primer Encuentro Internacional de Turismo Sostenible -\" \/>\n<meta property=\"og:description\" content=\"El encuentro se realizar\u00e1 del 7 al 9 de agosto y est\u00e1 organizado por miembros de la Red Andina de Turismo Sostenible, junto a instituciones p\u00fablicas y privadas de Jujuy Del 7 al 9 de agosto, la ciudad argentina de San Salvador de Jujuy, ser\u00e1 sede del 1\u00b0 Encuentro Internacional de Turismo Sostenible bajo el [&hellip;]\" \/>\n<meta property=\"og:url\" content=\"https:\/\/modoviajeok.com.ar\/index.php\/2025\/07\/21\/jujuy-sede-del-primer-encuentro-de-internacional-de-turismo-sostenible\/\" \/>\n<meta property=\"article:publisher\" content=\"https:\/\/www.facebook.com\/mariana.otero1\/\" \/>\n<meta property=\"article:published_time\" content=\"2025-07-21T12:09:16+00:00\" \/>\n<meta property=\"article:modified_time\" content=\"2025-07-22T20:46:00+00:00\" \/>\n<meta property=\"og:image\" content=\"https:\/\/modoviajeok.com.ar\/wp-content\/uploads\/2025\/06\/foto-peru-machu-picchu-8-1.jpg\" \/>\n\t<meta property=\"og:image:width\" content=\"2560\" \/>\n\t<meta property=\"og:image:height\" content=\"1440\" \/>\n\t<meta property=\"og:image:type\" content=\"image\/jpeg\" \/>\n<meta name=\"author\" content=\"Pepe Segura\" \/>\n<meta name=\"twitter:card\" content=\"summary_large_image\" \/>\n<meta name=\"twitter:label1\" content=\"Escrito por\" \/>\n\t<meta name=\"twitter:data1\" content=\"Pepe Segura\" \/>\n\t<meta name=\"twitter:label2\" content=\"Tiempo de lectura\" \/>\n\t<meta name=\"twitter:data2\" content=\"3 minutos\" \/>\n<script type=\"application\/ld+json\" class=\"yoast-schema-graph\">{\"@context\":\"https:\/\/schema.org\",\"@graph\":[{\"@type\":\"Article\",\"@id\":\"https:\/\/modoviajeok.com.ar\/index.php\/2025\/07\/21\/jujuy-sede-del-primer-encuentro-de-internacional-de-turismo-sostenible\/#article\",\"isPartOf\":{\"@id\":\"https:\/\/modoviajeok.com.ar\/index.php\/2025\/07\/21\/jujuy-sede-del-primer-encuentro-de-internacional-de-turismo-sostenible\/\"},\"author\":{\"name\":\"Pepe Segura\",\"@id\":\"https:\/\/modoviajeok.com.ar\/#\/schema\/person\/2e299ed0d3d412a01d244fe28260d7f5\"},\"headline\":\"Jujuy, sede del Primer Encuentro Internacional de Turismo Sostenible\",\"datePublished\":\"2025-07-21T12:09:16+00:00\",\"dateModified\":\"2025-07-22T20:46:00+00:00\",\"mainEntityOfPage\":{\"@id\":\"https:\/\/modoviajeok.com.ar\/index.php\/2025\/07\/21\/jujuy-sede-del-primer-encuentro-de-internacional-de-turismo-sostenible\/\"},\"wordCount\":460,\"commentCount\":0,\"publisher\":{\"@id\":\"https:\/\/modoviajeok.com.ar\/#organization\"},\"image\":{\"@id\":\"https:\/\/modoviajeok.com.ar\/index.php\/2025\/07\/21\/jujuy-sede-del-primer-encuentro-de-internacional-de-turismo-sostenible\/#primaryimage\"},\"thumbnailUrl\":\"https:\/\/modoviajeok.com.ar\/wp-content\/uploads\/2025\/06\/foto-peru-machu-picchu-8-1.jpg\",\"keywords\":[\"bolivia\",\"brasil\",\"jujuy\",\"norte de argentina.\",\"norte de chile\",\"norte de peru\",\"turismo sostenible\"],\"articleSection\":[\"Argentina\",\"Mundo\",\"Noticias\"],\"inLanguage\":\"es\",\"potentialAction\":[{\"@type\":\"CommentAction\",\"name\":\"Comment\",\"target\":[\"https:\/\/modoviajeok.com.ar\/index.php\/2025\/07\/21\/jujuy-sede-del-primer-encuentro-de-internacional-de-turismo-sostenible\/#respond\"]}]},{\"@type\":\"WebPage\",\"@id\":\"https:\/\/modoviajeok.com.ar\/index.php\/2025\/07\/21\/jujuy-sede-del-primer-encuentro-de-internacional-de-turismo-sostenible\/\",\"url\":\"https:\/\/modoviajeok.com.ar\/index.php\/2025\/07\/21\/jujuy-sede-del-primer-encuentro-de-internacional-de-turismo-sostenible\/\",\"name\":\"Jujuy, sede del Primer Encuentro Internacional de Turismo Sostenible -\",\"isPartOf\":{\"@id\":\"https:\/\/modoviajeok.com.ar\/#website\"},\"primaryImageOfPage\":{\"@id\":\"https:\/\/modoviajeok.com.ar\/index.php\/2025\/07\/21\/jujuy-sede-del-primer-encuentro-de-internacional-de-turismo-sostenible\/#primaryimage\"},\"image\":{\"@id\":\"https:\/\/modoviajeok.com.ar\/index.php\/2025\/07\/21\/jujuy-sede-del-primer-encuentro-de-internacional-de-turismo-sostenible\/#primaryimage\"},\"thumbnailUrl\":\"https:\/\/modoviajeok.com.ar\/wp-content\/uploads\/2025\/06\/foto-peru-machu-picchu-8-1.jpg\",\"datePublished\":\"2025-07-21T12:09:16+00:00\",\"dateModified\":\"2025-07-22T20:46:00+00:00\",\"breadcrumb\":{\"@id\":\"https:\/\/modoviajeok.com.ar\/index.php\/2025\/07\/21\/jujuy-sede-del-primer-encuentro-de-internacional-de-turismo-sostenible\/#breadcrumb\"},\"inLanguage\":\"es\",\"potentialAction\":[{\"@type\":\"ReadAction\",\"target\":[\"https:\/\/modoviajeok.com.ar\/index.php\/2025\/07\/21\/jujuy-sede-del-primer-encuentro-de-internacional-de-turismo-sostenible\/\"]}]},{\"@type\":\"ImageObject\",\"inLanguage\":\"es\",\"@id\":\"https:\/\/modoviajeok.com.ar\/index.php\/2025\/07\/21\/jujuy-sede-del-primer-encuentro-de-internacional-de-turismo-sostenible\/#primaryimage\",\"url\":\"https:\/\/modoviajeok.com.ar\/wp-content\/uploads\/2025\/06\/foto-peru-machu-picchu-8-1.jpg\",\"contentUrl\":\"https:\/\/modoviajeok.com.ar\/wp-content\/uploads\/2025\/06\/foto-peru-machu-picchu-8-1.jpg\",\"width\":2560,\"height\":1440},{\"@type\":\"BreadcrumbList\",\"@id\":\"https:\/\/modoviajeok.com.ar\/index.php\/2025\/07\/21\/jujuy-sede-del-primer-encuentro-de-internacional-de-turismo-sostenible\/#breadcrumb\",\"itemListElement\":[{\"@type\":\"ListItem\",\"position\":1,\"name\":\"Portada\",\"item\":\"https:\/\/modoviajeok.com.ar\/\"},{\"@type\":\"ListItem\",\"position\":2,\"name\":\"Jujuy, sede del Primer Encuentro Internacional de Turismo Sostenible\"}]},{\"@type\":\"WebSite\",\"@id\":\"https:\/\/modoviajeok.com.ar\/#website\",\"url\":\"https:\/\/modoviajeok.com.ar\/\",\"name\":\"ModoViajeOK\",\"description\":\"\",\"publisher\":{\"@id\":\"https:\/\/modoviajeok.com.ar\/#organization\"},\"potentialAction\":[{\"@type\":\"SearchAction\",\"target\":{\"@type\":\"EntryPoint\",\"urlTemplate\":\"https:\/\/modoviajeok.com.ar\/?s={search_term_string}\"},\"query-input\":{\"@type\":\"PropertyValueSpecification\",\"valueRequired\":true,\"valueName\":\"search_term_string\"}}],\"inLanguage\":\"es\"},{\"@type\":\"Organization\",\"@id\":\"https:\/\/modoviajeok.com.ar\/#organization\",\"name\":\"ModoViajeOK\",\"url\":\"https:\/\/modoviajeok.com.ar\/\",\"logo\":{\"@type\":\"ImageObject\",\"inLanguage\":\"es\",\"@id\":\"https:\/\/modoviajeok.com.ar\/#\/schema\/logo\/image\/\",\"url\":\"https:\/\/modoviajeok.com.ar\/wp-content\/uploads\/2025\/01\/Logo-modoviajeok.png\",\"contentUrl\":\"https:\/\/modoviajeok.com.ar\/wp-content\/uploads\/2025\/01\/Logo-modoviajeok.png\",\"width\":2938,\"height\":2276,\"caption\":\"ModoViajeOK\"},\"image\":{\"@id\":\"https:\/\/modoviajeok.com.ar\/#\/schema\/logo\/image\/\"},\"sameAs\":[\"https:\/\/www.facebook.com\/mariana.otero1\/\",\"https:\/\/www.instagram.com\/modoviaje.ok\/\"]},{\"@type\":\"Person\",\"@id\":\"https:\/\/modoviajeok.com.ar\/#\/schema\/person\/2e299ed0d3d412a01d244fe28260d7f5\",\"name\":\"Pepe Segura\",\"image\":{\"@type\":\"ImageObject\",\"inLanguage\":\"es\",\"@id\":\"https:\/\/modoviajeok.com.ar\/#\/schema\/person\/image\/\",\"url\":\"https:\/\/secure.gravatar.com\/avatar\/65eb4b34deed761327f5b2c5535b987318ae807900ac46426de7258f5de6d345?s=96&d=mm&r=g\",\"contentUrl\":\"https:\/\/secure.gravatar.com\/avatar\/65eb4b34deed761327f5b2c5535b987318ae807900ac46426de7258f5de6d345?s=96&d=mm&r=g\",\"caption\":\"Pepe Segura\"},\"url\":\"https:\/\/modoviajeok.com.ar\/index.php\/author\/pepe2025\/\"}]}<\/script>\n<!-- \/ Yoast SEO plugin. -->","yoast_head_json":{"title":"Jujuy, sede del Primer Encuentro Internacional de Turismo Sostenible -","robots":{"index":"index","follow":"follow","max-snippet":"max-snippet:-1","max-image-preview":"max-image-preview:large","max-video-preview":"max-video-preview:-1"},"canonical":"https:\/\/modoviajeok.com.ar\/index.php\/2025\/07\/21\/jujuy-sede-del-primer-encuentro-de-internacional-de-turismo-sostenible\/","og_locale":"es_ES","og_type":"article","og_title":"Jujuy, sede del Primer Encuentro Internacional de Turismo Sostenible -","og_description":"El encuentro se realizar\u00e1 del 7 al 9 de agosto y est\u00e1 organizado por miembros de la Red Andina de Turismo Sostenible, junto a instituciones p\u00fablicas y privadas de Jujuy Del 7 al 9 de agosto, la ciudad argentina de San Salvador de Jujuy, ser\u00e1 sede del 1\u00b0 Encuentro Internacional de Turismo Sostenible bajo el [&hellip;]","og_url":"https:\/\/modoviajeok.com.ar\/index.php\/2025\/07\/21\/jujuy-sede-del-primer-encuentro-de-internacional-de-turismo-sostenible\/","article_publisher":"https:\/\/www.facebook.com\/mariana.otero1\/","article_published_time":"2025-07-21T12:09:16+00:00","article_modified_time":"2025-07-22T20:46:00+00:00","og_image":[{"width":2560,"height":1440,"url":"https:\/\/modoviajeok.com.ar\/wp-content\/uploads\/2025\/06\/foto-peru-machu-picchu-8-1.jpg","type":"image\/jpeg"}],"author":"Pepe Segura","twitter_card":"summary_large_image","twitter_misc":{"Escrito por":"Pepe Segura","Tiempo de lectura":"3 minutos"},"schema":{"@context":"https:\/\/schema.org","@graph":[{"@type":"Article","@id":"https:\/\/modoviajeok.com.ar\/index.php\/2025\/07\/21\/jujuy-sede-del-primer-encuentro-de-internacional-de-turismo-sostenible\/#article","isPartOf":{"@id":"https:\/\/modoviajeok.com.ar\/index.php\/2025\/07\/21\/jujuy-sede-del-primer-encuentro-de-internacional-de-turismo-sostenible\/"},"author":{"name":"Pepe Segura","@id":"https:\/\/modoviajeok.com.ar\/#\/schema\/person\/2e299ed0d3d412a01d244fe28260d7f5"},"headline":"Jujuy, sede del Primer Encuentro Internacional de Turismo Sostenible","datePublished":"2025-07-21T12:09:16+00:00","dateModified":"2025-07-22T20:46:00+00:00","mainEntityOfPage":{"@id":"https:\/\/modoviajeok.com.ar\/index.php\/2025\/07\/21\/jujuy-sede-del-primer-encuentro-de-internacional-de-turismo-sostenible\/"},"wordCount":460,"commentCount":0,"publisher":{"@id":"https:\/\/modoviajeok.com.ar\/#organization"},"image":{"@id":"https:\/\/modoviajeok.com.ar\/index.php\/2025\/07\/21\/jujuy-sede-del-primer-encuentro-de-internacional-de-turismo-sostenible\/#primaryimage"},"thumbnailUrl":"https:\/\/modoviajeok.com.ar\/wp-content\/uploads\/2025\/06\/foto-peru-machu-picchu-8-1.jpg","keywords":["bolivia","brasil","jujuy","norte de argentina.","norte de chile","norte de peru","turismo sostenible"],"articleSection":["Argentina","Mundo","Noticias"],"inLanguage":"es","potentialAction":[{"@type":"CommentAction","name":"Comment","target":["https:\/\/modoviajeok.com.ar\/index.php\/2025\/07\/21\/jujuy-sede-del-primer-encuentro-de-internacional-de-turismo-sostenible\/#respond"]}]},{"@type":"WebPage","@id":"https:\/\/modoviajeok.com.ar\/index.php\/2025\/07\/21\/jujuy-sede-del-primer-encuentro-de-internacional-de-turismo-sostenible\/","url":"https:\/\/modoviajeok.com.ar\/index.php\/2025\/07\/21\/jujuy-sede-del-primer-encuentro-de-internacional-de-turismo-sostenible\/","name":"Jujuy, sede del Primer Encuentro Internacional de Turismo Sostenible -","isPartOf":{"@id":"https:\/\/modoviajeok.com.ar\/#website"},"primaryImageOfPage":{"@id":"https:\/\/modoviajeok.com.ar\/index.php\/2025\/07\/21\/jujuy-sede-del-primer-encuentro-de-internacional-de-turismo-sostenible\/#primaryimage"},"image":{"@id":"https:\/\/modoviajeok.com.ar\/index.php\/2025\/07\/21\/jujuy-sede-del-primer-encuentro-de-internacional-de-turismo-sostenible\/#primaryimage"},"thumbnailUrl":"https:\/\/modoviajeok.com.ar\/wp-content\/uploads\/2025\/06\/foto-peru-machu-picchu-8-1.jpg","datePublished":"2025-07-21T12:09:16+00:00","dateModified":"2025-07-22T20:46:00+00:00","breadcrumb":{"@id":"https:\/\/modoviajeok.com.ar\/index.php\/2025\/07\/21\/jujuy-sede-del-primer-encuentro-de-internacional-de-turismo-sostenible\/#breadcrumb"},"inLanguage":"es","potentialAction":[{"@type":"ReadAction","target":["https:\/\/modoviajeok.com.ar\/index.php\/2025\/07\/21\/jujuy-sede-del-primer-encuentro-de-internacional-de-turismo-sostenible\/"]}]},{"@type":"ImageObject","inLanguage":"es","@id":"https:\/\/modoviajeok.com.ar\/index.php\/2025\/07\/21\/jujuy-sede-del-primer-encuentro-de-internacional-de-turismo-sostenible\/#primaryimage","url":"https:\/\/modoviajeok.com.ar\/wp-content\/uploads\/2025\/06\/foto-peru-machu-picchu-8-1.jpg","contentUrl":"https:\/\/modoviajeok.com.ar\/wp-content\/uploads\/2025\/06\/foto-peru-machu-picchu-8-1.jpg","width":2560,"height":1440},{"@type":"BreadcrumbList","@id":"https:\/\/modoviajeok.com.ar\/index.php\/2025\/07\/21\/jujuy-sede-del-primer-encuentro-de-internacional-de-turismo-sostenible\/#breadcrumb","itemListElement":[{"@type":"ListItem","position":1,"name":"Portada","item":"https:\/\/modoviajeok.com.ar\/"},{"@type":"ListItem","position":2,"name":"Jujuy, sede del Primer Encuentro Internacional de Turismo Sostenible"}]},{"@type":"WebSite","@id":"https:\/\/modoviajeok.com.ar\/#website","url":"https:\/\/modoviajeok.com.ar\/","name":"ModoViajeOK","description":"","publisher":{"@id":"https:\/\/modoviajeok.com.ar\/#organization"},"potentialAction":[{"@type":"SearchAction","target":{"@type":"EntryPoint","urlTemplate":"https:\/\/modoviajeok.com.ar\/?s={search_term_string}"},"query-input":{"@type":"PropertyValueSpecification","valueRequired":true,"valueName":"search_term_string"}}],"inLanguage":"es"},{"@type":"Organization","@id":"https:\/\/modoviajeok.com.ar\/#organization","name":"ModoViajeOK","url":"https:\/\/modoviajeok.com.ar\/","logo":{"@type":"ImageObject","inLanguage":"es","@id":"https:\/\/modoviajeok.com.ar\/#\/schema\/logo\/image\/","url":"https:\/\/modoviajeok.com.ar\/wp-content\/uploads\/2025\/01\/Logo-modoviajeok.png","contentUrl":"https:\/\/modoviajeok.com.ar\/wp-content\/uploads\/2025\/01\/Logo-modoviajeok.png","width":2938,"height":2276,"caption":"ModoViajeOK"},"image":{"@id":"https:\/\/modoviajeok.com.ar\/#\/schema\/logo\/image\/"},"sameAs":["https:\/\/www.facebook.com\/mariana.otero1\/","https:\/\/www.instagram.com\/modoviaje.ok\/"]},{"@type":"Person","@id":"https:\/\/modoviajeok.com.ar\/#\/schema\/person\/2e299ed0d3d412a01d244fe28260d7f5","name":"Pepe Segura","image":{"@type":"ImageObject","inLanguage":"es","@id":"https:\/\/modoviajeok.com.ar\/#\/schema\/person\/image\/","url":"https:\/\/secure.gravatar.com\/avatar\/65eb4b34deed761327f5b2c5535b987318ae807900ac46426de7258f5de6d345?s=96&d=mm&r=g","contentUrl":"https:\/\/secure.gravatar.com\/avatar\/65eb4b34deed761327f5b2c5535b987318ae807900ac46426de7258f5de6d345?s=96&d=mm&r=g","caption":"Pepe Segura"},"url":"https:\/\/modoviajeok.com.ar\/index.php\/author\/pepe2025\/"}]}},"_links":{"self":[{"href":"https:\/\/modoviajeok.com.ar\/index.php\/wp-json\/wp\/v2\/posts\/4432","targetHints":{"allow":["GET"]}}],"collection":[{"href":"https:\/\/modoviajeok.com.ar\/index.php\/wp-json\/wp\/v2\/posts"}],"about":[{"href":"https:\/\/modoviajeok.com.ar\/index.php\/wp-json\/wp\/v2\/types\/post"}],"author":[{"embeddable":true,"href":"https:\/\/modoviajeok.com.ar\/index.php\/wp-json\/wp\/v2\/users\/3"}],"replies":[{"embeddable":true,"href":"https:\/\/modoviajeok.com.ar\/index.php\/wp-json\/wp\/v2\/comments?post=4432"}],"version-history":[{"count":2,"href":"https:\/\/modoviajeok.com.ar\/index.php\/wp-json\/wp\/v2\/posts\/4432\/revisions"}],"predecessor-version":[{"id":4799,"href":"https:\/\/modoviajeok.com.ar\/index.php\/wp-json\/wp\/v2\/posts\/4432\/revisions\/4799"}],"wp:featuredmedia":[{"embeddable":true,"href":"https:\/\/modoviajeok.com.ar\/index.php\/wp-json\/wp\/v2\/media\/4436"}],"wp:attachment":[{"href":"https:\/\/modoviajeok.com.ar\/index.php\/wp-json\/wp\/v2\/media?parent=4432"}],"wp:term":[{"taxonomy":"category","embeddable":true,"href":"https:\/\/modoviajeok.com.ar\/index.php\/wp-json\/wp\/v2\/categories?post=4432"},{"taxonomy":"post_tag","embeddable":true,"href":"https:\/\/modoviajeok.com.ar\/index.php\/wp-json\/wp\/v2\/tags?post=4432"}],"curies":[{"name":"wp","href":"https:\/\/api.w.org\/{rel}","templated":true}]}}