{"id":4437,"date":"2025-07-01T19:21:17","date_gmt":"2025-07-01T22:21:17","guid":{"rendered":"https:\/\/modoviajeok.com.ar\/?p=4437"},"modified":"2025-07-06T14:48:35","modified_gmt":"2025-07-06T17:48:35","slug":"re-vuelta-moda-circular-dj-tragos-y-buena-onda","status":"publish","type":"post","link":"https:\/\/modoviajeok.com.ar\/index.php\/2025\/07\/01\/re-vuelta-moda-circular-dj-tragos-y-buena-onda\/","title":{"rendered":"Re-Vuelta: moda circular, DJ, tragos y buena onda"},"content":{"rendered":"\n<figure class=\"wp-block-pullquote\"><blockquote><p><strong>As\u00ed es el emprendimiento que ya marca tendencia: moda sustentable, m\u00fasica, barra y un ambiente amigable para disfrutar en clave anti domingo<\/strong>. Est\u00e1 a una hora de Buenos Aires.<\/p><\/blockquote><\/figure>\n\n\n\n<p>Virginia Renter\u00eda y Mariela Zabludovich se conocieron en la Facultad de Ciencias Econ\u00f3micas de la Universidad Nacional de La Plata. Hoy, a los 50, esa amistad que forjaron a trav\u00e9s de los a\u00f1os se afianz\u00f3 a\u00fan m\u00e1s a partir de un proyecto en com\u00fan. Se animaron a transformar su presente: lanzaron una marca con toque distintivo y novedoso en la localidad de City Bell, a solo una hora de Buenos Aires.<\/p>\n\n\n\n<figure class=\"wp-block-image size-full\"><img loading=\"lazy\" decoding=\"async\" width=\"960\" height=\"1280\" src=\"https:\/\/modoviajeok.com.ar\/wp-content\/uploads\/2025\/06\/WhatsApp-Image-2025-06-25-at-11.27.23-1.jpeg\" alt=\"\" class=\"wp-image-4438\" srcset=\"https:\/\/modoviajeok.com.ar\/wp-content\/uploads\/2025\/06\/WhatsApp-Image-2025-06-25-at-11.27.23-1.jpeg 960w, https:\/\/modoviajeok.com.ar\/wp-content\/uploads\/2025\/06\/WhatsApp-Image-2025-06-25-at-11.27.23-1-768x1024.jpeg 768w, https:\/\/modoviajeok.com.ar\/wp-content\/uploads\/2025\/06\/WhatsApp-Image-2025-06-25-at-11.27.23-1-315x420.jpeg 315w, https:\/\/modoviajeok.com.ar\/wp-content\/uploads\/2025\/06\/WhatsApp-Image-2025-06-25-at-11.27.23-1-150x200.jpeg 150w, https:\/\/modoviajeok.com.ar\/wp-content\/uploads\/2025\/06\/WhatsApp-Image-2025-06-25-at-11.27.23-1-300x400.jpeg 300w, https:\/\/modoviajeok.com.ar\/wp-content\/uploads\/2025\/06\/WhatsApp-Image-2025-06-25-at-11.27.23-1-696x928.jpeg 696w\" sizes=\"auto, (max-width: 960px) 100vw, 960px\" \/><\/figure>\n\n\n\n<p>La inauguraci\u00f3n de este emprendimiento fue en los primeros d\u00edas de junio y result\u00f3 ser un verdadero \u00e9xito. Hablamos de Re-Vuelta, as\u00ed bautizaron su sello second hand; aline\u00e1ndose con la creciente tendencia de la moda circular. Pero innovaron y fueron mucho m\u00e1s all\u00e1. Venta\/compra de ropa, zapatos, accesorios y carteras usadas. Una vez al mes el plan est\u00e1 en el espacio\/bar Durango en la esquina de Camino Centenario y 474, a partir de las 17.30 hasta las 20.30. M\u00fasica, tragos, venta de ropa con una segunda oportunidad y muy buena onda definen el esp\u00edritu de la movida que ya marca tendencia.<\/p>\n\n\n\n<p><strong>C\u00f3mo nace Re-Vuelta<\/strong><\/p>\n\n\n\n<p>\u201cLa inspiraci\u00f3n naci\u00f3 de una inquietud personal y profesional: quer\u00edamos hacer algo con sentido. Nos apasiona la moda, pero tambi\u00e9n somos muy conscientes del impacto ambiental positivo que genera la sustentabilidad\u201d, aseguran Virginia y Mariela haciendo hincapi\u00e9 en la importancia de acercar la moda circular a la vida cotidiana, en un formato c\u00e1lido y accesible.<\/p>\n\n\n\n<p>\u201cAdem\u00e1s, quer\u00edamos romper con la l\u00f3gica tradicional de \u00b4ir a comprar ropa\u00b4 y transformarla en una experiencia distinta: un anti domingo. Generar un encuentro con amigos y conocer gente nueva para pasarla bien, escuchar m\u00fasica, tomar un trago, comer algo rico y dar una vuelta\u201d, cuentan con entusiasmo.<\/p>\n\n\n\n<figure class=\"wp-block-image size-full\"><img loading=\"lazy\" decoding=\"async\" width=\"960\" height=\"1280\" src=\"https:\/\/modoviajeok.com.ar\/wp-content\/uploads\/2025\/06\/WhatsApp-Image-2025-06-25-at-11.27.23.jpeg\" alt=\"\" class=\"wp-image-4439\" srcset=\"https:\/\/modoviajeok.com.ar\/wp-content\/uploads\/2025\/06\/WhatsApp-Image-2025-06-25-at-11.27.23.jpeg 960w, https:\/\/modoviajeok.com.ar\/wp-content\/uploads\/2025\/06\/WhatsApp-Image-2025-06-25-at-11.27.23-768x1024.jpeg 768w, https:\/\/modoviajeok.com.ar\/wp-content\/uploads\/2025\/06\/WhatsApp-Image-2025-06-25-at-11.27.23-315x420.jpeg 315w, https:\/\/modoviajeok.com.ar\/wp-content\/uploads\/2025\/06\/WhatsApp-Image-2025-06-25-at-11.27.23-150x200.jpeg 150w, https:\/\/modoviajeok.com.ar\/wp-content\/uploads\/2025\/06\/WhatsApp-Image-2025-06-25-at-11.27.23-300x400.jpeg 300w, https:\/\/modoviajeok.com.ar\/wp-content\/uploads\/2025\/06\/WhatsApp-Image-2025-06-25-at-11.27.23-696x928.jpeg 696w\" sizes=\"auto, (max-width: 960px) 100vw, 960px\" \/><\/figure>\n\n\n\n<p>\u201cEsto genera un momento para distender, charlar, compartir. Sentimos que la ropa tiene historia, y que merece ser intercambiada en un espacio social. As\u00ed naci\u00f3 nuestro concepto: un evento donde pod\u00e9s conocer personas y darle una segunda vida u oportunidad a una prenda. Es moda, estilo pero tambi\u00e9n comunidad y afectos\u201d, resaltan.<\/p>\n\n\n\n<p><strong>Desaf\u00edo sostenible<\/strong><\/p>\n\n\n\n<p>\u201cEl desaf\u00edo principal es encontrar el equilibrio entre el impacto ambiental, social y econ\u00f3mico. Queremos crecer, brindar una experiencia distinta, priorizar la sustentabilidad y la segunda oportunidad. Ser sostenibles implica tomar decisiones conscientes todo el tiempo: desde la log\u00edstica de recolecci\u00f3n de prendas, la confidencialidad hasta la forma en que comunicamos y empaquetamos; todo est\u00e1 pensado. Otro reto es educar, sumar: a\u00fan hay muchas personas que no conocen qu\u00e9 es la moda circular o que tienen prejuicios respecto a ello\u201d, dicen.<\/p>\n\n\n\n<figure class=\"wp-block-image size-full\"><img loading=\"lazy\" decoding=\"async\" width=\"753\" height=\"1280\" src=\"https:\/\/modoviajeok.com.ar\/wp-content\/uploads\/2025\/06\/WhatsApp-Image-2025-06-25-at-11.27.24.jpeg\" alt=\"\" class=\"wp-image-4440\" srcset=\"https:\/\/modoviajeok.com.ar\/wp-content\/uploads\/2025\/06\/WhatsApp-Image-2025-06-25-at-11.27.24.jpeg 753w, https:\/\/modoviajeok.com.ar\/wp-content\/uploads\/2025\/06\/WhatsApp-Image-2025-06-25-at-11.27.24-247x420.jpeg 247w, https:\/\/modoviajeok.com.ar\/wp-content\/uploads\/2025\/06\/WhatsApp-Image-2025-06-25-at-11.27.24-150x255.jpeg 150w, https:\/\/modoviajeok.com.ar\/wp-content\/uploads\/2025\/06\/WhatsApp-Image-2025-06-25-at-11.27.24-300x510.jpeg 300w, https:\/\/modoviajeok.com.ar\/wp-content\/uploads\/2025\/06\/WhatsApp-Image-2025-06-25-at-11.27.24-696x1183.jpeg 696w\" sizes=\"auto, (max-width: 753px) 100vw, 753px\" \/><\/figure>\n\n\n\n<p>\u201cCada detalle invita a quedarse, escuchar m\u00fasica y charlar. Se cuidan los aromas, la forma en que se exhiben las prendas y que las personas se sientas bienvenidas sin importar si van a comprar, mirar o solo tomar algo\u201d, agregan.<\/p>\n\n\n\n<p>\u201cCreemos que ya no es solo una tendencia, sino una necesidad. Cada vez m\u00e1s personas eligen consumir menos, mejor, y con prop\u00f3sito. La moda circular est\u00e1 creciendo en visibilidad, pero todav\u00eda falta mucho por hacer. En el futuro, imaginamos que comprar ropa usada ser\u00e1 tan habitual como ir al supermercado\u201d, concluyen.<\/p>\n\n\n\n<figure class=\"wp-block-image size-full\"><img loading=\"lazy\" decoding=\"async\" width=\"960\" height=\"1280\" src=\"https:\/\/modoviajeok.com.ar\/wp-content\/uploads\/2025\/06\/WhatsApp-Image-2025-06-25-at-11.27.25.jpeg\" alt=\"\" class=\"wp-image-4441\" srcset=\"https:\/\/modoviajeok.com.ar\/wp-content\/uploads\/2025\/06\/WhatsApp-Image-2025-06-25-at-11.27.25.jpeg 960w, https:\/\/modoviajeok.com.ar\/wp-content\/uploads\/2025\/06\/WhatsApp-Image-2025-06-25-at-11.27.25-768x1024.jpeg 768w, https:\/\/modoviajeok.com.ar\/wp-content\/uploads\/2025\/06\/WhatsApp-Image-2025-06-25-at-11.27.25-315x420.jpeg 315w, https:\/\/modoviajeok.com.ar\/wp-content\/uploads\/2025\/06\/WhatsApp-Image-2025-06-25-at-11.27.25-150x200.jpeg 150w, https:\/\/modoviajeok.com.ar\/wp-content\/uploads\/2025\/06\/WhatsApp-Image-2025-06-25-at-11.27.25-300x400.jpeg 300w, https:\/\/modoviajeok.com.ar\/wp-content\/uploads\/2025\/06\/WhatsApp-Image-2025-06-25-at-11.27.25-696x928.jpeg 696w\" sizes=\"auto, (max-width: 960px) 100vw, 960px\" \/><\/figure>\n\n\n\n<p><strong>Planes a futuro<\/strong><\/p>\n\n\n\n<p>\u201cHoy el foco principal est\u00e1 en fortalecer los encuentros en este maravilloso lugar de Camino Centenario, de f\u00e1cil acceso, para quien quiera visitarnos. Asimismo, ya estamos en la b\u00fasqueda de un lugar permanente (y casi casi es un hecho): una tienda con caf\u00e9 o wine bar donde la comunidad pueda acercarse en cualquier momento; y, un punto fundamental, con propuestas de educaci\u00f3n ambiental para adolescentes. Nuestro fin es que City Bell sea un referente de la moda circular para luego trasladarlo a alrededores: La Plata, Berisso y Ensenada, entre otros\u201d, resumen.<\/p>\n\n\n\n<figure class=\"wp-block-image size-full\"><img loading=\"lazy\" decoding=\"async\" width=\"960\" height=\"1280\" src=\"https:\/\/modoviajeok.com.ar\/wp-content\/uploads\/2025\/06\/WhatsApp-Image-2025-06-25-at-11.27.27.jpeg\" alt=\"\" class=\"wp-image-4442\" srcset=\"https:\/\/modoviajeok.com.ar\/wp-content\/uploads\/2025\/06\/WhatsApp-Image-2025-06-25-at-11.27.27.jpeg 960w, https:\/\/modoviajeok.com.ar\/wp-content\/uploads\/2025\/06\/WhatsApp-Image-2025-06-25-at-11.27.27-768x1024.jpeg 768w, https:\/\/modoviajeok.com.ar\/wp-content\/uploads\/2025\/06\/WhatsApp-Image-2025-06-25-at-11.27.27-315x420.jpeg 315w, https:\/\/modoviajeok.com.ar\/wp-content\/uploads\/2025\/06\/WhatsApp-Image-2025-06-25-at-11.27.27-150x200.jpeg 150w, https:\/\/modoviajeok.com.ar\/wp-content\/uploads\/2025\/06\/WhatsApp-Image-2025-06-25-at-11.27.27-300x400.jpeg 300w, https:\/\/modoviajeok.com.ar\/wp-content\/uploads\/2025\/06\/WhatsApp-Image-2025-06-25-at-11.27.27-696x928.jpeg 696w\" sizes=\"auto, (max-width: 960px) 100vw, 960px\" \/><\/figure>\n\n\n\n<p>\u201cApostamos a generar un cambio cultural desde lo local, desde la cercan\u00eda. Si logramos que m\u00e1s personas se animen a reutilizar, intercambiar, cuidar sus prendas, ya estamos haciendo una diferencia\u201d, suman estas dos amigas.<\/p>\n\n\n\n<p>\u201cEsto es una invitaci\u00f3n a repensar nuestros h\u00e1bitos con alegr\u00eda, con creatividad, con la comunidad. Es m\u00e1s que un proyecto: es un modo\u201d, concluyen con orgullo y confianza.<\/p>\n\n\n\n<figure class=\"wp-block-image size-full\"><img loading=\"lazy\" decoding=\"async\" width=\"924\" height=\"1280\" src=\"https:\/\/modoviajeok.com.ar\/wp-content\/uploads\/2025\/06\/WhatsApp-Image-2025-06-25-at-11.27.29.jpeg\" alt=\"\" class=\"wp-image-4443\" srcset=\"https:\/\/modoviajeok.com.ar\/wp-content\/uploads\/2025\/06\/WhatsApp-Image-2025-06-25-at-11.27.29.jpeg 924w, https:\/\/modoviajeok.com.ar\/wp-content\/uploads\/2025\/06\/WhatsApp-Image-2025-06-25-at-11.27.29-768x1064.jpeg 768w, https:\/\/modoviajeok.com.ar\/wp-content\/uploads\/2025\/06\/WhatsApp-Image-2025-06-25-at-11.27.29-303x420.jpeg 303w, https:\/\/modoviajeok.com.ar\/wp-content\/uploads\/2025\/06\/WhatsApp-Image-2025-06-25-at-11.27.29-150x208.jpeg 150w, https:\/\/modoviajeok.com.ar\/wp-content\/uploads\/2025\/06\/WhatsApp-Image-2025-06-25-at-11.27.29-300x416.jpeg 300w, https:\/\/modoviajeok.com.ar\/wp-content\/uploads\/2025\/06\/WhatsApp-Image-2025-06-25-at-11.27.29-696x964.jpeg 696w\" sizes=\"auto, (max-width: 924px) 100vw, 924px\" \/><\/figure>\n\n\n\n<p><strong>Toda la info en @re.vuelta \/ @revuelta_cb<\/strong><\/p>\n","protected":false},"excerpt":{"rendered":"<p>As\u00ed es el emprendimiento que ya marca tendencia: moda sustentable, m\u00fasica, barra y un ambiente amigable para disfrutar en clave anti domingo. Est\u00e1 a una hora de Buenos Aires. Virginia Renter\u00eda y Mariela Zabludovich se conocieron en la Facultad de Ciencias Econ\u00f3micas de la Universidad Nacional de La Plata. Hoy, a los 50, esa amistad [&hellip;]<\/p>\n","protected":false},"author":2,"featured_media":4441,"comment_status":"open","ping_status":"open","sticky":false,"template":"","format":"standard","meta":{"_acf_changed":false,"footnotes":""},"categories":[13,12],"tags":[34,1004,1074,1070,1072,1071],"class_list":{"0":"post-4437","1":"post","2":"type-post","3":"status-publish","4":"format-standard","5":"has-post-thumbnail","7":"category-argentina","8":"category-novedades","9":"tag-buenos-aires","10":"tag-city-bell","11":"tag-dj","12":"tag-moda-circular","13":"tag-ropa-usada","14":"tag-second-hand"},"acf":[],"yoast_head":"<!-- This site is optimized with the Yoast SEO plugin v24.8.1 - https:\/\/yoast.com\/wordpress\/plugins\/seo\/ -->\n<title>Re-Vuelta: moda circular, DJ, tragos y buena onda -<\/title>\n<meta name=\"description\" content=\"Re-Vuelta es un emprendimiento que ya marca tendencia: moda sustentable, m\u00fasica, barra y un ambiente amigable para disfrutar en clave anti domingo. A una hora de Buenos Aires.\" \/>\n<meta name=\"robots\" content=\"index, follow, max-snippet:-1, max-image-preview:large, max-video-preview:-1\" \/>\n<link rel=\"canonical\" href=\"https:\/\/modoviajeok.com.ar\/index.php\/2025\/07\/01\/re-vuelta-moda-circular-dj-tragos-y-buena-onda\/\" \/>\n<meta property=\"og:locale\" content=\"es_ES\" \/>\n<meta property=\"og:type\" content=\"article\" \/>\n<meta property=\"og:title\" content=\"Re-Vuelta: moda circular, DJ, tragos y buena onda -\" \/>\n<meta property=\"og:description\" content=\"Re-Vuelta es un emprendimiento que ya marca tendencia: moda sustentable, m\u00fasica, barra y un ambiente amigable para disfrutar en clave anti domingo. A una hora de Buenos Aires.\" \/>\n<meta property=\"og:url\" content=\"https:\/\/modoviajeok.com.ar\/index.php\/2025\/07\/01\/re-vuelta-moda-circular-dj-tragos-y-buena-onda\/\" \/>\n<meta property=\"article:publisher\" content=\"https:\/\/www.facebook.com\/mariana.otero1\/\" \/>\n<meta property=\"article:published_time\" content=\"2025-07-01T22:21:17+00:00\" \/>\n<meta property=\"article:modified_time\" content=\"2025-07-06T17:48:35+00:00\" \/>\n<meta property=\"og:image\" content=\"https:\/\/modoviajeok.com.ar\/wp-content\/uploads\/2025\/06\/WhatsApp-Image-2025-06-25-at-11.27.25.jpeg\" \/>\n\t<meta property=\"og:image:width\" content=\"960\" \/>\n\t<meta property=\"og:image:height\" content=\"1280\" \/>\n\t<meta property=\"og:image:type\" content=\"image\/jpeg\" \/>\n<meta name=\"author\" content=\"Mariana Otero\" \/>\n<meta name=\"twitter:card\" content=\"summary_large_image\" \/>\n<meta name=\"twitter:label1\" content=\"Escrito por\" \/>\n\t<meta name=\"twitter:data1\" content=\"Mariana Otero\" \/>\n\t<meta name=\"twitter:label2\" content=\"Tiempo de lectura\" \/>\n\t<meta name=\"twitter:data2\" content=\"5 minutos\" \/>\n<script type=\"application\/ld+json\" class=\"yoast-schema-graph\">{\"@context\":\"https:\/\/schema.org\",\"@graph\":[{\"@type\":\"Article\",\"@id\":\"https:\/\/modoviajeok.com.ar\/index.php\/2025\/07\/01\/re-vuelta-moda-circular-dj-tragos-y-buena-onda\/#article\",\"isPartOf\":{\"@id\":\"https:\/\/modoviajeok.com.ar\/index.php\/2025\/07\/01\/re-vuelta-moda-circular-dj-tragos-y-buena-onda\/\"},\"author\":{\"name\":\"Mariana Otero\",\"@id\":\"https:\/\/modoviajeok.com.ar\/#\/schema\/person\/1187013488537969db5b1320484d24f4\"},\"headline\":\"Re-Vuelta: moda circular, DJ, tragos y buena onda\",\"datePublished\":\"2025-07-01T22:21:17+00:00\",\"dateModified\":\"2025-07-06T17:48:35+00:00\",\"mainEntityOfPage\":{\"@id\":\"https:\/\/modoviajeok.com.ar\/index.php\/2025\/07\/01\/re-vuelta-moda-circular-dj-tragos-y-buena-onda\/\"},\"wordCount\":747,\"commentCount\":0,\"publisher\":{\"@id\":\"https:\/\/modoviajeok.com.ar\/#organization\"},\"image\":{\"@id\":\"https:\/\/modoviajeok.com.ar\/index.php\/2025\/07\/01\/re-vuelta-moda-circular-dj-tragos-y-buena-onda\/#primaryimage\"},\"thumbnailUrl\":\"https:\/\/modoviajeok.com.ar\/wp-content\/uploads\/2025\/06\/WhatsApp-Image-2025-06-25-at-11.27.25.jpeg\",\"keywords\":[\"buenos aires\",\"city bell\",\"dj\",\"moda circular\",\"ropa usada\",\"second hand\"],\"articleSection\":[\"Argentina\",\"Novedades\"],\"inLanguage\":\"es\",\"potentialAction\":[{\"@type\":\"CommentAction\",\"name\":\"Comment\",\"target\":[\"https:\/\/modoviajeok.com.ar\/index.php\/2025\/07\/01\/re-vuelta-moda-circular-dj-tragos-y-buena-onda\/#respond\"]}]},{\"@type\":\"WebPage\",\"@id\":\"https:\/\/modoviajeok.com.ar\/index.php\/2025\/07\/01\/re-vuelta-moda-circular-dj-tragos-y-buena-onda\/\",\"url\":\"https:\/\/modoviajeok.com.ar\/index.php\/2025\/07\/01\/re-vuelta-moda-circular-dj-tragos-y-buena-onda\/\",\"name\":\"Re-Vuelta: moda circular, DJ, tragos y buena onda -\",\"isPartOf\":{\"@id\":\"https:\/\/modoviajeok.com.ar\/#website\"},\"primaryImageOfPage\":{\"@id\":\"https:\/\/modoviajeok.com.ar\/index.php\/2025\/07\/01\/re-vuelta-moda-circular-dj-tragos-y-buena-onda\/#primaryimage\"},\"image\":{\"@id\":\"https:\/\/modoviajeok.com.ar\/index.php\/2025\/07\/01\/re-vuelta-moda-circular-dj-tragos-y-buena-onda\/#primaryimage\"},\"thumbnailUrl\":\"https:\/\/modoviajeok.com.ar\/wp-content\/uploads\/2025\/06\/WhatsApp-Image-2025-06-25-at-11.27.25.jpeg\",\"datePublished\":\"2025-07-01T22:21:17+00:00\",\"dateModified\":\"2025-07-06T17:48:35+00:00\",\"description\":\"Re-Vuelta es un emprendimiento que ya marca tendencia: moda sustentable, m\u00fasica, barra y un ambiente amigable para disfrutar en clave anti domingo. A una hora de Buenos Aires.\",\"breadcrumb\":{\"@id\":\"https:\/\/modoviajeok.com.ar\/index.php\/2025\/07\/01\/re-vuelta-moda-circular-dj-tragos-y-buena-onda\/#breadcrumb\"},\"inLanguage\":\"es\",\"potentialAction\":[{\"@type\":\"ReadAction\",\"target\":[\"https:\/\/modoviajeok.com.ar\/index.php\/2025\/07\/01\/re-vuelta-moda-circular-dj-tragos-y-buena-onda\/\"]}]},{\"@type\":\"ImageObject\",\"inLanguage\":\"es\",\"@id\":\"https:\/\/modoviajeok.com.ar\/index.php\/2025\/07\/01\/re-vuelta-moda-circular-dj-tragos-y-buena-onda\/#primaryimage\",\"url\":\"https:\/\/modoviajeok.com.ar\/wp-content\/uploads\/2025\/06\/WhatsApp-Image-2025-06-25-at-11.27.25.jpeg\",\"contentUrl\":\"https:\/\/modoviajeok.com.ar\/wp-content\/uploads\/2025\/06\/WhatsApp-Image-2025-06-25-at-11.27.25.jpeg\",\"width\":960,\"height\":1280},{\"@type\":\"BreadcrumbList\",\"@id\":\"https:\/\/modoviajeok.com.ar\/index.php\/2025\/07\/01\/re-vuelta-moda-circular-dj-tragos-y-buena-onda\/#breadcrumb\",\"itemListElement\":[{\"@type\":\"ListItem\",\"position\":1,\"name\":\"Portada\",\"item\":\"https:\/\/modoviajeok.com.ar\/\"},{\"@type\":\"ListItem\",\"position\":2,\"name\":\"Re-Vuelta: moda circular, DJ, tragos y buena onda\"}]},{\"@type\":\"WebSite\",\"@id\":\"https:\/\/modoviajeok.com.ar\/#website\",\"url\":\"https:\/\/modoviajeok.com.ar\/\",\"name\":\"ModoViajeOK\",\"description\":\"\",\"publisher\":{\"@id\":\"https:\/\/modoviajeok.com.ar\/#organization\"},\"potentialAction\":[{\"@type\":\"SearchAction\",\"target\":{\"@type\":\"EntryPoint\",\"urlTemplate\":\"https:\/\/modoviajeok.com.ar\/?s={search_term_string}\"},\"query-input\":{\"@type\":\"PropertyValueSpecification\",\"valueRequired\":true,\"valueName\":\"search_term_string\"}}],\"inLanguage\":\"es\"},{\"@type\":\"Organization\",\"@id\":\"https:\/\/modoviajeok.com.ar\/#organization\",\"name\":\"ModoViajeOK\",\"url\":\"https:\/\/modoviajeok.com.ar\/\",\"logo\":{\"@type\":\"ImageObject\",\"inLanguage\":\"es\",\"@id\":\"https:\/\/modoviajeok.com.ar\/#\/schema\/logo\/image\/\",\"url\":\"https:\/\/modoviajeok.com.ar\/wp-content\/uploads\/2025\/01\/Logo-modoviajeok.png\",\"contentUrl\":\"https:\/\/modoviajeok.com.ar\/wp-content\/uploads\/2025\/01\/Logo-modoviajeok.png\",\"width\":2938,\"height\":2276,\"caption\":\"ModoViajeOK\"},\"image\":{\"@id\":\"https:\/\/modoviajeok.com.ar\/#\/schema\/logo\/image\/\"},\"sameAs\":[\"https:\/\/www.facebook.com\/mariana.otero1\/\",\"https:\/\/www.instagram.com\/modoviaje.ok\/\"]},{\"@type\":\"Person\",\"@id\":\"https:\/\/modoviajeok.com.ar\/#\/schema\/person\/1187013488537969db5b1320484d24f4\",\"name\":\"Mariana Otero\",\"image\":{\"@type\":\"ImageObject\",\"inLanguage\":\"es\",\"@id\":\"https:\/\/modoviajeok.com.ar\/#\/schema\/person\/image\/\",\"url\":\"https:\/\/secure.gravatar.com\/avatar\/8a91a502a9336849a3500b9090c431bc1418f1d1263d893afeddba065f5add82?s=96&d=mm&r=g\",\"contentUrl\":\"https:\/\/secure.gravatar.com\/avatar\/8a91a502a9336849a3500b9090c431bc1418f1d1263d893afeddba065f5add82?s=96&d=mm&r=g\",\"caption\":\"Mariana Otero\"},\"url\":\"https:\/\/modoviajeok.com.ar\/index.php\/author\/mariana2025\/\"}]}<\/script>\n<!-- \/ Yoast SEO plugin. -->","yoast_head_json":{"title":"Re-Vuelta: moda circular, DJ, tragos y buena onda -","description":"Re-Vuelta es un emprendimiento que ya marca tendencia: moda sustentable, m\u00fasica, barra y un ambiente amigable para disfrutar en clave anti domingo. A una hora de Buenos Aires.","robots":{"index":"index","follow":"follow","max-snippet":"max-snippet:-1","max-image-preview":"max-image-preview:large","max-video-preview":"max-video-preview:-1"},"canonical":"https:\/\/modoviajeok.com.ar\/index.php\/2025\/07\/01\/re-vuelta-moda-circular-dj-tragos-y-buena-onda\/","og_locale":"es_ES","og_type":"article","og_title":"Re-Vuelta: moda circular, DJ, tragos y buena onda -","og_description":"Re-Vuelta es un emprendimiento que ya marca tendencia: moda sustentable, m\u00fasica, barra y un ambiente amigable para disfrutar en clave anti domingo. A una hora de Buenos Aires.","og_url":"https:\/\/modoviajeok.com.ar\/index.php\/2025\/07\/01\/re-vuelta-moda-circular-dj-tragos-y-buena-onda\/","article_publisher":"https:\/\/www.facebook.com\/mariana.otero1\/","article_published_time":"2025-07-01T22:21:17+00:00","article_modified_time":"2025-07-06T17:48:35+00:00","og_image":[{"width":960,"height":1280,"url":"https:\/\/modoviajeok.com.ar\/wp-content\/uploads\/2025\/06\/WhatsApp-Image-2025-06-25-at-11.27.25.jpeg","type":"image\/jpeg"}],"author":"Mariana Otero","twitter_card":"summary_large_image","twitter_misc":{"Escrito por":"Mariana Otero","Tiempo de lectura":"5 minutos"},"schema":{"@context":"https:\/\/schema.org","@graph":[{"@type":"Article","@id":"https:\/\/modoviajeok.com.ar\/index.php\/2025\/07\/01\/re-vuelta-moda-circular-dj-tragos-y-buena-onda\/#article","isPartOf":{"@id":"https:\/\/modoviajeok.com.ar\/index.php\/2025\/07\/01\/re-vuelta-moda-circular-dj-tragos-y-buena-onda\/"},"author":{"name":"Mariana Otero","@id":"https:\/\/modoviajeok.com.ar\/#\/schema\/person\/1187013488537969db5b1320484d24f4"},"headline":"Re-Vuelta: moda circular, DJ, tragos y buena onda","datePublished":"2025-07-01T22:21:17+00:00","dateModified":"2025-07-06T17:48:35+00:00","mainEntityOfPage":{"@id":"https:\/\/modoviajeok.com.ar\/index.php\/2025\/07\/01\/re-vuelta-moda-circular-dj-tragos-y-buena-onda\/"},"wordCount":747,"commentCount":0,"publisher":{"@id":"https:\/\/modoviajeok.com.ar\/#organization"},"image":{"@id":"https:\/\/modoviajeok.com.ar\/index.php\/2025\/07\/01\/re-vuelta-moda-circular-dj-tragos-y-buena-onda\/#primaryimage"},"thumbnailUrl":"https:\/\/modoviajeok.com.ar\/wp-content\/uploads\/2025\/06\/WhatsApp-Image-2025-06-25-at-11.27.25.jpeg","keywords":["buenos aires","city bell","dj","moda circular","ropa usada","second hand"],"articleSection":["Argentina","Novedades"],"inLanguage":"es","potentialAction":[{"@type":"CommentAction","name":"Comment","target":["https:\/\/modoviajeok.com.ar\/index.php\/2025\/07\/01\/re-vuelta-moda-circular-dj-tragos-y-buena-onda\/#respond"]}]},{"@type":"WebPage","@id":"https:\/\/modoviajeok.com.ar\/index.php\/2025\/07\/01\/re-vuelta-moda-circular-dj-tragos-y-buena-onda\/","url":"https:\/\/modoviajeok.com.ar\/index.php\/2025\/07\/01\/re-vuelta-moda-circular-dj-tragos-y-buena-onda\/","name":"Re-Vuelta: moda circular, DJ, tragos y buena onda -","isPartOf":{"@id":"https:\/\/modoviajeok.com.ar\/#website"},"primaryImageOfPage":{"@id":"https:\/\/modoviajeok.com.ar\/index.php\/2025\/07\/01\/re-vuelta-moda-circular-dj-tragos-y-buena-onda\/#primaryimage"},"image":{"@id":"https:\/\/modoviajeok.com.ar\/index.php\/2025\/07\/01\/re-vuelta-moda-circular-dj-tragos-y-buena-onda\/#primaryimage"},"thumbnailUrl":"https:\/\/modoviajeok.com.ar\/wp-content\/uploads\/2025\/06\/WhatsApp-Image-2025-06-25-at-11.27.25.jpeg","datePublished":"2025-07-01T22:21:17+00:00","dateModified":"2025-07-06T17:48:35+00:00","description":"Re-Vuelta es un emprendimiento que ya marca tendencia: moda sustentable, m\u00fasica, barra y un ambiente amigable para disfrutar en clave anti domingo. A una hora de Buenos Aires.","breadcrumb":{"@id":"https:\/\/modoviajeok.com.ar\/index.php\/2025\/07\/01\/re-vuelta-moda-circular-dj-tragos-y-buena-onda\/#breadcrumb"},"inLanguage":"es","potentialAction":[{"@type":"ReadAction","target":["https:\/\/modoviajeok.com.ar\/index.php\/2025\/07\/01\/re-vuelta-moda-circular-dj-tragos-y-buena-onda\/"]}]},{"@type":"ImageObject","inLanguage":"es","@id":"https:\/\/modoviajeok.com.ar\/index.php\/2025\/07\/01\/re-vuelta-moda-circular-dj-tragos-y-buena-onda\/#primaryimage","url":"https:\/\/modoviajeok.com.ar\/wp-content\/uploads\/2025\/06\/WhatsApp-Image-2025-06-25-at-11.27.25.jpeg","contentUrl":"https:\/\/modoviajeok.com.ar\/wp-content\/uploads\/2025\/06\/WhatsApp-Image-2025-06-25-at-11.27.25.jpeg","width":960,"height":1280},{"@type":"BreadcrumbList","@id":"https:\/\/modoviajeok.com.ar\/index.php\/2025\/07\/01\/re-vuelta-moda-circular-dj-tragos-y-buena-onda\/#breadcrumb","itemListElement":[{"@type":"ListItem","position":1,"name":"Portada","item":"https:\/\/modoviajeok.com.ar\/"},{"@type":"ListItem","position":2,"name":"Re-Vuelta: moda circular, DJ, tragos y buena onda"}]},{"@type":"WebSite","@id":"https:\/\/modoviajeok.com.ar\/#website","url":"https:\/\/modoviajeok.com.ar\/","name":"ModoViajeOK","description":"","publisher":{"@id":"https:\/\/modoviajeok.com.ar\/#organization"},"potentialAction":[{"@type":"SearchAction","target":{"@type":"EntryPoint","urlTemplate":"https:\/\/modoviajeok.com.ar\/?s={search_term_string}"},"query-input":{"@type":"PropertyValueSpecification","valueRequired":true,"valueName":"search_term_string"}}],"inLanguage":"es"},{"@type":"Organization","@id":"https:\/\/modoviajeok.com.ar\/#organization","name":"ModoViajeOK","url":"https:\/\/modoviajeok.com.ar\/","logo":{"@type":"ImageObject","inLanguage":"es","@id":"https:\/\/modoviajeok.com.ar\/#\/schema\/logo\/image\/","url":"https:\/\/modoviajeok.com.ar\/wp-content\/uploads\/2025\/01\/Logo-modoviajeok.png","contentUrl":"https:\/\/modoviajeok.com.ar\/wp-content\/uploads\/2025\/01\/Logo-modoviajeok.png","width":2938,"height":2276,"caption":"ModoViajeOK"},"image":{"@id":"https:\/\/modoviajeok.com.ar\/#\/schema\/logo\/image\/"},"sameAs":["https:\/\/www.facebook.com\/mariana.otero1\/","https:\/\/www.instagram.com\/modoviaje.ok\/"]},{"@type":"Person","@id":"https:\/\/modoviajeok.com.ar\/#\/schema\/person\/1187013488537969db5b1320484d24f4","name":"Mariana Otero","image":{"@type":"ImageObject","inLanguage":"es","@id":"https:\/\/modoviajeok.com.ar\/#\/schema\/person\/image\/","url":"https:\/\/secure.gravatar.com\/avatar\/8a91a502a9336849a3500b9090c431bc1418f1d1263d893afeddba065f5add82?s=96&d=mm&r=g","contentUrl":"https:\/\/secure.gravatar.com\/avatar\/8a91a502a9336849a3500b9090c431bc1418f1d1263d893afeddba065f5add82?s=96&d=mm&r=g","caption":"Mariana Otero"},"url":"https:\/\/modoviajeok.com.ar\/index.php\/author\/mariana2025\/"}]}},"_links":{"self":[{"href":"https:\/\/modoviajeok.com.ar\/index.php\/wp-json\/wp\/v2\/posts\/4437","targetHints":{"allow":["GET"]}}],"collection":[{"href":"https:\/\/modoviajeok.com.ar\/index.php\/wp-json\/wp\/v2\/posts"}],"about":[{"href":"https:\/\/modoviajeok.com.ar\/index.php\/wp-json\/wp\/v2\/types\/post"}],"author":[{"embeddable":true,"href":"https:\/\/modoviajeok.com.ar\/index.php\/wp-json\/wp\/v2\/users\/2"}],"replies":[{"embeddable":true,"href":"https:\/\/modoviajeok.com.ar\/index.php\/wp-json\/wp\/v2\/comments?post=4437"}],"version-history":[{"count":1,"href":"https:\/\/modoviajeok.com.ar\/index.php\/wp-json\/wp\/v2\/posts\/4437\/revisions"}],"predecessor-version":[{"id":4444,"href":"https:\/\/modoviajeok.com.ar\/index.php\/wp-json\/wp\/v2\/posts\/4437\/revisions\/4444"}],"wp:featuredmedia":[{"embeddable":true,"href":"https:\/\/modoviajeok.com.ar\/index.php\/wp-json\/wp\/v2\/media\/4441"}],"wp:attachment":[{"href":"https:\/\/modoviajeok.com.ar\/index.php\/wp-json\/wp\/v2\/media?parent=4437"}],"wp:term":[{"taxonomy":"category","embeddable":true,"href":"https:\/\/modoviajeok.com.ar\/index.php\/wp-json\/wp\/v2\/categories?post=4437"},{"taxonomy":"post_tag","embeddable":true,"href":"https:\/\/modoviajeok.com.ar\/index.php\/wp-json\/wp\/v2\/tags?post=4437"}],"curies":[{"name":"wp","href":"https:\/\/api.w.org\/{rel}","templated":true}]}}