{"id":4455,"date":"2025-06-26T23:31:38","date_gmt":"2025-06-27T02:31:38","guid":{"rendered":"https:\/\/modoviajeok.com.ar\/?p=4455"},"modified":"2025-06-27T10:58:28","modified_gmt":"2025-06-27T13:58:28","slug":"con-el-cordoba-day-santiago-la-provincia-mostro-sus-potencialidades-en-chile","status":"publish","type":"post","link":"https:\/\/modoviajeok.com.ar\/index.php\/2025\/06\/26\/con-el-cordoba-day-santiago-la-provincia-mostro-sus-potencialidades-en-chile\/","title":{"rendered":"Con el C\u00f3rdoba Day en Santiago, la provincia mostr\u00f3 sus potencialidades en Chile"},"content":{"rendered":"\n<p><\/p>\n\n\n\n<figure class=\"wp-block-pullquote\"><blockquote><p>Dar\u00edo Capitani: El C\u00f3rdoba Day en Santiago de Chile represent\u00f3 una oportunidad valiosa para proyectar a C\u00f3rdoba como un destino atractivo para inversiones internacionales y fortalecer su presencia en mercados estrat\u00e9gicos como el chileno.<\/p><\/blockquote><\/figure>\n\n\n\n<p><\/p>\n\n\n\n<p>Entre el 23 y el 26 de junio, una comitiva compuesta por representantes institucionales y empresarios cordobeses visit\u00f3 la capital chilena con el objetivo de fortalecer la vinculaci\u00f3n comercial e institucional entre C\u00f3rdoba y Chile, explorando oportunidades estrat\u00e9gicas para el desarrollo econ\u00f3mico y el turismo en la provincia. La delegaci\u00f3n estuvo encabezada por la vicegobernadora Myriam Prunotto, el presidente de la Agencia C\u00f3rdoba Turismo, Dar\u00edo Capitani; el presidente de la Agencia ProC\u00f3rdoba, Pablo De Chiara, adem\u00e1s de legisladores provinciales y referentes del sector privado de distintos rubros estrat\u00e9gicos. A ellos se sumaron representantes de c\u00e1maras empresariales, cl\u00fasteres, firmas exportadoras y empresas vinculadas a la industria energ\u00e9tica, tecnol\u00f3gica, m\u00e9dica, tur\u00edstica y de la construcci\u00f3n.<\/p>\n\n\n\n<p>El&nbsp;<strong>C\u00f3rdoba Day Santiago de Chile<\/strong>&nbsp;se realiz\u00f3 el martes 24 en el Hotel InterContinental Santiago, fue organizado por la Agencia C\u00f3rdoba Turismo y la Agencia ProC\u00f3rdoba y dise\u00f1ado para presentar oficialmente las potencialidades de C\u00f3rdoba a mercados internacionales y destacar sus ventajas comparativas en sectores clave como el turismo, la energ\u00eda, la construcci\u00f3n y la econom\u00eda del conocimiento.<\/p>\n\n\n\n<figure class=\"wp-block-image size-full\"><img loading=\"lazy\" decoding=\"async\" width=\"1152\" height=\"1536\" src=\"https:\/\/modoviajeok.com.ar\/wp-content\/uploads\/2025\/06\/WhatsApp-Image-2025-06-24-at-15.57.12-12-1152x1536-1.jpeg\" alt=\"\" class=\"wp-image-4457\" srcset=\"https:\/\/modoviajeok.com.ar\/wp-content\/uploads\/2025\/06\/WhatsApp-Image-2025-06-24-at-15.57.12-12-1152x1536-1.jpeg 1152w, https:\/\/modoviajeok.com.ar\/wp-content\/uploads\/2025\/06\/WhatsApp-Image-2025-06-24-at-15.57.12-12-1152x1536-1-768x1024.jpeg 768w, https:\/\/modoviajeok.com.ar\/wp-content\/uploads\/2025\/06\/WhatsApp-Image-2025-06-24-at-15.57.12-12-1152x1536-1-315x420.jpeg 315w, https:\/\/modoviajeok.com.ar\/wp-content\/uploads\/2025\/06\/WhatsApp-Image-2025-06-24-at-15.57.12-12-1152x1536-1-150x200.jpeg 150w, https:\/\/modoviajeok.com.ar\/wp-content\/uploads\/2025\/06\/WhatsApp-Image-2025-06-24-at-15.57.12-12-1152x1536-1-300x400.jpeg 300w, https:\/\/modoviajeok.com.ar\/wp-content\/uploads\/2025\/06\/WhatsApp-Image-2025-06-24-at-15.57.12-12-1152x1536-1-696x928.jpeg 696w, https:\/\/modoviajeok.com.ar\/wp-content\/uploads\/2025\/06\/WhatsApp-Image-2025-06-24-at-15.57.12-12-1152x1536-1-1068x1424.jpeg 1068w\" sizes=\"auto, (max-width: 1152px) 100vw, 1152px\" \/><figcaption class=\"wp-element-caption\">El chef Andr\u00e9s Chaijale en el cierre de la presentaci\u00f3n. Los vinos cordobeses ocuparon el centro de la escena.<\/figcaption><\/figure>\n\n\n\n<p>Durante la misi\u00f3n institucional, la vicegobernadora Prunotto, acompa\u00f1ada por el presidente de la Agencia C\u00f3rdoba Turismo, mantuvo una reuni\u00f3n clave con directivos de la aerol\u00ednea JetSmart en su sede de Santiago. All\u00ed se dialog\u00f3 sobre la posibilidad de ampliar el hub C\u00f3rdoba y consolidar a la provincia como una verdadera puerta de entrada a\u00e9rea al pa\u00eds.<\/p>\n\n\n\n<p>Dar\u00edo Capitani subray\u00f3:&nbsp;\u201cEl C\u00f3rdoba Day en Santiago de Chile represent\u00f3 una oportunidad valiosa para proyectar a C\u00f3rdoba como un destino atractivo para inversiones internacionales y fortalecer su presencia en mercados estrat\u00e9gicos como el chileno, contribuyendo as\u00ed al desarrollo integral y sostenible de la provincia. En ese sentido, la reuni\u00f3n con JetSmart fue estrat\u00e9gica: apuntamos a consolidar nuevas rutas y frecuencias que posicionen a C\u00f3rdoba como un nodo de conectividad a\u00e9rea regional\u201d.<\/p>\n\n\n\n<p>El sector privado del turismo tuvo una participaci\u00f3n destacada, con la presencia de operadores receptivos, agencias de viaje y representantes hoteleros de C\u00f3rdoba. Esta representaci\u00f3n permiti\u00f3 mostrar la oferta tur\u00edstica provincial de manera articulada y profesional, posicionando a C\u00f3rdoba como un destino competitivo para el mercado internacional.<\/p>\n\n\n\n<p>El presidente de la Agencia ProC\u00f3rdoba, Pablo De Chiara, destac\u00f3:&nbsp;\u201cTodas estas actividades en el marco del C\u00f3rdoba Day las hacemos con el objetivo de que nos conozcan y nos den la oportunidad de mostrar lo que es nuestra Provincia en toda su amplia gama de oportunidades. Queremos compartir el enorme potencial que tenemos para relacionarnos con el ecosistema chileno y, a partir de ah\u00ed, generar nuevas oportunidades comerciales\u201d.<\/p>\n\n\n\n<p>El cierre del C\u00f3rdoba Day se realiz\u00f3 con una degustaci\u00f3n de sabores t\u00edpicos de C\u00f3rdoba, a cargo del chef Andr\u00e9s Chaijale, acompa\u00f1ada por una selecci\u00f3n de vinos cordobeses.&nbsp;El encuentro permiti\u00f3 seguir fortaleciendo los v\u00ednculos entre los sectores p\u00fablico y privado, generando un espacio propicio para el di\u00e1logo y la construcci\u00f3n de nuevas oportunidades de integraci\u00f3n regional.<\/p>\n","protected":false},"excerpt":{"rendered":"<p>Dar\u00edo Capitani: El C\u00f3rdoba Day en Santiago de Chile represent\u00f3 una oportunidad valiosa para proyectar a C\u00f3rdoba como un destino atractivo para inversiones internacionales y fortalecer su presencia en mercados estrat\u00e9gicos como el chileno. Entre el 23 y el 26 de junio, una comitiva compuesta por representantes institucionales y empresarios cordobeses visit\u00f3 la capital chilena [&hellip;]<\/p>\n","protected":false},"author":3,"featured_media":4458,"comment_status":"open","ping_status":"open","sticky":false,"template":"","format":"standard","meta":{"_acf_changed":false,"footnotes":""},"categories":[11,9,10],"tags":[896,512],"class_list":{"0":"post-4455","1":"post","2":"type-post","3":"status-publish","4":"format-standard","5":"has-post-thumbnail","7":"category-cordoba","8":"category-mundo","9":"category-noticias","10":"tag-cordoba-day","11":"tag-santiago-de-chile"},"acf":[],"yoast_head":"<!-- This site is optimized with the Yoast SEO plugin v24.8.1 - https:\/\/yoast.com\/wordpress\/plugins\/seo\/ -->\n<title>Con el C\u00f3rdoba Day en Santiago, la provincia mostr\u00f3 sus potencialidades en Chile -<\/title>\n<meta name=\"robots\" content=\"index, follow, max-snippet:-1, max-image-preview:large, max-video-preview:-1\" \/>\n<link rel=\"canonical\" href=\"https:\/\/modoviajeok.com.ar\/index.php\/2025\/06\/26\/con-el-cordoba-day-santiago-la-provincia-mostro-sus-potencialidades-en-chile\/\" \/>\n<meta property=\"og:locale\" content=\"es_ES\" \/>\n<meta property=\"og:type\" content=\"article\" \/>\n<meta property=\"og:title\" content=\"Con el C\u00f3rdoba Day en Santiago, la provincia mostr\u00f3 sus potencialidades en Chile -\" \/>\n<meta property=\"og:description\" content=\"Dar\u00edo Capitani: El C\u00f3rdoba Day en Santiago de Chile represent\u00f3 una oportunidad valiosa para proyectar a C\u00f3rdoba como un destino atractivo para inversiones internacionales y fortalecer su presencia en mercados estrat\u00e9gicos como el chileno. Entre el 23 y el 26 de junio, una comitiva compuesta por representantes institucionales y empresarios cordobeses visit\u00f3 la capital chilena [&hellip;]\" \/>\n<meta property=\"og:url\" content=\"https:\/\/modoviajeok.com.ar\/index.php\/2025\/06\/26\/con-el-cordoba-day-santiago-la-provincia-mostro-sus-potencialidades-en-chile\/\" \/>\n<meta property=\"article:publisher\" content=\"https:\/\/www.facebook.com\/mariana.otero1\/\" \/>\n<meta property=\"article:published_time\" content=\"2025-06-27T02:31:38+00:00\" \/>\n<meta property=\"article:modified_time\" content=\"2025-06-27T13:58:28+00:00\" \/>\n<meta property=\"og:image\" content=\"https:\/\/modoviajeok.com.ar\/wp-content\/uploads\/2025\/06\/WhatsApp-Image-2025-06-24-at-12.57.52-3.jpeg\" \/>\n\t<meta property=\"og:image:width\" content=\"960\" \/>\n\t<meta property=\"og:image:height\" content=\"1280\" \/>\n\t<meta property=\"og:image:type\" content=\"image\/jpeg\" \/>\n<meta name=\"author\" content=\"Pepe Segura\" \/>\n<meta name=\"twitter:card\" content=\"summary_large_image\" \/>\n<meta name=\"twitter:label1\" content=\"Escrito por\" \/>\n\t<meta name=\"twitter:data1\" content=\"Pepe Segura\" \/>\n\t<meta name=\"twitter:label2\" content=\"Tiempo de lectura\" \/>\n\t<meta name=\"twitter:data2\" content=\"3 minutos\" \/>\n<script type=\"application\/ld+json\" class=\"yoast-schema-graph\">{\"@context\":\"https:\/\/schema.org\",\"@graph\":[{\"@type\":\"Article\",\"@id\":\"https:\/\/modoviajeok.com.ar\/index.php\/2025\/06\/26\/con-el-cordoba-day-santiago-la-provincia-mostro-sus-potencialidades-en-chile\/#article\",\"isPartOf\":{\"@id\":\"https:\/\/modoviajeok.com.ar\/index.php\/2025\/06\/26\/con-el-cordoba-day-santiago-la-provincia-mostro-sus-potencialidades-en-chile\/\"},\"author\":{\"name\":\"Pepe Segura\",\"@id\":\"https:\/\/modoviajeok.com.ar\/#\/schema\/person\/2e299ed0d3d412a01d244fe28260d7f5\"},\"headline\":\"Con el C\u00f3rdoba Day en Santiago, la provincia mostr\u00f3 sus potencialidades en Chile\",\"datePublished\":\"2025-06-27T02:31:38+00:00\",\"dateModified\":\"2025-06-27T13:58:28+00:00\",\"mainEntityOfPage\":{\"@id\":\"https:\/\/modoviajeok.com.ar\/index.php\/2025\/06\/26\/con-el-cordoba-day-santiago-la-provincia-mostro-sus-potencialidades-en-chile\/\"},\"wordCount\":608,\"commentCount\":0,\"publisher\":{\"@id\":\"https:\/\/modoviajeok.com.ar\/#organization\"},\"image\":{\"@id\":\"https:\/\/modoviajeok.com.ar\/index.php\/2025\/06\/26\/con-el-cordoba-day-santiago-la-provincia-mostro-sus-potencialidades-en-chile\/#primaryimage\"},\"thumbnailUrl\":\"https:\/\/modoviajeok.com.ar\/wp-content\/uploads\/2025\/06\/WhatsApp-Image-2025-06-24-at-12.57.52-3.jpeg\",\"keywords\":[\"cordoba day\",\"santiago de chile\"],\"articleSection\":[\"C\u00f3rdoba\",\"Mundo\",\"Noticias\"],\"inLanguage\":\"es\",\"potentialAction\":[{\"@type\":\"CommentAction\",\"name\":\"Comment\",\"target\":[\"https:\/\/modoviajeok.com.ar\/index.php\/2025\/06\/26\/con-el-cordoba-day-santiago-la-provincia-mostro-sus-potencialidades-en-chile\/#respond\"]}]},{\"@type\":\"WebPage\",\"@id\":\"https:\/\/modoviajeok.com.ar\/index.php\/2025\/06\/26\/con-el-cordoba-day-santiago-la-provincia-mostro-sus-potencialidades-en-chile\/\",\"url\":\"https:\/\/modoviajeok.com.ar\/index.php\/2025\/06\/26\/con-el-cordoba-day-santiago-la-provincia-mostro-sus-potencialidades-en-chile\/\",\"name\":\"Con el C\u00f3rdoba Day en Santiago, la provincia mostr\u00f3 sus potencialidades en Chile -\",\"isPartOf\":{\"@id\":\"https:\/\/modoviajeok.com.ar\/#website\"},\"primaryImageOfPage\":{\"@id\":\"https:\/\/modoviajeok.com.ar\/index.php\/2025\/06\/26\/con-el-cordoba-day-santiago-la-provincia-mostro-sus-potencialidades-en-chile\/#primaryimage\"},\"image\":{\"@id\":\"https:\/\/modoviajeok.com.ar\/index.php\/2025\/06\/26\/con-el-cordoba-day-santiago-la-provincia-mostro-sus-potencialidades-en-chile\/#primaryimage\"},\"thumbnailUrl\":\"https:\/\/modoviajeok.com.ar\/wp-content\/uploads\/2025\/06\/WhatsApp-Image-2025-06-24-at-12.57.52-3.jpeg\",\"datePublished\":\"2025-06-27T02:31:38+00:00\",\"dateModified\":\"2025-06-27T13:58:28+00:00\",\"breadcrumb\":{\"@id\":\"https:\/\/modoviajeok.com.ar\/index.php\/2025\/06\/26\/con-el-cordoba-day-santiago-la-provincia-mostro-sus-potencialidades-en-chile\/#breadcrumb\"},\"inLanguage\":\"es\",\"potentialAction\":[{\"@type\":\"ReadAction\",\"target\":[\"https:\/\/modoviajeok.com.ar\/index.php\/2025\/06\/26\/con-el-cordoba-day-santiago-la-provincia-mostro-sus-potencialidades-en-chile\/\"]}]},{\"@type\":\"ImageObject\",\"inLanguage\":\"es\",\"@id\":\"https:\/\/modoviajeok.com.ar\/index.php\/2025\/06\/26\/con-el-cordoba-day-santiago-la-provincia-mostro-sus-potencialidades-en-chile\/#primaryimage\",\"url\":\"https:\/\/modoviajeok.com.ar\/wp-content\/uploads\/2025\/06\/WhatsApp-Image-2025-06-24-at-12.57.52-3.jpeg\",\"contentUrl\":\"https:\/\/modoviajeok.com.ar\/wp-content\/uploads\/2025\/06\/WhatsApp-Image-2025-06-24-at-12.57.52-3.jpeg\",\"width\":960,\"height\":1280},{\"@type\":\"BreadcrumbList\",\"@id\":\"https:\/\/modoviajeok.com.ar\/index.php\/2025\/06\/26\/con-el-cordoba-day-santiago-la-provincia-mostro-sus-potencialidades-en-chile\/#breadcrumb\",\"itemListElement\":[{\"@type\":\"ListItem\",\"position\":1,\"name\":\"Portada\",\"item\":\"https:\/\/modoviajeok.com.ar\/\"},{\"@type\":\"ListItem\",\"position\":2,\"name\":\"Con el C\u00f3rdoba Day en Santiago, la provincia mostr\u00f3 sus potencialidades en Chile\"}]},{\"@type\":\"WebSite\",\"@id\":\"https:\/\/modoviajeok.com.ar\/#website\",\"url\":\"https:\/\/modoviajeok.com.ar\/\",\"name\":\"ModoViajeOK\",\"description\":\"\",\"publisher\":{\"@id\":\"https:\/\/modoviajeok.com.ar\/#organization\"},\"potentialAction\":[{\"@type\":\"SearchAction\",\"target\":{\"@type\":\"EntryPoint\",\"urlTemplate\":\"https:\/\/modoviajeok.com.ar\/?s={search_term_string}\"},\"query-input\":{\"@type\":\"PropertyValueSpecification\",\"valueRequired\":true,\"valueName\":\"search_term_string\"}}],\"inLanguage\":\"es\"},{\"@type\":\"Organization\",\"@id\":\"https:\/\/modoviajeok.com.ar\/#organization\",\"name\":\"ModoViajeOK\",\"url\":\"https:\/\/modoviajeok.com.ar\/\",\"logo\":{\"@type\":\"ImageObject\",\"inLanguage\":\"es\",\"@id\":\"https:\/\/modoviajeok.com.ar\/#\/schema\/logo\/image\/\",\"url\":\"https:\/\/modoviajeok.com.ar\/wp-content\/uploads\/2025\/01\/Logo-modoviajeok.png\",\"contentUrl\":\"https:\/\/modoviajeok.com.ar\/wp-content\/uploads\/2025\/01\/Logo-modoviajeok.png\",\"width\":2938,\"height\":2276,\"caption\":\"ModoViajeOK\"},\"image\":{\"@id\":\"https:\/\/modoviajeok.com.ar\/#\/schema\/logo\/image\/\"},\"sameAs\":[\"https:\/\/www.facebook.com\/mariana.otero1\/\",\"https:\/\/www.instagram.com\/modoviaje.ok\/\"]},{\"@type\":\"Person\",\"@id\":\"https:\/\/modoviajeok.com.ar\/#\/schema\/person\/2e299ed0d3d412a01d244fe28260d7f5\",\"name\":\"Pepe Segura\",\"image\":{\"@type\":\"ImageObject\",\"inLanguage\":\"es\",\"@id\":\"https:\/\/modoviajeok.com.ar\/#\/schema\/person\/image\/\",\"url\":\"https:\/\/secure.gravatar.com\/avatar\/65eb4b34deed761327f5b2c5535b987318ae807900ac46426de7258f5de6d345?s=96&d=mm&r=g\",\"contentUrl\":\"https:\/\/secure.gravatar.com\/avatar\/65eb4b34deed761327f5b2c5535b987318ae807900ac46426de7258f5de6d345?s=96&d=mm&r=g\",\"caption\":\"Pepe Segura\"},\"url\":\"https:\/\/modoviajeok.com.ar\/index.php\/author\/pepe2025\/\"}]}<\/script>\n<!-- \/ Yoast SEO plugin. -->","yoast_head_json":{"title":"Con el C\u00f3rdoba Day en Santiago, la provincia mostr\u00f3 sus potencialidades en Chile -","robots":{"index":"index","follow":"follow","max-snippet":"max-snippet:-1","max-image-preview":"max-image-preview:large","max-video-preview":"max-video-preview:-1"},"canonical":"https:\/\/modoviajeok.com.ar\/index.php\/2025\/06\/26\/con-el-cordoba-day-santiago-la-provincia-mostro-sus-potencialidades-en-chile\/","og_locale":"es_ES","og_type":"article","og_title":"Con el C\u00f3rdoba Day en Santiago, la provincia mostr\u00f3 sus potencialidades en Chile -","og_description":"Dar\u00edo Capitani: El C\u00f3rdoba Day en Santiago de Chile represent\u00f3 una oportunidad valiosa para proyectar a C\u00f3rdoba como un destino atractivo para inversiones internacionales y fortalecer su presencia en mercados estrat\u00e9gicos como el chileno. Entre el 23 y el 26 de junio, una comitiva compuesta por representantes institucionales y empresarios cordobeses visit\u00f3 la capital chilena [&hellip;]","og_url":"https:\/\/modoviajeok.com.ar\/index.php\/2025\/06\/26\/con-el-cordoba-day-santiago-la-provincia-mostro-sus-potencialidades-en-chile\/","article_publisher":"https:\/\/www.facebook.com\/mariana.otero1\/","article_published_time":"2025-06-27T02:31:38+00:00","article_modified_time":"2025-06-27T13:58:28+00:00","og_image":[{"width":960,"height":1280,"url":"https:\/\/modoviajeok.com.ar\/wp-content\/uploads\/2025\/06\/WhatsApp-Image-2025-06-24-at-12.57.52-3.jpeg","type":"image\/jpeg"}],"author":"Pepe Segura","twitter_card":"summary_large_image","twitter_misc":{"Escrito por":"Pepe Segura","Tiempo de lectura":"3 minutos"},"schema":{"@context":"https:\/\/schema.org","@graph":[{"@type":"Article","@id":"https:\/\/modoviajeok.com.ar\/index.php\/2025\/06\/26\/con-el-cordoba-day-santiago-la-provincia-mostro-sus-potencialidades-en-chile\/#article","isPartOf":{"@id":"https:\/\/modoviajeok.com.ar\/index.php\/2025\/06\/26\/con-el-cordoba-day-santiago-la-provincia-mostro-sus-potencialidades-en-chile\/"},"author":{"name":"Pepe Segura","@id":"https:\/\/modoviajeok.com.ar\/#\/schema\/person\/2e299ed0d3d412a01d244fe28260d7f5"},"headline":"Con el C\u00f3rdoba Day en Santiago, la provincia mostr\u00f3 sus potencialidades en Chile","datePublished":"2025-06-27T02:31:38+00:00","dateModified":"2025-06-27T13:58:28+00:00","mainEntityOfPage":{"@id":"https:\/\/modoviajeok.com.ar\/index.php\/2025\/06\/26\/con-el-cordoba-day-santiago-la-provincia-mostro-sus-potencialidades-en-chile\/"},"wordCount":608,"commentCount":0,"publisher":{"@id":"https:\/\/modoviajeok.com.ar\/#organization"},"image":{"@id":"https:\/\/modoviajeok.com.ar\/index.php\/2025\/06\/26\/con-el-cordoba-day-santiago-la-provincia-mostro-sus-potencialidades-en-chile\/#primaryimage"},"thumbnailUrl":"https:\/\/modoviajeok.com.ar\/wp-content\/uploads\/2025\/06\/WhatsApp-Image-2025-06-24-at-12.57.52-3.jpeg","keywords":["cordoba day","santiago de chile"],"articleSection":["C\u00f3rdoba","Mundo","Noticias"],"inLanguage":"es","potentialAction":[{"@type":"CommentAction","name":"Comment","target":["https:\/\/modoviajeok.com.ar\/index.php\/2025\/06\/26\/con-el-cordoba-day-santiago-la-provincia-mostro-sus-potencialidades-en-chile\/#respond"]}]},{"@type":"WebPage","@id":"https:\/\/modoviajeok.com.ar\/index.php\/2025\/06\/26\/con-el-cordoba-day-santiago-la-provincia-mostro-sus-potencialidades-en-chile\/","url":"https:\/\/modoviajeok.com.ar\/index.php\/2025\/06\/26\/con-el-cordoba-day-santiago-la-provincia-mostro-sus-potencialidades-en-chile\/","name":"Con el C\u00f3rdoba Day en Santiago, la provincia mostr\u00f3 sus potencialidades en Chile -","isPartOf":{"@id":"https:\/\/modoviajeok.com.ar\/#website"},"primaryImageOfPage":{"@id":"https:\/\/modoviajeok.com.ar\/index.php\/2025\/06\/26\/con-el-cordoba-day-santiago-la-provincia-mostro-sus-potencialidades-en-chile\/#primaryimage"},"image":{"@id":"https:\/\/modoviajeok.com.ar\/index.php\/2025\/06\/26\/con-el-cordoba-day-santiago-la-provincia-mostro-sus-potencialidades-en-chile\/#primaryimage"},"thumbnailUrl":"https:\/\/modoviajeok.com.ar\/wp-content\/uploads\/2025\/06\/WhatsApp-Image-2025-06-24-at-12.57.52-3.jpeg","datePublished":"2025-06-27T02:31:38+00:00","dateModified":"2025-06-27T13:58:28+00:00","breadcrumb":{"@id":"https:\/\/modoviajeok.com.ar\/index.php\/2025\/06\/26\/con-el-cordoba-day-santiago-la-provincia-mostro-sus-potencialidades-en-chile\/#breadcrumb"},"inLanguage":"es","potentialAction":[{"@type":"ReadAction","target":["https:\/\/modoviajeok.com.ar\/index.php\/2025\/06\/26\/con-el-cordoba-day-santiago-la-provincia-mostro-sus-potencialidades-en-chile\/"]}]},{"@type":"ImageObject","inLanguage":"es","@id":"https:\/\/modoviajeok.com.ar\/index.php\/2025\/06\/26\/con-el-cordoba-day-santiago-la-provincia-mostro-sus-potencialidades-en-chile\/#primaryimage","url":"https:\/\/modoviajeok.com.ar\/wp-content\/uploads\/2025\/06\/WhatsApp-Image-2025-06-24-at-12.57.52-3.jpeg","contentUrl":"https:\/\/modoviajeok.com.ar\/wp-content\/uploads\/2025\/06\/WhatsApp-Image-2025-06-24-at-12.57.52-3.jpeg","width":960,"height":1280},{"@type":"BreadcrumbList","@id":"https:\/\/modoviajeok.com.ar\/index.php\/2025\/06\/26\/con-el-cordoba-day-santiago-la-provincia-mostro-sus-potencialidades-en-chile\/#breadcrumb","itemListElement":[{"@type":"ListItem","position":1,"name":"Portada","item":"https:\/\/modoviajeok.com.ar\/"},{"@type":"ListItem","position":2,"name":"Con el C\u00f3rdoba Day en Santiago, la provincia mostr\u00f3 sus potencialidades en Chile"}]},{"@type":"WebSite","@id":"https:\/\/modoviajeok.com.ar\/#website","url":"https:\/\/modoviajeok.com.ar\/","name":"ModoViajeOK","description":"","publisher":{"@id":"https:\/\/modoviajeok.com.ar\/#organization"},"potentialAction":[{"@type":"SearchAction","target":{"@type":"EntryPoint","urlTemplate":"https:\/\/modoviajeok.com.ar\/?s={search_term_string}"},"query-input":{"@type":"PropertyValueSpecification","valueRequired":true,"valueName":"search_term_string"}}],"inLanguage":"es"},{"@type":"Organization","@id":"https:\/\/modoviajeok.com.ar\/#organization","name":"ModoViajeOK","url":"https:\/\/modoviajeok.com.ar\/","logo":{"@type":"ImageObject","inLanguage":"es","@id":"https:\/\/modoviajeok.com.ar\/#\/schema\/logo\/image\/","url":"https:\/\/modoviajeok.com.ar\/wp-content\/uploads\/2025\/01\/Logo-modoviajeok.png","contentUrl":"https:\/\/modoviajeok.com.ar\/wp-content\/uploads\/2025\/01\/Logo-modoviajeok.png","width":2938,"height":2276,"caption":"ModoViajeOK"},"image":{"@id":"https:\/\/modoviajeok.com.ar\/#\/schema\/logo\/image\/"},"sameAs":["https:\/\/www.facebook.com\/mariana.otero1\/","https:\/\/www.instagram.com\/modoviaje.ok\/"]},{"@type":"Person","@id":"https:\/\/modoviajeok.com.ar\/#\/schema\/person\/2e299ed0d3d412a01d244fe28260d7f5","name":"Pepe Segura","image":{"@type":"ImageObject","inLanguage":"es","@id":"https:\/\/modoviajeok.com.ar\/#\/schema\/person\/image\/","url":"https:\/\/secure.gravatar.com\/avatar\/65eb4b34deed761327f5b2c5535b987318ae807900ac46426de7258f5de6d345?s=96&d=mm&r=g","contentUrl":"https:\/\/secure.gravatar.com\/avatar\/65eb4b34deed761327f5b2c5535b987318ae807900ac46426de7258f5de6d345?s=96&d=mm&r=g","caption":"Pepe Segura"},"url":"https:\/\/modoviajeok.com.ar\/index.php\/author\/pepe2025\/"}]}},"_links":{"self":[{"href":"https:\/\/modoviajeok.com.ar\/index.php\/wp-json\/wp\/v2\/posts\/4455","targetHints":{"allow":["GET"]}}],"collection":[{"href":"https:\/\/modoviajeok.com.ar\/index.php\/wp-json\/wp\/v2\/posts"}],"about":[{"href":"https:\/\/modoviajeok.com.ar\/index.php\/wp-json\/wp\/v2\/types\/post"}],"author":[{"embeddable":true,"href":"https:\/\/modoviajeok.com.ar\/index.php\/wp-json\/wp\/v2\/users\/3"}],"replies":[{"embeddable":true,"href":"https:\/\/modoviajeok.com.ar\/index.php\/wp-json\/wp\/v2\/comments?post=4455"}],"version-history":[{"count":2,"href":"https:\/\/modoviajeok.com.ar\/index.php\/wp-json\/wp\/v2\/posts\/4455\/revisions"}],"predecessor-version":[{"id":4460,"href":"https:\/\/modoviajeok.com.ar\/index.php\/wp-json\/wp\/v2\/posts\/4455\/revisions\/4460"}],"wp:featuredmedia":[{"embeddable":true,"href":"https:\/\/modoviajeok.com.ar\/index.php\/wp-json\/wp\/v2\/media\/4458"}],"wp:attachment":[{"href":"https:\/\/modoviajeok.com.ar\/index.php\/wp-json\/wp\/v2\/media?parent=4455"}],"wp:term":[{"taxonomy":"category","embeddable":true,"href":"https:\/\/modoviajeok.com.ar\/index.php\/wp-json\/wp\/v2\/categories?post=4455"},{"taxonomy":"post_tag","embeddable":true,"href":"https:\/\/modoviajeok.com.ar\/index.php\/wp-json\/wp\/v2\/tags?post=4455"}],"curies":[{"name":"wp","href":"https:\/\/api.w.org\/{rel}","templated":true}]}}