{"id":4483,"date":"2025-07-02T19:24:37","date_gmt":"2025-07-02T22:24:37","guid":{"rendered":"https:\/\/modoviajeok.com.ar\/?p=4483"},"modified":"2025-07-03T10:39:17","modified_gmt":"2025-07-03T13:39:17","slug":"en-san-pablo-scioli-presento-la-temporada-de-nieve-en-argentina","status":"publish","type":"post","link":"https:\/\/modoviajeok.com.ar\/index.php\/2025\/07\/02\/en-san-pablo-scioli-presento-la-temporada-de-nieve-en-argentina\/","title":{"rendered":"En San Pablo, Argentina present\u00f3 la temporada de nieve"},"content":{"rendered":"\n<p><\/p>\n\n\n\n<figure class=\"wp-block-pullquote\"><blockquote><p>Aerol\u00edneas Argentinas ofrece una\u00a0tarifa promocional en vuelos a Buenos Aires\u00a0para viajar del 1 de agosto al 30 de noviembre, con precios entre\u00a0280 y 150 d\u00f3lares\u00a0-seg\u00fan el destino de origen- ida y vuelta<\/p><\/blockquote><\/figure>\n\n\n\n<p><\/p>\n\n\n\n<p>El secretario de Turismo, Ambiente y Deportes de la Naci\u00f3n,&nbsp;Daniel Scioli, encabez\u00f3 la misi\u00f3n comercial tur\u00edstica que en San Pablo, Brasil, realiz\u00f3 el \u201cLanzamiento de la Temporada de Nieve\u201d y particip\u00f3 del evento promocional \u201cVisit Argentina Workshop San Pablo\u201d.<\/p>\n\n\n\n<p>En ese contexto,&nbsp;Scioli&nbsp;destac\u00f3 las&nbsp;promociones de Aerol\u00edneas Argentinas&nbsp;para visitar nuestro pa\u00eds (ver m\u00e1s abajo) y la importancia de la&nbsp;gastronom\u00eda local&nbsp;de la mano de la&nbsp;Gu\u00eda Michelin, que recomienda establecimientos.&nbsp;<\/p>\n\n\n\n<p><\/p>\n\n\n\n<figure class=\"wp-block-image size-full\"><img loading=\"lazy\" decoding=\"async\" width=\"1280\" height=\"1126\" src=\"https:\/\/modoviajeok.com.ar\/wp-content\/uploads\/2025\/07\/WhatsApp-Image-2025-07-02-at-12.56.29.jpeg\" alt=\"\" class=\"wp-image-4485\" srcset=\"https:\/\/modoviajeok.com.ar\/wp-content\/uploads\/2025\/07\/WhatsApp-Image-2025-07-02-at-12.56.29.jpeg 1280w, https:\/\/modoviajeok.com.ar\/wp-content\/uploads\/2025\/07\/WhatsApp-Image-2025-07-02-at-12.56.29-768x676.jpeg 768w, https:\/\/modoviajeok.com.ar\/wp-content\/uploads\/2025\/07\/WhatsApp-Image-2025-07-02-at-12.56.29-477x420.jpeg 477w, https:\/\/modoviajeok.com.ar\/wp-content\/uploads\/2025\/07\/WhatsApp-Image-2025-07-02-at-12.56.29-150x132.jpeg 150w, https:\/\/modoviajeok.com.ar\/wp-content\/uploads\/2025\/07\/WhatsApp-Image-2025-07-02-at-12.56.29-300x264.jpeg 300w, https:\/\/modoviajeok.com.ar\/wp-content\/uploads\/2025\/07\/WhatsApp-Image-2025-07-02-at-12.56.29-696x612.jpeg 696w, https:\/\/modoviajeok.com.ar\/wp-content\/uploads\/2025\/07\/WhatsApp-Image-2025-07-02-at-12.56.29-1068x940.jpeg 1068w\" sizes=\"auto, (max-width: 1280px) 100vw, 1280px\" \/><\/figure>\n\n\n\n<p>\u201cLa nueva Argentina es un pa\u00eds que ha realizado un salto cualitativo, un pa\u00eds que es m\u00e1s seguro, con mejor calidad en los servicios tur\u00edsticos y con m\u00e1s conexi\u00f3n para conocer los diferentes destinos\u201d, puntualiz\u00f3 en el workshop, donde operadores tur\u00edsticos brasile\u00f1os pudieron acceder a capacitaciones sobre los destinos argentinos.<\/p>\n\n\n\n<p>Scioli&nbsp;agreg\u00f3 que \u201cla Argentina no es un pa\u00eds caro, es un pa\u00eds valioso, que ofrece una gran hospitalidad, servicios renovados, puntualmente en los centros de esqu\u00ed, con una gran inversi\u00f3n para garantizar una gran temporada de invierno. Estamos preparados para recibir al exigente turista brasile\u00f1o. Buscamos facilitar su llegada con tarifas especiales, a trav\u00e9s de Aerol\u00edneas Argentinas, y promociones hoteles y servicios\u201d, se\u00f1al\u00f3.<\/p>\n\n\n\n<p>Participaron de este encuentro la secretaria ejecutiva del INPROTUR,&nbsp;Ana Garcia Allievi; el jefe comercial de Aerol\u00edneas Argentinas en Brasil,&nbsp;Iv\u00e1n Blanco Cadahia; y el chef del restaurante Elena del hotel Four Seasons,&nbsp;Juan Gaffuri.<\/p>\n\n\n\n<p><strong>Las promociones de Aerol\u00edneas Argentinas<\/strong><\/p>\n\n\n\n<p>Blanco Cadahia&nbsp;anunci\u00f3 que Aerol\u00edneas Argentinas ofrece pasajes de ida y vuelta a Buenos Aires con precios accesibles y beneficios exclusivos para los turistas brasile\u00f1os. La aerol\u00ednea de bandera present\u00f3 una&nbsp;tarifa promocional en vuelos a Buenos Aires&nbsp;para viajar del 1 de agosto al 30 de noviembre, con precios entre&nbsp;280 y 150 d\u00f3lares&nbsp;-seg\u00fan el destino de origen- ida y vuelta, y con posibilidad de conexi\u00f3n de cabotaje a un costo de 50 d\u00f3lares a las provincias m\u00e1s pr\u00f3ximas, y de hasta 100 d\u00f3lares a m\u00e1s lejanas.<\/p>\n\n\n\n<p>Aerol\u00edneas Argentinas&nbsp;tiene&nbsp;75 frecuencias semanales entre destinos de Brasil y la Argentina&nbsp;y, en relaci\u00f3n a la temporada de nieve, durante de julio y agosto cuenta con un vuelo diario a&nbsp;San Carlos de Bariloche&nbsp;y dos semanales a&nbsp;Ushuaia&nbsp;-en julio- desde San Pablo.<\/p>\n\n\n\n<p>En la presentaci\u00f3n,&nbsp;Gaffuri&nbsp;fue distinguido con una estrella Michelin, ocasi\u00f3n en la que destac\u00f3 que la&nbsp;Argentina hoy es un \u201cdestino gastron\u00f3mico\u201d&nbsp;y que \u201cuno de los diferenciales de nuestra gastronom\u00eda es que apostamos a una materia prima \u00fanica y de primera calidad, como la carne argentina\u201d.<\/p>\n","protected":false},"excerpt":{"rendered":"<p>Aerol\u00edneas Argentinas ofrece una\u00a0tarifa promocional en vuelos a Buenos Aires\u00a0para viajar del 1 de agosto al 30 de noviembre, con precios entre\u00a0280 y 150 d\u00f3lares\u00a0-seg\u00fan el destino de origen- ida y vuelta El secretario de Turismo, Ambiente y Deportes de la Naci\u00f3n,&nbsp;Daniel Scioli, encabez\u00f3 la misi\u00f3n comercial tur\u00edstica que en San Pablo, Brasil, realiz\u00f3 el [&hellip;]<\/p>\n","protected":false},"author":3,"featured_media":4486,"comment_status":"open","ping_status":"open","sticky":false,"template":"","format":"standard","meta":{"_acf_changed":false,"footnotes":""},"categories":[13,10],"tags":[136,931,95],"class_list":{"0":"post-4483","1":"post","2":"type-post","3":"status-publish","4":"format-standard","5":"has-post-thumbnail","7":"category-argentina","8":"category-noticias","9":"tag-aerolineas-argentinas","10":"tag-nieve","11":"tag-san-pablo"},"acf":[],"yoast_head":"<!-- This site is optimized with the Yoast SEO plugin v24.8.1 - https:\/\/yoast.com\/wordpress\/plugins\/seo\/ -->\n<title>En San Pablo, Argentina present\u00f3 la temporada de nieve -<\/title>\n<meta name=\"description\" content=\"Daniel Scioli: Estamos preparados para recibir al exigente turista brasile\u00f1o. Buscamos facilitar su llegada con tarifas especiales, a trav\u00e9s de Aerol\u00edneas Argentinas.\" \/>\n<meta name=\"robots\" content=\"index, follow, max-snippet:-1, max-image-preview:large, max-video-preview:-1\" \/>\n<link rel=\"canonical\" href=\"https:\/\/modoviajeok.com.ar\/index.php\/2025\/07\/02\/en-san-pablo-scioli-presento-la-temporada-de-nieve-en-argentina\/\" \/>\n<meta property=\"og:locale\" content=\"es_ES\" \/>\n<meta property=\"og:type\" content=\"article\" \/>\n<meta property=\"og:title\" content=\"En San Pablo, Argentina present\u00f3 la temporada de nieve -\" \/>\n<meta property=\"og:description\" content=\"Daniel Scioli: Estamos preparados para recibir al exigente turista brasile\u00f1o. Buscamos facilitar su llegada con tarifas especiales, a trav\u00e9s de Aerol\u00edneas Argentinas.\" \/>\n<meta property=\"og:url\" content=\"https:\/\/modoviajeok.com.ar\/index.php\/2025\/07\/02\/en-san-pablo-scioli-presento-la-temporada-de-nieve-en-argentina\/\" \/>\n<meta property=\"article:publisher\" content=\"https:\/\/www.facebook.com\/mariana.otero1\/\" \/>\n<meta property=\"article:published_time\" content=\"2025-07-02T22:24:37+00:00\" \/>\n<meta property=\"article:modified_time\" content=\"2025-07-03T13:39:17+00:00\" \/>\n<meta property=\"og:image\" content=\"https:\/\/modoviajeok.com.ar\/wp-content\/uploads\/2025\/07\/ski_cerro_castor_ushuaia_3.jpg\" \/>\n\t<meta property=\"og:image:width\" content=\"1023\" \/>\n\t<meta property=\"og:image:height\" content=\"902\" \/>\n\t<meta property=\"og:image:type\" content=\"image\/jpeg\" \/>\n<meta name=\"author\" content=\"Pepe Segura\" \/>\n<meta name=\"twitter:card\" content=\"summary_large_image\" \/>\n<meta name=\"twitter:label1\" content=\"Escrito por\" \/>\n\t<meta name=\"twitter:data1\" content=\"Pepe Segura\" \/>\n\t<meta name=\"twitter:label2\" content=\"Tiempo de lectura\" \/>\n\t<meta name=\"twitter:data2\" content=\"3 minutos\" \/>\n<script type=\"application\/ld+json\" class=\"yoast-schema-graph\">{\"@context\":\"https:\/\/schema.org\",\"@graph\":[{\"@type\":\"Article\",\"@id\":\"https:\/\/modoviajeok.com.ar\/index.php\/2025\/07\/02\/en-san-pablo-scioli-presento-la-temporada-de-nieve-en-argentina\/#article\",\"isPartOf\":{\"@id\":\"https:\/\/modoviajeok.com.ar\/index.php\/2025\/07\/02\/en-san-pablo-scioli-presento-la-temporada-de-nieve-en-argentina\/\"},\"author\":{\"name\":\"Pepe Segura\",\"@id\":\"https:\/\/modoviajeok.com.ar\/#\/schema\/person\/2e299ed0d3d412a01d244fe28260d7f5\"},\"headline\":\"En San Pablo, Argentina present\u00f3 la temporada de nieve\",\"datePublished\":\"2025-07-02T22:24:37+00:00\",\"dateModified\":\"2025-07-03T13:39:17+00:00\",\"mainEntityOfPage\":{\"@id\":\"https:\/\/modoviajeok.com.ar\/index.php\/2025\/07\/02\/en-san-pablo-scioli-presento-la-temporada-de-nieve-en-argentina\/\"},\"wordCount\":520,\"commentCount\":0,\"publisher\":{\"@id\":\"https:\/\/modoviajeok.com.ar\/#organization\"},\"image\":{\"@id\":\"https:\/\/modoviajeok.com.ar\/index.php\/2025\/07\/02\/en-san-pablo-scioli-presento-la-temporada-de-nieve-en-argentina\/#primaryimage\"},\"thumbnailUrl\":\"https:\/\/modoviajeok.com.ar\/wp-content\/uploads\/2025\/07\/ski_cerro_castor_ushuaia_3.jpg\",\"keywords\":[\"aerol\u00edneas argentinas\",\"nieve\",\"san pablo\"],\"articleSection\":[\"Argentina\",\"Noticias\"],\"inLanguage\":\"es\",\"potentialAction\":[{\"@type\":\"CommentAction\",\"name\":\"Comment\",\"target\":[\"https:\/\/modoviajeok.com.ar\/index.php\/2025\/07\/02\/en-san-pablo-scioli-presento-la-temporada-de-nieve-en-argentina\/#respond\"]}]},{\"@type\":\"WebPage\",\"@id\":\"https:\/\/modoviajeok.com.ar\/index.php\/2025\/07\/02\/en-san-pablo-scioli-presento-la-temporada-de-nieve-en-argentina\/\",\"url\":\"https:\/\/modoviajeok.com.ar\/index.php\/2025\/07\/02\/en-san-pablo-scioli-presento-la-temporada-de-nieve-en-argentina\/\",\"name\":\"En San Pablo, Argentina present\u00f3 la temporada de nieve -\",\"isPartOf\":{\"@id\":\"https:\/\/modoviajeok.com.ar\/#website\"},\"primaryImageOfPage\":{\"@id\":\"https:\/\/modoviajeok.com.ar\/index.php\/2025\/07\/02\/en-san-pablo-scioli-presento-la-temporada-de-nieve-en-argentina\/#primaryimage\"},\"image\":{\"@id\":\"https:\/\/modoviajeok.com.ar\/index.php\/2025\/07\/02\/en-san-pablo-scioli-presento-la-temporada-de-nieve-en-argentina\/#primaryimage\"},\"thumbnailUrl\":\"https:\/\/modoviajeok.com.ar\/wp-content\/uploads\/2025\/07\/ski_cerro_castor_ushuaia_3.jpg\",\"datePublished\":\"2025-07-02T22:24:37+00:00\",\"dateModified\":\"2025-07-03T13:39:17+00:00\",\"description\":\"Daniel Scioli: Estamos preparados para recibir al exigente turista brasile\u00f1o. Buscamos facilitar su llegada con tarifas especiales, a trav\u00e9s de Aerol\u00edneas Argentinas.\",\"breadcrumb\":{\"@id\":\"https:\/\/modoviajeok.com.ar\/index.php\/2025\/07\/02\/en-san-pablo-scioli-presento-la-temporada-de-nieve-en-argentina\/#breadcrumb\"},\"inLanguage\":\"es\",\"potentialAction\":[{\"@type\":\"ReadAction\",\"target\":[\"https:\/\/modoviajeok.com.ar\/index.php\/2025\/07\/02\/en-san-pablo-scioli-presento-la-temporada-de-nieve-en-argentina\/\"]}]},{\"@type\":\"ImageObject\",\"inLanguage\":\"es\",\"@id\":\"https:\/\/modoviajeok.com.ar\/index.php\/2025\/07\/02\/en-san-pablo-scioli-presento-la-temporada-de-nieve-en-argentina\/#primaryimage\",\"url\":\"https:\/\/modoviajeok.com.ar\/wp-content\/uploads\/2025\/07\/ski_cerro_castor_ushuaia_3.jpg\",\"contentUrl\":\"https:\/\/modoviajeok.com.ar\/wp-content\/uploads\/2025\/07\/ski_cerro_castor_ushuaia_3.jpg\",\"width\":1023,\"height\":902},{\"@type\":\"BreadcrumbList\",\"@id\":\"https:\/\/modoviajeok.com.ar\/index.php\/2025\/07\/02\/en-san-pablo-scioli-presento-la-temporada-de-nieve-en-argentina\/#breadcrumb\",\"itemListElement\":[{\"@type\":\"ListItem\",\"position\":1,\"name\":\"Portada\",\"item\":\"https:\/\/modoviajeok.com.ar\/\"},{\"@type\":\"ListItem\",\"position\":2,\"name\":\"En San Pablo, Argentina present\u00f3 la temporada de nieve\"}]},{\"@type\":\"WebSite\",\"@id\":\"https:\/\/modoviajeok.com.ar\/#website\",\"url\":\"https:\/\/modoviajeok.com.ar\/\",\"name\":\"ModoViajeOK\",\"description\":\"\",\"publisher\":{\"@id\":\"https:\/\/modoviajeok.com.ar\/#organization\"},\"potentialAction\":[{\"@type\":\"SearchAction\",\"target\":{\"@type\":\"EntryPoint\",\"urlTemplate\":\"https:\/\/modoviajeok.com.ar\/?s={search_term_string}\"},\"query-input\":{\"@type\":\"PropertyValueSpecification\",\"valueRequired\":true,\"valueName\":\"search_term_string\"}}],\"inLanguage\":\"es\"},{\"@type\":\"Organization\",\"@id\":\"https:\/\/modoviajeok.com.ar\/#organization\",\"name\":\"ModoViajeOK\",\"url\":\"https:\/\/modoviajeok.com.ar\/\",\"logo\":{\"@type\":\"ImageObject\",\"inLanguage\":\"es\",\"@id\":\"https:\/\/modoviajeok.com.ar\/#\/schema\/logo\/image\/\",\"url\":\"https:\/\/modoviajeok.com.ar\/wp-content\/uploads\/2025\/01\/Logo-modoviajeok.png\",\"contentUrl\":\"https:\/\/modoviajeok.com.ar\/wp-content\/uploads\/2025\/01\/Logo-modoviajeok.png\",\"width\":2938,\"height\":2276,\"caption\":\"ModoViajeOK\"},\"image\":{\"@id\":\"https:\/\/modoviajeok.com.ar\/#\/schema\/logo\/image\/\"},\"sameAs\":[\"https:\/\/www.facebook.com\/mariana.otero1\/\",\"https:\/\/www.instagram.com\/modoviaje.ok\/\"]},{\"@type\":\"Person\",\"@id\":\"https:\/\/modoviajeok.com.ar\/#\/schema\/person\/2e299ed0d3d412a01d244fe28260d7f5\",\"name\":\"Pepe Segura\",\"image\":{\"@type\":\"ImageObject\",\"inLanguage\":\"es\",\"@id\":\"https:\/\/modoviajeok.com.ar\/#\/schema\/person\/image\/\",\"url\":\"https:\/\/secure.gravatar.com\/avatar\/65eb4b34deed761327f5b2c5535b987318ae807900ac46426de7258f5de6d345?s=96&d=mm&r=g\",\"contentUrl\":\"https:\/\/secure.gravatar.com\/avatar\/65eb4b34deed761327f5b2c5535b987318ae807900ac46426de7258f5de6d345?s=96&d=mm&r=g\",\"caption\":\"Pepe Segura\"},\"url\":\"https:\/\/modoviajeok.com.ar\/index.php\/author\/pepe2025\/\"}]}<\/script>\n<!-- \/ Yoast SEO plugin. -->","yoast_head_json":{"title":"En San Pablo, Argentina present\u00f3 la temporada de nieve -","description":"Daniel Scioli: Estamos preparados para recibir al exigente turista brasile\u00f1o. Buscamos facilitar su llegada con tarifas especiales, a trav\u00e9s de Aerol\u00edneas Argentinas.","robots":{"index":"index","follow":"follow","max-snippet":"max-snippet:-1","max-image-preview":"max-image-preview:large","max-video-preview":"max-video-preview:-1"},"canonical":"https:\/\/modoviajeok.com.ar\/index.php\/2025\/07\/02\/en-san-pablo-scioli-presento-la-temporada-de-nieve-en-argentina\/","og_locale":"es_ES","og_type":"article","og_title":"En San Pablo, Argentina present\u00f3 la temporada de nieve -","og_description":"Daniel Scioli: Estamos preparados para recibir al exigente turista brasile\u00f1o. Buscamos facilitar su llegada con tarifas especiales, a trav\u00e9s de Aerol\u00edneas Argentinas.","og_url":"https:\/\/modoviajeok.com.ar\/index.php\/2025\/07\/02\/en-san-pablo-scioli-presento-la-temporada-de-nieve-en-argentina\/","article_publisher":"https:\/\/www.facebook.com\/mariana.otero1\/","article_published_time":"2025-07-02T22:24:37+00:00","article_modified_time":"2025-07-03T13:39:17+00:00","og_image":[{"width":1023,"height":902,"url":"https:\/\/modoviajeok.com.ar\/wp-content\/uploads\/2025\/07\/ski_cerro_castor_ushuaia_3.jpg","type":"image\/jpeg"}],"author":"Pepe Segura","twitter_card":"summary_large_image","twitter_misc":{"Escrito por":"Pepe Segura","Tiempo de lectura":"3 minutos"},"schema":{"@context":"https:\/\/schema.org","@graph":[{"@type":"Article","@id":"https:\/\/modoviajeok.com.ar\/index.php\/2025\/07\/02\/en-san-pablo-scioli-presento-la-temporada-de-nieve-en-argentina\/#article","isPartOf":{"@id":"https:\/\/modoviajeok.com.ar\/index.php\/2025\/07\/02\/en-san-pablo-scioli-presento-la-temporada-de-nieve-en-argentina\/"},"author":{"name":"Pepe Segura","@id":"https:\/\/modoviajeok.com.ar\/#\/schema\/person\/2e299ed0d3d412a01d244fe28260d7f5"},"headline":"En San Pablo, Argentina present\u00f3 la temporada de nieve","datePublished":"2025-07-02T22:24:37+00:00","dateModified":"2025-07-03T13:39:17+00:00","mainEntityOfPage":{"@id":"https:\/\/modoviajeok.com.ar\/index.php\/2025\/07\/02\/en-san-pablo-scioli-presento-la-temporada-de-nieve-en-argentina\/"},"wordCount":520,"commentCount":0,"publisher":{"@id":"https:\/\/modoviajeok.com.ar\/#organization"},"image":{"@id":"https:\/\/modoviajeok.com.ar\/index.php\/2025\/07\/02\/en-san-pablo-scioli-presento-la-temporada-de-nieve-en-argentina\/#primaryimage"},"thumbnailUrl":"https:\/\/modoviajeok.com.ar\/wp-content\/uploads\/2025\/07\/ski_cerro_castor_ushuaia_3.jpg","keywords":["aerol\u00edneas argentinas","nieve","san pablo"],"articleSection":["Argentina","Noticias"],"inLanguage":"es","potentialAction":[{"@type":"CommentAction","name":"Comment","target":["https:\/\/modoviajeok.com.ar\/index.php\/2025\/07\/02\/en-san-pablo-scioli-presento-la-temporada-de-nieve-en-argentina\/#respond"]}]},{"@type":"WebPage","@id":"https:\/\/modoviajeok.com.ar\/index.php\/2025\/07\/02\/en-san-pablo-scioli-presento-la-temporada-de-nieve-en-argentina\/","url":"https:\/\/modoviajeok.com.ar\/index.php\/2025\/07\/02\/en-san-pablo-scioli-presento-la-temporada-de-nieve-en-argentina\/","name":"En San Pablo, Argentina present\u00f3 la temporada de nieve -","isPartOf":{"@id":"https:\/\/modoviajeok.com.ar\/#website"},"primaryImageOfPage":{"@id":"https:\/\/modoviajeok.com.ar\/index.php\/2025\/07\/02\/en-san-pablo-scioli-presento-la-temporada-de-nieve-en-argentina\/#primaryimage"},"image":{"@id":"https:\/\/modoviajeok.com.ar\/index.php\/2025\/07\/02\/en-san-pablo-scioli-presento-la-temporada-de-nieve-en-argentina\/#primaryimage"},"thumbnailUrl":"https:\/\/modoviajeok.com.ar\/wp-content\/uploads\/2025\/07\/ski_cerro_castor_ushuaia_3.jpg","datePublished":"2025-07-02T22:24:37+00:00","dateModified":"2025-07-03T13:39:17+00:00","description":"Daniel Scioli: Estamos preparados para recibir al exigente turista brasile\u00f1o. Buscamos facilitar su llegada con tarifas especiales, a trav\u00e9s de Aerol\u00edneas Argentinas.","breadcrumb":{"@id":"https:\/\/modoviajeok.com.ar\/index.php\/2025\/07\/02\/en-san-pablo-scioli-presento-la-temporada-de-nieve-en-argentina\/#breadcrumb"},"inLanguage":"es","potentialAction":[{"@type":"ReadAction","target":["https:\/\/modoviajeok.com.ar\/index.php\/2025\/07\/02\/en-san-pablo-scioli-presento-la-temporada-de-nieve-en-argentina\/"]}]},{"@type":"ImageObject","inLanguage":"es","@id":"https:\/\/modoviajeok.com.ar\/index.php\/2025\/07\/02\/en-san-pablo-scioli-presento-la-temporada-de-nieve-en-argentina\/#primaryimage","url":"https:\/\/modoviajeok.com.ar\/wp-content\/uploads\/2025\/07\/ski_cerro_castor_ushuaia_3.jpg","contentUrl":"https:\/\/modoviajeok.com.ar\/wp-content\/uploads\/2025\/07\/ski_cerro_castor_ushuaia_3.jpg","width":1023,"height":902},{"@type":"BreadcrumbList","@id":"https:\/\/modoviajeok.com.ar\/index.php\/2025\/07\/02\/en-san-pablo-scioli-presento-la-temporada-de-nieve-en-argentina\/#breadcrumb","itemListElement":[{"@type":"ListItem","position":1,"name":"Portada","item":"https:\/\/modoviajeok.com.ar\/"},{"@type":"ListItem","position":2,"name":"En San Pablo, Argentina present\u00f3 la temporada de nieve"}]},{"@type":"WebSite","@id":"https:\/\/modoviajeok.com.ar\/#website","url":"https:\/\/modoviajeok.com.ar\/","name":"ModoViajeOK","description":"","publisher":{"@id":"https:\/\/modoviajeok.com.ar\/#organization"},"potentialAction":[{"@type":"SearchAction","target":{"@type":"EntryPoint","urlTemplate":"https:\/\/modoviajeok.com.ar\/?s={search_term_string}"},"query-input":{"@type":"PropertyValueSpecification","valueRequired":true,"valueName":"search_term_string"}}],"inLanguage":"es"},{"@type":"Organization","@id":"https:\/\/modoviajeok.com.ar\/#organization","name":"ModoViajeOK","url":"https:\/\/modoviajeok.com.ar\/","logo":{"@type":"ImageObject","inLanguage":"es","@id":"https:\/\/modoviajeok.com.ar\/#\/schema\/logo\/image\/","url":"https:\/\/modoviajeok.com.ar\/wp-content\/uploads\/2025\/01\/Logo-modoviajeok.png","contentUrl":"https:\/\/modoviajeok.com.ar\/wp-content\/uploads\/2025\/01\/Logo-modoviajeok.png","width":2938,"height":2276,"caption":"ModoViajeOK"},"image":{"@id":"https:\/\/modoviajeok.com.ar\/#\/schema\/logo\/image\/"},"sameAs":["https:\/\/www.facebook.com\/mariana.otero1\/","https:\/\/www.instagram.com\/modoviaje.ok\/"]},{"@type":"Person","@id":"https:\/\/modoviajeok.com.ar\/#\/schema\/person\/2e299ed0d3d412a01d244fe28260d7f5","name":"Pepe Segura","image":{"@type":"ImageObject","inLanguage":"es","@id":"https:\/\/modoviajeok.com.ar\/#\/schema\/person\/image\/","url":"https:\/\/secure.gravatar.com\/avatar\/65eb4b34deed761327f5b2c5535b987318ae807900ac46426de7258f5de6d345?s=96&d=mm&r=g","contentUrl":"https:\/\/secure.gravatar.com\/avatar\/65eb4b34deed761327f5b2c5535b987318ae807900ac46426de7258f5de6d345?s=96&d=mm&r=g","caption":"Pepe Segura"},"url":"https:\/\/modoviajeok.com.ar\/index.php\/author\/pepe2025\/"}]}},"_links":{"self":[{"href":"https:\/\/modoviajeok.com.ar\/index.php\/wp-json\/wp\/v2\/posts\/4483","targetHints":{"allow":["GET"]}}],"collection":[{"href":"https:\/\/modoviajeok.com.ar\/index.php\/wp-json\/wp\/v2\/posts"}],"about":[{"href":"https:\/\/modoviajeok.com.ar\/index.php\/wp-json\/wp\/v2\/types\/post"}],"author":[{"embeddable":true,"href":"https:\/\/modoviajeok.com.ar\/index.php\/wp-json\/wp\/v2\/users\/3"}],"replies":[{"embeddable":true,"href":"https:\/\/modoviajeok.com.ar\/index.php\/wp-json\/wp\/v2\/comments?post=4483"}],"version-history":[{"count":3,"href":"https:\/\/modoviajeok.com.ar\/index.php\/wp-json\/wp\/v2\/posts\/4483\/revisions"}],"predecessor-version":[{"id":4520,"href":"https:\/\/modoviajeok.com.ar\/index.php\/wp-json\/wp\/v2\/posts\/4483\/revisions\/4520"}],"wp:featuredmedia":[{"embeddable":true,"href":"https:\/\/modoviajeok.com.ar\/index.php\/wp-json\/wp\/v2\/media\/4486"}],"wp:attachment":[{"href":"https:\/\/modoviajeok.com.ar\/index.php\/wp-json\/wp\/v2\/media?parent=4483"}],"wp:term":[{"taxonomy":"category","embeddable":true,"href":"https:\/\/modoviajeok.com.ar\/index.php\/wp-json\/wp\/v2\/categories?post=4483"},{"taxonomy":"post_tag","embeddable":true,"href":"https:\/\/modoviajeok.com.ar\/index.php\/wp-json\/wp\/v2\/tags?post=4483"}],"curies":[{"name":"wp","href":"https:\/\/api.w.org\/{rel}","templated":true}]}}