{"id":4527,"date":"2025-07-04T09:00:42","date_gmt":"2025-07-04T12:00:42","guid":{"rendered":"https:\/\/modoviajeok.com.ar\/?p=4527"},"modified":"2025-09-18T20:12:08","modified_gmt":"2025-09-18T23:12:08","slug":"temporada-de-paso-de-ballenas-jorobadas-impulsa-el-turismo-en-sao-sebastiao-brasil","status":"publish","type":"post","link":"https:\/\/modoviajeok.com.ar\/index.php\/2025\/07\/04\/temporada-de-paso-de-ballenas-jorobadas-impulsa-el-turismo-en-sao-sebastiao-brasil\/","title":{"rendered":"Crece el avistaje de ballenas jorobadas en S\u00e3o Sebasti\u00e3o"},"content":{"rendered":"\n<p><\/p>\n\n\n\n<figure class=\"wp-block-pullquote\"><blockquote><p>La temporada de avistamiento de las majestuosas ballenas jorobadas en S\u00e3o Sebasti\u00e3o, en el Litoral Norte de S\u00e3o Paulo, Brasil, ha sido todo un \u00e9xito. Atrae a un n\u00famero creciente de turistas e investigadores interesados en contemplar este espect\u00e1culo de la naturaleza.<\/p><\/blockquote><\/figure>\n\n\n\n<p><\/p>\n\n\n\n<p>Cada a\u00f1o, las ballenas jorobadas migran hacia la costa brasile\u00f1a en busca de aguas m\u00e1s c\u00e1lidas y poco profundas para aparearse y dar a luz a sus cr\u00edas. Desde el inicio de la temporada 2025, ya se han avistado 377 ballenas. En comparaci\u00f3n, hasta el 30 de junio de 2024, se hab\u00edan avistado 252 jorobadas, lo que indica que la temporada de este a\u00f1o est\u00e1 m\u00e1s fuerte, seg\u00fan datos del Proyecto Ballena a la Vista.<\/p>\n\n\n\n<p><\/p>\n\n\n\n<figure class=\"wp-block-image size-full\"><img loading=\"lazy\" decoding=\"async\" width=\"1706\" height=\"2560\" src=\"https:\/\/modoviajeok.com.ar\/wp-content\/uploads\/2025\/07\/Baleia-jubarte-foto-rafael-mesquita-scaled.jpg\" alt=\"\" class=\"wp-image-4539\" srcset=\"https:\/\/modoviajeok.com.ar\/wp-content\/uploads\/2025\/07\/Baleia-jubarte-foto-rafael-mesquita-scaled.jpg 1706w, https:\/\/modoviajeok.com.ar\/wp-content\/uploads\/2025\/07\/Baleia-jubarte-foto-rafael-mesquita-768x1152.jpg 768w, https:\/\/modoviajeok.com.ar\/wp-content\/uploads\/2025\/07\/Baleia-jubarte-foto-rafael-mesquita-1024x1536.jpg 1024w, https:\/\/modoviajeok.com.ar\/wp-content\/uploads\/2025\/07\/Baleia-jubarte-foto-rafael-mesquita-1365x2048.jpg 1365w, https:\/\/modoviajeok.com.ar\/wp-content\/uploads\/2025\/07\/Baleia-jubarte-foto-rafael-mesquita-280x420.jpg 280w, https:\/\/modoviajeok.com.ar\/wp-content\/uploads\/2025\/07\/Baleia-jubarte-foto-rafael-mesquita-150x225.jpg 150w, https:\/\/modoviajeok.com.ar\/wp-content\/uploads\/2025\/07\/Baleia-jubarte-foto-rafael-mesquita-300x450.jpg 300w, https:\/\/modoviajeok.com.ar\/wp-content\/uploads\/2025\/07\/Baleia-jubarte-foto-rafael-mesquita-696x1044.jpg 696w, https:\/\/modoviajeok.com.ar\/wp-content\/uploads\/2025\/07\/Baleia-jubarte-foto-rafael-mesquita-1068x1602.jpg 1068w, https:\/\/modoviajeok.com.ar\/wp-content\/uploads\/2025\/07\/Baleia-jubarte-foto-rafael-mesquita-1920x2881.jpg 1920w\" sizes=\"auto, (max-width: 1706px) 100vw, 1706px\" \/><\/figure>\n\n\n\n<p>La temporada de avistamiento de las gigantes del mar en S\u00e3o Sebasti\u00e3o ocurre de mayo a agosto, pero en a\u00f1os anteriores las primeras ballenas fueron avistadas ya en abril. Seg\u00fan J\u00falio Cardoso, fundador del proyecto Ballena a la Vista, el pico de la temporada ocurre en los meses de junio y julio. \u201cEl a\u00f1o pasado, registramos casi 600 ballenas en la regi\u00f3n de S\u00e3o Sebasti\u00e3o\u201d se\u00f1al\u00f3.<\/p>\n\n\n\n<p>Algunas de ellas permanecieron en la regi\u00f3n durante largos per\u00edodos, fueron identificadas y nombradas, como Melina, que se qued\u00f3 alrededor de 90 d\u00edas y Jojo, que permaneci\u00f3 durante 48 d\u00edas, haciendo que el turismo de avistamiento fuera a\u00fan m\u00e1s especial\u00bb, explica.<\/p>\n\n\n\n<p>\u00abEn 2024, m\u00e1s de 12 mil personas participaron en paseos de observaci\u00f3n en la regi\u00f3n, una cifra que se duplic\u00f3 en comparaci\u00f3n con 2023, cuando alrededor de 6 mil turistas tuvieron la oportunidad de ver a las ballenas en nuestra regi\u00f3n de S\u00e3o Sebasti\u00e3o\u00bb, destaca J\u00falio.<\/p>\n\n\n\n<figure class=\"wp-block-image size-full\"><img loading=\"lazy\" decoding=\"async\" width=\"2560\" height=\"1920\" src=\"https:\/\/modoviajeok.com.ar\/wp-content\/uploads\/2025\/07\/DSCN0170_1-scaled.jpg\" alt=\"\" class=\"wp-image-4531\" srcset=\"https:\/\/modoviajeok.com.ar\/wp-content\/uploads\/2025\/07\/DSCN0170_1-scaled.jpg 2560w, https:\/\/modoviajeok.com.ar\/wp-content\/uploads\/2025\/07\/DSCN0170_1-768x576.jpg 768w, https:\/\/modoviajeok.com.ar\/wp-content\/uploads\/2025\/07\/DSCN0170_1-1536x1152.jpg 1536w, https:\/\/modoviajeok.com.ar\/wp-content\/uploads\/2025\/07\/DSCN0170_1-2048x1536.jpg 2048w, https:\/\/modoviajeok.com.ar\/wp-content\/uploads\/2025\/07\/DSCN0170_1-560x420.jpg 560w, https:\/\/modoviajeok.com.ar\/wp-content\/uploads\/2025\/07\/DSCN0170_1-80x60.jpg 80w, https:\/\/modoviajeok.com.ar\/wp-content\/uploads\/2025\/07\/DSCN0170_1-150x113.jpg 150w, https:\/\/modoviajeok.com.ar\/wp-content\/uploads\/2025\/07\/DSCN0170_1-300x225.jpg 300w, https:\/\/modoviajeok.com.ar\/wp-content\/uploads\/2025\/07\/DSCN0170_1-696x522.jpg 696w, https:\/\/modoviajeok.com.ar\/wp-content\/uploads\/2025\/07\/DSCN0170_1-1068x801.jpg 1068w, https:\/\/modoviajeok.com.ar\/wp-content\/uploads\/2025\/07\/DSCN0170_1-1920x1440.jpg 1920w, https:\/\/modoviajeok.com.ar\/wp-content\/uploads\/2025\/07\/DSCN0170_1-265x198.jpg 265w\" sizes=\"auto, (max-width: 2560px) 100vw, 2560px\" \/><\/figure>\n\n\n\n<p>La actividad, adem\u00e1s de impulsar el crecimiento econ\u00f3mico local durante el per\u00edodo de temporada baja en el Litoral Norte, desempe\u00f1a un papel esencial en la investigaci\u00f3n y conservaci\u00f3n de la especie. Con un ticket promedio de R\\$ 350, los paseos generaron ingresos superiores a R\\$ 4 millones solo para las operadoras, sin contar el impacto positivo para restaurantes, hoteles y otros sectores del turismo local.<\/p>\n\n\n\n<p>Otro aspecto importante del turismo de observaci\u00f3n es la contribuci\u00f3n a la fotoidentificaci\u00f3n de las ballenas. Actualmente, el Proyecto Ballena a la Vista tiene 682 jorobadas identificadas en la regi\u00f3n, en el cat\u00e1logo internacional Happywhale. De estas, aproximadamente 100 fueron avistadas nuevamente y 30 regresaron a nuestra \u00e1rea, reforzando la importancia de este monitoreo.<\/p>\n\n\n\n<p>Esta informaci\u00f3n solo fue posible gracias al trabajo de los investigadores y al compromiso del p\u00fablico que participa en las expediciones de avistamiento. \u00abEsperamos que las ballenas que ya conocemos e identificamos regresen este a\u00f1o. Continuaremos con nuestro trabajo de fotoidentificaci\u00f3n y educaci\u00f3n ambiental, incentivando la concientizaci\u00f3n sobre la importancia de la preservaci\u00f3n de estos animales\u00bb, destaca J\u00falio Cardoso.<\/p>\n\n\n\n<p>Con una estructura cada vez m\u00e1s preparada para recibir a turistas e investigadores, S\u00e3o Sebasti\u00e3o se consolida como uno de los principales destinos de turismo de avistamiento de ballenas en Brasil.<\/p>\n\n\n\n<p>\u201cEstamos hablando de un espect\u00e1culo de la naturaleza que encanta y emociona a todos los que tienen la oportunidad de presenciarlo. Este segmento del turismo viene ganando cada vez m\u00e1s protagonismo y seguimos fuertes en el prop\u00f3sito de promover un turismo sostenible, que respete el medio ambiente y fortalezca nuestra identidad como un destino de referencia\u201d, destaca el secretario de turismo de S\u00e3o Sebasti\u00e3o, Leandro Pereira.<\/p>\n\n\n\n<p>Para m\u00e1s informaci\u00f3n sobre paseos enfocados en la observaci\u00f3n de cet\u00e1ceos, los interesados se pueden contactar al Centro de Informaci\u00f3n Tur\u00edstica (CIT): (12) 3892-2206 o acceder al sitio de <a href=\"http:\/\/www.turismosaosebastiao.com.br\/o-que-fazer\/observacao-de-baleias\">Turismo<\/a>. M\u00e1s info <a href=\"http:\/\/www.turismosaosebastiao.com.br\/o-que-fazer\/observacao-de-baleias\">aqu\u00ed<\/a>. <\/p>\n\n\n\n<p>Las normas de avistamiento tambi\u00e9n est\u00e1n disponibles en el sitio del proyecto<a href=\"http:\/\/www.projetobaleiaavista.com.br\/\"> Ballena a la Vista<\/a>.M\u00e1s <a href=\"http:\/\/www.projetobaleiaavista.com.br\/\">info<\/a>. <\/p>\n\n\n\n<figure class=\"wp-block-image size-full\"><img loading=\"lazy\" decoding=\"async\" width=\"2560\" height=\"1152\" src=\"https:\/\/modoviajeok.com.ar\/wp-content\/uploads\/2025\/07\/20240313_173254.jpg\" alt=\"\" class=\"wp-image-4543\" srcset=\"https:\/\/modoviajeok.com.ar\/wp-content\/uploads\/2025\/07\/20240313_173254.jpg 2560w, https:\/\/modoviajeok.com.ar\/wp-content\/uploads\/2025\/07\/20240313_173254-768x346.jpg 768w, https:\/\/modoviajeok.com.ar\/wp-content\/uploads\/2025\/07\/20240313_173254-1536x691.jpg 1536w, https:\/\/modoviajeok.com.ar\/wp-content\/uploads\/2025\/07\/20240313_173254-2048x922.jpg 2048w, https:\/\/modoviajeok.com.ar\/wp-content\/uploads\/2025\/07\/20240313_173254-933x420.jpg 933w, https:\/\/modoviajeok.com.ar\/wp-content\/uploads\/2025\/07\/20240313_173254-150x68.jpg 150w, https:\/\/modoviajeok.com.ar\/wp-content\/uploads\/2025\/07\/20240313_173254-300x135.jpg 300w, https:\/\/modoviajeok.com.ar\/wp-content\/uploads\/2025\/07\/20240313_173254-696x313.jpg 696w, https:\/\/modoviajeok.com.ar\/wp-content\/uploads\/2025\/07\/20240313_173254-1068x481.jpg 1068w, https:\/\/modoviajeok.com.ar\/wp-content\/uploads\/2025\/07\/20240313_173254-1920x864.jpg 1920w\" sizes=\"auto, (max-width: 2560px) 100vw, 2560px\" \/><\/figure>\n\n\n\n<p><strong>Turismo responsable y sostenible<\/strong><\/p>\n\n\n\n<p>El Turismo de Avistamiento Responsable de Ballenas en S\u00e3o Sebasti\u00e3o promueve la conservaci\u00f3n marina y el turismo sostenible, con pr\u00e1cticas responsables, educaci\u00f3n ambiental y alianzas, reduciendo los impactos ambientales. Es una iniciativa que protege la biodiversidad, fomenta la cultura de conservaci\u00f3n y fortalece la econom\u00eda.<\/p>\n\n\n\n<p>Cabe destacar que la Municipalidad de S\u00e3o Sebasti\u00e3o, a trav\u00e9s de la Secretar\u00eda de Turismo (Setur), realiza campa\u00f1as para la promoci\u00f3n del turismo responsable de avistamiento de ballenas en el municipio, con acciones en el mar junto a la Defensa Civil y el Proyecto Ballena Jorobada, considerado el instituto m\u00e1s importante de preservaci\u00f3n y conservaci\u00f3n de cet\u00e1ceos en Brasil, reconocido internacionalmente, adem\u00e1s de la alianza con el Proyecto Ballena a la Vista y el Instituto Argonauta, promoviendo acercamientos y entregando folletos con las normas de avistamiento.<\/p>\n\n\n\n<p>Se ofrecen Talleres de Buenas Pr\u00e1cticas para la Observaci\u00f3n de Ballenas Jorobadas y Otros Cet\u00e1ceos, con el objetivo de capacitar gratuitamente a agencias, operadores tur\u00edsticos y marinas que operan en el segmento n\u00e1utico de la regi\u00f3n, con miras a la conservaci\u00f3n y protecci\u00f3n de los cet\u00e1ceos mediante la educaci\u00f3n y sensibilizaci\u00f3n de los participantes.<\/p>\n\n\n\n<p>Los participantes que poseen embarcaciones acreditadas para el transporte de pasajeros reciben el Sello del Programa de Avistamiento Responsable. Desarrollado por la propia Setur, el sello es un reconocimiento oficial destinado a los profesionales del turismo de avistamiento que participaron en el taller, destacando su compromiso con pr\u00e1cticas responsables y sostenibles.<\/p>\n\n\n\n<p>En el municipio, tambi\u00e9n existe el Espacio Vida Marina, una iniciativa en colaboraci\u00f3n entre la Municipalidad de S\u00e3o Sebasti\u00e3o y diversas entidades de conservaci\u00f3n, como el Instituto Ballena Jorobada, el Proyecto Ballena a la Vista, el Instituto Argonauta y el Instituto Chico Mendes de Conservaci\u00f3n de la Biodiversidad (ICMBio \u2013 Alcatrazes). El lugar promueve la educaci\u00f3n ambiental, ofreciendo informaci\u00f3n sobre paseos de observaci\u00f3n de cet\u00e1ceos en el Canal de S\u00e3o Sebasti\u00e3o y en el Archipi\u00e9lago de Alcatrazes. Adem\u00e1s, cuenta con exposiciones fotogr\u00e1ficas, esqueletos de delfines y v\u00e9rtebras de ballenas jorobadas, proporcionando una experiencia inmersiva sobre la vida marina de la regi\u00f3n.<\/p>\n\n\n\n<figure class=\"wp-block-image size-full\"><img loading=\"lazy\" decoding=\"async\" width=\"1440\" height=\"1080\" src=\"https:\/\/modoviajeok.com.ar\/wp-content\/uploads\/2025\/07\/DSCN0188.jpg\" alt=\"\" class=\"wp-image-4544\" srcset=\"https:\/\/modoviajeok.com.ar\/wp-content\/uploads\/2025\/07\/DSCN0188.jpg 1440w, https:\/\/modoviajeok.com.ar\/wp-content\/uploads\/2025\/07\/DSCN0188-768x576.jpg 768w, https:\/\/modoviajeok.com.ar\/wp-content\/uploads\/2025\/07\/DSCN0188-560x420.jpg 560w, https:\/\/modoviajeok.com.ar\/wp-content\/uploads\/2025\/07\/DSCN0188-80x60.jpg 80w, https:\/\/modoviajeok.com.ar\/wp-content\/uploads\/2025\/07\/DSCN0188-150x113.jpg 150w, https:\/\/modoviajeok.com.ar\/wp-content\/uploads\/2025\/07\/DSCN0188-300x225.jpg 300w, https:\/\/modoviajeok.com.ar\/wp-content\/uploads\/2025\/07\/DSCN0188-696x522.jpg 696w, https:\/\/modoviajeok.com.ar\/wp-content\/uploads\/2025\/07\/DSCN0188-1068x801.jpg 1068w, https:\/\/modoviajeok.com.ar\/wp-content\/uploads\/2025\/07\/DSCN0188-265x198.jpg 265w\" sizes=\"auto, (max-width: 1440px) 100vw, 1440px\" \/><\/figure>\n\n\n\n<p><strong>Turismo reconocido a nivel nacional.<\/strong><\/p>\n\n\n\n<p>El municipio de S\u00e3o Sebasti\u00e3o fue el ganador de la 11\u00aa edici\u00f3n del Premio Braztoa de Sostenibilidad 2023\/24, de la Asociaci\u00f3n Brasile\u00f1a de Operadoras de Turismo, con la iniciativa \u2018Avistamiento de Ballenas en S\u00e3o Sebasti\u00e3o\u2019.<\/p>\n\n\n\n<p>El Premio Braztoa de Sostenibilidad es el principal reconocimiento en turismo sostenible en Brasil \u2013 con el objetivo de incentivar, reconocer y dar visibilidad a las iniciativas que se destaquen como las mejores pr\u00e1cticas de sostenibilidad en toda la cadena del turismo nacional, contribuyendo con la Agenda 2030 para el Desarrollo Sostenible en Brasil.<\/p>\n\n\n\n<p>El municipio de S\u00e3o Sebasti\u00e3o fue el ganador de la 11\u00aa edici\u00f3n del Premio Braztoa de Sostenibilidad 2023\/24, de la Asociaci\u00f3n Brasile\u00f1a de Operadoras de Turismo, con la iniciativa \u2018Avistamiento de Ballenas en S\u00e3o Sebasti\u00e3o\u2019.<\/p>\n\n\n\n<p>El Premio Braztoa de Sostenibilidad es el principal reconocimiento en turismo sostenible en Brasil \u2013 con el objetivo de incentivar, reconocer y dar visibilidad a las iniciativas que se destaquen como las mejores pr\u00e1cticas de sostenibilidad en toda la cadena del turismo nacional, contribuyendo con la Agenda 2030 para el Desarrollo Sostenible en Brasil.<\/p>\n","protected":false},"excerpt":{"rendered":"<p>La temporada de avistamiento de las majestuosas ballenas jorobadas en S\u00e3o Sebasti\u00e3o, en el Litoral Norte de S\u00e3o Paulo, Brasil, ha sido todo un \u00e9xito. Atrae a un n\u00famero creciente de turistas e investigadores interesados en contemplar este espect\u00e1culo de la naturaleza. Cada a\u00f1o, las ballenas jorobadas migran hacia la costa brasile\u00f1a en busca de [&hellip;]<\/p>\n","protected":false},"author":3,"featured_media":4538,"comment_status":"open","ping_status":"open","sticky":false,"template":"","format":"standard","meta":{"_acf_changed":false,"footnotes":""},"categories":[9,12],"tags":[1091,73,747,1093,125,1090,746,252,1092],"class_list":{"0":"post-4527","1":"post","2":"type-post","3":"status-publish","4":"format-standard","5":"has-post-thumbnail","7":"category-mundo","8":"category-novedades","9":"tag-ballenas-jorobadas","10":"tag-brasil","11":"tag-litoral-paulista","12":"tag-proyecto-ballena-a-la-vista","13":"tag-san-sebastian","14":"tag-sao-paulo","15":"tag-sao-sebastiao","16":"tag-turismo","17":"tag-turismo-responsable-y-sostenible"},"acf":[],"yoast_head":"<!-- This site is optimized with the Yoast SEO plugin v24.8.1 - https:\/\/yoast.com\/wordpress\/plugins\/seo\/ -->\n<title>Crece el avistaje de ballenas jorobadas en S\u00e3o Sebasti\u00e3o -<\/title>\n<meta name=\"description\" content=\"En 2025 ya se han avistado 377 ballenas. En comparaci\u00f3n, hasta el 30 de junio de 2024, se hab\u00edan avistado 252 jorobadas\" \/>\n<meta name=\"robots\" content=\"index, follow, max-snippet:-1, max-image-preview:large, max-video-preview:-1\" \/>\n<link rel=\"canonical\" href=\"https:\/\/modoviajeok.com.ar\/index.php\/2025\/07\/04\/temporada-de-paso-de-ballenas-jorobadas-impulsa-el-turismo-en-sao-sebastiao-brasil\/\" \/>\n<meta property=\"og:locale\" content=\"es_ES\" \/>\n<meta property=\"og:type\" content=\"article\" \/>\n<meta property=\"og:title\" content=\"Crece el avistaje de ballenas jorobadas en S\u00e3o Sebasti\u00e3o -\" \/>\n<meta property=\"og:description\" content=\"En 2025 ya se han avistado 377 ballenas. En comparaci\u00f3n, hasta el 30 de junio de 2024, se hab\u00edan avistado 252 jorobadas\" \/>\n<meta property=\"og:url\" content=\"https:\/\/modoviajeok.com.ar\/index.php\/2025\/07\/04\/temporada-de-paso-de-ballenas-jorobadas-impulsa-el-turismo-en-sao-sebastiao-brasil\/\" \/>\n<meta property=\"article:publisher\" content=\"https:\/\/www.facebook.com\/mariana.otero1\/\" \/>\n<meta property=\"article:published_time\" content=\"2025-07-04T12:00:42+00:00\" \/>\n<meta property=\"article:modified_time\" content=\"2025-09-18T23:12:08+00:00\" \/>\n<meta property=\"og:image\" content=\"https:\/\/modoviajeok.com.ar\/wp-content\/uploads\/2025\/07\/Baleia-foto-Jorge-Mesquita-scaled.jpg\" \/>\n\t<meta property=\"og:image:width\" content=\"2560\" \/>\n\t<meta property=\"og:image:height\" content=\"1707\" \/>\n\t<meta property=\"og:image:type\" content=\"image\/jpeg\" \/>\n<meta name=\"author\" content=\"Pepe Segura\" \/>\n<meta name=\"twitter:card\" content=\"summary_large_image\" \/>\n<meta name=\"twitter:label1\" content=\"Escrito por\" \/>\n\t<meta name=\"twitter:data1\" content=\"Pepe Segura\" \/>\n\t<meta name=\"twitter:label2\" content=\"Tiempo de lectura\" \/>\n\t<meta name=\"twitter:data2\" content=\"6 minutos\" \/>\n<script type=\"application\/ld+json\" class=\"yoast-schema-graph\">{\"@context\":\"https:\/\/schema.org\",\"@graph\":[{\"@type\":\"Article\",\"@id\":\"https:\/\/modoviajeok.com.ar\/index.php\/2025\/07\/04\/temporada-de-paso-de-ballenas-jorobadas-impulsa-el-turismo-en-sao-sebastiao-brasil\/#article\",\"isPartOf\":{\"@id\":\"https:\/\/modoviajeok.com.ar\/index.php\/2025\/07\/04\/temporada-de-paso-de-ballenas-jorobadas-impulsa-el-turismo-en-sao-sebastiao-brasil\/\"},\"author\":{\"name\":\"Pepe Segura\",\"@id\":\"https:\/\/modoviajeok.com.ar\/#\/schema\/person\/2e299ed0d3d412a01d244fe28260d7f5\"},\"headline\":\"Crece el avistaje de ballenas jorobadas en S\u00e3o Sebasti\u00e3o\",\"datePublished\":\"2025-07-04T12:00:42+00:00\",\"dateModified\":\"2025-09-18T23:12:08+00:00\",\"mainEntityOfPage\":{\"@id\":\"https:\/\/modoviajeok.com.ar\/index.php\/2025\/07\/04\/temporada-de-paso-de-ballenas-jorobadas-impulsa-el-turismo-en-sao-sebastiao-brasil\/\"},\"wordCount\":1243,\"commentCount\":0,\"publisher\":{\"@id\":\"https:\/\/modoviajeok.com.ar\/#organization\"},\"image\":{\"@id\":\"https:\/\/modoviajeok.com.ar\/index.php\/2025\/07\/04\/temporada-de-paso-de-ballenas-jorobadas-impulsa-el-turismo-en-sao-sebastiao-brasil\/#primaryimage\"},\"thumbnailUrl\":\"https:\/\/modoviajeok.com.ar\/wp-content\/uploads\/2025\/07\/Baleia-foto-Jorge-Mesquita-scaled.jpg\",\"keywords\":[\"ballenas jorobadas\",\"brasil\",\"litoral paulista\",\"proyecto ballena a la vista\",\"san sebastian\",\"sao paulo\",\"sao sebastiao\",\"turismo\",\"turismo responsable y sostenible\"],\"articleSection\":[\"Mundo\",\"Novedades\"],\"inLanguage\":\"es\",\"potentialAction\":[{\"@type\":\"CommentAction\",\"name\":\"Comment\",\"target\":[\"https:\/\/modoviajeok.com.ar\/index.php\/2025\/07\/04\/temporada-de-paso-de-ballenas-jorobadas-impulsa-el-turismo-en-sao-sebastiao-brasil\/#respond\"]}]},{\"@type\":\"WebPage\",\"@id\":\"https:\/\/modoviajeok.com.ar\/index.php\/2025\/07\/04\/temporada-de-paso-de-ballenas-jorobadas-impulsa-el-turismo-en-sao-sebastiao-brasil\/\",\"url\":\"https:\/\/modoviajeok.com.ar\/index.php\/2025\/07\/04\/temporada-de-paso-de-ballenas-jorobadas-impulsa-el-turismo-en-sao-sebastiao-brasil\/\",\"name\":\"Crece el avistaje de ballenas jorobadas en S\u00e3o Sebasti\u00e3o -\",\"isPartOf\":{\"@id\":\"https:\/\/modoviajeok.com.ar\/#website\"},\"primaryImageOfPage\":{\"@id\":\"https:\/\/modoviajeok.com.ar\/index.php\/2025\/07\/04\/temporada-de-paso-de-ballenas-jorobadas-impulsa-el-turismo-en-sao-sebastiao-brasil\/#primaryimage\"},\"image\":{\"@id\":\"https:\/\/modoviajeok.com.ar\/index.php\/2025\/07\/04\/temporada-de-paso-de-ballenas-jorobadas-impulsa-el-turismo-en-sao-sebastiao-brasil\/#primaryimage\"},\"thumbnailUrl\":\"https:\/\/modoviajeok.com.ar\/wp-content\/uploads\/2025\/07\/Baleia-foto-Jorge-Mesquita-scaled.jpg\",\"datePublished\":\"2025-07-04T12:00:42+00:00\",\"dateModified\":\"2025-09-18T23:12:08+00:00\",\"description\":\"En 2025 ya se han avistado 377 ballenas. En comparaci\u00f3n, hasta el 30 de junio de 2024, se hab\u00edan avistado 252 jorobadas\",\"breadcrumb\":{\"@id\":\"https:\/\/modoviajeok.com.ar\/index.php\/2025\/07\/04\/temporada-de-paso-de-ballenas-jorobadas-impulsa-el-turismo-en-sao-sebastiao-brasil\/#breadcrumb\"},\"inLanguage\":\"es\",\"potentialAction\":[{\"@type\":\"ReadAction\",\"target\":[\"https:\/\/modoviajeok.com.ar\/index.php\/2025\/07\/04\/temporada-de-paso-de-ballenas-jorobadas-impulsa-el-turismo-en-sao-sebastiao-brasil\/\"]}]},{\"@type\":\"ImageObject\",\"inLanguage\":\"es\",\"@id\":\"https:\/\/modoviajeok.com.ar\/index.php\/2025\/07\/04\/temporada-de-paso-de-ballenas-jorobadas-impulsa-el-turismo-en-sao-sebastiao-brasil\/#primaryimage\",\"url\":\"https:\/\/modoviajeok.com.ar\/wp-content\/uploads\/2025\/07\/Baleia-foto-Jorge-Mesquita-scaled.jpg\",\"contentUrl\":\"https:\/\/modoviajeok.com.ar\/wp-content\/uploads\/2025\/07\/Baleia-foto-Jorge-Mesquita-scaled.jpg\",\"width\":2560,\"height\":1707},{\"@type\":\"BreadcrumbList\",\"@id\":\"https:\/\/modoviajeok.com.ar\/index.php\/2025\/07\/04\/temporada-de-paso-de-ballenas-jorobadas-impulsa-el-turismo-en-sao-sebastiao-brasil\/#breadcrumb\",\"itemListElement\":[{\"@type\":\"ListItem\",\"position\":1,\"name\":\"Portada\",\"item\":\"https:\/\/modoviajeok.com.ar\/\"},{\"@type\":\"ListItem\",\"position\":2,\"name\":\"Crece el avistaje de ballenas jorobadas en S\u00e3o Sebasti\u00e3o\"}]},{\"@type\":\"WebSite\",\"@id\":\"https:\/\/modoviajeok.com.ar\/#website\",\"url\":\"https:\/\/modoviajeok.com.ar\/\",\"name\":\"ModoViajeOK\",\"description\":\"\",\"publisher\":{\"@id\":\"https:\/\/modoviajeok.com.ar\/#organization\"},\"potentialAction\":[{\"@type\":\"SearchAction\",\"target\":{\"@type\":\"EntryPoint\",\"urlTemplate\":\"https:\/\/modoviajeok.com.ar\/?s={search_term_string}\"},\"query-input\":{\"@type\":\"PropertyValueSpecification\",\"valueRequired\":true,\"valueName\":\"search_term_string\"}}],\"inLanguage\":\"es\"},{\"@type\":\"Organization\",\"@id\":\"https:\/\/modoviajeok.com.ar\/#organization\",\"name\":\"ModoViajeOK\",\"url\":\"https:\/\/modoviajeok.com.ar\/\",\"logo\":{\"@type\":\"ImageObject\",\"inLanguage\":\"es\",\"@id\":\"https:\/\/modoviajeok.com.ar\/#\/schema\/logo\/image\/\",\"url\":\"https:\/\/modoviajeok.com.ar\/wp-content\/uploads\/2025\/01\/Logo-modoviajeok.png\",\"contentUrl\":\"https:\/\/modoviajeok.com.ar\/wp-content\/uploads\/2025\/01\/Logo-modoviajeok.png\",\"width\":2938,\"height\":2276,\"caption\":\"ModoViajeOK\"},\"image\":{\"@id\":\"https:\/\/modoviajeok.com.ar\/#\/schema\/logo\/image\/\"},\"sameAs\":[\"https:\/\/www.facebook.com\/mariana.otero1\/\",\"https:\/\/www.instagram.com\/modoviaje.ok\/\"]},{\"@type\":\"Person\",\"@id\":\"https:\/\/modoviajeok.com.ar\/#\/schema\/person\/2e299ed0d3d412a01d244fe28260d7f5\",\"name\":\"Pepe Segura\",\"image\":{\"@type\":\"ImageObject\",\"inLanguage\":\"es\",\"@id\":\"https:\/\/modoviajeok.com.ar\/#\/schema\/person\/image\/\",\"url\":\"https:\/\/secure.gravatar.com\/avatar\/65eb4b34deed761327f5b2c5535b987318ae807900ac46426de7258f5de6d345?s=96&d=mm&r=g\",\"contentUrl\":\"https:\/\/secure.gravatar.com\/avatar\/65eb4b34deed761327f5b2c5535b987318ae807900ac46426de7258f5de6d345?s=96&d=mm&r=g\",\"caption\":\"Pepe Segura\"},\"url\":\"https:\/\/modoviajeok.com.ar\/index.php\/author\/pepe2025\/\"}]}<\/script>\n<!-- \/ Yoast SEO plugin. -->","yoast_head_json":{"title":"Crece el avistaje de ballenas jorobadas en S\u00e3o Sebasti\u00e3o -","description":"En 2025 ya se han avistado 377 ballenas. En comparaci\u00f3n, hasta el 30 de junio de 2024, se hab\u00edan avistado 252 jorobadas","robots":{"index":"index","follow":"follow","max-snippet":"max-snippet:-1","max-image-preview":"max-image-preview:large","max-video-preview":"max-video-preview:-1"},"canonical":"https:\/\/modoviajeok.com.ar\/index.php\/2025\/07\/04\/temporada-de-paso-de-ballenas-jorobadas-impulsa-el-turismo-en-sao-sebastiao-brasil\/","og_locale":"es_ES","og_type":"article","og_title":"Crece el avistaje de ballenas jorobadas en S\u00e3o Sebasti\u00e3o -","og_description":"En 2025 ya se han avistado 377 ballenas. En comparaci\u00f3n, hasta el 30 de junio de 2024, se hab\u00edan avistado 252 jorobadas","og_url":"https:\/\/modoviajeok.com.ar\/index.php\/2025\/07\/04\/temporada-de-paso-de-ballenas-jorobadas-impulsa-el-turismo-en-sao-sebastiao-brasil\/","article_publisher":"https:\/\/www.facebook.com\/mariana.otero1\/","article_published_time":"2025-07-04T12:00:42+00:00","article_modified_time":"2025-09-18T23:12:08+00:00","og_image":[{"width":2560,"height":1707,"url":"https:\/\/modoviajeok.com.ar\/wp-content\/uploads\/2025\/07\/Baleia-foto-Jorge-Mesquita-scaled.jpg","type":"image\/jpeg"}],"author":"Pepe Segura","twitter_card":"summary_large_image","twitter_misc":{"Escrito por":"Pepe Segura","Tiempo de lectura":"6 minutos"},"schema":{"@context":"https:\/\/schema.org","@graph":[{"@type":"Article","@id":"https:\/\/modoviajeok.com.ar\/index.php\/2025\/07\/04\/temporada-de-paso-de-ballenas-jorobadas-impulsa-el-turismo-en-sao-sebastiao-brasil\/#article","isPartOf":{"@id":"https:\/\/modoviajeok.com.ar\/index.php\/2025\/07\/04\/temporada-de-paso-de-ballenas-jorobadas-impulsa-el-turismo-en-sao-sebastiao-brasil\/"},"author":{"name":"Pepe Segura","@id":"https:\/\/modoviajeok.com.ar\/#\/schema\/person\/2e299ed0d3d412a01d244fe28260d7f5"},"headline":"Crece el avistaje de ballenas jorobadas en S\u00e3o Sebasti\u00e3o","datePublished":"2025-07-04T12:00:42+00:00","dateModified":"2025-09-18T23:12:08+00:00","mainEntityOfPage":{"@id":"https:\/\/modoviajeok.com.ar\/index.php\/2025\/07\/04\/temporada-de-paso-de-ballenas-jorobadas-impulsa-el-turismo-en-sao-sebastiao-brasil\/"},"wordCount":1243,"commentCount":0,"publisher":{"@id":"https:\/\/modoviajeok.com.ar\/#organization"},"image":{"@id":"https:\/\/modoviajeok.com.ar\/index.php\/2025\/07\/04\/temporada-de-paso-de-ballenas-jorobadas-impulsa-el-turismo-en-sao-sebastiao-brasil\/#primaryimage"},"thumbnailUrl":"https:\/\/modoviajeok.com.ar\/wp-content\/uploads\/2025\/07\/Baleia-foto-Jorge-Mesquita-scaled.jpg","keywords":["ballenas jorobadas","brasil","litoral paulista","proyecto ballena a la vista","san sebastian","sao paulo","sao sebastiao","turismo","turismo responsable y sostenible"],"articleSection":["Mundo","Novedades"],"inLanguage":"es","potentialAction":[{"@type":"CommentAction","name":"Comment","target":["https:\/\/modoviajeok.com.ar\/index.php\/2025\/07\/04\/temporada-de-paso-de-ballenas-jorobadas-impulsa-el-turismo-en-sao-sebastiao-brasil\/#respond"]}]},{"@type":"WebPage","@id":"https:\/\/modoviajeok.com.ar\/index.php\/2025\/07\/04\/temporada-de-paso-de-ballenas-jorobadas-impulsa-el-turismo-en-sao-sebastiao-brasil\/","url":"https:\/\/modoviajeok.com.ar\/index.php\/2025\/07\/04\/temporada-de-paso-de-ballenas-jorobadas-impulsa-el-turismo-en-sao-sebastiao-brasil\/","name":"Crece el avistaje de ballenas jorobadas en S\u00e3o Sebasti\u00e3o -","isPartOf":{"@id":"https:\/\/modoviajeok.com.ar\/#website"},"primaryImageOfPage":{"@id":"https:\/\/modoviajeok.com.ar\/index.php\/2025\/07\/04\/temporada-de-paso-de-ballenas-jorobadas-impulsa-el-turismo-en-sao-sebastiao-brasil\/#primaryimage"},"image":{"@id":"https:\/\/modoviajeok.com.ar\/index.php\/2025\/07\/04\/temporada-de-paso-de-ballenas-jorobadas-impulsa-el-turismo-en-sao-sebastiao-brasil\/#primaryimage"},"thumbnailUrl":"https:\/\/modoviajeok.com.ar\/wp-content\/uploads\/2025\/07\/Baleia-foto-Jorge-Mesquita-scaled.jpg","datePublished":"2025-07-04T12:00:42+00:00","dateModified":"2025-09-18T23:12:08+00:00","description":"En 2025 ya se han avistado 377 ballenas. En comparaci\u00f3n, hasta el 30 de junio de 2024, se hab\u00edan avistado 252 jorobadas","breadcrumb":{"@id":"https:\/\/modoviajeok.com.ar\/index.php\/2025\/07\/04\/temporada-de-paso-de-ballenas-jorobadas-impulsa-el-turismo-en-sao-sebastiao-brasil\/#breadcrumb"},"inLanguage":"es","potentialAction":[{"@type":"ReadAction","target":["https:\/\/modoviajeok.com.ar\/index.php\/2025\/07\/04\/temporada-de-paso-de-ballenas-jorobadas-impulsa-el-turismo-en-sao-sebastiao-brasil\/"]}]},{"@type":"ImageObject","inLanguage":"es","@id":"https:\/\/modoviajeok.com.ar\/index.php\/2025\/07\/04\/temporada-de-paso-de-ballenas-jorobadas-impulsa-el-turismo-en-sao-sebastiao-brasil\/#primaryimage","url":"https:\/\/modoviajeok.com.ar\/wp-content\/uploads\/2025\/07\/Baleia-foto-Jorge-Mesquita-scaled.jpg","contentUrl":"https:\/\/modoviajeok.com.ar\/wp-content\/uploads\/2025\/07\/Baleia-foto-Jorge-Mesquita-scaled.jpg","width":2560,"height":1707},{"@type":"BreadcrumbList","@id":"https:\/\/modoviajeok.com.ar\/index.php\/2025\/07\/04\/temporada-de-paso-de-ballenas-jorobadas-impulsa-el-turismo-en-sao-sebastiao-brasil\/#breadcrumb","itemListElement":[{"@type":"ListItem","position":1,"name":"Portada","item":"https:\/\/modoviajeok.com.ar\/"},{"@type":"ListItem","position":2,"name":"Crece el avistaje de ballenas jorobadas en S\u00e3o Sebasti\u00e3o"}]},{"@type":"WebSite","@id":"https:\/\/modoviajeok.com.ar\/#website","url":"https:\/\/modoviajeok.com.ar\/","name":"ModoViajeOK","description":"","publisher":{"@id":"https:\/\/modoviajeok.com.ar\/#organization"},"potentialAction":[{"@type":"SearchAction","target":{"@type":"EntryPoint","urlTemplate":"https:\/\/modoviajeok.com.ar\/?s={search_term_string}"},"query-input":{"@type":"PropertyValueSpecification","valueRequired":true,"valueName":"search_term_string"}}],"inLanguage":"es"},{"@type":"Organization","@id":"https:\/\/modoviajeok.com.ar\/#organization","name":"ModoViajeOK","url":"https:\/\/modoviajeok.com.ar\/","logo":{"@type":"ImageObject","inLanguage":"es","@id":"https:\/\/modoviajeok.com.ar\/#\/schema\/logo\/image\/","url":"https:\/\/modoviajeok.com.ar\/wp-content\/uploads\/2025\/01\/Logo-modoviajeok.png","contentUrl":"https:\/\/modoviajeok.com.ar\/wp-content\/uploads\/2025\/01\/Logo-modoviajeok.png","width":2938,"height":2276,"caption":"ModoViajeOK"},"image":{"@id":"https:\/\/modoviajeok.com.ar\/#\/schema\/logo\/image\/"},"sameAs":["https:\/\/www.facebook.com\/mariana.otero1\/","https:\/\/www.instagram.com\/modoviaje.ok\/"]},{"@type":"Person","@id":"https:\/\/modoviajeok.com.ar\/#\/schema\/person\/2e299ed0d3d412a01d244fe28260d7f5","name":"Pepe Segura","image":{"@type":"ImageObject","inLanguage":"es","@id":"https:\/\/modoviajeok.com.ar\/#\/schema\/person\/image\/","url":"https:\/\/secure.gravatar.com\/avatar\/65eb4b34deed761327f5b2c5535b987318ae807900ac46426de7258f5de6d345?s=96&d=mm&r=g","contentUrl":"https:\/\/secure.gravatar.com\/avatar\/65eb4b34deed761327f5b2c5535b987318ae807900ac46426de7258f5de6d345?s=96&d=mm&r=g","caption":"Pepe Segura"},"url":"https:\/\/modoviajeok.com.ar\/index.php\/author\/pepe2025\/"}]}},"_links":{"self":[{"href":"https:\/\/modoviajeok.com.ar\/index.php\/wp-json\/wp\/v2\/posts\/4527","targetHints":{"allow":["GET"]}}],"collection":[{"href":"https:\/\/modoviajeok.com.ar\/index.php\/wp-json\/wp\/v2\/posts"}],"about":[{"href":"https:\/\/modoviajeok.com.ar\/index.php\/wp-json\/wp\/v2\/types\/post"}],"author":[{"embeddable":true,"href":"https:\/\/modoviajeok.com.ar\/index.php\/wp-json\/wp\/v2\/users\/3"}],"replies":[{"embeddable":true,"href":"https:\/\/modoviajeok.com.ar\/index.php\/wp-json\/wp\/v2\/comments?post=4527"}],"version-history":[{"count":4,"href":"https:\/\/modoviajeok.com.ar\/index.php\/wp-json\/wp\/v2\/posts\/4527\/revisions"}],"predecessor-version":[{"id":4569,"href":"https:\/\/modoviajeok.com.ar\/index.php\/wp-json\/wp\/v2\/posts\/4527\/revisions\/4569"}],"wp:featuredmedia":[{"embeddable":true,"href":"https:\/\/modoviajeok.com.ar\/index.php\/wp-json\/wp\/v2\/media\/4538"}],"wp:attachment":[{"href":"https:\/\/modoviajeok.com.ar\/index.php\/wp-json\/wp\/v2\/media?parent=4527"}],"wp:term":[{"taxonomy":"category","embeddable":true,"href":"https:\/\/modoviajeok.com.ar\/index.php\/wp-json\/wp\/v2\/categories?post=4527"},{"taxonomy":"post_tag","embeddable":true,"href":"https:\/\/modoviajeok.com.ar\/index.php\/wp-json\/wp\/v2\/tags?post=4527"}],"curies":[{"name":"wp","href":"https:\/\/api.w.org\/{rel}","templated":true}]}}