{"id":4548,"date":"2025-07-05T09:00:02","date_gmt":"2025-07-05T12:00:02","guid":{"rendered":"https:\/\/modoviajeok.com.ar\/?p=4548"},"modified":"2025-07-06T14:47:12","modified_gmt":"2025-07-06T17:47:12","slug":"temporada-de-passagem-de-baleias-jubarte-impulsiona-turismo-de-sao-sebastiao","status":"publish","type":"post","link":"https:\/\/modoviajeok.com.ar\/index.php\/2025\/07\/05\/temporada-de-passagem-de-baleias-jubarte-impulsiona-turismo-de-sao-sebastiao\/","title":{"rendered":"Temporada de passagem de baleias-jubarte  impulsiona turismo de S\u00e3o Sebasti\u00e3o"},"content":{"rendered":"\n<figure class=\"wp-block-pullquote\"><blockquote><p>A temporada de avistamento das majestosas baleias-jubarte em S\u00e3o Sebasti\u00e3o, no Litoral Norte de S\u00e3o Paulo, Brasil, tem sido um verdadeiro sucesso, atraindo um n\u00famero crescente de turistas e pesquisadores interessados em contemplar esse espet\u00e1culo da natureza.<\/p><\/blockquote><\/figure>\n\n\n\n<p><\/p>\n\n\n\n<figure class=\"wp-block-image size-full\"><img loading=\"lazy\" decoding=\"async\" width=\"1706\" height=\"2560\" src=\"https:\/\/modoviajeok.com.ar\/wp-content\/uploads\/2025\/07\/Baleia-jubarte-foto-rafael-mesquita-scaled.jpg\" alt=\"\" class=\"wp-image-4539\" srcset=\"https:\/\/modoviajeok.com.ar\/wp-content\/uploads\/2025\/07\/Baleia-jubarte-foto-rafael-mesquita-scaled.jpg 1706w, https:\/\/modoviajeok.com.ar\/wp-content\/uploads\/2025\/07\/Baleia-jubarte-foto-rafael-mesquita-768x1152.jpg 768w, https:\/\/modoviajeok.com.ar\/wp-content\/uploads\/2025\/07\/Baleia-jubarte-foto-rafael-mesquita-1024x1536.jpg 1024w, https:\/\/modoviajeok.com.ar\/wp-content\/uploads\/2025\/07\/Baleia-jubarte-foto-rafael-mesquita-1365x2048.jpg 1365w, https:\/\/modoviajeok.com.ar\/wp-content\/uploads\/2025\/07\/Baleia-jubarte-foto-rafael-mesquita-280x420.jpg 280w, https:\/\/modoviajeok.com.ar\/wp-content\/uploads\/2025\/07\/Baleia-jubarte-foto-rafael-mesquita-150x225.jpg 150w, https:\/\/modoviajeok.com.ar\/wp-content\/uploads\/2025\/07\/Baleia-jubarte-foto-rafael-mesquita-300x450.jpg 300w, https:\/\/modoviajeok.com.ar\/wp-content\/uploads\/2025\/07\/Baleia-jubarte-foto-rafael-mesquita-696x1044.jpg 696w, https:\/\/modoviajeok.com.ar\/wp-content\/uploads\/2025\/07\/Baleia-jubarte-foto-rafael-mesquita-1068x1602.jpg 1068w, https:\/\/modoviajeok.com.ar\/wp-content\/uploads\/2025\/07\/Baleia-jubarte-foto-rafael-mesquita-1920x2881.jpg 1920w\" sizes=\"auto, (max-width: 1706px) 100vw, 1706px\" \/><\/figure>\n\n\n\n<p>A cada ano, as jubartes migram para a costa brasileira em busca de \u00e1guas mais quentes e rasas para acasalar e dar \u00e0 luz aos seus filhotes. Desde o in\u00edcio da temporada de 2025, j\u00e1 foram avistadas 377 baleias. Para compara\u00e7\u00e3o, at\u00e9 o dia 30 de junho de 2024, haviam sido avistadas 252 jubartes \u2014 o que indica que a temporada deste ano est\u00e1 mais forte, de acordo com dados do Projeto Baleia \u00e0 Vista. &nbsp;<\/p>\n\n\n\n<p>A temporada de avistamento das gigantes do mar em S\u00e3o Sebasti\u00e3o ocorre de maio a agosto, mas em anos anteriores as primeiras baleias foram avistadas j\u00e1 em abril. De acordo com J\u00falio Cardoso, fundador do projeto Baleia \u00e0 Vista, o pico da temporada ocorre nos meses de junho e julho. \u00abNo ano passado, registramos quase 600 baleias na regi\u00e3o de S\u00e3o Sebasti\u00e3o. Algumas delas permaneceram na regi\u00e3o por per\u00edodos longos, foram identificadas e batizadas, como a Melina que ficou cerca de 90 dias, e a Jojo que permaneceu por 48 dias, tornando o turismo de avistamento ainda mais especial\u00bb, explica.<\/p>\n\n\n\n<p>\u201cEm 2024, mais de 12 mil pessoas participaram de passeios de observa\u00e7\u00e3o na regi\u00e3o, n\u00famero que dobrou em rela\u00e7\u00e3o a 2023, quando cerca de 6 mil turistas tiveram a oportunidade de ver as baleias na nossa regi\u00e3o de S\u00e3o Sebasti\u00e3o.\u201d, ressalta J\u00falio.<\/p>\n\n\n\n<p>A atividade, al\u00e9m de impulsionar o crescimento econ\u00f4mico local durante o per\u00edodo de baixa temporada no Litoral Norte, desempenha um papel essencial na pesquisa e conserva\u00e7\u00e3o da esp\u00e9cie. Com um ticket m\u00e9dio de R$ 350, os passeios geraram uma receita superior a R$ 4 milh\u00f5es apenas para as operadoras, sem contar o impacto positivo para restaurantes, hot\u00e9is e outros setores do turismo local.<\/p>\n\n\n\n<p>Outro aspecto importante do turismo de observa\u00e7\u00e3o \u00e9 a contribui\u00e7\u00e3o para a fotoidentifica\u00e7\u00e3o das baleias. Atualmente, o Projeto Baleia \u00e0 Vista tem 682 jubartes identificadas na regi\u00e3o, no cat\u00e1logo internacional Happywhale. Destas, aproximadamente 100 foram reavistadas, e 30 retornaram para nossa \u00e1rea, refor\u00e7ando a import\u00e2ncia desse monitoramento.<\/p>\n\n\n\n<p>Esta informa\u00e7\u00e3o s\u00f3 foi poss\u00edvel devido ao trabalho de pesquisadores e ao engajamento do p\u00fablico que participa das expedi\u00e7\u00f5es de avistamento. \u00abEsperamos que as baleias que j\u00e1 conhecemos e identificamos retornem este ano. Continuaremos nosso trabalho de fotoidentifica\u00e7\u00e3o e educa\u00e7\u00e3o ambiental, incentivando a conscientiza\u00e7\u00e3o sobre a import\u00e2ncia da preserva\u00e7\u00e3o desses animais\u00bb, destaca J\u00falio Cardoso.<\/p>\n\n\n\n<p>Com uma estrutura cada vez mais preparada para receber turistas e pesquisadores, S\u00e3o Sebasti\u00e3o se consolida como um dos principais destinos de turismo de avistamento de baleias no Brasil.<\/p>\n\n\n\n<figure class=\"wp-block-image size-full\"><img loading=\"lazy\" decoding=\"async\" width=\"2560\" height=\"1707\" src=\"https:\/\/modoviajeok.com.ar\/wp-content\/uploads\/2025\/07\/Baleia-foto-Jorge-Mesquita-scaled.jpg\" alt=\"\" class=\"wp-image-4538\" srcset=\"https:\/\/modoviajeok.com.ar\/wp-content\/uploads\/2025\/07\/Baleia-foto-Jorge-Mesquita-scaled.jpg 2560w, https:\/\/modoviajeok.com.ar\/wp-content\/uploads\/2025\/07\/Baleia-foto-Jorge-Mesquita-768x512.jpg 768w, https:\/\/modoviajeok.com.ar\/wp-content\/uploads\/2025\/07\/Baleia-foto-Jorge-Mesquita-1536x1024.jpg 1536w, https:\/\/modoviajeok.com.ar\/wp-content\/uploads\/2025\/07\/Baleia-foto-Jorge-Mesquita-2048x1365.jpg 2048w, https:\/\/modoviajeok.com.ar\/wp-content\/uploads\/2025\/07\/Baleia-foto-Jorge-Mesquita-630x420.jpg 630w, https:\/\/modoviajeok.com.ar\/wp-content\/uploads\/2025\/07\/Baleia-foto-Jorge-Mesquita-150x100.jpg 150w, https:\/\/modoviajeok.com.ar\/wp-content\/uploads\/2025\/07\/Baleia-foto-Jorge-Mesquita-300x200.jpg 300w, https:\/\/modoviajeok.com.ar\/wp-content\/uploads\/2025\/07\/Baleia-foto-Jorge-Mesquita-696x464.jpg 696w, https:\/\/modoviajeok.com.ar\/wp-content\/uploads\/2025\/07\/Baleia-foto-Jorge-Mesquita-1068x712.jpg 1068w, https:\/\/modoviajeok.com.ar\/wp-content\/uploads\/2025\/07\/Baleia-foto-Jorge-Mesquita-1920x1280.jpg 1920w\" sizes=\"auto, (max-width: 2560px) 100vw, 2560px\" \/><\/figure>\n\n\n\n<p>\u201cEstamos falando de um espet\u00e1culo da natureza que encanta e emociona a todos que t\u00eam a oportunidade de presenciar. Esse segmento do turismo vem ganhando cada vez mais destaque e seguimos firmes no prop\u00f3sito de promover um turismo sustent\u00e1vel, que respeita o meio ambiente e fortalece nossa identidade como um destino de refer\u00eancia.\u201d destaca o secret\u00e1rio de turismo de S\u00e3o Sebasti\u00e3o, Leandro Pereira.<\/p>\n\n\n\n<p>Para mais informa\u00e7\u00f5es sobre passeios voltados \u00e0 avistagem de cet\u00e1ceos, os interessados podem contatar o Centro de Informa\u00e7\u00f5es Tur\u00edsticas (CIT): (12) 3892-2206 ou acessar o site&nbsp;<a href=\"https:\/\/www.turismosaosebastiao.com.br\/o-que-fazer\/observacao-de-baleias\" target=\"_blank\" rel=\"noreferrer noopener\">www.turismosaosebastiao.com.br\/o-que-fazer\/observacao-de-baleias<\/a>.<\/p>\n\n\n\n<p>\u200cAs normas de avistagem tamb\u00e9m est\u00e3o dispon\u00edveis no site&nbsp;<a href=\"http:\/\/www.projetobaleiaavista.com.br\/\">www.projetobaleiaavista.com.br\/<\/a>.<\/p>\n\n\n\n<figure class=\"wp-block-image size-full\"><img loading=\"lazy\" decoding=\"async\" width=\"2560\" height=\"1152\" src=\"https:\/\/modoviajeok.com.ar\/wp-content\/uploads\/2025\/07\/20240313_173254.jpg\" alt=\"\" class=\"wp-image-4543\" srcset=\"https:\/\/modoviajeok.com.ar\/wp-content\/uploads\/2025\/07\/20240313_173254.jpg 2560w, https:\/\/modoviajeok.com.ar\/wp-content\/uploads\/2025\/07\/20240313_173254-768x346.jpg 768w, https:\/\/modoviajeok.com.ar\/wp-content\/uploads\/2025\/07\/20240313_173254-1536x691.jpg 1536w, https:\/\/modoviajeok.com.ar\/wp-content\/uploads\/2025\/07\/20240313_173254-2048x922.jpg 2048w, https:\/\/modoviajeok.com.ar\/wp-content\/uploads\/2025\/07\/20240313_173254-933x420.jpg 933w, https:\/\/modoviajeok.com.ar\/wp-content\/uploads\/2025\/07\/20240313_173254-150x68.jpg 150w, https:\/\/modoviajeok.com.ar\/wp-content\/uploads\/2025\/07\/20240313_173254-300x135.jpg 300w, https:\/\/modoviajeok.com.ar\/wp-content\/uploads\/2025\/07\/20240313_173254-696x313.jpg 696w, https:\/\/modoviajeok.com.ar\/wp-content\/uploads\/2025\/07\/20240313_173254-1068x481.jpg 1068w, https:\/\/modoviajeok.com.ar\/wp-content\/uploads\/2025\/07\/20240313_173254-1920x864.jpg 1920w\" sizes=\"auto, (max-width: 2560px) 100vw, 2560px\" \/><\/figure>\n\n\n\n<p><br><strong>Turismo respons\u00e1vel e sustent\u00e1vel<\/strong><\/p>\n\n\n\n<p>O Turismo de Avistamento Respons\u00e1vel de Baleias em S\u00e3o Sebasti\u00e3o promove a conserva\u00e7\u00e3o marinha e o turismo sustent\u00e1vel, com pr\u00e1ticas respons\u00e1veis, educa\u00e7\u00e3o ambiental e parcerias, reduzindo impactos ambientais. \u00c9 uma iniciativa que protege a biodiversidade, cultiva cultura de conserva\u00e7\u00e3o e fortalece a economia.<\/p>\n\n\n\n<p>Vale ressaltar que a Prefeitura de S\u00e3o Sebasti\u00e3o, por meio da Secretaria de Turismo (Setur), realiza campanhas para promo\u00e7\u00e3o do turismo respons\u00e1vel de avistagem de baleias no munic\u00edpio, como a\u00e7\u00f5es no mar, juntamente com a Defesa Civil e o Projeto Baleia Jubarte, considerado o mais importante instituto de preserva\u00e7\u00e3o e conserva\u00e7\u00e3o de cet\u00e1ceos do Brasil reconhecido internacionalmente, al\u00e9m da parceria com o Projeto Baleia \u00e0 Vista e o Instituto Argonauta, promovendo abordagens e entregando folhetos com as normas de avistagem.<\/p>\n\n\n\n<p>S\u00e3o oferecidas Oficinas de Boas Pr\u00e1ticas para Observa\u00e7\u00e3o de Baleias Jubarte e Outros Cet\u00e1ceos, com o objetivo de capacitar, gratuitamente, ag\u00eancias, operadores de turismo e marinas que atuam no segmento n\u00e1utico da regi\u00e3o, visando a conserva\u00e7\u00e3o e prote\u00e7\u00e3o dos cet\u00e1ceos por meio da educa\u00e7\u00e3o e sensibiliza\u00e7\u00e3o dos participantes.<\/p>\n\n\n\n<p>Os participantes que possuem embarca\u00e7\u00f5es credenciadas para transporte de passageiros recebem o Selo do Programa Avistamento Respons\u00e1vel. Desenvolvido pela pr\u00f3pria Setur, o selo \u00e9 um reconhecimento oficial destinado aos profissionais do turismo de avistamento que participaram da oficina, destacando seu compromisso com pr\u00e1ticas respons\u00e1veis e sustent\u00e1veis.<\/p>\n\n\n\n<p>No munic\u00edpio, h\u00e1 tamb\u00e9m o Espa\u00e7o Vida Marinha, uma iniciativa em parceria entre a Prefeitura de S\u00e3o Sebasti\u00e3o e diversas entidades de conserva\u00e7\u00e3o, como o Instituto Baleia Jubarte, o Projeto Baleia \u00e0 Vista, o Instituto Argonauta e o Instituto Chico Mendes de Conserva\u00e7\u00e3o da Biodiversidade (ICMBio \u2013 Alcatrazes). O local promove a educa\u00e7\u00e3o ambiental, oferecendo informa\u00e7\u00f5es sobre passeios de observa\u00e7\u00e3o de cet\u00e1ceos no Canal de S\u00e3o Sebasti\u00e3o e no Arquip\u00e9lago de Alcatrazes. Al\u00e9m disso, conta com exposi\u00e7\u00f5es fotogr\u00e1ficas, ossadas de golfinhos e v\u00e9rtebras de baleias-jubarte, proporcionando uma experi\u00eancia imersiva sobre a vida marinha da regi\u00e3o.<\/p>\n\n\n\n<figure class=\"wp-block-image size-full\"><img loading=\"lazy\" decoding=\"async\" width=\"1440\" height=\"1080\" src=\"https:\/\/modoviajeok.com.ar\/wp-content\/uploads\/2025\/07\/DSCN0188.jpg\" alt=\"\" class=\"wp-image-4544\" srcset=\"https:\/\/modoviajeok.com.ar\/wp-content\/uploads\/2025\/07\/DSCN0188.jpg 1440w, https:\/\/modoviajeok.com.ar\/wp-content\/uploads\/2025\/07\/DSCN0188-768x576.jpg 768w, https:\/\/modoviajeok.com.ar\/wp-content\/uploads\/2025\/07\/DSCN0188-560x420.jpg 560w, https:\/\/modoviajeok.com.ar\/wp-content\/uploads\/2025\/07\/DSCN0188-80x60.jpg 80w, https:\/\/modoviajeok.com.ar\/wp-content\/uploads\/2025\/07\/DSCN0188-150x113.jpg 150w, https:\/\/modoviajeok.com.ar\/wp-content\/uploads\/2025\/07\/DSCN0188-300x225.jpg 300w, https:\/\/modoviajeok.com.ar\/wp-content\/uploads\/2025\/07\/DSCN0188-696x522.jpg 696w, https:\/\/modoviajeok.com.ar\/wp-content\/uploads\/2025\/07\/DSCN0188-1068x801.jpg 1068w, https:\/\/modoviajeok.com.ar\/wp-content\/uploads\/2025\/07\/DSCN0188-265x198.jpg 265w\" sizes=\"auto, (max-width: 1440px) 100vw, 1440px\" \/><\/figure>\n\n\n\n<p><strong>Turismo reconhecido nacionalmente<\/strong><\/p>\n\n\n\n<p>O munic\u00edpio de S\u00e3o Sebasti\u00e3o foi vencedor da 11\u00aa edi\u00e7\u00e3o do Pr\u00eamio Braztoa de Sustentabilidade 2023\/24, da Associa\u00e7\u00e3o Brasileira das Operadoras de Turismo, com a iniciativa \u2018Avistamento de Baleias em S\u00e3o Sebasti\u00e3o\u2019.<\/p>\n\n\n\n<p>O Pr\u00eamio Braztoa de Sustentabilidade \u00e9 o principal reconhecimento em turismo sustent\u00e1vel no Brasil \u2013 tendo como objetivo incentivar, reconhecer e dar visibilidade \u00e0s iniciativas que se destaquem como as melhores pr\u00e1ticas de sustentabilidade em toda a cadeia do turismo nacional, contribuindo com a Agenda 2030 para o Desenvolvimento Sustent\u00e1vel no Brasil.<\/p>\n","protected":false},"excerpt":{"rendered":"<p>A temporada de avistamento das majestosas baleias-jubarte em S\u00e3o Sebasti\u00e3o, no Litoral Norte de S\u00e3o Paulo, Brasil, tem sido um verdadeiro sucesso, atraindo um n\u00famero crescente de turistas e pesquisadores interessados em contemplar esse espet\u00e1culo da natureza. A cada ano, as jubartes migram para a costa brasileira em busca de \u00e1guas mais quentes e rasas [&hellip;]<\/p>\n","protected":false},"author":3,"featured_media":4531,"comment_status":"open","ping_status":"open","sticky":false,"template":"","format":"standard","meta":{"_acf_changed":false,"footnotes":""},"categories":[9,12],"tags":[1095,1096,73,1090,1089],"class_list":{"0":"post-4548","1":"post","2":"type-post","3":"status-publish","4":"format-standard","5":"has-post-thumbnail","7":"category-mundo","8":"category-novedades","9":"tag-baleia-a-vista","10":"tag-baleias-jubarte","11":"tag-brasil","12":"tag-sao-paulo","13":"tag-sao-sebastian"},"acf":[],"yoast_head":"<!-- This site is optimized with the Yoast SEO plugin v24.8.1 - https:\/\/yoast.com\/wordpress\/plugins\/seo\/ -->\n<title>Temporada de passagem de baleias-jubarte impulsiona turismo de S\u00e3o Sebasti\u00e3o -<\/title>\n<meta name=\"robots\" content=\"index, follow, max-snippet:-1, max-image-preview:large, max-video-preview:-1\" \/>\n<link rel=\"canonical\" href=\"https:\/\/modoviajeok.com.ar\/index.php\/2025\/07\/05\/temporada-de-passagem-de-baleias-jubarte-impulsiona-turismo-de-sao-sebastiao\/\" \/>\n<meta property=\"og:locale\" content=\"es_ES\" \/>\n<meta property=\"og:type\" content=\"article\" \/>\n<meta property=\"og:title\" content=\"Temporada de passagem de baleias-jubarte impulsiona turismo de S\u00e3o Sebasti\u00e3o -\" \/>\n<meta property=\"og:description\" content=\"A temporada de avistamento das majestosas baleias-jubarte em S\u00e3o Sebasti\u00e3o, no Litoral Norte de S\u00e3o Paulo, Brasil, tem sido um verdadeiro sucesso, atraindo um n\u00famero crescente de turistas e pesquisadores interessados em contemplar esse espet\u00e1culo da natureza. A cada ano, as jubartes migram para a costa brasileira em busca de \u00e1guas mais quentes e rasas [&hellip;]\" \/>\n<meta property=\"og:url\" content=\"https:\/\/modoviajeok.com.ar\/index.php\/2025\/07\/05\/temporada-de-passagem-de-baleias-jubarte-impulsiona-turismo-de-sao-sebastiao\/\" \/>\n<meta property=\"article:publisher\" content=\"https:\/\/www.facebook.com\/mariana.otero1\/\" \/>\n<meta property=\"article:published_time\" content=\"2025-07-05T12:00:02+00:00\" \/>\n<meta property=\"article:modified_time\" content=\"2025-07-06T17:47:12+00:00\" \/>\n<meta property=\"og:image\" content=\"https:\/\/modoviajeok.com.ar\/wp-content\/uploads\/2025\/07\/DSCN0170_1-scaled.jpg\" \/>\n\t<meta property=\"og:image:width\" content=\"2560\" \/>\n\t<meta property=\"og:image:height\" content=\"1920\" \/>\n\t<meta property=\"og:image:type\" content=\"image\/jpeg\" \/>\n<meta name=\"author\" content=\"Pepe Segura\" \/>\n<meta name=\"twitter:card\" content=\"summary_large_image\" \/>\n<meta name=\"twitter:label1\" content=\"Escrito por\" \/>\n\t<meta name=\"twitter:data1\" content=\"Pepe Segura\" \/>\n\t<meta name=\"twitter:label2\" content=\"Tiempo de lectura\" \/>\n\t<meta name=\"twitter:data2\" content=\"6 minutos\" \/>\n<script type=\"application\/ld+json\" class=\"yoast-schema-graph\">{\"@context\":\"https:\/\/schema.org\",\"@graph\":[{\"@type\":\"Article\",\"@id\":\"https:\/\/modoviajeok.com.ar\/index.php\/2025\/07\/05\/temporada-de-passagem-de-baleias-jubarte-impulsiona-turismo-de-sao-sebastiao\/#article\",\"isPartOf\":{\"@id\":\"https:\/\/modoviajeok.com.ar\/index.php\/2025\/07\/05\/temporada-de-passagem-de-baleias-jubarte-impulsiona-turismo-de-sao-sebastiao\/\"},\"author\":{\"name\":\"Pepe Segura\",\"@id\":\"https:\/\/modoviajeok.com.ar\/#\/schema\/person\/2e299ed0d3d412a01d244fe28260d7f5\"},\"headline\":\"Temporada de passagem de baleias-jubarte impulsiona turismo de S\u00e3o Sebasti\u00e3o\",\"datePublished\":\"2025-07-05T12:00:02+00:00\",\"dateModified\":\"2025-07-06T17:47:12+00:00\",\"mainEntityOfPage\":{\"@id\":\"https:\/\/modoviajeok.com.ar\/index.php\/2025\/07\/05\/temporada-de-passagem-de-baleias-jubarte-impulsiona-turismo-de-sao-sebastiao\/\"},\"wordCount\":1074,\"commentCount\":0,\"publisher\":{\"@id\":\"https:\/\/modoviajeok.com.ar\/#organization\"},\"image\":{\"@id\":\"https:\/\/modoviajeok.com.ar\/index.php\/2025\/07\/05\/temporada-de-passagem-de-baleias-jubarte-impulsiona-turismo-de-sao-sebastiao\/#primaryimage\"},\"thumbnailUrl\":\"https:\/\/modoviajeok.com.ar\/wp-content\/uploads\/2025\/07\/DSCN0170_1-scaled.jpg\",\"keywords\":[\"baleia a vista\",\"baleias jubarte\",\"brasil\",\"sao paulo\",\"sao sebastian\"],\"articleSection\":[\"Mundo\",\"Novedades\"],\"inLanguage\":\"es\",\"potentialAction\":[{\"@type\":\"CommentAction\",\"name\":\"Comment\",\"target\":[\"https:\/\/modoviajeok.com.ar\/index.php\/2025\/07\/05\/temporada-de-passagem-de-baleias-jubarte-impulsiona-turismo-de-sao-sebastiao\/#respond\"]}]},{\"@type\":\"WebPage\",\"@id\":\"https:\/\/modoviajeok.com.ar\/index.php\/2025\/07\/05\/temporada-de-passagem-de-baleias-jubarte-impulsiona-turismo-de-sao-sebastiao\/\",\"url\":\"https:\/\/modoviajeok.com.ar\/index.php\/2025\/07\/05\/temporada-de-passagem-de-baleias-jubarte-impulsiona-turismo-de-sao-sebastiao\/\",\"name\":\"Temporada de passagem de baleias-jubarte impulsiona turismo de S\u00e3o Sebasti\u00e3o -\",\"isPartOf\":{\"@id\":\"https:\/\/modoviajeok.com.ar\/#website\"},\"primaryImageOfPage\":{\"@id\":\"https:\/\/modoviajeok.com.ar\/index.php\/2025\/07\/05\/temporada-de-passagem-de-baleias-jubarte-impulsiona-turismo-de-sao-sebastiao\/#primaryimage\"},\"image\":{\"@id\":\"https:\/\/modoviajeok.com.ar\/index.php\/2025\/07\/05\/temporada-de-passagem-de-baleias-jubarte-impulsiona-turismo-de-sao-sebastiao\/#primaryimage\"},\"thumbnailUrl\":\"https:\/\/modoviajeok.com.ar\/wp-content\/uploads\/2025\/07\/DSCN0170_1-scaled.jpg\",\"datePublished\":\"2025-07-05T12:00:02+00:00\",\"dateModified\":\"2025-07-06T17:47:12+00:00\",\"breadcrumb\":{\"@id\":\"https:\/\/modoviajeok.com.ar\/index.php\/2025\/07\/05\/temporada-de-passagem-de-baleias-jubarte-impulsiona-turismo-de-sao-sebastiao\/#breadcrumb\"},\"inLanguage\":\"es\",\"potentialAction\":[{\"@type\":\"ReadAction\",\"target\":[\"https:\/\/modoviajeok.com.ar\/index.php\/2025\/07\/05\/temporada-de-passagem-de-baleias-jubarte-impulsiona-turismo-de-sao-sebastiao\/\"]}]},{\"@type\":\"ImageObject\",\"inLanguage\":\"es\",\"@id\":\"https:\/\/modoviajeok.com.ar\/index.php\/2025\/07\/05\/temporada-de-passagem-de-baleias-jubarte-impulsiona-turismo-de-sao-sebastiao\/#primaryimage\",\"url\":\"https:\/\/modoviajeok.com.ar\/wp-content\/uploads\/2025\/07\/DSCN0170_1-scaled.jpg\",\"contentUrl\":\"https:\/\/modoviajeok.com.ar\/wp-content\/uploads\/2025\/07\/DSCN0170_1-scaled.jpg\",\"width\":2560,\"height\":1920},{\"@type\":\"BreadcrumbList\",\"@id\":\"https:\/\/modoviajeok.com.ar\/index.php\/2025\/07\/05\/temporada-de-passagem-de-baleias-jubarte-impulsiona-turismo-de-sao-sebastiao\/#breadcrumb\",\"itemListElement\":[{\"@type\":\"ListItem\",\"position\":1,\"name\":\"Portada\",\"item\":\"https:\/\/modoviajeok.com.ar\/\"},{\"@type\":\"ListItem\",\"position\":2,\"name\":\"Temporada de passagem de baleias-jubarte impulsiona turismo de S\u00e3o Sebasti\u00e3o\"}]},{\"@type\":\"WebSite\",\"@id\":\"https:\/\/modoviajeok.com.ar\/#website\",\"url\":\"https:\/\/modoviajeok.com.ar\/\",\"name\":\"ModoViajeOK\",\"description\":\"\",\"publisher\":{\"@id\":\"https:\/\/modoviajeok.com.ar\/#organization\"},\"potentialAction\":[{\"@type\":\"SearchAction\",\"target\":{\"@type\":\"EntryPoint\",\"urlTemplate\":\"https:\/\/modoviajeok.com.ar\/?s={search_term_string}\"},\"query-input\":{\"@type\":\"PropertyValueSpecification\",\"valueRequired\":true,\"valueName\":\"search_term_string\"}}],\"inLanguage\":\"es\"},{\"@type\":\"Organization\",\"@id\":\"https:\/\/modoviajeok.com.ar\/#organization\",\"name\":\"ModoViajeOK\",\"url\":\"https:\/\/modoviajeok.com.ar\/\",\"logo\":{\"@type\":\"ImageObject\",\"inLanguage\":\"es\",\"@id\":\"https:\/\/modoviajeok.com.ar\/#\/schema\/logo\/image\/\",\"url\":\"https:\/\/modoviajeok.com.ar\/wp-content\/uploads\/2025\/01\/Logo-modoviajeok.png\",\"contentUrl\":\"https:\/\/modoviajeok.com.ar\/wp-content\/uploads\/2025\/01\/Logo-modoviajeok.png\",\"width\":2938,\"height\":2276,\"caption\":\"ModoViajeOK\"},\"image\":{\"@id\":\"https:\/\/modoviajeok.com.ar\/#\/schema\/logo\/image\/\"},\"sameAs\":[\"https:\/\/www.facebook.com\/mariana.otero1\/\",\"https:\/\/www.instagram.com\/modoviaje.ok\/\"]},{\"@type\":\"Person\",\"@id\":\"https:\/\/modoviajeok.com.ar\/#\/schema\/person\/2e299ed0d3d412a01d244fe28260d7f5\",\"name\":\"Pepe Segura\",\"image\":{\"@type\":\"ImageObject\",\"inLanguage\":\"es\",\"@id\":\"https:\/\/modoviajeok.com.ar\/#\/schema\/person\/image\/\",\"url\":\"https:\/\/secure.gravatar.com\/avatar\/65eb4b34deed761327f5b2c5535b987318ae807900ac46426de7258f5de6d345?s=96&d=mm&r=g\",\"contentUrl\":\"https:\/\/secure.gravatar.com\/avatar\/65eb4b34deed761327f5b2c5535b987318ae807900ac46426de7258f5de6d345?s=96&d=mm&r=g\",\"caption\":\"Pepe Segura\"},\"url\":\"https:\/\/modoviajeok.com.ar\/index.php\/author\/pepe2025\/\"}]}<\/script>\n<!-- \/ Yoast SEO plugin. -->","yoast_head_json":{"title":"Temporada de passagem de baleias-jubarte impulsiona turismo de S\u00e3o Sebasti\u00e3o -","robots":{"index":"index","follow":"follow","max-snippet":"max-snippet:-1","max-image-preview":"max-image-preview:large","max-video-preview":"max-video-preview:-1"},"canonical":"https:\/\/modoviajeok.com.ar\/index.php\/2025\/07\/05\/temporada-de-passagem-de-baleias-jubarte-impulsiona-turismo-de-sao-sebastiao\/","og_locale":"es_ES","og_type":"article","og_title":"Temporada de passagem de baleias-jubarte impulsiona turismo de S\u00e3o Sebasti\u00e3o -","og_description":"A temporada de avistamento das majestosas baleias-jubarte em S\u00e3o Sebasti\u00e3o, no Litoral Norte de S\u00e3o Paulo, Brasil, tem sido um verdadeiro sucesso, atraindo um n\u00famero crescente de turistas e pesquisadores interessados em contemplar esse espet\u00e1culo da natureza. A cada ano, as jubartes migram para a costa brasileira em busca de \u00e1guas mais quentes e rasas [&hellip;]","og_url":"https:\/\/modoviajeok.com.ar\/index.php\/2025\/07\/05\/temporada-de-passagem-de-baleias-jubarte-impulsiona-turismo-de-sao-sebastiao\/","article_publisher":"https:\/\/www.facebook.com\/mariana.otero1\/","article_published_time":"2025-07-05T12:00:02+00:00","article_modified_time":"2025-07-06T17:47:12+00:00","og_image":[{"width":2560,"height":1920,"url":"https:\/\/modoviajeok.com.ar\/wp-content\/uploads\/2025\/07\/DSCN0170_1-scaled.jpg","type":"image\/jpeg"}],"author":"Pepe Segura","twitter_card":"summary_large_image","twitter_misc":{"Escrito por":"Pepe Segura","Tiempo de lectura":"6 minutos"},"schema":{"@context":"https:\/\/schema.org","@graph":[{"@type":"Article","@id":"https:\/\/modoviajeok.com.ar\/index.php\/2025\/07\/05\/temporada-de-passagem-de-baleias-jubarte-impulsiona-turismo-de-sao-sebastiao\/#article","isPartOf":{"@id":"https:\/\/modoviajeok.com.ar\/index.php\/2025\/07\/05\/temporada-de-passagem-de-baleias-jubarte-impulsiona-turismo-de-sao-sebastiao\/"},"author":{"name":"Pepe Segura","@id":"https:\/\/modoviajeok.com.ar\/#\/schema\/person\/2e299ed0d3d412a01d244fe28260d7f5"},"headline":"Temporada de passagem de baleias-jubarte impulsiona turismo de S\u00e3o Sebasti\u00e3o","datePublished":"2025-07-05T12:00:02+00:00","dateModified":"2025-07-06T17:47:12+00:00","mainEntityOfPage":{"@id":"https:\/\/modoviajeok.com.ar\/index.php\/2025\/07\/05\/temporada-de-passagem-de-baleias-jubarte-impulsiona-turismo-de-sao-sebastiao\/"},"wordCount":1074,"commentCount":0,"publisher":{"@id":"https:\/\/modoviajeok.com.ar\/#organization"},"image":{"@id":"https:\/\/modoviajeok.com.ar\/index.php\/2025\/07\/05\/temporada-de-passagem-de-baleias-jubarte-impulsiona-turismo-de-sao-sebastiao\/#primaryimage"},"thumbnailUrl":"https:\/\/modoviajeok.com.ar\/wp-content\/uploads\/2025\/07\/DSCN0170_1-scaled.jpg","keywords":["baleia a vista","baleias jubarte","brasil","sao paulo","sao sebastian"],"articleSection":["Mundo","Novedades"],"inLanguage":"es","potentialAction":[{"@type":"CommentAction","name":"Comment","target":["https:\/\/modoviajeok.com.ar\/index.php\/2025\/07\/05\/temporada-de-passagem-de-baleias-jubarte-impulsiona-turismo-de-sao-sebastiao\/#respond"]}]},{"@type":"WebPage","@id":"https:\/\/modoviajeok.com.ar\/index.php\/2025\/07\/05\/temporada-de-passagem-de-baleias-jubarte-impulsiona-turismo-de-sao-sebastiao\/","url":"https:\/\/modoviajeok.com.ar\/index.php\/2025\/07\/05\/temporada-de-passagem-de-baleias-jubarte-impulsiona-turismo-de-sao-sebastiao\/","name":"Temporada de passagem de baleias-jubarte impulsiona turismo de S\u00e3o Sebasti\u00e3o -","isPartOf":{"@id":"https:\/\/modoviajeok.com.ar\/#website"},"primaryImageOfPage":{"@id":"https:\/\/modoviajeok.com.ar\/index.php\/2025\/07\/05\/temporada-de-passagem-de-baleias-jubarte-impulsiona-turismo-de-sao-sebastiao\/#primaryimage"},"image":{"@id":"https:\/\/modoviajeok.com.ar\/index.php\/2025\/07\/05\/temporada-de-passagem-de-baleias-jubarte-impulsiona-turismo-de-sao-sebastiao\/#primaryimage"},"thumbnailUrl":"https:\/\/modoviajeok.com.ar\/wp-content\/uploads\/2025\/07\/DSCN0170_1-scaled.jpg","datePublished":"2025-07-05T12:00:02+00:00","dateModified":"2025-07-06T17:47:12+00:00","breadcrumb":{"@id":"https:\/\/modoviajeok.com.ar\/index.php\/2025\/07\/05\/temporada-de-passagem-de-baleias-jubarte-impulsiona-turismo-de-sao-sebastiao\/#breadcrumb"},"inLanguage":"es","potentialAction":[{"@type":"ReadAction","target":["https:\/\/modoviajeok.com.ar\/index.php\/2025\/07\/05\/temporada-de-passagem-de-baleias-jubarte-impulsiona-turismo-de-sao-sebastiao\/"]}]},{"@type":"ImageObject","inLanguage":"es","@id":"https:\/\/modoviajeok.com.ar\/index.php\/2025\/07\/05\/temporada-de-passagem-de-baleias-jubarte-impulsiona-turismo-de-sao-sebastiao\/#primaryimage","url":"https:\/\/modoviajeok.com.ar\/wp-content\/uploads\/2025\/07\/DSCN0170_1-scaled.jpg","contentUrl":"https:\/\/modoviajeok.com.ar\/wp-content\/uploads\/2025\/07\/DSCN0170_1-scaled.jpg","width":2560,"height":1920},{"@type":"BreadcrumbList","@id":"https:\/\/modoviajeok.com.ar\/index.php\/2025\/07\/05\/temporada-de-passagem-de-baleias-jubarte-impulsiona-turismo-de-sao-sebastiao\/#breadcrumb","itemListElement":[{"@type":"ListItem","position":1,"name":"Portada","item":"https:\/\/modoviajeok.com.ar\/"},{"@type":"ListItem","position":2,"name":"Temporada de passagem de baleias-jubarte impulsiona turismo de S\u00e3o Sebasti\u00e3o"}]},{"@type":"WebSite","@id":"https:\/\/modoviajeok.com.ar\/#website","url":"https:\/\/modoviajeok.com.ar\/","name":"ModoViajeOK","description":"","publisher":{"@id":"https:\/\/modoviajeok.com.ar\/#organization"},"potentialAction":[{"@type":"SearchAction","target":{"@type":"EntryPoint","urlTemplate":"https:\/\/modoviajeok.com.ar\/?s={search_term_string}"},"query-input":{"@type":"PropertyValueSpecification","valueRequired":true,"valueName":"search_term_string"}}],"inLanguage":"es"},{"@type":"Organization","@id":"https:\/\/modoviajeok.com.ar\/#organization","name":"ModoViajeOK","url":"https:\/\/modoviajeok.com.ar\/","logo":{"@type":"ImageObject","inLanguage":"es","@id":"https:\/\/modoviajeok.com.ar\/#\/schema\/logo\/image\/","url":"https:\/\/modoviajeok.com.ar\/wp-content\/uploads\/2025\/01\/Logo-modoviajeok.png","contentUrl":"https:\/\/modoviajeok.com.ar\/wp-content\/uploads\/2025\/01\/Logo-modoviajeok.png","width":2938,"height":2276,"caption":"ModoViajeOK"},"image":{"@id":"https:\/\/modoviajeok.com.ar\/#\/schema\/logo\/image\/"},"sameAs":["https:\/\/www.facebook.com\/mariana.otero1\/","https:\/\/www.instagram.com\/modoviaje.ok\/"]},{"@type":"Person","@id":"https:\/\/modoviajeok.com.ar\/#\/schema\/person\/2e299ed0d3d412a01d244fe28260d7f5","name":"Pepe Segura","image":{"@type":"ImageObject","inLanguage":"es","@id":"https:\/\/modoviajeok.com.ar\/#\/schema\/person\/image\/","url":"https:\/\/secure.gravatar.com\/avatar\/65eb4b34deed761327f5b2c5535b987318ae807900ac46426de7258f5de6d345?s=96&d=mm&r=g","contentUrl":"https:\/\/secure.gravatar.com\/avatar\/65eb4b34deed761327f5b2c5535b987318ae807900ac46426de7258f5de6d345?s=96&d=mm&r=g","caption":"Pepe Segura"},"url":"https:\/\/modoviajeok.com.ar\/index.php\/author\/pepe2025\/"}]}},"_links":{"self":[{"href":"https:\/\/modoviajeok.com.ar\/index.php\/wp-json\/wp\/v2\/posts\/4548","targetHints":{"allow":["GET"]}}],"collection":[{"href":"https:\/\/modoviajeok.com.ar\/index.php\/wp-json\/wp\/v2\/posts"}],"about":[{"href":"https:\/\/modoviajeok.com.ar\/index.php\/wp-json\/wp\/v2\/types\/post"}],"author":[{"embeddable":true,"href":"https:\/\/modoviajeok.com.ar\/index.php\/wp-json\/wp\/v2\/users\/3"}],"replies":[{"embeddable":true,"href":"https:\/\/modoviajeok.com.ar\/index.php\/wp-json\/wp\/v2\/comments?post=4548"}],"version-history":[{"count":1,"href":"https:\/\/modoviajeok.com.ar\/index.php\/wp-json\/wp\/v2\/posts\/4548\/revisions"}],"predecessor-version":[{"id":4549,"href":"https:\/\/modoviajeok.com.ar\/index.php\/wp-json\/wp\/v2\/posts\/4548\/revisions\/4549"}],"wp:featuredmedia":[{"embeddable":true,"href":"https:\/\/modoviajeok.com.ar\/index.php\/wp-json\/wp\/v2\/media\/4531"}],"wp:attachment":[{"href":"https:\/\/modoviajeok.com.ar\/index.php\/wp-json\/wp\/v2\/media?parent=4548"}],"wp:term":[{"taxonomy":"category","embeddable":true,"href":"https:\/\/modoviajeok.com.ar\/index.php\/wp-json\/wp\/v2\/categories?post=4548"},{"taxonomy":"post_tag","embeddable":true,"href":"https:\/\/modoviajeok.com.ar\/index.php\/wp-json\/wp\/v2\/tags?post=4548"}],"curies":[{"name":"wp","href":"https:\/\/api.w.org\/{rel}","templated":true}]}}