{"id":4552,"date":"2025-09-27T09:00:39","date_gmt":"2025-09-27T12:00:39","guid":{"rendered":"https:\/\/modoviajeok.com.ar\/?p=4552"},"modified":"2025-09-25T13:33:53","modified_gmt":"2025-09-25T16:33:53","slug":"los-pobladores-de-el-impenetrable-renacen-junto-al-turismo","status":"publish","type":"post","link":"https:\/\/modoviajeok.com.ar\/index.php\/2025\/09\/27\/los-pobladores-de-el-impenetrable-renacen-junto-al-turismo\/","title":{"rendered":"Los pobladores de El Impenetrable renacen junto al turismo"},"content":{"rendered":"\n<figure class=\"wp-block-pullquote\"><blockquote><p><em>La creaci\u00f3n de un destino tur\u00edstico con prestadores locales y desarrollo de productos con valores culturales tiene un impacto social y econ\u00f3mico nunca antes visto en el noreste del Chaco.<\/em><\/p><\/blockquote><\/figure>\n\n\n\n<p>&nbsp;En el noreste de la provincia de Chaco, en la regi\u00f3n de El Impenetrable, la exuberancia de la naturaleza envuelve a un territorio que durante d\u00e9cadas estuvo condenado por el extractivismo; castigado por la tala de \u00e1rboles, la caza furtiva y la ganader\u00eda.&nbsp;<\/p>\n\n\n\n<p>Pero hace una d\u00e9cada (2014), la creaci\u00f3n del Parque Nacional (PN) El Impenetrable, sobre la antigua estancia La Fidelidad, marc\u00f3 un punto de inflexi\u00f3n. A partir de all\u00ed -una decisi\u00f3n muy esperada- se abrieron oportunidades para amalgamar la conservaci\u00f3n ambiental con el desarrollo sostenible y sentar las bases para la coexistencia arm\u00f3nica entre la naturaleza y las personas.<\/p>\n\n\n\n<figure class=\"wp-block-image size-full\"><img loading=\"lazy\" decoding=\"async\" width=\"900\" height=\"1600\" src=\"https:\/\/modoviajeok.com.ar\/wp-content\/uploads\/2025\/07\/WhatsApp-Image-2025-07-04-at-10.06.08-1.jpeg\" alt=\"\" class=\"wp-image-4554\" srcset=\"https:\/\/modoviajeok.com.ar\/wp-content\/uploads\/2025\/07\/WhatsApp-Image-2025-07-04-at-10.06.08-1.jpeg 900w, https:\/\/modoviajeok.com.ar\/wp-content\/uploads\/2025\/07\/WhatsApp-Image-2025-07-04-at-10.06.08-1-768x1365.jpeg 768w, https:\/\/modoviajeok.com.ar\/wp-content\/uploads\/2025\/07\/WhatsApp-Image-2025-07-04-at-10.06.08-1-864x1536.jpeg 864w, https:\/\/modoviajeok.com.ar\/wp-content\/uploads\/2025\/07\/WhatsApp-Image-2025-07-04-at-10.06.08-1-236x420.jpeg 236w, https:\/\/modoviajeok.com.ar\/wp-content\/uploads\/2025\/07\/WhatsApp-Image-2025-07-04-at-10.06.08-1-150x267.jpeg 150w, https:\/\/modoviajeok.com.ar\/wp-content\/uploads\/2025\/07\/WhatsApp-Image-2025-07-04-at-10.06.08-1-300x533.jpeg 300w, https:\/\/modoviajeok.com.ar\/wp-content\/uploads\/2025\/07\/WhatsApp-Image-2025-07-04-at-10.06.08-1-696x1237.jpeg 696w\" sizes=\"auto, (max-width: 900px) 100vw, 900px\" \/><figcaption class=\"wp-element-caption\">FOTOGRAF\u00cdAS: Gentileza Fundaci\u00f3n Rewilding Argentina. <\/figcaption><\/figure>\n\n\n\n<p>El parque es un pulm\u00f3n verde indispensable para mitigar el cambio clim\u00e1tico: protege 128.000 hect\u00e1reas de bosques de algarrobos, palo santos y quebrachos; pastizales, ba\u00f1ados y lagunas, entre los l\u00edmites naturales del Teuco-Bermejo y el r\u00edo Bermejito.<\/p>\n\n\n\n<p>Es el PN m\u00e1s grande del norte argentino y preserva especies de mam\u00edferos como el yaguaret\u00e9, el tapir, el pecar\u00ed y el oso hormiguero gigante, muchas en peligro de extinci\u00f3n.<\/p>\n\n\n\n<p>En este oasis de biodiversidad se comenz\u00f3 a gestar desde cero un destino tur\u00edstico que permitiera el desarrollo de las comunidades.<\/p>\n\n\n\n<figure class=\"wp-block-image size-full\"><img loading=\"lazy\" decoding=\"async\" width=\"900\" height=\"1600\" src=\"https:\/\/modoviajeok.com.ar\/wp-content\/uploads\/2025\/07\/WhatsApp-Image-2025-07-04-at-10.06.08.jpeg\" alt=\"\" class=\"wp-image-4555\" srcset=\"https:\/\/modoviajeok.com.ar\/wp-content\/uploads\/2025\/07\/WhatsApp-Image-2025-07-04-at-10.06.08.jpeg 900w, https:\/\/modoviajeok.com.ar\/wp-content\/uploads\/2025\/07\/WhatsApp-Image-2025-07-04-at-10.06.08-768x1365.jpeg 768w, https:\/\/modoviajeok.com.ar\/wp-content\/uploads\/2025\/07\/WhatsApp-Image-2025-07-04-at-10.06.08-864x1536.jpeg 864w, https:\/\/modoviajeok.com.ar\/wp-content\/uploads\/2025\/07\/WhatsApp-Image-2025-07-04-at-10.06.08-236x420.jpeg 236w, https:\/\/modoviajeok.com.ar\/wp-content\/uploads\/2025\/07\/WhatsApp-Image-2025-07-04-at-10.06.08-150x267.jpeg 150w, https:\/\/modoviajeok.com.ar\/wp-content\/uploads\/2025\/07\/WhatsApp-Image-2025-07-04-at-10.06.08-300x533.jpeg 300w, https:\/\/modoviajeok.com.ar\/wp-content\/uploads\/2025\/07\/WhatsApp-Image-2025-07-04-at-10.06.08-696x1237.jpeg 696w\" sizes=\"auto, (max-width: 900px) 100vw, 900px\" \/><\/figure>\n\n\n\n<p>La Fundaci\u00f3n Rewilding Argentina particip\u00f3 de manera activa en ese desaf\u00edo de trabajar desde la mirada de la \u201ceconom\u00eda restaurativa\u201d con impacto en la regi\u00f3n a trav\u00e9s de prestadores locales y el desarrollo de productos con valores culturales.<\/p>\n\n\n\n<p>De esta manera, el ecoturismo ayudar\u00eda al \u201crenacimiento\u201d de los pobladores postergados de este rinc\u00f3n del pa\u00eds.<\/p>\n\n\n\n<p>En el \u00e1rea circundante al PN viven comunidades originarias y unas 670 familias criollas, la mayor\u00eda bajo la l\u00ednea de pobreza y dependientes de beneficios sociales (92%).<\/p>\n\n\n\n<p>\u201cEn una econom\u00eda restaurativa el agregado de valor regenera la naturaleza, donde el desarrollo econ\u00f3mico y el bienestar de las comunidades van de la mano de la salud del ecosistema\u201d, explica F\u00e1tima Hollmann, coordinadora de Econom\u00edas Restaurativas, de&nbsp; Rewilding Argentina.<\/p>\n\n\n\n<p>Hollmann explica que se trata de modelos econ\u00f3micos aliados de la biodiversidad: cuanto m\u00e1s sano est\u00e1 el entorno natural, mayores son los beneficios para las familias que habitan el territorio.<\/p>\n\n\n\n<figure class=\"wp-block-image size-full\"><img loading=\"lazy\" decoding=\"async\" width=\"1066\" height=\"1600\" src=\"https:\/\/modoviajeok.com.ar\/wp-content\/uploads\/2025\/07\/WhatsApp-Image-2025-07-04-at-10.06.09.jpeg\" alt=\"\" class=\"wp-image-4556\" srcset=\"https:\/\/modoviajeok.com.ar\/wp-content\/uploads\/2025\/07\/WhatsApp-Image-2025-07-04-at-10.06.09.jpeg 1066w, https:\/\/modoviajeok.com.ar\/wp-content\/uploads\/2025\/07\/WhatsApp-Image-2025-07-04-at-10.06.09-768x1153.jpeg 768w, https:\/\/modoviajeok.com.ar\/wp-content\/uploads\/2025\/07\/WhatsApp-Image-2025-07-04-at-10.06.09-1023x1536.jpeg 1023w, https:\/\/modoviajeok.com.ar\/wp-content\/uploads\/2025\/07\/WhatsApp-Image-2025-07-04-at-10.06.09-280x420.jpeg 280w, https:\/\/modoviajeok.com.ar\/wp-content\/uploads\/2025\/07\/WhatsApp-Image-2025-07-04-at-10.06.09-150x225.jpeg 150w, https:\/\/modoviajeok.com.ar\/wp-content\/uploads\/2025\/07\/WhatsApp-Image-2025-07-04-at-10.06.09-300x450.jpeg 300w, https:\/\/modoviajeok.com.ar\/wp-content\/uploads\/2025\/07\/WhatsApp-Image-2025-07-04-at-10.06.09-696x1045.jpeg 696w\" sizes=\"auto, (max-width: 1066px) 100vw, 1066px\" \/><\/figure>\n\n\n\n<p>Hoy el ecoturismo se concibe en El Impenetrable como una herramienta de conservaci\u00f3n dentro de un nuevo esquema de producci\u00f3n donde la biodiversidad es la base para el desarrollo de actividades tur\u00edsticas como el avistaje y senderismo, experiencias culturales como la clases de tintes y gastronom\u00eda regional. Para lograrlo, es necesario el desarrollo de infraestructura de uso p\u00fablico como senderos, campings, pasarelas y miradores.<\/p>\n\n\n\n<p>El espejo es Iber\u00e1, donde gracias a la creaci\u00f3n de un gran parque y al trabajo sostenido desde diversos sectores, las poblaciones locales tienen oportunidades en torno al turismo que hace a\u00f1os eran inimaginables.<\/p>\n\n\n\n<figure class=\"wp-block-image size-full\"><img loading=\"lazy\" decoding=\"async\" width=\"2560\" height=\"1703\" src=\"https:\/\/modoviajeok.com.ar\/wp-content\/uploads\/2025\/07\/3.-LaFidelidadCamping_cocineras_Nancy_2022_PhMirandaVolpeDSC_4078-scaled.jpg\" alt=\"\" class=\"wp-image-4557\" srcset=\"https:\/\/modoviajeok.com.ar\/wp-content\/uploads\/2025\/07\/3.-LaFidelidadCamping_cocineras_Nancy_2022_PhMirandaVolpeDSC_4078-scaled.jpg 2560w, https:\/\/modoviajeok.com.ar\/wp-content\/uploads\/2025\/07\/3.-LaFidelidadCamping_cocineras_Nancy_2022_PhMirandaVolpeDSC_4078-768x511.jpg 768w, https:\/\/modoviajeok.com.ar\/wp-content\/uploads\/2025\/07\/3.-LaFidelidadCamping_cocineras_Nancy_2022_PhMirandaVolpeDSC_4078-1536x1022.jpg 1536w, https:\/\/modoviajeok.com.ar\/wp-content\/uploads\/2025\/07\/3.-LaFidelidadCamping_cocineras_Nancy_2022_PhMirandaVolpeDSC_4078-2048x1363.jpg 2048w, https:\/\/modoviajeok.com.ar\/wp-content\/uploads\/2025\/07\/3.-LaFidelidadCamping_cocineras_Nancy_2022_PhMirandaVolpeDSC_4078-631x420.jpg 631w, https:\/\/modoviajeok.com.ar\/wp-content\/uploads\/2025\/07\/3.-LaFidelidadCamping_cocineras_Nancy_2022_PhMirandaVolpeDSC_4078-150x100.jpg 150w, https:\/\/modoviajeok.com.ar\/wp-content\/uploads\/2025\/07\/3.-LaFidelidadCamping_cocineras_Nancy_2022_PhMirandaVolpeDSC_4078-300x200.jpg 300w, https:\/\/modoviajeok.com.ar\/wp-content\/uploads\/2025\/07\/3.-LaFidelidadCamping_cocineras_Nancy_2022_PhMirandaVolpeDSC_4078-696x463.jpg 696w, https:\/\/modoviajeok.com.ar\/wp-content\/uploads\/2025\/07\/3.-LaFidelidadCamping_cocineras_Nancy_2022_PhMirandaVolpeDSC_4078-1068x711.jpg 1068w, https:\/\/modoviajeok.com.ar\/wp-content\/uploads\/2025\/07\/3.-LaFidelidadCamping_cocineras_Nancy_2022_PhMirandaVolpeDSC_4078-1920x1277.jpg 1920w\" sizes=\"auto, (max-width: 2560px) 100vw, 2560px\" \/><\/figure>\n\n\n\n<p>&nbsp;<strong>C\u00edrculo virtuoso<\/strong><\/p>\n\n\n\n<p>Las organizaciones ambientalistas, el Gobierno del Chaco y la Administraci\u00f3n de Parques Nacionales realizan distintos tipos de acciones en El Impenetrable.<\/p>\n\n\n\n<p>Rewilding Argentina promueve inversiones propias y fomenta la colaboraci\u00f3n con terceros, apoyando a los pobladores locales para que sean protagonistas en la gesti\u00f3n y desarrollo de los alojamientos tur\u00edsticos y otros servicios. Para ello impulsa un&nbsp; programa de formaci\u00f3n para emprendedores con la intenci\u00f3n de que sean los habitantes del lugar los principales beneficiarios del movimiento econ\u00f3mico que se genere.<\/p>\n\n\n\n<p>Rewilding Argentina es una organizaci\u00f3n sin fines de lucro que trabaja para enfrentar y revertir la crisis de extinci\u00f3n de especies y la degradaci\u00f3n ambiental, con el objetivo de recuperar la funcionalidad de los ecosistemas, impulsar econom\u00edas locales restaurativas y mejorar el bienestar de las comunidades cercanas.<\/p>\n\n\n\n<figure class=\"wp-block-image size-full\"><img loading=\"lazy\" decoding=\"async\" width=\"2560\" height=\"1707\" src=\"https:\/\/modoviajeok.com.ar\/wp-content\/uploads\/2025\/07\/Avistaje-de-fauna-en-el-Rio-Bermejo-05-El-Impenetrable-\u00a9-Matias-Rebak-Fundacion-Rewilding-Argentina-scaled.jpg\" alt=\"\" class=\"wp-image-4558\" srcset=\"https:\/\/modoviajeok.com.ar\/wp-content\/uploads\/2025\/07\/Avistaje-de-fauna-en-el-Rio-Bermejo-05-El-Impenetrable-\u00a9-Matias-Rebak-Fundacion-Rewilding-Argentina-scaled.jpg 2560w, https:\/\/modoviajeok.com.ar\/wp-content\/uploads\/2025\/07\/Avistaje-de-fauna-en-el-Rio-Bermejo-05-El-Impenetrable-\u00a9-Matias-Rebak-Fundacion-Rewilding-Argentina-768x512.jpg 768w, https:\/\/modoviajeok.com.ar\/wp-content\/uploads\/2025\/07\/Avistaje-de-fauna-en-el-Rio-Bermejo-05-El-Impenetrable-\u00a9-Matias-Rebak-Fundacion-Rewilding-Argentina-1536x1024.jpg 1536w, https:\/\/modoviajeok.com.ar\/wp-content\/uploads\/2025\/07\/Avistaje-de-fauna-en-el-Rio-Bermejo-05-El-Impenetrable-\u00a9-Matias-Rebak-Fundacion-Rewilding-Argentina-2048x1365.jpg 2048w, https:\/\/modoviajeok.com.ar\/wp-content\/uploads\/2025\/07\/Avistaje-de-fauna-en-el-Rio-Bermejo-05-El-Impenetrable-\u00a9-Matias-Rebak-Fundacion-Rewilding-Argentina-630x420.jpg 630w, https:\/\/modoviajeok.com.ar\/wp-content\/uploads\/2025\/07\/Avistaje-de-fauna-en-el-Rio-Bermejo-05-El-Impenetrable-\u00a9-Matias-Rebak-Fundacion-Rewilding-Argentina-150x100.jpg 150w, https:\/\/modoviajeok.com.ar\/wp-content\/uploads\/2025\/07\/Avistaje-de-fauna-en-el-Rio-Bermejo-05-El-Impenetrable-\u00a9-Matias-Rebak-Fundacion-Rewilding-Argentina-300x200.jpg 300w, https:\/\/modoviajeok.com.ar\/wp-content\/uploads\/2025\/07\/Avistaje-de-fauna-en-el-Rio-Bermejo-05-El-Impenetrable-\u00a9-Matias-Rebak-Fundacion-Rewilding-Argentina-696x464.jpg 696w, https:\/\/modoviajeok.com.ar\/wp-content\/uploads\/2025\/07\/Avistaje-de-fauna-en-el-Rio-Bermejo-05-El-Impenetrable-\u00a9-Matias-Rebak-Fundacion-Rewilding-Argentina-1068x712.jpg 1068w, https:\/\/modoviajeok.com.ar\/wp-content\/uploads\/2025\/07\/Avistaje-de-fauna-en-el-Rio-Bermejo-05-El-Impenetrable-\u00a9-Matias-Rebak-Fundacion-Rewilding-Argentina-1920x1280.jpg 1920w\" sizes=\"auto, (max-width: 2560px) 100vw, 2560px\" \/><\/figure>\n\n\n\n<p>Para alcanzar estos objetivos, colabora en la creaci\u00f3n de parques nacionales y provinciales, donde recupera la vida silvestre para alcanzar ecosistemas completos y funcionales. Adem\u00e1s, fomenta el desarrollo de nuevas \u201ceconom\u00edas restaurativas\u201d, basadas en la interacci\u00f3n sostenible entre las comunidades locales y el entorno natural. Esto se conoce como \u201cproducci\u00f3n de naturaleza\u201d; es decir, una nueva visi\u00f3n sobre el uso del territorio, en la que la conservaci\u00f3n de ecosistemas naturales con fauna abundante genera un c\u00edrculo virtuoso que impulsa nuevas econom\u00edas rurales basadas en la observaci\u00f3n de vida silvestre y el turismo sostenible.<\/p>\n\n\n\n<p>&nbsp;<strong>Transformar el territorio<\/strong><\/p>\n\n\n\n<p>El programa \u201cEmprendedores por Naturaleza\u201d de Rewilding capacita a emprendedores locales en la creaci\u00f3n de productos y servicios vinculados al turismo de naturaleza.&nbsp;<\/p>\n\n\n\n<p>Esta oportunidad ha transformado vidas.<\/p>\n\n\n\n<figure class=\"wp-block-image size-full\"><img loading=\"lazy\" decoding=\"async\" width=\"2560\" height=\"1707\" src=\"https:\/\/modoviajeok.com.ar\/wp-content\/uploads\/2025\/07\/Empendedora-Gastronomica-de-Paraje-La-Armonia-1-scaled.jpg\" alt=\"\" class=\"wp-image-4559\" srcset=\"https:\/\/modoviajeok.com.ar\/wp-content\/uploads\/2025\/07\/Empendedora-Gastronomica-de-Paraje-La-Armonia-1-scaled.jpg 2560w, https:\/\/modoviajeok.com.ar\/wp-content\/uploads\/2025\/07\/Empendedora-Gastronomica-de-Paraje-La-Armonia-1-768x512.jpg 768w, https:\/\/modoviajeok.com.ar\/wp-content\/uploads\/2025\/07\/Empendedora-Gastronomica-de-Paraje-La-Armonia-1-1536x1024.jpg 1536w, https:\/\/modoviajeok.com.ar\/wp-content\/uploads\/2025\/07\/Empendedora-Gastronomica-de-Paraje-La-Armonia-1-2048x1365.jpg 2048w, https:\/\/modoviajeok.com.ar\/wp-content\/uploads\/2025\/07\/Empendedora-Gastronomica-de-Paraje-La-Armonia-1-630x420.jpg 630w, https:\/\/modoviajeok.com.ar\/wp-content\/uploads\/2025\/07\/Empendedora-Gastronomica-de-Paraje-La-Armonia-1-150x100.jpg 150w, https:\/\/modoviajeok.com.ar\/wp-content\/uploads\/2025\/07\/Empendedora-Gastronomica-de-Paraje-La-Armonia-1-300x200.jpg 300w, https:\/\/modoviajeok.com.ar\/wp-content\/uploads\/2025\/07\/Empendedora-Gastronomica-de-Paraje-La-Armonia-1-696x464.jpg 696w, https:\/\/modoviajeok.com.ar\/wp-content\/uploads\/2025\/07\/Empendedora-Gastronomica-de-Paraje-La-Armonia-1-1068x712.jpg 1068w, https:\/\/modoviajeok.com.ar\/wp-content\/uploads\/2025\/07\/Empendedora-Gastronomica-de-Paraje-La-Armonia-1-1920x1280.jpg 1920w\" sizes=\"auto, (max-width: 2560px) 100vw, 2560px\" \/><\/figure>\n\n\n\n<p>\u201cLa llegada del turismo me cambi\u00f3 much\u00edsimo y lo hago porque me gusta. Este es un gran respaldo econ\u00f3mico para muchas familias que no ten\u00edan entradas econ\u00f3micas. Yo recuerdo la gente c\u00f3mo cazaba, que no respetaba nada. Y hoy verlo as\u00ed al parque, lleno de gente que viene a conocerlo, visitarlo y cuidarlo me pone muy pero muy feliz\u201d, dice Nancy Cornu, que trabaja en el Camping La Fidelidad y es integrante de la Asociaci\u00f3n de Vecinos de La Armon\u00eda, paraje ubicado en la puerta de entrada al PN.<\/p>\n\n\n\n<p>Un reciente informe realizado por Rewilding en base a un monitoreo y posterior an\u00e1lisis de la consultora Invecq, con datos socioecon\u00f3micos recolectados entre 2020 y 2023, describe el impacto de la \u201ceconom\u00eda restaurativa\u201d en la regi\u00f3n cercana al PN El Impenetrable de la mano del crecimiento de los visitantes, de la nueva infraestructura y la formaci\u00f3n emprendedora.<\/p>\n\n\n\n<p>El estudio revela que se registraron avances en inclusi\u00f3n social, en la participaci\u00f3n femenina, en diversificaci\u00f3n econ\u00f3mica y en el fortalecimiento del tejido cultural.<\/p>\n\n\n\n<figure class=\"wp-block-image size-full\"><img loading=\"lazy\" decoding=\"async\" width=\"2560\" height=\"1703\" src=\"https:\/\/modoviajeok.com.ar\/wp-content\/uploads\/2025\/07\/LaFidelidadCamping_turistas_2022_PhMirandaVolpeDSC_4953-scaled.jpg\" alt=\"\" class=\"wp-image-4564\" srcset=\"https:\/\/modoviajeok.com.ar\/wp-content\/uploads\/2025\/07\/LaFidelidadCamping_turistas_2022_PhMirandaVolpeDSC_4953-scaled.jpg 2560w, https:\/\/modoviajeok.com.ar\/wp-content\/uploads\/2025\/07\/LaFidelidadCamping_turistas_2022_PhMirandaVolpeDSC_4953-768x511.jpg 768w, https:\/\/modoviajeok.com.ar\/wp-content\/uploads\/2025\/07\/LaFidelidadCamping_turistas_2022_PhMirandaVolpeDSC_4953-1536x1022.jpg 1536w, https:\/\/modoviajeok.com.ar\/wp-content\/uploads\/2025\/07\/LaFidelidadCamping_turistas_2022_PhMirandaVolpeDSC_4953-2048x1363.jpg 2048w, https:\/\/modoviajeok.com.ar\/wp-content\/uploads\/2025\/07\/LaFidelidadCamping_turistas_2022_PhMirandaVolpeDSC_4953-631x420.jpg 631w, https:\/\/modoviajeok.com.ar\/wp-content\/uploads\/2025\/07\/LaFidelidadCamping_turistas_2022_PhMirandaVolpeDSC_4953-150x100.jpg 150w, https:\/\/modoviajeok.com.ar\/wp-content\/uploads\/2025\/07\/LaFidelidadCamping_turistas_2022_PhMirandaVolpeDSC_4953-300x200.jpg 300w, https:\/\/modoviajeok.com.ar\/wp-content\/uploads\/2025\/07\/LaFidelidadCamping_turistas_2022_PhMirandaVolpeDSC_4953-696x463.jpg 696w, https:\/\/modoviajeok.com.ar\/wp-content\/uploads\/2025\/07\/LaFidelidadCamping_turistas_2022_PhMirandaVolpeDSC_4953-1068x711.jpg 1068w, https:\/\/modoviajeok.com.ar\/wp-content\/uploads\/2025\/07\/LaFidelidadCamping_turistas_2022_PhMirandaVolpeDSC_4953-1920x1277.jpg 1920w\" sizes=\"auto, (max-width: 2560px) 100vw, 2560px\" \/><\/figure>\n\n\n\n<p>Por ejemplo, se realizaron inversiones para fortalecer los emprendimientos gastron\u00f3micos locales en casas de familia, que ofrecen productos y experiencias culinarias aut\u00e9nticas.<\/p>\n\n\n\n<p>Hasta entonces, la econom\u00eda en la regi\u00f3n siempre fue&nbsp; informal y de subsistencia, basada en la cr\u00eda de ganado para autoconsumo y en la explotaci\u00f3n forestal, b\u00e1sicamente la extracci\u00f3n de madera y en especial de algarrobos.<\/p>\n\n\n\n<p>Se estima que el 50,2% de las familias realiz\u00f3 esta actividad en alg\u00fan momento, mientras que el 20,3% la lleva a cabo en la actualidad. \u201cImpulsar nuevas econom\u00edas en armon\u00eda con la naturaleza no s\u00f3lo diversifica la matriz productiva, sino que transforma territorios hist\u00f3ricamente excluidos de toda oportunidad, generando empleo genuino, orgullo y arraigo local\u201d, dice F\u00e1tima Hollmann.<\/p>\n\n\n\n<p><strong>Orgullo y arraigo<\/strong><\/p>\n\n\n\n<p>Hollmann sostiene que los \u201cEmprendedores por Naturaleza\u201d se sienten hoy profundamente orgullosos del lugar que habitan, y vuelven a mirar su tierra como una fuente de riqueza, belleza y oportunidades.<\/p>\n\n\n\n<p>\u201cEl monte tiene de todo. Semejante alegr\u00eda saber que nuestras obras se las llevan a otros lados. Quedo emocionado y contento\u201d, dice Francisco \u201cPancho\u201d Montes, artesano en madera.<\/p>\n\n\n\n<figure class=\"wp-block-image size-full\"><img loading=\"lazy\" decoding=\"async\" width=\"2560\" height=\"1707\" src=\"https:\/\/modoviajeok.com.ar\/wp-content\/uploads\/2025\/07\/Fidelidad_instalaciones_MirandaVolpe_MG_5459-scaled.jpg\" alt=\"\" class=\"wp-image-4560\" srcset=\"https:\/\/modoviajeok.com.ar\/wp-content\/uploads\/2025\/07\/Fidelidad_instalaciones_MirandaVolpe_MG_5459-scaled.jpg 2560w, https:\/\/modoviajeok.com.ar\/wp-content\/uploads\/2025\/07\/Fidelidad_instalaciones_MirandaVolpe_MG_5459-768x512.jpg 768w, https:\/\/modoviajeok.com.ar\/wp-content\/uploads\/2025\/07\/Fidelidad_instalaciones_MirandaVolpe_MG_5459-1536x1024.jpg 1536w, https:\/\/modoviajeok.com.ar\/wp-content\/uploads\/2025\/07\/Fidelidad_instalaciones_MirandaVolpe_MG_5459-2048x1365.jpg 2048w, https:\/\/modoviajeok.com.ar\/wp-content\/uploads\/2025\/07\/Fidelidad_instalaciones_MirandaVolpe_MG_5459-630x420.jpg 630w, https:\/\/modoviajeok.com.ar\/wp-content\/uploads\/2025\/07\/Fidelidad_instalaciones_MirandaVolpe_MG_5459-150x100.jpg 150w, https:\/\/modoviajeok.com.ar\/wp-content\/uploads\/2025\/07\/Fidelidad_instalaciones_MirandaVolpe_MG_5459-300x200.jpg 300w, https:\/\/modoviajeok.com.ar\/wp-content\/uploads\/2025\/07\/Fidelidad_instalaciones_MirandaVolpe_MG_5459-696x464.jpg 696w, https:\/\/modoviajeok.com.ar\/wp-content\/uploads\/2025\/07\/Fidelidad_instalaciones_MirandaVolpe_MG_5459-1068x712.jpg 1068w, https:\/\/modoviajeok.com.ar\/wp-content\/uploads\/2025\/07\/Fidelidad_instalaciones_MirandaVolpe_MG_5459-1920x1280.jpg 1920w\" sizes=\"auto, (max-width: 2560px) 100vw, 2560px\" \/><\/figure>\n\n\n\n<p>La integraci\u00f3n del saber y de las tradiciones de los habitantes est\u00e1 reforzando la identidad cultural y el sentido de pertenencia; los platos tradicionales de la regi\u00f3n se revalorizan y los artesanos utilizan recursos y t\u00e9cnicas aut\u00f3ctonas. Los baqueanos llevan adelante caminatas, cabalgatas o paseos en kayak guiados y proporcionan una experiencia \u00edntima de conexi\u00f3n con la naturaleza.<\/p>\n\n\n\n<p><em>\u201c<\/em>La creaci\u00f3n del parque, cambi\u00f3 mucho mi vida personal. Siempre estamos recibiendo visitantes. Antes de ser gu\u00eda, toda la vida trabaj\u00e9 en el campo y ahora podemos trabajar m\u00e1s tranquilos. Tengo mayor conciencia de valorar lo que tenemos y tratamos de cuidarlo m\u00e1s\u201d, asegura el gu\u00eda Diego Boedo.<\/p>\n\n\n\n<figure class=\"wp-block-image size-full\"><img loading=\"lazy\" decoding=\"async\" width=\"2560\" height=\"1438\" src=\"https:\/\/modoviajeok.com.ar\/wp-content\/uploads\/2025\/07\/Impenetrable-Kayak-en-el-Bermejo-Matias-Rebak-108-scaled.jpg\" alt=\"\" class=\"wp-image-4565\" srcset=\"https:\/\/modoviajeok.com.ar\/wp-content\/uploads\/2025\/07\/Impenetrable-Kayak-en-el-Bermejo-Matias-Rebak-108-scaled.jpg 2560w, https:\/\/modoviajeok.com.ar\/wp-content\/uploads\/2025\/07\/Impenetrable-Kayak-en-el-Bermejo-Matias-Rebak-108-768x431.jpg 768w, https:\/\/modoviajeok.com.ar\/wp-content\/uploads\/2025\/07\/Impenetrable-Kayak-en-el-Bermejo-Matias-Rebak-108-1536x863.jpg 1536w, https:\/\/modoviajeok.com.ar\/wp-content\/uploads\/2025\/07\/Impenetrable-Kayak-en-el-Bermejo-Matias-Rebak-108-2048x1150.jpg 2048w, https:\/\/modoviajeok.com.ar\/wp-content\/uploads\/2025\/07\/Impenetrable-Kayak-en-el-Bermejo-Matias-Rebak-108-748x420.jpg 748w, https:\/\/modoviajeok.com.ar\/wp-content\/uploads\/2025\/07\/Impenetrable-Kayak-en-el-Bermejo-Matias-Rebak-108-150x84.jpg 150w, https:\/\/modoviajeok.com.ar\/wp-content\/uploads\/2025\/07\/Impenetrable-Kayak-en-el-Bermejo-Matias-Rebak-108-300x168.jpg 300w, https:\/\/modoviajeok.com.ar\/wp-content\/uploads\/2025\/07\/Impenetrable-Kayak-en-el-Bermejo-Matias-Rebak-108-696x391.jpg 696w, https:\/\/modoviajeok.com.ar\/wp-content\/uploads\/2025\/07\/Impenetrable-Kayak-en-el-Bermejo-Matias-Rebak-108-1068x600.jpg 1068w, https:\/\/modoviajeok.com.ar\/wp-content\/uploads\/2025\/07\/Impenetrable-Kayak-en-el-Bermejo-Matias-Rebak-108-1920x1078.jpg 1920w\" sizes=\"auto, (max-width: 2560px) 100vw, 2560px\" \/><\/figure>\n\n\n\n<p>&nbsp;<strong>Impacto social<\/strong><\/p>\n\n\n\n<p>La suma de acciones tiene un notable&nbsp; impacto social y econ\u00f3mico.<\/p>\n\n\n\n<p>El informe de Rewilding indica que, por ejemplo, en 2023, unas 170 personas participaron activamente como emprendedores, el doble que en 2021. El 50% son mujeres.<br>El ingreso medio por emprendedor casi se duplic\u00f3 en un a\u00f1o, y la ganancia mensual promedio fue 5% superior a una pensi\u00f3n por invalidez, el 104% superior a la Asignaci\u00f3n Universal por Hijo (AUH) y 255% superior al valor de la tarjeta Alimentar.<\/p>\n\n\n\n<figure class=\"wp-block-image size-full\"><img loading=\"lazy\" decoding=\"async\" width=\"2560\" height=\"1707\" src=\"https:\/\/modoviajeok.com.ar\/wp-content\/uploads\/2025\/07\/Impenetrable-Kayak-en-el-Bermejo-Matias-Rebak-50-1-scaled.jpg\" alt=\"\" class=\"wp-image-4561\" srcset=\"https:\/\/modoviajeok.com.ar\/wp-content\/uploads\/2025\/07\/Impenetrable-Kayak-en-el-Bermejo-Matias-Rebak-50-1-scaled.jpg 2560w, https:\/\/modoviajeok.com.ar\/wp-content\/uploads\/2025\/07\/Impenetrable-Kayak-en-el-Bermejo-Matias-Rebak-50-1-768x512.jpg 768w, https:\/\/modoviajeok.com.ar\/wp-content\/uploads\/2025\/07\/Impenetrable-Kayak-en-el-Bermejo-Matias-Rebak-50-1-1536x1024.jpg 1536w, https:\/\/modoviajeok.com.ar\/wp-content\/uploads\/2025\/07\/Impenetrable-Kayak-en-el-Bermejo-Matias-Rebak-50-1-2048x1365.jpg 2048w, https:\/\/modoviajeok.com.ar\/wp-content\/uploads\/2025\/07\/Impenetrable-Kayak-en-el-Bermejo-Matias-Rebak-50-1-630x420.jpg 630w, https:\/\/modoviajeok.com.ar\/wp-content\/uploads\/2025\/07\/Impenetrable-Kayak-en-el-Bermejo-Matias-Rebak-50-1-150x100.jpg 150w, https:\/\/modoviajeok.com.ar\/wp-content\/uploads\/2025\/07\/Impenetrable-Kayak-en-el-Bermejo-Matias-Rebak-50-1-300x200.jpg 300w, https:\/\/modoviajeok.com.ar\/wp-content\/uploads\/2025\/07\/Impenetrable-Kayak-en-el-Bermejo-Matias-Rebak-50-1-696x464.jpg 696w, https:\/\/modoviajeok.com.ar\/wp-content\/uploads\/2025\/07\/Impenetrable-Kayak-en-el-Bermejo-Matias-Rebak-50-1-1068x712.jpg 1068w, https:\/\/modoviajeok.com.ar\/wp-content\/uploads\/2025\/07\/Impenetrable-Kayak-en-el-Bermejo-Matias-Rebak-50-1-1920x1280.jpg 1920w\" sizes=\"auto, (max-width: 2560px) 100vw, 2560px\" \/><\/figure>\n\n\n\n<p>El efecto es local y sostenible ya que mientras se fortalecen las ra\u00edces culturales, los beneficios econ\u00f3micos del turismo permanecen en el territorio.<\/p>\n\n\n\n<p><em>\u201c<\/em>Desde que empez\u00f3 a venir el turista, cambi\u00f3 mucho porque ahora uno tiene un extra, ahora semanal. La gente viene m\u00e1s en temporada alta. Me gusta mucho, me gusta tratar con la gente, me gusta hablar y me gusta cocinar, siempre lo hago con amor\u201d, dice Zulma Arga\u00f1araz, del Comedor Campo Alegre en el paraje La Armon\u00eda.<\/p>\n\n\n\n<p>Zulma y su hija ofrecen almuerzos y cenas desde 2012 despu\u00e9s de varias capacitaciones en cocina. \u201cEmpezamos con la producci\u00f3n de dulces y arropes una vez terminada la Escuela Taller. Aprend\u00ed mucho; a vender, a presentar el plato y ya con la formaci\u00f3n del parador, quedamos por ac\u00e1 nom\u00e1s\u201d, cuenta Zulma.<\/p>\n\n\n\n<figure class=\"wp-block-image size-full\"><img loading=\"lazy\" decoding=\"async\" width=\"2560\" height=\"1438\" src=\"https:\/\/modoviajeok.com.ar\/wp-content\/uploads\/2025\/07\/Impenetrable-Kayak-en-el-Bermejo-Matias-Rebak-66-scaled.jpg\" alt=\"\" class=\"wp-image-4562\" srcset=\"https:\/\/modoviajeok.com.ar\/wp-content\/uploads\/2025\/07\/Impenetrable-Kayak-en-el-Bermejo-Matias-Rebak-66-scaled.jpg 2560w, https:\/\/modoviajeok.com.ar\/wp-content\/uploads\/2025\/07\/Impenetrable-Kayak-en-el-Bermejo-Matias-Rebak-66-768x431.jpg 768w, https:\/\/modoviajeok.com.ar\/wp-content\/uploads\/2025\/07\/Impenetrable-Kayak-en-el-Bermejo-Matias-Rebak-66-1536x863.jpg 1536w, https:\/\/modoviajeok.com.ar\/wp-content\/uploads\/2025\/07\/Impenetrable-Kayak-en-el-Bermejo-Matias-Rebak-66-2048x1150.jpg 2048w, https:\/\/modoviajeok.com.ar\/wp-content\/uploads\/2025\/07\/Impenetrable-Kayak-en-el-Bermejo-Matias-Rebak-66-748x420.jpg 748w, https:\/\/modoviajeok.com.ar\/wp-content\/uploads\/2025\/07\/Impenetrable-Kayak-en-el-Bermejo-Matias-Rebak-66-150x84.jpg 150w, https:\/\/modoviajeok.com.ar\/wp-content\/uploads\/2025\/07\/Impenetrable-Kayak-en-el-Bermejo-Matias-Rebak-66-300x168.jpg 300w, https:\/\/modoviajeok.com.ar\/wp-content\/uploads\/2025\/07\/Impenetrable-Kayak-en-el-Bermejo-Matias-Rebak-66-696x391.jpg 696w, https:\/\/modoviajeok.com.ar\/wp-content\/uploads\/2025\/07\/Impenetrable-Kayak-en-el-Bermejo-Matias-Rebak-66-1068x600.jpg 1068w, https:\/\/modoviajeok.com.ar\/wp-content\/uploads\/2025\/07\/Impenetrable-Kayak-en-el-Bermejo-Matias-Rebak-66-1920x1078.jpg 1920w\" sizes=\"auto, (max-width: 2560px) 100vw, 2560px\" \/><\/figure>\n\n\n\n<h3 class=\"wp-block-heading\"><\/h3>\n\n\n\n<p><strong>Impacto en la regi\u00f3n<\/strong><\/p>\n\n\n\n<ul class=\"wp-block-list\">\n<li>247 encuentros de formaci\u00f3n en gastronom\u00eda, cultura, turismo y formalizaci\u00f3n de emprendimientos.<\/li>\n\n\n\n<li>168 emprendedores activos (2023). 50% participaci\u00f3n femenina.<\/li>\n\n\n\n<li>1775 visitantes al Camping La Fidelidad (2023).<\/li>\n\n\n\n<li>160.200 d\u00f3lares generados por la comunidad (2023).<\/li>\n\n\n\n<li>54 nuevas plazas de alojamiento.<\/li>\n\n\n\n<li>24.700 d\u00f3lares de ingresos por venta de m\u00e1s de 3400 productos culturales (2021-2023).<\/li>\n<\/ul>\n\n\n\n<p><strong>Potencial de crecimiento&nbsp;<\/strong><\/p>\n\n\n\n<p>En el escenario m\u00e1s r\u00e1pido, crecer\u00eda la cantidad de visitantes a 4.800 en el a\u00f1o 2034, generando ingresos proyectados a la comunidad de 860.000 d\u00f3lares y 1.800.000 d\u00f3lares de impacto econ\u00f3mico ampliado.<\/p>\n\n\n\n<p>Esta nota fue publicada originalmente en la <a href=\"https:\/\/convivimos.naranjax.com\/subidas\/Julio-2025.pdf\">Revista Convivimos<\/a>.<\/p>\n","protected":false},"excerpt":{"rendered":"<p>La creaci\u00f3n de un destino tur\u00edstico con prestadores locales y desarrollo de productos con valores culturales tiene un impacto social y econ\u00f3mico nunca antes visto en el noreste del Chaco. &nbsp;En el noreste de la provincia de Chaco, en la regi\u00f3n de El Impenetrable, la exuberancia de la naturaleza envuelve a un territorio que durante [&hellip;]<\/p>\n","protected":false},"author":2,"featured_media":4554,"comment_status":"open","ping_status":"open","sticky":false,"template":"","format":"standard","meta":{"_acf_changed":false,"footnotes":""},"categories":[13,2],"tags":[538,1097,537,231,252],"class_list":{"0":"post-4552","1":"post","2":"type-post","3":"status-publish","4":"format-standard","5":"has-post-thumbnail","7":"category-argentina","8":"category-destacadas","9":"tag-chaco","10":"tag-economia-restaurativa","11":"tag-el-impenetrable","12":"tag-parques-nacionales","13":"tag-turismo"},"acf":[],"yoast_head":"<!-- This site is optimized with the Yoast SEO plugin v24.8.1 - https:\/\/yoast.com\/wordpress\/plugins\/seo\/ -->\n<title>Los pobladores de El Impenetrable renacen junto al turismo -<\/title>\n<meta name=\"description\" content=\"La creaci\u00f3n de un destino tur\u00edstico con prestadores locales y desarrollo de productos con valores culturales tiene un impacto social y econ\u00f3mico en el Chaco.\" \/>\n<meta name=\"robots\" content=\"index, follow, max-snippet:-1, max-image-preview:large, max-video-preview:-1\" \/>\n<link rel=\"canonical\" href=\"https:\/\/modoviajeok.com.ar\/index.php\/2025\/09\/27\/los-pobladores-de-el-impenetrable-renacen-junto-al-turismo\/\" \/>\n<meta property=\"og:locale\" content=\"es_ES\" \/>\n<meta property=\"og:type\" content=\"article\" \/>\n<meta property=\"og:title\" content=\"Los pobladores de El Impenetrable renacen junto al turismo -\" \/>\n<meta property=\"og:description\" content=\"La creaci\u00f3n de un destino tur\u00edstico con prestadores locales y desarrollo de productos con valores culturales tiene un impacto social y econ\u00f3mico en el Chaco.\" \/>\n<meta property=\"og:url\" content=\"https:\/\/modoviajeok.com.ar\/index.php\/2025\/09\/27\/los-pobladores-de-el-impenetrable-renacen-junto-al-turismo\/\" \/>\n<meta property=\"article:publisher\" content=\"https:\/\/www.facebook.com\/mariana.otero1\/\" \/>\n<meta property=\"article:published_time\" content=\"2025-09-27T12:00:39+00:00\" \/>\n<meta property=\"og:image\" content=\"https:\/\/modoviajeok.com.ar\/wp-content\/uploads\/2025\/07\/WhatsApp-Image-2025-07-04-at-10.06.08-1.jpeg\" \/>\n\t<meta property=\"og:image:width\" content=\"900\" \/>\n\t<meta property=\"og:image:height\" content=\"1600\" \/>\n\t<meta property=\"og:image:type\" content=\"image\/jpeg\" \/>\n<meta name=\"author\" content=\"Mariana Otero\" \/>\n<meta name=\"twitter:card\" content=\"summary_large_image\" \/>\n<meta name=\"twitter:label1\" content=\"Escrito por\" \/>\n\t<meta name=\"twitter:data1\" content=\"Mariana Otero\" \/>\n\t<meta name=\"twitter:label2\" content=\"Tiempo de lectura\" \/>\n\t<meta name=\"twitter:data2\" content=\"10 minutos\" \/>\n<script type=\"application\/ld+json\" class=\"yoast-schema-graph\">{\"@context\":\"https:\/\/schema.org\",\"@graph\":[{\"@type\":\"Article\",\"@id\":\"https:\/\/modoviajeok.com.ar\/index.php\/2025\/09\/27\/los-pobladores-de-el-impenetrable-renacen-junto-al-turismo\/#article\",\"isPartOf\":{\"@id\":\"https:\/\/modoviajeok.com.ar\/index.php\/2025\/09\/27\/los-pobladores-de-el-impenetrable-renacen-junto-al-turismo\/\"},\"author\":{\"name\":\"Mariana Otero\",\"@id\":\"https:\/\/modoviajeok.com.ar\/#\/schema\/person\/1187013488537969db5b1320484d24f4\"},\"headline\":\"Los pobladores de El Impenetrable renacen junto al turismo\",\"datePublished\":\"2025-09-27T12:00:39+00:00\",\"mainEntityOfPage\":{\"@id\":\"https:\/\/modoviajeok.com.ar\/index.php\/2025\/09\/27\/los-pobladores-de-el-impenetrable-renacen-junto-al-turismo\/\"},\"wordCount\":1621,\"commentCount\":0,\"publisher\":{\"@id\":\"https:\/\/modoviajeok.com.ar\/#organization\"},\"image\":{\"@id\":\"https:\/\/modoviajeok.com.ar\/index.php\/2025\/09\/27\/los-pobladores-de-el-impenetrable-renacen-junto-al-turismo\/#primaryimage\"},\"thumbnailUrl\":\"https:\/\/modoviajeok.com.ar\/wp-content\/uploads\/2025\/07\/WhatsApp-Image-2025-07-04-at-10.06.08-1.jpeg\",\"keywords\":[\"chaco\",\"econom\u00eda restaurativa\",\"el impenetrable\",\"parques nacionales\",\"turismo\"],\"articleSection\":[\"Argentina\",\"Destacadas\"],\"inLanguage\":\"es\",\"potentialAction\":[{\"@type\":\"CommentAction\",\"name\":\"Comment\",\"target\":[\"https:\/\/modoviajeok.com.ar\/index.php\/2025\/09\/27\/los-pobladores-de-el-impenetrable-renacen-junto-al-turismo\/#respond\"]}]},{\"@type\":\"WebPage\",\"@id\":\"https:\/\/modoviajeok.com.ar\/index.php\/2025\/09\/27\/los-pobladores-de-el-impenetrable-renacen-junto-al-turismo\/\",\"url\":\"https:\/\/modoviajeok.com.ar\/index.php\/2025\/09\/27\/los-pobladores-de-el-impenetrable-renacen-junto-al-turismo\/\",\"name\":\"Los pobladores de El Impenetrable renacen junto al turismo -\",\"isPartOf\":{\"@id\":\"https:\/\/modoviajeok.com.ar\/#website\"},\"primaryImageOfPage\":{\"@id\":\"https:\/\/modoviajeok.com.ar\/index.php\/2025\/09\/27\/los-pobladores-de-el-impenetrable-renacen-junto-al-turismo\/#primaryimage\"},\"image\":{\"@id\":\"https:\/\/modoviajeok.com.ar\/index.php\/2025\/09\/27\/los-pobladores-de-el-impenetrable-renacen-junto-al-turismo\/#primaryimage\"},\"thumbnailUrl\":\"https:\/\/modoviajeok.com.ar\/wp-content\/uploads\/2025\/07\/WhatsApp-Image-2025-07-04-at-10.06.08-1.jpeg\",\"datePublished\":\"2025-09-27T12:00:39+00:00\",\"description\":\"La creaci\u00f3n de un destino tur\u00edstico con prestadores locales y desarrollo de productos con valores culturales tiene un impacto social y econ\u00f3mico en el Chaco.\",\"breadcrumb\":{\"@id\":\"https:\/\/modoviajeok.com.ar\/index.php\/2025\/09\/27\/los-pobladores-de-el-impenetrable-renacen-junto-al-turismo\/#breadcrumb\"},\"inLanguage\":\"es\",\"potentialAction\":[{\"@type\":\"ReadAction\",\"target\":[\"https:\/\/modoviajeok.com.ar\/index.php\/2025\/09\/27\/los-pobladores-de-el-impenetrable-renacen-junto-al-turismo\/\"]}]},{\"@type\":\"ImageObject\",\"inLanguage\":\"es\",\"@id\":\"https:\/\/modoviajeok.com.ar\/index.php\/2025\/09\/27\/los-pobladores-de-el-impenetrable-renacen-junto-al-turismo\/#primaryimage\",\"url\":\"https:\/\/modoviajeok.com.ar\/wp-content\/uploads\/2025\/07\/WhatsApp-Image-2025-07-04-at-10.06.08-1.jpeg\",\"contentUrl\":\"https:\/\/modoviajeok.com.ar\/wp-content\/uploads\/2025\/07\/WhatsApp-Image-2025-07-04-at-10.06.08-1.jpeg\",\"width\":900,\"height\":1600},{\"@type\":\"BreadcrumbList\",\"@id\":\"https:\/\/modoviajeok.com.ar\/index.php\/2025\/09\/27\/los-pobladores-de-el-impenetrable-renacen-junto-al-turismo\/#breadcrumb\",\"itemListElement\":[{\"@type\":\"ListItem\",\"position\":1,\"name\":\"Portada\",\"item\":\"https:\/\/modoviajeok.com.ar\/\"},{\"@type\":\"ListItem\",\"position\":2,\"name\":\"Los pobladores de El Impenetrable renacen junto al turismo\"}]},{\"@type\":\"WebSite\",\"@id\":\"https:\/\/modoviajeok.com.ar\/#website\",\"url\":\"https:\/\/modoviajeok.com.ar\/\",\"name\":\"ModoViajeOK\",\"description\":\"\",\"publisher\":{\"@id\":\"https:\/\/modoviajeok.com.ar\/#organization\"},\"potentialAction\":[{\"@type\":\"SearchAction\",\"target\":{\"@type\":\"EntryPoint\",\"urlTemplate\":\"https:\/\/modoviajeok.com.ar\/?s={search_term_string}\"},\"query-input\":{\"@type\":\"PropertyValueSpecification\",\"valueRequired\":true,\"valueName\":\"search_term_string\"}}],\"inLanguage\":\"es\"},{\"@type\":\"Organization\",\"@id\":\"https:\/\/modoviajeok.com.ar\/#organization\",\"name\":\"ModoViajeOK\",\"url\":\"https:\/\/modoviajeok.com.ar\/\",\"logo\":{\"@type\":\"ImageObject\",\"inLanguage\":\"es\",\"@id\":\"https:\/\/modoviajeok.com.ar\/#\/schema\/logo\/image\/\",\"url\":\"https:\/\/modoviajeok.com.ar\/wp-content\/uploads\/2025\/01\/Logo-modoviajeok.png\",\"contentUrl\":\"https:\/\/modoviajeok.com.ar\/wp-content\/uploads\/2025\/01\/Logo-modoviajeok.png\",\"width\":2938,\"height\":2276,\"caption\":\"ModoViajeOK\"},\"image\":{\"@id\":\"https:\/\/modoviajeok.com.ar\/#\/schema\/logo\/image\/\"},\"sameAs\":[\"https:\/\/www.facebook.com\/mariana.otero1\/\",\"https:\/\/www.instagram.com\/modoviaje.ok\/\"]},{\"@type\":\"Person\",\"@id\":\"https:\/\/modoviajeok.com.ar\/#\/schema\/person\/1187013488537969db5b1320484d24f4\",\"name\":\"Mariana Otero\",\"image\":{\"@type\":\"ImageObject\",\"inLanguage\":\"es\",\"@id\":\"https:\/\/modoviajeok.com.ar\/#\/schema\/person\/image\/\",\"url\":\"https:\/\/secure.gravatar.com\/avatar\/8a91a502a9336849a3500b9090c431bc1418f1d1263d893afeddba065f5add82?s=96&d=mm&r=g\",\"contentUrl\":\"https:\/\/secure.gravatar.com\/avatar\/8a91a502a9336849a3500b9090c431bc1418f1d1263d893afeddba065f5add82?s=96&d=mm&r=g\",\"caption\":\"Mariana Otero\"},\"url\":\"https:\/\/modoviajeok.com.ar\/index.php\/author\/mariana2025\/\"}]}<\/script>\n<!-- \/ Yoast SEO plugin. -->","yoast_head_json":{"title":"Los pobladores de El Impenetrable renacen junto al turismo -","description":"La creaci\u00f3n de un destino tur\u00edstico con prestadores locales y desarrollo de productos con valores culturales tiene un impacto social y econ\u00f3mico en el Chaco.","robots":{"index":"index","follow":"follow","max-snippet":"max-snippet:-1","max-image-preview":"max-image-preview:large","max-video-preview":"max-video-preview:-1"},"canonical":"https:\/\/modoviajeok.com.ar\/index.php\/2025\/09\/27\/los-pobladores-de-el-impenetrable-renacen-junto-al-turismo\/","og_locale":"es_ES","og_type":"article","og_title":"Los pobladores de El Impenetrable renacen junto al turismo -","og_description":"La creaci\u00f3n de un destino tur\u00edstico con prestadores locales y desarrollo de productos con valores culturales tiene un impacto social y econ\u00f3mico en el Chaco.","og_url":"https:\/\/modoviajeok.com.ar\/index.php\/2025\/09\/27\/los-pobladores-de-el-impenetrable-renacen-junto-al-turismo\/","article_publisher":"https:\/\/www.facebook.com\/mariana.otero1\/","article_published_time":"2025-09-27T12:00:39+00:00","og_image":[{"width":900,"height":1600,"url":"https:\/\/modoviajeok.com.ar\/wp-content\/uploads\/2025\/07\/WhatsApp-Image-2025-07-04-at-10.06.08-1.jpeg","type":"image\/jpeg"}],"author":"Mariana Otero","twitter_card":"summary_large_image","twitter_misc":{"Escrito por":"Mariana Otero","Tiempo de lectura":"10 minutos"},"schema":{"@context":"https:\/\/schema.org","@graph":[{"@type":"Article","@id":"https:\/\/modoviajeok.com.ar\/index.php\/2025\/09\/27\/los-pobladores-de-el-impenetrable-renacen-junto-al-turismo\/#article","isPartOf":{"@id":"https:\/\/modoviajeok.com.ar\/index.php\/2025\/09\/27\/los-pobladores-de-el-impenetrable-renacen-junto-al-turismo\/"},"author":{"name":"Mariana Otero","@id":"https:\/\/modoviajeok.com.ar\/#\/schema\/person\/1187013488537969db5b1320484d24f4"},"headline":"Los pobladores de El Impenetrable renacen junto al turismo","datePublished":"2025-09-27T12:00:39+00:00","mainEntityOfPage":{"@id":"https:\/\/modoviajeok.com.ar\/index.php\/2025\/09\/27\/los-pobladores-de-el-impenetrable-renacen-junto-al-turismo\/"},"wordCount":1621,"commentCount":0,"publisher":{"@id":"https:\/\/modoviajeok.com.ar\/#organization"},"image":{"@id":"https:\/\/modoviajeok.com.ar\/index.php\/2025\/09\/27\/los-pobladores-de-el-impenetrable-renacen-junto-al-turismo\/#primaryimage"},"thumbnailUrl":"https:\/\/modoviajeok.com.ar\/wp-content\/uploads\/2025\/07\/WhatsApp-Image-2025-07-04-at-10.06.08-1.jpeg","keywords":["chaco","econom\u00eda restaurativa","el impenetrable","parques nacionales","turismo"],"articleSection":["Argentina","Destacadas"],"inLanguage":"es","potentialAction":[{"@type":"CommentAction","name":"Comment","target":["https:\/\/modoviajeok.com.ar\/index.php\/2025\/09\/27\/los-pobladores-de-el-impenetrable-renacen-junto-al-turismo\/#respond"]}]},{"@type":"WebPage","@id":"https:\/\/modoviajeok.com.ar\/index.php\/2025\/09\/27\/los-pobladores-de-el-impenetrable-renacen-junto-al-turismo\/","url":"https:\/\/modoviajeok.com.ar\/index.php\/2025\/09\/27\/los-pobladores-de-el-impenetrable-renacen-junto-al-turismo\/","name":"Los pobladores de El Impenetrable renacen junto al turismo -","isPartOf":{"@id":"https:\/\/modoviajeok.com.ar\/#website"},"primaryImageOfPage":{"@id":"https:\/\/modoviajeok.com.ar\/index.php\/2025\/09\/27\/los-pobladores-de-el-impenetrable-renacen-junto-al-turismo\/#primaryimage"},"image":{"@id":"https:\/\/modoviajeok.com.ar\/index.php\/2025\/09\/27\/los-pobladores-de-el-impenetrable-renacen-junto-al-turismo\/#primaryimage"},"thumbnailUrl":"https:\/\/modoviajeok.com.ar\/wp-content\/uploads\/2025\/07\/WhatsApp-Image-2025-07-04-at-10.06.08-1.jpeg","datePublished":"2025-09-27T12:00:39+00:00","description":"La creaci\u00f3n de un destino tur\u00edstico con prestadores locales y desarrollo de productos con valores culturales tiene un impacto social y econ\u00f3mico en el Chaco.","breadcrumb":{"@id":"https:\/\/modoviajeok.com.ar\/index.php\/2025\/09\/27\/los-pobladores-de-el-impenetrable-renacen-junto-al-turismo\/#breadcrumb"},"inLanguage":"es","potentialAction":[{"@type":"ReadAction","target":["https:\/\/modoviajeok.com.ar\/index.php\/2025\/09\/27\/los-pobladores-de-el-impenetrable-renacen-junto-al-turismo\/"]}]},{"@type":"ImageObject","inLanguage":"es","@id":"https:\/\/modoviajeok.com.ar\/index.php\/2025\/09\/27\/los-pobladores-de-el-impenetrable-renacen-junto-al-turismo\/#primaryimage","url":"https:\/\/modoviajeok.com.ar\/wp-content\/uploads\/2025\/07\/WhatsApp-Image-2025-07-04-at-10.06.08-1.jpeg","contentUrl":"https:\/\/modoviajeok.com.ar\/wp-content\/uploads\/2025\/07\/WhatsApp-Image-2025-07-04-at-10.06.08-1.jpeg","width":900,"height":1600},{"@type":"BreadcrumbList","@id":"https:\/\/modoviajeok.com.ar\/index.php\/2025\/09\/27\/los-pobladores-de-el-impenetrable-renacen-junto-al-turismo\/#breadcrumb","itemListElement":[{"@type":"ListItem","position":1,"name":"Portada","item":"https:\/\/modoviajeok.com.ar\/"},{"@type":"ListItem","position":2,"name":"Los pobladores de El Impenetrable renacen junto al turismo"}]},{"@type":"WebSite","@id":"https:\/\/modoviajeok.com.ar\/#website","url":"https:\/\/modoviajeok.com.ar\/","name":"ModoViajeOK","description":"","publisher":{"@id":"https:\/\/modoviajeok.com.ar\/#organization"},"potentialAction":[{"@type":"SearchAction","target":{"@type":"EntryPoint","urlTemplate":"https:\/\/modoviajeok.com.ar\/?s={search_term_string}"},"query-input":{"@type":"PropertyValueSpecification","valueRequired":true,"valueName":"search_term_string"}}],"inLanguage":"es"},{"@type":"Organization","@id":"https:\/\/modoviajeok.com.ar\/#organization","name":"ModoViajeOK","url":"https:\/\/modoviajeok.com.ar\/","logo":{"@type":"ImageObject","inLanguage":"es","@id":"https:\/\/modoviajeok.com.ar\/#\/schema\/logo\/image\/","url":"https:\/\/modoviajeok.com.ar\/wp-content\/uploads\/2025\/01\/Logo-modoviajeok.png","contentUrl":"https:\/\/modoviajeok.com.ar\/wp-content\/uploads\/2025\/01\/Logo-modoviajeok.png","width":2938,"height":2276,"caption":"ModoViajeOK"},"image":{"@id":"https:\/\/modoviajeok.com.ar\/#\/schema\/logo\/image\/"},"sameAs":["https:\/\/www.facebook.com\/mariana.otero1\/","https:\/\/www.instagram.com\/modoviaje.ok\/"]},{"@type":"Person","@id":"https:\/\/modoviajeok.com.ar\/#\/schema\/person\/1187013488537969db5b1320484d24f4","name":"Mariana Otero","image":{"@type":"ImageObject","inLanguage":"es","@id":"https:\/\/modoviajeok.com.ar\/#\/schema\/person\/image\/","url":"https:\/\/secure.gravatar.com\/avatar\/8a91a502a9336849a3500b9090c431bc1418f1d1263d893afeddba065f5add82?s=96&d=mm&r=g","contentUrl":"https:\/\/secure.gravatar.com\/avatar\/8a91a502a9336849a3500b9090c431bc1418f1d1263d893afeddba065f5add82?s=96&d=mm&r=g","caption":"Mariana Otero"},"url":"https:\/\/modoviajeok.com.ar\/index.php\/author\/mariana2025\/"}]}},"_links":{"self":[{"href":"https:\/\/modoviajeok.com.ar\/index.php\/wp-json\/wp\/v2\/posts\/4552","targetHints":{"allow":["GET"]}}],"collection":[{"href":"https:\/\/modoviajeok.com.ar\/index.php\/wp-json\/wp\/v2\/posts"}],"about":[{"href":"https:\/\/modoviajeok.com.ar\/index.php\/wp-json\/wp\/v2\/types\/post"}],"author":[{"embeddable":true,"href":"https:\/\/modoviajeok.com.ar\/index.php\/wp-json\/wp\/v2\/users\/2"}],"replies":[{"embeddable":true,"href":"https:\/\/modoviajeok.com.ar\/index.php\/wp-json\/wp\/v2\/comments?post=4552"}],"version-history":[{"count":2,"href":"https:\/\/modoviajeok.com.ar\/index.php\/wp-json\/wp\/v2\/posts\/4552\/revisions"}],"predecessor-version":[{"id":4566,"href":"https:\/\/modoviajeok.com.ar\/index.php\/wp-json\/wp\/v2\/posts\/4552\/revisions\/4566"}],"wp:featuredmedia":[{"embeddable":true,"href":"https:\/\/modoviajeok.com.ar\/index.php\/wp-json\/wp\/v2\/media\/4554"}],"wp:attachment":[{"href":"https:\/\/modoviajeok.com.ar\/index.php\/wp-json\/wp\/v2\/media?parent=4552"}],"wp:term":[{"taxonomy":"category","embeddable":true,"href":"https:\/\/modoviajeok.com.ar\/index.php\/wp-json\/wp\/v2\/categories?post=4552"},{"taxonomy":"post_tag","embeddable":true,"href":"https:\/\/modoviajeok.com.ar\/index.php\/wp-json\/wp\/v2\/tags?post=4552"}],"curies":[{"name":"wp","href":"https:\/\/api.w.org\/{rel}","templated":true}]}}