{"id":4592,"date":"2025-07-10T09:00:09","date_gmt":"2025-07-10T12:00:09","guid":{"rendered":"https:\/\/modoviajeok.com.ar\/?p=4592"},"modified":"2025-07-15T19:16:47","modified_gmt":"2025-07-15T22:16:47","slug":"la-musica-barroca-se-deja-oir-en-los-espacios-emblematicos-de-cordoba","status":"publish","type":"post","link":"https:\/\/modoviajeok.com.ar\/index.php\/2025\/07\/10\/la-musica-barroca-se-deja-oir-en-los-espacios-emblematicos-de-cordoba\/","title":{"rendered":"La M\u00fasica Barroca se deja o\u00edr en los espacios emblem\u00e1ticos de C\u00f3rdoba"},"content":{"rendered":"\n<figure class=\"wp-block-pullquote\"><blockquote><p>Hasta el 20 de julio, el festival de M\u00fasica Barroca de Dos Mundos despliega una extensa grilla de conciertos majestuosos y se consolida como una cita imperdible del calendario cultural cordob\u00e9s.<\/p><\/blockquote><\/figure>\n\n\n\n<p><\/p>\n\n\n\n<p><\/p>\n\n\n\n<p>Ya est\u00e1 en marcha el IV <strong>Festival de M\u00fasica Barroca de Dos Mundos<\/strong>, un encuentro que llena de melod\u00edas hist\u00f3ricas los rincones m\u00e1s emblem\u00e1ticos de la ciudad. Hasta el <strong>20 de julio<\/strong>, el festival despliega una extensa grilla de conciertos majestuosos y se consolida como una cita imperdible del calendario cultural cordob\u00e9s. Este a\u00f1o, la celebraci\u00f3n adquiere un matiz especial al coincidir con el aniversario de la fundaci\u00f3n de C\u00f3rdoba y las vacaciones de invierno.<\/p>\n\n\n\n<p> <strong>Una edici\u00f3n especial<\/strong><\/p>\n\n\n\n<p>Esta edici\u00f3n se desarrolla en el marco del&nbsp;<strong>25\u00b0 aniversario de la declaraci\u00f3n de la Manzana Jesu\u00edtica y las Estancias como Patrimonio Cultural de la Humanidad<\/strong>&nbsp;por la UNESCO. El director art\u00edstico del festival es el&nbsp;<strong>Dr. Bernardo Illari<\/strong>, music\u00f3logo cordob\u00e9s, profesor en la Universidad de North Texas y referente internacional en el campo de la m\u00fasica del Barroco Colonial Hispanoamericano.<\/p>\n\n\n\n<p>El nombre del festival rinde homenaje al \u00faltimo disco del conjunto&nbsp;<strong>M\u00fasica Segreta<\/strong>, editado en 1994 bajo el t\u00edtulo&nbsp;<em>M\u00fasica de Dos Mundos<\/em>. Este conjunto es dirigido por el&nbsp;<strong>Dr. Leonardo Waisman<\/strong>, pionero en la interpretaci\u00f3n del repertorio colonial en Argentina.<\/p>\n\n\n\n<figure class=\"wp-block-image size-full is-resized\"><img decoding=\"async\" src=\"https:\/\/modoviajeok.com.ar\/wp-content\/uploads\/2025\/07\/concierto-inaugural-edicion-3-editada-A1aP72NzN5io1Jqe.avif\" alt=\"\" class=\"wp-image-4595\" style=\"width:796px;height:auto\"\/><\/figure>\n\n\n\n<p><strong>Artistas y espacios protagonistas<\/strong><\/p>\n\n\n\n<p>Participan de esta edici\u00f3n el conjunto anfitri\u00f3n&nbsp;<strong>Confluencia Barroca<\/strong>, el&nbsp;<strong>Coro Municipal de C\u00f3rdoba<\/strong>, la&nbsp;<strong>Red de Orquestas Barriales<\/strong>, el&nbsp;<strong>Coro de Ni\u00f1os Cantores<\/strong>, el&nbsp;<strong>Coro de la Tecnicatura del ISEAM Domingo Zipoli<\/strong>,&nbsp;<strong>Amalgamas y Texturas Ensamble Sincr\u00e9tico<\/strong>&nbsp;(La Paz, Bolivia), el&nbsp;<strong>Ensamble \u00cdride<\/strong>&nbsp;(Rosario, Santa Fe),&nbsp;<strong>Gonzalo Antu\u00f1a y el Ensamble Nun<\/strong>&nbsp;(R\u00edo Cuarto, C\u00f3rdoba), y&nbsp;<strong>Confluencia de Dos Mundos<\/strong>&nbsp;(C\u00f3rdoba, Santa Fe, Paran\u00e1).<\/p>\n\n\n\n<p>Los conciertos se desarrollan en espacios patrimoniales de gran valor hist\u00f3rico y ac\u00fastico, como la&nbsp;<strong>Iglesia de la Compa\u00f1\u00eda de Jes\u00fas<\/strong>, el&nbsp;<strong>Colegio Monserrat<\/strong>, el&nbsp;<strong>Museo Evita Palacio Ferreyra<\/strong>, el&nbsp;<strong>Museo Nacional Estancia Jesu\u00edtica de Jes\u00fas Mar\u00eda<\/strong>, el&nbsp;<strong>Museo Hist\u00f3rico Provincial Marqu\u00e9s de Sobremonte<\/strong>, la&nbsp;<strong>Estancia Jesu\u00edtica Santa Catalina<\/strong>, la&nbsp;<strong>Iglesia de Santa Teresa<\/strong>, la&nbsp;<strong>Sala de las Am\u00e9ricas \u2013 Pabell\u00f3n Argentina (UNC)<\/strong>&nbsp;y el&nbsp;<strong>Centro Cultural Espa\u00f1a C\u00f3rdoba<\/strong>.<\/p>\n\n\n\n<p>El repertorio incluye obras barrocas europeas (el Viejo Mundo) e hispanoamericanas (el Nuevo Mundo), en un di\u00e1logo musical que permite contrastar y descubrir los sonidos de fines del siglo XVII y principios del XVIII a ambos lados del Atl\u00e1ntico. Cada concierto propone un viaje imaginario entre capitales europeas, ciudades coloniales y reducciones jesu\u00edticas.<\/p>\n\n\n\n<p>La programaci\u00f3n completa del festival, con todos los detalles de cada puesta en escena, est\u00e1 disponible en\u00a0<a href=\"http:\/\/festivaldemusicabarrocadedosmundos.com\">http:\/\/festivaldemusicabarrocadedosmundos.com<\/a> <\/p>\n\n\n\n<p><\/p>\n","protected":false},"excerpt":{"rendered":"<p>Hasta el 20 de julio, el festival de M\u00fasica Barroca de Dos Mundos despliega una extensa grilla de conciertos majestuosos y se consolida como una cita imperdible del calendario cultural cordob\u00e9s. Ya est\u00e1 en marcha el IV Festival de M\u00fasica Barroca de Dos Mundos, un encuentro que llena de melod\u00edas hist\u00f3ricas los rincones m\u00e1s emblem\u00e1ticos [&hellip;]<\/p>\n","protected":false},"author":3,"featured_media":4594,"comment_status":"open","ping_status":"open","sticky":false,"template":"","format":"standard","meta":{"_acf_changed":false,"footnotes":""},"categories":[11,10,12],"tags":[1109,1110],"class_list":{"0":"post-4592","1":"post","2":"type-post","3":"status-publish","4":"format-standard","5":"has-post-thumbnail","7":"category-cordoba","8":"category-noticias","9":"category-novedades","10":"tag-festival-de-musica-barroca-de-dos-mundos","11":"tag-iglesia-de-la-compania-de-jesus"},"acf":[],"yoast_head":"<!-- This site is optimized with the Yoast SEO plugin v24.8.1 - https:\/\/yoast.com\/wordpress\/plugins\/seo\/ -->\n<title>La M\u00fasica Barroca se deja o\u00edr en los espacios emblem\u00e1ticos de C\u00f3rdoba -<\/title>\n<meta name=\"robots\" content=\"index, follow, max-snippet:-1, max-image-preview:large, max-video-preview:-1\" \/>\n<link rel=\"canonical\" href=\"https:\/\/modoviajeok.com.ar\/index.php\/2025\/07\/10\/la-musica-barroca-se-deja-oir-en-los-espacios-emblematicos-de-cordoba\/\" \/>\n<meta property=\"og:locale\" content=\"es_ES\" \/>\n<meta property=\"og:type\" content=\"article\" \/>\n<meta property=\"og:title\" content=\"La M\u00fasica Barroca se deja o\u00edr en los espacios emblem\u00e1ticos de C\u00f3rdoba -\" \/>\n<meta property=\"og:description\" content=\"Hasta el 20 de julio, el festival de M\u00fasica Barroca de Dos Mundos despliega una extensa grilla de conciertos majestuosos y se consolida como una cita imperdible del calendario cultural cordob\u00e9s. Ya est\u00e1 en marcha el IV Festival de M\u00fasica Barroca de Dos Mundos, un encuentro que llena de melod\u00edas hist\u00f3ricas los rincones m\u00e1s emblem\u00e1ticos [&hellip;]\" \/>\n<meta property=\"og:url\" content=\"https:\/\/modoviajeok.com.ar\/index.php\/2025\/07\/10\/la-musica-barroca-se-deja-oir-en-los-espacios-emblematicos-de-cordoba\/\" \/>\n<meta property=\"article:publisher\" content=\"https:\/\/www.facebook.com\/mariana.otero1\/\" \/>\n<meta property=\"article:published_time\" content=\"2025-07-10T12:00:09+00:00\" \/>\n<meta property=\"article:modified_time\" content=\"2025-07-15T22:16:47+00:00\" \/>\n<meta property=\"og:image\" content=\"https:\/\/modoviajeok.com.ar\/wp-content\/uploads\/2025\/07\/36.jpg\" \/>\n\t<meta property=\"og:image:width\" content=\"640\" \/>\n\t<meta property=\"og:image:height\" content=\"300\" \/>\n\t<meta property=\"og:image:type\" content=\"image\/jpeg\" \/>\n<meta name=\"author\" content=\"Pepe Segura\" \/>\n<meta name=\"twitter:card\" content=\"summary_large_image\" \/>\n<meta name=\"twitter:label1\" content=\"Escrito por\" \/>\n\t<meta name=\"twitter:data1\" content=\"Pepe Segura\" \/>\n\t<meta name=\"twitter:label2\" content=\"Tiempo de lectura\" \/>\n\t<meta name=\"twitter:data2\" content=\"3 minutos\" \/>\n<script type=\"application\/ld+json\" class=\"yoast-schema-graph\">{\"@context\":\"https:\/\/schema.org\",\"@graph\":[{\"@type\":\"Article\",\"@id\":\"https:\/\/modoviajeok.com.ar\/index.php\/2025\/07\/10\/la-musica-barroca-se-deja-oir-en-los-espacios-emblematicos-de-cordoba\/#article\",\"isPartOf\":{\"@id\":\"https:\/\/modoviajeok.com.ar\/index.php\/2025\/07\/10\/la-musica-barroca-se-deja-oir-en-los-espacios-emblematicos-de-cordoba\/\"},\"author\":{\"name\":\"Pepe Segura\",\"@id\":\"https:\/\/modoviajeok.com.ar\/#\/schema\/person\/2e299ed0d3d412a01d244fe28260d7f5\"},\"headline\":\"La M\u00fasica Barroca se deja o\u00edr en los espacios emblem\u00e1ticos de C\u00f3rdoba\",\"datePublished\":\"2025-07-10T12:00:09+00:00\",\"dateModified\":\"2025-07-15T22:16:47+00:00\",\"mainEntityOfPage\":{\"@id\":\"https:\/\/modoviajeok.com.ar\/index.php\/2025\/07\/10\/la-musica-barroca-se-deja-oir-en-los-espacios-emblematicos-de-cordoba\/\"},\"wordCount\":513,\"commentCount\":0,\"publisher\":{\"@id\":\"https:\/\/modoviajeok.com.ar\/#organization\"},\"image\":{\"@id\":\"https:\/\/modoviajeok.com.ar\/index.php\/2025\/07\/10\/la-musica-barroca-se-deja-oir-en-los-espacios-emblematicos-de-cordoba\/#primaryimage\"},\"thumbnailUrl\":\"https:\/\/modoviajeok.com.ar\/wp-content\/uploads\/2025\/07\/36.jpg\",\"keywords\":[\"festival de musica barroca de dos mundos\",\"iglesia de la compa\u00f1ia de jesus\"],\"articleSection\":[\"C\u00f3rdoba\",\"Noticias\",\"Novedades\"],\"inLanguage\":\"es\",\"potentialAction\":[{\"@type\":\"CommentAction\",\"name\":\"Comment\",\"target\":[\"https:\/\/modoviajeok.com.ar\/index.php\/2025\/07\/10\/la-musica-barroca-se-deja-oir-en-los-espacios-emblematicos-de-cordoba\/#respond\"]}]},{\"@type\":\"WebPage\",\"@id\":\"https:\/\/modoviajeok.com.ar\/index.php\/2025\/07\/10\/la-musica-barroca-se-deja-oir-en-los-espacios-emblematicos-de-cordoba\/\",\"url\":\"https:\/\/modoviajeok.com.ar\/index.php\/2025\/07\/10\/la-musica-barroca-se-deja-oir-en-los-espacios-emblematicos-de-cordoba\/\",\"name\":\"La M\u00fasica Barroca se deja o\u00edr en los espacios emblem\u00e1ticos de C\u00f3rdoba -\",\"isPartOf\":{\"@id\":\"https:\/\/modoviajeok.com.ar\/#website\"},\"primaryImageOfPage\":{\"@id\":\"https:\/\/modoviajeok.com.ar\/index.php\/2025\/07\/10\/la-musica-barroca-se-deja-oir-en-los-espacios-emblematicos-de-cordoba\/#primaryimage\"},\"image\":{\"@id\":\"https:\/\/modoviajeok.com.ar\/index.php\/2025\/07\/10\/la-musica-barroca-se-deja-oir-en-los-espacios-emblematicos-de-cordoba\/#primaryimage\"},\"thumbnailUrl\":\"https:\/\/modoviajeok.com.ar\/wp-content\/uploads\/2025\/07\/36.jpg\",\"datePublished\":\"2025-07-10T12:00:09+00:00\",\"dateModified\":\"2025-07-15T22:16:47+00:00\",\"breadcrumb\":{\"@id\":\"https:\/\/modoviajeok.com.ar\/index.php\/2025\/07\/10\/la-musica-barroca-se-deja-oir-en-los-espacios-emblematicos-de-cordoba\/#breadcrumb\"},\"inLanguage\":\"es\",\"potentialAction\":[{\"@type\":\"ReadAction\",\"target\":[\"https:\/\/modoviajeok.com.ar\/index.php\/2025\/07\/10\/la-musica-barroca-se-deja-oir-en-los-espacios-emblematicos-de-cordoba\/\"]}]},{\"@type\":\"ImageObject\",\"inLanguage\":\"es\",\"@id\":\"https:\/\/modoviajeok.com.ar\/index.php\/2025\/07\/10\/la-musica-barroca-se-deja-oir-en-los-espacios-emblematicos-de-cordoba\/#primaryimage\",\"url\":\"https:\/\/modoviajeok.com.ar\/wp-content\/uploads\/2025\/07\/36.jpg\",\"contentUrl\":\"https:\/\/modoviajeok.com.ar\/wp-content\/uploads\/2025\/07\/36.jpg\",\"width\":640,\"height\":300},{\"@type\":\"BreadcrumbList\",\"@id\":\"https:\/\/modoviajeok.com.ar\/index.php\/2025\/07\/10\/la-musica-barroca-se-deja-oir-en-los-espacios-emblematicos-de-cordoba\/#breadcrumb\",\"itemListElement\":[{\"@type\":\"ListItem\",\"position\":1,\"name\":\"Portada\",\"item\":\"https:\/\/modoviajeok.com.ar\/\"},{\"@type\":\"ListItem\",\"position\":2,\"name\":\"La M\u00fasica Barroca se deja o\u00edr en los espacios emblem\u00e1ticos de C\u00f3rdoba\"}]},{\"@type\":\"WebSite\",\"@id\":\"https:\/\/modoviajeok.com.ar\/#website\",\"url\":\"https:\/\/modoviajeok.com.ar\/\",\"name\":\"ModoViajeOK\",\"description\":\"\",\"publisher\":{\"@id\":\"https:\/\/modoviajeok.com.ar\/#organization\"},\"potentialAction\":[{\"@type\":\"SearchAction\",\"target\":{\"@type\":\"EntryPoint\",\"urlTemplate\":\"https:\/\/modoviajeok.com.ar\/?s={search_term_string}\"},\"query-input\":{\"@type\":\"PropertyValueSpecification\",\"valueRequired\":true,\"valueName\":\"search_term_string\"}}],\"inLanguage\":\"es\"},{\"@type\":\"Organization\",\"@id\":\"https:\/\/modoviajeok.com.ar\/#organization\",\"name\":\"ModoViajeOK\",\"url\":\"https:\/\/modoviajeok.com.ar\/\",\"logo\":{\"@type\":\"ImageObject\",\"inLanguage\":\"es\",\"@id\":\"https:\/\/modoviajeok.com.ar\/#\/schema\/logo\/image\/\",\"url\":\"https:\/\/modoviajeok.com.ar\/wp-content\/uploads\/2025\/01\/Logo-modoviajeok.png\",\"contentUrl\":\"https:\/\/modoviajeok.com.ar\/wp-content\/uploads\/2025\/01\/Logo-modoviajeok.png\",\"width\":2938,\"height\":2276,\"caption\":\"ModoViajeOK\"},\"image\":{\"@id\":\"https:\/\/modoviajeok.com.ar\/#\/schema\/logo\/image\/\"},\"sameAs\":[\"https:\/\/www.facebook.com\/mariana.otero1\/\",\"https:\/\/www.instagram.com\/modoviaje.ok\/\"]},{\"@type\":\"Person\",\"@id\":\"https:\/\/modoviajeok.com.ar\/#\/schema\/person\/2e299ed0d3d412a01d244fe28260d7f5\",\"name\":\"Pepe Segura\",\"image\":{\"@type\":\"ImageObject\",\"inLanguage\":\"es\",\"@id\":\"https:\/\/modoviajeok.com.ar\/#\/schema\/person\/image\/\",\"url\":\"https:\/\/secure.gravatar.com\/avatar\/65eb4b34deed761327f5b2c5535b987318ae807900ac46426de7258f5de6d345?s=96&d=mm&r=g\",\"contentUrl\":\"https:\/\/secure.gravatar.com\/avatar\/65eb4b34deed761327f5b2c5535b987318ae807900ac46426de7258f5de6d345?s=96&d=mm&r=g\",\"caption\":\"Pepe Segura\"},\"url\":\"https:\/\/modoviajeok.com.ar\/index.php\/author\/pepe2025\/\"}]}<\/script>\n<!-- \/ Yoast SEO plugin. -->","yoast_head_json":{"title":"La M\u00fasica Barroca se deja o\u00edr en los espacios emblem\u00e1ticos de C\u00f3rdoba -","robots":{"index":"index","follow":"follow","max-snippet":"max-snippet:-1","max-image-preview":"max-image-preview:large","max-video-preview":"max-video-preview:-1"},"canonical":"https:\/\/modoviajeok.com.ar\/index.php\/2025\/07\/10\/la-musica-barroca-se-deja-oir-en-los-espacios-emblematicos-de-cordoba\/","og_locale":"es_ES","og_type":"article","og_title":"La M\u00fasica Barroca se deja o\u00edr en los espacios emblem\u00e1ticos de C\u00f3rdoba -","og_description":"Hasta el 20 de julio, el festival de M\u00fasica Barroca de Dos Mundos despliega una extensa grilla de conciertos majestuosos y se consolida como una cita imperdible del calendario cultural cordob\u00e9s. Ya est\u00e1 en marcha el IV Festival de M\u00fasica Barroca de Dos Mundos, un encuentro que llena de melod\u00edas hist\u00f3ricas los rincones m\u00e1s emblem\u00e1ticos [&hellip;]","og_url":"https:\/\/modoviajeok.com.ar\/index.php\/2025\/07\/10\/la-musica-barroca-se-deja-oir-en-los-espacios-emblematicos-de-cordoba\/","article_publisher":"https:\/\/www.facebook.com\/mariana.otero1\/","article_published_time":"2025-07-10T12:00:09+00:00","article_modified_time":"2025-07-15T22:16:47+00:00","og_image":[{"width":640,"height":300,"url":"https:\/\/modoviajeok.com.ar\/wp-content\/uploads\/2025\/07\/36.jpg","type":"image\/jpeg"}],"author":"Pepe Segura","twitter_card":"summary_large_image","twitter_misc":{"Escrito por":"Pepe Segura","Tiempo de lectura":"3 minutos"},"schema":{"@context":"https:\/\/schema.org","@graph":[{"@type":"Article","@id":"https:\/\/modoviajeok.com.ar\/index.php\/2025\/07\/10\/la-musica-barroca-se-deja-oir-en-los-espacios-emblematicos-de-cordoba\/#article","isPartOf":{"@id":"https:\/\/modoviajeok.com.ar\/index.php\/2025\/07\/10\/la-musica-barroca-se-deja-oir-en-los-espacios-emblematicos-de-cordoba\/"},"author":{"name":"Pepe Segura","@id":"https:\/\/modoviajeok.com.ar\/#\/schema\/person\/2e299ed0d3d412a01d244fe28260d7f5"},"headline":"La M\u00fasica Barroca se deja o\u00edr en los espacios emblem\u00e1ticos de C\u00f3rdoba","datePublished":"2025-07-10T12:00:09+00:00","dateModified":"2025-07-15T22:16:47+00:00","mainEntityOfPage":{"@id":"https:\/\/modoviajeok.com.ar\/index.php\/2025\/07\/10\/la-musica-barroca-se-deja-oir-en-los-espacios-emblematicos-de-cordoba\/"},"wordCount":513,"commentCount":0,"publisher":{"@id":"https:\/\/modoviajeok.com.ar\/#organization"},"image":{"@id":"https:\/\/modoviajeok.com.ar\/index.php\/2025\/07\/10\/la-musica-barroca-se-deja-oir-en-los-espacios-emblematicos-de-cordoba\/#primaryimage"},"thumbnailUrl":"https:\/\/modoviajeok.com.ar\/wp-content\/uploads\/2025\/07\/36.jpg","keywords":["festival de musica barroca de dos mundos","iglesia de la compa\u00f1ia de jesus"],"articleSection":["C\u00f3rdoba","Noticias","Novedades"],"inLanguage":"es","potentialAction":[{"@type":"CommentAction","name":"Comment","target":["https:\/\/modoviajeok.com.ar\/index.php\/2025\/07\/10\/la-musica-barroca-se-deja-oir-en-los-espacios-emblematicos-de-cordoba\/#respond"]}]},{"@type":"WebPage","@id":"https:\/\/modoviajeok.com.ar\/index.php\/2025\/07\/10\/la-musica-barroca-se-deja-oir-en-los-espacios-emblematicos-de-cordoba\/","url":"https:\/\/modoviajeok.com.ar\/index.php\/2025\/07\/10\/la-musica-barroca-se-deja-oir-en-los-espacios-emblematicos-de-cordoba\/","name":"La M\u00fasica Barroca se deja o\u00edr en los espacios emblem\u00e1ticos de C\u00f3rdoba -","isPartOf":{"@id":"https:\/\/modoviajeok.com.ar\/#website"},"primaryImageOfPage":{"@id":"https:\/\/modoviajeok.com.ar\/index.php\/2025\/07\/10\/la-musica-barroca-se-deja-oir-en-los-espacios-emblematicos-de-cordoba\/#primaryimage"},"image":{"@id":"https:\/\/modoviajeok.com.ar\/index.php\/2025\/07\/10\/la-musica-barroca-se-deja-oir-en-los-espacios-emblematicos-de-cordoba\/#primaryimage"},"thumbnailUrl":"https:\/\/modoviajeok.com.ar\/wp-content\/uploads\/2025\/07\/36.jpg","datePublished":"2025-07-10T12:00:09+00:00","dateModified":"2025-07-15T22:16:47+00:00","breadcrumb":{"@id":"https:\/\/modoviajeok.com.ar\/index.php\/2025\/07\/10\/la-musica-barroca-se-deja-oir-en-los-espacios-emblematicos-de-cordoba\/#breadcrumb"},"inLanguage":"es","potentialAction":[{"@type":"ReadAction","target":["https:\/\/modoviajeok.com.ar\/index.php\/2025\/07\/10\/la-musica-barroca-se-deja-oir-en-los-espacios-emblematicos-de-cordoba\/"]}]},{"@type":"ImageObject","inLanguage":"es","@id":"https:\/\/modoviajeok.com.ar\/index.php\/2025\/07\/10\/la-musica-barroca-se-deja-oir-en-los-espacios-emblematicos-de-cordoba\/#primaryimage","url":"https:\/\/modoviajeok.com.ar\/wp-content\/uploads\/2025\/07\/36.jpg","contentUrl":"https:\/\/modoviajeok.com.ar\/wp-content\/uploads\/2025\/07\/36.jpg","width":640,"height":300},{"@type":"BreadcrumbList","@id":"https:\/\/modoviajeok.com.ar\/index.php\/2025\/07\/10\/la-musica-barroca-se-deja-oir-en-los-espacios-emblematicos-de-cordoba\/#breadcrumb","itemListElement":[{"@type":"ListItem","position":1,"name":"Portada","item":"https:\/\/modoviajeok.com.ar\/"},{"@type":"ListItem","position":2,"name":"La M\u00fasica Barroca se deja o\u00edr en los espacios emblem\u00e1ticos de C\u00f3rdoba"}]},{"@type":"WebSite","@id":"https:\/\/modoviajeok.com.ar\/#website","url":"https:\/\/modoviajeok.com.ar\/","name":"ModoViajeOK","description":"","publisher":{"@id":"https:\/\/modoviajeok.com.ar\/#organization"},"potentialAction":[{"@type":"SearchAction","target":{"@type":"EntryPoint","urlTemplate":"https:\/\/modoviajeok.com.ar\/?s={search_term_string}"},"query-input":{"@type":"PropertyValueSpecification","valueRequired":true,"valueName":"search_term_string"}}],"inLanguage":"es"},{"@type":"Organization","@id":"https:\/\/modoviajeok.com.ar\/#organization","name":"ModoViajeOK","url":"https:\/\/modoviajeok.com.ar\/","logo":{"@type":"ImageObject","inLanguage":"es","@id":"https:\/\/modoviajeok.com.ar\/#\/schema\/logo\/image\/","url":"https:\/\/modoviajeok.com.ar\/wp-content\/uploads\/2025\/01\/Logo-modoviajeok.png","contentUrl":"https:\/\/modoviajeok.com.ar\/wp-content\/uploads\/2025\/01\/Logo-modoviajeok.png","width":2938,"height":2276,"caption":"ModoViajeOK"},"image":{"@id":"https:\/\/modoviajeok.com.ar\/#\/schema\/logo\/image\/"},"sameAs":["https:\/\/www.facebook.com\/mariana.otero1\/","https:\/\/www.instagram.com\/modoviaje.ok\/"]},{"@type":"Person","@id":"https:\/\/modoviajeok.com.ar\/#\/schema\/person\/2e299ed0d3d412a01d244fe28260d7f5","name":"Pepe Segura","image":{"@type":"ImageObject","inLanguage":"es","@id":"https:\/\/modoviajeok.com.ar\/#\/schema\/person\/image\/","url":"https:\/\/secure.gravatar.com\/avatar\/65eb4b34deed761327f5b2c5535b987318ae807900ac46426de7258f5de6d345?s=96&d=mm&r=g","contentUrl":"https:\/\/secure.gravatar.com\/avatar\/65eb4b34deed761327f5b2c5535b987318ae807900ac46426de7258f5de6d345?s=96&d=mm&r=g","caption":"Pepe Segura"},"url":"https:\/\/modoviajeok.com.ar\/index.php\/author\/pepe2025\/"}]}},"_links":{"self":[{"href":"https:\/\/modoviajeok.com.ar\/index.php\/wp-json\/wp\/v2\/posts\/4592","targetHints":{"allow":["GET"]}}],"collection":[{"href":"https:\/\/modoviajeok.com.ar\/index.php\/wp-json\/wp\/v2\/posts"}],"about":[{"href":"https:\/\/modoviajeok.com.ar\/index.php\/wp-json\/wp\/v2\/types\/post"}],"author":[{"embeddable":true,"href":"https:\/\/modoviajeok.com.ar\/index.php\/wp-json\/wp\/v2\/users\/3"}],"replies":[{"embeddable":true,"href":"https:\/\/modoviajeok.com.ar\/index.php\/wp-json\/wp\/v2\/comments?post=4592"}],"version-history":[{"count":3,"href":"https:\/\/modoviajeok.com.ar\/index.php\/wp-json\/wp\/v2\/posts\/4592\/revisions"}],"predecessor-version":[{"id":4622,"href":"https:\/\/modoviajeok.com.ar\/index.php\/wp-json\/wp\/v2\/posts\/4592\/revisions\/4622"}],"wp:featuredmedia":[{"embeddable":true,"href":"https:\/\/modoviajeok.com.ar\/index.php\/wp-json\/wp\/v2\/media\/4594"}],"wp:attachment":[{"href":"https:\/\/modoviajeok.com.ar\/index.php\/wp-json\/wp\/v2\/media?parent=4592"}],"wp:term":[{"taxonomy":"category","embeddable":true,"href":"https:\/\/modoviajeok.com.ar\/index.php\/wp-json\/wp\/v2\/categories?post=4592"},{"taxonomy":"post_tag","embeddable":true,"href":"https:\/\/modoviajeok.com.ar\/index.php\/wp-json\/wp\/v2\/tags?post=4592"}],"curies":[{"name":"wp","href":"https:\/\/api.w.org\/{rel}","templated":true}]}}