{"id":4642,"date":"2025-07-16T09:00:12","date_gmt":"2025-07-16T12:00:12","guid":{"rendered":"https:\/\/modoviajeok.com.ar\/?p=4642"},"modified":"2025-07-16T17:00:41","modified_gmt":"2025-07-16T20:00:41","slug":"la-falda-la-capital-del-tango-prepara-un-nuevo-encuentro","status":"publish","type":"post","link":"https:\/\/modoviajeok.com.ar\/index.php\/2025\/07\/16\/la-falda-la-capital-del-tango-prepara-un-nuevo-encuentro\/","title":{"rendered":"La Falda, la capital del tango, prepara un nuevo encuentro"},"content":{"rendered":"\n<figure class=\"wp-block-pullquote\"><blockquote><p>El\u00a0viernes 25 y s\u00e1bado 26 de julio, el\u00a041\u00ba Festival Nacional del Tango\u00a0reunir\u00e1 a grandes figuras del g\u00e9nero en dos noches de gala que prometen emoci\u00f3n, talento y una profunda conexi\u00f3n con nuestras ra\u00edces culturales.<\/p><\/blockquote><\/figure>\n\n\n\n<p><\/p>\n\n\n\n<p><\/p>\n\n\n\n<p>La ciudad de La Falda se prepara para vivir una nueva edici\u00f3n de uno de los encuentros m\u00e1s emblem\u00e1ticos de la m\u00fasica ciudadana. El&nbsp;viernes 25 y s\u00e1bado 26 de julio, el&nbsp;41\u00ba Festival Nacional del Tango&nbsp;reunir\u00e1 a grandes figuras del g\u00e9nero en dos noches de gala que prometen emoci\u00f3n, talento y una profunda conexi\u00f3n con nuestras ra\u00edces culturales.<\/p>\n\n\n\n<figure class=\"wp-block-image size-full\"><img loading=\"lazy\" decoding=\"async\" width=\"1500\" height=\"999\" src=\"https:\/\/modoviajeok.com.ar\/wp-content\/uploads\/2025\/07\/tango-scaled-1.jpg\" alt=\"\" class=\"wp-image-4643\" srcset=\"https:\/\/modoviajeok.com.ar\/wp-content\/uploads\/2025\/07\/tango-scaled-1.jpg 1500w, https:\/\/modoviajeok.com.ar\/wp-content\/uploads\/2025\/07\/tango-scaled-1-768x511.jpg 768w, https:\/\/modoviajeok.com.ar\/wp-content\/uploads\/2025\/07\/tango-scaled-1-631x420.jpg 631w, https:\/\/modoviajeok.com.ar\/wp-content\/uploads\/2025\/07\/tango-scaled-1-150x100.jpg 150w, https:\/\/modoviajeok.com.ar\/wp-content\/uploads\/2025\/07\/tango-scaled-1-300x200.jpg 300w, https:\/\/modoviajeok.com.ar\/wp-content\/uploads\/2025\/07\/tango-scaled-1-696x464.jpg 696w, https:\/\/modoviajeok.com.ar\/wp-content\/uploads\/2025\/07\/tango-scaled-1-1068x711.jpg 1068w\" sizes=\"auto, (max-width: 1500px) 100vw, 1500px\" \/><\/figure>\n\n\n\n<p>El evento estar\u00e1 enmarcado en el&nbsp;60\u00b0 aniversario del primer festival, y contar\u00e1 con la conducci\u00f3n de&nbsp;Agustina Vivanco&nbsp;y&nbsp;Daniel Capdevila. Durante ambas jornadas se presentar\u00e1n artistas consagrados, j\u00f3venes talentos, cuerpos de danza, orquestas y propuestas innovadoras que honran el legado del tango y lo proyectan hacia nuevas generaciones.<\/p>\n\n\n\n<p><strong>Grilla de las noches de gala<\/strong><strong><\/strong><\/p>\n\n\n\n<p>Viernes 25 de julio<\/p>\n\n\n\n<ul class=\"wp-block-list\">\n<li>Final del Certamen de Voces<\/li>\n\n\n\n<li>Ballet La Juntada<\/li>\n\n\n\n<li>Carolina M\u00e1rquez y Ezequiel Lescano<\/li>\n\n\n\n<li>Esteban Morgado Cuarteto<\/li>\n\n\n\n<li>Orquesta Escuela Municipal de Tango de La Falda<\/li>\n\n\n\n<li>Lucila \u201cLa Ju\u00e1rez\u201d<\/li>\n\n\n\n<li>Jairo<\/li>\n<\/ul>\n\n\n\n<p>S\u00e1bado 26 de julio<\/p>\n\n\n\n<ul class=\"wp-block-list\">\n<li>Ballet La Juntada<\/li>\n\n\n\n<li>Lourdes Galiano<\/li>\n\n\n\n<li>Leandro Ponte<\/li>\n\n\n\n<li>Contramano Tango 4 \u2013 Ganadores del Certamen de Voces<\/li>\n\n\n\n<li>Orquesta Provincial de M\u00fasica Ciudadana<\/li>\n\n\n\n<li>Ra\u00fal Lavi\u00e9 con su espect\u00e1culo \u201c88 a\u00f1os de honrar la vida\u201d<\/li>\n<\/ul>\n\n\n\n<p>Broche de oro:&nbsp;Gran Milonga de Cierre&nbsp;con&nbsp;Tango Bardo en vivo&nbsp;+ DJ invitado.<br>Artistas invitados: Marcelo Santos y Andr\u00e9s S\u00e1nchez<\/p>\n\n\n\n<figure class=\"wp-block-image size-full\"><img loading=\"lazy\" decoding=\"async\" width=\"900\" height=\"600\" src=\"https:\/\/modoviajeok.com.ar\/wp-content\/uploads\/2025\/07\/Tango2018_1.jpg\" alt=\"\" class=\"wp-image-4644\" srcset=\"https:\/\/modoviajeok.com.ar\/wp-content\/uploads\/2025\/07\/Tango2018_1.jpg 900w, https:\/\/modoviajeok.com.ar\/wp-content\/uploads\/2025\/07\/Tango2018_1-768x512.jpg 768w, https:\/\/modoviajeok.com.ar\/wp-content\/uploads\/2025\/07\/Tango2018_1-630x420.jpg 630w, https:\/\/modoviajeok.com.ar\/wp-content\/uploads\/2025\/07\/Tango2018_1-150x100.jpg 150w, https:\/\/modoviajeok.com.ar\/wp-content\/uploads\/2025\/07\/Tango2018_1-300x200.jpg 300w, https:\/\/modoviajeok.com.ar\/wp-content\/uploads\/2025\/07\/Tango2018_1-696x464.jpg 696w\" sizes=\"auto, (max-width: 900px) 100vw, 900px\" \/><\/figure>\n\n\n\n<p><strong>Entradas y promociones<\/strong><strong><\/strong><\/p>\n\n\n\n<p>Las entradas ya se encuentran disponibles en la plataforma&nbsp;<a href=\"https:\/\/www.paseshow.com.ar\/\">Pase Show<\/a>&nbsp;y en la Secretar\u00eda de Turismo de La Falda (Av. Ed\u00e9n 93).<br>Adem\u00e1s, quienes abonen con tarjeta Naranja X podr\u00e1n acceder a una&nbsp;promoci\u00f3n especial en 5 cuotas sin inter\u00e9s.<\/p>\n\n\n\n<p><strong>Precios por d\u00eda<\/strong><strong><\/strong><\/p>\n\n\n\n<ul class=\"wp-block-list\">\n<li>General: $20.000<\/li>\n\n\n\n<li>Plateas: $30.000<\/li>\n\n\n\n<li>VIP: $40.000<\/li>\n\n\n\n<li>Mesas para 4: $160.000<\/li>\n\n\n\n<li>Mesas para 6: $220.000<\/li>\n<\/ul>\n\n\n\n<p><strong>Abonos para las dos noches<\/strong><strong><\/strong><\/p>\n\n\n\n<ul class=\"wp-block-list\">\n<li>General: $32.000<\/li>\n\n\n\n<li>Plateas: $48.000<\/li>\n\n\n\n<li>VIP: $64.000<\/li>\n\n\n\n<li>Mesas para 4: $250.000<\/li>\n\n\n\n<li>Mesas para 6: $380.000<\/li>\n\n\n\n<li>\u00a0<\/li>\n<\/ul>\n\n\n\n<p><strong>Descuentos especiales<\/strong><strong><\/strong><\/p>\n\n\n\n<ul class=\"wp-block-list\">\n<li>Jubilados\/Milongueros: desde $18.000<\/li>\n\n\n\n<li>Sector hotelero: desde $15.000<\/li>\n<\/ul>\n\n\n\n<p>Durante todo el mes de julio, la ciudad ofrecer\u00e1 diversas actividades culturales en el marco de la ya tradicional&nbsp;#ExperienciaTango: milongas, seminarios de danza, exhibiciones, concursos de fachadas, tango al paso y m\u00e1s, reafirmando a La Falda como Capital Nacional del Tango.<\/p>\n","protected":false},"excerpt":{"rendered":"<p>El\u00a0viernes 25 y s\u00e1bado 26 de julio, el\u00a041\u00ba Festival Nacional del Tango\u00a0reunir\u00e1 a grandes figuras del g\u00e9nero en dos noches de gala que prometen emoci\u00f3n, talento y una profunda conexi\u00f3n con nuestras ra\u00edces culturales. La ciudad de La Falda se prepara para vivir una nueva edici\u00f3n de uno de los encuentros m\u00e1s emblem\u00e1ticos de la [&hellip;]<\/p>\n","protected":false},"author":3,"featured_media":4645,"comment_status":"open","ping_status":"open","sticky":false,"template":"","format":"standard","meta":{"_acf_changed":false,"footnotes":""},"categories":[11,10,15],"tags":[1120,1121],"class_list":{"0":"post-4642","1":"post","2":"type-post","3":"status-publish","4":"format-standard","5":"has-post-thumbnail","7":"category-cordoba","8":"category-noticias","9":"category-recomendaciones","10":"tag-41-festival-nacional-del-tango","11":"tag-la-falda"},"acf":[],"yoast_head":"<!-- This site is optimized with the Yoast SEO plugin v24.8.1 - https:\/\/yoast.com\/wordpress\/plugins\/seo\/ -->\n<title>La Falda, la capital del tango, prepara un nuevo encuentro -<\/title>\n<meta name=\"description\" content=\"El\u00a025 y 26 de julio, el\u00a0Festival Nacional del Tango\u00a0promete dos noches a pura emoci\u00f3n y talento.\" \/>\n<meta name=\"robots\" content=\"index, follow, max-snippet:-1, max-image-preview:large, max-video-preview:-1\" \/>\n<link rel=\"canonical\" href=\"https:\/\/modoviajeok.com.ar\/index.php\/2025\/07\/16\/la-falda-la-capital-del-tango-prepara-un-nuevo-encuentro\/\" \/>\n<meta property=\"og:locale\" content=\"es_ES\" \/>\n<meta property=\"og:type\" content=\"article\" \/>\n<meta property=\"og:title\" content=\"La Falda, la capital del tango, prepara un nuevo encuentro -\" \/>\n<meta property=\"og:description\" content=\"El\u00a025 y 26 de julio, el\u00a0Festival Nacional del Tango\u00a0promete dos noches a pura emoci\u00f3n y talento.\" \/>\n<meta property=\"og:url\" content=\"https:\/\/modoviajeok.com.ar\/index.php\/2025\/07\/16\/la-falda-la-capital-del-tango-prepara-un-nuevo-encuentro\/\" \/>\n<meta property=\"article:publisher\" content=\"https:\/\/www.facebook.com\/mariana.otero1\/\" \/>\n<meta property=\"article:published_time\" content=\"2025-07-16T12:00:12+00:00\" \/>\n<meta property=\"article:modified_time\" content=\"2025-07-16T20:00:41+00:00\" \/>\n<meta property=\"og:image\" content=\"https:\/\/modoviajeok.com.ar\/wp-content\/uploads\/2025\/07\/campeonato_tango-768x448-1.png\" \/>\n\t<meta property=\"og:image:width\" content=\"768\" \/>\n\t<meta property=\"og:image:height\" content=\"448\" \/>\n\t<meta property=\"og:image:type\" content=\"image\/png\" \/>\n<meta name=\"author\" content=\"Pepe Segura\" \/>\n<meta name=\"twitter:card\" content=\"summary_large_image\" \/>\n<meta name=\"twitter:label1\" content=\"Escrito por\" \/>\n\t<meta name=\"twitter:data1\" content=\"Pepe Segura\" \/>\n\t<meta name=\"twitter:label2\" content=\"Tiempo de lectura\" \/>\n\t<meta name=\"twitter:data2\" content=\"3 minutos\" \/>\n<script type=\"application\/ld+json\" class=\"yoast-schema-graph\">{\"@context\":\"https:\/\/schema.org\",\"@graph\":[{\"@type\":\"Article\",\"@id\":\"https:\/\/modoviajeok.com.ar\/index.php\/2025\/07\/16\/la-falda-la-capital-del-tango-prepara-un-nuevo-encuentro\/#article\",\"isPartOf\":{\"@id\":\"https:\/\/modoviajeok.com.ar\/index.php\/2025\/07\/16\/la-falda-la-capital-del-tango-prepara-un-nuevo-encuentro\/\"},\"author\":{\"name\":\"Pepe Segura\",\"@id\":\"https:\/\/modoviajeok.com.ar\/#\/schema\/person\/2e299ed0d3d412a01d244fe28260d7f5\"},\"headline\":\"La Falda, la capital del tango, prepara un nuevo encuentro\",\"datePublished\":\"2025-07-16T12:00:12+00:00\",\"dateModified\":\"2025-07-16T20:00:41+00:00\",\"mainEntityOfPage\":{\"@id\":\"https:\/\/modoviajeok.com.ar\/index.php\/2025\/07\/16\/la-falda-la-capital-del-tango-prepara-un-nuevo-encuentro\/\"},\"wordCount\":403,\"commentCount\":0,\"publisher\":{\"@id\":\"https:\/\/modoviajeok.com.ar\/#organization\"},\"image\":{\"@id\":\"https:\/\/modoviajeok.com.ar\/index.php\/2025\/07\/16\/la-falda-la-capital-del-tango-prepara-un-nuevo-encuentro\/#primaryimage\"},\"thumbnailUrl\":\"https:\/\/modoviajeok.com.ar\/wp-content\/uploads\/2025\/07\/campeonato_tango-768x448-1.png\",\"keywords\":[\"41 festival nacional del tango\",\"la falda\"],\"articleSection\":[\"C\u00f3rdoba\",\"Noticias\",\"Recomendaciones\"],\"inLanguage\":\"es\",\"potentialAction\":[{\"@type\":\"CommentAction\",\"name\":\"Comment\",\"target\":[\"https:\/\/modoviajeok.com.ar\/index.php\/2025\/07\/16\/la-falda-la-capital-del-tango-prepara-un-nuevo-encuentro\/#respond\"]}]},{\"@type\":\"WebPage\",\"@id\":\"https:\/\/modoviajeok.com.ar\/index.php\/2025\/07\/16\/la-falda-la-capital-del-tango-prepara-un-nuevo-encuentro\/\",\"url\":\"https:\/\/modoviajeok.com.ar\/index.php\/2025\/07\/16\/la-falda-la-capital-del-tango-prepara-un-nuevo-encuentro\/\",\"name\":\"La Falda, la capital del tango, prepara un nuevo encuentro -\",\"isPartOf\":{\"@id\":\"https:\/\/modoviajeok.com.ar\/#website\"},\"primaryImageOfPage\":{\"@id\":\"https:\/\/modoviajeok.com.ar\/index.php\/2025\/07\/16\/la-falda-la-capital-del-tango-prepara-un-nuevo-encuentro\/#primaryimage\"},\"image\":{\"@id\":\"https:\/\/modoviajeok.com.ar\/index.php\/2025\/07\/16\/la-falda-la-capital-del-tango-prepara-un-nuevo-encuentro\/#primaryimage\"},\"thumbnailUrl\":\"https:\/\/modoviajeok.com.ar\/wp-content\/uploads\/2025\/07\/campeonato_tango-768x448-1.png\",\"datePublished\":\"2025-07-16T12:00:12+00:00\",\"dateModified\":\"2025-07-16T20:00:41+00:00\",\"description\":\"El\u00a025 y 26 de julio, el\u00a0Festival Nacional del Tango\u00a0promete dos noches a pura emoci\u00f3n y talento.\",\"breadcrumb\":{\"@id\":\"https:\/\/modoviajeok.com.ar\/index.php\/2025\/07\/16\/la-falda-la-capital-del-tango-prepara-un-nuevo-encuentro\/#breadcrumb\"},\"inLanguage\":\"es\",\"potentialAction\":[{\"@type\":\"ReadAction\",\"target\":[\"https:\/\/modoviajeok.com.ar\/index.php\/2025\/07\/16\/la-falda-la-capital-del-tango-prepara-un-nuevo-encuentro\/\"]}]},{\"@type\":\"ImageObject\",\"inLanguage\":\"es\",\"@id\":\"https:\/\/modoviajeok.com.ar\/index.php\/2025\/07\/16\/la-falda-la-capital-del-tango-prepara-un-nuevo-encuentro\/#primaryimage\",\"url\":\"https:\/\/modoviajeok.com.ar\/wp-content\/uploads\/2025\/07\/campeonato_tango-768x448-1.png\",\"contentUrl\":\"https:\/\/modoviajeok.com.ar\/wp-content\/uploads\/2025\/07\/campeonato_tango-768x448-1.png\",\"width\":768,\"height\":448},{\"@type\":\"BreadcrumbList\",\"@id\":\"https:\/\/modoviajeok.com.ar\/index.php\/2025\/07\/16\/la-falda-la-capital-del-tango-prepara-un-nuevo-encuentro\/#breadcrumb\",\"itemListElement\":[{\"@type\":\"ListItem\",\"position\":1,\"name\":\"Portada\",\"item\":\"https:\/\/modoviajeok.com.ar\/\"},{\"@type\":\"ListItem\",\"position\":2,\"name\":\"La Falda, la capital del tango, prepara un nuevo encuentro\"}]},{\"@type\":\"WebSite\",\"@id\":\"https:\/\/modoviajeok.com.ar\/#website\",\"url\":\"https:\/\/modoviajeok.com.ar\/\",\"name\":\"ModoViajeOK\",\"description\":\"\",\"publisher\":{\"@id\":\"https:\/\/modoviajeok.com.ar\/#organization\"},\"potentialAction\":[{\"@type\":\"SearchAction\",\"target\":{\"@type\":\"EntryPoint\",\"urlTemplate\":\"https:\/\/modoviajeok.com.ar\/?s={search_term_string}\"},\"query-input\":{\"@type\":\"PropertyValueSpecification\",\"valueRequired\":true,\"valueName\":\"search_term_string\"}}],\"inLanguage\":\"es\"},{\"@type\":\"Organization\",\"@id\":\"https:\/\/modoviajeok.com.ar\/#organization\",\"name\":\"ModoViajeOK\",\"url\":\"https:\/\/modoviajeok.com.ar\/\",\"logo\":{\"@type\":\"ImageObject\",\"inLanguage\":\"es\",\"@id\":\"https:\/\/modoviajeok.com.ar\/#\/schema\/logo\/image\/\",\"url\":\"https:\/\/modoviajeok.com.ar\/wp-content\/uploads\/2025\/01\/Logo-modoviajeok.png\",\"contentUrl\":\"https:\/\/modoviajeok.com.ar\/wp-content\/uploads\/2025\/01\/Logo-modoviajeok.png\",\"width\":2938,\"height\":2276,\"caption\":\"ModoViajeOK\"},\"image\":{\"@id\":\"https:\/\/modoviajeok.com.ar\/#\/schema\/logo\/image\/\"},\"sameAs\":[\"https:\/\/www.facebook.com\/mariana.otero1\/\",\"https:\/\/www.instagram.com\/modoviaje.ok\/\"]},{\"@type\":\"Person\",\"@id\":\"https:\/\/modoviajeok.com.ar\/#\/schema\/person\/2e299ed0d3d412a01d244fe28260d7f5\",\"name\":\"Pepe Segura\",\"image\":{\"@type\":\"ImageObject\",\"inLanguage\":\"es\",\"@id\":\"https:\/\/modoviajeok.com.ar\/#\/schema\/person\/image\/\",\"url\":\"https:\/\/secure.gravatar.com\/avatar\/65eb4b34deed761327f5b2c5535b987318ae807900ac46426de7258f5de6d345?s=96&d=mm&r=g\",\"contentUrl\":\"https:\/\/secure.gravatar.com\/avatar\/65eb4b34deed761327f5b2c5535b987318ae807900ac46426de7258f5de6d345?s=96&d=mm&r=g\",\"caption\":\"Pepe Segura\"},\"url\":\"https:\/\/modoviajeok.com.ar\/index.php\/author\/pepe2025\/\"}]}<\/script>\n<!-- \/ Yoast SEO plugin. -->","yoast_head_json":{"title":"La Falda, la capital del tango, prepara un nuevo encuentro -","description":"El\u00a025 y 26 de julio, el\u00a0Festival Nacional del Tango\u00a0promete dos noches a pura emoci\u00f3n y talento.","robots":{"index":"index","follow":"follow","max-snippet":"max-snippet:-1","max-image-preview":"max-image-preview:large","max-video-preview":"max-video-preview:-1"},"canonical":"https:\/\/modoviajeok.com.ar\/index.php\/2025\/07\/16\/la-falda-la-capital-del-tango-prepara-un-nuevo-encuentro\/","og_locale":"es_ES","og_type":"article","og_title":"La Falda, la capital del tango, prepara un nuevo encuentro -","og_description":"El\u00a025 y 26 de julio, el\u00a0Festival Nacional del Tango\u00a0promete dos noches a pura emoci\u00f3n y talento.","og_url":"https:\/\/modoviajeok.com.ar\/index.php\/2025\/07\/16\/la-falda-la-capital-del-tango-prepara-un-nuevo-encuentro\/","article_publisher":"https:\/\/www.facebook.com\/mariana.otero1\/","article_published_time":"2025-07-16T12:00:12+00:00","article_modified_time":"2025-07-16T20:00:41+00:00","og_image":[{"width":768,"height":448,"url":"https:\/\/modoviajeok.com.ar\/wp-content\/uploads\/2025\/07\/campeonato_tango-768x448-1.png","type":"image\/png"}],"author":"Pepe Segura","twitter_card":"summary_large_image","twitter_misc":{"Escrito por":"Pepe Segura","Tiempo de lectura":"3 minutos"},"schema":{"@context":"https:\/\/schema.org","@graph":[{"@type":"Article","@id":"https:\/\/modoviajeok.com.ar\/index.php\/2025\/07\/16\/la-falda-la-capital-del-tango-prepara-un-nuevo-encuentro\/#article","isPartOf":{"@id":"https:\/\/modoviajeok.com.ar\/index.php\/2025\/07\/16\/la-falda-la-capital-del-tango-prepara-un-nuevo-encuentro\/"},"author":{"name":"Pepe Segura","@id":"https:\/\/modoviajeok.com.ar\/#\/schema\/person\/2e299ed0d3d412a01d244fe28260d7f5"},"headline":"La Falda, la capital del tango, prepara un nuevo encuentro","datePublished":"2025-07-16T12:00:12+00:00","dateModified":"2025-07-16T20:00:41+00:00","mainEntityOfPage":{"@id":"https:\/\/modoviajeok.com.ar\/index.php\/2025\/07\/16\/la-falda-la-capital-del-tango-prepara-un-nuevo-encuentro\/"},"wordCount":403,"commentCount":0,"publisher":{"@id":"https:\/\/modoviajeok.com.ar\/#organization"},"image":{"@id":"https:\/\/modoviajeok.com.ar\/index.php\/2025\/07\/16\/la-falda-la-capital-del-tango-prepara-un-nuevo-encuentro\/#primaryimage"},"thumbnailUrl":"https:\/\/modoviajeok.com.ar\/wp-content\/uploads\/2025\/07\/campeonato_tango-768x448-1.png","keywords":["41 festival nacional del tango","la falda"],"articleSection":["C\u00f3rdoba","Noticias","Recomendaciones"],"inLanguage":"es","potentialAction":[{"@type":"CommentAction","name":"Comment","target":["https:\/\/modoviajeok.com.ar\/index.php\/2025\/07\/16\/la-falda-la-capital-del-tango-prepara-un-nuevo-encuentro\/#respond"]}]},{"@type":"WebPage","@id":"https:\/\/modoviajeok.com.ar\/index.php\/2025\/07\/16\/la-falda-la-capital-del-tango-prepara-un-nuevo-encuentro\/","url":"https:\/\/modoviajeok.com.ar\/index.php\/2025\/07\/16\/la-falda-la-capital-del-tango-prepara-un-nuevo-encuentro\/","name":"La Falda, la capital del tango, prepara un nuevo encuentro -","isPartOf":{"@id":"https:\/\/modoviajeok.com.ar\/#website"},"primaryImageOfPage":{"@id":"https:\/\/modoviajeok.com.ar\/index.php\/2025\/07\/16\/la-falda-la-capital-del-tango-prepara-un-nuevo-encuentro\/#primaryimage"},"image":{"@id":"https:\/\/modoviajeok.com.ar\/index.php\/2025\/07\/16\/la-falda-la-capital-del-tango-prepara-un-nuevo-encuentro\/#primaryimage"},"thumbnailUrl":"https:\/\/modoviajeok.com.ar\/wp-content\/uploads\/2025\/07\/campeonato_tango-768x448-1.png","datePublished":"2025-07-16T12:00:12+00:00","dateModified":"2025-07-16T20:00:41+00:00","description":"El\u00a025 y 26 de julio, el\u00a0Festival Nacional del Tango\u00a0promete dos noches a pura emoci\u00f3n y talento.","breadcrumb":{"@id":"https:\/\/modoviajeok.com.ar\/index.php\/2025\/07\/16\/la-falda-la-capital-del-tango-prepara-un-nuevo-encuentro\/#breadcrumb"},"inLanguage":"es","potentialAction":[{"@type":"ReadAction","target":["https:\/\/modoviajeok.com.ar\/index.php\/2025\/07\/16\/la-falda-la-capital-del-tango-prepara-un-nuevo-encuentro\/"]}]},{"@type":"ImageObject","inLanguage":"es","@id":"https:\/\/modoviajeok.com.ar\/index.php\/2025\/07\/16\/la-falda-la-capital-del-tango-prepara-un-nuevo-encuentro\/#primaryimage","url":"https:\/\/modoviajeok.com.ar\/wp-content\/uploads\/2025\/07\/campeonato_tango-768x448-1.png","contentUrl":"https:\/\/modoviajeok.com.ar\/wp-content\/uploads\/2025\/07\/campeonato_tango-768x448-1.png","width":768,"height":448},{"@type":"BreadcrumbList","@id":"https:\/\/modoviajeok.com.ar\/index.php\/2025\/07\/16\/la-falda-la-capital-del-tango-prepara-un-nuevo-encuentro\/#breadcrumb","itemListElement":[{"@type":"ListItem","position":1,"name":"Portada","item":"https:\/\/modoviajeok.com.ar\/"},{"@type":"ListItem","position":2,"name":"La Falda, la capital del tango, prepara un nuevo encuentro"}]},{"@type":"WebSite","@id":"https:\/\/modoviajeok.com.ar\/#website","url":"https:\/\/modoviajeok.com.ar\/","name":"ModoViajeOK","description":"","publisher":{"@id":"https:\/\/modoviajeok.com.ar\/#organization"},"potentialAction":[{"@type":"SearchAction","target":{"@type":"EntryPoint","urlTemplate":"https:\/\/modoviajeok.com.ar\/?s={search_term_string}"},"query-input":{"@type":"PropertyValueSpecification","valueRequired":true,"valueName":"search_term_string"}}],"inLanguage":"es"},{"@type":"Organization","@id":"https:\/\/modoviajeok.com.ar\/#organization","name":"ModoViajeOK","url":"https:\/\/modoviajeok.com.ar\/","logo":{"@type":"ImageObject","inLanguage":"es","@id":"https:\/\/modoviajeok.com.ar\/#\/schema\/logo\/image\/","url":"https:\/\/modoviajeok.com.ar\/wp-content\/uploads\/2025\/01\/Logo-modoviajeok.png","contentUrl":"https:\/\/modoviajeok.com.ar\/wp-content\/uploads\/2025\/01\/Logo-modoviajeok.png","width":2938,"height":2276,"caption":"ModoViajeOK"},"image":{"@id":"https:\/\/modoviajeok.com.ar\/#\/schema\/logo\/image\/"},"sameAs":["https:\/\/www.facebook.com\/mariana.otero1\/","https:\/\/www.instagram.com\/modoviaje.ok\/"]},{"@type":"Person","@id":"https:\/\/modoviajeok.com.ar\/#\/schema\/person\/2e299ed0d3d412a01d244fe28260d7f5","name":"Pepe Segura","image":{"@type":"ImageObject","inLanguage":"es","@id":"https:\/\/modoviajeok.com.ar\/#\/schema\/person\/image\/","url":"https:\/\/secure.gravatar.com\/avatar\/65eb4b34deed761327f5b2c5535b987318ae807900ac46426de7258f5de6d345?s=96&d=mm&r=g","contentUrl":"https:\/\/secure.gravatar.com\/avatar\/65eb4b34deed761327f5b2c5535b987318ae807900ac46426de7258f5de6d345?s=96&d=mm&r=g","caption":"Pepe Segura"},"url":"https:\/\/modoviajeok.com.ar\/index.php\/author\/pepe2025\/"}]}},"_links":{"self":[{"href":"https:\/\/modoviajeok.com.ar\/index.php\/wp-json\/wp\/v2\/posts\/4642","targetHints":{"allow":["GET"]}}],"collection":[{"href":"https:\/\/modoviajeok.com.ar\/index.php\/wp-json\/wp\/v2\/posts"}],"about":[{"href":"https:\/\/modoviajeok.com.ar\/index.php\/wp-json\/wp\/v2\/types\/post"}],"author":[{"embeddable":true,"href":"https:\/\/modoviajeok.com.ar\/index.php\/wp-json\/wp\/v2\/users\/3"}],"replies":[{"embeddable":true,"href":"https:\/\/modoviajeok.com.ar\/index.php\/wp-json\/wp\/v2\/comments?post=4642"}],"version-history":[{"count":1,"href":"https:\/\/modoviajeok.com.ar\/index.php\/wp-json\/wp\/v2\/posts\/4642\/revisions"}],"predecessor-version":[{"id":4647,"href":"https:\/\/modoviajeok.com.ar\/index.php\/wp-json\/wp\/v2\/posts\/4642\/revisions\/4647"}],"wp:featuredmedia":[{"embeddable":true,"href":"https:\/\/modoviajeok.com.ar\/index.php\/wp-json\/wp\/v2\/media\/4645"}],"wp:attachment":[{"href":"https:\/\/modoviajeok.com.ar\/index.php\/wp-json\/wp\/v2\/media?parent=4642"}],"wp:term":[{"taxonomy":"category","embeddable":true,"href":"https:\/\/modoviajeok.com.ar\/index.php\/wp-json\/wp\/v2\/categories?post=4642"},{"taxonomy":"post_tag","embeddable":true,"href":"https:\/\/modoviajeok.com.ar\/index.php\/wp-json\/wp\/v2\/tags?post=4642"}],"curies":[{"name":"wp","href":"https:\/\/api.w.org\/{rel}","templated":true}]}}