{"id":4677,"date":"2025-09-11T09:00:04","date_gmt":"2025-09-11T12:00:04","guid":{"rendered":"https:\/\/modoviajeok.com.ar\/?p=4677"},"modified":"2025-07-29T12:34:08","modified_gmt":"2025-07-29T15:34:08","slug":"un-campo-de-almendros-en-totoral","status":"publish","type":"post","link":"https:\/\/modoviajeok.com.ar\/index.php\/2025\/09\/11\/un-campo-de-almendros-en-totoral\/","title":{"rendered":"Un campo de almendros en Totoral"},"content":{"rendered":"\n<h6 class=\"wp-block-heading\"><\/h6>\n\n\n\n<figure class=\"wp-block-pullquote\"><blockquote><p>En Villa del Totoral, en el norte de C\u00f3rdoba, Enrique y Jorge Paloma Schiavi plantaron 25.500 \u00e1rboles en 50 hect\u00e1reas. Antiguamente, el predio perteneci\u00f3 a Francisco Malvesi, fundador de la famosa pizzer\u00eda G\u00fcerrin.<\/p><\/blockquote><\/figure>\n\n\n\n<p>Un enorme campo de almendros en flor a la vera de la RP17 en Villa del Totoral, en el norte de la provincia de C\u00f3rdoba, a 60 kil\u00f3metros de Jes\u00fas Mar\u00eda, desorienta a los viajeros.&nbsp;<\/p>\n\n\n\n<p>Hace 3 a\u00f1os no hab\u00eda en la zona plantaciones de estos frutales que, en teor\u00eda, requieren&nbsp; climas secos que drenan en cantidad y suelos con poca presencia de materia org\u00e1nica.<\/p>\n\n\n\n<p>Hasta que en 2021, en ese lugar inh\u00f3spito para el almendro, los hermanos Enrique (38) y Jorge Paloma Schiavi (37) se lanzaron al desarrollo de un proyecto de alto riesgo: Almendrar.<\/p>\n\n\n\n<figure class=\"wp-block-image size-full\"><img loading=\"lazy\" decoding=\"async\" width=\"1600\" height=\"1066\" src=\"https:\/\/modoviajeok.com.ar\/wp-content\/uploads\/2025\/07\/WhatsApp-Image-2025-07-15-at-19.52.56-1.jpeg\" alt=\"\" class=\"wp-image-4678\" srcset=\"https:\/\/modoviajeok.com.ar\/wp-content\/uploads\/2025\/07\/WhatsApp-Image-2025-07-15-at-19.52.56-1.jpeg 1600w, https:\/\/modoviajeok.com.ar\/wp-content\/uploads\/2025\/07\/WhatsApp-Image-2025-07-15-at-19.52.56-1-768x512.jpeg 768w, https:\/\/modoviajeok.com.ar\/wp-content\/uploads\/2025\/07\/WhatsApp-Image-2025-07-15-at-19.52.56-1-1536x1023.jpeg 1536w, https:\/\/modoviajeok.com.ar\/wp-content\/uploads\/2025\/07\/WhatsApp-Image-2025-07-15-at-19.52.56-1-630x420.jpeg 630w, https:\/\/modoviajeok.com.ar\/wp-content\/uploads\/2025\/07\/WhatsApp-Image-2025-07-15-at-19.52.56-1-150x100.jpeg 150w, https:\/\/modoviajeok.com.ar\/wp-content\/uploads\/2025\/07\/WhatsApp-Image-2025-07-15-at-19.52.56-1-300x200.jpeg 300w, https:\/\/modoviajeok.com.ar\/wp-content\/uploads\/2025\/07\/WhatsApp-Image-2025-07-15-at-19.52.56-1-696x464.jpeg 696w, https:\/\/modoviajeok.com.ar\/wp-content\/uploads\/2025\/07\/WhatsApp-Image-2025-07-15-at-19.52.56-1-1068x712.jpeg 1068w\" sizes=\"auto, (max-width: 1600px) 100vw, 1600px\" \/><figcaption class=\"wp-element-caption\">FOTOGRAF\u00cdAS. Patricia Molaioli.<\/figcaption><\/figure>\n\n\n\n<p>Lo curioso es que en poco tiempo lograron cultivar el fruto seco en un suelo f\u00e9rtil y h\u00famedo, evitando los da\u00f1os de las heladas mediante el manejo agron\u00f3mico.&nbsp;<\/p>\n\n\n\n<p>Hoy tienen 25.500 almendros que crecen en 50 hect\u00e1reas de un campo familiar, que ya dieron sus frutos .&nbsp;<\/p>\n\n\n\n<p>El emprendimiento&nbsp; se levanta en un terreno que fue, en otros tiempos, propiedad de Francisco Malvesi, un inmigrante italiano fundador de la emblem\u00e1tica Pizzer\u00eda G\u00fcerrin, ubicada en la calle Corrientes a una cuadra del Obelisco en la ciudad de Buenos Aires.&nbsp;<\/p>\n\n\n\n<figure class=\"wp-block-image size-full\"><img loading=\"lazy\" decoding=\"async\" width=\"1600\" height=\"1067\" src=\"https:\/\/modoviajeok.com.ar\/wp-content\/uploads\/2025\/07\/WhatsApp-Image-2025-07-15-at-19.52.56.jpeg\" alt=\"\" class=\"wp-image-4679\" srcset=\"https:\/\/modoviajeok.com.ar\/wp-content\/uploads\/2025\/07\/WhatsApp-Image-2025-07-15-at-19.52.56.jpeg 1600w, https:\/\/modoviajeok.com.ar\/wp-content\/uploads\/2025\/07\/WhatsApp-Image-2025-07-15-at-19.52.56-768x512.jpeg 768w, https:\/\/modoviajeok.com.ar\/wp-content\/uploads\/2025\/07\/WhatsApp-Image-2025-07-15-at-19.52.56-1536x1024.jpeg 1536w, https:\/\/modoviajeok.com.ar\/wp-content\/uploads\/2025\/07\/WhatsApp-Image-2025-07-15-at-19.52.56-630x420.jpeg 630w, https:\/\/modoviajeok.com.ar\/wp-content\/uploads\/2025\/07\/WhatsApp-Image-2025-07-15-at-19.52.56-150x100.jpeg 150w, https:\/\/modoviajeok.com.ar\/wp-content\/uploads\/2025\/07\/WhatsApp-Image-2025-07-15-at-19.52.56-300x200.jpeg 300w, https:\/\/modoviajeok.com.ar\/wp-content\/uploads\/2025\/07\/WhatsApp-Image-2025-07-15-at-19.52.56-696x464.jpeg 696w, https:\/\/modoviajeok.com.ar\/wp-content\/uploads\/2025\/07\/WhatsApp-Image-2025-07-15-at-19.52.56-1068x712.jpeg 1068w\" sizes=\"auto, (max-width: 1600px) 100vw, 1600px\" \/><\/figure>\n\n\n\n<p>\u201cMalvesi compr\u00f3 estos campos para tener sus vacas Holando para hacer su mozzarella\u201d, cuenta Enrique Paloma.&nbsp;<\/p>\n\n\n\n<p>El italiano, detalla, era&nbsp; conocido y querido en la zona; compraba campos y ayudaba a la comunidad.&nbsp;<\/p>\n\n\n\n<p>\u201cAs\u00ed comienza esta historia; es un punto fuerte que hace que no sea&nbsp; un campo de almendros y nada m\u00e1s. Hay mucho que contar\u201d, piensa.&nbsp;<\/p>\n\n\n\n<p>Los restos de Malvesi descansan all\u00ed.&nbsp;<\/p>\n\n\n\n<p>En el predio a\u00fan se conserva el antiguo tambo donde se obten\u00eda la leche para el queso de las pizzas.&nbsp; Est\u00e1 en desuso desde hace 20 a\u00f1os, pero pronto funcionar\u00e1 como una planta de industrializaci\u00f3n para partir o descascarar la almendra, elaborar&nbsp; leche, harina refinada y otros derivados del fruto seco.<\/p>\n\n\n\n<figure class=\"wp-block-image size-full\"><img loading=\"lazy\" decoding=\"async\" width=\"1067\" height=\"1600\" src=\"https:\/\/modoviajeok.com.ar\/wp-content\/uploads\/2025\/07\/WhatsApp-Image-2025-07-15-at-19.52.57-1.jpeg\" alt=\"\" class=\"wp-image-4680\" srcset=\"https:\/\/modoviajeok.com.ar\/wp-content\/uploads\/2025\/07\/WhatsApp-Image-2025-07-15-at-19.52.57-1.jpeg 1067w, https:\/\/modoviajeok.com.ar\/wp-content\/uploads\/2025\/07\/WhatsApp-Image-2025-07-15-at-19.52.57-1-768x1152.jpeg 768w, https:\/\/modoviajeok.com.ar\/wp-content\/uploads\/2025\/07\/WhatsApp-Image-2025-07-15-at-19.52.57-1-1024x1536.jpeg 1024w, https:\/\/modoviajeok.com.ar\/wp-content\/uploads\/2025\/07\/WhatsApp-Image-2025-07-15-at-19.52.57-1-280x420.jpeg 280w, https:\/\/modoviajeok.com.ar\/wp-content\/uploads\/2025\/07\/WhatsApp-Image-2025-07-15-at-19.52.57-1-150x225.jpeg 150w, https:\/\/modoviajeok.com.ar\/wp-content\/uploads\/2025\/07\/WhatsApp-Image-2025-07-15-at-19.52.57-1-300x450.jpeg 300w, https:\/\/modoviajeok.com.ar\/wp-content\/uploads\/2025\/07\/WhatsApp-Image-2025-07-15-at-19.52.57-1-696x1044.jpeg 696w\" sizes=\"auto, (max-width: 1067px) 100vw, 1067px\" \/><\/figure>\n\n\n\n<p>Los hermanos tambi\u00e9n proyectan un hotel boutique y hasta un restaurante o casa de t\u00e9 en el lugar, ubicado en un corredor tur\u00edstico que conecta&nbsp; con Ansenuza.<\/p>\n\n\n\n<p>\u201cLa cantidad de gente que pasa por aqu\u00ed es incre\u00edble. Todos los d\u00edas alguien se baja y pregunta\u201d, cuenta Enrique.<\/p>\n\n\n\n<p>Los Paloma son riojanos, oriundos de Chamical, aunque sus padres nacieron en el interior cordob\u00e9s. Los j\u00f3venes llegaron a la provincia para estudiar Administraci\u00f3n de Empresas y luego cursar una maestr\u00eda en Finanzas. Cuentan que siempre les sedujeron los proyectos de inversi\u00f3n orientados al desarrollo y crecimiento econ\u00f3mico de lugares poco explotados.&nbsp;<\/p>\n\n\n\n<p>\u201cNo nos gusta hacer siempre lo mismo ni lo que hacen todos\u201d, sostiene el mayor de los hermanos.&nbsp;<\/p>\n\n\n\n<p>En distintos momentos abrieron gimnasios boutique en la ciudad de C\u00f3rdoba, canchas de f\u00fatbol sint\u00e9tico y de paddle, producci\u00f3n ecol\u00f3gica de pollos, f\u00e1brica de ladrillos ecol\u00f3gicos y empresas de servicios de mantenimiento de consorcios de limpieza. \u201cEs bastante variado lo que hacemos\u201d, explican.<\/p>\n\n\n\n<figure class=\"wp-block-image size-full\"><img loading=\"lazy\" decoding=\"async\" width=\"1600\" height=\"900\" src=\"https:\/\/modoviajeok.com.ar\/wp-content\/uploads\/2025\/07\/WhatsApp-Image-2025-07-15-at-19.52.57-2.jpeg\" alt=\"\" class=\"wp-image-4681\" srcset=\"https:\/\/modoviajeok.com.ar\/wp-content\/uploads\/2025\/07\/WhatsApp-Image-2025-07-15-at-19.52.57-2.jpeg 1600w, https:\/\/modoviajeok.com.ar\/wp-content\/uploads\/2025\/07\/WhatsApp-Image-2025-07-15-at-19.52.57-2-768x432.jpeg 768w, https:\/\/modoviajeok.com.ar\/wp-content\/uploads\/2025\/07\/WhatsApp-Image-2025-07-15-at-19.52.57-2-1536x864.jpeg 1536w, https:\/\/modoviajeok.com.ar\/wp-content\/uploads\/2025\/07\/WhatsApp-Image-2025-07-15-at-19.52.57-2-747x420.jpeg 747w, https:\/\/modoviajeok.com.ar\/wp-content\/uploads\/2025\/07\/WhatsApp-Image-2025-07-15-at-19.52.57-2-150x84.jpeg 150w, https:\/\/modoviajeok.com.ar\/wp-content\/uploads\/2025\/07\/WhatsApp-Image-2025-07-15-at-19.52.57-2-300x169.jpeg 300w, https:\/\/modoviajeok.com.ar\/wp-content\/uploads\/2025\/07\/WhatsApp-Image-2025-07-15-at-19.52.57-2-696x392.jpeg 696w, https:\/\/modoviajeok.com.ar\/wp-content\/uploads\/2025\/07\/WhatsApp-Image-2025-07-15-at-19.52.57-2-1068x601.jpeg 1068w\" sizes=\"auto, (max-width: 1600px) 100vw, 1600px\" \/><\/figure>\n\n\n\n<p>Sin embargo, siempre estuvieron atravesados por el campo. Su padre -propietario de las tierras que arrienda a sus hijos- es un m\u00e9dico veterinario que trabaj\u00f3 durante mucho tiempo en el Inta de Chamical.<\/p>\n\n\n\n<p><strong>Los primeros pasos<\/strong><\/p>\n\n\n\n<p>Los hermanos relatan que decidieron alejarse de la tradicional siembra directa para embarcarse en el proyecto de forestaci\u00f3n.&nbsp;<\/p>\n\n\n\n<p>Para ello evaluaron las condiciones agroclim\u00e1ticas e iniciaron una prueba piloto a gran escala.<\/p>\n\n\n\n<p>Muchos les dec\u00edan que \u201cestaban locos\u201d porque los almendros -originarios de Asia pero que prendieron muy bien en Espa\u00f1a e Italia- no resistir\u00edan a las heladas del invierno cordob\u00e9s.<\/p>\n\n\n\n<p>Los Paloma viajaron a Espa\u00f1a y a Turqu\u00eda para conocer nuevas&nbsp; variedades que se adaptaran a su terreno.&nbsp;<\/p>\n\n\n\n<p>Y poco despu\u00e9s, en plena pandemia, comenzaron con laplantaci\u00f3n en Totoral bajo el asesoramiento del ingeniero agr\u00f3nomo Luis Alberto Iannamico por Zoom.\u00a0<\/p>\n\n\n\n<figure class=\"wp-block-image size-full\"><img loading=\"lazy\" decoding=\"async\" width=\"1600\" height=\"1067\" src=\"https:\/\/modoviajeok.com.ar\/wp-content\/uploads\/2025\/07\/WhatsApp-Image-2025-07-15-at-19.52.57.jpeg\" alt=\"\" class=\"wp-image-4682\" srcset=\"https:\/\/modoviajeok.com.ar\/wp-content\/uploads\/2025\/07\/WhatsApp-Image-2025-07-15-at-19.52.57.jpeg 1600w, https:\/\/modoviajeok.com.ar\/wp-content\/uploads\/2025\/07\/WhatsApp-Image-2025-07-15-at-19.52.57-768x512.jpeg 768w, https:\/\/modoviajeok.com.ar\/wp-content\/uploads\/2025\/07\/WhatsApp-Image-2025-07-15-at-19.52.57-1536x1024.jpeg 1536w, https:\/\/modoviajeok.com.ar\/wp-content\/uploads\/2025\/07\/WhatsApp-Image-2025-07-15-at-19.52.57-630x420.jpeg 630w, https:\/\/modoviajeok.com.ar\/wp-content\/uploads\/2025\/07\/WhatsApp-Image-2025-07-15-at-19.52.57-150x100.jpeg 150w, https:\/\/modoviajeok.com.ar\/wp-content\/uploads\/2025\/07\/WhatsApp-Image-2025-07-15-at-19.52.57-300x200.jpeg 300w, https:\/\/modoviajeok.com.ar\/wp-content\/uploads\/2025\/07\/WhatsApp-Image-2025-07-15-at-19.52.57-696x464.jpeg 696w, https:\/\/modoviajeok.com.ar\/wp-content\/uploads\/2025\/07\/WhatsApp-Image-2025-07-15-at-19.52.57-1068x712.jpeg 1068w\" sizes=\"auto, (max-width: 1600px) 100vw, 1600px\" \/><\/figure>\n\n\n\n<p>\u201cEl almendro es de suelos poco f\u00e9rtiles, pero&nbsp; somos los primeros en probarlos en suelos tan f\u00e9rtiles como un campo de soja\u201d, se\u00f1ala Enrique. Explica que el \u00e1rbol se siente bien en lugares templados donde las heladas en el momento de floraci\u00f3n no sean tan severas ya que es el primero que florece de los \u00e1rboles frutales.&nbsp;<\/p>\n\n\n\n<p>La poda, el riego y la cobertura de suelos son clave para evitar los da\u00f1os del fr\u00edo intenso.&nbsp;<\/p>\n\n\n\n<p>\u201cAmo hacer esto. Si es un trabajo no me enter\u00e9\u201d, dice Enrique.<\/p>\n\n\n\n<p><strong>Cosecha y mercado<\/strong><\/p>\n\n\n\n<p>Los almendros pueden tener una vida productiva de entre 30 y 40 a\u00f1os, y si bien reci\u00e9n al cuarto o quinto a\u00f1o suelen dar una cosecha interesante, los Paloma afirman que lograron ese objetivo en dos a\u00f1os en una zona geogr\u00e1fica en la que nadie hab\u00eda incursionado.&nbsp;<\/p>\n\n\n\n<figure class=\"wp-block-image size-full\"><img loading=\"lazy\" decoding=\"async\" width=\"1280\" height=\"720\" src=\"https:\/\/modoviajeok.com.ar\/wp-content\/uploads\/2025\/07\/WhatsApp-Image-2025-07-15-at-19.52.58-1.jpeg\" alt=\"\" class=\"wp-image-4683\" srcset=\"https:\/\/modoviajeok.com.ar\/wp-content\/uploads\/2025\/07\/WhatsApp-Image-2025-07-15-at-19.52.58-1.jpeg 1280w, https:\/\/modoviajeok.com.ar\/wp-content\/uploads\/2025\/07\/WhatsApp-Image-2025-07-15-at-19.52.58-1-768x432.jpeg 768w, https:\/\/modoviajeok.com.ar\/wp-content\/uploads\/2025\/07\/WhatsApp-Image-2025-07-15-at-19.52.58-1-747x420.jpeg 747w, https:\/\/modoviajeok.com.ar\/wp-content\/uploads\/2025\/07\/WhatsApp-Image-2025-07-15-at-19.52.58-1-150x84.jpeg 150w, https:\/\/modoviajeok.com.ar\/wp-content\/uploads\/2025\/07\/WhatsApp-Image-2025-07-15-at-19.52.58-1-300x169.jpeg 300w, https:\/\/modoviajeok.com.ar\/wp-content\/uploads\/2025\/07\/WhatsApp-Image-2025-07-15-at-19.52.58-1-696x392.jpeg 696w, https:\/\/modoviajeok.com.ar\/wp-content\/uploads\/2025\/07\/WhatsApp-Image-2025-07-15-at-19.52.58-1-1068x601.jpeg 1068w\" sizes=\"auto, (max-width: 1280px) 100vw, 1280px\" \/><\/figure>\n\n\n\n<p>Cada \u00e1rbol da tres kilos de almendras al a\u00f1o,&nbsp; que se destinan al mercado interno.&nbsp;<\/p>\n\n\n\n<p>\u201cLa variedad a\u00e9rea es almendro y la ra\u00edz es de la familia de los cerezos, de los damascos, que tiene carozo o nuez\u201d, indica Enrique.<\/p>\n\n\n\n<p>En Argentina, el 70% de la almendra que se consume es importada de Chile o Australia.&nbsp;<\/p>\n\n\n\n<p>En Mendoza se produce la mayor cantidad de almendras del pa\u00eds.&nbsp;<\/p>\n\n\n\n<p><strong>Agroecolog\u00eda<\/strong><\/p>\n\n\n\n<p>El campo es precioso con los almendros en flor, la plantaci\u00f3n de c\u00edtricos, los ocho mil \u00e1lamos y la huerta.&nbsp;<\/p>\n\n\n\n<figure class=\"wp-block-image size-full\"><img loading=\"lazy\" decoding=\"async\" width=\"1600\" height=\"1200\" src=\"https:\/\/modoviajeok.com.ar\/wp-content\/uploads\/2025\/07\/WhatsApp-Image-2025-07-15-at-19.52.58-2.jpeg\" alt=\"\" class=\"wp-image-4684\" srcset=\"https:\/\/modoviajeok.com.ar\/wp-content\/uploads\/2025\/07\/WhatsApp-Image-2025-07-15-at-19.52.58-2.jpeg 1600w, https:\/\/modoviajeok.com.ar\/wp-content\/uploads\/2025\/07\/WhatsApp-Image-2025-07-15-at-19.52.58-2-768x576.jpeg 768w, https:\/\/modoviajeok.com.ar\/wp-content\/uploads\/2025\/07\/WhatsApp-Image-2025-07-15-at-19.52.58-2-1536x1152.jpeg 1536w, https:\/\/modoviajeok.com.ar\/wp-content\/uploads\/2025\/07\/WhatsApp-Image-2025-07-15-at-19.52.58-2-560x420.jpeg 560w, https:\/\/modoviajeok.com.ar\/wp-content\/uploads\/2025\/07\/WhatsApp-Image-2025-07-15-at-19.52.58-2-80x60.jpeg 80w, https:\/\/modoviajeok.com.ar\/wp-content\/uploads\/2025\/07\/WhatsApp-Image-2025-07-15-at-19.52.58-2-150x113.jpeg 150w, https:\/\/modoviajeok.com.ar\/wp-content\/uploads\/2025\/07\/WhatsApp-Image-2025-07-15-at-19.52.58-2-300x225.jpeg 300w, https:\/\/modoviajeok.com.ar\/wp-content\/uploads\/2025\/07\/WhatsApp-Image-2025-07-15-at-19.52.58-2-696x522.jpeg 696w, https:\/\/modoviajeok.com.ar\/wp-content\/uploads\/2025\/07\/WhatsApp-Image-2025-07-15-at-19.52.58-2-1068x801.jpeg 1068w, https:\/\/modoviajeok.com.ar\/wp-content\/uploads\/2025\/07\/WhatsApp-Image-2025-07-15-at-19.52.58-2-265x198.jpeg 265w\" sizes=\"auto, (max-width: 1600px) 100vw, 1600px\" \/><\/figure>\n\n\n\n<p>Hay una hect\u00e1rea de vid,&nbsp; de la bodega El Gredal, de San Pedro Norte, tambi\u00e9n en el norte cordob\u00e9s, y colmenas para la producci\u00f3n de miel. Adem\u00e1s, est\u00e1n terminando los corrales para caballos \u00e1rabes que se cr\u00edan en la zona y desarrollan un proyecto de ovinos con bozales.<\/p>\n\n\n\n<p>Se trabaja tambi\u00e9n para obtener una certificaci\u00f3n agroecol\u00f3gica y abren el campo para que otros productores&nbsp; planten en el lugar. Adem\u00e1s, brindan servicios llave en mano a terceros interesados en tener su propio campo de almendros.&nbsp;&nbsp;<\/p>\n\n\n\n<p>Tienen 300 paneles solares fotovolt\u00e1icos para el riego por goteo y desarrollan m\u00e1quinas propias para evitar el uso excesivo de combustible. No&nbsp; usan herbicidas ni aditivos.<\/p>\n\n\n\n<figure class=\"wp-block-image size-full\"><img loading=\"lazy\" decoding=\"async\" width=\"1600\" height=\"1204\" src=\"https:\/\/modoviajeok.com.ar\/wp-content\/uploads\/2025\/07\/WhatsApp-Image-2025-07-15-at-19.52.58.jpeg\" alt=\"\" class=\"wp-image-4685\" srcset=\"https:\/\/modoviajeok.com.ar\/wp-content\/uploads\/2025\/07\/WhatsApp-Image-2025-07-15-at-19.52.58.jpeg 1600w, https:\/\/modoviajeok.com.ar\/wp-content\/uploads\/2025\/07\/WhatsApp-Image-2025-07-15-at-19.52.58-768x578.jpeg 768w, https:\/\/modoviajeok.com.ar\/wp-content\/uploads\/2025\/07\/WhatsApp-Image-2025-07-15-at-19.52.58-1536x1156.jpeg 1536w, https:\/\/modoviajeok.com.ar\/wp-content\/uploads\/2025\/07\/WhatsApp-Image-2025-07-15-at-19.52.58-558x420.jpeg 558w, https:\/\/modoviajeok.com.ar\/wp-content\/uploads\/2025\/07\/WhatsApp-Image-2025-07-15-at-19.52.58-80x60.jpeg 80w, https:\/\/modoviajeok.com.ar\/wp-content\/uploads\/2025\/07\/WhatsApp-Image-2025-07-15-at-19.52.58-150x113.jpeg 150w, https:\/\/modoviajeok.com.ar\/wp-content\/uploads\/2025\/07\/WhatsApp-Image-2025-07-15-at-19.52.58-300x226.jpeg 300w, https:\/\/modoviajeok.com.ar\/wp-content\/uploads\/2025\/07\/WhatsApp-Image-2025-07-15-at-19.52.58-696x524.jpeg 696w, https:\/\/modoviajeok.com.ar\/wp-content\/uploads\/2025\/07\/WhatsApp-Image-2025-07-15-at-19.52.58-1068x804.jpeg 1068w, https:\/\/modoviajeok.com.ar\/wp-content\/uploads\/2025\/07\/WhatsApp-Image-2025-07-15-at-19.52.58-265x198.jpeg 265w\" sizes=\"auto, (max-width: 1600px) 100vw, 1600px\" \/><\/figure>\n\n\n\n<p>La idea es impulsar un polo productivo en la zona con la suma de m\u00e1s productores. Una apuesta al pa\u00eds, dicen.<\/p>\n\n\n\n<p>Los Paloma aseguran que hab\u00edan recibido ofertas para desarrollar este proyecto en M\u00e1laga, Espa\u00f1a, pero que decidieron quedarse en C\u00f3rdoba. Enrique, incluso, se mud\u00f3 a Totoral con su familia. \u201cAdem\u00e1s de encontrar una calidad de vida excepcional, entendemos que m\u00e1s all\u00e1 del pa\u00eds que nos toque, va a ser nuestro desaf\u00edo&nbsp; hacer un negocio pr\u00f3spero y siempre tratando de que mejore la Argentina\u201d, asegura.<\/p>\n\n\n\n<p>Un dato que destacan es que este tipo de emprendimientos dan trabajo a los pobladores de la zona.<\/p>\n\n\n\n<p>\u201cEstos eran campos marginales. Hace muchos a\u00f1os, hab\u00eda ganado. Pero avanz\u00f3 la tecnolog\u00eda de la semilla y se sembr\u00f3 soja, entre otros. Hoy, la rentabilidad de una hect\u00e1rea de almendra es igual a diez de soja\u201d, estima Jorge.&nbsp;<\/p>\n\n\n\n<figure class=\"wp-block-image size-full\"><img loading=\"lazy\" decoding=\"async\" width=\"1600\" height=\"1067\" src=\"https:\/\/modoviajeok.com.ar\/wp-content\/uploads\/2025\/07\/WhatsApp-Image-2025-07-15-at-20.09.03.jpeg\" alt=\"\" class=\"wp-image-4686\" srcset=\"https:\/\/modoviajeok.com.ar\/wp-content\/uploads\/2025\/07\/WhatsApp-Image-2025-07-15-at-20.09.03.jpeg 1600w, https:\/\/modoviajeok.com.ar\/wp-content\/uploads\/2025\/07\/WhatsApp-Image-2025-07-15-at-20.09.03-768x512.jpeg 768w, https:\/\/modoviajeok.com.ar\/wp-content\/uploads\/2025\/07\/WhatsApp-Image-2025-07-15-at-20.09.03-1536x1024.jpeg 1536w, https:\/\/modoviajeok.com.ar\/wp-content\/uploads\/2025\/07\/WhatsApp-Image-2025-07-15-at-20.09.03-630x420.jpeg 630w, https:\/\/modoviajeok.com.ar\/wp-content\/uploads\/2025\/07\/WhatsApp-Image-2025-07-15-at-20.09.03-150x100.jpeg 150w, https:\/\/modoviajeok.com.ar\/wp-content\/uploads\/2025\/07\/WhatsApp-Image-2025-07-15-at-20.09.03-300x200.jpeg 300w, https:\/\/modoviajeok.com.ar\/wp-content\/uploads\/2025\/07\/WhatsApp-Image-2025-07-15-at-20.09.03-696x464.jpeg 696w, https:\/\/modoviajeok.com.ar\/wp-content\/uploads\/2025\/07\/WhatsApp-Image-2025-07-15-at-20.09.03-1068x712.jpeg 1068w\" sizes=\"auto, (max-width: 1600px) 100vw, 1600px\" \/><\/figure>\n\n\n\n<p>Se cosecha una vez al a\u00f1o. En el s\u00e9ptimo a\u00f1o, se llega a su meseta. \u201cEs un desaf\u00edo agron\u00f3mico tenerlo produciendo todos los a\u00f1os igual, pero este a\u00f1o estimamos 360 kilos de pepa por hect\u00e1rea y es muy exponencial\u201d, asegura Enrique. Se puede llegar a m\u00e1s 1.500 por hect\u00e1rea. En cada hect\u00e1rea se concentran 500 \u00e1rboles de las variedades de c\u00e1scara dura. El pr\u00f3ximo a\u00f1o, prometen, plantar\u00e1n otros 15.000 almendros.&nbsp;<\/p>\n\n\n\n<p>Esta nota se public\u00f3 originalmente en el diario <a href=\"https:\/\/www.lanacion.com.ar\/revista-lugares\/dos-hermanos-se-animaron-a-plantar-almendros-en-un-campo-ganadero-del-norte-cordobes-nid26102024\/\">La Naci\u00f3n<\/a>. <\/p>\n","protected":false},"excerpt":{"rendered":"<p>En Villa del Totoral, en el norte de C\u00f3rdoba, Enrique y Jorge Paloma Schiavi plantaron 25.500 \u00e1rboles en 50 hect\u00e1reas. Antiguamente, el predio perteneci\u00f3 a Francisco Malvesi, fundador de la famosa pizzer\u00eda G\u00fcerrin. Un enorme campo de almendros en flor a la vera de la RP17 en Villa del Totoral, en el norte de la [&hellip;]<\/p>\n","protected":false},"author":2,"featured_media":4686,"comment_status":"open","ping_status":"open","sticky":false,"template":"","format":"standard","meta":{"_acf_changed":false,"footnotes":""},"categories":[13,2,16],"tags":[1126,1127,31,48,1129,109,1128,1055,955],"class_list":{"0":"post-4677","1":"post","2":"type-post","3":"status-publish","4":"format-standard","5":"has-post-thumbnail","7":"category-argentina","8":"category-destacadas","9":"category-en-la-prensa","10":"tag-almendrar","11":"tag-almendras","12":"tag-argentina","13":"tag-cordoba","14":"tag-francisco-malvesi","15":"tag-norte-cordobes","16":"tag-pizzeria-guerrin","17":"tag-totoral","18":"tag-villa-del-totoral"},"acf":[],"yoast_head":"<!-- This site is optimized with the Yoast SEO plugin v24.8.1 - https:\/\/yoast.com\/wordpress\/plugins\/seo\/ -->\n<title>Un campo de almendros en Totoral -<\/title>\n<meta name=\"description\" content=\"El predio perteneci\u00f3 a Francisco Malvesi, fundador de la famosa pizzer\u00eda G\u00fcerrin.\" \/>\n<meta name=\"robots\" content=\"index, follow, max-snippet:-1, max-image-preview:large, max-video-preview:-1\" \/>\n<link rel=\"canonical\" href=\"https:\/\/modoviajeok.com.ar\/index.php\/2025\/09\/11\/un-campo-de-almendros-en-totoral\/\" \/>\n<meta property=\"og:locale\" content=\"es_ES\" \/>\n<meta property=\"og:type\" content=\"article\" \/>\n<meta property=\"og:title\" content=\"Un campo de almendros en Totoral -\" \/>\n<meta property=\"og:description\" content=\"El predio perteneci\u00f3 a Francisco Malvesi, fundador de la famosa pizzer\u00eda G\u00fcerrin.\" \/>\n<meta property=\"og:url\" content=\"https:\/\/modoviajeok.com.ar\/index.php\/2025\/09\/11\/un-campo-de-almendros-en-totoral\/\" \/>\n<meta property=\"article:publisher\" content=\"https:\/\/www.facebook.com\/mariana.otero1\/\" \/>\n<meta property=\"article:published_time\" content=\"2025-09-11T12:00:04+00:00\" \/>\n<meta property=\"og:image\" content=\"https:\/\/modoviajeok.com.ar\/wp-content\/uploads\/2025\/07\/WhatsApp-Image-2025-07-15-at-20.09.03.jpeg\" \/>\n\t<meta property=\"og:image:width\" content=\"1600\" \/>\n\t<meta property=\"og:image:height\" content=\"1067\" \/>\n\t<meta property=\"og:image:type\" content=\"image\/jpeg\" \/>\n<meta name=\"author\" content=\"Mariana Otero\" \/>\n<meta name=\"twitter:card\" content=\"summary_large_image\" \/>\n<meta name=\"twitter:label1\" content=\"Escrito por\" \/>\n\t<meta name=\"twitter:data1\" content=\"Mariana Otero\" \/>\n\t<meta name=\"twitter:label2\" content=\"Tiempo de lectura\" \/>\n\t<meta name=\"twitter:data2\" content=\"8 minutos\" \/>\n<script type=\"application\/ld+json\" class=\"yoast-schema-graph\">{\"@context\":\"https:\/\/schema.org\",\"@graph\":[{\"@type\":\"Article\",\"@id\":\"https:\/\/modoviajeok.com.ar\/index.php\/2025\/09\/11\/un-campo-de-almendros-en-totoral\/#article\",\"isPartOf\":{\"@id\":\"https:\/\/modoviajeok.com.ar\/index.php\/2025\/09\/11\/un-campo-de-almendros-en-totoral\/\"},\"author\":{\"name\":\"Mariana Otero\",\"@id\":\"https:\/\/modoviajeok.com.ar\/#\/schema\/person\/1187013488537969db5b1320484d24f4\"},\"headline\":\"Un campo de almendros en Totoral\",\"datePublished\":\"2025-09-11T12:00:04+00:00\",\"mainEntityOfPage\":{\"@id\":\"https:\/\/modoviajeok.com.ar\/index.php\/2025\/09\/11\/un-campo-de-almendros-en-totoral\/\"},\"wordCount\":1331,\"commentCount\":0,\"publisher\":{\"@id\":\"https:\/\/modoviajeok.com.ar\/#organization\"},\"image\":{\"@id\":\"https:\/\/modoviajeok.com.ar\/index.php\/2025\/09\/11\/un-campo-de-almendros-en-totoral\/#primaryimage\"},\"thumbnailUrl\":\"https:\/\/modoviajeok.com.ar\/wp-content\/uploads\/2025\/07\/WhatsApp-Image-2025-07-15-at-20.09.03.jpeg\",\"keywords\":[\"almendrar\",\"almendras\",\"argentina\",\"c\u00f3rdoba\",\"francisco malvesi\",\"norte cordob\u00e9s\",\"pizzer\u00eda guerr\u00edn\",\"totoral\",\"villa del totoral\"],\"articleSection\":[\"Argentina\",\"Destacadas\",\"En la prensa\"],\"inLanguage\":\"es\",\"potentialAction\":[{\"@type\":\"CommentAction\",\"name\":\"Comment\",\"target\":[\"https:\/\/modoviajeok.com.ar\/index.php\/2025\/09\/11\/un-campo-de-almendros-en-totoral\/#respond\"]}]},{\"@type\":\"WebPage\",\"@id\":\"https:\/\/modoviajeok.com.ar\/index.php\/2025\/09\/11\/un-campo-de-almendros-en-totoral\/\",\"url\":\"https:\/\/modoviajeok.com.ar\/index.php\/2025\/09\/11\/un-campo-de-almendros-en-totoral\/\",\"name\":\"Un campo de almendros en Totoral -\",\"isPartOf\":{\"@id\":\"https:\/\/modoviajeok.com.ar\/#website\"},\"primaryImageOfPage\":{\"@id\":\"https:\/\/modoviajeok.com.ar\/index.php\/2025\/09\/11\/un-campo-de-almendros-en-totoral\/#primaryimage\"},\"image\":{\"@id\":\"https:\/\/modoviajeok.com.ar\/index.php\/2025\/09\/11\/un-campo-de-almendros-en-totoral\/#primaryimage\"},\"thumbnailUrl\":\"https:\/\/modoviajeok.com.ar\/wp-content\/uploads\/2025\/07\/WhatsApp-Image-2025-07-15-at-20.09.03.jpeg\",\"datePublished\":\"2025-09-11T12:00:04+00:00\",\"description\":\"El predio perteneci\u00f3 a Francisco Malvesi, fundador de la famosa pizzer\u00eda G\u00fcerrin.\",\"breadcrumb\":{\"@id\":\"https:\/\/modoviajeok.com.ar\/index.php\/2025\/09\/11\/un-campo-de-almendros-en-totoral\/#breadcrumb\"},\"inLanguage\":\"es\",\"potentialAction\":[{\"@type\":\"ReadAction\",\"target\":[\"https:\/\/modoviajeok.com.ar\/index.php\/2025\/09\/11\/un-campo-de-almendros-en-totoral\/\"]}]},{\"@type\":\"ImageObject\",\"inLanguage\":\"es\",\"@id\":\"https:\/\/modoviajeok.com.ar\/index.php\/2025\/09\/11\/un-campo-de-almendros-en-totoral\/#primaryimage\",\"url\":\"https:\/\/modoviajeok.com.ar\/wp-content\/uploads\/2025\/07\/WhatsApp-Image-2025-07-15-at-20.09.03.jpeg\",\"contentUrl\":\"https:\/\/modoviajeok.com.ar\/wp-content\/uploads\/2025\/07\/WhatsApp-Image-2025-07-15-at-20.09.03.jpeg\",\"width\":1600,\"height\":1067},{\"@type\":\"BreadcrumbList\",\"@id\":\"https:\/\/modoviajeok.com.ar\/index.php\/2025\/09\/11\/un-campo-de-almendros-en-totoral\/#breadcrumb\",\"itemListElement\":[{\"@type\":\"ListItem\",\"position\":1,\"name\":\"Portada\",\"item\":\"https:\/\/modoviajeok.com.ar\/\"},{\"@type\":\"ListItem\",\"position\":2,\"name\":\"Un campo de almendros en Totoral\"}]},{\"@type\":\"WebSite\",\"@id\":\"https:\/\/modoviajeok.com.ar\/#website\",\"url\":\"https:\/\/modoviajeok.com.ar\/\",\"name\":\"ModoViajeOK\",\"description\":\"\",\"publisher\":{\"@id\":\"https:\/\/modoviajeok.com.ar\/#organization\"},\"potentialAction\":[{\"@type\":\"SearchAction\",\"target\":{\"@type\":\"EntryPoint\",\"urlTemplate\":\"https:\/\/modoviajeok.com.ar\/?s={search_term_string}\"},\"query-input\":{\"@type\":\"PropertyValueSpecification\",\"valueRequired\":true,\"valueName\":\"search_term_string\"}}],\"inLanguage\":\"es\"},{\"@type\":\"Organization\",\"@id\":\"https:\/\/modoviajeok.com.ar\/#organization\",\"name\":\"ModoViajeOK\",\"url\":\"https:\/\/modoviajeok.com.ar\/\",\"logo\":{\"@type\":\"ImageObject\",\"inLanguage\":\"es\",\"@id\":\"https:\/\/modoviajeok.com.ar\/#\/schema\/logo\/image\/\",\"url\":\"https:\/\/modoviajeok.com.ar\/wp-content\/uploads\/2025\/01\/Logo-modoviajeok.png\",\"contentUrl\":\"https:\/\/modoviajeok.com.ar\/wp-content\/uploads\/2025\/01\/Logo-modoviajeok.png\",\"width\":2938,\"height\":2276,\"caption\":\"ModoViajeOK\"},\"image\":{\"@id\":\"https:\/\/modoviajeok.com.ar\/#\/schema\/logo\/image\/\"},\"sameAs\":[\"https:\/\/www.facebook.com\/mariana.otero1\/\",\"https:\/\/www.instagram.com\/modoviaje.ok\/\"]},{\"@type\":\"Person\",\"@id\":\"https:\/\/modoviajeok.com.ar\/#\/schema\/person\/1187013488537969db5b1320484d24f4\",\"name\":\"Mariana Otero\",\"image\":{\"@type\":\"ImageObject\",\"inLanguage\":\"es\",\"@id\":\"https:\/\/modoviajeok.com.ar\/#\/schema\/person\/image\/\",\"url\":\"https:\/\/secure.gravatar.com\/avatar\/8a91a502a9336849a3500b9090c431bc1418f1d1263d893afeddba065f5add82?s=96&d=mm&r=g\",\"contentUrl\":\"https:\/\/secure.gravatar.com\/avatar\/8a91a502a9336849a3500b9090c431bc1418f1d1263d893afeddba065f5add82?s=96&d=mm&r=g\",\"caption\":\"Mariana Otero\"},\"url\":\"https:\/\/modoviajeok.com.ar\/index.php\/author\/mariana2025\/\"}]}<\/script>\n<!-- \/ Yoast SEO plugin. -->","yoast_head_json":{"title":"Un campo de almendros en Totoral -","description":"El predio perteneci\u00f3 a Francisco Malvesi, fundador de la famosa pizzer\u00eda G\u00fcerrin.","robots":{"index":"index","follow":"follow","max-snippet":"max-snippet:-1","max-image-preview":"max-image-preview:large","max-video-preview":"max-video-preview:-1"},"canonical":"https:\/\/modoviajeok.com.ar\/index.php\/2025\/09\/11\/un-campo-de-almendros-en-totoral\/","og_locale":"es_ES","og_type":"article","og_title":"Un campo de almendros en Totoral -","og_description":"El predio perteneci\u00f3 a Francisco Malvesi, fundador de la famosa pizzer\u00eda G\u00fcerrin.","og_url":"https:\/\/modoviajeok.com.ar\/index.php\/2025\/09\/11\/un-campo-de-almendros-en-totoral\/","article_publisher":"https:\/\/www.facebook.com\/mariana.otero1\/","article_published_time":"2025-09-11T12:00:04+00:00","og_image":[{"width":1600,"height":1067,"url":"https:\/\/modoviajeok.com.ar\/wp-content\/uploads\/2025\/07\/WhatsApp-Image-2025-07-15-at-20.09.03.jpeg","type":"image\/jpeg"}],"author":"Mariana Otero","twitter_card":"summary_large_image","twitter_misc":{"Escrito por":"Mariana Otero","Tiempo de lectura":"8 minutos"},"schema":{"@context":"https:\/\/schema.org","@graph":[{"@type":"Article","@id":"https:\/\/modoviajeok.com.ar\/index.php\/2025\/09\/11\/un-campo-de-almendros-en-totoral\/#article","isPartOf":{"@id":"https:\/\/modoviajeok.com.ar\/index.php\/2025\/09\/11\/un-campo-de-almendros-en-totoral\/"},"author":{"name":"Mariana Otero","@id":"https:\/\/modoviajeok.com.ar\/#\/schema\/person\/1187013488537969db5b1320484d24f4"},"headline":"Un campo de almendros en Totoral","datePublished":"2025-09-11T12:00:04+00:00","mainEntityOfPage":{"@id":"https:\/\/modoviajeok.com.ar\/index.php\/2025\/09\/11\/un-campo-de-almendros-en-totoral\/"},"wordCount":1331,"commentCount":0,"publisher":{"@id":"https:\/\/modoviajeok.com.ar\/#organization"},"image":{"@id":"https:\/\/modoviajeok.com.ar\/index.php\/2025\/09\/11\/un-campo-de-almendros-en-totoral\/#primaryimage"},"thumbnailUrl":"https:\/\/modoviajeok.com.ar\/wp-content\/uploads\/2025\/07\/WhatsApp-Image-2025-07-15-at-20.09.03.jpeg","keywords":["almendrar","almendras","argentina","c\u00f3rdoba","francisco malvesi","norte cordob\u00e9s","pizzer\u00eda guerr\u00edn","totoral","villa del totoral"],"articleSection":["Argentina","Destacadas","En la prensa"],"inLanguage":"es","potentialAction":[{"@type":"CommentAction","name":"Comment","target":["https:\/\/modoviajeok.com.ar\/index.php\/2025\/09\/11\/un-campo-de-almendros-en-totoral\/#respond"]}]},{"@type":"WebPage","@id":"https:\/\/modoviajeok.com.ar\/index.php\/2025\/09\/11\/un-campo-de-almendros-en-totoral\/","url":"https:\/\/modoviajeok.com.ar\/index.php\/2025\/09\/11\/un-campo-de-almendros-en-totoral\/","name":"Un campo de almendros en Totoral -","isPartOf":{"@id":"https:\/\/modoviajeok.com.ar\/#website"},"primaryImageOfPage":{"@id":"https:\/\/modoviajeok.com.ar\/index.php\/2025\/09\/11\/un-campo-de-almendros-en-totoral\/#primaryimage"},"image":{"@id":"https:\/\/modoviajeok.com.ar\/index.php\/2025\/09\/11\/un-campo-de-almendros-en-totoral\/#primaryimage"},"thumbnailUrl":"https:\/\/modoviajeok.com.ar\/wp-content\/uploads\/2025\/07\/WhatsApp-Image-2025-07-15-at-20.09.03.jpeg","datePublished":"2025-09-11T12:00:04+00:00","description":"El predio perteneci\u00f3 a Francisco Malvesi, fundador de la famosa pizzer\u00eda G\u00fcerrin.","breadcrumb":{"@id":"https:\/\/modoviajeok.com.ar\/index.php\/2025\/09\/11\/un-campo-de-almendros-en-totoral\/#breadcrumb"},"inLanguage":"es","potentialAction":[{"@type":"ReadAction","target":["https:\/\/modoviajeok.com.ar\/index.php\/2025\/09\/11\/un-campo-de-almendros-en-totoral\/"]}]},{"@type":"ImageObject","inLanguage":"es","@id":"https:\/\/modoviajeok.com.ar\/index.php\/2025\/09\/11\/un-campo-de-almendros-en-totoral\/#primaryimage","url":"https:\/\/modoviajeok.com.ar\/wp-content\/uploads\/2025\/07\/WhatsApp-Image-2025-07-15-at-20.09.03.jpeg","contentUrl":"https:\/\/modoviajeok.com.ar\/wp-content\/uploads\/2025\/07\/WhatsApp-Image-2025-07-15-at-20.09.03.jpeg","width":1600,"height":1067},{"@type":"BreadcrumbList","@id":"https:\/\/modoviajeok.com.ar\/index.php\/2025\/09\/11\/un-campo-de-almendros-en-totoral\/#breadcrumb","itemListElement":[{"@type":"ListItem","position":1,"name":"Portada","item":"https:\/\/modoviajeok.com.ar\/"},{"@type":"ListItem","position":2,"name":"Un campo de almendros en Totoral"}]},{"@type":"WebSite","@id":"https:\/\/modoviajeok.com.ar\/#website","url":"https:\/\/modoviajeok.com.ar\/","name":"ModoViajeOK","description":"","publisher":{"@id":"https:\/\/modoviajeok.com.ar\/#organization"},"potentialAction":[{"@type":"SearchAction","target":{"@type":"EntryPoint","urlTemplate":"https:\/\/modoviajeok.com.ar\/?s={search_term_string}"},"query-input":{"@type":"PropertyValueSpecification","valueRequired":true,"valueName":"search_term_string"}}],"inLanguage":"es"},{"@type":"Organization","@id":"https:\/\/modoviajeok.com.ar\/#organization","name":"ModoViajeOK","url":"https:\/\/modoviajeok.com.ar\/","logo":{"@type":"ImageObject","inLanguage":"es","@id":"https:\/\/modoviajeok.com.ar\/#\/schema\/logo\/image\/","url":"https:\/\/modoviajeok.com.ar\/wp-content\/uploads\/2025\/01\/Logo-modoviajeok.png","contentUrl":"https:\/\/modoviajeok.com.ar\/wp-content\/uploads\/2025\/01\/Logo-modoviajeok.png","width":2938,"height":2276,"caption":"ModoViajeOK"},"image":{"@id":"https:\/\/modoviajeok.com.ar\/#\/schema\/logo\/image\/"},"sameAs":["https:\/\/www.facebook.com\/mariana.otero1\/","https:\/\/www.instagram.com\/modoviaje.ok\/"]},{"@type":"Person","@id":"https:\/\/modoviajeok.com.ar\/#\/schema\/person\/1187013488537969db5b1320484d24f4","name":"Mariana Otero","image":{"@type":"ImageObject","inLanguage":"es","@id":"https:\/\/modoviajeok.com.ar\/#\/schema\/person\/image\/","url":"https:\/\/secure.gravatar.com\/avatar\/8a91a502a9336849a3500b9090c431bc1418f1d1263d893afeddba065f5add82?s=96&d=mm&r=g","contentUrl":"https:\/\/secure.gravatar.com\/avatar\/8a91a502a9336849a3500b9090c431bc1418f1d1263d893afeddba065f5add82?s=96&d=mm&r=g","caption":"Mariana Otero"},"url":"https:\/\/modoviajeok.com.ar\/index.php\/author\/mariana2025\/"}]}},"_links":{"self":[{"href":"https:\/\/modoviajeok.com.ar\/index.php\/wp-json\/wp\/v2\/posts\/4677","targetHints":{"allow":["GET"]}}],"collection":[{"href":"https:\/\/modoviajeok.com.ar\/index.php\/wp-json\/wp\/v2\/posts"}],"about":[{"href":"https:\/\/modoviajeok.com.ar\/index.php\/wp-json\/wp\/v2\/types\/post"}],"author":[{"embeddable":true,"href":"https:\/\/modoviajeok.com.ar\/index.php\/wp-json\/wp\/v2\/users\/2"}],"replies":[{"embeddable":true,"href":"https:\/\/modoviajeok.com.ar\/index.php\/wp-json\/wp\/v2\/comments?post=4677"}],"version-history":[{"count":1,"href":"https:\/\/modoviajeok.com.ar\/index.php\/wp-json\/wp\/v2\/posts\/4677\/revisions"}],"predecessor-version":[{"id":4687,"href":"https:\/\/modoviajeok.com.ar\/index.php\/wp-json\/wp\/v2\/posts\/4677\/revisions\/4687"}],"wp:featuredmedia":[{"embeddable":true,"href":"https:\/\/modoviajeok.com.ar\/index.php\/wp-json\/wp\/v2\/media\/4686"}],"wp:attachment":[{"href":"https:\/\/modoviajeok.com.ar\/index.php\/wp-json\/wp\/v2\/media?parent=4677"}],"wp:term":[{"taxonomy":"category","embeddable":true,"href":"https:\/\/modoviajeok.com.ar\/index.php\/wp-json\/wp\/v2\/categories?post=4677"},{"taxonomy":"post_tag","embeddable":true,"href":"https:\/\/modoviajeok.com.ar\/index.php\/wp-json\/wp\/v2\/tags?post=4677"}],"curies":[{"name":"wp","href":"https:\/\/api.w.org\/{rel}","templated":true}]}}