{"id":4736,"date":"2025-08-02T09:00:38","date_gmt":"2025-08-02T12:00:38","guid":{"rendered":"https:\/\/modoviajeok.com.ar\/?p=4736"},"modified":"2025-08-06T10:07:49","modified_gmt":"2025-08-06T13:07:49","slug":"el-perito-moreno-sede-de-la-copa-mundial-de-natacion-de-invierno","status":"publish","type":"post","link":"https:\/\/modoviajeok.com.ar\/index.php\/2025\/08\/02\/el-perito-moreno-sede-de-la-copa-mundial-de-natacion-de-invierno\/","title":{"rendered":"El Perito Moreno, sede de la Copa mundial de nataci\u00f3n de invierno"},"content":{"rendered":"\n<p><\/p>\n\n\n\n<p><\/p>\n\n\n\n<figure class=\"wp-block-pullquote\"><blockquote><p>La competencia se realizar\u00e1 entre el 4 y el 10 de agosto. Ser\u00e1 su tercera edici\u00f3n. Tendr\u00e1 como pa\u00eds invitado a Finlandia. \u00abServir\u00e1 para mostrar Santa Cruz a todo el mundo ya que es una competencia que genera gran expectativa\u00bb apunt\u00f3 Scioli.<\/p><\/blockquote><\/figure>\n\n\n\n<p><br>El secretario de Turismo, Ambiente y Deportes de la Naci\u00f3n, Daniel Scioli, particip\u00f3 de la presentaci\u00f3n del Winter Swimming World Cup 2025, realizada en la Ciudad de Buenos Aires. Este certamen invernal tendr\u00e1 lugar frente al glaciar Perito Moreno, El Calafate, del 4 al 10 de agosto, y tendr\u00e1 como pa\u00eds invitado a Finlandia.<\/p>\n\n\n\n<p><br><br>Scioli asegur\u00f3 que el evento \u201cservir\u00e1 para mostrar Santa Cruz a todo el mundo ya que es una competencia que genera gran expectativa. En paisajes \u00fanicos, como el del glaciar Perito Moreno, promovemos la combinaci\u00f3n del deporte, la sostenibilidad ambiental y el turismo como actividad productiva\u00bb.<br><br>El funcionario tambi\u00e9n destac\u00f3 que \u00abArgentina protagoniza grandes cambios. Recuper\u00f3 presencia mundial y cada vez recibe m\u00e1s eventos internacionales. Quiero agradecer a todas las voluntades, p\u00fablicas y privadas, y a todos los patrocinios que a trav\u00e9s del deporte generan un gran impacto en el empleo\u00bb, puntualiz\u00f3.<br><br>Por su parte, el presidente de Nadando Argentina, Mat\u00edas Ola, fue quien realiz\u00f3 la presentaci\u00f3n y el saludo a todos los que participaron de la organizaci\u00f3n del evento. \u00abEs la tercera edici\u00f3n, con m\u00e1s 160 nadadores de 16 pa\u00edses. Genera un gran impacto visual que podamos hacerlo en el Parque Nacional Los Glaciares\u00bb, expres\u00f3. \u00abLa nataci\u00f3n de invierno lleg\u00f3 a nuestro pa\u00eds y queremos que siga creciendo, ya que promociona destinos y une pa\u00edses\u00bb, resumi\u00f3.<\/p>\n\n\n\n<figure class=\"wp-block-image size-full\"><img loading=\"lazy\" decoding=\"async\" width=\"2298\" height=\"2148\" src=\"https:\/\/modoviajeok.com.ar\/wp-content\/uploads\/2025\/07\/natacion-de-invierno-2.jpg\" alt=\"\" class=\"wp-image-4740\" srcset=\"https:\/\/modoviajeok.com.ar\/wp-content\/uploads\/2025\/07\/natacion-de-invierno-2.jpg 2298w, https:\/\/modoviajeok.com.ar\/wp-content\/uploads\/2025\/07\/natacion-de-invierno-2-768x718.jpg 768w, https:\/\/modoviajeok.com.ar\/wp-content\/uploads\/2025\/07\/natacion-de-invierno-2-1536x1436.jpg 1536w, https:\/\/modoviajeok.com.ar\/wp-content\/uploads\/2025\/07\/natacion-de-invierno-2-2048x1914.jpg 2048w, https:\/\/modoviajeok.com.ar\/wp-content\/uploads\/2025\/07\/natacion-de-invierno-2-449x420.jpg 449w, https:\/\/modoviajeok.com.ar\/wp-content\/uploads\/2025\/07\/natacion-de-invierno-2-150x140.jpg 150w, https:\/\/modoviajeok.com.ar\/wp-content\/uploads\/2025\/07\/natacion-de-invierno-2-300x280.jpg 300w, https:\/\/modoviajeok.com.ar\/wp-content\/uploads\/2025\/07\/natacion-de-invierno-2-696x651.jpg 696w, https:\/\/modoviajeok.com.ar\/wp-content\/uploads\/2025\/07\/natacion-de-invierno-2-1068x998.jpg 1068w, https:\/\/modoviajeok.com.ar\/wp-content\/uploads\/2025\/07\/natacion-de-invierno-2-1920x1795.jpg 1920w\" sizes=\"auto, (max-width: 2298px) 100vw, 2298px\" \/><figcaption class=\"wp-element-caption\">Daniel Scioli (derecha) junto a Mat\u00edas Ola presidente de Nadando Argentina. \u00abEste a\u00f1o habr\u00e1 m\u00e1s de 160 nadadores de 16 pa\u00edses\u00bb dijo Ola. <\/figcaption><\/figure>\n\n\n\n<p>A su turno, la embajadora de Finlandia, Nicola Lindertz dijo: \u00abAgradecemos ser el pa\u00eds invitado al evento. Finlandia tiene mil lagos y est\u00e1 rodeada por el Mar B\u00e1ltico, por lo que aprendemos a nadar para vincularnos con la naturaleza y el ambiente. Es un gran placer estar presente en el evento con una delegaci\u00f3n de nadadores\u00bb.<\/p>\n\n\n\n<p>La Winter Swimming World Cup 2025, en su tercera edici\u00f3n, es el primer gran evento del calendario internacional de la International Winter Swimming Association. Es una cita imperdible para quienes eligen desafiar los l\u00edmites, hacer historia y formar parte del crecimiento de un fen\u00f3meno global.<\/p>\n","protected":false},"excerpt":{"rendered":"<p>La competencia se realizar\u00e1 entre el 4 y el 10 de agosto. Ser\u00e1 su tercera edici\u00f3n. Tendr\u00e1 como pa\u00eds invitado a Finlandia. \u00abServir\u00e1 para mostrar Santa Cruz a todo el mundo ya que es una competencia que genera gran expectativa\u00bb apunt\u00f3 Scioli. El secretario de Turismo, Ambiente y Deportes de la Naci\u00f3n, Daniel Scioli, particip\u00f3 [&hellip;]<\/p>\n","protected":false},"author":3,"featured_media":4737,"comment_status":"open","ping_status":"open","sticky":false,"template":"","format":"standard","meta":{"_acf_changed":false,"footnotes":""},"categories":[13,10],"tags":[1140,1138,1139,86],"class_list":{"0":"post-4736","1":"post","2":"type-post","3":"status-publish","4":"format-standard","5":"has-post-thumbnail","7":"category-argentina","8":"category-noticias","9":"tag-el-calafate","10":"tag-glaciar-perito-moreno","11":"tag-nadando-argentina","12":"tag-santa-cruz"},"acf":[],"yoast_head":"<!-- This site is optimized with the Yoast SEO plugin v24.8.1 - https:\/\/yoast.com\/wordpress\/plugins\/seo\/ -->\n<title>El Perito Moreno, sede de la Copa mundial de nataci\u00f3n de invierno -<\/title>\n<meta name=\"robots\" content=\"index, follow, max-snippet:-1, max-image-preview:large, max-video-preview:-1\" \/>\n<link rel=\"canonical\" href=\"https:\/\/modoviajeok.com.ar\/index.php\/2025\/08\/02\/el-perito-moreno-sede-de-la-copa-mundial-de-natacion-de-invierno\/\" \/>\n<meta property=\"og:locale\" content=\"es_ES\" \/>\n<meta property=\"og:type\" content=\"article\" \/>\n<meta property=\"og:title\" content=\"El Perito Moreno, sede de la Copa mundial de nataci\u00f3n de invierno -\" \/>\n<meta property=\"og:description\" content=\"La competencia se realizar\u00e1 entre el 4 y el 10 de agosto. Ser\u00e1 su tercera edici\u00f3n. Tendr\u00e1 como pa\u00eds invitado a Finlandia. \u00abServir\u00e1 para mostrar Santa Cruz a todo el mundo ya que es una competencia que genera gran expectativa\u00bb apunt\u00f3 Scioli. El secretario de Turismo, Ambiente y Deportes de la Naci\u00f3n, Daniel Scioli, particip\u00f3 [&hellip;]\" \/>\n<meta property=\"og:url\" content=\"https:\/\/modoviajeok.com.ar\/index.php\/2025\/08\/02\/el-perito-moreno-sede-de-la-copa-mundial-de-natacion-de-invierno\/\" \/>\n<meta property=\"article:publisher\" content=\"https:\/\/www.facebook.com\/mariana.otero1\/\" \/>\n<meta property=\"article:published_time\" content=\"2025-08-02T12:00:38+00:00\" \/>\n<meta property=\"article:modified_time\" content=\"2025-08-06T13:07:49+00:00\" \/>\n<meta property=\"og:image\" content=\"https:\/\/modoviajeok.com.ar\/wp-content\/uploads\/2025\/07\/multimedia.normal.95cceeb997bb0448.bmFkYXItZ2xhY2lhci1wZXJpdG8tbW9yZW5vLWFmcGpfbm9ybWFsLndlYnA.webp\" \/>\n\t<meta property=\"og:image:width\" content=\"1200\" \/>\n\t<meta property=\"og:image:height\" content=\"675\" \/>\n\t<meta property=\"og:image:type\" content=\"image\/webp\" \/>\n<meta name=\"author\" content=\"Pepe Segura\" \/>\n<meta name=\"twitter:card\" content=\"summary_large_image\" \/>\n<meta name=\"twitter:label1\" content=\"Escrito por\" \/>\n\t<meta name=\"twitter:data1\" content=\"Pepe Segura\" \/>\n\t<meta name=\"twitter:label2\" content=\"Tiempo de lectura\" \/>\n\t<meta name=\"twitter:data2\" content=\"2 minutos\" \/>\n<script type=\"application\/ld+json\" class=\"yoast-schema-graph\">{\"@context\":\"https:\/\/schema.org\",\"@graph\":[{\"@type\":\"Article\",\"@id\":\"https:\/\/modoviajeok.com.ar\/index.php\/2025\/08\/02\/el-perito-moreno-sede-de-la-copa-mundial-de-natacion-de-invierno\/#article\",\"isPartOf\":{\"@id\":\"https:\/\/modoviajeok.com.ar\/index.php\/2025\/08\/02\/el-perito-moreno-sede-de-la-copa-mundial-de-natacion-de-invierno\/\"},\"author\":{\"name\":\"Pepe Segura\",\"@id\":\"https:\/\/modoviajeok.com.ar\/#\/schema\/person\/2e299ed0d3d412a01d244fe28260d7f5\"},\"headline\":\"El Perito Moreno, sede de la Copa mundial de nataci\u00f3n de invierno\",\"datePublished\":\"2025-08-02T12:00:38+00:00\",\"dateModified\":\"2025-08-06T13:07:49+00:00\",\"mainEntityOfPage\":{\"@id\":\"https:\/\/modoviajeok.com.ar\/index.php\/2025\/08\/02\/el-perito-moreno-sede-de-la-copa-mundial-de-natacion-de-invierno\/\"},\"wordCount\":419,\"commentCount\":0,\"publisher\":{\"@id\":\"https:\/\/modoviajeok.com.ar\/#organization\"},\"image\":{\"@id\":\"https:\/\/modoviajeok.com.ar\/index.php\/2025\/08\/02\/el-perito-moreno-sede-de-la-copa-mundial-de-natacion-de-invierno\/#primaryimage\"},\"thumbnailUrl\":\"https:\/\/modoviajeok.com.ar\/wp-content\/uploads\/2025\/07\/multimedia.normal.95cceeb997bb0448.bmFkYXItZ2xhY2lhci1wZXJpdG8tbW9yZW5vLWFmcGpfbm9ybWFsLndlYnA.webp\",\"keywords\":[\"el calafate\",\"glaciar perito moreno\",\"nadando argentina\",\"santa cruz\"],\"articleSection\":[\"Argentina\",\"Noticias\"],\"inLanguage\":\"es\",\"potentialAction\":[{\"@type\":\"CommentAction\",\"name\":\"Comment\",\"target\":[\"https:\/\/modoviajeok.com.ar\/index.php\/2025\/08\/02\/el-perito-moreno-sede-de-la-copa-mundial-de-natacion-de-invierno\/#respond\"]}]},{\"@type\":\"WebPage\",\"@id\":\"https:\/\/modoviajeok.com.ar\/index.php\/2025\/08\/02\/el-perito-moreno-sede-de-la-copa-mundial-de-natacion-de-invierno\/\",\"url\":\"https:\/\/modoviajeok.com.ar\/index.php\/2025\/08\/02\/el-perito-moreno-sede-de-la-copa-mundial-de-natacion-de-invierno\/\",\"name\":\"El Perito Moreno, sede de la Copa mundial de nataci\u00f3n de invierno -\",\"isPartOf\":{\"@id\":\"https:\/\/modoviajeok.com.ar\/#website\"},\"primaryImageOfPage\":{\"@id\":\"https:\/\/modoviajeok.com.ar\/index.php\/2025\/08\/02\/el-perito-moreno-sede-de-la-copa-mundial-de-natacion-de-invierno\/#primaryimage\"},\"image\":{\"@id\":\"https:\/\/modoviajeok.com.ar\/index.php\/2025\/08\/02\/el-perito-moreno-sede-de-la-copa-mundial-de-natacion-de-invierno\/#primaryimage\"},\"thumbnailUrl\":\"https:\/\/modoviajeok.com.ar\/wp-content\/uploads\/2025\/07\/multimedia.normal.95cceeb997bb0448.bmFkYXItZ2xhY2lhci1wZXJpdG8tbW9yZW5vLWFmcGpfbm9ybWFsLndlYnA.webp\",\"datePublished\":\"2025-08-02T12:00:38+00:00\",\"dateModified\":\"2025-08-06T13:07:49+00:00\",\"breadcrumb\":{\"@id\":\"https:\/\/modoviajeok.com.ar\/index.php\/2025\/08\/02\/el-perito-moreno-sede-de-la-copa-mundial-de-natacion-de-invierno\/#breadcrumb\"},\"inLanguage\":\"es\",\"potentialAction\":[{\"@type\":\"ReadAction\",\"target\":[\"https:\/\/modoviajeok.com.ar\/index.php\/2025\/08\/02\/el-perito-moreno-sede-de-la-copa-mundial-de-natacion-de-invierno\/\"]}]},{\"@type\":\"ImageObject\",\"inLanguage\":\"es\",\"@id\":\"https:\/\/modoviajeok.com.ar\/index.php\/2025\/08\/02\/el-perito-moreno-sede-de-la-copa-mundial-de-natacion-de-invierno\/#primaryimage\",\"url\":\"https:\/\/modoviajeok.com.ar\/wp-content\/uploads\/2025\/07\/multimedia.normal.95cceeb997bb0448.bmFkYXItZ2xhY2lhci1wZXJpdG8tbW9yZW5vLWFmcGpfbm9ybWFsLndlYnA.webp\",\"contentUrl\":\"https:\/\/modoviajeok.com.ar\/wp-content\/uploads\/2025\/07\/multimedia.normal.95cceeb997bb0448.bmFkYXItZ2xhY2lhci1wZXJpdG8tbW9yZW5vLWFmcGpfbm9ybWFsLndlYnA.webp\",\"width\":1200,\"height\":675},{\"@type\":\"BreadcrumbList\",\"@id\":\"https:\/\/modoviajeok.com.ar\/index.php\/2025\/08\/02\/el-perito-moreno-sede-de-la-copa-mundial-de-natacion-de-invierno\/#breadcrumb\",\"itemListElement\":[{\"@type\":\"ListItem\",\"position\":1,\"name\":\"Portada\",\"item\":\"https:\/\/modoviajeok.com.ar\/\"},{\"@type\":\"ListItem\",\"position\":2,\"name\":\"El Perito Moreno, sede de la Copa mundial de nataci\u00f3n de invierno\"}]},{\"@type\":\"WebSite\",\"@id\":\"https:\/\/modoviajeok.com.ar\/#website\",\"url\":\"https:\/\/modoviajeok.com.ar\/\",\"name\":\"ModoViajeOK\",\"description\":\"\",\"publisher\":{\"@id\":\"https:\/\/modoviajeok.com.ar\/#organization\"},\"potentialAction\":[{\"@type\":\"SearchAction\",\"target\":{\"@type\":\"EntryPoint\",\"urlTemplate\":\"https:\/\/modoviajeok.com.ar\/?s={search_term_string}\"},\"query-input\":{\"@type\":\"PropertyValueSpecification\",\"valueRequired\":true,\"valueName\":\"search_term_string\"}}],\"inLanguage\":\"es\"},{\"@type\":\"Organization\",\"@id\":\"https:\/\/modoviajeok.com.ar\/#organization\",\"name\":\"ModoViajeOK\",\"url\":\"https:\/\/modoviajeok.com.ar\/\",\"logo\":{\"@type\":\"ImageObject\",\"inLanguage\":\"es\",\"@id\":\"https:\/\/modoviajeok.com.ar\/#\/schema\/logo\/image\/\",\"url\":\"https:\/\/modoviajeok.com.ar\/wp-content\/uploads\/2025\/01\/Logo-modoviajeok.png\",\"contentUrl\":\"https:\/\/modoviajeok.com.ar\/wp-content\/uploads\/2025\/01\/Logo-modoviajeok.png\",\"width\":2938,\"height\":2276,\"caption\":\"ModoViajeOK\"},\"image\":{\"@id\":\"https:\/\/modoviajeok.com.ar\/#\/schema\/logo\/image\/\"},\"sameAs\":[\"https:\/\/www.facebook.com\/mariana.otero1\/\",\"https:\/\/www.instagram.com\/modoviaje.ok\/\"]},{\"@type\":\"Person\",\"@id\":\"https:\/\/modoviajeok.com.ar\/#\/schema\/person\/2e299ed0d3d412a01d244fe28260d7f5\",\"name\":\"Pepe Segura\",\"image\":{\"@type\":\"ImageObject\",\"inLanguage\":\"es\",\"@id\":\"https:\/\/modoviajeok.com.ar\/#\/schema\/person\/image\/\",\"url\":\"https:\/\/secure.gravatar.com\/avatar\/65eb4b34deed761327f5b2c5535b987318ae807900ac46426de7258f5de6d345?s=96&d=mm&r=g\",\"contentUrl\":\"https:\/\/secure.gravatar.com\/avatar\/65eb4b34deed761327f5b2c5535b987318ae807900ac46426de7258f5de6d345?s=96&d=mm&r=g\",\"caption\":\"Pepe Segura\"},\"url\":\"https:\/\/modoviajeok.com.ar\/index.php\/author\/pepe2025\/\"}]}<\/script>\n<!-- \/ Yoast SEO plugin. -->","yoast_head_json":{"title":"El Perito Moreno, sede de la Copa mundial de nataci\u00f3n de invierno -","robots":{"index":"index","follow":"follow","max-snippet":"max-snippet:-1","max-image-preview":"max-image-preview:large","max-video-preview":"max-video-preview:-1"},"canonical":"https:\/\/modoviajeok.com.ar\/index.php\/2025\/08\/02\/el-perito-moreno-sede-de-la-copa-mundial-de-natacion-de-invierno\/","og_locale":"es_ES","og_type":"article","og_title":"El Perito Moreno, sede de la Copa mundial de nataci\u00f3n de invierno -","og_description":"La competencia se realizar\u00e1 entre el 4 y el 10 de agosto. Ser\u00e1 su tercera edici\u00f3n. Tendr\u00e1 como pa\u00eds invitado a Finlandia. \u00abServir\u00e1 para mostrar Santa Cruz a todo el mundo ya que es una competencia que genera gran expectativa\u00bb apunt\u00f3 Scioli. El secretario de Turismo, Ambiente y Deportes de la Naci\u00f3n, Daniel Scioli, particip\u00f3 [&hellip;]","og_url":"https:\/\/modoviajeok.com.ar\/index.php\/2025\/08\/02\/el-perito-moreno-sede-de-la-copa-mundial-de-natacion-de-invierno\/","article_publisher":"https:\/\/www.facebook.com\/mariana.otero1\/","article_published_time":"2025-08-02T12:00:38+00:00","article_modified_time":"2025-08-06T13:07:49+00:00","og_image":[{"width":1200,"height":675,"url":"https:\/\/modoviajeok.com.ar\/wp-content\/uploads\/2025\/07\/multimedia.normal.95cceeb997bb0448.bmFkYXItZ2xhY2lhci1wZXJpdG8tbW9yZW5vLWFmcGpfbm9ybWFsLndlYnA.webp","type":"image\/webp"}],"author":"Pepe Segura","twitter_card":"summary_large_image","twitter_misc":{"Escrito por":"Pepe Segura","Tiempo de lectura":"2 minutos"},"schema":{"@context":"https:\/\/schema.org","@graph":[{"@type":"Article","@id":"https:\/\/modoviajeok.com.ar\/index.php\/2025\/08\/02\/el-perito-moreno-sede-de-la-copa-mundial-de-natacion-de-invierno\/#article","isPartOf":{"@id":"https:\/\/modoviajeok.com.ar\/index.php\/2025\/08\/02\/el-perito-moreno-sede-de-la-copa-mundial-de-natacion-de-invierno\/"},"author":{"name":"Pepe Segura","@id":"https:\/\/modoviajeok.com.ar\/#\/schema\/person\/2e299ed0d3d412a01d244fe28260d7f5"},"headline":"El Perito Moreno, sede de la Copa mundial de nataci\u00f3n de invierno","datePublished":"2025-08-02T12:00:38+00:00","dateModified":"2025-08-06T13:07:49+00:00","mainEntityOfPage":{"@id":"https:\/\/modoviajeok.com.ar\/index.php\/2025\/08\/02\/el-perito-moreno-sede-de-la-copa-mundial-de-natacion-de-invierno\/"},"wordCount":419,"commentCount":0,"publisher":{"@id":"https:\/\/modoviajeok.com.ar\/#organization"},"image":{"@id":"https:\/\/modoviajeok.com.ar\/index.php\/2025\/08\/02\/el-perito-moreno-sede-de-la-copa-mundial-de-natacion-de-invierno\/#primaryimage"},"thumbnailUrl":"https:\/\/modoviajeok.com.ar\/wp-content\/uploads\/2025\/07\/multimedia.normal.95cceeb997bb0448.bmFkYXItZ2xhY2lhci1wZXJpdG8tbW9yZW5vLWFmcGpfbm9ybWFsLndlYnA.webp","keywords":["el calafate","glaciar perito moreno","nadando argentina","santa cruz"],"articleSection":["Argentina","Noticias"],"inLanguage":"es","potentialAction":[{"@type":"CommentAction","name":"Comment","target":["https:\/\/modoviajeok.com.ar\/index.php\/2025\/08\/02\/el-perito-moreno-sede-de-la-copa-mundial-de-natacion-de-invierno\/#respond"]}]},{"@type":"WebPage","@id":"https:\/\/modoviajeok.com.ar\/index.php\/2025\/08\/02\/el-perito-moreno-sede-de-la-copa-mundial-de-natacion-de-invierno\/","url":"https:\/\/modoviajeok.com.ar\/index.php\/2025\/08\/02\/el-perito-moreno-sede-de-la-copa-mundial-de-natacion-de-invierno\/","name":"El Perito Moreno, sede de la Copa mundial de nataci\u00f3n de invierno -","isPartOf":{"@id":"https:\/\/modoviajeok.com.ar\/#website"},"primaryImageOfPage":{"@id":"https:\/\/modoviajeok.com.ar\/index.php\/2025\/08\/02\/el-perito-moreno-sede-de-la-copa-mundial-de-natacion-de-invierno\/#primaryimage"},"image":{"@id":"https:\/\/modoviajeok.com.ar\/index.php\/2025\/08\/02\/el-perito-moreno-sede-de-la-copa-mundial-de-natacion-de-invierno\/#primaryimage"},"thumbnailUrl":"https:\/\/modoviajeok.com.ar\/wp-content\/uploads\/2025\/07\/multimedia.normal.95cceeb997bb0448.bmFkYXItZ2xhY2lhci1wZXJpdG8tbW9yZW5vLWFmcGpfbm9ybWFsLndlYnA.webp","datePublished":"2025-08-02T12:00:38+00:00","dateModified":"2025-08-06T13:07:49+00:00","breadcrumb":{"@id":"https:\/\/modoviajeok.com.ar\/index.php\/2025\/08\/02\/el-perito-moreno-sede-de-la-copa-mundial-de-natacion-de-invierno\/#breadcrumb"},"inLanguage":"es","potentialAction":[{"@type":"ReadAction","target":["https:\/\/modoviajeok.com.ar\/index.php\/2025\/08\/02\/el-perito-moreno-sede-de-la-copa-mundial-de-natacion-de-invierno\/"]}]},{"@type":"ImageObject","inLanguage":"es","@id":"https:\/\/modoviajeok.com.ar\/index.php\/2025\/08\/02\/el-perito-moreno-sede-de-la-copa-mundial-de-natacion-de-invierno\/#primaryimage","url":"https:\/\/modoviajeok.com.ar\/wp-content\/uploads\/2025\/07\/multimedia.normal.95cceeb997bb0448.bmFkYXItZ2xhY2lhci1wZXJpdG8tbW9yZW5vLWFmcGpfbm9ybWFsLndlYnA.webp","contentUrl":"https:\/\/modoviajeok.com.ar\/wp-content\/uploads\/2025\/07\/multimedia.normal.95cceeb997bb0448.bmFkYXItZ2xhY2lhci1wZXJpdG8tbW9yZW5vLWFmcGpfbm9ybWFsLndlYnA.webp","width":1200,"height":675},{"@type":"BreadcrumbList","@id":"https:\/\/modoviajeok.com.ar\/index.php\/2025\/08\/02\/el-perito-moreno-sede-de-la-copa-mundial-de-natacion-de-invierno\/#breadcrumb","itemListElement":[{"@type":"ListItem","position":1,"name":"Portada","item":"https:\/\/modoviajeok.com.ar\/"},{"@type":"ListItem","position":2,"name":"El Perito Moreno, sede de la Copa mundial de nataci\u00f3n de invierno"}]},{"@type":"WebSite","@id":"https:\/\/modoviajeok.com.ar\/#website","url":"https:\/\/modoviajeok.com.ar\/","name":"ModoViajeOK","description":"","publisher":{"@id":"https:\/\/modoviajeok.com.ar\/#organization"},"potentialAction":[{"@type":"SearchAction","target":{"@type":"EntryPoint","urlTemplate":"https:\/\/modoviajeok.com.ar\/?s={search_term_string}"},"query-input":{"@type":"PropertyValueSpecification","valueRequired":true,"valueName":"search_term_string"}}],"inLanguage":"es"},{"@type":"Organization","@id":"https:\/\/modoviajeok.com.ar\/#organization","name":"ModoViajeOK","url":"https:\/\/modoviajeok.com.ar\/","logo":{"@type":"ImageObject","inLanguage":"es","@id":"https:\/\/modoviajeok.com.ar\/#\/schema\/logo\/image\/","url":"https:\/\/modoviajeok.com.ar\/wp-content\/uploads\/2025\/01\/Logo-modoviajeok.png","contentUrl":"https:\/\/modoviajeok.com.ar\/wp-content\/uploads\/2025\/01\/Logo-modoviajeok.png","width":2938,"height":2276,"caption":"ModoViajeOK"},"image":{"@id":"https:\/\/modoviajeok.com.ar\/#\/schema\/logo\/image\/"},"sameAs":["https:\/\/www.facebook.com\/mariana.otero1\/","https:\/\/www.instagram.com\/modoviaje.ok\/"]},{"@type":"Person","@id":"https:\/\/modoviajeok.com.ar\/#\/schema\/person\/2e299ed0d3d412a01d244fe28260d7f5","name":"Pepe Segura","image":{"@type":"ImageObject","inLanguage":"es","@id":"https:\/\/modoviajeok.com.ar\/#\/schema\/person\/image\/","url":"https:\/\/secure.gravatar.com\/avatar\/65eb4b34deed761327f5b2c5535b987318ae807900ac46426de7258f5de6d345?s=96&d=mm&r=g","contentUrl":"https:\/\/secure.gravatar.com\/avatar\/65eb4b34deed761327f5b2c5535b987318ae807900ac46426de7258f5de6d345?s=96&d=mm&r=g","caption":"Pepe Segura"},"url":"https:\/\/modoviajeok.com.ar\/index.php\/author\/pepe2025\/"}]}},"_links":{"self":[{"href":"https:\/\/modoviajeok.com.ar\/index.php\/wp-json\/wp\/v2\/posts\/4736","targetHints":{"allow":["GET"]}}],"collection":[{"href":"https:\/\/modoviajeok.com.ar\/index.php\/wp-json\/wp\/v2\/posts"}],"about":[{"href":"https:\/\/modoviajeok.com.ar\/index.php\/wp-json\/wp\/v2\/types\/post"}],"author":[{"embeddable":true,"href":"https:\/\/modoviajeok.com.ar\/index.php\/wp-json\/wp\/v2\/users\/3"}],"replies":[{"embeddable":true,"href":"https:\/\/modoviajeok.com.ar\/index.php\/wp-json\/wp\/v2\/comments?post=4736"}],"version-history":[{"count":2,"href":"https:\/\/modoviajeok.com.ar\/index.php\/wp-json\/wp\/v2\/posts\/4736\/revisions"}],"predecessor-version":[{"id":4744,"href":"https:\/\/modoviajeok.com.ar\/index.php\/wp-json\/wp\/v2\/posts\/4736\/revisions\/4744"}],"wp:featuredmedia":[{"embeddable":true,"href":"https:\/\/modoviajeok.com.ar\/index.php\/wp-json\/wp\/v2\/media\/4737"}],"wp:attachment":[{"href":"https:\/\/modoviajeok.com.ar\/index.php\/wp-json\/wp\/v2\/media?parent=4736"}],"wp:term":[{"taxonomy":"category","embeddable":true,"href":"https:\/\/modoviajeok.com.ar\/index.php\/wp-json\/wp\/v2\/categories?post=4736"},{"taxonomy":"post_tag","embeddable":true,"href":"https:\/\/modoviajeok.com.ar\/index.php\/wp-json\/wp\/v2\/tags?post=4736"}],"curies":[{"name":"wp","href":"https:\/\/api.w.org\/{rel}","templated":true}]}}