{"id":4800,"date":"2025-07-22T17:55:04","date_gmt":"2025-07-22T20:55:04","guid":{"rendered":"https:\/\/modoviajeok.com.ar\/?p=4800"},"modified":"2025-08-14T18:07:14","modified_gmt":"2025-08-14T21:07:14","slug":"cordoba-el-destino-mas-barato-para-las-vacaciones-de-invierno","status":"publish","type":"post","link":"https:\/\/modoviajeok.com.ar\/index.php\/2025\/07\/22\/cordoba-el-destino-mas-barato-para-las-vacaciones-de-invierno\/","title":{"rendered":"C\u00f3rdoba, el destino m\u00e1s barato para las vacaciones de invierno"},"content":{"rendered":"\n<figure class=\"wp-block-pullquote\"><blockquote><p> El an\u00e1lisis de la Fundaci\u00f3n ECOSUR compar\u00f3 los costos tur\u00edsticos en nueve plazas -cuatro nacionales y cinco internacionales- y concluy\u00f3 que vacacionar una semana en la capital cordobesa representa la alternativa m\u00e1s accesible para una familia tipo.<\/p><\/blockquote><\/figure>\n\n\n\n<p><\/p>\n\n\n\n<p><\/p>\n\n\n\n<p>Un informe de la Fundaci\u00f3n ECOSUR (entidad que combina la experiencia del Instituto de Investigaciones Econ\u00f3micas (IIE) de la Bolsa de Comercio de C\u00f3rdoba y la consultora MindY-Economics) posicion\u00f3 a la ciudad de C\u00f3rdoba como el destino m\u00e1s econ\u00f3mico para vacacionar durante el receso invernal 2025. El an\u00e1lisis, que compar\u00f3 los costos tur\u00edsticos en nueve plazas -cuatro nacionales y cinco internacionales-, concluy\u00f3 que vacacionar una semana en la capital cordobesa representa la alternativa m\u00e1s accesible para una familia tipo.<\/p>\n\n\n\n<p>Durante los primeros quince d\u00edas de julio, m\u00e1s de 500 mil turistas recorrieron la provincia, seg\u00fan datos relevados por la Agencia C\u00f3rdoba Turismo. Las expectativas contin\u00faan en alza con el comienzo del receso escolar en la provincia de Buenos Aires, que se extender\u00e1 hasta el 3 de agosto.<\/p>\n\n\n\n<figure class=\"wp-block-image size-full\"><img loading=\"lazy\" decoding=\"async\" width=\"993\" height=\"660\" src=\"https:\/\/modoviajeok.com.ar\/wp-content\/uploads\/2025\/07\/Teatro-del-libertador_lleno_concierto-Requiem-de-Mozart_junio-2022_orquesta-Sinfonica-y-Coro-Polifonico-de-Cordoba.jpg\" alt=\"\" class=\"wp-image-4803\" srcset=\"https:\/\/modoviajeok.com.ar\/wp-content\/uploads\/2025\/07\/Teatro-del-libertador_lleno_concierto-Requiem-de-Mozart_junio-2022_orquesta-Sinfonica-y-Coro-Polifonico-de-Cordoba.jpg 993w, https:\/\/modoviajeok.com.ar\/wp-content\/uploads\/2025\/07\/Teatro-del-libertador_lleno_concierto-Requiem-de-Mozart_junio-2022_orquesta-Sinfonica-y-Coro-Polifonico-de-Cordoba-768x510.jpg 768w, https:\/\/modoviajeok.com.ar\/wp-content\/uploads\/2025\/07\/Teatro-del-libertador_lleno_concierto-Requiem-de-Mozart_junio-2022_orquesta-Sinfonica-y-Coro-Polifonico-de-Cordoba-632x420.jpg 632w, https:\/\/modoviajeok.com.ar\/wp-content\/uploads\/2025\/07\/Teatro-del-libertador_lleno_concierto-Requiem-de-Mozart_junio-2022_orquesta-Sinfonica-y-Coro-Polifonico-de-Cordoba-150x100.jpg 150w, https:\/\/modoviajeok.com.ar\/wp-content\/uploads\/2025\/07\/Teatro-del-libertador_lleno_concierto-Requiem-de-Mozart_junio-2022_orquesta-Sinfonica-y-Coro-Polifonico-de-Cordoba-300x199.jpg 300w, https:\/\/modoviajeok.com.ar\/wp-content\/uploads\/2025\/07\/Teatro-del-libertador_lleno_concierto-Requiem-de-Mozart_junio-2022_orquesta-Sinfonica-y-Coro-Polifonico-de-Cordoba-696x463.jpg 696w\" sizes=\"auto, (max-width: 993px) 100vw, 993px\" \/><\/figure>\n\n\n\n<p>El estudio de ECOSUR estim\u00f3 los gastos totales de vacaciones para una familia de cuatro personas (dos adultos y dos menores), considerando alojamiento en hotel tres estrellas, comidas, bebidas, transporte local y vuelos directos desde Buenos Aires. C\u00f3rdoba encabeza el ranking nacional con una canasta tur\u00edstica total estimada en USD 2.806.<\/p>\n\n\n\n<p>Este monto se desglosa as\u00ed: USD 1.159 en hospedaje, USD 608 en transporte a\u00e9reo y USD 1.039 en consumos en destino, lo que representa una diferencia notable frente a otras ciudades argentinas. Por ejemplo, vacacionar en Mendoza cuesta USD 3.812; en Salta, USD 3.815; y en Bariloche, el destino m\u00e1s caro del pa\u00eds, USD 6.004.<\/p>\n\n\n\n<p>Incluso si se eliminan los costos de traslado y se analiza \u00fanicamente la canasta de estad\u00eda (alojamiento y consumo en el lugar), C\u00f3rdoba contin\u00faa siendo una de las m\u00e1s econ\u00f3micas, apenas superada por R\u00edo de Janeiro debido al favorable tipo de cambio en Brasil.<\/p>\n\n\n\n<p>El informe tambi\u00e9n resalta que el precio por alojarse en C\u00f3rdoba es pr\u00e1cticamente un tercio del que se paga en Bariloche (USD 1.322) y est\u00e1 por debajo del de Mendoza (USD 1.680) y Salta (USD 1.580). Adem\u00e1s, su ubicaci\u00f3n estrat\u00e9gica en el centro del pa\u00eds contribuye a reducir los costos de traslado desde otras provincias.<\/p>\n\n\n\n<figure class=\"wp-block-image size-full\"><img loading=\"lazy\" decoding=\"async\" width=\"960\" height=\"640\" src=\"https:\/\/modoviajeok.com.ar\/wp-content\/uploads\/2025\/07\/Cordoba.jpg\" alt=\"\" class=\"wp-image-4801\" srcset=\"https:\/\/modoviajeok.com.ar\/wp-content\/uploads\/2025\/07\/Cordoba.jpg 960w, https:\/\/modoviajeok.com.ar\/wp-content\/uploads\/2025\/07\/Cordoba-768x512.jpg 768w, https:\/\/modoviajeok.com.ar\/wp-content\/uploads\/2025\/07\/Cordoba-630x420.jpg 630w, https:\/\/modoviajeok.com.ar\/wp-content\/uploads\/2025\/07\/Cordoba-150x100.jpg 150w, https:\/\/modoviajeok.com.ar\/wp-content\/uploads\/2025\/07\/Cordoba-300x200.jpg 300w, https:\/\/modoviajeok.com.ar\/wp-content\/uploads\/2025\/07\/Cordoba-696x464.jpg 696w\" sizes=\"auto, (max-width: 960px) 100vw, 960px\" \/><\/figure>\n\n\n\n<p>Respecto a los destinos internacionales preferidos por los argentinos, como Santiago de Chile, R\u00edo de Janeiro, Punta Cana, Miami y Canc\u00fan, ninguno resulta m\u00e1s barato que C\u00f3rdoba cuando se incluye el traslado. Santiago, por ejemplo, tiene una canasta total cercana a los USD 6.800, mientras que R\u00edo de Janeiro alcanza los USD 6.100, Punta Cana ronda los USD 7.600 y Miami y Canc\u00fan superan los USD 11.000.<\/p>\n\n\n\n<p>La Fundaci\u00f3n ECOSUR utiliz\u00f3 fuentes como Booking (alojamiento), precios promedio en cadenas internacionales como McDonald\u2019s, y pasajes en plataformas como Despegar, siempre considerando vuelos directos desde Buenos Aires y cotizaciones al d\u00f3lar oficial.<\/p>\n\n\n\n<p>Con precios altamente competitivos, una gran diversidad de actividades para todos los p\u00fablicos y una ubicaci\u00f3n privilegiada, C\u00f3rdoba se consolida como el destino ideal para disfrutar el invierno sin exceder el presupuesto familiar.<\/p>\n","protected":false},"excerpt":{"rendered":"<p>El an\u00e1lisis de la Fundaci\u00f3n ECOSUR compar\u00f3 los costos tur\u00edsticos en nueve plazas -cuatro nacionales y cinco internacionales- y concluy\u00f3 que vacacionar una semana en la capital cordobesa representa la alternativa m\u00e1s accesible para una familia tipo. Un informe de la Fundaci\u00f3n ECOSUR (entidad que combina la experiencia del Instituto de Investigaciones Econ\u00f3micas (IIE) de [&hellip;]<\/p>\n","protected":false},"author":3,"featured_media":4802,"comment_status":"open","ping_status":"open","sticky":false,"template":"","format":"standard","meta":{"_acf_changed":false,"footnotes":""},"categories":[11,10,12],"tags":[345,1146,1147,1107],"class_list":{"0":"post-4800","1":"post","2":"type-post","3":"status-publish","4":"format-standard","5":"has-post-thumbnail","7":"category-cordoba","8":"category-noticias","9":"category-novedades","10":"tag-agencia-cordoba-turismo-2","11":"tag-cordoba-capital","12":"tag-fundacion-ecosur","13":"tag-vacaciones-de-invierno"},"acf":[],"yoast_head":"<!-- This site is optimized with the Yoast SEO plugin v24.8.1 - https:\/\/yoast.com\/wordpress\/plugins\/seo\/ -->\n<title>C\u00f3rdoba, el destino m\u00e1s barato para las vacaciones de invierno -<\/title>\n<meta name=\"robots\" content=\"index, follow, max-snippet:-1, max-image-preview:large, max-video-preview:-1\" \/>\n<link rel=\"canonical\" href=\"https:\/\/modoviajeok.com.ar\/index.php\/2025\/07\/22\/cordoba-el-destino-mas-barato-para-las-vacaciones-de-invierno\/\" \/>\n<meta property=\"og:locale\" content=\"es_ES\" \/>\n<meta property=\"og:type\" content=\"article\" \/>\n<meta property=\"og:title\" content=\"C\u00f3rdoba, el destino m\u00e1s barato para las vacaciones de invierno -\" \/>\n<meta property=\"og:description\" content=\"El an\u00e1lisis de la Fundaci\u00f3n ECOSUR compar\u00f3 los costos tur\u00edsticos en nueve plazas -cuatro nacionales y cinco internacionales- y concluy\u00f3 que vacacionar una semana en la capital cordobesa representa la alternativa m\u00e1s accesible para una familia tipo. Un informe de la Fundaci\u00f3n ECOSUR (entidad que combina la experiencia del Instituto de Investigaciones Econ\u00f3micas (IIE) de [&hellip;]\" \/>\n<meta property=\"og:url\" content=\"https:\/\/modoviajeok.com.ar\/index.php\/2025\/07\/22\/cordoba-el-destino-mas-barato-para-las-vacaciones-de-invierno\/\" \/>\n<meta property=\"article:publisher\" content=\"https:\/\/www.facebook.com\/mariana.otero1\/\" \/>\n<meta property=\"article:published_time\" content=\"2025-07-22T20:55:04+00:00\" \/>\n<meta property=\"article:modified_time\" content=\"2025-08-14T21:07:14+00:00\" \/>\n<meta property=\"og:image\" content=\"https:\/\/modoviajeok.com.ar\/wp-content\/uploads\/2025\/07\/3-Iglesia-de-los-Padres-Capuchinos.-Ciudad-de-Cordoba.jpg\" \/>\n\t<meta property=\"og:image:width\" content=\"2000\" \/>\n\t<meta property=\"og:image:height\" content=\"1372\" \/>\n\t<meta property=\"og:image:type\" content=\"image\/jpeg\" \/>\n<meta name=\"author\" content=\"Pepe Segura\" \/>\n<meta name=\"twitter:card\" content=\"summary_large_image\" \/>\n<meta name=\"twitter:label1\" content=\"Escrito por\" \/>\n\t<meta name=\"twitter:data1\" content=\"Pepe Segura\" \/>\n\t<meta name=\"twitter:label2\" content=\"Tiempo de lectura\" \/>\n\t<meta name=\"twitter:data2\" content=\"3 minutos\" \/>\n<script type=\"application\/ld+json\" class=\"yoast-schema-graph\">{\"@context\":\"https:\/\/schema.org\",\"@graph\":[{\"@type\":\"Article\",\"@id\":\"https:\/\/modoviajeok.com.ar\/index.php\/2025\/07\/22\/cordoba-el-destino-mas-barato-para-las-vacaciones-de-invierno\/#article\",\"isPartOf\":{\"@id\":\"https:\/\/modoviajeok.com.ar\/index.php\/2025\/07\/22\/cordoba-el-destino-mas-barato-para-las-vacaciones-de-invierno\/\"},\"author\":{\"name\":\"Pepe Segura\",\"@id\":\"https:\/\/modoviajeok.com.ar\/#\/schema\/person\/2e299ed0d3d412a01d244fe28260d7f5\"},\"headline\":\"C\u00f3rdoba, el destino m\u00e1s barato para las vacaciones de invierno\",\"datePublished\":\"2025-07-22T20:55:04+00:00\",\"dateModified\":\"2025-08-14T21:07:14+00:00\",\"mainEntityOfPage\":{\"@id\":\"https:\/\/modoviajeok.com.ar\/index.php\/2025\/07\/22\/cordoba-el-destino-mas-barato-para-las-vacaciones-de-invierno\/\"},\"wordCount\":545,\"commentCount\":0,\"publisher\":{\"@id\":\"https:\/\/modoviajeok.com.ar\/#organization\"},\"image\":{\"@id\":\"https:\/\/modoviajeok.com.ar\/index.php\/2025\/07\/22\/cordoba-el-destino-mas-barato-para-las-vacaciones-de-invierno\/#primaryimage\"},\"thumbnailUrl\":\"https:\/\/modoviajeok.com.ar\/wp-content\/uploads\/2025\/07\/3-Iglesia-de-los-Padres-Capuchinos.-Ciudad-de-Cordoba.jpg\",\"keywords\":[\"agencia cordoba turismo\",\"cordoba capital\",\"fundaci\u00f3n ecosur\",\"vacaciones de invierno\"],\"articleSection\":[\"C\u00f3rdoba\",\"Noticias\",\"Novedades\"],\"inLanguage\":\"es\",\"potentialAction\":[{\"@type\":\"CommentAction\",\"name\":\"Comment\",\"target\":[\"https:\/\/modoviajeok.com.ar\/index.php\/2025\/07\/22\/cordoba-el-destino-mas-barato-para-las-vacaciones-de-invierno\/#respond\"]}]},{\"@type\":\"WebPage\",\"@id\":\"https:\/\/modoviajeok.com.ar\/index.php\/2025\/07\/22\/cordoba-el-destino-mas-barato-para-las-vacaciones-de-invierno\/\",\"url\":\"https:\/\/modoviajeok.com.ar\/index.php\/2025\/07\/22\/cordoba-el-destino-mas-barato-para-las-vacaciones-de-invierno\/\",\"name\":\"C\u00f3rdoba, el destino m\u00e1s barato para las vacaciones de invierno -\",\"isPartOf\":{\"@id\":\"https:\/\/modoviajeok.com.ar\/#website\"},\"primaryImageOfPage\":{\"@id\":\"https:\/\/modoviajeok.com.ar\/index.php\/2025\/07\/22\/cordoba-el-destino-mas-barato-para-las-vacaciones-de-invierno\/#primaryimage\"},\"image\":{\"@id\":\"https:\/\/modoviajeok.com.ar\/index.php\/2025\/07\/22\/cordoba-el-destino-mas-barato-para-las-vacaciones-de-invierno\/#primaryimage\"},\"thumbnailUrl\":\"https:\/\/modoviajeok.com.ar\/wp-content\/uploads\/2025\/07\/3-Iglesia-de-los-Padres-Capuchinos.-Ciudad-de-Cordoba.jpg\",\"datePublished\":\"2025-07-22T20:55:04+00:00\",\"dateModified\":\"2025-08-14T21:07:14+00:00\",\"breadcrumb\":{\"@id\":\"https:\/\/modoviajeok.com.ar\/index.php\/2025\/07\/22\/cordoba-el-destino-mas-barato-para-las-vacaciones-de-invierno\/#breadcrumb\"},\"inLanguage\":\"es\",\"potentialAction\":[{\"@type\":\"ReadAction\",\"target\":[\"https:\/\/modoviajeok.com.ar\/index.php\/2025\/07\/22\/cordoba-el-destino-mas-barato-para-las-vacaciones-de-invierno\/\"]}]},{\"@type\":\"ImageObject\",\"inLanguage\":\"es\",\"@id\":\"https:\/\/modoviajeok.com.ar\/index.php\/2025\/07\/22\/cordoba-el-destino-mas-barato-para-las-vacaciones-de-invierno\/#primaryimage\",\"url\":\"https:\/\/modoviajeok.com.ar\/wp-content\/uploads\/2025\/07\/3-Iglesia-de-los-Padres-Capuchinos.-Ciudad-de-Cordoba.jpg\",\"contentUrl\":\"https:\/\/modoviajeok.com.ar\/wp-content\/uploads\/2025\/07\/3-Iglesia-de-los-Padres-Capuchinos.-Ciudad-de-Cordoba.jpg\",\"width\":2000,\"height\":1372},{\"@type\":\"BreadcrumbList\",\"@id\":\"https:\/\/modoviajeok.com.ar\/index.php\/2025\/07\/22\/cordoba-el-destino-mas-barato-para-las-vacaciones-de-invierno\/#breadcrumb\",\"itemListElement\":[{\"@type\":\"ListItem\",\"position\":1,\"name\":\"Portada\",\"item\":\"https:\/\/modoviajeok.com.ar\/\"},{\"@type\":\"ListItem\",\"position\":2,\"name\":\"C\u00f3rdoba, el destino m\u00e1s barato para las vacaciones de invierno\"}]},{\"@type\":\"WebSite\",\"@id\":\"https:\/\/modoviajeok.com.ar\/#website\",\"url\":\"https:\/\/modoviajeok.com.ar\/\",\"name\":\"ModoViajeOK\",\"description\":\"\",\"publisher\":{\"@id\":\"https:\/\/modoviajeok.com.ar\/#organization\"},\"potentialAction\":[{\"@type\":\"SearchAction\",\"target\":{\"@type\":\"EntryPoint\",\"urlTemplate\":\"https:\/\/modoviajeok.com.ar\/?s={search_term_string}\"},\"query-input\":{\"@type\":\"PropertyValueSpecification\",\"valueRequired\":true,\"valueName\":\"search_term_string\"}}],\"inLanguage\":\"es\"},{\"@type\":\"Organization\",\"@id\":\"https:\/\/modoviajeok.com.ar\/#organization\",\"name\":\"ModoViajeOK\",\"url\":\"https:\/\/modoviajeok.com.ar\/\",\"logo\":{\"@type\":\"ImageObject\",\"inLanguage\":\"es\",\"@id\":\"https:\/\/modoviajeok.com.ar\/#\/schema\/logo\/image\/\",\"url\":\"https:\/\/modoviajeok.com.ar\/wp-content\/uploads\/2025\/01\/Logo-modoviajeok.png\",\"contentUrl\":\"https:\/\/modoviajeok.com.ar\/wp-content\/uploads\/2025\/01\/Logo-modoviajeok.png\",\"width\":2938,\"height\":2276,\"caption\":\"ModoViajeOK\"},\"image\":{\"@id\":\"https:\/\/modoviajeok.com.ar\/#\/schema\/logo\/image\/\"},\"sameAs\":[\"https:\/\/www.facebook.com\/mariana.otero1\/\",\"https:\/\/www.instagram.com\/modoviaje.ok\/\"]},{\"@type\":\"Person\",\"@id\":\"https:\/\/modoviajeok.com.ar\/#\/schema\/person\/2e299ed0d3d412a01d244fe28260d7f5\",\"name\":\"Pepe Segura\",\"image\":{\"@type\":\"ImageObject\",\"inLanguage\":\"es\",\"@id\":\"https:\/\/modoviajeok.com.ar\/#\/schema\/person\/image\/\",\"url\":\"https:\/\/secure.gravatar.com\/avatar\/65eb4b34deed761327f5b2c5535b987318ae807900ac46426de7258f5de6d345?s=96&d=mm&r=g\",\"contentUrl\":\"https:\/\/secure.gravatar.com\/avatar\/65eb4b34deed761327f5b2c5535b987318ae807900ac46426de7258f5de6d345?s=96&d=mm&r=g\",\"caption\":\"Pepe Segura\"},\"url\":\"https:\/\/modoviajeok.com.ar\/index.php\/author\/pepe2025\/\"}]}<\/script>\n<!-- \/ Yoast SEO plugin. -->","yoast_head_json":{"title":"C\u00f3rdoba, el destino m\u00e1s barato para las vacaciones de invierno -","robots":{"index":"index","follow":"follow","max-snippet":"max-snippet:-1","max-image-preview":"max-image-preview:large","max-video-preview":"max-video-preview:-1"},"canonical":"https:\/\/modoviajeok.com.ar\/index.php\/2025\/07\/22\/cordoba-el-destino-mas-barato-para-las-vacaciones-de-invierno\/","og_locale":"es_ES","og_type":"article","og_title":"C\u00f3rdoba, el destino m\u00e1s barato para las vacaciones de invierno -","og_description":"El an\u00e1lisis de la Fundaci\u00f3n ECOSUR compar\u00f3 los costos tur\u00edsticos en nueve plazas -cuatro nacionales y cinco internacionales- y concluy\u00f3 que vacacionar una semana en la capital cordobesa representa la alternativa m\u00e1s accesible para una familia tipo. Un informe de la Fundaci\u00f3n ECOSUR (entidad que combina la experiencia del Instituto de Investigaciones Econ\u00f3micas (IIE) de [&hellip;]","og_url":"https:\/\/modoviajeok.com.ar\/index.php\/2025\/07\/22\/cordoba-el-destino-mas-barato-para-las-vacaciones-de-invierno\/","article_publisher":"https:\/\/www.facebook.com\/mariana.otero1\/","article_published_time":"2025-07-22T20:55:04+00:00","article_modified_time":"2025-08-14T21:07:14+00:00","og_image":[{"width":2000,"height":1372,"url":"https:\/\/modoviajeok.com.ar\/wp-content\/uploads\/2025\/07\/3-Iglesia-de-los-Padres-Capuchinos.-Ciudad-de-Cordoba.jpg","type":"image\/jpeg"}],"author":"Pepe Segura","twitter_card":"summary_large_image","twitter_misc":{"Escrito por":"Pepe Segura","Tiempo de lectura":"3 minutos"},"schema":{"@context":"https:\/\/schema.org","@graph":[{"@type":"Article","@id":"https:\/\/modoviajeok.com.ar\/index.php\/2025\/07\/22\/cordoba-el-destino-mas-barato-para-las-vacaciones-de-invierno\/#article","isPartOf":{"@id":"https:\/\/modoviajeok.com.ar\/index.php\/2025\/07\/22\/cordoba-el-destino-mas-barato-para-las-vacaciones-de-invierno\/"},"author":{"name":"Pepe Segura","@id":"https:\/\/modoviajeok.com.ar\/#\/schema\/person\/2e299ed0d3d412a01d244fe28260d7f5"},"headline":"C\u00f3rdoba, el destino m\u00e1s barato para las vacaciones de invierno","datePublished":"2025-07-22T20:55:04+00:00","dateModified":"2025-08-14T21:07:14+00:00","mainEntityOfPage":{"@id":"https:\/\/modoviajeok.com.ar\/index.php\/2025\/07\/22\/cordoba-el-destino-mas-barato-para-las-vacaciones-de-invierno\/"},"wordCount":545,"commentCount":0,"publisher":{"@id":"https:\/\/modoviajeok.com.ar\/#organization"},"image":{"@id":"https:\/\/modoviajeok.com.ar\/index.php\/2025\/07\/22\/cordoba-el-destino-mas-barato-para-las-vacaciones-de-invierno\/#primaryimage"},"thumbnailUrl":"https:\/\/modoviajeok.com.ar\/wp-content\/uploads\/2025\/07\/3-Iglesia-de-los-Padres-Capuchinos.-Ciudad-de-Cordoba.jpg","keywords":["agencia cordoba turismo","cordoba capital","fundaci\u00f3n ecosur","vacaciones de invierno"],"articleSection":["C\u00f3rdoba","Noticias","Novedades"],"inLanguage":"es","potentialAction":[{"@type":"CommentAction","name":"Comment","target":["https:\/\/modoviajeok.com.ar\/index.php\/2025\/07\/22\/cordoba-el-destino-mas-barato-para-las-vacaciones-de-invierno\/#respond"]}]},{"@type":"WebPage","@id":"https:\/\/modoviajeok.com.ar\/index.php\/2025\/07\/22\/cordoba-el-destino-mas-barato-para-las-vacaciones-de-invierno\/","url":"https:\/\/modoviajeok.com.ar\/index.php\/2025\/07\/22\/cordoba-el-destino-mas-barato-para-las-vacaciones-de-invierno\/","name":"C\u00f3rdoba, el destino m\u00e1s barato para las vacaciones de invierno -","isPartOf":{"@id":"https:\/\/modoviajeok.com.ar\/#website"},"primaryImageOfPage":{"@id":"https:\/\/modoviajeok.com.ar\/index.php\/2025\/07\/22\/cordoba-el-destino-mas-barato-para-las-vacaciones-de-invierno\/#primaryimage"},"image":{"@id":"https:\/\/modoviajeok.com.ar\/index.php\/2025\/07\/22\/cordoba-el-destino-mas-barato-para-las-vacaciones-de-invierno\/#primaryimage"},"thumbnailUrl":"https:\/\/modoviajeok.com.ar\/wp-content\/uploads\/2025\/07\/3-Iglesia-de-los-Padres-Capuchinos.-Ciudad-de-Cordoba.jpg","datePublished":"2025-07-22T20:55:04+00:00","dateModified":"2025-08-14T21:07:14+00:00","breadcrumb":{"@id":"https:\/\/modoviajeok.com.ar\/index.php\/2025\/07\/22\/cordoba-el-destino-mas-barato-para-las-vacaciones-de-invierno\/#breadcrumb"},"inLanguage":"es","potentialAction":[{"@type":"ReadAction","target":["https:\/\/modoviajeok.com.ar\/index.php\/2025\/07\/22\/cordoba-el-destino-mas-barato-para-las-vacaciones-de-invierno\/"]}]},{"@type":"ImageObject","inLanguage":"es","@id":"https:\/\/modoviajeok.com.ar\/index.php\/2025\/07\/22\/cordoba-el-destino-mas-barato-para-las-vacaciones-de-invierno\/#primaryimage","url":"https:\/\/modoviajeok.com.ar\/wp-content\/uploads\/2025\/07\/3-Iglesia-de-los-Padres-Capuchinos.-Ciudad-de-Cordoba.jpg","contentUrl":"https:\/\/modoviajeok.com.ar\/wp-content\/uploads\/2025\/07\/3-Iglesia-de-los-Padres-Capuchinos.-Ciudad-de-Cordoba.jpg","width":2000,"height":1372},{"@type":"BreadcrumbList","@id":"https:\/\/modoviajeok.com.ar\/index.php\/2025\/07\/22\/cordoba-el-destino-mas-barato-para-las-vacaciones-de-invierno\/#breadcrumb","itemListElement":[{"@type":"ListItem","position":1,"name":"Portada","item":"https:\/\/modoviajeok.com.ar\/"},{"@type":"ListItem","position":2,"name":"C\u00f3rdoba, el destino m\u00e1s barato para las vacaciones de invierno"}]},{"@type":"WebSite","@id":"https:\/\/modoviajeok.com.ar\/#website","url":"https:\/\/modoviajeok.com.ar\/","name":"ModoViajeOK","description":"","publisher":{"@id":"https:\/\/modoviajeok.com.ar\/#organization"},"potentialAction":[{"@type":"SearchAction","target":{"@type":"EntryPoint","urlTemplate":"https:\/\/modoviajeok.com.ar\/?s={search_term_string}"},"query-input":{"@type":"PropertyValueSpecification","valueRequired":true,"valueName":"search_term_string"}}],"inLanguage":"es"},{"@type":"Organization","@id":"https:\/\/modoviajeok.com.ar\/#organization","name":"ModoViajeOK","url":"https:\/\/modoviajeok.com.ar\/","logo":{"@type":"ImageObject","inLanguage":"es","@id":"https:\/\/modoviajeok.com.ar\/#\/schema\/logo\/image\/","url":"https:\/\/modoviajeok.com.ar\/wp-content\/uploads\/2025\/01\/Logo-modoviajeok.png","contentUrl":"https:\/\/modoviajeok.com.ar\/wp-content\/uploads\/2025\/01\/Logo-modoviajeok.png","width":2938,"height":2276,"caption":"ModoViajeOK"},"image":{"@id":"https:\/\/modoviajeok.com.ar\/#\/schema\/logo\/image\/"},"sameAs":["https:\/\/www.facebook.com\/mariana.otero1\/","https:\/\/www.instagram.com\/modoviaje.ok\/"]},{"@type":"Person","@id":"https:\/\/modoviajeok.com.ar\/#\/schema\/person\/2e299ed0d3d412a01d244fe28260d7f5","name":"Pepe Segura","image":{"@type":"ImageObject","inLanguage":"es","@id":"https:\/\/modoviajeok.com.ar\/#\/schema\/person\/image\/","url":"https:\/\/secure.gravatar.com\/avatar\/65eb4b34deed761327f5b2c5535b987318ae807900ac46426de7258f5de6d345?s=96&d=mm&r=g","contentUrl":"https:\/\/secure.gravatar.com\/avatar\/65eb4b34deed761327f5b2c5535b987318ae807900ac46426de7258f5de6d345?s=96&d=mm&r=g","caption":"Pepe Segura"},"url":"https:\/\/modoviajeok.com.ar\/index.php\/author\/pepe2025\/"}]}},"_links":{"self":[{"href":"https:\/\/modoviajeok.com.ar\/index.php\/wp-json\/wp\/v2\/posts\/4800","targetHints":{"allow":["GET"]}}],"collection":[{"href":"https:\/\/modoviajeok.com.ar\/index.php\/wp-json\/wp\/v2\/posts"}],"about":[{"href":"https:\/\/modoviajeok.com.ar\/index.php\/wp-json\/wp\/v2\/types\/post"}],"author":[{"embeddable":true,"href":"https:\/\/modoviajeok.com.ar\/index.php\/wp-json\/wp\/v2\/users\/3"}],"replies":[{"embeddable":true,"href":"https:\/\/modoviajeok.com.ar\/index.php\/wp-json\/wp\/v2\/comments?post=4800"}],"version-history":[{"count":1,"href":"https:\/\/modoviajeok.com.ar\/index.php\/wp-json\/wp\/v2\/posts\/4800\/revisions"}],"predecessor-version":[{"id":4804,"href":"https:\/\/modoviajeok.com.ar\/index.php\/wp-json\/wp\/v2\/posts\/4800\/revisions\/4804"}],"wp:featuredmedia":[{"embeddable":true,"href":"https:\/\/modoviajeok.com.ar\/index.php\/wp-json\/wp\/v2\/media\/4802"}],"wp:attachment":[{"href":"https:\/\/modoviajeok.com.ar\/index.php\/wp-json\/wp\/v2\/media?parent=4800"}],"wp:term":[{"taxonomy":"category","embeddable":true,"href":"https:\/\/modoviajeok.com.ar\/index.php\/wp-json\/wp\/v2\/categories?post=4800"},{"taxonomy":"post_tag","embeddable":true,"href":"https:\/\/modoviajeok.com.ar\/index.php\/wp-json\/wp\/v2\/tags?post=4800"}],"curies":[{"name":"wp","href":"https:\/\/api.w.org\/{rel}","templated":true}]}}