{"id":4805,"date":"2025-08-28T09:00:54","date_gmt":"2025-08-28T12:00:54","guid":{"rendered":"https:\/\/modoviajeok.com.ar\/?p=4805"},"modified":"2025-09-22T19:15:50","modified_gmt":"2025-09-22T22:15:50","slug":"asi-se-vive-el-dia-de-los-muertos-en-mexico-2","status":"publish","type":"post","link":"https:\/\/modoviajeok.com.ar\/index.php\/2025\/08\/28\/asi-se-vive-el-dia-de-los-muertos-en-mexico-2\/","title":{"rendered":"As\u00ed se vive el D\u00eda de los Muertos en M\u00e9xico"},"content":{"rendered":"\n<figure class=\"wp-block-pullquote\"><blockquote><p>\u00abEl D\u00eda de Muertos es la fiesta m\u00e1s bonita del a\u00f1o\u00bb, opina\u00a0 Grecia, en coincidencia con la mayor\u00eda de los mexicanos, mientras pega pesta\u00f1as postizas, pinta de blanco los p\u00f3mulos y dibuja una sonrisa desdentada para parecerse a \u00abLa Catrina\u00bb que imagin\u00f3 y populariz\u00f3 Diego Rivera.  <br><\/p><\/blockquote><\/figure>\n\n\n\n<figure class=\"wp-block-image size-full\"><img loading=\"lazy\" decoding=\"async\" width=\"2560\" height=\"1920\" src=\"https:\/\/modoviajeok.com.ar\/wp-content\/uploads\/2025\/07\/IMG_20191025_150601794-1-scaled.jpg\" alt=\"\" class=\"wp-image-4831\" srcset=\"https:\/\/modoviajeok.com.ar\/wp-content\/uploads\/2025\/07\/IMG_20191025_150601794-1-scaled.jpg 2560w, https:\/\/modoviajeok.com.ar\/wp-content\/uploads\/2025\/07\/IMG_20191025_150601794-1-768x576.jpg 768w, https:\/\/modoviajeok.com.ar\/wp-content\/uploads\/2025\/07\/IMG_20191025_150601794-1-1536x1152.jpg 1536w, https:\/\/modoviajeok.com.ar\/wp-content\/uploads\/2025\/07\/IMG_20191025_150601794-1-2048x1536.jpg 2048w, https:\/\/modoviajeok.com.ar\/wp-content\/uploads\/2025\/07\/IMG_20191025_150601794-1-560x420.jpg 560w, https:\/\/modoviajeok.com.ar\/wp-content\/uploads\/2025\/07\/IMG_20191025_150601794-1-80x60.jpg 80w, https:\/\/modoviajeok.com.ar\/wp-content\/uploads\/2025\/07\/IMG_20191025_150601794-1-150x113.jpg 150w, https:\/\/modoviajeok.com.ar\/wp-content\/uploads\/2025\/07\/IMG_20191025_150601794-1-300x225.jpg 300w, https:\/\/modoviajeok.com.ar\/wp-content\/uploads\/2025\/07\/IMG_20191025_150601794-1-696x522.jpg 696w, https:\/\/modoviajeok.com.ar\/wp-content\/uploads\/2025\/07\/IMG_20191025_150601794-1-1068x801.jpg 1068w, https:\/\/modoviajeok.com.ar\/wp-content\/uploads\/2025\/07\/IMG_20191025_150601794-1-1920x1440.jpg 1920w, https:\/\/modoviajeok.com.ar\/wp-content\/uploads\/2025\/07\/IMG_20191025_150601794-1-265x198.jpg 265w\" sizes=\"auto, (max-width: 2560px) 100vw, 2560px\" \/><\/figure>\n\n\n\n<p><\/p>\n\n\n\n<p><\/p>\n\n\n\n<p><\/p>\n\n\n\n<p>Grecia (22) dibuja en mi cara una Catrina para celebrar el D\u00eda de los Muertos en Ciudad Valles, en la Huasteca Potosina, en el centro de M\u00e9xico. La joven estudiante de maquillaje se esmera por dejarme parecida a la antigua \u201ccalavera garbancera\u201d -creada por el caricaturista mexicano Jos\u00e9 Guadalupe Posada- que luego pas\u00f3 a ser \u201cLa Catrina\u201d, que populariz\u00f3 el genial muralista Diego Rivera.&nbsp;&nbsp;<\/p>\n\n\n\n<p>\u00abEl D\u00eda de Muertos es la fiesta m\u00e1s bonita del a\u00f1o\u00bb, opina&nbsp; Grecia, en coincidencia con la mayor\u00eda de los mexicanos, mientras pega pesta\u00f1as postizas, pinta de blanco los p\u00f3mulos y dibuja una sonrisa desdentada.&nbsp;<\/p>\n\n\n\n<figure class=\"wp-block-image size-full\"><img loading=\"lazy\" decoding=\"async\" width=\"1440\" height=\"1080\" src=\"https:\/\/modoviajeok.com.ar\/wp-content\/uploads\/2025\/07\/DSCN3122-1.jpg\" alt=\"\" class=\"wp-image-4829\" srcset=\"https:\/\/modoviajeok.com.ar\/wp-content\/uploads\/2025\/07\/DSCN3122-1.jpg 1440w, https:\/\/modoviajeok.com.ar\/wp-content\/uploads\/2025\/07\/DSCN3122-1-768x576.jpg 768w, https:\/\/modoviajeok.com.ar\/wp-content\/uploads\/2025\/07\/DSCN3122-1-560x420.jpg 560w, https:\/\/modoviajeok.com.ar\/wp-content\/uploads\/2025\/07\/DSCN3122-1-80x60.jpg 80w, https:\/\/modoviajeok.com.ar\/wp-content\/uploads\/2025\/07\/DSCN3122-1-150x113.jpg 150w, https:\/\/modoviajeok.com.ar\/wp-content\/uploads\/2025\/07\/DSCN3122-1-300x225.jpg 300w, https:\/\/modoviajeok.com.ar\/wp-content\/uploads\/2025\/07\/DSCN3122-1-696x522.jpg 696w, https:\/\/modoviajeok.com.ar\/wp-content\/uploads\/2025\/07\/DSCN3122-1-1068x801.jpg 1068w, https:\/\/modoviajeok.com.ar\/wp-content\/uploads\/2025\/07\/DSCN3122-1-265x198.jpg 265w\" sizes=\"auto, (max-width: 1440px) 100vw, 1440px\" \/><\/figure>\n\n\n\n<p>En media hora estoy lista para el Xantolo (se pronuncia \u201cshantolo\u201d), la popular celebraci\u00f3n prehisp\u00e1nica, que se fortaleci\u00f3 durante la colonia. Es la&nbsp; m\u00e1s arraigada de M\u00e9xico y Patrimonio Intangible de la Humanidad, declarada por la Unesco.<\/p>\n\n\n\n<p>En las calles ya se siente el ambiente de Catrinas y huehues, enmascarados que danzan para \u201cenga\u00f1ar a la muerte\u201d vistiendo de hombres si son mujeres o de mujeres si son varones.&nbsp;<\/p>\n\n\n\n<p>Parece que el pueblo hierve de alegr\u00eda, aunque el verdadero Xantolo (llamado as\u00ed por los nahuatl), Santorum (para los tenek) o D\u00eda de Muertos (para los mestizos) se goza en la intimidad de los hogares o en los panteones donde descansan los muertos.&nbsp;<\/p>\n\n\n\n<figure class=\"wp-block-image size-full\"><img loading=\"lazy\" decoding=\"async\" width=\"2560\" height=\"1920\" src=\"https:\/\/modoviajeok.com.ar\/wp-content\/uploads\/2025\/07\/IMG_20191030_202139892-1-scaled.jpg\" alt=\"\" class=\"wp-image-4815\" srcset=\"https:\/\/modoviajeok.com.ar\/wp-content\/uploads\/2025\/07\/IMG_20191030_202139892-1-scaled.jpg 2560w, https:\/\/modoviajeok.com.ar\/wp-content\/uploads\/2025\/07\/IMG_20191030_202139892-1-768x576.jpg 768w, https:\/\/modoviajeok.com.ar\/wp-content\/uploads\/2025\/07\/IMG_20191030_202139892-1-1536x1152.jpg 1536w, https:\/\/modoviajeok.com.ar\/wp-content\/uploads\/2025\/07\/IMG_20191030_202139892-1-2048x1536.jpg 2048w, https:\/\/modoviajeok.com.ar\/wp-content\/uploads\/2025\/07\/IMG_20191030_202139892-1-560x420.jpg 560w, https:\/\/modoviajeok.com.ar\/wp-content\/uploads\/2025\/07\/IMG_20191030_202139892-1-80x60.jpg 80w, https:\/\/modoviajeok.com.ar\/wp-content\/uploads\/2025\/07\/IMG_20191030_202139892-1-150x113.jpg 150w, https:\/\/modoviajeok.com.ar\/wp-content\/uploads\/2025\/07\/IMG_20191030_202139892-1-300x225.jpg 300w, https:\/\/modoviajeok.com.ar\/wp-content\/uploads\/2025\/07\/IMG_20191030_202139892-1-696x522.jpg 696w, https:\/\/modoviajeok.com.ar\/wp-content\/uploads\/2025\/07\/IMG_20191030_202139892-1-1068x801.jpg 1068w, https:\/\/modoviajeok.com.ar\/wp-content\/uploads\/2025\/07\/IMG_20191030_202139892-1-1920x1440.jpg 1920w, https:\/\/modoviajeok.com.ar\/wp-content\/uploads\/2025\/07\/IMG_20191030_202139892-1-265x198.jpg 265w\" sizes=\"auto, (max-width: 2560px) 100vw, 2560px\" \/><\/figure>\n\n\n\n<p>\u00abLo que se ve en la calle es una forma de atraer a los turistas, atraer divisas. Eso es apenas una partecita. El Xantolo se vive en mi casa, con mi familia, con mis muertos, en el pante\u00f3n, record\u00e1ndolos, honr\u00e1ndolos. Ese es el verdadero Xantolo, el de las casas, el ir al mercado a comprar la flor, la ca\u00f1a, la palma, el armar el altar todos juntos en familia. Poner las fotograf\u00edas de los fieles difuntos, la ofrenda, esperarlos, hacerles el caminito con el p\u00e9talo de la flor de cempasuchil para indicarles c\u00f3mo llegar y que puedan saborear todo lo que con mucho gusto les ofrendamos\u201d, enfatiza Carlos Rodr\u00edguez Reyes, director de la revista <strong>Expresi\u00f3n de la Huasteca<\/strong>. \u201cPara m\u00ed ese d\u00eda es lo m\u00e1s importante y lo m\u00e1s sagrado. El Xantolo es mi Navidad\u00bb, agrega.<\/p>\n\n\n\n<figure class=\"wp-block-image size-full\"><img loading=\"lazy\" decoding=\"async\" width=\"720\" height=\"1280\" src=\"https:\/\/modoviajeok.com.ar\/wp-content\/uploads\/2025\/07\/IMG-20191026-WA0223-1.jpg\" alt=\"\" class=\"wp-image-4821\" srcset=\"https:\/\/modoviajeok.com.ar\/wp-content\/uploads\/2025\/07\/IMG-20191026-WA0223-1.jpg 720w, https:\/\/modoviajeok.com.ar\/wp-content\/uploads\/2025\/07\/IMG-20191026-WA0223-1-236x420.jpg 236w, https:\/\/modoviajeok.com.ar\/wp-content\/uploads\/2025\/07\/IMG-20191026-WA0223-1-150x267.jpg 150w, https:\/\/modoviajeok.com.ar\/wp-content\/uploads\/2025\/07\/IMG-20191026-WA0223-1-300x533.jpg 300w, https:\/\/modoviajeok.com.ar\/wp-content\/uploads\/2025\/07\/IMG-20191026-WA0223-1-696x1237.jpg 696w\" sizes=\"auto, (max-width: 720px) 100vw, 720px\" \/><\/figure>\n\n\n\n<p>En los cementerios y en la intimidad ocurre el encuentro amoroso con las almas de los difuntos que bajan desde donde est\u00e9n para convivir con sus seres queridos, en una comuni\u00f3n sincera y alegre.&nbsp;<\/p>\n\n\n\n<p>\u201cEn M\u00e9xico no hacemos un culto a la muerte, sino que honramos a nuestros muertos. En realidad, nos re\u00edmos de la muerte. Algunos seres queridos se nos adelantaron, pero no los olvidamos y ellos tampoco porque todos los a\u00f1os vienen a visitarnos\u201d, dice Jos\u00e9 Luis, un vendedor ambulante frente al reloj monumental de la ciudad de Pachuca.&nbsp;<\/p>\n\n\n\n<p>Entre el 28 de octubre y el 4 de noviembre se celebra el Xantolo, el reencuentro con las \u00e1nimas m\u00e1s queridas.&nbsp;&nbsp;<\/p>\n\n\n\n<figure class=\"wp-block-image size-full\"><img loading=\"lazy\" decoding=\"async\" width=\"1440\" height=\"1080\" src=\"https:\/\/modoviajeok.com.ar\/wp-content\/uploads\/2025\/07\/DSCN3135-1.jpg\" alt=\"\" class=\"wp-image-4827\" srcset=\"https:\/\/modoviajeok.com.ar\/wp-content\/uploads\/2025\/07\/DSCN3135-1.jpg 1440w, https:\/\/modoviajeok.com.ar\/wp-content\/uploads\/2025\/07\/DSCN3135-1-768x576.jpg 768w, https:\/\/modoviajeok.com.ar\/wp-content\/uploads\/2025\/07\/DSCN3135-1-560x420.jpg 560w, https:\/\/modoviajeok.com.ar\/wp-content\/uploads\/2025\/07\/DSCN3135-1-80x60.jpg 80w, https:\/\/modoviajeok.com.ar\/wp-content\/uploads\/2025\/07\/DSCN3135-1-150x113.jpg 150w, https:\/\/modoviajeok.com.ar\/wp-content\/uploads\/2025\/07\/DSCN3135-1-300x225.jpg 300w, https:\/\/modoviajeok.com.ar\/wp-content\/uploads\/2025\/07\/DSCN3135-1-696x522.jpg 696w, https:\/\/modoviajeok.com.ar\/wp-content\/uploads\/2025\/07\/DSCN3135-1-1068x801.jpg 1068w, https:\/\/modoviajeok.com.ar\/wp-content\/uploads\/2025\/07\/DSCN3135-1-265x198.jpg 265w\" sizes=\"auto, (max-width: 1440px) 100vw, 1440px\" \/><\/figure>\n\n\n\n<p><strong>Los altares<\/strong><\/p>\n\n\n\n<p>En algunos de los \u201cpueblos m\u00e1gicos\u201d del estado de Hidalgo comenc\u00e9 a saborear el Xantolo. En Real del Monte, a pocos kil\u00f3metros de Pachuca, v\u00ed mi primer altar en la calle, con sus colores, sus flores, sus calaveras y sus ofrendas. Impactante sincretismo cultural, mixtura de lo sagrado y lo profano.&nbsp;<\/p>\n\n\n\n<p>Luego, me cruzar\u00eda con decenas. All\u00ed donde hubiera un muerto para honrar, hab\u00eda un altar para admirar.<\/p>\n\n\n\n<p>\u00a0<\/p>\n\n\n\n<figure class=\"wp-block-image size-full\"><img loading=\"lazy\" decoding=\"async\" width=\"1440\" height=\"1080\" src=\"https:\/\/modoviajeok.com.ar\/wp-content\/uploads\/2025\/07\/DSCN3184.jpg\" alt=\"\" class=\"wp-image-4824\" srcset=\"https:\/\/modoviajeok.com.ar\/wp-content\/uploads\/2025\/07\/DSCN3184.jpg 1440w, https:\/\/modoviajeok.com.ar\/wp-content\/uploads\/2025\/07\/DSCN3184-768x576.jpg 768w, https:\/\/modoviajeok.com.ar\/wp-content\/uploads\/2025\/07\/DSCN3184-560x420.jpg 560w, https:\/\/modoviajeok.com.ar\/wp-content\/uploads\/2025\/07\/DSCN3184-80x60.jpg 80w, https:\/\/modoviajeok.com.ar\/wp-content\/uploads\/2025\/07\/DSCN3184-150x113.jpg 150w, https:\/\/modoviajeok.com.ar\/wp-content\/uploads\/2025\/07\/DSCN3184-300x225.jpg 300w, https:\/\/modoviajeok.com.ar\/wp-content\/uploads\/2025\/07\/DSCN3184-696x522.jpg 696w, https:\/\/modoviajeok.com.ar\/wp-content\/uploads\/2025\/07\/DSCN3184-1068x801.jpg 1068w, https:\/\/modoviajeok.com.ar\/wp-content\/uploads\/2025\/07\/DSCN3184-265x198.jpg 265w\" sizes=\"auto, (max-width: 1440px) 100vw, 1440px\" \/><\/figure>\n\n\n\n<p>Alfonso Arevalo, historiador y periodista huasteco, confirma que Xantolo es una tradici\u00f3n ancestral donde participa toda la familia. \u00abEl 1 de noviembre es el D\u00eda de Todos los Santos, cuando las almas de los ni\u00f1os vienen a visitar a sus familias que los reciben con estruendos de cuetes, de m\u00fasica de minuetes y disponen ofrendas en los altares como tamalitos de dulces, lo que les gustaba a los ni\u00f1os. El 2, se celebra el D\u00eda de los Muertos; en las ofrendas hay tamales con chile, cerveza, vino, aguardiente y se recibe a los muertos con rezos en sus domicilios frente al altar\u00bb, enumera Ar\u00e9valo.&nbsp;<\/p>\n\n\n\n<figure class=\"wp-block-image size-full\"><img loading=\"lazy\" decoding=\"async\" width=\"1920\" height=\"2560\" src=\"https:\/\/modoviajeok.com.ar\/wp-content\/uploads\/2025\/07\/IMG_20191031_082532543-1-scaled.jpg\" alt=\"\" class=\"wp-image-4811\" srcset=\"https:\/\/modoviajeok.com.ar\/wp-content\/uploads\/2025\/07\/IMG_20191031_082532543-1-scaled.jpg 1920w, https:\/\/modoviajeok.com.ar\/wp-content\/uploads\/2025\/07\/IMG_20191031_082532543-1-768x1024.jpg 768w, https:\/\/modoviajeok.com.ar\/wp-content\/uploads\/2025\/07\/IMG_20191031_082532543-1-1152x1536.jpg 1152w, https:\/\/modoviajeok.com.ar\/wp-content\/uploads\/2025\/07\/IMG_20191031_082532543-1-1536x2048.jpg 1536w, https:\/\/modoviajeok.com.ar\/wp-content\/uploads\/2025\/07\/IMG_20191031_082532543-1-315x420.jpg 315w, https:\/\/modoviajeok.com.ar\/wp-content\/uploads\/2025\/07\/IMG_20191031_082532543-1-150x200.jpg 150w, https:\/\/modoviajeok.com.ar\/wp-content\/uploads\/2025\/07\/IMG_20191031_082532543-1-300x400.jpg 300w, https:\/\/modoviajeok.com.ar\/wp-content\/uploads\/2025\/07\/IMG_20191031_082532543-1-696x928.jpg 696w, https:\/\/modoviajeok.com.ar\/wp-content\/uploads\/2025\/07\/IMG_20191031_082532543-1-1068x1424.jpg 1068w\" sizes=\"auto, (max-width: 1920px) 100vw, 1920px\" \/><\/figure>\n\n\n\n<p>En cada hogar, la familia levanta su arco de palmilla y de cempasuchiles, unas hermosas flores del color de la yema de huevo parecidas a&nbsp; claveles de muchos p\u00e9talos.&nbsp;<\/p>\n\n\n\n<p>\u00abPreservamos la tradici\u00f3n de recordar a nuestros seres queridos, los honramos, le hacemos el tributo. Es la fecha en la que ellos vienen a recoger sus pasos, a recorrer los caminos, las casas, a convivir, a estar con la familia, a comer y a tomar lo que le ponemos en la ofrenda, que es lo que les gustaba. Vienen a visitarnos y a estar con nosotros\u00bb, resume Rodr\u00edguez Reyes.<\/p>\n\n\n\n<figure class=\"wp-block-image size-full\"><img loading=\"lazy\" decoding=\"async\" width=\"1920\" height=\"2560\" src=\"https:\/\/modoviajeok.com.ar\/wp-content\/uploads\/2025\/07\/IMG_20191031_163813022-1-scaled.jpg\" alt=\"\" class=\"wp-image-4809\" srcset=\"https:\/\/modoviajeok.com.ar\/wp-content\/uploads\/2025\/07\/IMG_20191031_163813022-1-scaled.jpg 1920w, https:\/\/modoviajeok.com.ar\/wp-content\/uploads\/2025\/07\/IMG_20191031_163813022-1-768x1024.jpg 768w, https:\/\/modoviajeok.com.ar\/wp-content\/uploads\/2025\/07\/IMG_20191031_163813022-1-1152x1536.jpg 1152w, https:\/\/modoviajeok.com.ar\/wp-content\/uploads\/2025\/07\/IMG_20191031_163813022-1-1536x2048.jpg 1536w, https:\/\/modoviajeok.com.ar\/wp-content\/uploads\/2025\/07\/IMG_20191031_163813022-1-315x420.jpg 315w, https:\/\/modoviajeok.com.ar\/wp-content\/uploads\/2025\/07\/IMG_20191031_163813022-1-150x200.jpg 150w, https:\/\/modoviajeok.com.ar\/wp-content\/uploads\/2025\/07\/IMG_20191031_163813022-1-300x400.jpg 300w, https:\/\/modoviajeok.com.ar\/wp-content\/uploads\/2025\/07\/IMG_20191031_163813022-1-696x928.jpg 696w, https:\/\/modoviajeok.com.ar\/wp-content\/uploads\/2025\/07\/IMG_20191031_163813022-1-1068x1424.jpg 1068w\" sizes=\"auto, (max-width: 1920px) 100vw, 1920px\" \/><\/figure>\n\n\n\n<p>Las calles huelen a copal, a incienso, y, tambi\u00e9n, a las flores de nombre dif\u00edcil que emulan al sol, con las que se arman caminos de p\u00e9talos junto a velas (veladoras, en M\u00e9xico) que guiar\u00e1n a los muertos hacia el lugar donde se los espera.<\/p>\n\n\n\n<p>Cada altar es original y \u00fanico, con dos arcos. Por uno, entran las almas al regresar a la Tierra. Por el otro, retornan al inframundo.<\/p>\n\n\n\n<p>Ar\u00e9valo explica que el arco debe llevar 12 ramos de flores al frente, que representan los 12 meses del a\u00f1o, y siete travesa\u00f1os, uno por cada d\u00eda de la semana.&nbsp;<\/p>\n\n\n\n<p>El humo del copal orienta a los esp\u00edritus y el agua se coloca para calmar la sed cuando las almas llegan desde lejos. En un plato se coloca un pu\u00f1ado de sal, s\u00edmbolo de purificaci\u00f3n.&nbsp;<\/p>\n\n\n\n<figure class=\"wp-block-image size-full\"><img loading=\"lazy\" decoding=\"async\" width=\"2402\" height=\"2560\" src=\"https:\/\/modoviajeok.com.ar\/wp-content\/uploads\/2025\/07\/IMG_20191031_171959670-scaled.jpg\" alt=\"\" class=\"wp-image-4806\" srcset=\"https:\/\/modoviajeok.com.ar\/wp-content\/uploads\/2025\/07\/IMG_20191031_171959670-scaled.jpg 2402w, https:\/\/modoviajeok.com.ar\/wp-content\/uploads\/2025\/07\/IMG_20191031_171959670-768x818.jpg 768w, https:\/\/modoviajeok.com.ar\/wp-content\/uploads\/2025\/07\/IMG_20191031_171959670-1441x1536.jpg 1441w, https:\/\/modoviajeok.com.ar\/wp-content\/uploads\/2025\/07\/IMG_20191031_171959670-1922x2048.jpg 1922w, https:\/\/modoviajeok.com.ar\/wp-content\/uploads\/2025\/07\/IMG_20191031_171959670-394x420.jpg 394w, https:\/\/modoviajeok.com.ar\/wp-content\/uploads\/2025\/07\/IMG_20191031_171959670-150x160.jpg 150w, https:\/\/modoviajeok.com.ar\/wp-content\/uploads\/2025\/07\/IMG_20191031_171959670-300x320.jpg 300w, https:\/\/modoviajeok.com.ar\/wp-content\/uploads\/2025\/07\/IMG_20191031_171959670-696x742.jpg 696w, https:\/\/modoviajeok.com.ar\/wp-content\/uploads\/2025\/07\/IMG_20191031_171959670-1068x1138.jpg 1068w, https:\/\/modoviajeok.com.ar\/wp-content\/uploads\/2025\/07\/IMG_20191031_171959670-1920x2046.jpg 1920w\" sizes=\"auto, (max-width: 2402px) 100vw, 2402px\" \/><\/figure>\n\n\n\n<p>\u00abCada altar debe llevar los elementos que representan tanto la vida como la muerte, un platito de sal y el agua no puede faltar en ning\u00fan altar de M\u00e9xico. El agua es la dadora de la vida y es la que hace el traspaso a la muerte. El copal, con su aroma es el que atrae a nuestras \u00e1nimas benditas que nos vienen a visitar en estos d\u00edas. Se gu\u00edan por el aroma y el color de las flores de cempasuchil. Se encienden las veladoras que iluminan el camino y as\u00ed pueden reconocer los altares. Se le pone a cada difuntito lo que le gustaba en vida, cigarritos, frutas. En la regi\u00f3n no pueden faltar los tamales tradicionales y aqu\u00ed se disfruta mucho el aguardiente y el buen caf\u00e9\u00bb, me explic\u00f3 Luis Emanuel Aguilar, la ma\u00f1ana del 1 de noviembre, en un callej\u00f3n de Xilitla, donde preparaba un altar comunitario, de unos 80 metros, junto a otros hombres.&nbsp;<\/p>\n\n\n\n<p>A la misma hora, en la plaza de ese encantador \u201cpueblo m\u00e1gico\u201d (en M\u00e9xico hay 121 que llevan ese nombre) armaban un escenario gigante a pocos metros de un curioso puesto de bananas fritas adornado de Catrinas, y atendido por Edgard y Sahir Garay. \u00abEl Xantolo es la fiesta del a\u00f1o\u00bb, sentenci\u00f3 uno de ellos, detr\u00e1s de su m\u00e1scara de diablo.<\/p>\n\n\n\n<p><strong>Fiesta en el pante\u00f3n<\/strong><\/p>\n\n\n\n<p>El \u00faltimo d\u00eda de octubre, las floristas de cempasuchiles en Ciudad Valles esperaban en sus puestos callejeros a los clientes de \u00faltimo minuto. Vend\u00edan el ramo a 70 pesos mexicanos (unos 210 pesos argentinos). \u00abS\u00e1quese una foto, damita\u00bb, invitaban, mientras armaban un escenario inigualable con cientos de flores color oro y de las conocidas \u201cmano de le\u00f3n\u201d, moradas y suaves como el terciopelo, que parecen de utiler\u00eda.&nbsp;<\/p>\n\n\n\n<figure class=\"wp-block-image size-full\"><img loading=\"lazy\" decoding=\"async\" width=\"2560\" height=\"1920\" src=\"https:\/\/modoviajeok.com.ar\/wp-content\/uploads\/2025\/07\/IMG_20191031_163906563-1-scaled.jpg\" alt=\"\" class=\"wp-image-4808\" srcset=\"https:\/\/modoviajeok.com.ar\/wp-content\/uploads\/2025\/07\/IMG_20191031_163906563-1-scaled.jpg 2560w, https:\/\/modoviajeok.com.ar\/wp-content\/uploads\/2025\/07\/IMG_20191031_163906563-1-768x576.jpg 768w, https:\/\/modoviajeok.com.ar\/wp-content\/uploads\/2025\/07\/IMG_20191031_163906563-1-1536x1152.jpg 1536w, https:\/\/modoviajeok.com.ar\/wp-content\/uploads\/2025\/07\/IMG_20191031_163906563-1-2048x1536.jpg 2048w, https:\/\/modoviajeok.com.ar\/wp-content\/uploads\/2025\/07\/IMG_20191031_163906563-1-560x420.jpg 560w, https:\/\/modoviajeok.com.ar\/wp-content\/uploads\/2025\/07\/IMG_20191031_163906563-1-80x60.jpg 80w, https:\/\/modoviajeok.com.ar\/wp-content\/uploads\/2025\/07\/IMG_20191031_163906563-1-150x113.jpg 150w, https:\/\/modoviajeok.com.ar\/wp-content\/uploads\/2025\/07\/IMG_20191031_163906563-1-300x225.jpg 300w, https:\/\/modoviajeok.com.ar\/wp-content\/uploads\/2025\/07\/IMG_20191031_163906563-1-696x522.jpg 696w, https:\/\/modoviajeok.com.ar\/wp-content\/uploads\/2025\/07\/IMG_20191031_163906563-1-1068x801.jpg 1068w, https:\/\/modoviajeok.com.ar\/wp-content\/uploads\/2025\/07\/IMG_20191031_163906563-1-1920x1440.jpg 1920w, https:\/\/modoviajeok.com.ar\/wp-content\/uploads\/2025\/07\/IMG_20191031_163906563-1-265x198.jpg 265w\" sizes=\"auto, (max-width: 2560px) 100vw, 2560px\" \/><\/figure>\n\n\n\n<p>La madrugada del 2, el pante\u00f3n municipal de Ciudad Valles estaba cerrado, pero lleno de las flores de siempre y de velas. Con mi cara de Catrina me asom\u00e9 a trav\u00e9s de la reja, sin saber que en la Huasteca Potosina la gente no amanece junto a las tumbas, como en otras regiones.&nbsp;<\/p>\n\n\n\n<p>Entonces, volv\u00ed sobre mis pasos. La calle estaba viva: un hombre acomodaba m\u00e1s flores, mientras decenas de j\u00f3venes bailaban rock met\u00e1lico en un bar, con vista al camposanto. Esto es M\u00e9xico en D\u00eda de Muertos.<\/p>\n\n\n\n<p>La jornada siguiente, los cementerios se llenaron de m\u00fasica, comida y bebida. De alegr\u00eda, de mariachis, de bandas y cantantes.&nbsp;<\/p>\n\n\n\n<figure class=\"wp-block-image size-full\"><img loading=\"lazy\" decoding=\"async\" width=\"2560\" height=\"1920\" src=\"https:\/\/modoviajeok.com.ar\/wp-content\/uploads\/2025\/07\/IMG_20191031_163702032_HDR-1-scaled.jpg\" alt=\"\" class=\"wp-image-4810\" srcset=\"https:\/\/modoviajeok.com.ar\/wp-content\/uploads\/2025\/07\/IMG_20191031_163702032_HDR-1-scaled.jpg 2560w, https:\/\/modoviajeok.com.ar\/wp-content\/uploads\/2025\/07\/IMG_20191031_163702032_HDR-1-768x576.jpg 768w, https:\/\/modoviajeok.com.ar\/wp-content\/uploads\/2025\/07\/IMG_20191031_163702032_HDR-1-1536x1152.jpg 1536w, https:\/\/modoviajeok.com.ar\/wp-content\/uploads\/2025\/07\/IMG_20191031_163702032_HDR-1-2048x1536.jpg 2048w, https:\/\/modoviajeok.com.ar\/wp-content\/uploads\/2025\/07\/IMG_20191031_163702032_HDR-1-560x420.jpg 560w, https:\/\/modoviajeok.com.ar\/wp-content\/uploads\/2025\/07\/IMG_20191031_163702032_HDR-1-80x60.jpg 80w, https:\/\/modoviajeok.com.ar\/wp-content\/uploads\/2025\/07\/IMG_20191031_163702032_HDR-1-150x113.jpg 150w, https:\/\/modoviajeok.com.ar\/wp-content\/uploads\/2025\/07\/IMG_20191031_163702032_HDR-1-300x225.jpg 300w, https:\/\/modoviajeok.com.ar\/wp-content\/uploads\/2025\/07\/IMG_20191031_163702032_HDR-1-696x522.jpg 696w, https:\/\/modoviajeok.com.ar\/wp-content\/uploads\/2025\/07\/IMG_20191031_163702032_HDR-1-1068x801.jpg 1068w, https:\/\/modoviajeok.com.ar\/wp-content\/uploads\/2025\/07\/IMG_20191031_163702032_HDR-1-1920x1440.jpg 1920w, https:\/\/modoviajeok.com.ar\/wp-content\/uploads\/2025\/07\/IMG_20191031_163702032_HDR-1-265x198.jpg 265w\" sizes=\"auto, (max-width: 2560px) 100vw, 2560px\" \/><\/figure>\n\n\n\n<p>Jos\u00e9 Salom\u00e9 Ramos Espinoza (45), de San Felipe Orizatlan, todos los a\u00f1os visita el pante\u00f3n de su padre y de su hijo. Concurre con la familia y un tr\u00edo de flautistas. Bailan alrededor de las tumbas. \u00abMis abuelitos me inculcaron eso. Trabajo para que mis hijos sigan festejando nuestro querido Xantolo\u00bb, dice.<\/p>\n\n\n\n<p>Gilmard Guerrero Bautista (33), de Tlalchiyahualica, suele concurrir el 3 de noviembre. \u00abHacemos una ofrenda en el pante\u00f3n, comemos en familia, degustamos tamales, chocolate, pan. Nos gusta la tradici\u00f3n de Xantolo porque creemos que en esas fechas nuestros difuntos nos visitan\u00bb, asegura.<\/p>\n\n\n\n<p>Jos\u00e9 del Refugio Salazar Contreras (42) comienza a limpiar y pintar el pante\u00f3n cada 28 de octubre. \u00abLlevamos cuetes para anunciar nuestra visita y alistar todo para comer con ellos, tomando unas cervezas, escuchando m\u00fasica y bailando, que son cosas que a ellos les gustaba y que disfrutaban en vida. Al finalizar la tarde, limpiamos la tumba, dejando velas encendidas para despedirnos y visitarlos el pr\u00f3ximo a\u00f1o\u00bb, explica.&nbsp;<\/p>\n\n\n\n<p>Al parecer, la presencia de las almas se siente. \u00abEs como si estuvi\u00e9ramos en vida conviviendo con ellos. Se siente grato, sientes a tus difuntos contigo y ese agradecimiento de no olvidarte de qui\u00e9nes son, que ocuparon y siguen ocupando una parte muy importante en nuestros corazones porque han sido personas muy amadas por nosotros\u00bb, dice Manuel Ter\u00e1n Mart\u00ednez (44). Los testimonios se repiten en cada rinc\u00f3n.<\/p>\n\n\n\n<p>Por \u00faltimo, el 3 a la noche, en el \u201cpueblo m\u00e1gico\u201d de Aquism\u00f3n, en mi debut como visitante de un cementerio a la luz de la luna, recorr\u00ed las tumbas iluminadas y ornamentadas.&nbsp;<\/p>\n\n\n\n<p>El silencio de los sepulcros con las flores perfumadas y las ofrendas frescas es un curioso contraste. Al final, se siente m\u00e1s grato de lo imaginado aquel fin de fiesta en el que vivos y muertos se abrazan hasta el pr\u00f3ximo a\u00f1o.<\/p>\n\n\n\n<p>Esta nota fue publicada en el diario La Naci\u00f3n <a href=\"https:\/\/www.lanacion.com.ar\/lifestyle\/asi-vivi-dia-muertos-fiesta-mexicana-supera-nid2306147\/\">https:\/\/www.lanacion.com.ar\/lifestyle\/asi-vivi-dia-muertos-fiesta-mexicana-supera-nid2306147\/<\/a><\/p>\n\n\n\n<figure class=\"wp-block-gallery has-nested-images columns-default is-cropped wp-block-gallery-1 is-layout-flex wp-block-gallery-is-layout-flex\">\n<figure class=\"wp-block-image size-full\"><img loading=\"lazy\" decoding=\"async\" width=\"1440\" height=\"1080\" data-id=\"4819\" src=\"https:\/\/modoviajeok.com.ar\/wp-content\/uploads\/2025\/07\/DSCN3358.jpg\" alt=\"\" class=\"wp-image-4819\" srcset=\"https:\/\/modoviajeok.com.ar\/wp-content\/uploads\/2025\/07\/DSCN3358.jpg 1440w, https:\/\/modoviajeok.com.ar\/wp-content\/uploads\/2025\/07\/DSCN3358-768x576.jpg 768w, https:\/\/modoviajeok.com.ar\/wp-content\/uploads\/2025\/07\/DSCN3358-560x420.jpg 560w, https:\/\/modoviajeok.com.ar\/wp-content\/uploads\/2025\/07\/DSCN3358-80x60.jpg 80w, https:\/\/modoviajeok.com.ar\/wp-content\/uploads\/2025\/07\/DSCN3358-150x113.jpg 150w, https:\/\/modoviajeok.com.ar\/wp-content\/uploads\/2025\/07\/DSCN3358-300x225.jpg 300w, https:\/\/modoviajeok.com.ar\/wp-content\/uploads\/2025\/07\/DSCN3358-696x522.jpg 696w, https:\/\/modoviajeok.com.ar\/wp-content\/uploads\/2025\/07\/DSCN3358-1068x801.jpg 1068w, https:\/\/modoviajeok.com.ar\/wp-content\/uploads\/2025\/07\/DSCN3358-265x198.jpg 265w\" sizes=\"auto, (max-width: 1440px) 100vw, 1440px\" \/><\/figure>\n\n\n\n<figure class=\"wp-block-image size-large\"><img loading=\"lazy\" decoding=\"async\" width=\"1440\" height=\"1080\" data-id=\"4818\" src=\"https:\/\/modoviajeok.com.ar\/wp-content\/uploads\/2025\/07\/DSCN3360.jpg\" alt=\"\" class=\"wp-image-4818\" srcset=\"https:\/\/modoviajeok.com.ar\/wp-content\/uploads\/2025\/07\/DSCN3360.jpg 1440w, https:\/\/modoviajeok.com.ar\/wp-content\/uploads\/2025\/07\/DSCN3360-768x576.jpg 768w, https:\/\/modoviajeok.com.ar\/wp-content\/uploads\/2025\/07\/DSCN3360-560x420.jpg 560w, https:\/\/modoviajeok.com.ar\/wp-content\/uploads\/2025\/07\/DSCN3360-80x60.jpg 80w, https:\/\/modoviajeok.com.ar\/wp-content\/uploads\/2025\/07\/DSCN3360-150x113.jpg 150w, https:\/\/modoviajeok.com.ar\/wp-content\/uploads\/2025\/07\/DSCN3360-300x225.jpg 300w, https:\/\/modoviajeok.com.ar\/wp-content\/uploads\/2025\/07\/DSCN3360-696x522.jpg 696w, https:\/\/modoviajeok.com.ar\/wp-content\/uploads\/2025\/07\/DSCN3360-1068x801.jpg 1068w, https:\/\/modoviajeok.com.ar\/wp-content\/uploads\/2025\/07\/DSCN3360-265x198.jpg 265w\" sizes=\"auto, (max-width: 1440px) 100vw, 1440px\" \/><\/figure>\n\n\n\n<figure class=\"wp-block-image size-large\"><img loading=\"lazy\" decoding=\"async\" width=\"720\" height=\"1280\" data-id=\"4821\" src=\"https:\/\/modoviajeok.com.ar\/wp-content\/uploads\/2025\/07\/IMG-20191026-WA0223-1.jpg\" alt=\"\" class=\"wp-image-4821\" srcset=\"https:\/\/modoviajeok.com.ar\/wp-content\/uploads\/2025\/07\/IMG-20191026-WA0223-1.jpg 720w, https:\/\/modoviajeok.com.ar\/wp-content\/uploads\/2025\/07\/IMG-20191026-WA0223-1-236x420.jpg 236w, https:\/\/modoviajeok.com.ar\/wp-content\/uploads\/2025\/07\/IMG-20191026-WA0223-1-150x267.jpg 150w, https:\/\/modoviajeok.com.ar\/wp-content\/uploads\/2025\/07\/IMG-20191026-WA0223-1-300x533.jpg 300w, https:\/\/modoviajeok.com.ar\/wp-content\/uploads\/2025\/07\/IMG-20191026-WA0223-1-696x1237.jpg 696w\" sizes=\"auto, (max-width: 720px) 100vw, 720px\" \/><\/figure>\n\n\n\n<figure class=\"wp-block-image size-large\"><img loading=\"lazy\" decoding=\"async\" width=\"1920\" height=\"2560\" data-id=\"4813\" src=\"https:\/\/modoviajeok.com.ar\/wp-content\/uploads\/2025\/07\/IMG_20191030_223330418-scaled.jpg\" alt=\"\" class=\"wp-image-4813\" srcset=\"https:\/\/modoviajeok.com.ar\/wp-content\/uploads\/2025\/07\/IMG_20191030_223330418-scaled.jpg 1920w, https:\/\/modoviajeok.com.ar\/wp-content\/uploads\/2025\/07\/IMG_20191030_223330418-768x1024.jpg 768w, https:\/\/modoviajeok.com.ar\/wp-content\/uploads\/2025\/07\/IMG_20191030_223330418-1152x1536.jpg 1152w, https:\/\/modoviajeok.com.ar\/wp-content\/uploads\/2025\/07\/IMG_20191030_223330418-1536x2048.jpg 1536w, https:\/\/modoviajeok.com.ar\/wp-content\/uploads\/2025\/07\/IMG_20191030_223330418-315x420.jpg 315w, https:\/\/modoviajeok.com.ar\/wp-content\/uploads\/2025\/07\/IMG_20191030_223330418-150x200.jpg 150w, https:\/\/modoviajeok.com.ar\/wp-content\/uploads\/2025\/07\/IMG_20191030_223330418-300x400.jpg 300w, https:\/\/modoviajeok.com.ar\/wp-content\/uploads\/2025\/07\/IMG_20191030_223330418-696x928.jpg 696w, https:\/\/modoviajeok.com.ar\/wp-content\/uploads\/2025\/07\/IMG_20191030_223330418-1068x1424.jpg 1068w\" sizes=\"auto, (max-width: 1920px) 100vw, 1920px\" \/><\/figure>\n\n\n\n<figure class=\"wp-block-image size-large\"><img loading=\"lazy\" decoding=\"async\" width=\"2560\" height=\"1920\" data-id=\"4817\" src=\"https:\/\/modoviajeok.com.ar\/wp-content\/uploads\/2025\/07\/IMG_20191030_173832270-1-scaled.jpg\" alt=\"\" class=\"wp-image-4817\" srcset=\"https:\/\/modoviajeok.com.ar\/wp-content\/uploads\/2025\/07\/IMG_20191030_173832270-1-scaled.jpg 2560w, https:\/\/modoviajeok.com.ar\/wp-content\/uploads\/2025\/07\/IMG_20191030_173832270-1-768x576.jpg 768w, https:\/\/modoviajeok.com.ar\/wp-content\/uploads\/2025\/07\/IMG_20191030_173832270-1-1536x1152.jpg 1536w, https:\/\/modoviajeok.com.ar\/wp-content\/uploads\/2025\/07\/IMG_20191030_173832270-1-2048x1536.jpg 2048w, https:\/\/modoviajeok.com.ar\/wp-content\/uploads\/2025\/07\/IMG_20191030_173832270-1-560x420.jpg 560w, https:\/\/modoviajeok.com.ar\/wp-content\/uploads\/2025\/07\/IMG_20191030_173832270-1-80x60.jpg 80w, https:\/\/modoviajeok.com.ar\/wp-content\/uploads\/2025\/07\/IMG_20191030_173832270-1-150x113.jpg 150w, https:\/\/modoviajeok.com.ar\/wp-content\/uploads\/2025\/07\/IMG_20191030_173832270-1-300x225.jpg 300w, https:\/\/modoviajeok.com.ar\/wp-content\/uploads\/2025\/07\/IMG_20191030_173832270-1-696x522.jpg 696w, https:\/\/modoviajeok.com.ar\/wp-content\/uploads\/2025\/07\/IMG_20191030_173832270-1-1068x801.jpg 1068w, https:\/\/modoviajeok.com.ar\/wp-content\/uploads\/2025\/07\/IMG_20191030_173832270-1-1920x1440.jpg 1920w, https:\/\/modoviajeok.com.ar\/wp-content\/uploads\/2025\/07\/IMG_20191030_173832270-1-265x198.jpg 265w\" sizes=\"auto, (max-width: 2560px) 100vw, 2560px\" \/><\/figure>\n\n\n\n<figure class=\"wp-block-image size-large\"><img loading=\"lazy\" decoding=\"async\" width=\"1920\" height=\"2560\" data-id=\"4816\" src=\"https:\/\/modoviajeok.com.ar\/wp-content\/uploads\/2025\/07\/IMG_20191030_201312707-1-scaled.jpg\" alt=\"\" class=\"wp-image-4816\" srcset=\"https:\/\/modoviajeok.com.ar\/wp-content\/uploads\/2025\/07\/IMG_20191030_201312707-1-scaled.jpg 1920w, https:\/\/modoviajeok.com.ar\/wp-content\/uploads\/2025\/07\/IMG_20191030_201312707-1-768x1024.jpg 768w, https:\/\/modoviajeok.com.ar\/wp-content\/uploads\/2025\/07\/IMG_20191030_201312707-1-1152x1536.jpg 1152w, https:\/\/modoviajeok.com.ar\/wp-content\/uploads\/2025\/07\/IMG_20191030_201312707-1-1536x2048.jpg 1536w, https:\/\/modoviajeok.com.ar\/wp-content\/uploads\/2025\/07\/IMG_20191030_201312707-1-315x420.jpg 315w, https:\/\/modoviajeok.com.ar\/wp-content\/uploads\/2025\/07\/IMG_20191030_201312707-1-150x200.jpg 150w, https:\/\/modoviajeok.com.ar\/wp-content\/uploads\/2025\/07\/IMG_20191030_201312707-1-300x400.jpg 300w, https:\/\/modoviajeok.com.ar\/wp-content\/uploads\/2025\/07\/IMG_20191030_201312707-1-696x928.jpg 696w, https:\/\/modoviajeok.com.ar\/wp-content\/uploads\/2025\/07\/IMG_20191030_201312707-1-1068x1424.jpg 1068w\" sizes=\"auto, (max-width: 1920px) 100vw, 1920px\" \/><\/figure>\n<\/figure>\n","protected":false},"excerpt":{"rendered":"<p>\u00abEl D\u00eda de Muertos es la fiesta m\u00e1s bonita del a\u00f1o\u00bb, opina\u00a0 Grecia, en coincidencia con la mayor\u00eda de los mexicanos, mientras pega pesta\u00f1as postizas, pinta de blanco los p\u00f3mulos y dibuja una sonrisa desdentada para parecerse a \u00abLa Catrina\u00bb que imagin\u00f3 y populariz\u00f3 Diego Rivera. Grecia (22) dibuja en mi cara una Catrina para [&hellip;]<\/p>\n","protected":false},"author":3,"featured_media":4825,"comment_status":"open","ping_status":"open","sticky":false,"template":"","format":"standard","meta":{"_acf_changed":false,"footnotes":""},"categories":[9,12],"tags":[803,1148,373,804],"class_list":{"0":"post-4805","1":"post","2":"type-post","3":"status-publish","4":"format-standard","5":"has-post-thumbnail","7":"category-mundo","8":"category-novedades","9":"tag-dia-de-los-muertos","10":"tag-la-catrina","11":"tag-mexico","12":"tag-pueblos-magicos"},"acf":[],"yoast_head":"<!-- This site is optimized with the Yoast SEO plugin v24.8.1 - https:\/\/yoast.com\/wordpress\/plugins\/seo\/ -->\n<title>As\u00ed se vive el D\u00eda de los Muertos en M\u00e9xico -<\/title>\n<meta name=\"description\" content=\"El D\u00eda de los Muertos o Xantolo (se pronuncia \u201cshantolo\u201d) Es la\u00a0tradici\u00f3n m\u00e1s arraigada de M\u00e9xico y Patrimonio Intangible de la Humanidad.\" \/>\n<meta name=\"robots\" content=\"index, follow, max-snippet:-1, max-image-preview:large, max-video-preview:-1\" \/>\n<link rel=\"canonical\" href=\"https:\/\/modoviajeok.com.ar\/index.php\/2025\/08\/28\/asi-se-vive-el-dia-de-los-muertos-en-mexico-2\/\" \/>\n<meta property=\"og:locale\" content=\"es_ES\" \/>\n<meta property=\"og:type\" content=\"article\" \/>\n<meta property=\"og:title\" content=\"As\u00ed se vive el D\u00eda de los Muertos en M\u00e9xico -\" \/>\n<meta property=\"og:description\" content=\"El D\u00eda de los Muertos o Xantolo (se pronuncia \u201cshantolo\u201d) Es la\u00a0tradici\u00f3n m\u00e1s arraigada de M\u00e9xico y Patrimonio Intangible de la Humanidad.\" \/>\n<meta property=\"og:url\" content=\"https:\/\/modoviajeok.com.ar\/index.php\/2025\/08\/28\/asi-se-vive-el-dia-de-los-muertos-en-mexico-2\/\" \/>\n<meta property=\"article:publisher\" content=\"https:\/\/www.facebook.com\/mariana.otero1\/\" \/>\n<meta property=\"article:published_time\" content=\"2025-08-28T12:00:54+00:00\" \/>\n<meta property=\"article:modified_time\" content=\"2025-09-22T22:15:50+00:00\" \/>\n<meta property=\"og:image\" content=\"https:\/\/modoviajeok.com.ar\/wp-content\/uploads\/2025\/07\/DSCN3159-1.jpg\" \/>\n\t<meta property=\"og:image:width\" content=\"1440\" \/>\n\t<meta property=\"og:image:height\" content=\"1080\" \/>\n\t<meta property=\"og:image:type\" content=\"image\/jpeg\" \/>\n<meta name=\"author\" content=\"Pepe Segura\" \/>\n<meta name=\"twitter:card\" content=\"summary_large_image\" \/>\n<meta name=\"twitter:label1\" content=\"Escrito por\" \/>\n\t<meta name=\"twitter:data1\" content=\"Pepe Segura\" \/>\n\t<meta name=\"twitter:label2\" content=\"Tiempo de lectura\" \/>\n\t<meta name=\"twitter:data2\" content=\"11 minutos\" \/>\n<script type=\"application\/ld+json\" class=\"yoast-schema-graph\">{\"@context\":\"https:\/\/schema.org\",\"@graph\":[{\"@type\":\"Article\",\"@id\":\"https:\/\/modoviajeok.com.ar\/index.php\/2025\/08\/28\/asi-se-vive-el-dia-de-los-muertos-en-mexico-2\/#article\",\"isPartOf\":{\"@id\":\"https:\/\/modoviajeok.com.ar\/index.php\/2025\/08\/28\/asi-se-vive-el-dia-de-los-muertos-en-mexico-2\/\"},\"author\":{\"name\":\"Pepe Segura\",\"@id\":\"https:\/\/modoviajeok.com.ar\/#\/schema\/person\/2e299ed0d3d412a01d244fe28260d7f5\"},\"headline\":\"As\u00ed se vive el D\u00eda de los Muertos en M\u00e9xico\",\"datePublished\":\"2025-08-28T12:00:54+00:00\",\"dateModified\":\"2025-09-22T22:15:50+00:00\",\"mainEntityOfPage\":{\"@id\":\"https:\/\/modoviajeok.com.ar\/index.php\/2025\/08\/28\/asi-se-vive-el-dia-de-los-muertos-en-mexico-2\/\"},\"wordCount\":1758,\"commentCount\":0,\"publisher\":{\"@id\":\"https:\/\/modoviajeok.com.ar\/#organization\"},\"image\":{\"@id\":\"https:\/\/modoviajeok.com.ar\/index.php\/2025\/08\/28\/asi-se-vive-el-dia-de-los-muertos-en-mexico-2\/#primaryimage\"},\"thumbnailUrl\":\"https:\/\/modoviajeok.com.ar\/wp-content\/uploads\/2025\/07\/DSCN3159-1.jpg\",\"keywords\":[\"dia de los muertos\",\"la catrina\",\"m\u00e9xico\",\"pueblos magicos\"],\"articleSection\":[\"Mundo\",\"Novedades\"],\"inLanguage\":\"es\",\"potentialAction\":[{\"@type\":\"CommentAction\",\"name\":\"Comment\",\"target\":[\"https:\/\/modoviajeok.com.ar\/index.php\/2025\/08\/28\/asi-se-vive-el-dia-de-los-muertos-en-mexico-2\/#respond\"]}]},{\"@type\":\"WebPage\",\"@id\":\"https:\/\/modoviajeok.com.ar\/index.php\/2025\/08\/28\/asi-se-vive-el-dia-de-los-muertos-en-mexico-2\/\",\"url\":\"https:\/\/modoviajeok.com.ar\/index.php\/2025\/08\/28\/asi-se-vive-el-dia-de-los-muertos-en-mexico-2\/\",\"name\":\"As\u00ed se vive el D\u00eda de los Muertos en M\u00e9xico -\",\"isPartOf\":{\"@id\":\"https:\/\/modoviajeok.com.ar\/#website\"},\"primaryImageOfPage\":{\"@id\":\"https:\/\/modoviajeok.com.ar\/index.php\/2025\/08\/28\/asi-se-vive-el-dia-de-los-muertos-en-mexico-2\/#primaryimage\"},\"image\":{\"@id\":\"https:\/\/modoviajeok.com.ar\/index.php\/2025\/08\/28\/asi-se-vive-el-dia-de-los-muertos-en-mexico-2\/#primaryimage\"},\"thumbnailUrl\":\"https:\/\/modoviajeok.com.ar\/wp-content\/uploads\/2025\/07\/DSCN3159-1.jpg\",\"datePublished\":\"2025-08-28T12:00:54+00:00\",\"dateModified\":\"2025-09-22T22:15:50+00:00\",\"description\":\"El D\u00eda de los Muertos o Xantolo (se pronuncia \u201cshantolo\u201d) Es la\u00a0tradici\u00f3n m\u00e1s arraigada de M\u00e9xico y Patrimonio Intangible de la Humanidad.\",\"breadcrumb\":{\"@id\":\"https:\/\/modoviajeok.com.ar\/index.php\/2025\/08\/28\/asi-se-vive-el-dia-de-los-muertos-en-mexico-2\/#breadcrumb\"},\"inLanguage\":\"es\",\"potentialAction\":[{\"@type\":\"ReadAction\",\"target\":[\"https:\/\/modoviajeok.com.ar\/index.php\/2025\/08\/28\/asi-se-vive-el-dia-de-los-muertos-en-mexico-2\/\"]}]},{\"@type\":\"ImageObject\",\"inLanguage\":\"es\",\"@id\":\"https:\/\/modoviajeok.com.ar\/index.php\/2025\/08\/28\/asi-se-vive-el-dia-de-los-muertos-en-mexico-2\/#primaryimage\",\"url\":\"https:\/\/modoviajeok.com.ar\/wp-content\/uploads\/2025\/07\/DSCN3159-1.jpg\",\"contentUrl\":\"https:\/\/modoviajeok.com.ar\/wp-content\/uploads\/2025\/07\/DSCN3159-1.jpg\",\"width\":1440,\"height\":1080},{\"@type\":\"BreadcrumbList\",\"@id\":\"https:\/\/modoviajeok.com.ar\/index.php\/2025\/08\/28\/asi-se-vive-el-dia-de-los-muertos-en-mexico-2\/#breadcrumb\",\"itemListElement\":[{\"@type\":\"ListItem\",\"position\":1,\"name\":\"Portada\",\"item\":\"https:\/\/modoviajeok.com.ar\/\"},{\"@type\":\"ListItem\",\"position\":2,\"name\":\"As\u00ed se vive el D\u00eda de los Muertos en M\u00e9xico\"}]},{\"@type\":\"WebSite\",\"@id\":\"https:\/\/modoviajeok.com.ar\/#website\",\"url\":\"https:\/\/modoviajeok.com.ar\/\",\"name\":\"ModoViajeOK\",\"description\":\"\",\"publisher\":{\"@id\":\"https:\/\/modoviajeok.com.ar\/#organization\"},\"potentialAction\":[{\"@type\":\"SearchAction\",\"target\":{\"@type\":\"EntryPoint\",\"urlTemplate\":\"https:\/\/modoviajeok.com.ar\/?s={search_term_string}\"},\"query-input\":{\"@type\":\"PropertyValueSpecification\",\"valueRequired\":true,\"valueName\":\"search_term_string\"}}],\"inLanguage\":\"es\"},{\"@type\":\"Organization\",\"@id\":\"https:\/\/modoviajeok.com.ar\/#organization\",\"name\":\"ModoViajeOK\",\"url\":\"https:\/\/modoviajeok.com.ar\/\",\"logo\":{\"@type\":\"ImageObject\",\"inLanguage\":\"es\",\"@id\":\"https:\/\/modoviajeok.com.ar\/#\/schema\/logo\/image\/\",\"url\":\"https:\/\/modoviajeok.com.ar\/wp-content\/uploads\/2025\/01\/Logo-modoviajeok.png\",\"contentUrl\":\"https:\/\/modoviajeok.com.ar\/wp-content\/uploads\/2025\/01\/Logo-modoviajeok.png\",\"width\":2938,\"height\":2276,\"caption\":\"ModoViajeOK\"},\"image\":{\"@id\":\"https:\/\/modoviajeok.com.ar\/#\/schema\/logo\/image\/\"},\"sameAs\":[\"https:\/\/www.facebook.com\/mariana.otero1\/\",\"https:\/\/www.instagram.com\/modoviaje.ok\/\"]},{\"@type\":\"Person\",\"@id\":\"https:\/\/modoviajeok.com.ar\/#\/schema\/person\/2e299ed0d3d412a01d244fe28260d7f5\",\"name\":\"Pepe Segura\",\"image\":{\"@type\":\"ImageObject\",\"inLanguage\":\"es\",\"@id\":\"https:\/\/modoviajeok.com.ar\/#\/schema\/person\/image\/\",\"url\":\"https:\/\/secure.gravatar.com\/avatar\/65eb4b34deed761327f5b2c5535b987318ae807900ac46426de7258f5de6d345?s=96&d=mm&r=g\",\"contentUrl\":\"https:\/\/secure.gravatar.com\/avatar\/65eb4b34deed761327f5b2c5535b987318ae807900ac46426de7258f5de6d345?s=96&d=mm&r=g\",\"caption\":\"Pepe Segura\"},\"url\":\"https:\/\/modoviajeok.com.ar\/index.php\/author\/pepe2025\/\"}]}<\/script>\n<!-- \/ Yoast SEO plugin. -->","yoast_head_json":{"title":"As\u00ed se vive el D\u00eda de los Muertos en M\u00e9xico -","description":"El D\u00eda de los Muertos o Xantolo (se pronuncia \u201cshantolo\u201d) Es la\u00a0tradici\u00f3n m\u00e1s arraigada de M\u00e9xico y Patrimonio Intangible de la Humanidad.","robots":{"index":"index","follow":"follow","max-snippet":"max-snippet:-1","max-image-preview":"max-image-preview:large","max-video-preview":"max-video-preview:-1"},"canonical":"https:\/\/modoviajeok.com.ar\/index.php\/2025\/08\/28\/asi-se-vive-el-dia-de-los-muertos-en-mexico-2\/","og_locale":"es_ES","og_type":"article","og_title":"As\u00ed se vive el D\u00eda de los Muertos en M\u00e9xico -","og_description":"El D\u00eda de los Muertos o Xantolo (se pronuncia \u201cshantolo\u201d) Es la\u00a0tradici\u00f3n m\u00e1s arraigada de M\u00e9xico y Patrimonio Intangible de la Humanidad.","og_url":"https:\/\/modoviajeok.com.ar\/index.php\/2025\/08\/28\/asi-se-vive-el-dia-de-los-muertos-en-mexico-2\/","article_publisher":"https:\/\/www.facebook.com\/mariana.otero1\/","article_published_time":"2025-08-28T12:00:54+00:00","article_modified_time":"2025-09-22T22:15:50+00:00","og_image":[{"width":1440,"height":1080,"url":"https:\/\/modoviajeok.com.ar\/wp-content\/uploads\/2025\/07\/DSCN3159-1.jpg","type":"image\/jpeg"}],"author":"Pepe Segura","twitter_card":"summary_large_image","twitter_misc":{"Escrito por":"Pepe Segura","Tiempo de lectura":"11 minutos"},"schema":{"@context":"https:\/\/schema.org","@graph":[{"@type":"Article","@id":"https:\/\/modoviajeok.com.ar\/index.php\/2025\/08\/28\/asi-se-vive-el-dia-de-los-muertos-en-mexico-2\/#article","isPartOf":{"@id":"https:\/\/modoviajeok.com.ar\/index.php\/2025\/08\/28\/asi-se-vive-el-dia-de-los-muertos-en-mexico-2\/"},"author":{"name":"Pepe Segura","@id":"https:\/\/modoviajeok.com.ar\/#\/schema\/person\/2e299ed0d3d412a01d244fe28260d7f5"},"headline":"As\u00ed se vive el D\u00eda de los Muertos en M\u00e9xico","datePublished":"2025-08-28T12:00:54+00:00","dateModified":"2025-09-22T22:15:50+00:00","mainEntityOfPage":{"@id":"https:\/\/modoviajeok.com.ar\/index.php\/2025\/08\/28\/asi-se-vive-el-dia-de-los-muertos-en-mexico-2\/"},"wordCount":1758,"commentCount":0,"publisher":{"@id":"https:\/\/modoviajeok.com.ar\/#organization"},"image":{"@id":"https:\/\/modoviajeok.com.ar\/index.php\/2025\/08\/28\/asi-se-vive-el-dia-de-los-muertos-en-mexico-2\/#primaryimage"},"thumbnailUrl":"https:\/\/modoviajeok.com.ar\/wp-content\/uploads\/2025\/07\/DSCN3159-1.jpg","keywords":["dia de los muertos","la catrina","m\u00e9xico","pueblos magicos"],"articleSection":["Mundo","Novedades"],"inLanguage":"es","potentialAction":[{"@type":"CommentAction","name":"Comment","target":["https:\/\/modoviajeok.com.ar\/index.php\/2025\/08\/28\/asi-se-vive-el-dia-de-los-muertos-en-mexico-2\/#respond"]}]},{"@type":"WebPage","@id":"https:\/\/modoviajeok.com.ar\/index.php\/2025\/08\/28\/asi-se-vive-el-dia-de-los-muertos-en-mexico-2\/","url":"https:\/\/modoviajeok.com.ar\/index.php\/2025\/08\/28\/asi-se-vive-el-dia-de-los-muertos-en-mexico-2\/","name":"As\u00ed se vive el D\u00eda de los Muertos en M\u00e9xico -","isPartOf":{"@id":"https:\/\/modoviajeok.com.ar\/#website"},"primaryImageOfPage":{"@id":"https:\/\/modoviajeok.com.ar\/index.php\/2025\/08\/28\/asi-se-vive-el-dia-de-los-muertos-en-mexico-2\/#primaryimage"},"image":{"@id":"https:\/\/modoviajeok.com.ar\/index.php\/2025\/08\/28\/asi-se-vive-el-dia-de-los-muertos-en-mexico-2\/#primaryimage"},"thumbnailUrl":"https:\/\/modoviajeok.com.ar\/wp-content\/uploads\/2025\/07\/DSCN3159-1.jpg","datePublished":"2025-08-28T12:00:54+00:00","dateModified":"2025-09-22T22:15:50+00:00","description":"El D\u00eda de los Muertos o Xantolo (se pronuncia \u201cshantolo\u201d) Es la\u00a0tradici\u00f3n m\u00e1s arraigada de M\u00e9xico y Patrimonio Intangible de la Humanidad.","breadcrumb":{"@id":"https:\/\/modoviajeok.com.ar\/index.php\/2025\/08\/28\/asi-se-vive-el-dia-de-los-muertos-en-mexico-2\/#breadcrumb"},"inLanguage":"es","potentialAction":[{"@type":"ReadAction","target":["https:\/\/modoviajeok.com.ar\/index.php\/2025\/08\/28\/asi-se-vive-el-dia-de-los-muertos-en-mexico-2\/"]}]},{"@type":"ImageObject","inLanguage":"es","@id":"https:\/\/modoviajeok.com.ar\/index.php\/2025\/08\/28\/asi-se-vive-el-dia-de-los-muertos-en-mexico-2\/#primaryimage","url":"https:\/\/modoviajeok.com.ar\/wp-content\/uploads\/2025\/07\/DSCN3159-1.jpg","contentUrl":"https:\/\/modoviajeok.com.ar\/wp-content\/uploads\/2025\/07\/DSCN3159-1.jpg","width":1440,"height":1080},{"@type":"BreadcrumbList","@id":"https:\/\/modoviajeok.com.ar\/index.php\/2025\/08\/28\/asi-se-vive-el-dia-de-los-muertos-en-mexico-2\/#breadcrumb","itemListElement":[{"@type":"ListItem","position":1,"name":"Portada","item":"https:\/\/modoviajeok.com.ar\/"},{"@type":"ListItem","position":2,"name":"As\u00ed se vive el D\u00eda de los Muertos en M\u00e9xico"}]},{"@type":"WebSite","@id":"https:\/\/modoviajeok.com.ar\/#website","url":"https:\/\/modoviajeok.com.ar\/","name":"ModoViajeOK","description":"","publisher":{"@id":"https:\/\/modoviajeok.com.ar\/#organization"},"potentialAction":[{"@type":"SearchAction","target":{"@type":"EntryPoint","urlTemplate":"https:\/\/modoviajeok.com.ar\/?s={search_term_string}"},"query-input":{"@type":"PropertyValueSpecification","valueRequired":true,"valueName":"search_term_string"}}],"inLanguage":"es"},{"@type":"Organization","@id":"https:\/\/modoviajeok.com.ar\/#organization","name":"ModoViajeOK","url":"https:\/\/modoviajeok.com.ar\/","logo":{"@type":"ImageObject","inLanguage":"es","@id":"https:\/\/modoviajeok.com.ar\/#\/schema\/logo\/image\/","url":"https:\/\/modoviajeok.com.ar\/wp-content\/uploads\/2025\/01\/Logo-modoviajeok.png","contentUrl":"https:\/\/modoviajeok.com.ar\/wp-content\/uploads\/2025\/01\/Logo-modoviajeok.png","width":2938,"height":2276,"caption":"ModoViajeOK"},"image":{"@id":"https:\/\/modoviajeok.com.ar\/#\/schema\/logo\/image\/"},"sameAs":["https:\/\/www.facebook.com\/mariana.otero1\/","https:\/\/www.instagram.com\/modoviaje.ok\/"]},{"@type":"Person","@id":"https:\/\/modoviajeok.com.ar\/#\/schema\/person\/2e299ed0d3d412a01d244fe28260d7f5","name":"Pepe Segura","image":{"@type":"ImageObject","inLanguage":"es","@id":"https:\/\/modoviajeok.com.ar\/#\/schema\/person\/image\/","url":"https:\/\/secure.gravatar.com\/avatar\/65eb4b34deed761327f5b2c5535b987318ae807900ac46426de7258f5de6d345?s=96&d=mm&r=g","contentUrl":"https:\/\/secure.gravatar.com\/avatar\/65eb4b34deed761327f5b2c5535b987318ae807900ac46426de7258f5de6d345?s=96&d=mm&r=g","caption":"Pepe Segura"},"url":"https:\/\/modoviajeok.com.ar\/index.php\/author\/pepe2025\/"}]}},"_links":{"self":[{"href":"https:\/\/modoviajeok.com.ar\/index.php\/wp-json\/wp\/v2\/posts\/4805","targetHints":{"allow":["GET"]}}],"collection":[{"href":"https:\/\/modoviajeok.com.ar\/index.php\/wp-json\/wp\/v2\/posts"}],"about":[{"href":"https:\/\/modoviajeok.com.ar\/index.php\/wp-json\/wp\/v2\/types\/post"}],"author":[{"embeddable":true,"href":"https:\/\/modoviajeok.com.ar\/index.php\/wp-json\/wp\/v2\/users\/3"}],"replies":[{"embeddable":true,"href":"https:\/\/modoviajeok.com.ar\/index.php\/wp-json\/wp\/v2\/comments?post=4805"}],"version-history":[{"count":1,"href":"https:\/\/modoviajeok.com.ar\/index.php\/wp-json\/wp\/v2\/posts\/4805\/revisions"}],"predecessor-version":[{"id":4834,"href":"https:\/\/modoviajeok.com.ar\/index.php\/wp-json\/wp\/v2\/posts\/4805\/revisions\/4834"}],"wp:featuredmedia":[{"embeddable":true,"href":"https:\/\/modoviajeok.com.ar\/index.php\/wp-json\/wp\/v2\/media\/4825"}],"wp:attachment":[{"href":"https:\/\/modoviajeok.com.ar\/index.php\/wp-json\/wp\/v2\/media?parent=4805"}],"wp:term":[{"taxonomy":"category","embeddable":true,"href":"https:\/\/modoviajeok.com.ar\/index.php\/wp-json\/wp\/v2\/categories?post=4805"},{"taxonomy":"post_tag","embeddable":true,"href":"https:\/\/modoviajeok.com.ar\/index.php\/wp-json\/wp\/v2\/tags?post=4805"}],"curies":[{"name":"wp","href":"https:\/\/api.w.org\/{rel}","templated":true}]}}