{"id":4872,"date":"2025-08-20T09:00:15","date_gmt":"2025-08-20T12:00:15","guid":{"rendered":"https:\/\/modoviajeok.com.ar\/?p=4872"},"modified":"2025-08-12T09:07:39","modified_gmt":"2025-08-12T12:07:39","slug":"entre-4-y-5-de-setiembre-foro-nacional-de-turismo-en-san-juan","status":"publish","type":"post","link":"https:\/\/modoviajeok.com.ar\/index.php\/2025\/08\/20\/entre-4-y-5-de-setiembre-foro-nacional-de-turismo-en-san-juan\/","title":{"rendered":"Foro Nacional de Turismo en San Juan"},"content":{"rendered":"\n<figure class=\"wp-block-pullquote\"><blockquote><p>En esta ocasi\u00f3n, el Foro sesionar\u00e1 bajo el lema \u201cTransformando destinos: innovaci\u00f3n, tecnolog\u00eda y sostenibilidad para un turismo inteligente\u201d.<\/p><\/blockquote><\/figure>\n\n\n\n<p><\/p>\n\n\n\n<p>.<\/p>\n\n\n\n<p><br>El gobernador de la provincia de San Juan, Marcelo Orrego y el secretario de Turismo, Ambiente y Deportes Daniel Scioli encabezaron la presentaci\u00f3n en la Casa de la Provincia en Buenos Aires del Foro Nacional de Turismo 2025 https:<a href=\"\/\/foronacionaldeturismo2025.com,\">\/\/foronacionaldeturismo2025.com, <\/a>que se realizar\u00e1 en la provincia cuyana el 4 y el 5 de septiembre.<\/p>\n\n\n\n<p>&nbsp;En esta edici\u00f3n, el Foro sesionar\u00e1 bajo el lema \u201cTransformando destinos: innovaci\u00f3n, tecnolog\u00eda y sostenibilidad para un turismo inteligente\u201d.<br>Scioli se\u00f1al\u00f3 que este foro \u201cva a poner a la provincia de San Juan en el epicentro del turismo nacional ya que participar\u00e1n m\u00e1s de 500 personas de todo el pa\u00eds, profesionales especializados en tem\u00e1ticas del sector, empresarios, acad\u00e9micos y todos los ministros de turismo del pa\u00eds\u201d.<\/p>\n\n\n\n<p>\u201cVamos a estar ah\u00ed para reflexionar, compartir experiencias y organizarnos de cara a los nuevos desaf\u00edos que tenemos en la actividad\u201d, puntualiz\u00f3.<br><br>En ese marco, destac\u00f3 que \u201cel presidente Javier Milei ha tomado importantes decisiones, como la pol\u00edtica de cielos abiertos, desregulaciones y otras simplificaciones para favorecer el crecimiento del sector\u201d. Al respecto, subray\u00f3 \u201cla decisi\u00f3n de eliminar las visas que se ven\u00edan requiriendo a los turistas de pa\u00edses como China o Rep\u00fablica Dominicana, mercados con un enorme potencial\u201d.<\/p>\n\n\n\n<p>Por su parte, Orrego plante\u00f3 que San Juan asume este compromiso como una decisi\u00f3n estrat\u00e9gica enmarcada en una pol\u00edtica de Estado, con el objetivo de posicionar el turismo como motor de desarrollo, junto a sectores tradicionales, como la miner\u00eda, la agroindustria, la producci\u00f3n de energ\u00edas limpias y la econom\u00eda del conocimiento.<br><br>En ese contexto, el mandatario valor\u00f3 el trabajo conjunto con el Consejo Federal de Turismo (CFT) y record\u00f3 el momento en que San Juan ofreci\u00f3 ser sede del Foro. \u00abEsa charla con el secretario Scioli se transform\u00f3 en una oportunidad concreta y hoy celebramos el resultado\u00bb, dijo.<br><br>Adem\u00e1s, Orrego expres\u00f3 que la provincia no solo cuenta con recursos naturales, gastronom\u00eda y productos regionales para ofrecer, sino tambi\u00e9n con el compromiso de su gente para ser buenos anfitriones y hacer sentir a cada visitante como en casa.<br><br>Este evento se ha consolidado como un espacio de encuentro para el intercambio y la articulaci\u00f3n entre los diversos actores y protagonistas del turismo argentino. Con una fuerte impronta federal y participativa, este a\u00f1o reunir\u00e1 a los principales referentes de los sectores p\u00fablico, privado, acad\u00e9mico y comunitario de todo el pa\u00eds, en un entorno pensado para el aprendizaje, la inspiraci\u00f3n y la construcci\u00f3n colectiva.<br><br>Durante las jornadas se desarrollar\u00e1n charlas magistrales con expertos nacionales e internacionales, paneles tem\u00e1ticos, talleres participativos y espacios de vinculaci\u00f3n pensados para profundizar en los principales ejes del modelo de Destinos Tur\u00edsticos Inteligentes: sostenibilidad, tecnolog\u00eda, innovaci\u00f3n, gobernanza y financiamiento.<br><br>El Foro Nacional de Turismo es organizado por el CFT, en conjunto con la Secretar\u00eda de Turismo, Ambiente y Deportes de la Naci\u00f3n y el Gobierno de la Provincia de San Juan y cuenta con el apoyo de la C\u00e1mara Argentina de Turismo.<\/p>\n\n\n\n<p><\/p>\n\n\n      <div class=\"wp_bannerize_container wp_bannerize_layout_vertical\">\n\n        <div class=\"wp_bannerize_banner_box wp_bannerize_category_intertexto-1\" data-title=\"Modo viaje\" data-mime_type=\"image-gif\" data-banner_id=\"1783\" id=\"wpbanner-1783\" data-impressions_enabled=\"true\" data-clicks_enabled=\"true\"><a href=\"https:\/\/www.instagram.com\/modoviaje.ok?igsh=Z3c5emxsZWFtdXN3\"><img decoding=\"async\" border=\"0\" src=\"https:\/\/modoviajeok.com.ar\/wp-content\/uploads\/2025\/02\/modoviaje.ok-300-x-250-px.gif\" alt=\"Modo viaje\" title=\"Modo viaje\" \/><\/a><\/div>      <\/div>\n\n\n\n\n\n<p><\/p>\n","protected":false},"excerpt":{"rendered":"<p>En esta ocasi\u00f3n, el Foro sesionar\u00e1 bajo el lema \u201cTransformando destinos: innovaci\u00f3n, tecnolog\u00eda y sostenibilidad para un turismo inteligente\u201d. . El gobernador de la provincia de San Juan, Marcelo Orrego y el secretario de Turismo, Ambiente y Deportes Daniel Scioli encabezaron la presentaci\u00f3n en la Casa de la Provincia en Buenos Aires del Foro Nacional [&hellip;]<\/p>\n","protected":false},"author":3,"featured_media":4873,"comment_status":"open","ping_status":"open","sticky":false,"template":"","format":"standard","meta":{"_acf_changed":false,"footnotes":""},"categories":[13,10],"tags":[1151,1152,623],"class_list":{"0":"post-4872","1":"post","2":"type-post","3":"status-publish","4":"format-standard","5":"has-post-thumbnail","7":"category-argentina","8":"category-noticias","9":"tag-foro-nacional-de-turismo","10":"tag-https-sanjuan-tur-ar","11":"tag-san-juan"},"acf":[],"yoast_head":"<!-- This site is optimized with the Yoast SEO plugin v24.8.1 - https:\/\/yoast.com\/wordpress\/plugins\/seo\/ -->\n<title>Foro Nacional de Turismo en San Juan -<\/title>\n<meta name=\"robots\" content=\"index, follow, max-snippet:-1, max-image-preview:large, max-video-preview:-1\" \/>\n<link rel=\"canonical\" href=\"https:\/\/modoviajeok.com.ar\/index.php\/2025\/08\/20\/entre-4-y-5-de-setiembre-foro-nacional-de-turismo-en-san-juan\/\" \/>\n<meta property=\"og:locale\" content=\"es_ES\" \/>\n<meta property=\"og:type\" content=\"article\" \/>\n<meta property=\"og:title\" content=\"Foro Nacional de Turismo en San Juan -\" \/>\n<meta property=\"og:description\" content=\"En esta ocasi\u00f3n, el Foro sesionar\u00e1 bajo el lema \u201cTransformando destinos: innovaci\u00f3n, tecnolog\u00eda y sostenibilidad para un turismo inteligente\u201d. . El gobernador de la provincia de San Juan, Marcelo Orrego y el secretario de Turismo, Ambiente y Deportes Daniel Scioli encabezaron la presentaci\u00f3n en la Casa de la Provincia en Buenos Aires del Foro Nacional [&hellip;]\" \/>\n<meta property=\"og:url\" content=\"https:\/\/modoviajeok.com.ar\/index.php\/2025\/08\/20\/entre-4-y-5-de-setiembre-foro-nacional-de-turismo-en-san-juan\/\" \/>\n<meta property=\"article:publisher\" content=\"https:\/\/www.facebook.com\/mariana.otero1\/\" \/>\n<meta property=\"article:published_time\" content=\"2025-08-20T12:00:15+00:00\" \/>\n<meta property=\"og:image\" content=\"https:\/\/modoviajeok.com.ar\/wp-content\/uploads\/2025\/07\/Foro-Nacional-de-Turismo-San-Juan-2025-scaled.jpg\" \/>\n\t<meta property=\"og:image:width\" content=\"2560\" \/>\n\t<meta property=\"og:image:height\" content=\"2288\" \/>\n\t<meta property=\"og:image:type\" content=\"image\/jpeg\" \/>\n<meta name=\"author\" content=\"Pepe Segura\" \/>\n<meta name=\"twitter:card\" content=\"summary_large_image\" \/>\n<meta name=\"twitter:label1\" content=\"Escrito por\" \/>\n\t<meta name=\"twitter:data1\" content=\"Pepe Segura\" \/>\n\t<meta name=\"twitter:label2\" content=\"Tiempo de lectura\" \/>\n\t<meta name=\"twitter:data2\" content=\"3 minutos\" \/>\n<script type=\"application\/ld+json\" class=\"yoast-schema-graph\">{\"@context\":\"https:\/\/schema.org\",\"@graph\":[{\"@type\":\"Article\",\"@id\":\"https:\/\/modoviajeok.com.ar\/index.php\/2025\/08\/20\/entre-4-y-5-de-setiembre-foro-nacional-de-turismo-en-san-juan\/#article\",\"isPartOf\":{\"@id\":\"https:\/\/modoviajeok.com.ar\/index.php\/2025\/08\/20\/entre-4-y-5-de-setiembre-foro-nacional-de-turismo-en-san-juan\/\"},\"author\":{\"name\":\"Pepe Segura\",\"@id\":\"https:\/\/modoviajeok.com.ar\/#\/schema\/person\/2e299ed0d3d412a01d244fe28260d7f5\"},\"headline\":\"Foro Nacional de Turismo en San Juan\",\"datePublished\":\"2025-08-20T12:00:15+00:00\",\"mainEntityOfPage\":{\"@id\":\"https:\/\/modoviajeok.com.ar\/index.php\/2025\/08\/20\/entre-4-y-5-de-setiembre-foro-nacional-de-turismo-en-san-juan\/\"},\"wordCount\":559,\"commentCount\":0,\"publisher\":{\"@id\":\"https:\/\/modoviajeok.com.ar\/#organization\"},\"image\":{\"@id\":\"https:\/\/modoviajeok.com.ar\/index.php\/2025\/08\/20\/entre-4-y-5-de-setiembre-foro-nacional-de-turismo-en-san-juan\/#primaryimage\"},\"thumbnailUrl\":\"https:\/\/modoviajeok.com.ar\/wp-content\/uploads\/2025\/07\/Foro-Nacional-de-Turismo-San-Juan-2025-scaled.jpg\",\"keywords\":[\"foro nacional de turismo\",\"https:\/\/sanjuan.tur.ar\/\",\"san juan\"],\"articleSection\":[\"Argentina\",\"Noticias\"],\"inLanguage\":\"es\",\"potentialAction\":[{\"@type\":\"CommentAction\",\"name\":\"Comment\",\"target\":[\"https:\/\/modoviajeok.com.ar\/index.php\/2025\/08\/20\/entre-4-y-5-de-setiembre-foro-nacional-de-turismo-en-san-juan\/#respond\"]}]},{\"@type\":\"WebPage\",\"@id\":\"https:\/\/modoviajeok.com.ar\/index.php\/2025\/08\/20\/entre-4-y-5-de-setiembre-foro-nacional-de-turismo-en-san-juan\/\",\"url\":\"https:\/\/modoviajeok.com.ar\/index.php\/2025\/08\/20\/entre-4-y-5-de-setiembre-foro-nacional-de-turismo-en-san-juan\/\",\"name\":\"Foro Nacional de Turismo en San Juan -\",\"isPartOf\":{\"@id\":\"https:\/\/modoviajeok.com.ar\/#website\"},\"primaryImageOfPage\":{\"@id\":\"https:\/\/modoviajeok.com.ar\/index.php\/2025\/08\/20\/entre-4-y-5-de-setiembre-foro-nacional-de-turismo-en-san-juan\/#primaryimage\"},\"image\":{\"@id\":\"https:\/\/modoviajeok.com.ar\/index.php\/2025\/08\/20\/entre-4-y-5-de-setiembre-foro-nacional-de-turismo-en-san-juan\/#primaryimage\"},\"thumbnailUrl\":\"https:\/\/modoviajeok.com.ar\/wp-content\/uploads\/2025\/07\/Foro-Nacional-de-Turismo-San-Juan-2025-scaled.jpg\",\"datePublished\":\"2025-08-20T12:00:15+00:00\",\"breadcrumb\":{\"@id\":\"https:\/\/modoviajeok.com.ar\/index.php\/2025\/08\/20\/entre-4-y-5-de-setiembre-foro-nacional-de-turismo-en-san-juan\/#breadcrumb\"},\"inLanguage\":\"es\",\"potentialAction\":[{\"@type\":\"ReadAction\",\"target\":[\"https:\/\/modoviajeok.com.ar\/index.php\/2025\/08\/20\/entre-4-y-5-de-setiembre-foro-nacional-de-turismo-en-san-juan\/\"]}]},{\"@type\":\"ImageObject\",\"inLanguage\":\"es\",\"@id\":\"https:\/\/modoviajeok.com.ar\/index.php\/2025\/08\/20\/entre-4-y-5-de-setiembre-foro-nacional-de-turismo-en-san-juan\/#primaryimage\",\"url\":\"https:\/\/modoviajeok.com.ar\/wp-content\/uploads\/2025\/07\/Foro-Nacional-de-Turismo-San-Juan-2025-scaled.jpg\",\"contentUrl\":\"https:\/\/modoviajeok.com.ar\/wp-content\/uploads\/2025\/07\/Foro-Nacional-de-Turismo-San-Juan-2025-scaled.jpg\",\"width\":2560,\"height\":2288},{\"@type\":\"BreadcrumbList\",\"@id\":\"https:\/\/modoviajeok.com.ar\/index.php\/2025\/08\/20\/entre-4-y-5-de-setiembre-foro-nacional-de-turismo-en-san-juan\/#breadcrumb\",\"itemListElement\":[{\"@type\":\"ListItem\",\"position\":1,\"name\":\"Portada\",\"item\":\"https:\/\/modoviajeok.com.ar\/\"},{\"@type\":\"ListItem\",\"position\":2,\"name\":\"Foro Nacional de Turismo en San Juan\"}]},{\"@type\":\"WebSite\",\"@id\":\"https:\/\/modoviajeok.com.ar\/#website\",\"url\":\"https:\/\/modoviajeok.com.ar\/\",\"name\":\"ModoViajeOK\",\"description\":\"\",\"publisher\":{\"@id\":\"https:\/\/modoviajeok.com.ar\/#organization\"},\"potentialAction\":[{\"@type\":\"SearchAction\",\"target\":{\"@type\":\"EntryPoint\",\"urlTemplate\":\"https:\/\/modoviajeok.com.ar\/?s={search_term_string}\"},\"query-input\":{\"@type\":\"PropertyValueSpecification\",\"valueRequired\":true,\"valueName\":\"search_term_string\"}}],\"inLanguage\":\"es\"},{\"@type\":\"Organization\",\"@id\":\"https:\/\/modoviajeok.com.ar\/#organization\",\"name\":\"ModoViajeOK\",\"url\":\"https:\/\/modoviajeok.com.ar\/\",\"logo\":{\"@type\":\"ImageObject\",\"inLanguage\":\"es\",\"@id\":\"https:\/\/modoviajeok.com.ar\/#\/schema\/logo\/image\/\",\"url\":\"https:\/\/modoviajeok.com.ar\/wp-content\/uploads\/2025\/01\/Logo-modoviajeok.png\",\"contentUrl\":\"https:\/\/modoviajeok.com.ar\/wp-content\/uploads\/2025\/01\/Logo-modoviajeok.png\",\"width\":2938,\"height\":2276,\"caption\":\"ModoViajeOK\"},\"image\":{\"@id\":\"https:\/\/modoviajeok.com.ar\/#\/schema\/logo\/image\/\"},\"sameAs\":[\"https:\/\/www.facebook.com\/mariana.otero1\/\",\"https:\/\/www.instagram.com\/modoviaje.ok\/\"]},{\"@type\":\"Person\",\"@id\":\"https:\/\/modoviajeok.com.ar\/#\/schema\/person\/2e299ed0d3d412a01d244fe28260d7f5\",\"name\":\"Pepe Segura\",\"image\":{\"@type\":\"ImageObject\",\"inLanguage\":\"es\",\"@id\":\"https:\/\/modoviajeok.com.ar\/#\/schema\/person\/image\/\",\"url\":\"https:\/\/secure.gravatar.com\/avatar\/65eb4b34deed761327f5b2c5535b987318ae807900ac46426de7258f5de6d345?s=96&d=mm&r=g\",\"contentUrl\":\"https:\/\/secure.gravatar.com\/avatar\/65eb4b34deed761327f5b2c5535b987318ae807900ac46426de7258f5de6d345?s=96&d=mm&r=g\",\"caption\":\"Pepe Segura\"},\"url\":\"https:\/\/modoviajeok.com.ar\/index.php\/author\/pepe2025\/\"}]}<\/script>\n<!-- \/ Yoast SEO plugin. -->","yoast_head_json":{"title":"Foro Nacional de Turismo en San Juan -","robots":{"index":"index","follow":"follow","max-snippet":"max-snippet:-1","max-image-preview":"max-image-preview:large","max-video-preview":"max-video-preview:-1"},"canonical":"https:\/\/modoviajeok.com.ar\/index.php\/2025\/08\/20\/entre-4-y-5-de-setiembre-foro-nacional-de-turismo-en-san-juan\/","og_locale":"es_ES","og_type":"article","og_title":"Foro Nacional de Turismo en San Juan -","og_description":"En esta ocasi\u00f3n, el Foro sesionar\u00e1 bajo el lema \u201cTransformando destinos: innovaci\u00f3n, tecnolog\u00eda y sostenibilidad para un turismo inteligente\u201d. . El gobernador de la provincia de San Juan, Marcelo Orrego y el secretario de Turismo, Ambiente y Deportes Daniel Scioli encabezaron la presentaci\u00f3n en la Casa de la Provincia en Buenos Aires del Foro Nacional [&hellip;]","og_url":"https:\/\/modoviajeok.com.ar\/index.php\/2025\/08\/20\/entre-4-y-5-de-setiembre-foro-nacional-de-turismo-en-san-juan\/","article_publisher":"https:\/\/www.facebook.com\/mariana.otero1\/","article_published_time":"2025-08-20T12:00:15+00:00","og_image":[{"width":2560,"height":2288,"url":"https:\/\/modoviajeok.com.ar\/wp-content\/uploads\/2025\/07\/Foro-Nacional-de-Turismo-San-Juan-2025-scaled.jpg","type":"image\/jpeg"}],"author":"Pepe Segura","twitter_card":"summary_large_image","twitter_misc":{"Escrito por":"Pepe Segura","Tiempo de lectura":"3 minutos"},"schema":{"@context":"https:\/\/schema.org","@graph":[{"@type":"Article","@id":"https:\/\/modoviajeok.com.ar\/index.php\/2025\/08\/20\/entre-4-y-5-de-setiembre-foro-nacional-de-turismo-en-san-juan\/#article","isPartOf":{"@id":"https:\/\/modoviajeok.com.ar\/index.php\/2025\/08\/20\/entre-4-y-5-de-setiembre-foro-nacional-de-turismo-en-san-juan\/"},"author":{"name":"Pepe Segura","@id":"https:\/\/modoviajeok.com.ar\/#\/schema\/person\/2e299ed0d3d412a01d244fe28260d7f5"},"headline":"Foro Nacional de Turismo en San Juan","datePublished":"2025-08-20T12:00:15+00:00","mainEntityOfPage":{"@id":"https:\/\/modoviajeok.com.ar\/index.php\/2025\/08\/20\/entre-4-y-5-de-setiembre-foro-nacional-de-turismo-en-san-juan\/"},"wordCount":559,"commentCount":0,"publisher":{"@id":"https:\/\/modoviajeok.com.ar\/#organization"},"image":{"@id":"https:\/\/modoviajeok.com.ar\/index.php\/2025\/08\/20\/entre-4-y-5-de-setiembre-foro-nacional-de-turismo-en-san-juan\/#primaryimage"},"thumbnailUrl":"https:\/\/modoviajeok.com.ar\/wp-content\/uploads\/2025\/07\/Foro-Nacional-de-Turismo-San-Juan-2025-scaled.jpg","keywords":["foro nacional de turismo","https:\/\/sanjuan.tur.ar\/","san juan"],"articleSection":["Argentina","Noticias"],"inLanguage":"es","potentialAction":[{"@type":"CommentAction","name":"Comment","target":["https:\/\/modoviajeok.com.ar\/index.php\/2025\/08\/20\/entre-4-y-5-de-setiembre-foro-nacional-de-turismo-en-san-juan\/#respond"]}]},{"@type":"WebPage","@id":"https:\/\/modoviajeok.com.ar\/index.php\/2025\/08\/20\/entre-4-y-5-de-setiembre-foro-nacional-de-turismo-en-san-juan\/","url":"https:\/\/modoviajeok.com.ar\/index.php\/2025\/08\/20\/entre-4-y-5-de-setiembre-foro-nacional-de-turismo-en-san-juan\/","name":"Foro Nacional de Turismo en San Juan -","isPartOf":{"@id":"https:\/\/modoviajeok.com.ar\/#website"},"primaryImageOfPage":{"@id":"https:\/\/modoviajeok.com.ar\/index.php\/2025\/08\/20\/entre-4-y-5-de-setiembre-foro-nacional-de-turismo-en-san-juan\/#primaryimage"},"image":{"@id":"https:\/\/modoviajeok.com.ar\/index.php\/2025\/08\/20\/entre-4-y-5-de-setiembre-foro-nacional-de-turismo-en-san-juan\/#primaryimage"},"thumbnailUrl":"https:\/\/modoviajeok.com.ar\/wp-content\/uploads\/2025\/07\/Foro-Nacional-de-Turismo-San-Juan-2025-scaled.jpg","datePublished":"2025-08-20T12:00:15+00:00","breadcrumb":{"@id":"https:\/\/modoviajeok.com.ar\/index.php\/2025\/08\/20\/entre-4-y-5-de-setiembre-foro-nacional-de-turismo-en-san-juan\/#breadcrumb"},"inLanguage":"es","potentialAction":[{"@type":"ReadAction","target":["https:\/\/modoviajeok.com.ar\/index.php\/2025\/08\/20\/entre-4-y-5-de-setiembre-foro-nacional-de-turismo-en-san-juan\/"]}]},{"@type":"ImageObject","inLanguage":"es","@id":"https:\/\/modoviajeok.com.ar\/index.php\/2025\/08\/20\/entre-4-y-5-de-setiembre-foro-nacional-de-turismo-en-san-juan\/#primaryimage","url":"https:\/\/modoviajeok.com.ar\/wp-content\/uploads\/2025\/07\/Foro-Nacional-de-Turismo-San-Juan-2025-scaled.jpg","contentUrl":"https:\/\/modoviajeok.com.ar\/wp-content\/uploads\/2025\/07\/Foro-Nacional-de-Turismo-San-Juan-2025-scaled.jpg","width":2560,"height":2288},{"@type":"BreadcrumbList","@id":"https:\/\/modoviajeok.com.ar\/index.php\/2025\/08\/20\/entre-4-y-5-de-setiembre-foro-nacional-de-turismo-en-san-juan\/#breadcrumb","itemListElement":[{"@type":"ListItem","position":1,"name":"Portada","item":"https:\/\/modoviajeok.com.ar\/"},{"@type":"ListItem","position":2,"name":"Foro Nacional de Turismo en San Juan"}]},{"@type":"WebSite","@id":"https:\/\/modoviajeok.com.ar\/#website","url":"https:\/\/modoviajeok.com.ar\/","name":"ModoViajeOK","description":"","publisher":{"@id":"https:\/\/modoviajeok.com.ar\/#organization"},"potentialAction":[{"@type":"SearchAction","target":{"@type":"EntryPoint","urlTemplate":"https:\/\/modoviajeok.com.ar\/?s={search_term_string}"},"query-input":{"@type":"PropertyValueSpecification","valueRequired":true,"valueName":"search_term_string"}}],"inLanguage":"es"},{"@type":"Organization","@id":"https:\/\/modoviajeok.com.ar\/#organization","name":"ModoViajeOK","url":"https:\/\/modoviajeok.com.ar\/","logo":{"@type":"ImageObject","inLanguage":"es","@id":"https:\/\/modoviajeok.com.ar\/#\/schema\/logo\/image\/","url":"https:\/\/modoviajeok.com.ar\/wp-content\/uploads\/2025\/01\/Logo-modoviajeok.png","contentUrl":"https:\/\/modoviajeok.com.ar\/wp-content\/uploads\/2025\/01\/Logo-modoviajeok.png","width":2938,"height":2276,"caption":"ModoViajeOK"},"image":{"@id":"https:\/\/modoviajeok.com.ar\/#\/schema\/logo\/image\/"},"sameAs":["https:\/\/www.facebook.com\/mariana.otero1\/","https:\/\/www.instagram.com\/modoviaje.ok\/"]},{"@type":"Person","@id":"https:\/\/modoviajeok.com.ar\/#\/schema\/person\/2e299ed0d3d412a01d244fe28260d7f5","name":"Pepe Segura","image":{"@type":"ImageObject","inLanguage":"es","@id":"https:\/\/modoviajeok.com.ar\/#\/schema\/person\/image\/","url":"https:\/\/secure.gravatar.com\/avatar\/65eb4b34deed761327f5b2c5535b987318ae807900ac46426de7258f5de6d345?s=96&d=mm&r=g","contentUrl":"https:\/\/secure.gravatar.com\/avatar\/65eb4b34deed761327f5b2c5535b987318ae807900ac46426de7258f5de6d345?s=96&d=mm&r=g","caption":"Pepe Segura"},"url":"https:\/\/modoviajeok.com.ar\/index.php\/author\/pepe2025\/"}]}},"_links":{"self":[{"href":"https:\/\/modoviajeok.com.ar\/index.php\/wp-json\/wp\/v2\/posts\/4872","targetHints":{"allow":["GET"]}}],"collection":[{"href":"https:\/\/modoviajeok.com.ar\/index.php\/wp-json\/wp\/v2\/posts"}],"about":[{"href":"https:\/\/modoviajeok.com.ar\/index.php\/wp-json\/wp\/v2\/types\/post"}],"author":[{"embeddable":true,"href":"https:\/\/modoviajeok.com.ar\/index.php\/wp-json\/wp\/v2\/users\/3"}],"replies":[{"embeddable":true,"href":"https:\/\/modoviajeok.com.ar\/index.php\/wp-json\/wp\/v2\/comments?post=4872"}],"version-history":[{"count":3,"href":"https:\/\/modoviajeok.com.ar\/index.php\/wp-json\/wp\/v2\/posts\/4872\/revisions"}],"predecessor-version":[{"id":5031,"href":"https:\/\/modoviajeok.com.ar\/index.php\/wp-json\/wp\/v2\/posts\/4872\/revisions\/5031"}],"wp:featuredmedia":[{"embeddable":true,"href":"https:\/\/modoviajeok.com.ar\/index.php\/wp-json\/wp\/v2\/media\/4873"}],"wp:attachment":[{"href":"https:\/\/modoviajeok.com.ar\/index.php\/wp-json\/wp\/v2\/media?parent=4872"}],"wp:term":[{"taxonomy":"category","embeddable":true,"href":"https:\/\/modoviajeok.com.ar\/index.php\/wp-json\/wp\/v2\/categories?post=4872"},{"taxonomy":"post_tag","embeddable":true,"href":"https:\/\/modoviajeok.com.ar\/index.php\/wp-json\/wp\/v2\/tags?post=4872"}],"curies":[{"name":"wp","href":"https:\/\/api.w.org\/{rel}","templated":true}]}}