{"id":4883,"date":"2025-09-01T09:00:21","date_gmt":"2025-09-01T12:00:21","guid":{"rendered":"https:\/\/modoviajeok.com.ar\/?p=4883"},"modified":"2025-10-03T14:54:26","modified_gmt":"2025-10-03T17:54:26","slug":"malagueno-atesora-el-horno-de-cal-mas-grande-de-sudamerica-2","status":"publish","type":"post","link":"https:\/\/modoviajeok.com.ar\/index.php\/2025\/09\/01\/malagueno-atesora-el-horno-de-cal-mas-grande-de-sudamerica-2\/","title":{"rendered":"Malague\u00f1o atesora el horno de cal m\u00e1s grande de Sudam\u00e9rica\u00a0"},"content":{"rendered":"\n<p><\/p>\n\n\n\n<figure class=\"wp-block-pullquote\"><blockquote><p> Es del a\u00f1o 1907 y \u00fanico en el mundo; hay un horno de 1883 y el m\u00e1s vistoso y cuidado es el de la f\u00e1brica n\u00famero 5, que est\u00e1 en pleno centro de esta localidad que se encuentra entre la ciudad de C\u00f3rdoba y Carlos Paz.<br><\/p><\/blockquote><\/figure>\n\n\n\n<figure class=\"wp-block-image size-full\"><img loading=\"lazy\" decoding=\"async\" width=\"2560\" height=\"1357\" src=\"https:\/\/modoviajeok.com.ar\/wp-content\/uploads\/2025\/07\/DSCN0022-scaled.jpg\" alt=\"\" class=\"wp-image-4890\" srcset=\"https:\/\/modoviajeok.com.ar\/wp-content\/uploads\/2025\/07\/DSCN0022-scaled.jpg 2560w, https:\/\/modoviajeok.com.ar\/wp-content\/uploads\/2025\/07\/DSCN0022-768x407.jpg 768w, https:\/\/modoviajeok.com.ar\/wp-content\/uploads\/2025\/07\/DSCN0022-1536x814.jpg 1536w, https:\/\/modoviajeok.com.ar\/wp-content\/uploads\/2025\/07\/DSCN0022-2048x1086.jpg 2048w, https:\/\/modoviajeok.com.ar\/wp-content\/uploads\/2025\/07\/DSCN0022-792x420.jpg 792w, https:\/\/modoviajeok.com.ar\/wp-content\/uploads\/2025\/07\/DSCN0022-150x80.jpg 150w, https:\/\/modoviajeok.com.ar\/wp-content\/uploads\/2025\/07\/DSCN0022-300x159.jpg 300w, https:\/\/modoviajeok.com.ar\/wp-content\/uploads\/2025\/07\/DSCN0022-696x369.jpg 696w, https:\/\/modoviajeok.com.ar\/wp-content\/uploads\/2025\/07\/DSCN0022-1068x566.jpg 1068w, https:\/\/modoviajeok.com.ar\/wp-content\/uploads\/2025\/07\/DSCN0022-1920x1018.jpg 1920w\" sizes=\"auto, (max-width: 2560px) 100vw, 2560px\" \/><\/figure>\n\n\n\n<p>No muchos conocen la\u00a0historia de Malague\u00f1o.\u00a0Se sabe sobre sus canteras de cal, pero su valor patrimonial todav\u00eda es un secreto sin descubrir. Con unos 25.000 habitantes, se ubica entre la ciudad de C\u00f3rdoba y Carlos Paz. Cuentan que el nombre refiere a un vecino espa\u00f1ol muy querido en el pueblo, proveniente de M\u00e1laga. Para muchos es un moj\u00f3n a mitad de camino pero, en verdad, atesora una historia \u00fanica que merece ser contada.\u00a0<\/p>\n\n\n\n<p>Antes de la llegada de los conquistadores, estaba habitada por los pueblos originarios de C\u00f3rdoba. A\u00fan quedan vestigios. Mucho tiempo despu\u00e9s, a finales del siglo XIX, Malague\u00f1o creci\u00f3 gracias a la explotaci\u00f3n de la cal. No obstante, la gran expansi\u00f3n vino de la mano de la tradicional familia Ferreyra.\u00a0<\/p>\n\n\n\n<figure class=\"wp-block-image size-full\"><img loading=\"lazy\" decoding=\"async\" width=\"2560\" height=\"1920\" src=\"https:\/\/modoviajeok.com.ar\/wp-content\/uploads\/2025\/07\/DSCN0034-scaled.jpg\" alt=\"\" class=\"wp-image-4894\" srcset=\"https:\/\/modoviajeok.com.ar\/wp-content\/uploads\/2025\/07\/DSCN0034-scaled.jpg 2560w, https:\/\/modoviajeok.com.ar\/wp-content\/uploads\/2025\/07\/DSCN0034-768x576.jpg 768w, https:\/\/modoviajeok.com.ar\/wp-content\/uploads\/2025\/07\/DSCN0034-1536x1152.jpg 1536w, https:\/\/modoviajeok.com.ar\/wp-content\/uploads\/2025\/07\/DSCN0034-2048x1536.jpg 2048w, https:\/\/modoviajeok.com.ar\/wp-content\/uploads\/2025\/07\/DSCN0034-560x420.jpg 560w, https:\/\/modoviajeok.com.ar\/wp-content\/uploads\/2025\/07\/DSCN0034-80x60.jpg 80w, https:\/\/modoviajeok.com.ar\/wp-content\/uploads\/2025\/07\/DSCN0034-150x113.jpg 150w, https:\/\/modoviajeok.com.ar\/wp-content\/uploads\/2025\/07\/DSCN0034-300x225.jpg 300w, https:\/\/modoviajeok.com.ar\/wp-content\/uploads\/2025\/07\/DSCN0034-696x522.jpg 696w, https:\/\/modoviajeok.com.ar\/wp-content\/uploads\/2025\/07\/DSCN0034-1068x801.jpg 1068w, https:\/\/modoviajeok.com.ar\/wp-content\/uploads\/2025\/07\/DSCN0034-1920x1440.jpg 1920w, https:\/\/modoviajeok.com.ar\/wp-content\/uploads\/2025\/07\/DSCN0034-265x198.jpg 265w\" sizes=\"auto, (max-width: 2560px) 100vw, 2560px\" \/><\/figure>\n\n\n\n<p>Desde el principio, todo gir\u00f3 alrededor de la piedra caliza. All\u00ed se encuentra el horno de cal m\u00e1s grande de Sudam\u00e9rica (1907) y \u00fanico en el mundo; hay un horno de 1883 y el m\u00e1s vistoso y cuidado es el de la f\u00e1brica n\u00famero 5, que est\u00e1 en pleno centro de la localidad.<\/p>\n\n\n\n<p>Gustavo Coronel, jefe de la unidad asesora de Patrimonio Hist\u00f3rico de la municipalidad de Malague\u00f1o, nos acompa\u00f1\u00f3 en un recorrido realmente sorprendente.\u00a0Nos encontramos en la plaza Belgrano frente al edificio donde funcion\u00f3 la primera escuela (1904), a pocos metros de la capilla Nuestra Se\u00f1ora de Nieva, tambi\u00e9n construida el mismo a\u00f1o.\u00a0<\/p>\n\n\n\n<figure class=\"wp-block-image size-full\"><img loading=\"lazy\" decoding=\"async\" width=\"2218\" height=\"1453\" src=\"https:\/\/modoviajeok.com.ar\/wp-content\/uploads\/2025\/07\/20241108_110203.jpg\" alt=\"\" class=\"wp-image-4888\" srcset=\"https:\/\/modoviajeok.com.ar\/wp-content\/uploads\/2025\/07\/20241108_110203.jpg 2218w, https:\/\/modoviajeok.com.ar\/wp-content\/uploads\/2025\/07\/20241108_110203-768x503.jpg 768w, https:\/\/modoviajeok.com.ar\/wp-content\/uploads\/2025\/07\/20241108_110203-1536x1006.jpg 1536w, https:\/\/modoviajeok.com.ar\/wp-content\/uploads\/2025\/07\/20241108_110203-2048x1342.jpg 2048w, https:\/\/modoviajeok.com.ar\/wp-content\/uploads\/2025\/07\/20241108_110203-641x420.jpg 641w, https:\/\/modoviajeok.com.ar\/wp-content\/uploads\/2025\/07\/20241108_110203-150x98.jpg 150w, https:\/\/modoviajeok.com.ar\/wp-content\/uploads\/2025\/07\/20241108_110203-300x197.jpg 300w, https:\/\/modoviajeok.com.ar\/wp-content\/uploads\/2025\/07\/20241108_110203-696x456.jpg 696w, https:\/\/modoviajeok.com.ar\/wp-content\/uploads\/2025\/07\/20241108_110203-1068x700.jpg 1068w, https:\/\/modoviajeok.com.ar\/wp-content\/uploads\/2025\/07\/20241108_110203-1920x1258.jpg 1920w, https:\/\/modoviajeok.com.ar\/wp-content\/uploads\/2025\/07\/20241108_110203-741x486.jpg 741w\" sizes=\"auto, (max-width: 2218px) 100vw, 2218px\" \/><\/figure>\n\n\n\n<p>No quedan muchos m\u00e1s edificios hist\u00f3ricos y tampoco\u00a0tiene museo, aunque Coronel va atesorando piezas para el d\u00eda en que sea posible organizarlo. Hay algunas vinculadas a la primera empresa de cal. Esto incluye ladrillos refractarios de Escocia, Irlanda, Per\u00fa, y Estados Unidos de finales del siglo XIX, que se han encontrado en el lugar. \u201cEs una parte de la historia que nunca se vio, nunca nadie le prest\u00f3 atenci\u00f3n\u201d, dice Coronel. Nos cont\u00f3 que el pueblo fue fundado en 1886 por do\u00f1a Martina Cabez\u00f3n Arg\u00fcello de Ferreyra. Ella realiz\u00f3 el primer trazado urban\u00edstico.\u00a0Por entonces era un caser\u00edo donde viv\u00edan, en su mayor\u00eda, trabajadores de las canteras.\u00a0<\/p>\n\n\n\n<figure class=\"wp-block-image size-full\"><img loading=\"lazy\" decoding=\"async\" width=\"1152\" height=\"2560\" src=\"https:\/\/modoviajeok.com.ar\/wp-content\/uploads\/2025\/07\/20241108_120818-scaled.jpg\" alt=\"\" class=\"wp-image-4886\" srcset=\"https:\/\/modoviajeok.com.ar\/wp-content\/uploads\/2025\/07\/20241108_120818-scaled.jpg 1152w, https:\/\/modoviajeok.com.ar\/wp-content\/uploads\/2025\/07\/20241108_120818-768x1707.jpg 768w, https:\/\/modoviajeok.com.ar\/wp-content\/uploads\/2025\/07\/20241108_120818-691x1536.jpg 691w, https:\/\/modoviajeok.com.ar\/wp-content\/uploads\/2025\/07\/20241108_120818-922x2048.jpg 922w, https:\/\/modoviajeok.com.ar\/wp-content\/uploads\/2025\/07\/20241108_120818-189x420.jpg 189w, https:\/\/modoviajeok.com.ar\/wp-content\/uploads\/2025\/07\/20241108_120818-150x333.jpg 150w, https:\/\/modoviajeok.com.ar\/wp-content\/uploads\/2025\/07\/20241108_120818-300x667.jpg 300w, https:\/\/modoviajeok.com.ar\/wp-content\/uploads\/2025\/07\/20241108_120818-696x1547.jpg 696w, https:\/\/modoviajeok.com.ar\/wp-content\/uploads\/2025\/07\/20241108_120818-1068x2373.jpg 1068w\" sizes=\"auto, (max-width: 1152px) 100vw, 1152px\" \/><\/figure>\n\n\n\n<p>Pero antes de esa historia hubo otra historia: en 1576, Don Pedro de Villalba recibi\u00f3 la merced de estas tierras. De aquel linaje proced\u00eda Martina, casada con Mart\u00edn Ferreyra.\u00a0\u201cSi no fuera por los Ferreyra, las canteras y la cal, Malague\u00f1o no existir\u00eda\u201d, remarca Coronel. Aunque la explotaci\u00f3n ya exist\u00eda en el siglo XVIII. Hay documentaci\u00f3n que revela que parte de la piedra y cal con la que se construy\u00f3 la Catedral de C\u00f3rdoba proven\u00eda de esta zona.<\/p>\n\n\n\n<p>No hab\u00eda hornos como los actuales, sino hornillas como en los cortaderos de ladrillos. Como es de presuponer, el pueblo creci\u00f3 de la mano de la cantera. En 1883, la\u00a0comisar\u00eda contaba con cinco polic\u00edas: uno en el pueblo y cuatro en las canteras. \u201cImaginen el movimiento que hab\u00eda en las canteras\u201d, nos dice Coronel. Despu\u00e9s de la muerte de Mart\u00edn Ferreyra, se conform\u00f3 Canteras Malague\u00f1o, m\u00e1s tarde vino Corcemar, Minetti y, hoy, Holcim.\u00a0<\/p>\n\n\n\n<figure class=\"wp-block-image size-full\"><img loading=\"lazy\" decoding=\"async\" width=\"1725\" height=\"2560\" src=\"https:\/\/modoviajeok.com.ar\/wp-content\/uploads\/2025\/07\/DSCN0029-scaled.jpg\" alt=\"\" class=\"wp-image-4893\" srcset=\"https:\/\/modoviajeok.com.ar\/wp-content\/uploads\/2025\/07\/DSCN0029-scaled.jpg 1725w, https:\/\/modoviajeok.com.ar\/wp-content\/uploads\/2025\/07\/DSCN0029-768x1140.jpg 768w, https:\/\/modoviajeok.com.ar\/wp-content\/uploads\/2025\/07\/DSCN0029-1035x1536.jpg 1035w, https:\/\/modoviajeok.com.ar\/wp-content\/uploads\/2025\/07\/DSCN0029-1380x2048.jpg 1380w, https:\/\/modoviajeok.com.ar\/wp-content\/uploads\/2025\/07\/DSCN0029-283x420.jpg 283w, https:\/\/modoviajeok.com.ar\/wp-content\/uploads\/2025\/07\/DSCN0029-150x223.jpg 150w, https:\/\/modoviajeok.com.ar\/wp-content\/uploads\/2025\/07\/DSCN0029-300x445.jpg 300w, https:\/\/modoviajeok.com.ar\/wp-content\/uploads\/2025\/07\/DSCN0029-696x1033.jpg 696w, https:\/\/modoviajeok.com.ar\/wp-content\/uploads\/2025\/07\/DSCN0029-1068x1585.jpg 1068w, https:\/\/modoviajeok.com.ar\/wp-content\/uploads\/2025\/07\/DSCN0029-1920x2849.jpg 1920w\" sizes=\"auto, (max-width: 1725px) 100vw, 1725px\" \/><\/figure>\n\n\n\n<p>La historia ferroviaria de Malague\u00f1o tambi\u00e9n est\u00e1 vinculada a las rocas calizas. La vieja estaci\u00f3n de tren, anterior a 1885, puede dar fe de eso.\u00a0Coronel relata que durante la gobernaci\u00f3n de Ju\u00e1rez Celman, Estanislao Ferreyra plante\u00f3 la necesidad de la llegada del ferrocarril ante el crecimiento de la producci\u00f3n de la cal. \u201cEncontramos un documento de 1904 donde consta que compr\u00f3 60 mil toneladas de rieles, con los clavos, a 18 pesos la tonelada\u201d, nos cuenta.\u00a0Cada horno ten\u00eda su sistema f\u00e9rreo, su trochita por donde sub\u00eda la \u201czorrita\u201d que tiraba por el hueco la piedra para ser quemada y luego recogida en los t\u00faneles.\u00a0De las ocho \u201czorritas\u201d que hab\u00eda, s\u00f3lo queda una en Malague\u00f1o, que necesita restauraci\u00f3n. El resto est\u00e1 en museos ferroviarios del pa\u00eds o terminaron en fundiciones.<\/p>\n\n\n\n<p><strong>Datos \u00fatiles<\/strong>&nbsp;<\/p>\n\n\n\n<p><strong>C\u00f3mo llegar.<\/strong> Por la autopista de C\u00f3rdoba a Carlos Paz. A 25 km de la ciudad capital. Los \u00f3mnibus de Grupo Sarmiento salen cada 15 minutos de la terminal de C\u00f3rdoba. El viaje dura 35 minutos.<\/p>\n\n\n\n<p><strong>M\u00e1s info:<\/strong> IG @munimalagueno o <a href=\"http:\/\/www.malagueno.gob.ar\">www.malagueno.gob.ar<\/a><\/p>\n\n\n\n<p><\/p>\n\n\n\n<p><\/p>\n\n\n\n<figure class=\"wp-block-gallery has-nested-images columns-default is-cropped wp-block-gallery-1 is-layout-flex wp-block-gallery-is-layout-flex\">\n<figure class=\"wp-block-image size-large\"><img loading=\"lazy\" decoding=\"async\" width=\"1214\" height=\"2560\" data-id=\"4891\" src=\"https:\/\/modoviajeok.com.ar\/wp-content\/uploads\/2025\/07\/DSCN0020-scaled.jpg\" alt=\"\" class=\"wp-image-4891\" srcset=\"https:\/\/modoviajeok.com.ar\/wp-content\/uploads\/2025\/07\/DSCN0020-scaled.jpg 1214w, https:\/\/modoviajeok.com.ar\/wp-content\/uploads\/2025\/07\/DSCN0020-768x1620.jpg 768w, https:\/\/modoviajeok.com.ar\/wp-content\/uploads\/2025\/07\/DSCN0020-728x1536.jpg 728w, https:\/\/modoviajeok.com.ar\/wp-content\/uploads\/2025\/07\/DSCN0020-971x2048.jpg 971w, https:\/\/modoviajeok.com.ar\/wp-content\/uploads\/2025\/07\/DSCN0020-199x420.jpg 199w, https:\/\/modoviajeok.com.ar\/wp-content\/uploads\/2025\/07\/DSCN0020-150x316.jpg 150w, https:\/\/modoviajeok.com.ar\/wp-content\/uploads\/2025\/07\/DSCN0020-300x633.jpg 300w, https:\/\/modoviajeok.com.ar\/wp-content\/uploads\/2025\/07\/DSCN0020-696x1468.jpg 696w, https:\/\/modoviajeok.com.ar\/wp-content\/uploads\/2025\/07\/DSCN0020-1068x2252.jpg 1068w\" sizes=\"auto, (max-width: 1214px) 100vw, 1214px\" \/><\/figure>\n\n\n\n<figure class=\"wp-block-image size-large\"><img loading=\"lazy\" decoding=\"async\" width=\"1410\" height=\"2560\" data-id=\"4885\" src=\"https:\/\/modoviajeok.com.ar\/wp-content\/uploads\/2025\/07\/DSCN0002-scaled.jpg\" alt=\"\" class=\"wp-image-4885\" srcset=\"https:\/\/modoviajeok.com.ar\/wp-content\/uploads\/2025\/07\/DSCN0002-scaled.jpg 1410w, https:\/\/modoviajeok.com.ar\/wp-content\/uploads\/2025\/07\/DSCN0002-768x1394.jpg 768w, https:\/\/modoviajeok.com.ar\/wp-content\/uploads\/2025\/07\/DSCN0002-846x1536.jpg 846w, https:\/\/modoviajeok.com.ar\/wp-content\/uploads\/2025\/07\/DSCN0002-1128x2048.jpg 1128w, https:\/\/modoviajeok.com.ar\/wp-content\/uploads\/2025\/07\/DSCN0002-231x420.jpg 231w, https:\/\/modoviajeok.com.ar\/wp-content\/uploads\/2025\/07\/DSCN0002-150x272.jpg 150w, https:\/\/modoviajeok.com.ar\/wp-content\/uploads\/2025\/07\/DSCN0002-300x545.jpg 300w, https:\/\/modoviajeok.com.ar\/wp-content\/uploads\/2025\/07\/DSCN0002-696x1263.jpg 696w, https:\/\/modoviajeok.com.ar\/wp-content\/uploads\/2025\/07\/DSCN0002-1068x1939.jpg 1068w, https:\/\/modoviajeok.com.ar\/wp-content\/uploads\/2025\/07\/DSCN0002-1920x3486.jpg 1920w\" sizes=\"auto, (max-width: 1410px) 100vw, 1410px\" \/><\/figure>\n\n\n\n<figure class=\"wp-block-image size-large\"><img loading=\"lazy\" decoding=\"async\" width=\"1577\" height=\"2560\" data-id=\"4889\" src=\"https:\/\/modoviajeok.com.ar\/wp-content\/uploads\/2025\/07\/DSCN0009-scaled.jpg\" alt=\"\" class=\"wp-image-4889\" srcset=\"https:\/\/modoviajeok.com.ar\/wp-content\/uploads\/2025\/07\/DSCN0009-scaled.jpg 1577w, https:\/\/modoviajeok.com.ar\/wp-content\/uploads\/2025\/07\/DSCN0009-768x1247.jpg 768w, https:\/\/modoviajeok.com.ar\/wp-content\/uploads\/2025\/07\/DSCN0009-946x1536.jpg 946w, https:\/\/modoviajeok.com.ar\/wp-content\/uploads\/2025\/07\/DSCN0009-1262x2048.jpg 1262w, https:\/\/modoviajeok.com.ar\/wp-content\/uploads\/2025\/07\/DSCN0009-259x420.jpg 259w, https:\/\/modoviajeok.com.ar\/wp-content\/uploads\/2025\/07\/DSCN0009-150x243.jpg 150w, https:\/\/modoviajeok.com.ar\/wp-content\/uploads\/2025\/07\/DSCN0009-300x487.jpg 300w, https:\/\/modoviajeok.com.ar\/wp-content\/uploads\/2025\/07\/DSCN0009-696x1130.jpg 696w, https:\/\/modoviajeok.com.ar\/wp-content\/uploads\/2025\/07\/DSCN0009-1068x1733.jpg 1068w, https:\/\/modoviajeok.com.ar\/wp-content\/uploads\/2025\/07\/DSCN0009-1920x3116.jpg 1920w\" sizes=\"auto, (max-width: 1577px) 100vw, 1577px\" \/><\/figure>\n<\/figure>\n\n\n\n<figure class=\"wp-block-gallery has-nested-images columns-default is-cropped wp-block-gallery-2 is-layout-flex wp-block-gallery-is-layout-flex\"><\/figure>\n\n\n\n<p><\/p>\n","protected":false},"excerpt":{"rendered":"<p>Es del a\u00f1o 1907 y \u00fanico en el mundo; hay un horno de 1883 y el m\u00e1s vistoso y cuidado es el de la f\u00e1brica n\u00famero 5, que est\u00e1 en pleno centro de esta localidad que se encuentra entre la ciudad de C\u00f3rdoba y Carlos Paz. No muchos conocen la\u00a0historia de Malague\u00f1o.\u00a0Se sabe sobre sus [&hellip;]<\/p>\n","protected":false},"author":3,"featured_media":4895,"comment_status":"open","ping_status":"open","sticky":false,"template":"","format":"standard","meta":{"_acf_changed":false,"footnotes":""},"categories":[11,2],"tags":[1155,1154],"class_list":{"0":"post-4883","1":"post","2":"type-post","3":"status-publish","4":"format-standard","5":"has-post-thumbnail","7":"category-cordoba","8":"category-destacadas","9":"tag-familia-ferreyra","10":"tag-malagueno"},"acf":[],"yoast_head":"<!-- This site is optimized with the Yoast SEO plugin v24.8.1 - https:\/\/yoast.com\/wordpress\/plugins\/seo\/ -->\n<title>Malague\u00f1o atesora el horno de cal m\u00e1s grande de Sudam\u00e9rica\u00a0 -<\/title>\n<meta name=\"robots\" content=\"index, follow, max-snippet:-1, max-image-preview:large, max-video-preview:-1\" \/>\n<link rel=\"canonical\" href=\"https:\/\/modoviajeok.com.ar\/index.php\/2025\/09\/01\/malagueno-atesora-el-horno-de-cal-mas-grande-de-sudamerica-2\/\" \/>\n<meta property=\"og:locale\" content=\"es_ES\" \/>\n<meta property=\"og:type\" content=\"article\" \/>\n<meta property=\"og:title\" content=\"Malague\u00f1o atesora el horno de cal m\u00e1s grande de Sudam\u00e9rica\u00a0 -\" \/>\n<meta property=\"og:description\" content=\"Es del a\u00f1o 1907 y \u00fanico en el mundo; hay un horno de 1883 y el m\u00e1s vistoso y cuidado es el de la f\u00e1brica n\u00famero 5, que est\u00e1 en pleno centro de esta localidad que se encuentra entre la ciudad de C\u00f3rdoba y Carlos Paz. No muchos conocen la\u00a0historia de Malague\u00f1o.\u00a0Se sabe sobre sus [&hellip;]\" \/>\n<meta property=\"og:url\" content=\"https:\/\/modoviajeok.com.ar\/index.php\/2025\/09\/01\/malagueno-atesora-el-horno-de-cal-mas-grande-de-sudamerica-2\/\" \/>\n<meta property=\"article:publisher\" content=\"https:\/\/www.facebook.com\/mariana.otero1\/\" \/>\n<meta property=\"article:published_time\" content=\"2025-09-01T12:00:21+00:00\" \/>\n<meta property=\"article:modified_time\" content=\"2025-10-03T17:54:26+00:00\" \/>\n<meta property=\"og:image\" content=\"https:\/\/modoviajeok.com.ar\/wp-content\/uploads\/2025\/07\/DSCN0023-scaled.jpg\" \/>\n\t<meta property=\"og:image:width\" content=\"2560\" \/>\n\t<meta property=\"og:image:height\" content=\"2359\" \/>\n\t<meta property=\"og:image:type\" content=\"image\/jpeg\" \/>\n<meta name=\"author\" content=\"Pepe Segura\" \/>\n<meta name=\"twitter:card\" content=\"summary_large_image\" \/>\n<meta name=\"twitter:label1\" content=\"Escrito por\" \/>\n\t<meta name=\"twitter:data1\" content=\"Pepe Segura\" \/>\n\t<meta name=\"twitter:label2\" content=\"Tiempo de lectura\" \/>\n\t<meta name=\"twitter:data2\" content=\"5 minutos\" \/>\n<script type=\"application\/ld+json\" class=\"yoast-schema-graph\">{\"@context\":\"https:\/\/schema.org\",\"@graph\":[{\"@type\":\"Article\",\"@id\":\"https:\/\/modoviajeok.com.ar\/index.php\/2025\/09\/01\/malagueno-atesora-el-horno-de-cal-mas-grande-de-sudamerica-2\/#article\",\"isPartOf\":{\"@id\":\"https:\/\/modoviajeok.com.ar\/index.php\/2025\/09\/01\/malagueno-atesora-el-horno-de-cal-mas-grande-de-sudamerica-2\/\"},\"author\":{\"name\":\"Pepe Segura\",\"@id\":\"https:\/\/modoviajeok.com.ar\/#\/schema\/person\/2e299ed0d3d412a01d244fe28260d7f5\"},\"headline\":\"Malague\u00f1o atesora el horno de cal m\u00e1s grande de Sudam\u00e9rica\u00a0\",\"datePublished\":\"2025-09-01T12:00:21+00:00\",\"dateModified\":\"2025-10-03T17:54:26+00:00\",\"mainEntityOfPage\":{\"@id\":\"https:\/\/modoviajeok.com.ar\/index.php\/2025\/09\/01\/malagueno-atesora-el-horno-de-cal-mas-grande-de-sudamerica-2\/\"},\"wordCount\":784,\"commentCount\":0,\"publisher\":{\"@id\":\"https:\/\/modoviajeok.com.ar\/#organization\"},\"image\":{\"@id\":\"https:\/\/modoviajeok.com.ar\/index.php\/2025\/09\/01\/malagueno-atesora-el-horno-de-cal-mas-grande-de-sudamerica-2\/#primaryimage\"},\"thumbnailUrl\":\"https:\/\/modoviajeok.com.ar\/wp-content\/uploads\/2025\/07\/DSCN0023-scaled.jpg\",\"keywords\":[\"familia ferreyra\",\"malague\u00f1o\"],\"articleSection\":[\"C\u00f3rdoba\",\"Destacadas\"],\"inLanguage\":\"es\",\"potentialAction\":[{\"@type\":\"CommentAction\",\"name\":\"Comment\",\"target\":[\"https:\/\/modoviajeok.com.ar\/index.php\/2025\/09\/01\/malagueno-atesora-el-horno-de-cal-mas-grande-de-sudamerica-2\/#respond\"]}]},{\"@type\":\"WebPage\",\"@id\":\"https:\/\/modoviajeok.com.ar\/index.php\/2025\/09\/01\/malagueno-atesora-el-horno-de-cal-mas-grande-de-sudamerica-2\/\",\"url\":\"https:\/\/modoviajeok.com.ar\/index.php\/2025\/09\/01\/malagueno-atesora-el-horno-de-cal-mas-grande-de-sudamerica-2\/\",\"name\":\"Malague\u00f1o atesora el horno de cal m\u00e1s grande de Sudam\u00e9rica\u00a0 -\",\"isPartOf\":{\"@id\":\"https:\/\/modoviajeok.com.ar\/#website\"},\"primaryImageOfPage\":{\"@id\":\"https:\/\/modoviajeok.com.ar\/index.php\/2025\/09\/01\/malagueno-atesora-el-horno-de-cal-mas-grande-de-sudamerica-2\/#primaryimage\"},\"image\":{\"@id\":\"https:\/\/modoviajeok.com.ar\/index.php\/2025\/09\/01\/malagueno-atesora-el-horno-de-cal-mas-grande-de-sudamerica-2\/#primaryimage\"},\"thumbnailUrl\":\"https:\/\/modoviajeok.com.ar\/wp-content\/uploads\/2025\/07\/DSCN0023-scaled.jpg\",\"datePublished\":\"2025-09-01T12:00:21+00:00\",\"dateModified\":\"2025-10-03T17:54:26+00:00\",\"breadcrumb\":{\"@id\":\"https:\/\/modoviajeok.com.ar\/index.php\/2025\/09\/01\/malagueno-atesora-el-horno-de-cal-mas-grande-de-sudamerica-2\/#breadcrumb\"},\"inLanguage\":\"es\",\"potentialAction\":[{\"@type\":\"ReadAction\",\"target\":[\"https:\/\/modoviajeok.com.ar\/index.php\/2025\/09\/01\/malagueno-atesora-el-horno-de-cal-mas-grande-de-sudamerica-2\/\"]}]},{\"@type\":\"ImageObject\",\"inLanguage\":\"es\",\"@id\":\"https:\/\/modoviajeok.com.ar\/index.php\/2025\/09\/01\/malagueno-atesora-el-horno-de-cal-mas-grande-de-sudamerica-2\/#primaryimage\",\"url\":\"https:\/\/modoviajeok.com.ar\/wp-content\/uploads\/2025\/07\/DSCN0023-scaled.jpg\",\"contentUrl\":\"https:\/\/modoviajeok.com.ar\/wp-content\/uploads\/2025\/07\/DSCN0023-scaled.jpg\",\"width\":2560,\"height\":2359},{\"@type\":\"BreadcrumbList\",\"@id\":\"https:\/\/modoviajeok.com.ar\/index.php\/2025\/09\/01\/malagueno-atesora-el-horno-de-cal-mas-grande-de-sudamerica-2\/#breadcrumb\",\"itemListElement\":[{\"@type\":\"ListItem\",\"position\":1,\"name\":\"Portada\",\"item\":\"https:\/\/modoviajeok.com.ar\/\"},{\"@type\":\"ListItem\",\"position\":2,\"name\":\"Malague\u00f1o atesora el horno de cal m\u00e1s grande de Sudam\u00e9rica\u00a0\"}]},{\"@type\":\"WebSite\",\"@id\":\"https:\/\/modoviajeok.com.ar\/#website\",\"url\":\"https:\/\/modoviajeok.com.ar\/\",\"name\":\"ModoViajeOK\",\"description\":\"\",\"publisher\":{\"@id\":\"https:\/\/modoviajeok.com.ar\/#organization\"},\"potentialAction\":[{\"@type\":\"SearchAction\",\"target\":{\"@type\":\"EntryPoint\",\"urlTemplate\":\"https:\/\/modoviajeok.com.ar\/?s={search_term_string}\"},\"query-input\":{\"@type\":\"PropertyValueSpecification\",\"valueRequired\":true,\"valueName\":\"search_term_string\"}}],\"inLanguage\":\"es\"},{\"@type\":\"Organization\",\"@id\":\"https:\/\/modoviajeok.com.ar\/#organization\",\"name\":\"ModoViajeOK\",\"url\":\"https:\/\/modoviajeok.com.ar\/\",\"logo\":{\"@type\":\"ImageObject\",\"inLanguage\":\"es\",\"@id\":\"https:\/\/modoviajeok.com.ar\/#\/schema\/logo\/image\/\",\"url\":\"https:\/\/modoviajeok.com.ar\/wp-content\/uploads\/2025\/01\/Logo-modoviajeok.png\",\"contentUrl\":\"https:\/\/modoviajeok.com.ar\/wp-content\/uploads\/2025\/01\/Logo-modoviajeok.png\",\"width\":2938,\"height\":2276,\"caption\":\"ModoViajeOK\"},\"image\":{\"@id\":\"https:\/\/modoviajeok.com.ar\/#\/schema\/logo\/image\/\"},\"sameAs\":[\"https:\/\/www.facebook.com\/mariana.otero1\/\",\"https:\/\/www.instagram.com\/modoviaje.ok\/\"]},{\"@type\":\"Person\",\"@id\":\"https:\/\/modoviajeok.com.ar\/#\/schema\/person\/2e299ed0d3d412a01d244fe28260d7f5\",\"name\":\"Pepe Segura\",\"image\":{\"@type\":\"ImageObject\",\"inLanguage\":\"es\",\"@id\":\"https:\/\/modoviajeok.com.ar\/#\/schema\/person\/image\/\",\"url\":\"https:\/\/secure.gravatar.com\/avatar\/65eb4b34deed761327f5b2c5535b987318ae807900ac46426de7258f5de6d345?s=96&d=mm&r=g\",\"contentUrl\":\"https:\/\/secure.gravatar.com\/avatar\/65eb4b34deed761327f5b2c5535b987318ae807900ac46426de7258f5de6d345?s=96&d=mm&r=g\",\"caption\":\"Pepe Segura\"},\"url\":\"https:\/\/modoviajeok.com.ar\/index.php\/author\/pepe2025\/\"}]}<\/script>\n<!-- \/ Yoast SEO plugin. -->","yoast_head_json":{"title":"Malague\u00f1o atesora el horno de cal m\u00e1s grande de Sudam\u00e9rica\u00a0 -","robots":{"index":"index","follow":"follow","max-snippet":"max-snippet:-1","max-image-preview":"max-image-preview:large","max-video-preview":"max-video-preview:-1"},"canonical":"https:\/\/modoviajeok.com.ar\/index.php\/2025\/09\/01\/malagueno-atesora-el-horno-de-cal-mas-grande-de-sudamerica-2\/","og_locale":"es_ES","og_type":"article","og_title":"Malague\u00f1o atesora el horno de cal m\u00e1s grande de Sudam\u00e9rica\u00a0 -","og_description":"Es del a\u00f1o 1907 y \u00fanico en el mundo; hay un horno de 1883 y el m\u00e1s vistoso y cuidado es el de la f\u00e1brica n\u00famero 5, que est\u00e1 en pleno centro de esta localidad que se encuentra entre la ciudad de C\u00f3rdoba y Carlos Paz. No muchos conocen la\u00a0historia de Malague\u00f1o.\u00a0Se sabe sobre sus [&hellip;]","og_url":"https:\/\/modoviajeok.com.ar\/index.php\/2025\/09\/01\/malagueno-atesora-el-horno-de-cal-mas-grande-de-sudamerica-2\/","article_publisher":"https:\/\/www.facebook.com\/mariana.otero1\/","article_published_time":"2025-09-01T12:00:21+00:00","article_modified_time":"2025-10-03T17:54:26+00:00","og_image":[{"width":2560,"height":2359,"url":"https:\/\/modoviajeok.com.ar\/wp-content\/uploads\/2025\/07\/DSCN0023-scaled.jpg","type":"image\/jpeg"}],"author":"Pepe Segura","twitter_card":"summary_large_image","twitter_misc":{"Escrito por":"Pepe Segura","Tiempo de lectura":"5 minutos"},"schema":{"@context":"https:\/\/schema.org","@graph":[{"@type":"Article","@id":"https:\/\/modoviajeok.com.ar\/index.php\/2025\/09\/01\/malagueno-atesora-el-horno-de-cal-mas-grande-de-sudamerica-2\/#article","isPartOf":{"@id":"https:\/\/modoviajeok.com.ar\/index.php\/2025\/09\/01\/malagueno-atesora-el-horno-de-cal-mas-grande-de-sudamerica-2\/"},"author":{"name":"Pepe Segura","@id":"https:\/\/modoviajeok.com.ar\/#\/schema\/person\/2e299ed0d3d412a01d244fe28260d7f5"},"headline":"Malague\u00f1o atesora el horno de cal m\u00e1s grande de Sudam\u00e9rica\u00a0","datePublished":"2025-09-01T12:00:21+00:00","dateModified":"2025-10-03T17:54:26+00:00","mainEntityOfPage":{"@id":"https:\/\/modoviajeok.com.ar\/index.php\/2025\/09\/01\/malagueno-atesora-el-horno-de-cal-mas-grande-de-sudamerica-2\/"},"wordCount":784,"commentCount":0,"publisher":{"@id":"https:\/\/modoviajeok.com.ar\/#organization"},"image":{"@id":"https:\/\/modoviajeok.com.ar\/index.php\/2025\/09\/01\/malagueno-atesora-el-horno-de-cal-mas-grande-de-sudamerica-2\/#primaryimage"},"thumbnailUrl":"https:\/\/modoviajeok.com.ar\/wp-content\/uploads\/2025\/07\/DSCN0023-scaled.jpg","keywords":["familia ferreyra","malague\u00f1o"],"articleSection":["C\u00f3rdoba","Destacadas"],"inLanguage":"es","potentialAction":[{"@type":"CommentAction","name":"Comment","target":["https:\/\/modoviajeok.com.ar\/index.php\/2025\/09\/01\/malagueno-atesora-el-horno-de-cal-mas-grande-de-sudamerica-2\/#respond"]}]},{"@type":"WebPage","@id":"https:\/\/modoviajeok.com.ar\/index.php\/2025\/09\/01\/malagueno-atesora-el-horno-de-cal-mas-grande-de-sudamerica-2\/","url":"https:\/\/modoviajeok.com.ar\/index.php\/2025\/09\/01\/malagueno-atesora-el-horno-de-cal-mas-grande-de-sudamerica-2\/","name":"Malague\u00f1o atesora el horno de cal m\u00e1s grande de Sudam\u00e9rica\u00a0 -","isPartOf":{"@id":"https:\/\/modoviajeok.com.ar\/#website"},"primaryImageOfPage":{"@id":"https:\/\/modoviajeok.com.ar\/index.php\/2025\/09\/01\/malagueno-atesora-el-horno-de-cal-mas-grande-de-sudamerica-2\/#primaryimage"},"image":{"@id":"https:\/\/modoviajeok.com.ar\/index.php\/2025\/09\/01\/malagueno-atesora-el-horno-de-cal-mas-grande-de-sudamerica-2\/#primaryimage"},"thumbnailUrl":"https:\/\/modoviajeok.com.ar\/wp-content\/uploads\/2025\/07\/DSCN0023-scaled.jpg","datePublished":"2025-09-01T12:00:21+00:00","dateModified":"2025-10-03T17:54:26+00:00","breadcrumb":{"@id":"https:\/\/modoviajeok.com.ar\/index.php\/2025\/09\/01\/malagueno-atesora-el-horno-de-cal-mas-grande-de-sudamerica-2\/#breadcrumb"},"inLanguage":"es","potentialAction":[{"@type":"ReadAction","target":["https:\/\/modoviajeok.com.ar\/index.php\/2025\/09\/01\/malagueno-atesora-el-horno-de-cal-mas-grande-de-sudamerica-2\/"]}]},{"@type":"ImageObject","inLanguage":"es","@id":"https:\/\/modoviajeok.com.ar\/index.php\/2025\/09\/01\/malagueno-atesora-el-horno-de-cal-mas-grande-de-sudamerica-2\/#primaryimage","url":"https:\/\/modoviajeok.com.ar\/wp-content\/uploads\/2025\/07\/DSCN0023-scaled.jpg","contentUrl":"https:\/\/modoviajeok.com.ar\/wp-content\/uploads\/2025\/07\/DSCN0023-scaled.jpg","width":2560,"height":2359},{"@type":"BreadcrumbList","@id":"https:\/\/modoviajeok.com.ar\/index.php\/2025\/09\/01\/malagueno-atesora-el-horno-de-cal-mas-grande-de-sudamerica-2\/#breadcrumb","itemListElement":[{"@type":"ListItem","position":1,"name":"Portada","item":"https:\/\/modoviajeok.com.ar\/"},{"@type":"ListItem","position":2,"name":"Malague\u00f1o atesora el horno de cal m\u00e1s grande de Sudam\u00e9rica\u00a0"}]},{"@type":"WebSite","@id":"https:\/\/modoviajeok.com.ar\/#website","url":"https:\/\/modoviajeok.com.ar\/","name":"ModoViajeOK","description":"","publisher":{"@id":"https:\/\/modoviajeok.com.ar\/#organization"},"potentialAction":[{"@type":"SearchAction","target":{"@type":"EntryPoint","urlTemplate":"https:\/\/modoviajeok.com.ar\/?s={search_term_string}"},"query-input":{"@type":"PropertyValueSpecification","valueRequired":true,"valueName":"search_term_string"}}],"inLanguage":"es"},{"@type":"Organization","@id":"https:\/\/modoviajeok.com.ar\/#organization","name":"ModoViajeOK","url":"https:\/\/modoviajeok.com.ar\/","logo":{"@type":"ImageObject","inLanguage":"es","@id":"https:\/\/modoviajeok.com.ar\/#\/schema\/logo\/image\/","url":"https:\/\/modoviajeok.com.ar\/wp-content\/uploads\/2025\/01\/Logo-modoviajeok.png","contentUrl":"https:\/\/modoviajeok.com.ar\/wp-content\/uploads\/2025\/01\/Logo-modoviajeok.png","width":2938,"height":2276,"caption":"ModoViajeOK"},"image":{"@id":"https:\/\/modoviajeok.com.ar\/#\/schema\/logo\/image\/"},"sameAs":["https:\/\/www.facebook.com\/mariana.otero1\/","https:\/\/www.instagram.com\/modoviaje.ok\/"]},{"@type":"Person","@id":"https:\/\/modoviajeok.com.ar\/#\/schema\/person\/2e299ed0d3d412a01d244fe28260d7f5","name":"Pepe Segura","image":{"@type":"ImageObject","inLanguage":"es","@id":"https:\/\/modoviajeok.com.ar\/#\/schema\/person\/image\/","url":"https:\/\/secure.gravatar.com\/avatar\/65eb4b34deed761327f5b2c5535b987318ae807900ac46426de7258f5de6d345?s=96&d=mm&r=g","contentUrl":"https:\/\/secure.gravatar.com\/avatar\/65eb4b34deed761327f5b2c5535b987318ae807900ac46426de7258f5de6d345?s=96&d=mm&r=g","caption":"Pepe Segura"},"url":"https:\/\/modoviajeok.com.ar\/index.php\/author\/pepe2025\/"}]}},"_links":{"self":[{"href":"https:\/\/modoviajeok.com.ar\/index.php\/wp-json\/wp\/v2\/posts\/4883","targetHints":{"allow":["GET"]}}],"collection":[{"href":"https:\/\/modoviajeok.com.ar\/index.php\/wp-json\/wp\/v2\/posts"}],"about":[{"href":"https:\/\/modoviajeok.com.ar\/index.php\/wp-json\/wp\/v2\/types\/post"}],"author":[{"embeddable":true,"href":"https:\/\/modoviajeok.com.ar\/index.php\/wp-json\/wp\/v2\/users\/3"}],"replies":[{"embeddable":true,"href":"https:\/\/modoviajeok.com.ar\/index.php\/wp-json\/wp\/v2\/comments?post=4883"}],"version-history":[{"count":1,"href":"https:\/\/modoviajeok.com.ar\/index.php\/wp-json\/wp\/v2\/posts\/4883\/revisions"}],"predecessor-version":[{"id":4896,"href":"https:\/\/modoviajeok.com.ar\/index.php\/wp-json\/wp\/v2\/posts\/4883\/revisions\/4896"}],"wp:featuredmedia":[{"embeddable":true,"href":"https:\/\/modoviajeok.com.ar\/index.php\/wp-json\/wp\/v2\/media\/4895"}],"wp:attachment":[{"href":"https:\/\/modoviajeok.com.ar\/index.php\/wp-json\/wp\/v2\/media?parent=4883"}],"wp:term":[{"taxonomy":"category","embeddable":true,"href":"https:\/\/modoviajeok.com.ar\/index.php\/wp-json\/wp\/v2\/categories?post=4883"},{"taxonomy":"post_tag","embeddable":true,"href":"https:\/\/modoviajeok.com.ar\/index.php\/wp-json\/wp\/v2\/tags?post=4883"}],"curies":[{"name":"wp","href":"https:\/\/api.w.org\/{rel}","templated":true}]}}