{"id":4897,"date":"2025-09-03T09:00:22","date_gmt":"2025-09-03T12:00:22","guid":{"rendered":"https:\/\/modoviajeok.com.ar\/?p=4897"},"modified":"2025-07-25T11:10:52","modified_gmt":"2025-07-25T14:10:52","slug":"ferrari-eligio-la-patagonia-para-un-encuentro-con-sus-clientes-destacados","status":"publish","type":"post","link":"https:\/\/modoviajeok.com.ar\/index.php\/2025\/09\/03\/ferrari-eligio-la-patagonia-para-un-encuentro-con-sus-clientes-destacados\/","title":{"rendered":"Ferrari eligi\u00f3 la Patagonia para un encuentro con sus clientes destacados"},"content":{"rendered":"\n<figure class=\"wp-block-pullquote\"><blockquote><p>Ser\u00e1 del 16 al 24 de noviembre. El Secretario de Turismo, Daniel Scioli declar\u00f3 \u201cde inter\u00e9s tur\u00edstico\u201d el evento \u201cFerrari Cavalcade Adventure 2025\u201d, que recorrer\u00e1 Bariloche, El Calafate y Ushuaia.<\/p><\/blockquote><\/figure>\n\n\n\n<p><\/p>\n\n\n\n<p> <br>La empresa Ferrari anunci\u00f3 que eligi\u00f3 la Argentina como destino para la realizaci\u00f3n de \u201cFerrari Cavalcade Adventure 2025\u201d, un evento de la firma que reunir\u00e1 a sus clientes m\u00e1s destacados y abarcar\u00e1 varios destinos del sur del pa\u00eds.<br>Declarado \u201cde inter\u00e9s tur\u00edstico\u201d por el secretario de Turismo, Ambiente y Deportes de la Naci\u00f3n, Daniel Scioli y sin erogaci\u00f3n alguna por parte del Estado, el evento se desarrollar\u00e1 del 16 al 24 de noviembre, con 120 participantes.<br><br>A bordo de 60 veh\u00edculos de la marca, sus propietarios -coleccionistas, empresarios, personalidades influyentes a nivel global- recorrer\u00e1n Bariloche, El Calafate y Ushuaia. Es la primera vez que el evento tiene formato \u201cAdventure\u201d, es decir que transcurre como traves\u00eda en vez de concentrar todas las actividades en una ciudad.<\/p>\n\n\n\n<figure class=\"wp-block-image size-full\"><img loading=\"lazy\" decoding=\"async\" width=\"2560\" height=\"1311\" src=\"https:\/\/modoviajeok.com.ar\/wp-content\/uploads\/2025\/07\/Scioli-Autoridades-Ferrari-scaled.jpg\" alt=\"\" class=\"wp-image-4899\" srcset=\"https:\/\/modoviajeok.com.ar\/wp-content\/uploads\/2025\/07\/Scioli-Autoridades-Ferrari-scaled.jpg 2560w, https:\/\/modoviajeok.com.ar\/wp-content\/uploads\/2025\/07\/Scioli-Autoridades-Ferrari-768x393.jpg 768w, https:\/\/modoviajeok.com.ar\/wp-content\/uploads\/2025\/07\/Scioli-Autoridades-Ferrari-1536x787.jpg 1536w, https:\/\/modoviajeok.com.ar\/wp-content\/uploads\/2025\/07\/Scioli-Autoridades-Ferrari-2048x1049.jpg 2048w, https:\/\/modoviajeok.com.ar\/wp-content\/uploads\/2025\/07\/Scioli-Autoridades-Ferrari-820x420.jpg 820w, https:\/\/modoviajeok.com.ar\/wp-content\/uploads\/2025\/07\/Scioli-Autoridades-Ferrari-150x77.jpg 150w, https:\/\/modoviajeok.com.ar\/wp-content\/uploads\/2025\/07\/Scioli-Autoridades-Ferrari-300x154.jpg 300w, https:\/\/modoviajeok.com.ar\/wp-content\/uploads\/2025\/07\/Scioli-Autoridades-Ferrari-696x356.jpg 696w, https:\/\/modoviajeok.com.ar\/wp-content\/uploads\/2025\/07\/Scioli-Autoridades-Ferrari-1068x547.jpg 1068w, https:\/\/modoviajeok.com.ar\/wp-content\/uploads\/2025\/07\/Scioli-Autoridades-Ferrari-1920x983.jpg 1920w\" sizes=\"auto, (max-width: 2560px) 100vw, 2560px\" \/><\/figure>\n\n\n\n<p><br><br>El presidente de Canossa Events, a cargo de la organizaci\u00f3n para Ferrari, se reuni\u00f3 con Scioli, quien le entreg\u00f3 la resoluci\u00f3n con la declaratoria de inter\u00e9s tur\u00edstico de esta actividad para la que se han inscripto turistas de Estados Unidos, Jap\u00f3n, China, Alemania, Austria, Dinamarca, Australia, Emiratos \u00c1rabes Unidos, B\u00e9lgica, Espa\u00f1a e Italia, cada uno de los cuales se hace cargo de los gastos totales de la visita y el recorrido.<br><br>En la resoluci\u00f3n, Scioli destac\u00f3 que el evento \u201cposiciona a la Argentina como un destino atractivo para el turismo de lujo, fortaleciendo su visibilidad internacional y contribuyendo al desarrollo econ\u00f3mico local\u201d, y tambi\u00e9n generara \u201cun fuerte impacto en mercados de alto poder adquisitivo, con cobertura en las redes oficiales de Ferrari y en su prestigiosa revista internacional, adem\u00e1s de fomentar inversiones a partir de la participaci\u00f3n de referentes globales de los \u00e1mbito empresarial y tur\u00edstico\u201d.<br><br><br><br><\/p>\n\n\n\n<figure class=\"wp-block-pullquote\"><blockquote><p><\/p><\/blockquote><\/figure>\n","protected":false},"excerpt":{"rendered":"<p>Ser\u00e1 del 16 al 24 de noviembre. El Secretario de Turismo, Daniel Scioli declar\u00f3 \u201cde inter\u00e9s tur\u00edstico\u201d el evento \u201cFerrari Cavalcade Adventure 2025\u201d, que recorrer\u00e1 Bariloche, El Calafate y Ushuaia. La empresa Ferrari anunci\u00f3 que eligi\u00f3 la Argentina como destino para la realizaci\u00f3n de \u201cFerrari Cavalcade Adventure 2025\u201d, un evento de la firma que reunir\u00e1 [&hellip;]<\/p>\n","protected":false},"author":3,"featured_media":4898,"comment_status":"open","ping_status":"open","sticky":false,"template":"","format":"standard","meta":{"_acf_changed":false,"footnotes":""},"categories":[13,10],"tags":[522,1157,87,526],"class_list":{"0":"post-4897","1":"post","2":"type-post","3":"status-publish","4":"format-standard","5":"has-post-thumbnail","7":"category-argentina","8":"category-noticias","9":"tag-bariloche","10":"tag-calafate","11":"tag-patagonia","12":"tag-ushuaia"},"acf":[],"yoast_head":"<!-- This site is optimized with the Yoast SEO plugin v24.8.1 - https:\/\/yoast.com\/wordpress\/plugins\/seo\/ -->\n<title>Ferrari eligi\u00f3 la Patagonia para un encuentro con sus clientes destacados -<\/title>\n<meta name=\"robots\" content=\"index, follow, max-snippet:-1, max-image-preview:large, max-video-preview:-1\" \/>\n<link rel=\"canonical\" href=\"https:\/\/modoviajeok.com.ar\/index.php\/2025\/09\/03\/ferrari-eligio-la-patagonia-para-un-encuentro-con-sus-clientes-destacados\/\" \/>\n<meta property=\"og:locale\" content=\"es_ES\" \/>\n<meta property=\"og:type\" content=\"article\" \/>\n<meta property=\"og:title\" content=\"Ferrari eligi\u00f3 la Patagonia para un encuentro con sus clientes destacados -\" \/>\n<meta property=\"og:description\" content=\"Ser\u00e1 del 16 al 24 de noviembre. El Secretario de Turismo, Daniel Scioli declar\u00f3 \u201cde inter\u00e9s tur\u00edstico\u201d el evento \u201cFerrari Cavalcade Adventure 2025\u201d, que recorrer\u00e1 Bariloche, El Calafate y Ushuaia. La empresa Ferrari anunci\u00f3 que eligi\u00f3 la Argentina como destino para la realizaci\u00f3n de \u201cFerrari Cavalcade Adventure 2025\u201d, un evento de la firma que reunir\u00e1 [&hellip;]\" \/>\n<meta property=\"og:url\" content=\"https:\/\/modoviajeok.com.ar\/index.php\/2025\/09\/03\/ferrari-eligio-la-patagonia-para-un-encuentro-con-sus-clientes-destacados\/\" \/>\n<meta property=\"article:publisher\" content=\"https:\/\/www.facebook.com\/mariana.otero1\/\" \/>\n<meta property=\"article:published_time\" content=\"2025-09-03T12:00:22+00:00\" \/>\n<meta property=\"og:image\" content=\"https:\/\/modoviajeok.com.ar\/wp-content\/uploads\/2025\/07\/IMG_20180609_100841411_HDR-1-scaled.jpg\" \/>\n\t<meta property=\"og:image:width\" content=\"2560\" \/>\n\t<meta property=\"og:image:height\" content=\"2316\" \/>\n\t<meta property=\"og:image:type\" content=\"image\/jpeg\" \/>\n<meta name=\"author\" content=\"Pepe Segura\" \/>\n<meta name=\"twitter:card\" content=\"summary_large_image\" \/>\n<meta name=\"twitter:label1\" content=\"Escrito por\" \/>\n\t<meta name=\"twitter:data1\" content=\"Pepe Segura\" \/>\n\t<meta name=\"twitter:label2\" content=\"Tiempo de lectura\" \/>\n\t<meta name=\"twitter:data2\" content=\"2 minutos\" \/>\n<script type=\"application\/ld+json\" class=\"yoast-schema-graph\">{\"@context\":\"https:\/\/schema.org\",\"@graph\":[{\"@type\":\"Article\",\"@id\":\"https:\/\/modoviajeok.com.ar\/index.php\/2025\/09\/03\/ferrari-eligio-la-patagonia-para-un-encuentro-con-sus-clientes-destacados\/#article\",\"isPartOf\":{\"@id\":\"https:\/\/modoviajeok.com.ar\/index.php\/2025\/09\/03\/ferrari-eligio-la-patagonia-para-un-encuentro-con-sus-clientes-destacados\/\"},\"author\":{\"name\":\"Pepe Segura\",\"@id\":\"https:\/\/modoviajeok.com.ar\/#\/schema\/person\/2e299ed0d3d412a01d244fe28260d7f5\"},\"headline\":\"Ferrari eligi\u00f3 la Patagonia para un encuentro con sus clientes destacados\",\"datePublished\":\"2025-09-03T12:00:22+00:00\",\"mainEntityOfPage\":{\"@id\":\"https:\/\/modoviajeok.com.ar\/index.php\/2025\/09\/03\/ferrari-eligio-la-patagonia-para-un-encuentro-con-sus-clientes-destacados\/\"},\"wordCount\":329,\"commentCount\":0,\"publisher\":{\"@id\":\"https:\/\/modoviajeok.com.ar\/#organization\"},\"image\":{\"@id\":\"https:\/\/modoviajeok.com.ar\/index.php\/2025\/09\/03\/ferrari-eligio-la-patagonia-para-un-encuentro-con-sus-clientes-destacados\/#primaryimage\"},\"thumbnailUrl\":\"https:\/\/modoviajeok.com.ar\/wp-content\/uploads\/2025\/07\/IMG_20180609_100841411_HDR-1-scaled.jpg\",\"keywords\":[\"bariloche\",\"calafate\",\"patagonia\",\"ushuaia\"],\"articleSection\":[\"Argentina\",\"Noticias\"],\"inLanguage\":\"es\",\"potentialAction\":[{\"@type\":\"CommentAction\",\"name\":\"Comment\",\"target\":[\"https:\/\/modoviajeok.com.ar\/index.php\/2025\/09\/03\/ferrari-eligio-la-patagonia-para-un-encuentro-con-sus-clientes-destacados\/#respond\"]}]},{\"@type\":\"WebPage\",\"@id\":\"https:\/\/modoviajeok.com.ar\/index.php\/2025\/09\/03\/ferrari-eligio-la-patagonia-para-un-encuentro-con-sus-clientes-destacados\/\",\"url\":\"https:\/\/modoviajeok.com.ar\/index.php\/2025\/09\/03\/ferrari-eligio-la-patagonia-para-un-encuentro-con-sus-clientes-destacados\/\",\"name\":\"Ferrari eligi\u00f3 la Patagonia para un encuentro con sus clientes destacados -\",\"isPartOf\":{\"@id\":\"https:\/\/modoviajeok.com.ar\/#website\"},\"primaryImageOfPage\":{\"@id\":\"https:\/\/modoviajeok.com.ar\/index.php\/2025\/09\/03\/ferrari-eligio-la-patagonia-para-un-encuentro-con-sus-clientes-destacados\/#primaryimage\"},\"image\":{\"@id\":\"https:\/\/modoviajeok.com.ar\/index.php\/2025\/09\/03\/ferrari-eligio-la-patagonia-para-un-encuentro-con-sus-clientes-destacados\/#primaryimage\"},\"thumbnailUrl\":\"https:\/\/modoviajeok.com.ar\/wp-content\/uploads\/2025\/07\/IMG_20180609_100841411_HDR-1-scaled.jpg\",\"datePublished\":\"2025-09-03T12:00:22+00:00\",\"breadcrumb\":{\"@id\":\"https:\/\/modoviajeok.com.ar\/index.php\/2025\/09\/03\/ferrari-eligio-la-patagonia-para-un-encuentro-con-sus-clientes-destacados\/#breadcrumb\"},\"inLanguage\":\"es\",\"potentialAction\":[{\"@type\":\"ReadAction\",\"target\":[\"https:\/\/modoviajeok.com.ar\/index.php\/2025\/09\/03\/ferrari-eligio-la-patagonia-para-un-encuentro-con-sus-clientes-destacados\/\"]}]},{\"@type\":\"ImageObject\",\"inLanguage\":\"es\",\"@id\":\"https:\/\/modoviajeok.com.ar\/index.php\/2025\/09\/03\/ferrari-eligio-la-patagonia-para-un-encuentro-con-sus-clientes-destacados\/#primaryimage\",\"url\":\"https:\/\/modoviajeok.com.ar\/wp-content\/uploads\/2025\/07\/IMG_20180609_100841411_HDR-1-scaled.jpg\",\"contentUrl\":\"https:\/\/modoviajeok.com.ar\/wp-content\/uploads\/2025\/07\/IMG_20180609_100841411_HDR-1-scaled.jpg\",\"width\":2560,\"height\":2316},{\"@type\":\"BreadcrumbList\",\"@id\":\"https:\/\/modoviajeok.com.ar\/index.php\/2025\/09\/03\/ferrari-eligio-la-patagonia-para-un-encuentro-con-sus-clientes-destacados\/#breadcrumb\",\"itemListElement\":[{\"@type\":\"ListItem\",\"position\":1,\"name\":\"Portada\",\"item\":\"https:\/\/modoviajeok.com.ar\/\"},{\"@type\":\"ListItem\",\"position\":2,\"name\":\"Ferrari eligi\u00f3 la Patagonia para un encuentro con sus clientes destacados\"}]},{\"@type\":\"WebSite\",\"@id\":\"https:\/\/modoviajeok.com.ar\/#website\",\"url\":\"https:\/\/modoviajeok.com.ar\/\",\"name\":\"ModoViajeOK\",\"description\":\"\",\"publisher\":{\"@id\":\"https:\/\/modoviajeok.com.ar\/#organization\"},\"potentialAction\":[{\"@type\":\"SearchAction\",\"target\":{\"@type\":\"EntryPoint\",\"urlTemplate\":\"https:\/\/modoviajeok.com.ar\/?s={search_term_string}\"},\"query-input\":{\"@type\":\"PropertyValueSpecification\",\"valueRequired\":true,\"valueName\":\"search_term_string\"}}],\"inLanguage\":\"es\"},{\"@type\":\"Organization\",\"@id\":\"https:\/\/modoviajeok.com.ar\/#organization\",\"name\":\"ModoViajeOK\",\"url\":\"https:\/\/modoviajeok.com.ar\/\",\"logo\":{\"@type\":\"ImageObject\",\"inLanguage\":\"es\",\"@id\":\"https:\/\/modoviajeok.com.ar\/#\/schema\/logo\/image\/\",\"url\":\"https:\/\/modoviajeok.com.ar\/wp-content\/uploads\/2025\/01\/Logo-modoviajeok.png\",\"contentUrl\":\"https:\/\/modoviajeok.com.ar\/wp-content\/uploads\/2025\/01\/Logo-modoviajeok.png\",\"width\":2938,\"height\":2276,\"caption\":\"ModoViajeOK\"},\"image\":{\"@id\":\"https:\/\/modoviajeok.com.ar\/#\/schema\/logo\/image\/\"},\"sameAs\":[\"https:\/\/www.facebook.com\/mariana.otero1\/\",\"https:\/\/www.instagram.com\/modoviaje.ok\/\"]},{\"@type\":\"Person\",\"@id\":\"https:\/\/modoviajeok.com.ar\/#\/schema\/person\/2e299ed0d3d412a01d244fe28260d7f5\",\"name\":\"Pepe Segura\",\"image\":{\"@type\":\"ImageObject\",\"inLanguage\":\"es\",\"@id\":\"https:\/\/modoviajeok.com.ar\/#\/schema\/person\/image\/\",\"url\":\"https:\/\/secure.gravatar.com\/avatar\/65eb4b34deed761327f5b2c5535b987318ae807900ac46426de7258f5de6d345?s=96&d=mm&r=g\",\"contentUrl\":\"https:\/\/secure.gravatar.com\/avatar\/65eb4b34deed761327f5b2c5535b987318ae807900ac46426de7258f5de6d345?s=96&d=mm&r=g\",\"caption\":\"Pepe Segura\"},\"url\":\"https:\/\/modoviajeok.com.ar\/index.php\/author\/pepe2025\/\"}]}<\/script>\n<!-- \/ Yoast SEO plugin. -->","yoast_head_json":{"title":"Ferrari eligi\u00f3 la Patagonia para un encuentro con sus clientes destacados -","robots":{"index":"index","follow":"follow","max-snippet":"max-snippet:-1","max-image-preview":"max-image-preview:large","max-video-preview":"max-video-preview:-1"},"canonical":"https:\/\/modoviajeok.com.ar\/index.php\/2025\/09\/03\/ferrari-eligio-la-patagonia-para-un-encuentro-con-sus-clientes-destacados\/","og_locale":"es_ES","og_type":"article","og_title":"Ferrari eligi\u00f3 la Patagonia para un encuentro con sus clientes destacados -","og_description":"Ser\u00e1 del 16 al 24 de noviembre. El Secretario de Turismo, Daniel Scioli declar\u00f3 \u201cde inter\u00e9s tur\u00edstico\u201d el evento \u201cFerrari Cavalcade Adventure 2025\u201d, que recorrer\u00e1 Bariloche, El Calafate y Ushuaia. La empresa Ferrari anunci\u00f3 que eligi\u00f3 la Argentina como destino para la realizaci\u00f3n de \u201cFerrari Cavalcade Adventure 2025\u201d, un evento de la firma que reunir\u00e1 [&hellip;]","og_url":"https:\/\/modoviajeok.com.ar\/index.php\/2025\/09\/03\/ferrari-eligio-la-patagonia-para-un-encuentro-con-sus-clientes-destacados\/","article_publisher":"https:\/\/www.facebook.com\/mariana.otero1\/","article_published_time":"2025-09-03T12:00:22+00:00","og_image":[{"width":2560,"height":2316,"url":"https:\/\/modoviajeok.com.ar\/wp-content\/uploads\/2025\/07\/IMG_20180609_100841411_HDR-1-scaled.jpg","type":"image\/jpeg"}],"author":"Pepe Segura","twitter_card":"summary_large_image","twitter_misc":{"Escrito por":"Pepe Segura","Tiempo de lectura":"2 minutos"},"schema":{"@context":"https:\/\/schema.org","@graph":[{"@type":"Article","@id":"https:\/\/modoviajeok.com.ar\/index.php\/2025\/09\/03\/ferrari-eligio-la-patagonia-para-un-encuentro-con-sus-clientes-destacados\/#article","isPartOf":{"@id":"https:\/\/modoviajeok.com.ar\/index.php\/2025\/09\/03\/ferrari-eligio-la-patagonia-para-un-encuentro-con-sus-clientes-destacados\/"},"author":{"name":"Pepe Segura","@id":"https:\/\/modoviajeok.com.ar\/#\/schema\/person\/2e299ed0d3d412a01d244fe28260d7f5"},"headline":"Ferrari eligi\u00f3 la Patagonia para un encuentro con sus clientes destacados","datePublished":"2025-09-03T12:00:22+00:00","mainEntityOfPage":{"@id":"https:\/\/modoviajeok.com.ar\/index.php\/2025\/09\/03\/ferrari-eligio-la-patagonia-para-un-encuentro-con-sus-clientes-destacados\/"},"wordCount":329,"commentCount":0,"publisher":{"@id":"https:\/\/modoviajeok.com.ar\/#organization"},"image":{"@id":"https:\/\/modoviajeok.com.ar\/index.php\/2025\/09\/03\/ferrari-eligio-la-patagonia-para-un-encuentro-con-sus-clientes-destacados\/#primaryimage"},"thumbnailUrl":"https:\/\/modoviajeok.com.ar\/wp-content\/uploads\/2025\/07\/IMG_20180609_100841411_HDR-1-scaled.jpg","keywords":["bariloche","calafate","patagonia","ushuaia"],"articleSection":["Argentina","Noticias"],"inLanguage":"es","potentialAction":[{"@type":"CommentAction","name":"Comment","target":["https:\/\/modoviajeok.com.ar\/index.php\/2025\/09\/03\/ferrari-eligio-la-patagonia-para-un-encuentro-con-sus-clientes-destacados\/#respond"]}]},{"@type":"WebPage","@id":"https:\/\/modoviajeok.com.ar\/index.php\/2025\/09\/03\/ferrari-eligio-la-patagonia-para-un-encuentro-con-sus-clientes-destacados\/","url":"https:\/\/modoviajeok.com.ar\/index.php\/2025\/09\/03\/ferrari-eligio-la-patagonia-para-un-encuentro-con-sus-clientes-destacados\/","name":"Ferrari eligi\u00f3 la Patagonia para un encuentro con sus clientes destacados -","isPartOf":{"@id":"https:\/\/modoviajeok.com.ar\/#website"},"primaryImageOfPage":{"@id":"https:\/\/modoviajeok.com.ar\/index.php\/2025\/09\/03\/ferrari-eligio-la-patagonia-para-un-encuentro-con-sus-clientes-destacados\/#primaryimage"},"image":{"@id":"https:\/\/modoviajeok.com.ar\/index.php\/2025\/09\/03\/ferrari-eligio-la-patagonia-para-un-encuentro-con-sus-clientes-destacados\/#primaryimage"},"thumbnailUrl":"https:\/\/modoviajeok.com.ar\/wp-content\/uploads\/2025\/07\/IMG_20180609_100841411_HDR-1-scaled.jpg","datePublished":"2025-09-03T12:00:22+00:00","breadcrumb":{"@id":"https:\/\/modoviajeok.com.ar\/index.php\/2025\/09\/03\/ferrari-eligio-la-patagonia-para-un-encuentro-con-sus-clientes-destacados\/#breadcrumb"},"inLanguage":"es","potentialAction":[{"@type":"ReadAction","target":["https:\/\/modoviajeok.com.ar\/index.php\/2025\/09\/03\/ferrari-eligio-la-patagonia-para-un-encuentro-con-sus-clientes-destacados\/"]}]},{"@type":"ImageObject","inLanguage":"es","@id":"https:\/\/modoviajeok.com.ar\/index.php\/2025\/09\/03\/ferrari-eligio-la-patagonia-para-un-encuentro-con-sus-clientes-destacados\/#primaryimage","url":"https:\/\/modoviajeok.com.ar\/wp-content\/uploads\/2025\/07\/IMG_20180609_100841411_HDR-1-scaled.jpg","contentUrl":"https:\/\/modoviajeok.com.ar\/wp-content\/uploads\/2025\/07\/IMG_20180609_100841411_HDR-1-scaled.jpg","width":2560,"height":2316},{"@type":"BreadcrumbList","@id":"https:\/\/modoviajeok.com.ar\/index.php\/2025\/09\/03\/ferrari-eligio-la-patagonia-para-un-encuentro-con-sus-clientes-destacados\/#breadcrumb","itemListElement":[{"@type":"ListItem","position":1,"name":"Portada","item":"https:\/\/modoviajeok.com.ar\/"},{"@type":"ListItem","position":2,"name":"Ferrari eligi\u00f3 la Patagonia para un encuentro con sus clientes destacados"}]},{"@type":"WebSite","@id":"https:\/\/modoviajeok.com.ar\/#website","url":"https:\/\/modoviajeok.com.ar\/","name":"ModoViajeOK","description":"","publisher":{"@id":"https:\/\/modoviajeok.com.ar\/#organization"},"potentialAction":[{"@type":"SearchAction","target":{"@type":"EntryPoint","urlTemplate":"https:\/\/modoviajeok.com.ar\/?s={search_term_string}"},"query-input":{"@type":"PropertyValueSpecification","valueRequired":true,"valueName":"search_term_string"}}],"inLanguage":"es"},{"@type":"Organization","@id":"https:\/\/modoviajeok.com.ar\/#organization","name":"ModoViajeOK","url":"https:\/\/modoviajeok.com.ar\/","logo":{"@type":"ImageObject","inLanguage":"es","@id":"https:\/\/modoviajeok.com.ar\/#\/schema\/logo\/image\/","url":"https:\/\/modoviajeok.com.ar\/wp-content\/uploads\/2025\/01\/Logo-modoviajeok.png","contentUrl":"https:\/\/modoviajeok.com.ar\/wp-content\/uploads\/2025\/01\/Logo-modoviajeok.png","width":2938,"height":2276,"caption":"ModoViajeOK"},"image":{"@id":"https:\/\/modoviajeok.com.ar\/#\/schema\/logo\/image\/"},"sameAs":["https:\/\/www.facebook.com\/mariana.otero1\/","https:\/\/www.instagram.com\/modoviaje.ok\/"]},{"@type":"Person","@id":"https:\/\/modoviajeok.com.ar\/#\/schema\/person\/2e299ed0d3d412a01d244fe28260d7f5","name":"Pepe Segura","image":{"@type":"ImageObject","inLanguage":"es","@id":"https:\/\/modoviajeok.com.ar\/#\/schema\/person\/image\/","url":"https:\/\/secure.gravatar.com\/avatar\/65eb4b34deed761327f5b2c5535b987318ae807900ac46426de7258f5de6d345?s=96&d=mm&r=g","contentUrl":"https:\/\/secure.gravatar.com\/avatar\/65eb4b34deed761327f5b2c5535b987318ae807900ac46426de7258f5de6d345?s=96&d=mm&r=g","caption":"Pepe Segura"},"url":"https:\/\/modoviajeok.com.ar\/index.php\/author\/pepe2025\/"}]}},"_links":{"self":[{"href":"https:\/\/modoviajeok.com.ar\/index.php\/wp-json\/wp\/v2\/posts\/4897","targetHints":{"allow":["GET"]}}],"collection":[{"href":"https:\/\/modoviajeok.com.ar\/index.php\/wp-json\/wp\/v2\/posts"}],"about":[{"href":"https:\/\/modoviajeok.com.ar\/index.php\/wp-json\/wp\/v2\/types\/post"}],"author":[{"embeddable":true,"href":"https:\/\/modoviajeok.com.ar\/index.php\/wp-json\/wp\/v2\/users\/3"}],"replies":[{"embeddable":true,"href":"https:\/\/modoviajeok.com.ar\/index.php\/wp-json\/wp\/v2\/comments?post=4897"}],"version-history":[{"count":1,"href":"https:\/\/modoviajeok.com.ar\/index.php\/wp-json\/wp\/v2\/posts\/4897\/revisions"}],"predecessor-version":[{"id":4900,"href":"https:\/\/modoviajeok.com.ar\/index.php\/wp-json\/wp\/v2\/posts\/4897\/revisions\/4900"}],"wp:featuredmedia":[{"embeddable":true,"href":"https:\/\/modoviajeok.com.ar\/index.php\/wp-json\/wp\/v2\/media\/4898"}],"wp:attachment":[{"href":"https:\/\/modoviajeok.com.ar\/index.php\/wp-json\/wp\/v2\/media?parent=4897"}],"wp:term":[{"taxonomy":"category","embeddable":true,"href":"https:\/\/modoviajeok.com.ar\/index.php\/wp-json\/wp\/v2\/categories?post=4897"},{"taxonomy":"post_tag","embeddable":true,"href":"https:\/\/modoviajeok.com.ar\/index.php\/wp-json\/wp\/v2\/tags?post=4897"}],"curies":[{"name":"wp","href":"https:\/\/api.w.org\/{rel}","templated":true}]}}