{"id":4901,"date":"2025-07-28T09:00:33","date_gmt":"2025-07-28T12:00:33","guid":{"rendered":"https:\/\/modoviajeok.com.ar\/?p=4901"},"modified":"2025-07-28T12:19:02","modified_gmt":"2025-07-28T15:19:02","slug":"latam-anuncia-recife-buenos-aires-y-alcanza-10-rutas-entre-argentina-brasil","status":"publish","type":"post","link":"https:\/\/modoviajeok.com.ar\/index.php\/2025\/07\/28\/latam-anuncia-recife-buenos-aires-y-alcanza-10-rutas-entre-argentina-brasil\/","title":{"rendered":"LATAM suma nueva ruta: Recife-Buenos Aires"},"content":{"rendered":"\n<figure class=\"wp-block-pullquote\"><blockquote><p>La nueva operaci\u00f3n fortalece la conectividad del Nordeste de Brasil con Argentina. Ser\u00e1 un vuelo semanal con salida los s\u00e1bados y regreso los domingos. Ser\u00e1 inaugurada el 20 de diciembre.<\/p><\/blockquote><\/figure>\n\n\n\n<p><\/p>\n\n\n\n<p>LATAM acaba de anunciar una nueva ruta internacional entre Brasil y Argentina: Recife-Buenos Aires\/Ezeiza, que contar\u00e1 con 1 vuelo semanal los s\u00e1bados, con vuelo de regreso los domingos, y ser\u00e1 inaugurada el 20 de diciembre. La ruta se encuentra sujeta a aprobaci\u00f3n gubernamental.<\/p>\n\n\n\n<p>La nueva operaci\u00f3n se realizar\u00e1 con aeronaves Airbus A320, con capacidad para 174 pasajeros, incluyendo asientos en la cabina Premium Economy. La ruta ampl\u00eda la presencia de LATAM en el Nordeste y refuerza la conectividad a\u00e9rea de Brasil con Sudam\u00e9rica.<\/p>\n\n\n\n<p>\u201cEsta nueva ruta entre Argentina y Brasil permite que m\u00e1s turistas argentinos exploren las bellezas del Nordeste de Brasil, adem\u00e1s de representar una opci\u00f3n de viaje m\u00e1s para un destino tradicionalmente buscado por los brasile\u00f1os. Nuestro objetivo es facilitar el acceso y ofrecer m\u00e1s opciones de viaje, aumentando la conectividad en Sudam\u00e9rica de forma sostenible\u201d, afirma Florencia Scardaccione, Gerente Comercial de LATAM en Argentina.<\/p>\n\n\n\n<p>Con la nueva operaci\u00f3n, LATAM pasa a tener 10 rutas directas entre Brasil y Argentina, siendo una de las aerol\u00edneas con mayor oferta entre los dos pa\u00edses. Las otras 9 rutas son: Guarulhos\u2013Aeroparque, Guarulhos\u2013Ezeiza, Guarulhos\u2013Mendoza, Guarulhos\u2013Rosario (pr\u00f3ximamente), Guarulhos\u2013C\u00f3rdoba (pr\u00f3ximamente), Porto Alegre-Aeroparque (pr\u00f3ximamente), Florian\u00f3polis\u2013Ezeiza (pr\u00f3ximamente), Gale\u00e3o\u2013Ezeiza y Guarulhos\u2013Bariloche (estacional).<\/p>\n\n\n\n<p>Los pasajes a\u00e9reos estar\u00e1n disponibles en los pr\u00f3ximos d\u00edas en latam.com y dem\u00e1s canales de venta.<\/p>\n","protected":false},"excerpt":{"rendered":"<p>La nueva operaci\u00f3n fortalece la conectividad del Nordeste de Brasil con Argentina. Ser\u00e1 un vuelo semanal con salida los s\u00e1bados y regreso los domingos. Ser\u00e1 inaugurada el 20 de diciembre. LATAM acaba de anunciar una nueva ruta internacional entre Brasil y Argentina: Recife-Buenos Aires\/Ezeiza, que contar\u00e1 con 1 vuelo semanal los s\u00e1bados, con vuelo de [&hellip;]<\/p>\n","protected":false},"author":3,"featured_media":4902,"comment_status":"open","ping_status":"open","sticky":false,"template":"","format":"standard","meta":{"_acf_changed":false,"footnotes":""},"categories":[13,10],"tags":[73,137,471],"class_list":{"0":"post-4901","1":"post","2":"type-post","3":"status-publish","4":"format-standard","5":"has-post-thumbnail","7":"category-argentina","8":"category-noticias","9":"tag-brasil","10":"tag-latam","11":"tag-recife"},"acf":[],"yoast_head":"<!-- This site is optimized with the Yoast SEO plugin v24.8.1 - https:\/\/yoast.com\/wordpress\/plugins\/seo\/ -->\n<title>LATAM suma nueva ruta: Recife-Buenos Aires -<\/title>\n<meta name=\"description\" content=\"La nueva operaci\u00f3n fortalece la conectividad del Nordeste de Brasil con Argentina. Ser\u00e1 un vuelo semanal con salida los s\u00e1bados y regreso los domingos.\" \/>\n<meta name=\"robots\" content=\"index, follow, max-snippet:-1, max-image-preview:large, max-video-preview:-1\" \/>\n<link rel=\"canonical\" href=\"https:\/\/modoviajeok.com.ar\/index.php\/2025\/07\/28\/latam-anuncia-recife-buenos-aires-y-alcanza-10-rutas-entre-argentina-brasil\/\" \/>\n<meta property=\"og:locale\" content=\"es_ES\" \/>\n<meta property=\"og:type\" content=\"article\" \/>\n<meta property=\"og:title\" content=\"LATAM suma nueva ruta: Recife-Buenos Aires -\" \/>\n<meta property=\"og:description\" content=\"La nueva operaci\u00f3n fortalece la conectividad del Nordeste de Brasil con Argentina. Ser\u00e1 un vuelo semanal con salida los s\u00e1bados y regreso los domingos.\" \/>\n<meta property=\"og:url\" content=\"https:\/\/modoviajeok.com.ar\/index.php\/2025\/07\/28\/latam-anuncia-recife-buenos-aires-y-alcanza-10-rutas-entre-argentina-brasil\/\" \/>\n<meta property=\"article:publisher\" content=\"https:\/\/www.facebook.com\/mariana.otero1\/\" \/>\n<meta property=\"article:published_time\" content=\"2025-07-28T12:00:33+00:00\" \/>\n<meta property=\"article:modified_time\" content=\"2025-07-28T15:19:02+00:00\" \/>\n<meta property=\"og:image\" content=\"https:\/\/modoviajeok.com.ar\/wp-content\/uploads\/2025\/07\/foto-articulo-fichero_6927_20220721.jpg120010500.jpg\" \/>\n\t<meta property=\"og:image:width\" content=\"1200\" \/>\n\t<meta property=\"og:image:height\" content=\"900\" \/>\n\t<meta property=\"og:image:type\" content=\"image\/jpeg\" \/>\n<meta name=\"author\" content=\"Pepe Segura\" \/>\n<meta name=\"twitter:card\" content=\"summary_large_image\" \/>\n<meta name=\"twitter:label1\" content=\"Escrito por\" \/>\n\t<meta name=\"twitter:data1\" content=\"Pepe Segura\" \/>\n\t<meta name=\"twitter:label2\" content=\"Tiempo de lectura\" \/>\n\t<meta name=\"twitter:data2\" content=\"2 minutos\" \/>\n<script type=\"application\/ld+json\" class=\"yoast-schema-graph\">{\"@context\":\"https:\/\/schema.org\",\"@graph\":[{\"@type\":\"Article\",\"@id\":\"https:\/\/modoviajeok.com.ar\/index.php\/2025\/07\/28\/latam-anuncia-recife-buenos-aires-y-alcanza-10-rutas-entre-argentina-brasil\/#article\",\"isPartOf\":{\"@id\":\"https:\/\/modoviajeok.com.ar\/index.php\/2025\/07\/28\/latam-anuncia-recife-buenos-aires-y-alcanza-10-rutas-entre-argentina-brasil\/\"},\"author\":{\"name\":\"Pepe Segura\",\"@id\":\"https:\/\/modoviajeok.com.ar\/#\/schema\/person\/2e299ed0d3d412a01d244fe28260d7f5\"},\"headline\":\"LATAM suma nueva ruta: Recife-Buenos Aires\",\"datePublished\":\"2025-07-28T12:00:33+00:00\",\"dateModified\":\"2025-07-28T15:19:02+00:00\",\"mainEntityOfPage\":{\"@id\":\"https:\/\/modoviajeok.com.ar\/index.php\/2025\/07\/28\/latam-anuncia-recife-buenos-aires-y-alcanza-10-rutas-entre-argentina-brasil\/\"},\"wordCount\":281,\"commentCount\":0,\"publisher\":{\"@id\":\"https:\/\/modoviajeok.com.ar\/#organization\"},\"image\":{\"@id\":\"https:\/\/modoviajeok.com.ar\/index.php\/2025\/07\/28\/latam-anuncia-recife-buenos-aires-y-alcanza-10-rutas-entre-argentina-brasil\/#primaryimage\"},\"thumbnailUrl\":\"https:\/\/modoviajeok.com.ar\/wp-content\/uploads\/2025\/07\/foto-articulo-fichero_6927_20220721.jpg120010500.jpg\",\"keywords\":[\"brasil\",\"latam\",\"recife\"],\"articleSection\":[\"Argentina\",\"Noticias\"],\"inLanguage\":\"es\",\"potentialAction\":[{\"@type\":\"CommentAction\",\"name\":\"Comment\",\"target\":[\"https:\/\/modoviajeok.com.ar\/index.php\/2025\/07\/28\/latam-anuncia-recife-buenos-aires-y-alcanza-10-rutas-entre-argentina-brasil\/#respond\"]}]},{\"@type\":\"WebPage\",\"@id\":\"https:\/\/modoviajeok.com.ar\/index.php\/2025\/07\/28\/latam-anuncia-recife-buenos-aires-y-alcanza-10-rutas-entre-argentina-brasil\/\",\"url\":\"https:\/\/modoviajeok.com.ar\/index.php\/2025\/07\/28\/latam-anuncia-recife-buenos-aires-y-alcanza-10-rutas-entre-argentina-brasil\/\",\"name\":\"LATAM suma nueva ruta: Recife-Buenos Aires -\",\"isPartOf\":{\"@id\":\"https:\/\/modoviajeok.com.ar\/#website\"},\"primaryImageOfPage\":{\"@id\":\"https:\/\/modoviajeok.com.ar\/index.php\/2025\/07\/28\/latam-anuncia-recife-buenos-aires-y-alcanza-10-rutas-entre-argentina-brasil\/#primaryimage\"},\"image\":{\"@id\":\"https:\/\/modoviajeok.com.ar\/index.php\/2025\/07\/28\/latam-anuncia-recife-buenos-aires-y-alcanza-10-rutas-entre-argentina-brasil\/#primaryimage\"},\"thumbnailUrl\":\"https:\/\/modoviajeok.com.ar\/wp-content\/uploads\/2025\/07\/foto-articulo-fichero_6927_20220721.jpg120010500.jpg\",\"datePublished\":\"2025-07-28T12:00:33+00:00\",\"dateModified\":\"2025-07-28T15:19:02+00:00\",\"description\":\"La nueva operaci\u00f3n fortalece la conectividad del Nordeste de Brasil con Argentina. Ser\u00e1 un vuelo semanal con salida los s\u00e1bados y regreso los domingos.\",\"breadcrumb\":{\"@id\":\"https:\/\/modoviajeok.com.ar\/index.php\/2025\/07\/28\/latam-anuncia-recife-buenos-aires-y-alcanza-10-rutas-entre-argentina-brasil\/#breadcrumb\"},\"inLanguage\":\"es\",\"potentialAction\":[{\"@type\":\"ReadAction\",\"target\":[\"https:\/\/modoviajeok.com.ar\/index.php\/2025\/07\/28\/latam-anuncia-recife-buenos-aires-y-alcanza-10-rutas-entre-argentina-brasil\/\"]}]},{\"@type\":\"ImageObject\",\"inLanguage\":\"es\",\"@id\":\"https:\/\/modoviajeok.com.ar\/index.php\/2025\/07\/28\/latam-anuncia-recife-buenos-aires-y-alcanza-10-rutas-entre-argentina-brasil\/#primaryimage\",\"url\":\"https:\/\/modoviajeok.com.ar\/wp-content\/uploads\/2025\/07\/foto-articulo-fichero_6927_20220721.jpg120010500.jpg\",\"contentUrl\":\"https:\/\/modoviajeok.com.ar\/wp-content\/uploads\/2025\/07\/foto-articulo-fichero_6927_20220721.jpg120010500.jpg\",\"width\":1200,\"height\":900},{\"@type\":\"BreadcrumbList\",\"@id\":\"https:\/\/modoviajeok.com.ar\/index.php\/2025\/07\/28\/latam-anuncia-recife-buenos-aires-y-alcanza-10-rutas-entre-argentina-brasil\/#breadcrumb\",\"itemListElement\":[{\"@type\":\"ListItem\",\"position\":1,\"name\":\"Portada\",\"item\":\"https:\/\/modoviajeok.com.ar\/\"},{\"@type\":\"ListItem\",\"position\":2,\"name\":\"LATAM suma nueva ruta: Recife-Buenos Aires\"}]},{\"@type\":\"WebSite\",\"@id\":\"https:\/\/modoviajeok.com.ar\/#website\",\"url\":\"https:\/\/modoviajeok.com.ar\/\",\"name\":\"ModoViajeOK\",\"description\":\"\",\"publisher\":{\"@id\":\"https:\/\/modoviajeok.com.ar\/#organization\"},\"potentialAction\":[{\"@type\":\"SearchAction\",\"target\":{\"@type\":\"EntryPoint\",\"urlTemplate\":\"https:\/\/modoviajeok.com.ar\/?s={search_term_string}\"},\"query-input\":{\"@type\":\"PropertyValueSpecification\",\"valueRequired\":true,\"valueName\":\"search_term_string\"}}],\"inLanguage\":\"es\"},{\"@type\":\"Organization\",\"@id\":\"https:\/\/modoviajeok.com.ar\/#organization\",\"name\":\"ModoViajeOK\",\"url\":\"https:\/\/modoviajeok.com.ar\/\",\"logo\":{\"@type\":\"ImageObject\",\"inLanguage\":\"es\",\"@id\":\"https:\/\/modoviajeok.com.ar\/#\/schema\/logo\/image\/\",\"url\":\"https:\/\/modoviajeok.com.ar\/wp-content\/uploads\/2025\/01\/Logo-modoviajeok.png\",\"contentUrl\":\"https:\/\/modoviajeok.com.ar\/wp-content\/uploads\/2025\/01\/Logo-modoviajeok.png\",\"width\":2938,\"height\":2276,\"caption\":\"ModoViajeOK\"},\"image\":{\"@id\":\"https:\/\/modoviajeok.com.ar\/#\/schema\/logo\/image\/\"},\"sameAs\":[\"https:\/\/www.facebook.com\/mariana.otero1\/\",\"https:\/\/www.instagram.com\/modoviaje.ok\/\"]},{\"@type\":\"Person\",\"@id\":\"https:\/\/modoviajeok.com.ar\/#\/schema\/person\/2e299ed0d3d412a01d244fe28260d7f5\",\"name\":\"Pepe Segura\",\"image\":{\"@type\":\"ImageObject\",\"inLanguage\":\"es\",\"@id\":\"https:\/\/modoviajeok.com.ar\/#\/schema\/person\/image\/\",\"url\":\"https:\/\/secure.gravatar.com\/avatar\/65eb4b34deed761327f5b2c5535b987318ae807900ac46426de7258f5de6d345?s=96&d=mm&r=g\",\"contentUrl\":\"https:\/\/secure.gravatar.com\/avatar\/65eb4b34deed761327f5b2c5535b987318ae807900ac46426de7258f5de6d345?s=96&d=mm&r=g\",\"caption\":\"Pepe Segura\"},\"url\":\"https:\/\/modoviajeok.com.ar\/index.php\/author\/pepe2025\/\"}]}<\/script>\n<!-- \/ Yoast SEO plugin. -->","yoast_head_json":{"title":"LATAM suma nueva ruta: Recife-Buenos Aires -","description":"La nueva operaci\u00f3n fortalece la conectividad del Nordeste de Brasil con Argentina. Ser\u00e1 un vuelo semanal con salida los s\u00e1bados y regreso los domingos.","robots":{"index":"index","follow":"follow","max-snippet":"max-snippet:-1","max-image-preview":"max-image-preview:large","max-video-preview":"max-video-preview:-1"},"canonical":"https:\/\/modoviajeok.com.ar\/index.php\/2025\/07\/28\/latam-anuncia-recife-buenos-aires-y-alcanza-10-rutas-entre-argentina-brasil\/","og_locale":"es_ES","og_type":"article","og_title":"LATAM suma nueva ruta: Recife-Buenos Aires -","og_description":"La nueva operaci\u00f3n fortalece la conectividad del Nordeste de Brasil con Argentina. Ser\u00e1 un vuelo semanal con salida los s\u00e1bados y regreso los domingos.","og_url":"https:\/\/modoviajeok.com.ar\/index.php\/2025\/07\/28\/latam-anuncia-recife-buenos-aires-y-alcanza-10-rutas-entre-argentina-brasil\/","article_publisher":"https:\/\/www.facebook.com\/mariana.otero1\/","article_published_time":"2025-07-28T12:00:33+00:00","article_modified_time":"2025-07-28T15:19:02+00:00","og_image":[{"width":1200,"height":900,"url":"https:\/\/modoviajeok.com.ar\/wp-content\/uploads\/2025\/07\/foto-articulo-fichero_6927_20220721.jpg120010500.jpg","type":"image\/jpeg"}],"author":"Pepe Segura","twitter_card":"summary_large_image","twitter_misc":{"Escrito por":"Pepe Segura","Tiempo de lectura":"2 minutos"},"schema":{"@context":"https:\/\/schema.org","@graph":[{"@type":"Article","@id":"https:\/\/modoviajeok.com.ar\/index.php\/2025\/07\/28\/latam-anuncia-recife-buenos-aires-y-alcanza-10-rutas-entre-argentina-brasil\/#article","isPartOf":{"@id":"https:\/\/modoviajeok.com.ar\/index.php\/2025\/07\/28\/latam-anuncia-recife-buenos-aires-y-alcanza-10-rutas-entre-argentina-brasil\/"},"author":{"name":"Pepe Segura","@id":"https:\/\/modoviajeok.com.ar\/#\/schema\/person\/2e299ed0d3d412a01d244fe28260d7f5"},"headline":"LATAM suma nueva ruta: Recife-Buenos Aires","datePublished":"2025-07-28T12:00:33+00:00","dateModified":"2025-07-28T15:19:02+00:00","mainEntityOfPage":{"@id":"https:\/\/modoviajeok.com.ar\/index.php\/2025\/07\/28\/latam-anuncia-recife-buenos-aires-y-alcanza-10-rutas-entre-argentina-brasil\/"},"wordCount":281,"commentCount":0,"publisher":{"@id":"https:\/\/modoviajeok.com.ar\/#organization"},"image":{"@id":"https:\/\/modoviajeok.com.ar\/index.php\/2025\/07\/28\/latam-anuncia-recife-buenos-aires-y-alcanza-10-rutas-entre-argentina-brasil\/#primaryimage"},"thumbnailUrl":"https:\/\/modoviajeok.com.ar\/wp-content\/uploads\/2025\/07\/foto-articulo-fichero_6927_20220721.jpg120010500.jpg","keywords":["brasil","latam","recife"],"articleSection":["Argentina","Noticias"],"inLanguage":"es","potentialAction":[{"@type":"CommentAction","name":"Comment","target":["https:\/\/modoviajeok.com.ar\/index.php\/2025\/07\/28\/latam-anuncia-recife-buenos-aires-y-alcanza-10-rutas-entre-argentina-brasil\/#respond"]}]},{"@type":"WebPage","@id":"https:\/\/modoviajeok.com.ar\/index.php\/2025\/07\/28\/latam-anuncia-recife-buenos-aires-y-alcanza-10-rutas-entre-argentina-brasil\/","url":"https:\/\/modoviajeok.com.ar\/index.php\/2025\/07\/28\/latam-anuncia-recife-buenos-aires-y-alcanza-10-rutas-entre-argentina-brasil\/","name":"LATAM suma nueva ruta: Recife-Buenos Aires -","isPartOf":{"@id":"https:\/\/modoviajeok.com.ar\/#website"},"primaryImageOfPage":{"@id":"https:\/\/modoviajeok.com.ar\/index.php\/2025\/07\/28\/latam-anuncia-recife-buenos-aires-y-alcanza-10-rutas-entre-argentina-brasil\/#primaryimage"},"image":{"@id":"https:\/\/modoviajeok.com.ar\/index.php\/2025\/07\/28\/latam-anuncia-recife-buenos-aires-y-alcanza-10-rutas-entre-argentina-brasil\/#primaryimage"},"thumbnailUrl":"https:\/\/modoviajeok.com.ar\/wp-content\/uploads\/2025\/07\/foto-articulo-fichero_6927_20220721.jpg120010500.jpg","datePublished":"2025-07-28T12:00:33+00:00","dateModified":"2025-07-28T15:19:02+00:00","description":"La nueva operaci\u00f3n fortalece la conectividad del Nordeste de Brasil con Argentina. Ser\u00e1 un vuelo semanal con salida los s\u00e1bados y regreso los domingos.","breadcrumb":{"@id":"https:\/\/modoviajeok.com.ar\/index.php\/2025\/07\/28\/latam-anuncia-recife-buenos-aires-y-alcanza-10-rutas-entre-argentina-brasil\/#breadcrumb"},"inLanguage":"es","potentialAction":[{"@type":"ReadAction","target":["https:\/\/modoviajeok.com.ar\/index.php\/2025\/07\/28\/latam-anuncia-recife-buenos-aires-y-alcanza-10-rutas-entre-argentina-brasil\/"]}]},{"@type":"ImageObject","inLanguage":"es","@id":"https:\/\/modoviajeok.com.ar\/index.php\/2025\/07\/28\/latam-anuncia-recife-buenos-aires-y-alcanza-10-rutas-entre-argentina-brasil\/#primaryimage","url":"https:\/\/modoviajeok.com.ar\/wp-content\/uploads\/2025\/07\/foto-articulo-fichero_6927_20220721.jpg120010500.jpg","contentUrl":"https:\/\/modoviajeok.com.ar\/wp-content\/uploads\/2025\/07\/foto-articulo-fichero_6927_20220721.jpg120010500.jpg","width":1200,"height":900},{"@type":"BreadcrumbList","@id":"https:\/\/modoviajeok.com.ar\/index.php\/2025\/07\/28\/latam-anuncia-recife-buenos-aires-y-alcanza-10-rutas-entre-argentina-brasil\/#breadcrumb","itemListElement":[{"@type":"ListItem","position":1,"name":"Portada","item":"https:\/\/modoviajeok.com.ar\/"},{"@type":"ListItem","position":2,"name":"LATAM suma nueva ruta: Recife-Buenos Aires"}]},{"@type":"WebSite","@id":"https:\/\/modoviajeok.com.ar\/#website","url":"https:\/\/modoviajeok.com.ar\/","name":"ModoViajeOK","description":"","publisher":{"@id":"https:\/\/modoviajeok.com.ar\/#organization"},"potentialAction":[{"@type":"SearchAction","target":{"@type":"EntryPoint","urlTemplate":"https:\/\/modoviajeok.com.ar\/?s={search_term_string}"},"query-input":{"@type":"PropertyValueSpecification","valueRequired":true,"valueName":"search_term_string"}}],"inLanguage":"es"},{"@type":"Organization","@id":"https:\/\/modoviajeok.com.ar\/#organization","name":"ModoViajeOK","url":"https:\/\/modoviajeok.com.ar\/","logo":{"@type":"ImageObject","inLanguage":"es","@id":"https:\/\/modoviajeok.com.ar\/#\/schema\/logo\/image\/","url":"https:\/\/modoviajeok.com.ar\/wp-content\/uploads\/2025\/01\/Logo-modoviajeok.png","contentUrl":"https:\/\/modoviajeok.com.ar\/wp-content\/uploads\/2025\/01\/Logo-modoviajeok.png","width":2938,"height":2276,"caption":"ModoViajeOK"},"image":{"@id":"https:\/\/modoviajeok.com.ar\/#\/schema\/logo\/image\/"},"sameAs":["https:\/\/www.facebook.com\/mariana.otero1\/","https:\/\/www.instagram.com\/modoviaje.ok\/"]},{"@type":"Person","@id":"https:\/\/modoviajeok.com.ar\/#\/schema\/person\/2e299ed0d3d412a01d244fe28260d7f5","name":"Pepe Segura","image":{"@type":"ImageObject","inLanguage":"es","@id":"https:\/\/modoviajeok.com.ar\/#\/schema\/person\/image\/","url":"https:\/\/secure.gravatar.com\/avatar\/65eb4b34deed761327f5b2c5535b987318ae807900ac46426de7258f5de6d345?s=96&d=mm&r=g","contentUrl":"https:\/\/secure.gravatar.com\/avatar\/65eb4b34deed761327f5b2c5535b987318ae807900ac46426de7258f5de6d345?s=96&d=mm&r=g","caption":"Pepe Segura"},"url":"https:\/\/modoviajeok.com.ar\/index.php\/author\/pepe2025\/"}]}},"_links":{"self":[{"href":"https:\/\/modoviajeok.com.ar\/index.php\/wp-json\/wp\/v2\/posts\/4901","targetHints":{"allow":["GET"]}}],"collection":[{"href":"https:\/\/modoviajeok.com.ar\/index.php\/wp-json\/wp\/v2\/posts"}],"about":[{"href":"https:\/\/modoviajeok.com.ar\/index.php\/wp-json\/wp\/v2\/types\/post"}],"author":[{"embeddable":true,"href":"https:\/\/modoviajeok.com.ar\/index.php\/wp-json\/wp\/v2\/users\/3"}],"replies":[{"embeddable":true,"href":"https:\/\/modoviajeok.com.ar\/index.php\/wp-json\/wp\/v2\/comments?post=4901"}],"version-history":[{"count":2,"href":"https:\/\/modoviajeok.com.ar\/index.php\/wp-json\/wp\/v2\/posts\/4901\/revisions"}],"predecessor-version":[{"id":4917,"href":"https:\/\/modoviajeok.com.ar\/index.php\/wp-json\/wp\/v2\/posts\/4901\/revisions\/4917"}],"wp:featuredmedia":[{"embeddable":true,"href":"https:\/\/modoviajeok.com.ar\/index.php\/wp-json\/wp\/v2\/media\/4902"}],"wp:attachment":[{"href":"https:\/\/modoviajeok.com.ar\/index.php\/wp-json\/wp\/v2\/media?parent=4901"}],"wp:term":[{"taxonomy":"category","embeddable":true,"href":"https:\/\/modoviajeok.com.ar\/index.php\/wp-json\/wp\/v2\/categories?post=4901"},{"taxonomy":"post_tag","embeddable":true,"href":"https:\/\/modoviajeok.com.ar\/index.php\/wp-json\/wp\/v2\/tags?post=4901"}],"curies":[{"name":"wp","href":"https:\/\/api.w.org\/{rel}","templated":true}]}}