{"id":4918,"date":"2025-08-03T10:14:22","date_gmt":"2025-08-03T13:14:22","guid":{"rendered":"https:\/\/modoviajeok.com.ar\/?p=4918"},"modified":"2025-08-03T10:38:01","modified_gmt":"2025-08-03T13:38:01","slug":"troya-un-viaje-hacia-la-illiada-y-la-odisea","status":"publish","type":"post","link":"https:\/\/modoviajeok.com.ar\/index.php\/2025\/08\/03\/troya-un-viaje-hacia-la-illiada-y-la-odisea\/","title":{"rendered":"Troya, un viaje hacia La Ill\u00edada y La Odisea"},"content":{"rendered":"\n<h2 class=\"wp-block-heading\">En Turqu\u00eda se encuentra la ciudad m\u00edtica relatada por el poeta griego Homero.<\/h2>\n\n\n\n<p>La historia de Troya me ha resultado fascinante desde mi \u00e9poca de estudiante de Letras Modernas, cuando descubr\u00ed a Homero en la c\u00e1tedra de Literatura Cl\u00e1sica. M\u00e1s tarde supe que durante mucho tiempo se crey\u00f3 que Troya era una ciudad imaginaria inventada por el poeta griego, autor de obras \u00e9picas como La Il\u00edada y La Odisea.&nbsp;<\/p>\n\n\n\n<figure class=\"wp-block-image size-full\"><img loading=\"lazy\" decoding=\"async\" width=\"1440\" height=\"1080\" src=\"https:\/\/modoviajeok.com.ar\/wp-content\/uploads\/2025\/07\/WhatsApp-Image-2025-07-28-at-12.52.40-1.jpeg\" alt=\"\" class=\"wp-image-4919\" srcset=\"https:\/\/modoviajeok.com.ar\/wp-content\/uploads\/2025\/07\/WhatsApp-Image-2025-07-28-at-12.52.40-1.jpeg 1440w, https:\/\/modoviajeok.com.ar\/wp-content\/uploads\/2025\/07\/WhatsApp-Image-2025-07-28-at-12.52.40-1-768x576.jpeg 768w, https:\/\/modoviajeok.com.ar\/wp-content\/uploads\/2025\/07\/WhatsApp-Image-2025-07-28-at-12.52.40-1-560x420.jpeg 560w, https:\/\/modoviajeok.com.ar\/wp-content\/uploads\/2025\/07\/WhatsApp-Image-2025-07-28-at-12.52.40-1-80x60.jpeg 80w, https:\/\/modoviajeok.com.ar\/wp-content\/uploads\/2025\/07\/WhatsApp-Image-2025-07-28-at-12.52.40-1-150x113.jpeg 150w, https:\/\/modoviajeok.com.ar\/wp-content\/uploads\/2025\/07\/WhatsApp-Image-2025-07-28-at-12.52.40-1-300x225.jpeg 300w, https:\/\/modoviajeok.com.ar\/wp-content\/uploads\/2025\/07\/WhatsApp-Image-2025-07-28-at-12.52.40-1-696x522.jpeg 696w, https:\/\/modoviajeok.com.ar\/wp-content\/uploads\/2025\/07\/WhatsApp-Image-2025-07-28-at-12.52.40-1-1068x801.jpeg 1068w, https:\/\/modoviajeok.com.ar\/wp-content\/uploads\/2025\/07\/WhatsApp-Image-2025-07-28-at-12.52.40-1-265x198.jpeg 265w\" sizes=\"auto, (max-width: 1440px) 100vw, 1440px\" \/><\/figure>\n\n\n\n<p>Fue buscada por siglos hasta que un millonario alem\u00e1n la encontr\u00f3 a finales del siglo XIX.<\/p>\n\n\n\n<p>Llegamos hasta Troya para imaginar los sucesos de la guerra y el viaje de regreso de Ulises (uno de los h\u00e9roes legendarios de la mitolog\u00eda griega) a su hogar.&nbsp;<\/p>\n\n\n\n<figure class=\"wp-block-image size-full\"><img loading=\"lazy\" decoding=\"async\" width=\"1440\" height=\"1080\" src=\"https:\/\/modoviajeok.com.ar\/wp-content\/uploads\/2025\/07\/WhatsApp-Image-2025-07-28-at-12.54.48-1.jpeg\" alt=\"\" class=\"wp-image-4925\" srcset=\"https:\/\/modoviajeok.com.ar\/wp-content\/uploads\/2025\/07\/WhatsApp-Image-2025-07-28-at-12.54.48-1.jpeg 1440w, https:\/\/modoviajeok.com.ar\/wp-content\/uploads\/2025\/07\/WhatsApp-Image-2025-07-28-at-12.54.48-1-768x576.jpeg 768w, https:\/\/modoviajeok.com.ar\/wp-content\/uploads\/2025\/07\/WhatsApp-Image-2025-07-28-at-12.54.48-1-560x420.jpeg 560w, https:\/\/modoviajeok.com.ar\/wp-content\/uploads\/2025\/07\/WhatsApp-Image-2025-07-28-at-12.54.48-1-80x60.jpeg 80w, https:\/\/modoviajeok.com.ar\/wp-content\/uploads\/2025\/07\/WhatsApp-Image-2025-07-28-at-12.54.48-1-150x113.jpeg 150w, https:\/\/modoviajeok.com.ar\/wp-content\/uploads\/2025\/07\/WhatsApp-Image-2025-07-28-at-12.54.48-1-300x225.jpeg 300w, https:\/\/modoviajeok.com.ar\/wp-content\/uploads\/2025\/07\/WhatsApp-Image-2025-07-28-at-12.54.48-1-696x522.jpeg 696w, https:\/\/modoviajeok.com.ar\/wp-content\/uploads\/2025\/07\/WhatsApp-Image-2025-07-28-at-12.54.48-1-1068x801.jpeg 1068w, https:\/\/modoviajeok.com.ar\/wp-content\/uploads\/2025\/07\/WhatsApp-Image-2025-07-28-at-12.54.48-1-265x198.jpeg 265w\" sizes=\"auto, (max-width: 1440px) 100vw, 1440px\" \/><\/figure>\n\n\n\n<p>Sabemos que los lugares guardan la memoria del pasado y&nbsp; los sucesos acontecidos en alg\u00fan lugar se perciben a\u00fan pasado los a\u00f1os.<\/p>\n\n\n\n<figure class=\"wp-block-image size-full\"><img loading=\"lazy\" decoding=\"async\" width=\"1440\" height=\"1080\" src=\"https:\/\/modoviajeok.com.ar\/wp-content\/uploads\/2025\/07\/WhatsApp-Image-2025-07-28-at-12.55.48-1.jpeg\" alt=\"\" class=\"wp-image-4933\" srcset=\"https:\/\/modoviajeok.com.ar\/wp-content\/uploads\/2025\/07\/WhatsApp-Image-2025-07-28-at-12.55.48-1.jpeg 1440w, https:\/\/modoviajeok.com.ar\/wp-content\/uploads\/2025\/07\/WhatsApp-Image-2025-07-28-at-12.55.48-1-768x576.jpeg 768w, https:\/\/modoviajeok.com.ar\/wp-content\/uploads\/2025\/07\/WhatsApp-Image-2025-07-28-at-12.55.48-1-560x420.jpeg 560w, https:\/\/modoviajeok.com.ar\/wp-content\/uploads\/2025\/07\/WhatsApp-Image-2025-07-28-at-12.55.48-1-80x60.jpeg 80w, https:\/\/modoviajeok.com.ar\/wp-content\/uploads\/2025\/07\/WhatsApp-Image-2025-07-28-at-12.55.48-1-150x113.jpeg 150w, https:\/\/modoviajeok.com.ar\/wp-content\/uploads\/2025\/07\/WhatsApp-Image-2025-07-28-at-12.55.48-1-300x225.jpeg 300w, https:\/\/modoviajeok.com.ar\/wp-content\/uploads\/2025\/07\/WhatsApp-Image-2025-07-28-at-12.55.48-1-696x522.jpeg 696w, https:\/\/modoviajeok.com.ar\/wp-content\/uploads\/2025\/07\/WhatsApp-Image-2025-07-28-at-12.55.48-1-1068x801.jpeg 1068w, https:\/\/modoviajeok.com.ar\/wp-content\/uploads\/2025\/07\/WhatsApp-Image-2025-07-28-at-12.55.48-1-265x198.jpeg 265w\" sizes=\"auto, (max-width: 1440px) 100vw, 1440px\" \/><\/figure>\n\n\n\n<p>&nbsp;<strong>C\u00f3mo llegamos<\/strong><\/p>\n\n\n\n<p>La visita a Troya estaba inclu\u00edda en el tour que contratamos a GrandVoyage para recorrer parte de la alucinante Turqu\u00eda.&nbsp;<\/p>\n\n\n\n<figure class=\"wp-block-image size-full\"><img loading=\"lazy\" decoding=\"async\" width=\"1440\" height=\"1080\" src=\"https:\/\/modoviajeok.com.ar\/wp-content\/uploads\/2025\/07\/WhatsApp-Image-2025-07-28-at-12.54.49.jpeg\" alt=\"\" class=\"wp-image-4932\" srcset=\"https:\/\/modoviajeok.com.ar\/wp-content\/uploads\/2025\/07\/WhatsApp-Image-2025-07-28-at-12.54.49.jpeg 1440w, https:\/\/modoviajeok.com.ar\/wp-content\/uploads\/2025\/07\/WhatsApp-Image-2025-07-28-at-12.54.49-768x576.jpeg 768w, https:\/\/modoviajeok.com.ar\/wp-content\/uploads\/2025\/07\/WhatsApp-Image-2025-07-28-at-12.54.49-560x420.jpeg 560w, https:\/\/modoviajeok.com.ar\/wp-content\/uploads\/2025\/07\/WhatsApp-Image-2025-07-28-at-12.54.49-80x60.jpeg 80w, https:\/\/modoviajeok.com.ar\/wp-content\/uploads\/2025\/07\/WhatsApp-Image-2025-07-28-at-12.54.49-150x113.jpeg 150w, https:\/\/modoviajeok.com.ar\/wp-content\/uploads\/2025\/07\/WhatsApp-Image-2025-07-28-at-12.54.49-300x225.jpeg 300w, https:\/\/modoviajeok.com.ar\/wp-content\/uploads\/2025\/07\/WhatsApp-Image-2025-07-28-at-12.54.49-696x522.jpeg 696w, https:\/\/modoviajeok.com.ar\/wp-content\/uploads\/2025\/07\/WhatsApp-Image-2025-07-28-at-12.54.49-1068x801.jpeg 1068w, https:\/\/modoviajeok.com.ar\/wp-content\/uploads\/2025\/07\/WhatsApp-Image-2025-07-28-at-12.54.49-265x198.jpeg 265w\" sizes=\"auto, (max-width: 1440px) 100vw, 1440px\" \/><\/figure>\n\n\n\n<p>La noche previa a la visita&nbsp; dormimos en Canakkale, una ciudad frente al mar, con un bonito paseo mar\u00edtimo donde se encuentra una r\u00e9plica del caballo de Troya&nbsp; que se utiliz\u00f3 en el rodaje de la pel\u00edcula Troya (2004), protagonizada por Brad Pitt.&nbsp;<\/p>\n\n\n\n<figure class=\"wp-block-image size-full\"><img loading=\"lazy\" decoding=\"async\" width=\"1600\" height=\"1200\" src=\"https:\/\/modoviajeok.com.ar\/wp-content\/uploads\/2025\/07\/WhatsApp-Image-2025-07-28-at-12.57.31.jpeg\" alt=\"\" class=\"wp-image-4921\" srcset=\"https:\/\/modoviajeok.com.ar\/wp-content\/uploads\/2025\/07\/WhatsApp-Image-2025-07-28-at-12.57.31.jpeg 1600w, https:\/\/modoviajeok.com.ar\/wp-content\/uploads\/2025\/07\/WhatsApp-Image-2025-07-28-at-12.57.31-768x576.jpeg 768w, https:\/\/modoviajeok.com.ar\/wp-content\/uploads\/2025\/07\/WhatsApp-Image-2025-07-28-at-12.57.31-1536x1152.jpeg 1536w, https:\/\/modoviajeok.com.ar\/wp-content\/uploads\/2025\/07\/WhatsApp-Image-2025-07-28-at-12.57.31-560x420.jpeg 560w, https:\/\/modoviajeok.com.ar\/wp-content\/uploads\/2025\/07\/WhatsApp-Image-2025-07-28-at-12.57.31-80x60.jpeg 80w, https:\/\/modoviajeok.com.ar\/wp-content\/uploads\/2025\/07\/WhatsApp-Image-2025-07-28-at-12.57.31-150x113.jpeg 150w, https:\/\/modoviajeok.com.ar\/wp-content\/uploads\/2025\/07\/WhatsApp-Image-2025-07-28-at-12.57.31-300x225.jpeg 300w, https:\/\/modoviajeok.com.ar\/wp-content\/uploads\/2025\/07\/WhatsApp-Image-2025-07-28-at-12.57.31-696x522.jpeg 696w, https:\/\/modoviajeok.com.ar\/wp-content\/uploads\/2025\/07\/WhatsApp-Image-2025-07-28-at-12.57.31-1068x801.jpeg 1068w, https:\/\/modoviajeok.com.ar\/wp-content\/uploads\/2025\/07\/WhatsApp-Image-2025-07-28-at-12.57.31-265x198.jpeg 265w\" sizes=\"auto, (max-width: 1600px) 100vw, 1600px\" \/><\/figure>\n\n\n\n<p>La historia del caballo de Troya es uno de los mitos m\u00e1s conocidos de la mitolog\u00eda universal que habla entre otras cosas de los enga\u00f1os y argucias utilizadas en la guerra.&nbsp;<\/p>\n\n\n\n<figure class=\"wp-block-image size-full\"><img loading=\"lazy\" decoding=\"async\" width=\"1440\" height=\"1080\" src=\"https:\/\/modoviajeok.com.ar\/wp-content\/uploads\/2025\/07\/WhatsApp-Image-2025-07-28-at-12.54.49-1.jpeg\" alt=\"\" class=\"wp-image-4931\" srcset=\"https:\/\/modoviajeok.com.ar\/wp-content\/uploads\/2025\/07\/WhatsApp-Image-2025-07-28-at-12.54.49-1.jpeg 1440w, https:\/\/modoviajeok.com.ar\/wp-content\/uploads\/2025\/07\/WhatsApp-Image-2025-07-28-at-12.54.49-1-768x576.jpeg 768w, https:\/\/modoviajeok.com.ar\/wp-content\/uploads\/2025\/07\/WhatsApp-Image-2025-07-28-at-12.54.49-1-560x420.jpeg 560w, https:\/\/modoviajeok.com.ar\/wp-content\/uploads\/2025\/07\/WhatsApp-Image-2025-07-28-at-12.54.49-1-80x60.jpeg 80w, https:\/\/modoviajeok.com.ar\/wp-content\/uploads\/2025\/07\/WhatsApp-Image-2025-07-28-at-12.54.49-1-150x113.jpeg 150w, https:\/\/modoviajeok.com.ar\/wp-content\/uploads\/2025\/07\/WhatsApp-Image-2025-07-28-at-12.54.49-1-300x225.jpeg 300w, https:\/\/modoviajeok.com.ar\/wp-content\/uploads\/2025\/07\/WhatsApp-Image-2025-07-28-at-12.54.49-1-696x522.jpeg 696w, https:\/\/modoviajeok.com.ar\/wp-content\/uploads\/2025\/07\/WhatsApp-Image-2025-07-28-at-12.54.49-1-1068x801.jpeg 1068w, https:\/\/modoviajeok.com.ar\/wp-content\/uploads\/2025\/07\/WhatsApp-Image-2025-07-28-at-12.54.49-1-265x198.jpeg 265w\" sizes=\"auto, (max-width: 1440px) 100vw, 1440px\" \/><\/figure>\n\n\n\n<p>En la obra de Homero se cuenta que cuando parec\u00eda que la guerra no iba a terminar nunca, Ulises ide\u00f3 el plan de construir un caballo de madera y dejarlo en la playa como una ofrenda. Pero el caballo estaba hueco y lleno de soldados griegos que, por la noche, salieron de su escondite, abrieron las puertas de la ciudad e iniciaron su destrucci\u00f3n.<\/p>\n\n\n\n<figure class=\"wp-block-image size-full\"><img loading=\"lazy\" decoding=\"async\" width=\"1440\" height=\"1080\" src=\"https:\/\/modoviajeok.com.ar\/wp-content\/uploads\/2025\/07\/WhatsApp-Image-2025-07-28-at-12.56.44.jpeg\" alt=\"\" class=\"wp-image-4923\" srcset=\"https:\/\/modoviajeok.com.ar\/wp-content\/uploads\/2025\/07\/WhatsApp-Image-2025-07-28-at-12.56.44.jpeg 1440w, https:\/\/modoviajeok.com.ar\/wp-content\/uploads\/2025\/07\/WhatsApp-Image-2025-07-28-at-12.56.44-768x576.jpeg 768w, https:\/\/modoviajeok.com.ar\/wp-content\/uploads\/2025\/07\/WhatsApp-Image-2025-07-28-at-12.56.44-560x420.jpeg 560w, https:\/\/modoviajeok.com.ar\/wp-content\/uploads\/2025\/07\/WhatsApp-Image-2025-07-28-at-12.56.44-80x60.jpeg 80w, https:\/\/modoviajeok.com.ar\/wp-content\/uploads\/2025\/07\/WhatsApp-Image-2025-07-28-at-12.56.44-150x113.jpeg 150w, https:\/\/modoviajeok.com.ar\/wp-content\/uploads\/2025\/07\/WhatsApp-Image-2025-07-28-at-12.56.44-300x225.jpeg 300w, https:\/\/modoviajeok.com.ar\/wp-content\/uploads\/2025\/07\/WhatsApp-Image-2025-07-28-at-12.56.44-696x522.jpeg 696w, https:\/\/modoviajeok.com.ar\/wp-content\/uploads\/2025\/07\/WhatsApp-Image-2025-07-28-at-12.56.44-1068x801.jpeg 1068w, https:\/\/modoviajeok.com.ar\/wp-content\/uploads\/2025\/07\/WhatsApp-Image-2025-07-28-at-12.56.44-265x198.jpeg 265w\" sizes=\"auto, (max-width: 1440px) 100vw, 1440px\" \/><\/figure>\n\n\n\n<p>La otra r\u00e9plica de m\u00e1s de 12 metros de altura, creada por un artista turco en 1975, la ver\u00edamos al d\u00eda siguiente, al llegar al sitio arqueol\u00f3gico con m\u00e1s de cinco mil a\u00f1os de historia, declarado Patrimonio de la Humanidad por la Unesco.<\/p>\n\n\n\n<figure class=\"wp-block-image size-full\"><img loading=\"lazy\" decoding=\"async\" width=\"1080\" height=\"1440\" src=\"https:\/\/modoviajeok.com.ar\/wp-content\/uploads\/2025\/07\/WhatsApp-Image-2025-07-28-at-12.57.06.jpeg\" alt=\"\" class=\"wp-image-4922\" srcset=\"https:\/\/modoviajeok.com.ar\/wp-content\/uploads\/2025\/07\/WhatsApp-Image-2025-07-28-at-12.57.06.jpeg 1080w, https:\/\/modoviajeok.com.ar\/wp-content\/uploads\/2025\/07\/WhatsApp-Image-2025-07-28-at-12.57.06-768x1024.jpeg 768w, https:\/\/modoviajeok.com.ar\/wp-content\/uploads\/2025\/07\/WhatsApp-Image-2025-07-28-at-12.57.06-315x420.jpeg 315w, https:\/\/modoviajeok.com.ar\/wp-content\/uploads\/2025\/07\/WhatsApp-Image-2025-07-28-at-12.57.06-150x200.jpeg 150w, https:\/\/modoviajeok.com.ar\/wp-content\/uploads\/2025\/07\/WhatsApp-Image-2025-07-28-at-12.57.06-300x400.jpeg 300w, https:\/\/modoviajeok.com.ar\/wp-content\/uploads\/2025\/07\/WhatsApp-Image-2025-07-28-at-12.57.06-696x928.jpeg 696w, https:\/\/modoviajeok.com.ar\/wp-content\/uploads\/2025\/07\/WhatsApp-Image-2025-07-28-at-12.57.06-1068x1424.jpeg 1068w\" sizes=\"auto, (max-width: 1080px) 100vw, 1080px\" \/><\/figure>\n\n\n\n<p>A esta r\u00e9plica es posible subir para sacarse unas buenas fotos.<\/p>\n\n\n\n<p><strong>Qu\u00e9 ver<\/strong><\/p>\n\n\n\n<p>En el sitio se ven mayoritariamente ruinas: piedras, algunas columnas, restos de murallas, de vasijas, rocas y m\u00e1s rocas.&nbsp;<\/p>\n\n\n\n<figure class=\"wp-block-image size-full\"><img loading=\"lazy\" decoding=\"async\" width=\"1440\" height=\"1080\" src=\"https:\/\/modoviajeok.com.ar\/wp-content\/uploads\/2025\/07\/WhatsApp-Image-2025-07-28-at-12.54.48.jpeg\" alt=\"\" class=\"wp-image-4930\" srcset=\"https:\/\/modoviajeok.com.ar\/wp-content\/uploads\/2025\/07\/WhatsApp-Image-2025-07-28-at-12.54.48.jpeg 1440w, https:\/\/modoviajeok.com.ar\/wp-content\/uploads\/2025\/07\/WhatsApp-Image-2025-07-28-at-12.54.48-768x576.jpeg 768w, https:\/\/modoviajeok.com.ar\/wp-content\/uploads\/2025\/07\/WhatsApp-Image-2025-07-28-at-12.54.48-560x420.jpeg 560w, https:\/\/modoviajeok.com.ar\/wp-content\/uploads\/2025\/07\/WhatsApp-Image-2025-07-28-at-12.54.48-80x60.jpeg 80w, https:\/\/modoviajeok.com.ar\/wp-content\/uploads\/2025\/07\/WhatsApp-Image-2025-07-28-at-12.54.48-150x113.jpeg 150w, https:\/\/modoviajeok.com.ar\/wp-content\/uploads\/2025\/07\/WhatsApp-Image-2025-07-28-at-12.54.48-300x225.jpeg 300w, https:\/\/modoviajeok.com.ar\/wp-content\/uploads\/2025\/07\/WhatsApp-Image-2025-07-28-at-12.54.48-696x522.jpeg 696w, https:\/\/modoviajeok.com.ar\/wp-content\/uploads\/2025\/07\/WhatsApp-Image-2025-07-28-at-12.54.48-1068x801.jpeg 1068w, https:\/\/modoviajeok.com.ar\/wp-content\/uploads\/2025\/07\/WhatsApp-Image-2025-07-28-at-12.54.48-265x198.jpeg 265w\" sizes=\"auto, (max-width: 1440px) 100vw, 1440px\" \/><\/figure>\n\n\n\n<p>No queda ni el mar que golpeaba contra sus murallas ya que, con los siglos, la l\u00ednea de mar se fue alejando varios kil\u00f3metros. Si la historia no lo recordara, nadie dir\u00eda que fue una aldea de pescadores.<\/p>\n\n\n\n<p>En el predio se destaca el ode\u00f3n romano, reducido pero bastante bien conservado.<\/p>\n\n\n\n<figure class=\"wp-block-image size-full\"><img loading=\"lazy\" decoding=\"async\" width=\"1440\" height=\"1080\" src=\"https:\/\/modoviajeok.com.ar\/wp-content\/uploads\/2025\/07\/WhatsApp-Image-2025-07-28-at-12.52.40-2-1.jpeg\" alt=\"\" class=\"wp-image-4924\" srcset=\"https:\/\/modoviajeok.com.ar\/wp-content\/uploads\/2025\/07\/WhatsApp-Image-2025-07-28-at-12.52.40-2-1.jpeg 1440w, https:\/\/modoviajeok.com.ar\/wp-content\/uploads\/2025\/07\/WhatsApp-Image-2025-07-28-at-12.52.40-2-1-768x576.jpeg 768w, https:\/\/modoviajeok.com.ar\/wp-content\/uploads\/2025\/07\/WhatsApp-Image-2025-07-28-at-12.52.40-2-1-560x420.jpeg 560w, https:\/\/modoviajeok.com.ar\/wp-content\/uploads\/2025\/07\/WhatsApp-Image-2025-07-28-at-12.52.40-2-1-80x60.jpeg 80w, https:\/\/modoviajeok.com.ar\/wp-content\/uploads\/2025\/07\/WhatsApp-Image-2025-07-28-at-12.52.40-2-1-150x113.jpeg 150w, https:\/\/modoviajeok.com.ar\/wp-content\/uploads\/2025\/07\/WhatsApp-Image-2025-07-28-at-12.52.40-2-1-300x225.jpeg 300w, https:\/\/modoviajeok.com.ar\/wp-content\/uploads\/2025\/07\/WhatsApp-Image-2025-07-28-at-12.52.40-2-1-696x522.jpeg 696w, https:\/\/modoviajeok.com.ar\/wp-content\/uploads\/2025\/07\/WhatsApp-Image-2025-07-28-at-12.52.40-2-1-1068x801.jpeg 1068w, https:\/\/modoviajeok.com.ar\/wp-content\/uploads\/2025\/07\/WhatsApp-Image-2025-07-28-at-12.52.40-2-1-265x198.jpeg 265w\" sizes=\"auto, (max-width: 1440px) 100vw, 1440px\" \/><\/figure>\n\n\n\n<p><strong>La Il\u00edada<\/strong><\/p>\n\n\n\n<p>Recordemos apenas algo de la historia de La il\u00edada.<\/p>\n\n\n\n<figure class=\"wp-block-image size-full\"><img loading=\"lazy\" decoding=\"async\" width=\"1600\" height=\"1200\" src=\"https:\/\/modoviajeok.com.ar\/wp-content\/uploads\/2025\/07\/WhatsApp-Image-2025-07-28-at-12.55.49.jpeg\" alt=\"\" class=\"wp-image-4934\" srcset=\"https:\/\/modoviajeok.com.ar\/wp-content\/uploads\/2025\/07\/WhatsApp-Image-2025-07-28-at-12.55.49.jpeg 1600w, https:\/\/modoviajeok.com.ar\/wp-content\/uploads\/2025\/07\/WhatsApp-Image-2025-07-28-at-12.55.49-768x576.jpeg 768w, https:\/\/modoviajeok.com.ar\/wp-content\/uploads\/2025\/07\/WhatsApp-Image-2025-07-28-at-12.55.49-1536x1152.jpeg 1536w, https:\/\/modoviajeok.com.ar\/wp-content\/uploads\/2025\/07\/WhatsApp-Image-2025-07-28-at-12.55.49-560x420.jpeg 560w, https:\/\/modoviajeok.com.ar\/wp-content\/uploads\/2025\/07\/WhatsApp-Image-2025-07-28-at-12.55.49-80x60.jpeg 80w, https:\/\/modoviajeok.com.ar\/wp-content\/uploads\/2025\/07\/WhatsApp-Image-2025-07-28-at-12.55.49-150x113.jpeg 150w, https:\/\/modoviajeok.com.ar\/wp-content\/uploads\/2025\/07\/WhatsApp-Image-2025-07-28-at-12.55.49-300x225.jpeg 300w, https:\/\/modoviajeok.com.ar\/wp-content\/uploads\/2025\/07\/WhatsApp-Image-2025-07-28-at-12.55.49-696x522.jpeg 696w, https:\/\/modoviajeok.com.ar\/wp-content\/uploads\/2025\/07\/WhatsApp-Image-2025-07-28-at-12.55.49-1068x801.jpeg 1068w, https:\/\/modoviajeok.com.ar\/wp-content\/uploads\/2025\/07\/WhatsApp-Image-2025-07-28-at-12.55.49-265x198.jpeg 265w\" sizes=\"auto, (max-width: 1600px) 100vw, 1600px\" \/><\/figure>\n\n\n\n<p>Paris es hijo de Pr\u00edamo, rey de Troya y es recibido en Esparta por su rey Menelao. Paris se enamora de Helena, esposa de Menelao y ambos escapan camino a Troya. Furioso, Menelao quiere recuperar a su esposa y vengarse. As\u00ed que se contacta con su hermano Agamen\u00f3n, rey de Micenas, quien unifica a todas las ciudades griegas para ir a la guerra contra Troya.&nbsp;<\/p>\n\n\n\n<figure class=\"wp-block-image size-full\"><img loading=\"lazy\" decoding=\"async\" width=\"1440\" height=\"1080\" src=\"https:\/\/modoviajeok.com.ar\/wp-content\/uploads\/2025\/07\/WhatsApp-Image-2025-07-28-at-12.52.40.jpeg\" alt=\"\" class=\"wp-image-4926\" srcset=\"https:\/\/modoviajeok.com.ar\/wp-content\/uploads\/2025\/07\/WhatsApp-Image-2025-07-28-at-12.52.40.jpeg 1440w, https:\/\/modoviajeok.com.ar\/wp-content\/uploads\/2025\/07\/WhatsApp-Image-2025-07-28-at-12.52.40-768x576.jpeg 768w, https:\/\/modoviajeok.com.ar\/wp-content\/uploads\/2025\/07\/WhatsApp-Image-2025-07-28-at-12.52.40-560x420.jpeg 560w, https:\/\/modoviajeok.com.ar\/wp-content\/uploads\/2025\/07\/WhatsApp-Image-2025-07-28-at-12.52.40-80x60.jpeg 80w, https:\/\/modoviajeok.com.ar\/wp-content\/uploads\/2025\/07\/WhatsApp-Image-2025-07-28-at-12.52.40-150x113.jpeg 150w, https:\/\/modoviajeok.com.ar\/wp-content\/uploads\/2025\/07\/WhatsApp-Image-2025-07-28-at-12.52.40-300x225.jpeg 300w, https:\/\/modoviajeok.com.ar\/wp-content\/uploads\/2025\/07\/WhatsApp-Image-2025-07-28-at-12.52.40-696x522.jpeg 696w, https:\/\/modoviajeok.com.ar\/wp-content\/uploads\/2025\/07\/WhatsApp-Image-2025-07-28-at-12.52.40-1068x801.jpeg 1068w, https:\/\/modoviajeok.com.ar\/wp-content\/uploads\/2025\/07\/WhatsApp-Image-2025-07-28-at-12.52.40-265x198.jpeg 265w\" sizes=\"auto, (max-width: 1440px) 100vw, 1440px\" \/><\/figure>\n\n\n\n<p>Esto cuenta la literatura. En la historia se dice que la guerra no tuvo su origen en el amor sino en el poder. No hay que olvidar que la ciudad se encontraba a la entrada del estrecho de los Dardanelos, que un\u00eda el mar de M\u00e1rmara con el Mediterr\u00e1neo y el Rojo: perfecto para el comercio mar\u00edtimo.<\/p>\n\n\n\n<p>El resto de la historia, est\u00e1 en los libros, en la web y en la pel\u00edcula Troya (que se aleja un poco de la versi\u00f3n de Homero), con la fascinante historia de su caballo.&nbsp;<\/p>\n\n\n\n<p><strong>Sobre la colina<\/strong><\/p>\n\n\n\n<p>A pesar de la preeminencia de ruinas, la visita a Troya merece la pena. Un consejo: ir con un gu\u00eda para entender por qu\u00e9 hay distintos tipos de vestigios.&nbsp; Troya tiene diez capas superpuestas, una por cada una de las ciudades de Troya que se fueron construyendo una encima de la otra. A\u00fan as\u00ed es dif\u00edcil saber d\u00f3nde comienza una y termina la otra. Las etapas van desde Troya I entre el 2929 y 2450 A.C. a Troya X en \u00e9poca bizantina, entre los siglos XIII y XIV. Por encima de las romanas y griegas.&nbsp;<\/p>\n\n\n\n<figure class=\"wp-block-image size-full\"><img loading=\"lazy\" decoding=\"async\" width=\"1440\" height=\"1080\" src=\"https:\/\/modoviajeok.com.ar\/wp-content\/uploads\/2025\/07\/WhatsApp-Image-2025-07-28-at-12.55.48.jpeg\" alt=\"\" class=\"wp-image-4927\" srcset=\"https:\/\/modoviajeok.com.ar\/wp-content\/uploads\/2025\/07\/WhatsApp-Image-2025-07-28-at-12.55.48.jpeg 1440w, https:\/\/modoviajeok.com.ar\/wp-content\/uploads\/2025\/07\/WhatsApp-Image-2025-07-28-at-12.55.48-768x576.jpeg 768w, https:\/\/modoviajeok.com.ar\/wp-content\/uploads\/2025\/07\/WhatsApp-Image-2025-07-28-at-12.55.48-560x420.jpeg 560w, https:\/\/modoviajeok.com.ar\/wp-content\/uploads\/2025\/07\/WhatsApp-Image-2025-07-28-at-12.55.48-80x60.jpeg 80w, https:\/\/modoviajeok.com.ar\/wp-content\/uploads\/2025\/07\/WhatsApp-Image-2025-07-28-at-12.55.48-150x113.jpeg 150w, https:\/\/modoviajeok.com.ar\/wp-content\/uploads\/2025\/07\/WhatsApp-Image-2025-07-28-at-12.55.48-300x225.jpeg 300w, https:\/\/modoviajeok.com.ar\/wp-content\/uploads\/2025\/07\/WhatsApp-Image-2025-07-28-at-12.55.48-696x522.jpeg 696w, https:\/\/modoviajeok.com.ar\/wp-content\/uploads\/2025\/07\/WhatsApp-Image-2025-07-28-at-12.55.48-1068x801.jpeg 1068w, https:\/\/modoviajeok.com.ar\/wp-content\/uploads\/2025\/07\/WhatsApp-Image-2025-07-28-at-12.55.48-265x198.jpeg 265w\" sizes=\"auto, (max-width: 1440px) 100vw, 1440px\" \/><\/figure>\n\n\n\n<p>El recorrido es a trav\u00e9s de terraplenes sobre la colina de Hisarlik.<\/p>\n\n\n\n<p>La Troya que narra Homero, la de la guerra entre troyanos y aqueos est\u00e1 en la capa VII-A, destruida por un incendio, en el 1200 A. C.<\/p>\n\n\n\n<figure class=\"wp-block-image size-full\"><img loading=\"lazy\" decoding=\"async\" width=\"1440\" height=\"1080\" src=\"https:\/\/modoviajeok.com.ar\/wp-content\/uploads\/2025\/07\/WhatsApp-Image-2025-07-28-at-12.54.48-2.jpeg\" alt=\"\" class=\"wp-image-4929\" srcset=\"https:\/\/modoviajeok.com.ar\/wp-content\/uploads\/2025\/07\/WhatsApp-Image-2025-07-28-at-12.54.48-2.jpeg 1440w, https:\/\/modoviajeok.com.ar\/wp-content\/uploads\/2025\/07\/WhatsApp-Image-2025-07-28-at-12.54.48-2-768x576.jpeg 768w, https:\/\/modoviajeok.com.ar\/wp-content\/uploads\/2025\/07\/WhatsApp-Image-2025-07-28-at-12.54.48-2-560x420.jpeg 560w, https:\/\/modoviajeok.com.ar\/wp-content\/uploads\/2025\/07\/WhatsApp-Image-2025-07-28-at-12.54.48-2-80x60.jpeg 80w, https:\/\/modoviajeok.com.ar\/wp-content\/uploads\/2025\/07\/WhatsApp-Image-2025-07-28-at-12.54.48-2-150x113.jpeg 150w, https:\/\/modoviajeok.com.ar\/wp-content\/uploads\/2025\/07\/WhatsApp-Image-2025-07-28-at-12.54.48-2-300x225.jpeg 300w, https:\/\/modoviajeok.com.ar\/wp-content\/uploads\/2025\/07\/WhatsApp-Image-2025-07-28-at-12.54.48-2-696x522.jpeg 696w, https:\/\/modoviajeok.com.ar\/wp-content\/uploads\/2025\/07\/WhatsApp-Image-2025-07-28-at-12.54.48-2-1068x801.jpeg 1068w, https:\/\/modoviajeok.com.ar\/wp-content\/uploads\/2025\/07\/WhatsApp-Image-2025-07-28-at-12.54.48-2-265x198.jpeg 265w\" sizes=\"auto, (max-width: 1440px) 100vw, 1440px\" \/><\/figure>\n","protected":false},"excerpt":{"rendered":"<p>En Turqu\u00eda se encuentra la ciudad m\u00edtica relatada por el poeta griego Homero. La historia de Troya me ha resultado fascinante desde mi \u00e9poca de estudiante de Letras Modernas, cuando descubr\u00ed a Homero en la c\u00e1tedra de Literatura Cl\u00e1sica. M\u00e1s tarde supe que durante mucho tiempo se crey\u00f3 que Troya era una ciudad imaginaria inventada [&hellip;]<\/p>\n","protected":false},"author":2,"featured_media":4921,"comment_status":"open","ping_status":"open","sticky":false,"template":"","format":"standard","meta":{"_acf_changed":false,"footnotes":""},"categories":[9,15],"tags":[1163,1162,1164,1165,1166,1168,1169,1161,90],"class_list":{"0":"post-4918","1":"post","2":"type-post","3":"status-publish","4":"format-standard","5":"has-post-thumbnail","7":"category-mundo","8":"category-recomendaciones","9":"tag-caballo-de-troya","10":"tag-canakkale","11":"tag-homero","12":"tag-la-illiada","13":"tag-la-odisea","14":"tag-mar-mediterraneo","15":"tag-mitos-griegos","16":"tag-troya","17":"tag-turquia"},"acf":[],"yoast_head":"<!-- This site is optimized with the Yoast SEO plugin v24.8.1 - https:\/\/yoast.com\/wordpress\/plugins\/seo\/ -->\n<title>Troya, un viaje hacia La Ill\u00edada y La Odisea -<\/title>\n<meta name=\"description\" content=\"En Turqu\u00eda se encuentra la ciudad m\u00edtica relatada por el poeta griego Homero. Em Canakkale est\u00e1 una de las r\u00e9plicas del caballo.\" \/>\n<meta name=\"robots\" content=\"index, follow, max-snippet:-1, max-image-preview:large, max-video-preview:-1\" \/>\n<link rel=\"canonical\" href=\"https:\/\/modoviajeok.com.ar\/index.php\/2025\/08\/03\/troya-un-viaje-hacia-la-illiada-y-la-odisea\/\" \/>\n<meta property=\"og:locale\" content=\"es_ES\" \/>\n<meta property=\"og:type\" content=\"article\" \/>\n<meta property=\"og:title\" content=\"Troya, un viaje hacia La Ill\u00edada y La Odisea -\" \/>\n<meta property=\"og:description\" content=\"En Turqu\u00eda se encuentra la ciudad m\u00edtica relatada por el poeta griego Homero. Em Canakkale est\u00e1 una de las r\u00e9plicas del caballo.\" \/>\n<meta property=\"og:url\" content=\"https:\/\/modoviajeok.com.ar\/index.php\/2025\/08\/03\/troya-un-viaje-hacia-la-illiada-y-la-odisea\/\" \/>\n<meta property=\"article:publisher\" content=\"https:\/\/www.facebook.com\/mariana.otero1\/\" \/>\n<meta property=\"article:published_time\" content=\"2025-08-03T13:14:22+00:00\" \/>\n<meta property=\"article:modified_time\" content=\"2025-08-03T13:38:01+00:00\" \/>\n<meta property=\"og:image\" content=\"https:\/\/modoviajeok.com.ar\/wp-content\/uploads\/2025\/07\/WhatsApp-Image-2025-07-28-at-12.57.31.jpeg\" \/>\n\t<meta property=\"og:image:width\" content=\"1600\" \/>\n\t<meta property=\"og:image:height\" content=\"1200\" \/>\n\t<meta property=\"og:image:type\" content=\"image\/jpeg\" \/>\n<meta name=\"author\" content=\"Mariana Otero\" \/>\n<meta name=\"twitter:card\" content=\"summary_large_image\" \/>\n<meta name=\"twitter:label1\" content=\"Escrito por\" \/>\n\t<meta name=\"twitter:data1\" content=\"Mariana Otero\" \/>\n\t<meta name=\"twitter:label2\" content=\"Tiempo de lectura\" \/>\n\t<meta name=\"twitter:data2\" content=\"7 minutos\" \/>\n<script type=\"application\/ld+json\" class=\"yoast-schema-graph\">{\"@context\":\"https:\/\/schema.org\",\"@graph\":[{\"@type\":\"Article\",\"@id\":\"https:\/\/modoviajeok.com.ar\/index.php\/2025\/08\/03\/troya-un-viaje-hacia-la-illiada-y-la-odisea\/#article\",\"isPartOf\":{\"@id\":\"https:\/\/modoviajeok.com.ar\/index.php\/2025\/08\/03\/troya-un-viaje-hacia-la-illiada-y-la-odisea\/\"},\"author\":{\"name\":\"Mariana Otero\",\"@id\":\"https:\/\/modoviajeok.com.ar\/#\/schema\/person\/1187013488537969db5b1320484d24f4\"},\"headline\":\"Troya, un viaje hacia La Ill\u00edada y La Odisea\",\"datePublished\":\"2025-08-03T13:14:22+00:00\",\"dateModified\":\"2025-08-03T13:38:01+00:00\",\"mainEntityOfPage\":{\"@id\":\"https:\/\/modoviajeok.com.ar\/index.php\/2025\/08\/03\/troya-un-viaje-hacia-la-illiada-y-la-odisea\/\"},\"wordCount\":796,\"commentCount\":0,\"publisher\":{\"@id\":\"https:\/\/modoviajeok.com.ar\/#organization\"},\"image\":{\"@id\":\"https:\/\/modoviajeok.com.ar\/index.php\/2025\/08\/03\/troya-un-viaje-hacia-la-illiada-y-la-odisea\/#primaryimage\"},\"thumbnailUrl\":\"https:\/\/modoviajeok.com.ar\/wp-content\/uploads\/2025\/07\/WhatsApp-Image-2025-07-28-at-12.57.31.jpeg\",\"keywords\":[\"CABALLO DE TROYA\",\"CANAKKALE\",\"HOMERO\",\"LA ILLIADA\",\"LA ODISEA\",\"MAR MEDITERR\u00c1NEO\",\"MITOS GRIEGOS\",\"TROYA\",\"turqu\u00eda\"],\"articleSection\":[\"Mundo\",\"Recomendaciones\"],\"inLanguage\":\"es\",\"potentialAction\":[{\"@type\":\"CommentAction\",\"name\":\"Comment\",\"target\":[\"https:\/\/modoviajeok.com.ar\/index.php\/2025\/08\/03\/troya-un-viaje-hacia-la-illiada-y-la-odisea\/#respond\"]}]},{\"@type\":\"WebPage\",\"@id\":\"https:\/\/modoviajeok.com.ar\/index.php\/2025\/08\/03\/troya-un-viaje-hacia-la-illiada-y-la-odisea\/\",\"url\":\"https:\/\/modoviajeok.com.ar\/index.php\/2025\/08\/03\/troya-un-viaje-hacia-la-illiada-y-la-odisea\/\",\"name\":\"Troya, un viaje hacia La Ill\u00edada y La Odisea -\",\"isPartOf\":{\"@id\":\"https:\/\/modoviajeok.com.ar\/#website\"},\"primaryImageOfPage\":{\"@id\":\"https:\/\/modoviajeok.com.ar\/index.php\/2025\/08\/03\/troya-un-viaje-hacia-la-illiada-y-la-odisea\/#primaryimage\"},\"image\":{\"@id\":\"https:\/\/modoviajeok.com.ar\/index.php\/2025\/08\/03\/troya-un-viaje-hacia-la-illiada-y-la-odisea\/#primaryimage\"},\"thumbnailUrl\":\"https:\/\/modoviajeok.com.ar\/wp-content\/uploads\/2025\/07\/WhatsApp-Image-2025-07-28-at-12.57.31.jpeg\",\"datePublished\":\"2025-08-03T13:14:22+00:00\",\"dateModified\":\"2025-08-03T13:38:01+00:00\",\"description\":\"En Turqu\u00eda se encuentra la ciudad m\u00edtica relatada por el poeta griego Homero. Em Canakkale est\u00e1 una de las r\u00e9plicas del caballo.\",\"breadcrumb\":{\"@id\":\"https:\/\/modoviajeok.com.ar\/index.php\/2025\/08\/03\/troya-un-viaje-hacia-la-illiada-y-la-odisea\/#breadcrumb\"},\"inLanguage\":\"es\",\"potentialAction\":[{\"@type\":\"ReadAction\",\"target\":[\"https:\/\/modoviajeok.com.ar\/index.php\/2025\/08\/03\/troya-un-viaje-hacia-la-illiada-y-la-odisea\/\"]}]},{\"@type\":\"ImageObject\",\"inLanguage\":\"es\",\"@id\":\"https:\/\/modoviajeok.com.ar\/index.php\/2025\/08\/03\/troya-un-viaje-hacia-la-illiada-y-la-odisea\/#primaryimage\",\"url\":\"https:\/\/modoviajeok.com.ar\/wp-content\/uploads\/2025\/07\/WhatsApp-Image-2025-07-28-at-12.57.31.jpeg\",\"contentUrl\":\"https:\/\/modoviajeok.com.ar\/wp-content\/uploads\/2025\/07\/WhatsApp-Image-2025-07-28-at-12.57.31.jpeg\",\"width\":1600,\"height\":1200},{\"@type\":\"BreadcrumbList\",\"@id\":\"https:\/\/modoviajeok.com.ar\/index.php\/2025\/08\/03\/troya-un-viaje-hacia-la-illiada-y-la-odisea\/#breadcrumb\",\"itemListElement\":[{\"@type\":\"ListItem\",\"position\":1,\"name\":\"Portada\",\"item\":\"https:\/\/modoviajeok.com.ar\/\"},{\"@type\":\"ListItem\",\"position\":2,\"name\":\"Troya, un viaje hacia La Ill\u00edada y La Odisea\"}]},{\"@type\":\"WebSite\",\"@id\":\"https:\/\/modoviajeok.com.ar\/#website\",\"url\":\"https:\/\/modoviajeok.com.ar\/\",\"name\":\"ModoViajeOK\",\"description\":\"\",\"publisher\":{\"@id\":\"https:\/\/modoviajeok.com.ar\/#organization\"},\"potentialAction\":[{\"@type\":\"SearchAction\",\"target\":{\"@type\":\"EntryPoint\",\"urlTemplate\":\"https:\/\/modoviajeok.com.ar\/?s={search_term_string}\"},\"query-input\":{\"@type\":\"PropertyValueSpecification\",\"valueRequired\":true,\"valueName\":\"search_term_string\"}}],\"inLanguage\":\"es\"},{\"@type\":\"Organization\",\"@id\":\"https:\/\/modoviajeok.com.ar\/#organization\",\"name\":\"ModoViajeOK\",\"url\":\"https:\/\/modoviajeok.com.ar\/\",\"logo\":{\"@type\":\"ImageObject\",\"inLanguage\":\"es\",\"@id\":\"https:\/\/modoviajeok.com.ar\/#\/schema\/logo\/image\/\",\"url\":\"https:\/\/modoviajeok.com.ar\/wp-content\/uploads\/2025\/01\/Logo-modoviajeok.png\",\"contentUrl\":\"https:\/\/modoviajeok.com.ar\/wp-content\/uploads\/2025\/01\/Logo-modoviajeok.png\",\"width\":2938,\"height\":2276,\"caption\":\"ModoViajeOK\"},\"image\":{\"@id\":\"https:\/\/modoviajeok.com.ar\/#\/schema\/logo\/image\/\"},\"sameAs\":[\"https:\/\/www.facebook.com\/mariana.otero1\/\",\"https:\/\/www.instagram.com\/modoviaje.ok\/\"]},{\"@type\":\"Person\",\"@id\":\"https:\/\/modoviajeok.com.ar\/#\/schema\/person\/1187013488537969db5b1320484d24f4\",\"name\":\"Mariana Otero\",\"image\":{\"@type\":\"ImageObject\",\"inLanguage\":\"es\",\"@id\":\"https:\/\/modoviajeok.com.ar\/#\/schema\/person\/image\/\",\"url\":\"https:\/\/secure.gravatar.com\/avatar\/8a91a502a9336849a3500b9090c431bc1418f1d1263d893afeddba065f5add82?s=96&d=mm&r=g\",\"contentUrl\":\"https:\/\/secure.gravatar.com\/avatar\/8a91a502a9336849a3500b9090c431bc1418f1d1263d893afeddba065f5add82?s=96&d=mm&r=g\",\"caption\":\"Mariana Otero\"},\"url\":\"https:\/\/modoviajeok.com.ar\/index.php\/author\/mariana2025\/\"}]}<\/script>\n<!-- \/ Yoast SEO plugin. -->","yoast_head_json":{"title":"Troya, un viaje hacia La Ill\u00edada y La Odisea -","description":"En Turqu\u00eda se encuentra la ciudad m\u00edtica relatada por el poeta griego Homero. Em Canakkale est\u00e1 una de las r\u00e9plicas del caballo.","robots":{"index":"index","follow":"follow","max-snippet":"max-snippet:-1","max-image-preview":"max-image-preview:large","max-video-preview":"max-video-preview:-1"},"canonical":"https:\/\/modoviajeok.com.ar\/index.php\/2025\/08\/03\/troya-un-viaje-hacia-la-illiada-y-la-odisea\/","og_locale":"es_ES","og_type":"article","og_title":"Troya, un viaje hacia La Ill\u00edada y La Odisea -","og_description":"En Turqu\u00eda se encuentra la ciudad m\u00edtica relatada por el poeta griego Homero. Em Canakkale est\u00e1 una de las r\u00e9plicas del caballo.","og_url":"https:\/\/modoviajeok.com.ar\/index.php\/2025\/08\/03\/troya-un-viaje-hacia-la-illiada-y-la-odisea\/","article_publisher":"https:\/\/www.facebook.com\/mariana.otero1\/","article_published_time":"2025-08-03T13:14:22+00:00","article_modified_time":"2025-08-03T13:38:01+00:00","og_image":[{"width":1600,"height":1200,"url":"https:\/\/modoviajeok.com.ar\/wp-content\/uploads\/2025\/07\/WhatsApp-Image-2025-07-28-at-12.57.31.jpeg","type":"image\/jpeg"}],"author":"Mariana Otero","twitter_card":"summary_large_image","twitter_misc":{"Escrito por":"Mariana Otero","Tiempo de lectura":"7 minutos"},"schema":{"@context":"https:\/\/schema.org","@graph":[{"@type":"Article","@id":"https:\/\/modoviajeok.com.ar\/index.php\/2025\/08\/03\/troya-un-viaje-hacia-la-illiada-y-la-odisea\/#article","isPartOf":{"@id":"https:\/\/modoviajeok.com.ar\/index.php\/2025\/08\/03\/troya-un-viaje-hacia-la-illiada-y-la-odisea\/"},"author":{"name":"Mariana Otero","@id":"https:\/\/modoviajeok.com.ar\/#\/schema\/person\/1187013488537969db5b1320484d24f4"},"headline":"Troya, un viaje hacia La Ill\u00edada y La Odisea","datePublished":"2025-08-03T13:14:22+00:00","dateModified":"2025-08-03T13:38:01+00:00","mainEntityOfPage":{"@id":"https:\/\/modoviajeok.com.ar\/index.php\/2025\/08\/03\/troya-un-viaje-hacia-la-illiada-y-la-odisea\/"},"wordCount":796,"commentCount":0,"publisher":{"@id":"https:\/\/modoviajeok.com.ar\/#organization"},"image":{"@id":"https:\/\/modoviajeok.com.ar\/index.php\/2025\/08\/03\/troya-un-viaje-hacia-la-illiada-y-la-odisea\/#primaryimage"},"thumbnailUrl":"https:\/\/modoviajeok.com.ar\/wp-content\/uploads\/2025\/07\/WhatsApp-Image-2025-07-28-at-12.57.31.jpeg","keywords":["CABALLO DE TROYA","CANAKKALE","HOMERO","LA ILLIADA","LA ODISEA","MAR MEDITERR\u00c1NEO","MITOS GRIEGOS","TROYA","turqu\u00eda"],"articleSection":["Mundo","Recomendaciones"],"inLanguage":"es","potentialAction":[{"@type":"CommentAction","name":"Comment","target":["https:\/\/modoviajeok.com.ar\/index.php\/2025\/08\/03\/troya-un-viaje-hacia-la-illiada-y-la-odisea\/#respond"]}]},{"@type":"WebPage","@id":"https:\/\/modoviajeok.com.ar\/index.php\/2025\/08\/03\/troya-un-viaje-hacia-la-illiada-y-la-odisea\/","url":"https:\/\/modoviajeok.com.ar\/index.php\/2025\/08\/03\/troya-un-viaje-hacia-la-illiada-y-la-odisea\/","name":"Troya, un viaje hacia La Ill\u00edada y La Odisea -","isPartOf":{"@id":"https:\/\/modoviajeok.com.ar\/#website"},"primaryImageOfPage":{"@id":"https:\/\/modoviajeok.com.ar\/index.php\/2025\/08\/03\/troya-un-viaje-hacia-la-illiada-y-la-odisea\/#primaryimage"},"image":{"@id":"https:\/\/modoviajeok.com.ar\/index.php\/2025\/08\/03\/troya-un-viaje-hacia-la-illiada-y-la-odisea\/#primaryimage"},"thumbnailUrl":"https:\/\/modoviajeok.com.ar\/wp-content\/uploads\/2025\/07\/WhatsApp-Image-2025-07-28-at-12.57.31.jpeg","datePublished":"2025-08-03T13:14:22+00:00","dateModified":"2025-08-03T13:38:01+00:00","description":"En Turqu\u00eda se encuentra la ciudad m\u00edtica relatada por el poeta griego Homero. Em Canakkale est\u00e1 una de las r\u00e9plicas del caballo.","breadcrumb":{"@id":"https:\/\/modoviajeok.com.ar\/index.php\/2025\/08\/03\/troya-un-viaje-hacia-la-illiada-y-la-odisea\/#breadcrumb"},"inLanguage":"es","potentialAction":[{"@type":"ReadAction","target":["https:\/\/modoviajeok.com.ar\/index.php\/2025\/08\/03\/troya-un-viaje-hacia-la-illiada-y-la-odisea\/"]}]},{"@type":"ImageObject","inLanguage":"es","@id":"https:\/\/modoviajeok.com.ar\/index.php\/2025\/08\/03\/troya-un-viaje-hacia-la-illiada-y-la-odisea\/#primaryimage","url":"https:\/\/modoviajeok.com.ar\/wp-content\/uploads\/2025\/07\/WhatsApp-Image-2025-07-28-at-12.57.31.jpeg","contentUrl":"https:\/\/modoviajeok.com.ar\/wp-content\/uploads\/2025\/07\/WhatsApp-Image-2025-07-28-at-12.57.31.jpeg","width":1600,"height":1200},{"@type":"BreadcrumbList","@id":"https:\/\/modoviajeok.com.ar\/index.php\/2025\/08\/03\/troya-un-viaje-hacia-la-illiada-y-la-odisea\/#breadcrumb","itemListElement":[{"@type":"ListItem","position":1,"name":"Portada","item":"https:\/\/modoviajeok.com.ar\/"},{"@type":"ListItem","position":2,"name":"Troya, un viaje hacia La Ill\u00edada y La Odisea"}]},{"@type":"WebSite","@id":"https:\/\/modoviajeok.com.ar\/#website","url":"https:\/\/modoviajeok.com.ar\/","name":"ModoViajeOK","description":"","publisher":{"@id":"https:\/\/modoviajeok.com.ar\/#organization"},"potentialAction":[{"@type":"SearchAction","target":{"@type":"EntryPoint","urlTemplate":"https:\/\/modoviajeok.com.ar\/?s={search_term_string}"},"query-input":{"@type":"PropertyValueSpecification","valueRequired":true,"valueName":"search_term_string"}}],"inLanguage":"es"},{"@type":"Organization","@id":"https:\/\/modoviajeok.com.ar\/#organization","name":"ModoViajeOK","url":"https:\/\/modoviajeok.com.ar\/","logo":{"@type":"ImageObject","inLanguage":"es","@id":"https:\/\/modoviajeok.com.ar\/#\/schema\/logo\/image\/","url":"https:\/\/modoviajeok.com.ar\/wp-content\/uploads\/2025\/01\/Logo-modoviajeok.png","contentUrl":"https:\/\/modoviajeok.com.ar\/wp-content\/uploads\/2025\/01\/Logo-modoviajeok.png","width":2938,"height":2276,"caption":"ModoViajeOK"},"image":{"@id":"https:\/\/modoviajeok.com.ar\/#\/schema\/logo\/image\/"},"sameAs":["https:\/\/www.facebook.com\/mariana.otero1\/","https:\/\/www.instagram.com\/modoviaje.ok\/"]},{"@type":"Person","@id":"https:\/\/modoviajeok.com.ar\/#\/schema\/person\/1187013488537969db5b1320484d24f4","name":"Mariana Otero","image":{"@type":"ImageObject","inLanguage":"es","@id":"https:\/\/modoviajeok.com.ar\/#\/schema\/person\/image\/","url":"https:\/\/secure.gravatar.com\/avatar\/8a91a502a9336849a3500b9090c431bc1418f1d1263d893afeddba065f5add82?s=96&d=mm&r=g","contentUrl":"https:\/\/secure.gravatar.com\/avatar\/8a91a502a9336849a3500b9090c431bc1418f1d1263d893afeddba065f5add82?s=96&d=mm&r=g","caption":"Mariana Otero"},"url":"https:\/\/modoviajeok.com.ar\/index.php\/author\/mariana2025\/"}]}},"_links":{"self":[{"href":"https:\/\/modoviajeok.com.ar\/index.php\/wp-json\/wp\/v2\/posts\/4918","targetHints":{"allow":["GET"]}}],"collection":[{"href":"https:\/\/modoviajeok.com.ar\/index.php\/wp-json\/wp\/v2\/posts"}],"about":[{"href":"https:\/\/modoviajeok.com.ar\/index.php\/wp-json\/wp\/v2\/types\/post"}],"author":[{"embeddable":true,"href":"https:\/\/modoviajeok.com.ar\/index.php\/wp-json\/wp\/v2\/users\/2"}],"replies":[{"embeddable":true,"href":"https:\/\/modoviajeok.com.ar\/index.php\/wp-json\/wp\/v2\/comments?post=4918"}],"version-history":[{"count":2,"href":"https:\/\/modoviajeok.com.ar\/index.php\/wp-json\/wp\/v2\/posts\/4918\/revisions"}],"predecessor-version":[{"id":4937,"href":"https:\/\/modoviajeok.com.ar\/index.php\/wp-json\/wp\/v2\/posts\/4918\/revisions\/4937"}],"wp:featuredmedia":[{"embeddable":true,"href":"https:\/\/modoviajeok.com.ar\/index.php\/wp-json\/wp\/v2\/media\/4921"}],"wp:attachment":[{"href":"https:\/\/modoviajeok.com.ar\/index.php\/wp-json\/wp\/v2\/media?parent=4918"}],"wp:term":[{"taxonomy":"category","embeddable":true,"href":"https:\/\/modoviajeok.com.ar\/index.php\/wp-json\/wp\/v2\/categories?post=4918"},{"taxonomy":"post_tag","embeddable":true,"href":"https:\/\/modoviajeok.com.ar\/index.php\/wp-json\/wp\/v2\/tags?post=4918"}],"curies":[{"name":"wp","href":"https:\/\/api.w.org\/{rel}","templated":true}]}}